{"id":1535,"date":"2025-06-30T14:29:00","date_gmt":"2025-06-30T12:29:00","guid":{"rendered":"https:\/\/www.accidentdutravail-idf.net\/blog\/il-est-victime-dun-accident-en-transportant-une-vache-morte-sur-un-manitou-alors-quil-travaille-en-noir-dans-une-exploitation-de-welkenraedt\/"},"modified":"2025-06-30T14:29:00","modified_gmt":"2025-06-30T12:29:00","slug":"il-est-victime-dun-accident-en-transportant-une-vache-morte-sur-un-manitou-alors-quil-travaille-en-noir-dans-une-exploitation-de-welkenraedt","status":"publish","type":"post","link":"https:\/\/www.accidentdutravail-idf.net\/blog\/il-est-victime-dun-accident-en-transportant-une-vache-morte-sur-un-manitou-alors-quil-travaille-en-noir-dans-une-exploitation-de-welkenraedt\/","title":{"rendered":"Il est victime d&rsquo;un accident en transportant une vache morte sur un manitou alors qu&rsquo;il travaille en noir dans une exploitation de Welkenraedt"},"content":{"rendered":"<div><img decoding=\"async\" src=\"https:\/\/www.dhnet.be\/resizer\/v2\/XIB5X4UHNVFDNAA4YIZQSVOB6A.jpg?auth=cf0a60363b86a2c050e5a5664de7ef1cc194d7e952087831095bc6a31d4492ea&amp;width=1200&amp;height=630&amp;quality=85&amp;focal=540%2C360&amp;watermark=https%3A%2F%2Fcloudfront-eu-central-1.images.arcpublishing.com%2Fipmgroup%2FDZNGDE46VVGXRGHD3TEI5RB3GM.png%3A100%3A0%2C559\" class=\"ff-og-image-inserted\"><\/div>\n<p class=\"ap-StoryElement ap-StoryElement--mb ap-StoryText\">Le 15 d\u00e9cembre 2021, la police est intervenue \u00e0 la ferme apr\u00e8s un accident. Les policiers ont d\u00e9couvert un homme conscient coinc\u00e9 sous un manitou qui n&rsquo;\u00e9tait pas muni d&rsquo;une porte comme cela aurait d\u00fb \u00eatre le cas. Un engin sur lequel se trouvait une vache morte accroch\u00e9e \u00e0 la fourche\u2026<\/p>\n<p class=\"ap-StoryElement ap-StoryElement--mb ap-StoryText\">Le bras de la victime se trouvait entre son corps et le dessus de la cabine du manitou. La victime criait de douleur.<\/p>\n<p class=\"ap-StoryElement ap-StoryElement--mb ap-StoryText\">Le fermier a pr\u00e9tendu que l&rsquo;ouvrier, un homme en s\u00e9jour irr\u00e9gulier sur le territoire, venait effectuer des petits travaux de mani\u00e8re volontaire. Il a assur\u00e9 qu&rsquo;il ne le r\u00e9mun\u00e9rait pas et qu&rsquo;il n&rsquo;y avait donc pas de contrat de travail.<\/p>\n<p class=\"ap-StoryElement ap-StoryElement--mb ap-StoryText\">Il a expliqu\u00e9 qu&rsquo;il lui avait demand\u00e9 d&rsquo;\u00e9vacuer une carcasse de vache de l&rsquo;\u00e9table situ\u00e9e en contrebas mais lui aurait signal\u00e9 de ne pas utiliser le manitou car les lieux sont assez sinueux et donc dangereux avec ce genre de machine.<\/p>\n<h2 class=\"ap-Title ap-StoryElement\"><span>Mentir \u00e0 la police sous peine d&rsquo;\u00eatre rapatri\u00e9<\/span><\/h2>\n<p class=\"ap-StoryElement ap-StoryElement--mb ap-StoryText\">L&rsquo;accident a \u00e9t\u00e9 film\u00e9 par une cam\u00e9ra de surveillance. La victime se trouvait \u00e0 l&rsquo;int\u00e9rieur de la cabine. Il a tent\u00e9 de passer par un chemin boueux et rempli de trous. Au d\u00e9but de la mont\u00e9e, la victime a perdu le contr\u00f4le du manitou. L&rsquo;homme est tomb\u00e9 sur le c\u00f4t\u00e9 gauche et la cabine du manitou lui est tomb\u00e9e dessus.<\/p>\n<p class=\"ap-StoryElement ap-StoryElement--mb ap-StoryText\">Gr\u00e2ce aux images, les policiers ont pu d\u00e9couvrir que la victime travaillait \u00e0 l&rsquo;endroit depuis un moment. Mais aussi notamment d&rsquo;autres hommes, \u00e9galement en s\u00e9jour pr\u00e9caire ont \u00e9t\u00e9 occup\u00e9s \u00e0 l&rsquo;endroit.<\/p>\n<p class=\"ap-StoryElement ap-StoryElement--mb ap-StoryText\">La victime a d\u00e9clar\u00e9 que le fermier lui avait promis qu&rsquo;il obtiendrait 10 euros de l&rsquo;heure mais il n&rsquo;aurait re\u00e7u que 1 500 euros pour les 2 mois et 2 semaines de travail. Son employeur lui aurait demand\u00e9 de mentir \u00e0 la police sous peine d&rsquo;\u00eatre rapatri\u00e9 dans son pays d&rsquo;origine. Le tribunal a estim\u00e9 tous ces faits \u00e9tablis, mais a acquitt\u00e9 le fermier qui devait \u00e9galement r\u00e9pondre de traite et de trafic d&rsquo;\u00eatres humains en estimant qu&rsquo;il n&rsquo;\u00e9tait pas d\u00e9montr\u00e9 qu&rsquo;il se soit rendu coupable de tels actes.<\/p>\n<p>accidentdutravail-idf.net vous a pr\u00e9par\u00e9 ce post qui informe du sujet \u00ab\u00a0Association Sportive Huisson-Longueville Essonne\u00a0\u00bb. La chronique se veut g\u00e9n\u00e9r\u00e9e du mieux possible. Vous pouvez utiliser les coordonn\u00e9es indiqu\u00e9es sur le site dans le but d\u2019apporter des explications sur ce post qui parle du th\u00e8me \u00ab\u00a0Association Sportive Huisson-Longueville Essonne\u00a0\u00bb. Le site accidentdutravail-idf.net a pour but de fournir diverses publications sur la th\u00e9matique Association Sportive Huisson-Longueville Essonne diffus\u00e9es sur le net. Il y aura plusieurs articles autour du sujet \u00ab\u00a0Association Sportive Huisson-Longueville Essonne\u00a0\u00bb dans quelques jours, nous vous invitons \u00e0 naviguer sur notre site web \u00e0 plusieurs reprises.<\/p>\n","protected":false},"excerpt":{"rendered":"<p>Le 15 d\u00e9cembre 2021, la police est intervenue \u00e0 la ferme apr\u00e8s un accident. Les policiers ont d\u00e9couvert un homme conscient coinc\u00e9 sous un manitou qui n&rsquo;\u00e9tait pas muni d&rsquo;une porte comme cela aurait d\u00fb \u00eatre le cas. Un engin sur lequel se trouvait une vache morte accroch\u00e9e \u00e0 la fourche\u2026 Le bras de la &hellip; <\/p>\n<p class=\"link-more\"><a href=\"https:\/\/www.accidentdutravail-idf.net\/blog\/il-est-victime-dun-accident-en-transportant-une-vache-morte-sur-un-manitou-alors-quil-travaille-en-noir-dans-une-exploitation-de-welkenraedt\/\" class=\"more-link\">Continuer la lecture <span class=\"screen-reader-text\"> \u00ab\u00a0Il est victime d&rsquo;un accident en transportant une vache morte sur un manitou alors qu&rsquo;il travaille en noir dans une exploitation de Welkenraedt\u00a0\u00bb<\/span><\/a><\/p>\n","protected":false},"author":2,"featured_media":0,"comment_status":"closed","ping_status":"closed","sticky":false,"template":"","format":"standard","meta":{"footnotes":""},"categories":[5],"tags":[],"class_list":["post-1535","post","type-post","status-publish","format-standard","hentry","category-securite-du-travail-en-ile-de-france-et-divers","entry"],"yoast_head":"<!-- This site is optimized with the Yoast SEO plugin v27.5 - https:\/\/yoast.com\/product\/yoast-seo-wordpress\/ -->\n<title>Il est victime d&#039;un accident en transportant une vache morte sur un manitou alors qu&#039;il travaille en noir dans une exploitation de Welkenraedt - ACCIDENTDUTRAVAIL-IDF<\/title>\n<meta name=\"description\" content=\"Il est victime d&#039;un accident en transportant une vache morte sur un manitou alors qu&#039;il travaille en noir dans une exploitation de Welkenraedt article de ACCIDENTDUTRAVAIL-IDF\" \/>\n<meta name=\"robots\" content=\"index, follow, max-snippet:-1, max-image-preview:large, max-video-preview:-1\" \/>\n<link rel=\"canonical\" href=\"https:\/\/www.accidentdutravail-idf.net\/blog\/il-est-victime-dun-accident-en-transportant-une-vache-morte-sur-un-manitou-alors-quil-travaille-en-noir-dans-une-exploitation-de-welkenraedt\/\" \/>\n<meta property=\"og:locale\" content=\"fr_FR\" \/>\n<meta property=\"og:type\" content=\"article\" \/>\n<meta property=\"og:title\" content=\"Il est victime d&#039;un accident en transportant une vache morte sur un manitou alors qu&#039;il travaille en noir dans une exploitation de Welkenraedt - ACCIDENTDUTRAVAIL-IDF\" \/>\n<meta property=\"og:description\" content=\"Il est victime d&#039;un accident en transportant une vache morte sur un manitou alors qu&#039;il travaille en noir dans une exploitation de Welkenraedt article de ACCIDENTDUTRAVAIL-IDF\" \/>\n<meta property=\"og:url\" content=\"https:\/\/www.accidentdutravail-idf.net\/blog\/il-est-victime-dun-accident-en-transportant-une-vache-morte-sur-un-manitou-alors-quil-travaille-en-noir-dans-une-exploitation-de-welkenraedt\/\" \/>\n<meta property=\"og:site_name\" content=\"ACCIDENTDUTRAVAIL-IDF\" \/>\n<meta property=\"article:published_time\" content=\"2025-06-30T12:29:00+00:00\" \/>\n<meta property=\"og:image\" content=\"https:\/\/www.dhnet.be\/resizer\/v2\/XIB5X4UHNVFDNAA4YIZQSVOB6A.jpg?auth=cf0a60363b86a2c050e5a5664de7ef1cc194d7e952087831095bc6a31d4492ea&amp;width=1200&amp;height=630&amp;quality=85&amp;focal=540%2C360&amp;watermark=https%3A%2F%2Fcloudfront-eu-central-1.images.arcpublishing.com%2Fipmgroup%2FDZNGDE46VVGXRGHD3TEI5RB3GM.png%3A100%3A0%2C559\" \/>\n<meta name=\"author\" content=\"Carlos Poulain\" \/>\n<meta name=\"twitter:card\" content=\"summary_large_image\" \/>\n<meta name=\"twitter:label1\" content=\"\u00c9crit par\" \/>\n\t<meta name=\"twitter:data1\" content=\"Carlos Poulain\" \/>\n\t<meta name=\"twitter:label2\" content=\"Dur\u00e9e de lecture estim\u00e9e\" \/>\n\t<meta name=\"twitter:data2\" content=\"2 minutes\" \/>\n<script type=\"application\/ld+json\" class=\"yoast-schema-graph\">{\"@context\":\"https:\\\/\\\/schema.org\",\"@graph\":[{\"@type\":\"Article\",\"@id\":\"https:\\\/\\\/www.accidentdutravail-idf.net\\\/blog\\\/il-est-victime-dun-accident-en-transportant-une-vache-morte-sur-un-manitou-alors-quil-travaille-en-noir-dans-une-exploitation-de-welkenraedt\\\/#article\",\"isPartOf\":{\"@id\":\"https:\\\/\\\/www.accidentdutravail-idf.net\\\/blog\\\/il-est-victime-dun-accident-en-transportant-une-vache-morte-sur-un-manitou-alors-quil-travaille-en-noir-dans-une-exploitation-de-welkenraedt\\\/\"},\"author\":{\"name\":\"Carlos Poulain\",\"@id\":\"https:\\\/\\\/www.accidentdutravail-idf.net\\\/blog\\\/#\\\/schema\\\/person\\\/3255d2f970de45e64bd9201f38e7b947\"},\"headline\":\"Il est victime d&rsquo;un accident en transportant une vache morte sur un manitou alors qu&rsquo;il travaille en noir dans une exploitation de Welkenraedt\",\"datePublished\":\"2025-06-30T12:29:00+00:00\",\"mainEntityOfPage\":{\"@id\":\"https:\\\/\\\/www.accidentdutravail-idf.net\\\/blog\\\/il-est-victime-dun-accident-en-transportant-une-vache-morte-sur-un-manitou-alors-quil-travaille-en-noir-dans-une-exploitation-de-welkenraedt\\\/\"},\"wordCount\":492,\"publisher\":{\"@id\":\"https:\\\/\\\/www.accidentdutravail-idf.net\\\/blog\\\/#organization\"},\"image\":{\"@id\":\"https:\\\/\\\/www.accidentdutravail-idf.net\\\/blog\\\/il-est-victime-dun-accident-en-transportant-une-vache-morte-sur-un-manitou-alors-quil-travaille-en-noir-dans-une-exploitation-de-welkenraedt\\\/#primaryimage\"},\"thumbnailUrl\":\"https:\\\/\\\/www.dhnet.be\\\/resizer\\\/v2\\\/XIB5X4UHNVFDNAA4YIZQSVOB6A.jpg?auth=cf0a60363b86a2c050e5a5664de7ef1cc194d7e952087831095bc6a31d4492ea&amp;width=1200&amp;height=630&amp;quality=85&amp;focal=540%2C360&amp;watermark=https%3A%2F%2Fcloudfront-eu-central-1.images.arcpublishing.com%2Fipmgroup%2FDZNGDE46VVGXRGHD3TEI5RB3GM.png%3A100%3A0%2C559\",\"articleSection\":[\"S\u00e9curit\u00e9 Du Travail En Ile-De-France Et Divers:\"],\"inLanguage\":\"fr-FR\"},{\"@type\":\"WebPage\",\"@id\":\"https:\\\/\\\/www.accidentdutravail-idf.net\\\/blog\\\/il-est-victime-dun-accident-en-transportant-une-vache-morte-sur-un-manitou-alors-quil-travaille-en-noir-dans-une-exploitation-de-welkenraedt\\\/\",\"url\":\"https:\\\/\\\/www.accidentdutravail-idf.net\\\/blog\\\/il-est-victime-dun-accident-en-transportant-une-vache-morte-sur-un-manitou-alors-quil-travaille-en-noir-dans-une-exploitation-de-welkenraedt\\\/\",\"name\":\"Il est victime d'un accident en transportant une vache morte sur un manitou alors qu'il travaille en noir dans une exploitation de Welkenraedt - ACCIDENTDUTRAVAIL-IDF\",\"isPartOf\":{\"@id\":\"https:\\\/\\\/www.accidentdutravail-idf.net\\\/blog\\\/#website\"},\"primaryImageOfPage\":{\"@id\":\"https:\\\/\\\/www.accidentdutravail-idf.net\\\/blog\\\/il-est-victime-dun-accident-en-transportant-une-vache-morte-sur-un-manitou-alors-quil-travaille-en-noir-dans-une-exploitation-de-welkenraedt\\\/#primaryimage\"},\"image\":{\"@id\":\"https:\\\/\\\/www.accidentdutravail-idf.net\\\/blog\\\/il-est-victime-dun-accident-en-transportant-une-vache-morte-sur-un-manitou-alors-quil-travaille-en-noir-dans-une-exploitation-de-welkenraedt\\\/#primaryimage\"},\"thumbnailUrl\":\"https:\\\/\\\/www.dhnet.be\\\/resizer\\\/v2\\\/XIB5X4UHNVFDNAA4YIZQSVOB6A.jpg?auth=cf0a60363b86a2c050e5a5664de7ef1cc194d7e952087831095bc6a31d4492ea&amp;width=1200&amp;height=630&amp;quality=85&amp;focal=540%2C360&amp;watermark=https%3A%2F%2Fcloudfront-eu-central-1.images.arcpublishing.com%2Fipmgroup%2FDZNGDE46VVGXRGHD3TEI5RB3GM.png%3A100%3A0%2C559\",\"datePublished\":\"2025-06-30T12:29:00+00:00\",\"description\":\"Il est victime d'un accident en transportant une vache morte sur un manitou alors qu'il travaille en noir dans une exploitation de Welkenraedt article de ACCIDENTDUTRAVAIL-IDF\",\"breadcrumb\":{\"@id\":\"https:\\\/\\\/www.accidentdutravail-idf.net\\\/blog\\\/il-est-victime-dun-accident-en-transportant-une-vache-morte-sur-un-manitou-alors-quil-travaille-en-noir-dans-une-exploitation-de-welkenraedt\\\/#breadcrumb\"},\"inLanguage\":\"fr-FR\",\"potentialAction\":[{\"@type\":\"ReadAction\",\"target\":[\"https:\\\/\\\/www.accidentdutravail-idf.net\\\/blog\\\/il-est-victime-dun-accident-en-transportant-une-vache-morte-sur-un-manitou-alors-quil-travaille-en-noir-dans-une-exploitation-de-welkenraedt\\\/\"]}]},{\"@type\":\"ImageObject\",\"inLanguage\":\"fr-FR\",\"@id\":\"https:\\\/\\\/www.accidentdutravail-idf.net\\\/blog\\\/il-est-victime-dun-accident-en-transportant-une-vache-morte-sur-un-manitou-alors-quil-travaille-en-noir-dans-une-exploitation-de-welkenraedt\\\/#primaryimage\",\"url\":\"https:\\\/\\\/www.dhnet.be\\\/resizer\\\/v2\\\/XIB5X4UHNVFDNAA4YIZQSVOB6A.jpg?auth=cf0a60363b86a2c050e5a5664de7ef1cc194d7e952087831095bc6a31d4492ea&amp;width=1200&amp;height=630&amp;quality=85&amp;focal=540%2C360&amp;watermark=https%3A%2F%2Fcloudfront-eu-central-1.images.arcpublishing.com%2Fipmgroup%2FDZNGDE46VVGXRGHD3TEI5RB3GM.png%3A100%3A0%2C559\",\"contentUrl\":\"https:\\\/\\\/www.dhnet.be\\\/resizer\\\/v2\\\/XIB5X4UHNVFDNAA4YIZQSVOB6A.jpg?auth=cf0a60363b86a2c050e5a5664de7ef1cc194d7e952087831095bc6a31d4492ea&amp;width=1200&amp;height=630&amp;quality=85&amp;focal=540%2C360&amp;watermark=https%3A%2F%2Fcloudfront-eu-central-1.images.arcpublishing.com%2Fipmgroup%2FDZNGDE46VVGXRGHD3TEI5RB3GM.png%3A100%3A0%2C559\"},{\"@type\":\"BreadcrumbList\",\"@id\":\"https:\\\/\\\/www.accidentdutravail-idf.net\\\/blog\\\/il-est-victime-dun-accident-en-transportant-une-vache-morte-sur-un-manitou-alors-quil-travaille-en-noir-dans-une-exploitation-de-welkenraedt\\\/#breadcrumb\",\"itemListElement\":[{\"@type\":\"ListItem\",\"position\":1,\"name\":\"Accueil\",\"item\":\"https:\\\/\\\/www.accidentdutravail-idf.net\\\/blog\\\/\"},{\"@type\":\"ListItem\",\"position\":2,\"name\":\"Il est victime d&rsquo;un accident en transportant une vache morte sur un manitou alors qu&rsquo;il travaille en noir dans une exploitation de Welkenraedt\"}]},{\"@type\":\"WebSite\",\"@id\":\"https:\\\/\\\/www.accidentdutravail-idf.net\\\/blog\\\/#website\",\"url\":\"https:\\\/\\\/www.accidentdutravail-idf.net\\\/blog\\\/\",\"name\":\"ACCIDENTDUTRAVAIL-IDF\",\"description\":\"Portail accidents du travail-maladies professionnelles des entreprises d&#039;Ile-de-France\",\"publisher\":{\"@id\":\"https:\\\/\\\/www.accidentdutravail-idf.net\\\/blog\\\/#organization\"},\"potentialAction\":[{\"@type\":\"SearchAction\",\"target\":{\"@type\":\"EntryPoint\",\"urlTemplate\":\"https:\\\/\\\/www.accidentdutravail-idf.net\\\/blog\\\/?s={search_term_string}\"},\"query-input\":{\"@type\":\"PropertyValueSpecification\",\"valueRequired\":true,\"valueName\":\"search_term_string\"}}],\"inLanguage\":\"fr-FR\"},{\"@type\":\"Organization\",\"@id\":\"https:\\\/\\\/www.accidentdutravail-idf.net\\\/blog\\\/#organization\",\"name\":\"accidentdutravail-idf\",\"url\":\"https:\\\/\\\/www.accidentdutravail-idf.net\\\/blog\\\/\",\"logo\":{\"@type\":\"ImageObject\",\"inLanguage\":\"fr-FR\",\"@id\":\"https:\\\/\\\/www.accidentdutravail-idf.net\\\/blog\\\/#\\\/schema\\\/logo\\\/image\\\/\",\"url\":\"https:\\\/\\\/www.accidentdutravail-idf.net\\\/blog\\\/wp-content\\\/uploads\\\/2022\\\/09\\\/logo-2.png\",\"contentUrl\":\"https:\\\/\\\/www.accidentdutravail-idf.net\\\/blog\\\/wp-content\\\/uploads\\\/2022\\\/09\\\/logo-2.png\",\"width\":380,\"height\":291,\"caption\":\"accidentdutravail-idf\"},\"image\":{\"@id\":\"https:\\\/\\\/www.accidentdutravail-idf.net\\\/blog\\\/#\\\/schema\\\/logo\\\/image\\\/\"}},{\"@type\":\"Person\",\"@id\":\"https:\\\/\\\/www.accidentdutravail-idf.net\\\/blog\\\/#\\\/schema\\\/person\\\/3255d2f970de45e64bd9201f38e7b947\",\"name\":\"Carlos Poulain\",\"image\":{\"@type\":\"ImageObject\",\"inLanguage\":\"fr-FR\",\"@id\":\"https:\\\/\\\/secure.gravatar.com\\\/avatar\\\/b1c2f9d3588e34e91adb093635df64ef4b2381991216be7576466cfcdca4baf3?s=96&d=mm&r=g\",\"url\":\"https:\\\/\\\/secure.gravatar.com\\\/avatar\\\/b1c2f9d3588e34e91adb093635df64ef4b2381991216be7576466cfcdca4baf3?s=96&d=mm&r=g\",\"contentUrl\":\"https:\\\/\\\/secure.gravatar.com\\\/avatar\\\/b1c2f9d3588e34e91adb093635df64ef4b2381991216be7576466cfcdca4baf3?s=96&d=mm&r=g\",\"caption\":\"Carlos Poulain\"},\"url\":\"https:\\\/\\\/www.accidentdutravail-idf.net\\\/blog\\\/author\\\/idfcarlos\\\/\"}]}<\/script>\n<!-- \/ Yoast SEO plugin. -->","yoast_head_json":{"title":"Il est victime d'un accident en transportant une vache morte sur un manitou alors qu'il travaille en noir dans une exploitation de Welkenraedt - ACCIDENTDUTRAVAIL-IDF","description":"Il est victime d'un accident en transportant une vache morte sur un manitou alors qu'il travaille en noir dans une exploitation de Welkenraedt article de ACCIDENTDUTRAVAIL-IDF","robots":{"index":"index","follow":"follow","max-snippet":"max-snippet:-1","max-image-preview":"max-image-preview:large","max-video-preview":"max-video-preview:-1"},"canonical":"https:\/\/www.accidentdutravail-idf.net\/blog\/il-est-victime-dun-accident-en-transportant-une-vache-morte-sur-un-manitou-alors-quil-travaille-en-noir-dans-une-exploitation-de-welkenraedt\/","og_locale":"fr_FR","og_type":"article","og_title":"Il est victime d'un accident en transportant une vache morte sur un manitou alors qu'il travaille en noir dans une exploitation de Welkenraedt - ACCIDENTDUTRAVAIL-IDF","og_description":"Il est victime d'un accident en transportant une vache morte sur un manitou alors qu'il travaille en noir dans une exploitation de Welkenraedt article de ACCIDENTDUTRAVAIL-IDF","og_url":"https:\/\/www.accidentdutravail-idf.net\/blog\/il-est-victime-dun-accident-en-transportant-une-vache-morte-sur-un-manitou-alors-quil-travaille-en-noir-dans-une-exploitation-de-welkenraedt\/","og_site_name":"ACCIDENTDUTRAVAIL-IDF","article_published_time":"2025-06-30T12:29:00+00:00","og_image":[{"url":"https:\/\/www.dhnet.be\/resizer\/v2\/XIB5X4UHNVFDNAA4YIZQSVOB6A.jpg?auth=cf0a60363b86a2c050e5a5664de7ef1cc194d7e952087831095bc6a31d4492ea&amp;width=1200&amp;height=630&amp;quality=85&amp;focal=540%2C360&amp;watermark=https%3A%2F%2Fcloudfront-eu-central-1.images.arcpublishing.com%2Fipmgroup%2FDZNGDE46VVGXRGHD3TEI5RB3GM.png%3A100%3A0%2C559","type":"","width":"","height":""}],"author":"Carlos Poulain","twitter_card":"summary_large_image","twitter_misc":{"\u00c9crit par":"Carlos Poulain","Dur\u00e9e de lecture estim\u00e9e":"2 minutes"},"schema":{"@context":"https:\/\/schema.org","@graph":[{"@type":"Article","@id":"https:\/\/www.accidentdutravail-idf.net\/blog\/il-est-victime-dun-accident-en-transportant-une-vache-morte-sur-un-manitou-alors-quil-travaille-en-noir-dans-une-exploitation-de-welkenraedt\/#article","isPartOf":{"@id":"https:\/\/www.accidentdutravail-idf.net\/blog\/il-est-victime-dun-accident-en-transportant-une-vache-morte-sur-un-manitou-alors-quil-travaille-en-noir-dans-une-exploitation-de-welkenraedt\/"},"author":{"name":"Carlos Poulain","@id":"https:\/\/www.accidentdutravail-idf.net\/blog\/#\/schema\/person\/3255d2f970de45e64bd9201f38e7b947"},"headline":"Il est victime d&rsquo;un accident en transportant une vache morte sur un manitou alors qu&rsquo;il travaille en noir dans une exploitation de Welkenraedt","datePublished":"2025-06-30T12:29:00+00:00","mainEntityOfPage":{"@id":"https:\/\/www.accidentdutravail-idf.net\/blog\/il-est-victime-dun-accident-en-transportant-une-vache-morte-sur-un-manitou-alors-quil-travaille-en-noir-dans-une-exploitation-de-welkenraedt\/"},"wordCount":492,"publisher":{"@id":"https:\/\/www.accidentdutravail-idf.net\/blog\/#organization"},"image":{"@id":"https:\/\/www.accidentdutravail-idf.net\/blog\/il-est-victime-dun-accident-en-transportant-une-vache-morte-sur-un-manitou-alors-quil-travaille-en-noir-dans-une-exploitation-de-welkenraedt\/#primaryimage"},"thumbnailUrl":"https:\/\/www.dhnet.be\/resizer\/v2\/XIB5X4UHNVFDNAA4YIZQSVOB6A.jpg?auth=cf0a60363b86a2c050e5a5664de7ef1cc194d7e952087831095bc6a31d4492ea&amp;width=1200&amp;height=630&amp;quality=85&amp;focal=540%2C360&amp;watermark=https%3A%2F%2Fcloudfront-eu-central-1.images.arcpublishing.com%2Fipmgroup%2FDZNGDE46VVGXRGHD3TEI5RB3GM.png%3A100%3A0%2C559","articleSection":["S\u00e9curit\u00e9 Du Travail En Ile-De-France Et Divers:"],"inLanguage":"fr-FR"},{"@type":"WebPage","@id":"https:\/\/www.accidentdutravail-idf.net\/blog\/il-est-victime-dun-accident-en-transportant-une-vache-morte-sur-un-manitou-alors-quil-travaille-en-noir-dans-une-exploitation-de-welkenraedt\/","url":"https:\/\/www.accidentdutravail-idf.net\/blog\/il-est-victime-dun-accident-en-transportant-une-vache-morte-sur-un-manitou-alors-quil-travaille-en-noir-dans-une-exploitation-de-welkenraedt\/","name":"Il est victime d'un accident en transportant une vache morte sur un manitou alors qu'il travaille en noir dans une exploitation de Welkenraedt - ACCIDENTDUTRAVAIL-IDF","isPartOf":{"@id":"https:\/\/www.accidentdutravail-idf.net\/blog\/#website"},"primaryImageOfPage":{"@id":"https:\/\/www.accidentdutravail-idf.net\/blog\/il-est-victime-dun-accident-en-transportant-une-vache-morte-sur-un-manitou-alors-quil-travaille-en-noir-dans-une-exploitation-de-welkenraedt\/#primaryimage"},"image":{"@id":"https:\/\/www.accidentdutravail-idf.net\/blog\/il-est-victime-dun-accident-en-transportant-une-vache-morte-sur-un-manitou-alors-quil-travaille-en-noir-dans-une-exploitation-de-welkenraedt\/#primaryimage"},"thumbnailUrl":"https:\/\/www.dhnet.be\/resizer\/v2\/XIB5X4UHNVFDNAA4YIZQSVOB6A.jpg?auth=cf0a60363b86a2c050e5a5664de7ef1cc194d7e952087831095bc6a31d4492ea&amp;width=1200&amp;height=630&amp;quality=85&amp;focal=540%2C360&amp;watermark=https%3A%2F%2Fcloudfront-eu-central-1.images.arcpublishing.com%2Fipmgroup%2FDZNGDE46VVGXRGHD3TEI5RB3GM.png%3A100%3A0%2C559","datePublished":"2025-06-30T12:29:00+00:00","description":"Il est victime d'un accident en transportant une vache morte sur un manitou alors qu'il travaille en noir dans une exploitation de Welkenraedt article de ACCIDENTDUTRAVAIL-IDF","breadcrumb":{"@id":"https:\/\/www.accidentdutravail-idf.net\/blog\/il-est-victime-dun-accident-en-transportant-une-vache-morte-sur-un-manitou-alors-quil-travaille-en-noir-dans-une-exploitation-de-welkenraedt\/#breadcrumb"},"inLanguage":"fr-FR","potentialAction":[{"@type":"ReadAction","target":["https:\/\/www.accidentdutravail-idf.net\/blog\/il-est-victime-dun-accident-en-transportant-une-vache-morte-sur-un-manitou-alors-quil-travaille-en-noir-dans-une-exploitation-de-welkenraedt\/"]}]},{"@type":"ImageObject","inLanguage":"fr-FR","@id":"https:\/\/www.accidentdutravail-idf.net\/blog\/il-est-victime-dun-accident-en-transportant-une-vache-morte-sur-un-manitou-alors-quil-travaille-en-noir-dans-une-exploitation-de-welkenraedt\/#primaryimage","url":"https:\/\/www.dhnet.be\/resizer\/v2\/XIB5X4UHNVFDNAA4YIZQSVOB6A.jpg?auth=cf0a60363b86a2c050e5a5664de7ef1cc194d7e952087831095bc6a31d4492ea&amp;width=1200&amp;height=630&amp;quality=85&amp;focal=540%2C360&amp;watermark=https%3A%2F%2Fcloudfront-eu-central-1.images.arcpublishing.com%2Fipmgroup%2FDZNGDE46VVGXRGHD3TEI5RB3GM.png%3A100%3A0%2C559","contentUrl":"https:\/\/www.dhnet.be\/resizer\/v2\/XIB5X4UHNVFDNAA4YIZQSVOB6A.jpg?auth=cf0a60363b86a2c050e5a5664de7ef1cc194d7e952087831095bc6a31d4492ea&amp;width=1200&amp;height=630&amp;quality=85&amp;focal=540%2C360&amp;watermark=https%3A%2F%2Fcloudfront-eu-central-1.images.arcpublishing.com%2Fipmgroup%2FDZNGDE46VVGXRGHD3TEI5RB3GM.png%3A100%3A0%2C559"},{"@type":"BreadcrumbList","@id":"https:\/\/www.accidentdutravail-idf.net\/blog\/il-est-victime-dun-accident-en-transportant-une-vache-morte-sur-un-manitou-alors-quil-travaille-en-noir-dans-une-exploitation-de-welkenraedt\/#breadcrumb","itemListElement":[{"@type":"ListItem","position":1,"name":"Accueil","item":"https:\/\/www.accidentdutravail-idf.net\/blog\/"},{"@type":"ListItem","position":2,"name":"Il est victime d&rsquo;un accident en transportant une vache morte sur un manitou alors qu&rsquo;il travaille en noir dans une exploitation de Welkenraedt"}]},{"@type":"WebSite","@id":"https:\/\/www.accidentdutravail-idf.net\/blog\/#website","url":"https:\/\/www.accidentdutravail-idf.net\/blog\/","name":"ACCIDENTDUTRAVAIL-IDF","description":"Portail accidents du travail-maladies professionnelles des entreprises d&#039;Ile-de-France","publisher":{"@id":"https:\/\/www.accidentdutravail-idf.net\/blog\/#organization"},"potentialAction":[{"@type":"SearchAction","target":{"@type":"EntryPoint","urlTemplate":"https:\/\/www.accidentdutravail-idf.net\/blog\/?s={search_term_string}"},"query-input":{"@type":"PropertyValueSpecification","valueRequired":true,"valueName":"search_term_string"}}],"inLanguage":"fr-FR"},{"@type":"Organization","@id":"https:\/\/www.accidentdutravail-idf.net\/blog\/#organization","name":"accidentdutravail-idf","url":"https:\/\/www.accidentdutravail-idf.net\/blog\/","logo":{"@type":"ImageObject","inLanguage":"fr-FR","@id":"https:\/\/www.accidentdutravail-idf.net\/blog\/#\/schema\/logo\/image\/","url":"https:\/\/www.accidentdutravail-idf.net\/blog\/wp-content\/uploads\/2022\/09\/logo-2.png","contentUrl":"https:\/\/www.accidentdutravail-idf.net\/blog\/wp-content\/uploads\/2022\/09\/logo-2.png","width":380,"height":291,"caption":"accidentdutravail-idf"},"image":{"@id":"https:\/\/www.accidentdutravail-idf.net\/blog\/#\/schema\/logo\/image\/"}},{"@type":"Person","@id":"https:\/\/www.accidentdutravail-idf.net\/blog\/#\/schema\/person\/3255d2f970de45e64bd9201f38e7b947","name":"Carlos Poulain","image":{"@type":"ImageObject","inLanguage":"fr-FR","@id":"https:\/\/secure.gravatar.com\/avatar\/b1c2f9d3588e34e91adb093635df64ef4b2381991216be7576466cfcdca4baf3?s=96&d=mm&r=g","url":"https:\/\/secure.gravatar.com\/avatar\/b1c2f9d3588e34e91adb093635df64ef4b2381991216be7576466cfcdca4baf3?s=96&d=mm&r=g","contentUrl":"https:\/\/secure.gravatar.com\/avatar\/b1c2f9d3588e34e91adb093635df64ef4b2381991216be7576466cfcdca4baf3?s=96&d=mm&r=g","caption":"Carlos Poulain"},"url":"https:\/\/www.accidentdutravail-idf.net\/blog\/author\/idfcarlos\/"}]}},"_links":{"self":[{"href":"https:\/\/www.accidentdutravail-idf.net\/blog\/wp-json\/wp\/v2\/posts\/1535","targetHints":{"allow":["GET"]}}],"collection":[{"href":"https:\/\/www.accidentdutravail-idf.net\/blog\/wp-json\/wp\/v2\/posts"}],"about":[{"href":"https:\/\/www.accidentdutravail-idf.net\/blog\/wp-json\/wp\/v2\/types\/post"}],"author":[{"embeddable":true,"href":"https:\/\/www.accidentdutravail-idf.net\/blog\/wp-json\/wp\/v2\/users\/2"}],"replies":[{"embeddable":true,"href":"https:\/\/www.accidentdutravail-idf.net\/blog\/wp-json\/wp\/v2\/comments?post=1535"}],"version-history":[{"count":0,"href":"https:\/\/www.accidentdutravail-idf.net\/blog\/wp-json\/wp\/v2\/posts\/1535\/revisions"}],"wp:attachment":[{"href":"https:\/\/www.accidentdutravail-idf.net\/blog\/wp-json\/wp\/v2\/media?parent=1535"}],"wp:term":[{"taxonomy":"category","embeddable":true,"href":"https:\/\/www.accidentdutravail-idf.net\/blog\/wp-json\/wp\/v2\/categories?post=1535"},{"taxonomy":"post_tag","embeddable":true,"href":"https:\/\/www.accidentdutravail-idf.net\/blog\/wp-json\/wp\/v2\/tags?post=1535"}],"curies":[{"name":"wp","href":"https:\/\/api.w.org\/{rel}","templated":true}]}}