{"id":1529,"date":"2025-06-25T23:35:00","date_gmt":"2025-06-25T21:35:00","guid":{"rendered":"https:\/\/www.accidentdutravail-idf.net\/blog\/sante-mentale-le-nombre-de-cas-lies-au-travail-atteint-un-niveau-record-au-japon\/"},"modified":"2025-06-25T23:35:00","modified_gmt":"2025-06-25T21:35:00","slug":"sante-mentale-le-nombre-de-cas-lies-au-travail-atteint-un-niveau-record-au-japon","status":"publish","type":"post","link":"https:\/\/www.accidentdutravail-idf.net\/blog\/sante-mentale-le-nombre-de-cas-lies-au-travail-atteint-un-niveau-record-au-japon\/","title":{"rendered":"Sant\u00e9 mentale : le nombre de cas li\u00e9s au travail atteint un niveau record au Japon"},"content":{"rendered":"<div><img decoding=\"async\" src=\"https:\/\/www.accidentdutravail-idf.net\/blog\/wp-content\/uploads\/2025\/06\/sante-mentale-le-nombre-de-cas-lies-au-travail-atteint-un-niveau-record-au-japon.jpg\" class=\"ff-og-image-inserted\"><\/div>\n<div class=\"p-article__body\">\n<p>Le minist\u00e8re japonais de la Sant\u00e9 a d\u00e9clar\u00e9 que le nombre de personnes susceptibles de recevoir une indemnisation en raison de probl\u00e8mes de sant\u00e9 mentale li\u00e9s au travail avait atteint un niveau record l&rsquo;ann\u00e9e derni\u00e8re. <\/p>\n<p>L&rsquo;enqu\u00eate du minist\u00e8re montre que 1055 cas ont \u00e9t\u00e9 victimes de d\u00e9pression et d&rsquo;autres maladies mentales en raison d&rsquo;un stress extr\u00eame pour l&rsquo;exercice fiscal qui s&rsquo;est termin\u00e9 en mars 2025. Ce chiffre est en hausse de 172 par rapport \u00e0 l&rsquo;ann\u00e9e pr\u00e9c\u00e9dente. <\/p>\n<p>Le nombre a \u00e9galement d\u00e9pass\u00e9 les 1000 pour la premi\u00e8re fois, marquant ainsi un record pour la sixi\u00e8me ann\u00e9e cons\u00e9cutive. <\/p>\n<p>Le dernier chiffre comprend \u00e9galement 88 cas de suicide et de tentatives de suicide, soit neuf de plus que l&rsquo;ann\u00e9e pr\u00e9c\u00e9dente. <\/p>\n<p>La principale raison invoqu\u00e9e pour expliquer les probl\u00e8mes de sant\u00e9 mentale li\u00e9s au travail \u00e9tait l\u2019abus d\u2019autorit\u00e9 de la part des sup\u00e9rieurs hi\u00e9rarchiques et autres, avec 224 cas. Vient ensuite l&rsquo;incapacit\u00e9 \u00e0 s&rsquo;adapter aux changements de contenu ou de volume de travail, avec 119 cas. Le harc\u00e8lement de la part des clients a \u00e9t\u00e9 cit\u00e9 par 108 personnes, tandis que 105 personnes ont mentionn\u00e9 le harc\u00e8lement sexuel. <\/p>\n<p>L&rsquo;enqu\u00eate a \u00e9galement r\u00e9v\u00e9l\u00e9 que 241 cas d&rsquo;accidents du travail tels que des h\u00e9morragies c\u00e9r\u00e9brales, infarctus du myocarde et autres maladies graves, caus\u00e9es par une charge de travail excessive, ont \u00e9t\u00e9 indemnis\u00e9s. Ce chiffre a augment\u00e9 de 25 par rapport \u00e0 l&rsquo;ann\u00e9e pr\u00e9c\u00e9dente. Sur ce total, 67 personnes sont d\u00e9c\u00e9d\u00e9es, soit une augmentation de neuf. <\/p>\n<p>Les responsables du minist\u00e8re indiquent qu&rsquo;un nombre croissant de personnes semblent subir un stress important en raison de leurs relations professionnelles et de l&rsquo;\u00e9volution des conditions de travail. Ils affirment qu&rsquo;ils continueront de d\u00e9ployer des efforts pour pr\u00e9venir le surmenage et le harc\u00e8lement au travail.<\/p>\n<\/p><\/div>\n<p> accidentdutravail-idf.net vous a pr\u00e9par\u00e9 ce post qui informe du sujet \u00ab\u00a0Association Sportive Huisson-Longueville Essonne\u00a0\u00bb. La chronique se veut g\u00e9n\u00e9r\u00e9e du mieux possible. Vous pouvez utiliser les coordonn\u00e9es indiqu\u00e9es sur le site dans le but d\u2019apporter des explications sur ce post qui parle du th\u00e8me \u00ab\u00a0Association Sportive Huisson-Longueville Essonne\u00a0\u00bb. Le site accidentdutravail-idf.net a pour but de fournir diverses publications sur la th\u00e9matique Association Sportive Huisson-Longueville Essonne diffus\u00e9es sur le net. Il y aura plusieurs articles autour du sujet \u00ab\u00a0Association Sportive Huisson-Longueville Essonne\u00a0\u00bb dans quelques jours, nous vous invitons \u00e0 naviguer sur notre site web \u00e0 plusieurs reprises.<\/p>\n","protected":false},"excerpt":{"rendered":"<p>Le minist\u00e8re japonais de la Sant\u00e9 a d\u00e9clar\u00e9 que le nombre de personnes susceptibles de recevoir une indemnisation en raison de probl\u00e8mes de sant\u00e9 mentale li\u00e9s au travail avait atteint un niveau record l&rsquo;ann\u00e9e derni\u00e8re. L&rsquo;enqu\u00eate du minist\u00e8re montre que 1055 cas ont \u00e9t\u00e9 victimes de d\u00e9pression et d&rsquo;autres maladies mentales en raison d&rsquo;un stress &hellip; <\/p>\n<p class=\"link-more\"><a href=\"https:\/\/www.accidentdutravail-idf.net\/blog\/sante-mentale-le-nombre-de-cas-lies-au-travail-atteint-un-niveau-record-au-japon\/\" class=\"more-link\">Continuer la lecture <span class=\"screen-reader-text\"> \u00ab\u00a0Sant\u00e9 mentale : le nombre de cas li\u00e9s au travail atteint un niveau record au Japon\u00a0\u00bb<\/span><\/a><\/p>\n","protected":false},"author":2,"featured_media":0,"comment_status":"closed","ping_status":"closed","sticky":false,"template":"","format":"standard","meta":{"footnotes":""},"categories":[5],"tags":[],"class_list":["post-1529","post","type-post","status-publish","format-standard","hentry","category-securite-du-travail-en-ile-de-france-et-divers","entry"],"yoast_head":"<!-- This site is optimized with the Yoast SEO plugin v27.5 - https:\/\/yoast.com\/product\/yoast-seo-wordpress\/ -->\n<title>Sant\u00e9 mentale : le nombre de cas li\u00e9s au travail atteint un niveau record au Japon - ACCIDENTDUTRAVAIL-IDF<\/title>\n<meta name=\"description\" content=\"Sant\u00e9 mentale : le nombre de cas li\u00e9s au travail atteint un niveau record au Japon article de ACCIDENTDUTRAVAIL-IDF\" \/>\n<meta name=\"robots\" content=\"index, follow, max-snippet:-1, max-image-preview:large, max-video-preview:-1\" \/>\n<link rel=\"canonical\" href=\"https:\/\/www.accidentdutravail-idf.net\/blog\/sante-mentale-le-nombre-de-cas-lies-au-travail-atteint-un-niveau-record-au-japon\/\" \/>\n<meta property=\"og:locale\" content=\"fr_FR\" \/>\n<meta property=\"og:type\" content=\"article\" \/>\n<meta property=\"og:title\" content=\"Sant\u00e9 mentale : le nombre de cas li\u00e9s au travail atteint un niveau record au Japon - ACCIDENTDUTRAVAIL-IDF\" \/>\n<meta property=\"og:description\" content=\"Sant\u00e9 mentale : le nombre de cas li\u00e9s au travail atteint un niveau record au Japon article de ACCIDENTDUTRAVAIL-IDF\" \/>\n<meta property=\"og:url\" content=\"https:\/\/www.accidentdutravail-idf.net\/blog\/sante-mentale-le-nombre-de-cas-lies-au-travail-atteint-un-niveau-record-au-japon\/\" \/>\n<meta property=\"og:site_name\" content=\"ACCIDENTDUTRAVAIL-IDF\" \/>\n<meta property=\"article:published_time\" content=\"2025-06-25T21:35:00+00:00\" \/>\n<meta property=\"og:image\" content=\"https:\/\/www.accidentdutravail-idf.net\/blog\/wp-content\/uploads\/2025\/06\/sante-mentale-le-nombre-de-cas-lies-au-travail-atteint-un-niveau-record-au-japon.jpg\" \/>\n<meta name=\"author\" content=\"Carlos Poulain\" \/>\n<meta name=\"twitter:card\" content=\"summary_large_image\" \/>\n<meta name=\"twitter:label1\" content=\"\u00c9crit par\" \/>\n\t<meta name=\"twitter:data1\" content=\"Carlos Poulain\" \/>\n\t<meta name=\"twitter:label2\" content=\"Dur\u00e9e de lecture estim\u00e9e\" \/>\n\t<meta name=\"twitter:data2\" content=\"2 minutes\" \/>\n<script type=\"application\/ld+json\" class=\"yoast-schema-graph\">{\"@context\":\"https:\\\/\\\/schema.org\",\"@graph\":[{\"@type\":\"Article\",\"@id\":\"https:\\\/\\\/www.accidentdutravail-idf.net\\\/blog\\\/sante-mentale-le-nombre-de-cas-lies-au-travail-atteint-un-niveau-record-au-japon\\\/#article\",\"isPartOf\":{\"@id\":\"https:\\\/\\\/www.accidentdutravail-idf.net\\\/blog\\\/sante-mentale-le-nombre-de-cas-lies-au-travail-atteint-un-niveau-record-au-japon\\\/\"},\"author\":{\"name\":\"Carlos Poulain\",\"@id\":\"https:\\\/\\\/www.accidentdutravail-idf.net\\\/blog\\\/#\\\/schema\\\/person\\\/3255d2f970de45e64bd9201f38e7b947\"},\"headline\":\"Sant\u00e9 mentale : le nombre de cas li\u00e9s au travail atteint un niveau record au Japon\",\"datePublished\":\"2025-06-25T21:35:00+00:00\",\"mainEntityOfPage\":{\"@id\":\"https:\\\/\\\/www.accidentdutravail-idf.net\\\/blog\\\/sante-mentale-le-nombre-de-cas-lies-au-travail-atteint-un-niveau-record-au-japon\\\/\"},\"wordCount\":441,\"publisher\":{\"@id\":\"https:\\\/\\\/www.accidentdutravail-idf.net\\\/blog\\\/#organization\"},\"image\":{\"@id\":\"https:\\\/\\\/www.accidentdutravail-idf.net\\\/blog\\\/sante-mentale-le-nombre-de-cas-lies-au-travail-atteint-un-niveau-record-au-japon\\\/#primaryimage\"},\"thumbnailUrl\":\"https:\\\/\\\/www.accidentdutravail-idf.net\\\/blog\\\/wp-content\\\/uploads\\\/2025\\\/06\\\/sante-mentale-le-nombre-de-cas-lies-au-travail-atteint-un-niveau-record-au-japon.jpg\",\"articleSection\":[\"S\u00e9curit\u00e9 Du Travail En Ile-De-France Et Divers:\"],\"inLanguage\":\"fr-FR\"},{\"@type\":\"WebPage\",\"@id\":\"https:\\\/\\\/www.accidentdutravail-idf.net\\\/blog\\\/sante-mentale-le-nombre-de-cas-lies-au-travail-atteint-un-niveau-record-au-japon\\\/\",\"url\":\"https:\\\/\\\/www.accidentdutravail-idf.net\\\/blog\\\/sante-mentale-le-nombre-de-cas-lies-au-travail-atteint-un-niveau-record-au-japon\\\/\",\"name\":\"Sant\u00e9 mentale : le nombre de cas li\u00e9s au travail atteint un niveau record au Japon - ACCIDENTDUTRAVAIL-IDF\",\"isPartOf\":{\"@id\":\"https:\\\/\\\/www.accidentdutravail-idf.net\\\/blog\\\/#website\"},\"primaryImageOfPage\":{\"@id\":\"https:\\\/\\\/www.accidentdutravail-idf.net\\\/blog\\\/sante-mentale-le-nombre-de-cas-lies-au-travail-atteint-un-niveau-record-au-japon\\\/#primaryimage\"},\"image\":{\"@id\":\"https:\\\/\\\/www.accidentdutravail-idf.net\\\/blog\\\/sante-mentale-le-nombre-de-cas-lies-au-travail-atteint-un-niveau-record-au-japon\\\/#primaryimage\"},\"thumbnailUrl\":\"https:\\\/\\\/www.accidentdutravail-idf.net\\\/blog\\\/wp-content\\\/uploads\\\/2025\\\/06\\\/sante-mentale-le-nombre-de-cas-lies-au-travail-atteint-un-niveau-record-au-japon.jpg\",\"datePublished\":\"2025-06-25T21:35:00+00:00\",\"description\":\"Sant\u00e9 mentale : le nombre de cas li\u00e9s au travail atteint un niveau record au Japon article de ACCIDENTDUTRAVAIL-IDF\",\"breadcrumb\":{\"@id\":\"https:\\\/\\\/www.accidentdutravail-idf.net\\\/blog\\\/sante-mentale-le-nombre-de-cas-lies-au-travail-atteint-un-niveau-record-au-japon\\\/#breadcrumb\"},\"inLanguage\":\"fr-FR\",\"potentialAction\":[{\"@type\":\"ReadAction\",\"target\":[\"https:\\\/\\\/www.accidentdutravail-idf.net\\\/blog\\\/sante-mentale-le-nombre-de-cas-lies-au-travail-atteint-un-niveau-record-au-japon\\\/\"]}]},{\"@type\":\"ImageObject\",\"inLanguage\":\"fr-FR\",\"@id\":\"https:\\\/\\\/www.accidentdutravail-idf.net\\\/blog\\\/sante-mentale-le-nombre-de-cas-lies-au-travail-atteint-un-niveau-record-au-japon\\\/#primaryimage\",\"url\":\"https:\\\/\\\/www.accidentdutravail-idf.net\\\/blog\\\/wp-content\\\/uploads\\\/2025\\\/06\\\/sante-mentale-le-nombre-de-cas-lies-au-travail-atteint-un-niveau-record-au-japon.jpg\",\"contentUrl\":\"https:\\\/\\\/www.accidentdutravail-idf.net\\\/blog\\\/wp-content\\\/uploads\\\/2025\\\/06\\\/sante-mentale-le-nombre-de-cas-lies-au-travail-atteint-un-niveau-record-au-japon.jpg\"},{\"@type\":\"BreadcrumbList\",\"@id\":\"https:\\\/\\\/www.accidentdutravail-idf.net\\\/blog\\\/sante-mentale-le-nombre-de-cas-lies-au-travail-atteint-un-niveau-record-au-japon\\\/#breadcrumb\",\"itemListElement\":[{\"@type\":\"ListItem\",\"position\":1,\"name\":\"Accueil\",\"item\":\"https:\\\/\\\/www.accidentdutravail-idf.net\\\/blog\\\/\"},{\"@type\":\"ListItem\",\"position\":2,\"name\":\"Sant\u00e9 mentale : le nombre de cas li\u00e9s au travail atteint un niveau record au Japon\"}]},{\"@type\":\"WebSite\",\"@id\":\"https:\\\/\\\/www.accidentdutravail-idf.net\\\/blog\\\/#website\",\"url\":\"https:\\\/\\\/www.accidentdutravail-idf.net\\\/blog\\\/\",\"name\":\"ACCIDENTDUTRAVAIL-IDF\",\"description\":\"Portail accidents du travail-maladies professionnelles des entreprises d&#039;Ile-de-France\",\"publisher\":{\"@id\":\"https:\\\/\\\/www.accidentdutravail-idf.net\\\/blog\\\/#organization\"},\"potentialAction\":[{\"@type\":\"SearchAction\",\"target\":{\"@type\":\"EntryPoint\",\"urlTemplate\":\"https:\\\/\\\/www.accidentdutravail-idf.net\\\/blog\\\/?s={search_term_string}\"},\"query-input\":{\"@type\":\"PropertyValueSpecification\",\"valueRequired\":true,\"valueName\":\"search_term_string\"}}],\"inLanguage\":\"fr-FR\"},{\"@type\":\"Organization\",\"@id\":\"https:\\\/\\\/www.accidentdutravail-idf.net\\\/blog\\\/#organization\",\"name\":\"accidentdutravail-idf\",\"url\":\"https:\\\/\\\/www.accidentdutravail-idf.net\\\/blog\\\/\",\"logo\":{\"@type\":\"ImageObject\",\"inLanguage\":\"fr-FR\",\"@id\":\"https:\\\/\\\/www.accidentdutravail-idf.net\\\/blog\\\/#\\\/schema\\\/logo\\\/image\\\/\",\"url\":\"https:\\\/\\\/www.accidentdutravail-idf.net\\\/blog\\\/wp-content\\\/uploads\\\/2022\\\/09\\\/logo-2.png\",\"contentUrl\":\"https:\\\/\\\/www.accidentdutravail-idf.net\\\/blog\\\/wp-content\\\/uploads\\\/2022\\\/09\\\/logo-2.png\",\"width\":380,\"height\":291,\"caption\":\"accidentdutravail-idf\"},\"image\":{\"@id\":\"https:\\\/\\\/www.accidentdutravail-idf.net\\\/blog\\\/#\\\/schema\\\/logo\\\/image\\\/\"}},{\"@type\":\"Person\",\"@id\":\"https:\\\/\\\/www.accidentdutravail-idf.net\\\/blog\\\/#\\\/schema\\\/person\\\/3255d2f970de45e64bd9201f38e7b947\",\"name\":\"Carlos Poulain\",\"image\":{\"@type\":\"ImageObject\",\"inLanguage\":\"fr-FR\",\"@id\":\"https:\\\/\\\/secure.gravatar.com\\\/avatar\\\/b1c2f9d3588e34e91adb093635df64ef4b2381991216be7576466cfcdca4baf3?s=96&d=mm&r=g\",\"url\":\"https:\\\/\\\/secure.gravatar.com\\\/avatar\\\/b1c2f9d3588e34e91adb093635df64ef4b2381991216be7576466cfcdca4baf3?s=96&d=mm&r=g\",\"contentUrl\":\"https:\\\/\\\/secure.gravatar.com\\\/avatar\\\/b1c2f9d3588e34e91adb093635df64ef4b2381991216be7576466cfcdca4baf3?s=96&d=mm&r=g\",\"caption\":\"Carlos Poulain\"},\"url\":\"https:\\\/\\\/www.accidentdutravail-idf.net\\\/blog\\\/author\\\/idfcarlos\\\/\"}]}<\/script>\n<!-- \/ Yoast SEO plugin. -->","yoast_head_json":{"title":"Sant\u00e9 mentale : le nombre de cas li\u00e9s au travail atteint un niveau record au Japon - ACCIDENTDUTRAVAIL-IDF","description":"Sant\u00e9 mentale : le nombre de cas li\u00e9s au travail atteint un niveau record au Japon article de ACCIDENTDUTRAVAIL-IDF","robots":{"index":"index","follow":"follow","max-snippet":"max-snippet:-1","max-image-preview":"max-image-preview:large","max-video-preview":"max-video-preview:-1"},"canonical":"https:\/\/www.accidentdutravail-idf.net\/blog\/sante-mentale-le-nombre-de-cas-lies-au-travail-atteint-un-niveau-record-au-japon\/","og_locale":"fr_FR","og_type":"article","og_title":"Sant\u00e9 mentale : le nombre de cas li\u00e9s au travail atteint un niveau record au Japon - ACCIDENTDUTRAVAIL-IDF","og_description":"Sant\u00e9 mentale : le nombre de cas li\u00e9s au travail atteint un niveau record au Japon article de ACCIDENTDUTRAVAIL-IDF","og_url":"https:\/\/www.accidentdutravail-idf.net\/blog\/sante-mentale-le-nombre-de-cas-lies-au-travail-atteint-un-niveau-record-au-japon\/","og_site_name":"ACCIDENTDUTRAVAIL-IDF","article_published_time":"2025-06-25T21:35:00+00:00","og_image":[{"url":"https:\/\/www.accidentdutravail-idf.net\/blog\/wp-content\/uploads\/2025\/06\/sante-mentale-le-nombre-de-cas-lies-au-travail-atteint-un-niveau-record-au-japon.jpg","type":"","width":"","height":""}],"author":"Carlos Poulain","twitter_card":"summary_large_image","twitter_misc":{"\u00c9crit par":"Carlos Poulain","Dur\u00e9e de lecture estim\u00e9e":"2 minutes"},"schema":{"@context":"https:\/\/schema.org","@graph":[{"@type":"Article","@id":"https:\/\/www.accidentdutravail-idf.net\/blog\/sante-mentale-le-nombre-de-cas-lies-au-travail-atteint-un-niveau-record-au-japon\/#article","isPartOf":{"@id":"https:\/\/www.accidentdutravail-idf.net\/blog\/sante-mentale-le-nombre-de-cas-lies-au-travail-atteint-un-niveau-record-au-japon\/"},"author":{"name":"Carlos Poulain","@id":"https:\/\/www.accidentdutravail-idf.net\/blog\/#\/schema\/person\/3255d2f970de45e64bd9201f38e7b947"},"headline":"Sant\u00e9 mentale : le nombre de cas li\u00e9s au travail atteint un niveau record au Japon","datePublished":"2025-06-25T21:35:00+00:00","mainEntityOfPage":{"@id":"https:\/\/www.accidentdutravail-idf.net\/blog\/sante-mentale-le-nombre-de-cas-lies-au-travail-atteint-un-niveau-record-au-japon\/"},"wordCount":441,"publisher":{"@id":"https:\/\/www.accidentdutravail-idf.net\/blog\/#organization"},"image":{"@id":"https:\/\/www.accidentdutravail-idf.net\/blog\/sante-mentale-le-nombre-de-cas-lies-au-travail-atteint-un-niveau-record-au-japon\/#primaryimage"},"thumbnailUrl":"https:\/\/www.accidentdutravail-idf.net\/blog\/wp-content\/uploads\/2025\/06\/sante-mentale-le-nombre-de-cas-lies-au-travail-atteint-un-niveau-record-au-japon.jpg","articleSection":["S\u00e9curit\u00e9 Du Travail En Ile-De-France Et Divers:"],"inLanguage":"fr-FR"},{"@type":"WebPage","@id":"https:\/\/www.accidentdutravail-idf.net\/blog\/sante-mentale-le-nombre-de-cas-lies-au-travail-atteint-un-niveau-record-au-japon\/","url":"https:\/\/www.accidentdutravail-idf.net\/blog\/sante-mentale-le-nombre-de-cas-lies-au-travail-atteint-un-niveau-record-au-japon\/","name":"Sant\u00e9 mentale : le nombre de cas li\u00e9s au travail atteint un niveau record au Japon - ACCIDENTDUTRAVAIL-IDF","isPartOf":{"@id":"https:\/\/www.accidentdutravail-idf.net\/blog\/#website"},"primaryImageOfPage":{"@id":"https:\/\/www.accidentdutravail-idf.net\/blog\/sante-mentale-le-nombre-de-cas-lies-au-travail-atteint-un-niveau-record-au-japon\/#primaryimage"},"image":{"@id":"https:\/\/www.accidentdutravail-idf.net\/blog\/sante-mentale-le-nombre-de-cas-lies-au-travail-atteint-un-niveau-record-au-japon\/#primaryimage"},"thumbnailUrl":"https:\/\/www.accidentdutravail-idf.net\/blog\/wp-content\/uploads\/2025\/06\/sante-mentale-le-nombre-de-cas-lies-au-travail-atteint-un-niveau-record-au-japon.jpg","datePublished":"2025-06-25T21:35:00+00:00","description":"Sant\u00e9 mentale : le nombre de cas li\u00e9s au travail atteint un niveau record au Japon article de ACCIDENTDUTRAVAIL-IDF","breadcrumb":{"@id":"https:\/\/www.accidentdutravail-idf.net\/blog\/sante-mentale-le-nombre-de-cas-lies-au-travail-atteint-un-niveau-record-au-japon\/#breadcrumb"},"inLanguage":"fr-FR","potentialAction":[{"@type":"ReadAction","target":["https:\/\/www.accidentdutravail-idf.net\/blog\/sante-mentale-le-nombre-de-cas-lies-au-travail-atteint-un-niveau-record-au-japon\/"]}]},{"@type":"ImageObject","inLanguage":"fr-FR","@id":"https:\/\/www.accidentdutravail-idf.net\/blog\/sante-mentale-le-nombre-de-cas-lies-au-travail-atteint-un-niveau-record-au-japon\/#primaryimage","url":"https:\/\/www.accidentdutravail-idf.net\/blog\/wp-content\/uploads\/2025\/06\/sante-mentale-le-nombre-de-cas-lies-au-travail-atteint-un-niveau-record-au-japon.jpg","contentUrl":"https:\/\/www.accidentdutravail-idf.net\/blog\/wp-content\/uploads\/2025\/06\/sante-mentale-le-nombre-de-cas-lies-au-travail-atteint-un-niveau-record-au-japon.jpg"},{"@type":"BreadcrumbList","@id":"https:\/\/www.accidentdutravail-idf.net\/blog\/sante-mentale-le-nombre-de-cas-lies-au-travail-atteint-un-niveau-record-au-japon\/#breadcrumb","itemListElement":[{"@type":"ListItem","position":1,"name":"Accueil","item":"https:\/\/www.accidentdutravail-idf.net\/blog\/"},{"@type":"ListItem","position":2,"name":"Sant\u00e9 mentale : le nombre de cas li\u00e9s au travail atteint un niveau record au Japon"}]},{"@type":"WebSite","@id":"https:\/\/www.accidentdutravail-idf.net\/blog\/#website","url":"https:\/\/www.accidentdutravail-idf.net\/blog\/","name":"ACCIDENTDUTRAVAIL-IDF","description":"Portail accidents du travail-maladies professionnelles des entreprises d&#039;Ile-de-France","publisher":{"@id":"https:\/\/www.accidentdutravail-idf.net\/blog\/#organization"},"potentialAction":[{"@type":"SearchAction","target":{"@type":"EntryPoint","urlTemplate":"https:\/\/www.accidentdutravail-idf.net\/blog\/?s={search_term_string}"},"query-input":{"@type":"PropertyValueSpecification","valueRequired":true,"valueName":"search_term_string"}}],"inLanguage":"fr-FR"},{"@type":"Organization","@id":"https:\/\/www.accidentdutravail-idf.net\/blog\/#organization","name":"accidentdutravail-idf","url":"https:\/\/www.accidentdutravail-idf.net\/blog\/","logo":{"@type":"ImageObject","inLanguage":"fr-FR","@id":"https:\/\/www.accidentdutravail-idf.net\/blog\/#\/schema\/logo\/image\/","url":"https:\/\/www.accidentdutravail-idf.net\/blog\/wp-content\/uploads\/2022\/09\/logo-2.png","contentUrl":"https:\/\/www.accidentdutravail-idf.net\/blog\/wp-content\/uploads\/2022\/09\/logo-2.png","width":380,"height":291,"caption":"accidentdutravail-idf"},"image":{"@id":"https:\/\/www.accidentdutravail-idf.net\/blog\/#\/schema\/logo\/image\/"}},{"@type":"Person","@id":"https:\/\/www.accidentdutravail-idf.net\/blog\/#\/schema\/person\/3255d2f970de45e64bd9201f38e7b947","name":"Carlos Poulain","image":{"@type":"ImageObject","inLanguage":"fr-FR","@id":"https:\/\/secure.gravatar.com\/avatar\/b1c2f9d3588e34e91adb093635df64ef4b2381991216be7576466cfcdca4baf3?s=96&d=mm&r=g","url":"https:\/\/secure.gravatar.com\/avatar\/b1c2f9d3588e34e91adb093635df64ef4b2381991216be7576466cfcdca4baf3?s=96&d=mm&r=g","contentUrl":"https:\/\/secure.gravatar.com\/avatar\/b1c2f9d3588e34e91adb093635df64ef4b2381991216be7576466cfcdca4baf3?s=96&d=mm&r=g","caption":"Carlos Poulain"},"url":"https:\/\/www.accidentdutravail-idf.net\/blog\/author\/idfcarlos\/"}]}},"_links":{"self":[{"href":"https:\/\/www.accidentdutravail-idf.net\/blog\/wp-json\/wp\/v2\/posts\/1529","targetHints":{"allow":["GET"]}}],"collection":[{"href":"https:\/\/www.accidentdutravail-idf.net\/blog\/wp-json\/wp\/v2\/posts"}],"about":[{"href":"https:\/\/www.accidentdutravail-idf.net\/blog\/wp-json\/wp\/v2\/types\/post"}],"author":[{"embeddable":true,"href":"https:\/\/www.accidentdutravail-idf.net\/blog\/wp-json\/wp\/v2\/users\/2"}],"replies":[{"embeddable":true,"href":"https:\/\/www.accidentdutravail-idf.net\/blog\/wp-json\/wp\/v2\/comments?post=1529"}],"version-history":[{"count":0,"href":"https:\/\/www.accidentdutravail-idf.net\/blog\/wp-json\/wp\/v2\/posts\/1529\/revisions"}],"wp:attachment":[{"href":"https:\/\/www.accidentdutravail-idf.net\/blog\/wp-json\/wp\/v2\/media?parent=1529"}],"wp:term":[{"taxonomy":"category","embeddable":true,"href":"https:\/\/www.accidentdutravail-idf.net\/blog\/wp-json\/wp\/v2\/categories?post=1529"},{"taxonomy":"post_tag","embeddable":true,"href":"https:\/\/www.accidentdutravail-idf.net\/blog\/wp-json\/wp\/v2\/tags?post=1529"}],"curies":[{"name":"wp","href":"https:\/\/api.w.org\/{rel}","templated":true}]}}