{"id":1528,"date":"2025-06-26T10:16:00","date_gmt":"2025-06-26T08:16:00","guid":{"rendered":"https:\/\/www.accidentdutravail-idf.net\/blog\/la-nacelle-elevatrice-sencastre-dans-le-toit-du-batiment-un-ouvrier-dune-vingtaine-dannees-meurt-ecrase-sur-son-lieu-de-travail\/"},"modified":"2025-06-26T10:16:00","modified_gmt":"2025-06-26T08:16:00","slug":"la-nacelle-elevatrice-sencastre-dans-le-toit-du-batiment-un-ouvrier-dune-vingtaine-dannees-meurt-ecrase-sur-son-lieu-de-travail","status":"publish","type":"post","link":"https:\/\/www.accidentdutravail-idf.net\/blog\/la-nacelle-elevatrice-sencastre-dans-le-toit-du-batiment-un-ouvrier-dune-vingtaine-dannees-meurt-ecrase-sur-son-lieu-de-travail\/","title":{"rendered":"La nacelle \u00e9l\u00e9vatrice s\u2019encastre dans le toit du b\u00e2timent : un ouvrier d\u2019une vingtaine d\u2019ann\u00e9es meurt \u00e9cras\u00e9 sur son lieu de travail"},"content":{"rendered":"<div><img decoding=\"async\" src=\"https:\/\/www.accidentdutravail-idf.net\/blog\/wp-content\/uploads\/2025\/06\/la-nacelle-elevatrice-sencastre-dans-le-toit-du-batiment-un-ouvrier-dune-vingtaine-dannees-meurt-ecrase-sur-son-lieu-de-travail.jpg\" class=\"ff-og-image-inserted\"><\/div>\n<p> Un dramatique accident du travail s\u2019est produit ce mercredi 25&nbsp;juin 2025 \u00e0 Bonneville, dans une entreprise sp\u00e9cialis\u00e9e dans le nickelage chimique. Un jeune ouvrier d\u2019une vingtaine d\u2019ann\u00e9es est mort apr\u00e8s qu\u2019une nacelle \u00e9l\u00e9vatrice s\u2019est encastr\u00e9e dans le toit. <\/p>\n<div> <!-- Pub DFP Position [outstream] --> <\/p>\n<p>Ce mercredi 25&nbsp;juin, un jeune homme \u00e2g\u00e9 d\u2019une vingtaine d\u2019ann\u00e9es est d\u00e9c\u00e9d\u00e9 dans un tragique accident du travail. Ce drame a eu lieu en d\u00e9but d\u2019apr\u00e8s-midi \u00e0 Bonneville, au sein de l\u2019entreprise Kanigen, sp\u00e9cialis\u00e9e dans le nickelage chimique, selon les informations relay\u00e9es par <a href=\"https:\/\/www.ledauphine.com\/faits-divers-justice\/2025\/06\/25\/une-nacelle-s-encastre-dans-le-toit-d-un-batiment-a-bonneville-un-employe-decede#:~:text=Un%20accident%20dramatique%20s'est,dans%20le%20toit%20du%20b%C3%A2timent.\" target=\"_blank\" rel=\"nofollow\"><em>Le Dauphin\u00e9 Lib\u00e9r\u00e9<\/em><\/a>.<\/p>\n<p>Cet employ\u00e9 a \u00e9t\u00e9 victime d\u2019un \u00e9crasement mortel des membres. \u00c0 ce moment-l\u00e0, il se trouvait sur une nacelle \u00e9l\u00e9vatrice qui s\u2019est encastr\u00e9e dans le toit du b\u00e2timent.<\/p>\n<p><!-- Pub DFP Position [article] --> <\/p>\n<h2 class=\"txt-int\">Un adolescent bloqu\u00e9 \u00e9galement sur la nacelle<\/h2>\n<p>Une autre personne \u00e9tait pr\u00e9sente sur l\u2019engin, un adolescent \u00e2g\u00e9 de 16 ans. Il s\u2019en est sorti sans blessure, mais est rest\u00e9 coinc\u00e9 sur la nacelle pendant longtemps, \u00e0 c\u00f4t\u00e9 de la personne d\u00e9c\u00e9d\u00e9e. Il \u00e9tait sous le choc et a donc \u00e9t\u00e9&nbsp;imm\u00e9diatement pris en charge par les pompiers, puis par sa famille.<\/p>\n<p>Les secouristes sont rapidement&nbsp;intervenus car la soci\u00e9t\u00e9 se trouve non loin de la caserne de Bonneville.&nbsp;Ils ont \u00e9galement envoy\u00e9 le camion BEA (Bras \u00e9l\u00e9vateur articul\u00e9) pour aider aux op\u00e9rations.<\/p>\n<p>Selon le procureur de la R\u00e9publique Boris Duffau, l\u2019enqu\u00eate a \u00e9t\u00e9 confi\u00e9e \u00e0 la brigade territoriale de Bonneville et l\u2019inspection du travail s\u2019est d\u00e9plac\u00e9e sur les lieux de l\u2019accident.<\/p>\n<\/p><\/div>\n<p>accidentdutravail-idf.net vous a pr\u00e9par\u00e9 ce post qui informe du sujet \u00ab\u00a0Association Sportive Huisson-Longueville Essonne\u00a0\u00bb. La chronique se veut g\u00e9n\u00e9r\u00e9e du mieux possible. Vous pouvez utiliser les coordonn\u00e9es indiqu\u00e9es sur le site dans le but d\u2019apporter des explications sur ce post qui parle du th\u00e8me \u00ab\u00a0Association Sportive Huisson-Longueville Essonne\u00a0\u00bb. Le site accidentdutravail-idf.net a pour but de fournir diverses publications sur la th\u00e9matique Association Sportive Huisson-Longueville Essonne diffus\u00e9es sur le net. Il y aura plusieurs articles autour du sujet \u00ab\u00a0Association Sportive Huisson-Longueville Essonne\u00a0\u00bb dans quelques jours, nous vous invitons \u00e0 naviguer sur notre site web \u00e0 plusieurs reprises.<\/p>\n","protected":false},"excerpt":{"rendered":"<p>Un dramatique accident du travail s\u2019est produit ce mercredi 25&nbsp;juin 2025 \u00e0 Bonneville, dans une entreprise sp\u00e9cialis\u00e9e dans le nickelage chimique. Un jeune ouvrier d\u2019une vingtaine d\u2019ann\u00e9es est mort apr\u00e8s qu\u2019une nacelle \u00e9l\u00e9vatrice s\u2019est encastr\u00e9e dans le toit. Ce mercredi 25&nbsp;juin, un jeune homme \u00e2g\u00e9 d\u2019une vingtaine d\u2019ann\u00e9es est d\u00e9c\u00e9d\u00e9 dans un tragique accident du &hellip; <\/p>\n<p class=\"link-more\"><a href=\"https:\/\/www.accidentdutravail-idf.net\/blog\/la-nacelle-elevatrice-sencastre-dans-le-toit-du-batiment-un-ouvrier-dune-vingtaine-dannees-meurt-ecrase-sur-son-lieu-de-travail\/\" class=\"more-link\">Continuer la lecture <span class=\"screen-reader-text\"> \u00ab\u00a0La nacelle \u00e9l\u00e9vatrice s\u2019encastre dans le toit du b\u00e2timent : un ouvrier d\u2019une vingtaine d\u2019ann\u00e9es meurt \u00e9cras\u00e9 sur son lieu de travail\u00a0\u00bb<\/span><\/a><\/p>\n","protected":false},"author":2,"featured_media":0,"comment_status":"closed","ping_status":"closed","sticky":false,"template":"","format":"standard","meta":{"footnotes":""},"categories":[5],"tags":[],"class_list":["post-1528","post","type-post","status-publish","format-standard","hentry","category-securite-du-travail-en-ile-de-france-et-divers","entry"],"yoast_head":"<!-- This site is optimized with the Yoast SEO plugin v27.5 - https:\/\/yoast.com\/product\/yoast-seo-wordpress\/ -->\n<title>La nacelle \u00e9l\u00e9vatrice s\u2019encastre dans le toit du b\u00e2timent : un ouvrier d\u2019une vingtaine d\u2019ann\u00e9es meurt \u00e9cras\u00e9 sur son lieu de travail - ACCIDENTDUTRAVAIL-IDF<\/title>\n<meta name=\"description\" content=\"La nacelle \u00e9l\u00e9vatrice s\u2019encastre dans le toit du b\u00e2timent : un ouvrier d\u2019une vingtaine d\u2019ann\u00e9es meurt \u00e9cras\u00e9 sur son lieu de travail article de ACCIDENTDUTRAVAIL-IDF\" \/>\n<meta name=\"robots\" content=\"index, follow, max-snippet:-1, max-image-preview:large, max-video-preview:-1\" \/>\n<link rel=\"canonical\" href=\"https:\/\/www.accidentdutravail-idf.net\/blog\/la-nacelle-elevatrice-sencastre-dans-le-toit-du-batiment-un-ouvrier-dune-vingtaine-dannees-meurt-ecrase-sur-son-lieu-de-travail\/\" \/>\n<meta property=\"og:locale\" content=\"fr_FR\" \/>\n<meta property=\"og:type\" content=\"article\" \/>\n<meta property=\"og:title\" content=\"La nacelle \u00e9l\u00e9vatrice s\u2019encastre dans le toit du b\u00e2timent : un ouvrier d\u2019une vingtaine d\u2019ann\u00e9es meurt \u00e9cras\u00e9 sur son lieu de travail - ACCIDENTDUTRAVAIL-IDF\" \/>\n<meta property=\"og:description\" content=\"La nacelle \u00e9l\u00e9vatrice s\u2019encastre dans le toit du b\u00e2timent : un ouvrier d\u2019une vingtaine d\u2019ann\u00e9es meurt \u00e9cras\u00e9 sur son lieu de travail article de ACCIDENTDUTRAVAIL-IDF\" \/>\n<meta property=\"og:url\" content=\"https:\/\/www.accidentdutravail-idf.net\/blog\/la-nacelle-elevatrice-sencastre-dans-le-toit-du-batiment-un-ouvrier-dune-vingtaine-dannees-meurt-ecrase-sur-son-lieu-de-travail\/\" \/>\n<meta property=\"og:site_name\" content=\"ACCIDENTDUTRAVAIL-IDF\" \/>\n<meta property=\"article:published_time\" content=\"2025-06-26T08:16:00+00:00\" \/>\n<meta property=\"og:image\" content=\"https:\/\/www.accidentdutravail-idf.net\/blog\/wp-content\/uploads\/2025\/06\/la-nacelle-elevatrice-sencastre-dans-le-toit-du-batiment-un-ouvrier-dune-vingtaine-dannees-meurt-ecrase-sur-son-lieu-de-travail.jpg\" \/>\n<meta name=\"author\" content=\"Carlos Poulain\" \/>\n<meta name=\"twitter:card\" content=\"summary_large_image\" \/>\n<meta name=\"twitter:label1\" content=\"\u00c9crit par\" \/>\n\t<meta name=\"twitter:data1\" content=\"Carlos Poulain\" \/>\n\t<meta name=\"twitter:label2\" content=\"Dur\u00e9e de lecture estim\u00e9e\" \/>\n\t<meta name=\"twitter:data2\" content=\"2 minutes\" \/>\n<script type=\"application\/ld+json\" class=\"yoast-schema-graph\">{\"@context\":\"https:\\\/\\\/schema.org\",\"@graph\":[{\"@type\":\"Article\",\"@id\":\"https:\\\/\\\/www.accidentdutravail-idf.net\\\/blog\\\/la-nacelle-elevatrice-sencastre-dans-le-toit-du-batiment-un-ouvrier-dune-vingtaine-dannees-meurt-ecrase-sur-son-lieu-de-travail\\\/#article\",\"isPartOf\":{\"@id\":\"https:\\\/\\\/www.accidentdutravail-idf.net\\\/blog\\\/la-nacelle-elevatrice-sencastre-dans-le-toit-du-batiment-un-ouvrier-dune-vingtaine-dannees-meurt-ecrase-sur-son-lieu-de-travail\\\/\"},\"author\":{\"name\":\"Carlos Poulain\",\"@id\":\"https:\\\/\\\/www.accidentdutravail-idf.net\\\/blog\\\/#\\\/schema\\\/person\\\/3255d2f970de45e64bd9201f38e7b947\"},\"headline\":\"La nacelle \u00e9l\u00e9vatrice s\u2019encastre dans le toit du b\u00e2timent : un ouvrier d\u2019une vingtaine d\u2019ann\u00e9es meurt \u00e9cras\u00e9 sur son lieu de travail\",\"datePublished\":\"2025-06-26T08:16:00+00:00\",\"mainEntityOfPage\":{\"@id\":\"https:\\\/\\\/www.accidentdutravail-idf.net\\\/blog\\\/la-nacelle-elevatrice-sencastre-dans-le-toit-du-batiment-un-ouvrier-dune-vingtaine-dannees-meurt-ecrase-sur-son-lieu-de-travail\\\/\"},\"wordCount\":413,\"publisher\":{\"@id\":\"https:\\\/\\\/www.accidentdutravail-idf.net\\\/blog\\\/#organization\"},\"image\":{\"@id\":\"https:\\\/\\\/www.accidentdutravail-idf.net\\\/blog\\\/la-nacelle-elevatrice-sencastre-dans-le-toit-du-batiment-un-ouvrier-dune-vingtaine-dannees-meurt-ecrase-sur-son-lieu-de-travail\\\/#primaryimage\"},\"thumbnailUrl\":\"https:\\\/\\\/www.accidentdutravail-idf.net\\\/blog\\\/wp-content\\\/uploads\\\/2025\\\/06\\\/la-nacelle-elevatrice-sencastre-dans-le-toit-du-batiment-un-ouvrier-dune-vingtaine-dannees-meurt-ecrase-sur-son-lieu-de-travail.jpg\",\"articleSection\":[\"S\u00e9curit\u00e9 Du Travail En Ile-De-France Et Divers:\"],\"inLanguage\":\"fr-FR\"},{\"@type\":\"WebPage\",\"@id\":\"https:\\\/\\\/www.accidentdutravail-idf.net\\\/blog\\\/la-nacelle-elevatrice-sencastre-dans-le-toit-du-batiment-un-ouvrier-dune-vingtaine-dannees-meurt-ecrase-sur-son-lieu-de-travail\\\/\",\"url\":\"https:\\\/\\\/www.accidentdutravail-idf.net\\\/blog\\\/la-nacelle-elevatrice-sencastre-dans-le-toit-du-batiment-un-ouvrier-dune-vingtaine-dannees-meurt-ecrase-sur-son-lieu-de-travail\\\/\",\"name\":\"La nacelle \u00e9l\u00e9vatrice s\u2019encastre dans le toit du b\u00e2timent : un ouvrier d\u2019une vingtaine d\u2019ann\u00e9es meurt \u00e9cras\u00e9 sur son lieu de travail - ACCIDENTDUTRAVAIL-IDF\",\"isPartOf\":{\"@id\":\"https:\\\/\\\/www.accidentdutravail-idf.net\\\/blog\\\/#website\"},\"primaryImageOfPage\":{\"@id\":\"https:\\\/\\\/www.accidentdutravail-idf.net\\\/blog\\\/la-nacelle-elevatrice-sencastre-dans-le-toit-du-batiment-un-ouvrier-dune-vingtaine-dannees-meurt-ecrase-sur-son-lieu-de-travail\\\/#primaryimage\"},\"image\":{\"@id\":\"https:\\\/\\\/www.accidentdutravail-idf.net\\\/blog\\\/la-nacelle-elevatrice-sencastre-dans-le-toit-du-batiment-un-ouvrier-dune-vingtaine-dannees-meurt-ecrase-sur-son-lieu-de-travail\\\/#primaryimage\"},\"thumbnailUrl\":\"https:\\\/\\\/www.accidentdutravail-idf.net\\\/blog\\\/wp-content\\\/uploads\\\/2025\\\/06\\\/la-nacelle-elevatrice-sencastre-dans-le-toit-du-batiment-un-ouvrier-dune-vingtaine-dannees-meurt-ecrase-sur-son-lieu-de-travail.jpg\",\"datePublished\":\"2025-06-26T08:16:00+00:00\",\"description\":\"La nacelle \u00e9l\u00e9vatrice s\u2019encastre dans le toit du b\u00e2timent : un ouvrier d\u2019une vingtaine d\u2019ann\u00e9es meurt \u00e9cras\u00e9 sur son lieu de travail article de ACCIDENTDUTRAVAIL-IDF\",\"breadcrumb\":{\"@id\":\"https:\\\/\\\/www.accidentdutravail-idf.net\\\/blog\\\/la-nacelle-elevatrice-sencastre-dans-le-toit-du-batiment-un-ouvrier-dune-vingtaine-dannees-meurt-ecrase-sur-son-lieu-de-travail\\\/#breadcrumb\"},\"inLanguage\":\"fr-FR\",\"potentialAction\":[{\"@type\":\"ReadAction\",\"target\":[\"https:\\\/\\\/www.accidentdutravail-idf.net\\\/blog\\\/la-nacelle-elevatrice-sencastre-dans-le-toit-du-batiment-un-ouvrier-dune-vingtaine-dannees-meurt-ecrase-sur-son-lieu-de-travail\\\/\"]}]},{\"@type\":\"ImageObject\",\"inLanguage\":\"fr-FR\",\"@id\":\"https:\\\/\\\/www.accidentdutravail-idf.net\\\/blog\\\/la-nacelle-elevatrice-sencastre-dans-le-toit-du-batiment-un-ouvrier-dune-vingtaine-dannees-meurt-ecrase-sur-son-lieu-de-travail\\\/#primaryimage\",\"url\":\"https:\\\/\\\/www.accidentdutravail-idf.net\\\/blog\\\/wp-content\\\/uploads\\\/2025\\\/06\\\/la-nacelle-elevatrice-sencastre-dans-le-toit-du-batiment-un-ouvrier-dune-vingtaine-dannees-meurt-ecrase-sur-son-lieu-de-travail.jpg\",\"contentUrl\":\"https:\\\/\\\/www.accidentdutravail-idf.net\\\/blog\\\/wp-content\\\/uploads\\\/2025\\\/06\\\/la-nacelle-elevatrice-sencastre-dans-le-toit-du-batiment-un-ouvrier-dune-vingtaine-dannees-meurt-ecrase-sur-son-lieu-de-travail.jpg\"},{\"@type\":\"BreadcrumbList\",\"@id\":\"https:\\\/\\\/www.accidentdutravail-idf.net\\\/blog\\\/la-nacelle-elevatrice-sencastre-dans-le-toit-du-batiment-un-ouvrier-dune-vingtaine-dannees-meurt-ecrase-sur-son-lieu-de-travail\\\/#breadcrumb\",\"itemListElement\":[{\"@type\":\"ListItem\",\"position\":1,\"name\":\"Accueil\",\"item\":\"https:\\\/\\\/www.accidentdutravail-idf.net\\\/blog\\\/\"},{\"@type\":\"ListItem\",\"position\":2,\"name\":\"La nacelle \u00e9l\u00e9vatrice s\u2019encastre dans le toit du b\u00e2timent : un ouvrier d\u2019une vingtaine d\u2019ann\u00e9es meurt \u00e9cras\u00e9 sur son lieu de travail\"}]},{\"@type\":\"WebSite\",\"@id\":\"https:\\\/\\\/www.accidentdutravail-idf.net\\\/blog\\\/#website\",\"url\":\"https:\\\/\\\/www.accidentdutravail-idf.net\\\/blog\\\/\",\"name\":\"ACCIDENTDUTRAVAIL-IDF\",\"description\":\"Portail accidents du travail-maladies professionnelles des entreprises d&#039;Ile-de-France\",\"publisher\":{\"@id\":\"https:\\\/\\\/www.accidentdutravail-idf.net\\\/blog\\\/#organization\"},\"potentialAction\":[{\"@type\":\"SearchAction\",\"target\":{\"@type\":\"EntryPoint\",\"urlTemplate\":\"https:\\\/\\\/www.accidentdutravail-idf.net\\\/blog\\\/?s={search_term_string}\"},\"query-input\":{\"@type\":\"PropertyValueSpecification\",\"valueRequired\":true,\"valueName\":\"search_term_string\"}}],\"inLanguage\":\"fr-FR\"},{\"@type\":\"Organization\",\"@id\":\"https:\\\/\\\/www.accidentdutravail-idf.net\\\/blog\\\/#organization\",\"name\":\"accidentdutravail-idf\",\"url\":\"https:\\\/\\\/www.accidentdutravail-idf.net\\\/blog\\\/\",\"logo\":{\"@type\":\"ImageObject\",\"inLanguage\":\"fr-FR\",\"@id\":\"https:\\\/\\\/www.accidentdutravail-idf.net\\\/blog\\\/#\\\/schema\\\/logo\\\/image\\\/\",\"url\":\"https:\\\/\\\/www.accidentdutravail-idf.net\\\/blog\\\/wp-content\\\/uploads\\\/2022\\\/09\\\/logo-2.png\",\"contentUrl\":\"https:\\\/\\\/www.accidentdutravail-idf.net\\\/blog\\\/wp-content\\\/uploads\\\/2022\\\/09\\\/logo-2.png\",\"width\":380,\"height\":291,\"caption\":\"accidentdutravail-idf\"},\"image\":{\"@id\":\"https:\\\/\\\/www.accidentdutravail-idf.net\\\/blog\\\/#\\\/schema\\\/logo\\\/image\\\/\"}},{\"@type\":\"Person\",\"@id\":\"https:\\\/\\\/www.accidentdutravail-idf.net\\\/blog\\\/#\\\/schema\\\/person\\\/3255d2f970de45e64bd9201f38e7b947\",\"name\":\"Carlos Poulain\",\"image\":{\"@type\":\"ImageObject\",\"inLanguage\":\"fr-FR\",\"@id\":\"https:\\\/\\\/secure.gravatar.com\\\/avatar\\\/b1c2f9d3588e34e91adb093635df64ef4b2381991216be7576466cfcdca4baf3?s=96&d=mm&r=g\",\"url\":\"https:\\\/\\\/secure.gravatar.com\\\/avatar\\\/b1c2f9d3588e34e91adb093635df64ef4b2381991216be7576466cfcdca4baf3?s=96&d=mm&r=g\",\"contentUrl\":\"https:\\\/\\\/secure.gravatar.com\\\/avatar\\\/b1c2f9d3588e34e91adb093635df64ef4b2381991216be7576466cfcdca4baf3?s=96&d=mm&r=g\",\"caption\":\"Carlos Poulain\"},\"url\":\"https:\\\/\\\/www.accidentdutravail-idf.net\\\/blog\\\/author\\\/idfcarlos\\\/\"}]}<\/script>\n<!-- \/ Yoast SEO plugin. -->","yoast_head_json":{"title":"La nacelle \u00e9l\u00e9vatrice s\u2019encastre dans le toit du b\u00e2timent : un ouvrier d\u2019une vingtaine d\u2019ann\u00e9es meurt \u00e9cras\u00e9 sur son lieu de travail - ACCIDENTDUTRAVAIL-IDF","description":"La nacelle \u00e9l\u00e9vatrice s\u2019encastre dans le toit du b\u00e2timent : un ouvrier d\u2019une vingtaine d\u2019ann\u00e9es meurt \u00e9cras\u00e9 sur son lieu de travail article de ACCIDENTDUTRAVAIL-IDF","robots":{"index":"index","follow":"follow","max-snippet":"max-snippet:-1","max-image-preview":"max-image-preview:large","max-video-preview":"max-video-preview:-1"},"canonical":"https:\/\/www.accidentdutravail-idf.net\/blog\/la-nacelle-elevatrice-sencastre-dans-le-toit-du-batiment-un-ouvrier-dune-vingtaine-dannees-meurt-ecrase-sur-son-lieu-de-travail\/","og_locale":"fr_FR","og_type":"article","og_title":"La nacelle \u00e9l\u00e9vatrice s\u2019encastre dans le toit du b\u00e2timent : un ouvrier d\u2019une vingtaine d\u2019ann\u00e9es meurt \u00e9cras\u00e9 sur son lieu de travail - ACCIDENTDUTRAVAIL-IDF","og_description":"La nacelle \u00e9l\u00e9vatrice s\u2019encastre dans le toit du b\u00e2timent : un ouvrier d\u2019une vingtaine d\u2019ann\u00e9es meurt \u00e9cras\u00e9 sur son lieu de travail article de ACCIDENTDUTRAVAIL-IDF","og_url":"https:\/\/www.accidentdutravail-idf.net\/blog\/la-nacelle-elevatrice-sencastre-dans-le-toit-du-batiment-un-ouvrier-dune-vingtaine-dannees-meurt-ecrase-sur-son-lieu-de-travail\/","og_site_name":"ACCIDENTDUTRAVAIL-IDF","article_published_time":"2025-06-26T08:16:00+00:00","og_image":[{"url":"https:\/\/www.accidentdutravail-idf.net\/blog\/wp-content\/uploads\/2025\/06\/la-nacelle-elevatrice-sencastre-dans-le-toit-du-batiment-un-ouvrier-dune-vingtaine-dannees-meurt-ecrase-sur-son-lieu-de-travail.jpg","type":"","width":"","height":""}],"author":"Carlos Poulain","twitter_card":"summary_large_image","twitter_misc":{"\u00c9crit par":"Carlos Poulain","Dur\u00e9e de lecture estim\u00e9e":"2 minutes"},"schema":{"@context":"https:\/\/schema.org","@graph":[{"@type":"Article","@id":"https:\/\/www.accidentdutravail-idf.net\/blog\/la-nacelle-elevatrice-sencastre-dans-le-toit-du-batiment-un-ouvrier-dune-vingtaine-dannees-meurt-ecrase-sur-son-lieu-de-travail\/#article","isPartOf":{"@id":"https:\/\/www.accidentdutravail-idf.net\/blog\/la-nacelle-elevatrice-sencastre-dans-le-toit-du-batiment-un-ouvrier-dune-vingtaine-dannees-meurt-ecrase-sur-son-lieu-de-travail\/"},"author":{"name":"Carlos Poulain","@id":"https:\/\/www.accidentdutravail-idf.net\/blog\/#\/schema\/person\/3255d2f970de45e64bd9201f38e7b947"},"headline":"La nacelle \u00e9l\u00e9vatrice s\u2019encastre dans le toit du b\u00e2timent : un ouvrier d\u2019une vingtaine d\u2019ann\u00e9es meurt \u00e9cras\u00e9 sur son lieu de travail","datePublished":"2025-06-26T08:16:00+00:00","mainEntityOfPage":{"@id":"https:\/\/www.accidentdutravail-idf.net\/blog\/la-nacelle-elevatrice-sencastre-dans-le-toit-du-batiment-un-ouvrier-dune-vingtaine-dannees-meurt-ecrase-sur-son-lieu-de-travail\/"},"wordCount":413,"publisher":{"@id":"https:\/\/www.accidentdutravail-idf.net\/blog\/#organization"},"image":{"@id":"https:\/\/www.accidentdutravail-idf.net\/blog\/la-nacelle-elevatrice-sencastre-dans-le-toit-du-batiment-un-ouvrier-dune-vingtaine-dannees-meurt-ecrase-sur-son-lieu-de-travail\/#primaryimage"},"thumbnailUrl":"https:\/\/www.accidentdutravail-idf.net\/blog\/wp-content\/uploads\/2025\/06\/la-nacelle-elevatrice-sencastre-dans-le-toit-du-batiment-un-ouvrier-dune-vingtaine-dannees-meurt-ecrase-sur-son-lieu-de-travail.jpg","articleSection":["S\u00e9curit\u00e9 Du Travail En Ile-De-France Et Divers:"],"inLanguage":"fr-FR"},{"@type":"WebPage","@id":"https:\/\/www.accidentdutravail-idf.net\/blog\/la-nacelle-elevatrice-sencastre-dans-le-toit-du-batiment-un-ouvrier-dune-vingtaine-dannees-meurt-ecrase-sur-son-lieu-de-travail\/","url":"https:\/\/www.accidentdutravail-idf.net\/blog\/la-nacelle-elevatrice-sencastre-dans-le-toit-du-batiment-un-ouvrier-dune-vingtaine-dannees-meurt-ecrase-sur-son-lieu-de-travail\/","name":"La nacelle \u00e9l\u00e9vatrice s\u2019encastre dans le toit du b\u00e2timent : un ouvrier d\u2019une vingtaine d\u2019ann\u00e9es meurt \u00e9cras\u00e9 sur son lieu de travail - ACCIDENTDUTRAVAIL-IDF","isPartOf":{"@id":"https:\/\/www.accidentdutravail-idf.net\/blog\/#website"},"primaryImageOfPage":{"@id":"https:\/\/www.accidentdutravail-idf.net\/blog\/la-nacelle-elevatrice-sencastre-dans-le-toit-du-batiment-un-ouvrier-dune-vingtaine-dannees-meurt-ecrase-sur-son-lieu-de-travail\/#primaryimage"},"image":{"@id":"https:\/\/www.accidentdutravail-idf.net\/blog\/la-nacelle-elevatrice-sencastre-dans-le-toit-du-batiment-un-ouvrier-dune-vingtaine-dannees-meurt-ecrase-sur-son-lieu-de-travail\/#primaryimage"},"thumbnailUrl":"https:\/\/www.accidentdutravail-idf.net\/blog\/wp-content\/uploads\/2025\/06\/la-nacelle-elevatrice-sencastre-dans-le-toit-du-batiment-un-ouvrier-dune-vingtaine-dannees-meurt-ecrase-sur-son-lieu-de-travail.jpg","datePublished":"2025-06-26T08:16:00+00:00","description":"La nacelle \u00e9l\u00e9vatrice s\u2019encastre dans le toit du b\u00e2timent : un ouvrier d\u2019une vingtaine d\u2019ann\u00e9es meurt \u00e9cras\u00e9 sur son lieu de travail article de ACCIDENTDUTRAVAIL-IDF","breadcrumb":{"@id":"https:\/\/www.accidentdutravail-idf.net\/blog\/la-nacelle-elevatrice-sencastre-dans-le-toit-du-batiment-un-ouvrier-dune-vingtaine-dannees-meurt-ecrase-sur-son-lieu-de-travail\/#breadcrumb"},"inLanguage":"fr-FR","potentialAction":[{"@type":"ReadAction","target":["https:\/\/www.accidentdutravail-idf.net\/blog\/la-nacelle-elevatrice-sencastre-dans-le-toit-du-batiment-un-ouvrier-dune-vingtaine-dannees-meurt-ecrase-sur-son-lieu-de-travail\/"]}]},{"@type":"ImageObject","inLanguage":"fr-FR","@id":"https:\/\/www.accidentdutravail-idf.net\/blog\/la-nacelle-elevatrice-sencastre-dans-le-toit-du-batiment-un-ouvrier-dune-vingtaine-dannees-meurt-ecrase-sur-son-lieu-de-travail\/#primaryimage","url":"https:\/\/www.accidentdutravail-idf.net\/blog\/wp-content\/uploads\/2025\/06\/la-nacelle-elevatrice-sencastre-dans-le-toit-du-batiment-un-ouvrier-dune-vingtaine-dannees-meurt-ecrase-sur-son-lieu-de-travail.jpg","contentUrl":"https:\/\/www.accidentdutravail-idf.net\/blog\/wp-content\/uploads\/2025\/06\/la-nacelle-elevatrice-sencastre-dans-le-toit-du-batiment-un-ouvrier-dune-vingtaine-dannees-meurt-ecrase-sur-son-lieu-de-travail.jpg"},{"@type":"BreadcrumbList","@id":"https:\/\/www.accidentdutravail-idf.net\/blog\/la-nacelle-elevatrice-sencastre-dans-le-toit-du-batiment-un-ouvrier-dune-vingtaine-dannees-meurt-ecrase-sur-son-lieu-de-travail\/#breadcrumb","itemListElement":[{"@type":"ListItem","position":1,"name":"Accueil","item":"https:\/\/www.accidentdutravail-idf.net\/blog\/"},{"@type":"ListItem","position":2,"name":"La nacelle \u00e9l\u00e9vatrice s\u2019encastre dans le toit du b\u00e2timent : un ouvrier d\u2019une vingtaine d\u2019ann\u00e9es meurt \u00e9cras\u00e9 sur son lieu de travail"}]},{"@type":"WebSite","@id":"https:\/\/www.accidentdutravail-idf.net\/blog\/#website","url":"https:\/\/www.accidentdutravail-idf.net\/blog\/","name":"ACCIDENTDUTRAVAIL-IDF","description":"Portail accidents du travail-maladies professionnelles des entreprises d&#039;Ile-de-France","publisher":{"@id":"https:\/\/www.accidentdutravail-idf.net\/blog\/#organization"},"potentialAction":[{"@type":"SearchAction","target":{"@type":"EntryPoint","urlTemplate":"https:\/\/www.accidentdutravail-idf.net\/blog\/?s={search_term_string}"},"query-input":{"@type":"PropertyValueSpecification","valueRequired":true,"valueName":"search_term_string"}}],"inLanguage":"fr-FR"},{"@type":"Organization","@id":"https:\/\/www.accidentdutravail-idf.net\/blog\/#organization","name":"accidentdutravail-idf","url":"https:\/\/www.accidentdutravail-idf.net\/blog\/","logo":{"@type":"ImageObject","inLanguage":"fr-FR","@id":"https:\/\/www.accidentdutravail-idf.net\/blog\/#\/schema\/logo\/image\/","url":"https:\/\/www.accidentdutravail-idf.net\/blog\/wp-content\/uploads\/2022\/09\/logo-2.png","contentUrl":"https:\/\/www.accidentdutravail-idf.net\/blog\/wp-content\/uploads\/2022\/09\/logo-2.png","width":380,"height":291,"caption":"accidentdutravail-idf"},"image":{"@id":"https:\/\/www.accidentdutravail-idf.net\/blog\/#\/schema\/logo\/image\/"}},{"@type":"Person","@id":"https:\/\/www.accidentdutravail-idf.net\/blog\/#\/schema\/person\/3255d2f970de45e64bd9201f38e7b947","name":"Carlos Poulain","image":{"@type":"ImageObject","inLanguage":"fr-FR","@id":"https:\/\/secure.gravatar.com\/avatar\/b1c2f9d3588e34e91adb093635df64ef4b2381991216be7576466cfcdca4baf3?s=96&d=mm&r=g","url":"https:\/\/secure.gravatar.com\/avatar\/b1c2f9d3588e34e91adb093635df64ef4b2381991216be7576466cfcdca4baf3?s=96&d=mm&r=g","contentUrl":"https:\/\/secure.gravatar.com\/avatar\/b1c2f9d3588e34e91adb093635df64ef4b2381991216be7576466cfcdca4baf3?s=96&d=mm&r=g","caption":"Carlos Poulain"},"url":"https:\/\/www.accidentdutravail-idf.net\/blog\/author\/idfcarlos\/"}]}},"_links":{"self":[{"href":"https:\/\/www.accidentdutravail-idf.net\/blog\/wp-json\/wp\/v2\/posts\/1528","targetHints":{"allow":["GET"]}}],"collection":[{"href":"https:\/\/www.accidentdutravail-idf.net\/blog\/wp-json\/wp\/v2\/posts"}],"about":[{"href":"https:\/\/www.accidentdutravail-idf.net\/blog\/wp-json\/wp\/v2\/types\/post"}],"author":[{"embeddable":true,"href":"https:\/\/www.accidentdutravail-idf.net\/blog\/wp-json\/wp\/v2\/users\/2"}],"replies":[{"embeddable":true,"href":"https:\/\/www.accidentdutravail-idf.net\/blog\/wp-json\/wp\/v2\/comments?post=1528"}],"version-history":[{"count":0,"href":"https:\/\/www.accidentdutravail-idf.net\/blog\/wp-json\/wp\/v2\/posts\/1528\/revisions"}],"wp:attachment":[{"href":"https:\/\/www.accidentdutravail-idf.net\/blog\/wp-json\/wp\/v2\/media?parent=1528"}],"wp:term":[{"taxonomy":"category","embeddable":true,"href":"https:\/\/www.accidentdutravail-idf.net\/blog\/wp-json\/wp\/v2\/categories?post=1528"},{"taxonomy":"post_tag","embeddable":true,"href":"https:\/\/www.accidentdutravail-idf.net\/blog\/wp-json\/wp\/v2\/tags?post=1528"}],"curies":[{"name":"wp","href":"https:\/\/api.w.org\/{rel}","templated":true}]}}