{"id":1525,"date":"2025-06-26T04:34:00","date_gmt":"2025-06-26T02:34:00","guid":{"rendered":"https:\/\/www.accidentdutravail-idf.net\/blog\/mort-au-travail-dans-leure-un-agent-de-la-securite-des-routes-decede-dans-une-intervention\/"},"modified":"2025-06-26T04:34:00","modified_gmt":"2025-06-26T02:34:00","slug":"mort-au-travail-dans-leure-un-agent-de-la-securite-des-routes-decede-dans-une-intervention","status":"publish","type":"post","link":"https:\/\/www.accidentdutravail-idf.net\/blog\/mort-au-travail-dans-leure-un-agent-de-la-securite-des-routes-decede-dans-une-intervention\/","title":{"rendered":"Mort au travail : dans l\u2019Eure, un agent de la s\u00e9curit\u00e9 des routes d\u00e9c\u00e8de dans une intervention"},"content":{"rendered":"<div><img decoding=\"async\" src=\"https:\/\/www.accidentdutravail-idf.net\/blog\/wp-content\/uploads\/2025\/06\/mort-au-travail-dans-leure-un-agent-de-la-securite-des-routes-decede-dans-une-intervention.jpg\" class=\"ff-og-image-inserted\"><\/div>\n<p>\u00c0 peine plus d\u2019un mois apr\u00e8s <a href=\"https:\/\/www.humanite.fr\/social-et-economie\/agents-de-securite\/mort-au-travail-percute-par-un-poids-lourd-un-agent-de-la-securite-des-routes-est-decede\" target=\"_blank\" rel=\"nofollow\">un accident mortel en Seine-et-Marne<\/a>, un nouvel agent de la s\u00e9curit\u00e9 des routes a trouv\u00e9 la mort, le 24&nbsp;juin lors d\u2019une intervention sur la RN 154 \u00e0 La Chapelle-du-Bois-des-Faulx dans l\u2019Eure. Ce nouvel accident du travail marque le huiti\u00e8me d\u00e9c\u00e8s comptabilis\u00e9 en cinq ans uniquement chez les agents des Directions Interd\u00e9partementales des Routes (DIR).<\/p>\n<p>Aux alentours de 20&nbsp;heures, les agents de la DIR du Nord-Ouest sont intervenus sur la RN 154 pour s\u00e9curiser la zone apr\u00e8s la panne d\u2019une voiture. En pleine intervention, une fourgonnette qui doublait un poids lourd a percut\u00e9 un agent de 24&nbsp;ans, d\u00e9c\u00e9d\u00e9 sur le coup.<\/p>\n<p>Selon les chiffres de la F\u00e9d\u00e9ration Nationale de l\u2019Equipement-Environnement CGT, treize accidents se sont produits ces quinze derniers jours sur l\u2019ensemble du r\u00e9seau des DIR. Face \u00e0 des situations d\u2019intervention toujours plus risqu\u00e9es, 560 agents avaient d\u00e9cid\u00e9 d\u2019exercer leur droit de retrait apr\u00e8s l\u2019accident du 14&nbsp;mai dernier. Dans un communiqu\u00e9, la CGT a de nouveau appel\u00e9 les agents de la s\u00e9curit\u00e9 des routes \u00e0 exercer ce droit, malgr\u00e9 les r\u00e9ticences des diff\u00e9rentes Directions Interd\u00e9partementales.<\/p>\n<h2 class=\"wp-block-heading\">\u00ab&nbsp;L\u2019accident d\u2019hier est symptomatique des dysfonctionnements&nbsp;\u00bb<\/h2>\n<p>Pour Ivan Cand\u00e9, secr\u00e9taire g\u00e9n\u00e9ral de la FNEE-CGT, le manque de moyen est au centre de ces accidents \u00e0 r\u00e9p\u00e9tition. \u00ab<em>&nbsp;L\u2019accident d\u2019hier est symptomatique des dysfonctionnements. Il y a eu deux probl\u00e8mes \u00e0 g\u00e9rer&nbsp;: l\u2019accident d\u2019un camion d\u2019un c\u00f4t\u00e9 de la chauss\u00e9e et ensuite la panne d\u2019un v\u00e9hicule. Normalement, on doit envoyer deux \u00e9quipes diff\u00e9rentes pour assurer la s\u00e9curit\u00e9. Ici ce sont les m\u00eames agents qui ont d\u00fb intervenir aux deux endroits<\/em>,&nbsp;\u00bb s\u2019agace le repr\u00e9sentant syndical.<\/p>\n<p>En pr\u00e8s de 20&nbsp;ans d\u2019existence, les DIR ont vu leurs effectifs r\u00e9duits de 15&nbsp;% au fil des coupes budg\u00e9taires. \u00ab<em>&nbsp;D\u00e8s la cr\u00e9ation des services en 2007, les besoins \u00e9taient de 10&nbsp;000 agents pour assurer la s\u00e9curit\u00e9. On ne nous a affect\u00e9 que 9&nbsp;000 postes,<\/em> se souvient Michael Roux, militant CGT et agent de la DIR M\u00e9diterran\u00e9e. <em>On \u00e9tait d\u00e9j\u00e0 sous-dot\u00e9 et les chiffres n\u2019ont fait que diminuer.<\/em>&nbsp;\u00bb<\/p>\n<p>Ce mercredi 25&nbsp;juin, la FNEE-CGT rencontrait le directeur de cabinet de Fran\u00e7ois Rebsamen, ministre de l\u2019Am\u00e9nagement du Territoire et de la D\u00e9centralisation, pour alerter sur cet accident et demander des garanties. Une entrevue qui s\u2019est sold\u00e9e par \u00ab<em>&nbsp;un dialogue de sourds&nbsp;\u00bb<\/em> d\u00e9crit Michael Roux. \u00ab<em>&nbsp;Le gouvernement s\u2019obstine \u00e0 d\u00e9ployer un plan de pr\u00e9vention qu\u2019on juge inefficace. On demande une augmentation des moyens et des effectifs et l\u00e0 nous n\u2019avons pas de r\u00e9ponse<\/em>&nbsp;\u00bb, continue le militant. Dans un communiqu\u00e9, le ministre des Transports Philippe Tabarot insiste sur \u00ab<em>&nbsp;la mise en place de dispositifs de signalisation plus visibles et adapt\u00e9s, afin de mieux prot\u00e9ger ces femmes et ces hommes qui \u0153uvrent chaque jour pour la s\u00e9curit\u00e9 de tous<\/em>&nbsp;\u00bb et appelle \u00e0 une prise de conscience collective.<\/p>\n<p>Selon les chiffres compil\u00e9s par <em>L\u2019Humanit\u00e9<\/em>, ces vingt derni\u00e8res ann\u00e9es, <a href=\"https:\/\/www.humanite.fr\/social-et-economie\/morts-au-travail\/21-000-morts-et-135-millions-de-blesses-en-20-ans-le-vrai-bilan-des-accidents-du-travail\" target=\"_blank\" rel=\"nofollow\">21&nbsp;000 salari\u00e9s sont morts \u00e0 cause du travail, et 13,5&nbsp;millions de personnes ont \u00e9t\u00e9 bless\u00e9es<\/a>. Un fl\u00e9au qui n\u2019en finit pas de faire des d\u00e9g\u00e2ts.<\/p>\n<div id=\"form_don\" class=\"wp-block-group\">\n<div class=\"wp-block-group__inner-container is-layout-constrained wp-block-group-is-layout-constrained\">\n<h2 class=\"wp-block-heading\">Avant de partir, une derni\u00e8re chose\u2026<\/h2>\n<p>Contrairement \u00e0 90% des m\u00e9dias fran\u00e7ais aujourd\u2019hui, <strong>l\u2019Humanit\u00e9 ne d\u00e9pend ni de grands groupes ni de milliardaires<\/strong>. Cela signifie que : <\/p>\n<ul class=\"wp-block-list\">\n<li>nous vous apportons des <span>informations impartiales, sans compromis<\/span>. Mais aussi que <\/li>\n<li>nous n\u2019avons <span>pas les moyens financiers dont b\u00e9n\u00e9ficient les autres m\u00e9dias<\/span>.<\/li>\n<\/ul>\n<p><strong>L\u2019information ind\u00e9pendante et de qualit\u00e9 a un co\u00fbt<\/strong>. Payez-le.<br \/><a href=\"https:\/\/stage.preprod.humanite.fr\/lhumanite-cest-vous\" data-type=\"link\" data-id=\"https:\/\/stage.preprod.humanite.fr\/lhumanite-cest-vous\" target=\"_blank\" rel=\"nofollow\">Je veux en savoir plus<\/a><\/p>\n<\/p><\/div>\n<\/div>\n<p> accidentdutravail-idf.net vous a pr\u00e9par\u00e9 ce post qui informe du sujet \u00ab\u00a0Association Sportive Huisson-Longueville Essonne\u00a0\u00bb. La chronique se veut g\u00e9n\u00e9r\u00e9e du mieux possible. Vous pouvez utiliser les coordonn\u00e9es indiqu\u00e9es sur le site dans le but d\u2019apporter des explications sur ce post qui parle du th\u00e8me \u00ab\u00a0Association Sportive Huisson-Longueville Essonne\u00a0\u00bb. Le site accidentdutravail-idf.net a pour but de fournir diverses publications sur la th\u00e9matique Association Sportive Huisson-Longueville Essonne diffus\u00e9es sur le net. Il y aura plusieurs articles autour du sujet \u00ab\u00a0Association Sportive Huisson-Longueville Essonne\u00a0\u00bb dans quelques jours, nous vous invitons \u00e0 naviguer sur notre site web \u00e0 plusieurs reprises.<\/p>\n","protected":false},"excerpt":{"rendered":"<p>\u00c0 peine plus d\u2019un mois apr\u00e8s un accident mortel en Seine-et-Marne, un nouvel agent de la s\u00e9curit\u00e9 des routes a trouv\u00e9 la mort, le 24&nbsp;juin lors d\u2019une intervention sur la RN 154 \u00e0 La Chapelle-du-Bois-des-Faulx dans l\u2019Eure. Ce nouvel accident du travail marque le huiti\u00e8me d\u00e9c\u00e8s comptabilis\u00e9 en cinq ans uniquement chez les agents des &hellip; <\/p>\n<p class=\"link-more\"><a href=\"https:\/\/www.accidentdutravail-idf.net\/blog\/mort-au-travail-dans-leure-un-agent-de-la-securite-des-routes-decede-dans-une-intervention\/\" class=\"more-link\">Continuer la lecture <span class=\"screen-reader-text\"> \u00ab\u00a0Mort au travail : dans l\u2019Eure, un agent de la s\u00e9curit\u00e9 des routes d\u00e9c\u00e8de dans une intervention\u00a0\u00bb<\/span><\/a><\/p>\n","protected":false},"author":2,"featured_media":0,"comment_status":"closed","ping_status":"closed","sticky":false,"template":"","format":"standard","meta":{"footnotes":""},"categories":[5],"tags":[],"class_list":["post-1525","post","type-post","status-publish","format-standard","hentry","category-securite-du-travail-en-ile-de-france-et-divers","entry"],"yoast_head":"<!-- This site is optimized with the Yoast SEO plugin v27.5 - https:\/\/yoast.com\/product\/yoast-seo-wordpress\/ -->\n<title>Mort au travail : dans l\u2019Eure, un agent de la s\u00e9curit\u00e9 des routes d\u00e9c\u00e8de dans une intervention - ACCIDENTDUTRAVAIL-IDF<\/title>\n<meta name=\"description\" content=\"Mort au travail : dans l\u2019Eure, un agent de la s\u00e9curit\u00e9 des routes d\u00e9c\u00e8de dans une intervention article de ACCIDENTDUTRAVAIL-IDF\" \/>\n<meta name=\"robots\" content=\"index, follow, max-snippet:-1, max-image-preview:large, max-video-preview:-1\" \/>\n<link rel=\"canonical\" href=\"https:\/\/www.accidentdutravail-idf.net\/blog\/mort-au-travail-dans-leure-un-agent-de-la-securite-des-routes-decede-dans-une-intervention\/\" \/>\n<meta property=\"og:locale\" content=\"fr_FR\" \/>\n<meta property=\"og:type\" content=\"article\" \/>\n<meta property=\"og:title\" content=\"Mort au travail : dans l\u2019Eure, un agent de la s\u00e9curit\u00e9 des routes d\u00e9c\u00e8de dans une intervention - ACCIDENTDUTRAVAIL-IDF\" \/>\n<meta property=\"og:description\" content=\"Mort au travail : dans l\u2019Eure, un agent de la s\u00e9curit\u00e9 des routes d\u00e9c\u00e8de dans une intervention article de ACCIDENTDUTRAVAIL-IDF\" \/>\n<meta property=\"og:url\" content=\"https:\/\/www.accidentdutravail-idf.net\/blog\/mort-au-travail-dans-leure-un-agent-de-la-securite-des-routes-decede-dans-une-intervention\/\" \/>\n<meta property=\"og:site_name\" content=\"ACCIDENTDUTRAVAIL-IDF\" \/>\n<meta property=\"article:published_time\" content=\"2025-06-26T02:34:00+00:00\" \/>\n<meta property=\"og:image\" content=\"https:\/\/www.accidentdutravail-idf.net\/blog\/wp-content\/uploads\/2025\/06\/mort-au-travail-dans-leure-un-agent-de-la-securite-des-routes-decede-dans-une-intervention.jpg\" \/>\n<meta name=\"author\" content=\"Carlos Poulain\" \/>\n<meta name=\"twitter:card\" content=\"summary_large_image\" \/>\n<meta name=\"twitter:label1\" content=\"\u00c9crit par\" \/>\n\t<meta name=\"twitter:data1\" content=\"Carlos Poulain\" \/>\n\t<meta name=\"twitter:label2\" content=\"Dur\u00e9e de lecture estim\u00e9e\" \/>\n\t<meta name=\"twitter:data2\" content=\"4 minutes\" \/>\n<script type=\"application\/ld+json\" class=\"yoast-schema-graph\">{\"@context\":\"https:\\\/\\\/schema.org\",\"@graph\":[{\"@type\":\"Article\",\"@id\":\"https:\\\/\\\/www.accidentdutravail-idf.net\\\/blog\\\/mort-au-travail-dans-leure-un-agent-de-la-securite-des-routes-decede-dans-une-intervention\\\/#article\",\"isPartOf\":{\"@id\":\"https:\\\/\\\/www.accidentdutravail-idf.net\\\/blog\\\/mort-au-travail-dans-leure-un-agent-de-la-securite-des-routes-decede-dans-une-intervention\\\/\"},\"author\":{\"name\":\"Carlos Poulain\",\"@id\":\"https:\\\/\\\/www.accidentdutravail-idf.net\\\/blog\\\/#\\\/schema\\\/person\\\/3255d2f970de45e64bd9201f38e7b947\"},\"headline\":\"Mort au travail : dans l\u2019Eure, un agent de la s\u00e9curit\u00e9 des routes d\u00e9c\u00e8de dans une intervention\",\"datePublished\":\"2025-06-26T02:34:00+00:00\",\"mainEntityOfPage\":{\"@id\":\"https:\\\/\\\/www.accidentdutravail-idf.net\\\/blog\\\/mort-au-travail-dans-leure-un-agent-de-la-securite-des-routes-decede-dans-une-intervention\\\/\"},\"wordCount\":783,\"publisher\":{\"@id\":\"https:\\\/\\\/www.accidentdutravail-idf.net\\\/blog\\\/#organization\"},\"image\":{\"@id\":\"https:\\\/\\\/www.accidentdutravail-idf.net\\\/blog\\\/mort-au-travail-dans-leure-un-agent-de-la-securite-des-routes-decede-dans-une-intervention\\\/#primaryimage\"},\"thumbnailUrl\":\"https:\\\/\\\/www.accidentdutravail-idf.net\\\/blog\\\/wp-content\\\/uploads\\\/2025\\\/06\\\/mort-au-travail-dans-leure-un-agent-de-la-securite-des-routes-decede-dans-une-intervention.jpg\",\"articleSection\":[\"S\u00e9curit\u00e9 Du Travail En Ile-De-France Et Divers:\"],\"inLanguage\":\"fr-FR\"},{\"@type\":\"WebPage\",\"@id\":\"https:\\\/\\\/www.accidentdutravail-idf.net\\\/blog\\\/mort-au-travail-dans-leure-un-agent-de-la-securite-des-routes-decede-dans-une-intervention\\\/\",\"url\":\"https:\\\/\\\/www.accidentdutravail-idf.net\\\/blog\\\/mort-au-travail-dans-leure-un-agent-de-la-securite-des-routes-decede-dans-une-intervention\\\/\",\"name\":\"Mort au travail : dans l\u2019Eure, un agent de la s\u00e9curit\u00e9 des routes d\u00e9c\u00e8de dans une intervention - ACCIDENTDUTRAVAIL-IDF\",\"isPartOf\":{\"@id\":\"https:\\\/\\\/www.accidentdutravail-idf.net\\\/blog\\\/#website\"},\"primaryImageOfPage\":{\"@id\":\"https:\\\/\\\/www.accidentdutravail-idf.net\\\/blog\\\/mort-au-travail-dans-leure-un-agent-de-la-securite-des-routes-decede-dans-une-intervention\\\/#primaryimage\"},\"image\":{\"@id\":\"https:\\\/\\\/www.accidentdutravail-idf.net\\\/blog\\\/mort-au-travail-dans-leure-un-agent-de-la-securite-des-routes-decede-dans-une-intervention\\\/#primaryimage\"},\"thumbnailUrl\":\"https:\\\/\\\/www.accidentdutravail-idf.net\\\/blog\\\/wp-content\\\/uploads\\\/2025\\\/06\\\/mort-au-travail-dans-leure-un-agent-de-la-securite-des-routes-decede-dans-une-intervention.jpg\",\"datePublished\":\"2025-06-26T02:34:00+00:00\",\"description\":\"Mort au travail : dans l\u2019Eure, un agent de la s\u00e9curit\u00e9 des routes d\u00e9c\u00e8de dans une intervention article de ACCIDENTDUTRAVAIL-IDF\",\"breadcrumb\":{\"@id\":\"https:\\\/\\\/www.accidentdutravail-idf.net\\\/blog\\\/mort-au-travail-dans-leure-un-agent-de-la-securite-des-routes-decede-dans-une-intervention\\\/#breadcrumb\"},\"inLanguage\":\"fr-FR\",\"potentialAction\":[{\"@type\":\"ReadAction\",\"target\":[\"https:\\\/\\\/www.accidentdutravail-idf.net\\\/blog\\\/mort-au-travail-dans-leure-un-agent-de-la-securite-des-routes-decede-dans-une-intervention\\\/\"]}]},{\"@type\":\"ImageObject\",\"inLanguage\":\"fr-FR\",\"@id\":\"https:\\\/\\\/www.accidentdutravail-idf.net\\\/blog\\\/mort-au-travail-dans-leure-un-agent-de-la-securite-des-routes-decede-dans-une-intervention\\\/#primaryimage\",\"url\":\"https:\\\/\\\/www.accidentdutravail-idf.net\\\/blog\\\/wp-content\\\/uploads\\\/2025\\\/06\\\/mort-au-travail-dans-leure-un-agent-de-la-securite-des-routes-decede-dans-une-intervention.jpg\",\"contentUrl\":\"https:\\\/\\\/www.accidentdutravail-idf.net\\\/blog\\\/wp-content\\\/uploads\\\/2025\\\/06\\\/mort-au-travail-dans-leure-un-agent-de-la-securite-des-routes-decede-dans-une-intervention.jpg\"},{\"@type\":\"BreadcrumbList\",\"@id\":\"https:\\\/\\\/www.accidentdutravail-idf.net\\\/blog\\\/mort-au-travail-dans-leure-un-agent-de-la-securite-des-routes-decede-dans-une-intervention\\\/#breadcrumb\",\"itemListElement\":[{\"@type\":\"ListItem\",\"position\":1,\"name\":\"Accueil\",\"item\":\"https:\\\/\\\/www.accidentdutravail-idf.net\\\/blog\\\/\"},{\"@type\":\"ListItem\",\"position\":2,\"name\":\"Mort au travail : dans l\u2019Eure, un agent de la s\u00e9curit\u00e9 des routes d\u00e9c\u00e8de dans une intervention\"}]},{\"@type\":\"WebSite\",\"@id\":\"https:\\\/\\\/www.accidentdutravail-idf.net\\\/blog\\\/#website\",\"url\":\"https:\\\/\\\/www.accidentdutravail-idf.net\\\/blog\\\/\",\"name\":\"ACCIDENTDUTRAVAIL-IDF\",\"description\":\"Portail accidents du travail-maladies professionnelles des entreprises d&#039;Ile-de-France\",\"publisher\":{\"@id\":\"https:\\\/\\\/www.accidentdutravail-idf.net\\\/blog\\\/#organization\"},\"potentialAction\":[{\"@type\":\"SearchAction\",\"target\":{\"@type\":\"EntryPoint\",\"urlTemplate\":\"https:\\\/\\\/www.accidentdutravail-idf.net\\\/blog\\\/?s={search_term_string}\"},\"query-input\":{\"@type\":\"PropertyValueSpecification\",\"valueRequired\":true,\"valueName\":\"search_term_string\"}}],\"inLanguage\":\"fr-FR\"},{\"@type\":\"Organization\",\"@id\":\"https:\\\/\\\/www.accidentdutravail-idf.net\\\/blog\\\/#organization\",\"name\":\"accidentdutravail-idf\",\"url\":\"https:\\\/\\\/www.accidentdutravail-idf.net\\\/blog\\\/\",\"logo\":{\"@type\":\"ImageObject\",\"inLanguage\":\"fr-FR\",\"@id\":\"https:\\\/\\\/www.accidentdutravail-idf.net\\\/blog\\\/#\\\/schema\\\/logo\\\/image\\\/\",\"url\":\"https:\\\/\\\/www.accidentdutravail-idf.net\\\/blog\\\/wp-content\\\/uploads\\\/2022\\\/09\\\/logo-2.png\",\"contentUrl\":\"https:\\\/\\\/www.accidentdutravail-idf.net\\\/blog\\\/wp-content\\\/uploads\\\/2022\\\/09\\\/logo-2.png\",\"width\":380,\"height\":291,\"caption\":\"accidentdutravail-idf\"},\"image\":{\"@id\":\"https:\\\/\\\/www.accidentdutravail-idf.net\\\/blog\\\/#\\\/schema\\\/logo\\\/image\\\/\"}},{\"@type\":\"Person\",\"@id\":\"https:\\\/\\\/www.accidentdutravail-idf.net\\\/blog\\\/#\\\/schema\\\/person\\\/3255d2f970de45e64bd9201f38e7b947\",\"name\":\"Carlos Poulain\",\"image\":{\"@type\":\"ImageObject\",\"inLanguage\":\"fr-FR\",\"@id\":\"https:\\\/\\\/secure.gravatar.com\\\/avatar\\\/b1c2f9d3588e34e91adb093635df64ef4b2381991216be7576466cfcdca4baf3?s=96&d=mm&r=g\",\"url\":\"https:\\\/\\\/secure.gravatar.com\\\/avatar\\\/b1c2f9d3588e34e91adb093635df64ef4b2381991216be7576466cfcdca4baf3?s=96&d=mm&r=g\",\"contentUrl\":\"https:\\\/\\\/secure.gravatar.com\\\/avatar\\\/b1c2f9d3588e34e91adb093635df64ef4b2381991216be7576466cfcdca4baf3?s=96&d=mm&r=g\",\"caption\":\"Carlos Poulain\"},\"url\":\"https:\\\/\\\/www.accidentdutravail-idf.net\\\/blog\\\/author\\\/idfcarlos\\\/\"}]}<\/script>\n<!-- \/ Yoast SEO plugin. -->","yoast_head_json":{"title":"Mort au travail : dans l\u2019Eure, un agent de la s\u00e9curit\u00e9 des routes d\u00e9c\u00e8de dans une intervention - ACCIDENTDUTRAVAIL-IDF","description":"Mort au travail : dans l\u2019Eure, un agent de la s\u00e9curit\u00e9 des routes d\u00e9c\u00e8de dans une intervention article de ACCIDENTDUTRAVAIL-IDF","robots":{"index":"index","follow":"follow","max-snippet":"max-snippet:-1","max-image-preview":"max-image-preview:large","max-video-preview":"max-video-preview:-1"},"canonical":"https:\/\/www.accidentdutravail-idf.net\/blog\/mort-au-travail-dans-leure-un-agent-de-la-securite-des-routes-decede-dans-une-intervention\/","og_locale":"fr_FR","og_type":"article","og_title":"Mort au travail : dans l\u2019Eure, un agent de la s\u00e9curit\u00e9 des routes d\u00e9c\u00e8de dans une intervention - ACCIDENTDUTRAVAIL-IDF","og_description":"Mort au travail : dans l\u2019Eure, un agent de la s\u00e9curit\u00e9 des routes d\u00e9c\u00e8de dans une intervention article de ACCIDENTDUTRAVAIL-IDF","og_url":"https:\/\/www.accidentdutravail-idf.net\/blog\/mort-au-travail-dans-leure-un-agent-de-la-securite-des-routes-decede-dans-une-intervention\/","og_site_name":"ACCIDENTDUTRAVAIL-IDF","article_published_time":"2025-06-26T02:34:00+00:00","og_image":[{"url":"https:\/\/www.accidentdutravail-idf.net\/blog\/wp-content\/uploads\/2025\/06\/mort-au-travail-dans-leure-un-agent-de-la-securite-des-routes-decede-dans-une-intervention.jpg","type":"","width":"","height":""}],"author":"Carlos Poulain","twitter_card":"summary_large_image","twitter_misc":{"\u00c9crit par":"Carlos Poulain","Dur\u00e9e de lecture estim\u00e9e":"4 minutes"},"schema":{"@context":"https:\/\/schema.org","@graph":[{"@type":"Article","@id":"https:\/\/www.accidentdutravail-idf.net\/blog\/mort-au-travail-dans-leure-un-agent-de-la-securite-des-routes-decede-dans-une-intervention\/#article","isPartOf":{"@id":"https:\/\/www.accidentdutravail-idf.net\/blog\/mort-au-travail-dans-leure-un-agent-de-la-securite-des-routes-decede-dans-une-intervention\/"},"author":{"name":"Carlos Poulain","@id":"https:\/\/www.accidentdutravail-idf.net\/blog\/#\/schema\/person\/3255d2f970de45e64bd9201f38e7b947"},"headline":"Mort au travail : dans l\u2019Eure, un agent de la s\u00e9curit\u00e9 des routes d\u00e9c\u00e8de dans une intervention","datePublished":"2025-06-26T02:34:00+00:00","mainEntityOfPage":{"@id":"https:\/\/www.accidentdutravail-idf.net\/blog\/mort-au-travail-dans-leure-un-agent-de-la-securite-des-routes-decede-dans-une-intervention\/"},"wordCount":783,"publisher":{"@id":"https:\/\/www.accidentdutravail-idf.net\/blog\/#organization"},"image":{"@id":"https:\/\/www.accidentdutravail-idf.net\/blog\/mort-au-travail-dans-leure-un-agent-de-la-securite-des-routes-decede-dans-une-intervention\/#primaryimage"},"thumbnailUrl":"https:\/\/www.accidentdutravail-idf.net\/blog\/wp-content\/uploads\/2025\/06\/mort-au-travail-dans-leure-un-agent-de-la-securite-des-routes-decede-dans-une-intervention.jpg","articleSection":["S\u00e9curit\u00e9 Du Travail En Ile-De-France Et Divers:"],"inLanguage":"fr-FR"},{"@type":"WebPage","@id":"https:\/\/www.accidentdutravail-idf.net\/blog\/mort-au-travail-dans-leure-un-agent-de-la-securite-des-routes-decede-dans-une-intervention\/","url":"https:\/\/www.accidentdutravail-idf.net\/blog\/mort-au-travail-dans-leure-un-agent-de-la-securite-des-routes-decede-dans-une-intervention\/","name":"Mort au travail : dans l\u2019Eure, un agent de la s\u00e9curit\u00e9 des routes d\u00e9c\u00e8de dans une intervention - ACCIDENTDUTRAVAIL-IDF","isPartOf":{"@id":"https:\/\/www.accidentdutravail-idf.net\/blog\/#website"},"primaryImageOfPage":{"@id":"https:\/\/www.accidentdutravail-idf.net\/blog\/mort-au-travail-dans-leure-un-agent-de-la-securite-des-routes-decede-dans-une-intervention\/#primaryimage"},"image":{"@id":"https:\/\/www.accidentdutravail-idf.net\/blog\/mort-au-travail-dans-leure-un-agent-de-la-securite-des-routes-decede-dans-une-intervention\/#primaryimage"},"thumbnailUrl":"https:\/\/www.accidentdutravail-idf.net\/blog\/wp-content\/uploads\/2025\/06\/mort-au-travail-dans-leure-un-agent-de-la-securite-des-routes-decede-dans-une-intervention.jpg","datePublished":"2025-06-26T02:34:00+00:00","description":"Mort au travail : dans l\u2019Eure, un agent de la s\u00e9curit\u00e9 des routes d\u00e9c\u00e8de dans une intervention article de ACCIDENTDUTRAVAIL-IDF","breadcrumb":{"@id":"https:\/\/www.accidentdutravail-idf.net\/blog\/mort-au-travail-dans-leure-un-agent-de-la-securite-des-routes-decede-dans-une-intervention\/#breadcrumb"},"inLanguage":"fr-FR","potentialAction":[{"@type":"ReadAction","target":["https:\/\/www.accidentdutravail-idf.net\/blog\/mort-au-travail-dans-leure-un-agent-de-la-securite-des-routes-decede-dans-une-intervention\/"]}]},{"@type":"ImageObject","inLanguage":"fr-FR","@id":"https:\/\/www.accidentdutravail-idf.net\/blog\/mort-au-travail-dans-leure-un-agent-de-la-securite-des-routes-decede-dans-une-intervention\/#primaryimage","url":"https:\/\/www.accidentdutravail-idf.net\/blog\/wp-content\/uploads\/2025\/06\/mort-au-travail-dans-leure-un-agent-de-la-securite-des-routes-decede-dans-une-intervention.jpg","contentUrl":"https:\/\/www.accidentdutravail-idf.net\/blog\/wp-content\/uploads\/2025\/06\/mort-au-travail-dans-leure-un-agent-de-la-securite-des-routes-decede-dans-une-intervention.jpg"},{"@type":"BreadcrumbList","@id":"https:\/\/www.accidentdutravail-idf.net\/blog\/mort-au-travail-dans-leure-un-agent-de-la-securite-des-routes-decede-dans-une-intervention\/#breadcrumb","itemListElement":[{"@type":"ListItem","position":1,"name":"Accueil","item":"https:\/\/www.accidentdutravail-idf.net\/blog\/"},{"@type":"ListItem","position":2,"name":"Mort au travail : dans l\u2019Eure, un agent de la s\u00e9curit\u00e9 des routes d\u00e9c\u00e8de dans une intervention"}]},{"@type":"WebSite","@id":"https:\/\/www.accidentdutravail-idf.net\/blog\/#website","url":"https:\/\/www.accidentdutravail-idf.net\/blog\/","name":"ACCIDENTDUTRAVAIL-IDF","description":"Portail accidents du travail-maladies professionnelles des entreprises d&#039;Ile-de-France","publisher":{"@id":"https:\/\/www.accidentdutravail-idf.net\/blog\/#organization"},"potentialAction":[{"@type":"SearchAction","target":{"@type":"EntryPoint","urlTemplate":"https:\/\/www.accidentdutravail-idf.net\/blog\/?s={search_term_string}"},"query-input":{"@type":"PropertyValueSpecification","valueRequired":true,"valueName":"search_term_string"}}],"inLanguage":"fr-FR"},{"@type":"Organization","@id":"https:\/\/www.accidentdutravail-idf.net\/blog\/#organization","name":"accidentdutravail-idf","url":"https:\/\/www.accidentdutravail-idf.net\/blog\/","logo":{"@type":"ImageObject","inLanguage":"fr-FR","@id":"https:\/\/www.accidentdutravail-idf.net\/blog\/#\/schema\/logo\/image\/","url":"https:\/\/www.accidentdutravail-idf.net\/blog\/wp-content\/uploads\/2022\/09\/logo-2.png","contentUrl":"https:\/\/www.accidentdutravail-idf.net\/blog\/wp-content\/uploads\/2022\/09\/logo-2.png","width":380,"height":291,"caption":"accidentdutravail-idf"},"image":{"@id":"https:\/\/www.accidentdutravail-idf.net\/blog\/#\/schema\/logo\/image\/"}},{"@type":"Person","@id":"https:\/\/www.accidentdutravail-idf.net\/blog\/#\/schema\/person\/3255d2f970de45e64bd9201f38e7b947","name":"Carlos Poulain","image":{"@type":"ImageObject","inLanguage":"fr-FR","@id":"https:\/\/secure.gravatar.com\/avatar\/b1c2f9d3588e34e91adb093635df64ef4b2381991216be7576466cfcdca4baf3?s=96&d=mm&r=g","url":"https:\/\/secure.gravatar.com\/avatar\/b1c2f9d3588e34e91adb093635df64ef4b2381991216be7576466cfcdca4baf3?s=96&d=mm&r=g","contentUrl":"https:\/\/secure.gravatar.com\/avatar\/b1c2f9d3588e34e91adb093635df64ef4b2381991216be7576466cfcdca4baf3?s=96&d=mm&r=g","caption":"Carlos Poulain"},"url":"https:\/\/www.accidentdutravail-idf.net\/blog\/author\/idfcarlos\/"}]}},"_links":{"self":[{"href":"https:\/\/www.accidentdutravail-idf.net\/blog\/wp-json\/wp\/v2\/posts\/1525","targetHints":{"allow":["GET"]}}],"collection":[{"href":"https:\/\/www.accidentdutravail-idf.net\/blog\/wp-json\/wp\/v2\/posts"}],"about":[{"href":"https:\/\/www.accidentdutravail-idf.net\/blog\/wp-json\/wp\/v2\/types\/post"}],"author":[{"embeddable":true,"href":"https:\/\/www.accidentdutravail-idf.net\/blog\/wp-json\/wp\/v2\/users\/2"}],"replies":[{"embeddable":true,"href":"https:\/\/www.accidentdutravail-idf.net\/blog\/wp-json\/wp\/v2\/comments?post=1525"}],"version-history":[{"count":0,"href":"https:\/\/www.accidentdutravail-idf.net\/blog\/wp-json\/wp\/v2\/posts\/1525\/revisions"}],"wp:attachment":[{"href":"https:\/\/www.accidentdutravail-idf.net\/blog\/wp-json\/wp\/v2\/media?parent=1525"}],"wp:term":[{"taxonomy":"category","embeddable":true,"href":"https:\/\/www.accidentdutravail-idf.net\/blog\/wp-json\/wp\/v2\/categories?post=1525"},{"taxonomy":"post_tag","embeddable":true,"href":"https:\/\/www.accidentdutravail-idf.net\/blog\/wp-json\/wp\/v2\/tags?post=1525"}],"curies":[{"name":"wp","href":"https:\/\/api.w.org\/{rel}","templated":true}]}}