{"id":1524,"date":"2025-06-25T04:54:00","date_gmt":"2025-06-25T02:54:00","guid":{"rendered":"https:\/\/www.accidentdutravail-idf.net\/blog\/greve-a-lehpad-du-haut-leon-la-direction-veut-echanger-avec-les-equipes-sur-la-reorganisation-du-travail\/"},"modified":"2025-06-25T04:54:00","modified_gmt":"2025-06-25T02:54:00","slug":"greve-a-lehpad-du-haut-leon-la-direction-veut-echanger-avec-les-equipes-sur-la-reorganisation-du-travail","status":"publish","type":"post","link":"https:\/\/www.accidentdutravail-idf.net\/blog\/greve-a-lehpad-du-haut-leon-la-direction-veut-echanger-avec-les-equipes-sur-la-reorganisation-du-travail\/","title":{"rendered":"Gr\u00e8ve \u00e0 l\u2019Ehpad du Haut-L\u00e9on : la direction veut \u00e9changer avec les \u00e9quipes sur la r\u00e9organisation du travail"},"content":{"rendered":"<div><img decoding=\"async\" src=\"https:\/\/www.accidentdutravail-idf.net\/blog\/wp-content\/uploads\/2025\/06\/greve-a-lehpad-du-haut-leon-la-direction-veut-echanger-avec-les-equipes-sur-la-reorganisation-du-travail.jpg\" class=\"ff-og-image-inserted\"><\/div>\n<div>\n<p>Suite au <a href=\"https:\/\/www.letelegramme.fr\/finistere\/roscoff-29680\/a-roscoff-des-salaries-de-lehpad-du-haut-leon-boycottent-le-conseil-dadministration-6842391.php\" title=\"www.letelegramme.fr\" target=\"_blank\" rel=\"nofollow\">mouvement de gr\u00e8ve et au d\u00e9brayage d\u2019une partie du personnel mardi 24 juin 2025<\/a>, \u00e0 l\u2019Ehpad du Haut-L\u00e9on (qui englobe la r\u00e9sidence Saint-Nicolas \u00e0 Roscoff, et l\u2019Ehpad Kersaudy \u00e0 Saint-Pol-de-L\u00e9on), et au d\u00e9p\u00f4t de deux motions par les syndicats Sud et CFDT, C\u00e9line Aubry, directrice d\u00e9l\u00e9gu\u00e9e, indique que le conseil d\u2019administration a \u00e9chang\u00e9 sur les points soulev\u00e9s, \u00e0 savoir notamment l\u2019\u00e9puisement au travail en lien avec les organisations de travail actuelles, les locaux et le formalisme. \u00ab&nbsp;Les professionnels ont rappel\u00e9 l\u2019importance de leurs repos dans leur organisation de vie et dans leur \u00e9quilibre de vie personnelle&nbsp;\u00bb, pr\u00e9cise-t-elle. Le maire, St\u00e9phane Cloarec, a rappel\u00e9 les \u00e9tapes depuis la fusion de 2017 et l\u2019\u00e9volution du contexte.<\/p>\n<\/div>\n<div aria-hidden=\"true\">\n<h2>Difficult\u00e9s d\u2019attractivit\u00e9<\/h2>\n<p>Sur le sujet des travaux &#8211; <a href=\"https:\/\/www.letelegramme.fr\/finistere\/saint-pol-de-leon-29250\/ehpad-du-haut-leon-a-saint-pol-de-leon-la-premiere-pierre-posee-dun-chantier-de-pres-de-26-millions-deuros-6823406.php\" title=\"www.letelegramme.fr\" target=\"_blank\" rel=\"nofollow\">la premi\u00e8re pierre de ce chantier \u00e0 26 millions d\u2019euros a \u00e9t\u00e9 pos\u00e9e le 23 mai dernier<\/a> -, C\u00e9line Aubry a rappel\u00e9 les \u00e9l\u00e9ments financiers et leur impact sur le prix de journ\u00e9e. Elle pr\u00e9cise toutefois que \u00ab&nbsp;ce projet est un projet en soi, qui n\u2019a rien \u00e0 voir avec les r\u00e9organisations de travail&nbsp;\u00bb. <\/p>\n<p>Elle \u00e9voque les difficult\u00e9s de l\u2019Ehpad du Haut-L\u00e9on en termes d\u2019attractivit\u00e9, d\u2019accidents de travail et d\u2019absent\u00e9isme par site. L\u2019accompagnement des \u00e9quipes a \u00e9t\u00e9 assur\u00e9 via la refonte des documents dont l\u2019analyse des risques, la remise en place d\u2019un plan d\u2019\u00e9quipements important et des entretiens professionnels.<\/p>\n<\/div>\n<div aria-hidden=\"true\">\n<h2>Une r\u00e9flexion collective<\/h2>\n<p>Souhaitant proposer \u00ab&nbsp;une vision globale et un cadre harmonis\u00e9&nbsp;\u00bb, la directrice d\u00e9l\u00e9gu\u00e9e avance les \u00e9l\u00e9ments suivants&nbsp;: une r\u00e9duction des d\u00e9placements et une lisibilit\u00e9 du travail, une r\u00e9duction des coupes et la mise en place de r\u00e9union de services pour soutenir les collectifs. <\/p>\n<\/div>\n<div aria-hidden=\"true\">\n<p>\u00ab&nbsp;Le travail a d\u00e9but\u00e9 avec des \u00e9tapes travaill\u00e9es en \u00e9quipe. Il n\u2019est pas termin\u00e9. Les hypoth\u00e8ses ont \u00e9t\u00e9 communiqu\u00e9es aux cadres et repr\u00e9sentants pour en \u00e9changer. Il se prolongera le 8 juillet avec une r\u00e9union ouverte \u00e0 l\u2019attention des professionnels sur chaque site, \u00e0 Saint-Pol et \u00e0 Roscoff.&nbsp;\u00bb La direction souhaite que des \u00e9changes puissent \u00eatre programm\u00e9s pour travailler les hypoth\u00e8ses de r\u00e9organisation de travail.<\/p>\n<\/div>\n<p>accidentdutravail-idf.net vous a pr\u00e9par\u00e9 ce post qui informe du sujet \u00ab\u00a0Association Sportive Huisson-Longueville Essonne\u00a0\u00bb. La chronique se veut g\u00e9n\u00e9r\u00e9e du mieux possible. Vous pouvez utiliser les coordonn\u00e9es indiqu\u00e9es sur le site dans le but d\u2019apporter des explications sur ce post qui parle du th\u00e8me \u00ab\u00a0Association Sportive Huisson-Longueville Essonne\u00a0\u00bb. Le site accidentdutravail-idf.net a pour but de fournir diverses publications sur la th\u00e9matique Association Sportive Huisson-Longueville Essonne diffus\u00e9es sur le net. Il y aura plusieurs articles autour du sujet \u00ab\u00a0Association Sportive Huisson-Longueville Essonne\u00a0\u00bb dans quelques jours, nous vous invitons \u00e0 naviguer sur notre site web \u00e0 plusieurs reprises.<\/p>\n","protected":false},"excerpt":{"rendered":"<p>Suite au mouvement de gr\u00e8ve et au d\u00e9brayage d\u2019une partie du personnel mardi 24 juin 2025, \u00e0 l\u2019Ehpad du Haut-L\u00e9on (qui englobe la r\u00e9sidence Saint-Nicolas \u00e0 Roscoff, et l\u2019Ehpad Kersaudy \u00e0 Saint-Pol-de-L\u00e9on), et au d\u00e9p\u00f4t de deux motions par les syndicats Sud et CFDT, C\u00e9line Aubry, directrice d\u00e9l\u00e9gu\u00e9e, indique que le conseil d\u2019administration a \u00e9chang\u00e9 &hellip; <\/p>\n<p class=\"link-more\"><a href=\"https:\/\/www.accidentdutravail-idf.net\/blog\/greve-a-lehpad-du-haut-leon-la-direction-veut-echanger-avec-les-equipes-sur-la-reorganisation-du-travail\/\" class=\"more-link\">Continuer la lecture <span class=\"screen-reader-text\"> \u00ab\u00a0Gr\u00e8ve \u00e0 l\u2019Ehpad du Haut-L\u00e9on : la direction veut \u00e9changer avec les \u00e9quipes sur la r\u00e9organisation du travail\u00a0\u00bb<\/span><\/a><\/p>\n","protected":false},"author":2,"featured_media":0,"comment_status":"closed","ping_status":"closed","sticky":false,"template":"","format":"standard","meta":{"footnotes":""},"categories":[5],"tags":[],"class_list":["post-1524","post","type-post","status-publish","format-standard","hentry","category-securite-du-travail-en-ile-de-france-et-divers","entry"],"yoast_head":"<!-- This site is optimized with the Yoast SEO plugin v27.5 - https:\/\/yoast.com\/product\/yoast-seo-wordpress\/ -->\n<title>Gr\u00e8ve \u00e0 l\u2019Ehpad du Haut-L\u00e9on : la direction veut \u00e9changer avec les \u00e9quipes sur la r\u00e9organisation du travail - ACCIDENTDUTRAVAIL-IDF<\/title>\n<meta name=\"description\" content=\"Gr\u00e8ve \u00e0 l\u2019Ehpad du Haut-L\u00e9on : la direction veut \u00e9changer avec les \u00e9quipes sur la r\u00e9organisation du travail article de ACCIDENTDUTRAVAIL-IDF\" \/>\n<meta name=\"robots\" content=\"index, follow, max-snippet:-1, max-image-preview:large, max-video-preview:-1\" \/>\n<link rel=\"canonical\" href=\"https:\/\/www.accidentdutravail-idf.net\/blog\/greve-a-lehpad-du-haut-leon-la-direction-veut-echanger-avec-les-equipes-sur-la-reorganisation-du-travail\/\" \/>\n<meta property=\"og:locale\" content=\"fr_FR\" \/>\n<meta property=\"og:type\" content=\"article\" \/>\n<meta property=\"og:title\" content=\"Gr\u00e8ve \u00e0 l\u2019Ehpad du Haut-L\u00e9on : la direction veut \u00e9changer avec les \u00e9quipes sur la r\u00e9organisation du travail - ACCIDENTDUTRAVAIL-IDF\" \/>\n<meta property=\"og:description\" content=\"Gr\u00e8ve \u00e0 l\u2019Ehpad du Haut-L\u00e9on : la direction veut \u00e9changer avec les \u00e9quipes sur la r\u00e9organisation du travail article de ACCIDENTDUTRAVAIL-IDF\" \/>\n<meta property=\"og:url\" content=\"https:\/\/www.accidentdutravail-idf.net\/blog\/greve-a-lehpad-du-haut-leon-la-direction-veut-echanger-avec-les-equipes-sur-la-reorganisation-du-travail\/\" \/>\n<meta property=\"og:site_name\" content=\"ACCIDENTDUTRAVAIL-IDF\" \/>\n<meta property=\"article:published_time\" content=\"2025-06-25T02:54:00+00:00\" \/>\n<meta property=\"og:image\" content=\"https:\/\/www.accidentdutravail-idf.net\/blog\/wp-content\/uploads\/2025\/06\/greve-a-lehpad-du-haut-leon-la-direction-veut-echanger-avec-les-equipes-sur-la-reorganisation-du-travail.jpg\" \/>\n<meta name=\"author\" content=\"Carlos Poulain\" \/>\n<meta name=\"twitter:card\" content=\"summary_large_image\" \/>\n<meta name=\"twitter:label1\" content=\"\u00c9crit par\" \/>\n\t<meta name=\"twitter:data1\" content=\"Carlos Poulain\" \/>\n\t<meta name=\"twitter:label2\" content=\"Dur\u00e9e de lecture estim\u00e9e\" \/>\n\t<meta name=\"twitter:data2\" content=\"2 minutes\" \/>\n<script type=\"application\/ld+json\" class=\"yoast-schema-graph\">{\"@context\":\"https:\\\/\\\/schema.org\",\"@graph\":[{\"@type\":\"Article\",\"@id\":\"https:\\\/\\\/www.accidentdutravail-idf.net\\\/blog\\\/greve-a-lehpad-du-haut-leon-la-direction-veut-echanger-avec-les-equipes-sur-la-reorganisation-du-travail\\\/#article\",\"isPartOf\":{\"@id\":\"https:\\\/\\\/www.accidentdutravail-idf.net\\\/blog\\\/greve-a-lehpad-du-haut-leon-la-direction-veut-echanger-avec-les-equipes-sur-la-reorganisation-du-travail\\\/\"},\"author\":{\"name\":\"Carlos Poulain\",\"@id\":\"https:\\\/\\\/www.accidentdutravail-idf.net\\\/blog\\\/#\\\/schema\\\/person\\\/3255d2f970de45e64bd9201f38e7b947\"},\"headline\":\"Gr\u00e8ve \u00e0 l\u2019Ehpad du Haut-L\u00e9on : la direction veut \u00e9changer avec les \u00e9quipes sur la r\u00e9organisation du travail\",\"datePublished\":\"2025-06-25T02:54:00+00:00\",\"mainEntityOfPage\":{\"@id\":\"https:\\\/\\\/www.accidentdutravail-idf.net\\\/blog\\\/greve-a-lehpad-du-haut-leon-la-direction-veut-echanger-avec-les-equipes-sur-la-reorganisation-du-travail\\\/\"},\"wordCount\":516,\"publisher\":{\"@id\":\"https:\\\/\\\/www.accidentdutravail-idf.net\\\/blog\\\/#organization\"},\"image\":{\"@id\":\"https:\\\/\\\/www.accidentdutravail-idf.net\\\/blog\\\/greve-a-lehpad-du-haut-leon-la-direction-veut-echanger-avec-les-equipes-sur-la-reorganisation-du-travail\\\/#primaryimage\"},\"thumbnailUrl\":\"https:\\\/\\\/www.accidentdutravail-idf.net\\\/blog\\\/wp-content\\\/uploads\\\/2025\\\/06\\\/greve-a-lehpad-du-haut-leon-la-direction-veut-echanger-avec-les-equipes-sur-la-reorganisation-du-travail.jpg\",\"articleSection\":[\"S\u00e9curit\u00e9 Du Travail En Ile-De-France Et Divers:\"],\"inLanguage\":\"fr-FR\"},{\"@type\":\"WebPage\",\"@id\":\"https:\\\/\\\/www.accidentdutravail-idf.net\\\/blog\\\/greve-a-lehpad-du-haut-leon-la-direction-veut-echanger-avec-les-equipes-sur-la-reorganisation-du-travail\\\/\",\"url\":\"https:\\\/\\\/www.accidentdutravail-idf.net\\\/blog\\\/greve-a-lehpad-du-haut-leon-la-direction-veut-echanger-avec-les-equipes-sur-la-reorganisation-du-travail\\\/\",\"name\":\"Gr\u00e8ve \u00e0 l\u2019Ehpad du Haut-L\u00e9on : la direction veut \u00e9changer avec les \u00e9quipes sur la r\u00e9organisation du travail - ACCIDENTDUTRAVAIL-IDF\",\"isPartOf\":{\"@id\":\"https:\\\/\\\/www.accidentdutravail-idf.net\\\/blog\\\/#website\"},\"primaryImageOfPage\":{\"@id\":\"https:\\\/\\\/www.accidentdutravail-idf.net\\\/blog\\\/greve-a-lehpad-du-haut-leon-la-direction-veut-echanger-avec-les-equipes-sur-la-reorganisation-du-travail\\\/#primaryimage\"},\"image\":{\"@id\":\"https:\\\/\\\/www.accidentdutravail-idf.net\\\/blog\\\/greve-a-lehpad-du-haut-leon-la-direction-veut-echanger-avec-les-equipes-sur-la-reorganisation-du-travail\\\/#primaryimage\"},\"thumbnailUrl\":\"https:\\\/\\\/www.accidentdutravail-idf.net\\\/blog\\\/wp-content\\\/uploads\\\/2025\\\/06\\\/greve-a-lehpad-du-haut-leon-la-direction-veut-echanger-avec-les-equipes-sur-la-reorganisation-du-travail.jpg\",\"datePublished\":\"2025-06-25T02:54:00+00:00\",\"description\":\"Gr\u00e8ve \u00e0 l\u2019Ehpad du Haut-L\u00e9on : la direction veut \u00e9changer avec les \u00e9quipes sur la r\u00e9organisation du travail article de ACCIDENTDUTRAVAIL-IDF\",\"breadcrumb\":{\"@id\":\"https:\\\/\\\/www.accidentdutravail-idf.net\\\/blog\\\/greve-a-lehpad-du-haut-leon-la-direction-veut-echanger-avec-les-equipes-sur-la-reorganisation-du-travail\\\/#breadcrumb\"},\"inLanguage\":\"fr-FR\",\"potentialAction\":[{\"@type\":\"ReadAction\",\"target\":[\"https:\\\/\\\/www.accidentdutravail-idf.net\\\/blog\\\/greve-a-lehpad-du-haut-leon-la-direction-veut-echanger-avec-les-equipes-sur-la-reorganisation-du-travail\\\/\"]}]},{\"@type\":\"ImageObject\",\"inLanguage\":\"fr-FR\",\"@id\":\"https:\\\/\\\/www.accidentdutravail-idf.net\\\/blog\\\/greve-a-lehpad-du-haut-leon-la-direction-veut-echanger-avec-les-equipes-sur-la-reorganisation-du-travail\\\/#primaryimage\",\"url\":\"https:\\\/\\\/www.accidentdutravail-idf.net\\\/blog\\\/wp-content\\\/uploads\\\/2025\\\/06\\\/greve-a-lehpad-du-haut-leon-la-direction-veut-echanger-avec-les-equipes-sur-la-reorganisation-du-travail.jpg\",\"contentUrl\":\"https:\\\/\\\/www.accidentdutravail-idf.net\\\/blog\\\/wp-content\\\/uploads\\\/2025\\\/06\\\/greve-a-lehpad-du-haut-leon-la-direction-veut-echanger-avec-les-equipes-sur-la-reorganisation-du-travail.jpg\"},{\"@type\":\"BreadcrumbList\",\"@id\":\"https:\\\/\\\/www.accidentdutravail-idf.net\\\/blog\\\/greve-a-lehpad-du-haut-leon-la-direction-veut-echanger-avec-les-equipes-sur-la-reorganisation-du-travail\\\/#breadcrumb\",\"itemListElement\":[{\"@type\":\"ListItem\",\"position\":1,\"name\":\"Accueil\",\"item\":\"https:\\\/\\\/www.accidentdutravail-idf.net\\\/blog\\\/\"},{\"@type\":\"ListItem\",\"position\":2,\"name\":\"Gr\u00e8ve \u00e0 l\u2019Ehpad du Haut-L\u00e9on : la direction veut \u00e9changer avec les \u00e9quipes sur la r\u00e9organisation du travail\"}]},{\"@type\":\"WebSite\",\"@id\":\"https:\\\/\\\/www.accidentdutravail-idf.net\\\/blog\\\/#website\",\"url\":\"https:\\\/\\\/www.accidentdutravail-idf.net\\\/blog\\\/\",\"name\":\"ACCIDENTDUTRAVAIL-IDF\",\"description\":\"Portail accidents du travail-maladies professionnelles des entreprises d&#039;Ile-de-France\",\"publisher\":{\"@id\":\"https:\\\/\\\/www.accidentdutravail-idf.net\\\/blog\\\/#organization\"},\"potentialAction\":[{\"@type\":\"SearchAction\",\"target\":{\"@type\":\"EntryPoint\",\"urlTemplate\":\"https:\\\/\\\/www.accidentdutravail-idf.net\\\/blog\\\/?s={search_term_string}\"},\"query-input\":{\"@type\":\"PropertyValueSpecification\",\"valueRequired\":true,\"valueName\":\"search_term_string\"}}],\"inLanguage\":\"fr-FR\"},{\"@type\":\"Organization\",\"@id\":\"https:\\\/\\\/www.accidentdutravail-idf.net\\\/blog\\\/#organization\",\"name\":\"accidentdutravail-idf\",\"url\":\"https:\\\/\\\/www.accidentdutravail-idf.net\\\/blog\\\/\",\"logo\":{\"@type\":\"ImageObject\",\"inLanguage\":\"fr-FR\",\"@id\":\"https:\\\/\\\/www.accidentdutravail-idf.net\\\/blog\\\/#\\\/schema\\\/logo\\\/image\\\/\",\"url\":\"https:\\\/\\\/www.accidentdutravail-idf.net\\\/blog\\\/wp-content\\\/uploads\\\/2022\\\/09\\\/logo-2.png\",\"contentUrl\":\"https:\\\/\\\/www.accidentdutravail-idf.net\\\/blog\\\/wp-content\\\/uploads\\\/2022\\\/09\\\/logo-2.png\",\"width\":380,\"height\":291,\"caption\":\"accidentdutravail-idf\"},\"image\":{\"@id\":\"https:\\\/\\\/www.accidentdutravail-idf.net\\\/blog\\\/#\\\/schema\\\/logo\\\/image\\\/\"}},{\"@type\":\"Person\",\"@id\":\"https:\\\/\\\/www.accidentdutravail-idf.net\\\/blog\\\/#\\\/schema\\\/person\\\/3255d2f970de45e64bd9201f38e7b947\",\"name\":\"Carlos Poulain\",\"image\":{\"@type\":\"ImageObject\",\"inLanguage\":\"fr-FR\",\"@id\":\"https:\\\/\\\/secure.gravatar.com\\\/avatar\\\/b1c2f9d3588e34e91adb093635df64ef4b2381991216be7576466cfcdca4baf3?s=96&d=mm&r=g\",\"url\":\"https:\\\/\\\/secure.gravatar.com\\\/avatar\\\/b1c2f9d3588e34e91adb093635df64ef4b2381991216be7576466cfcdca4baf3?s=96&d=mm&r=g\",\"contentUrl\":\"https:\\\/\\\/secure.gravatar.com\\\/avatar\\\/b1c2f9d3588e34e91adb093635df64ef4b2381991216be7576466cfcdca4baf3?s=96&d=mm&r=g\",\"caption\":\"Carlos Poulain\"},\"url\":\"https:\\\/\\\/www.accidentdutravail-idf.net\\\/blog\\\/author\\\/idfcarlos\\\/\"}]}<\/script>\n<!-- \/ Yoast SEO plugin. -->","yoast_head_json":{"title":"Gr\u00e8ve \u00e0 l\u2019Ehpad du Haut-L\u00e9on : la direction veut \u00e9changer avec les \u00e9quipes sur la r\u00e9organisation du travail - ACCIDENTDUTRAVAIL-IDF","description":"Gr\u00e8ve \u00e0 l\u2019Ehpad du Haut-L\u00e9on : la direction veut \u00e9changer avec les \u00e9quipes sur la r\u00e9organisation du travail article de ACCIDENTDUTRAVAIL-IDF","robots":{"index":"index","follow":"follow","max-snippet":"max-snippet:-1","max-image-preview":"max-image-preview:large","max-video-preview":"max-video-preview:-1"},"canonical":"https:\/\/www.accidentdutravail-idf.net\/blog\/greve-a-lehpad-du-haut-leon-la-direction-veut-echanger-avec-les-equipes-sur-la-reorganisation-du-travail\/","og_locale":"fr_FR","og_type":"article","og_title":"Gr\u00e8ve \u00e0 l\u2019Ehpad du Haut-L\u00e9on : la direction veut \u00e9changer avec les \u00e9quipes sur la r\u00e9organisation du travail - ACCIDENTDUTRAVAIL-IDF","og_description":"Gr\u00e8ve \u00e0 l\u2019Ehpad du Haut-L\u00e9on : la direction veut \u00e9changer avec les \u00e9quipes sur la r\u00e9organisation du travail article de ACCIDENTDUTRAVAIL-IDF","og_url":"https:\/\/www.accidentdutravail-idf.net\/blog\/greve-a-lehpad-du-haut-leon-la-direction-veut-echanger-avec-les-equipes-sur-la-reorganisation-du-travail\/","og_site_name":"ACCIDENTDUTRAVAIL-IDF","article_published_time":"2025-06-25T02:54:00+00:00","og_image":[{"url":"https:\/\/www.accidentdutravail-idf.net\/blog\/wp-content\/uploads\/2025\/06\/greve-a-lehpad-du-haut-leon-la-direction-veut-echanger-avec-les-equipes-sur-la-reorganisation-du-travail.jpg","type":"","width":"","height":""}],"author":"Carlos Poulain","twitter_card":"summary_large_image","twitter_misc":{"\u00c9crit par":"Carlos Poulain","Dur\u00e9e de lecture estim\u00e9e":"2 minutes"},"schema":{"@context":"https:\/\/schema.org","@graph":[{"@type":"Article","@id":"https:\/\/www.accidentdutravail-idf.net\/blog\/greve-a-lehpad-du-haut-leon-la-direction-veut-echanger-avec-les-equipes-sur-la-reorganisation-du-travail\/#article","isPartOf":{"@id":"https:\/\/www.accidentdutravail-idf.net\/blog\/greve-a-lehpad-du-haut-leon-la-direction-veut-echanger-avec-les-equipes-sur-la-reorganisation-du-travail\/"},"author":{"name":"Carlos Poulain","@id":"https:\/\/www.accidentdutravail-idf.net\/blog\/#\/schema\/person\/3255d2f970de45e64bd9201f38e7b947"},"headline":"Gr\u00e8ve \u00e0 l\u2019Ehpad du Haut-L\u00e9on : la direction veut \u00e9changer avec les \u00e9quipes sur la r\u00e9organisation du travail","datePublished":"2025-06-25T02:54:00+00:00","mainEntityOfPage":{"@id":"https:\/\/www.accidentdutravail-idf.net\/blog\/greve-a-lehpad-du-haut-leon-la-direction-veut-echanger-avec-les-equipes-sur-la-reorganisation-du-travail\/"},"wordCount":516,"publisher":{"@id":"https:\/\/www.accidentdutravail-idf.net\/blog\/#organization"},"image":{"@id":"https:\/\/www.accidentdutravail-idf.net\/blog\/greve-a-lehpad-du-haut-leon-la-direction-veut-echanger-avec-les-equipes-sur-la-reorganisation-du-travail\/#primaryimage"},"thumbnailUrl":"https:\/\/www.accidentdutravail-idf.net\/blog\/wp-content\/uploads\/2025\/06\/greve-a-lehpad-du-haut-leon-la-direction-veut-echanger-avec-les-equipes-sur-la-reorganisation-du-travail.jpg","articleSection":["S\u00e9curit\u00e9 Du Travail En Ile-De-France Et Divers:"],"inLanguage":"fr-FR"},{"@type":"WebPage","@id":"https:\/\/www.accidentdutravail-idf.net\/blog\/greve-a-lehpad-du-haut-leon-la-direction-veut-echanger-avec-les-equipes-sur-la-reorganisation-du-travail\/","url":"https:\/\/www.accidentdutravail-idf.net\/blog\/greve-a-lehpad-du-haut-leon-la-direction-veut-echanger-avec-les-equipes-sur-la-reorganisation-du-travail\/","name":"Gr\u00e8ve \u00e0 l\u2019Ehpad du Haut-L\u00e9on : la direction veut \u00e9changer avec les \u00e9quipes sur la r\u00e9organisation du travail - ACCIDENTDUTRAVAIL-IDF","isPartOf":{"@id":"https:\/\/www.accidentdutravail-idf.net\/blog\/#website"},"primaryImageOfPage":{"@id":"https:\/\/www.accidentdutravail-idf.net\/blog\/greve-a-lehpad-du-haut-leon-la-direction-veut-echanger-avec-les-equipes-sur-la-reorganisation-du-travail\/#primaryimage"},"image":{"@id":"https:\/\/www.accidentdutravail-idf.net\/blog\/greve-a-lehpad-du-haut-leon-la-direction-veut-echanger-avec-les-equipes-sur-la-reorganisation-du-travail\/#primaryimage"},"thumbnailUrl":"https:\/\/www.accidentdutravail-idf.net\/blog\/wp-content\/uploads\/2025\/06\/greve-a-lehpad-du-haut-leon-la-direction-veut-echanger-avec-les-equipes-sur-la-reorganisation-du-travail.jpg","datePublished":"2025-06-25T02:54:00+00:00","description":"Gr\u00e8ve \u00e0 l\u2019Ehpad du Haut-L\u00e9on : la direction veut \u00e9changer avec les \u00e9quipes sur la r\u00e9organisation du travail article de ACCIDENTDUTRAVAIL-IDF","breadcrumb":{"@id":"https:\/\/www.accidentdutravail-idf.net\/blog\/greve-a-lehpad-du-haut-leon-la-direction-veut-echanger-avec-les-equipes-sur-la-reorganisation-du-travail\/#breadcrumb"},"inLanguage":"fr-FR","potentialAction":[{"@type":"ReadAction","target":["https:\/\/www.accidentdutravail-idf.net\/blog\/greve-a-lehpad-du-haut-leon-la-direction-veut-echanger-avec-les-equipes-sur-la-reorganisation-du-travail\/"]}]},{"@type":"ImageObject","inLanguage":"fr-FR","@id":"https:\/\/www.accidentdutravail-idf.net\/blog\/greve-a-lehpad-du-haut-leon-la-direction-veut-echanger-avec-les-equipes-sur-la-reorganisation-du-travail\/#primaryimage","url":"https:\/\/www.accidentdutravail-idf.net\/blog\/wp-content\/uploads\/2025\/06\/greve-a-lehpad-du-haut-leon-la-direction-veut-echanger-avec-les-equipes-sur-la-reorganisation-du-travail.jpg","contentUrl":"https:\/\/www.accidentdutravail-idf.net\/blog\/wp-content\/uploads\/2025\/06\/greve-a-lehpad-du-haut-leon-la-direction-veut-echanger-avec-les-equipes-sur-la-reorganisation-du-travail.jpg"},{"@type":"BreadcrumbList","@id":"https:\/\/www.accidentdutravail-idf.net\/blog\/greve-a-lehpad-du-haut-leon-la-direction-veut-echanger-avec-les-equipes-sur-la-reorganisation-du-travail\/#breadcrumb","itemListElement":[{"@type":"ListItem","position":1,"name":"Accueil","item":"https:\/\/www.accidentdutravail-idf.net\/blog\/"},{"@type":"ListItem","position":2,"name":"Gr\u00e8ve \u00e0 l\u2019Ehpad du Haut-L\u00e9on : la direction veut \u00e9changer avec les \u00e9quipes sur la r\u00e9organisation du travail"}]},{"@type":"WebSite","@id":"https:\/\/www.accidentdutravail-idf.net\/blog\/#website","url":"https:\/\/www.accidentdutravail-idf.net\/blog\/","name":"ACCIDENTDUTRAVAIL-IDF","description":"Portail accidents du travail-maladies professionnelles des entreprises d&#039;Ile-de-France","publisher":{"@id":"https:\/\/www.accidentdutravail-idf.net\/blog\/#organization"},"potentialAction":[{"@type":"SearchAction","target":{"@type":"EntryPoint","urlTemplate":"https:\/\/www.accidentdutravail-idf.net\/blog\/?s={search_term_string}"},"query-input":{"@type":"PropertyValueSpecification","valueRequired":true,"valueName":"search_term_string"}}],"inLanguage":"fr-FR"},{"@type":"Organization","@id":"https:\/\/www.accidentdutravail-idf.net\/blog\/#organization","name":"accidentdutravail-idf","url":"https:\/\/www.accidentdutravail-idf.net\/blog\/","logo":{"@type":"ImageObject","inLanguage":"fr-FR","@id":"https:\/\/www.accidentdutravail-idf.net\/blog\/#\/schema\/logo\/image\/","url":"https:\/\/www.accidentdutravail-idf.net\/blog\/wp-content\/uploads\/2022\/09\/logo-2.png","contentUrl":"https:\/\/www.accidentdutravail-idf.net\/blog\/wp-content\/uploads\/2022\/09\/logo-2.png","width":380,"height":291,"caption":"accidentdutravail-idf"},"image":{"@id":"https:\/\/www.accidentdutravail-idf.net\/blog\/#\/schema\/logo\/image\/"}},{"@type":"Person","@id":"https:\/\/www.accidentdutravail-idf.net\/blog\/#\/schema\/person\/3255d2f970de45e64bd9201f38e7b947","name":"Carlos Poulain","image":{"@type":"ImageObject","inLanguage":"fr-FR","@id":"https:\/\/secure.gravatar.com\/avatar\/b1c2f9d3588e34e91adb093635df64ef4b2381991216be7576466cfcdca4baf3?s=96&d=mm&r=g","url":"https:\/\/secure.gravatar.com\/avatar\/b1c2f9d3588e34e91adb093635df64ef4b2381991216be7576466cfcdca4baf3?s=96&d=mm&r=g","contentUrl":"https:\/\/secure.gravatar.com\/avatar\/b1c2f9d3588e34e91adb093635df64ef4b2381991216be7576466cfcdca4baf3?s=96&d=mm&r=g","caption":"Carlos Poulain"},"url":"https:\/\/www.accidentdutravail-idf.net\/blog\/author\/idfcarlos\/"}]}},"_links":{"self":[{"href":"https:\/\/www.accidentdutravail-idf.net\/blog\/wp-json\/wp\/v2\/posts\/1524","targetHints":{"allow":["GET"]}}],"collection":[{"href":"https:\/\/www.accidentdutravail-idf.net\/blog\/wp-json\/wp\/v2\/posts"}],"about":[{"href":"https:\/\/www.accidentdutravail-idf.net\/blog\/wp-json\/wp\/v2\/types\/post"}],"author":[{"embeddable":true,"href":"https:\/\/www.accidentdutravail-idf.net\/blog\/wp-json\/wp\/v2\/users\/2"}],"replies":[{"embeddable":true,"href":"https:\/\/www.accidentdutravail-idf.net\/blog\/wp-json\/wp\/v2\/comments?post=1524"}],"version-history":[{"count":0,"href":"https:\/\/www.accidentdutravail-idf.net\/blog\/wp-json\/wp\/v2\/posts\/1524\/revisions"}],"wp:attachment":[{"href":"https:\/\/www.accidentdutravail-idf.net\/blog\/wp-json\/wp\/v2\/media?parent=1524"}],"wp:term":[{"taxonomy":"category","embeddable":true,"href":"https:\/\/www.accidentdutravail-idf.net\/blog\/wp-json\/wp\/v2\/categories?post=1524"},{"taxonomy":"post_tag","embeddable":true,"href":"https:\/\/www.accidentdutravail-idf.net\/blog\/wp-json\/wp\/v2\/tags?post=1524"}],"curies":[{"name":"wp","href":"https:\/\/api.w.org\/{rel}","templated":true}]}}