{"id":1510,"date":"2025-06-20T05:45:00","date_gmt":"2025-06-20T03:45:00","guid":{"rendered":"https:\/\/www.accidentdutravail-idf.net\/blog\/accident-du-travail-a-morlaix-un-couvreur-de-56-ans-meurt-apres-avoir-chute-dun-toit\/"},"modified":"2025-06-20T05:45:00","modified_gmt":"2025-06-20T03:45:00","slug":"accident-du-travail-a-morlaix-un-couvreur-de-56-ans-meurt-apres-avoir-chute-dun-toit","status":"publish","type":"post","link":"https:\/\/www.accidentdutravail-idf.net\/blog\/accident-du-travail-a-morlaix-un-couvreur-de-56-ans-meurt-apres-avoir-chute-dun-toit\/","title":{"rendered":"Accident du travail \u00e0 Morlaix : un couvreur de 56 ans meurt apr\u00e8s avoir chut\u00e9 d\u2019un toit"},"content":{"rendered":"<div><img decoding=\"async\" src=\"https:\/\/www.accidentdutravail-idf.net\/blog\/wp-content\/uploads\/2025\/06\/accident-du-travail-a-morlaix-un-couvreur-de-56-ans-meurt-apres-avoir-chute-dun-toit.jpg\" class=\"ff-og-image-inserted\"><\/div>\n<div>\n<p>Un couvreur morlaisien de 56 ans est mort des suites d\u2019un accident du travail ce vendredi 20 juin, en d\u00e9but de matin\u00e9e, rue Joseph-Faucheur, dans le quartier de la Boissi\u00e8re, \u00e0 Morlaix. Ce salari\u00e9 de l\u2019Union des ouvriers couvreurs (Udoc) intervenait sur un chantier de nettoyage de ch\u00e9neaux au niveau d\u2019un b\u00e2timent appartenant au CCAS. Selon les premiers \u00e9l\u00e9ments recueillis sur place, que l\u2019enqu\u00eate devra confirmer, la victime serait pass\u00e9e \u00e0 travers une plaque translucide en plastique, sur le toit de ce hangar qui abritait autrefois l\u2019atelier insertion bois. Elle a fait une chute d\u2019environ 6 m et serait morte sur le coup.<\/p>\n<\/div>\n<div aria-hidden=\"true\">\n<p>La Police nationale, la police municipale et le maire, Jean-Paul Vermot, se sont rendus sur place. \u00c0 11&nbsp;h&nbsp;30, plusieurs salari\u00e9s de l\u2019Udoc, sous le choc, \u00e9taient toujours sur place et attendaient l\u2019arriv\u00e9e de l\u2019Inspection du travail.<\/p>\n<\/div>\n<p>accidentdutravail-idf.net vous a pr\u00e9par\u00e9 ce post qui informe du sujet \u00ab\u00a0Association Sportive Huisson-Longueville Essonne\u00a0\u00bb. La chronique se veut g\u00e9n\u00e9r\u00e9e du mieux possible. Vous pouvez utiliser les coordonn\u00e9es indiqu\u00e9es sur le site dans le but d\u2019apporter des explications sur ce post qui parle du th\u00e8me \u00ab\u00a0Association Sportive Huisson-Longueville Essonne\u00a0\u00bb. Le site accidentdutravail-idf.net a pour but de fournir diverses publications sur la th\u00e9matique Association Sportive Huisson-Longueville Essonne diffus\u00e9es sur le net. Il y aura plusieurs articles autour du sujet \u00ab\u00a0Association Sportive Huisson-Longueville Essonne\u00a0\u00bb dans quelques jours, nous vous invitons \u00e0 naviguer sur notre site web \u00e0 plusieurs reprises.<\/p>\n","protected":false},"excerpt":{"rendered":"<p>Un couvreur morlaisien de 56 ans est mort des suites d\u2019un accident du travail ce vendredi 20 juin, en d\u00e9but de matin\u00e9e, rue Joseph-Faucheur, dans le quartier de la Boissi\u00e8re, \u00e0 Morlaix. Ce salari\u00e9 de l\u2019Union des ouvriers couvreurs (Udoc) intervenait sur un chantier de nettoyage de ch\u00e9neaux au niveau d\u2019un b\u00e2timent appartenant au CCAS. &hellip; <\/p>\n<p class=\"link-more\"><a href=\"https:\/\/www.accidentdutravail-idf.net\/blog\/accident-du-travail-a-morlaix-un-couvreur-de-56-ans-meurt-apres-avoir-chute-dun-toit\/\" class=\"more-link\">Continuer la lecture <span class=\"screen-reader-text\"> \u00ab\u00a0Accident du travail \u00e0 Morlaix : un couvreur de 56 ans meurt apr\u00e8s avoir chut\u00e9 d\u2019un toit\u00a0\u00bb<\/span><\/a><\/p>\n","protected":false},"author":2,"featured_media":0,"comment_status":"closed","ping_status":"closed","sticky":false,"template":"","format":"standard","meta":{"footnotes":""},"categories":[5],"tags":[],"class_list":["post-1510","post","type-post","status-publish","format-standard","hentry","category-securite-du-travail-en-ile-de-france-et-divers","entry"],"yoast_head":"<!-- This site is optimized with the Yoast SEO plugin v27.5 - https:\/\/yoast.com\/product\/yoast-seo-wordpress\/ -->\n<title>Accident du travail \u00e0 Morlaix : un couvreur de 56 ans meurt apr\u00e8s avoir chut\u00e9 d\u2019un toit - ACCIDENTDUTRAVAIL-IDF<\/title>\n<meta name=\"description\" content=\"Accident du travail \u00e0 Morlaix : un couvreur de 56 ans meurt apr\u00e8s avoir chut\u00e9 d\u2019un toit article de ACCIDENTDUTRAVAIL-IDF\" \/>\n<meta name=\"robots\" content=\"index, follow, max-snippet:-1, max-image-preview:large, max-video-preview:-1\" \/>\n<link rel=\"canonical\" href=\"https:\/\/www.accidentdutravail-idf.net\/blog\/accident-du-travail-a-morlaix-un-couvreur-de-56-ans-meurt-apres-avoir-chute-dun-toit\/\" \/>\n<meta property=\"og:locale\" content=\"fr_FR\" \/>\n<meta property=\"og:type\" content=\"article\" \/>\n<meta property=\"og:title\" content=\"Accident du travail \u00e0 Morlaix : un couvreur de 56 ans meurt apr\u00e8s avoir chut\u00e9 d\u2019un toit - ACCIDENTDUTRAVAIL-IDF\" \/>\n<meta property=\"og:description\" content=\"Accident du travail \u00e0 Morlaix : un couvreur de 56 ans meurt apr\u00e8s avoir chut\u00e9 d\u2019un toit article de ACCIDENTDUTRAVAIL-IDF\" \/>\n<meta property=\"og:url\" content=\"https:\/\/www.accidentdutravail-idf.net\/blog\/accident-du-travail-a-morlaix-un-couvreur-de-56-ans-meurt-apres-avoir-chute-dun-toit\/\" \/>\n<meta property=\"og:site_name\" content=\"ACCIDENTDUTRAVAIL-IDF\" \/>\n<meta property=\"article:published_time\" content=\"2025-06-20T03:45:00+00:00\" \/>\n<meta property=\"og:image\" content=\"https:\/\/www.accidentdutravail-idf.net\/blog\/wp-content\/uploads\/2025\/06\/accident-du-travail-a-morlaix-un-couvreur-de-56-ans-meurt-apres-avoir-chute-dun-toit.jpg\" \/>\n<meta name=\"author\" content=\"Carlos Poulain\" \/>\n<meta name=\"twitter:card\" content=\"summary_large_image\" \/>\n<meta name=\"twitter:label1\" content=\"\u00c9crit par\" \/>\n\t<meta name=\"twitter:data1\" content=\"Carlos Poulain\" \/>\n\t<meta name=\"twitter:label2\" content=\"Dur\u00e9e de lecture estim\u00e9e\" \/>\n\t<meta name=\"twitter:data2\" content=\"1 minute\" \/>\n<script type=\"application\/ld+json\" class=\"yoast-schema-graph\">{\"@context\":\"https:\\\/\\\/schema.org\",\"@graph\":[{\"@type\":\"Article\",\"@id\":\"https:\\\/\\\/www.accidentdutravail-idf.net\\\/blog\\\/accident-du-travail-a-morlaix-un-couvreur-de-56-ans-meurt-apres-avoir-chute-dun-toit\\\/#article\",\"isPartOf\":{\"@id\":\"https:\\\/\\\/www.accidentdutravail-idf.net\\\/blog\\\/accident-du-travail-a-morlaix-un-couvreur-de-56-ans-meurt-apres-avoir-chute-dun-toit\\\/\"},\"author\":{\"name\":\"Carlos Poulain\",\"@id\":\"https:\\\/\\\/www.accidentdutravail-idf.net\\\/blog\\\/#\\\/schema\\\/person\\\/3255d2f970de45e64bd9201f38e7b947\"},\"headline\":\"Accident du travail \u00e0 Morlaix : un couvreur de 56 ans meurt apr\u00e8s avoir chut\u00e9 d\u2019un toit\",\"datePublished\":\"2025-06-20T03:45:00+00:00\",\"mainEntityOfPage\":{\"@id\":\"https:\\\/\\\/www.accidentdutravail-idf.net\\\/blog\\\/accident-du-travail-a-morlaix-un-couvreur-de-56-ans-meurt-apres-avoir-chute-dun-toit\\\/\"},\"wordCount\":276,\"publisher\":{\"@id\":\"https:\\\/\\\/www.accidentdutravail-idf.net\\\/blog\\\/#organization\"},\"image\":{\"@id\":\"https:\\\/\\\/www.accidentdutravail-idf.net\\\/blog\\\/accident-du-travail-a-morlaix-un-couvreur-de-56-ans-meurt-apres-avoir-chute-dun-toit\\\/#primaryimage\"},\"thumbnailUrl\":\"https:\\\/\\\/www.accidentdutravail-idf.net\\\/blog\\\/wp-content\\\/uploads\\\/2025\\\/06\\\/accident-du-travail-a-morlaix-un-couvreur-de-56-ans-meurt-apres-avoir-chute-dun-toit.jpg\",\"articleSection\":[\"S\u00e9curit\u00e9 Du Travail En Ile-De-France Et Divers:\"],\"inLanguage\":\"fr-FR\"},{\"@type\":\"WebPage\",\"@id\":\"https:\\\/\\\/www.accidentdutravail-idf.net\\\/blog\\\/accident-du-travail-a-morlaix-un-couvreur-de-56-ans-meurt-apres-avoir-chute-dun-toit\\\/\",\"url\":\"https:\\\/\\\/www.accidentdutravail-idf.net\\\/blog\\\/accident-du-travail-a-morlaix-un-couvreur-de-56-ans-meurt-apres-avoir-chute-dun-toit\\\/\",\"name\":\"Accident du travail \u00e0 Morlaix : un couvreur de 56 ans meurt apr\u00e8s avoir chut\u00e9 d\u2019un toit - ACCIDENTDUTRAVAIL-IDF\",\"isPartOf\":{\"@id\":\"https:\\\/\\\/www.accidentdutravail-idf.net\\\/blog\\\/#website\"},\"primaryImageOfPage\":{\"@id\":\"https:\\\/\\\/www.accidentdutravail-idf.net\\\/blog\\\/accident-du-travail-a-morlaix-un-couvreur-de-56-ans-meurt-apres-avoir-chute-dun-toit\\\/#primaryimage\"},\"image\":{\"@id\":\"https:\\\/\\\/www.accidentdutravail-idf.net\\\/blog\\\/accident-du-travail-a-morlaix-un-couvreur-de-56-ans-meurt-apres-avoir-chute-dun-toit\\\/#primaryimage\"},\"thumbnailUrl\":\"https:\\\/\\\/www.accidentdutravail-idf.net\\\/blog\\\/wp-content\\\/uploads\\\/2025\\\/06\\\/accident-du-travail-a-morlaix-un-couvreur-de-56-ans-meurt-apres-avoir-chute-dun-toit.jpg\",\"datePublished\":\"2025-06-20T03:45:00+00:00\",\"description\":\"Accident du travail \u00e0 Morlaix : un couvreur de 56 ans meurt apr\u00e8s avoir chut\u00e9 d\u2019un toit article de ACCIDENTDUTRAVAIL-IDF\",\"breadcrumb\":{\"@id\":\"https:\\\/\\\/www.accidentdutravail-idf.net\\\/blog\\\/accident-du-travail-a-morlaix-un-couvreur-de-56-ans-meurt-apres-avoir-chute-dun-toit\\\/#breadcrumb\"},\"inLanguage\":\"fr-FR\",\"potentialAction\":[{\"@type\":\"ReadAction\",\"target\":[\"https:\\\/\\\/www.accidentdutravail-idf.net\\\/blog\\\/accident-du-travail-a-morlaix-un-couvreur-de-56-ans-meurt-apres-avoir-chute-dun-toit\\\/\"]}]},{\"@type\":\"ImageObject\",\"inLanguage\":\"fr-FR\",\"@id\":\"https:\\\/\\\/www.accidentdutravail-idf.net\\\/blog\\\/accident-du-travail-a-morlaix-un-couvreur-de-56-ans-meurt-apres-avoir-chute-dun-toit\\\/#primaryimage\",\"url\":\"https:\\\/\\\/www.accidentdutravail-idf.net\\\/blog\\\/wp-content\\\/uploads\\\/2025\\\/06\\\/accident-du-travail-a-morlaix-un-couvreur-de-56-ans-meurt-apres-avoir-chute-dun-toit.jpg\",\"contentUrl\":\"https:\\\/\\\/www.accidentdutravail-idf.net\\\/blog\\\/wp-content\\\/uploads\\\/2025\\\/06\\\/accident-du-travail-a-morlaix-un-couvreur-de-56-ans-meurt-apres-avoir-chute-dun-toit.jpg\"},{\"@type\":\"BreadcrumbList\",\"@id\":\"https:\\\/\\\/www.accidentdutravail-idf.net\\\/blog\\\/accident-du-travail-a-morlaix-un-couvreur-de-56-ans-meurt-apres-avoir-chute-dun-toit\\\/#breadcrumb\",\"itemListElement\":[{\"@type\":\"ListItem\",\"position\":1,\"name\":\"Accueil\",\"item\":\"https:\\\/\\\/www.accidentdutravail-idf.net\\\/blog\\\/\"},{\"@type\":\"ListItem\",\"position\":2,\"name\":\"Accident du travail \u00e0 Morlaix : un couvreur de 56 ans meurt apr\u00e8s avoir chut\u00e9 d\u2019un toit\"}]},{\"@type\":\"WebSite\",\"@id\":\"https:\\\/\\\/www.accidentdutravail-idf.net\\\/blog\\\/#website\",\"url\":\"https:\\\/\\\/www.accidentdutravail-idf.net\\\/blog\\\/\",\"name\":\"ACCIDENTDUTRAVAIL-IDF\",\"description\":\"Portail accidents du travail-maladies professionnelles des entreprises d&#039;Ile-de-France\",\"publisher\":{\"@id\":\"https:\\\/\\\/www.accidentdutravail-idf.net\\\/blog\\\/#organization\"},\"potentialAction\":[{\"@type\":\"SearchAction\",\"target\":{\"@type\":\"EntryPoint\",\"urlTemplate\":\"https:\\\/\\\/www.accidentdutravail-idf.net\\\/blog\\\/?s={search_term_string}\"},\"query-input\":{\"@type\":\"PropertyValueSpecification\",\"valueRequired\":true,\"valueName\":\"search_term_string\"}}],\"inLanguage\":\"fr-FR\"},{\"@type\":\"Organization\",\"@id\":\"https:\\\/\\\/www.accidentdutravail-idf.net\\\/blog\\\/#organization\",\"name\":\"accidentdutravail-idf\",\"url\":\"https:\\\/\\\/www.accidentdutravail-idf.net\\\/blog\\\/\",\"logo\":{\"@type\":\"ImageObject\",\"inLanguage\":\"fr-FR\",\"@id\":\"https:\\\/\\\/www.accidentdutravail-idf.net\\\/blog\\\/#\\\/schema\\\/logo\\\/image\\\/\",\"url\":\"https:\\\/\\\/www.accidentdutravail-idf.net\\\/blog\\\/wp-content\\\/uploads\\\/2022\\\/09\\\/logo-2.png\",\"contentUrl\":\"https:\\\/\\\/www.accidentdutravail-idf.net\\\/blog\\\/wp-content\\\/uploads\\\/2022\\\/09\\\/logo-2.png\",\"width\":380,\"height\":291,\"caption\":\"accidentdutravail-idf\"},\"image\":{\"@id\":\"https:\\\/\\\/www.accidentdutravail-idf.net\\\/blog\\\/#\\\/schema\\\/logo\\\/image\\\/\"}},{\"@type\":\"Person\",\"@id\":\"https:\\\/\\\/www.accidentdutravail-idf.net\\\/blog\\\/#\\\/schema\\\/person\\\/3255d2f970de45e64bd9201f38e7b947\",\"name\":\"Carlos Poulain\",\"image\":{\"@type\":\"ImageObject\",\"inLanguage\":\"fr-FR\",\"@id\":\"https:\\\/\\\/secure.gravatar.com\\\/avatar\\\/b1c2f9d3588e34e91adb093635df64ef4b2381991216be7576466cfcdca4baf3?s=96&d=mm&r=g\",\"url\":\"https:\\\/\\\/secure.gravatar.com\\\/avatar\\\/b1c2f9d3588e34e91adb093635df64ef4b2381991216be7576466cfcdca4baf3?s=96&d=mm&r=g\",\"contentUrl\":\"https:\\\/\\\/secure.gravatar.com\\\/avatar\\\/b1c2f9d3588e34e91adb093635df64ef4b2381991216be7576466cfcdca4baf3?s=96&d=mm&r=g\",\"caption\":\"Carlos Poulain\"},\"url\":\"https:\\\/\\\/www.accidentdutravail-idf.net\\\/blog\\\/author\\\/idfcarlos\\\/\"}]}<\/script>\n<!-- \/ Yoast SEO plugin. -->","yoast_head_json":{"title":"Accident du travail \u00e0 Morlaix : un couvreur de 56 ans meurt apr\u00e8s avoir chut\u00e9 d\u2019un toit - ACCIDENTDUTRAVAIL-IDF","description":"Accident du travail \u00e0 Morlaix : un couvreur de 56 ans meurt apr\u00e8s avoir chut\u00e9 d\u2019un toit article de ACCIDENTDUTRAVAIL-IDF","robots":{"index":"index","follow":"follow","max-snippet":"max-snippet:-1","max-image-preview":"max-image-preview:large","max-video-preview":"max-video-preview:-1"},"canonical":"https:\/\/www.accidentdutravail-idf.net\/blog\/accident-du-travail-a-morlaix-un-couvreur-de-56-ans-meurt-apres-avoir-chute-dun-toit\/","og_locale":"fr_FR","og_type":"article","og_title":"Accident du travail \u00e0 Morlaix : un couvreur de 56 ans meurt apr\u00e8s avoir chut\u00e9 d\u2019un toit - ACCIDENTDUTRAVAIL-IDF","og_description":"Accident du travail \u00e0 Morlaix : un couvreur de 56 ans meurt apr\u00e8s avoir chut\u00e9 d\u2019un toit article de ACCIDENTDUTRAVAIL-IDF","og_url":"https:\/\/www.accidentdutravail-idf.net\/blog\/accident-du-travail-a-morlaix-un-couvreur-de-56-ans-meurt-apres-avoir-chute-dun-toit\/","og_site_name":"ACCIDENTDUTRAVAIL-IDF","article_published_time":"2025-06-20T03:45:00+00:00","og_image":[{"url":"https:\/\/www.accidentdutravail-idf.net\/blog\/wp-content\/uploads\/2025\/06\/accident-du-travail-a-morlaix-un-couvreur-de-56-ans-meurt-apres-avoir-chute-dun-toit.jpg","type":"","width":"","height":""}],"author":"Carlos Poulain","twitter_card":"summary_large_image","twitter_misc":{"\u00c9crit par":"Carlos Poulain","Dur\u00e9e de lecture estim\u00e9e":"1 minute"},"schema":{"@context":"https:\/\/schema.org","@graph":[{"@type":"Article","@id":"https:\/\/www.accidentdutravail-idf.net\/blog\/accident-du-travail-a-morlaix-un-couvreur-de-56-ans-meurt-apres-avoir-chute-dun-toit\/#article","isPartOf":{"@id":"https:\/\/www.accidentdutravail-idf.net\/blog\/accident-du-travail-a-morlaix-un-couvreur-de-56-ans-meurt-apres-avoir-chute-dun-toit\/"},"author":{"name":"Carlos Poulain","@id":"https:\/\/www.accidentdutravail-idf.net\/blog\/#\/schema\/person\/3255d2f970de45e64bd9201f38e7b947"},"headline":"Accident du travail \u00e0 Morlaix : un couvreur de 56 ans meurt apr\u00e8s avoir chut\u00e9 d\u2019un toit","datePublished":"2025-06-20T03:45:00+00:00","mainEntityOfPage":{"@id":"https:\/\/www.accidentdutravail-idf.net\/blog\/accident-du-travail-a-morlaix-un-couvreur-de-56-ans-meurt-apres-avoir-chute-dun-toit\/"},"wordCount":276,"publisher":{"@id":"https:\/\/www.accidentdutravail-idf.net\/blog\/#organization"},"image":{"@id":"https:\/\/www.accidentdutravail-idf.net\/blog\/accident-du-travail-a-morlaix-un-couvreur-de-56-ans-meurt-apres-avoir-chute-dun-toit\/#primaryimage"},"thumbnailUrl":"https:\/\/www.accidentdutravail-idf.net\/blog\/wp-content\/uploads\/2025\/06\/accident-du-travail-a-morlaix-un-couvreur-de-56-ans-meurt-apres-avoir-chute-dun-toit.jpg","articleSection":["S\u00e9curit\u00e9 Du Travail En Ile-De-France Et Divers:"],"inLanguage":"fr-FR"},{"@type":"WebPage","@id":"https:\/\/www.accidentdutravail-idf.net\/blog\/accident-du-travail-a-morlaix-un-couvreur-de-56-ans-meurt-apres-avoir-chute-dun-toit\/","url":"https:\/\/www.accidentdutravail-idf.net\/blog\/accident-du-travail-a-morlaix-un-couvreur-de-56-ans-meurt-apres-avoir-chute-dun-toit\/","name":"Accident du travail \u00e0 Morlaix : un couvreur de 56 ans meurt apr\u00e8s avoir chut\u00e9 d\u2019un toit - ACCIDENTDUTRAVAIL-IDF","isPartOf":{"@id":"https:\/\/www.accidentdutravail-idf.net\/blog\/#website"},"primaryImageOfPage":{"@id":"https:\/\/www.accidentdutravail-idf.net\/blog\/accident-du-travail-a-morlaix-un-couvreur-de-56-ans-meurt-apres-avoir-chute-dun-toit\/#primaryimage"},"image":{"@id":"https:\/\/www.accidentdutravail-idf.net\/blog\/accident-du-travail-a-morlaix-un-couvreur-de-56-ans-meurt-apres-avoir-chute-dun-toit\/#primaryimage"},"thumbnailUrl":"https:\/\/www.accidentdutravail-idf.net\/blog\/wp-content\/uploads\/2025\/06\/accident-du-travail-a-morlaix-un-couvreur-de-56-ans-meurt-apres-avoir-chute-dun-toit.jpg","datePublished":"2025-06-20T03:45:00+00:00","description":"Accident du travail \u00e0 Morlaix : un couvreur de 56 ans meurt apr\u00e8s avoir chut\u00e9 d\u2019un toit article de ACCIDENTDUTRAVAIL-IDF","breadcrumb":{"@id":"https:\/\/www.accidentdutravail-idf.net\/blog\/accident-du-travail-a-morlaix-un-couvreur-de-56-ans-meurt-apres-avoir-chute-dun-toit\/#breadcrumb"},"inLanguage":"fr-FR","potentialAction":[{"@type":"ReadAction","target":["https:\/\/www.accidentdutravail-idf.net\/blog\/accident-du-travail-a-morlaix-un-couvreur-de-56-ans-meurt-apres-avoir-chute-dun-toit\/"]}]},{"@type":"ImageObject","inLanguage":"fr-FR","@id":"https:\/\/www.accidentdutravail-idf.net\/blog\/accident-du-travail-a-morlaix-un-couvreur-de-56-ans-meurt-apres-avoir-chute-dun-toit\/#primaryimage","url":"https:\/\/www.accidentdutravail-idf.net\/blog\/wp-content\/uploads\/2025\/06\/accident-du-travail-a-morlaix-un-couvreur-de-56-ans-meurt-apres-avoir-chute-dun-toit.jpg","contentUrl":"https:\/\/www.accidentdutravail-idf.net\/blog\/wp-content\/uploads\/2025\/06\/accident-du-travail-a-morlaix-un-couvreur-de-56-ans-meurt-apres-avoir-chute-dun-toit.jpg"},{"@type":"BreadcrumbList","@id":"https:\/\/www.accidentdutravail-idf.net\/blog\/accident-du-travail-a-morlaix-un-couvreur-de-56-ans-meurt-apres-avoir-chute-dun-toit\/#breadcrumb","itemListElement":[{"@type":"ListItem","position":1,"name":"Accueil","item":"https:\/\/www.accidentdutravail-idf.net\/blog\/"},{"@type":"ListItem","position":2,"name":"Accident du travail \u00e0 Morlaix : un couvreur de 56 ans meurt apr\u00e8s avoir chut\u00e9 d\u2019un toit"}]},{"@type":"WebSite","@id":"https:\/\/www.accidentdutravail-idf.net\/blog\/#website","url":"https:\/\/www.accidentdutravail-idf.net\/blog\/","name":"ACCIDENTDUTRAVAIL-IDF","description":"Portail accidents du travail-maladies professionnelles des entreprises d&#039;Ile-de-France","publisher":{"@id":"https:\/\/www.accidentdutravail-idf.net\/blog\/#organization"},"potentialAction":[{"@type":"SearchAction","target":{"@type":"EntryPoint","urlTemplate":"https:\/\/www.accidentdutravail-idf.net\/blog\/?s={search_term_string}"},"query-input":{"@type":"PropertyValueSpecification","valueRequired":true,"valueName":"search_term_string"}}],"inLanguage":"fr-FR"},{"@type":"Organization","@id":"https:\/\/www.accidentdutravail-idf.net\/blog\/#organization","name":"accidentdutravail-idf","url":"https:\/\/www.accidentdutravail-idf.net\/blog\/","logo":{"@type":"ImageObject","inLanguage":"fr-FR","@id":"https:\/\/www.accidentdutravail-idf.net\/blog\/#\/schema\/logo\/image\/","url":"https:\/\/www.accidentdutravail-idf.net\/blog\/wp-content\/uploads\/2022\/09\/logo-2.png","contentUrl":"https:\/\/www.accidentdutravail-idf.net\/blog\/wp-content\/uploads\/2022\/09\/logo-2.png","width":380,"height":291,"caption":"accidentdutravail-idf"},"image":{"@id":"https:\/\/www.accidentdutravail-idf.net\/blog\/#\/schema\/logo\/image\/"}},{"@type":"Person","@id":"https:\/\/www.accidentdutravail-idf.net\/blog\/#\/schema\/person\/3255d2f970de45e64bd9201f38e7b947","name":"Carlos Poulain","image":{"@type":"ImageObject","inLanguage":"fr-FR","@id":"https:\/\/secure.gravatar.com\/avatar\/b1c2f9d3588e34e91adb093635df64ef4b2381991216be7576466cfcdca4baf3?s=96&d=mm&r=g","url":"https:\/\/secure.gravatar.com\/avatar\/b1c2f9d3588e34e91adb093635df64ef4b2381991216be7576466cfcdca4baf3?s=96&d=mm&r=g","contentUrl":"https:\/\/secure.gravatar.com\/avatar\/b1c2f9d3588e34e91adb093635df64ef4b2381991216be7576466cfcdca4baf3?s=96&d=mm&r=g","caption":"Carlos Poulain"},"url":"https:\/\/www.accidentdutravail-idf.net\/blog\/author\/idfcarlos\/"}]}},"_links":{"self":[{"href":"https:\/\/www.accidentdutravail-idf.net\/blog\/wp-json\/wp\/v2\/posts\/1510","targetHints":{"allow":["GET"]}}],"collection":[{"href":"https:\/\/www.accidentdutravail-idf.net\/blog\/wp-json\/wp\/v2\/posts"}],"about":[{"href":"https:\/\/www.accidentdutravail-idf.net\/blog\/wp-json\/wp\/v2\/types\/post"}],"author":[{"embeddable":true,"href":"https:\/\/www.accidentdutravail-idf.net\/blog\/wp-json\/wp\/v2\/users\/2"}],"replies":[{"embeddable":true,"href":"https:\/\/www.accidentdutravail-idf.net\/blog\/wp-json\/wp\/v2\/comments?post=1510"}],"version-history":[{"count":0,"href":"https:\/\/www.accidentdutravail-idf.net\/blog\/wp-json\/wp\/v2\/posts\/1510\/revisions"}],"wp:attachment":[{"href":"https:\/\/www.accidentdutravail-idf.net\/blog\/wp-json\/wp\/v2\/media?parent=1510"}],"wp:term":[{"taxonomy":"category","embeddable":true,"href":"https:\/\/www.accidentdutravail-idf.net\/blog\/wp-json\/wp\/v2\/categories?post=1510"},{"taxonomy":"post_tag","embeddable":true,"href":"https:\/\/www.accidentdutravail-idf.net\/blog\/wp-json\/wp\/v2\/tags?post=1510"}],"curies":[{"name":"wp","href":"https:\/\/api.w.org\/{rel}","templated":true}]}}