{"id":1504,"date":"2025-06-19T06:41:00","date_gmt":"2025-06-19T04:41:00","guid":{"rendered":"https:\/\/www.accidentdutravail-idf.net\/blog\/manche-un-lyceen-meurt-dans-un-accident-sur-son-lieu-de-stage\/"},"modified":"2025-06-19T06:41:00","modified_gmt":"2025-06-19T04:41:00","slug":"manche-un-lyceen-meurt-dans-un-accident-sur-son-lieu-de-stage","status":"publish","type":"post","link":"https:\/\/www.accidentdutravail-idf.net\/blog\/manche-un-lyceen-meurt-dans-un-accident-sur-son-lieu-de-stage\/","title":{"rendered":"Manche Un lyc\u00e9en meurt dans un accident sur son lieu de stage"},"content":{"rendered":"<div><img decoding=\"async\" src=\"https:\/\/www.accidentdutravail-idf.net\/blog\/wp-content\/uploads\/2025\/06\/manche-un-lyceen-meurt-dans-un-accident-sur-son-lieu-de-stage.jpg\" class=\"ff-og-image-inserted\"><\/div>\n<div>\n<p>Un accident tragique est survenu mardi dans un magasin d&rsquo;ameublement de Saint-L\u00f4 (Manche). Un jeune lyc\u00e9en de seconde, qui effectuait un stage au sein de l&rsquo;enseigne, est d\u00e9c\u00e9d\u00e9 des suites d&rsquo;un accident qui s&rsquo;est produit dans le magasin de bricolage, rapportent <i><a href=\"https:\/\/www.ouest-france.fr\/societe\/faits-divers\/un-lyceen-de-saint-lo-decede-a-la-suite-dun-accident-sur-son-lieu-de-stage-91d323e0-4c21-11f0-a713-daeef56bef5e\" target=\"_blank\" rel=\"nofollow\">Ouest-France<\/a><\/i> et <a href=\"https:\/\/www.lefigaro.fr\/faits-divers\/manche-un-eleve-de-seconde-meurt-a-la-suite-d-un-accident-sur-son-lieu-de-stage-20250619\" target=\"_blank\" rel=\"nofollow\"><i>Le Figaro<\/i><\/a>.<\/p>\n<\/div>\n<div id>\n<div class=\"consentModule_text\">\n<p>Ce contenu est bloqu\u00e9 car vous n&rsquo;avez pas accept\u00e9 les cookies et autres traceurs.<\/p>\n<p>En cliquant sur <span class=\"bold\">\u00ab J\u2019accepte \u00bb<\/span>, les cookies et autres traceurs seront d\u00e9pos\u00e9s et vous pourrez visualiser les contenus <span class=\"consentModule_purpose\"><\/span> (<a href=\"https:\/\/www.leprogres.fr\/faits-divers-justice\/2025\/06\/19\/un-lyceen-meurt-dans-un-accident-sur-son-lieu-de-stage\" class=\"consentModule_policy\" target=\"_blank\" title=\"Consulter la politique de protection des donn\u00e9es du fournisseur\" rel=\"nofollow\">plus d&rsquo;informations<\/a>).<\/p>\n<p>En cliquant sur <span class=\"bold\">\u00ab J\u2019accepte tous les cookies \u00bb<\/span>, vous autorisez des d\u00e9p\u00f4ts de cookies et autres traceurs pour le stockage de vos donn\u00e9es sur nos sites et applications \u00e0 des fins de personnalisation et de ciblage publicitaire.<\/p>\n<p class=\"consentModule_secondaryText\">Vous gardez la possibilit\u00e9 de retirer votre consentement \u00e0 tout moment en consultant notre <a href=\"https:\/\/www.leprogres.fr\/protection-des-donnees\" target=\"_blank\" title=\"Consulter notre politique de protection des donn\u00e9es\" rel=\"nofollow\">politique de protection des donn\u00e9es<\/a>. <br \/><a href=\"Didomi.notice.show()\" class=\"consentModule_cmp\" target=\"_blank\" rel=\"nofollow\">G\u00e9rer mes choix<\/a> <\/p>\n<p> <button class=\"acceptConsent\" id title=\"J'accepte\">J&rsquo;accepte<\/button> <button class=\"acceptAllConsent\" id title=\"J'accepte tous les cookies\">J&rsquo;accepte tous les cookies<\/button> <\/p>\n<\/p><\/div>\n<\/div>\n<div>\n<h2>La marchandise aurait bascul\u00e9 d&rsquo;une palette<\/h2>\n<p>\u00ab Lors de la manipulation de palette par le g\u00e9rant de l\u2019enseigne \u00e0 l\u2019aide d\u2019un chariot \u00e9l\u00e9vateur, la marchandise a bascul\u00e9 sur le jeune stagiaire \u00bb, pr\u00e9cise le procureur de la R\u00e9publique, Gauthier Poupeau. L&rsquo;adolescent de 16 ans a \u00e9t\u00e9 transf\u00e9r\u00e9 \u00e0 l&rsquo;h\u00f4pital en \u00e9tat de mort c\u00e9r\u00e9brale avant de d\u00e9c\u00e9der de ses blessures le lendemain.<\/p>\n<p>Une enqu\u00eate a \u00e9t\u00e9 ouverte pour \u00ab&nbsp;homicide involontaire dans le cadre du travail \u00bb. Une cellule d\u2019\u00e9coute psychologique a \u00e9t\u00e9 mise en place au lyc\u00e9e Curie-Corot de Saint-L\u00f4, o\u00f9 \u00e9tait scolaris\u00e9e la victime, pour accompagner les \u00e9l\u00e8ves et les personnels \u00e9ducatifs.<\/p>\n<\/div>\n<p>accidentdutravail-idf.net vous a pr\u00e9par\u00e9 ce post qui informe du sujet \u00ab\u00a0Association Sportive Huisson-Longueville Essonne\u00a0\u00bb. La chronique se veut g\u00e9n\u00e9r\u00e9e du mieux possible. Vous pouvez utiliser les coordonn\u00e9es indiqu\u00e9es sur le site dans le but d\u2019apporter des explications sur ce post qui parle du th\u00e8me \u00ab\u00a0Association Sportive Huisson-Longueville Essonne\u00a0\u00bb. Le site accidentdutravail-idf.net a pour but de fournir diverses publications sur la th\u00e9matique Association Sportive Huisson-Longueville Essonne diffus\u00e9es sur le net. Il y aura plusieurs articles autour du sujet \u00ab\u00a0Association Sportive Huisson-Longueville Essonne\u00a0\u00bb dans quelques jours, nous vous invitons \u00e0 naviguer sur notre site web \u00e0 plusieurs reprises.<\/p>\n","protected":false},"excerpt":{"rendered":"<p>Un accident tragique est survenu mardi dans un magasin d&rsquo;ameublement de Saint-L\u00f4 (Manche). Un jeune lyc\u00e9en de seconde, qui effectuait un stage au sein de l&rsquo;enseigne, est d\u00e9c\u00e9d\u00e9 des suites d&rsquo;un accident qui s&rsquo;est produit dans le magasin de bricolage, rapportent Ouest-France et Le Figaro. Ce contenu est bloqu\u00e9 car vous n&rsquo;avez pas accept\u00e9 les &hellip; <\/p>\n<p class=\"link-more\"><a href=\"https:\/\/www.accidentdutravail-idf.net\/blog\/manche-un-lyceen-meurt-dans-un-accident-sur-son-lieu-de-stage\/\" class=\"more-link\">Continuer la lecture <span class=\"screen-reader-text\"> \u00ab\u00a0Manche Un lyc\u00e9en meurt dans un accident sur son lieu de stage\u00a0\u00bb<\/span><\/a><\/p>\n","protected":false},"author":2,"featured_media":0,"comment_status":"closed","ping_status":"closed","sticky":false,"template":"","format":"standard","meta":{"footnotes":""},"categories":[5],"tags":[],"class_list":["post-1504","post","type-post","status-publish","format-standard","hentry","category-securite-du-travail-en-ile-de-france-et-divers","entry"],"yoast_head":"<!-- This site is optimized with the Yoast SEO plugin v27.5 - https:\/\/yoast.com\/product\/yoast-seo-wordpress\/ -->\n<title>Manche Un lyc\u00e9en meurt dans un accident sur son lieu de stage - ACCIDENTDUTRAVAIL-IDF<\/title>\n<meta name=\"description\" content=\"Manche Un lyc\u00e9en meurt dans un accident sur son lieu de stage article de ACCIDENTDUTRAVAIL-IDF\" \/>\n<meta name=\"robots\" content=\"index, follow, max-snippet:-1, max-image-preview:large, max-video-preview:-1\" \/>\n<link rel=\"canonical\" href=\"https:\/\/www.accidentdutravail-idf.net\/blog\/manche-un-lyceen-meurt-dans-un-accident-sur-son-lieu-de-stage\/\" \/>\n<meta property=\"og:locale\" content=\"fr_FR\" \/>\n<meta property=\"og:type\" content=\"article\" \/>\n<meta property=\"og:title\" content=\"Manche Un lyc\u00e9en meurt dans un accident sur son lieu de stage - ACCIDENTDUTRAVAIL-IDF\" \/>\n<meta property=\"og:description\" content=\"Manche Un lyc\u00e9en meurt dans un accident sur son lieu de stage article de ACCIDENTDUTRAVAIL-IDF\" \/>\n<meta property=\"og:url\" content=\"https:\/\/www.accidentdutravail-idf.net\/blog\/manche-un-lyceen-meurt-dans-un-accident-sur-son-lieu-de-stage\/\" \/>\n<meta property=\"og:site_name\" content=\"ACCIDENTDUTRAVAIL-IDF\" \/>\n<meta property=\"article:published_time\" content=\"2025-06-19T04:41:00+00:00\" \/>\n<meta property=\"og:image\" content=\"https:\/\/www.accidentdutravail-idf.net\/blog\/wp-content\/uploads\/2025\/06\/manche-un-lyceen-meurt-dans-un-accident-sur-son-lieu-de-stage.jpg\" \/>\n<meta name=\"author\" content=\"Carlos Poulain\" \/>\n<meta name=\"twitter:card\" content=\"summary_large_image\" \/>\n<meta name=\"twitter:label1\" content=\"\u00c9crit par\" \/>\n\t<meta name=\"twitter:data1\" content=\"Carlos Poulain\" \/>\n\t<meta name=\"twitter:label2\" content=\"Dur\u00e9e de lecture estim\u00e9e\" \/>\n\t<meta name=\"twitter:data2\" content=\"2 minutes\" \/>\n<script type=\"application\/ld+json\" class=\"yoast-schema-graph\">{\"@context\":\"https:\\\/\\\/schema.org\",\"@graph\":[{\"@type\":\"Article\",\"@id\":\"https:\\\/\\\/www.accidentdutravail-idf.net\\\/blog\\\/manche-un-lyceen-meurt-dans-un-accident-sur-son-lieu-de-stage\\\/#article\",\"isPartOf\":{\"@id\":\"https:\\\/\\\/www.accidentdutravail-idf.net\\\/blog\\\/manche-un-lyceen-meurt-dans-un-accident-sur-son-lieu-de-stage\\\/\"},\"author\":{\"name\":\"Carlos Poulain\",\"@id\":\"https:\\\/\\\/www.accidentdutravail-idf.net\\\/blog\\\/#\\\/schema\\\/person\\\/3255d2f970de45e64bd9201f38e7b947\"},\"headline\":\"Manche Un lyc\u00e9en meurt dans un accident sur son lieu de stage\",\"datePublished\":\"2025-06-19T04:41:00+00:00\",\"mainEntityOfPage\":{\"@id\":\"https:\\\/\\\/www.accidentdutravail-idf.net\\\/blog\\\/manche-un-lyceen-meurt-dans-un-accident-sur-son-lieu-de-stage\\\/\"},\"wordCount\":386,\"publisher\":{\"@id\":\"https:\\\/\\\/www.accidentdutravail-idf.net\\\/blog\\\/#organization\"},\"image\":{\"@id\":\"https:\\\/\\\/www.accidentdutravail-idf.net\\\/blog\\\/manche-un-lyceen-meurt-dans-un-accident-sur-son-lieu-de-stage\\\/#primaryimage\"},\"thumbnailUrl\":\"https:\\\/\\\/www.accidentdutravail-idf.net\\\/blog\\\/wp-content\\\/uploads\\\/2025\\\/06\\\/manche-un-lyceen-meurt-dans-un-accident-sur-son-lieu-de-stage.jpg\",\"articleSection\":[\"S\u00e9curit\u00e9 Du Travail En Ile-De-France Et Divers:\"],\"inLanguage\":\"fr-FR\"},{\"@type\":\"WebPage\",\"@id\":\"https:\\\/\\\/www.accidentdutravail-idf.net\\\/blog\\\/manche-un-lyceen-meurt-dans-un-accident-sur-son-lieu-de-stage\\\/\",\"url\":\"https:\\\/\\\/www.accidentdutravail-idf.net\\\/blog\\\/manche-un-lyceen-meurt-dans-un-accident-sur-son-lieu-de-stage\\\/\",\"name\":\"Manche Un lyc\u00e9en meurt dans un accident sur son lieu de stage - ACCIDENTDUTRAVAIL-IDF\",\"isPartOf\":{\"@id\":\"https:\\\/\\\/www.accidentdutravail-idf.net\\\/blog\\\/#website\"},\"primaryImageOfPage\":{\"@id\":\"https:\\\/\\\/www.accidentdutravail-idf.net\\\/blog\\\/manche-un-lyceen-meurt-dans-un-accident-sur-son-lieu-de-stage\\\/#primaryimage\"},\"image\":{\"@id\":\"https:\\\/\\\/www.accidentdutravail-idf.net\\\/blog\\\/manche-un-lyceen-meurt-dans-un-accident-sur-son-lieu-de-stage\\\/#primaryimage\"},\"thumbnailUrl\":\"https:\\\/\\\/www.accidentdutravail-idf.net\\\/blog\\\/wp-content\\\/uploads\\\/2025\\\/06\\\/manche-un-lyceen-meurt-dans-un-accident-sur-son-lieu-de-stage.jpg\",\"datePublished\":\"2025-06-19T04:41:00+00:00\",\"description\":\"Manche Un lyc\u00e9en meurt dans un accident sur son lieu de stage article de ACCIDENTDUTRAVAIL-IDF\",\"breadcrumb\":{\"@id\":\"https:\\\/\\\/www.accidentdutravail-idf.net\\\/blog\\\/manche-un-lyceen-meurt-dans-un-accident-sur-son-lieu-de-stage\\\/#breadcrumb\"},\"inLanguage\":\"fr-FR\",\"potentialAction\":[{\"@type\":\"ReadAction\",\"target\":[\"https:\\\/\\\/www.accidentdutravail-idf.net\\\/blog\\\/manche-un-lyceen-meurt-dans-un-accident-sur-son-lieu-de-stage\\\/\"]}]},{\"@type\":\"ImageObject\",\"inLanguage\":\"fr-FR\",\"@id\":\"https:\\\/\\\/www.accidentdutravail-idf.net\\\/blog\\\/manche-un-lyceen-meurt-dans-un-accident-sur-son-lieu-de-stage\\\/#primaryimage\",\"url\":\"https:\\\/\\\/www.accidentdutravail-idf.net\\\/blog\\\/wp-content\\\/uploads\\\/2025\\\/06\\\/manche-un-lyceen-meurt-dans-un-accident-sur-son-lieu-de-stage.jpg\",\"contentUrl\":\"https:\\\/\\\/www.accidentdutravail-idf.net\\\/blog\\\/wp-content\\\/uploads\\\/2025\\\/06\\\/manche-un-lyceen-meurt-dans-un-accident-sur-son-lieu-de-stage.jpg\"},{\"@type\":\"BreadcrumbList\",\"@id\":\"https:\\\/\\\/www.accidentdutravail-idf.net\\\/blog\\\/manche-un-lyceen-meurt-dans-un-accident-sur-son-lieu-de-stage\\\/#breadcrumb\",\"itemListElement\":[{\"@type\":\"ListItem\",\"position\":1,\"name\":\"Accueil\",\"item\":\"https:\\\/\\\/www.accidentdutravail-idf.net\\\/blog\\\/\"},{\"@type\":\"ListItem\",\"position\":2,\"name\":\"Manche Un lyc\u00e9en meurt dans un accident sur son lieu de stage\"}]},{\"@type\":\"WebSite\",\"@id\":\"https:\\\/\\\/www.accidentdutravail-idf.net\\\/blog\\\/#website\",\"url\":\"https:\\\/\\\/www.accidentdutravail-idf.net\\\/blog\\\/\",\"name\":\"ACCIDENTDUTRAVAIL-IDF\",\"description\":\"Portail accidents du travail-maladies professionnelles des entreprises d&#039;Ile-de-France\",\"publisher\":{\"@id\":\"https:\\\/\\\/www.accidentdutravail-idf.net\\\/blog\\\/#organization\"},\"potentialAction\":[{\"@type\":\"SearchAction\",\"target\":{\"@type\":\"EntryPoint\",\"urlTemplate\":\"https:\\\/\\\/www.accidentdutravail-idf.net\\\/blog\\\/?s={search_term_string}\"},\"query-input\":{\"@type\":\"PropertyValueSpecification\",\"valueRequired\":true,\"valueName\":\"search_term_string\"}}],\"inLanguage\":\"fr-FR\"},{\"@type\":\"Organization\",\"@id\":\"https:\\\/\\\/www.accidentdutravail-idf.net\\\/blog\\\/#organization\",\"name\":\"accidentdutravail-idf\",\"url\":\"https:\\\/\\\/www.accidentdutravail-idf.net\\\/blog\\\/\",\"logo\":{\"@type\":\"ImageObject\",\"inLanguage\":\"fr-FR\",\"@id\":\"https:\\\/\\\/www.accidentdutravail-idf.net\\\/blog\\\/#\\\/schema\\\/logo\\\/image\\\/\",\"url\":\"https:\\\/\\\/www.accidentdutravail-idf.net\\\/blog\\\/wp-content\\\/uploads\\\/2022\\\/09\\\/logo-2.png\",\"contentUrl\":\"https:\\\/\\\/www.accidentdutravail-idf.net\\\/blog\\\/wp-content\\\/uploads\\\/2022\\\/09\\\/logo-2.png\",\"width\":380,\"height\":291,\"caption\":\"accidentdutravail-idf\"},\"image\":{\"@id\":\"https:\\\/\\\/www.accidentdutravail-idf.net\\\/blog\\\/#\\\/schema\\\/logo\\\/image\\\/\"}},{\"@type\":\"Person\",\"@id\":\"https:\\\/\\\/www.accidentdutravail-idf.net\\\/blog\\\/#\\\/schema\\\/person\\\/3255d2f970de45e64bd9201f38e7b947\",\"name\":\"Carlos Poulain\",\"image\":{\"@type\":\"ImageObject\",\"inLanguage\":\"fr-FR\",\"@id\":\"https:\\\/\\\/secure.gravatar.com\\\/avatar\\\/b1c2f9d3588e34e91adb093635df64ef4b2381991216be7576466cfcdca4baf3?s=96&d=mm&r=g\",\"url\":\"https:\\\/\\\/secure.gravatar.com\\\/avatar\\\/b1c2f9d3588e34e91adb093635df64ef4b2381991216be7576466cfcdca4baf3?s=96&d=mm&r=g\",\"contentUrl\":\"https:\\\/\\\/secure.gravatar.com\\\/avatar\\\/b1c2f9d3588e34e91adb093635df64ef4b2381991216be7576466cfcdca4baf3?s=96&d=mm&r=g\",\"caption\":\"Carlos Poulain\"},\"url\":\"https:\\\/\\\/www.accidentdutravail-idf.net\\\/blog\\\/author\\\/idfcarlos\\\/\"}]}<\/script>\n<!-- \/ Yoast SEO plugin. -->","yoast_head_json":{"title":"Manche Un lyc\u00e9en meurt dans un accident sur son lieu de stage - ACCIDENTDUTRAVAIL-IDF","description":"Manche Un lyc\u00e9en meurt dans un accident sur son lieu de stage article de ACCIDENTDUTRAVAIL-IDF","robots":{"index":"index","follow":"follow","max-snippet":"max-snippet:-1","max-image-preview":"max-image-preview:large","max-video-preview":"max-video-preview:-1"},"canonical":"https:\/\/www.accidentdutravail-idf.net\/blog\/manche-un-lyceen-meurt-dans-un-accident-sur-son-lieu-de-stage\/","og_locale":"fr_FR","og_type":"article","og_title":"Manche Un lyc\u00e9en meurt dans un accident sur son lieu de stage - ACCIDENTDUTRAVAIL-IDF","og_description":"Manche Un lyc\u00e9en meurt dans un accident sur son lieu de stage article de ACCIDENTDUTRAVAIL-IDF","og_url":"https:\/\/www.accidentdutravail-idf.net\/blog\/manche-un-lyceen-meurt-dans-un-accident-sur-son-lieu-de-stage\/","og_site_name":"ACCIDENTDUTRAVAIL-IDF","article_published_time":"2025-06-19T04:41:00+00:00","og_image":[{"url":"https:\/\/www.accidentdutravail-idf.net\/blog\/wp-content\/uploads\/2025\/06\/manche-un-lyceen-meurt-dans-un-accident-sur-son-lieu-de-stage.jpg","type":"","width":"","height":""}],"author":"Carlos Poulain","twitter_card":"summary_large_image","twitter_misc":{"\u00c9crit par":"Carlos Poulain","Dur\u00e9e de lecture estim\u00e9e":"2 minutes"},"schema":{"@context":"https:\/\/schema.org","@graph":[{"@type":"Article","@id":"https:\/\/www.accidentdutravail-idf.net\/blog\/manche-un-lyceen-meurt-dans-un-accident-sur-son-lieu-de-stage\/#article","isPartOf":{"@id":"https:\/\/www.accidentdutravail-idf.net\/blog\/manche-un-lyceen-meurt-dans-un-accident-sur-son-lieu-de-stage\/"},"author":{"name":"Carlos Poulain","@id":"https:\/\/www.accidentdutravail-idf.net\/blog\/#\/schema\/person\/3255d2f970de45e64bd9201f38e7b947"},"headline":"Manche Un lyc\u00e9en meurt dans un accident sur son lieu de stage","datePublished":"2025-06-19T04:41:00+00:00","mainEntityOfPage":{"@id":"https:\/\/www.accidentdutravail-idf.net\/blog\/manche-un-lyceen-meurt-dans-un-accident-sur-son-lieu-de-stage\/"},"wordCount":386,"publisher":{"@id":"https:\/\/www.accidentdutravail-idf.net\/blog\/#organization"},"image":{"@id":"https:\/\/www.accidentdutravail-idf.net\/blog\/manche-un-lyceen-meurt-dans-un-accident-sur-son-lieu-de-stage\/#primaryimage"},"thumbnailUrl":"https:\/\/www.accidentdutravail-idf.net\/blog\/wp-content\/uploads\/2025\/06\/manche-un-lyceen-meurt-dans-un-accident-sur-son-lieu-de-stage.jpg","articleSection":["S\u00e9curit\u00e9 Du Travail En Ile-De-France Et Divers:"],"inLanguage":"fr-FR"},{"@type":"WebPage","@id":"https:\/\/www.accidentdutravail-idf.net\/blog\/manche-un-lyceen-meurt-dans-un-accident-sur-son-lieu-de-stage\/","url":"https:\/\/www.accidentdutravail-idf.net\/blog\/manche-un-lyceen-meurt-dans-un-accident-sur-son-lieu-de-stage\/","name":"Manche Un lyc\u00e9en meurt dans un accident sur son lieu de stage - ACCIDENTDUTRAVAIL-IDF","isPartOf":{"@id":"https:\/\/www.accidentdutravail-idf.net\/blog\/#website"},"primaryImageOfPage":{"@id":"https:\/\/www.accidentdutravail-idf.net\/blog\/manche-un-lyceen-meurt-dans-un-accident-sur-son-lieu-de-stage\/#primaryimage"},"image":{"@id":"https:\/\/www.accidentdutravail-idf.net\/blog\/manche-un-lyceen-meurt-dans-un-accident-sur-son-lieu-de-stage\/#primaryimage"},"thumbnailUrl":"https:\/\/www.accidentdutravail-idf.net\/blog\/wp-content\/uploads\/2025\/06\/manche-un-lyceen-meurt-dans-un-accident-sur-son-lieu-de-stage.jpg","datePublished":"2025-06-19T04:41:00+00:00","description":"Manche Un lyc\u00e9en meurt dans un accident sur son lieu de stage article de ACCIDENTDUTRAVAIL-IDF","breadcrumb":{"@id":"https:\/\/www.accidentdutravail-idf.net\/blog\/manche-un-lyceen-meurt-dans-un-accident-sur-son-lieu-de-stage\/#breadcrumb"},"inLanguage":"fr-FR","potentialAction":[{"@type":"ReadAction","target":["https:\/\/www.accidentdutravail-idf.net\/blog\/manche-un-lyceen-meurt-dans-un-accident-sur-son-lieu-de-stage\/"]}]},{"@type":"ImageObject","inLanguage":"fr-FR","@id":"https:\/\/www.accidentdutravail-idf.net\/blog\/manche-un-lyceen-meurt-dans-un-accident-sur-son-lieu-de-stage\/#primaryimage","url":"https:\/\/www.accidentdutravail-idf.net\/blog\/wp-content\/uploads\/2025\/06\/manche-un-lyceen-meurt-dans-un-accident-sur-son-lieu-de-stage.jpg","contentUrl":"https:\/\/www.accidentdutravail-idf.net\/blog\/wp-content\/uploads\/2025\/06\/manche-un-lyceen-meurt-dans-un-accident-sur-son-lieu-de-stage.jpg"},{"@type":"BreadcrumbList","@id":"https:\/\/www.accidentdutravail-idf.net\/blog\/manche-un-lyceen-meurt-dans-un-accident-sur-son-lieu-de-stage\/#breadcrumb","itemListElement":[{"@type":"ListItem","position":1,"name":"Accueil","item":"https:\/\/www.accidentdutravail-idf.net\/blog\/"},{"@type":"ListItem","position":2,"name":"Manche Un lyc\u00e9en meurt dans un accident sur son lieu de stage"}]},{"@type":"WebSite","@id":"https:\/\/www.accidentdutravail-idf.net\/blog\/#website","url":"https:\/\/www.accidentdutravail-idf.net\/blog\/","name":"ACCIDENTDUTRAVAIL-IDF","description":"Portail accidents du travail-maladies professionnelles des entreprises d&#039;Ile-de-France","publisher":{"@id":"https:\/\/www.accidentdutravail-idf.net\/blog\/#organization"},"potentialAction":[{"@type":"SearchAction","target":{"@type":"EntryPoint","urlTemplate":"https:\/\/www.accidentdutravail-idf.net\/blog\/?s={search_term_string}"},"query-input":{"@type":"PropertyValueSpecification","valueRequired":true,"valueName":"search_term_string"}}],"inLanguage":"fr-FR"},{"@type":"Organization","@id":"https:\/\/www.accidentdutravail-idf.net\/blog\/#organization","name":"accidentdutravail-idf","url":"https:\/\/www.accidentdutravail-idf.net\/blog\/","logo":{"@type":"ImageObject","inLanguage":"fr-FR","@id":"https:\/\/www.accidentdutravail-idf.net\/blog\/#\/schema\/logo\/image\/","url":"https:\/\/www.accidentdutravail-idf.net\/blog\/wp-content\/uploads\/2022\/09\/logo-2.png","contentUrl":"https:\/\/www.accidentdutravail-idf.net\/blog\/wp-content\/uploads\/2022\/09\/logo-2.png","width":380,"height":291,"caption":"accidentdutravail-idf"},"image":{"@id":"https:\/\/www.accidentdutravail-idf.net\/blog\/#\/schema\/logo\/image\/"}},{"@type":"Person","@id":"https:\/\/www.accidentdutravail-idf.net\/blog\/#\/schema\/person\/3255d2f970de45e64bd9201f38e7b947","name":"Carlos Poulain","image":{"@type":"ImageObject","inLanguage":"fr-FR","@id":"https:\/\/secure.gravatar.com\/avatar\/b1c2f9d3588e34e91adb093635df64ef4b2381991216be7576466cfcdca4baf3?s=96&d=mm&r=g","url":"https:\/\/secure.gravatar.com\/avatar\/b1c2f9d3588e34e91adb093635df64ef4b2381991216be7576466cfcdca4baf3?s=96&d=mm&r=g","contentUrl":"https:\/\/secure.gravatar.com\/avatar\/b1c2f9d3588e34e91adb093635df64ef4b2381991216be7576466cfcdca4baf3?s=96&d=mm&r=g","caption":"Carlos Poulain"},"url":"https:\/\/www.accidentdutravail-idf.net\/blog\/author\/idfcarlos\/"}]}},"_links":{"self":[{"href":"https:\/\/www.accidentdutravail-idf.net\/blog\/wp-json\/wp\/v2\/posts\/1504","targetHints":{"allow":["GET"]}}],"collection":[{"href":"https:\/\/www.accidentdutravail-idf.net\/blog\/wp-json\/wp\/v2\/posts"}],"about":[{"href":"https:\/\/www.accidentdutravail-idf.net\/blog\/wp-json\/wp\/v2\/types\/post"}],"author":[{"embeddable":true,"href":"https:\/\/www.accidentdutravail-idf.net\/blog\/wp-json\/wp\/v2\/users\/2"}],"replies":[{"embeddable":true,"href":"https:\/\/www.accidentdutravail-idf.net\/blog\/wp-json\/wp\/v2\/comments?post=1504"}],"version-history":[{"count":0,"href":"https:\/\/www.accidentdutravail-idf.net\/blog\/wp-json\/wp\/v2\/posts\/1504\/revisions"}],"wp:attachment":[{"href":"https:\/\/www.accidentdutravail-idf.net\/blog\/wp-json\/wp\/v2\/media?parent=1504"}],"wp:term":[{"taxonomy":"category","embeddable":true,"href":"https:\/\/www.accidentdutravail-idf.net\/blog\/wp-json\/wp\/v2\/categories?post=1504"},{"taxonomy":"post_tag","embeddable":true,"href":"https:\/\/www.accidentdutravail-idf.net\/blog\/wp-json\/wp\/v2\/tags?post=1504"}],"curies":[{"name":"wp","href":"https:\/\/api.w.org\/{rel}","templated":true}]}}