{"id":1498,"date":"2025-06-16T01:55:00","date_gmt":"2025-06-15T23:55:00","guid":{"rendered":"https:\/\/www.accidentdutravail-idf.net\/blog\/catastrophe-dair-india-le-lent-travail-didentification-des-victimes-se-poursuit\/"},"modified":"2025-06-16T01:55:00","modified_gmt":"2025-06-15T23:55:00","slug":"catastrophe-dair-india-le-lent-travail-didentification-des-victimes-se-poursuit","status":"publish","type":"post","link":"https:\/\/www.accidentdutravail-idf.net\/blog\/catastrophe-dair-india-le-lent-travail-didentification-des-victimes-se-poursuit\/","title":{"rendered":"Catastrophe d&rsquo;Air India: le lent travail d&rsquo;identification des victimes se poursuit"},"content":{"rendered":"<div class=\"body-text\">\n<p>L&rsquo;accident jeudi du Boeing 787 de la compagnie indienne, juste apr\u00e8s son d\u00e9collage \u00e0 destination de Londres, a fait au moins 279 morts, selon le dernier bilan officiel, la pire catastrophe a\u00e9rienne dans le monde depuis 2014.<\/p>\n<\/div>\n<div class=\"body-text\">\n<p>Lundi matin, les autorit\u00e9s avaient identifi\u00e9 92 victimes gr\u00e2ce aux \u00e9chantillons ADN fournis par leur proche, a d\u00e9clar\u00e9 \u00e0 la presse le Dr Rajnish Patel, de l&rsquo;h\u00f4pital civil d&rsquo;Ahmedabad.<\/p>\n<\/div>\n<div class=\"body-text\">\n<p>Au total 47 corps ont pu ainsi \u00eatre rendus \u00e0 leur famille, ce qui a permis les premi\u00e8res fun\u00e9railles, qui se poursuivaient lundi dans la ville et au-del\u00e0, ont constat\u00e9 des journalistes de l&rsquo;AFP.<\/p>\n<\/div>\n<div class=\"body-text\">\n<p>De nombreux proches ont exprim\u00e9 frustration et d\u00e9sarroi face \u00e0 la lenteur de ces op\u00e9rations.<\/p>\n<\/div>\n<div class=\"body-text\">\n<p>\u00ab\u00a0Ils nous ont dit que \u00e7a prendrait 48 heures (&#8230;) mais nous n&rsquo;avons toujours pas de r\u00e9ponse\u00a0\u00bb, a confi\u00e9 dimanche \u00e0 l&rsquo;AFP Rinal Christian, 23 ans, dont le fr\u00e8re a\u00een\u00e9 avait pris place \u00e0 bord du vol 171.<\/p>\n<\/div>\n<div class=\"body-text\">\n<p>\u00ab\u00a0Mon fr\u00e8re \u00e9tait le seul \u00e0 pourvoir aux besoins de toute la famille. Qu&rsquo;est-ce qu&rsquo;on va faire maintenant ?\u00a0\u00bb, s&rsquo;est-il interrog\u00e9.<\/p>\n<\/div>\n<div class=\"body-text\">\n<p>Le Boeing 787 d&rsquo;Air India, qui emportait 242 passagers et membres d&rsquo;\u00e9quipage, s&rsquo;est \u00e9cras\u00e9 jeudi sur un quartier r\u00e9sidentiel d&rsquo;Ahmedabad dans la minute qui a suivi son d\u00e9collage \u00e0 13h39 locales (8h39 GMT).<\/p>\n<\/div>\n<div class=\"body-text\">\n<p>Selon l&rsquo;aviation civile indienne, l&rsquo;appareil transportait 230 passagers &#8211; 169 Indiens, 53 Britanniques, 7 Portugais et un Canadien &#8211; et 12 membres d&rsquo;\u00e9quipage.<\/p>\n<\/div>\n<div class=\"body-text\">\n<p>Un seul passager, assis pr\u00e8s d&rsquo;une issue de secours \u00e0 l&rsquo;avant de l&rsquo;appareil, a miraculeusement surv\u00e9cu \u00e0 la chute de l&rsquo;avion sur les b\u00e2timents d&rsquo;un quartier situ\u00e9 au-del\u00e0 de la piste de l&rsquo;a\u00e9roport.<\/p>\n<\/div>\n<div class=\"body-text\">\n<p>Selon le dernier bilan officiel, au moins 38 personnes ont \u00e9t\u00e9 tu\u00e9es au sol.<\/p>\n<\/div>\n<figure class=\"Image_image__BFfVu\">\n<div class=\" TwicCore_img__i9TC1 TwicCore_drop-filter__3AuSM\"><img decoding=\"async\" alt=\"Des membres des m\u00e9dicaux collectent des \u00e9chantillons d'ADN aupr\u00e8s de proches pour identifier les victimes du crash du vol 171 d'Air India, dans un centre d'urgence \u00e0 Ahmedabad, le 13 juin 2025\" loading=\"lazy\" data-nimg=\"fill\" class=\" TwicCore_img__i9TC1 undefined undefined\" src=\"https:\/\/www.accidentdutravail-idf.net\/blog\/wp-content\/uploads\/2025\/06\/catastrophe-dair-india-le-lent-travail-didentification-des-victimes-se-poursuit.jpg\"><\/div><figcaption class=\"my-2\">Des membres des m\u00e9dicaux collectent des \u00e9chantillons d&rsquo;ADN aupr\u00e8s de proches pour identifier les victimes du crash du vol 171 d&rsquo;Air India, dans un centre d&rsquo;urgence \u00e0 Ahmedabad, le 13 juin 2025<!-- --> <span class=\"uppercase bold\">PHOTO AFP \/ Punit PARANJPE<\/span><\/figcaption><\/figure>\n<div class=\"body-text\">\n<p>Les enqu\u00eateurs de l&rsquo;aviation civile en charge de l&rsquo;enqu\u00eate ont d\u00e9couvert dimanche la seconde bo\u00eete noire du Boeing, celle qui enregistre les conversations dans le cockpit.<\/p>\n<\/div>\n<div class=\"body-text\">\n<p>La premi\u00e8re, qui contient les param\u00e8tres techniques du vol (vitesse, altitude, trajectoire, moteurs&#8230;) avait \u00e9t\u00e9 r\u00e9cup\u00e9r\u00e9e vendredi dans la queue de l&rsquo;avion, retrouv\u00e9e presque intacte au sommet d&rsquo;un b\u00e2timent. <\/p>\n<\/div>\n<div class=\"body-text\">\n<p>Selon les premiers \u00e9l\u00e9ments de l&rsquo;enqu\u00eate, le pilote a \u00e9mis un appel d&rsquo;urgence juste apr\u00e8s l&rsquo;envol de l&rsquo;avion, qui s&rsquo;est ensuite lourdement \u00e9cras\u00e9 au sol dans une boule de feu orange.<\/p>\n<\/div>\n<section class=\"relative z-10\"><\/section>\n<div class=\"body-text\">\n<p>Le ministre indien de l&rsquo;Aviation, Ram Mohan Naidu Kinjarapu, a promis que \u00ab\u00a0tout ce qui est n\u00e9cessaire sera fait\u00a0\u00bb pour d\u00e9terminer les causes de la catastrophe.<\/p>\n<\/div>\n<p>accidentdutravail-idf.net vous a pr\u00e9par\u00e9 ce post qui informe du sujet \u00ab\u00a0Association Sportive Huisson-Longueville Essonne\u00a0\u00bb. La chronique se veut g\u00e9n\u00e9r\u00e9e du mieux possible. Vous pouvez utiliser les coordonn\u00e9es indiqu\u00e9es sur le site dans le but d\u2019apporter des explications sur ce post qui parle du th\u00e8me \u00ab\u00a0Association Sportive Huisson-Longueville Essonne\u00a0\u00bb. Le site accidentdutravail-idf.net a pour but de fournir diverses publications sur la th\u00e9matique Association Sportive Huisson-Longueville Essonne diffus\u00e9es sur le net. Il y aura plusieurs articles autour du sujet \u00ab\u00a0Association Sportive Huisson-Longueville Essonne\u00a0\u00bb dans quelques jours, nous vous invitons \u00e0 naviguer sur notre site web \u00e0 plusieurs reprises.<\/p>\n","protected":false},"excerpt":{"rendered":"<p>L&rsquo;accident jeudi du Boeing 787 de la compagnie indienne, juste apr\u00e8s son d\u00e9collage \u00e0 destination de Londres, a fait au moins 279 morts, selon le dernier bilan officiel, la pire catastrophe a\u00e9rienne dans le monde depuis 2014. Lundi matin, les autorit\u00e9s avaient identifi\u00e9 92 victimes gr\u00e2ce aux \u00e9chantillons ADN fournis par leur proche, a d\u00e9clar\u00e9 &hellip; <\/p>\n<p class=\"link-more\"><a href=\"https:\/\/www.accidentdutravail-idf.net\/blog\/catastrophe-dair-india-le-lent-travail-didentification-des-victimes-se-poursuit\/\" class=\"more-link\">Continuer la lecture <span class=\"screen-reader-text\"> \u00ab\u00a0Catastrophe d&rsquo;Air India: le lent travail d&rsquo;identification des victimes se poursuit\u00a0\u00bb<\/span><\/a><\/p>\n","protected":false},"author":2,"featured_media":0,"comment_status":"closed","ping_status":"closed","sticky":false,"template":"","format":"standard","meta":{"footnotes":""},"categories":[5],"tags":[],"class_list":["post-1498","post","type-post","status-publish","format-standard","hentry","category-securite-du-travail-en-ile-de-france-et-divers","entry"],"yoast_head":"<!-- This site is optimized with the Yoast SEO plugin v27.5 - https:\/\/yoast.com\/product\/yoast-seo-wordpress\/ -->\n<title>Catastrophe d&#039;Air India: le lent travail d&#039;identification des victimes se poursuit - ACCIDENTDUTRAVAIL-IDF<\/title>\n<meta name=\"description\" content=\"Catastrophe d&#039;Air India: le lent travail d&#039;identification des victimes se poursuit article de ACCIDENTDUTRAVAIL-IDF\" \/>\n<meta name=\"robots\" content=\"index, follow, max-snippet:-1, max-image-preview:large, max-video-preview:-1\" \/>\n<link rel=\"canonical\" href=\"https:\/\/www.accidentdutravail-idf.net\/blog\/catastrophe-dair-india-le-lent-travail-didentification-des-victimes-se-poursuit\/\" \/>\n<meta property=\"og:locale\" content=\"fr_FR\" \/>\n<meta property=\"og:type\" content=\"article\" \/>\n<meta property=\"og:title\" content=\"Catastrophe d&#039;Air India: le lent travail d&#039;identification des victimes se poursuit - ACCIDENTDUTRAVAIL-IDF\" \/>\n<meta property=\"og:description\" content=\"Catastrophe d&#039;Air India: le lent travail d&#039;identification des victimes se poursuit article de ACCIDENTDUTRAVAIL-IDF\" \/>\n<meta property=\"og:url\" content=\"https:\/\/www.accidentdutravail-idf.net\/blog\/catastrophe-dair-india-le-lent-travail-didentification-des-victimes-se-poursuit\/\" \/>\n<meta property=\"og:site_name\" content=\"ACCIDENTDUTRAVAIL-IDF\" \/>\n<meta property=\"article:published_time\" content=\"2025-06-15T23:55:00+00:00\" \/>\n<meta property=\"og:image\" content=\"https:\/\/www.accidentdutravail-idf.net\/blog\/wp-content\/uploads\/2025\/06\/catastrophe-dair-india-le-lent-travail-didentification-des-victimes-se-poursuit.jpg\" \/>\n<meta name=\"author\" content=\"Carlos Poulain\" \/>\n<meta name=\"twitter:card\" content=\"summary_large_image\" \/>\n<meta name=\"twitter:label1\" content=\"\u00c9crit par\" \/>\n\t<meta name=\"twitter:data1\" content=\"Carlos Poulain\" \/>\n\t<meta name=\"twitter:label2\" content=\"Dur\u00e9e de lecture estim\u00e9e\" \/>\n\t<meta name=\"twitter:data2\" content=\"3 minutes\" \/>\n<script type=\"application\/ld+json\" class=\"yoast-schema-graph\">{\"@context\":\"https:\\\/\\\/schema.org\",\"@graph\":[{\"@type\":\"Article\",\"@id\":\"https:\\\/\\\/www.accidentdutravail-idf.net\\\/blog\\\/catastrophe-dair-india-le-lent-travail-didentification-des-victimes-se-poursuit\\\/#article\",\"isPartOf\":{\"@id\":\"https:\\\/\\\/www.accidentdutravail-idf.net\\\/blog\\\/catastrophe-dair-india-le-lent-travail-didentification-des-victimes-se-poursuit\\\/\"},\"author\":{\"name\":\"Carlos Poulain\",\"@id\":\"https:\\\/\\\/www.accidentdutravail-idf.net\\\/blog\\\/#\\\/schema\\\/person\\\/3255d2f970de45e64bd9201f38e7b947\"},\"headline\":\"Catastrophe d&rsquo;Air India: le lent travail d&rsquo;identification des victimes se poursuit\",\"datePublished\":\"2025-06-15T23:55:00+00:00\",\"mainEntityOfPage\":{\"@id\":\"https:\\\/\\\/www.accidentdutravail-idf.net\\\/blog\\\/catastrophe-dair-india-le-lent-travail-didentification-des-victimes-se-poursuit\\\/\"},\"wordCount\":552,\"publisher\":{\"@id\":\"https:\\\/\\\/www.accidentdutravail-idf.net\\\/blog\\\/#organization\"},\"image\":{\"@id\":\"https:\\\/\\\/www.accidentdutravail-idf.net\\\/blog\\\/catastrophe-dair-india-le-lent-travail-didentification-des-victimes-se-poursuit\\\/#primaryimage\"},\"thumbnailUrl\":\"https:\\\/\\\/www.accidentdutravail-idf.net\\\/blog\\\/wp-content\\\/uploads\\\/2025\\\/06\\\/catastrophe-dair-india-le-lent-travail-didentification-des-victimes-se-poursuit.jpg\",\"articleSection\":[\"S\u00e9curit\u00e9 Du Travail En Ile-De-France Et Divers:\"],\"inLanguage\":\"fr-FR\"},{\"@type\":\"WebPage\",\"@id\":\"https:\\\/\\\/www.accidentdutravail-idf.net\\\/blog\\\/catastrophe-dair-india-le-lent-travail-didentification-des-victimes-se-poursuit\\\/\",\"url\":\"https:\\\/\\\/www.accidentdutravail-idf.net\\\/blog\\\/catastrophe-dair-india-le-lent-travail-didentification-des-victimes-se-poursuit\\\/\",\"name\":\"Catastrophe d'Air India: le lent travail d'identification des victimes se poursuit - ACCIDENTDUTRAVAIL-IDF\",\"isPartOf\":{\"@id\":\"https:\\\/\\\/www.accidentdutravail-idf.net\\\/blog\\\/#website\"},\"primaryImageOfPage\":{\"@id\":\"https:\\\/\\\/www.accidentdutravail-idf.net\\\/blog\\\/catastrophe-dair-india-le-lent-travail-didentification-des-victimes-se-poursuit\\\/#primaryimage\"},\"image\":{\"@id\":\"https:\\\/\\\/www.accidentdutravail-idf.net\\\/blog\\\/catastrophe-dair-india-le-lent-travail-didentification-des-victimes-se-poursuit\\\/#primaryimage\"},\"thumbnailUrl\":\"https:\\\/\\\/www.accidentdutravail-idf.net\\\/blog\\\/wp-content\\\/uploads\\\/2025\\\/06\\\/catastrophe-dair-india-le-lent-travail-didentification-des-victimes-se-poursuit.jpg\",\"datePublished\":\"2025-06-15T23:55:00+00:00\",\"description\":\"Catastrophe d'Air India: le lent travail d'identification des victimes se poursuit article de ACCIDENTDUTRAVAIL-IDF\",\"breadcrumb\":{\"@id\":\"https:\\\/\\\/www.accidentdutravail-idf.net\\\/blog\\\/catastrophe-dair-india-le-lent-travail-didentification-des-victimes-se-poursuit\\\/#breadcrumb\"},\"inLanguage\":\"fr-FR\",\"potentialAction\":[{\"@type\":\"ReadAction\",\"target\":[\"https:\\\/\\\/www.accidentdutravail-idf.net\\\/blog\\\/catastrophe-dair-india-le-lent-travail-didentification-des-victimes-se-poursuit\\\/\"]}]},{\"@type\":\"ImageObject\",\"inLanguage\":\"fr-FR\",\"@id\":\"https:\\\/\\\/www.accidentdutravail-idf.net\\\/blog\\\/catastrophe-dair-india-le-lent-travail-didentification-des-victimes-se-poursuit\\\/#primaryimage\",\"url\":\"https:\\\/\\\/www.accidentdutravail-idf.net\\\/blog\\\/wp-content\\\/uploads\\\/2025\\\/06\\\/catastrophe-dair-india-le-lent-travail-didentification-des-victimes-se-poursuit.jpg\",\"contentUrl\":\"https:\\\/\\\/www.accidentdutravail-idf.net\\\/blog\\\/wp-content\\\/uploads\\\/2025\\\/06\\\/catastrophe-dair-india-le-lent-travail-didentification-des-victimes-se-poursuit.jpg\"},{\"@type\":\"BreadcrumbList\",\"@id\":\"https:\\\/\\\/www.accidentdutravail-idf.net\\\/blog\\\/catastrophe-dair-india-le-lent-travail-didentification-des-victimes-se-poursuit\\\/#breadcrumb\",\"itemListElement\":[{\"@type\":\"ListItem\",\"position\":1,\"name\":\"Accueil\",\"item\":\"https:\\\/\\\/www.accidentdutravail-idf.net\\\/blog\\\/\"},{\"@type\":\"ListItem\",\"position\":2,\"name\":\"Catastrophe d&rsquo;Air India: le lent travail d&rsquo;identification des victimes se poursuit\"}]},{\"@type\":\"WebSite\",\"@id\":\"https:\\\/\\\/www.accidentdutravail-idf.net\\\/blog\\\/#website\",\"url\":\"https:\\\/\\\/www.accidentdutravail-idf.net\\\/blog\\\/\",\"name\":\"ACCIDENTDUTRAVAIL-IDF\",\"description\":\"Portail accidents du travail-maladies professionnelles des entreprises d&#039;Ile-de-France\",\"publisher\":{\"@id\":\"https:\\\/\\\/www.accidentdutravail-idf.net\\\/blog\\\/#organization\"},\"potentialAction\":[{\"@type\":\"SearchAction\",\"target\":{\"@type\":\"EntryPoint\",\"urlTemplate\":\"https:\\\/\\\/www.accidentdutravail-idf.net\\\/blog\\\/?s={search_term_string}\"},\"query-input\":{\"@type\":\"PropertyValueSpecification\",\"valueRequired\":true,\"valueName\":\"search_term_string\"}}],\"inLanguage\":\"fr-FR\"},{\"@type\":\"Organization\",\"@id\":\"https:\\\/\\\/www.accidentdutravail-idf.net\\\/blog\\\/#organization\",\"name\":\"accidentdutravail-idf\",\"url\":\"https:\\\/\\\/www.accidentdutravail-idf.net\\\/blog\\\/\",\"logo\":{\"@type\":\"ImageObject\",\"inLanguage\":\"fr-FR\",\"@id\":\"https:\\\/\\\/www.accidentdutravail-idf.net\\\/blog\\\/#\\\/schema\\\/logo\\\/image\\\/\",\"url\":\"https:\\\/\\\/www.accidentdutravail-idf.net\\\/blog\\\/wp-content\\\/uploads\\\/2022\\\/09\\\/logo-2.png\",\"contentUrl\":\"https:\\\/\\\/www.accidentdutravail-idf.net\\\/blog\\\/wp-content\\\/uploads\\\/2022\\\/09\\\/logo-2.png\",\"width\":380,\"height\":291,\"caption\":\"accidentdutravail-idf\"},\"image\":{\"@id\":\"https:\\\/\\\/www.accidentdutravail-idf.net\\\/blog\\\/#\\\/schema\\\/logo\\\/image\\\/\"}},{\"@type\":\"Person\",\"@id\":\"https:\\\/\\\/www.accidentdutravail-idf.net\\\/blog\\\/#\\\/schema\\\/person\\\/3255d2f970de45e64bd9201f38e7b947\",\"name\":\"Carlos Poulain\",\"image\":{\"@type\":\"ImageObject\",\"inLanguage\":\"fr-FR\",\"@id\":\"https:\\\/\\\/secure.gravatar.com\\\/avatar\\\/b1c2f9d3588e34e91adb093635df64ef4b2381991216be7576466cfcdca4baf3?s=96&d=mm&r=g\",\"url\":\"https:\\\/\\\/secure.gravatar.com\\\/avatar\\\/b1c2f9d3588e34e91adb093635df64ef4b2381991216be7576466cfcdca4baf3?s=96&d=mm&r=g\",\"contentUrl\":\"https:\\\/\\\/secure.gravatar.com\\\/avatar\\\/b1c2f9d3588e34e91adb093635df64ef4b2381991216be7576466cfcdca4baf3?s=96&d=mm&r=g\",\"caption\":\"Carlos Poulain\"},\"url\":\"https:\\\/\\\/www.accidentdutravail-idf.net\\\/blog\\\/author\\\/idfcarlos\\\/\"}]}<\/script>\n<!-- \/ Yoast SEO plugin. -->","yoast_head_json":{"title":"Catastrophe d'Air India: le lent travail d'identification des victimes se poursuit - ACCIDENTDUTRAVAIL-IDF","description":"Catastrophe d'Air India: le lent travail d'identification des victimes se poursuit article de ACCIDENTDUTRAVAIL-IDF","robots":{"index":"index","follow":"follow","max-snippet":"max-snippet:-1","max-image-preview":"max-image-preview:large","max-video-preview":"max-video-preview:-1"},"canonical":"https:\/\/www.accidentdutravail-idf.net\/blog\/catastrophe-dair-india-le-lent-travail-didentification-des-victimes-se-poursuit\/","og_locale":"fr_FR","og_type":"article","og_title":"Catastrophe d'Air India: le lent travail d'identification des victimes se poursuit - ACCIDENTDUTRAVAIL-IDF","og_description":"Catastrophe d'Air India: le lent travail d'identification des victimes se poursuit article de ACCIDENTDUTRAVAIL-IDF","og_url":"https:\/\/www.accidentdutravail-idf.net\/blog\/catastrophe-dair-india-le-lent-travail-didentification-des-victimes-se-poursuit\/","og_site_name":"ACCIDENTDUTRAVAIL-IDF","article_published_time":"2025-06-15T23:55:00+00:00","og_image":[{"url":"https:\/\/www.accidentdutravail-idf.net\/blog\/wp-content\/uploads\/2025\/06\/catastrophe-dair-india-le-lent-travail-didentification-des-victimes-se-poursuit.jpg","type":"","width":"","height":""}],"author":"Carlos Poulain","twitter_card":"summary_large_image","twitter_misc":{"\u00c9crit par":"Carlos Poulain","Dur\u00e9e de lecture estim\u00e9e":"3 minutes"},"schema":{"@context":"https:\/\/schema.org","@graph":[{"@type":"Article","@id":"https:\/\/www.accidentdutravail-idf.net\/blog\/catastrophe-dair-india-le-lent-travail-didentification-des-victimes-se-poursuit\/#article","isPartOf":{"@id":"https:\/\/www.accidentdutravail-idf.net\/blog\/catastrophe-dair-india-le-lent-travail-didentification-des-victimes-se-poursuit\/"},"author":{"name":"Carlos Poulain","@id":"https:\/\/www.accidentdutravail-idf.net\/blog\/#\/schema\/person\/3255d2f970de45e64bd9201f38e7b947"},"headline":"Catastrophe d&rsquo;Air India: le lent travail d&rsquo;identification des victimes se poursuit","datePublished":"2025-06-15T23:55:00+00:00","mainEntityOfPage":{"@id":"https:\/\/www.accidentdutravail-idf.net\/blog\/catastrophe-dair-india-le-lent-travail-didentification-des-victimes-se-poursuit\/"},"wordCount":552,"publisher":{"@id":"https:\/\/www.accidentdutravail-idf.net\/blog\/#organization"},"image":{"@id":"https:\/\/www.accidentdutravail-idf.net\/blog\/catastrophe-dair-india-le-lent-travail-didentification-des-victimes-se-poursuit\/#primaryimage"},"thumbnailUrl":"https:\/\/www.accidentdutravail-idf.net\/blog\/wp-content\/uploads\/2025\/06\/catastrophe-dair-india-le-lent-travail-didentification-des-victimes-se-poursuit.jpg","articleSection":["S\u00e9curit\u00e9 Du Travail En Ile-De-France Et Divers:"],"inLanguage":"fr-FR"},{"@type":"WebPage","@id":"https:\/\/www.accidentdutravail-idf.net\/blog\/catastrophe-dair-india-le-lent-travail-didentification-des-victimes-se-poursuit\/","url":"https:\/\/www.accidentdutravail-idf.net\/blog\/catastrophe-dair-india-le-lent-travail-didentification-des-victimes-se-poursuit\/","name":"Catastrophe d'Air India: le lent travail d'identification des victimes se poursuit - ACCIDENTDUTRAVAIL-IDF","isPartOf":{"@id":"https:\/\/www.accidentdutravail-idf.net\/blog\/#website"},"primaryImageOfPage":{"@id":"https:\/\/www.accidentdutravail-idf.net\/blog\/catastrophe-dair-india-le-lent-travail-didentification-des-victimes-se-poursuit\/#primaryimage"},"image":{"@id":"https:\/\/www.accidentdutravail-idf.net\/blog\/catastrophe-dair-india-le-lent-travail-didentification-des-victimes-se-poursuit\/#primaryimage"},"thumbnailUrl":"https:\/\/www.accidentdutravail-idf.net\/blog\/wp-content\/uploads\/2025\/06\/catastrophe-dair-india-le-lent-travail-didentification-des-victimes-se-poursuit.jpg","datePublished":"2025-06-15T23:55:00+00:00","description":"Catastrophe d'Air India: le lent travail d'identification des victimes se poursuit article de ACCIDENTDUTRAVAIL-IDF","breadcrumb":{"@id":"https:\/\/www.accidentdutravail-idf.net\/blog\/catastrophe-dair-india-le-lent-travail-didentification-des-victimes-se-poursuit\/#breadcrumb"},"inLanguage":"fr-FR","potentialAction":[{"@type":"ReadAction","target":["https:\/\/www.accidentdutravail-idf.net\/blog\/catastrophe-dair-india-le-lent-travail-didentification-des-victimes-se-poursuit\/"]}]},{"@type":"ImageObject","inLanguage":"fr-FR","@id":"https:\/\/www.accidentdutravail-idf.net\/blog\/catastrophe-dair-india-le-lent-travail-didentification-des-victimes-se-poursuit\/#primaryimage","url":"https:\/\/www.accidentdutravail-idf.net\/blog\/wp-content\/uploads\/2025\/06\/catastrophe-dair-india-le-lent-travail-didentification-des-victimes-se-poursuit.jpg","contentUrl":"https:\/\/www.accidentdutravail-idf.net\/blog\/wp-content\/uploads\/2025\/06\/catastrophe-dair-india-le-lent-travail-didentification-des-victimes-se-poursuit.jpg"},{"@type":"BreadcrumbList","@id":"https:\/\/www.accidentdutravail-idf.net\/blog\/catastrophe-dair-india-le-lent-travail-didentification-des-victimes-se-poursuit\/#breadcrumb","itemListElement":[{"@type":"ListItem","position":1,"name":"Accueil","item":"https:\/\/www.accidentdutravail-idf.net\/blog\/"},{"@type":"ListItem","position":2,"name":"Catastrophe d&rsquo;Air India: le lent travail d&rsquo;identification des victimes se poursuit"}]},{"@type":"WebSite","@id":"https:\/\/www.accidentdutravail-idf.net\/blog\/#website","url":"https:\/\/www.accidentdutravail-idf.net\/blog\/","name":"ACCIDENTDUTRAVAIL-IDF","description":"Portail accidents du travail-maladies professionnelles des entreprises d&#039;Ile-de-France","publisher":{"@id":"https:\/\/www.accidentdutravail-idf.net\/blog\/#organization"},"potentialAction":[{"@type":"SearchAction","target":{"@type":"EntryPoint","urlTemplate":"https:\/\/www.accidentdutravail-idf.net\/blog\/?s={search_term_string}"},"query-input":{"@type":"PropertyValueSpecification","valueRequired":true,"valueName":"search_term_string"}}],"inLanguage":"fr-FR"},{"@type":"Organization","@id":"https:\/\/www.accidentdutravail-idf.net\/blog\/#organization","name":"accidentdutravail-idf","url":"https:\/\/www.accidentdutravail-idf.net\/blog\/","logo":{"@type":"ImageObject","inLanguage":"fr-FR","@id":"https:\/\/www.accidentdutravail-idf.net\/blog\/#\/schema\/logo\/image\/","url":"https:\/\/www.accidentdutravail-idf.net\/blog\/wp-content\/uploads\/2022\/09\/logo-2.png","contentUrl":"https:\/\/www.accidentdutravail-idf.net\/blog\/wp-content\/uploads\/2022\/09\/logo-2.png","width":380,"height":291,"caption":"accidentdutravail-idf"},"image":{"@id":"https:\/\/www.accidentdutravail-idf.net\/blog\/#\/schema\/logo\/image\/"}},{"@type":"Person","@id":"https:\/\/www.accidentdutravail-idf.net\/blog\/#\/schema\/person\/3255d2f970de45e64bd9201f38e7b947","name":"Carlos Poulain","image":{"@type":"ImageObject","inLanguage":"fr-FR","@id":"https:\/\/secure.gravatar.com\/avatar\/b1c2f9d3588e34e91adb093635df64ef4b2381991216be7576466cfcdca4baf3?s=96&d=mm&r=g","url":"https:\/\/secure.gravatar.com\/avatar\/b1c2f9d3588e34e91adb093635df64ef4b2381991216be7576466cfcdca4baf3?s=96&d=mm&r=g","contentUrl":"https:\/\/secure.gravatar.com\/avatar\/b1c2f9d3588e34e91adb093635df64ef4b2381991216be7576466cfcdca4baf3?s=96&d=mm&r=g","caption":"Carlos Poulain"},"url":"https:\/\/www.accidentdutravail-idf.net\/blog\/author\/idfcarlos\/"}]}},"_links":{"self":[{"href":"https:\/\/www.accidentdutravail-idf.net\/blog\/wp-json\/wp\/v2\/posts\/1498","targetHints":{"allow":["GET"]}}],"collection":[{"href":"https:\/\/www.accidentdutravail-idf.net\/blog\/wp-json\/wp\/v2\/posts"}],"about":[{"href":"https:\/\/www.accidentdutravail-idf.net\/blog\/wp-json\/wp\/v2\/types\/post"}],"author":[{"embeddable":true,"href":"https:\/\/www.accidentdutravail-idf.net\/blog\/wp-json\/wp\/v2\/users\/2"}],"replies":[{"embeddable":true,"href":"https:\/\/www.accidentdutravail-idf.net\/blog\/wp-json\/wp\/v2\/comments?post=1498"}],"version-history":[{"count":0,"href":"https:\/\/www.accidentdutravail-idf.net\/blog\/wp-json\/wp\/v2\/posts\/1498\/revisions"}],"wp:attachment":[{"href":"https:\/\/www.accidentdutravail-idf.net\/blog\/wp-json\/wp\/v2\/media?parent=1498"}],"wp:term":[{"taxonomy":"category","embeddable":true,"href":"https:\/\/www.accidentdutravail-idf.net\/blog\/wp-json\/wp\/v2\/categories?post=1498"},{"taxonomy":"post_tag","embeddable":true,"href":"https:\/\/www.accidentdutravail-idf.net\/blog\/wp-json\/wp\/v2\/tags?post=1498"}],"curies":[{"name":"wp","href":"https:\/\/api.w.org\/{rel}","templated":true}]}}