{"id":1491,"date":"2025-06-10T20:49:00","date_gmt":"2025-06-10T18:49:00","guid":{"rendered":"https:\/\/www.accidentdutravail-idf.net\/blog\/indre-et-loire-la-prefecture-sengage-contre-les-accidents-de-la-route-dans-le-cadre-professionnel\/"},"modified":"2025-06-10T20:49:00","modified_gmt":"2025-06-10T18:49:00","slug":"indre-et-loire-la-prefecture-sengage-contre-les-accidents-de-la-route-dans-le-cadre-professionnel","status":"publish","type":"post","link":"https:\/\/www.accidentdutravail-idf.net\/blog\/indre-et-loire-la-prefecture-sengage-contre-les-accidents-de-la-route-dans-le-cadre-professionnel\/","title":{"rendered":"Indre-et-Loire : la pr\u00e9fecture s&rsquo;engage contre les accidents de la route dans le cadre professionnel"},"content":{"rendered":"<div><img decoding=\"async\" src=\"https:\/\/www.accidentdutravail-idf.net\/blog\/wp-content\/uploads\/2025\/06\/indre-et-loire-la-prefecture-sengage-contre-les-accidents-de-la-route-dans-le-cadre-professionnel.jpg\" class=\"ff-og-image-inserted\"><\/div>\n<p>La moiti\u00e9 des accidents corporels ont lieu dans le cadre professionnel, souvent sur le trajet domicile-travail. En 2024 en Indre-et-Loire, c&rsquo;\u00e9tait le cas de 83 accidents sur 170. Si les accidents sont la responsabilit\u00e9 du conducteur, les employeurs ne sont pas impuissants.<\/p>\n<div><!--[1--><!--[--><!--[2--><!--[--><!--[1--><!--&gt;\n\n<p>--><!--[1--><!--[--><!--[2--><!--[1--><!--[2--><!--&gt;[--><a class=\"IciLink ici-link IciArticleLink g-ici-body-regular-1 underline brand svelte-lu7k6w\" href=\"https:\/\/www.francebleu.fr\/infos\/politique\/thomas-campeaux-nouveau-prefet-d-indre-et-loire-6642104\" target=\"_blank\" rel=\"nofollow\"><!--&gt;--><!--&gt;Le pr\u00e9fet d'Indre-et-Loire, Thomas Campeaux--><!--&gt;--><\/a><!--]--><!--&gt;]--><!--]--><!--]--><!--&gt;[2--><!--[1--><!--[1--><!--&gt;--><!--&gt;, a sign\u00e9 mercredi 28 mai 2025 une <strong>charte d'engagement<\/strong> pour une route plus s\u00fbre. En tant qu'employeur de <strong>500 salari\u00e9s,<\/strong> la pr\u00e9fecture a pris sept engagements pour prot\u00e9ger et pr\u00e9venir les employ\u00e9s des accidents de la route dans le cadre professionnel.--><!--&gt;--><!--]--><!--]--><!--]--><!--&gt;]--><!--]--><!--&gt;--><\/p>\n<p><!--&gt;]--><!--]--><!--]--><!--&gt;[2--><!--[3--><!--&gt;[--><!--]--><!--&gt;]--><!--]--><!--&gt;[2--><!--[--><!--[1--><!--&gt;\n\n<p>--><!--[1--><!--[--><!--[2--><!--[1--><!--[1--><!--&gt;--><!--&gt;Car la moiti\u00e9 des accidents corporels, c'est-\u00e0-dire ayant fait des bless\u00e9s ou des morts, ont lieu dans le cadre professionnel. \"<em>\u00c7a s'explique aussi par le fait que la plupart des trajets sont des trajets en lien avec l'activit\u00e9 professionnelle<\/em>\" pr\u00e9cise Thomas Campeaux. En Indre-et-Loire, <strong>en 2024, c'\u00e9tait le cas de 83 accidents sur les 170 d\u00e9compt\u00e9s<\/strong>.--><!--&gt;--><!--]--><!--]--><!--]--><!--&gt;]--><!--]--><!--&gt;--><\/p>\n<p><!--&gt;]--><!--]--><!--]--><!--&gt;[2--><!--[--><!--[1--><!--&gt;\n\n<p>--><!--[1--><!--[--><!--[2--><!--[1--><!--[1--><!--&gt;--><!--&gt;Si ces accidents sont de la responsabilit\u00e9 individuelle des conducteurs, <strong>les employeurs ne sont pas impuissants<\/strong>, en tout cas selon la charte. C'est pourquoi la pr\u00e9fecture veut <strong>donner l'exemple<\/strong>&nbsp;: \"<em>On encourage les employeurs, publics comme priv\u00e9s, \u00e0 signer aussi cette charte<\/em>\" souligne le pr\u00e9fet d'Indre-et-Loire.--><!--&gt;--><!--]--><!--]--><!--]--><!--&gt;]--><!--]--><!--&gt;--><\/p>\n<p><!--&gt;]--><!--]--><!--]--><!--&gt;[2--><!--[1--><!--[--><!--&gt;[1--><\/p>\n<h2><!--&gt;-->Des conditions de travail sereines<!--&gt;--><\/h2>\n<p><!--]--><!--&gt;]--><!--]--><!--]--><!--&gt;[2--><!--[--><!--[1--><!--&gt;\n\n<p>--><!--[1--><!--[--><!--[2--><!--[1--><!--[1--><!--&gt;--><!--&gt;L'engagement qui est sans doute celui o\u00f9 l'employeur a le plus de leviers, c'est celui pour lutter contre les exc\u00e8s de vitesse, souligne Thomas Campeaux. \"<em>Il faut veiller dans l'organisation du travail et des d\u00e9placements de ses salari\u00e9s \u00e0 cr\u00e9er les conditions pour que celui-ci puisse respecter les r\u00e9glementations de s\u00e9curit\u00e9. C'est-\u00e0-dire que si l'employeur fait par exemple un planning de d\u00e9placement qui ne permet pas aux salari\u00e9s de respecter les limitations de vitesse, celui-ci ne les respectera pas. Donc <strong>il est de la responsabilit\u00e9 de l'employeur d'int\u00e9grer les temps de trajet, et d'int\u00e9grer des temps de repos<\/strong> dans des trajets un peu longs, de mani\u00e8re \u00e0 ce que son salari\u00e9 ne soit pas tent\u00e9 de prendre des risques, de rouler de mani\u00e8re excessivement rapide simplement pour faire son travail.<\/em>\"--><!--&gt;--><!--]--><!--]--><!--]--><!--&gt;]--><!--]--><!--&gt;--><\/p>\n<p><!--&gt;]--><!--]--><!--]--><!--&gt;[2--><!--[--><!--[1--><!--&gt;\n\n<p>--><!--[1--><!--[--><!--[2--><!--[1--><!--[1--><!--&gt;--><!--&gt;La charte mentionne aussi des engagements concernant <strong>l'alcool<\/strong>. Les pots de d\u00e9part, les repas de fin d'ann\u00e9e et autres \u00e9v\u00e9nements festifs peuvent mener \u00e0 des accidents sur le chemin du retour, alors l'employeur s'engage \u00e0 proposer un choix de boissons sans alcool, \u00e0 appeler \u00e0 la mod\u00e9ration et \u00e0 faire attention aux employ\u00e9s qui rentrent au volant.--><!--&gt;--><!--]--><!--]--><!--]--><!--&gt;]--><!--]--><!--&gt;--><\/p>\n<p><!--&gt;]--><!--]--><!--]--><!--&gt;[2--><!--[--><!--[1--><!--&gt;\n\n<p>--><!--[1--><!--[--><!--[2--><!--[1--><!--[1--><!--&gt;--><!--&gt;D'autres engagements concernent le port de la <strong>ceinture de s\u00e9curit\u00e9<\/strong>, ou encore l'\u00e9quipement de s\u00e9curit\u00e9 pour les cyclistes et les conducteurs de deux-roues.--><!--&gt;--><!--]--><!--]--><!--]--><!--&gt;]--><!--]--><!--&gt;--><\/p>\n<p><!--&gt;]--><!--]--><!--]--><!--&gt;[2--><!--[--><!--[1--><!--&gt;\n\n<p>--><!--[1--><!--[--><!--[2--><!--[1--><!--[1--><!--&gt;--><!--&gt;Globalement, c'est un rappel des r\u00e8gles du code de la route que les employeurs s'engagent \u00e0 transmettre \u00e0 leurs employ\u00e9s. L'engagement est&nbsp;<strong>moral,<\/strong>&nbsp;il ne donnera pas lieu \u00e0 des contr\u00f4les.--><!--&gt;--><!--]--><!--]--><!--]--><!--&gt;]--><!--]--><!--&gt;--><\/p>\n<p><!--&gt;]--><!--]--><!--]--><!--&gt;]--><!--]--><!--&gt;<\/div>\n\naccidentdutravail-idf.net vous a pr\u00e9par\u00e9 ce post qui informe du sujet \"Association Sportive Huisson-Longueville Essonne\". La chronique se veut g\u00e9n\u00e9r\u00e9e du mieux possible. Vous pouvez utiliser les coordonn\u00e9es indiqu\u00e9es sur le site dans le but d\u2019apporter des explications sur ce post qui parle du th\u00e8me \"Association Sportive Huisson-Longueville Essonne\". Le site accidentdutravail-idf.net a pour but de fournir diverses publications sur la th\u00e9matique Association Sportive Huisson-Longueville Essonne diffus\u00e9es sur le net. Il y aura plusieurs articles autour du sujet \"Association Sportive Huisson-Longueville Essonne\" dans quelques jours, nous vous invitons \u00e0 naviguer sur notre site web \u00e0 plusieurs reprises.--><\/p>\n","protected":false},"excerpt":{"rendered":"<p>La moiti\u00e9 des accidents corporels ont lieu dans le cadre professionnel, souvent sur le trajet domicile-travail. En 2024 en Indre-et-Loire, c&rsquo;\u00e9tait le cas de 83 accidents sur 170. Si les accidents sont la responsabilit\u00e9 du conducteur, les employeurs ne sont pas impuissants. Des conditions de travail sereines<\/p>\n","protected":false},"author":2,"featured_media":0,"comment_status":"closed","ping_status":"closed","sticky":false,"template":"","format":"standard","meta":{"footnotes":""},"categories":[5],"tags":[],"class_list":["post-1491","post","type-post","status-publish","format-standard","hentry","category-securite-du-travail-en-ile-de-france-et-divers","entry"],"yoast_head":"<!-- This site is optimized with the Yoast SEO plugin v27.5 - https:\/\/yoast.com\/product\/yoast-seo-wordpress\/ -->\n<title>Indre-et-Loire : la pr\u00e9fecture s&#039;engage contre les accidents de la route dans le cadre professionnel - ACCIDENTDUTRAVAIL-IDF<\/title>\n<meta name=\"description\" content=\"Indre-et-Loire : la pr\u00e9fecture s&#039;engage contre les accidents de la route dans le cadre professionnel article de ACCIDENTDUTRAVAIL-IDF\" \/>\n<meta name=\"robots\" content=\"index, follow, max-snippet:-1, max-image-preview:large, max-video-preview:-1\" \/>\n<link rel=\"canonical\" href=\"https:\/\/www.accidentdutravail-idf.net\/blog\/indre-et-loire-la-prefecture-sengage-contre-les-accidents-de-la-route-dans-le-cadre-professionnel\/\" \/>\n<meta property=\"og:locale\" content=\"fr_FR\" \/>\n<meta property=\"og:type\" content=\"article\" \/>\n<meta property=\"og:title\" content=\"Indre-et-Loire : la pr\u00e9fecture s&#039;engage contre les accidents de la route dans le cadre professionnel - ACCIDENTDUTRAVAIL-IDF\" \/>\n<meta property=\"og:description\" content=\"Indre-et-Loire : la pr\u00e9fecture s&#039;engage contre les accidents de la route dans le cadre professionnel article de ACCIDENTDUTRAVAIL-IDF\" \/>\n<meta property=\"og:url\" content=\"https:\/\/www.accidentdutravail-idf.net\/blog\/indre-et-loire-la-prefecture-sengage-contre-les-accidents-de-la-route-dans-le-cadre-professionnel\/\" \/>\n<meta property=\"og:site_name\" content=\"ACCIDENTDUTRAVAIL-IDF\" \/>\n<meta property=\"article:published_time\" content=\"2025-06-10T18:49:00+00:00\" \/>\n<meta property=\"og:image\" content=\"https:\/\/www.accidentdutravail-idf.net\/blog\/wp-content\/uploads\/2025\/06\/indre-et-loire-la-prefecture-sengage-contre-les-accidents-de-la-route-dans-le-cadre-professionnel.jpg\" \/>\n<meta name=\"author\" content=\"Carlos Poulain\" \/>\n<meta name=\"twitter:card\" content=\"summary_large_image\" \/>\n<meta name=\"twitter:label1\" content=\"\u00c9crit par\" \/>\n\t<meta name=\"twitter:data1\" content=\"Carlos Poulain\" \/>\n<script type=\"application\/ld+json\" class=\"yoast-schema-graph\">{\"@context\":\"https:\\\/\\\/schema.org\",\"@graph\":[{\"@type\":\"Article\",\"@id\":\"https:\\\/\\\/www.accidentdutravail-idf.net\\\/blog\\\/indre-et-loire-la-prefecture-sengage-contre-les-accidents-de-la-route-dans-le-cadre-professionnel\\\/#article\",\"isPartOf\":{\"@id\":\"https:\\\/\\\/www.accidentdutravail-idf.net\\\/blog\\\/indre-et-loire-la-prefecture-sengage-contre-les-accidents-de-la-route-dans-le-cadre-professionnel\\\/\"},\"author\":{\"name\":\"Carlos Poulain\",\"@id\":\"https:\\\/\\\/www.accidentdutravail-idf.net\\\/blog\\\/#\\\/schema\\\/person\\\/3255d2f970de45e64bd9201f38e7b947\"},\"headline\":\"Indre-et-Loire : la pr\u00e9fecture s&rsquo;engage contre les accidents de la route dans le cadre professionnel\",\"datePublished\":\"2025-06-10T18:49:00+00:00\",\"mainEntityOfPage\":{\"@id\":\"https:\\\/\\\/www.accidentdutravail-idf.net\\\/blog\\\/indre-et-loire-la-prefecture-sengage-contre-les-accidents-de-la-route-dans-le-cadre-professionnel\\\/\"},\"wordCount\":60,\"publisher\":{\"@id\":\"https:\\\/\\\/www.accidentdutravail-idf.net\\\/blog\\\/#organization\"},\"image\":{\"@id\":\"https:\\\/\\\/www.accidentdutravail-idf.net\\\/blog\\\/indre-et-loire-la-prefecture-sengage-contre-les-accidents-de-la-route-dans-le-cadre-professionnel\\\/#primaryimage\"},\"thumbnailUrl\":\"https:\\\/\\\/www.accidentdutravail-idf.net\\\/blog\\\/wp-content\\\/uploads\\\/2025\\\/06\\\/indre-et-loire-la-prefecture-sengage-contre-les-accidents-de-la-route-dans-le-cadre-professionnel.jpg\",\"articleSection\":[\"S\u00e9curit\u00e9 Du Travail En Ile-De-France Et Divers:\"],\"inLanguage\":\"fr-FR\"},{\"@type\":\"WebPage\",\"@id\":\"https:\\\/\\\/www.accidentdutravail-idf.net\\\/blog\\\/indre-et-loire-la-prefecture-sengage-contre-les-accidents-de-la-route-dans-le-cadre-professionnel\\\/\",\"url\":\"https:\\\/\\\/www.accidentdutravail-idf.net\\\/blog\\\/indre-et-loire-la-prefecture-sengage-contre-les-accidents-de-la-route-dans-le-cadre-professionnel\\\/\",\"name\":\"Indre-et-Loire : la pr\u00e9fecture s'engage contre les accidents de la route dans le cadre professionnel - ACCIDENTDUTRAVAIL-IDF\",\"isPartOf\":{\"@id\":\"https:\\\/\\\/www.accidentdutravail-idf.net\\\/blog\\\/#website\"},\"primaryImageOfPage\":{\"@id\":\"https:\\\/\\\/www.accidentdutravail-idf.net\\\/blog\\\/indre-et-loire-la-prefecture-sengage-contre-les-accidents-de-la-route-dans-le-cadre-professionnel\\\/#primaryimage\"},\"image\":{\"@id\":\"https:\\\/\\\/www.accidentdutravail-idf.net\\\/blog\\\/indre-et-loire-la-prefecture-sengage-contre-les-accidents-de-la-route-dans-le-cadre-professionnel\\\/#primaryimage\"},\"thumbnailUrl\":\"https:\\\/\\\/www.accidentdutravail-idf.net\\\/blog\\\/wp-content\\\/uploads\\\/2025\\\/06\\\/indre-et-loire-la-prefecture-sengage-contre-les-accidents-de-la-route-dans-le-cadre-professionnel.jpg\",\"datePublished\":\"2025-06-10T18:49:00+00:00\",\"description\":\"Indre-et-Loire : la pr\u00e9fecture s'engage contre les accidents de la route dans le cadre professionnel article de ACCIDENTDUTRAVAIL-IDF\",\"breadcrumb\":{\"@id\":\"https:\\\/\\\/www.accidentdutravail-idf.net\\\/blog\\\/indre-et-loire-la-prefecture-sengage-contre-les-accidents-de-la-route-dans-le-cadre-professionnel\\\/#breadcrumb\"},\"inLanguage\":\"fr-FR\",\"potentialAction\":[{\"@type\":\"ReadAction\",\"target\":[\"https:\\\/\\\/www.accidentdutravail-idf.net\\\/blog\\\/indre-et-loire-la-prefecture-sengage-contre-les-accidents-de-la-route-dans-le-cadre-professionnel\\\/\"]}]},{\"@type\":\"ImageObject\",\"inLanguage\":\"fr-FR\",\"@id\":\"https:\\\/\\\/www.accidentdutravail-idf.net\\\/blog\\\/indre-et-loire-la-prefecture-sengage-contre-les-accidents-de-la-route-dans-le-cadre-professionnel\\\/#primaryimage\",\"url\":\"https:\\\/\\\/www.accidentdutravail-idf.net\\\/blog\\\/wp-content\\\/uploads\\\/2025\\\/06\\\/indre-et-loire-la-prefecture-sengage-contre-les-accidents-de-la-route-dans-le-cadre-professionnel.jpg\",\"contentUrl\":\"https:\\\/\\\/www.accidentdutravail-idf.net\\\/blog\\\/wp-content\\\/uploads\\\/2025\\\/06\\\/indre-et-loire-la-prefecture-sengage-contre-les-accidents-de-la-route-dans-le-cadre-professionnel.jpg\"},{\"@type\":\"BreadcrumbList\",\"@id\":\"https:\\\/\\\/www.accidentdutravail-idf.net\\\/blog\\\/indre-et-loire-la-prefecture-sengage-contre-les-accidents-de-la-route-dans-le-cadre-professionnel\\\/#breadcrumb\",\"itemListElement\":[{\"@type\":\"ListItem\",\"position\":1,\"name\":\"Accueil\",\"item\":\"https:\\\/\\\/www.accidentdutravail-idf.net\\\/blog\\\/\"},{\"@type\":\"ListItem\",\"position\":2,\"name\":\"Indre-et-Loire : la pr\u00e9fecture s&rsquo;engage contre les accidents de la route dans le cadre professionnel\"}]},{\"@type\":\"WebSite\",\"@id\":\"https:\\\/\\\/www.accidentdutravail-idf.net\\\/blog\\\/#website\",\"url\":\"https:\\\/\\\/www.accidentdutravail-idf.net\\\/blog\\\/\",\"name\":\"ACCIDENTDUTRAVAIL-IDF\",\"description\":\"Portail accidents du travail-maladies professionnelles des entreprises d&#039;Ile-de-France\",\"publisher\":{\"@id\":\"https:\\\/\\\/www.accidentdutravail-idf.net\\\/blog\\\/#organization\"},\"potentialAction\":[{\"@type\":\"SearchAction\",\"target\":{\"@type\":\"EntryPoint\",\"urlTemplate\":\"https:\\\/\\\/www.accidentdutravail-idf.net\\\/blog\\\/?s={search_term_string}\"},\"query-input\":{\"@type\":\"PropertyValueSpecification\",\"valueRequired\":true,\"valueName\":\"search_term_string\"}}],\"inLanguage\":\"fr-FR\"},{\"@type\":\"Organization\",\"@id\":\"https:\\\/\\\/www.accidentdutravail-idf.net\\\/blog\\\/#organization\",\"name\":\"accidentdutravail-idf\",\"url\":\"https:\\\/\\\/www.accidentdutravail-idf.net\\\/blog\\\/\",\"logo\":{\"@type\":\"ImageObject\",\"inLanguage\":\"fr-FR\",\"@id\":\"https:\\\/\\\/www.accidentdutravail-idf.net\\\/blog\\\/#\\\/schema\\\/logo\\\/image\\\/\",\"url\":\"https:\\\/\\\/www.accidentdutravail-idf.net\\\/blog\\\/wp-content\\\/uploads\\\/2022\\\/09\\\/logo-2.png\",\"contentUrl\":\"https:\\\/\\\/www.accidentdutravail-idf.net\\\/blog\\\/wp-content\\\/uploads\\\/2022\\\/09\\\/logo-2.png\",\"width\":380,\"height\":291,\"caption\":\"accidentdutravail-idf\"},\"image\":{\"@id\":\"https:\\\/\\\/www.accidentdutravail-idf.net\\\/blog\\\/#\\\/schema\\\/logo\\\/image\\\/\"}},{\"@type\":\"Person\",\"@id\":\"https:\\\/\\\/www.accidentdutravail-idf.net\\\/blog\\\/#\\\/schema\\\/person\\\/3255d2f970de45e64bd9201f38e7b947\",\"name\":\"Carlos Poulain\",\"image\":{\"@type\":\"ImageObject\",\"inLanguage\":\"fr-FR\",\"@id\":\"https:\\\/\\\/secure.gravatar.com\\\/avatar\\\/b1c2f9d3588e34e91adb093635df64ef4b2381991216be7576466cfcdca4baf3?s=96&d=mm&r=g\",\"url\":\"https:\\\/\\\/secure.gravatar.com\\\/avatar\\\/b1c2f9d3588e34e91adb093635df64ef4b2381991216be7576466cfcdca4baf3?s=96&d=mm&r=g\",\"contentUrl\":\"https:\\\/\\\/secure.gravatar.com\\\/avatar\\\/b1c2f9d3588e34e91adb093635df64ef4b2381991216be7576466cfcdca4baf3?s=96&d=mm&r=g\",\"caption\":\"Carlos Poulain\"},\"url\":\"https:\\\/\\\/www.accidentdutravail-idf.net\\\/blog\\\/author\\\/idfcarlos\\\/\"}]}<\/script>\n<!-- \/ Yoast SEO plugin. -->","yoast_head_json":{"title":"Indre-et-Loire : la pr\u00e9fecture s'engage contre les accidents de la route dans le cadre professionnel - ACCIDENTDUTRAVAIL-IDF","description":"Indre-et-Loire : la pr\u00e9fecture s'engage contre les accidents de la route dans le cadre professionnel article de ACCIDENTDUTRAVAIL-IDF","robots":{"index":"index","follow":"follow","max-snippet":"max-snippet:-1","max-image-preview":"max-image-preview:large","max-video-preview":"max-video-preview:-1"},"canonical":"https:\/\/www.accidentdutravail-idf.net\/blog\/indre-et-loire-la-prefecture-sengage-contre-les-accidents-de-la-route-dans-le-cadre-professionnel\/","og_locale":"fr_FR","og_type":"article","og_title":"Indre-et-Loire : la pr\u00e9fecture s'engage contre les accidents de la route dans le cadre professionnel - ACCIDENTDUTRAVAIL-IDF","og_description":"Indre-et-Loire : la pr\u00e9fecture s'engage contre les accidents de la route dans le cadre professionnel article de ACCIDENTDUTRAVAIL-IDF","og_url":"https:\/\/www.accidentdutravail-idf.net\/blog\/indre-et-loire-la-prefecture-sengage-contre-les-accidents-de-la-route-dans-le-cadre-professionnel\/","og_site_name":"ACCIDENTDUTRAVAIL-IDF","article_published_time":"2025-06-10T18:49:00+00:00","og_image":[{"url":"https:\/\/www.accidentdutravail-idf.net\/blog\/wp-content\/uploads\/2025\/06\/indre-et-loire-la-prefecture-sengage-contre-les-accidents-de-la-route-dans-le-cadre-professionnel.jpg","type":"","width":"","height":""}],"author":"Carlos Poulain","twitter_card":"summary_large_image","twitter_misc":{"\u00c9crit par":"Carlos Poulain"},"schema":{"@context":"https:\/\/schema.org","@graph":[{"@type":"Article","@id":"https:\/\/www.accidentdutravail-idf.net\/blog\/indre-et-loire-la-prefecture-sengage-contre-les-accidents-de-la-route-dans-le-cadre-professionnel\/#article","isPartOf":{"@id":"https:\/\/www.accidentdutravail-idf.net\/blog\/indre-et-loire-la-prefecture-sengage-contre-les-accidents-de-la-route-dans-le-cadre-professionnel\/"},"author":{"name":"Carlos Poulain","@id":"https:\/\/www.accidentdutravail-idf.net\/blog\/#\/schema\/person\/3255d2f970de45e64bd9201f38e7b947"},"headline":"Indre-et-Loire : la pr\u00e9fecture s&rsquo;engage contre les accidents de la route dans le cadre professionnel","datePublished":"2025-06-10T18:49:00+00:00","mainEntityOfPage":{"@id":"https:\/\/www.accidentdutravail-idf.net\/blog\/indre-et-loire-la-prefecture-sengage-contre-les-accidents-de-la-route-dans-le-cadre-professionnel\/"},"wordCount":60,"publisher":{"@id":"https:\/\/www.accidentdutravail-idf.net\/blog\/#organization"},"image":{"@id":"https:\/\/www.accidentdutravail-idf.net\/blog\/indre-et-loire-la-prefecture-sengage-contre-les-accidents-de-la-route-dans-le-cadre-professionnel\/#primaryimage"},"thumbnailUrl":"https:\/\/www.accidentdutravail-idf.net\/blog\/wp-content\/uploads\/2025\/06\/indre-et-loire-la-prefecture-sengage-contre-les-accidents-de-la-route-dans-le-cadre-professionnel.jpg","articleSection":["S\u00e9curit\u00e9 Du Travail En Ile-De-France Et Divers:"],"inLanguage":"fr-FR"},{"@type":"WebPage","@id":"https:\/\/www.accidentdutravail-idf.net\/blog\/indre-et-loire-la-prefecture-sengage-contre-les-accidents-de-la-route-dans-le-cadre-professionnel\/","url":"https:\/\/www.accidentdutravail-idf.net\/blog\/indre-et-loire-la-prefecture-sengage-contre-les-accidents-de-la-route-dans-le-cadre-professionnel\/","name":"Indre-et-Loire : la pr\u00e9fecture s'engage contre les accidents de la route dans le cadre professionnel - ACCIDENTDUTRAVAIL-IDF","isPartOf":{"@id":"https:\/\/www.accidentdutravail-idf.net\/blog\/#website"},"primaryImageOfPage":{"@id":"https:\/\/www.accidentdutravail-idf.net\/blog\/indre-et-loire-la-prefecture-sengage-contre-les-accidents-de-la-route-dans-le-cadre-professionnel\/#primaryimage"},"image":{"@id":"https:\/\/www.accidentdutravail-idf.net\/blog\/indre-et-loire-la-prefecture-sengage-contre-les-accidents-de-la-route-dans-le-cadre-professionnel\/#primaryimage"},"thumbnailUrl":"https:\/\/www.accidentdutravail-idf.net\/blog\/wp-content\/uploads\/2025\/06\/indre-et-loire-la-prefecture-sengage-contre-les-accidents-de-la-route-dans-le-cadre-professionnel.jpg","datePublished":"2025-06-10T18:49:00+00:00","description":"Indre-et-Loire : la pr\u00e9fecture s'engage contre les accidents de la route dans le cadre professionnel article de ACCIDENTDUTRAVAIL-IDF","breadcrumb":{"@id":"https:\/\/www.accidentdutravail-idf.net\/blog\/indre-et-loire-la-prefecture-sengage-contre-les-accidents-de-la-route-dans-le-cadre-professionnel\/#breadcrumb"},"inLanguage":"fr-FR","potentialAction":[{"@type":"ReadAction","target":["https:\/\/www.accidentdutravail-idf.net\/blog\/indre-et-loire-la-prefecture-sengage-contre-les-accidents-de-la-route-dans-le-cadre-professionnel\/"]}]},{"@type":"ImageObject","inLanguage":"fr-FR","@id":"https:\/\/www.accidentdutravail-idf.net\/blog\/indre-et-loire-la-prefecture-sengage-contre-les-accidents-de-la-route-dans-le-cadre-professionnel\/#primaryimage","url":"https:\/\/www.accidentdutravail-idf.net\/blog\/wp-content\/uploads\/2025\/06\/indre-et-loire-la-prefecture-sengage-contre-les-accidents-de-la-route-dans-le-cadre-professionnel.jpg","contentUrl":"https:\/\/www.accidentdutravail-idf.net\/blog\/wp-content\/uploads\/2025\/06\/indre-et-loire-la-prefecture-sengage-contre-les-accidents-de-la-route-dans-le-cadre-professionnel.jpg"},{"@type":"BreadcrumbList","@id":"https:\/\/www.accidentdutravail-idf.net\/blog\/indre-et-loire-la-prefecture-sengage-contre-les-accidents-de-la-route-dans-le-cadre-professionnel\/#breadcrumb","itemListElement":[{"@type":"ListItem","position":1,"name":"Accueil","item":"https:\/\/www.accidentdutravail-idf.net\/blog\/"},{"@type":"ListItem","position":2,"name":"Indre-et-Loire : la pr\u00e9fecture s&rsquo;engage contre les accidents de la route dans le cadre professionnel"}]},{"@type":"WebSite","@id":"https:\/\/www.accidentdutravail-idf.net\/blog\/#website","url":"https:\/\/www.accidentdutravail-idf.net\/blog\/","name":"ACCIDENTDUTRAVAIL-IDF","description":"Portail accidents du travail-maladies professionnelles des entreprises d&#039;Ile-de-France","publisher":{"@id":"https:\/\/www.accidentdutravail-idf.net\/blog\/#organization"},"potentialAction":[{"@type":"SearchAction","target":{"@type":"EntryPoint","urlTemplate":"https:\/\/www.accidentdutravail-idf.net\/blog\/?s={search_term_string}"},"query-input":{"@type":"PropertyValueSpecification","valueRequired":true,"valueName":"search_term_string"}}],"inLanguage":"fr-FR"},{"@type":"Organization","@id":"https:\/\/www.accidentdutravail-idf.net\/blog\/#organization","name":"accidentdutravail-idf","url":"https:\/\/www.accidentdutravail-idf.net\/blog\/","logo":{"@type":"ImageObject","inLanguage":"fr-FR","@id":"https:\/\/www.accidentdutravail-idf.net\/blog\/#\/schema\/logo\/image\/","url":"https:\/\/www.accidentdutravail-idf.net\/blog\/wp-content\/uploads\/2022\/09\/logo-2.png","contentUrl":"https:\/\/www.accidentdutravail-idf.net\/blog\/wp-content\/uploads\/2022\/09\/logo-2.png","width":380,"height":291,"caption":"accidentdutravail-idf"},"image":{"@id":"https:\/\/www.accidentdutravail-idf.net\/blog\/#\/schema\/logo\/image\/"}},{"@type":"Person","@id":"https:\/\/www.accidentdutravail-idf.net\/blog\/#\/schema\/person\/3255d2f970de45e64bd9201f38e7b947","name":"Carlos Poulain","image":{"@type":"ImageObject","inLanguage":"fr-FR","@id":"https:\/\/secure.gravatar.com\/avatar\/b1c2f9d3588e34e91adb093635df64ef4b2381991216be7576466cfcdca4baf3?s=96&d=mm&r=g","url":"https:\/\/secure.gravatar.com\/avatar\/b1c2f9d3588e34e91adb093635df64ef4b2381991216be7576466cfcdca4baf3?s=96&d=mm&r=g","contentUrl":"https:\/\/secure.gravatar.com\/avatar\/b1c2f9d3588e34e91adb093635df64ef4b2381991216be7576466cfcdca4baf3?s=96&d=mm&r=g","caption":"Carlos Poulain"},"url":"https:\/\/www.accidentdutravail-idf.net\/blog\/author\/idfcarlos\/"}]}},"_links":{"self":[{"href":"https:\/\/www.accidentdutravail-idf.net\/blog\/wp-json\/wp\/v2\/posts\/1491","targetHints":{"allow":["GET"]}}],"collection":[{"href":"https:\/\/www.accidentdutravail-idf.net\/blog\/wp-json\/wp\/v2\/posts"}],"about":[{"href":"https:\/\/www.accidentdutravail-idf.net\/blog\/wp-json\/wp\/v2\/types\/post"}],"author":[{"embeddable":true,"href":"https:\/\/www.accidentdutravail-idf.net\/blog\/wp-json\/wp\/v2\/users\/2"}],"replies":[{"embeddable":true,"href":"https:\/\/www.accidentdutravail-idf.net\/blog\/wp-json\/wp\/v2\/comments?post=1491"}],"version-history":[{"count":0,"href":"https:\/\/www.accidentdutravail-idf.net\/blog\/wp-json\/wp\/v2\/posts\/1491\/revisions"}],"wp:attachment":[{"href":"https:\/\/www.accidentdutravail-idf.net\/blog\/wp-json\/wp\/v2\/media?parent=1491"}],"wp:term":[{"taxonomy":"category","embeddable":true,"href":"https:\/\/www.accidentdutravail-idf.net\/blog\/wp-json\/wp\/v2\/categories?post=1491"},{"taxonomy":"post_tag","embeddable":true,"href":"https:\/\/www.accidentdutravail-idf.net\/blog\/wp-json\/wp\/v2\/tags?post=1491"}],"curies":[{"name":"wp","href":"https:\/\/api.w.org\/{rel}","templated":true}]}}