{"id":1490,"date":"2025-06-12T02:13:00","date_gmt":"2025-06-12T00:13:00","guid":{"rendered":"https:\/\/www.accidentdutravail-idf.net\/blog\/les-accidents-du-travail-mortels-lhecatombe-silencieuse\/"},"modified":"2025-06-12T02:13:00","modified_gmt":"2025-06-12T00:13:00","slug":"les-accidents-du-travail-mortels-lhecatombe-silencieuse","status":"publish","type":"post","link":"https:\/\/www.accidentdutravail-idf.net\/blog\/les-accidents-du-travail-mortels-lhecatombe-silencieuse\/","title":{"rendered":"Les accidents du travail mortels : l&rsquo;h\u00e9catombe silencieuse"},"content":{"rendered":"<p><!--[1--><!--[--><!--[2--><!--[--><!--[1--><!--&gt;\n\n<p class=\"PopSlotParagraph qg-tx2 qg-xtra-lh svelte-1r0pyek\">--><!--[1--><!--[--><!--[2--><!--[1--><!--[1--><!--&gt;-->Le surnom de Jules, 21 ans, c&rsquo;\u00e9tait Zouzou mais dans la famille personne ne souvient plus tr\u00e8s bien d&rsquo;o\u00f9 \u00e7a vient.&nbsp;Le souvenir le plus vif et unanime pour ses proches, c&rsquo;est celui d&rsquo;un jeune homme solaire, aime raconter sa s\u0153ur ain\u00e9e Clara&nbsp;:&nbsp;<em>\u00ab\u00a0Il avait une vie d\u00e9j\u00e0 bien remplie pour son jeune \u00e2ge, on le suivait dans ses projets. Il avait une vie riche et inspirante.\u00a0\u00bb<\/em><!--&gt;--><!--&gt;]--><!--]--><!--]--><!--]--><!--]--><!--&gt;<\/p>\n\n[!--><!--]--><!--&gt;]--><!--]--><!--]--><!--[2--><!--[--><!--[1--><!--&gt;\n\n<p class=\"PopSlotParagraph qg-tx2 qg-xtra-lh svelte-1r0pyek\">--><!--[1--><!--[--><!--[2--><!--[1--><!--[1--><!--&gt;-->La vie de Clara, comme celle de ses parents, a bascul\u00e9 le mercredi 26 juillet 2023.&nbsp;Jules, gendarme r\u00e9serviste, une ann\u00e9e dans la marine, part ce matin-l\u00e0 rejoindre l&rsquo;usine de recyclage de d\u00e9chets \u00e0 5h30, se souvient encore sa m\u00e8re Sylvie Pertet. <em>\u00ab\u00a0Il devait rentrer \u00e0 14h. Je me suis inqui\u00e9t\u00e9e \u00e0 14h30, j&rsquo;ai envoy\u00e9 un SMS. Il ne m&rsquo;a pas r\u00e9pondu. \u00c0 15h15, la police d\u00e9barque et m&rsquo;annonce que Jules est mort sur son lieu de travail\u00a0\u00bb,<\/em> dit cette ancienne militaire, charg\u00e9e de client\u00e8le dans un grand groupe aujourd&rsquo;hui. Son ex-\u00e9poux, p\u00e8re de Jules, lui est arr\u00eat\u00e9. Il n&rsquo;a pas pu reprendre durablement son travail de professeur d&rsquo;EPS.<!--&gt;--><!--&gt;]--><!--]--><!--]--><!--]--><!--]--><!--&gt;<\/p>\n\n [--><!--[--><\/p>\n<div class=\"PopSlot inread svelte-1ujhppp\">\n<p><span class=\"qg-tx5 svelte-1ujhppp\">Publicit\u00e9<\/span> <\/p>\n<\/p><\/div>\n<p><!--]--><!--]--><!--&gt;]--><!--]--><!--]--><!--[2--><!--[4--><!--&gt;[--><!--&gt;\n\n<div class=\"observer Image svelte-13dn26f\" data-testid=\"IntersectionObserver\">--><\/p>\n<div class=\"Image-wrapper qg-tx5 svelte-1b9cmvl rounded showCaption\"> <!--[--><img decoding=\"async\" class=\"Image-preview svelte-1b9cmvl\" data-testid=\"image-preview\" src=\"image\/jpeg;charset=utf-8;base64,%20\/9j\/2wBDACgcHiMeGSgjISMtKygwPGRBPDc3PHtYXUlkkYCZlo+AjIqgtObDoKrarYqMyP\/L2u71\/\/\/\/m8H\/\/\/\/6\/+b9\/\/j\/2wBDASstLTw1PHZBQXb4pYyl+Pj4+Pj4+Pj4+Pj4+Pj4+Pj4+Pj4+Pj4+Pj4+Pj4+Pj4+Pj4+Pj4+Pj4+Pj4+Pj4+Pj\/wAARCAAqABcDASIAAhEBAxEB\/8QAFwAAAwEAAAAAAAAAAAAAAAAAAAECA\/\/EABcQAQEBAQAAAAAAAAAAAAAAAAABEQL\/xAAVAQEBAAAAAAAAAAAAAAAAAAAAAf\/EABQRAQAAAAAAAAAAAAAAAAAAAAD\/2gAMAwEAAhEDEQA\/ANsApaimC0AfSKrpFA9CdAq7UWnUUQrQmgH\/2Q==\" alt aria-hidden=\"false\"><!--]--> <!--[--><\/p>\n<figure class=\"svelte-1b9cmvl\"><!--[--><!--]--> <!--[--><!--]--> <!--[--><!--]--> <!--[--><!--]--> <img decoding=\"async\" src=\"https:\/\/www.accidentdutravail-idf.net\/blog\/wp-content\/uploads\/2025\/06\/les-accidents-du-travail-mortels-lhecatombe-silencieuse.jpg\" loading=\"lazy\" width=\"860\" height=\"1528\" class=\"Image-main svelte-1b9cmvl rounded\" data-testid=\"image-src\" alt=\"Jules Pertet est mort happ\u00e9 par une machine aspirante dans l'usine Paprec de N\u00eemes.\" aria-hidden=\"false\"> <!--[--><figcaption class=\"svelte-1b9cmvl\">Jules Pertet est mort happ\u00e9 par une machine aspirante dans l&rsquo;usine Paprec de N\u00eemes. <!--[--><\/p>\n<footer class=\"svelte-1b9cmvl\"><!--[!--><!--]--> <!--[--><span>&#8211; Famille Pertet<\/span><!--]--><\/footer>\n<p><!--]--><\/figcaption><!--]--><\/figure>\n<p><!--]--> <!--[!--><!--]--><\/div>\n<p><!--&gt;--><\/div>\n<p><!--&gt;]--><!--&gt;]--><!--]--><!--[2--><!--[--><!--[1--><!--&gt;\n\n<p class=\"PopSlotParagraph qg-tx2 qg-xtra-lh svelte-1r0pyek\">--><!--[1--><!--[--><!--[2--><!--[1--><!--[1--><!--&gt;-->Jules \u00e9tait technicien de maintenance dans une usine Paprec, un des leaders du traitement de d\u00e9chets (13 000 salari\u00e9s dans le monde, plus de 30 sites en France). Le jeune homme a \u00e9t\u00e9 happ\u00e9 par une machine, comme absorb\u00e9.&nbsp;En th\u00e9orie, cet engin est \u00e9teint pour \u00eatre nettoy\u00e9 quand l&rsquo;\u00e9quipe du matin croise celle de l&rsquo;apr\u00e8s midi.&nbsp;Jules intervient \u00e0 l&rsquo;int\u00e9rieur dans ce cr\u00e9neau de mise \u00e0 l&rsquo;arr\u00eat. Elle est pourtant red\u00e9marr\u00e9e. Depuis quelques temps, le jeune salari\u00e9 s&rsquo;inqui\u00e9tait du manque de s\u00e9curit\u00e9 sur le site, il avait fait part de ses questions \u00e0 ses proches. Sa m\u00e8re Sylvie raconte \u00ab\u00a0<em>qu&rsquo;il voulait poser sa d\u00e9mission apr\u00e8s ses vacances qui d\u00e9marraient le vendredi. Il est mort le mercredi. Il n&rsquo;y a jamais eu de vacances\u00a0\u00bb<\/em>, explique cette maman \u00e0 la voix douce et en permanence bris\u00e9e par un voile de chagrin.<!--&gt;--><!--&gt;]--><!--]--><!--]--><!--]--><!--]--><!--&gt;<\/p>\n\n [!--><!--]--><!--&gt;]--><!--]--><!--]--><!--[2--><!--[--><!--[1--><!--&gt;\n\n<p class=\"PopSlotParagraph qg-tx2 qg-xtra-lh svelte-1r0pyek\">--><!--[1--><!--[--><!--[2--><!--[1--><!--[1--><!--&gt;-->Le proc\u00e8s de ses employeurs du groupe Paprec (le PDG du groupe et le directeur du site comparaissent) doit \u00e9tablir des responsabilit\u00e9s, esp\u00e8re Fabrice, le p\u00e8re. \u00ab\u00a0<em>Je veux que ces gens entendent que leur machine a tellement abim\u00e9 mon fils que je n&rsquo;ai pas pu le voir pour lui dire au revoir\u00a0\u00bb<\/em>, dit-il en contenant des sanglots. <em>\u00ab\u00a0Je veux leur dire, qu&rsquo;ils l&rsquo;entendent.\u00a0\u00bb<\/em><!--&gt;--><!--&gt;]--><!--]--><!--]--><!--]--><!--]--><!--&gt;<\/p>\n\n [!--><!--]--><!--&gt;]--><!--]--><!--]--><!--[2--><!--[2--><!--&gt;--><!--]--><!--]--><!--[2--><!--[--><!--[1--><!--&gt;\n\n<p class=\"PopSlotParagraph qg-tx2 qg-xtra-lh svelte-1r0pyek\">--><!--[1--><!--[--><!--[2--><!--[1--><!--[1--><!--&gt;-->Jules et sa famille ne savaient pas que 15 mois plus t\u00f4t, un accident similaire, dans une autre usine Paprec, \u00e0 quelques kilom\u00e8tres de l\u00e0, sur la m\u00eame machine, avait gravement bless\u00e9 un autre jeune homme, Paul, technicien de maintenance lui aussi. Clara, la s\u0153ur ain\u00e9e, est sous le choc quand elle d\u00e9couvre la similitude des deux affaires&nbsp;: \u00ab\u00a0<em>S&rsquo;ils avaient fait quelque chose apr\u00e8s l&rsquo;accident de Paul, mon fr\u00e8re serait encore l\u00e0. C&rsquo;est la preuve que les accidents du travail ne sont pas consid\u00e9r\u00e9s comme ils se doivent. Nous devons mener ce combat pour Jules, et pour les autres\u00a0\u00bb<\/em>, dit la jeune femme qui, habit\u00e9e par la force de son fr\u00e8re, s&rsquo;est mise \u00e0 la course \u00e0 pied, comme lui.<!--&gt;--><!--&gt;]--><!--]--><!--]--><!--]--><!--]--><!--&gt;<\/p>\n\n [!--><!--]--><!--&gt;]--><!--]--><!--]--><!--[2--><!--[--><!--[1--><!--&gt;\n\n<p class=\"PopSlotParagraph qg-tx2 qg-xtra-lh svelte-1r0pyek\">--><!--[1--><!--[--><!--[2--><!--[1--><!--[1--><!--&gt;-->Plus de quatre ans apr\u00e8s les faits de ce premier accident, aucune date de proc\u00e8s n&rsquo;a \u00e9t\u00e9 fix\u00e9. Le salari\u00e9 souffre toujours de graves blessures.&nbsp;Quant au site n\u00eemois de Paprec, il a \u00e9t\u00e9 encore une fois endeuill\u00e9 fin mai. Un salari\u00e9 de 61 ans est mort, mais dans des circonstances tr\u00e8s diff\u00e9rentes de celles qui ont tu\u00e9 Jules Pertet.<!--&gt;--><!--&gt;]--><!--]--><!--]--><!--]--><!--]--><!--&gt;<\/p>\n\n [!--><!--]--><!--&gt;]--><!--]--><!--]--><!--[2--><!--[1--><!--[--><!--&gt;[1--><\/p>\n<h2 class=\"qg-st2 \"><!--&gt;-->Le proc\u00e8s, une \u00e9tape capitale pour les familles<!--&gt;--><\/h2>\n<p><!--]--><!--&gt;]--><!--]--><!--]--><!--[2--><!--[--><!--[1--><!--&gt;\n\n<p class=\"PopSlotParagraph qg-tx2 qg-xtra-lh svelte-1r0pyek\">--><!--[1--><!--[--><!--[2--><!--[1--><!--[1--><!--&gt;-->Johanna fait partie de ces nombreuses familles dans l&rsquo;attente d&rsquo;un proc\u00e8s. Son mari travaillait dans une blanchisserie industrielle, qui tournait \u00e0 plein quand le Covid a d\u00e9barqu\u00e9 dans nos vies. Il intervient dans un s\u00e8che-linge, immense. Il est \u00e0 l&rsquo;int\u00e9rieur quand la machine est red\u00e9marr\u00e9e.<!--&gt;--><!--&gt;]--><!--]--><!--]--><!--]--><!--]--><!--&gt;<\/p>\n\n [!--><!--]--><!--&gt;]--><!--]--><!--]--><!--[2--><!--[2--><!--&gt;--><!--]--><!--]--><!--[2--><!--[--><!--[1--><!--&gt;\n\n<p class=\"PopSlotParagraph qg-tx2 qg-xtra-lh svelte-1r0pyek\">--><!--[1--><!--[--><!--[2--><!--[1--><!--[1--><!--&gt;-->Dans sa solitude de jeune veuve, Johanna d\u00e9couvre le collectif \u00ab\u00a0Familles, stop \u00e0 la mort au travail\u00a0\u00bb. Elle se bat contre ce qu&rsquo;elle appelle une <strong>h\u00e9catombe silencieuse<\/strong>. Et \u00e7a passe par une meilleure culture de la pr\u00e9vention. \u00ab\u00a0<em>Il faut que les entreprises s&#8217;emparent plus de cette culture, un salari\u00e9 \u00e7a se remplace, pas un membre de sa famille\u00a0\u00bb<\/em>. Elle met en avant les avanc\u00e9es obtenues par le collectif. D\u00e9sormais, l&rsquo;entreprise o\u00f9 a eu lieu l&rsquo;accident a l&rsquo;obligation de pr\u00e9venir l&rsquo;inspection du travail, et pas seulement la police comme avant. Cette avanc\u00e9e est cependant douch\u00e9e par le sous effectif r\u00e9current dans la profession. <strong>Il y a en France un inspecteur du travail pour 10 000 salari\u00e9s.<\/strong><!--&gt;--><!--&gt;]--><!--]--><!--]--><!--]--><!--]--><!--&gt;<\/p>\n\n [!--><!--]--><!--&gt;]--><!--]--><!--]--><!--]--><!--]--><!--&gt;accidentdutravail-idf.net vous a pr\u00e9par\u00e9 ce post qui informe du sujet \"Association Sportive Huisson-Longueville Essonne\". La chronique se veut g\u00e9n\u00e9r\u00e9e du mieux possible. Vous pouvez utiliser les coordonn\u00e9es indiqu\u00e9es sur le site dans le but d\u2019apporter des explications sur ce post qui parle du th\u00e8me \"Association Sportive Huisson-Longueville Essonne\". Le site accidentdutravail-idf.net a pour but de fournir diverses publications sur la th\u00e9matique Association Sportive Huisson-Longueville Essonne diffus\u00e9es sur le net. Il y aura plusieurs articles autour du sujet \"Association Sportive Huisson-Longueville Essonne\" dans quelques jours, nous vous invitons \u00e0 naviguer sur notre site web \u00e0 plusieurs reprises.--><\/p>\n","protected":false},"excerpt":{"rendered":"<p>Le surnom de Jules, 21 ans, c&rsquo;\u00e9tait Zouzou mais dans la famille personne ne souvient plus tr\u00e8s bien d&rsquo;o\u00f9 \u00e7a vient.&nbsp;Le souvenir le plus vif et unanime pour ses proches, c&rsquo;est celui d&rsquo;un jeune homme solaire, aime raconter sa s\u0153ur ain\u00e9e Clara&nbsp;:&nbsp;\u00ab\u00a0Il avait une vie d\u00e9j\u00e0 bien remplie pour son jeune \u00e2ge, on le suivait &hellip; <\/p>\n<p class=\"link-more\"><a href=\"https:\/\/www.accidentdutravail-idf.net\/blog\/les-accidents-du-travail-mortels-lhecatombe-silencieuse\/\" class=\"more-link\">Continuer la lecture <span class=\"screen-reader-text\"> \u00ab\u00a0Les accidents du travail mortels : l&rsquo;h\u00e9catombe silencieuse\u00a0\u00bb<\/span><\/a><\/p>\n","protected":false},"author":2,"featured_media":0,"comment_status":"closed","ping_status":"closed","sticky":false,"template":"","format":"standard","meta":{"footnotes":""},"categories":[5],"tags":[],"class_list":["post-1490","post","type-post","status-publish","format-standard","hentry","category-securite-du-travail-en-ile-de-france-et-divers","entry"],"yoast_head":"<!-- This site is optimized with the Yoast SEO plugin v27.5 - https:\/\/yoast.com\/product\/yoast-seo-wordpress\/ -->\n<title>Les accidents du travail mortels : l&#039;h\u00e9catombe silencieuse - ACCIDENTDUTRAVAIL-IDF<\/title>\n<meta name=\"description\" content=\"Les accidents du travail mortels : l&#039;h\u00e9catombe silencieuse article de ACCIDENTDUTRAVAIL-IDF\" \/>\n<meta name=\"robots\" content=\"index, follow, max-snippet:-1, max-image-preview:large, max-video-preview:-1\" \/>\n<link rel=\"canonical\" href=\"https:\/\/www.accidentdutravail-idf.net\/blog\/les-accidents-du-travail-mortels-lhecatombe-silencieuse\/\" \/>\n<meta property=\"og:locale\" content=\"fr_FR\" \/>\n<meta property=\"og:type\" content=\"article\" \/>\n<meta property=\"og:title\" content=\"Les accidents du travail mortels : l&#039;h\u00e9catombe silencieuse - ACCIDENTDUTRAVAIL-IDF\" \/>\n<meta property=\"og:description\" content=\"Les accidents du travail mortels : l&#039;h\u00e9catombe silencieuse article de ACCIDENTDUTRAVAIL-IDF\" \/>\n<meta property=\"og:url\" content=\"https:\/\/www.accidentdutravail-idf.net\/blog\/les-accidents-du-travail-mortels-lhecatombe-silencieuse\/\" \/>\n<meta property=\"og:site_name\" content=\"ACCIDENTDUTRAVAIL-IDF\" \/>\n<meta property=\"article:published_time\" content=\"2025-06-12T00:13:00+00:00\" \/>\n<meta property=\"og:image\" content=\"https:\/\/www.accidentdutravail-idf.net\/blog\/wp-content\/uploads\/2025\/06\/les-accidents-du-travail-mortels-lhecatombe-silencieuse.jpg\" \/>\n<meta name=\"author\" content=\"Carlos Poulain\" \/>\n<meta name=\"twitter:card\" content=\"summary_large_image\" \/>\n<meta name=\"twitter:label1\" content=\"\u00c9crit par\" \/>\n\t<meta name=\"twitter:data1\" content=\"Carlos Poulain\" \/>\n\t<meta name=\"twitter:label2\" content=\"Dur\u00e9e de lecture estim\u00e9e\" \/>\n\t<meta name=\"twitter:data2\" content=\"4 minutes\" \/>\n<script type=\"application\/ld+json\" class=\"yoast-schema-graph\">{\"@context\":\"https:\\\/\\\/schema.org\",\"@graph\":[{\"@type\":\"Article\",\"@id\":\"https:\\\/\\\/www.accidentdutravail-idf.net\\\/blog\\\/les-accidents-du-travail-mortels-lhecatombe-silencieuse\\\/#article\",\"isPartOf\":{\"@id\":\"https:\\\/\\\/www.accidentdutravail-idf.net\\\/blog\\\/les-accidents-du-travail-mortels-lhecatombe-silencieuse\\\/\"},\"author\":{\"name\":\"Carlos Poulain\",\"@id\":\"https:\\\/\\\/www.accidentdutravail-idf.net\\\/blog\\\/#\\\/schema\\\/person\\\/3255d2f970de45e64bd9201f38e7b947\"},\"headline\":\"Les accidents du travail mortels : l&rsquo;h\u00e9catombe silencieuse\",\"datePublished\":\"2025-06-12T00:13:00+00:00\",\"mainEntityOfPage\":{\"@id\":\"https:\\\/\\\/www.accidentdutravail-idf.net\\\/blog\\\/les-accidents-du-travail-mortels-lhecatombe-silencieuse\\\/\"},\"wordCount\":811,\"publisher\":{\"@id\":\"https:\\\/\\\/www.accidentdutravail-idf.net\\\/blog\\\/#organization\"},\"image\":{\"@id\":\"https:\\\/\\\/www.accidentdutravail-idf.net\\\/blog\\\/les-accidents-du-travail-mortels-lhecatombe-silencieuse\\\/#primaryimage\"},\"thumbnailUrl\":\"https:\\\/\\\/www.accidentdutravail-idf.net\\\/blog\\\/wp-content\\\/uploads\\\/2025\\\/06\\\/les-accidents-du-travail-mortels-lhecatombe-silencieuse.jpg\",\"articleSection\":[\"S\u00e9curit\u00e9 Du Travail En Ile-De-France Et Divers:\"],\"inLanguage\":\"fr-FR\"},{\"@type\":\"WebPage\",\"@id\":\"https:\\\/\\\/www.accidentdutravail-idf.net\\\/blog\\\/les-accidents-du-travail-mortels-lhecatombe-silencieuse\\\/\",\"url\":\"https:\\\/\\\/www.accidentdutravail-idf.net\\\/blog\\\/les-accidents-du-travail-mortels-lhecatombe-silencieuse\\\/\",\"name\":\"Les accidents du travail mortels : l'h\u00e9catombe silencieuse - ACCIDENTDUTRAVAIL-IDF\",\"isPartOf\":{\"@id\":\"https:\\\/\\\/www.accidentdutravail-idf.net\\\/blog\\\/#website\"},\"primaryImageOfPage\":{\"@id\":\"https:\\\/\\\/www.accidentdutravail-idf.net\\\/blog\\\/les-accidents-du-travail-mortels-lhecatombe-silencieuse\\\/#primaryimage\"},\"image\":{\"@id\":\"https:\\\/\\\/www.accidentdutravail-idf.net\\\/blog\\\/les-accidents-du-travail-mortels-lhecatombe-silencieuse\\\/#primaryimage\"},\"thumbnailUrl\":\"https:\\\/\\\/www.accidentdutravail-idf.net\\\/blog\\\/wp-content\\\/uploads\\\/2025\\\/06\\\/les-accidents-du-travail-mortels-lhecatombe-silencieuse.jpg\",\"datePublished\":\"2025-06-12T00:13:00+00:00\",\"description\":\"Les accidents du travail mortels : l'h\u00e9catombe silencieuse article de ACCIDENTDUTRAVAIL-IDF\",\"breadcrumb\":{\"@id\":\"https:\\\/\\\/www.accidentdutravail-idf.net\\\/blog\\\/les-accidents-du-travail-mortels-lhecatombe-silencieuse\\\/#breadcrumb\"},\"inLanguage\":\"fr-FR\",\"potentialAction\":[{\"@type\":\"ReadAction\",\"target\":[\"https:\\\/\\\/www.accidentdutravail-idf.net\\\/blog\\\/les-accidents-du-travail-mortels-lhecatombe-silencieuse\\\/\"]}]},{\"@type\":\"ImageObject\",\"inLanguage\":\"fr-FR\",\"@id\":\"https:\\\/\\\/www.accidentdutravail-idf.net\\\/blog\\\/les-accidents-du-travail-mortels-lhecatombe-silencieuse\\\/#primaryimage\",\"url\":\"https:\\\/\\\/www.accidentdutravail-idf.net\\\/blog\\\/wp-content\\\/uploads\\\/2025\\\/06\\\/les-accidents-du-travail-mortels-lhecatombe-silencieuse.jpg\",\"contentUrl\":\"https:\\\/\\\/www.accidentdutravail-idf.net\\\/blog\\\/wp-content\\\/uploads\\\/2025\\\/06\\\/les-accidents-du-travail-mortels-lhecatombe-silencieuse.jpg\"},{\"@type\":\"BreadcrumbList\",\"@id\":\"https:\\\/\\\/www.accidentdutravail-idf.net\\\/blog\\\/les-accidents-du-travail-mortels-lhecatombe-silencieuse\\\/#breadcrumb\",\"itemListElement\":[{\"@type\":\"ListItem\",\"position\":1,\"name\":\"Accueil\",\"item\":\"https:\\\/\\\/www.accidentdutravail-idf.net\\\/blog\\\/\"},{\"@type\":\"ListItem\",\"position\":2,\"name\":\"Les accidents du travail mortels : l&rsquo;h\u00e9catombe silencieuse\"}]},{\"@type\":\"WebSite\",\"@id\":\"https:\\\/\\\/www.accidentdutravail-idf.net\\\/blog\\\/#website\",\"url\":\"https:\\\/\\\/www.accidentdutravail-idf.net\\\/blog\\\/\",\"name\":\"ACCIDENTDUTRAVAIL-IDF\",\"description\":\"Portail accidents du travail-maladies professionnelles des entreprises d&#039;Ile-de-France\",\"publisher\":{\"@id\":\"https:\\\/\\\/www.accidentdutravail-idf.net\\\/blog\\\/#organization\"},\"potentialAction\":[{\"@type\":\"SearchAction\",\"target\":{\"@type\":\"EntryPoint\",\"urlTemplate\":\"https:\\\/\\\/www.accidentdutravail-idf.net\\\/blog\\\/?s={search_term_string}\"},\"query-input\":{\"@type\":\"PropertyValueSpecification\",\"valueRequired\":true,\"valueName\":\"search_term_string\"}}],\"inLanguage\":\"fr-FR\"},{\"@type\":\"Organization\",\"@id\":\"https:\\\/\\\/www.accidentdutravail-idf.net\\\/blog\\\/#organization\",\"name\":\"accidentdutravail-idf\",\"url\":\"https:\\\/\\\/www.accidentdutravail-idf.net\\\/blog\\\/\",\"logo\":{\"@type\":\"ImageObject\",\"inLanguage\":\"fr-FR\",\"@id\":\"https:\\\/\\\/www.accidentdutravail-idf.net\\\/blog\\\/#\\\/schema\\\/logo\\\/image\\\/\",\"url\":\"https:\\\/\\\/www.accidentdutravail-idf.net\\\/blog\\\/wp-content\\\/uploads\\\/2022\\\/09\\\/logo-2.png\",\"contentUrl\":\"https:\\\/\\\/www.accidentdutravail-idf.net\\\/blog\\\/wp-content\\\/uploads\\\/2022\\\/09\\\/logo-2.png\",\"width\":380,\"height\":291,\"caption\":\"accidentdutravail-idf\"},\"image\":{\"@id\":\"https:\\\/\\\/www.accidentdutravail-idf.net\\\/blog\\\/#\\\/schema\\\/logo\\\/image\\\/\"}},{\"@type\":\"Person\",\"@id\":\"https:\\\/\\\/www.accidentdutravail-idf.net\\\/blog\\\/#\\\/schema\\\/person\\\/3255d2f970de45e64bd9201f38e7b947\",\"name\":\"Carlos Poulain\",\"image\":{\"@type\":\"ImageObject\",\"inLanguage\":\"fr-FR\",\"@id\":\"https:\\\/\\\/secure.gravatar.com\\\/avatar\\\/b1c2f9d3588e34e91adb093635df64ef4b2381991216be7576466cfcdca4baf3?s=96&d=mm&r=g\",\"url\":\"https:\\\/\\\/secure.gravatar.com\\\/avatar\\\/b1c2f9d3588e34e91adb093635df64ef4b2381991216be7576466cfcdca4baf3?s=96&d=mm&r=g\",\"contentUrl\":\"https:\\\/\\\/secure.gravatar.com\\\/avatar\\\/b1c2f9d3588e34e91adb093635df64ef4b2381991216be7576466cfcdca4baf3?s=96&d=mm&r=g\",\"caption\":\"Carlos Poulain\"},\"url\":\"https:\\\/\\\/www.accidentdutravail-idf.net\\\/blog\\\/author\\\/idfcarlos\\\/\"}]}<\/script>\n<!-- \/ Yoast SEO plugin. -->","yoast_head_json":{"title":"Les accidents du travail mortels : l'h\u00e9catombe silencieuse - ACCIDENTDUTRAVAIL-IDF","description":"Les accidents du travail mortels : l'h\u00e9catombe silencieuse article de ACCIDENTDUTRAVAIL-IDF","robots":{"index":"index","follow":"follow","max-snippet":"max-snippet:-1","max-image-preview":"max-image-preview:large","max-video-preview":"max-video-preview:-1"},"canonical":"https:\/\/www.accidentdutravail-idf.net\/blog\/les-accidents-du-travail-mortels-lhecatombe-silencieuse\/","og_locale":"fr_FR","og_type":"article","og_title":"Les accidents du travail mortels : l'h\u00e9catombe silencieuse - ACCIDENTDUTRAVAIL-IDF","og_description":"Les accidents du travail mortels : l'h\u00e9catombe silencieuse article de ACCIDENTDUTRAVAIL-IDF","og_url":"https:\/\/www.accidentdutravail-idf.net\/blog\/les-accidents-du-travail-mortels-lhecatombe-silencieuse\/","og_site_name":"ACCIDENTDUTRAVAIL-IDF","article_published_time":"2025-06-12T00:13:00+00:00","og_image":[{"url":"https:\/\/www.accidentdutravail-idf.net\/blog\/wp-content\/uploads\/2025\/06\/les-accidents-du-travail-mortels-lhecatombe-silencieuse.jpg","type":"","width":"","height":""}],"author":"Carlos Poulain","twitter_card":"summary_large_image","twitter_misc":{"\u00c9crit par":"Carlos Poulain","Dur\u00e9e de lecture estim\u00e9e":"4 minutes"},"schema":{"@context":"https:\/\/schema.org","@graph":[{"@type":"Article","@id":"https:\/\/www.accidentdutravail-idf.net\/blog\/les-accidents-du-travail-mortels-lhecatombe-silencieuse\/#article","isPartOf":{"@id":"https:\/\/www.accidentdutravail-idf.net\/blog\/les-accidents-du-travail-mortels-lhecatombe-silencieuse\/"},"author":{"name":"Carlos Poulain","@id":"https:\/\/www.accidentdutravail-idf.net\/blog\/#\/schema\/person\/3255d2f970de45e64bd9201f38e7b947"},"headline":"Les accidents du travail mortels : l&rsquo;h\u00e9catombe silencieuse","datePublished":"2025-06-12T00:13:00+00:00","mainEntityOfPage":{"@id":"https:\/\/www.accidentdutravail-idf.net\/blog\/les-accidents-du-travail-mortels-lhecatombe-silencieuse\/"},"wordCount":811,"publisher":{"@id":"https:\/\/www.accidentdutravail-idf.net\/blog\/#organization"},"image":{"@id":"https:\/\/www.accidentdutravail-idf.net\/blog\/les-accidents-du-travail-mortels-lhecatombe-silencieuse\/#primaryimage"},"thumbnailUrl":"https:\/\/www.accidentdutravail-idf.net\/blog\/wp-content\/uploads\/2025\/06\/les-accidents-du-travail-mortels-lhecatombe-silencieuse.jpg","articleSection":["S\u00e9curit\u00e9 Du Travail En Ile-De-France Et Divers:"],"inLanguage":"fr-FR"},{"@type":"WebPage","@id":"https:\/\/www.accidentdutravail-idf.net\/blog\/les-accidents-du-travail-mortels-lhecatombe-silencieuse\/","url":"https:\/\/www.accidentdutravail-idf.net\/blog\/les-accidents-du-travail-mortels-lhecatombe-silencieuse\/","name":"Les accidents du travail mortels : l'h\u00e9catombe silencieuse - ACCIDENTDUTRAVAIL-IDF","isPartOf":{"@id":"https:\/\/www.accidentdutravail-idf.net\/blog\/#website"},"primaryImageOfPage":{"@id":"https:\/\/www.accidentdutravail-idf.net\/blog\/les-accidents-du-travail-mortels-lhecatombe-silencieuse\/#primaryimage"},"image":{"@id":"https:\/\/www.accidentdutravail-idf.net\/blog\/les-accidents-du-travail-mortels-lhecatombe-silencieuse\/#primaryimage"},"thumbnailUrl":"https:\/\/www.accidentdutravail-idf.net\/blog\/wp-content\/uploads\/2025\/06\/les-accidents-du-travail-mortels-lhecatombe-silencieuse.jpg","datePublished":"2025-06-12T00:13:00+00:00","description":"Les accidents du travail mortels : l'h\u00e9catombe silencieuse article de ACCIDENTDUTRAVAIL-IDF","breadcrumb":{"@id":"https:\/\/www.accidentdutravail-idf.net\/blog\/les-accidents-du-travail-mortels-lhecatombe-silencieuse\/#breadcrumb"},"inLanguage":"fr-FR","potentialAction":[{"@type":"ReadAction","target":["https:\/\/www.accidentdutravail-idf.net\/blog\/les-accidents-du-travail-mortels-lhecatombe-silencieuse\/"]}]},{"@type":"ImageObject","inLanguage":"fr-FR","@id":"https:\/\/www.accidentdutravail-idf.net\/blog\/les-accidents-du-travail-mortels-lhecatombe-silencieuse\/#primaryimage","url":"https:\/\/www.accidentdutravail-idf.net\/blog\/wp-content\/uploads\/2025\/06\/les-accidents-du-travail-mortels-lhecatombe-silencieuse.jpg","contentUrl":"https:\/\/www.accidentdutravail-idf.net\/blog\/wp-content\/uploads\/2025\/06\/les-accidents-du-travail-mortels-lhecatombe-silencieuse.jpg"},{"@type":"BreadcrumbList","@id":"https:\/\/www.accidentdutravail-idf.net\/blog\/les-accidents-du-travail-mortels-lhecatombe-silencieuse\/#breadcrumb","itemListElement":[{"@type":"ListItem","position":1,"name":"Accueil","item":"https:\/\/www.accidentdutravail-idf.net\/blog\/"},{"@type":"ListItem","position":2,"name":"Les accidents du travail mortels : l&rsquo;h\u00e9catombe silencieuse"}]},{"@type":"WebSite","@id":"https:\/\/www.accidentdutravail-idf.net\/blog\/#website","url":"https:\/\/www.accidentdutravail-idf.net\/blog\/","name":"ACCIDENTDUTRAVAIL-IDF","description":"Portail accidents du travail-maladies professionnelles des entreprises d&#039;Ile-de-France","publisher":{"@id":"https:\/\/www.accidentdutravail-idf.net\/blog\/#organization"},"potentialAction":[{"@type":"SearchAction","target":{"@type":"EntryPoint","urlTemplate":"https:\/\/www.accidentdutravail-idf.net\/blog\/?s={search_term_string}"},"query-input":{"@type":"PropertyValueSpecification","valueRequired":true,"valueName":"search_term_string"}}],"inLanguage":"fr-FR"},{"@type":"Organization","@id":"https:\/\/www.accidentdutravail-idf.net\/blog\/#organization","name":"accidentdutravail-idf","url":"https:\/\/www.accidentdutravail-idf.net\/blog\/","logo":{"@type":"ImageObject","inLanguage":"fr-FR","@id":"https:\/\/www.accidentdutravail-idf.net\/blog\/#\/schema\/logo\/image\/","url":"https:\/\/www.accidentdutravail-idf.net\/blog\/wp-content\/uploads\/2022\/09\/logo-2.png","contentUrl":"https:\/\/www.accidentdutravail-idf.net\/blog\/wp-content\/uploads\/2022\/09\/logo-2.png","width":380,"height":291,"caption":"accidentdutravail-idf"},"image":{"@id":"https:\/\/www.accidentdutravail-idf.net\/blog\/#\/schema\/logo\/image\/"}},{"@type":"Person","@id":"https:\/\/www.accidentdutravail-idf.net\/blog\/#\/schema\/person\/3255d2f970de45e64bd9201f38e7b947","name":"Carlos Poulain","image":{"@type":"ImageObject","inLanguage":"fr-FR","@id":"https:\/\/secure.gravatar.com\/avatar\/b1c2f9d3588e34e91adb093635df64ef4b2381991216be7576466cfcdca4baf3?s=96&d=mm&r=g","url":"https:\/\/secure.gravatar.com\/avatar\/b1c2f9d3588e34e91adb093635df64ef4b2381991216be7576466cfcdca4baf3?s=96&d=mm&r=g","contentUrl":"https:\/\/secure.gravatar.com\/avatar\/b1c2f9d3588e34e91adb093635df64ef4b2381991216be7576466cfcdca4baf3?s=96&d=mm&r=g","caption":"Carlos Poulain"},"url":"https:\/\/www.accidentdutravail-idf.net\/blog\/author\/idfcarlos\/"}]}},"_links":{"self":[{"href":"https:\/\/www.accidentdutravail-idf.net\/blog\/wp-json\/wp\/v2\/posts\/1490","targetHints":{"allow":["GET"]}}],"collection":[{"href":"https:\/\/www.accidentdutravail-idf.net\/blog\/wp-json\/wp\/v2\/posts"}],"about":[{"href":"https:\/\/www.accidentdutravail-idf.net\/blog\/wp-json\/wp\/v2\/types\/post"}],"author":[{"embeddable":true,"href":"https:\/\/www.accidentdutravail-idf.net\/blog\/wp-json\/wp\/v2\/users\/2"}],"replies":[{"embeddable":true,"href":"https:\/\/www.accidentdutravail-idf.net\/blog\/wp-json\/wp\/v2\/comments?post=1490"}],"version-history":[{"count":0,"href":"https:\/\/www.accidentdutravail-idf.net\/blog\/wp-json\/wp\/v2\/posts\/1490\/revisions"}],"wp:attachment":[{"href":"https:\/\/www.accidentdutravail-idf.net\/blog\/wp-json\/wp\/v2\/media?parent=1490"}],"wp:term":[{"taxonomy":"category","embeddable":true,"href":"https:\/\/www.accidentdutravail-idf.net\/blog\/wp-json\/wp\/v2\/categories?post=1490"},{"taxonomy":"post_tag","embeddable":true,"href":"https:\/\/www.accidentdutravail-idf.net\/blog\/wp-json\/wp\/v2\/tags?post=1490"}],"curies":[{"name":"wp","href":"https:\/\/api.w.org\/{rel}","templated":true}]}}