{"id":1485,"date":"2025-06-10T00:55:00","date_gmt":"2025-06-09T22:55:00","guid":{"rendered":"https:\/\/www.accidentdutravail-idf.net\/blog\/les-accidents-de-travail-sont-reduits-grace-a-lappreciation-des-collaborateurs\/"},"modified":"2025-06-10T00:55:00","modified_gmt":"2025-06-09T22:55:00","slug":"les-accidents-de-travail-sont-reduits-grace-a-lappreciation-des-collaborateurs","status":"publish","type":"post","link":"https:\/\/www.accidentdutravail-idf.net\/blog\/les-accidents-de-travail-sont-reduits-grace-a-lappreciation-des-collaborateurs\/","title":{"rendered":"Les accidents de travail sont r\u00e9duits gr\u00e2ce \u00e0 l&rsquo;appr\u00e9ciation des collaborateurs"},"content":{"rendered":"<div class=\"atoms-wrapper\">\n<figure class=\"yf-8xybrv\">\n<div class=\"image-container yf-1vr77wf loader\">\n<div class=\"image-wrapper yf-1vr77wf\"><img fetchpriority=\"high\" decoding=\"async\" src=\"https:\/\/www.accidentdutravail-idf.net\/blog\/wp-content\/uploads\/2025\/06\/les-accidents-de-travail-sont-reduits-grace-a-lappreciation-des-collaborateurs.gif\" alt loading=\"eager\" height=\"277\" width=\"480\" class=\"yf-1vr77wf loader\"><\/div>\n<\/div>\n<\/figure>\n<p class=\"yf-1090901\"><!-- HTML_TAG_START --><i>Des recherches montrent que, chez les employ\u00e9s fran\u00e7ais, la reconnaissance des employ\u00e9s peut r\u00e9duire les accidents du travail jusqu\u2019\u00e0 50%.<\/i><!-- HTML_TAG_END --><\/p>\n<p class=\"yf-1090901\"><!-- HTML_TAG_START --><b>Loughton, Angleterre, June 10, 2025<\/b>&#8211;(<a href=\"https:\/\/www.businesswire.com\" rel=\"nofollow noopener\" target=\"_blank\" data-ylk=\"slk:BUSINESS WIRE;elm:context_link;itc:0;sec:content-canvas\" class=\"link \">BUSINESS WIRE<\/a>)&#8211;Les derni\u00e8res recherches r\u00e9v\u00e8lent que reconna\u00eetre fr\u00e9quemment les efforts et les accomplissements des collaborateurs peut r\u00e9duire la probabilit\u00e9 d\u2019accident de travail, en France, jusqu\u2019\u00e0 50%. C&rsquo;est un des r\u00e9sultats cl\u00e9s du rapport mondial sur la <a href=\"https:\/\/cts.businesswire.com\/ct\/CT?id=smartlink&amp;url=http%3A%2F%2Fwww.octanner.com%2Fglobal-culture-report&amp;esheet=54270946&amp;newsitemid=20250609487182&amp;lan=fr-FR&amp;anchor=culture+2025+d%27O.C.+Tanner&amp;index=1&amp;md5=4599e39f9b82bd5e540637f931eadf2c\" rel=\"nofollow noopener\" target=\"_blank\" data-ylk=\"slk:culture 2025 d'O.C. Tanner;elm:context_link;itc:0;sec:content-canvas\" class=\"link \">culture 2025 d&rsquo;O.C. Tanner<\/a>, qui a collect\u00e9 des donn\u00e9es et des informations aupr\u00e8s de 38 075 travailleurs de 27 pays, dont 1 208 en France.<!-- HTML_TAG_END --><\/p>\n<p class=\"yf-1090901\"><!-- HTML_TAG_START -->Le rapport souligne que le fait de ne pas se sentir appr\u00e9ci\u00e9 au travail, aggrave la sant\u00e9 mentale, ce qui augmente ensuite la probabilit\u00e9 d&rsquo;accidents sur le lieu de travail.<!-- HTML_TAG_END --><\/p>\n<p class=\"yf-1090901\"><!-- HTML_TAG_START -->Robert Ordever, directeur g\u00e9n\u00e9ral Europe chez <a href=\"https:\/\/cts.businesswire.com\/ct\/CT?id=smartlink&amp;url=http%3A%2F%2Fwww.octanner.com&amp;esheet=54270946&amp;newsitemid=20250609487182&amp;lan=fr-FR&amp;anchor=O.C.+Tanner&amp;index=2&amp;md5=b67ab859ae5785f26eab889d03d8cd1c\" rel=\"nofollow noopener\" target=\"_blank\" data-ylk=\"slk:O.C. Tanner;elm:context_link;itc:0;sec:content-canvas\" class=\"link \">O.C. Tanner<\/a>, explique : \u00ab Il existe un lien clair entre la d\u00e9t\u00e9rioration de la sant\u00e9 mentale et une plus grande incidence des blessures sur le lieu de travail, la sant\u00e9 mentale entra\u00eenant souvent une diminution de la concentration, une r\u00e9duction des fonctions cognitives et une alt\u00e9ration des capacit\u00e9s de prise de d\u00e9cision. Les travailleurs ayant une sant\u00e9 mentale d\u00e9grad\u00e9e voient leur \u00e9tat s&rsquo;aggraver lorsqu&rsquo;ils ne se sentent pas appr\u00e9ci\u00e9s par leurs managers et leurs coll\u00e8gues.\u00bb<!-- HTML_TAG_END --><\/p>\n<p class=\"yf-1090901\"><!-- HTML_TAG_START -->Le rapport souligne \u00e9galement que reconna\u00eetre r\u00e9guli\u00e8rement les efforts et les r\u00e9alisations des employ\u00e9s am\u00e9liore non seulement leur bien-\u00eatre, mais r\u00e9duit \u00e9galement, de mani\u00e8re significative, les risques d\u2019accident du travail. Les collaborateurs souffrant de burn-out, ont 50 % moins de chances d&rsquo;avoir un accident du travail lorsque leur entreprise dispose d&rsquo;un vrai programme de reconnaissance des employ\u00e9s.<!-- HTML_TAG_END --><\/p>\n<p class=\"yf-1090901\"><!-- HTML_TAG_START -->Pour les travailleurs souffrant de probable d\u00e9pression, leurs chances de d\u00e9clarer un accident du travail sont de 11 % lorsque leur organisation n&rsquo;a PAS de programme de reconnaissance des employ\u00e9s. Pour les travailleurs souffrant de probable d\u00e9pression MAIS AVEC un programme de reconnaissance des employ\u00e9s en place, leurs chances de d\u00e9clarer un accident du travail sont r\u00e9duites \u00e0 seulement 8 %.<!-- HTML_TAG_END --><\/p>\n<p class=\"yf-1090901\"><!-- HTML_TAG_START -->Mr Ordever ajoute : \u00ab La mise en place d&rsquo;un programme de reconnaissance des employ\u00e9s qui permet \u00e0 tous les collaborateurs d&rsquo;exprimer de fa\u00e7on r\u00e9guli\u00e8re leur gratitude envers leurs coll\u00e8gues r\u00e9duit non seulement la probabilit\u00e9 d&rsquo;\u00e9puisement professionnel, d&rsquo;anxi\u00e9t\u00e9 et de d\u00e9pression, mais diminue \u00e9galement le nombre d\u2019accidents du travail. Cependant, il est important de noter que la mise en place d&rsquo;un programme de reconnaissance ne suffit pas en soi. L&rsquo;entreprise doit promouvoir l&rsquo;appr\u00e9ciation au quotidien et encourager une reconnaissance sinc\u00e8re, personnalis\u00e9e et significative. Lorsque l&rsquo;importance de la reconnaissance est comprise et prioris\u00e9e, les soci\u00e9t\u00e9s peuvent b\u00e9n\u00e9ficier d\u2019impacts tangibles sur leur r\u00e9sultat d\u2019exploitation \u00bb.<!-- HTML_TAG_END --><\/p>\n<\/p><\/div>\n<p><button class=\"secondary-btn fin-size-large readmore-button rounded yf-y8kifl\" data-ylk=\"elm:readmore;itc:1;sec:content-canvas;slk:Story%20Continues\" aria-label=\"Story Continues\" title=\"Story Continues\"> <span>Story Continues<\/span><\/button> <\/p>\n<div class=\"read-more-wrapper\" data-testid=\"read-more\">\n<p class=\"yf-1090901\"><!-- HTML_TAG_START --><b>-FIN-<\/b><!-- HTML_TAG_END --><\/p>\n<p class=\"yf-1090901\"><!-- HTML_TAG_START --><b>\u00c0 propos du rapport mondial sur la culture 2025<\/b><!-- HTML_TAG_END --><\/p>\n<p class=\"yf-1090901\"><!-- HTML_TAG_START -->L&rsquo;Institut de recherche d\u2019O.C. Tanner utilise plusieurs m\u00e9thodes de recherche pour \u00e9tablir le rapport mondial sur la culture, y compris des entretiens, des groupes de discussion, des enqu\u00eates transversales et une enqu\u00eate longitudinale.<!-- HTML_TAG_END --><\/p>\n<p class=\"yf-1090901\"><!-- HTML_TAG_START -->Les r\u00e9sultats qualitatifs proviennent de 27 groupes de discussion parmi les employ\u00e9s, les dirigeants et les acteurs des ressources humaines de grandes soci\u00e9t\u00e9s.<!-- HTML_TAG_END --><\/p>\n<p class=\"yf-1090901\"><!-- HTML_TAG_START --><b>\u00c0 propos d&rsquo;O.C. Tanner <\/b><a href=\"https:\/\/cts.businesswire.com\/ct\/CT?id=smartlink&amp;url=http%3A%2F%2Fwww.octanner.com&amp;esheet=54270946&amp;newsitemid=20250609487182&amp;lan=fr-FR&amp;anchor=www.octanner.com&amp;index=3&amp;md5=74d8d0545d694741f98de787e15b00de\" rel=\"nofollow noopener\" target=\"_blank\" data-ylk=\"slk:www.octanner.com;elm:context_link;itc:0;sec:content-canvas\" class=\"link \"><b>www.octanner.com<\/b><\/a><!-- HTML_TAG_END --><\/p>\n<p class=\"yf-1090901\"><!-- HTML_TAG_START -->O.C. Tanner est le leader mondial des solutions de reconnaissance personnalis\u00e9e des employ\u00e9s qui am\u00e9liorent les cultures de travail afin que les gens se sentent appr\u00e9ci\u00e9s, donnent le meilleur d&rsquo;eux-m\u00eames et ne quittent pas leur entreprise.<!-- HTML_TAG_END --><\/p>\n<p class=\"yf-1090901\"><!-- HTML_TAG_START -->\u00ab Culture Cloud \u00bb est une solution cloud, qui comprend la reconnaissance, les r\u00e9compenses, le bien-\u00eatre, le leadership et les c\u00e9l\u00e9brations qui aident les gens \u00e0 s&rsquo;\u00e9panouir au travail. O.C. Tanner fournit ces services et d&rsquo;autres \u00e0 des milliers des entreprises les plus respect\u00e9es au monde. Pour plus d&rsquo;informations, visitez <a href=\"https:\/\/cts.businesswire.com\/ct\/CT?id=smartlink&amp;url=http%3A%2F%2Fwww.octanner.com&amp;esheet=54270946&amp;newsitemid=20250609487182&amp;lan=fr-FR&amp;anchor=www.octanner.com&amp;index=4&amp;md5=da80d92cef0b51998128789f265727c1\" rel=\"nofollow noopener\" target=\"_blank\" data-ylk=\"slk:www.octanner.com;elm:context_link;itc:0;sec:content-canvas\" class=\"link \">www.octanner.com<\/a><!-- HTML_TAG_END --><\/p>\n<p class=\"yf-1090901\"><!-- HTML_TAG_START --><span>Consultez la version source sur businesswire.com&nbsp;: <\/span><span><a href=\"https:\/\/www.businesswire.com\/news\/home\/20250609487182\/fr\/\" rel=\"nofollow noopener\" target=\"_blank\" data-ylk=\"slk:https:\/\/www.businesswire.com\/news\/home\/20250609487182\/fr\/;elm:context_link;itc:0;sec:content-canvas\" class=\"link \">https:\/\/www.businesswire.com\/news\/home\/20250609487182\/fr\/<\/a><\/span><!-- HTML_TAG_END --><\/p>\n<p class=\"yf-1090901\"><!-- HTML_TAG_START --><b>Contacts<\/b><!-- HTML_TAG_END --><\/p>\n<p class=\"yf-1090901\"><!-- HTML_TAG_START -->Liz Boote, Loudhailer PR E : <a href=\"mailto:liz.boote@loudhailerpr.com\" rel=\"nofollow\" data-ylk=\"slk:liz.boote@loudhailerpr.com;elm:context_link;itc:0;sec:content-canvas\" class=\"link \" target=\"_blank\">liz.boote@loudhailerpr.com<\/a> T : +44(0)7795 362727<!-- HTML_TAG_END --><\/p>\n<\/p><\/div>\n<p> accidentdutravail-idf.net vous a pr\u00e9par\u00e9 ce post qui informe du sujet \u00ab\u00a0Association Sportive Huisson-Longueville Essonne\u00a0\u00bb. La chronique se veut g\u00e9n\u00e9r\u00e9e du mieux possible. Vous pouvez utiliser les coordonn\u00e9es indiqu\u00e9es sur le site dans le but d\u2019apporter des explications sur ce post qui parle du th\u00e8me \u00ab\u00a0Association Sportive Huisson-Longueville Essonne\u00a0\u00bb. Le site accidentdutravail-idf.net a pour but de fournir diverses publications sur la th\u00e9matique Association Sportive Huisson-Longueville Essonne diffus\u00e9es sur le net. Il y aura plusieurs articles autour du sujet \u00ab\u00a0Association Sportive Huisson-Longueville Essonne\u00a0\u00bb dans quelques jours, nous vous invitons \u00e0 naviguer sur notre site web \u00e0 plusieurs reprises.<\/p>\n","protected":false},"excerpt":{"rendered":"<p>Des recherches montrent que, chez les employ\u00e9s fran\u00e7ais, la reconnaissance des employ\u00e9s peut r\u00e9duire les accidents du travail jusqu\u2019\u00e0 50%. Loughton, Angleterre, June 10, 2025&#8211;(BUSINESS WIRE)&#8211;Les derni\u00e8res recherches r\u00e9v\u00e8lent que reconna\u00eetre fr\u00e9quemment les efforts et les accomplissements des collaborateurs peut r\u00e9duire la probabilit\u00e9 d\u2019accident de travail, en France, jusqu\u2019\u00e0 50%. C&rsquo;est un des r\u00e9sultats cl\u00e9s &hellip; <\/p>\n<p class=\"link-more\"><a href=\"https:\/\/www.accidentdutravail-idf.net\/blog\/les-accidents-de-travail-sont-reduits-grace-a-lappreciation-des-collaborateurs\/\" class=\"more-link\">Continuer la lecture <span class=\"screen-reader-text\"> \u00ab\u00a0Les accidents de travail sont r\u00e9duits gr\u00e2ce \u00e0 l&rsquo;appr\u00e9ciation des collaborateurs\u00a0\u00bb<\/span><\/a><\/p>\n","protected":false},"author":2,"featured_media":0,"comment_status":"closed","ping_status":"closed","sticky":false,"template":"","format":"standard","meta":{"footnotes":""},"categories":[5],"tags":[],"class_list":["post-1485","post","type-post","status-publish","format-standard","hentry","category-securite-du-travail-en-ile-de-france-et-divers","entry"],"yoast_head":"<!-- This site is optimized with the Yoast SEO plugin v27.5 - https:\/\/yoast.com\/product\/yoast-seo-wordpress\/ -->\n<title>Les accidents de travail sont r\u00e9duits gr\u00e2ce \u00e0 l&#039;appr\u00e9ciation des collaborateurs - ACCIDENTDUTRAVAIL-IDF<\/title>\n<meta name=\"description\" content=\"Les accidents de travail sont r\u00e9duits gr\u00e2ce \u00e0 l&#039;appr\u00e9ciation des collaborateurs article de ACCIDENTDUTRAVAIL-IDF\" \/>\n<meta name=\"robots\" content=\"index, follow, max-snippet:-1, max-image-preview:large, max-video-preview:-1\" \/>\n<link rel=\"canonical\" href=\"https:\/\/www.accidentdutravail-idf.net\/blog\/les-accidents-de-travail-sont-reduits-grace-a-lappreciation-des-collaborateurs\/\" \/>\n<meta property=\"og:locale\" content=\"fr_FR\" \/>\n<meta property=\"og:type\" content=\"article\" \/>\n<meta property=\"og:title\" content=\"Les accidents de travail sont r\u00e9duits gr\u00e2ce \u00e0 l&#039;appr\u00e9ciation des collaborateurs - ACCIDENTDUTRAVAIL-IDF\" \/>\n<meta property=\"og:description\" content=\"Les accidents de travail sont r\u00e9duits gr\u00e2ce \u00e0 l&#039;appr\u00e9ciation des collaborateurs article de ACCIDENTDUTRAVAIL-IDF\" \/>\n<meta property=\"og:url\" content=\"https:\/\/www.accidentdutravail-idf.net\/blog\/les-accidents-de-travail-sont-reduits-grace-a-lappreciation-des-collaborateurs\/\" \/>\n<meta property=\"og:site_name\" content=\"ACCIDENTDUTRAVAIL-IDF\" \/>\n<meta property=\"article:published_time\" content=\"2025-06-09T22:55:00+00:00\" \/>\n<meta property=\"og:image\" content=\"https:\/\/www.accidentdutravail-idf.net\/blog\/wp-content\/uploads\/2025\/06\/les-accidents-de-travail-sont-reduits-grace-a-lappreciation-des-collaborateurs.gif\" \/>\n<meta name=\"author\" content=\"Carlos Poulain\" \/>\n<meta name=\"twitter:card\" content=\"summary_large_image\" \/>\n<meta name=\"twitter:label1\" content=\"\u00c9crit par\" \/>\n\t<meta name=\"twitter:data1\" content=\"Carlos Poulain\" \/>\n\t<meta name=\"twitter:label2\" content=\"Dur\u00e9e de lecture estim\u00e9e\" \/>\n\t<meta name=\"twitter:data2\" content=\"4 minutes\" \/>\n<script type=\"application\/ld+json\" class=\"yoast-schema-graph\">{\"@context\":\"https:\\\/\\\/schema.org\",\"@graph\":[{\"@type\":\"Article\",\"@id\":\"https:\\\/\\\/www.accidentdutravail-idf.net\\\/blog\\\/les-accidents-de-travail-sont-reduits-grace-a-lappreciation-des-collaborateurs\\\/#article\",\"isPartOf\":{\"@id\":\"https:\\\/\\\/www.accidentdutravail-idf.net\\\/blog\\\/les-accidents-de-travail-sont-reduits-grace-a-lappreciation-des-collaborateurs\\\/\"},\"author\":{\"name\":\"Carlos Poulain\",\"@id\":\"https:\\\/\\\/www.accidentdutravail-idf.net\\\/blog\\\/#\\\/schema\\\/person\\\/3255d2f970de45e64bd9201f38e7b947\"},\"headline\":\"Les accidents de travail sont r\u00e9duits gr\u00e2ce \u00e0 l&rsquo;appr\u00e9ciation des collaborateurs\",\"datePublished\":\"2025-06-09T22:55:00+00:00\",\"mainEntityOfPage\":{\"@id\":\"https:\\\/\\\/www.accidentdutravail-idf.net\\\/blog\\\/les-accidents-de-travail-sont-reduits-grace-a-lappreciation-des-collaborateurs\\\/\"},\"wordCount\":794,\"publisher\":{\"@id\":\"https:\\\/\\\/www.accidentdutravail-idf.net\\\/blog\\\/#organization\"},\"image\":{\"@id\":\"https:\\\/\\\/www.accidentdutravail-idf.net\\\/blog\\\/les-accidents-de-travail-sont-reduits-grace-a-lappreciation-des-collaborateurs\\\/#primaryimage\"},\"thumbnailUrl\":\"https:\\\/\\\/www.accidentdutravail-idf.net\\\/blog\\\/wp-content\\\/uploads\\\/2025\\\/06\\\/les-accidents-de-travail-sont-reduits-grace-a-lappreciation-des-collaborateurs.gif\",\"articleSection\":[\"S\u00e9curit\u00e9 Du Travail En Ile-De-France Et Divers:\"],\"inLanguage\":\"fr-FR\"},{\"@type\":\"WebPage\",\"@id\":\"https:\\\/\\\/www.accidentdutravail-idf.net\\\/blog\\\/les-accidents-de-travail-sont-reduits-grace-a-lappreciation-des-collaborateurs\\\/\",\"url\":\"https:\\\/\\\/www.accidentdutravail-idf.net\\\/blog\\\/les-accidents-de-travail-sont-reduits-grace-a-lappreciation-des-collaborateurs\\\/\",\"name\":\"Les accidents de travail sont r\u00e9duits gr\u00e2ce \u00e0 l'appr\u00e9ciation des collaborateurs - ACCIDENTDUTRAVAIL-IDF\",\"isPartOf\":{\"@id\":\"https:\\\/\\\/www.accidentdutravail-idf.net\\\/blog\\\/#website\"},\"primaryImageOfPage\":{\"@id\":\"https:\\\/\\\/www.accidentdutravail-idf.net\\\/blog\\\/les-accidents-de-travail-sont-reduits-grace-a-lappreciation-des-collaborateurs\\\/#primaryimage\"},\"image\":{\"@id\":\"https:\\\/\\\/www.accidentdutravail-idf.net\\\/blog\\\/les-accidents-de-travail-sont-reduits-grace-a-lappreciation-des-collaborateurs\\\/#primaryimage\"},\"thumbnailUrl\":\"https:\\\/\\\/www.accidentdutravail-idf.net\\\/blog\\\/wp-content\\\/uploads\\\/2025\\\/06\\\/les-accidents-de-travail-sont-reduits-grace-a-lappreciation-des-collaborateurs.gif\",\"datePublished\":\"2025-06-09T22:55:00+00:00\",\"description\":\"Les accidents de travail sont r\u00e9duits gr\u00e2ce \u00e0 l'appr\u00e9ciation des collaborateurs article de ACCIDENTDUTRAVAIL-IDF\",\"breadcrumb\":{\"@id\":\"https:\\\/\\\/www.accidentdutravail-idf.net\\\/blog\\\/les-accidents-de-travail-sont-reduits-grace-a-lappreciation-des-collaborateurs\\\/#breadcrumb\"},\"inLanguage\":\"fr-FR\",\"potentialAction\":[{\"@type\":\"ReadAction\",\"target\":[\"https:\\\/\\\/www.accidentdutravail-idf.net\\\/blog\\\/les-accidents-de-travail-sont-reduits-grace-a-lappreciation-des-collaborateurs\\\/\"]}]},{\"@type\":\"ImageObject\",\"inLanguage\":\"fr-FR\",\"@id\":\"https:\\\/\\\/www.accidentdutravail-idf.net\\\/blog\\\/les-accidents-de-travail-sont-reduits-grace-a-lappreciation-des-collaborateurs\\\/#primaryimage\",\"url\":\"https:\\\/\\\/www.accidentdutravail-idf.net\\\/blog\\\/wp-content\\\/uploads\\\/2025\\\/06\\\/les-accidents-de-travail-sont-reduits-grace-a-lappreciation-des-collaborateurs.gif\",\"contentUrl\":\"https:\\\/\\\/www.accidentdutravail-idf.net\\\/blog\\\/wp-content\\\/uploads\\\/2025\\\/06\\\/les-accidents-de-travail-sont-reduits-grace-a-lappreciation-des-collaborateurs.gif\"},{\"@type\":\"BreadcrumbList\",\"@id\":\"https:\\\/\\\/www.accidentdutravail-idf.net\\\/blog\\\/les-accidents-de-travail-sont-reduits-grace-a-lappreciation-des-collaborateurs\\\/#breadcrumb\",\"itemListElement\":[{\"@type\":\"ListItem\",\"position\":1,\"name\":\"Accueil\",\"item\":\"https:\\\/\\\/www.accidentdutravail-idf.net\\\/blog\\\/\"},{\"@type\":\"ListItem\",\"position\":2,\"name\":\"Les accidents de travail sont r\u00e9duits gr\u00e2ce \u00e0 l&rsquo;appr\u00e9ciation des collaborateurs\"}]},{\"@type\":\"WebSite\",\"@id\":\"https:\\\/\\\/www.accidentdutravail-idf.net\\\/blog\\\/#website\",\"url\":\"https:\\\/\\\/www.accidentdutravail-idf.net\\\/blog\\\/\",\"name\":\"ACCIDENTDUTRAVAIL-IDF\",\"description\":\"Portail accidents du travail-maladies professionnelles des entreprises d&#039;Ile-de-France\",\"publisher\":{\"@id\":\"https:\\\/\\\/www.accidentdutravail-idf.net\\\/blog\\\/#organization\"},\"potentialAction\":[{\"@type\":\"SearchAction\",\"target\":{\"@type\":\"EntryPoint\",\"urlTemplate\":\"https:\\\/\\\/www.accidentdutravail-idf.net\\\/blog\\\/?s={search_term_string}\"},\"query-input\":{\"@type\":\"PropertyValueSpecification\",\"valueRequired\":true,\"valueName\":\"search_term_string\"}}],\"inLanguage\":\"fr-FR\"},{\"@type\":\"Organization\",\"@id\":\"https:\\\/\\\/www.accidentdutravail-idf.net\\\/blog\\\/#organization\",\"name\":\"accidentdutravail-idf\",\"url\":\"https:\\\/\\\/www.accidentdutravail-idf.net\\\/blog\\\/\",\"logo\":{\"@type\":\"ImageObject\",\"inLanguage\":\"fr-FR\",\"@id\":\"https:\\\/\\\/www.accidentdutravail-idf.net\\\/blog\\\/#\\\/schema\\\/logo\\\/image\\\/\",\"url\":\"https:\\\/\\\/www.accidentdutravail-idf.net\\\/blog\\\/wp-content\\\/uploads\\\/2022\\\/09\\\/logo-2.png\",\"contentUrl\":\"https:\\\/\\\/www.accidentdutravail-idf.net\\\/blog\\\/wp-content\\\/uploads\\\/2022\\\/09\\\/logo-2.png\",\"width\":380,\"height\":291,\"caption\":\"accidentdutravail-idf\"},\"image\":{\"@id\":\"https:\\\/\\\/www.accidentdutravail-idf.net\\\/blog\\\/#\\\/schema\\\/logo\\\/image\\\/\"}},{\"@type\":\"Person\",\"@id\":\"https:\\\/\\\/www.accidentdutravail-idf.net\\\/blog\\\/#\\\/schema\\\/person\\\/3255d2f970de45e64bd9201f38e7b947\",\"name\":\"Carlos Poulain\",\"image\":{\"@type\":\"ImageObject\",\"inLanguage\":\"fr-FR\",\"@id\":\"https:\\\/\\\/secure.gravatar.com\\\/avatar\\\/b1c2f9d3588e34e91adb093635df64ef4b2381991216be7576466cfcdca4baf3?s=96&d=mm&r=g\",\"url\":\"https:\\\/\\\/secure.gravatar.com\\\/avatar\\\/b1c2f9d3588e34e91adb093635df64ef4b2381991216be7576466cfcdca4baf3?s=96&d=mm&r=g\",\"contentUrl\":\"https:\\\/\\\/secure.gravatar.com\\\/avatar\\\/b1c2f9d3588e34e91adb093635df64ef4b2381991216be7576466cfcdca4baf3?s=96&d=mm&r=g\",\"caption\":\"Carlos Poulain\"},\"url\":\"https:\\\/\\\/www.accidentdutravail-idf.net\\\/blog\\\/author\\\/idfcarlos\\\/\"}]}<\/script>\n<!-- \/ Yoast SEO plugin. -->","yoast_head_json":{"title":"Les accidents de travail sont r\u00e9duits gr\u00e2ce \u00e0 l'appr\u00e9ciation des collaborateurs - ACCIDENTDUTRAVAIL-IDF","description":"Les accidents de travail sont r\u00e9duits gr\u00e2ce \u00e0 l'appr\u00e9ciation des collaborateurs article de ACCIDENTDUTRAVAIL-IDF","robots":{"index":"index","follow":"follow","max-snippet":"max-snippet:-1","max-image-preview":"max-image-preview:large","max-video-preview":"max-video-preview:-1"},"canonical":"https:\/\/www.accidentdutravail-idf.net\/blog\/les-accidents-de-travail-sont-reduits-grace-a-lappreciation-des-collaborateurs\/","og_locale":"fr_FR","og_type":"article","og_title":"Les accidents de travail sont r\u00e9duits gr\u00e2ce \u00e0 l'appr\u00e9ciation des collaborateurs - ACCIDENTDUTRAVAIL-IDF","og_description":"Les accidents de travail sont r\u00e9duits gr\u00e2ce \u00e0 l'appr\u00e9ciation des collaborateurs article de ACCIDENTDUTRAVAIL-IDF","og_url":"https:\/\/www.accidentdutravail-idf.net\/blog\/les-accidents-de-travail-sont-reduits-grace-a-lappreciation-des-collaborateurs\/","og_site_name":"ACCIDENTDUTRAVAIL-IDF","article_published_time":"2025-06-09T22:55:00+00:00","og_image":[{"url":"https:\/\/www.accidentdutravail-idf.net\/blog\/wp-content\/uploads\/2025\/06\/les-accidents-de-travail-sont-reduits-grace-a-lappreciation-des-collaborateurs.gif","type":"","width":"","height":""}],"author":"Carlos Poulain","twitter_card":"summary_large_image","twitter_misc":{"\u00c9crit par":"Carlos Poulain","Dur\u00e9e de lecture estim\u00e9e":"4 minutes"},"schema":{"@context":"https:\/\/schema.org","@graph":[{"@type":"Article","@id":"https:\/\/www.accidentdutravail-idf.net\/blog\/les-accidents-de-travail-sont-reduits-grace-a-lappreciation-des-collaborateurs\/#article","isPartOf":{"@id":"https:\/\/www.accidentdutravail-idf.net\/blog\/les-accidents-de-travail-sont-reduits-grace-a-lappreciation-des-collaborateurs\/"},"author":{"name":"Carlos Poulain","@id":"https:\/\/www.accidentdutravail-idf.net\/blog\/#\/schema\/person\/3255d2f970de45e64bd9201f38e7b947"},"headline":"Les accidents de travail sont r\u00e9duits gr\u00e2ce \u00e0 l&rsquo;appr\u00e9ciation des collaborateurs","datePublished":"2025-06-09T22:55:00+00:00","mainEntityOfPage":{"@id":"https:\/\/www.accidentdutravail-idf.net\/blog\/les-accidents-de-travail-sont-reduits-grace-a-lappreciation-des-collaborateurs\/"},"wordCount":794,"publisher":{"@id":"https:\/\/www.accidentdutravail-idf.net\/blog\/#organization"},"image":{"@id":"https:\/\/www.accidentdutravail-idf.net\/blog\/les-accidents-de-travail-sont-reduits-grace-a-lappreciation-des-collaborateurs\/#primaryimage"},"thumbnailUrl":"https:\/\/www.accidentdutravail-idf.net\/blog\/wp-content\/uploads\/2025\/06\/les-accidents-de-travail-sont-reduits-grace-a-lappreciation-des-collaborateurs.gif","articleSection":["S\u00e9curit\u00e9 Du Travail En Ile-De-France Et Divers:"],"inLanguage":"fr-FR"},{"@type":"WebPage","@id":"https:\/\/www.accidentdutravail-idf.net\/blog\/les-accidents-de-travail-sont-reduits-grace-a-lappreciation-des-collaborateurs\/","url":"https:\/\/www.accidentdutravail-idf.net\/blog\/les-accidents-de-travail-sont-reduits-grace-a-lappreciation-des-collaborateurs\/","name":"Les accidents de travail sont r\u00e9duits gr\u00e2ce \u00e0 l'appr\u00e9ciation des collaborateurs - ACCIDENTDUTRAVAIL-IDF","isPartOf":{"@id":"https:\/\/www.accidentdutravail-idf.net\/blog\/#website"},"primaryImageOfPage":{"@id":"https:\/\/www.accidentdutravail-idf.net\/blog\/les-accidents-de-travail-sont-reduits-grace-a-lappreciation-des-collaborateurs\/#primaryimage"},"image":{"@id":"https:\/\/www.accidentdutravail-idf.net\/blog\/les-accidents-de-travail-sont-reduits-grace-a-lappreciation-des-collaborateurs\/#primaryimage"},"thumbnailUrl":"https:\/\/www.accidentdutravail-idf.net\/blog\/wp-content\/uploads\/2025\/06\/les-accidents-de-travail-sont-reduits-grace-a-lappreciation-des-collaborateurs.gif","datePublished":"2025-06-09T22:55:00+00:00","description":"Les accidents de travail sont r\u00e9duits gr\u00e2ce \u00e0 l'appr\u00e9ciation des collaborateurs article de ACCIDENTDUTRAVAIL-IDF","breadcrumb":{"@id":"https:\/\/www.accidentdutravail-idf.net\/blog\/les-accidents-de-travail-sont-reduits-grace-a-lappreciation-des-collaborateurs\/#breadcrumb"},"inLanguage":"fr-FR","potentialAction":[{"@type":"ReadAction","target":["https:\/\/www.accidentdutravail-idf.net\/blog\/les-accidents-de-travail-sont-reduits-grace-a-lappreciation-des-collaborateurs\/"]}]},{"@type":"ImageObject","inLanguage":"fr-FR","@id":"https:\/\/www.accidentdutravail-idf.net\/blog\/les-accidents-de-travail-sont-reduits-grace-a-lappreciation-des-collaborateurs\/#primaryimage","url":"https:\/\/www.accidentdutravail-idf.net\/blog\/wp-content\/uploads\/2025\/06\/les-accidents-de-travail-sont-reduits-grace-a-lappreciation-des-collaborateurs.gif","contentUrl":"https:\/\/www.accidentdutravail-idf.net\/blog\/wp-content\/uploads\/2025\/06\/les-accidents-de-travail-sont-reduits-grace-a-lappreciation-des-collaborateurs.gif"},{"@type":"BreadcrumbList","@id":"https:\/\/www.accidentdutravail-idf.net\/blog\/les-accidents-de-travail-sont-reduits-grace-a-lappreciation-des-collaborateurs\/#breadcrumb","itemListElement":[{"@type":"ListItem","position":1,"name":"Accueil","item":"https:\/\/www.accidentdutravail-idf.net\/blog\/"},{"@type":"ListItem","position":2,"name":"Les accidents de travail sont r\u00e9duits gr\u00e2ce \u00e0 l&rsquo;appr\u00e9ciation des collaborateurs"}]},{"@type":"WebSite","@id":"https:\/\/www.accidentdutravail-idf.net\/blog\/#website","url":"https:\/\/www.accidentdutravail-idf.net\/blog\/","name":"ACCIDENTDUTRAVAIL-IDF","description":"Portail accidents du travail-maladies professionnelles des entreprises d&#039;Ile-de-France","publisher":{"@id":"https:\/\/www.accidentdutravail-idf.net\/blog\/#organization"},"potentialAction":[{"@type":"SearchAction","target":{"@type":"EntryPoint","urlTemplate":"https:\/\/www.accidentdutravail-idf.net\/blog\/?s={search_term_string}"},"query-input":{"@type":"PropertyValueSpecification","valueRequired":true,"valueName":"search_term_string"}}],"inLanguage":"fr-FR"},{"@type":"Organization","@id":"https:\/\/www.accidentdutravail-idf.net\/blog\/#organization","name":"accidentdutravail-idf","url":"https:\/\/www.accidentdutravail-idf.net\/blog\/","logo":{"@type":"ImageObject","inLanguage":"fr-FR","@id":"https:\/\/www.accidentdutravail-idf.net\/blog\/#\/schema\/logo\/image\/","url":"https:\/\/www.accidentdutravail-idf.net\/blog\/wp-content\/uploads\/2022\/09\/logo-2.png","contentUrl":"https:\/\/www.accidentdutravail-idf.net\/blog\/wp-content\/uploads\/2022\/09\/logo-2.png","width":380,"height":291,"caption":"accidentdutravail-idf"},"image":{"@id":"https:\/\/www.accidentdutravail-idf.net\/blog\/#\/schema\/logo\/image\/"}},{"@type":"Person","@id":"https:\/\/www.accidentdutravail-idf.net\/blog\/#\/schema\/person\/3255d2f970de45e64bd9201f38e7b947","name":"Carlos Poulain","image":{"@type":"ImageObject","inLanguage":"fr-FR","@id":"https:\/\/secure.gravatar.com\/avatar\/b1c2f9d3588e34e91adb093635df64ef4b2381991216be7576466cfcdca4baf3?s=96&d=mm&r=g","url":"https:\/\/secure.gravatar.com\/avatar\/b1c2f9d3588e34e91adb093635df64ef4b2381991216be7576466cfcdca4baf3?s=96&d=mm&r=g","contentUrl":"https:\/\/secure.gravatar.com\/avatar\/b1c2f9d3588e34e91adb093635df64ef4b2381991216be7576466cfcdca4baf3?s=96&d=mm&r=g","caption":"Carlos Poulain"},"url":"https:\/\/www.accidentdutravail-idf.net\/blog\/author\/idfcarlos\/"}]}},"_links":{"self":[{"href":"https:\/\/www.accidentdutravail-idf.net\/blog\/wp-json\/wp\/v2\/posts\/1485","targetHints":{"allow":["GET"]}}],"collection":[{"href":"https:\/\/www.accidentdutravail-idf.net\/blog\/wp-json\/wp\/v2\/posts"}],"about":[{"href":"https:\/\/www.accidentdutravail-idf.net\/blog\/wp-json\/wp\/v2\/types\/post"}],"author":[{"embeddable":true,"href":"https:\/\/www.accidentdutravail-idf.net\/blog\/wp-json\/wp\/v2\/users\/2"}],"replies":[{"embeddable":true,"href":"https:\/\/www.accidentdutravail-idf.net\/blog\/wp-json\/wp\/v2\/comments?post=1485"}],"version-history":[{"count":0,"href":"https:\/\/www.accidentdutravail-idf.net\/blog\/wp-json\/wp\/v2\/posts\/1485\/revisions"}],"wp:attachment":[{"href":"https:\/\/www.accidentdutravail-idf.net\/blog\/wp-json\/wp\/v2\/media?parent=1485"}],"wp:term":[{"taxonomy":"category","embeddable":true,"href":"https:\/\/www.accidentdutravail-idf.net\/blog\/wp-json\/wp\/v2\/categories?post=1485"},{"taxonomy":"post_tag","embeddable":true,"href":"https:\/\/www.accidentdutravail-idf.net\/blog\/wp-json\/wp\/v2\/tags?post=1485"}],"curies":[{"name":"wp","href":"https:\/\/api.w.org\/{rel}","templated":true}]}}