{"id":1480,"date":"2025-06-07T10:28:00","date_gmt":"2025-06-07T08:28:00","guid":{"rendered":"https:\/\/www.accidentdutravail-idf.net\/blog\/val-doise-un-chauffeur-de-poids-lourd-blesse-dans-un-accident-du-travail\/"},"modified":"2025-06-07T10:28:00","modified_gmt":"2025-06-07T08:28:00","slug":"val-doise-un-chauffeur-de-poids-lourd-blesse-dans-un-accident-du-travail","status":"publish","type":"post","link":"https:\/\/www.accidentdutravail-idf.net\/blog\/val-doise-un-chauffeur-de-poids-lourd-blesse-dans-un-accident-du-travail\/","title":{"rendered":"Val d&rsquo;Oise : un chauffeur de poids lourd bless\u00e9 dans un accident du travail"},"content":{"rendered":"<div><img decoding=\"async\" src=\"https:\/\/www.accidentdutravail-idf.net\/blog\/wp-content\/uploads\/2025\/06\/val-doise-un-chauffeur-de-poids-lourd-blesse-dans-un-accident-du-travail.jpg\" class=\"ff-og-image-inserted\"><\/div>\n<div class=\"ac-article-date\"> Par <strong> <a href=\"https:\/\/actu.fr\/auteur\/journaliste-rg\" title=\"Consulter tous les articles de R\u00e9daction Pontoise\" target=\"_blank\" rel=\"nofollow\">R\u00e9daction Pontoise<\/a> <\/strong> <span> Publi\u00e9 le  7 juin 2025 \u00e0 17h27  <\/span>\n<\/div>\n<p>Les <b>sapeurs-pompiers<\/b> sont intervenus samedi 7 juin 2025, \u00e0 <a href=\"https:\/\/actu.fr\/ile-de-france\/saint-gratien_95555\" target=\"_blank\" rel=\"nofollow\">Saint-Gratien<\/a> (<b>Val-d\u2019Oise<\/b>) pour un <b>accident du travail<\/b> impliquant un chauffeur de poids lourd.<\/p>\n<h2 class=\" wall-content\">Accident du travail<\/h2>\n<p class=\" wall-content\">Dans des circonstances qui n\u2019ont pas \u00e9t\u00e9 pr\u00e9cis\u00e9es, la victime, un homme \u00e2g\u00e9 de 42 ans, se trouvait rue S\u0153ur-Ang\u00e8le lorsqu\u2019elle a \u00e9t\u00e9 renvers\u00e9e par son v\u00e9hicule.<\/p>\n<p class=\" wall-content\">Apr\u00e8s un bilan m\u00e9dico-secouriste, le chauffeur a \u00e9t\u00e9 transport\u00e9 en urgence relative au centre hospitalier d\u2019Argenteuil.<\/p>\n<p class=\" wall-content\">Un officier de police judiciaire et un \u00e9lu de la commune \u00e9taient sur place.<\/p>\n<figure class=\"ac-embed ac-embed--google wall-content\" data-provider=\"google\" data-cmp-purpose=\"embedInfographie\">\n<\/figure>\n<p class=\" wall-content\"><i>Suivez toute l\u2019actualit\u00e9 de vos villes et m\u00e9dias favoris en vous inscrivant \u00e0 <a href=\"https:\/\/moncompte.actu.fr\" title=\"D\u00e9couvez Mon Actu\" rel=\"nofollow\" data-trk=\"{&quot;cta&quot;:{&quot;action&quot;:&quot;https:\\\/\\\/moncompte.actu.fr&quot;,&quot;category&quot;:&quot;mon compte&quot;,&quot;from&quot;:&quot;article footer&quot;,&quot;name&quot;:&quot;Mon actu&quot;,&quot;type&quot;:&quot;cta&quot;}}\" target=\"_blank\">Mon Actu<\/a>.<\/i><\/p>\n<p> accidentdutravail-idf.net vous a pr\u00e9par\u00e9 ce post qui informe du sujet \u00ab\u00a0Association Sportive Huisson-Longueville Essonne\u00a0\u00bb. La chronique se veut g\u00e9n\u00e9r\u00e9e du mieux possible. Vous pouvez utiliser les coordonn\u00e9es indiqu\u00e9es sur le site dans le but d\u2019apporter des explications sur ce post qui parle du th\u00e8me \u00ab\u00a0Association Sportive Huisson-Longueville Essonne\u00a0\u00bb. Le site accidentdutravail-idf.net a pour but de fournir diverses publications sur la th\u00e9matique Association Sportive Huisson-Longueville Essonne diffus\u00e9es sur le net. Il y aura plusieurs articles autour du sujet \u00ab\u00a0Association Sportive Huisson-Longueville Essonne\u00a0\u00bb dans quelques jours, nous vous invitons \u00e0 naviguer sur notre site web \u00e0 plusieurs reprises.<\/p>\n","protected":false},"excerpt":{"rendered":"<p>Par R\u00e9daction Pontoise Publi\u00e9 le 7 juin 2025 \u00e0 17h27 Les sapeurs-pompiers sont intervenus samedi 7 juin 2025, \u00e0 Saint-Gratien (Val-d\u2019Oise) pour un accident du travail impliquant un chauffeur de poids lourd. Accident du travail Dans des circonstances qui n\u2019ont pas \u00e9t\u00e9 pr\u00e9cis\u00e9es, la victime, un homme \u00e2g\u00e9 de 42 ans, se trouvait rue S\u0153ur-Ang\u00e8le &hellip; <\/p>\n<p class=\"link-more\"><a href=\"https:\/\/www.accidentdutravail-idf.net\/blog\/val-doise-un-chauffeur-de-poids-lourd-blesse-dans-un-accident-du-travail\/\" class=\"more-link\">Continuer la lecture <span class=\"screen-reader-text\"> \u00ab\u00a0Val d&rsquo;Oise : un chauffeur de poids lourd bless\u00e9 dans un accident du travail\u00a0\u00bb<\/span><\/a><\/p>\n","protected":false},"author":2,"featured_media":0,"comment_status":"closed","ping_status":"closed","sticky":false,"template":"","format":"standard","meta":{"footnotes":""},"categories":[5],"tags":[],"class_list":["post-1480","post","type-post","status-publish","format-standard","hentry","category-securite-du-travail-en-ile-de-france-et-divers","entry"],"yoast_head":"<!-- This site is optimized with the Yoast SEO plugin v27.5 - https:\/\/yoast.com\/product\/yoast-seo-wordpress\/ -->\n<title>Val d&#039;Oise : un chauffeur de poids lourd bless\u00e9 dans un accident du travail - ACCIDENTDUTRAVAIL-IDF<\/title>\n<meta name=\"description\" content=\"Val d&#039;Oise : un chauffeur de poids lourd bless\u00e9 dans un accident du travail article de ACCIDENTDUTRAVAIL-IDF\" \/>\n<meta name=\"robots\" content=\"index, follow, max-snippet:-1, max-image-preview:large, max-video-preview:-1\" \/>\n<link rel=\"canonical\" href=\"https:\/\/www.accidentdutravail-idf.net\/blog\/val-doise-un-chauffeur-de-poids-lourd-blesse-dans-un-accident-du-travail\/\" \/>\n<meta property=\"og:locale\" content=\"fr_FR\" \/>\n<meta property=\"og:type\" content=\"article\" \/>\n<meta property=\"og:title\" content=\"Val d&#039;Oise : un chauffeur de poids lourd bless\u00e9 dans un accident du travail - ACCIDENTDUTRAVAIL-IDF\" \/>\n<meta property=\"og:description\" content=\"Val d&#039;Oise : un chauffeur de poids lourd bless\u00e9 dans un accident du travail article de ACCIDENTDUTRAVAIL-IDF\" \/>\n<meta property=\"og:url\" content=\"https:\/\/www.accidentdutravail-idf.net\/blog\/val-doise-un-chauffeur-de-poids-lourd-blesse-dans-un-accident-du-travail\/\" \/>\n<meta property=\"og:site_name\" content=\"ACCIDENTDUTRAVAIL-IDF\" \/>\n<meta property=\"article:published_time\" content=\"2025-06-07T08:28:00+00:00\" \/>\n<meta property=\"og:image\" content=\"https:\/\/www.accidentdutravail-idf.net\/blog\/wp-content\/uploads\/2025\/06\/val-doise-un-chauffeur-de-poids-lourd-blesse-dans-un-accident-du-travail.jpg\" \/>\n<meta name=\"author\" content=\"Carlos Poulain\" \/>\n<meta name=\"twitter:card\" content=\"summary_large_image\" \/>\n<meta name=\"twitter:label1\" content=\"\u00c9crit par\" \/>\n\t<meta name=\"twitter:data1\" content=\"Carlos Poulain\" \/>\n\t<meta name=\"twitter:label2\" content=\"Dur\u00e9e de lecture estim\u00e9e\" \/>\n\t<meta name=\"twitter:data2\" content=\"1 minute\" \/>\n<script type=\"application\/ld+json\" class=\"yoast-schema-graph\">{\"@context\":\"https:\\\/\\\/schema.org\",\"@graph\":[{\"@type\":\"Article\",\"@id\":\"https:\\\/\\\/www.accidentdutravail-idf.net\\\/blog\\\/val-doise-un-chauffeur-de-poids-lourd-blesse-dans-un-accident-du-travail\\\/#article\",\"isPartOf\":{\"@id\":\"https:\\\/\\\/www.accidentdutravail-idf.net\\\/blog\\\/val-doise-un-chauffeur-de-poids-lourd-blesse-dans-un-accident-du-travail\\\/\"},\"author\":{\"name\":\"Carlos Poulain\",\"@id\":\"https:\\\/\\\/www.accidentdutravail-idf.net\\\/blog\\\/#\\\/schema\\\/person\\\/3255d2f970de45e64bd9201f38e7b947\"},\"headline\":\"Val d&rsquo;Oise : un chauffeur de poids lourd bless\u00e9 dans un accident du travail\",\"datePublished\":\"2025-06-07T08:28:00+00:00\",\"mainEntityOfPage\":{\"@id\":\"https:\\\/\\\/www.accidentdutravail-idf.net\\\/blog\\\/val-doise-un-chauffeur-de-poids-lourd-blesse-dans-un-accident-du-travail\\\/\"},\"wordCount\":233,\"publisher\":{\"@id\":\"https:\\\/\\\/www.accidentdutravail-idf.net\\\/blog\\\/#organization\"},\"image\":{\"@id\":\"https:\\\/\\\/www.accidentdutravail-idf.net\\\/blog\\\/val-doise-un-chauffeur-de-poids-lourd-blesse-dans-un-accident-du-travail\\\/#primaryimage\"},\"thumbnailUrl\":\"https:\\\/\\\/www.accidentdutravail-idf.net\\\/blog\\\/wp-content\\\/uploads\\\/2025\\\/06\\\/val-doise-un-chauffeur-de-poids-lourd-blesse-dans-un-accident-du-travail.jpg\",\"articleSection\":[\"S\u00e9curit\u00e9 Du Travail En Ile-De-France Et Divers:\"],\"inLanguage\":\"fr-FR\"},{\"@type\":\"WebPage\",\"@id\":\"https:\\\/\\\/www.accidentdutravail-idf.net\\\/blog\\\/val-doise-un-chauffeur-de-poids-lourd-blesse-dans-un-accident-du-travail\\\/\",\"url\":\"https:\\\/\\\/www.accidentdutravail-idf.net\\\/blog\\\/val-doise-un-chauffeur-de-poids-lourd-blesse-dans-un-accident-du-travail\\\/\",\"name\":\"Val d'Oise : un chauffeur de poids lourd bless\u00e9 dans un accident du travail - ACCIDENTDUTRAVAIL-IDF\",\"isPartOf\":{\"@id\":\"https:\\\/\\\/www.accidentdutravail-idf.net\\\/blog\\\/#website\"},\"primaryImageOfPage\":{\"@id\":\"https:\\\/\\\/www.accidentdutravail-idf.net\\\/blog\\\/val-doise-un-chauffeur-de-poids-lourd-blesse-dans-un-accident-du-travail\\\/#primaryimage\"},\"image\":{\"@id\":\"https:\\\/\\\/www.accidentdutravail-idf.net\\\/blog\\\/val-doise-un-chauffeur-de-poids-lourd-blesse-dans-un-accident-du-travail\\\/#primaryimage\"},\"thumbnailUrl\":\"https:\\\/\\\/www.accidentdutravail-idf.net\\\/blog\\\/wp-content\\\/uploads\\\/2025\\\/06\\\/val-doise-un-chauffeur-de-poids-lourd-blesse-dans-un-accident-du-travail.jpg\",\"datePublished\":\"2025-06-07T08:28:00+00:00\",\"description\":\"Val d'Oise : un chauffeur de poids lourd bless\u00e9 dans un accident du travail article de ACCIDENTDUTRAVAIL-IDF\",\"breadcrumb\":{\"@id\":\"https:\\\/\\\/www.accidentdutravail-idf.net\\\/blog\\\/val-doise-un-chauffeur-de-poids-lourd-blesse-dans-un-accident-du-travail\\\/#breadcrumb\"},\"inLanguage\":\"fr-FR\",\"potentialAction\":[{\"@type\":\"ReadAction\",\"target\":[\"https:\\\/\\\/www.accidentdutravail-idf.net\\\/blog\\\/val-doise-un-chauffeur-de-poids-lourd-blesse-dans-un-accident-du-travail\\\/\"]}]},{\"@type\":\"ImageObject\",\"inLanguage\":\"fr-FR\",\"@id\":\"https:\\\/\\\/www.accidentdutravail-idf.net\\\/blog\\\/val-doise-un-chauffeur-de-poids-lourd-blesse-dans-un-accident-du-travail\\\/#primaryimage\",\"url\":\"https:\\\/\\\/www.accidentdutravail-idf.net\\\/blog\\\/wp-content\\\/uploads\\\/2025\\\/06\\\/val-doise-un-chauffeur-de-poids-lourd-blesse-dans-un-accident-du-travail.jpg\",\"contentUrl\":\"https:\\\/\\\/www.accidentdutravail-idf.net\\\/blog\\\/wp-content\\\/uploads\\\/2025\\\/06\\\/val-doise-un-chauffeur-de-poids-lourd-blesse-dans-un-accident-du-travail.jpg\"},{\"@type\":\"BreadcrumbList\",\"@id\":\"https:\\\/\\\/www.accidentdutravail-idf.net\\\/blog\\\/val-doise-un-chauffeur-de-poids-lourd-blesse-dans-un-accident-du-travail\\\/#breadcrumb\",\"itemListElement\":[{\"@type\":\"ListItem\",\"position\":1,\"name\":\"Accueil\",\"item\":\"https:\\\/\\\/www.accidentdutravail-idf.net\\\/blog\\\/\"},{\"@type\":\"ListItem\",\"position\":2,\"name\":\"Val d&rsquo;Oise : un chauffeur de poids lourd bless\u00e9 dans un accident du travail\"}]},{\"@type\":\"WebSite\",\"@id\":\"https:\\\/\\\/www.accidentdutravail-idf.net\\\/blog\\\/#website\",\"url\":\"https:\\\/\\\/www.accidentdutravail-idf.net\\\/blog\\\/\",\"name\":\"ACCIDENTDUTRAVAIL-IDF\",\"description\":\"Portail accidents du travail-maladies professionnelles des entreprises d&#039;Ile-de-France\",\"publisher\":{\"@id\":\"https:\\\/\\\/www.accidentdutravail-idf.net\\\/blog\\\/#organization\"},\"potentialAction\":[{\"@type\":\"SearchAction\",\"target\":{\"@type\":\"EntryPoint\",\"urlTemplate\":\"https:\\\/\\\/www.accidentdutravail-idf.net\\\/blog\\\/?s={search_term_string}\"},\"query-input\":{\"@type\":\"PropertyValueSpecification\",\"valueRequired\":true,\"valueName\":\"search_term_string\"}}],\"inLanguage\":\"fr-FR\"},{\"@type\":\"Organization\",\"@id\":\"https:\\\/\\\/www.accidentdutravail-idf.net\\\/blog\\\/#organization\",\"name\":\"accidentdutravail-idf\",\"url\":\"https:\\\/\\\/www.accidentdutravail-idf.net\\\/blog\\\/\",\"logo\":{\"@type\":\"ImageObject\",\"inLanguage\":\"fr-FR\",\"@id\":\"https:\\\/\\\/www.accidentdutravail-idf.net\\\/blog\\\/#\\\/schema\\\/logo\\\/image\\\/\",\"url\":\"https:\\\/\\\/www.accidentdutravail-idf.net\\\/blog\\\/wp-content\\\/uploads\\\/2022\\\/09\\\/logo-2.png\",\"contentUrl\":\"https:\\\/\\\/www.accidentdutravail-idf.net\\\/blog\\\/wp-content\\\/uploads\\\/2022\\\/09\\\/logo-2.png\",\"width\":380,\"height\":291,\"caption\":\"accidentdutravail-idf\"},\"image\":{\"@id\":\"https:\\\/\\\/www.accidentdutravail-idf.net\\\/blog\\\/#\\\/schema\\\/logo\\\/image\\\/\"}},{\"@type\":\"Person\",\"@id\":\"https:\\\/\\\/www.accidentdutravail-idf.net\\\/blog\\\/#\\\/schema\\\/person\\\/3255d2f970de45e64bd9201f38e7b947\",\"name\":\"Carlos Poulain\",\"image\":{\"@type\":\"ImageObject\",\"inLanguage\":\"fr-FR\",\"@id\":\"https:\\\/\\\/secure.gravatar.com\\\/avatar\\\/b1c2f9d3588e34e91adb093635df64ef4b2381991216be7576466cfcdca4baf3?s=96&d=mm&r=g\",\"url\":\"https:\\\/\\\/secure.gravatar.com\\\/avatar\\\/b1c2f9d3588e34e91adb093635df64ef4b2381991216be7576466cfcdca4baf3?s=96&d=mm&r=g\",\"contentUrl\":\"https:\\\/\\\/secure.gravatar.com\\\/avatar\\\/b1c2f9d3588e34e91adb093635df64ef4b2381991216be7576466cfcdca4baf3?s=96&d=mm&r=g\",\"caption\":\"Carlos Poulain\"},\"url\":\"https:\\\/\\\/www.accidentdutravail-idf.net\\\/blog\\\/author\\\/idfcarlos\\\/\"}]}<\/script>\n<!-- \/ Yoast SEO plugin. -->","yoast_head_json":{"title":"Val d'Oise : un chauffeur de poids lourd bless\u00e9 dans un accident du travail - ACCIDENTDUTRAVAIL-IDF","description":"Val d'Oise : un chauffeur de poids lourd bless\u00e9 dans un accident du travail article de ACCIDENTDUTRAVAIL-IDF","robots":{"index":"index","follow":"follow","max-snippet":"max-snippet:-1","max-image-preview":"max-image-preview:large","max-video-preview":"max-video-preview:-1"},"canonical":"https:\/\/www.accidentdutravail-idf.net\/blog\/val-doise-un-chauffeur-de-poids-lourd-blesse-dans-un-accident-du-travail\/","og_locale":"fr_FR","og_type":"article","og_title":"Val d'Oise : un chauffeur de poids lourd bless\u00e9 dans un accident du travail - ACCIDENTDUTRAVAIL-IDF","og_description":"Val d'Oise : un chauffeur de poids lourd bless\u00e9 dans un accident du travail article de ACCIDENTDUTRAVAIL-IDF","og_url":"https:\/\/www.accidentdutravail-idf.net\/blog\/val-doise-un-chauffeur-de-poids-lourd-blesse-dans-un-accident-du-travail\/","og_site_name":"ACCIDENTDUTRAVAIL-IDF","article_published_time":"2025-06-07T08:28:00+00:00","og_image":[{"url":"https:\/\/www.accidentdutravail-idf.net\/blog\/wp-content\/uploads\/2025\/06\/val-doise-un-chauffeur-de-poids-lourd-blesse-dans-un-accident-du-travail.jpg","type":"","width":"","height":""}],"author":"Carlos Poulain","twitter_card":"summary_large_image","twitter_misc":{"\u00c9crit par":"Carlos Poulain","Dur\u00e9e de lecture estim\u00e9e":"1 minute"},"schema":{"@context":"https:\/\/schema.org","@graph":[{"@type":"Article","@id":"https:\/\/www.accidentdutravail-idf.net\/blog\/val-doise-un-chauffeur-de-poids-lourd-blesse-dans-un-accident-du-travail\/#article","isPartOf":{"@id":"https:\/\/www.accidentdutravail-idf.net\/blog\/val-doise-un-chauffeur-de-poids-lourd-blesse-dans-un-accident-du-travail\/"},"author":{"name":"Carlos Poulain","@id":"https:\/\/www.accidentdutravail-idf.net\/blog\/#\/schema\/person\/3255d2f970de45e64bd9201f38e7b947"},"headline":"Val d&rsquo;Oise : un chauffeur de poids lourd bless\u00e9 dans un accident du travail","datePublished":"2025-06-07T08:28:00+00:00","mainEntityOfPage":{"@id":"https:\/\/www.accidentdutravail-idf.net\/blog\/val-doise-un-chauffeur-de-poids-lourd-blesse-dans-un-accident-du-travail\/"},"wordCount":233,"publisher":{"@id":"https:\/\/www.accidentdutravail-idf.net\/blog\/#organization"},"image":{"@id":"https:\/\/www.accidentdutravail-idf.net\/blog\/val-doise-un-chauffeur-de-poids-lourd-blesse-dans-un-accident-du-travail\/#primaryimage"},"thumbnailUrl":"https:\/\/www.accidentdutravail-idf.net\/blog\/wp-content\/uploads\/2025\/06\/val-doise-un-chauffeur-de-poids-lourd-blesse-dans-un-accident-du-travail.jpg","articleSection":["S\u00e9curit\u00e9 Du Travail En Ile-De-France Et Divers:"],"inLanguage":"fr-FR"},{"@type":"WebPage","@id":"https:\/\/www.accidentdutravail-idf.net\/blog\/val-doise-un-chauffeur-de-poids-lourd-blesse-dans-un-accident-du-travail\/","url":"https:\/\/www.accidentdutravail-idf.net\/blog\/val-doise-un-chauffeur-de-poids-lourd-blesse-dans-un-accident-du-travail\/","name":"Val d'Oise : un chauffeur de poids lourd bless\u00e9 dans un accident du travail - ACCIDENTDUTRAVAIL-IDF","isPartOf":{"@id":"https:\/\/www.accidentdutravail-idf.net\/blog\/#website"},"primaryImageOfPage":{"@id":"https:\/\/www.accidentdutravail-idf.net\/blog\/val-doise-un-chauffeur-de-poids-lourd-blesse-dans-un-accident-du-travail\/#primaryimage"},"image":{"@id":"https:\/\/www.accidentdutravail-idf.net\/blog\/val-doise-un-chauffeur-de-poids-lourd-blesse-dans-un-accident-du-travail\/#primaryimage"},"thumbnailUrl":"https:\/\/www.accidentdutravail-idf.net\/blog\/wp-content\/uploads\/2025\/06\/val-doise-un-chauffeur-de-poids-lourd-blesse-dans-un-accident-du-travail.jpg","datePublished":"2025-06-07T08:28:00+00:00","description":"Val d'Oise : un chauffeur de poids lourd bless\u00e9 dans un accident du travail article de ACCIDENTDUTRAVAIL-IDF","breadcrumb":{"@id":"https:\/\/www.accidentdutravail-idf.net\/blog\/val-doise-un-chauffeur-de-poids-lourd-blesse-dans-un-accident-du-travail\/#breadcrumb"},"inLanguage":"fr-FR","potentialAction":[{"@type":"ReadAction","target":["https:\/\/www.accidentdutravail-idf.net\/blog\/val-doise-un-chauffeur-de-poids-lourd-blesse-dans-un-accident-du-travail\/"]}]},{"@type":"ImageObject","inLanguage":"fr-FR","@id":"https:\/\/www.accidentdutravail-idf.net\/blog\/val-doise-un-chauffeur-de-poids-lourd-blesse-dans-un-accident-du-travail\/#primaryimage","url":"https:\/\/www.accidentdutravail-idf.net\/blog\/wp-content\/uploads\/2025\/06\/val-doise-un-chauffeur-de-poids-lourd-blesse-dans-un-accident-du-travail.jpg","contentUrl":"https:\/\/www.accidentdutravail-idf.net\/blog\/wp-content\/uploads\/2025\/06\/val-doise-un-chauffeur-de-poids-lourd-blesse-dans-un-accident-du-travail.jpg"},{"@type":"BreadcrumbList","@id":"https:\/\/www.accidentdutravail-idf.net\/blog\/val-doise-un-chauffeur-de-poids-lourd-blesse-dans-un-accident-du-travail\/#breadcrumb","itemListElement":[{"@type":"ListItem","position":1,"name":"Accueil","item":"https:\/\/www.accidentdutravail-idf.net\/blog\/"},{"@type":"ListItem","position":2,"name":"Val d&rsquo;Oise : un chauffeur de poids lourd bless\u00e9 dans un accident du travail"}]},{"@type":"WebSite","@id":"https:\/\/www.accidentdutravail-idf.net\/blog\/#website","url":"https:\/\/www.accidentdutravail-idf.net\/blog\/","name":"ACCIDENTDUTRAVAIL-IDF","description":"Portail accidents du travail-maladies professionnelles des entreprises d&#039;Ile-de-France","publisher":{"@id":"https:\/\/www.accidentdutravail-idf.net\/blog\/#organization"},"potentialAction":[{"@type":"SearchAction","target":{"@type":"EntryPoint","urlTemplate":"https:\/\/www.accidentdutravail-idf.net\/blog\/?s={search_term_string}"},"query-input":{"@type":"PropertyValueSpecification","valueRequired":true,"valueName":"search_term_string"}}],"inLanguage":"fr-FR"},{"@type":"Organization","@id":"https:\/\/www.accidentdutravail-idf.net\/blog\/#organization","name":"accidentdutravail-idf","url":"https:\/\/www.accidentdutravail-idf.net\/blog\/","logo":{"@type":"ImageObject","inLanguage":"fr-FR","@id":"https:\/\/www.accidentdutravail-idf.net\/blog\/#\/schema\/logo\/image\/","url":"https:\/\/www.accidentdutravail-idf.net\/blog\/wp-content\/uploads\/2022\/09\/logo-2.png","contentUrl":"https:\/\/www.accidentdutravail-idf.net\/blog\/wp-content\/uploads\/2022\/09\/logo-2.png","width":380,"height":291,"caption":"accidentdutravail-idf"},"image":{"@id":"https:\/\/www.accidentdutravail-idf.net\/blog\/#\/schema\/logo\/image\/"}},{"@type":"Person","@id":"https:\/\/www.accidentdutravail-idf.net\/blog\/#\/schema\/person\/3255d2f970de45e64bd9201f38e7b947","name":"Carlos Poulain","image":{"@type":"ImageObject","inLanguage":"fr-FR","@id":"https:\/\/secure.gravatar.com\/avatar\/b1c2f9d3588e34e91adb093635df64ef4b2381991216be7576466cfcdca4baf3?s=96&d=mm&r=g","url":"https:\/\/secure.gravatar.com\/avatar\/b1c2f9d3588e34e91adb093635df64ef4b2381991216be7576466cfcdca4baf3?s=96&d=mm&r=g","contentUrl":"https:\/\/secure.gravatar.com\/avatar\/b1c2f9d3588e34e91adb093635df64ef4b2381991216be7576466cfcdca4baf3?s=96&d=mm&r=g","caption":"Carlos Poulain"},"url":"https:\/\/www.accidentdutravail-idf.net\/blog\/author\/idfcarlos\/"}]}},"_links":{"self":[{"href":"https:\/\/www.accidentdutravail-idf.net\/blog\/wp-json\/wp\/v2\/posts\/1480","targetHints":{"allow":["GET"]}}],"collection":[{"href":"https:\/\/www.accidentdutravail-idf.net\/blog\/wp-json\/wp\/v2\/posts"}],"about":[{"href":"https:\/\/www.accidentdutravail-idf.net\/blog\/wp-json\/wp\/v2\/types\/post"}],"author":[{"embeddable":true,"href":"https:\/\/www.accidentdutravail-idf.net\/blog\/wp-json\/wp\/v2\/users\/2"}],"replies":[{"embeddable":true,"href":"https:\/\/www.accidentdutravail-idf.net\/blog\/wp-json\/wp\/v2\/comments?post=1480"}],"version-history":[{"count":0,"href":"https:\/\/www.accidentdutravail-idf.net\/blog\/wp-json\/wp\/v2\/posts\/1480\/revisions"}],"wp:attachment":[{"href":"https:\/\/www.accidentdutravail-idf.net\/blog\/wp-json\/wp\/v2\/media?parent=1480"}],"wp:term":[{"taxonomy":"category","embeddable":true,"href":"https:\/\/www.accidentdutravail-idf.net\/blog\/wp-json\/wp\/v2\/categories?post=1480"},{"taxonomy":"post_tag","embeddable":true,"href":"https:\/\/www.accidentdutravail-idf.net\/blog\/wp-json\/wp\/v2\/tags?post=1480"}],"curies":[{"name":"wp","href":"https:\/\/api.w.org\/{rel}","templated":true}]}}