{"id":1451,"date":"2025-05-21T21:45:00","date_gmt":"2025-05-21T19:45:00","guid":{"rendered":"https:\/\/www.accidentdutravail-idf.net\/blog\/accidents-du-travail-les-salaries-face-au-danger-des-machines\/"},"modified":"2025-05-21T21:45:00","modified_gmt":"2025-05-21T19:45:00","slug":"accidents-du-travail-les-salaries-face-au-danger-des-machines","status":"publish","type":"post","link":"https:\/\/www.accidentdutravail-idf.net\/blog\/accidents-du-travail-les-salaries-face-au-danger-des-machines\/","title":{"rendered":"Accidents du travail : les salari\u00e9s face au danger des machines"},"content":{"rendered":"<figure class=\"article__media\">   <img decoding=\"async\" src=\"https:\/\/www.accidentdutravail-idf.net\/blog\/wp-content\/uploads\/2025\/05\/accidents-du-travail-les-salaries-face-au-danger-des-machines.jpg\" alt=\"Les presses plieuses fabriquent des pi\u00e8ces m\u00e9talliques. Dangereuses, elles ont \u00e9t\u00e9 robotis\u00e9es. Ici dans l\u2019entreprise Sofop-Taliaplast, \u00e0 Montoir-de-Bretagne (Loire-Atlantique), en&nbsp;d\u00e9cembre&nbsp;2015.\" width=\"664\" height=\"443\">   <img decoding=\"async\" src=\"https:\/\/www.accidentdutravail-idf.net\/blog\/wp-content\/uploads\/2025\/05\/accidents-du-travail-les-salaries-face-au-danger-des-machines.jpg\" alt=\"Les presses plieuses fabriquent des pi\u00e8ces m\u00e9talliques. Dangereuses, elles ont \u00e9t\u00e9 robotis\u00e9es. Ici dans l\u2019entreprise Sofop-Taliaplast, \u00e0 Montoir-de-Bretagne (Loire-Atlantique), en&nbsp;d\u00e9cembre&nbsp;2015.\"><figcaption class=\"article__legend\" aria-hidden=\"true\">Les presses plieuses fabriquent des pi\u00e8ces m\u00e9talliques. Dangereuses, elles ont \u00e9t\u00e9 robotis\u00e9es. Ici dans l\u2019entreprise Sofop-Taliaplast, \u00e0 Montoir-de-Bretagne (Loire-Atlantique), en&nbsp;d\u00e9cembre&nbsp;2015. <span class=\"article__credit\" aria-hidden=\"true\">GAEL KERBAOL \/ INRS<\/span> <\/figcaption><\/figure>\n<p class=\"article__paragraph \">Le ton du r\u00e9cit a beau \u00eatre celui, impassible, de l\u2019habitu\u00e9, la sc\u00e8ne d\u00e9crite n\u2019en fait pas moins froid dans le dos. <em>\u00ab&nbsp;Cela se passe dans un \u00e9tablissement qui fabrique des cartes \u00e9lectroniques, sur une machine qui coupe des gaines thermor\u00e9tractables en plastique. L\u2019op\u00e9ratrice, constatant des morceaux de gaine accumul\u00e9s au niveau du couteau de d\u00e9coupe, engage sa main pour les r\u00e9cup\u00e9rer. Et se retrouve amput\u00e9e de la derni\u00e8re phalange de trois doigts de la m\u00eame main. Comment se fait-il que l\u2019on puisse retirer la protection de la lame sans que cela arr\u00eate la machine&nbsp;?&nbsp;\u00bb<\/em>, interroge Jean-Christophe Blaise, responsable de laboratoire \u00e0 l\u2019Institut national de recherche et de s\u00e9curit\u00e9 pour la pr\u00e9vention des accidents du travail et des maladies professionnelles (INRS).<\/p>\n<section class=\"catcher catcher--favoris\">\n<p> <button class=\"lmd-btn-icon lmd-btn-icon--primary lmd-btn-icon--m js-lmd-dropdown-favorite-toggler\" aria-controls=\"lmd-dropdown-favorite\" aria-label=\"Lire plus tard\" aria-describedby=\"article-title-3357683\" data-article-id=\"3357683\" data-position=\"lire aussi\" data-url=\"https:\/\/www.lemonde.fr\/economie\/article\/2024\/02\/08\/accidents-du-travail-quand-les-machines-tuent_6215360_3234.html\" data-status> <span class=\"icon__favorites\"><\/span> <span class=\"js-btn-icon-tooltip\" aria-hidden=\"true\">Lire plus tard<\/span> <\/button> <\/p>\n<\/section>\n<p class=\"article__paragraph \">Pour plonger d\u2019embl\u00e9e cette journ\u00e9e technique sur les<em> <\/em>\u00ab&nbsp;risques professionnels li\u00e9s aux machines&nbsp;\u00bb dans la r\u00e9alit\u00e9, l\u2019expert \u00e9gr\u00e8ne une s\u00e9rie d\u2019exemples gla\u00e7ants devant 160&nbsp;\u00e9missaires d\u2019entreprises de tous secteurs, dont beaucoup charg\u00e9s des questions de sant\u00e9 et de s\u00e9curit\u00e9&nbsp;; plus de 1&nbsp;000 sont connect\u00e9s en ligne.<\/p>\n<p class=\"reading-mode-only \"><strong>Il vous reste 90.25% de cet article \u00e0 lire. La suite est r\u00e9serv\u00e9e aux abonn\u00e9s.<\/strong><\/p>\n<p> accidentdutravail-idf.net vous a pr\u00e9par\u00e9 ce post qui informe du sujet \u00ab\u00a0Association Sportive Huisson-Longueville Essonne\u00a0\u00bb. La chronique se veut g\u00e9n\u00e9r\u00e9e du mieux possible. Vous pouvez utiliser les coordonn\u00e9es indiqu\u00e9es sur le site dans le but d\u2019apporter des explications sur ce post qui parle du th\u00e8me \u00ab\u00a0Association Sportive Huisson-Longueville Essonne\u00a0\u00bb. Le site accidentdutravail-idf.net a pour but de fournir diverses publications sur la th\u00e9matique Association Sportive Huisson-Longueville Essonne diffus\u00e9es sur le net. Il y aura plusieurs articles autour du sujet \u00ab\u00a0Association Sportive Huisson-Longueville Essonne\u00a0\u00bb dans quelques jours, nous vous invitons \u00e0 naviguer sur notre site web \u00e0 plusieurs reprises.<\/p>\n","protected":false},"excerpt":{"rendered":"<p>Les presses plieuses fabriquent des pi\u00e8ces m\u00e9talliques. Dangereuses, elles ont \u00e9t\u00e9 robotis\u00e9es. Ici dans l\u2019entreprise Sofop-Taliaplast, \u00e0 Montoir-de-Bretagne (Loire-Atlantique), en&nbsp;d\u00e9cembre&nbsp;2015. GAEL KERBAOL \/ INRS Le ton du r\u00e9cit a beau \u00eatre celui, impassible, de l\u2019habitu\u00e9, la sc\u00e8ne d\u00e9crite n\u2019en fait pas moins froid dans le dos. \u00ab&nbsp;Cela se passe dans un \u00e9tablissement qui fabrique des &hellip; <\/p>\n<p class=\"link-more\"><a href=\"https:\/\/www.accidentdutravail-idf.net\/blog\/accidents-du-travail-les-salaries-face-au-danger-des-machines\/\" class=\"more-link\">Continuer la lecture <span class=\"screen-reader-text\"> \u00ab\u00a0Accidents du travail : les salari\u00e9s face au danger des machines\u00a0\u00bb<\/span><\/a><\/p>\n","protected":false},"author":2,"featured_media":0,"comment_status":"closed","ping_status":"closed","sticky":false,"template":"","format":"standard","meta":{"footnotes":""},"categories":[5],"tags":[],"class_list":["post-1451","post","type-post","status-publish","format-standard","hentry","category-securite-du-travail-en-ile-de-france-et-divers","entry"],"yoast_head":"<!-- This site is optimized with the Yoast SEO plugin v27.5 - https:\/\/yoast.com\/product\/yoast-seo-wordpress\/ -->\n<title>Accidents du travail : les salari\u00e9s face au danger des machines - ACCIDENTDUTRAVAIL-IDF<\/title>\n<meta name=\"description\" content=\"Accidents du travail : les salari\u00e9s face au danger des machines article de ACCIDENTDUTRAVAIL-IDF\" \/>\n<meta name=\"robots\" content=\"index, follow, max-snippet:-1, max-image-preview:large, max-video-preview:-1\" \/>\n<link rel=\"canonical\" href=\"https:\/\/www.accidentdutravail-idf.net\/blog\/accidents-du-travail-les-salaries-face-au-danger-des-machines\/\" \/>\n<meta property=\"og:locale\" content=\"fr_FR\" \/>\n<meta property=\"og:type\" content=\"article\" \/>\n<meta property=\"og:title\" content=\"Accidents du travail : les salari\u00e9s face au danger des machines - ACCIDENTDUTRAVAIL-IDF\" \/>\n<meta property=\"og:description\" content=\"Accidents du travail : les salari\u00e9s face au danger des machines article de ACCIDENTDUTRAVAIL-IDF\" \/>\n<meta property=\"og:url\" content=\"https:\/\/www.accidentdutravail-idf.net\/blog\/accidents-du-travail-les-salaries-face-au-danger-des-machines\/\" \/>\n<meta property=\"og:site_name\" content=\"ACCIDENTDUTRAVAIL-IDF\" \/>\n<meta property=\"article:published_time\" content=\"2025-05-21T19:45:00+00:00\" \/>\n<meta property=\"og:image\" content=\"https:\/\/www.accidentdutravail-idf.net\/blog\/wp-content\/uploads\/2025\/05\/accidents-du-travail-les-salaries-face-au-danger-des-machines.jpg\" \/>\n<meta name=\"author\" content=\"Carlos Poulain\" \/>\n<meta name=\"twitter:card\" content=\"summary_large_image\" \/>\n<meta name=\"twitter:label1\" content=\"\u00c9crit par\" \/>\n\t<meta name=\"twitter:data1\" content=\"Carlos Poulain\" \/>\n\t<meta name=\"twitter:label2\" content=\"Dur\u00e9e de lecture estim\u00e9e\" \/>\n\t<meta name=\"twitter:data2\" content=\"2 minutes\" \/>\n<script type=\"application\/ld+json\" class=\"yoast-schema-graph\">{\"@context\":\"https:\\\/\\\/schema.org\",\"@graph\":[{\"@type\":\"Article\",\"@id\":\"https:\\\/\\\/www.accidentdutravail-idf.net\\\/blog\\\/accidents-du-travail-les-salaries-face-au-danger-des-machines\\\/#article\",\"isPartOf\":{\"@id\":\"https:\\\/\\\/www.accidentdutravail-idf.net\\\/blog\\\/accidents-du-travail-les-salaries-face-au-danger-des-machines\\\/\"},\"author\":{\"name\":\"Carlos Poulain\",\"@id\":\"https:\\\/\\\/www.accidentdutravail-idf.net\\\/blog\\\/#\\\/schema\\\/person\\\/3255d2f970de45e64bd9201f38e7b947\"},\"headline\":\"Accidents du travail : les salari\u00e9s face au danger des machines\",\"datePublished\":\"2025-05-21T19:45:00+00:00\",\"mainEntityOfPage\":{\"@id\":\"https:\\\/\\\/www.accidentdutravail-idf.net\\\/blog\\\/accidents-du-travail-les-salaries-face-au-danger-des-machines\\\/\"},\"wordCount\":372,\"publisher\":{\"@id\":\"https:\\\/\\\/www.accidentdutravail-idf.net\\\/blog\\\/#organization\"},\"image\":{\"@id\":\"https:\\\/\\\/www.accidentdutravail-idf.net\\\/blog\\\/accidents-du-travail-les-salaries-face-au-danger-des-machines\\\/#primaryimage\"},\"thumbnailUrl\":\"https:\\\/\\\/www.accidentdutravail-idf.net\\\/blog\\\/wp-content\\\/uploads\\\/2025\\\/05\\\/accidents-du-travail-les-salaries-face-au-danger-des-machines.jpg\",\"articleSection\":[\"S\u00e9curit\u00e9 Du Travail En Ile-De-France Et Divers:\"],\"inLanguage\":\"fr-FR\"},{\"@type\":\"WebPage\",\"@id\":\"https:\\\/\\\/www.accidentdutravail-idf.net\\\/blog\\\/accidents-du-travail-les-salaries-face-au-danger-des-machines\\\/\",\"url\":\"https:\\\/\\\/www.accidentdutravail-idf.net\\\/blog\\\/accidents-du-travail-les-salaries-face-au-danger-des-machines\\\/\",\"name\":\"Accidents du travail : les salari\u00e9s face au danger des machines - ACCIDENTDUTRAVAIL-IDF\",\"isPartOf\":{\"@id\":\"https:\\\/\\\/www.accidentdutravail-idf.net\\\/blog\\\/#website\"},\"primaryImageOfPage\":{\"@id\":\"https:\\\/\\\/www.accidentdutravail-idf.net\\\/blog\\\/accidents-du-travail-les-salaries-face-au-danger-des-machines\\\/#primaryimage\"},\"image\":{\"@id\":\"https:\\\/\\\/www.accidentdutravail-idf.net\\\/blog\\\/accidents-du-travail-les-salaries-face-au-danger-des-machines\\\/#primaryimage\"},\"thumbnailUrl\":\"https:\\\/\\\/www.accidentdutravail-idf.net\\\/blog\\\/wp-content\\\/uploads\\\/2025\\\/05\\\/accidents-du-travail-les-salaries-face-au-danger-des-machines.jpg\",\"datePublished\":\"2025-05-21T19:45:00+00:00\",\"description\":\"Accidents du travail : les salari\u00e9s face au danger des machines article de ACCIDENTDUTRAVAIL-IDF\",\"breadcrumb\":{\"@id\":\"https:\\\/\\\/www.accidentdutravail-idf.net\\\/blog\\\/accidents-du-travail-les-salaries-face-au-danger-des-machines\\\/#breadcrumb\"},\"inLanguage\":\"fr-FR\",\"potentialAction\":[{\"@type\":\"ReadAction\",\"target\":[\"https:\\\/\\\/www.accidentdutravail-idf.net\\\/blog\\\/accidents-du-travail-les-salaries-face-au-danger-des-machines\\\/\"]}]},{\"@type\":\"ImageObject\",\"inLanguage\":\"fr-FR\",\"@id\":\"https:\\\/\\\/www.accidentdutravail-idf.net\\\/blog\\\/accidents-du-travail-les-salaries-face-au-danger-des-machines\\\/#primaryimage\",\"url\":\"https:\\\/\\\/www.accidentdutravail-idf.net\\\/blog\\\/wp-content\\\/uploads\\\/2025\\\/05\\\/accidents-du-travail-les-salaries-face-au-danger-des-machines.jpg\",\"contentUrl\":\"https:\\\/\\\/www.accidentdutravail-idf.net\\\/blog\\\/wp-content\\\/uploads\\\/2025\\\/05\\\/accidents-du-travail-les-salaries-face-au-danger-des-machines.jpg\"},{\"@type\":\"BreadcrumbList\",\"@id\":\"https:\\\/\\\/www.accidentdutravail-idf.net\\\/blog\\\/accidents-du-travail-les-salaries-face-au-danger-des-machines\\\/#breadcrumb\",\"itemListElement\":[{\"@type\":\"ListItem\",\"position\":1,\"name\":\"Accueil\",\"item\":\"https:\\\/\\\/www.accidentdutravail-idf.net\\\/blog\\\/\"},{\"@type\":\"ListItem\",\"position\":2,\"name\":\"Accidents du travail : les salari\u00e9s face au danger des machines\"}]},{\"@type\":\"WebSite\",\"@id\":\"https:\\\/\\\/www.accidentdutravail-idf.net\\\/blog\\\/#website\",\"url\":\"https:\\\/\\\/www.accidentdutravail-idf.net\\\/blog\\\/\",\"name\":\"ACCIDENTDUTRAVAIL-IDF\",\"description\":\"Portail accidents du travail-maladies professionnelles des entreprises d&#039;Ile-de-France\",\"publisher\":{\"@id\":\"https:\\\/\\\/www.accidentdutravail-idf.net\\\/blog\\\/#organization\"},\"potentialAction\":[{\"@type\":\"SearchAction\",\"target\":{\"@type\":\"EntryPoint\",\"urlTemplate\":\"https:\\\/\\\/www.accidentdutravail-idf.net\\\/blog\\\/?s={search_term_string}\"},\"query-input\":{\"@type\":\"PropertyValueSpecification\",\"valueRequired\":true,\"valueName\":\"search_term_string\"}}],\"inLanguage\":\"fr-FR\"},{\"@type\":\"Organization\",\"@id\":\"https:\\\/\\\/www.accidentdutravail-idf.net\\\/blog\\\/#organization\",\"name\":\"accidentdutravail-idf\",\"url\":\"https:\\\/\\\/www.accidentdutravail-idf.net\\\/blog\\\/\",\"logo\":{\"@type\":\"ImageObject\",\"inLanguage\":\"fr-FR\",\"@id\":\"https:\\\/\\\/www.accidentdutravail-idf.net\\\/blog\\\/#\\\/schema\\\/logo\\\/image\\\/\",\"url\":\"https:\\\/\\\/www.accidentdutravail-idf.net\\\/blog\\\/wp-content\\\/uploads\\\/2022\\\/09\\\/logo-2.png\",\"contentUrl\":\"https:\\\/\\\/www.accidentdutravail-idf.net\\\/blog\\\/wp-content\\\/uploads\\\/2022\\\/09\\\/logo-2.png\",\"width\":380,\"height\":291,\"caption\":\"accidentdutravail-idf\"},\"image\":{\"@id\":\"https:\\\/\\\/www.accidentdutravail-idf.net\\\/blog\\\/#\\\/schema\\\/logo\\\/image\\\/\"}},{\"@type\":\"Person\",\"@id\":\"https:\\\/\\\/www.accidentdutravail-idf.net\\\/blog\\\/#\\\/schema\\\/person\\\/3255d2f970de45e64bd9201f38e7b947\",\"name\":\"Carlos Poulain\",\"image\":{\"@type\":\"ImageObject\",\"inLanguage\":\"fr-FR\",\"@id\":\"https:\\\/\\\/secure.gravatar.com\\\/avatar\\\/b1c2f9d3588e34e91adb093635df64ef4b2381991216be7576466cfcdca4baf3?s=96&d=mm&r=g\",\"url\":\"https:\\\/\\\/secure.gravatar.com\\\/avatar\\\/b1c2f9d3588e34e91adb093635df64ef4b2381991216be7576466cfcdca4baf3?s=96&d=mm&r=g\",\"contentUrl\":\"https:\\\/\\\/secure.gravatar.com\\\/avatar\\\/b1c2f9d3588e34e91adb093635df64ef4b2381991216be7576466cfcdca4baf3?s=96&d=mm&r=g\",\"caption\":\"Carlos Poulain\"},\"url\":\"https:\\\/\\\/www.accidentdutravail-idf.net\\\/blog\\\/author\\\/idfcarlos\\\/\"}]}<\/script>\n<!-- \/ Yoast SEO plugin. -->","yoast_head_json":{"title":"Accidents du travail : les salari\u00e9s face au danger des machines - ACCIDENTDUTRAVAIL-IDF","description":"Accidents du travail : les salari\u00e9s face au danger des machines article de ACCIDENTDUTRAVAIL-IDF","robots":{"index":"index","follow":"follow","max-snippet":"max-snippet:-1","max-image-preview":"max-image-preview:large","max-video-preview":"max-video-preview:-1"},"canonical":"https:\/\/www.accidentdutravail-idf.net\/blog\/accidents-du-travail-les-salaries-face-au-danger-des-machines\/","og_locale":"fr_FR","og_type":"article","og_title":"Accidents du travail : les salari\u00e9s face au danger des machines - ACCIDENTDUTRAVAIL-IDF","og_description":"Accidents du travail : les salari\u00e9s face au danger des machines article de ACCIDENTDUTRAVAIL-IDF","og_url":"https:\/\/www.accidentdutravail-idf.net\/blog\/accidents-du-travail-les-salaries-face-au-danger-des-machines\/","og_site_name":"ACCIDENTDUTRAVAIL-IDF","article_published_time":"2025-05-21T19:45:00+00:00","og_image":[{"url":"https:\/\/www.accidentdutravail-idf.net\/blog\/wp-content\/uploads\/2025\/05\/accidents-du-travail-les-salaries-face-au-danger-des-machines.jpg","type":"","width":"","height":""}],"author":"Carlos Poulain","twitter_card":"summary_large_image","twitter_misc":{"\u00c9crit par":"Carlos Poulain","Dur\u00e9e de lecture estim\u00e9e":"2 minutes"},"schema":{"@context":"https:\/\/schema.org","@graph":[{"@type":"Article","@id":"https:\/\/www.accidentdutravail-idf.net\/blog\/accidents-du-travail-les-salaries-face-au-danger-des-machines\/#article","isPartOf":{"@id":"https:\/\/www.accidentdutravail-idf.net\/blog\/accidents-du-travail-les-salaries-face-au-danger-des-machines\/"},"author":{"name":"Carlos Poulain","@id":"https:\/\/www.accidentdutravail-idf.net\/blog\/#\/schema\/person\/3255d2f970de45e64bd9201f38e7b947"},"headline":"Accidents du travail : les salari\u00e9s face au danger des machines","datePublished":"2025-05-21T19:45:00+00:00","mainEntityOfPage":{"@id":"https:\/\/www.accidentdutravail-idf.net\/blog\/accidents-du-travail-les-salaries-face-au-danger-des-machines\/"},"wordCount":372,"publisher":{"@id":"https:\/\/www.accidentdutravail-idf.net\/blog\/#organization"},"image":{"@id":"https:\/\/www.accidentdutravail-idf.net\/blog\/accidents-du-travail-les-salaries-face-au-danger-des-machines\/#primaryimage"},"thumbnailUrl":"https:\/\/www.accidentdutravail-idf.net\/blog\/wp-content\/uploads\/2025\/05\/accidents-du-travail-les-salaries-face-au-danger-des-machines.jpg","articleSection":["S\u00e9curit\u00e9 Du Travail En Ile-De-France Et Divers:"],"inLanguage":"fr-FR"},{"@type":"WebPage","@id":"https:\/\/www.accidentdutravail-idf.net\/blog\/accidents-du-travail-les-salaries-face-au-danger-des-machines\/","url":"https:\/\/www.accidentdutravail-idf.net\/blog\/accidents-du-travail-les-salaries-face-au-danger-des-machines\/","name":"Accidents du travail : les salari\u00e9s face au danger des machines - ACCIDENTDUTRAVAIL-IDF","isPartOf":{"@id":"https:\/\/www.accidentdutravail-idf.net\/blog\/#website"},"primaryImageOfPage":{"@id":"https:\/\/www.accidentdutravail-idf.net\/blog\/accidents-du-travail-les-salaries-face-au-danger-des-machines\/#primaryimage"},"image":{"@id":"https:\/\/www.accidentdutravail-idf.net\/blog\/accidents-du-travail-les-salaries-face-au-danger-des-machines\/#primaryimage"},"thumbnailUrl":"https:\/\/www.accidentdutravail-idf.net\/blog\/wp-content\/uploads\/2025\/05\/accidents-du-travail-les-salaries-face-au-danger-des-machines.jpg","datePublished":"2025-05-21T19:45:00+00:00","description":"Accidents du travail : les salari\u00e9s face au danger des machines article de ACCIDENTDUTRAVAIL-IDF","breadcrumb":{"@id":"https:\/\/www.accidentdutravail-idf.net\/blog\/accidents-du-travail-les-salaries-face-au-danger-des-machines\/#breadcrumb"},"inLanguage":"fr-FR","potentialAction":[{"@type":"ReadAction","target":["https:\/\/www.accidentdutravail-idf.net\/blog\/accidents-du-travail-les-salaries-face-au-danger-des-machines\/"]}]},{"@type":"ImageObject","inLanguage":"fr-FR","@id":"https:\/\/www.accidentdutravail-idf.net\/blog\/accidents-du-travail-les-salaries-face-au-danger-des-machines\/#primaryimage","url":"https:\/\/www.accidentdutravail-idf.net\/blog\/wp-content\/uploads\/2025\/05\/accidents-du-travail-les-salaries-face-au-danger-des-machines.jpg","contentUrl":"https:\/\/www.accidentdutravail-idf.net\/blog\/wp-content\/uploads\/2025\/05\/accidents-du-travail-les-salaries-face-au-danger-des-machines.jpg"},{"@type":"BreadcrumbList","@id":"https:\/\/www.accidentdutravail-idf.net\/blog\/accidents-du-travail-les-salaries-face-au-danger-des-machines\/#breadcrumb","itemListElement":[{"@type":"ListItem","position":1,"name":"Accueil","item":"https:\/\/www.accidentdutravail-idf.net\/blog\/"},{"@type":"ListItem","position":2,"name":"Accidents du travail : les salari\u00e9s face au danger des machines"}]},{"@type":"WebSite","@id":"https:\/\/www.accidentdutravail-idf.net\/blog\/#website","url":"https:\/\/www.accidentdutravail-idf.net\/blog\/","name":"ACCIDENTDUTRAVAIL-IDF","description":"Portail accidents du travail-maladies professionnelles des entreprises d&#039;Ile-de-France","publisher":{"@id":"https:\/\/www.accidentdutravail-idf.net\/blog\/#organization"},"potentialAction":[{"@type":"SearchAction","target":{"@type":"EntryPoint","urlTemplate":"https:\/\/www.accidentdutravail-idf.net\/blog\/?s={search_term_string}"},"query-input":{"@type":"PropertyValueSpecification","valueRequired":true,"valueName":"search_term_string"}}],"inLanguage":"fr-FR"},{"@type":"Organization","@id":"https:\/\/www.accidentdutravail-idf.net\/blog\/#organization","name":"accidentdutravail-idf","url":"https:\/\/www.accidentdutravail-idf.net\/blog\/","logo":{"@type":"ImageObject","inLanguage":"fr-FR","@id":"https:\/\/www.accidentdutravail-idf.net\/blog\/#\/schema\/logo\/image\/","url":"https:\/\/www.accidentdutravail-idf.net\/blog\/wp-content\/uploads\/2022\/09\/logo-2.png","contentUrl":"https:\/\/www.accidentdutravail-idf.net\/blog\/wp-content\/uploads\/2022\/09\/logo-2.png","width":380,"height":291,"caption":"accidentdutravail-idf"},"image":{"@id":"https:\/\/www.accidentdutravail-idf.net\/blog\/#\/schema\/logo\/image\/"}},{"@type":"Person","@id":"https:\/\/www.accidentdutravail-idf.net\/blog\/#\/schema\/person\/3255d2f970de45e64bd9201f38e7b947","name":"Carlos Poulain","image":{"@type":"ImageObject","inLanguage":"fr-FR","@id":"https:\/\/secure.gravatar.com\/avatar\/b1c2f9d3588e34e91adb093635df64ef4b2381991216be7576466cfcdca4baf3?s=96&d=mm&r=g","url":"https:\/\/secure.gravatar.com\/avatar\/b1c2f9d3588e34e91adb093635df64ef4b2381991216be7576466cfcdca4baf3?s=96&d=mm&r=g","contentUrl":"https:\/\/secure.gravatar.com\/avatar\/b1c2f9d3588e34e91adb093635df64ef4b2381991216be7576466cfcdca4baf3?s=96&d=mm&r=g","caption":"Carlos Poulain"},"url":"https:\/\/www.accidentdutravail-idf.net\/blog\/author\/idfcarlos\/"}]}},"_links":{"self":[{"href":"https:\/\/www.accidentdutravail-idf.net\/blog\/wp-json\/wp\/v2\/posts\/1451","targetHints":{"allow":["GET"]}}],"collection":[{"href":"https:\/\/www.accidentdutravail-idf.net\/blog\/wp-json\/wp\/v2\/posts"}],"about":[{"href":"https:\/\/www.accidentdutravail-idf.net\/blog\/wp-json\/wp\/v2\/types\/post"}],"author":[{"embeddable":true,"href":"https:\/\/www.accidentdutravail-idf.net\/blog\/wp-json\/wp\/v2\/users\/2"}],"replies":[{"embeddable":true,"href":"https:\/\/www.accidentdutravail-idf.net\/blog\/wp-json\/wp\/v2\/comments?post=1451"}],"version-history":[{"count":0,"href":"https:\/\/www.accidentdutravail-idf.net\/blog\/wp-json\/wp\/v2\/posts\/1451\/revisions"}],"wp:attachment":[{"href":"https:\/\/www.accidentdutravail-idf.net\/blog\/wp-json\/wp\/v2\/media?parent=1451"}],"wp:term":[{"taxonomy":"category","embeddable":true,"href":"https:\/\/www.accidentdutravail-idf.net\/blog\/wp-json\/wp\/v2\/categories?post=1451"},{"taxonomy":"post_tag","embeddable":true,"href":"https:\/\/www.accidentdutravail-idf.net\/blog\/wp-json\/wp\/v2\/tags?post=1451"}],"curies":[{"name":"wp","href":"https:\/\/api.w.org\/{rel}","templated":true}]}}