{"id":1431,"date":"2025-05-14T00:00:00","date_gmt":"2025-05-13T22:00:00","guid":{"rendered":"https:\/\/www.accidentdutravail-idf.net\/blog\/pommard-cote-dor-effondrement-dun-mur-pris-au-piege-trois-macons-meurent-ensevelis\/"},"modified":"2025-05-14T00:00:00","modified_gmt":"2025-05-13T22:00:00","slug":"pommard-cote-dor-effondrement-dun-mur-pris-au-piege-trois-macons-meurent-ensevelis","status":"publish","type":"post","link":"https:\/\/www.accidentdutravail-idf.net\/blog\/pommard-cote-dor-effondrement-dun-mur-pris-au-piege-trois-macons-meurent-ensevelis\/","title":{"rendered":"Pommard (C\u00f4te-d\u2019Or) Effondrement d\u2019un mur : pris au pi\u00e8ge, trois ma\u00e7ons meurent ensevelis"},"content":{"rendered":"<div><img decoding=\"async\" src=\"https:\/\/www.accidentdutravail-idf.net\/blog\/wp-content\/uploads\/2025\/05\/pommard-cote-dor-effondrement-dun-mur-pris-au-piege-trois-macons-meurent-ensevelis.jpg\" class=\"ff-og-image-inserted\"><\/div>\n<div>\n<p>Mardi 13&nbsp;mai vers 9&nbsp;heures, \u00e0 l\u2019entr\u00e9e de Pommard, au bout de la rue du Parc, une atmosph\u00e8re pesante r\u00e8gne sur le domaine viticole Coste-Caumartin. Un drame vient de se produire. L\u2019h\u00e9licopt\u00e8re jaune du Samu est pos\u00e9 dans les vignes. Sur le chantier de construction d\u2019un b\u00e2timent viticole o\u00f9 se trouvaient trois ma\u00e7ons et trois terrassiers, les sapeurs-pompiers et les \u00e9quipes m\u00e9dicales s\u2019affairent. Un mur de vieilles pierres s\u2019est effondr\u00e9 sur les ma\u00e7ons.<\/p>\n<p><a href=\"https:\/\/www.bienpublic.com\/faits-divers-justice\/2025\/05\/13\/trois-macons-meurent-dans-l-effondrement-d-un-mur-c-est-terrible-on-n-a-rien-pu-faire\" target=\"_blank\" rel=\"nofollow\">Les victimes se sont retrouv\u00e9es ensevelies<\/a>, prises au pi\u00e8ge. Beno\u00eet Lahaye, deuxi\u00e8me adjoint au maire de Pommard, qui se trouvait \u00e0 quelques m\u00e8tres, dans le parc jouxtant le domaine, intervient tr\u00e8s vite pour aider les terrassiers \u00e0 sortir leurs camarades. Ils sont rejoints par un autre adjoint, Vincent Jacquelin, et deux de ses employ\u00e9s. \u00ab&nbsp;On a essay\u00e9 d\u2019enlever un maximum de cailloux, mais le poids \u00e9tait tel\u2026 chaque pierre \u00e9tait tr\u00e8s lourde&nbsp;\u00bb, raconte Vincent Jacquelin. \u00ab&nbsp;On n\u2019entendait pas les ma\u00e7ons, on s\u2019attendait au pire.&nbsp;\u00bb<\/p>\n<\/div>\n<div>\n<h2 class=\"rel\">\u00ab&nbsp;C\u2019est terrible, on n\u2019a rien pu faire&nbsp;\u00bb<\/h2>\n<p>Un premier est sorti, puis un deuxi\u00e8me, et enfin le troisi\u00e8me. Les secours ont tout tent\u00e9 pour les r\u00e9animer. En vain. L\u2019imposant mur ne leur a laiss\u00e9 aucune chance. \u00ab&nbsp;C\u2019est terrible, on n\u2019a rien pu faire&nbsp;\u00bb, d\u00e9plore Vincent Jacquelin. Les trois victimes, \u00e2g\u00e9es de 45, 56 et 58 ans, travaillaient pour l\u2019entreprise de ma\u00e7onnerie Guy-Bernard, \u00e0 Savigny-l\u00e8s-Beaune. Les familles, rapidement pr\u00e9venues, se sont rendues sur les lieux et ont \u00e9t\u00e9 prises en charge par la cellule d\u2019urgence m\u00e9dico-psychologique (CUMP). Tout comme les trois terrassiers t\u00e9moins du drame.<\/p>\n<p>\u00ab&nbsp;C\u2019est un choc, trois d\u00e9c\u00e8s de cette fa\u00e7on, c\u2019est horrible&nbsp;\u00bb, confie Jacques Frotey, maire de la commune. Contact\u00e9 et visiblement \u00e9mu, Beno\u00eet Sordet, \u00e0 la t\u00eate du domaine viticole, n\u2019a pas souhait\u00e9 s\u2019exprimer. Le procureur de la R\u00e9publique de Dijon Olivier Caracotch a indiqu\u00e9 avoir ouvert une enqu\u00eate de flagrance pour homicides involontaires dans le cadre du travail. Elle est men\u00e9e conjointement par la compagnie de gendarmerie de Beaune et l\u2019inspection du travail de C\u00f4te-d\u2019Or.<\/p>\n<p>\u00ab&nbsp;Tout notre territoire est aujourd\u2019hui boulevers\u00e9 par le drame survenu ce matin \u00e0 Pommard&nbsp;\u00bb, a r\u00e9agi, mardi apr\u00e8s-midi, Alain Suguenot, maire de Beaune et pr\u00e9sident de l\u2019agglom\u00e9ration. \u00ab&nbsp;Trois hommes ont perdu la vie dans l\u2019exercice de leur travail. En ce moment de grande peine, j\u2019adresse tout mon soutien aux familles, aux proches et aux coll\u00e8gues des victimes. Mes pens\u00e9es vont \u00e9galement aux secours et aux \u00e9quipes intervenues sur place, durement \u00e9prouv\u00e9es. Face \u00e0 une trag\u00e9die de cet ordre, des explications pr\u00e9cises seront indispensables pour comprendre ce qu\u2019il s\u2019est pass\u00e9.&nbsp;\u00bb<\/p>\n<p>Le ministre dijonnais de l\u2019Am\u00e9nagement du territoire et de la D\u00e9centralisation Fran\u00e7ois Rebsamen a \u00e9galement tenu \u00e0 t\u00e9moigner son soutien <i>via <\/i> le r\u00e9seau social Facebook. \u00ab&nbsp;Mes pens\u00e9es vont d\u2019abord \u00e0 leurs familles, \u00e0 leurs proches, \u00e0 leurs coll\u00e8gues, durement touch\u00e9s par cette trag\u00e9die. Je tiens aussi \u00e0 saluer le travail des secours mobilis\u00e9s sur place. Que toute la lumi\u00e8re soit faite sur les circonstances de cet accident. Solidarit\u00e9 et compassion en ces heures douloureuses.&nbsp;\u00bb Fran\u00e7ois Sauvadet a quant \u00e0 lui pr\u00e9sent\u00e9 ses \u00ab&nbsp;plus sinc\u00e8res condol\u00e9ances aux familles et aux coll\u00e8gues des victimes de l\u2019accident&nbsp;\u00bb sur le r\u00e9seau social X.<\/p>\n<p class=\"note\">Nous avons tent\u00e9 de joindre par t\u00e9l\u00e9phone l\u2019entreprise de ma\u00e7onnerie, mais elle n\u2019a pas donn\u00e9 suite.<\/p>\n<\/div>\n<p>accidentdutravail-idf.net vous a pr\u00e9par\u00e9 ce post qui informe du sujet \u00ab\u00a0Association Sportive Huisson-Longueville Essonne\u00a0\u00bb. La chronique se veut g\u00e9n\u00e9r\u00e9e du mieux possible. Vous pouvez utiliser les coordonn\u00e9es indiqu\u00e9es sur le site dans le but d\u2019apporter des explications sur ce post qui parle du th\u00e8me \u00ab\u00a0Association Sportive Huisson-Longueville Essonne\u00a0\u00bb. Le site accidentdutravail-idf.net a pour but de fournir diverses publications sur la th\u00e9matique Association Sportive Huisson-Longueville Essonne diffus\u00e9es sur le net. Il y aura plusieurs articles autour du sujet \u00ab\u00a0Association Sportive Huisson-Longueville Essonne\u00a0\u00bb dans quelques jours, nous vous invitons \u00e0 naviguer sur notre site web \u00e0 plusieurs reprises.<\/p>\n","protected":false},"excerpt":{"rendered":"<p>Mardi 13&nbsp;mai vers 9&nbsp;heures, \u00e0 l\u2019entr\u00e9e de Pommard, au bout de la rue du Parc, une atmosph\u00e8re pesante r\u00e8gne sur le domaine viticole Coste-Caumartin. Un drame vient de se produire. L\u2019h\u00e9licopt\u00e8re jaune du Samu est pos\u00e9 dans les vignes. Sur le chantier de construction d\u2019un b\u00e2timent viticole o\u00f9 se trouvaient trois ma\u00e7ons et trois terrassiers, &hellip; <\/p>\n<p class=\"link-more\"><a href=\"https:\/\/www.accidentdutravail-idf.net\/blog\/pommard-cote-dor-effondrement-dun-mur-pris-au-piege-trois-macons-meurent-ensevelis\/\" class=\"more-link\">Continuer la lecture <span class=\"screen-reader-text\"> \u00ab\u00a0Pommard (C\u00f4te-d\u2019Or) Effondrement d\u2019un mur : pris au pi\u00e8ge, trois ma\u00e7ons meurent ensevelis\u00a0\u00bb<\/span><\/a><\/p>\n","protected":false},"author":2,"featured_media":0,"comment_status":"closed","ping_status":"closed","sticky":false,"template":"","format":"standard","meta":{"footnotes":""},"categories":[5],"tags":[],"class_list":["post-1431","post","type-post","status-publish","format-standard","hentry","category-securite-du-travail-en-ile-de-france-et-divers","entry"],"yoast_head":"<!-- This site is optimized with the Yoast SEO plugin v27.5 - https:\/\/yoast.com\/product\/yoast-seo-wordpress\/ -->\n<title>Pommard (C\u00f4te-d\u2019Or) Effondrement d\u2019un mur : pris au pi\u00e8ge, trois ma\u00e7ons meurent ensevelis - ACCIDENTDUTRAVAIL-IDF<\/title>\n<meta name=\"description\" content=\"Pommard (C\u00f4te-d\u2019Or) Effondrement d\u2019un mur : pris au pi\u00e8ge, trois ma\u00e7ons meurent ensevelis article de ACCIDENTDUTRAVAIL-IDF\" \/>\n<meta name=\"robots\" content=\"index, follow, max-snippet:-1, max-image-preview:large, max-video-preview:-1\" \/>\n<link rel=\"canonical\" href=\"https:\/\/www.accidentdutravail-idf.net\/blog\/pommard-cote-dor-effondrement-dun-mur-pris-au-piege-trois-macons-meurent-ensevelis\/\" \/>\n<meta property=\"og:locale\" content=\"fr_FR\" \/>\n<meta property=\"og:type\" content=\"article\" \/>\n<meta property=\"og:title\" content=\"Pommard (C\u00f4te-d\u2019Or) Effondrement d\u2019un mur : pris au pi\u00e8ge, trois ma\u00e7ons meurent ensevelis - ACCIDENTDUTRAVAIL-IDF\" \/>\n<meta property=\"og:description\" content=\"Pommard (C\u00f4te-d\u2019Or) Effondrement d\u2019un mur : pris au pi\u00e8ge, trois ma\u00e7ons meurent ensevelis article de ACCIDENTDUTRAVAIL-IDF\" \/>\n<meta property=\"og:url\" content=\"https:\/\/www.accidentdutravail-idf.net\/blog\/pommard-cote-dor-effondrement-dun-mur-pris-au-piege-trois-macons-meurent-ensevelis\/\" \/>\n<meta property=\"og:site_name\" content=\"ACCIDENTDUTRAVAIL-IDF\" \/>\n<meta property=\"article:published_time\" content=\"2025-05-13T22:00:00+00:00\" \/>\n<meta property=\"og:image\" content=\"https:\/\/www.accidentdutravail-idf.net\/blog\/wp-content\/uploads\/2025\/05\/pommard-cote-dor-effondrement-dun-mur-pris-au-piege-trois-macons-meurent-ensevelis.jpg\" \/>\n<meta name=\"author\" content=\"Carlos Poulain\" \/>\n<meta name=\"twitter:card\" content=\"summary_large_image\" \/>\n<meta name=\"twitter:label1\" content=\"\u00c9crit par\" \/>\n\t<meta name=\"twitter:data1\" content=\"Carlos Poulain\" \/>\n\t<meta name=\"twitter:label2\" content=\"Dur\u00e9e de lecture estim\u00e9e\" \/>\n\t<meta name=\"twitter:data2\" content=\"4 minutes\" \/>\n<script type=\"application\/ld+json\" class=\"yoast-schema-graph\">{\"@context\":\"https:\\\/\\\/schema.org\",\"@graph\":[{\"@type\":\"Article\",\"@id\":\"https:\\\/\\\/www.accidentdutravail-idf.net\\\/blog\\\/pommard-cote-dor-effondrement-dun-mur-pris-au-piege-trois-macons-meurent-ensevelis\\\/#article\",\"isPartOf\":{\"@id\":\"https:\\\/\\\/www.accidentdutravail-idf.net\\\/blog\\\/pommard-cote-dor-effondrement-dun-mur-pris-au-piege-trois-macons-meurent-ensevelis\\\/\"},\"author\":{\"name\":\"Carlos Poulain\",\"@id\":\"https:\\\/\\\/www.accidentdutravail-idf.net\\\/blog\\\/#\\\/schema\\\/person\\\/3255d2f970de45e64bd9201f38e7b947\"},\"headline\":\"Pommard (C\u00f4te-d\u2019Or) Effondrement d\u2019un mur : pris au pi\u00e8ge, trois ma\u00e7ons meurent ensevelis\",\"datePublished\":\"2025-05-13T22:00:00+00:00\",\"mainEntityOfPage\":{\"@id\":\"https:\\\/\\\/www.accidentdutravail-idf.net\\\/blog\\\/pommard-cote-dor-effondrement-dun-mur-pris-au-piege-trois-macons-meurent-ensevelis\\\/\"},\"wordCount\":754,\"publisher\":{\"@id\":\"https:\\\/\\\/www.accidentdutravail-idf.net\\\/blog\\\/#organization\"},\"image\":{\"@id\":\"https:\\\/\\\/www.accidentdutravail-idf.net\\\/blog\\\/pommard-cote-dor-effondrement-dun-mur-pris-au-piege-trois-macons-meurent-ensevelis\\\/#primaryimage\"},\"thumbnailUrl\":\"https:\\\/\\\/www.accidentdutravail-idf.net\\\/blog\\\/wp-content\\\/uploads\\\/2025\\\/05\\\/pommard-cote-dor-effondrement-dun-mur-pris-au-piege-trois-macons-meurent-ensevelis.jpg\",\"articleSection\":[\"S\u00e9curit\u00e9 Du Travail En Ile-De-France Et Divers:\"],\"inLanguage\":\"fr-FR\"},{\"@type\":\"WebPage\",\"@id\":\"https:\\\/\\\/www.accidentdutravail-idf.net\\\/blog\\\/pommard-cote-dor-effondrement-dun-mur-pris-au-piege-trois-macons-meurent-ensevelis\\\/\",\"url\":\"https:\\\/\\\/www.accidentdutravail-idf.net\\\/blog\\\/pommard-cote-dor-effondrement-dun-mur-pris-au-piege-trois-macons-meurent-ensevelis\\\/\",\"name\":\"Pommard (C\u00f4te-d\u2019Or) Effondrement d\u2019un mur : pris au pi\u00e8ge, trois ma\u00e7ons meurent ensevelis - ACCIDENTDUTRAVAIL-IDF\",\"isPartOf\":{\"@id\":\"https:\\\/\\\/www.accidentdutravail-idf.net\\\/blog\\\/#website\"},\"primaryImageOfPage\":{\"@id\":\"https:\\\/\\\/www.accidentdutravail-idf.net\\\/blog\\\/pommard-cote-dor-effondrement-dun-mur-pris-au-piege-trois-macons-meurent-ensevelis\\\/#primaryimage\"},\"image\":{\"@id\":\"https:\\\/\\\/www.accidentdutravail-idf.net\\\/blog\\\/pommard-cote-dor-effondrement-dun-mur-pris-au-piege-trois-macons-meurent-ensevelis\\\/#primaryimage\"},\"thumbnailUrl\":\"https:\\\/\\\/www.accidentdutravail-idf.net\\\/blog\\\/wp-content\\\/uploads\\\/2025\\\/05\\\/pommard-cote-dor-effondrement-dun-mur-pris-au-piege-trois-macons-meurent-ensevelis.jpg\",\"datePublished\":\"2025-05-13T22:00:00+00:00\",\"description\":\"Pommard (C\u00f4te-d\u2019Or) Effondrement d\u2019un mur : pris au pi\u00e8ge, trois ma\u00e7ons meurent ensevelis article de ACCIDENTDUTRAVAIL-IDF\",\"breadcrumb\":{\"@id\":\"https:\\\/\\\/www.accidentdutravail-idf.net\\\/blog\\\/pommard-cote-dor-effondrement-dun-mur-pris-au-piege-trois-macons-meurent-ensevelis\\\/#breadcrumb\"},\"inLanguage\":\"fr-FR\",\"potentialAction\":[{\"@type\":\"ReadAction\",\"target\":[\"https:\\\/\\\/www.accidentdutravail-idf.net\\\/blog\\\/pommard-cote-dor-effondrement-dun-mur-pris-au-piege-trois-macons-meurent-ensevelis\\\/\"]}]},{\"@type\":\"ImageObject\",\"inLanguage\":\"fr-FR\",\"@id\":\"https:\\\/\\\/www.accidentdutravail-idf.net\\\/blog\\\/pommard-cote-dor-effondrement-dun-mur-pris-au-piege-trois-macons-meurent-ensevelis\\\/#primaryimage\",\"url\":\"https:\\\/\\\/www.accidentdutravail-idf.net\\\/blog\\\/wp-content\\\/uploads\\\/2025\\\/05\\\/pommard-cote-dor-effondrement-dun-mur-pris-au-piege-trois-macons-meurent-ensevelis.jpg\",\"contentUrl\":\"https:\\\/\\\/www.accidentdutravail-idf.net\\\/blog\\\/wp-content\\\/uploads\\\/2025\\\/05\\\/pommard-cote-dor-effondrement-dun-mur-pris-au-piege-trois-macons-meurent-ensevelis.jpg\"},{\"@type\":\"BreadcrumbList\",\"@id\":\"https:\\\/\\\/www.accidentdutravail-idf.net\\\/blog\\\/pommard-cote-dor-effondrement-dun-mur-pris-au-piege-trois-macons-meurent-ensevelis\\\/#breadcrumb\",\"itemListElement\":[{\"@type\":\"ListItem\",\"position\":1,\"name\":\"Accueil\",\"item\":\"https:\\\/\\\/www.accidentdutravail-idf.net\\\/blog\\\/\"},{\"@type\":\"ListItem\",\"position\":2,\"name\":\"Pommard (C\u00f4te-d\u2019Or) Effondrement d\u2019un mur : pris au pi\u00e8ge, trois ma\u00e7ons meurent ensevelis\"}]},{\"@type\":\"WebSite\",\"@id\":\"https:\\\/\\\/www.accidentdutravail-idf.net\\\/blog\\\/#website\",\"url\":\"https:\\\/\\\/www.accidentdutravail-idf.net\\\/blog\\\/\",\"name\":\"ACCIDENTDUTRAVAIL-IDF\",\"description\":\"Portail accidents du travail-maladies professionnelles des entreprises d&#039;Ile-de-France\",\"publisher\":{\"@id\":\"https:\\\/\\\/www.accidentdutravail-idf.net\\\/blog\\\/#organization\"},\"potentialAction\":[{\"@type\":\"SearchAction\",\"target\":{\"@type\":\"EntryPoint\",\"urlTemplate\":\"https:\\\/\\\/www.accidentdutravail-idf.net\\\/blog\\\/?s={search_term_string}\"},\"query-input\":{\"@type\":\"PropertyValueSpecification\",\"valueRequired\":true,\"valueName\":\"search_term_string\"}}],\"inLanguage\":\"fr-FR\"},{\"@type\":\"Organization\",\"@id\":\"https:\\\/\\\/www.accidentdutravail-idf.net\\\/blog\\\/#organization\",\"name\":\"accidentdutravail-idf\",\"url\":\"https:\\\/\\\/www.accidentdutravail-idf.net\\\/blog\\\/\",\"logo\":{\"@type\":\"ImageObject\",\"inLanguage\":\"fr-FR\",\"@id\":\"https:\\\/\\\/www.accidentdutravail-idf.net\\\/blog\\\/#\\\/schema\\\/logo\\\/image\\\/\",\"url\":\"https:\\\/\\\/www.accidentdutravail-idf.net\\\/blog\\\/wp-content\\\/uploads\\\/2022\\\/09\\\/logo-2.png\",\"contentUrl\":\"https:\\\/\\\/www.accidentdutravail-idf.net\\\/blog\\\/wp-content\\\/uploads\\\/2022\\\/09\\\/logo-2.png\",\"width\":380,\"height\":291,\"caption\":\"accidentdutravail-idf\"},\"image\":{\"@id\":\"https:\\\/\\\/www.accidentdutravail-idf.net\\\/blog\\\/#\\\/schema\\\/logo\\\/image\\\/\"}},{\"@type\":\"Person\",\"@id\":\"https:\\\/\\\/www.accidentdutravail-idf.net\\\/blog\\\/#\\\/schema\\\/person\\\/3255d2f970de45e64bd9201f38e7b947\",\"name\":\"Carlos Poulain\",\"image\":{\"@type\":\"ImageObject\",\"inLanguage\":\"fr-FR\",\"@id\":\"https:\\\/\\\/secure.gravatar.com\\\/avatar\\\/b1c2f9d3588e34e91adb093635df64ef4b2381991216be7576466cfcdca4baf3?s=96&d=mm&r=g\",\"url\":\"https:\\\/\\\/secure.gravatar.com\\\/avatar\\\/b1c2f9d3588e34e91adb093635df64ef4b2381991216be7576466cfcdca4baf3?s=96&d=mm&r=g\",\"contentUrl\":\"https:\\\/\\\/secure.gravatar.com\\\/avatar\\\/b1c2f9d3588e34e91adb093635df64ef4b2381991216be7576466cfcdca4baf3?s=96&d=mm&r=g\",\"caption\":\"Carlos Poulain\"},\"url\":\"https:\\\/\\\/www.accidentdutravail-idf.net\\\/blog\\\/author\\\/idfcarlos\\\/\"}]}<\/script>\n<!-- \/ Yoast SEO plugin. -->","yoast_head_json":{"title":"Pommard (C\u00f4te-d\u2019Or) Effondrement d\u2019un mur : pris au pi\u00e8ge, trois ma\u00e7ons meurent ensevelis - ACCIDENTDUTRAVAIL-IDF","description":"Pommard (C\u00f4te-d\u2019Or) Effondrement d\u2019un mur : pris au pi\u00e8ge, trois ma\u00e7ons meurent ensevelis article de ACCIDENTDUTRAVAIL-IDF","robots":{"index":"index","follow":"follow","max-snippet":"max-snippet:-1","max-image-preview":"max-image-preview:large","max-video-preview":"max-video-preview:-1"},"canonical":"https:\/\/www.accidentdutravail-idf.net\/blog\/pommard-cote-dor-effondrement-dun-mur-pris-au-piege-trois-macons-meurent-ensevelis\/","og_locale":"fr_FR","og_type":"article","og_title":"Pommard (C\u00f4te-d\u2019Or) Effondrement d\u2019un mur : pris au pi\u00e8ge, trois ma\u00e7ons meurent ensevelis - ACCIDENTDUTRAVAIL-IDF","og_description":"Pommard (C\u00f4te-d\u2019Or) Effondrement d\u2019un mur : pris au pi\u00e8ge, trois ma\u00e7ons meurent ensevelis article de ACCIDENTDUTRAVAIL-IDF","og_url":"https:\/\/www.accidentdutravail-idf.net\/blog\/pommard-cote-dor-effondrement-dun-mur-pris-au-piege-trois-macons-meurent-ensevelis\/","og_site_name":"ACCIDENTDUTRAVAIL-IDF","article_published_time":"2025-05-13T22:00:00+00:00","og_image":[{"url":"https:\/\/www.accidentdutravail-idf.net\/blog\/wp-content\/uploads\/2025\/05\/pommard-cote-dor-effondrement-dun-mur-pris-au-piege-trois-macons-meurent-ensevelis.jpg","type":"","width":"","height":""}],"author":"Carlos Poulain","twitter_card":"summary_large_image","twitter_misc":{"\u00c9crit par":"Carlos Poulain","Dur\u00e9e de lecture estim\u00e9e":"4 minutes"},"schema":{"@context":"https:\/\/schema.org","@graph":[{"@type":"Article","@id":"https:\/\/www.accidentdutravail-idf.net\/blog\/pommard-cote-dor-effondrement-dun-mur-pris-au-piege-trois-macons-meurent-ensevelis\/#article","isPartOf":{"@id":"https:\/\/www.accidentdutravail-idf.net\/blog\/pommard-cote-dor-effondrement-dun-mur-pris-au-piege-trois-macons-meurent-ensevelis\/"},"author":{"name":"Carlos Poulain","@id":"https:\/\/www.accidentdutravail-idf.net\/blog\/#\/schema\/person\/3255d2f970de45e64bd9201f38e7b947"},"headline":"Pommard (C\u00f4te-d\u2019Or) Effondrement d\u2019un mur : pris au pi\u00e8ge, trois ma\u00e7ons meurent ensevelis","datePublished":"2025-05-13T22:00:00+00:00","mainEntityOfPage":{"@id":"https:\/\/www.accidentdutravail-idf.net\/blog\/pommard-cote-dor-effondrement-dun-mur-pris-au-piege-trois-macons-meurent-ensevelis\/"},"wordCount":754,"publisher":{"@id":"https:\/\/www.accidentdutravail-idf.net\/blog\/#organization"},"image":{"@id":"https:\/\/www.accidentdutravail-idf.net\/blog\/pommard-cote-dor-effondrement-dun-mur-pris-au-piege-trois-macons-meurent-ensevelis\/#primaryimage"},"thumbnailUrl":"https:\/\/www.accidentdutravail-idf.net\/blog\/wp-content\/uploads\/2025\/05\/pommard-cote-dor-effondrement-dun-mur-pris-au-piege-trois-macons-meurent-ensevelis.jpg","articleSection":["S\u00e9curit\u00e9 Du Travail En Ile-De-France Et Divers:"],"inLanguage":"fr-FR"},{"@type":"WebPage","@id":"https:\/\/www.accidentdutravail-idf.net\/blog\/pommard-cote-dor-effondrement-dun-mur-pris-au-piege-trois-macons-meurent-ensevelis\/","url":"https:\/\/www.accidentdutravail-idf.net\/blog\/pommard-cote-dor-effondrement-dun-mur-pris-au-piege-trois-macons-meurent-ensevelis\/","name":"Pommard (C\u00f4te-d\u2019Or) Effondrement d\u2019un mur : pris au pi\u00e8ge, trois ma\u00e7ons meurent ensevelis - ACCIDENTDUTRAVAIL-IDF","isPartOf":{"@id":"https:\/\/www.accidentdutravail-idf.net\/blog\/#website"},"primaryImageOfPage":{"@id":"https:\/\/www.accidentdutravail-idf.net\/blog\/pommard-cote-dor-effondrement-dun-mur-pris-au-piege-trois-macons-meurent-ensevelis\/#primaryimage"},"image":{"@id":"https:\/\/www.accidentdutravail-idf.net\/blog\/pommard-cote-dor-effondrement-dun-mur-pris-au-piege-trois-macons-meurent-ensevelis\/#primaryimage"},"thumbnailUrl":"https:\/\/www.accidentdutravail-idf.net\/blog\/wp-content\/uploads\/2025\/05\/pommard-cote-dor-effondrement-dun-mur-pris-au-piege-trois-macons-meurent-ensevelis.jpg","datePublished":"2025-05-13T22:00:00+00:00","description":"Pommard (C\u00f4te-d\u2019Or) Effondrement d\u2019un mur : pris au pi\u00e8ge, trois ma\u00e7ons meurent ensevelis article de ACCIDENTDUTRAVAIL-IDF","breadcrumb":{"@id":"https:\/\/www.accidentdutravail-idf.net\/blog\/pommard-cote-dor-effondrement-dun-mur-pris-au-piege-trois-macons-meurent-ensevelis\/#breadcrumb"},"inLanguage":"fr-FR","potentialAction":[{"@type":"ReadAction","target":["https:\/\/www.accidentdutravail-idf.net\/blog\/pommard-cote-dor-effondrement-dun-mur-pris-au-piege-trois-macons-meurent-ensevelis\/"]}]},{"@type":"ImageObject","inLanguage":"fr-FR","@id":"https:\/\/www.accidentdutravail-idf.net\/blog\/pommard-cote-dor-effondrement-dun-mur-pris-au-piege-trois-macons-meurent-ensevelis\/#primaryimage","url":"https:\/\/www.accidentdutravail-idf.net\/blog\/wp-content\/uploads\/2025\/05\/pommard-cote-dor-effondrement-dun-mur-pris-au-piege-trois-macons-meurent-ensevelis.jpg","contentUrl":"https:\/\/www.accidentdutravail-idf.net\/blog\/wp-content\/uploads\/2025\/05\/pommard-cote-dor-effondrement-dun-mur-pris-au-piege-trois-macons-meurent-ensevelis.jpg"},{"@type":"BreadcrumbList","@id":"https:\/\/www.accidentdutravail-idf.net\/blog\/pommard-cote-dor-effondrement-dun-mur-pris-au-piege-trois-macons-meurent-ensevelis\/#breadcrumb","itemListElement":[{"@type":"ListItem","position":1,"name":"Accueil","item":"https:\/\/www.accidentdutravail-idf.net\/blog\/"},{"@type":"ListItem","position":2,"name":"Pommard (C\u00f4te-d\u2019Or) Effondrement d\u2019un mur : pris au pi\u00e8ge, trois ma\u00e7ons meurent ensevelis"}]},{"@type":"WebSite","@id":"https:\/\/www.accidentdutravail-idf.net\/blog\/#website","url":"https:\/\/www.accidentdutravail-idf.net\/blog\/","name":"ACCIDENTDUTRAVAIL-IDF","description":"Portail accidents du travail-maladies professionnelles des entreprises d&#039;Ile-de-France","publisher":{"@id":"https:\/\/www.accidentdutravail-idf.net\/blog\/#organization"},"potentialAction":[{"@type":"SearchAction","target":{"@type":"EntryPoint","urlTemplate":"https:\/\/www.accidentdutravail-idf.net\/blog\/?s={search_term_string}"},"query-input":{"@type":"PropertyValueSpecification","valueRequired":true,"valueName":"search_term_string"}}],"inLanguage":"fr-FR"},{"@type":"Organization","@id":"https:\/\/www.accidentdutravail-idf.net\/blog\/#organization","name":"accidentdutravail-idf","url":"https:\/\/www.accidentdutravail-idf.net\/blog\/","logo":{"@type":"ImageObject","inLanguage":"fr-FR","@id":"https:\/\/www.accidentdutravail-idf.net\/blog\/#\/schema\/logo\/image\/","url":"https:\/\/www.accidentdutravail-idf.net\/blog\/wp-content\/uploads\/2022\/09\/logo-2.png","contentUrl":"https:\/\/www.accidentdutravail-idf.net\/blog\/wp-content\/uploads\/2022\/09\/logo-2.png","width":380,"height":291,"caption":"accidentdutravail-idf"},"image":{"@id":"https:\/\/www.accidentdutravail-idf.net\/blog\/#\/schema\/logo\/image\/"}},{"@type":"Person","@id":"https:\/\/www.accidentdutravail-idf.net\/blog\/#\/schema\/person\/3255d2f970de45e64bd9201f38e7b947","name":"Carlos Poulain","image":{"@type":"ImageObject","inLanguage":"fr-FR","@id":"https:\/\/secure.gravatar.com\/avatar\/b1c2f9d3588e34e91adb093635df64ef4b2381991216be7576466cfcdca4baf3?s=96&d=mm&r=g","url":"https:\/\/secure.gravatar.com\/avatar\/b1c2f9d3588e34e91adb093635df64ef4b2381991216be7576466cfcdca4baf3?s=96&d=mm&r=g","contentUrl":"https:\/\/secure.gravatar.com\/avatar\/b1c2f9d3588e34e91adb093635df64ef4b2381991216be7576466cfcdca4baf3?s=96&d=mm&r=g","caption":"Carlos Poulain"},"url":"https:\/\/www.accidentdutravail-idf.net\/blog\/author\/idfcarlos\/"}]}},"_links":{"self":[{"href":"https:\/\/www.accidentdutravail-idf.net\/blog\/wp-json\/wp\/v2\/posts\/1431","targetHints":{"allow":["GET"]}}],"collection":[{"href":"https:\/\/www.accidentdutravail-idf.net\/blog\/wp-json\/wp\/v2\/posts"}],"about":[{"href":"https:\/\/www.accidentdutravail-idf.net\/blog\/wp-json\/wp\/v2\/types\/post"}],"author":[{"embeddable":true,"href":"https:\/\/www.accidentdutravail-idf.net\/blog\/wp-json\/wp\/v2\/users\/2"}],"replies":[{"embeddable":true,"href":"https:\/\/www.accidentdutravail-idf.net\/blog\/wp-json\/wp\/v2\/comments?post=1431"}],"version-history":[{"count":0,"href":"https:\/\/www.accidentdutravail-idf.net\/blog\/wp-json\/wp\/v2\/posts\/1431\/revisions"}],"wp:attachment":[{"href":"https:\/\/www.accidentdutravail-idf.net\/blog\/wp-json\/wp\/v2\/media?parent=1431"}],"wp:term":[{"taxonomy":"category","embeddable":true,"href":"https:\/\/www.accidentdutravail-idf.net\/blog\/wp-json\/wp\/v2\/categories?post=1431"},{"taxonomy":"post_tag","embeddable":true,"href":"https:\/\/www.accidentdutravail-idf.net\/blog\/wp-json\/wp\/v2\/tags?post=1431"}],"curies":[{"name":"wp","href":"https:\/\/api.w.org\/{rel}","templated":true}]}}