{"id":1429,"date":"2025-05-14T02:51:00","date_gmt":"2025-05-14T00:51:00","guid":{"rendered":"https:\/\/www.accidentdutravail-idf.net\/blog\/cerner-les-faits-non-constitutifs-daccidents-de-service-en-4-points-cles\/"},"modified":"2025-05-14T02:51:00","modified_gmt":"2025-05-14T00:51:00","slug":"cerner-les-faits-non-constitutifs-daccidents-de-service-en-4-points-cles","status":"publish","type":"post","link":"https:\/\/www.accidentdutravail-idf.net\/blog\/cerner-les-faits-non-constitutifs-daccidents-de-service-en-4-points-cles\/","title":{"rendered":"Cerner les faits non constitutifs d\u2019accidents de service en 4 points-cl\u00e9s"},"content":{"rendered":"<div><img decoding=\"async\" src=\"https:\/\/www.accidentdutravail-idf.net\/blog\/wp-content\/uploads\/2025\/05\/cerner-les-faits-non-constitutifs-daccidents-de-service-en-4-points-cles.jpg\" class=\"ff-og-image-inserted\"><\/div>\n<h2><\/h2>\n<h2>Conna\u00eetre les limites de la pr\u00e9somption d\u2019imputabilit\u00e9 au service d\u2019un accident<\/h2>\n<p>Le r\u00e9gime des accidents de service, particuli\u00e8rement protecteur des agents, notamment en ce qu\u2019il leur ouvre droit au maintien de leur plein traitement, \u00e0 la prise en charge de leurs frais de sant\u00e9 et \u00e0 la r\u00e9paration de leurs pr\u00e9judices, est aussi lourd financi\u00e8rement pour les collectivit\u00e9s, gestionnaires des deniers publics. Ce qui doit conduire \u00e0 un minimum de rigueur dans l\u2019examen des d\u00e9clarations d\u2019accident de service adress\u00e9es par les agents.<\/p>\n<p>Traditionnellement d\u00e9fini par la jurisprudence comme \u00ab un \u00e9v\u00e9nement survenu \u00e0 une date certaine, par le fait ou \u00e0 l\u2019occasion du service, dont il est r\u00e9sult\u00e9 une l\u00e9sion, quelle que soit la date d\u2019apparition de celle-ci \u00bb <sup>(1)<\/sup>, c\u2019est d\u00e9sormais l\u2019article L.822-18 du code &#8230;<\/p>\n<div class=\"blocCut pageGU\">\n<p class=\"blocCut__title\"> [90% reste \u00e0 lire] <\/p>\n<div class=\"articleResa\">\n<p class=\"blocCut__title--type2\">Article r\u00e9serv\u00e9 aux abonn\u00e9s<\/p>\n<p class=\"blocCut__title--type3\">Gazette des Communes<\/p>\n<\/p><\/div>\n<div class=\"notYet\">\n<p class=\"blocCut__title--type2\">VOUS N&rsquo;\u00eaTES PAS ABONN\u00e9 ?<\/p>\n<p class=\"blocCut__title--type4\">D\u00e9couvrez nos formules et acc\u00e9dez aux articles en illimit\u00e9<\/p>\n<p> <a href=\"https:\/\/www.abonnement.infopro-digital.com\/la-gazette-des-communes\/formule\/1111\/CTA-P\" target=\"_blank\" class=\"btn__full buttonTypeA buttonTypeA--1\" rel=\"nofollow\">Je m\u2019abonne<\/a> <\/div>\n<\/p><\/div>\n<div class=\"blocTag blocTag--margin40-0\">\n<p class=\"blocTag__title\">Domaines juridiques<\/p>\n<\/p><\/div>\n<p> accidentdutravail-idf.net vous a pr\u00e9par\u00e9 ce post qui informe du sujet \u00ab\u00a0Association Sportive Huisson-Longueville Essonne\u00a0\u00bb. La chronique se veut g\u00e9n\u00e9r\u00e9e du mieux possible. Vous pouvez utiliser les coordonn\u00e9es indiqu\u00e9es sur le site dans le but d\u2019apporter des explications sur ce post qui parle du th\u00e8me \u00ab\u00a0Association Sportive Huisson-Longueville Essonne\u00a0\u00bb. Le site accidentdutravail-idf.net a pour but de fournir diverses publications sur la th\u00e9matique Association Sportive Huisson-Longueville Essonne diffus\u00e9es sur le net. Il y aura plusieurs articles autour du sujet \u00ab\u00a0Association Sportive Huisson-Longueville Essonne\u00a0\u00bb dans quelques jours, nous vous invitons \u00e0 naviguer sur notre site web \u00e0 plusieurs reprises.<\/p>\n","protected":false},"excerpt":{"rendered":"<p>Conna\u00eetre les limites de la pr\u00e9somption d\u2019imputabilit\u00e9 au service d\u2019un accident Le r\u00e9gime des accidents de service, particuli\u00e8rement protecteur des agents, notamment en ce qu\u2019il leur ouvre droit au maintien de leur plein traitement, \u00e0 la prise en charge de leurs frais de sant\u00e9 et \u00e0 la r\u00e9paration de leurs pr\u00e9judices, est aussi lourd financi\u00e8rement &hellip; <\/p>\n<p class=\"link-more\"><a href=\"https:\/\/www.accidentdutravail-idf.net\/blog\/cerner-les-faits-non-constitutifs-daccidents-de-service-en-4-points-cles\/\" class=\"more-link\">Continuer la lecture <span class=\"screen-reader-text\"> \u00ab\u00a0Cerner les faits non constitutifs d\u2019accidents de service en 4 points-cl\u00e9s\u00a0\u00bb<\/span><\/a><\/p>\n","protected":false},"author":2,"featured_media":0,"comment_status":"closed","ping_status":"closed","sticky":false,"template":"","format":"standard","meta":{"footnotes":""},"categories":[5],"tags":[],"class_list":["post-1429","post","type-post","status-publish","format-standard","hentry","category-securite-du-travail-en-ile-de-france-et-divers","entry"],"yoast_head":"<!-- This site is optimized with the Yoast SEO plugin v27.5 - https:\/\/yoast.com\/product\/yoast-seo-wordpress\/ -->\n<title>Cerner les faits non constitutifs d\u2019accidents de service en 4 points-cl\u00e9s - ACCIDENTDUTRAVAIL-IDF<\/title>\n<meta name=\"description\" content=\"Cerner les faits non constitutifs d\u2019accidents de service en 4 points-cl\u00e9s article de ACCIDENTDUTRAVAIL-IDF\" \/>\n<meta name=\"robots\" content=\"index, follow, max-snippet:-1, max-image-preview:large, max-video-preview:-1\" \/>\n<link rel=\"canonical\" href=\"https:\/\/www.accidentdutravail-idf.net\/blog\/cerner-les-faits-non-constitutifs-daccidents-de-service-en-4-points-cles\/\" \/>\n<meta property=\"og:locale\" content=\"fr_FR\" \/>\n<meta property=\"og:type\" content=\"article\" \/>\n<meta property=\"og:title\" content=\"Cerner les faits non constitutifs d\u2019accidents de service en 4 points-cl\u00e9s - ACCIDENTDUTRAVAIL-IDF\" \/>\n<meta property=\"og:description\" content=\"Cerner les faits non constitutifs d\u2019accidents de service en 4 points-cl\u00e9s article de ACCIDENTDUTRAVAIL-IDF\" \/>\n<meta property=\"og:url\" content=\"https:\/\/www.accidentdutravail-idf.net\/blog\/cerner-les-faits-non-constitutifs-daccidents-de-service-en-4-points-cles\/\" \/>\n<meta property=\"og:site_name\" content=\"ACCIDENTDUTRAVAIL-IDF\" \/>\n<meta property=\"article:published_time\" content=\"2025-05-14T00:51:00+00:00\" \/>\n<meta property=\"og:image\" content=\"https:\/\/www.accidentdutravail-idf.net\/blog\/wp-content\/uploads\/2025\/05\/cerner-les-faits-non-constitutifs-daccidents-de-service-en-4-points-cles.jpg\" \/>\n<meta name=\"author\" content=\"Carlos Poulain\" \/>\n<meta name=\"twitter:card\" content=\"summary_large_image\" \/>\n<meta name=\"twitter:label1\" content=\"\u00c9crit par\" \/>\n\t<meta name=\"twitter:data1\" content=\"Carlos Poulain\" \/>\n\t<meta name=\"twitter:label2\" content=\"Dur\u00e9e de lecture estim\u00e9e\" \/>\n\t<meta name=\"twitter:data2\" content=\"1 minute\" \/>\n<script type=\"application\/ld+json\" class=\"yoast-schema-graph\">{\"@context\":\"https:\\\/\\\/schema.org\",\"@graph\":[{\"@type\":\"Article\",\"@id\":\"https:\\\/\\\/www.accidentdutravail-idf.net\\\/blog\\\/cerner-les-faits-non-constitutifs-daccidents-de-service-en-4-points-cles\\\/#article\",\"isPartOf\":{\"@id\":\"https:\\\/\\\/www.accidentdutravail-idf.net\\\/blog\\\/cerner-les-faits-non-constitutifs-daccidents-de-service-en-4-points-cles\\\/\"},\"author\":{\"name\":\"Carlos Poulain\",\"@id\":\"https:\\\/\\\/www.accidentdutravail-idf.net\\\/blog\\\/#\\\/schema\\\/person\\\/3255d2f970de45e64bd9201f38e7b947\"},\"headline\":\"Cerner les faits non constitutifs d\u2019accidents de service en 4 points-cl\u00e9s\",\"datePublished\":\"2025-05-14T00:51:00+00:00\",\"mainEntityOfPage\":{\"@id\":\"https:\\\/\\\/www.accidentdutravail-idf.net\\\/blog\\\/cerner-les-faits-non-constitutifs-daccidents-de-service-en-4-points-cles\\\/\"},\"wordCount\":293,\"publisher\":{\"@id\":\"https:\\\/\\\/www.accidentdutravail-idf.net\\\/blog\\\/#organization\"},\"image\":{\"@id\":\"https:\\\/\\\/www.accidentdutravail-idf.net\\\/blog\\\/cerner-les-faits-non-constitutifs-daccidents-de-service-en-4-points-cles\\\/#primaryimage\"},\"thumbnailUrl\":\"https:\\\/\\\/www.accidentdutravail-idf.net\\\/blog\\\/wp-content\\\/uploads\\\/2025\\\/05\\\/cerner-les-faits-non-constitutifs-daccidents-de-service-en-4-points-cles.jpg\",\"articleSection\":[\"S\u00e9curit\u00e9 Du Travail En Ile-De-France Et Divers:\"],\"inLanguage\":\"fr-FR\"},{\"@type\":\"WebPage\",\"@id\":\"https:\\\/\\\/www.accidentdutravail-idf.net\\\/blog\\\/cerner-les-faits-non-constitutifs-daccidents-de-service-en-4-points-cles\\\/\",\"url\":\"https:\\\/\\\/www.accidentdutravail-idf.net\\\/blog\\\/cerner-les-faits-non-constitutifs-daccidents-de-service-en-4-points-cles\\\/\",\"name\":\"Cerner les faits non constitutifs d\u2019accidents de service en 4 points-cl\u00e9s - ACCIDENTDUTRAVAIL-IDF\",\"isPartOf\":{\"@id\":\"https:\\\/\\\/www.accidentdutravail-idf.net\\\/blog\\\/#website\"},\"primaryImageOfPage\":{\"@id\":\"https:\\\/\\\/www.accidentdutravail-idf.net\\\/blog\\\/cerner-les-faits-non-constitutifs-daccidents-de-service-en-4-points-cles\\\/#primaryimage\"},\"image\":{\"@id\":\"https:\\\/\\\/www.accidentdutravail-idf.net\\\/blog\\\/cerner-les-faits-non-constitutifs-daccidents-de-service-en-4-points-cles\\\/#primaryimage\"},\"thumbnailUrl\":\"https:\\\/\\\/www.accidentdutravail-idf.net\\\/blog\\\/wp-content\\\/uploads\\\/2025\\\/05\\\/cerner-les-faits-non-constitutifs-daccidents-de-service-en-4-points-cles.jpg\",\"datePublished\":\"2025-05-14T00:51:00+00:00\",\"description\":\"Cerner les faits non constitutifs d\u2019accidents de service en 4 points-cl\u00e9s article de ACCIDENTDUTRAVAIL-IDF\",\"breadcrumb\":{\"@id\":\"https:\\\/\\\/www.accidentdutravail-idf.net\\\/blog\\\/cerner-les-faits-non-constitutifs-daccidents-de-service-en-4-points-cles\\\/#breadcrumb\"},\"inLanguage\":\"fr-FR\",\"potentialAction\":[{\"@type\":\"ReadAction\",\"target\":[\"https:\\\/\\\/www.accidentdutravail-idf.net\\\/blog\\\/cerner-les-faits-non-constitutifs-daccidents-de-service-en-4-points-cles\\\/\"]}]},{\"@type\":\"ImageObject\",\"inLanguage\":\"fr-FR\",\"@id\":\"https:\\\/\\\/www.accidentdutravail-idf.net\\\/blog\\\/cerner-les-faits-non-constitutifs-daccidents-de-service-en-4-points-cles\\\/#primaryimage\",\"url\":\"https:\\\/\\\/www.accidentdutravail-idf.net\\\/blog\\\/wp-content\\\/uploads\\\/2025\\\/05\\\/cerner-les-faits-non-constitutifs-daccidents-de-service-en-4-points-cles.jpg\",\"contentUrl\":\"https:\\\/\\\/www.accidentdutravail-idf.net\\\/blog\\\/wp-content\\\/uploads\\\/2025\\\/05\\\/cerner-les-faits-non-constitutifs-daccidents-de-service-en-4-points-cles.jpg\"},{\"@type\":\"BreadcrumbList\",\"@id\":\"https:\\\/\\\/www.accidentdutravail-idf.net\\\/blog\\\/cerner-les-faits-non-constitutifs-daccidents-de-service-en-4-points-cles\\\/#breadcrumb\",\"itemListElement\":[{\"@type\":\"ListItem\",\"position\":1,\"name\":\"Accueil\",\"item\":\"https:\\\/\\\/www.accidentdutravail-idf.net\\\/blog\\\/\"},{\"@type\":\"ListItem\",\"position\":2,\"name\":\"Cerner les faits non constitutifs d\u2019accidents de service en 4 points-cl\u00e9s\"}]},{\"@type\":\"WebSite\",\"@id\":\"https:\\\/\\\/www.accidentdutravail-idf.net\\\/blog\\\/#website\",\"url\":\"https:\\\/\\\/www.accidentdutravail-idf.net\\\/blog\\\/\",\"name\":\"ACCIDENTDUTRAVAIL-IDF\",\"description\":\"Portail accidents du travail-maladies professionnelles des entreprises d&#039;Ile-de-France\",\"publisher\":{\"@id\":\"https:\\\/\\\/www.accidentdutravail-idf.net\\\/blog\\\/#organization\"},\"potentialAction\":[{\"@type\":\"SearchAction\",\"target\":{\"@type\":\"EntryPoint\",\"urlTemplate\":\"https:\\\/\\\/www.accidentdutravail-idf.net\\\/blog\\\/?s={search_term_string}\"},\"query-input\":{\"@type\":\"PropertyValueSpecification\",\"valueRequired\":true,\"valueName\":\"search_term_string\"}}],\"inLanguage\":\"fr-FR\"},{\"@type\":\"Organization\",\"@id\":\"https:\\\/\\\/www.accidentdutravail-idf.net\\\/blog\\\/#organization\",\"name\":\"accidentdutravail-idf\",\"url\":\"https:\\\/\\\/www.accidentdutravail-idf.net\\\/blog\\\/\",\"logo\":{\"@type\":\"ImageObject\",\"inLanguage\":\"fr-FR\",\"@id\":\"https:\\\/\\\/www.accidentdutravail-idf.net\\\/blog\\\/#\\\/schema\\\/logo\\\/image\\\/\",\"url\":\"https:\\\/\\\/www.accidentdutravail-idf.net\\\/blog\\\/wp-content\\\/uploads\\\/2022\\\/09\\\/logo-2.png\",\"contentUrl\":\"https:\\\/\\\/www.accidentdutravail-idf.net\\\/blog\\\/wp-content\\\/uploads\\\/2022\\\/09\\\/logo-2.png\",\"width\":380,\"height\":291,\"caption\":\"accidentdutravail-idf\"},\"image\":{\"@id\":\"https:\\\/\\\/www.accidentdutravail-idf.net\\\/blog\\\/#\\\/schema\\\/logo\\\/image\\\/\"}},{\"@type\":\"Person\",\"@id\":\"https:\\\/\\\/www.accidentdutravail-idf.net\\\/blog\\\/#\\\/schema\\\/person\\\/3255d2f970de45e64bd9201f38e7b947\",\"name\":\"Carlos Poulain\",\"image\":{\"@type\":\"ImageObject\",\"inLanguage\":\"fr-FR\",\"@id\":\"https:\\\/\\\/secure.gravatar.com\\\/avatar\\\/b1c2f9d3588e34e91adb093635df64ef4b2381991216be7576466cfcdca4baf3?s=96&d=mm&r=g\",\"url\":\"https:\\\/\\\/secure.gravatar.com\\\/avatar\\\/b1c2f9d3588e34e91adb093635df64ef4b2381991216be7576466cfcdca4baf3?s=96&d=mm&r=g\",\"contentUrl\":\"https:\\\/\\\/secure.gravatar.com\\\/avatar\\\/b1c2f9d3588e34e91adb093635df64ef4b2381991216be7576466cfcdca4baf3?s=96&d=mm&r=g\",\"caption\":\"Carlos Poulain\"},\"url\":\"https:\\\/\\\/www.accidentdutravail-idf.net\\\/blog\\\/author\\\/idfcarlos\\\/\"}]}<\/script>\n<!-- \/ Yoast SEO plugin. -->","yoast_head_json":{"title":"Cerner les faits non constitutifs d\u2019accidents de service en 4 points-cl\u00e9s - ACCIDENTDUTRAVAIL-IDF","description":"Cerner les faits non constitutifs d\u2019accidents de service en 4 points-cl\u00e9s article de ACCIDENTDUTRAVAIL-IDF","robots":{"index":"index","follow":"follow","max-snippet":"max-snippet:-1","max-image-preview":"max-image-preview:large","max-video-preview":"max-video-preview:-1"},"canonical":"https:\/\/www.accidentdutravail-idf.net\/blog\/cerner-les-faits-non-constitutifs-daccidents-de-service-en-4-points-cles\/","og_locale":"fr_FR","og_type":"article","og_title":"Cerner les faits non constitutifs d\u2019accidents de service en 4 points-cl\u00e9s - ACCIDENTDUTRAVAIL-IDF","og_description":"Cerner les faits non constitutifs d\u2019accidents de service en 4 points-cl\u00e9s article de ACCIDENTDUTRAVAIL-IDF","og_url":"https:\/\/www.accidentdutravail-idf.net\/blog\/cerner-les-faits-non-constitutifs-daccidents-de-service-en-4-points-cles\/","og_site_name":"ACCIDENTDUTRAVAIL-IDF","article_published_time":"2025-05-14T00:51:00+00:00","og_image":[{"url":"https:\/\/www.accidentdutravail-idf.net\/blog\/wp-content\/uploads\/2025\/05\/cerner-les-faits-non-constitutifs-daccidents-de-service-en-4-points-cles.jpg","type":"","width":"","height":""}],"author":"Carlos Poulain","twitter_card":"summary_large_image","twitter_misc":{"\u00c9crit par":"Carlos Poulain","Dur\u00e9e de lecture estim\u00e9e":"1 minute"},"schema":{"@context":"https:\/\/schema.org","@graph":[{"@type":"Article","@id":"https:\/\/www.accidentdutravail-idf.net\/blog\/cerner-les-faits-non-constitutifs-daccidents-de-service-en-4-points-cles\/#article","isPartOf":{"@id":"https:\/\/www.accidentdutravail-idf.net\/blog\/cerner-les-faits-non-constitutifs-daccidents-de-service-en-4-points-cles\/"},"author":{"name":"Carlos Poulain","@id":"https:\/\/www.accidentdutravail-idf.net\/blog\/#\/schema\/person\/3255d2f970de45e64bd9201f38e7b947"},"headline":"Cerner les faits non constitutifs d\u2019accidents de service en 4 points-cl\u00e9s","datePublished":"2025-05-14T00:51:00+00:00","mainEntityOfPage":{"@id":"https:\/\/www.accidentdutravail-idf.net\/blog\/cerner-les-faits-non-constitutifs-daccidents-de-service-en-4-points-cles\/"},"wordCount":293,"publisher":{"@id":"https:\/\/www.accidentdutravail-idf.net\/blog\/#organization"},"image":{"@id":"https:\/\/www.accidentdutravail-idf.net\/blog\/cerner-les-faits-non-constitutifs-daccidents-de-service-en-4-points-cles\/#primaryimage"},"thumbnailUrl":"https:\/\/www.accidentdutravail-idf.net\/blog\/wp-content\/uploads\/2025\/05\/cerner-les-faits-non-constitutifs-daccidents-de-service-en-4-points-cles.jpg","articleSection":["S\u00e9curit\u00e9 Du Travail En Ile-De-France Et Divers:"],"inLanguage":"fr-FR"},{"@type":"WebPage","@id":"https:\/\/www.accidentdutravail-idf.net\/blog\/cerner-les-faits-non-constitutifs-daccidents-de-service-en-4-points-cles\/","url":"https:\/\/www.accidentdutravail-idf.net\/blog\/cerner-les-faits-non-constitutifs-daccidents-de-service-en-4-points-cles\/","name":"Cerner les faits non constitutifs d\u2019accidents de service en 4 points-cl\u00e9s - ACCIDENTDUTRAVAIL-IDF","isPartOf":{"@id":"https:\/\/www.accidentdutravail-idf.net\/blog\/#website"},"primaryImageOfPage":{"@id":"https:\/\/www.accidentdutravail-idf.net\/blog\/cerner-les-faits-non-constitutifs-daccidents-de-service-en-4-points-cles\/#primaryimage"},"image":{"@id":"https:\/\/www.accidentdutravail-idf.net\/blog\/cerner-les-faits-non-constitutifs-daccidents-de-service-en-4-points-cles\/#primaryimage"},"thumbnailUrl":"https:\/\/www.accidentdutravail-idf.net\/blog\/wp-content\/uploads\/2025\/05\/cerner-les-faits-non-constitutifs-daccidents-de-service-en-4-points-cles.jpg","datePublished":"2025-05-14T00:51:00+00:00","description":"Cerner les faits non constitutifs d\u2019accidents de service en 4 points-cl\u00e9s article de ACCIDENTDUTRAVAIL-IDF","breadcrumb":{"@id":"https:\/\/www.accidentdutravail-idf.net\/blog\/cerner-les-faits-non-constitutifs-daccidents-de-service-en-4-points-cles\/#breadcrumb"},"inLanguage":"fr-FR","potentialAction":[{"@type":"ReadAction","target":["https:\/\/www.accidentdutravail-idf.net\/blog\/cerner-les-faits-non-constitutifs-daccidents-de-service-en-4-points-cles\/"]}]},{"@type":"ImageObject","inLanguage":"fr-FR","@id":"https:\/\/www.accidentdutravail-idf.net\/blog\/cerner-les-faits-non-constitutifs-daccidents-de-service-en-4-points-cles\/#primaryimage","url":"https:\/\/www.accidentdutravail-idf.net\/blog\/wp-content\/uploads\/2025\/05\/cerner-les-faits-non-constitutifs-daccidents-de-service-en-4-points-cles.jpg","contentUrl":"https:\/\/www.accidentdutravail-idf.net\/blog\/wp-content\/uploads\/2025\/05\/cerner-les-faits-non-constitutifs-daccidents-de-service-en-4-points-cles.jpg"},{"@type":"BreadcrumbList","@id":"https:\/\/www.accidentdutravail-idf.net\/blog\/cerner-les-faits-non-constitutifs-daccidents-de-service-en-4-points-cles\/#breadcrumb","itemListElement":[{"@type":"ListItem","position":1,"name":"Accueil","item":"https:\/\/www.accidentdutravail-idf.net\/blog\/"},{"@type":"ListItem","position":2,"name":"Cerner les faits non constitutifs d\u2019accidents de service en 4 points-cl\u00e9s"}]},{"@type":"WebSite","@id":"https:\/\/www.accidentdutravail-idf.net\/blog\/#website","url":"https:\/\/www.accidentdutravail-idf.net\/blog\/","name":"ACCIDENTDUTRAVAIL-IDF","description":"Portail accidents du travail-maladies professionnelles des entreprises d&#039;Ile-de-France","publisher":{"@id":"https:\/\/www.accidentdutravail-idf.net\/blog\/#organization"},"potentialAction":[{"@type":"SearchAction","target":{"@type":"EntryPoint","urlTemplate":"https:\/\/www.accidentdutravail-idf.net\/blog\/?s={search_term_string}"},"query-input":{"@type":"PropertyValueSpecification","valueRequired":true,"valueName":"search_term_string"}}],"inLanguage":"fr-FR"},{"@type":"Organization","@id":"https:\/\/www.accidentdutravail-idf.net\/blog\/#organization","name":"accidentdutravail-idf","url":"https:\/\/www.accidentdutravail-idf.net\/blog\/","logo":{"@type":"ImageObject","inLanguage":"fr-FR","@id":"https:\/\/www.accidentdutravail-idf.net\/blog\/#\/schema\/logo\/image\/","url":"https:\/\/www.accidentdutravail-idf.net\/blog\/wp-content\/uploads\/2022\/09\/logo-2.png","contentUrl":"https:\/\/www.accidentdutravail-idf.net\/blog\/wp-content\/uploads\/2022\/09\/logo-2.png","width":380,"height":291,"caption":"accidentdutravail-idf"},"image":{"@id":"https:\/\/www.accidentdutravail-idf.net\/blog\/#\/schema\/logo\/image\/"}},{"@type":"Person","@id":"https:\/\/www.accidentdutravail-idf.net\/blog\/#\/schema\/person\/3255d2f970de45e64bd9201f38e7b947","name":"Carlos Poulain","image":{"@type":"ImageObject","inLanguage":"fr-FR","@id":"https:\/\/secure.gravatar.com\/avatar\/b1c2f9d3588e34e91adb093635df64ef4b2381991216be7576466cfcdca4baf3?s=96&d=mm&r=g","url":"https:\/\/secure.gravatar.com\/avatar\/b1c2f9d3588e34e91adb093635df64ef4b2381991216be7576466cfcdca4baf3?s=96&d=mm&r=g","contentUrl":"https:\/\/secure.gravatar.com\/avatar\/b1c2f9d3588e34e91adb093635df64ef4b2381991216be7576466cfcdca4baf3?s=96&d=mm&r=g","caption":"Carlos Poulain"},"url":"https:\/\/www.accidentdutravail-idf.net\/blog\/author\/idfcarlos\/"}]}},"_links":{"self":[{"href":"https:\/\/www.accidentdutravail-idf.net\/blog\/wp-json\/wp\/v2\/posts\/1429","targetHints":{"allow":["GET"]}}],"collection":[{"href":"https:\/\/www.accidentdutravail-idf.net\/blog\/wp-json\/wp\/v2\/posts"}],"about":[{"href":"https:\/\/www.accidentdutravail-idf.net\/blog\/wp-json\/wp\/v2\/types\/post"}],"author":[{"embeddable":true,"href":"https:\/\/www.accidentdutravail-idf.net\/blog\/wp-json\/wp\/v2\/users\/2"}],"replies":[{"embeddable":true,"href":"https:\/\/www.accidentdutravail-idf.net\/blog\/wp-json\/wp\/v2\/comments?post=1429"}],"version-history":[{"count":0,"href":"https:\/\/www.accidentdutravail-idf.net\/blog\/wp-json\/wp\/v2\/posts\/1429\/revisions"}],"wp:attachment":[{"href":"https:\/\/www.accidentdutravail-idf.net\/blog\/wp-json\/wp\/v2\/media?parent=1429"}],"wp:term":[{"taxonomy":"category","embeddable":true,"href":"https:\/\/www.accidentdutravail-idf.net\/blog\/wp-json\/wp\/v2\/categories?post=1429"},{"taxonomy":"post_tag","embeddable":true,"href":"https:\/\/www.accidentdutravail-idf.net\/blog\/wp-json\/wp\/v2\/tags?post=1429"}],"curies":[{"name":"wp","href":"https:\/\/api.w.org\/{rel}","templated":true}]}}