{"id":1425,"date":"2025-05-13T05:31:00","date_gmt":"2025-05-13T03:31:00","guid":{"rendered":"https:\/\/www.accidentdutravail-idf.net\/blog\/trois-ouvriers-meurent-a-la-suite-de-leffondrement-dun-mur-sur-un-chantier-a-pommard\/"},"modified":"2025-05-13T05:31:00","modified_gmt":"2025-05-13T03:31:00","slug":"trois-ouvriers-meurent-a-la-suite-de-leffondrement-dun-mur-sur-un-chantier-a-pommard","status":"publish","type":"post","link":"https:\/\/www.accidentdutravail-idf.net\/blog\/trois-ouvriers-meurent-a-la-suite-de-leffondrement-dun-mur-sur-un-chantier-a-pommard\/","title":{"rendered":"Trois ouvriers meurent \u00e0 la suite de l\u2019effondrement d\u2019un mur, sur un chantier \u00e0 Pommard"},"content":{"rendered":"<figure class=\"article__media\">   <img decoding=\"async\" src=\"https:\/\/www.accidentdutravail-idf.net\/blog\/wp-content\/uploads\/2025\/05\/trois-ouvriers-meurent-a-la-suite-de-leffondrement-dun-mur-sur-un-chantier-a-pommard.jpg\" alt=\"Sur un chantier de construction apr\u00e8s l\u2019effondrement d\u2019un mur de pierre qui a tu\u00e9 trois ouvriers, \u00e0 Pommard (C\u00f4te-d\u2019Or), le 13&nbsp;mai 2025.\" width=\"664\" height=\"443\">   <img decoding=\"async\" src=\"https:\/\/www.accidentdutravail-idf.net\/blog\/wp-content\/uploads\/2025\/05\/trois-ouvriers-meurent-a-la-suite-de-leffondrement-dun-mur-sur-un-chantier-a-pommard.jpg\" alt=\"Sur un chantier de construction apr\u00e8s l\u2019effondrement d\u2019un mur de pierre qui a tu\u00e9 trois ouvriers, \u00e0 Pommard (C\u00f4te-d\u2019Or), le 13&nbsp;mai 2025.\"><figcaption class=\"article__legend\" aria-hidden=\"true\">Sur un chantier de construction apr\u00e8s l\u2019effondrement d\u2019un mur de pierre qui a tu\u00e9 trois ouvriers, \u00e0 Pommard (C\u00f4te-d\u2019Or), le 13&nbsp;mai 2025. <span class=\"article__credit\" aria-hidden=\"true\">ARNAUD FINISTRE \/ AFP<\/span> <\/figcaption><\/figure>\n<p class=\"article__paragraph \">Trois ma\u00e7ons sont morts \u00e0 la suite de l\u2019effondrement d\u2019un mur sur un chantier, \u00e0 Pommard, en C\u00f4te-d\u2019Or, mardi 13&nbsp;mai, a annonc\u00e9 la pr\u00e9fecture du d\u00e9partement \u00e0 l\u2019Agence France-Presse (AFP), <a href=\"https:\/\/france3-regions.francetvinfo.fr\/bourgogne-franche-comte\/cote-d-or\/un-mur-s-effondre-a-pommard-trois-macons-tues-sur-un-chantier-3152711.html\" target=\"_blank\" rel=\"noopener nofollow\" title=\"Nouvelle fen\u00eatre\">confirmant une information de France&nbsp;3 Bourgogne-Franche-Comt\u00e9.<\/a> Les trois ouvriers, \u00e2g\u00e9s de 45, 56 et 58&nbsp;ans, travaillaient sur le chantier d\u2019un b\u00e2timent agricole dans ce petit village viticole de la C\u00f4te-d\u2019Or quand un vieux mur de pierre s\u2019est effondr\u00e9 sur eux, les ensevelissant.<\/p>\n<p class=\"article__paragraph \">L\u2019accident est survenu en d\u00e9but de matin\u00e9e, a pr\u00e9cis\u00e9 le procureur de la R\u00e9publique \u00e0 Dijon, Olivier Caracotch, qui s\u2019est rendu sur place. Une enqu\u00eate de flagrance a \u00e9t\u00e9 ouverte du chef d\u2019homicide involontaire dans le cadre du travail, a-t-il ajout\u00e9, <a href=\"https:\/\/www.bienpublic.com\/faits-divers-justice\/2025\/05\/13\/trois-macons-meurent-dans-l-effondrement-d-un-mur-c-est-terrible-on-n-a-rien-pu-faire\" target=\"_blank\" rel=\"noopener nofollow\" title=\"Nouvelle fen\u00eatre\">confirmant des informations du<em> Bien public.<\/em><\/a><\/p>\n<p class=\"article__paragraph \">Olivier Caracotch ne s\u2019est pas prononc\u00e9 sur les circonstances de l\u2019accident, dans l\u2019attente des r\u00e9sultats de l\u2019enqu\u00eate, confi\u00e9e \u00e0 la gendarmerie de Beaune et \u00e0 l\u2019inspection du travail. Cette derni\u00e8re a enti\u00e8rement boucl\u00e9 le site en chantier, a constat\u00e9 un journaliste de l\u2019AFP). Vingt-huit&nbsp;sapeurs-pompiers sont intervenus sur les lieux, ainsi que le SAMU, a fait savoir la pr\u00e9fecture. Une cellule m\u00e9dicale d\u2019appui psychologique a par ailleurs \u00e9t\u00e9 mise en place. Le sous-pr\u00e9fet de Beaune, Beno\u00eet Byrski, s\u2019est rendu sur place.<\/p>\n<section class=\"catcher catcher--favoris\">\n<div class=\"catcher__content\"><span class=\"catcher__title catcher__title--hide\">Lire l\u2019enqu\u00eate |<\/span><span class=\"catcher__desc\"> <span class=\"icon__premium\"><span class=\"sr-only\">Article r\u00e9serv\u00e9 \u00e0 nos abonn\u00e9s<\/span><\/span> <a href=\"https:\/\/www.lemonde.fr\/economie\/article\/2024\/02\/06\/cadences-sous-traitance-pression-quand-le-travail-tue_6214988_3234.html\" class=\"js-article-read-also catcher--favoris__link\" data-premium=\"1\" id=\"article-title-3358119\" target=\"_blank\" rel=\"nofollow\">Les morts au travail, une h\u00e9catombe silencieuse en France<\/a> <\/span> <\/div>\n<p> <button class=\"lmd-btn-icon lmd-btn-icon--primary lmd-btn-icon--m js-lmd-dropdown-favorite-toggler\" aria-controls=\"lmd-dropdown-favorite\" aria-label=\"Lire plus tard\" aria-describedby=\"article-title-3358119\" data-article-id=\"3358119\" data-position=\"lire aussi\" data-url=\"https:\/\/www.lemonde.fr\/economie\/article\/2024\/02\/06\/cadences-sous-traitance-pression-quand-le-travail-tue_6214988_3234.html\" data-status> <span class=\"icon__favorites\"><\/span> <span class=\"js-btn-icon-tooltip\" aria-hidden=\"true\">Lire plus tard<\/span> <\/button> <\/p>\n<\/section>\n<h2 class=\"article__sub-title\">Plus de 750&nbsp;morts en&nbsp;2023<\/h2>\n<p class=\"article__paragraph \">La propri\u00e9t\u00e9 de petite taille est close de vieux murs de pierres, comme il en existe beaucoup dans cette r\u00e9gion viticole, et situ\u00e9e non loin du prestigieux Ch\u00e2teau de Pommard et des vignes entourant le village.<\/p>\n<p class=\"article__paragraph \">Selon un responsable de la mairie de Pommard, le mur s\u2019est \u00e9croul\u00e9 tandis que des ouvriers intervenaient afin de le consolider, dans le but de construire un b\u00e2timent viticole servant d\u2019entrep\u00f4t et de cuverie. Deux adjoints de mairie, rapidement sur les lieux, ont tent\u00e9 de d\u00e9blayer les d\u00e9bris afin de lib\u00e9rer les victimes, avec l\u2019aide d\u2019autres ouvriers, mais en vain, a pr\u00e9cis\u00e9 cette source.<\/p>\n<p class=\"article__paragraph \">Apr\u00e8s l\u2019accident mortel, le pr\u00e9sident du conseil d\u00e9partemental de C\u00f4te-d\u2019Or, Fran\u00e7ois Sauvadet (Union des d\u00e9mocrates et ind\u00e9pendants), a adress\u00e9 ses <em>\u00ab&nbsp;plus sinc\u00e8res condol\u00e9ances aux familles et aux coll\u00e8gues des victimes de l\u2019accident dramatique&nbsp;\u00bb<\/em>.<\/p>\n<p class=\"article__paragraph \"><a href=\"https:\/\/www.facebook.com\/groups\/49528682174\/permalink\/10160785952892175\/\" target=\"_blank\" rel=\"noopener nofollow\" title=\"Nouvelle fen\u00eatre\">Dans un communiqu\u00e9<\/a>, la CGT Construction a appel\u00e9 \u00e0 <em>\u00ab&nbsp;renforcer les mesures de protection&nbsp;\u00bb<\/em> apr\u00e8s cette <em>\u00ab&nbsp;h\u00e9catombe de morts&nbsp;\u00bb<\/em>. <em>\u00ab&nbsp;Ces drames survenus dans un secteur d\u00e9j\u00e0 trop marqu\u00e9 par la pr\u00e9carit\u00e9 et les risques professionnels nous obligent \u00e0 une profonde remise en question de nos pratiques de s\u00e9curit\u00e9&nbsp;\u00bb<\/em>, estime le syndicat, d\u00e9non\u00e7ant notamment <em>\u00ab&nbsp;les cadences \u00e9lev\u00e9es&nbsp;\u00bb<\/em> et le <em>\u00ab&nbsp;recours \u00e0 la sous-traitance&nbsp;\u00bb<\/em>.<\/p>\n<section class=\"inread js-services-inread\">\n<p> <span>Newsletter<\/span> <\/p>\n<p> <a href=\"https:\/\/www.lemonde.fr\/newsletters\/la-revue-du-monde\/\" class=\"inread__link js-services-inread-link\" target=\"_blank\" rel=\"nofollow\"> <\/p>\n<p>\u00ab La revue du Monde \u00bb<\/p>\n<p>Chaque week-end, la r\u00e9daction s\u00e9lectionne les articles de la semaine qu\u2019il ne fallait pas manquer<\/p>\n<p>S&rsquo;inscrire<\/p>\n<p> <\/a> <\/section>\n<p class=\"article__paragraph \">R\u00e9agissant sur X, la ministre du travail, Astrid Panyosan-Bouvet, a rappel\u00e9 que le 30&nbsp;avril <em>\u00ab&nbsp;c\u2019\u00e9tait un jeune apprenti de 15&nbsp;ans qui perdait la vie sur son lieu de travail \u00e0 Saint-Martin-du-Var&nbsp;\u00bb<\/em>. <em>\u00ab&nbsp;Chaque jour, deux travailleurs perdent la vie au travail en France. Ces morts au travail ne sont pas des faits divers mais un fait de soci\u00e9t\u00e9. Ils ne sont pas une fatalit\u00e9, mais exigent une lutte contre les accidents du travail graves et mortels qui est et restera une priorit\u00e9 absolue pour le minist\u00e8re&nbsp;\u00bb<\/em>, a assur\u00e9 la ministre.<\/p>\n<section class=\"catcher catcher--favoris\">\n<div class=\"catcher__content\"><span class=\"catcher__title catcher__title--hide\">Lire le d\u00e9cryptage |<\/span><span class=\"catcher__desc\"> <span class=\"icon__premium\"><span class=\"sr-only\">Article r\u00e9serv\u00e9 \u00e0 nos abonn\u00e9s<\/span><\/span> <a href=\"https:\/\/www.lemonde.fr\/emploi\/article\/2024\/02\/06\/morts-au-travail-la-douloureuse-lenteur-de-la-justice_6215011_1698637.html\" class=\"js-article-read-also catcher--favoris__link\" data-premium=\"1\" id=\"article-title-3358138\" target=\"_blank\" rel=\"nofollow\">Accidents du travail&nbsp;: la lenteur de la justice pour faire reconna\u00eetre la responsabilit\u00e9 de l\u2019employeur<\/a> <\/span> <\/div>\n<p> <button class=\"lmd-btn-icon lmd-btn-icon--primary lmd-btn-icon--m js-lmd-dropdown-favorite-toggler\" aria-controls=\"lmd-dropdown-favorite\" aria-label=\"Lire plus tard\" aria-describedby=\"article-title-3358138\" data-article-id=\"3358138\" data-position=\"lire aussi\" data-url=\"https:\/\/www.lemonde.fr\/emploi\/article\/2024\/02\/06\/morts-au-travail-la-douloureuse-lenteur-de-la-justice_6215011_1698637.html\" data-status> <span class=\"icon__favorites\"><\/span> <span class=\"js-btn-icon-tooltip\" aria-hidden=\"true\">Lire plus tard<\/span> <\/button> <\/p>\n<\/section>\n<p class=\"article__paragraph \">L\u2019entreprise Guy Bernard, qui intervenait sur ce chantier, n\u2019a pas r\u00e9pondu aux sollicitations de l\u2019AFP. Cette soci\u00e9t\u00e9 locale de huit salari\u00e9s est sp\u00e9cialis\u00e9e dans les travaux pour les domaines viticoles, comme la cr\u00e9ation de caves et de cuveries. Mise en liquidation en&nbsp;2024, elle avait \u00e9t\u00e9 rachet\u00e9e par une petite soci\u00e9t\u00e9 travaillant principalement dans la r\u00e9novation de b\u00e2timents anciens et class\u00e9s.<\/p>\n<p class=\"article__paragraph \">En&nbsp;2023, l\u2019Assurance-maladie a recens\u00e9 plus de 700&nbsp;000&nbsp;accidents de travail, dont environ 555&nbsp;000 ont donn\u00e9 lieu \u00e0 une indemnisation. Ces accidents ont provoqu\u00e9 la mort de 759&nbsp;personnes, 21 de plus qu\u2019en&nbsp;2022, un bilan qui classe la France parmi les mauvais \u00e9l\u00e8ves en Europe concernant les morts li\u00e9s au travail.<\/p>\n<section class=\"author\">\n<p class=\"author__detail\"> <span class=\"author__name\">Le Monde avec AFP<\/span> <\/p>\n<\/section>\n<section class=\"article__reactions\"> <a href=\"https:\/\/www.lemonde.fr\/syndication\/\" class=\"reuse__content\" title=\"R\u00e9utiliser ce contenu\" target=\"_blank\" rel=\"nofollow\">R\u00e9utiliser ce contenu<\/a> <\/section>\n<p> accidentdutravail-idf.net vous a pr\u00e9par\u00e9 ce post qui informe du sujet \u00ab\u00a0Association Sportive Huisson-Longueville Essonne\u00a0\u00bb. La chronique se veut g\u00e9n\u00e9r\u00e9e du mieux possible. Vous pouvez utiliser les coordonn\u00e9es indiqu\u00e9es sur le site dans le but d\u2019apporter des explications sur ce post qui parle du th\u00e8me \u00ab\u00a0Association Sportive Huisson-Longueville Essonne\u00a0\u00bb. Le site accidentdutravail-idf.net a pour but de fournir diverses publications sur la th\u00e9matique Association Sportive Huisson-Longueville Essonne diffus\u00e9es sur le net. Il y aura plusieurs articles autour du sujet \u00ab\u00a0Association Sportive Huisson-Longueville Essonne\u00a0\u00bb dans quelques jours, nous vous invitons \u00e0 naviguer sur notre site web \u00e0 plusieurs reprises.<\/p>\n","protected":false},"excerpt":{"rendered":"<p>Sur un chantier de construction apr\u00e8s l\u2019effondrement d\u2019un mur de pierre qui a tu\u00e9 trois ouvriers, \u00e0 Pommard (C\u00f4te-d\u2019Or), le 13&nbsp;mai 2025. ARNAUD FINISTRE \/ AFP Trois ma\u00e7ons sont morts \u00e0 la suite de l\u2019effondrement d\u2019un mur sur un chantier, \u00e0 Pommard, en C\u00f4te-d\u2019Or, mardi 13&nbsp;mai, a annonc\u00e9 la pr\u00e9fecture du d\u00e9partement \u00e0 l\u2019Agence France-Presse &hellip; <\/p>\n<p class=\"link-more\"><a href=\"https:\/\/www.accidentdutravail-idf.net\/blog\/trois-ouvriers-meurent-a-la-suite-de-leffondrement-dun-mur-sur-un-chantier-a-pommard\/\" class=\"more-link\">Continuer la lecture <span class=\"screen-reader-text\"> \u00ab\u00a0Trois ouvriers meurent \u00e0 la suite de l\u2019effondrement d\u2019un mur, sur un chantier \u00e0 Pommard\u00a0\u00bb<\/span><\/a><\/p>\n","protected":false},"author":2,"featured_media":0,"comment_status":"closed","ping_status":"closed","sticky":false,"template":"","format":"standard","meta":{"footnotes":""},"categories":[5],"tags":[],"class_list":["post-1425","post","type-post","status-publish","format-standard","hentry","category-securite-du-travail-en-ile-de-france-et-divers","entry"],"yoast_head":"<!-- This site is optimized with the Yoast SEO plugin v27.5 - https:\/\/yoast.com\/product\/yoast-seo-wordpress\/ -->\n<title>Trois ouvriers meurent \u00e0 la suite de l\u2019effondrement d\u2019un mur, sur un chantier \u00e0 Pommard - ACCIDENTDUTRAVAIL-IDF<\/title>\n<meta name=\"description\" content=\"Trois ouvriers meurent \u00e0 la suite de l\u2019effondrement d\u2019un mur, sur un chantier \u00e0 Pommard article de ACCIDENTDUTRAVAIL-IDF\" \/>\n<meta name=\"robots\" content=\"index, follow, max-snippet:-1, max-image-preview:large, max-video-preview:-1\" \/>\n<link rel=\"canonical\" href=\"https:\/\/www.accidentdutravail-idf.net\/blog\/trois-ouvriers-meurent-a-la-suite-de-leffondrement-dun-mur-sur-un-chantier-a-pommard\/\" \/>\n<meta property=\"og:locale\" content=\"fr_FR\" \/>\n<meta property=\"og:type\" content=\"article\" \/>\n<meta property=\"og:title\" content=\"Trois ouvriers meurent \u00e0 la suite de l\u2019effondrement d\u2019un mur, sur un chantier \u00e0 Pommard - ACCIDENTDUTRAVAIL-IDF\" \/>\n<meta property=\"og:description\" content=\"Trois ouvriers meurent \u00e0 la suite de l\u2019effondrement d\u2019un mur, sur un chantier \u00e0 Pommard article de ACCIDENTDUTRAVAIL-IDF\" \/>\n<meta property=\"og:url\" content=\"https:\/\/www.accidentdutravail-idf.net\/blog\/trois-ouvriers-meurent-a-la-suite-de-leffondrement-dun-mur-sur-un-chantier-a-pommard\/\" \/>\n<meta property=\"og:site_name\" content=\"ACCIDENTDUTRAVAIL-IDF\" \/>\n<meta property=\"article:published_time\" content=\"2025-05-13T03:31:00+00:00\" \/>\n<meta property=\"og:image\" content=\"https:\/\/www.accidentdutravail-idf.net\/blog\/wp-content\/uploads\/2025\/05\/trois-ouvriers-meurent-a-la-suite-de-leffondrement-dun-mur-sur-un-chantier-a-pommard.jpg\" \/>\n<meta name=\"author\" content=\"Carlos Poulain\" \/>\n<meta name=\"twitter:card\" content=\"summary_large_image\" \/>\n<meta name=\"twitter:label1\" content=\"\u00c9crit par\" \/>\n\t<meta name=\"twitter:data1\" content=\"Carlos Poulain\" \/>\n\t<meta name=\"twitter:label2\" content=\"Dur\u00e9e de lecture estim\u00e9e\" \/>\n\t<meta name=\"twitter:data2\" content=\"5 minutes\" \/>\n<script type=\"application\/ld+json\" class=\"yoast-schema-graph\">{\"@context\":\"https:\\\/\\\/schema.org\",\"@graph\":[{\"@type\":\"Article\",\"@id\":\"https:\\\/\\\/www.accidentdutravail-idf.net\\\/blog\\\/trois-ouvriers-meurent-a-la-suite-de-leffondrement-dun-mur-sur-un-chantier-a-pommard\\\/#article\",\"isPartOf\":{\"@id\":\"https:\\\/\\\/www.accidentdutravail-idf.net\\\/blog\\\/trois-ouvriers-meurent-a-la-suite-de-leffondrement-dun-mur-sur-un-chantier-a-pommard\\\/\"},\"author\":{\"name\":\"Carlos Poulain\",\"@id\":\"https:\\\/\\\/www.accidentdutravail-idf.net\\\/blog\\\/#\\\/schema\\\/person\\\/3255d2f970de45e64bd9201f38e7b947\"},\"headline\":\"Trois ouvriers meurent \u00e0 la suite de l\u2019effondrement d\u2019un mur, sur un chantier \u00e0 Pommard\",\"datePublished\":\"2025-05-13T03:31:00+00:00\",\"mainEntityOfPage\":{\"@id\":\"https:\\\/\\\/www.accidentdutravail-idf.net\\\/blog\\\/trois-ouvriers-meurent-a-la-suite-de-leffondrement-dun-mur-sur-un-chantier-a-pommard\\\/\"},\"wordCount\":944,\"publisher\":{\"@id\":\"https:\\\/\\\/www.accidentdutravail-idf.net\\\/blog\\\/#organization\"},\"image\":{\"@id\":\"https:\\\/\\\/www.accidentdutravail-idf.net\\\/blog\\\/trois-ouvriers-meurent-a-la-suite-de-leffondrement-dun-mur-sur-un-chantier-a-pommard\\\/#primaryimage\"},\"thumbnailUrl\":\"https:\\\/\\\/www.accidentdutravail-idf.net\\\/blog\\\/wp-content\\\/uploads\\\/2025\\\/05\\\/trois-ouvriers-meurent-a-la-suite-de-leffondrement-dun-mur-sur-un-chantier-a-pommard.jpg\",\"articleSection\":[\"S\u00e9curit\u00e9 Du Travail En Ile-De-France Et Divers:\"],\"inLanguage\":\"fr-FR\"},{\"@type\":\"WebPage\",\"@id\":\"https:\\\/\\\/www.accidentdutravail-idf.net\\\/blog\\\/trois-ouvriers-meurent-a-la-suite-de-leffondrement-dun-mur-sur-un-chantier-a-pommard\\\/\",\"url\":\"https:\\\/\\\/www.accidentdutravail-idf.net\\\/blog\\\/trois-ouvriers-meurent-a-la-suite-de-leffondrement-dun-mur-sur-un-chantier-a-pommard\\\/\",\"name\":\"Trois ouvriers meurent \u00e0 la suite de l\u2019effondrement d\u2019un mur, sur un chantier \u00e0 Pommard - ACCIDENTDUTRAVAIL-IDF\",\"isPartOf\":{\"@id\":\"https:\\\/\\\/www.accidentdutravail-idf.net\\\/blog\\\/#website\"},\"primaryImageOfPage\":{\"@id\":\"https:\\\/\\\/www.accidentdutravail-idf.net\\\/blog\\\/trois-ouvriers-meurent-a-la-suite-de-leffondrement-dun-mur-sur-un-chantier-a-pommard\\\/#primaryimage\"},\"image\":{\"@id\":\"https:\\\/\\\/www.accidentdutravail-idf.net\\\/blog\\\/trois-ouvriers-meurent-a-la-suite-de-leffondrement-dun-mur-sur-un-chantier-a-pommard\\\/#primaryimage\"},\"thumbnailUrl\":\"https:\\\/\\\/www.accidentdutravail-idf.net\\\/blog\\\/wp-content\\\/uploads\\\/2025\\\/05\\\/trois-ouvriers-meurent-a-la-suite-de-leffondrement-dun-mur-sur-un-chantier-a-pommard.jpg\",\"datePublished\":\"2025-05-13T03:31:00+00:00\",\"description\":\"Trois ouvriers meurent \u00e0 la suite de l\u2019effondrement d\u2019un mur, sur un chantier \u00e0 Pommard article de ACCIDENTDUTRAVAIL-IDF\",\"breadcrumb\":{\"@id\":\"https:\\\/\\\/www.accidentdutravail-idf.net\\\/blog\\\/trois-ouvriers-meurent-a-la-suite-de-leffondrement-dun-mur-sur-un-chantier-a-pommard\\\/#breadcrumb\"},\"inLanguage\":\"fr-FR\",\"potentialAction\":[{\"@type\":\"ReadAction\",\"target\":[\"https:\\\/\\\/www.accidentdutravail-idf.net\\\/blog\\\/trois-ouvriers-meurent-a-la-suite-de-leffondrement-dun-mur-sur-un-chantier-a-pommard\\\/\"]}]},{\"@type\":\"ImageObject\",\"inLanguage\":\"fr-FR\",\"@id\":\"https:\\\/\\\/www.accidentdutravail-idf.net\\\/blog\\\/trois-ouvriers-meurent-a-la-suite-de-leffondrement-dun-mur-sur-un-chantier-a-pommard\\\/#primaryimage\",\"url\":\"https:\\\/\\\/www.accidentdutravail-idf.net\\\/blog\\\/wp-content\\\/uploads\\\/2025\\\/05\\\/trois-ouvriers-meurent-a-la-suite-de-leffondrement-dun-mur-sur-un-chantier-a-pommard.jpg\",\"contentUrl\":\"https:\\\/\\\/www.accidentdutravail-idf.net\\\/blog\\\/wp-content\\\/uploads\\\/2025\\\/05\\\/trois-ouvriers-meurent-a-la-suite-de-leffondrement-dun-mur-sur-un-chantier-a-pommard.jpg\"},{\"@type\":\"BreadcrumbList\",\"@id\":\"https:\\\/\\\/www.accidentdutravail-idf.net\\\/blog\\\/trois-ouvriers-meurent-a-la-suite-de-leffondrement-dun-mur-sur-un-chantier-a-pommard\\\/#breadcrumb\",\"itemListElement\":[{\"@type\":\"ListItem\",\"position\":1,\"name\":\"Accueil\",\"item\":\"https:\\\/\\\/www.accidentdutravail-idf.net\\\/blog\\\/\"},{\"@type\":\"ListItem\",\"position\":2,\"name\":\"Trois ouvriers meurent \u00e0 la suite de l\u2019effondrement d\u2019un mur, sur un chantier \u00e0 Pommard\"}]},{\"@type\":\"WebSite\",\"@id\":\"https:\\\/\\\/www.accidentdutravail-idf.net\\\/blog\\\/#website\",\"url\":\"https:\\\/\\\/www.accidentdutravail-idf.net\\\/blog\\\/\",\"name\":\"ACCIDENTDUTRAVAIL-IDF\",\"description\":\"Portail accidents du travail-maladies professionnelles des entreprises d&#039;Ile-de-France\",\"publisher\":{\"@id\":\"https:\\\/\\\/www.accidentdutravail-idf.net\\\/blog\\\/#organization\"},\"potentialAction\":[{\"@type\":\"SearchAction\",\"target\":{\"@type\":\"EntryPoint\",\"urlTemplate\":\"https:\\\/\\\/www.accidentdutravail-idf.net\\\/blog\\\/?s={search_term_string}\"},\"query-input\":{\"@type\":\"PropertyValueSpecification\",\"valueRequired\":true,\"valueName\":\"search_term_string\"}}],\"inLanguage\":\"fr-FR\"},{\"@type\":\"Organization\",\"@id\":\"https:\\\/\\\/www.accidentdutravail-idf.net\\\/blog\\\/#organization\",\"name\":\"accidentdutravail-idf\",\"url\":\"https:\\\/\\\/www.accidentdutravail-idf.net\\\/blog\\\/\",\"logo\":{\"@type\":\"ImageObject\",\"inLanguage\":\"fr-FR\",\"@id\":\"https:\\\/\\\/www.accidentdutravail-idf.net\\\/blog\\\/#\\\/schema\\\/logo\\\/image\\\/\",\"url\":\"https:\\\/\\\/www.accidentdutravail-idf.net\\\/blog\\\/wp-content\\\/uploads\\\/2022\\\/09\\\/logo-2.png\",\"contentUrl\":\"https:\\\/\\\/www.accidentdutravail-idf.net\\\/blog\\\/wp-content\\\/uploads\\\/2022\\\/09\\\/logo-2.png\",\"width\":380,\"height\":291,\"caption\":\"accidentdutravail-idf\"},\"image\":{\"@id\":\"https:\\\/\\\/www.accidentdutravail-idf.net\\\/blog\\\/#\\\/schema\\\/logo\\\/image\\\/\"}},{\"@type\":\"Person\",\"@id\":\"https:\\\/\\\/www.accidentdutravail-idf.net\\\/blog\\\/#\\\/schema\\\/person\\\/3255d2f970de45e64bd9201f38e7b947\",\"name\":\"Carlos Poulain\",\"image\":{\"@type\":\"ImageObject\",\"inLanguage\":\"fr-FR\",\"@id\":\"https:\\\/\\\/secure.gravatar.com\\\/avatar\\\/b1c2f9d3588e34e91adb093635df64ef4b2381991216be7576466cfcdca4baf3?s=96&d=mm&r=g\",\"url\":\"https:\\\/\\\/secure.gravatar.com\\\/avatar\\\/b1c2f9d3588e34e91adb093635df64ef4b2381991216be7576466cfcdca4baf3?s=96&d=mm&r=g\",\"contentUrl\":\"https:\\\/\\\/secure.gravatar.com\\\/avatar\\\/b1c2f9d3588e34e91adb093635df64ef4b2381991216be7576466cfcdca4baf3?s=96&d=mm&r=g\",\"caption\":\"Carlos Poulain\"},\"url\":\"https:\\\/\\\/www.accidentdutravail-idf.net\\\/blog\\\/author\\\/idfcarlos\\\/\"}]}<\/script>\n<!-- \/ Yoast SEO plugin. -->","yoast_head_json":{"title":"Trois ouvriers meurent \u00e0 la suite de l\u2019effondrement d\u2019un mur, sur un chantier \u00e0 Pommard - ACCIDENTDUTRAVAIL-IDF","description":"Trois ouvriers meurent \u00e0 la suite de l\u2019effondrement d\u2019un mur, sur un chantier \u00e0 Pommard article de ACCIDENTDUTRAVAIL-IDF","robots":{"index":"index","follow":"follow","max-snippet":"max-snippet:-1","max-image-preview":"max-image-preview:large","max-video-preview":"max-video-preview:-1"},"canonical":"https:\/\/www.accidentdutravail-idf.net\/blog\/trois-ouvriers-meurent-a-la-suite-de-leffondrement-dun-mur-sur-un-chantier-a-pommard\/","og_locale":"fr_FR","og_type":"article","og_title":"Trois ouvriers meurent \u00e0 la suite de l\u2019effondrement d\u2019un mur, sur un chantier \u00e0 Pommard - ACCIDENTDUTRAVAIL-IDF","og_description":"Trois ouvriers meurent \u00e0 la suite de l\u2019effondrement d\u2019un mur, sur un chantier \u00e0 Pommard article de ACCIDENTDUTRAVAIL-IDF","og_url":"https:\/\/www.accidentdutravail-idf.net\/blog\/trois-ouvriers-meurent-a-la-suite-de-leffondrement-dun-mur-sur-un-chantier-a-pommard\/","og_site_name":"ACCIDENTDUTRAVAIL-IDF","article_published_time":"2025-05-13T03:31:00+00:00","og_image":[{"url":"https:\/\/www.accidentdutravail-idf.net\/blog\/wp-content\/uploads\/2025\/05\/trois-ouvriers-meurent-a-la-suite-de-leffondrement-dun-mur-sur-un-chantier-a-pommard.jpg","type":"","width":"","height":""}],"author":"Carlos Poulain","twitter_card":"summary_large_image","twitter_misc":{"\u00c9crit par":"Carlos Poulain","Dur\u00e9e de lecture estim\u00e9e":"5 minutes"},"schema":{"@context":"https:\/\/schema.org","@graph":[{"@type":"Article","@id":"https:\/\/www.accidentdutravail-idf.net\/blog\/trois-ouvriers-meurent-a-la-suite-de-leffondrement-dun-mur-sur-un-chantier-a-pommard\/#article","isPartOf":{"@id":"https:\/\/www.accidentdutravail-idf.net\/blog\/trois-ouvriers-meurent-a-la-suite-de-leffondrement-dun-mur-sur-un-chantier-a-pommard\/"},"author":{"name":"Carlos Poulain","@id":"https:\/\/www.accidentdutravail-idf.net\/blog\/#\/schema\/person\/3255d2f970de45e64bd9201f38e7b947"},"headline":"Trois ouvriers meurent \u00e0 la suite de l\u2019effondrement d\u2019un mur, sur un chantier \u00e0 Pommard","datePublished":"2025-05-13T03:31:00+00:00","mainEntityOfPage":{"@id":"https:\/\/www.accidentdutravail-idf.net\/blog\/trois-ouvriers-meurent-a-la-suite-de-leffondrement-dun-mur-sur-un-chantier-a-pommard\/"},"wordCount":944,"publisher":{"@id":"https:\/\/www.accidentdutravail-idf.net\/blog\/#organization"},"image":{"@id":"https:\/\/www.accidentdutravail-idf.net\/blog\/trois-ouvriers-meurent-a-la-suite-de-leffondrement-dun-mur-sur-un-chantier-a-pommard\/#primaryimage"},"thumbnailUrl":"https:\/\/www.accidentdutravail-idf.net\/blog\/wp-content\/uploads\/2025\/05\/trois-ouvriers-meurent-a-la-suite-de-leffondrement-dun-mur-sur-un-chantier-a-pommard.jpg","articleSection":["S\u00e9curit\u00e9 Du Travail En Ile-De-France Et Divers:"],"inLanguage":"fr-FR"},{"@type":"WebPage","@id":"https:\/\/www.accidentdutravail-idf.net\/blog\/trois-ouvriers-meurent-a-la-suite-de-leffondrement-dun-mur-sur-un-chantier-a-pommard\/","url":"https:\/\/www.accidentdutravail-idf.net\/blog\/trois-ouvriers-meurent-a-la-suite-de-leffondrement-dun-mur-sur-un-chantier-a-pommard\/","name":"Trois ouvriers meurent \u00e0 la suite de l\u2019effondrement d\u2019un mur, sur un chantier \u00e0 Pommard - ACCIDENTDUTRAVAIL-IDF","isPartOf":{"@id":"https:\/\/www.accidentdutravail-idf.net\/blog\/#website"},"primaryImageOfPage":{"@id":"https:\/\/www.accidentdutravail-idf.net\/blog\/trois-ouvriers-meurent-a-la-suite-de-leffondrement-dun-mur-sur-un-chantier-a-pommard\/#primaryimage"},"image":{"@id":"https:\/\/www.accidentdutravail-idf.net\/blog\/trois-ouvriers-meurent-a-la-suite-de-leffondrement-dun-mur-sur-un-chantier-a-pommard\/#primaryimage"},"thumbnailUrl":"https:\/\/www.accidentdutravail-idf.net\/blog\/wp-content\/uploads\/2025\/05\/trois-ouvriers-meurent-a-la-suite-de-leffondrement-dun-mur-sur-un-chantier-a-pommard.jpg","datePublished":"2025-05-13T03:31:00+00:00","description":"Trois ouvriers meurent \u00e0 la suite de l\u2019effondrement d\u2019un mur, sur un chantier \u00e0 Pommard article de ACCIDENTDUTRAVAIL-IDF","breadcrumb":{"@id":"https:\/\/www.accidentdutravail-idf.net\/blog\/trois-ouvriers-meurent-a-la-suite-de-leffondrement-dun-mur-sur-un-chantier-a-pommard\/#breadcrumb"},"inLanguage":"fr-FR","potentialAction":[{"@type":"ReadAction","target":["https:\/\/www.accidentdutravail-idf.net\/blog\/trois-ouvriers-meurent-a-la-suite-de-leffondrement-dun-mur-sur-un-chantier-a-pommard\/"]}]},{"@type":"ImageObject","inLanguage":"fr-FR","@id":"https:\/\/www.accidentdutravail-idf.net\/blog\/trois-ouvriers-meurent-a-la-suite-de-leffondrement-dun-mur-sur-un-chantier-a-pommard\/#primaryimage","url":"https:\/\/www.accidentdutravail-idf.net\/blog\/wp-content\/uploads\/2025\/05\/trois-ouvriers-meurent-a-la-suite-de-leffondrement-dun-mur-sur-un-chantier-a-pommard.jpg","contentUrl":"https:\/\/www.accidentdutravail-idf.net\/blog\/wp-content\/uploads\/2025\/05\/trois-ouvriers-meurent-a-la-suite-de-leffondrement-dun-mur-sur-un-chantier-a-pommard.jpg"},{"@type":"BreadcrumbList","@id":"https:\/\/www.accidentdutravail-idf.net\/blog\/trois-ouvriers-meurent-a-la-suite-de-leffondrement-dun-mur-sur-un-chantier-a-pommard\/#breadcrumb","itemListElement":[{"@type":"ListItem","position":1,"name":"Accueil","item":"https:\/\/www.accidentdutravail-idf.net\/blog\/"},{"@type":"ListItem","position":2,"name":"Trois ouvriers meurent \u00e0 la suite de l\u2019effondrement d\u2019un mur, sur un chantier \u00e0 Pommard"}]},{"@type":"WebSite","@id":"https:\/\/www.accidentdutravail-idf.net\/blog\/#website","url":"https:\/\/www.accidentdutravail-idf.net\/blog\/","name":"ACCIDENTDUTRAVAIL-IDF","description":"Portail accidents du travail-maladies professionnelles des entreprises d&#039;Ile-de-France","publisher":{"@id":"https:\/\/www.accidentdutravail-idf.net\/blog\/#organization"},"potentialAction":[{"@type":"SearchAction","target":{"@type":"EntryPoint","urlTemplate":"https:\/\/www.accidentdutravail-idf.net\/blog\/?s={search_term_string}"},"query-input":{"@type":"PropertyValueSpecification","valueRequired":true,"valueName":"search_term_string"}}],"inLanguage":"fr-FR"},{"@type":"Organization","@id":"https:\/\/www.accidentdutravail-idf.net\/blog\/#organization","name":"accidentdutravail-idf","url":"https:\/\/www.accidentdutravail-idf.net\/blog\/","logo":{"@type":"ImageObject","inLanguage":"fr-FR","@id":"https:\/\/www.accidentdutravail-idf.net\/blog\/#\/schema\/logo\/image\/","url":"https:\/\/www.accidentdutravail-idf.net\/blog\/wp-content\/uploads\/2022\/09\/logo-2.png","contentUrl":"https:\/\/www.accidentdutravail-idf.net\/blog\/wp-content\/uploads\/2022\/09\/logo-2.png","width":380,"height":291,"caption":"accidentdutravail-idf"},"image":{"@id":"https:\/\/www.accidentdutravail-idf.net\/blog\/#\/schema\/logo\/image\/"}},{"@type":"Person","@id":"https:\/\/www.accidentdutravail-idf.net\/blog\/#\/schema\/person\/3255d2f970de45e64bd9201f38e7b947","name":"Carlos Poulain","image":{"@type":"ImageObject","inLanguage":"fr-FR","@id":"https:\/\/secure.gravatar.com\/avatar\/b1c2f9d3588e34e91adb093635df64ef4b2381991216be7576466cfcdca4baf3?s=96&d=mm&r=g","url":"https:\/\/secure.gravatar.com\/avatar\/b1c2f9d3588e34e91adb093635df64ef4b2381991216be7576466cfcdca4baf3?s=96&d=mm&r=g","contentUrl":"https:\/\/secure.gravatar.com\/avatar\/b1c2f9d3588e34e91adb093635df64ef4b2381991216be7576466cfcdca4baf3?s=96&d=mm&r=g","caption":"Carlos Poulain"},"url":"https:\/\/www.accidentdutravail-idf.net\/blog\/author\/idfcarlos\/"}]}},"_links":{"self":[{"href":"https:\/\/www.accidentdutravail-idf.net\/blog\/wp-json\/wp\/v2\/posts\/1425","targetHints":{"allow":["GET"]}}],"collection":[{"href":"https:\/\/www.accidentdutravail-idf.net\/blog\/wp-json\/wp\/v2\/posts"}],"about":[{"href":"https:\/\/www.accidentdutravail-idf.net\/blog\/wp-json\/wp\/v2\/types\/post"}],"author":[{"embeddable":true,"href":"https:\/\/www.accidentdutravail-idf.net\/blog\/wp-json\/wp\/v2\/users\/2"}],"replies":[{"embeddable":true,"href":"https:\/\/www.accidentdutravail-idf.net\/blog\/wp-json\/wp\/v2\/comments?post=1425"}],"version-history":[{"count":0,"href":"https:\/\/www.accidentdutravail-idf.net\/blog\/wp-json\/wp\/v2\/posts\/1425\/revisions"}],"wp:attachment":[{"href":"https:\/\/www.accidentdutravail-idf.net\/blog\/wp-json\/wp\/v2\/media?parent=1425"}],"wp:term":[{"taxonomy":"category","embeddable":true,"href":"https:\/\/www.accidentdutravail-idf.net\/blog\/wp-json\/wp\/v2\/categories?post=1425"},{"taxonomy":"post_tag","embeddable":true,"href":"https:\/\/www.accidentdutravail-idf.net\/blog\/wp-json\/wp\/v2\/tags?post=1425"}],"curies":[{"name":"wp","href":"https:\/\/api.w.org\/{rel}","templated":true}]}}