{"id":1405,"date":"2025-04-28T02:00:00","date_gmt":"2025-04-28T00:00:00","guid":{"rendered":"https:\/\/www.accidentdutravail-idf.net\/blog\/journee-mondiale-de-la-securite-du-travail-1492-accidents-du-travail-recenses-en-guadeloupe-en-2023\/"},"modified":"2025-04-28T02:00:00","modified_gmt":"2025-04-28T00:00:00","slug":"journee-mondiale-de-la-securite-du-travail-1492-accidents-du-travail-recenses-en-guadeloupe-en-2023","status":"publish","type":"post","link":"https:\/\/www.accidentdutravail-idf.net\/blog\/journee-mondiale-de-la-securite-du-travail-1492-accidents-du-travail-recenses-en-guadeloupe-en-2023\/","title":{"rendered":"Journ\u00e9e mondiale de la s\u00e9curit\u00e9 du travail : 1492 accidents du travail recens\u00e9s en Guadeloupe en 2023"},"content":{"rendered":"<p>\u00c0 l&rsquo;occasion de la journ\u00e9e mondiale de la s\u00e9curit\u00e9 du travail, ce lundi (28 avril), la Direction de l&rsquo;\u00e9conomie, de l&#8217;emploi, du travail et des solidarit\u00e9s (DEETS) r\u00e9v\u00e8le les chiffres 2023 des accidents du travail en Guadeloupe. On d\u00e9nombre 1492 accidents du travail et 236 accidents de trajet.<\/p>\n<div>\n<p>C\u00e9l\u00e9br\u00e9e chaque 28 avril, la Journ\u00e9e mondiale de la s\u00e9curit\u00e9 et de la sant\u00e9 au travail est l\u2019occasion de promouvoir la pr\u00e9vention des accidents du travail et des maladies professionnelles dans le monde entier.<\/p>\n<p>\u00c0 l\u2019heure o\u00f9 pr\u00e8s de 3 millions de travailleurs meurent chaque ann\u00e9e des suites d\u2019un accident du travail ou d\u2019une maladie professionnelle, cette journ\u00e9e est l\u2019occasion pour les employeurs, et plus g\u00e9n\u00e9ralement pour tous les acteurs concern\u00e9s, de mener des actions de sensibilisation \u00e0 la sant\u00e9 et la s\u00e9curit\u00e9 sur le lieu de travail.<\/p>\n<p>En Guadeloupe, les chiffres des accidents de 2023 r\u00e9v\u00e9l\u00e9s par la Deets, montrent l\u2019ampleur du probl\u00e8me :<\/p>\n<ul>\n<li>1492 accidents du travail avec arr\u00eat dont 5 mortels ont \u00e9t\u00e9 recens\u00e9s en 2023 avec une tendance \u00e0 la baisse (1909 en 2021 et 1488 en 2022).<\/li>\n<li>236 accidents de trajet avec arr\u00eat en 2023 sans accident mortel 222 en 2021 et 203 en 2022<\/li>\n<li>93 maladies professionnelles reconnues en 2023, avec une tendance \u00e0 la hausse sur les 2 derni\u00e8res ann\u00e9es (56 en 2021, 80 en 2022)<\/li>\n<\/ul><\/div>\n<p>accidentdutravail-idf.net vous a pr\u00e9par\u00e9 ce post qui informe du sujet \u00ab\u00a0Association Sportive Huisson-Longueville Essonne\u00a0\u00bb. La chronique se veut g\u00e9n\u00e9r\u00e9e du mieux possible. Vous pouvez utiliser les coordonn\u00e9es indiqu\u00e9es sur le site dans le but d\u2019apporter des explications sur ce post qui parle du th\u00e8me \u00ab\u00a0Association Sportive Huisson-Longueville Essonne\u00a0\u00bb. Le site accidentdutravail-idf.net a pour but de fournir diverses publications sur la th\u00e9matique Association Sportive Huisson-Longueville Essonne diffus\u00e9es sur le net. Il y aura plusieurs articles autour du sujet \u00ab\u00a0Association Sportive Huisson-Longueville Essonne\u00a0\u00bb dans quelques jours, nous vous invitons \u00e0 naviguer sur notre site web \u00e0 plusieurs reprises.<\/p>\n","protected":false},"excerpt":{"rendered":"<p>\u00c0 l&rsquo;occasion de la journ\u00e9e mondiale de la s\u00e9curit\u00e9 du travail, ce lundi (28 avril), la Direction de l&rsquo;\u00e9conomie, de l&#8217;emploi, du travail et des solidarit\u00e9s (DEETS) r\u00e9v\u00e8le les chiffres 2023 des accidents du travail en Guadeloupe. On d\u00e9nombre 1492 accidents du travail et 236 accidents de trajet. C\u00e9l\u00e9br\u00e9e chaque 28 avril, la Journ\u00e9e mondiale &hellip; <\/p>\n<p class=\"link-more\"><a href=\"https:\/\/www.accidentdutravail-idf.net\/blog\/journee-mondiale-de-la-securite-du-travail-1492-accidents-du-travail-recenses-en-guadeloupe-en-2023\/\" class=\"more-link\">Continuer la lecture <span class=\"screen-reader-text\"> \u00ab\u00a0Journ\u00e9e mondiale de la s\u00e9curit\u00e9 du travail : 1492 accidents du travail recens\u00e9s en Guadeloupe en 2023\u00a0\u00bb<\/span><\/a><\/p>\n","protected":false},"author":2,"featured_media":0,"comment_status":"closed","ping_status":"closed","sticky":false,"template":"","format":"standard","meta":{"footnotes":""},"categories":[5],"tags":[],"class_list":["post-1405","post","type-post","status-publish","format-standard","hentry","category-securite-du-travail-en-ile-de-france-et-divers","entry"],"yoast_head":"<!-- This site is optimized with the Yoast SEO plugin v27.5 - https:\/\/yoast.com\/product\/yoast-seo-wordpress\/ -->\n<title>Journ\u00e9e mondiale de la s\u00e9curit\u00e9 du travail : 1492 accidents du travail recens\u00e9s en Guadeloupe en 2023 - ACCIDENTDUTRAVAIL-IDF<\/title>\n<meta name=\"description\" content=\"Journ\u00e9e mondiale de la s\u00e9curit\u00e9 du travail : 1492 accidents du travail recens\u00e9s en Guadeloupe en 2023 article de ACCIDENTDUTRAVAIL-IDF\" \/>\n<meta name=\"robots\" content=\"index, follow, max-snippet:-1, max-image-preview:large, max-video-preview:-1\" \/>\n<link rel=\"canonical\" href=\"https:\/\/www.accidentdutravail-idf.net\/blog\/journee-mondiale-de-la-securite-du-travail-1492-accidents-du-travail-recenses-en-guadeloupe-en-2023\/\" \/>\n<meta property=\"og:locale\" content=\"fr_FR\" \/>\n<meta property=\"og:type\" content=\"article\" \/>\n<meta property=\"og:title\" content=\"Journ\u00e9e mondiale de la s\u00e9curit\u00e9 du travail : 1492 accidents du travail recens\u00e9s en Guadeloupe en 2023 - ACCIDENTDUTRAVAIL-IDF\" \/>\n<meta property=\"og:description\" content=\"Journ\u00e9e mondiale de la s\u00e9curit\u00e9 du travail : 1492 accidents du travail recens\u00e9s en Guadeloupe en 2023 article de ACCIDENTDUTRAVAIL-IDF\" \/>\n<meta property=\"og:url\" content=\"https:\/\/www.accidentdutravail-idf.net\/blog\/journee-mondiale-de-la-securite-du-travail-1492-accidents-du-travail-recenses-en-guadeloupe-en-2023\/\" \/>\n<meta property=\"og:site_name\" content=\"ACCIDENTDUTRAVAIL-IDF\" \/>\n<meta property=\"article:published_time\" content=\"2025-04-28T00:00:00+00:00\" \/>\n<meta name=\"author\" content=\"Carlos Poulain\" \/>\n<meta name=\"twitter:card\" content=\"summary_large_image\" \/>\n<meta name=\"twitter:label1\" content=\"\u00c9crit par\" \/>\n\t<meta name=\"twitter:data1\" content=\"Carlos Poulain\" \/>\n\t<meta name=\"twitter:label2\" content=\"Dur\u00e9e de lecture estim\u00e9e\" \/>\n\t<meta name=\"twitter:data2\" content=\"2 minutes\" \/>\n<script type=\"application\/ld+json\" class=\"yoast-schema-graph\">{\"@context\":\"https:\\\/\\\/schema.org\",\"@graph\":[{\"@type\":\"Article\",\"@id\":\"https:\\\/\\\/www.accidentdutravail-idf.net\\\/blog\\\/journee-mondiale-de-la-securite-du-travail-1492-accidents-du-travail-recenses-en-guadeloupe-en-2023\\\/#article\",\"isPartOf\":{\"@id\":\"https:\\\/\\\/www.accidentdutravail-idf.net\\\/blog\\\/journee-mondiale-de-la-securite-du-travail-1492-accidents-du-travail-recenses-en-guadeloupe-en-2023\\\/\"},\"author\":{\"name\":\"Carlos Poulain\",\"@id\":\"https:\\\/\\\/www.accidentdutravail-idf.net\\\/blog\\\/#\\\/schema\\\/person\\\/3255d2f970de45e64bd9201f38e7b947\"},\"headline\":\"Journ\u00e9e mondiale de la s\u00e9curit\u00e9 du travail : 1492 accidents du travail recens\u00e9s en Guadeloupe en 2023\",\"datePublished\":\"2025-04-28T00:00:00+00:00\",\"mainEntityOfPage\":{\"@id\":\"https:\\\/\\\/www.accidentdutravail-idf.net\\\/blog\\\/journee-mondiale-de-la-securite-du-travail-1492-accidents-du-travail-recenses-en-guadeloupe-en-2023\\\/\"},\"wordCount\":346,\"publisher\":{\"@id\":\"https:\\\/\\\/www.accidentdutravail-idf.net\\\/blog\\\/#organization\"},\"articleSection\":[\"S\u00e9curit\u00e9 Du Travail En Ile-De-France Et Divers:\"],\"inLanguage\":\"fr-FR\"},{\"@type\":\"WebPage\",\"@id\":\"https:\\\/\\\/www.accidentdutravail-idf.net\\\/blog\\\/journee-mondiale-de-la-securite-du-travail-1492-accidents-du-travail-recenses-en-guadeloupe-en-2023\\\/\",\"url\":\"https:\\\/\\\/www.accidentdutravail-idf.net\\\/blog\\\/journee-mondiale-de-la-securite-du-travail-1492-accidents-du-travail-recenses-en-guadeloupe-en-2023\\\/\",\"name\":\"Journ\u00e9e mondiale de la s\u00e9curit\u00e9 du travail : 1492 accidents du travail recens\u00e9s en Guadeloupe en 2023 - ACCIDENTDUTRAVAIL-IDF\",\"isPartOf\":{\"@id\":\"https:\\\/\\\/www.accidentdutravail-idf.net\\\/blog\\\/#website\"},\"datePublished\":\"2025-04-28T00:00:00+00:00\",\"description\":\"Journ\u00e9e mondiale de la s\u00e9curit\u00e9 du travail : 1492 accidents du travail recens\u00e9s en Guadeloupe en 2023 article de ACCIDENTDUTRAVAIL-IDF\",\"breadcrumb\":{\"@id\":\"https:\\\/\\\/www.accidentdutravail-idf.net\\\/blog\\\/journee-mondiale-de-la-securite-du-travail-1492-accidents-du-travail-recenses-en-guadeloupe-en-2023\\\/#breadcrumb\"},\"inLanguage\":\"fr-FR\",\"potentialAction\":[{\"@type\":\"ReadAction\",\"target\":[\"https:\\\/\\\/www.accidentdutravail-idf.net\\\/blog\\\/journee-mondiale-de-la-securite-du-travail-1492-accidents-du-travail-recenses-en-guadeloupe-en-2023\\\/\"]}]},{\"@type\":\"BreadcrumbList\",\"@id\":\"https:\\\/\\\/www.accidentdutravail-idf.net\\\/blog\\\/journee-mondiale-de-la-securite-du-travail-1492-accidents-du-travail-recenses-en-guadeloupe-en-2023\\\/#breadcrumb\",\"itemListElement\":[{\"@type\":\"ListItem\",\"position\":1,\"name\":\"Accueil\",\"item\":\"https:\\\/\\\/www.accidentdutravail-idf.net\\\/blog\\\/\"},{\"@type\":\"ListItem\",\"position\":2,\"name\":\"Journ\u00e9e mondiale de la s\u00e9curit\u00e9 du travail : 1492 accidents du travail recens\u00e9s en Guadeloupe en 2023\"}]},{\"@type\":\"WebSite\",\"@id\":\"https:\\\/\\\/www.accidentdutravail-idf.net\\\/blog\\\/#website\",\"url\":\"https:\\\/\\\/www.accidentdutravail-idf.net\\\/blog\\\/\",\"name\":\"ACCIDENTDUTRAVAIL-IDF\",\"description\":\"Portail accidents du travail-maladies professionnelles des entreprises d&#039;Ile-de-France\",\"publisher\":{\"@id\":\"https:\\\/\\\/www.accidentdutravail-idf.net\\\/blog\\\/#organization\"},\"potentialAction\":[{\"@type\":\"SearchAction\",\"target\":{\"@type\":\"EntryPoint\",\"urlTemplate\":\"https:\\\/\\\/www.accidentdutravail-idf.net\\\/blog\\\/?s={search_term_string}\"},\"query-input\":{\"@type\":\"PropertyValueSpecification\",\"valueRequired\":true,\"valueName\":\"search_term_string\"}}],\"inLanguage\":\"fr-FR\"},{\"@type\":\"Organization\",\"@id\":\"https:\\\/\\\/www.accidentdutravail-idf.net\\\/blog\\\/#organization\",\"name\":\"accidentdutravail-idf\",\"url\":\"https:\\\/\\\/www.accidentdutravail-idf.net\\\/blog\\\/\",\"logo\":{\"@type\":\"ImageObject\",\"inLanguage\":\"fr-FR\",\"@id\":\"https:\\\/\\\/www.accidentdutravail-idf.net\\\/blog\\\/#\\\/schema\\\/logo\\\/image\\\/\",\"url\":\"https:\\\/\\\/www.accidentdutravail-idf.net\\\/blog\\\/wp-content\\\/uploads\\\/2022\\\/09\\\/logo-2.png\",\"contentUrl\":\"https:\\\/\\\/www.accidentdutravail-idf.net\\\/blog\\\/wp-content\\\/uploads\\\/2022\\\/09\\\/logo-2.png\",\"width\":380,\"height\":291,\"caption\":\"accidentdutravail-idf\"},\"image\":{\"@id\":\"https:\\\/\\\/www.accidentdutravail-idf.net\\\/blog\\\/#\\\/schema\\\/logo\\\/image\\\/\"}},{\"@type\":\"Person\",\"@id\":\"https:\\\/\\\/www.accidentdutravail-idf.net\\\/blog\\\/#\\\/schema\\\/person\\\/3255d2f970de45e64bd9201f38e7b947\",\"name\":\"Carlos Poulain\",\"image\":{\"@type\":\"ImageObject\",\"inLanguage\":\"fr-FR\",\"@id\":\"https:\\\/\\\/secure.gravatar.com\\\/avatar\\\/b1c2f9d3588e34e91adb093635df64ef4b2381991216be7576466cfcdca4baf3?s=96&d=mm&r=g\",\"url\":\"https:\\\/\\\/secure.gravatar.com\\\/avatar\\\/b1c2f9d3588e34e91adb093635df64ef4b2381991216be7576466cfcdca4baf3?s=96&d=mm&r=g\",\"contentUrl\":\"https:\\\/\\\/secure.gravatar.com\\\/avatar\\\/b1c2f9d3588e34e91adb093635df64ef4b2381991216be7576466cfcdca4baf3?s=96&d=mm&r=g\",\"caption\":\"Carlos Poulain\"},\"url\":\"https:\\\/\\\/www.accidentdutravail-idf.net\\\/blog\\\/author\\\/idfcarlos\\\/\"}]}<\/script>\n<!-- \/ Yoast SEO plugin. -->","yoast_head_json":{"title":"Journ\u00e9e mondiale de la s\u00e9curit\u00e9 du travail : 1492 accidents du travail recens\u00e9s en Guadeloupe en 2023 - ACCIDENTDUTRAVAIL-IDF","description":"Journ\u00e9e mondiale de la s\u00e9curit\u00e9 du travail : 1492 accidents du travail recens\u00e9s en Guadeloupe en 2023 article de ACCIDENTDUTRAVAIL-IDF","robots":{"index":"index","follow":"follow","max-snippet":"max-snippet:-1","max-image-preview":"max-image-preview:large","max-video-preview":"max-video-preview:-1"},"canonical":"https:\/\/www.accidentdutravail-idf.net\/blog\/journee-mondiale-de-la-securite-du-travail-1492-accidents-du-travail-recenses-en-guadeloupe-en-2023\/","og_locale":"fr_FR","og_type":"article","og_title":"Journ\u00e9e mondiale de la s\u00e9curit\u00e9 du travail : 1492 accidents du travail recens\u00e9s en Guadeloupe en 2023 - ACCIDENTDUTRAVAIL-IDF","og_description":"Journ\u00e9e mondiale de la s\u00e9curit\u00e9 du travail : 1492 accidents du travail recens\u00e9s en Guadeloupe en 2023 article de ACCIDENTDUTRAVAIL-IDF","og_url":"https:\/\/www.accidentdutravail-idf.net\/blog\/journee-mondiale-de-la-securite-du-travail-1492-accidents-du-travail-recenses-en-guadeloupe-en-2023\/","og_site_name":"ACCIDENTDUTRAVAIL-IDF","article_published_time":"2025-04-28T00:00:00+00:00","author":"Carlos Poulain","twitter_card":"summary_large_image","twitter_misc":{"\u00c9crit par":"Carlos Poulain","Dur\u00e9e de lecture estim\u00e9e":"2 minutes"},"schema":{"@context":"https:\/\/schema.org","@graph":[{"@type":"Article","@id":"https:\/\/www.accidentdutravail-idf.net\/blog\/journee-mondiale-de-la-securite-du-travail-1492-accidents-du-travail-recenses-en-guadeloupe-en-2023\/#article","isPartOf":{"@id":"https:\/\/www.accidentdutravail-idf.net\/blog\/journee-mondiale-de-la-securite-du-travail-1492-accidents-du-travail-recenses-en-guadeloupe-en-2023\/"},"author":{"name":"Carlos Poulain","@id":"https:\/\/www.accidentdutravail-idf.net\/blog\/#\/schema\/person\/3255d2f970de45e64bd9201f38e7b947"},"headline":"Journ\u00e9e mondiale de la s\u00e9curit\u00e9 du travail : 1492 accidents du travail recens\u00e9s en Guadeloupe en 2023","datePublished":"2025-04-28T00:00:00+00:00","mainEntityOfPage":{"@id":"https:\/\/www.accidentdutravail-idf.net\/blog\/journee-mondiale-de-la-securite-du-travail-1492-accidents-du-travail-recenses-en-guadeloupe-en-2023\/"},"wordCount":346,"publisher":{"@id":"https:\/\/www.accidentdutravail-idf.net\/blog\/#organization"},"articleSection":["S\u00e9curit\u00e9 Du Travail En Ile-De-France Et Divers:"],"inLanguage":"fr-FR"},{"@type":"WebPage","@id":"https:\/\/www.accidentdutravail-idf.net\/blog\/journee-mondiale-de-la-securite-du-travail-1492-accidents-du-travail-recenses-en-guadeloupe-en-2023\/","url":"https:\/\/www.accidentdutravail-idf.net\/blog\/journee-mondiale-de-la-securite-du-travail-1492-accidents-du-travail-recenses-en-guadeloupe-en-2023\/","name":"Journ\u00e9e mondiale de la s\u00e9curit\u00e9 du travail : 1492 accidents du travail recens\u00e9s en Guadeloupe en 2023 - ACCIDENTDUTRAVAIL-IDF","isPartOf":{"@id":"https:\/\/www.accidentdutravail-idf.net\/blog\/#website"},"datePublished":"2025-04-28T00:00:00+00:00","description":"Journ\u00e9e mondiale de la s\u00e9curit\u00e9 du travail : 1492 accidents du travail recens\u00e9s en Guadeloupe en 2023 article de ACCIDENTDUTRAVAIL-IDF","breadcrumb":{"@id":"https:\/\/www.accidentdutravail-idf.net\/blog\/journee-mondiale-de-la-securite-du-travail-1492-accidents-du-travail-recenses-en-guadeloupe-en-2023\/#breadcrumb"},"inLanguage":"fr-FR","potentialAction":[{"@type":"ReadAction","target":["https:\/\/www.accidentdutravail-idf.net\/blog\/journee-mondiale-de-la-securite-du-travail-1492-accidents-du-travail-recenses-en-guadeloupe-en-2023\/"]}]},{"@type":"BreadcrumbList","@id":"https:\/\/www.accidentdutravail-idf.net\/blog\/journee-mondiale-de-la-securite-du-travail-1492-accidents-du-travail-recenses-en-guadeloupe-en-2023\/#breadcrumb","itemListElement":[{"@type":"ListItem","position":1,"name":"Accueil","item":"https:\/\/www.accidentdutravail-idf.net\/blog\/"},{"@type":"ListItem","position":2,"name":"Journ\u00e9e mondiale de la s\u00e9curit\u00e9 du travail : 1492 accidents du travail recens\u00e9s en Guadeloupe en 2023"}]},{"@type":"WebSite","@id":"https:\/\/www.accidentdutravail-idf.net\/blog\/#website","url":"https:\/\/www.accidentdutravail-idf.net\/blog\/","name":"ACCIDENTDUTRAVAIL-IDF","description":"Portail accidents du travail-maladies professionnelles des entreprises d&#039;Ile-de-France","publisher":{"@id":"https:\/\/www.accidentdutravail-idf.net\/blog\/#organization"},"potentialAction":[{"@type":"SearchAction","target":{"@type":"EntryPoint","urlTemplate":"https:\/\/www.accidentdutravail-idf.net\/blog\/?s={search_term_string}"},"query-input":{"@type":"PropertyValueSpecification","valueRequired":true,"valueName":"search_term_string"}}],"inLanguage":"fr-FR"},{"@type":"Organization","@id":"https:\/\/www.accidentdutravail-idf.net\/blog\/#organization","name":"accidentdutravail-idf","url":"https:\/\/www.accidentdutravail-idf.net\/blog\/","logo":{"@type":"ImageObject","inLanguage":"fr-FR","@id":"https:\/\/www.accidentdutravail-idf.net\/blog\/#\/schema\/logo\/image\/","url":"https:\/\/www.accidentdutravail-idf.net\/blog\/wp-content\/uploads\/2022\/09\/logo-2.png","contentUrl":"https:\/\/www.accidentdutravail-idf.net\/blog\/wp-content\/uploads\/2022\/09\/logo-2.png","width":380,"height":291,"caption":"accidentdutravail-idf"},"image":{"@id":"https:\/\/www.accidentdutravail-idf.net\/blog\/#\/schema\/logo\/image\/"}},{"@type":"Person","@id":"https:\/\/www.accidentdutravail-idf.net\/blog\/#\/schema\/person\/3255d2f970de45e64bd9201f38e7b947","name":"Carlos Poulain","image":{"@type":"ImageObject","inLanguage":"fr-FR","@id":"https:\/\/secure.gravatar.com\/avatar\/b1c2f9d3588e34e91adb093635df64ef4b2381991216be7576466cfcdca4baf3?s=96&d=mm&r=g","url":"https:\/\/secure.gravatar.com\/avatar\/b1c2f9d3588e34e91adb093635df64ef4b2381991216be7576466cfcdca4baf3?s=96&d=mm&r=g","contentUrl":"https:\/\/secure.gravatar.com\/avatar\/b1c2f9d3588e34e91adb093635df64ef4b2381991216be7576466cfcdca4baf3?s=96&d=mm&r=g","caption":"Carlos Poulain"},"url":"https:\/\/www.accidentdutravail-idf.net\/blog\/author\/idfcarlos\/"}]}},"_links":{"self":[{"href":"https:\/\/www.accidentdutravail-idf.net\/blog\/wp-json\/wp\/v2\/posts\/1405","targetHints":{"allow":["GET"]}}],"collection":[{"href":"https:\/\/www.accidentdutravail-idf.net\/blog\/wp-json\/wp\/v2\/posts"}],"about":[{"href":"https:\/\/www.accidentdutravail-idf.net\/blog\/wp-json\/wp\/v2\/types\/post"}],"author":[{"embeddable":true,"href":"https:\/\/www.accidentdutravail-idf.net\/blog\/wp-json\/wp\/v2\/users\/2"}],"replies":[{"embeddable":true,"href":"https:\/\/www.accidentdutravail-idf.net\/blog\/wp-json\/wp\/v2\/comments?post=1405"}],"version-history":[{"count":0,"href":"https:\/\/www.accidentdutravail-idf.net\/blog\/wp-json\/wp\/v2\/posts\/1405\/revisions"}],"wp:attachment":[{"href":"https:\/\/www.accidentdutravail-idf.net\/blog\/wp-json\/wp\/v2\/media?parent=1405"}],"wp:term":[{"taxonomy":"category","embeddable":true,"href":"https:\/\/www.accidentdutravail-idf.net\/blog\/wp-json\/wp\/v2\/categories?post=1405"},{"taxonomy":"post_tag","embeddable":true,"href":"https:\/\/www.accidentdutravail-idf.net\/blog\/wp-json\/wp\/v2\/tags?post=1405"}],"curies":[{"name":"wp","href":"https:\/\/api.w.org\/{rel}","templated":true}]}}