{"id":1403,"date":"2025-04-28T08:00:00","date_gmt":"2025-04-28T06:00:00","guid":{"rendered":"https:\/\/www.accidentdutravail-idf.net\/blog\/au-pays-basque-un-guide-pour-lutter-contre-les-accidents-du-travail\/"},"modified":"2025-04-28T08:00:00","modified_gmt":"2025-04-28T06:00:00","slug":"au-pays-basque-un-guide-pour-lutter-contre-les-accidents-du-travail","status":"publish","type":"post","link":"https:\/\/www.accidentdutravail-idf.net\/blog\/au-pays-basque-un-guide-pour-lutter-contre-les-accidents-du-travail\/","title":{"rendered":"Au Pays basque, un guide pour lutter contre les accidents du travail"},"content":{"rendered":"<figure class=\"article__media\">   <img decoding=\"async\" src=\"https:\/\/www.accidentdutravail-idf.net\/blog\/wp-content\/uploads\/2025\/04\/au-pays-basque-un-guide-pour-lutter-contre-les-accidents-du-travail.jpg\" alt=\"Lors d\u2019un hommage rendu \u00e0 Mohamed Kichouhi, \u00e0 Bayonne (Pyr\u00e9n\u00e9es-Atlantiques), le 9&nbsp;mars 2024.\" width=\"664\" height=\"443\">   <img decoding=\"async\" src=\"https:\/\/www.accidentdutravail-idf.net\/blog\/wp-content\/uploads\/2025\/04\/au-pays-basque-un-guide-pour-lutter-contre-les-accidents-du-travail.jpg\" alt=\"Lors d\u2019un hommage rendu \u00e0 Mohamed Kichouhi, \u00e0 Bayonne (Pyr\u00e9n\u00e9es-Atlantiques), le 9&nbsp;mars 2024.\"><figcaption class=\"article__legend\" aria-hidden=\"true\">Lors d\u2019un hommage rendu \u00e0 Mohamed Kichouhi, \u00e0 Bayonne (Pyr\u00e9n\u00e9es-Atlantiques), le 9&nbsp;mars 2024. <span class=\"article__credit\" aria-hidden=\"true\">SIMON CARDONA \/ RADIO FRANCE\/MAXPPP<\/span> <\/figcaption><\/figure>\n<p class=\"article__paragraph \"><em>\u00ab&nbsp;Les organisations syndicales signataires du protocole s\u2019engagent \u00e0 organiser un rassemblement devant le lieu de travail, le vendredi suivant l\u2019accident mortel, \u00e0 midi.&nbsp;\u00bb<\/em> Au Pays basque, les syndicats LAB, CGT-Construction, Solidaires et FSU ont con\u00e7u en&nbsp;2024 un guide pour mener des actions d\u00e8s qu\u2019un accident du travail grave ou mortel ou d\u00e8s qu\u2019un suicide li\u00e9 au travail a lieu. Ce <em>\u00ab&nbsp;protocole&nbsp;\u00bb<\/em> invite aussi \u00e0 organiser une gr\u00e8ve le m\u00eame jour, quand l\u2019une des organisations est repr\u00e9sent\u00e9e dans l\u2019entreprise concern\u00e9e.<\/p>\n<section class=\"catcher catcher--favoris\">\n<div class=\"catcher__content\"><span class=\"catcher__title catcher__title--hide\">Lire l\u2019enqu\u00eate |<\/span><span class=\"catcher__desc\"> <span class=\"icon__premium\"><span class=\"sr-only\">Article r\u00e9serv\u00e9 \u00e0 nos abonn\u00e9s<\/span><\/span> <a href=\"https:\/\/www.lemonde.fr\/economie\/article\/2024\/02\/06\/cadences-sous-traitance-pression-quand-le-travail-tue_6214988_3234.html\" class=\"js-article-read-also catcher--favoris__link\" data-premium=\"1\" target=\"_blank\" rel=\"nofollow\">Les morts au travail, une h\u00e9catombe silencieuse en France<\/a> <\/span> <\/div>\n<p> <button class=\"lmd-btn-icon lmd-btn-icon--primary lmd-btn-icon--m js-lmd-dropdown-favorite-toggler\" aria-expanded=\"false\" aria-controls=\"lmd-dropdown-favorite\" aria-label=\"Lire plus tard\" data-article-id=\"3358119\" data-position=\"lire aussi\" data-url=\"https:\/\/www.lemonde.fr\/economie\/article\/2024\/02\/06\/cadences-sous-traitance-pression-quand-le-travail-tue_6214988_3234.html\" data-status> <span class=\"icon__favorites\"><\/span> <span class=\"js-btn-icon-tooltip\" aria-hidden=\"true\">Lire plus tard<\/span> <\/button> <\/p>\n<\/section>\n<p class=\"article__paragraph \">Lundi 28&nbsp;avril, un premier bilan de cette initiative doit \u00eatre pr\u00e9sent\u00e9 \u00e0 Bayonne (Pyr\u00e9n\u00e9es-Atlantiques), en pr\u00e9sence de victimes ou de familles de victimes. Cette date n\u2019est pas choisie au hasard, elle marque la Journ\u00e9e mondiale de la sant\u00e9 et de la s\u00e9curit\u00e9 au travail, durant laquelle entreprises, acteurs de la pr\u00e9vention et syndicats sensibilisent sur le sujet. En&nbsp;2023, 759 salari\u00e9s du priv\u00e9 sont morts en France \u00e0 la suite d\u2019un accident du travail, chiffre qui ne baisse plus.<\/p>\n<p class=\"article__paragraph \">Ce \u00ab&nbsp;protocole basque&nbsp;\u00bb, qui a vocation \u00e0 \u00eatre distribu\u00e9 dans les entreprises et \u00e0 essaimer dans d\u2019autres r\u00e9gions, se donne donc pour mission de faire de la p\u00e9dagogie sur le sujet, en rendant visibles les accidents. <em>\u00ab&nbsp;Au Pays basque espagnol, les syndicats sont en avance sur le sujet. C\u00f4t\u00e9 fran\u00e7ais, l\u2019id\u00e9e de faire du syndicalisme sur des morts, m\u00eame \u00e0 cause du travail, \u00e9tait vu comme probl\u00e9matique&nbsp;\u00bb<\/em>, explique E\u00f1aut Aramendi, du syndicat basque LAB.<\/p>\n<p class=\"reading-mode-only \"><strong>Il vous reste 59.93% de cet article \u00e0 lire. La suite est r\u00e9serv\u00e9e aux abonn\u00e9s.<\/strong><\/p>\n<p> accidentdutravail-idf.net vous a pr\u00e9par\u00e9 ce post qui informe du sujet \u00ab\u00a0Association Sportive Huisson-Longueville Essonne\u00a0\u00bb. La chronique se veut g\u00e9n\u00e9r\u00e9e du mieux possible. Vous pouvez utiliser les coordonn\u00e9es indiqu\u00e9es sur le site dans le but d\u2019apporter des explications sur ce post qui parle du th\u00e8me \u00ab\u00a0Association Sportive Huisson-Longueville Essonne\u00a0\u00bb. Le site accidentdutravail-idf.net a pour but de fournir diverses publications sur la th\u00e9matique Association Sportive Huisson-Longueville Essonne diffus\u00e9es sur le net. Il y aura plusieurs articles autour du sujet \u00ab\u00a0Association Sportive Huisson-Longueville Essonne\u00a0\u00bb dans quelques jours, nous vous invitons \u00e0 naviguer sur notre site web \u00e0 plusieurs reprises.<\/p>\n","protected":false},"excerpt":{"rendered":"<p>Lors d\u2019un hommage rendu \u00e0 Mohamed Kichouhi, \u00e0 Bayonne (Pyr\u00e9n\u00e9es-Atlantiques), le 9&nbsp;mars 2024. SIMON CARDONA \/ RADIO FRANCE\/MAXPPP \u00ab&nbsp;Les organisations syndicales signataires du protocole s\u2019engagent \u00e0 organiser un rassemblement devant le lieu de travail, le vendredi suivant l\u2019accident mortel, \u00e0 midi.&nbsp;\u00bb Au Pays basque, les syndicats LAB, CGT-Construction, Solidaires et FSU ont con\u00e7u en&nbsp;2024 un &hellip; <\/p>\n<p class=\"link-more\"><a href=\"https:\/\/www.accidentdutravail-idf.net\/blog\/au-pays-basque-un-guide-pour-lutter-contre-les-accidents-du-travail\/\" class=\"more-link\">Continuer la lecture <span class=\"screen-reader-text\"> \u00ab\u00a0Au Pays basque, un guide pour lutter contre les accidents du travail\u00a0\u00bb<\/span><\/a><\/p>\n","protected":false},"author":2,"featured_media":0,"comment_status":"closed","ping_status":"closed","sticky":false,"template":"","format":"standard","meta":{"footnotes":""},"categories":[5],"tags":[],"class_list":["post-1403","post","type-post","status-publish","format-standard","hentry","category-securite-du-travail-en-ile-de-france-et-divers","entry"],"yoast_head":"<!-- This site is optimized with the Yoast SEO plugin v27.5 - https:\/\/yoast.com\/product\/yoast-seo-wordpress\/ -->\n<title>Au Pays basque, un guide pour lutter contre les accidents du travail - ACCIDENTDUTRAVAIL-IDF<\/title>\n<meta name=\"description\" content=\"Au Pays basque, un guide pour lutter contre les accidents du travail article de ACCIDENTDUTRAVAIL-IDF\" \/>\n<meta name=\"robots\" content=\"index, follow, max-snippet:-1, max-image-preview:large, max-video-preview:-1\" \/>\n<link rel=\"canonical\" href=\"https:\/\/www.accidentdutravail-idf.net\/blog\/au-pays-basque-un-guide-pour-lutter-contre-les-accidents-du-travail\/\" \/>\n<meta property=\"og:locale\" content=\"fr_FR\" \/>\n<meta property=\"og:type\" content=\"article\" \/>\n<meta property=\"og:title\" content=\"Au Pays basque, un guide pour lutter contre les accidents du travail - ACCIDENTDUTRAVAIL-IDF\" \/>\n<meta property=\"og:description\" content=\"Au Pays basque, un guide pour lutter contre les accidents du travail article de ACCIDENTDUTRAVAIL-IDF\" \/>\n<meta property=\"og:url\" content=\"https:\/\/www.accidentdutravail-idf.net\/blog\/au-pays-basque-un-guide-pour-lutter-contre-les-accidents-du-travail\/\" \/>\n<meta property=\"og:site_name\" content=\"ACCIDENTDUTRAVAIL-IDF\" \/>\n<meta property=\"article:published_time\" content=\"2025-04-28T06:00:00+00:00\" \/>\n<meta property=\"og:image\" content=\"https:\/\/www.accidentdutravail-idf.net\/blog\/wp-content\/uploads\/2025\/04\/au-pays-basque-un-guide-pour-lutter-contre-les-accidents-du-travail.jpg\" \/>\n<meta name=\"author\" content=\"Carlos Poulain\" \/>\n<meta name=\"twitter:card\" content=\"summary_large_image\" \/>\n<meta name=\"twitter:label1\" content=\"\u00c9crit par\" \/>\n\t<meta name=\"twitter:data1\" content=\"Carlos Poulain\" \/>\n\t<meta name=\"twitter:label2\" content=\"Dur\u00e9e de lecture estim\u00e9e\" \/>\n\t<meta name=\"twitter:data2\" content=\"2 minutes\" \/>\n<script type=\"application\/ld+json\" class=\"yoast-schema-graph\">{\"@context\":\"https:\\\/\\\/schema.org\",\"@graph\":[{\"@type\":\"Article\",\"@id\":\"https:\\\/\\\/www.accidentdutravail-idf.net\\\/blog\\\/au-pays-basque-un-guide-pour-lutter-contre-les-accidents-du-travail\\\/#article\",\"isPartOf\":{\"@id\":\"https:\\\/\\\/www.accidentdutravail-idf.net\\\/blog\\\/au-pays-basque-un-guide-pour-lutter-contre-les-accidents-du-travail\\\/\"},\"author\":{\"name\":\"Carlos Poulain\",\"@id\":\"https:\\\/\\\/www.accidentdutravail-idf.net\\\/blog\\\/#\\\/schema\\\/person\\\/3255d2f970de45e64bd9201f38e7b947\"},\"headline\":\"Au Pays basque, un guide pour lutter contre les accidents du travail\",\"datePublished\":\"2025-04-28T06:00:00+00:00\",\"mainEntityOfPage\":{\"@id\":\"https:\\\/\\\/www.accidentdutravail-idf.net\\\/blog\\\/au-pays-basque-un-guide-pour-lutter-contre-les-accidents-du-travail\\\/\"},\"wordCount\":443,\"publisher\":{\"@id\":\"https:\\\/\\\/www.accidentdutravail-idf.net\\\/blog\\\/#organization\"},\"image\":{\"@id\":\"https:\\\/\\\/www.accidentdutravail-idf.net\\\/blog\\\/au-pays-basque-un-guide-pour-lutter-contre-les-accidents-du-travail\\\/#primaryimage\"},\"thumbnailUrl\":\"https:\\\/\\\/www.accidentdutravail-idf.net\\\/blog\\\/wp-content\\\/uploads\\\/2025\\\/04\\\/au-pays-basque-un-guide-pour-lutter-contre-les-accidents-du-travail.jpg\",\"articleSection\":[\"S\u00e9curit\u00e9 Du Travail En Ile-De-France Et Divers:\"],\"inLanguage\":\"fr-FR\"},{\"@type\":\"WebPage\",\"@id\":\"https:\\\/\\\/www.accidentdutravail-idf.net\\\/blog\\\/au-pays-basque-un-guide-pour-lutter-contre-les-accidents-du-travail\\\/\",\"url\":\"https:\\\/\\\/www.accidentdutravail-idf.net\\\/blog\\\/au-pays-basque-un-guide-pour-lutter-contre-les-accidents-du-travail\\\/\",\"name\":\"Au Pays basque, un guide pour lutter contre les accidents du travail - ACCIDENTDUTRAVAIL-IDF\",\"isPartOf\":{\"@id\":\"https:\\\/\\\/www.accidentdutravail-idf.net\\\/blog\\\/#website\"},\"primaryImageOfPage\":{\"@id\":\"https:\\\/\\\/www.accidentdutravail-idf.net\\\/blog\\\/au-pays-basque-un-guide-pour-lutter-contre-les-accidents-du-travail\\\/#primaryimage\"},\"image\":{\"@id\":\"https:\\\/\\\/www.accidentdutravail-idf.net\\\/blog\\\/au-pays-basque-un-guide-pour-lutter-contre-les-accidents-du-travail\\\/#primaryimage\"},\"thumbnailUrl\":\"https:\\\/\\\/www.accidentdutravail-idf.net\\\/blog\\\/wp-content\\\/uploads\\\/2025\\\/04\\\/au-pays-basque-un-guide-pour-lutter-contre-les-accidents-du-travail.jpg\",\"datePublished\":\"2025-04-28T06:00:00+00:00\",\"description\":\"Au Pays basque, un guide pour lutter contre les accidents du travail article de ACCIDENTDUTRAVAIL-IDF\",\"breadcrumb\":{\"@id\":\"https:\\\/\\\/www.accidentdutravail-idf.net\\\/blog\\\/au-pays-basque-un-guide-pour-lutter-contre-les-accidents-du-travail\\\/#breadcrumb\"},\"inLanguage\":\"fr-FR\",\"potentialAction\":[{\"@type\":\"ReadAction\",\"target\":[\"https:\\\/\\\/www.accidentdutravail-idf.net\\\/blog\\\/au-pays-basque-un-guide-pour-lutter-contre-les-accidents-du-travail\\\/\"]}]},{\"@type\":\"ImageObject\",\"inLanguage\":\"fr-FR\",\"@id\":\"https:\\\/\\\/www.accidentdutravail-idf.net\\\/blog\\\/au-pays-basque-un-guide-pour-lutter-contre-les-accidents-du-travail\\\/#primaryimage\",\"url\":\"https:\\\/\\\/www.accidentdutravail-idf.net\\\/blog\\\/wp-content\\\/uploads\\\/2025\\\/04\\\/au-pays-basque-un-guide-pour-lutter-contre-les-accidents-du-travail.jpg\",\"contentUrl\":\"https:\\\/\\\/www.accidentdutravail-idf.net\\\/blog\\\/wp-content\\\/uploads\\\/2025\\\/04\\\/au-pays-basque-un-guide-pour-lutter-contre-les-accidents-du-travail.jpg\"},{\"@type\":\"BreadcrumbList\",\"@id\":\"https:\\\/\\\/www.accidentdutravail-idf.net\\\/blog\\\/au-pays-basque-un-guide-pour-lutter-contre-les-accidents-du-travail\\\/#breadcrumb\",\"itemListElement\":[{\"@type\":\"ListItem\",\"position\":1,\"name\":\"Accueil\",\"item\":\"https:\\\/\\\/www.accidentdutravail-idf.net\\\/blog\\\/\"},{\"@type\":\"ListItem\",\"position\":2,\"name\":\"Au Pays basque, un guide pour lutter contre les accidents du travail\"}]},{\"@type\":\"WebSite\",\"@id\":\"https:\\\/\\\/www.accidentdutravail-idf.net\\\/blog\\\/#website\",\"url\":\"https:\\\/\\\/www.accidentdutravail-idf.net\\\/blog\\\/\",\"name\":\"ACCIDENTDUTRAVAIL-IDF\",\"description\":\"Portail accidents du travail-maladies professionnelles des entreprises d&#039;Ile-de-France\",\"publisher\":{\"@id\":\"https:\\\/\\\/www.accidentdutravail-idf.net\\\/blog\\\/#organization\"},\"potentialAction\":[{\"@type\":\"SearchAction\",\"target\":{\"@type\":\"EntryPoint\",\"urlTemplate\":\"https:\\\/\\\/www.accidentdutravail-idf.net\\\/blog\\\/?s={search_term_string}\"},\"query-input\":{\"@type\":\"PropertyValueSpecification\",\"valueRequired\":true,\"valueName\":\"search_term_string\"}}],\"inLanguage\":\"fr-FR\"},{\"@type\":\"Organization\",\"@id\":\"https:\\\/\\\/www.accidentdutravail-idf.net\\\/blog\\\/#organization\",\"name\":\"accidentdutravail-idf\",\"url\":\"https:\\\/\\\/www.accidentdutravail-idf.net\\\/blog\\\/\",\"logo\":{\"@type\":\"ImageObject\",\"inLanguage\":\"fr-FR\",\"@id\":\"https:\\\/\\\/www.accidentdutravail-idf.net\\\/blog\\\/#\\\/schema\\\/logo\\\/image\\\/\",\"url\":\"https:\\\/\\\/www.accidentdutravail-idf.net\\\/blog\\\/wp-content\\\/uploads\\\/2022\\\/09\\\/logo-2.png\",\"contentUrl\":\"https:\\\/\\\/www.accidentdutravail-idf.net\\\/blog\\\/wp-content\\\/uploads\\\/2022\\\/09\\\/logo-2.png\",\"width\":380,\"height\":291,\"caption\":\"accidentdutravail-idf\"},\"image\":{\"@id\":\"https:\\\/\\\/www.accidentdutravail-idf.net\\\/blog\\\/#\\\/schema\\\/logo\\\/image\\\/\"}},{\"@type\":\"Person\",\"@id\":\"https:\\\/\\\/www.accidentdutravail-idf.net\\\/blog\\\/#\\\/schema\\\/person\\\/3255d2f970de45e64bd9201f38e7b947\",\"name\":\"Carlos Poulain\",\"image\":{\"@type\":\"ImageObject\",\"inLanguage\":\"fr-FR\",\"@id\":\"https:\\\/\\\/secure.gravatar.com\\\/avatar\\\/b1c2f9d3588e34e91adb093635df64ef4b2381991216be7576466cfcdca4baf3?s=96&d=mm&r=g\",\"url\":\"https:\\\/\\\/secure.gravatar.com\\\/avatar\\\/b1c2f9d3588e34e91adb093635df64ef4b2381991216be7576466cfcdca4baf3?s=96&d=mm&r=g\",\"contentUrl\":\"https:\\\/\\\/secure.gravatar.com\\\/avatar\\\/b1c2f9d3588e34e91adb093635df64ef4b2381991216be7576466cfcdca4baf3?s=96&d=mm&r=g\",\"caption\":\"Carlos Poulain\"},\"url\":\"https:\\\/\\\/www.accidentdutravail-idf.net\\\/blog\\\/author\\\/idfcarlos\\\/\"}]}<\/script>\n<!-- \/ Yoast SEO plugin. -->","yoast_head_json":{"title":"Au Pays basque, un guide pour lutter contre les accidents du travail - ACCIDENTDUTRAVAIL-IDF","description":"Au Pays basque, un guide pour lutter contre les accidents du travail article de ACCIDENTDUTRAVAIL-IDF","robots":{"index":"index","follow":"follow","max-snippet":"max-snippet:-1","max-image-preview":"max-image-preview:large","max-video-preview":"max-video-preview:-1"},"canonical":"https:\/\/www.accidentdutravail-idf.net\/blog\/au-pays-basque-un-guide-pour-lutter-contre-les-accidents-du-travail\/","og_locale":"fr_FR","og_type":"article","og_title":"Au Pays basque, un guide pour lutter contre les accidents du travail - ACCIDENTDUTRAVAIL-IDF","og_description":"Au Pays basque, un guide pour lutter contre les accidents du travail article de ACCIDENTDUTRAVAIL-IDF","og_url":"https:\/\/www.accidentdutravail-idf.net\/blog\/au-pays-basque-un-guide-pour-lutter-contre-les-accidents-du-travail\/","og_site_name":"ACCIDENTDUTRAVAIL-IDF","article_published_time":"2025-04-28T06:00:00+00:00","og_image":[{"url":"https:\/\/www.accidentdutravail-idf.net\/blog\/wp-content\/uploads\/2025\/04\/au-pays-basque-un-guide-pour-lutter-contre-les-accidents-du-travail.jpg","type":"","width":"","height":""}],"author":"Carlos Poulain","twitter_card":"summary_large_image","twitter_misc":{"\u00c9crit par":"Carlos Poulain","Dur\u00e9e de lecture estim\u00e9e":"2 minutes"},"schema":{"@context":"https:\/\/schema.org","@graph":[{"@type":"Article","@id":"https:\/\/www.accidentdutravail-idf.net\/blog\/au-pays-basque-un-guide-pour-lutter-contre-les-accidents-du-travail\/#article","isPartOf":{"@id":"https:\/\/www.accidentdutravail-idf.net\/blog\/au-pays-basque-un-guide-pour-lutter-contre-les-accidents-du-travail\/"},"author":{"name":"Carlos Poulain","@id":"https:\/\/www.accidentdutravail-idf.net\/blog\/#\/schema\/person\/3255d2f970de45e64bd9201f38e7b947"},"headline":"Au Pays basque, un guide pour lutter contre les accidents du travail","datePublished":"2025-04-28T06:00:00+00:00","mainEntityOfPage":{"@id":"https:\/\/www.accidentdutravail-idf.net\/blog\/au-pays-basque-un-guide-pour-lutter-contre-les-accidents-du-travail\/"},"wordCount":443,"publisher":{"@id":"https:\/\/www.accidentdutravail-idf.net\/blog\/#organization"},"image":{"@id":"https:\/\/www.accidentdutravail-idf.net\/blog\/au-pays-basque-un-guide-pour-lutter-contre-les-accidents-du-travail\/#primaryimage"},"thumbnailUrl":"https:\/\/www.accidentdutravail-idf.net\/blog\/wp-content\/uploads\/2025\/04\/au-pays-basque-un-guide-pour-lutter-contre-les-accidents-du-travail.jpg","articleSection":["S\u00e9curit\u00e9 Du Travail En Ile-De-France Et Divers:"],"inLanguage":"fr-FR"},{"@type":"WebPage","@id":"https:\/\/www.accidentdutravail-idf.net\/blog\/au-pays-basque-un-guide-pour-lutter-contre-les-accidents-du-travail\/","url":"https:\/\/www.accidentdutravail-idf.net\/blog\/au-pays-basque-un-guide-pour-lutter-contre-les-accidents-du-travail\/","name":"Au Pays basque, un guide pour lutter contre les accidents du travail - ACCIDENTDUTRAVAIL-IDF","isPartOf":{"@id":"https:\/\/www.accidentdutravail-idf.net\/blog\/#website"},"primaryImageOfPage":{"@id":"https:\/\/www.accidentdutravail-idf.net\/blog\/au-pays-basque-un-guide-pour-lutter-contre-les-accidents-du-travail\/#primaryimage"},"image":{"@id":"https:\/\/www.accidentdutravail-idf.net\/blog\/au-pays-basque-un-guide-pour-lutter-contre-les-accidents-du-travail\/#primaryimage"},"thumbnailUrl":"https:\/\/www.accidentdutravail-idf.net\/blog\/wp-content\/uploads\/2025\/04\/au-pays-basque-un-guide-pour-lutter-contre-les-accidents-du-travail.jpg","datePublished":"2025-04-28T06:00:00+00:00","description":"Au Pays basque, un guide pour lutter contre les accidents du travail article de ACCIDENTDUTRAVAIL-IDF","breadcrumb":{"@id":"https:\/\/www.accidentdutravail-idf.net\/blog\/au-pays-basque-un-guide-pour-lutter-contre-les-accidents-du-travail\/#breadcrumb"},"inLanguage":"fr-FR","potentialAction":[{"@type":"ReadAction","target":["https:\/\/www.accidentdutravail-idf.net\/blog\/au-pays-basque-un-guide-pour-lutter-contre-les-accidents-du-travail\/"]}]},{"@type":"ImageObject","inLanguage":"fr-FR","@id":"https:\/\/www.accidentdutravail-idf.net\/blog\/au-pays-basque-un-guide-pour-lutter-contre-les-accidents-du-travail\/#primaryimage","url":"https:\/\/www.accidentdutravail-idf.net\/blog\/wp-content\/uploads\/2025\/04\/au-pays-basque-un-guide-pour-lutter-contre-les-accidents-du-travail.jpg","contentUrl":"https:\/\/www.accidentdutravail-idf.net\/blog\/wp-content\/uploads\/2025\/04\/au-pays-basque-un-guide-pour-lutter-contre-les-accidents-du-travail.jpg"},{"@type":"BreadcrumbList","@id":"https:\/\/www.accidentdutravail-idf.net\/blog\/au-pays-basque-un-guide-pour-lutter-contre-les-accidents-du-travail\/#breadcrumb","itemListElement":[{"@type":"ListItem","position":1,"name":"Accueil","item":"https:\/\/www.accidentdutravail-idf.net\/blog\/"},{"@type":"ListItem","position":2,"name":"Au Pays basque, un guide pour lutter contre les accidents du travail"}]},{"@type":"WebSite","@id":"https:\/\/www.accidentdutravail-idf.net\/blog\/#website","url":"https:\/\/www.accidentdutravail-idf.net\/blog\/","name":"ACCIDENTDUTRAVAIL-IDF","description":"Portail accidents du travail-maladies professionnelles des entreprises d&#039;Ile-de-France","publisher":{"@id":"https:\/\/www.accidentdutravail-idf.net\/blog\/#organization"},"potentialAction":[{"@type":"SearchAction","target":{"@type":"EntryPoint","urlTemplate":"https:\/\/www.accidentdutravail-idf.net\/blog\/?s={search_term_string}"},"query-input":{"@type":"PropertyValueSpecification","valueRequired":true,"valueName":"search_term_string"}}],"inLanguage":"fr-FR"},{"@type":"Organization","@id":"https:\/\/www.accidentdutravail-idf.net\/blog\/#organization","name":"accidentdutravail-idf","url":"https:\/\/www.accidentdutravail-idf.net\/blog\/","logo":{"@type":"ImageObject","inLanguage":"fr-FR","@id":"https:\/\/www.accidentdutravail-idf.net\/blog\/#\/schema\/logo\/image\/","url":"https:\/\/www.accidentdutravail-idf.net\/blog\/wp-content\/uploads\/2022\/09\/logo-2.png","contentUrl":"https:\/\/www.accidentdutravail-idf.net\/blog\/wp-content\/uploads\/2022\/09\/logo-2.png","width":380,"height":291,"caption":"accidentdutravail-idf"},"image":{"@id":"https:\/\/www.accidentdutravail-idf.net\/blog\/#\/schema\/logo\/image\/"}},{"@type":"Person","@id":"https:\/\/www.accidentdutravail-idf.net\/blog\/#\/schema\/person\/3255d2f970de45e64bd9201f38e7b947","name":"Carlos Poulain","image":{"@type":"ImageObject","inLanguage":"fr-FR","@id":"https:\/\/secure.gravatar.com\/avatar\/b1c2f9d3588e34e91adb093635df64ef4b2381991216be7576466cfcdca4baf3?s=96&d=mm&r=g","url":"https:\/\/secure.gravatar.com\/avatar\/b1c2f9d3588e34e91adb093635df64ef4b2381991216be7576466cfcdca4baf3?s=96&d=mm&r=g","contentUrl":"https:\/\/secure.gravatar.com\/avatar\/b1c2f9d3588e34e91adb093635df64ef4b2381991216be7576466cfcdca4baf3?s=96&d=mm&r=g","caption":"Carlos Poulain"},"url":"https:\/\/www.accidentdutravail-idf.net\/blog\/author\/idfcarlos\/"}]}},"_links":{"self":[{"href":"https:\/\/www.accidentdutravail-idf.net\/blog\/wp-json\/wp\/v2\/posts\/1403","targetHints":{"allow":["GET"]}}],"collection":[{"href":"https:\/\/www.accidentdutravail-idf.net\/blog\/wp-json\/wp\/v2\/posts"}],"about":[{"href":"https:\/\/www.accidentdutravail-idf.net\/blog\/wp-json\/wp\/v2\/types\/post"}],"author":[{"embeddable":true,"href":"https:\/\/www.accidentdutravail-idf.net\/blog\/wp-json\/wp\/v2\/users\/2"}],"replies":[{"embeddable":true,"href":"https:\/\/www.accidentdutravail-idf.net\/blog\/wp-json\/wp\/v2\/comments?post=1403"}],"version-history":[{"count":0,"href":"https:\/\/www.accidentdutravail-idf.net\/blog\/wp-json\/wp\/v2\/posts\/1403\/revisions"}],"wp:attachment":[{"href":"https:\/\/www.accidentdutravail-idf.net\/blog\/wp-json\/wp\/v2\/media?parent=1403"}],"wp:term":[{"taxonomy":"category","embeddable":true,"href":"https:\/\/www.accidentdutravail-idf.net\/blog\/wp-json\/wp\/v2\/categories?post=1403"},{"taxonomy":"post_tag","embeddable":true,"href":"https:\/\/www.accidentdutravail-idf.net\/blog\/wp-json\/wp\/v2\/tags?post=1403"}],"curies":[{"name":"wp","href":"https:\/\/api.w.org\/{rel}","templated":true}]}}