{"id":1354,"date":"2025-04-10T09:30:00","date_gmt":"2025-04-10T07:30:00","guid":{"rendered":"https:\/\/www.accidentdutravail-idf.net\/blog\/accidentes-de-la-vie-la-section-de-bergerac-a-tenu-46-permanences-en-2024\/"},"modified":"2025-04-10T09:30:00","modified_gmt":"2025-04-10T07:30:00","slug":"accidentes-de-la-vie-la-section-de-bergerac-a-tenu-46-permanences-en-2024","status":"publish","type":"post","link":"https:\/\/www.accidentdutravail-idf.net\/blog\/accidentes-de-la-vie-la-section-de-bergerac-a-tenu-46-permanences-en-2024\/","title":{"rendered":"Accident\u00e9s de la vie : la section de Bergerac a tenu 46 permanences en 2024"},"content":{"rendered":"<div><img decoding=\"async\" src=\"https:\/\/www.accidentdutravail-idf.net\/blog\/wp-content\/uploads\/2025\/04\/accidentes-de-la-vie-la-section-de-bergerac-a-tenu-46-permanences-en-2024.jpg\" class=\"ff-og-image-inserted\"><\/div>\n<p>Une trentaine de personnes ont assist\u00e9 \u00e0 l\u2019assembl\u00e9e g\u00e9n\u00e9rale de la section de Bergerac de la F\u00e9d\u00e9ration nationale des accident\u00e9s du travail et des handicap\u00e9s (Fnath), qui s\u2019est tenue samedi 15&nbsp;mars. La structure accompagne les personnes victimes d\u2019accidents du travail, mais aussi d\u2019accidents de la vie, de maladies et de handicaps.<\/p>\n<p>Aux c\u00f4t\u00e9s des membres, \u00e9taient pr\u00e9sents le conseiller r\u00e9gional Christophe Cathus et l\u2019adjointe au maire de Lamonzie-Saint-Martin, Sandra H\u00e8ble.<\/p>\n<p>La r\u00e9union a permis de rappeler les diff\u00e9rents types d\u2019adh\u00e9sion existants&nbsp;: cotisation simple (62&nbsp;euros)&nbsp;; cotisation bienfaiteur (111&nbsp;euros)&nbsp;; cotisation plus (280&nbsp;euros), qui inclut une assistance \u00e9tendue en repr\u00e9sentation judiciaire. Le d\u00e9but d\u2019ann\u00e9e a \u00e9t\u00e9 marqu\u00e9 par quelques nouvelles adh\u00e9sions.<\/p>\n<h2 class=\"article-subtitle\">Une section active<\/h2>\n<p>En mati\u00e8re d\u2019information des membres, mais aussi de tout public, l\u2019ann\u00e9e 2024 a vu la section de Bergerac tenir 46 permanences, dont neuf en pr\u00e9sence de juristes. \u00ab&nbsp;Concernant la communication grand public, nous \u00e9tions \u00e9galement pr\u00e9sents au Forum des associations de Bergerac&nbsp;\u00bb, a pr\u00e9cis\u00e9 le pr\u00e9sident de la section, Georges Poucant.<\/p>\n<p>L\u2019ann\u00e9e pass\u00e9e a aussi vu la section participer \u00e0 trois conseils d\u2019administration d\u00e9partementaux, \u00e0 P\u00e9rigueux, et envoyer quatre repr\u00e9sentants au congr\u00e8s interd\u00e9partemental du 31&nbsp;mai.<\/p>\n<p>De son c\u00f4t\u00e9, le porte-drapeau de la section, Marc Gady, a particip\u00e9 aux c\u00e9r\u00e9monies officielles des 8&nbsp;mai, 14&nbsp;juillet, 11&nbsp;novembre et \u00e0 l\u2019installation du nouveau sous-pr\u00e9fet de Bergerac.<\/p>\n<p>Sur le plan financier, l\u2019exercice \u00e9coul\u00e9 a enregistr\u00e9 un d\u00e9ficit de 704,41 \u20ac. Les aides accord\u00e9es \u00e0 la structure ont baiss\u00e9. Ainsi, en 2024, la Fnath n\u2019a rien per\u00e7u au titre du Fonds pour le d\u00e9veloppement de la vie associative (FDVA), alors que la subvention du Conseil d\u00e9partemental a baiss\u00e9 de 33&nbsp;%.<\/p>\n<p>Enfin, le pr\u00e9sident du groupement Sud-Ouest de la Fnath, Ren\u00e9 Panouill\u00e8re, a mis en avant la cr\u00e9ation du site Internet du groupement, que l\u2019on peut consulter \u00e0 l\u2019adresse fnathsudouest.odoo.com.<\/p>\n<p> accidentdutravail-idf.net vous a pr\u00e9par\u00e9 ce post qui informe du sujet \u00ab\u00a0Association Sportive Huisson-Longueville Essonne\u00a0\u00bb. La chronique se veut g\u00e9n\u00e9r\u00e9e du mieux possible. Vous pouvez utiliser les coordonn\u00e9es indiqu\u00e9es sur le site dans le but d\u2019apporter des explications sur ce post qui parle du th\u00e8me \u00ab\u00a0Association Sportive Huisson-Longueville Essonne\u00a0\u00bb. Le site accidentdutravail-idf.net a pour but de fournir diverses publications sur la th\u00e9matique Association Sportive Huisson-Longueville Essonne diffus\u00e9es sur le net. Il y aura plusieurs articles autour du sujet \u00ab\u00a0Association Sportive Huisson-Longueville Essonne\u00a0\u00bb dans quelques jours, nous vous invitons \u00e0 naviguer sur notre site web \u00e0 plusieurs reprises.<\/p>\n","protected":false},"excerpt":{"rendered":"<p>Une trentaine de personnes ont assist\u00e9 \u00e0 l\u2019assembl\u00e9e g\u00e9n\u00e9rale de la section de Bergerac de la F\u00e9d\u00e9ration nationale des accident\u00e9s du travail et des handicap\u00e9s (Fnath), qui s\u2019est tenue samedi 15&nbsp;mars. La structure accompagne les personnes victimes d\u2019accidents du travail, mais aussi d\u2019accidents de la vie, de maladies et de handicaps. Aux c\u00f4t\u00e9s des membres, &hellip; <\/p>\n<p class=\"link-more\"><a href=\"https:\/\/www.accidentdutravail-idf.net\/blog\/accidentes-de-la-vie-la-section-de-bergerac-a-tenu-46-permanences-en-2024\/\" class=\"more-link\">Continuer la lecture <span class=\"screen-reader-text\"> \u00ab\u00a0Accident\u00e9s de la vie : la section de Bergerac a tenu 46 permanences en 2024\u00a0\u00bb<\/span><\/a><\/p>\n","protected":false},"author":2,"featured_media":0,"comment_status":"closed","ping_status":"closed","sticky":false,"template":"","format":"standard","meta":{"footnotes":""},"categories":[5],"tags":[],"class_list":["post-1354","post","type-post","status-publish","format-standard","hentry","category-securite-du-travail-en-ile-de-france-et-divers","entry"],"yoast_head":"<!-- This site is optimized with the Yoast SEO plugin v27.5 - https:\/\/yoast.com\/product\/yoast-seo-wordpress\/ -->\n<title>Accident\u00e9s de la vie : la section de Bergerac a tenu 46 permanences en 2024 - ACCIDENTDUTRAVAIL-IDF<\/title>\n<meta name=\"description\" content=\"Accident\u00e9s de la vie : la section de Bergerac a tenu 46 permanences en 2024 article de ACCIDENTDUTRAVAIL-IDF\" \/>\n<meta name=\"robots\" content=\"index, follow, max-snippet:-1, max-image-preview:large, max-video-preview:-1\" \/>\n<link rel=\"canonical\" href=\"https:\/\/www.accidentdutravail-idf.net\/blog\/accidentes-de-la-vie-la-section-de-bergerac-a-tenu-46-permanences-en-2024\/\" \/>\n<meta property=\"og:locale\" content=\"fr_FR\" \/>\n<meta property=\"og:type\" content=\"article\" \/>\n<meta property=\"og:title\" content=\"Accident\u00e9s de la vie : la section de Bergerac a tenu 46 permanences en 2024 - ACCIDENTDUTRAVAIL-IDF\" \/>\n<meta property=\"og:description\" content=\"Accident\u00e9s de la vie : la section de Bergerac a tenu 46 permanences en 2024 article de ACCIDENTDUTRAVAIL-IDF\" \/>\n<meta property=\"og:url\" content=\"https:\/\/www.accidentdutravail-idf.net\/blog\/accidentes-de-la-vie-la-section-de-bergerac-a-tenu-46-permanences-en-2024\/\" \/>\n<meta property=\"og:site_name\" content=\"ACCIDENTDUTRAVAIL-IDF\" \/>\n<meta property=\"article:published_time\" content=\"2025-04-10T07:30:00+00:00\" \/>\n<meta property=\"og:image\" content=\"https:\/\/www.accidentdutravail-idf.net\/blog\/wp-content\/uploads\/2025\/04\/accidentes-de-la-vie-la-section-de-bergerac-a-tenu-46-permanences-en-2024.jpg\" \/>\n<meta name=\"author\" content=\"Carlos Poulain\" \/>\n<meta name=\"twitter:card\" content=\"summary_large_image\" \/>\n<meta name=\"twitter:label1\" content=\"\u00c9crit par\" \/>\n\t<meta name=\"twitter:data1\" content=\"Carlos Poulain\" \/>\n\t<meta name=\"twitter:label2\" content=\"Dur\u00e9e de lecture estim\u00e9e\" \/>\n\t<meta name=\"twitter:data2\" content=\"2 minutes\" \/>\n<script type=\"application\/ld+json\" class=\"yoast-schema-graph\">{\"@context\":\"https:\\\/\\\/schema.org\",\"@graph\":[{\"@type\":\"Article\",\"@id\":\"https:\\\/\\\/www.accidentdutravail-idf.net\\\/blog\\\/accidentes-de-la-vie-la-section-de-bergerac-a-tenu-46-permanences-en-2024\\\/#article\",\"isPartOf\":{\"@id\":\"https:\\\/\\\/www.accidentdutravail-idf.net\\\/blog\\\/accidentes-de-la-vie-la-section-de-bergerac-a-tenu-46-permanences-en-2024\\\/\"},\"author\":{\"name\":\"Carlos Poulain\",\"@id\":\"https:\\\/\\\/www.accidentdutravail-idf.net\\\/blog\\\/#\\\/schema\\\/person\\\/3255d2f970de45e64bd9201f38e7b947\"},\"headline\":\"Accident\u00e9s de la vie : la section de Bergerac a tenu 46 permanences en 2024\",\"datePublished\":\"2025-04-10T07:30:00+00:00\",\"mainEntityOfPage\":{\"@id\":\"https:\\\/\\\/www.accidentdutravail-idf.net\\\/blog\\\/accidentes-de-la-vie-la-section-de-bergerac-a-tenu-46-permanences-en-2024\\\/\"},\"wordCount\":477,\"publisher\":{\"@id\":\"https:\\\/\\\/www.accidentdutravail-idf.net\\\/blog\\\/#organization\"},\"image\":{\"@id\":\"https:\\\/\\\/www.accidentdutravail-idf.net\\\/blog\\\/accidentes-de-la-vie-la-section-de-bergerac-a-tenu-46-permanences-en-2024\\\/#primaryimage\"},\"thumbnailUrl\":\"https:\\\/\\\/www.accidentdutravail-idf.net\\\/blog\\\/wp-content\\\/uploads\\\/2025\\\/04\\\/accidentes-de-la-vie-la-section-de-bergerac-a-tenu-46-permanences-en-2024.jpg\",\"articleSection\":[\"S\u00e9curit\u00e9 Du Travail En Ile-De-France Et Divers:\"],\"inLanguage\":\"fr-FR\"},{\"@type\":\"WebPage\",\"@id\":\"https:\\\/\\\/www.accidentdutravail-idf.net\\\/blog\\\/accidentes-de-la-vie-la-section-de-bergerac-a-tenu-46-permanences-en-2024\\\/\",\"url\":\"https:\\\/\\\/www.accidentdutravail-idf.net\\\/blog\\\/accidentes-de-la-vie-la-section-de-bergerac-a-tenu-46-permanences-en-2024\\\/\",\"name\":\"Accident\u00e9s de la vie : la section de Bergerac a tenu 46 permanences en 2024 - ACCIDENTDUTRAVAIL-IDF\",\"isPartOf\":{\"@id\":\"https:\\\/\\\/www.accidentdutravail-idf.net\\\/blog\\\/#website\"},\"primaryImageOfPage\":{\"@id\":\"https:\\\/\\\/www.accidentdutravail-idf.net\\\/blog\\\/accidentes-de-la-vie-la-section-de-bergerac-a-tenu-46-permanences-en-2024\\\/#primaryimage\"},\"image\":{\"@id\":\"https:\\\/\\\/www.accidentdutravail-idf.net\\\/blog\\\/accidentes-de-la-vie-la-section-de-bergerac-a-tenu-46-permanences-en-2024\\\/#primaryimage\"},\"thumbnailUrl\":\"https:\\\/\\\/www.accidentdutravail-idf.net\\\/blog\\\/wp-content\\\/uploads\\\/2025\\\/04\\\/accidentes-de-la-vie-la-section-de-bergerac-a-tenu-46-permanences-en-2024.jpg\",\"datePublished\":\"2025-04-10T07:30:00+00:00\",\"description\":\"Accident\u00e9s de la vie : la section de Bergerac a tenu 46 permanences en 2024 article de ACCIDENTDUTRAVAIL-IDF\",\"breadcrumb\":{\"@id\":\"https:\\\/\\\/www.accidentdutravail-idf.net\\\/blog\\\/accidentes-de-la-vie-la-section-de-bergerac-a-tenu-46-permanences-en-2024\\\/#breadcrumb\"},\"inLanguage\":\"fr-FR\",\"potentialAction\":[{\"@type\":\"ReadAction\",\"target\":[\"https:\\\/\\\/www.accidentdutravail-idf.net\\\/blog\\\/accidentes-de-la-vie-la-section-de-bergerac-a-tenu-46-permanences-en-2024\\\/\"]}]},{\"@type\":\"ImageObject\",\"inLanguage\":\"fr-FR\",\"@id\":\"https:\\\/\\\/www.accidentdutravail-idf.net\\\/blog\\\/accidentes-de-la-vie-la-section-de-bergerac-a-tenu-46-permanences-en-2024\\\/#primaryimage\",\"url\":\"https:\\\/\\\/www.accidentdutravail-idf.net\\\/blog\\\/wp-content\\\/uploads\\\/2025\\\/04\\\/accidentes-de-la-vie-la-section-de-bergerac-a-tenu-46-permanences-en-2024.jpg\",\"contentUrl\":\"https:\\\/\\\/www.accidentdutravail-idf.net\\\/blog\\\/wp-content\\\/uploads\\\/2025\\\/04\\\/accidentes-de-la-vie-la-section-de-bergerac-a-tenu-46-permanences-en-2024.jpg\"},{\"@type\":\"BreadcrumbList\",\"@id\":\"https:\\\/\\\/www.accidentdutravail-idf.net\\\/blog\\\/accidentes-de-la-vie-la-section-de-bergerac-a-tenu-46-permanences-en-2024\\\/#breadcrumb\",\"itemListElement\":[{\"@type\":\"ListItem\",\"position\":1,\"name\":\"Accueil\",\"item\":\"https:\\\/\\\/www.accidentdutravail-idf.net\\\/blog\\\/\"},{\"@type\":\"ListItem\",\"position\":2,\"name\":\"Accident\u00e9s de la vie : la section de Bergerac a tenu 46 permanences en 2024\"}]},{\"@type\":\"WebSite\",\"@id\":\"https:\\\/\\\/www.accidentdutravail-idf.net\\\/blog\\\/#website\",\"url\":\"https:\\\/\\\/www.accidentdutravail-idf.net\\\/blog\\\/\",\"name\":\"ACCIDENTDUTRAVAIL-IDF\",\"description\":\"Portail accidents du travail-maladies professionnelles des entreprises d&#039;Ile-de-France\",\"publisher\":{\"@id\":\"https:\\\/\\\/www.accidentdutravail-idf.net\\\/blog\\\/#organization\"},\"potentialAction\":[{\"@type\":\"SearchAction\",\"target\":{\"@type\":\"EntryPoint\",\"urlTemplate\":\"https:\\\/\\\/www.accidentdutravail-idf.net\\\/blog\\\/?s={search_term_string}\"},\"query-input\":{\"@type\":\"PropertyValueSpecification\",\"valueRequired\":true,\"valueName\":\"search_term_string\"}}],\"inLanguage\":\"fr-FR\"},{\"@type\":\"Organization\",\"@id\":\"https:\\\/\\\/www.accidentdutravail-idf.net\\\/blog\\\/#organization\",\"name\":\"accidentdutravail-idf\",\"url\":\"https:\\\/\\\/www.accidentdutravail-idf.net\\\/blog\\\/\",\"logo\":{\"@type\":\"ImageObject\",\"inLanguage\":\"fr-FR\",\"@id\":\"https:\\\/\\\/www.accidentdutravail-idf.net\\\/blog\\\/#\\\/schema\\\/logo\\\/image\\\/\",\"url\":\"https:\\\/\\\/www.accidentdutravail-idf.net\\\/blog\\\/wp-content\\\/uploads\\\/2022\\\/09\\\/logo-2.png\",\"contentUrl\":\"https:\\\/\\\/www.accidentdutravail-idf.net\\\/blog\\\/wp-content\\\/uploads\\\/2022\\\/09\\\/logo-2.png\",\"width\":380,\"height\":291,\"caption\":\"accidentdutravail-idf\"},\"image\":{\"@id\":\"https:\\\/\\\/www.accidentdutravail-idf.net\\\/blog\\\/#\\\/schema\\\/logo\\\/image\\\/\"}},{\"@type\":\"Person\",\"@id\":\"https:\\\/\\\/www.accidentdutravail-idf.net\\\/blog\\\/#\\\/schema\\\/person\\\/3255d2f970de45e64bd9201f38e7b947\",\"name\":\"Carlos Poulain\",\"image\":{\"@type\":\"ImageObject\",\"inLanguage\":\"fr-FR\",\"@id\":\"https:\\\/\\\/secure.gravatar.com\\\/avatar\\\/b1c2f9d3588e34e91adb093635df64ef4b2381991216be7576466cfcdca4baf3?s=96&d=mm&r=g\",\"url\":\"https:\\\/\\\/secure.gravatar.com\\\/avatar\\\/b1c2f9d3588e34e91adb093635df64ef4b2381991216be7576466cfcdca4baf3?s=96&d=mm&r=g\",\"contentUrl\":\"https:\\\/\\\/secure.gravatar.com\\\/avatar\\\/b1c2f9d3588e34e91adb093635df64ef4b2381991216be7576466cfcdca4baf3?s=96&d=mm&r=g\",\"caption\":\"Carlos Poulain\"},\"url\":\"https:\\\/\\\/www.accidentdutravail-idf.net\\\/blog\\\/author\\\/idfcarlos\\\/\"}]}<\/script>\n<!-- \/ Yoast SEO plugin. -->","yoast_head_json":{"title":"Accident\u00e9s de la vie : la section de Bergerac a tenu 46 permanences en 2024 - ACCIDENTDUTRAVAIL-IDF","description":"Accident\u00e9s de la vie : la section de Bergerac a tenu 46 permanences en 2024 article de ACCIDENTDUTRAVAIL-IDF","robots":{"index":"index","follow":"follow","max-snippet":"max-snippet:-1","max-image-preview":"max-image-preview:large","max-video-preview":"max-video-preview:-1"},"canonical":"https:\/\/www.accidentdutravail-idf.net\/blog\/accidentes-de-la-vie-la-section-de-bergerac-a-tenu-46-permanences-en-2024\/","og_locale":"fr_FR","og_type":"article","og_title":"Accident\u00e9s de la vie : la section de Bergerac a tenu 46 permanences en 2024 - ACCIDENTDUTRAVAIL-IDF","og_description":"Accident\u00e9s de la vie : la section de Bergerac a tenu 46 permanences en 2024 article de ACCIDENTDUTRAVAIL-IDF","og_url":"https:\/\/www.accidentdutravail-idf.net\/blog\/accidentes-de-la-vie-la-section-de-bergerac-a-tenu-46-permanences-en-2024\/","og_site_name":"ACCIDENTDUTRAVAIL-IDF","article_published_time":"2025-04-10T07:30:00+00:00","og_image":[{"url":"https:\/\/www.accidentdutravail-idf.net\/blog\/wp-content\/uploads\/2025\/04\/accidentes-de-la-vie-la-section-de-bergerac-a-tenu-46-permanences-en-2024.jpg","type":"","width":"","height":""}],"author":"Carlos Poulain","twitter_card":"summary_large_image","twitter_misc":{"\u00c9crit par":"Carlos Poulain","Dur\u00e9e de lecture estim\u00e9e":"2 minutes"},"schema":{"@context":"https:\/\/schema.org","@graph":[{"@type":"Article","@id":"https:\/\/www.accidentdutravail-idf.net\/blog\/accidentes-de-la-vie-la-section-de-bergerac-a-tenu-46-permanences-en-2024\/#article","isPartOf":{"@id":"https:\/\/www.accidentdutravail-idf.net\/blog\/accidentes-de-la-vie-la-section-de-bergerac-a-tenu-46-permanences-en-2024\/"},"author":{"name":"Carlos Poulain","@id":"https:\/\/www.accidentdutravail-idf.net\/blog\/#\/schema\/person\/3255d2f970de45e64bd9201f38e7b947"},"headline":"Accident\u00e9s de la vie : la section de Bergerac a tenu 46 permanences en 2024","datePublished":"2025-04-10T07:30:00+00:00","mainEntityOfPage":{"@id":"https:\/\/www.accidentdutravail-idf.net\/blog\/accidentes-de-la-vie-la-section-de-bergerac-a-tenu-46-permanences-en-2024\/"},"wordCount":477,"publisher":{"@id":"https:\/\/www.accidentdutravail-idf.net\/blog\/#organization"},"image":{"@id":"https:\/\/www.accidentdutravail-idf.net\/blog\/accidentes-de-la-vie-la-section-de-bergerac-a-tenu-46-permanences-en-2024\/#primaryimage"},"thumbnailUrl":"https:\/\/www.accidentdutravail-idf.net\/blog\/wp-content\/uploads\/2025\/04\/accidentes-de-la-vie-la-section-de-bergerac-a-tenu-46-permanences-en-2024.jpg","articleSection":["S\u00e9curit\u00e9 Du Travail En Ile-De-France Et Divers:"],"inLanguage":"fr-FR"},{"@type":"WebPage","@id":"https:\/\/www.accidentdutravail-idf.net\/blog\/accidentes-de-la-vie-la-section-de-bergerac-a-tenu-46-permanences-en-2024\/","url":"https:\/\/www.accidentdutravail-idf.net\/blog\/accidentes-de-la-vie-la-section-de-bergerac-a-tenu-46-permanences-en-2024\/","name":"Accident\u00e9s de la vie : la section de Bergerac a tenu 46 permanences en 2024 - ACCIDENTDUTRAVAIL-IDF","isPartOf":{"@id":"https:\/\/www.accidentdutravail-idf.net\/blog\/#website"},"primaryImageOfPage":{"@id":"https:\/\/www.accidentdutravail-idf.net\/blog\/accidentes-de-la-vie-la-section-de-bergerac-a-tenu-46-permanences-en-2024\/#primaryimage"},"image":{"@id":"https:\/\/www.accidentdutravail-idf.net\/blog\/accidentes-de-la-vie-la-section-de-bergerac-a-tenu-46-permanences-en-2024\/#primaryimage"},"thumbnailUrl":"https:\/\/www.accidentdutravail-idf.net\/blog\/wp-content\/uploads\/2025\/04\/accidentes-de-la-vie-la-section-de-bergerac-a-tenu-46-permanences-en-2024.jpg","datePublished":"2025-04-10T07:30:00+00:00","description":"Accident\u00e9s de la vie : la section de Bergerac a tenu 46 permanences en 2024 article de ACCIDENTDUTRAVAIL-IDF","breadcrumb":{"@id":"https:\/\/www.accidentdutravail-idf.net\/blog\/accidentes-de-la-vie-la-section-de-bergerac-a-tenu-46-permanences-en-2024\/#breadcrumb"},"inLanguage":"fr-FR","potentialAction":[{"@type":"ReadAction","target":["https:\/\/www.accidentdutravail-idf.net\/blog\/accidentes-de-la-vie-la-section-de-bergerac-a-tenu-46-permanences-en-2024\/"]}]},{"@type":"ImageObject","inLanguage":"fr-FR","@id":"https:\/\/www.accidentdutravail-idf.net\/blog\/accidentes-de-la-vie-la-section-de-bergerac-a-tenu-46-permanences-en-2024\/#primaryimage","url":"https:\/\/www.accidentdutravail-idf.net\/blog\/wp-content\/uploads\/2025\/04\/accidentes-de-la-vie-la-section-de-bergerac-a-tenu-46-permanences-en-2024.jpg","contentUrl":"https:\/\/www.accidentdutravail-idf.net\/blog\/wp-content\/uploads\/2025\/04\/accidentes-de-la-vie-la-section-de-bergerac-a-tenu-46-permanences-en-2024.jpg"},{"@type":"BreadcrumbList","@id":"https:\/\/www.accidentdutravail-idf.net\/blog\/accidentes-de-la-vie-la-section-de-bergerac-a-tenu-46-permanences-en-2024\/#breadcrumb","itemListElement":[{"@type":"ListItem","position":1,"name":"Accueil","item":"https:\/\/www.accidentdutravail-idf.net\/blog\/"},{"@type":"ListItem","position":2,"name":"Accident\u00e9s de la vie : la section de Bergerac a tenu 46 permanences en 2024"}]},{"@type":"WebSite","@id":"https:\/\/www.accidentdutravail-idf.net\/blog\/#website","url":"https:\/\/www.accidentdutravail-idf.net\/blog\/","name":"ACCIDENTDUTRAVAIL-IDF","description":"Portail accidents du travail-maladies professionnelles des entreprises d&#039;Ile-de-France","publisher":{"@id":"https:\/\/www.accidentdutravail-idf.net\/blog\/#organization"},"potentialAction":[{"@type":"SearchAction","target":{"@type":"EntryPoint","urlTemplate":"https:\/\/www.accidentdutravail-idf.net\/blog\/?s={search_term_string}"},"query-input":{"@type":"PropertyValueSpecification","valueRequired":true,"valueName":"search_term_string"}}],"inLanguage":"fr-FR"},{"@type":"Organization","@id":"https:\/\/www.accidentdutravail-idf.net\/blog\/#organization","name":"accidentdutravail-idf","url":"https:\/\/www.accidentdutravail-idf.net\/blog\/","logo":{"@type":"ImageObject","inLanguage":"fr-FR","@id":"https:\/\/www.accidentdutravail-idf.net\/blog\/#\/schema\/logo\/image\/","url":"https:\/\/www.accidentdutravail-idf.net\/blog\/wp-content\/uploads\/2022\/09\/logo-2.png","contentUrl":"https:\/\/www.accidentdutravail-idf.net\/blog\/wp-content\/uploads\/2022\/09\/logo-2.png","width":380,"height":291,"caption":"accidentdutravail-idf"},"image":{"@id":"https:\/\/www.accidentdutravail-idf.net\/blog\/#\/schema\/logo\/image\/"}},{"@type":"Person","@id":"https:\/\/www.accidentdutravail-idf.net\/blog\/#\/schema\/person\/3255d2f970de45e64bd9201f38e7b947","name":"Carlos Poulain","image":{"@type":"ImageObject","inLanguage":"fr-FR","@id":"https:\/\/secure.gravatar.com\/avatar\/b1c2f9d3588e34e91adb093635df64ef4b2381991216be7576466cfcdca4baf3?s=96&d=mm&r=g","url":"https:\/\/secure.gravatar.com\/avatar\/b1c2f9d3588e34e91adb093635df64ef4b2381991216be7576466cfcdca4baf3?s=96&d=mm&r=g","contentUrl":"https:\/\/secure.gravatar.com\/avatar\/b1c2f9d3588e34e91adb093635df64ef4b2381991216be7576466cfcdca4baf3?s=96&d=mm&r=g","caption":"Carlos Poulain"},"url":"https:\/\/www.accidentdutravail-idf.net\/blog\/author\/idfcarlos\/"}]}},"_links":{"self":[{"href":"https:\/\/www.accidentdutravail-idf.net\/blog\/wp-json\/wp\/v2\/posts\/1354","targetHints":{"allow":["GET"]}}],"collection":[{"href":"https:\/\/www.accidentdutravail-idf.net\/blog\/wp-json\/wp\/v2\/posts"}],"about":[{"href":"https:\/\/www.accidentdutravail-idf.net\/blog\/wp-json\/wp\/v2\/types\/post"}],"author":[{"embeddable":true,"href":"https:\/\/www.accidentdutravail-idf.net\/blog\/wp-json\/wp\/v2\/users\/2"}],"replies":[{"embeddable":true,"href":"https:\/\/www.accidentdutravail-idf.net\/blog\/wp-json\/wp\/v2\/comments?post=1354"}],"version-history":[{"count":0,"href":"https:\/\/www.accidentdutravail-idf.net\/blog\/wp-json\/wp\/v2\/posts\/1354\/revisions"}],"wp:attachment":[{"href":"https:\/\/www.accidentdutravail-idf.net\/blog\/wp-json\/wp\/v2\/media?parent=1354"}],"wp:term":[{"taxonomy":"category","embeddable":true,"href":"https:\/\/www.accidentdutravail-idf.net\/blog\/wp-json\/wp\/v2\/categories?post=1354"},{"taxonomy":"post_tag","embeddable":true,"href":"https:\/\/www.accidentdutravail-idf.net\/blog\/wp-json\/wp\/v2\/tags?post=1354"}],"curies":[{"name":"wp","href":"https:\/\/api.w.org\/{rel}","templated":true}]}}