{"id":132,"date":"2022-09-06T17:33:39","date_gmt":"2022-09-06T15:33:39","guid":{"rendered":"https:\/\/www.site.cdcl.xyz\/2022\/09\/06\/gauche-france-poursuite-du-travail-du-comite-parisien-de-lutte-c-nupes-gauche-verolevieux\/"},"modified":"2022-09-06T17:33:39","modified_gmt":"2022-09-06T15:33:39","slug":"gauche-france-poursuite-du-travail-du-comite-parisien-de-lutte-c-nupes-gauche-verolevieux","status":"publish","type":"post","link":"https:\/\/www.accidentdutravail-idf.net\/blog\/gauche-france-poursuite-du-travail-du-comite-parisien-de-lutte-c-nupes-gauche-verolevieux\/","title":{"rendered":"Gauche France: Poursuite du travail du comit\u00e9 parisien de lutte c\u2026 #nupes #gauche @VeroLevieux"},"content":{"rendered":"<p>J\u2019ai relev\u00e9 un tweet discret sur les derniers tweets publi\u00e9s.<\/p>\n<p> Annonc\u00e9 sous la signature \u00abV\u00e9ronique Levieux\u00bb, l\u2019abonn\u00e9 twitter est connu avec le speudo @VeroLevieux.<\/p>\n<p>Pour m\u00e9moire revoil\u00e0 son profil:Adjointe \u00e0 la Maire de @Paris charg\u00e9e des Seniors et des solidarit\u00e9s entre les g\u00e9n\u00e9rations \u2022 Conseill\u00e8re D\u00e9l\u00e9gu\u00e9e (Socialiste) de #ParisCentre<\/p>\n<p>Vous pouvez examiner sa page sur ce lien :https:\/\/t.co\/UO6dgOSFPb<\/p>\n<p>Sachez que la date et l\u2019heure de publication est 2022-09-06 17:33:39.<\/p>\n<p>Voil\u00e0 lle \u00ab&nbsp;papier&nbsp;\u00bb dont il s\u2019agit : <\/p>\n<p><img decoding=\"async\" src=\"https:\/\/www.accidentdutravail-idf.net\/blog\/wp-content\/uploads\/2022\/10\/gauche-france-poursuite-du-travail-du-comite-parisien-de-lutte-c-nupes-gauche-verolevieux.jpg\"><\/p>\n<p><img decoding=\"async\" src=\"https:\/\/www.accidentdutravail-idf.net\/blog\/wp-content\/uploads\/2022\/10\/gauche-france-poursuite-du-travail-du-comite-parisien-de-lutte-c-nupes-gauche-verolevieux-1.jpg\"><br \/><img decoding=\"async\" src=\"https:\/\/www.accidentdutravail-idf.net\/blog\/wp-content\/uploads\/2022\/10\/gauche-france-poursuite-du-travail-du-comite-parisien-de-lutte-c-nupes-gauche-verolevieux-2.jpg\"><\/p>\n<p>Poursuite du travail du comit\u00e9 parisien de lutte contre l\u2019isolement des seniors \u00e0 l\u2019H\u00f4tel de Ville cet apr\u00e8s-midi. Merci aux nombreux participants de nous avoir partag\u00e9 leurs r\u00e9flexions et exp\u00e9riences pour construire un plan d\u2019action concret et ancr\u00e9 dans le territoire ! <a rel=\"nofollow noopener\" target=\"_blank\" href=\"https:\/\/t.co\/lDUgLgjvpq\">https:\/\/t.co\/lDUgLgjvpq<\/a><\/p>\n<p>Ce tweet a \u00e9t\u00e9 lik\u00e9 27 fois et a \u00e9t\u00e9 retwett\u00e9 10 fois.<\/p>\n<p>A lire:<\/p>\n<p>Syst\u00e8me des contradictions \u00e9conomiques ou Philosophie de la mis\u00e8re\/Chapitre 01.,<a href=\"https:\/\/fr.wikisource.org\/wiki\/Syst%C3%A8me_des_contradictions_%C3%A9conomiques_ou_Philosophie_de_la_mis%C3%A8re\/Chapitre_01\" target=\"_blank\" rel=\"noopener noreferrer nofollow\">R\u00e9f\u00e9rence lit\u00e9raire<\/a><span><\/span>.<\/p>\n<p>Le Communisme jug\u00e9 par l\u2019histoire\/Texte entier.,<a href=\"https:\/\/fr.wikisource.org\/wiki\/Le_Communisme_jug%C3%A9_par_l%E2%80%99histoire\/Texte_entier\" target=\"_blank\" rel=\"noopener noreferrer nofollow\">Pour en savoir plus<\/a><span><\/span>. A emprunter en biblioth\u00e8que.<\/p>\n<p>En travail : conversations sur le communisme.,<a href=\"https:\/\/booknode.com\/en_travail_conversations_sur_le_communisme_03429348\" target=\"_blank\" rel=\"noopener noreferrer nofollow\">Pour en savoir plus<\/a><span><\/span>.<\/p>\n","protected":false},"excerpt":{"rendered":"<p>J\u2019ai relev\u00e9 un tweet discret sur les derniers tweets publi\u00e9s. Annonc\u00e9 sous la signature \u00abV\u00e9ronique Levieux\u00bb, l\u2019abonn\u00e9 twitter est connu avec le speudo @VeroLevieux. Pour m\u00e9moire revoil\u00e0 son profil:Adjointe \u00e0 la Maire de @Paris charg\u00e9e des Seniors et des solidarit\u00e9s entre les g\u00e9n\u00e9rations \u2022 Conseill\u00e8re D\u00e9l\u00e9gu\u00e9e (Socialiste) de #ParisCentre Vous pouvez examiner sa page sur &hellip; <\/p>\n<p class=\"link-more\"><a href=\"https:\/\/www.accidentdutravail-idf.net\/blog\/gauche-france-poursuite-du-travail-du-comite-parisien-de-lutte-c-nupes-gauche-verolevieux\/\" class=\"more-link\">Continuer la lecture <span class=\"screen-reader-text\"> \u00ab\u00a0Gauche France: Poursuite du travail du comit\u00e9 parisien de lutte c\u2026 #nupes #gauche @VeroLevieux\u00a0\u00bb<\/span><\/a><\/p>\n","protected":false},"author":3,"featured_media":133,"comment_status":"closed","ping_status":"closed","sticky":false,"template":"","format":"standard","meta":{"footnotes":""},"categories":[3],"tags":[],"class_list":["post-132","post","type-post","status-publish","format-standard","has-post-thumbnail","hentry","category-securite-du-travail-en-ile-de-france-communiques","entry"],"yoast_head":"<!-- This site is optimized with the Yoast SEO plugin v27.5 - https:\/\/yoast.com\/product\/yoast-seo-wordpress\/ -->\n<title>Gauche France: Poursuite du travail du comit\u00e9 parisien de lutte c\u2026 #nupes #gauche @VeroLevieux - ACCIDENTDUTRAVAIL-IDF<\/title>\n<meta name=\"description\" content=\"Gauche France: Poursuite du travail du comit\u00e9 parisien de lutte c\u2026 #nupes #gauche @VeroLevieux article de ACCIDENTDUTRAVAIL-IDF\" \/>\n<meta name=\"robots\" content=\"index, follow, max-snippet:-1, max-image-preview:large, max-video-preview:-1\" \/>\n<link rel=\"canonical\" href=\"https:\/\/www.accidentdutravail-idf.net\/blog\/gauche-france-poursuite-du-travail-du-comite-parisien-de-lutte-c-nupes-gauche-verolevieux\/\" \/>\n<meta property=\"og:locale\" content=\"fr_FR\" \/>\n<meta property=\"og:type\" content=\"article\" \/>\n<meta property=\"og:title\" content=\"Gauche France: Poursuite du travail du comit\u00e9 parisien de lutte c\u2026 #nupes #gauche @VeroLevieux - ACCIDENTDUTRAVAIL-IDF\" \/>\n<meta property=\"og:description\" content=\"Gauche France: Poursuite du travail du comit\u00e9 parisien de lutte c\u2026 #nupes #gauche @VeroLevieux article de ACCIDENTDUTRAVAIL-IDF\" \/>\n<meta property=\"og:url\" content=\"https:\/\/www.accidentdutravail-idf.net\/blog\/gauche-france-poursuite-du-travail-du-comite-parisien-de-lutte-c-nupes-gauche-verolevieux\/\" \/>\n<meta property=\"og:site_name\" content=\"ACCIDENTDUTRAVAIL-IDF\" \/>\n<meta property=\"article:published_time\" content=\"2022-09-06T15:33:39+00:00\" \/>\n<meta property=\"og:image\" content=\"https:\/\/www.accidentdutravail-idf.net\/blog\/wp-content\/uploads\/2022\/10\/gauche-france-poursuite-du-travail-du-comite-parisien-de-lutte-c-nupes-gauche-verolevieux.jpg\" \/>\n<meta name=\"author\" content=\"Roxane BARLER\" \/>\n<meta name=\"twitter:card\" content=\"summary_large_image\" \/>\n<meta name=\"twitter:label1\" content=\"\u00c9crit par\" \/>\n\t<meta name=\"twitter:data1\" content=\"Roxane BARLER\" \/>\n\t<meta name=\"twitter:label2\" content=\"Dur\u00e9e de lecture estim\u00e9e\" \/>\n\t<meta name=\"twitter:data2\" content=\"1 minute\" \/>\n<script type=\"application\/ld+json\" class=\"yoast-schema-graph\">{\"@context\":\"https:\\\/\\\/schema.org\",\"@graph\":[{\"@type\":\"Article\",\"@id\":\"https:\\\/\\\/www.accidentdutravail-idf.net\\\/blog\\\/gauche-france-poursuite-du-travail-du-comite-parisien-de-lutte-c-nupes-gauche-verolevieux\\\/#article\",\"isPartOf\":{\"@id\":\"https:\\\/\\\/www.accidentdutravail-idf.net\\\/blog\\\/gauche-france-poursuite-du-travail-du-comite-parisien-de-lutte-c-nupes-gauche-verolevieux\\\/\"},\"author\":{\"name\":\"Roxane BARLER\",\"@id\":\"https:\\\/\\\/www.accidentdutravail-idf.net\\\/blog\\\/#\\\/schema\\\/person\\\/73aa09ba2db8f06bf1debf3a872bd6f9\"},\"headline\":\"Gauche France: Poursuite du travail du comit\u00e9 parisien de lutte c\u2026 #nupes #gauche @VeroLevieux\",\"datePublished\":\"2022-09-06T15:33:39+00:00\",\"mainEntityOfPage\":{\"@id\":\"https:\\\/\\\/www.accidentdutravail-idf.net\\\/blog\\\/gauche-france-poursuite-du-travail-du-comite-parisien-de-lutte-c-nupes-gauche-verolevieux\\\/\"},\"wordCount\":217,\"publisher\":{\"@id\":\"https:\\\/\\\/www.accidentdutravail-idf.net\\\/blog\\\/#organization\"},\"image\":{\"@id\":\"https:\\\/\\\/www.accidentdutravail-idf.net\\\/blog\\\/gauche-france-poursuite-du-travail-du-comite-parisien-de-lutte-c-nupes-gauche-verolevieux\\\/#primaryimage\"},\"thumbnailUrl\":\"https:\\\/\\\/www.accidentdutravail-idf.net\\\/blog\\\/wp-content\\\/uploads\\\/2022\\\/10\\\/gauche-france-poursuite-du-travail-du-comite-parisien-de-lutte-c-nupes-gauche-verolevieux.jpg\",\"articleSection\":[\"S\u00e9curit\u00e9 Du Travail En Ile-De-France Communiqu\u00e9s:\"],\"inLanguage\":\"fr-FR\"},{\"@type\":\"WebPage\",\"@id\":\"https:\\\/\\\/www.accidentdutravail-idf.net\\\/blog\\\/gauche-france-poursuite-du-travail-du-comite-parisien-de-lutte-c-nupes-gauche-verolevieux\\\/\",\"url\":\"https:\\\/\\\/www.accidentdutravail-idf.net\\\/blog\\\/gauche-france-poursuite-du-travail-du-comite-parisien-de-lutte-c-nupes-gauche-verolevieux\\\/\",\"name\":\"Gauche France: Poursuite du travail du comit\u00e9 parisien de lutte c\u2026 #nupes #gauche @VeroLevieux - ACCIDENTDUTRAVAIL-IDF\",\"isPartOf\":{\"@id\":\"https:\\\/\\\/www.accidentdutravail-idf.net\\\/blog\\\/#website\"},\"primaryImageOfPage\":{\"@id\":\"https:\\\/\\\/www.accidentdutravail-idf.net\\\/blog\\\/gauche-france-poursuite-du-travail-du-comite-parisien-de-lutte-c-nupes-gauche-verolevieux\\\/#primaryimage\"},\"image\":{\"@id\":\"https:\\\/\\\/www.accidentdutravail-idf.net\\\/blog\\\/gauche-france-poursuite-du-travail-du-comite-parisien-de-lutte-c-nupes-gauche-verolevieux\\\/#primaryimage\"},\"thumbnailUrl\":\"https:\\\/\\\/www.accidentdutravail-idf.net\\\/blog\\\/wp-content\\\/uploads\\\/2022\\\/10\\\/gauche-france-poursuite-du-travail-du-comite-parisien-de-lutte-c-nupes-gauche-verolevieux.jpg\",\"datePublished\":\"2022-09-06T15:33:39+00:00\",\"description\":\"Gauche France: Poursuite du travail du comit\u00e9 parisien de lutte c\u2026 #nupes #gauche @VeroLevieux article de ACCIDENTDUTRAVAIL-IDF\",\"breadcrumb\":{\"@id\":\"https:\\\/\\\/www.accidentdutravail-idf.net\\\/blog\\\/gauche-france-poursuite-du-travail-du-comite-parisien-de-lutte-c-nupes-gauche-verolevieux\\\/#breadcrumb\"},\"inLanguage\":\"fr-FR\",\"potentialAction\":[{\"@type\":\"ReadAction\",\"target\":[\"https:\\\/\\\/www.accidentdutravail-idf.net\\\/blog\\\/gauche-france-poursuite-du-travail-du-comite-parisien-de-lutte-c-nupes-gauche-verolevieux\\\/\"]}]},{\"@type\":\"ImageObject\",\"inLanguage\":\"fr-FR\",\"@id\":\"https:\\\/\\\/www.accidentdutravail-idf.net\\\/blog\\\/gauche-france-poursuite-du-travail-du-comite-parisien-de-lutte-c-nupes-gauche-verolevieux\\\/#primaryimage\",\"url\":\"https:\\\/\\\/www.accidentdutravail-idf.net\\\/blog\\\/wp-content\\\/uploads\\\/2022\\\/10\\\/gauche-france-poursuite-du-travail-du-comite-parisien-de-lutte-c-nupes-gauche-verolevieux.jpg\",\"contentUrl\":\"https:\\\/\\\/www.accidentdutravail-idf.net\\\/blog\\\/wp-content\\\/uploads\\\/2022\\\/10\\\/gauche-france-poursuite-du-travail-du-comite-parisien-de-lutte-c-nupes-gauche-verolevieux.jpg\",\"width\":1200,\"height\":900,\"caption\":\"gauche france poursuite du travail du comite parisien de lutte c nupes gauche verolevieux\"},{\"@type\":\"BreadcrumbList\",\"@id\":\"https:\\\/\\\/www.accidentdutravail-idf.net\\\/blog\\\/gauche-france-poursuite-du-travail-du-comite-parisien-de-lutte-c-nupes-gauche-verolevieux\\\/#breadcrumb\",\"itemListElement\":[{\"@type\":\"ListItem\",\"position\":1,\"name\":\"Accueil\",\"item\":\"https:\\\/\\\/www.accidentdutravail-idf.net\\\/blog\\\/\"},{\"@type\":\"ListItem\",\"position\":2,\"name\":\"Gauche France: Poursuite du travail du comit\u00e9 parisien de lutte c\u2026 #nupes #gauche @VeroLevieux\"}]},{\"@type\":\"WebSite\",\"@id\":\"https:\\\/\\\/www.accidentdutravail-idf.net\\\/blog\\\/#website\",\"url\":\"https:\\\/\\\/www.accidentdutravail-idf.net\\\/blog\\\/\",\"name\":\"ACCIDENTDUTRAVAIL-IDF\",\"description\":\"Portail accidents du travail-maladies professionnelles des entreprises d&#039;Ile-de-France\",\"publisher\":{\"@id\":\"https:\\\/\\\/www.accidentdutravail-idf.net\\\/blog\\\/#organization\"},\"potentialAction\":[{\"@type\":\"SearchAction\",\"target\":{\"@type\":\"EntryPoint\",\"urlTemplate\":\"https:\\\/\\\/www.accidentdutravail-idf.net\\\/blog\\\/?s={search_term_string}\"},\"query-input\":{\"@type\":\"PropertyValueSpecification\",\"valueRequired\":true,\"valueName\":\"search_term_string\"}}],\"inLanguage\":\"fr-FR\"},{\"@type\":\"Organization\",\"@id\":\"https:\\\/\\\/www.accidentdutravail-idf.net\\\/blog\\\/#organization\",\"name\":\"accidentdutravail-idf\",\"url\":\"https:\\\/\\\/www.accidentdutravail-idf.net\\\/blog\\\/\",\"logo\":{\"@type\":\"ImageObject\",\"inLanguage\":\"fr-FR\",\"@id\":\"https:\\\/\\\/www.accidentdutravail-idf.net\\\/blog\\\/#\\\/schema\\\/logo\\\/image\\\/\",\"url\":\"https:\\\/\\\/www.accidentdutravail-idf.net\\\/blog\\\/wp-content\\\/uploads\\\/2022\\\/09\\\/logo-2.png\",\"contentUrl\":\"https:\\\/\\\/www.accidentdutravail-idf.net\\\/blog\\\/wp-content\\\/uploads\\\/2022\\\/09\\\/logo-2.png\",\"width\":380,\"height\":291,\"caption\":\"accidentdutravail-idf\"},\"image\":{\"@id\":\"https:\\\/\\\/www.accidentdutravail-idf.net\\\/blog\\\/#\\\/schema\\\/logo\\\/image\\\/\"}},{\"@type\":\"Person\",\"@id\":\"https:\\\/\\\/www.accidentdutravail-idf.net\\\/blog\\\/#\\\/schema\\\/person\\\/73aa09ba2db8f06bf1debf3a872bd6f9\",\"name\":\"Roxane BARLER\",\"image\":{\"@type\":\"ImageObject\",\"inLanguage\":\"fr-FR\",\"@id\":\"https:\\\/\\\/secure.gravatar.com\\\/avatar\\\/0167a3f2fdd1b1378a9aef148e68e7656ab41c7534176836deba3d1e5d6dc5df?s=96&d=mm&r=g\",\"url\":\"https:\\\/\\\/secure.gravatar.com\\\/avatar\\\/0167a3f2fdd1b1378a9aef148e68e7656ab41c7534176836deba3d1e5d6dc5df?s=96&d=mm&r=g\",\"contentUrl\":\"https:\\\/\\\/secure.gravatar.com\\\/avatar\\\/0167a3f2fdd1b1378a9aef148e68e7656ab41c7534176836deba3d1e5d6dc5df?s=96&d=mm&r=g\",\"caption\":\"Roxane BARLER\"},\"url\":\"https:\\\/\\\/www.accidentdutravail-idf.net\\\/blog\\\/author\\\/idfroxane\\\/\"}]}<\/script>\n<!-- \/ Yoast SEO plugin. -->","yoast_head_json":{"title":"Gauche France: Poursuite du travail du comit\u00e9 parisien de lutte c\u2026 #nupes #gauche @VeroLevieux - ACCIDENTDUTRAVAIL-IDF","description":"Gauche France: Poursuite du travail du comit\u00e9 parisien de lutte c\u2026 #nupes #gauche @VeroLevieux article de ACCIDENTDUTRAVAIL-IDF","robots":{"index":"index","follow":"follow","max-snippet":"max-snippet:-1","max-image-preview":"max-image-preview:large","max-video-preview":"max-video-preview:-1"},"canonical":"https:\/\/www.accidentdutravail-idf.net\/blog\/gauche-france-poursuite-du-travail-du-comite-parisien-de-lutte-c-nupes-gauche-verolevieux\/","og_locale":"fr_FR","og_type":"article","og_title":"Gauche France: Poursuite du travail du comit\u00e9 parisien de lutte c\u2026 #nupes #gauche @VeroLevieux - ACCIDENTDUTRAVAIL-IDF","og_description":"Gauche France: Poursuite du travail du comit\u00e9 parisien de lutte c\u2026 #nupes #gauche @VeroLevieux article de ACCIDENTDUTRAVAIL-IDF","og_url":"https:\/\/www.accidentdutravail-idf.net\/blog\/gauche-france-poursuite-du-travail-du-comite-parisien-de-lutte-c-nupes-gauche-verolevieux\/","og_site_name":"ACCIDENTDUTRAVAIL-IDF","article_published_time":"2022-09-06T15:33:39+00:00","og_image":[{"url":"https:\/\/www.accidentdutravail-idf.net\/blog\/wp-content\/uploads\/2022\/10\/gauche-france-poursuite-du-travail-du-comite-parisien-de-lutte-c-nupes-gauche-verolevieux.jpg","type":"","width":"","height":""}],"author":"Roxane BARLER","twitter_card":"summary_large_image","twitter_misc":{"\u00c9crit par":"Roxane BARLER","Dur\u00e9e de lecture estim\u00e9e":"1 minute"},"schema":{"@context":"https:\/\/schema.org","@graph":[{"@type":"Article","@id":"https:\/\/www.accidentdutravail-idf.net\/blog\/gauche-france-poursuite-du-travail-du-comite-parisien-de-lutte-c-nupes-gauche-verolevieux\/#article","isPartOf":{"@id":"https:\/\/www.accidentdutravail-idf.net\/blog\/gauche-france-poursuite-du-travail-du-comite-parisien-de-lutte-c-nupes-gauche-verolevieux\/"},"author":{"name":"Roxane BARLER","@id":"https:\/\/www.accidentdutravail-idf.net\/blog\/#\/schema\/person\/73aa09ba2db8f06bf1debf3a872bd6f9"},"headline":"Gauche France: Poursuite du travail du comit\u00e9 parisien de lutte c\u2026 #nupes #gauche @VeroLevieux","datePublished":"2022-09-06T15:33:39+00:00","mainEntityOfPage":{"@id":"https:\/\/www.accidentdutravail-idf.net\/blog\/gauche-france-poursuite-du-travail-du-comite-parisien-de-lutte-c-nupes-gauche-verolevieux\/"},"wordCount":217,"publisher":{"@id":"https:\/\/www.accidentdutravail-idf.net\/blog\/#organization"},"image":{"@id":"https:\/\/www.accidentdutravail-idf.net\/blog\/gauche-france-poursuite-du-travail-du-comite-parisien-de-lutte-c-nupes-gauche-verolevieux\/#primaryimage"},"thumbnailUrl":"https:\/\/www.accidentdutravail-idf.net\/blog\/wp-content\/uploads\/2022\/10\/gauche-france-poursuite-du-travail-du-comite-parisien-de-lutte-c-nupes-gauche-verolevieux.jpg","articleSection":["S\u00e9curit\u00e9 Du Travail En Ile-De-France Communiqu\u00e9s:"],"inLanguage":"fr-FR"},{"@type":"WebPage","@id":"https:\/\/www.accidentdutravail-idf.net\/blog\/gauche-france-poursuite-du-travail-du-comite-parisien-de-lutte-c-nupes-gauche-verolevieux\/","url":"https:\/\/www.accidentdutravail-idf.net\/blog\/gauche-france-poursuite-du-travail-du-comite-parisien-de-lutte-c-nupes-gauche-verolevieux\/","name":"Gauche France: Poursuite du travail du comit\u00e9 parisien de lutte c\u2026 #nupes #gauche @VeroLevieux - ACCIDENTDUTRAVAIL-IDF","isPartOf":{"@id":"https:\/\/www.accidentdutravail-idf.net\/blog\/#website"},"primaryImageOfPage":{"@id":"https:\/\/www.accidentdutravail-idf.net\/blog\/gauche-france-poursuite-du-travail-du-comite-parisien-de-lutte-c-nupes-gauche-verolevieux\/#primaryimage"},"image":{"@id":"https:\/\/www.accidentdutravail-idf.net\/blog\/gauche-france-poursuite-du-travail-du-comite-parisien-de-lutte-c-nupes-gauche-verolevieux\/#primaryimage"},"thumbnailUrl":"https:\/\/www.accidentdutravail-idf.net\/blog\/wp-content\/uploads\/2022\/10\/gauche-france-poursuite-du-travail-du-comite-parisien-de-lutte-c-nupes-gauche-verolevieux.jpg","datePublished":"2022-09-06T15:33:39+00:00","description":"Gauche France: Poursuite du travail du comit\u00e9 parisien de lutte c\u2026 #nupes #gauche @VeroLevieux article de ACCIDENTDUTRAVAIL-IDF","breadcrumb":{"@id":"https:\/\/www.accidentdutravail-idf.net\/blog\/gauche-france-poursuite-du-travail-du-comite-parisien-de-lutte-c-nupes-gauche-verolevieux\/#breadcrumb"},"inLanguage":"fr-FR","potentialAction":[{"@type":"ReadAction","target":["https:\/\/www.accidentdutravail-idf.net\/blog\/gauche-france-poursuite-du-travail-du-comite-parisien-de-lutte-c-nupes-gauche-verolevieux\/"]}]},{"@type":"ImageObject","inLanguage":"fr-FR","@id":"https:\/\/www.accidentdutravail-idf.net\/blog\/gauche-france-poursuite-du-travail-du-comite-parisien-de-lutte-c-nupes-gauche-verolevieux\/#primaryimage","url":"https:\/\/www.accidentdutravail-idf.net\/blog\/wp-content\/uploads\/2022\/10\/gauche-france-poursuite-du-travail-du-comite-parisien-de-lutte-c-nupes-gauche-verolevieux.jpg","contentUrl":"https:\/\/www.accidentdutravail-idf.net\/blog\/wp-content\/uploads\/2022\/10\/gauche-france-poursuite-du-travail-du-comite-parisien-de-lutte-c-nupes-gauche-verolevieux.jpg","width":1200,"height":900,"caption":"gauche france poursuite du travail du comite parisien de lutte c nupes gauche verolevieux"},{"@type":"BreadcrumbList","@id":"https:\/\/www.accidentdutravail-idf.net\/blog\/gauche-france-poursuite-du-travail-du-comite-parisien-de-lutte-c-nupes-gauche-verolevieux\/#breadcrumb","itemListElement":[{"@type":"ListItem","position":1,"name":"Accueil","item":"https:\/\/www.accidentdutravail-idf.net\/blog\/"},{"@type":"ListItem","position":2,"name":"Gauche France: Poursuite du travail du comit\u00e9 parisien de lutte c\u2026 #nupes #gauche @VeroLevieux"}]},{"@type":"WebSite","@id":"https:\/\/www.accidentdutravail-idf.net\/blog\/#website","url":"https:\/\/www.accidentdutravail-idf.net\/blog\/","name":"ACCIDENTDUTRAVAIL-IDF","description":"Portail accidents du travail-maladies professionnelles des entreprises d&#039;Ile-de-France","publisher":{"@id":"https:\/\/www.accidentdutravail-idf.net\/blog\/#organization"},"potentialAction":[{"@type":"SearchAction","target":{"@type":"EntryPoint","urlTemplate":"https:\/\/www.accidentdutravail-idf.net\/blog\/?s={search_term_string}"},"query-input":{"@type":"PropertyValueSpecification","valueRequired":true,"valueName":"search_term_string"}}],"inLanguage":"fr-FR"},{"@type":"Organization","@id":"https:\/\/www.accidentdutravail-idf.net\/blog\/#organization","name":"accidentdutravail-idf","url":"https:\/\/www.accidentdutravail-idf.net\/blog\/","logo":{"@type":"ImageObject","inLanguage":"fr-FR","@id":"https:\/\/www.accidentdutravail-idf.net\/blog\/#\/schema\/logo\/image\/","url":"https:\/\/www.accidentdutravail-idf.net\/blog\/wp-content\/uploads\/2022\/09\/logo-2.png","contentUrl":"https:\/\/www.accidentdutravail-idf.net\/blog\/wp-content\/uploads\/2022\/09\/logo-2.png","width":380,"height":291,"caption":"accidentdutravail-idf"},"image":{"@id":"https:\/\/www.accidentdutravail-idf.net\/blog\/#\/schema\/logo\/image\/"}},{"@type":"Person","@id":"https:\/\/www.accidentdutravail-idf.net\/blog\/#\/schema\/person\/73aa09ba2db8f06bf1debf3a872bd6f9","name":"Roxane BARLER","image":{"@type":"ImageObject","inLanguage":"fr-FR","@id":"https:\/\/secure.gravatar.com\/avatar\/0167a3f2fdd1b1378a9aef148e68e7656ab41c7534176836deba3d1e5d6dc5df?s=96&d=mm&r=g","url":"https:\/\/secure.gravatar.com\/avatar\/0167a3f2fdd1b1378a9aef148e68e7656ab41c7534176836deba3d1e5d6dc5df?s=96&d=mm&r=g","contentUrl":"https:\/\/secure.gravatar.com\/avatar\/0167a3f2fdd1b1378a9aef148e68e7656ab41c7534176836deba3d1e5d6dc5df?s=96&d=mm&r=g","caption":"Roxane BARLER"},"url":"https:\/\/www.accidentdutravail-idf.net\/blog\/author\/idfroxane\/"}]}},"_links":{"self":[{"href":"https:\/\/www.accidentdutravail-idf.net\/blog\/wp-json\/wp\/v2\/posts\/132","targetHints":{"allow":["GET"]}}],"collection":[{"href":"https:\/\/www.accidentdutravail-idf.net\/blog\/wp-json\/wp\/v2\/posts"}],"about":[{"href":"https:\/\/www.accidentdutravail-idf.net\/blog\/wp-json\/wp\/v2\/types\/post"}],"author":[{"embeddable":true,"href":"https:\/\/www.accidentdutravail-idf.net\/blog\/wp-json\/wp\/v2\/users\/3"}],"replies":[{"embeddable":true,"href":"https:\/\/www.accidentdutravail-idf.net\/blog\/wp-json\/wp\/v2\/comments?post=132"}],"version-history":[{"count":0,"href":"https:\/\/www.accidentdutravail-idf.net\/blog\/wp-json\/wp\/v2\/posts\/132\/revisions"}],"wp:featuredmedia":[{"embeddable":true,"href":"https:\/\/www.accidentdutravail-idf.net\/blog\/wp-json\/wp\/v2\/media\/133"}],"wp:attachment":[{"href":"https:\/\/www.accidentdutravail-idf.net\/blog\/wp-json\/wp\/v2\/media?parent=132"}],"wp:term":[{"taxonomy":"category","embeddable":true,"href":"https:\/\/www.accidentdutravail-idf.net\/blog\/wp-json\/wp\/v2\/categories?post=132"},{"taxonomy":"post_tag","embeddable":true,"href":"https:\/\/www.accidentdutravail-idf.net\/blog\/wp-json\/wp\/v2\/tags?post=132"}],"curies":[{"name":"wp","href":"https:\/\/api.w.org\/{rel}","templated":true}]}}