{"id":126,"date":"2022-09-07T15:40:00","date_gmt":"2022-09-07T13:40:00","guid":{"rendered":"https:\/\/www.site.cdcl.xyz\/2022\/09\/07\/gauche-france-impot-anticipe-pourquoi-la-classe-moyenne-ne-bene-nupes-gauche-bendahan\/"},"modified":"2022-09-07T15:40:00","modified_gmt":"2022-09-07T13:40:00","slug":"gauche-france-impot-anticipe-pourquoi-la-classe-moyenne-ne-bene-nupes-gauche-bendahan","status":"publish","type":"post","link":"https:\/\/www.accidentdutravail-idf.net\/blog\/gauche-france-impot-anticipe-pourquoi-la-classe-moyenne-ne-bene-nupes-gauche-bendahan\/","title":{"rendered":"Gauche France: Imp\u00f4t anticip\u00e9: pourquoi la classe moyenne ne b\u00e9n\u00e9\u2026 #nupes #gauche @bendahan"},"content":{"rendered":"<p>Dans le cadre de notre vocation de vous informer, nous publions ci-dessous un bref tweet vu sur les derniers tweets publi\u00e9s aujourd\u2019hui.<\/p>\n<p> Pr\u00e9sent\u00e9 sous la signature \u00abSamuel Bendahan\u00bb, le compte twitter qui le publie est connu sous le pseudonyme @bendahan.<\/p>\n<p>Pour m\u00e9moire revoil\u00e0 sa description:Conseiller national (PS\/VD) \/<br \/>Vice-pr\u00e9sident du Parti Socialiste Suisse \/ Economiste<\/p>\n<p>Vous pouvez regarder sa page avec ce lien :https:\/\/twitter.com\/intent\/user?user_id=43504217<\/p>\n<p>Sachez que la date et l\u2019heure de parution est 2022-09-07 15:40:00.<\/p>\n<p><img decoding=\"async\" src=\"https:\/\/www.accidentdutravail-idf.net\/blog\/wp-content\/uploads\/2022\/10\/gauche-france-impot-anticipe-pourquoi-la-classe-moyenne-ne-bene-nupes-gauche-bendahan.jpg\"><\/p>\n<p>Imp\u00f4t anticip\u00e9: pourquoi la classe moyenne ne b\u00e9n\u00e9ficie-t-elle jamais des r\u00e9formes?<br \/><a rel=\"nofollow noopener\" target=\"_blank\" href=\"https:\/\/t.co\/iucwkEg2fM\">https:\/\/t.co\/iucwkEg2fM<\/a> par @letemps @PSSuisse<\/p>\n<p>Ce tweet a encaiss\u00e9 5 likes et a \u00e9t\u00e9 retwett\u00e9 0 fois.<\/p>\n<p>Lien sur le tweet:https:\/\/www.letemps.ch\/opinions\/impot-anticipe-classe-moyenne-ne-beneficietelle-jamais-reformes?utm_source=twitter&amp;utm_medium=share&amp;utm_campaign=article<\/p>\n<p>Ce th\u00e8me vous a plu vous adorerez beaucoup ces livres:<\/p>\n<p>L\u2019imagination th\u00e9ologico-politique de l\u2019Eglise \u2013 Vers une eccl\u00e9siologie narrative avec William T. Ca.,<a href=\"https:\/\/www.kobo.com\/fr\/fr\/ebook\/l-imagination-theologico-politique-de-l-eglise-vers-une-ecclesiologie-narrative-avec-william-t-ca\" target=\"_blank\" rel=\"noopener noreferrer nofollow\">Infos sur l\u2019ouvrage<\/a><span><\/span>.<\/p>\n<p>La D\u00e9mocratie devant la science\/Livre II, chapitre III.,<a href=\"https:\/\/fr.wikisource.org\/wiki\/La_D%C3%A9mocratie_devant_la_science\/Livre_II,_chapitre_III\" target=\"_blank\" rel=\"noopener noreferrer nofollow\">Clique ICI <\/a><span><\/span>. Disponible \u00e0 l\u2019achat sur les plateformes Amazon, Fnac, Cultura \u2026.<\/p>\n<p>Histoire socialiste\/La R\u00e9publique de 1848\/P1-03.,<a href=\"https:\/\/fr.wikisource.org\/wiki\/Histoire_socialiste\/La_R%C3%A9publique_de_1848\/P1-03\" target=\"_blank\" rel=\"noopener noreferrer nofollow\">Fiche compl\u00e8te<\/a><span><\/span>. Disponible Sur AMAZON.<\/p>\n","protected":false},"excerpt":{"rendered":"<p>Dans le cadre de notre vocation de vous informer, nous publions ci-dessous un bref tweet vu sur les derniers tweets publi\u00e9s aujourd\u2019hui. Pr\u00e9sent\u00e9 sous la signature \u00abSamuel Bendahan\u00bb, le compte twitter qui le publie est connu sous le pseudonyme @bendahan. Pour m\u00e9moire revoil\u00e0 sa description:Conseiller national (PS\/VD) \/Vice-pr\u00e9sident du Parti Socialiste Suisse \/ Economiste Vous &hellip; <\/p>\n<p class=\"link-more\"><a href=\"https:\/\/www.accidentdutravail-idf.net\/blog\/gauche-france-impot-anticipe-pourquoi-la-classe-moyenne-ne-bene-nupes-gauche-bendahan\/\" class=\"more-link\">Continuer la lecture <span class=\"screen-reader-text\"> \u00ab\u00a0Gauche France: Imp\u00f4t anticip\u00e9: pourquoi la classe moyenne ne b\u00e9n\u00e9\u2026 #nupes #gauche @bendahan\u00a0\u00bb<\/span><\/a><\/p>\n","protected":false},"author":3,"featured_media":127,"comment_status":"closed","ping_status":"closed","sticky":false,"template":"","format":"standard","meta":{"footnotes":""},"categories":[3],"tags":[],"class_list":["post-126","post","type-post","status-publish","format-standard","has-post-thumbnail","hentry","category-securite-du-travail-en-ile-de-france-communiques","entry"],"yoast_head":"<!-- This site is optimized with the Yoast SEO plugin v27.5 - https:\/\/yoast.com\/product\/yoast-seo-wordpress\/ -->\n<title>Gauche France: Imp\u00f4t anticip\u00e9: pourquoi la classe moyenne ne b\u00e9n\u00e9\u2026 #nupes #gauche @bendahan - ACCIDENTDUTRAVAIL-IDF<\/title>\n<meta name=\"description\" content=\"Gauche France: Imp\u00f4t anticip\u00e9: pourquoi la classe moyenne ne b\u00e9n\u00e9\u2026 #nupes #gauche @bendahan article de ACCIDENTDUTRAVAIL-IDF\" \/>\n<meta name=\"robots\" content=\"index, follow, max-snippet:-1, max-image-preview:large, max-video-preview:-1\" \/>\n<link rel=\"canonical\" href=\"https:\/\/www.accidentdutravail-idf.net\/blog\/gauche-france-impot-anticipe-pourquoi-la-classe-moyenne-ne-bene-nupes-gauche-bendahan\/\" \/>\n<meta property=\"og:locale\" content=\"fr_FR\" \/>\n<meta property=\"og:type\" content=\"article\" \/>\n<meta property=\"og:title\" content=\"Gauche France: Imp\u00f4t anticip\u00e9: pourquoi la classe moyenne ne b\u00e9n\u00e9\u2026 #nupes #gauche @bendahan - ACCIDENTDUTRAVAIL-IDF\" \/>\n<meta property=\"og:description\" content=\"Gauche France: Imp\u00f4t anticip\u00e9: pourquoi la classe moyenne ne b\u00e9n\u00e9\u2026 #nupes #gauche @bendahan article de ACCIDENTDUTRAVAIL-IDF\" \/>\n<meta property=\"og:url\" content=\"https:\/\/www.accidentdutravail-idf.net\/blog\/gauche-france-impot-anticipe-pourquoi-la-classe-moyenne-ne-bene-nupes-gauche-bendahan\/\" \/>\n<meta property=\"og:site_name\" content=\"ACCIDENTDUTRAVAIL-IDF\" \/>\n<meta property=\"article:published_time\" content=\"2022-09-07T13:40:00+00:00\" \/>\n<meta property=\"og:image\" content=\"https:\/\/www.accidentdutravail-idf.net\/blog\/wp-content\/uploads\/2022\/10\/gauche-france-impot-anticipe-pourquoi-la-classe-moyenne-ne-bene-nupes-gauche-bendahan.jpg\" \/>\n<meta name=\"author\" content=\"Roxane BARLER\" \/>\n<meta name=\"twitter:card\" content=\"summary_large_image\" \/>\n<meta name=\"twitter:label1\" content=\"\u00c9crit par\" \/>\n\t<meta name=\"twitter:data1\" content=\"Roxane BARLER\" \/>\n\t<meta name=\"twitter:label2\" content=\"Dur\u00e9e de lecture estim\u00e9e\" \/>\n\t<meta name=\"twitter:data2\" content=\"1 minute\" \/>\n<script type=\"application\/ld+json\" class=\"yoast-schema-graph\">{\"@context\":\"https:\\\/\\\/schema.org\",\"@graph\":[{\"@type\":\"Article\",\"@id\":\"https:\\\/\\\/www.accidentdutravail-idf.net\\\/blog\\\/gauche-france-impot-anticipe-pourquoi-la-classe-moyenne-ne-bene-nupes-gauche-bendahan\\\/#article\",\"isPartOf\":{\"@id\":\"https:\\\/\\\/www.accidentdutravail-idf.net\\\/blog\\\/gauche-france-impot-anticipe-pourquoi-la-classe-moyenne-ne-bene-nupes-gauche-bendahan\\\/\"},\"author\":{\"name\":\"Roxane BARLER\",\"@id\":\"https:\\\/\\\/www.accidentdutravail-idf.net\\\/blog\\\/#\\\/schema\\\/person\\\/73aa09ba2db8f06bf1debf3a872bd6f9\"},\"headline\":\"Gauche France: Imp\u00f4t anticip\u00e9: pourquoi la classe moyenne ne b\u00e9n\u00e9\u2026 #nupes #gauche @bendahan\",\"datePublished\":\"2022-09-07T13:40:00+00:00\",\"mainEntityOfPage\":{\"@id\":\"https:\\\/\\\/www.accidentdutravail-idf.net\\\/blog\\\/gauche-france-impot-anticipe-pourquoi-la-classe-moyenne-ne-bene-nupes-gauche-bendahan\\\/\"},\"wordCount\":222,\"publisher\":{\"@id\":\"https:\\\/\\\/www.accidentdutravail-idf.net\\\/blog\\\/#organization\"},\"image\":{\"@id\":\"https:\\\/\\\/www.accidentdutravail-idf.net\\\/blog\\\/gauche-france-impot-anticipe-pourquoi-la-classe-moyenne-ne-bene-nupes-gauche-bendahan\\\/#primaryimage\"},\"thumbnailUrl\":\"https:\\\/\\\/www.accidentdutravail-idf.net\\\/blog\\\/wp-content\\\/uploads\\\/2022\\\/10\\\/gauche-france-impot-anticipe-pourquoi-la-classe-moyenne-ne-bene-nupes-gauche-bendahan.jpg\",\"articleSection\":[\"S\u00e9curit\u00e9 Du Travail En Ile-De-France Communiqu\u00e9s:\"],\"inLanguage\":\"fr-FR\"},{\"@type\":\"WebPage\",\"@id\":\"https:\\\/\\\/www.accidentdutravail-idf.net\\\/blog\\\/gauche-france-impot-anticipe-pourquoi-la-classe-moyenne-ne-bene-nupes-gauche-bendahan\\\/\",\"url\":\"https:\\\/\\\/www.accidentdutravail-idf.net\\\/blog\\\/gauche-france-impot-anticipe-pourquoi-la-classe-moyenne-ne-bene-nupes-gauche-bendahan\\\/\",\"name\":\"Gauche France: Imp\u00f4t anticip\u00e9: pourquoi la classe moyenne ne b\u00e9n\u00e9\u2026 #nupes #gauche @bendahan - ACCIDENTDUTRAVAIL-IDF\",\"isPartOf\":{\"@id\":\"https:\\\/\\\/www.accidentdutravail-idf.net\\\/blog\\\/#website\"},\"primaryImageOfPage\":{\"@id\":\"https:\\\/\\\/www.accidentdutravail-idf.net\\\/blog\\\/gauche-france-impot-anticipe-pourquoi-la-classe-moyenne-ne-bene-nupes-gauche-bendahan\\\/#primaryimage\"},\"image\":{\"@id\":\"https:\\\/\\\/www.accidentdutravail-idf.net\\\/blog\\\/gauche-france-impot-anticipe-pourquoi-la-classe-moyenne-ne-bene-nupes-gauche-bendahan\\\/#primaryimage\"},\"thumbnailUrl\":\"https:\\\/\\\/www.accidentdutravail-idf.net\\\/blog\\\/wp-content\\\/uploads\\\/2022\\\/10\\\/gauche-france-impot-anticipe-pourquoi-la-classe-moyenne-ne-bene-nupes-gauche-bendahan.jpg\",\"datePublished\":\"2022-09-07T13:40:00+00:00\",\"description\":\"Gauche France: Imp\u00f4t anticip\u00e9: pourquoi la classe moyenne ne b\u00e9n\u00e9\u2026 #nupes #gauche @bendahan article de ACCIDENTDUTRAVAIL-IDF\",\"breadcrumb\":{\"@id\":\"https:\\\/\\\/www.accidentdutravail-idf.net\\\/blog\\\/gauche-france-impot-anticipe-pourquoi-la-classe-moyenne-ne-bene-nupes-gauche-bendahan\\\/#breadcrumb\"},\"inLanguage\":\"fr-FR\",\"potentialAction\":[{\"@type\":\"ReadAction\",\"target\":[\"https:\\\/\\\/www.accidentdutravail-idf.net\\\/blog\\\/gauche-france-impot-anticipe-pourquoi-la-classe-moyenne-ne-bene-nupes-gauche-bendahan\\\/\"]}]},{\"@type\":\"ImageObject\",\"inLanguage\":\"fr-FR\",\"@id\":\"https:\\\/\\\/www.accidentdutravail-idf.net\\\/blog\\\/gauche-france-impot-anticipe-pourquoi-la-classe-moyenne-ne-bene-nupes-gauche-bendahan\\\/#primaryimage\",\"url\":\"https:\\\/\\\/www.accidentdutravail-idf.net\\\/blog\\\/wp-content\\\/uploads\\\/2022\\\/10\\\/gauche-france-impot-anticipe-pourquoi-la-classe-moyenne-ne-bene-nupes-gauche-bendahan.jpg\",\"contentUrl\":\"https:\\\/\\\/www.accidentdutravail-idf.net\\\/blog\\\/wp-content\\\/uploads\\\/2022\\\/10\\\/gauche-france-impot-anticipe-pourquoi-la-classe-moyenne-ne-bene-nupes-gauche-bendahan.jpg\",\"width\":1200,\"height\":630,\"caption\":\"gauche france impot anticipe pourquoi la classe moyenne ne bene nupes gauche bendahan\"},{\"@type\":\"BreadcrumbList\",\"@id\":\"https:\\\/\\\/www.accidentdutravail-idf.net\\\/blog\\\/gauche-france-impot-anticipe-pourquoi-la-classe-moyenne-ne-bene-nupes-gauche-bendahan\\\/#breadcrumb\",\"itemListElement\":[{\"@type\":\"ListItem\",\"position\":1,\"name\":\"Accueil\",\"item\":\"https:\\\/\\\/www.accidentdutravail-idf.net\\\/blog\\\/\"},{\"@type\":\"ListItem\",\"position\":2,\"name\":\"Gauche France: Imp\u00f4t anticip\u00e9: pourquoi la classe moyenne ne b\u00e9n\u00e9\u2026 #nupes #gauche @bendahan\"}]},{\"@type\":\"WebSite\",\"@id\":\"https:\\\/\\\/www.accidentdutravail-idf.net\\\/blog\\\/#website\",\"url\":\"https:\\\/\\\/www.accidentdutravail-idf.net\\\/blog\\\/\",\"name\":\"ACCIDENTDUTRAVAIL-IDF\",\"description\":\"Portail accidents du travail-maladies professionnelles des entreprises d&#039;Ile-de-France\",\"publisher\":{\"@id\":\"https:\\\/\\\/www.accidentdutravail-idf.net\\\/blog\\\/#organization\"},\"potentialAction\":[{\"@type\":\"SearchAction\",\"target\":{\"@type\":\"EntryPoint\",\"urlTemplate\":\"https:\\\/\\\/www.accidentdutravail-idf.net\\\/blog\\\/?s={search_term_string}\"},\"query-input\":{\"@type\":\"PropertyValueSpecification\",\"valueRequired\":true,\"valueName\":\"search_term_string\"}}],\"inLanguage\":\"fr-FR\"},{\"@type\":\"Organization\",\"@id\":\"https:\\\/\\\/www.accidentdutravail-idf.net\\\/blog\\\/#organization\",\"name\":\"accidentdutravail-idf\",\"url\":\"https:\\\/\\\/www.accidentdutravail-idf.net\\\/blog\\\/\",\"logo\":{\"@type\":\"ImageObject\",\"inLanguage\":\"fr-FR\",\"@id\":\"https:\\\/\\\/www.accidentdutravail-idf.net\\\/blog\\\/#\\\/schema\\\/logo\\\/image\\\/\",\"url\":\"https:\\\/\\\/www.accidentdutravail-idf.net\\\/blog\\\/wp-content\\\/uploads\\\/2022\\\/09\\\/logo-2.png\",\"contentUrl\":\"https:\\\/\\\/www.accidentdutravail-idf.net\\\/blog\\\/wp-content\\\/uploads\\\/2022\\\/09\\\/logo-2.png\",\"width\":380,\"height\":291,\"caption\":\"accidentdutravail-idf\"},\"image\":{\"@id\":\"https:\\\/\\\/www.accidentdutravail-idf.net\\\/blog\\\/#\\\/schema\\\/logo\\\/image\\\/\"}},{\"@type\":\"Person\",\"@id\":\"https:\\\/\\\/www.accidentdutravail-idf.net\\\/blog\\\/#\\\/schema\\\/person\\\/73aa09ba2db8f06bf1debf3a872bd6f9\",\"name\":\"Roxane BARLER\",\"image\":{\"@type\":\"ImageObject\",\"inLanguage\":\"fr-FR\",\"@id\":\"https:\\\/\\\/secure.gravatar.com\\\/avatar\\\/0167a3f2fdd1b1378a9aef148e68e7656ab41c7534176836deba3d1e5d6dc5df?s=96&d=mm&r=g\",\"url\":\"https:\\\/\\\/secure.gravatar.com\\\/avatar\\\/0167a3f2fdd1b1378a9aef148e68e7656ab41c7534176836deba3d1e5d6dc5df?s=96&d=mm&r=g\",\"contentUrl\":\"https:\\\/\\\/secure.gravatar.com\\\/avatar\\\/0167a3f2fdd1b1378a9aef148e68e7656ab41c7534176836deba3d1e5d6dc5df?s=96&d=mm&r=g\",\"caption\":\"Roxane BARLER\"},\"url\":\"https:\\\/\\\/www.accidentdutravail-idf.net\\\/blog\\\/author\\\/idfroxane\\\/\"}]}<\/script>\n<!-- \/ Yoast SEO plugin. -->","yoast_head_json":{"title":"Gauche France: Imp\u00f4t anticip\u00e9: pourquoi la classe moyenne ne b\u00e9n\u00e9\u2026 #nupes #gauche @bendahan - ACCIDENTDUTRAVAIL-IDF","description":"Gauche France: Imp\u00f4t anticip\u00e9: pourquoi la classe moyenne ne b\u00e9n\u00e9\u2026 #nupes #gauche @bendahan article de ACCIDENTDUTRAVAIL-IDF","robots":{"index":"index","follow":"follow","max-snippet":"max-snippet:-1","max-image-preview":"max-image-preview:large","max-video-preview":"max-video-preview:-1"},"canonical":"https:\/\/www.accidentdutravail-idf.net\/blog\/gauche-france-impot-anticipe-pourquoi-la-classe-moyenne-ne-bene-nupes-gauche-bendahan\/","og_locale":"fr_FR","og_type":"article","og_title":"Gauche France: Imp\u00f4t anticip\u00e9: pourquoi la classe moyenne ne b\u00e9n\u00e9\u2026 #nupes #gauche @bendahan - ACCIDENTDUTRAVAIL-IDF","og_description":"Gauche France: Imp\u00f4t anticip\u00e9: pourquoi la classe moyenne ne b\u00e9n\u00e9\u2026 #nupes #gauche @bendahan article de ACCIDENTDUTRAVAIL-IDF","og_url":"https:\/\/www.accidentdutravail-idf.net\/blog\/gauche-france-impot-anticipe-pourquoi-la-classe-moyenne-ne-bene-nupes-gauche-bendahan\/","og_site_name":"ACCIDENTDUTRAVAIL-IDF","article_published_time":"2022-09-07T13:40:00+00:00","og_image":[{"url":"https:\/\/www.accidentdutravail-idf.net\/blog\/wp-content\/uploads\/2022\/10\/gauche-france-impot-anticipe-pourquoi-la-classe-moyenne-ne-bene-nupes-gauche-bendahan.jpg","type":"","width":"","height":""}],"author":"Roxane BARLER","twitter_card":"summary_large_image","twitter_misc":{"\u00c9crit par":"Roxane BARLER","Dur\u00e9e de lecture estim\u00e9e":"1 minute"},"schema":{"@context":"https:\/\/schema.org","@graph":[{"@type":"Article","@id":"https:\/\/www.accidentdutravail-idf.net\/blog\/gauche-france-impot-anticipe-pourquoi-la-classe-moyenne-ne-bene-nupes-gauche-bendahan\/#article","isPartOf":{"@id":"https:\/\/www.accidentdutravail-idf.net\/blog\/gauche-france-impot-anticipe-pourquoi-la-classe-moyenne-ne-bene-nupes-gauche-bendahan\/"},"author":{"name":"Roxane BARLER","@id":"https:\/\/www.accidentdutravail-idf.net\/blog\/#\/schema\/person\/73aa09ba2db8f06bf1debf3a872bd6f9"},"headline":"Gauche France: Imp\u00f4t anticip\u00e9: pourquoi la classe moyenne ne b\u00e9n\u00e9\u2026 #nupes #gauche @bendahan","datePublished":"2022-09-07T13:40:00+00:00","mainEntityOfPage":{"@id":"https:\/\/www.accidentdutravail-idf.net\/blog\/gauche-france-impot-anticipe-pourquoi-la-classe-moyenne-ne-bene-nupes-gauche-bendahan\/"},"wordCount":222,"publisher":{"@id":"https:\/\/www.accidentdutravail-idf.net\/blog\/#organization"},"image":{"@id":"https:\/\/www.accidentdutravail-idf.net\/blog\/gauche-france-impot-anticipe-pourquoi-la-classe-moyenne-ne-bene-nupes-gauche-bendahan\/#primaryimage"},"thumbnailUrl":"https:\/\/www.accidentdutravail-idf.net\/blog\/wp-content\/uploads\/2022\/10\/gauche-france-impot-anticipe-pourquoi-la-classe-moyenne-ne-bene-nupes-gauche-bendahan.jpg","articleSection":["S\u00e9curit\u00e9 Du Travail En Ile-De-France Communiqu\u00e9s:"],"inLanguage":"fr-FR"},{"@type":"WebPage","@id":"https:\/\/www.accidentdutravail-idf.net\/blog\/gauche-france-impot-anticipe-pourquoi-la-classe-moyenne-ne-bene-nupes-gauche-bendahan\/","url":"https:\/\/www.accidentdutravail-idf.net\/blog\/gauche-france-impot-anticipe-pourquoi-la-classe-moyenne-ne-bene-nupes-gauche-bendahan\/","name":"Gauche France: Imp\u00f4t anticip\u00e9: pourquoi la classe moyenne ne b\u00e9n\u00e9\u2026 #nupes #gauche @bendahan - ACCIDENTDUTRAVAIL-IDF","isPartOf":{"@id":"https:\/\/www.accidentdutravail-idf.net\/blog\/#website"},"primaryImageOfPage":{"@id":"https:\/\/www.accidentdutravail-idf.net\/blog\/gauche-france-impot-anticipe-pourquoi-la-classe-moyenne-ne-bene-nupes-gauche-bendahan\/#primaryimage"},"image":{"@id":"https:\/\/www.accidentdutravail-idf.net\/blog\/gauche-france-impot-anticipe-pourquoi-la-classe-moyenne-ne-bene-nupes-gauche-bendahan\/#primaryimage"},"thumbnailUrl":"https:\/\/www.accidentdutravail-idf.net\/blog\/wp-content\/uploads\/2022\/10\/gauche-france-impot-anticipe-pourquoi-la-classe-moyenne-ne-bene-nupes-gauche-bendahan.jpg","datePublished":"2022-09-07T13:40:00+00:00","description":"Gauche France: Imp\u00f4t anticip\u00e9: pourquoi la classe moyenne ne b\u00e9n\u00e9\u2026 #nupes #gauche @bendahan article de ACCIDENTDUTRAVAIL-IDF","breadcrumb":{"@id":"https:\/\/www.accidentdutravail-idf.net\/blog\/gauche-france-impot-anticipe-pourquoi-la-classe-moyenne-ne-bene-nupes-gauche-bendahan\/#breadcrumb"},"inLanguage":"fr-FR","potentialAction":[{"@type":"ReadAction","target":["https:\/\/www.accidentdutravail-idf.net\/blog\/gauche-france-impot-anticipe-pourquoi-la-classe-moyenne-ne-bene-nupes-gauche-bendahan\/"]}]},{"@type":"ImageObject","inLanguage":"fr-FR","@id":"https:\/\/www.accidentdutravail-idf.net\/blog\/gauche-france-impot-anticipe-pourquoi-la-classe-moyenne-ne-bene-nupes-gauche-bendahan\/#primaryimage","url":"https:\/\/www.accidentdutravail-idf.net\/blog\/wp-content\/uploads\/2022\/10\/gauche-france-impot-anticipe-pourquoi-la-classe-moyenne-ne-bene-nupes-gauche-bendahan.jpg","contentUrl":"https:\/\/www.accidentdutravail-idf.net\/blog\/wp-content\/uploads\/2022\/10\/gauche-france-impot-anticipe-pourquoi-la-classe-moyenne-ne-bene-nupes-gauche-bendahan.jpg","width":1200,"height":630,"caption":"gauche france impot anticipe pourquoi la classe moyenne ne bene nupes gauche bendahan"},{"@type":"BreadcrumbList","@id":"https:\/\/www.accidentdutravail-idf.net\/blog\/gauche-france-impot-anticipe-pourquoi-la-classe-moyenne-ne-bene-nupes-gauche-bendahan\/#breadcrumb","itemListElement":[{"@type":"ListItem","position":1,"name":"Accueil","item":"https:\/\/www.accidentdutravail-idf.net\/blog\/"},{"@type":"ListItem","position":2,"name":"Gauche France: Imp\u00f4t anticip\u00e9: pourquoi la classe moyenne ne b\u00e9n\u00e9\u2026 #nupes #gauche @bendahan"}]},{"@type":"WebSite","@id":"https:\/\/www.accidentdutravail-idf.net\/blog\/#website","url":"https:\/\/www.accidentdutravail-idf.net\/blog\/","name":"ACCIDENTDUTRAVAIL-IDF","description":"Portail accidents du travail-maladies professionnelles des entreprises d&#039;Ile-de-France","publisher":{"@id":"https:\/\/www.accidentdutravail-idf.net\/blog\/#organization"},"potentialAction":[{"@type":"SearchAction","target":{"@type":"EntryPoint","urlTemplate":"https:\/\/www.accidentdutravail-idf.net\/blog\/?s={search_term_string}"},"query-input":{"@type":"PropertyValueSpecification","valueRequired":true,"valueName":"search_term_string"}}],"inLanguage":"fr-FR"},{"@type":"Organization","@id":"https:\/\/www.accidentdutravail-idf.net\/blog\/#organization","name":"accidentdutravail-idf","url":"https:\/\/www.accidentdutravail-idf.net\/blog\/","logo":{"@type":"ImageObject","inLanguage":"fr-FR","@id":"https:\/\/www.accidentdutravail-idf.net\/blog\/#\/schema\/logo\/image\/","url":"https:\/\/www.accidentdutravail-idf.net\/blog\/wp-content\/uploads\/2022\/09\/logo-2.png","contentUrl":"https:\/\/www.accidentdutravail-idf.net\/blog\/wp-content\/uploads\/2022\/09\/logo-2.png","width":380,"height":291,"caption":"accidentdutravail-idf"},"image":{"@id":"https:\/\/www.accidentdutravail-idf.net\/blog\/#\/schema\/logo\/image\/"}},{"@type":"Person","@id":"https:\/\/www.accidentdutravail-idf.net\/blog\/#\/schema\/person\/73aa09ba2db8f06bf1debf3a872bd6f9","name":"Roxane BARLER","image":{"@type":"ImageObject","inLanguage":"fr-FR","@id":"https:\/\/secure.gravatar.com\/avatar\/0167a3f2fdd1b1378a9aef148e68e7656ab41c7534176836deba3d1e5d6dc5df?s=96&d=mm&r=g","url":"https:\/\/secure.gravatar.com\/avatar\/0167a3f2fdd1b1378a9aef148e68e7656ab41c7534176836deba3d1e5d6dc5df?s=96&d=mm&r=g","contentUrl":"https:\/\/secure.gravatar.com\/avatar\/0167a3f2fdd1b1378a9aef148e68e7656ab41c7534176836deba3d1e5d6dc5df?s=96&d=mm&r=g","caption":"Roxane BARLER"},"url":"https:\/\/www.accidentdutravail-idf.net\/blog\/author\/idfroxane\/"}]}},"_links":{"self":[{"href":"https:\/\/www.accidentdutravail-idf.net\/blog\/wp-json\/wp\/v2\/posts\/126","targetHints":{"allow":["GET"]}}],"collection":[{"href":"https:\/\/www.accidentdutravail-idf.net\/blog\/wp-json\/wp\/v2\/posts"}],"about":[{"href":"https:\/\/www.accidentdutravail-idf.net\/blog\/wp-json\/wp\/v2\/types\/post"}],"author":[{"embeddable":true,"href":"https:\/\/www.accidentdutravail-idf.net\/blog\/wp-json\/wp\/v2\/users\/3"}],"replies":[{"embeddable":true,"href":"https:\/\/www.accidentdutravail-idf.net\/blog\/wp-json\/wp\/v2\/comments?post=126"}],"version-history":[{"count":0,"href":"https:\/\/www.accidentdutravail-idf.net\/blog\/wp-json\/wp\/v2\/posts\/126\/revisions"}],"wp:featuredmedia":[{"embeddable":true,"href":"https:\/\/www.accidentdutravail-idf.net\/blog\/wp-json\/wp\/v2\/media\/127"}],"wp:attachment":[{"href":"https:\/\/www.accidentdutravail-idf.net\/blog\/wp-json\/wp\/v2\/media?parent=126"}],"wp:term":[{"taxonomy":"category","embeddable":true,"href":"https:\/\/www.accidentdutravail-idf.net\/blog\/wp-json\/wp\/v2\/categories?post=126"},{"taxonomy":"post_tag","embeddable":true,"href":"https:\/\/www.accidentdutravail-idf.net\/blog\/wp-json\/wp\/v2\/tags?post=126"}],"curies":[{"name":"wp","href":"https:\/\/api.w.org\/{rel}","templated":true}]}}