{"id":1203,"date":"2025-01-27T00:40:00","date_gmt":"2025-01-26T23:40:00","guid":{"rendered":"https:\/\/www.accidentdutravail-idf.net\/blog\/accident-au-sud-du-periph-bouchons-au-niveau-de-la-cepiere-a-toulouse-un-lundi-matin-encore-tres-complique\/"},"modified":"2025-01-27T00:40:00","modified_gmt":"2025-01-26T23:40:00","slug":"accident-au-sud-du-periph-bouchons-au-niveau-de-la-cepiere-a-toulouse-un-lundi-matin-encore-tres-complique","status":"publish","type":"post","link":"https:\/\/www.accidentdutravail-idf.net\/blog\/accident-au-sud-du-periph-bouchons-au-niveau-de-la-cepiere-a-toulouse-un-lundi-matin-encore-tres-complique\/","title":{"rendered":"Accident au sud du p\u00e9riph, bouchons au niveau de la C\u00e9pi\u00e8re\u2026 \u00e0 Toulouse, un lundi matin encore tr\u00e8s compliqu\u00e9"},"content":{"rendered":"<div><img decoding=\"async\" src=\"https:\/\/www.accidentdutravail-idf.net\/blog\/wp-content\/uploads\/2025\/01\/accident-au-sud-du-periph-bouchons-au-niveau-de-la-cepiere-a-toulouse-un-lundi-matin-encore-tres-complique.jpg\" class=\"ff-og-image-inserted\"><\/div>\n<p> <span class=\"article-full__chapo-label hide-on-small-only\">l&rsquo;essentiel<\/span> Un accident sur le p\u00e9riph\u00e9rique int\u00e9rieur au sud de Toulouse, et les travaux \u00e0 la sortie de la C\u00e9pi\u00e8re ont encore perturb\u00e9 la circulation ce lundi matin \u00e0 Toulouse. <\/p>\n<div data-state=\"fixed-height\" data-selection=\"disabled\"> <!-- Pub DFP Position [outstream] --> <\/p>\n<p>Le lundi matin, la circulation est r\u00e9guli\u00e8rement charg\u00e9e sur le p\u00e9riph\u00e9rique toulousain. Ce 27&nbsp;janvier n\u2019a pas d\u00e9rog\u00e9 \u00e0 la r\u00e8gle. Plusieurs kilom\u00e8tres de bouchons se sont accumul\u00e9s \u00e0 deux endroits de la rocade&nbsp;: au sud et \u00e0 l\u2019est.<\/p>\n<p>Au sud, au niveau du pont de l\u2019Onia, sur le p\u00e9riph\u00e9rique int\u00e9rieur, un accident sur la voie de gauche entre deux v\u00e9hicules peu avant 9h du matin, juste avant la jonction vers l\u2019A64 a paralys\u00e9 le trafic, cr\u00e9ant des embouteillages.<\/p>\n<p><!-- Pub DFP Position [article] --> <\/p>\n<p>Cot\u00e9 ouest, un bouchon se forme d\u00e9sormais tous les matins de fa\u00e7on r\u00e9currente sur le p\u00e9riph\u00e9rique ext\u00e9rieur au niveau de la C\u00e9pi\u00e8re, ainsi que sur la m\u00eame sortie c\u00f4t\u00e9 p\u00e9riph int\u00e9rieur. En raison des travaux de r\u00e9alisation d\u2019une voie cyclable \u00e0 ce niveau, les voies sont r\u00e9duites. Il faut ainsi plus d\u2019un 15 minutes pour traverser le pont qui surplombe le p\u00e9riph\u00e9rique.<\/p>\n<\/p><\/div>\n<p>accidentdutravail-idf.net vous a pr\u00e9par\u00e9 ce post qui informe du sujet \u00ab\u00a0Association Sportive Huisson-Longueville Essonne\u00a0\u00bb. La chronique se veut g\u00e9n\u00e9r\u00e9e du mieux possible. Vous pouvez utiliser les coordonn\u00e9es indiqu\u00e9es sur le site dans le but d\u2019apporter des explications sur ce post qui parle du th\u00e8me \u00ab\u00a0Association Sportive Huisson-Longueville Essonne\u00a0\u00bb. Le site accidentdutravail-idf.net a pour but de fournir diverses publications sur la th\u00e9matique Association Sportive Huisson-Longueville Essonne diffus\u00e9es sur le net. Il y aura plusieurs articles autour du sujet \u00ab\u00a0Association Sportive Huisson-Longueville Essonne\u00a0\u00bb dans quelques jours, nous vous invitons \u00e0 naviguer sur notre site web \u00e0 plusieurs reprises.<\/p>\n","protected":false},"excerpt":{"rendered":"<p>l&rsquo;essentiel Un accident sur le p\u00e9riph\u00e9rique int\u00e9rieur au sud de Toulouse, et les travaux \u00e0 la sortie de la C\u00e9pi\u00e8re ont encore perturb\u00e9 la circulation ce lundi matin \u00e0 Toulouse. Le lundi matin, la circulation est r\u00e9guli\u00e8rement charg\u00e9e sur le p\u00e9riph\u00e9rique toulousain. Ce 27&nbsp;janvier n\u2019a pas d\u00e9rog\u00e9 \u00e0 la r\u00e8gle. Plusieurs kilom\u00e8tres de bouchons se &hellip; <\/p>\n<p class=\"link-more\"><a href=\"https:\/\/www.accidentdutravail-idf.net\/blog\/accident-au-sud-du-periph-bouchons-au-niveau-de-la-cepiere-a-toulouse-un-lundi-matin-encore-tres-complique\/\" class=\"more-link\">Continuer la lecture <span class=\"screen-reader-text\"> \u00ab\u00a0Accident au sud du p\u00e9riph, bouchons au niveau de la C\u00e9pi\u00e8re\u2026 \u00e0 Toulouse, un lundi matin encore tr\u00e8s compliqu\u00e9\u00a0\u00bb<\/span><\/a><\/p>\n","protected":false},"author":2,"featured_media":0,"comment_status":"closed","ping_status":"closed","sticky":false,"template":"","format":"standard","meta":{"footnotes":""},"categories":[5],"tags":[],"class_list":["post-1203","post","type-post","status-publish","format-standard","hentry","category-securite-du-travail-en-ile-de-france-et-divers","entry"],"yoast_head":"<!-- This site is optimized with the Yoast SEO plugin v27.5 - https:\/\/yoast.com\/product\/yoast-seo-wordpress\/ -->\n<title>Accident au sud du p\u00e9riph, bouchons au niveau de la C\u00e9pi\u00e8re\u2026 \u00e0 Toulouse, un lundi matin encore tr\u00e8s compliqu\u00e9 - ACCIDENTDUTRAVAIL-IDF<\/title>\n<meta name=\"description\" content=\"Accident au sud du p\u00e9riph, bouchons au niveau de la C\u00e9pi\u00e8re\u2026 \u00e0 Toulouse, un lundi matin encore tr\u00e8s compliqu\u00e9 article de ACCIDENTDUTRAVAIL-IDF\" \/>\n<meta name=\"robots\" content=\"index, follow, max-snippet:-1, max-image-preview:large, max-video-preview:-1\" \/>\n<link rel=\"canonical\" href=\"https:\/\/www.accidentdutravail-idf.net\/blog\/accident-au-sud-du-periph-bouchons-au-niveau-de-la-cepiere-a-toulouse-un-lundi-matin-encore-tres-complique\/\" \/>\n<meta property=\"og:locale\" content=\"fr_FR\" \/>\n<meta property=\"og:type\" content=\"article\" \/>\n<meta property=\"og:title\" content=\"Accident au sud du p\u00e9riph, bouchons au niveau de la C\u00e9pi\u00e8re\u2026 \u00e0 Toulouse, un lundi matin encore tr\u00e8s compliqu\u00e9 - ACCIDENTDUTRAVAIL-IDF\" \/>\n<meta property=\"og:description\" content=\"Accident au sud du p\u00e9riph, bouchons au niveau de la C\u00e9pi\u00e8re\u2026 \u00e0 Toulouse, un lundi matin encore tr\u00e8s compliqu\u00e9 article de ACCIDENTDUTRAVAIL-IDF\" \/>\n<meta property=\"og:url\" content=\"https:\/\/www.accidentdutravail-idf.net\/blog\/accident-au-sud-du-periph-bouchons-au-niveau-de-la-cepiere-a-toulouse-un-lundi-matin-encore-tres-complique\/\" \/>\n<meta property=\"og:site_name\" content=\"ACCIDENTDUTRAVAIL-IDF\" \/>\n<meta property=\"article:published_time\" content=\"2025-01-26T23:40:00+00:00\" \/>\n<meta property=\"og:image\" content=\"https:\/\/www.accidentdutravail-idf.net\/blog\/wp-content\/uploads\/2025\/01\/accident-au-sud-du-periph-bouchons-au-niveau-de-la-cepiere-a-toulouse-un-lundi-matin-encore-tres-complique.jpg\" \/>\n<meta name=\"author\" content=\"Carlos Poulain\" \/>\n<meta name=\"twitter:card\" content=\"summary_large_image\" \/>\n<meta name=\"twitter:label1\" content=\"\u00c9crit par\" \/>\n\t<meta name=\"twitter:data1\" content=\"Carlos Poulain\" \/>\n\t<meta name=\"twitter:label2\" content=\"Dur\u00e9e de lecture estim\u00e9e\" \/>\n\t<meta name=\"twitter:data2\" content=\"2 minutes\" \/>\n<script type=\"application\/ld+json\" class=\"yoast-schema-graph\">{\"@context\":\"https:\\\/\\\/schema.org\",\"@graph\":[{\"@type\":\"Article\",\"@id\":\"https:\\\/\\\/www.accidentdutravail-idf.net\\\/blog\\\/accident-au-sud-du-periph-bouchons-au-niveau-de-la-cepiere-a-toulouse-un-lundi-matin-encore-tres-complique\\\/#article\",\"isPartOf\":{\"@id\":\"https:\\\/\\\/www.accidentdutravail-idf.net\\\/blog\\\/accident-au-sud-du-periph-bouchons-au-niveau-de-la-cepiere-a-toulouse-un-lundi-matin-encore-tres-complique\\\/\"},\"author\":{\"name\":\"Carlos Poulain\",\"@id\":\"https:\\\/\\\/www.accidentdutravail-idf.net\\\/blog\\\/#\\\/schema\\\/person\\\/3255d2f970de45e64bd9201f38e7b947\"},\"headline\":\"Accident au sud du p\u00e9riph, bouchons au niveau de la C\u00e9pi\u00e8re\u2026 \u00e0 Toulouse, un lundi matin encore tr\u00e8s compliqu\u00e9\",\"datePublished\":\"2025-01-26T23:40:00+00:00\",\"mainEntityOfPage\":{\"@id\":\"https:\\\/\\\/www.accidentdutravail-idf.net\\\/blog\\\/accident-au-sud-du-periph-bouchons-au-niveau-de-la-cepiere-a-toulouse-un-lundi-matin-encore-tres-complique\\\/\"},\"wordCount\":334,\"publisher\":{\"@id\":\"https:\\\/\\\/www.accidentdutravail-idf.net\\\/blog\\\/#organization\"},\"image\":{\"@id\":\"https:\\\/\\\/www.accidentdutravail-idf.net\\\/blog\\\/accident-au-sud-du-periph-bouchons-au-niveau-de-la-cepiere-a-toulouse-un-lundi-matin-encore-tres-complique\\\/#primaryimage\"},\"thumbnailUrl\":\"https:\\\/\\\/www.accidentdutravail-idf.net\\\/blog\\\/wp-content\\\/uploads\\\/2025\\\/01\\\/accident-au-sud-du-periph-bouchons-au-niveau-de-la-cepiere-a-toulouse-un-lundi-matin-encore-tres-complique.jpg\",\"articleSection\":[\"S\u00e9curit\u00e9 Du Travail En Ile-De-France Et Divers:\"],\"inLanguage\":\"fr-FR\"},{\"@type\":\"WebPage\",\"@id\":\"https:\\\/\\\/www.accidentdutravail-idf.net\\\/blog\\\/accident-au-sud-du-periph-bouchons-au-niveau-de-la-cepiere-a-toulouse-un-lundi-matin-encore-tres-complique\\\/\",\"url\":\"https:\\\/\\\/www.accidentdutravail-idf.net\\\/blog\\\/accident-au-sud-du-periph-bouchons-au-niveau-de-la-cepiere-a-toulouse-un-lundi-matin-encore-tres-complique\\\/\",\"name\":\"Accident au sud du p\u00e9riph, bouchons au niveau de la C\u00e9pi\u00e8re\u2026 \u00e0 Toulouse, un lundi matin encore tr\u00e8s compliqu\u00e9 - ACCIDENTDUTRAVAIL-IDF\",\"isPartOf\":{\"@id\":\"https:\\\/\\\/www.accidentdutravail-idf.net\\\/blog\\\/#website\"},\"primaryImageOfPage\":{\"@id\":\"https:\\\/\\\/www.accidentdutravail-idf.net\\\/blog\\\/accident-au-sud-du-periph-bouchons-au-niveau-de-la-cepiere-a-toulouse-un-lundi-matin-encore-tres-complique\\\/#primaryimage\"},\"image\":{\"@id\":\"https:\\\/\\\/www.accidentdutravail-idf.net\\\/blog\\\/accident-au-sud-du-periph-bouchons-au-niveau-de-la-cepiere-a-toulouse-un-lundi-matin-encore-tres-complique\\\/#primaryimage\"},\"thumbnailUrl\":\"https:\\\/\\\/www.accidentdutravail-idf.net\\\/blog\\\/wp-content\\\/uploads\\\/2025\\\/01\\\/accident-au-sud-du-periph-bouchons-au-niveau-de-la-cepiere-a-toulouse-un-lundi-matin-encore-tres-complique.jpg\",\"datePublished\":\"2025-01-26T23:40:00+00:00\",\"description\":\"Accident au sud du p\u00e9riph, bouchons au niveau de la C\u00e9pi\u00e8re\u2026 \u00e0 Toulouse, un lundi matin encore tr\u00e8s compliqu\u00e9 article de ACCIDENTDUTRAVAIL-IDF\",\"breadcrumb\":{\"@id\":\"https:\\\/\\\/www.accidentdutravail-idf.net\\\/blog\\\/accident-au-sud-du-periph-bouchons-au-niveau-de-la-cepiere-a-toulouse-un-lundi-matin-encore-tres-complique\\\/#breadcrumb\"},\"inLanguage\":\"fr-FR\",\"potentialAction\":[{\"@type\":\"ReadAction\",\"target\":[\"https:\\\/\\\/www.accidentdutravail-idf.net\\\/blog\\\/accident-au-sud-du-periph-bouchons-au-niveau-de-la-cepiere-a-toulouse-un-lundi-matin-encore-tres-complique\\\/\"]}]},{\"@type\":\"ImageObject\",\"inLanguage\":\"fr-FR\",\"@id\":\"https:\\\/\\\/www.accidentdutravail-idf.net\\\/blog\\\/accident-au-sud-du-periph-bouchons-au-niveau-de-la-cepiere-a-toulouse-un-lundi-matin-encore-tres-complique\\\/#primaryimage\",\"url\":\"https:\\\/\\\/www.accidentdutravail-idf.net\\\/blog\\\/wp-content\\\/uploads\\\/2025\\\/01\\\/accident-au-sud-du-periph-bouchons-au-niveau-de-la-cepiere-a-toulouse-un-lundi-matin-encore-tres-complique.jpg\",\"contentUrl\":\"https:\\\/\\\/www.accidentdutravail-idf.net\\\/blog\\\/wp-content\\\/uploads\\\/2025\\\/01\\\/accident-au-sud-du-periph-bouchons-au-niveau-de-la-cepiere-a-toulouse-un-lundi-matin-encore-tres-complique.jpg\"},{\"@type\":\"BreadcrumbList\",\"@id\":\"https:\\\/\\\/www.accidentdutravail-idf.net\\\/blog\\\/accident-au-sud-du-periph-bouchons-au-niveau-de-la-cepiere-a-toulouse-un-lundi-matin-encore-tres-complique\\\/#breadcrumb\",\"itemListElement\":[{\"@type\":\"ListItem\",\"position\":1,\"name\":\"Accueil\",\"item\":\"https:\\\/\\\/www.accidentdutravail-idf.net\\\/blog\\\/\"},{\"@type\":\"ListItem\",\"position\":2,\"name\":\"Accident au sud du p\u00e9riph, bouchons au niveau de la C\u00e9pi\u00e8re\u2026 \u00e0 Toulouse, un lundi matin encore tr\u00e8s compliqu\u00e9\"}]},{\"@type\":\"WebSite\",\"@id\":\"https:\\\/\\\/www.accidentdutravail-idf.net\\\/blog\\\/#website\",\"url\":\"https:\\\/\\\/www.accidentdutravail-idf.net\\\/blog\\\/\",\"name\":\"ACCIDENTDUTRAVAIL-IDF\",\"description\":\"Portail accidents du travail-maladies professionnelles des entreprises d&#039;Ile-de-France\",\"publisher\":{\"@id\":\"https:\\\/\\\/www.accidentdutravail-idf.net\\\/blog\\\/#organization\"},\"potentialAction\":[{\"@type\":\"SearchAction\",\"target\":{\"@type\":\"EntryPoint\",\"urlTemplate\":\"https:\\\/\\\/www.accidentdutravail-idf.net\\\/blog\\\/?s={search_term_string}\"},\"query-input\":{\"@type\":\"PropertyValueSpecification\",\"valueRequired\":true,\"valueName\":\"search_term_string\"}}],\"inLanguage\":\"fr-FR\"},{\"@type\":\"Organization\",\"@id\":\"https:\\\/\\\/www.accidentdutravail-idf.net\\\/blog\\\/#organization\",\"name\":\"accidentdutravail-idf\",\"url\":\"https:\\\/\\\/www.accidentdutravail-idf.net\\\/blog\\\/\",\"logo\":{\"@type\":\"ImageObject\",\"inLanguage\":\"fr-FR\",\"@id\":\"https:\\\/\\\/www.accidentdutravail-idf.net\\\/blog\\\/#\\\/schema\\\/logo\\\/image\\\/\",\"url\":\"https:\\\/\\\/www.accidentdutravail-idf.net\\\/blog\\\/wp-content\\\/uploads\\\/2022\\\/09\\\/logo-2.png\",\"contentUrl\":\"https:\\\/\\\/www.accidentdutravail-idf.net\\\/blog\\\/wp-content\\\/uploads\\\/2022\\\/09\\\/logo-2.png\",\"width\":380,\"height\":291,\"caption\":\"accidentdutravail-idf\"},\"image\":{\"@id\":\"https:\\\/\\\/www.accidentdutravail-idf.net\\\/blog\\\/#\\\/schema\\\/logo\\\/image\\\/\"}},{\"@type\":\"Person\",\"@id\":\"https:\\\/\\\/www.accidentdutravail-idf.net\\\/blog\\\/#\\\/schema\\\/person\\\/3255d2f970de45e64bd9201f38e7b947\",\"name\":\"Carlos Poulain\",\"image\":{\"@type\":\"ImageObject\",\"inLanguage\":\"fr-FR\",\"@id\":\"https:\\\/\\\/secure.gravatar.com\\\/avatar\\\/b1c2f9d3588e34e91adb093635df64ef4b2381991216be7576466cfcdca4baf3?s=96&d=mm&r=g\",\"url\":\"https:\\\/\\\/secure.gravatar.com\\\/avatar\\\/b1c2f9d3588e34e91adb093635df64ef4b2381991216be7576466cfcdca4baf3?s=96&d=mm&r=g\",\"contentUrl\":\"https:\\\/\\\/secure.gravatar.com\\\/avatar\\\/b1c2f9d3588e34e91adb093635df64ef4b2381991216be7576466cfcdca4baf3?s=96&d=mm&r=g\",\"caption\":\"Carlos Poulain\"},\"url\":\"https:\\\/\\\/www.accidentdutravail-idf.net\\\/blog\\\/author\\\/idfcarlos\\\/\"}]}<\/script>\n<!-- \/ Yoast SEO plugin. -->","yoast_head_json":{"title":"Accident au sud du p\u00e9riph, bouchons au niveau de la C\u00e9pi\u00e8re\u2026 \u00e0 Toulouse, un lundi matin encore tr\u00e8s compliqu\u00e9 - ACCIDENTDUTRAVAIL-IDF","description":"Accident au sud du p\u00e9riph, bouchons au niveau de la C\u00e9pi\u00e8re\u2026 \u00e0 Toulouse, un lundi matin encore tr\u00e8s compliqu\u00e9 article de ACCIDENTDUTRAVAIL-IDF","robots":{"index":"index","follow":"follow","max-snippet":"max-snippet:-1","max-image-preview":"max-image-preview:large","max-video-preview":"max-video-preview:-1"},"canonical":"https:\/\/www.accidentdutravail-idf.net\/blog\/accident-au-sud-du-periph-bouchons-au-niveau-de-la-cepiere-a-toulouse-un-lundi-matin-encore-tres-complique\/","og_locale":"fr_FR","og_type":"article","og_title":"Accident au sud du p\u00e9riph, bouchons au niveau de la C\u00e9pi\u00e8re\u2026 \u00e0 Toulouse, un lundi matin encore tr\u00e8s compliqu\u00e9 - ACCIDENTDUTRAVAIL-IDF","og_description":"Accident au sud du p\u00e9riph, bouchons au niveau de la C\u00e9pi\u00e8re\u2026 \u00e0 Toulouse, un lundi matin encore tr\u00e8s compliqu\u00e9 article de ACCIDENTDUTRAVAIL-IDF","og_url":"https:\/\/www.accidentdutravail-idf.net\/blog\/accident-au-sud-du-periph-bouchons-au-niveau-de-la-cepiere-a-toulouse-un-lundi-matin-encore-tres-complique\/","og_site_name":"ACCIDENTDUTRAVAIL-IDF","article_published_time":"2025-01-26T23:40:00+00:00","og_image":[{"url":"https:\/\/www.accidentdutravail-idf.net\/blog\/wp-content\/uploads\/2025\/01\/accident-au-sud-du-periph-bouchons-au-niveau-de-la-cepiere-a-toulouse-un-lundi-matin-encore-tres-complique.jpg","type":"","width":"","height":""}],"author":"Carlos Poulain","twitter_card":"summary_large_image","twitter_misc":{"\u00c9crit par":"Carlos Poulain","Dur\u00e9e de lecture estim\u00e9e":"2 minutes"},"schema":{"@context":"https:\/\/schema.org","@graph":[{"@type":"Article","@id":"https:\/\/www.accidentdutravail-idf.net\/blog\/accident-au-sud-du-periph-bouchons-au-niveau-de-la-cepiere-a-toulouse-un-lundi-matin-encore-tres-complique\/#article","isPartOf":{"@id":"https:\/\/www.accidentdutravail-idf.net\/blog\/accident-au-sud-du-periph-bouchons-au-niveau-de-la-cepiere-a-toulouse-un-lundi-matin-encore-tres-complique\/"},"author":{"name":"Carlos Poulain","@id":"https:\/\/www.accidentdutravail-idf.net\/blog\/#\/schema\/person\/3255d2f970de45e64bd9201f38e7b947"},"headline":"Accident au sud du p\u00e9riph, bouchons au niveau de la C\u00e9pi\u00e8re\u2026 \u00e0 Toulouse, un lundi matin encore tr\u00e8s compliqu\u00e9","datePublished":"2025-01-26T23:40:00+00:00","mainEntityOfPage":{"@id":"https:\/\/www.accidentdutravail-idf.net\/blog\/accident-au-sud-du-periph-bouchons-au-niveau-de-la-cepiere-a-toulouse-un-lundi-matin-encore-tres-complique\/"},"wordCount":334,"publisher":{"@id":"https:\/\/www.accidentdutravail-idf.net\/blog\/#organization"},"image":{"@id":"https:\/\/www.accidentdutravail-idf.net\/blog\/accident-au-sud-du-periph-bouchons-au-niveau-de-la-cepiere-a-toulouse-un-lundi-matin-encore-tres-complique\/#primaryimage"},"thumbnailUrl":"https:\/\/www.accidentdutravail-idf.net\/blog\/wp-content\/uploads\/2025\/01\/accident-au-sud-du-periph-bouchons-au-niveau-de-la-cepiere-a-toulouse-un-lundi-matin-encore-tres-complique.jpg","articleSection":["S\u00e9curit\u00e9 Du Travail En Ile-De-France Et Divers:"],"inLanguage":"fr-FR"},{"@type":"WebPage","@id":"https:\/\/www.accidentdutravail-idf.net\/blog\/accident-au-sud-du-periph-bouchons-au-niveau-de-la-cepiere-a-toulouse-un-lundi-matin-encore-tres-complique\/","url":"https:\/\/www.accidentdutravail-idf.net\/blog\/accident-au-sud-du-periph-bouchons-au-niveau-de-la-cepiere-a-toulouse-un-lundi-matin-encore-tres-complique\/","name":"Accident au sud du p\u00e9riph, bouchons au niveau de la C\u00e9pi\u00e8re\u2026 \u00e0 Toulouse, un lundi matin encore tr\u00e8s compliqu\u00e9 - ACCIDENTDUTRAVAIL-IDF","isPartOf":{"@id":"https:\/\/www.accidentdutravail-idf.net\/blog\/#website"},"primaryImageOfPage":{"@id":"https:\/\/www.accidentdutravail-idf.net\/blog\/accident-au-sud-du-periph-bouchons-au-niveau-de-la-cepiere-a-toulouse-un-lundi-matin-encore-tres-complique\/#primaryimage"},"image":{"@id":"https:\/\/www.accidentdutravail-idf.net\/blog\/accident-au-sud-du-periph-bouchons-au-niveau-de-la-cepiere-a-toulouse-un-lundi-matin-encore-tres-complique\/#primaryimage"},"thumbnailUrl":"https:\/\/www.accidentdutravail-idf.net\/blog\/wp-content\/uploads\/2025\/01\/accident-au-sud-du-periph-bouchons-au-niveau-de-la-cepiere-a-toulouse-un-lundi-matin-encore-tres-complique.jpg","datePublished":"2025-01-26T23:40:00+00:00","description":"Accident au sud du p\u00e9riph, bouchons au niveau de la C\u00e9pi\u00e8re\u2026 \u00e0 Toulouse, un lundi matin encore tr\u00e8s compliqu\u00e9 article de ACCIDENTDUTRAVAIL-IDF","breadcrumb":{"@id":"https:\/\/www.accidentdutravail-idf.net\/blog\/accident-au-sud-du-periph-bouchons-au-niveau-de-la-cepiere-a-toulouse-un-lundi-matin-encore-tres-complique\/#breadcrumb"},"inLanguage":"fr-FR","potentialAction":[{"@type":"ReadAction","target":["https:\/\/www.accidentdutravail-idf.net\/blog\/accident-au-sud-du-periph-bouchons-au-niveau-de-la-cepiere-a-toulouse-un-lundi-matin-encore-tres-complique\/"]}]},{"@type":"ImageObject","inLanguage":"fr-FR","@id":"https:\/\/www.accidentdutravail-idf.net\/blog\/accident-au-sud-du-periph-bouchons-au-niveau-de-la-cepiere-a-toulouse-un-lundi-matin-encore-tres-complique\/#primaryimage","url":"https:\/\/www.accidentdutravail-idf.net\/blog\/wp-content\/uploads\/2025\/01\/accident-au-sud-du-periph-bouchons-au-niveau-de-la-cepiere-a-toulouse-un-lundi-matin-encore-tres-complique.jpg","contentUrl":"https:\/\/www.accidentdutravail-idf.net\/blog\/wp-content\/uploads\/2025\/01\/accident-au-sud-du-periph-bouchons-au-niveau-de-la-cepiere-a-toulouse-un-lundi-matin-encore-tres-complique.jpg"},{"@type":"BreadcrumbList","@id":"https:\/\/www.accidentdutravail-idf.net\/blog\/accident-au-sud-du-periph-bouchons-au-niveau-de-la-cepiere-a-toulouse-un-lundi-matin-encore-tres-complique\/#breadcrumb","itemListElement":[{"@type":"ListItem","position":1,"name":"Accueil","item":"https:\/\/www.accidentdutravail-idf.net\/blog\/"},{"@type":"ListItem","position":2,"name":"Accident au sud du p\u00e9riph, bouchons au niveau de la C\u00e9pi\u00e8re\u2026 \u00e0 Toulouse, un lundi matin encore tr\u00e8s compliqu\u00e9"}]},{"@type":"WebSite","@id":"https:\/\/www.accidentdutravail-idf.net\/blog\/#website","url":"https:\/\/www.accidentdutravail-idf.net\/blog\/","name":"ACCIDENTDUTRAVAIL-IDF","description":"Portail accidents du travail-maladies professionnelles des entreprises d&#039;Ile-de-France","publisher":{"@id":"https:\/\/www.accidentdutravail-idf.net\/blog\/#organization"},"potentialAction":[{"@type":"SearchAction","target":{"@type":"EntryPoint","urlTemplate":"https:\/\/www.accidentdutravail-idf.net\/blog\/?s={search_term_string}"},"query-input":{"@type":"PropertyValueSpecification","valueRequired":true,"valueName":"search_term_string"}}],"inLanguage":"fr-FR"},{"@type":"Organization","@id":"https:\/\/www.accidentdutravail-idf.net\/blog\/#organization","name":"accidentdutravail-idf","url":"https:\/\/www.accidentdutravail-idf.net\/blog\/","logo":{"@type":"ImageObject","inLanguage":"fr-FR","@id":"https:\/\/www.accidentdutravail-idf.net\/blog\/#\/schema\/logo\/image\/","url":"https:\/\/www.accidentdutravail-idf.net\/blog\/wp-content\/uploads\/2022\/09\/logo-2.png","contentUrl":"https:\/\/www.accidentdutravail-idf.net\/blog\/wp-content\/uploads\/2022\/09\/logo-2.png","width":380,"height":291,"caption":"accidentdutravail-idf"},"image":{"@id":"https:\/\/www.accidentdutravail-idf.net\/blog\/#\/schema\/logo\/image\/"}},{"@type":"Person","@id":"https:\/\/www.accidentdutravail-idf.net\/blog\/#\/schema\/person\/3255d2f970de45e64bd9201f38e7b947","name":"Carlos Poulain","image":{"@type":"ImageObject","inLanguage":"fr-FR","@id":"https:\/\/secure.gravatar.com\/avatar\/b1c2f9d3588e34e91adb093635df64ef4b2381991216be7576466cfcdca4baf3?s=96&d=mm&r=g","url":"https:\/\/secure.gravatar.com\/avatar\/b1c2f9d3588e34e91adb093635df64ef4b2381991216be7576466cfcdca4baf3?s=96&d=mm&r=g","contentUrl":"https:\/\/secure.gravatar.com\/avatar\/b1c2f9d3588e34e91adb093635df64ef4b2381991216be7576466cfcdca4baf3?s=96&d=mm&r=g","caption":"Carlos Poulain"},"url":"https:\/\/www.accidentdutravail-idf.net\/blog\/author\/idfcarlos\/"}]}},"_links":{"self":[{"href":"https:\/\/www.accidentdutravail-idf.net\/blog\/wp-json\/wp\/v2\/posts\/1203","targetHints":{"allow":["GET"]}}],"collection":[{"href":"https:\/\/www.accidentdutravail-idf.net\/blog\/wp-json\/wp\/v2\/posts"}],"about":[{"href":"https:\/\/www.accidentdutravail-idf.net\/blog\/wp-json\/wp\/v2\/types\/post"}],"author":[{"embeddable":true,"href":"https:\/\/www.accidentdutravail-idf.net\/blog\/wp-json\/wp\/v2\/users\/2"}],"replies":[{"embeddable":true,"href":"https:\/\/www.accidentdutravail-idf.net\/blog\/wp-json\/wp\/v2\/comments?post=1203"}],"version-history":[{"count":0,"href":"https:\/\/www.accidentdutravail-idf.net\/blog\/wp-json\/wp\/v2\/posts\/1203\/revisions"}],"wp:attachment":[{"href":"https:\/\/www.accidentdutravail-idf.net\/blog\/wp-json\/wp\/v2\/media?parent=1203"}],"wp:term":[{"taxonomy":"category","embeddable":true,"href":"https:\/\/www.accidentdutravail-idf.net\/blog\/wp-json\/wp\/v2\/categories?post=1203"},{"taxonomy":"post_tag","embeddable":true,"href":"https:\/\/www.accidentdutravail-idf.net\/blog\/wp-json\/wp\/v2\/tags?post=1203"}],"curies":[{"name":"wp","href":"https:\/\/api.w.org\/{rel}","templated":true}]}}