{"id":1193,"date":"2025-01-21T21:30:00","date_gmt":"2025-01-21T20:30:00","guid":{"rendered":"https:\/\/www.accidentdutravail-idf.net\/blog\/grave-accident-du-travail-le-macon-orleanais-attend-la-reponse-de-la-justice-sur-un-defaut-de-securite\/"},"modified":"2025-01-21T21:30:00","modified_gmt":"2025-01-21T20:30:00","slug":"grave-accident-du-travail-le-macon-orleanais-attend-la-reponse-de-la-justice-sur-un-defaut-de-securite","status":"publish","type":"post","link":"https:\/\/www.accidentdutravail-idf.net\/blog\/grave-accident-du-travail-le-macon-orleanais-attend-la-reponse-de-la-justice-sur-un-defaut-de-securite\/","title":{"rendered":"Grave accident du travail : le ma\u00e7on orl\u00e9anais attend la r\u00e9ponse de la justice sur un d\u00e9faut de s\u00e9curit\u00e9"},"content":{"rendered":"<div><img decoding=\"async\" src=\"https:\/\/www.accidentdutravail-idf.net\/blog\/wp-content\/uploads\/2025\/01\/grave-accident-du-travail-le-macon-orleanais-attend-la-reponse-de-la-justice-sur-un-defaut-de-securite.webp\" class=\"ff-og-image-inserted\"><\/div>\n<p class=\"typo-p1\">Longtemps mal-aim\u00e9, le quartier des Carmes, \u00e0 Orl\u00e9ans, entamait sa mue il y a une douzaine d\u2019ann\u00e9es, avec l\u2019arriv\u00e9e du tram. Une vaste op\u00e9ration de r\u00e9novation urbaine qui aura pour point d\u2019orgue l\u2019ouverture de la fac de droit en centre-ville, en 2027.<\/p>\n<p class=\"typo-p1\">Derri\u00e8re ce renouveau annonc\u00e9, il y a un drame plus intime, aujourd\u2019hui oubli\u00e9, la vie d\u2019une famille qui a bascul\u00e9 dans un fracas de poussi\u00e8re. Ce vendredi 20&nbsp;octobre 2017, il est aux alentours de 14&nbsp;h&nbsp;45 quand un grondement secoue la fa\u00e7ade d\u2019un immeuble de la rue des Carmes en cours de r\u00e9novation.<\/p>\n<h2 class=\"typo-h2\">Plong\u00e9 dans le coma<\/h2>\n<p class=\"typo-p1\">\u00ab&nbsp;C\u2019est une poutre ma\u00eetresse du deuxi\u00e8me \u00e9tage qui a c\u00e9d\u00e9. L\u2019\u00e9quipe se trouvait au premier, o\u00f9 elle travaillait \u00e0 la pose d\u2019un plancher b\u00e9ton&nbsp;\u00bb, explique alors un responsable de l\u2019entreprise Sabard, charg\u00e9 du chantier. Carlos Teixeira, un ma\u00e7on de 55&nbsp;ans, g\u00eet inconscient sous les d\u00e9combres.<\/p>\n<p class=\"typo-p1\">Plus de sept&nbsp;ans plus tard, sa femme, Fernanda n\u2019a rien oubli\u00e9 du coup de fil qu\u2019elle a re\u00e7u ce jour-l\u00e0. \u00ab&nbsp;J\u2019ai \u00e9t\u00e9 pr\u00e9venue vers 17\u2009h\u200930. \u201cCarlos s\u2019est fait mal sur le chantier, va vite \u00e0 l\u2019h\u00f4pital\u201d.&nbsp;\u00bb<\/p>\n<p class=\"typo-p1\">Sur place, elle comprend \u00e0 la mine des m\u00e9decins que la situation est plus grave qu\u2019elle l\u2019imaginait. Son mari, plong\u00e9 dans le coma, souffre d\u2019un traumatisme cr\u00e2nien et d\u2019un \u00e9crasement de la cage thoracique. \u00ab&nbsp;Il y avait une toute petite lueur d\u2019espoir, la moelle \u00e9pini\u00e8re n\u2019\u00e9tait pas sectionn\u00e9e.&nbsp;\u00bb Un espoir auquel Carlos et sa famille vont d\u00e9sesp\u00e9r\u00e9ment s\u2019accrocher. L\u2019ouvrier bless\u00e9 va ainsi rester pr\u00e8s d\u2019un mois \u00e0 l\u2019h\u00f4pital.<\/p>\n<h2 class=\"typo-h2\">Une longue r\u00e9\u00e9ducation<\/h2>\n<p class=\"typo-p1\">Son quotidien est fait de hauts et de bas, de signaux inqui\u00e9tants, de petites victoires qui annoncent un retour \u00e0 la vie normale. D\u2019abord la fin de la r\u00e9animation, puis des soins intensifs.<\/p>\n<figure class=\"border-l-dark not-prose relative my-6 border-l pl-6 sm:mx-20\">\n<blockquote class=\"relative\">\n<p>\u00ab&nbsp;J\u2019ai compris qu\u2019il \u00e9tait tir\u00e9 d\u2019affaire la premi\u00e8re fois que je l\u2019ai vu sortir de sa chambre en marchant. Mais il n\u2019avait plus aucun souvenir de l\u2019accident.&nbsp;\u00bb<\/p>\n<\/blockquote>\n<\/figure>\n<p class=\"typo-p1\">Alors que Carlos, d\u00e9sormais contraint de porter un corset, entame une longue r\u00e9\u00e9ducation, la justice s\u2019est saisie de l\u2019affaire pour \u00e9tablir d\u2019\u00e9ventuelles responsabilit\u00e9s dans cet accident de chantier.<\/p>\n<p>accidentdutravail-idf.net vous a pr\u00e9par\u00e9 ce post qui informe du sujet \u00ab\u00a0Association Sportive Huisson-Longueville Essonne\u00a0\u00bb. La chronique se veut g\u00e9n\u00e9r\u00e9e du mieux possible. Vous pouvez utiliser les coordonn\u00e9es indiqu\u00e9es sur le site dans le but d\u2019apporter des explications sur ce post qui parle du th\u00e8me \u00ab\u00a0Association Sportive Huisson-Longueville Essonne\u00a0\u00bb. Le site accidentdutravail-idf.net a pour but de fournir diverses publications sur la th\u00e9matique Association Sportive Huisson-Longueville Essonne diffus\u00e9es sur le net. Il y aura plusieurs articles autour du sujet \u00ab\u00a0Association Sportive Huisson-Longueville Essonne\u00a0\u00bb dans quelques jours, nous vous invitons \u00e0 naviguer sur notre site web \u00e0 plusieurs reprises.<\/p>\n","protected":false},"excerpt":{"rendered":"<p>Longtemps mal-aim\u00e9, le quartier des Carmes, \u00e0 Orl\u00e9ans, entamait sa mue il y a une douzaine d\u2019ann\u00e9es, avec l\u2019arriv\u00e9e du tram. Une vaste op\u00e9ration de r\u00e9novation urbaine qui aura pour point d\u2019orgue l\u2019ouverture de la fac de droit en centre-ville, en 2027. Derri\u00e8re ce renouveau annonc\u00e9, il y a un drame plus intime, aujourd\u2019hui oubli\u00e9, &hellip; <\/p>\n<p class=\"link-more\"><a href=\"https:\/\/www.accidentdutravail-idf.net\/blog\/grave-accident-du-travail-le-macon-orleanais-attend-la-reponse-de-la-justice-sur-un-defaut-de-securite\/\" class=\"more-link\">Continuer la lecture <span class=\"screen-reader-text\"> \u00ab\u00a0Grave accident du travail : le ma\u00e7on orl\u00e9anais attend la r\u00e9ponse de la justice sur un d\u00e9faut de s\u00e9curit\u00e9\u00a0\u00bb<\/span><\/a><\/p>\n","protected":false},"author":2,"featured_media":0,"comment_status":"closed","ping_status":"closed","sticky":false,"template":"","format":"standard","meta":{"footnotes":""},"categories":[5],"tags":[],"class_list":["post-1193","post","type-post","status-publish","format-standard","hentry","category-securite-du-travail-en-ile-de-france-et-divers","entry"],"yoast_head":"<!-- This site is optimized with the Yoast SEO plugin v27.5 - https:\/\/yoast.com\/product\/yoast-seo-wordpress\/ -->\n<title>Grave accident du travail : le ma\u00e7on orl\u00e9anais attend la r\u00e9ponse de la justice sur un d\u00e9faut de s\u00e9curit\u00e9 - ACCIDENTDUTRAVAIL-IDF<\/title>\n<meta name=\"description\" content=\"Grave accident du travail : le ma\u00e7on orl\u00e9anais attend la r\u00e9ponse de la justice sur un d\u00e9faut de s\u00e9curit\u00e9 article de ACCIDENTDUTRAVAIL-IDF\" \/>\n<meta name=\"robots\" content=\"index, follow, max-snippet:-1, max-image-preview:large, max-video-preview:-1\" \/>\n<link rel=\"canonical\" href=\"https:\/\/www.accidentdutravail-idf.net\/blog\/grave-accident-du-travail-le-macon-orleanais-attend-la-reponse-de-la-justice-sur-un-defaut-de-securite\/\" \/>\n<meta property=\"og:locale\" content=\"fr_FR\" \/>\n<meta property=\"og:type\" content=\"article\" \/>\n<meta property=\"og:title\" content=\"Grave accident du travail : le ma\u00e7on orl\u00e9anais attend la r\u00e9ponse de la justice sur un d\u00e9faut de s\u00e9curit\u00e9 - ACCIDENTDUTRAVAIL-IDF\" \/>\n<meta property=\"og:description\" content=\"Grave accident du travail : le ma\u00e7on orl\u00e9anais attend la r\u00e9ponse de la justice sur un d\u00e9faut de s\u00e9curit\u00e9 article de ACCIDENTDUTRAVAIL-IDF\" \/>\n<meta property=\"og:url\" content=\"https:\/\/www.accidentdutravail-idf.net\/blog\/grave-accident-du-travail-le-macon-orleanais-attend-la-reponse-de-la-justice-sur-un-defaut-de-securite\/\" \/>\n<meta property=\"og:site_name\" content=\"ACCIDENTDUTRAVAIL-IDF\" \/>\n<meta property=\"article:published_time\" content=\"2025-01-21T20:30:00+00:00\" \/>\n<meta property=\"og:image\" content=\"https:\/\/www.accidentdutravail-idf.net\/blog\/wp-content\/uploads\/2025\/01\/grave-accident-du-travail-le-macon-orleanais-attend-la-reponse-de-la-justice-sur-un-defaut-de-securite.webp\" \/>\n<meta name=\"author\" content=\"Carlos Poulain\" \/>\n<meta name=\"twitter:card\" content=\"summary_large_image\" \/>\n<meta name=\"twitter:label1\" content=\"\u00c9crit par\" \/>\n\t<meta name=\"twitter:data1\" content=\"Carlos Poulain\" \/>\n\t<meta name=\"twitter:label2\" content=\"Dur\u00e9e de lecture estim\u00e9e\" \/>\n\t<meta name=\"twitter:data2\" content=\"3 minutes\" \/>\n<script type=\"application\/ld+json\" class=\"yoast-schema-graph\">{\"@context\":\"https:\\\/\\\/schema.org\",\"@graph\":[{\"@type\":\"Article\",\"@id\":\"https:\\\/\\\/www.accidentdutravail-idf.net\\\/blog\\\/grave-accident-du-travail-le-macon-orleanais-attend-la-reponse-de-la-justice-sur-un-defaut-de-securite\\\/#article\",\"isPartOf\":{\"@id\":\"https:\\\/\\\/www.accidentdutravail-idf.net\\\/blog\\\/grave-accident-du-travail-le-macon-orleanais-attend-la-reponse-de-la-justice-sur-un-defaut-de-securite\\\/\"},\"author\":{\"name\":\"Carlos Poulain\",\"@id\":\"https:\\\/\\\/www.accidentdutravail-idf.net\\\/blog\\\/#\\\/schema\\\/person\\\/3255d2f970de45e64bd9201f38e7b947\"},\"headline\":\"Grave accident du travail : le ma\u00e7on orl\u00e9anais attend la r\u00e9ponse de la justice sur un d\u00e9faut de s\u00e9curit\u00e9\",\"datePublished\":\"2025-01-21T20:30:00+00:00\",\"mainEntityOfPage\":{\"@id\":\"https:\\\/\\\/www.accidentdutravail-idf.net\\\/blog\\\/grave-accident-du-travail-le-macon-orleanais-attend-la-reponse-de-la-justice-sur-un-defaut-de-securite\\\/\"},\"wordCount\":544,\"publisher\":{\"@id\":\"https:\\\/\\\/www.accidentdutravail-idf.net\\\/blog\\\/#organization\"},\"image\":{\"@id\":\"https:\\\/\\\/www.accidentdutravail-idf.net\\\/blog\\\/grave-accident-du-travail-le-macon-orleanais-attend-la-reponse-de-la-justice-sur-un-defaut-de-securite\\\/#primaryimage\"},\"thumbnailUrl\":\"https:\\\/\\\/www.accidentdutravail-idf.net\\\/blog\\\/wp-content\\\/uploads\\\/2025\\\/01\\\/grave-accident-du-travail-le-macon-orleanais-attend-la-reponse-de-la-justice-sur-un-defaut-de-securite.webp\",\"articleSection\":[\"S\u00e9curit\u00e9 Du Travail En Ile-De-France Et Divers:\"],\"inLanguage\":\"fr-FR\"},{\"@type\":\"WebPage\",\"@id\":\"https:\\\/\\\/www.accidentdutravail-idf.net\\\/blog\\\/grave-accident-du-travail-le-macon-orleanais-attend-la-reponse-de-la-justice-sur-un-defaut-de-securite\\\/\",\"url\":\"https:\\\/\\\/www.accidentdutravail-idf.net\\\/blog\\\/grave-accident-du-travail-le-macon-orleanais-attend-la-reponse-de-la-justice-sur-un-defaut-de-securite\\\/\",\"name\":\"Grave accident du travail : le ma\u00e7on orl\u00e9anais attend la r\u00e9ponse de la justice sur un d\u00e9faut de s\u00e9curit\u00e9 - ACCIDENTDUTRAVAIL-IDF\",\"isPartOf\":{\"@id\":\"https:\\\/\\\/www.accidentdutravail-idf.net\\\/blog\\\/#website\"},\"primaryImageOfPage\":{\"@id\":\"https:\\\/\\\/www.accidentdutravail-idf.net\\\/blog\\\/grave-accident-du-travail-le-macon-orleanais-attend-la-reponse-de-la-justice-sur-un-defaut-de-securite\\\/#primaryimage\"},\"image\":{\"@id\":\"https:\\\/\\\/www.accidentdutravail-idf.net\\\/blog\\\/grave-accident-du-travail-le-macon-orleanais-attend-la-reponse-de-la-justice-sur-un-defaut-de-securite\\\/#primaryimage\"},\"thumbnailUrl\":\"https:\\\/\\\/www.accidentdutravail-idf.net\\\/blog\\\/wp-content\\\/uploads\\\/2025\\\/01\\\/grave-accident-du-travail-le-macon-orleanais-attend-la-reponse-de-la-justice-sur-un-defaut-de-securite.webp\",\"datePublished\":\"2025-01-21T20:30:00+00:00\",\"description\":\"Grave accident du travail : le ma\u00e7on orl\u00e9anais attend la r\u00e9ponse de la justice sur un d\u00e9faut de s\u00e9curit\u00e9 article de ACCIDENTDUTRAVAIL-IDF\",\"breadcrumb\":{\"@id\":\"https:\\\/\\\/www.accidentdutravail-idf.net\\\/blog\\\/grave-accident-du-travail-le-macon-orleanais-attend-la-reponse-de-la-justice-sur-un-defaut-de-securite\\\/#breadcrumb\"},\"inLanguage\":\"fr-FR\",\"potentialAction\":[{\"@type\":\"ReadAction\",\"target\":[\"https:\\\/\\\/www.accidentdutravail-idf.net\\\/blog\\\/grave-accident-du-travail-le-macon-orleanais-attend-la-reponse-de-la-justice-sur-un-defaut-de-securite\\\/\"]}]},{\"@type\":\"ImageObject\",\"inLanguage\":\"fr-FR\",\"@id\":\"https:\\\/\\\/www.accidentdutravail-idf.net\\\/blog\\\/grave-accident-du-travail-le-macon-orleanais-attend-la-reponse-de-la-justice-sur-un-defaut-de-securite\\\/#primaryimage\",\"url\":\"https:\\\/\\\/www.accidentdutravail-idf.net\\\/blog\\\/wp-content\\\/uploads\\\/2025\\\/01\\\/grave-accident-du-travail-le-macon-orleanais-attend-la-reponse-de-la-justice-sur-un-defaut-de-securite.webp\",\"contentUrl\":\"https:\\\/\\\/www.accidentdutravail-idf.net\\\/blog\\\/wp-content\\\/uploads\\\/2025\\\/01\\\/grave-accident-du-travail-le-macon-orleanais-attend-la-reponse-de-la-justice-sur-un-defaut-de-securite.webp\"},{\"@type\":\"BreadcrumbList\",\"@id\":\"https:\\\/\\\/www.accidentdutravail-idf.net\\\/blog\\\/grave-accident-du-travail-le-macon-orleanais-attend-la-reponse-de-la-justice-sur-un-defaut-de-securite\\\/#breadcrumb\",\"itemListElement\":[{\"@type\":\"ListItem\",\"position\":1,\"name\":\"Accueil\",\"item\":\"https:\\\/\\\/www.accidentdutravail-idf.net\\\/blog\\\/\"},{\"@type\":\"ListItem\",\"position\":2,\"name\":\"Grave accident du travail : le ma\u00e7on orl\u00e9anais attend la r\u00e9ponse de la justice sur un d\u00e9faut de s\u00e9curit\u00e9\"}]},{\"@type\":\"WebSite\",\"@id\":\"https:\\\/\\\/www.accidentdutravail-idf.net\\\/blog\\\/#website\",\"url\":\"https:\\\/\\\/www.accidentdutravail-idf.net\\\/blog\\\/\",\"name\":\"ACCIDENTDUTRAVAIL-IDF\",\"description\":\"Portail accidents du travail-maladies professionnelles des entreprises d&#039;Ile-de-France\",\"publisher\":{\"@id\":\"https:\\\/\\\/www.accidentdutravail-idf.net\\\/blog\\\/#organization\"},\"potentialAction\":[{\"@type\":\"SearchAction\",\"target\":{\"@type\":\"EntryPoint\",\"urlTemplate\":\"https:\\\/\\\/www.accidentdutravail-idf.net\\\/blog\\\/?s={search_term_string}\"},\"query-input\":{\"@type\":\"PropertyValueSpecification\",\"valueRequired\":true,\"valueName\":\"search_term_string\"}}],\"inLanguage\":\"fr-FR\"},{\"@type\":\"Organization\",\"@id\":\"https:\\\/\\\/www.accidentdutravail-idf.net\\\/blog\\\/#organization\",\"name\":\"accidentdutravail-idf\",\"url\":\"https:\\\/\\\/www.accidentdutravail-idf.net\\\/blog\\\/\",\"logo\":{\"@type\":\"ImageObject\",\"inLanguage\":\"fr-FR\",\"@id\":\"https:\\\/\\\/www.accidentdutravail-idf.net\\\/blog\\\/#\\\/schema\\\/logo\\\/image\\\/\",\"url\":\"https:\\\/\\\/www.accidentdutravail-idf.net\\\/blog\\\/wp-content\\\/uploads\\\/2022\\\/09\\\/logo-2.png\",\"contentUrl\":\"https:\\\/\\\/www.accidentdutravail-idf.net\\\/blog\\\/wp-content\\\/uploads\\\/2022\\\/09\\\/logo-2.png\",\"width\":380,\"height\":291,\"caption\":\"accidentdutravail-idf\"},\"image\":{\"@id\":\"https:\\\/\\\/www.accidentdutravail-idf.net\\\/blog\\\/#\\\/schema\\\/logo\\\/image\\\/\"}},{\"@type\":\"Person\",\"@id\":\"https:\\\/\\\/www.accidentdutravail-idf.net\\\/blog\\\/#\\\/schema\\\/person\\\/3255d2f970de45e64bd9201f38e7b947\",\"name\":\"Carlos Poulain\",\"image\":{\"@type\":\"ImageObject\",\"inLanguage\":\"fr-FR\",\"@id\":\"https:\\\/\\\/secure.gravatar.com\\\/avatar\\\/b1c2f9d3588e34e91adb093635df64ef4b2381991216be7576466cfcdca4baf3?s=96&d=mm&r=g\",\"url\":\"https:\\\/\\\/secure.gravatar.com\\\/avatar\\\/b1c2f9d3588e34e91adb093635df64ef4b2381991216be7576466cfcdca4baf3?s=96&d=mm&r=g\",\"contentUrl\":\"https:\\\/\\\/secure.gravatar.com\\\/avatar\\\/b1c2f9d3588e34e91adb093635df64ef4b2381991216be7576466cfcdca4baf3?s=96&d=mm&r=g\",\"caption\":\"Carlos Poulain\"},\"url\":\"https:\\\/\\\/www.accidentdutravail-idf.net\\\/blog\\\/author\\\/idfcarlos\\\/\"}]}<\/script>\n<!-- \/ Yoast SEO plugin. -->","yoast_head_json":{"title":"Grave accident du travail : le ma\u00e7on orl\u00e9anais attend la r\u00e9ponse de la justice sur un d\u00e9faut de s\u00e9curit\u00e9 - ACCIDENTDUTRAVAIL-IDF","description":"Grave accident du travail : le ma\u00e7on orl\u00e9anais attend la r\u00e9ponse de la justice sur un d\u00e9faut de s\u00e9curit\u00e9 article de ACCIDENTDUTRAVAIL-IDF","robots":{"index":"index","follow":"follow","max-snippet":"max-snippet:-1","max-image-preview":"max-image-preview:large","max-video-preview":"max-video-preview:-1"},"canonical":"https:\/\/www.accidentdutravail-idf.net\/blog\/grave-accident-du-travail-le-macon-orleanais-attend-la-reponse-de-la-justice-sur-un-defaut-de-securite\/","og_locale":"fr_FR","og_type":"article","og_title":"Grave accident du travail : le ma\u00e7on orl\u00e9anais attend la r\u00e9ponse de la justice sur un d\u00e9faut de s\u00e9curit\u00e9 - ACCIDENTDUTRAVAIL-IDF","og_description":"Grave accident du travail : le ma\u00e7on orl\u00e9anais attend la r\u00e9ponse de la justice sur un d\u00e9faut de s\u00e9curit\u00e9 article de ACCIDENTDUTRAVAIL-IDF","og_url":"https:\/\/www.accidentdutravail-idf.net\/blog\/grave-accident-du-travail-le-macon-orleanais-attend-la-reponse-de-la-justice-sur-un-defaut-de-securite\/","og_site_name":"ACCIDENTDUTRAVAIL-IDF","article_published_time":"2025-01-21T20:30:00+00:00","og_image":[{"url":"https:\/\/www.accidentdutravail-idf.net\/blog\/wp-content\/uploads\/2025\/01\/grave-accident-du-travail-le-macon-orleanais-attend-la-reponse-de-la-justice-sur-un-defaut-de-securite.webp","type":"","width":"","height":""}],"author":"Carlos Poulain","twitter_card":"summary_large_image","twitter_misc":{"\u00c9crit par":"Carlos Poulain","Dur\u00e9e de lecture estim\u00e9e":"3 minutes"},"schema":{"@context":"https:\/\/schema.org","@graph":[{"@type":"Article","@id":"https:\/\/www.accidentdutravail-idf.net\/blog\/grave-accident-du-travail-le-macon-orleanais-attend-la-reponse-de-la-justice-sur-un-defaut-de-securite\/#article","isPartOf":{"@id":"https:\/\/www.accidentdutravail-idf.net\/blog\/grave-accident-du-travail-le-macon-orleanais-attend-la-reponse-de-la-justice-sur-un-defaut-de-securite\/"},"author":{"name":"Carlos Poulain","@id":"https:\/\/www.accidentdutravail-idf.net\/blog\/#\/schema\/person\/3255d2f970de45e64bd9201f38e7b947"},"headline":"Grave accident du travail : le ma\u00e7on orl\u00e9anais attend la r\u00e9ponse de la justice sur un d\u00e9faut de s\u00e9curit\u00e9","datePublished":"2025-01-21T20:30:00+00:00","mainEntityOfPage":{"@id":"https:\/\/www.accidentdutravail-idf.net\/blog\/grave-accident-du-travail-le-macon-orleanais-attend-la-reponse-de-la-justice-sur-un-defaut-de-securite\/"},"wordCount":544,"publisher":{"@id":"https:\/\/www.accidentdutravail-idf.net\/blog\/#organization"},"image":{"@id":"https:\/\/www.accidentdutravail-idf.net\/blog\/grave-accident-du-travail-le-macon-orleanais-attend-la-reponse-de-la-justice-sur-un-defaut-de-securite\/#primaryimage"},"thumbnailUrl":"https:\/\/www.accidentdutravail-idf.net\/blog\/wp-content\/uploads\/2025\/01\/grave-accident-du-travail-le-macon-orleanais-attend-la-reponse-de-la-justice-sur-un-defaut-de-securite.webp","articleSection":["S\u00e9curit\u00e9 Du Travail En Ile-De-France Et Divers:"],"inLanguage":"fr-FR"},{"@type":"WebPage","@id":"https:\/\/www.accidentdutravail-idf.net\/blog\/grave-accident-du-travail-le-macon-orleanais-attend-la-reponse-de-la-justice-sur-un-defaut-de-securite\/","url":"https:\/\/www.accidentdutravail-idf.net\/blog\/grave-accident-du-travail-le-macon-orleanais-attend-la-reponse-de-la-justice-sur-un-defaut-de-securite\/","name":"Grave accident du travail : le ma\u00e7on orl\u00e9anais attend la r\u00e9ponse de la justice sur un d\u00e9faut de s\u00e9curit\u00e9 - ACCIDENTDUTRAVAIL-IDF","isPartOf":{"@id":"https:\/\/www.accidentdutravail-idf.net\/blog\/#website"},"primaryImageOfPage":{"@id":"https:\/\/www.accidentdutravail-idf.net\/blog\/grave-accident-du-travail-le-macon-orleanais-attend-la-reponse-de-la-justice-sur-un-defaut-de-securite\/#primaryimage"},"image":{"@id":"https:\/\/www.accidentdutravail-idf.net\/blog\/grave-accident-du-travail-le-macon-orleanais-attend-la-reponse-de-la-justice-sur-un-defaut-de-securite\/#primaryimage"},"thumbnailUrl":"https:\/\/www.accidentdutravail-idf.net\/blog\/wp-content\/uploads\/2025\/01\/grave-accident-du-travail-le-macon-orleanais-attend-la-reponse-de-la-justice-sur-un-defaut-de-securite.webp","datePublished":"2025-01-21T20:30:00+00:00","description":"Grave accident du travail : le ma\u00e7on orl\u00e9anais attend la r\u00e9ponse de la justice sur un d\u00e9faut de s\u00e9curit\u00e9 article de ACCIDENTDUTRAVAIL-IDF","breadcrumb":{"@id":"https:\/\/www.accidentdutravail-idf.net\/blog\/grave-accident-du-travail-le-macon-orleanais-attend-la-reponse-de-la-justice-sur-un-defaut-de-securite\/#breadcrumb"},"inLanguage":"fr-FR","potentialAction":[{"@type":"ReadAction","target":["https:\/\/www.accidentdutravail-idf.net\/blog\/grave-accident-du-travail-le-macon-orleanais-attend-la-reponse-de-la-justice-sur-un-defaut-de-securite\/"]}]},{"@type":"ImageObject","inLanguage":"fr-FR","@id":"https:\/\/www.accidentdutravail-idf.net\/blog\/grave-accident-du-travail-le-macon-orleanais-attend-la-reponse-de-la-justice-sur-un-defaut-de-securite\/#primaryimage","url":"https:\/\/www.accidentdutravail-idf.net\/blog\/wp-content\/uploads\/2025\/01\/grave-accident-du-travail-le-macon-orleanais-attend-la-reponse-de-la-justice-sur-un-defaut-de-securite.webp","contentUrl":"https:\/\/www.accidentdutravail-idf.net\/blog\/wp-content\/uploads\/2025\/01\/grave-accident-du-travail-le-macon-orleanais-attend-la-reponse-de-la-justice-sur-un-defaut-de-securite.webp"},{"@type":"BreadcrumbList","@id":"https:\/\/www.accidentdutravail-idf.net\/blog\/grave-accident-du-travail-le-macon-orleanais-attend-la-reponse-de-la-justice-sur-un-defaut-de-securite\/#breadcrumb","itemListElement":[{"@type":"ListItem","position":1,"name":"Accueil","item":"https:\/\/www.accidentdutravail-idf.net\/blog\/"},{"@type":"ListItem","position":2,"name":"Grave accident du travail : le ma\u00e7on orl\u00e9anais attend la r\u00e9ponse de la justice sur un d\u00e9faut de s\u00e9curit\u00e9"}]},{"@type":"WebSite","@id":"https:\/\/www.accidentdutravail-idf.net\/blog\/#website","url":"https:\/\/www.accidentdutravail-idf.net\/blog\/","name":"ACCIDENTDUTRAVAIL-IDF","description":"Portail accidents du travail-maladies professionnelles des entreprises d&#039;Ile-de-France","publisher":{"@id":"https:\/\/www.accidentdutravail-idf.net\/blog\/#organization"},"potentialAction":[{"@type":"SearchAction","target":{"@type":"EntryPoint","urlTemplate":"https:\/\/www.accidentdutravail-idf.net\/blog\/?s={search_term_string}"},"query-input":{"@type":"PropertyValueSpecification","valueRequired":true,"valueName":"search_term_string"}}],"inLanguage":"fr-FR"},{"@type":"Organization","@id":"https:\/\/www.accidentdutravail-idf.net\/blog\/#organization","name":"accidentdutravail-idf","url":"https:\/\/www.accidentdutravail-idf.net\/blog\/","logo":{"@type":"ImageObject","inLanguage":"fr-FR","@id":"https:\/\/www.accidentdutravail-idf.net\/blog\/#\/schema\/logo\/image\/","url":"https:\/\/www.accidentdutravail-idf.net\/blog\/wp-content\/uploads\/2022\/09\/logo-2.png","contentUrl":"https:\/\/www.accidentdutravail-idf.net\/blog\/wp-content\/uploads\/2022\/09\/logo-2.png","width":380,"height":291,"caption":"accidentdutravail-idf"},"image":{"@id":"https:\/\/www.accidentdutravail-idf.net\/blog\/#\/schema\/logo\/image\/"}},{"@type":"Person","@id":"https:\/\/www.accidentdutravail-idf.net\/blog\/#\/schema\/person\/3255d2f970de45e64bd9201f38e7b947","name":"Carlos Poulain","image":{"@type":"ImageObject","inLanguage":"fr-FR","@id":"https:\/\/secure.gravatar.com\/avatar\/b1c2f9d3588e34e91adb093635df64ef4b2381991216be7576466cfcdca4baf3?s=96&d=mm&r=g","url":"https:\/\/secure.gravatar.com\/avatar\/b1c2f9d3588e34e91adb093635df64ef4b2381991216be7576466cfcdca4baf3?s=96&d=mm&r=g","contentUrl":"https:\/\/secure.gravatar.com\/avatar\/b1c2f9d3588e34e91adb093635df64ef4b2381991216be7576466cfcdca4baf3?s=96&d=mm&r=g","caption":"Carlos Poulain"},"url":"https:\/\/www.accidentdutravail-idf.net\/blog\/author\/idfcarlos\/"}]}},"_links":{"self":[{"href":"https:\/\/www.accidentdutravail-idf.net\/blog\/wp-json\/wp\/v2\/posts\/1193","targetHints":{"allow":["GET"]}}],"collection":[{"href":"https:\/\/www.accidentdutravail-idf.net\/blog\/wp-json\/wp\/v2\/posts"}],"about":[{"href":"https:\/\/www.accidentdutravail-idf.net\/blog\/wp-json\/wp\/v2\/types\/post"}],"author":[{"embeddable":true,"href":"https:\/\/www.accidentdutravail-idf.net\/blog\/wp-json\/wp\/v2\/users\/2"}],"replies":[{"embeddable":true,"href":"https:\/\/www.accidentdutravail-idf.net\/blog\/wp-json\/wp\/v2\/comments?post=1193"}],"version-history":[{"count":0,"href":"https:\/\/www.accidentdutravail-idf.net\/blog\/wp-json\/wp\/v2\/posts\/1193\/revisions"}],"wp:attachment":[{"href":"https:\/\/www.accidentdutravail-idf.net\/blog\/wp-json\/wp\/v2\/media?parent=1193"}],"wp:term":[{"taxonomy":"category","embeddable":true,"href":"https:\/\/www.accidentdutravail-idf.net\/blog\/wp-json\/wp\/v2\/categories?post=1193"},{"taxonomy":"post_tag","embeddable":true,"href":"https:\/\/www.accidentdutravail-idf.net\/blog\/wp-json\/wp\/v2\/tags?post=1193"}],"curies":[{"name":"wp","href":"https:\/\/api.w.org\/{rel}","templated":true}]}}