{"id":1189,"date":"2025-01-19T11:30:00","date_gmt":"2025-01-19T10:30:00","guid":{"rendered":"https:\/\/www.accidentdutravail-idf.net\/blog\/louvrier-avait-ete-ecrase-par-un-chariot-elevateur-mal-entretenu-le-chef-dexploitation-fruitiere-reconnu-coupable\/"},"modified":"2025-01-19T11:30:00","modified_gmt":"2025-01-19T10:30:00","slug":"louvrier-avait-ete-ecrase-par-un-chariot-elevateur-mal-entretenu-le-chef-dexploitation-fruitiere-reconnu-coupable","status":"publish","type":"post","link":"https:\/\/www.accidentdutravail-idf.net\/blog\/louvrier-avait-ete-ecrase-par-un-chariot-elevateur-mal-entretenu-le-chef-dexploitation-fruitiere-reconnu-coupable\/","title":{"rendered":"L\u2019ouvrier avait \u00e9t\u00e9 \u00e9cras\u00e9 par un chariot \u00e9l\u00e9vateur mal entretenu : le chef d\u2019exploitation fruiti\u00e8re reconnu coupable"},"content":{"rendered":"<div><img decoding=\"async\" src=\"https:\/\/www.accidentdutravail-idf.net\/blog\/wp-content\/uploads\/2025\/01\/louvrier-avait-ete-ecrase-par-un-chariot-elevateur-mal-entretenu-le-chef-dexploitation-fruitiere-reconnu-coupable.jpg\" class=\"ff-og-image-inserted\"><\/div>\n<p> <span class=\"article-full__chapo-label hide-on-small-only\">l&rsquo;essentiel<\/span> Roland, un arboriculteur install\u00e9 \u00e0 Durfort-Lacapelette, a \u00e9t\u00e9 reconnu coupable d\u2019homicide involontaire par n\u00e9gligences par le tribunal judiciaire de Montauban (Tarn-et-Garonne), mardi 14&nbsp;janvier 2025. Le 15&nbsp;ao\u00fbt 2023, l\u2019un de ses ouvriers agricoles \u00e9tait mort lors d\u2019un accident du travail, \u00e9cras\u00e9 par un chariot \u00e9l\u00e9vateur mal entretenu qui s\u2019\u00e9tait renvers\u00e9. <\/p>\n<div data-state=\"fixed-height\" data-selection=\"disabled\"> <!-- Pub DFP Position [outstream] --> <\/p>\n<p>Le drame a marqu\u00e9 le monde agricole en <a href=\"https:\/\/www.ladepeche.fr\/communes\/tarn-et-garonne,82\/\" target=\"_self\" rel=\"nofollow\">Tarn-et-Garonne<\/a>. Le 15&nbsp;ao\u00fbt 2023, peu avant 9&nbsp;heures, <a href=\"https:\/\/www.ladepeche.fr\/2023\/08\/15\/drame-dans-une-exploitation-agricole-un-engin-se-renverse-un-salarie-tue-11397416.php\" target=\"_self\" rel=\"nofollow\">un ouvrier agricole sexag\u00e9naire est&nbsp;mort dans un accident du travail<\/a> sur la commune de Durfort-Lacapelette, en Tarn-et-Garonne.<\/p>\n<p class=\"std-elt__inline\"> <strong>A lire aussi :<\/strong> <a href=\"https:\/\/www.ladepeche.fr\/2024\/05\/30\/accident-mortel-dans-une-exploitation-fruitiere-lagriculteur-poursuivi-pour-homicide-involontaire-11984523.php\" target=\"_blank\" rel=\"nofollow\">Accident mortel dans une exploitation fruiti\u00e8re&nbsp;: l\u2019agriculteur poursuivi pour homicide involontaire<\/a> <\/p>\n<p><!-- Pub DFP Position [article] --> <\/p>\n<p>Il se trouvait sur une nacelle \u00e9l\u00e9vatrice avec trois autres employ\u00e9s, dont le fils du chef d\u2019exploitation. Laquelle s\u2019est renvers\u00e9e alors qu\u2019elle se trouvait en pente.&nbsp;Les quatre occupants avaient \u00e9t\u00e9 \u00e9ject\u00e9s de l\u2019engin, qui avait percut\u00e9 la t\u00eate de la victime, ne lui laissant aucune chance.<\/p>\n<h2 class=\"txt-int\">Le proc\u00e8s le jour de l\u2019anniversaire du d\u00e9funt<\/h2>\n<p>Un an et demi apr\u00e8s le terrible accident, l\u2019atmosph\u00e8re est lourde dans la salle d\u2019audience du tribunal judiciaire de Montauban, mardi 14&nbsp;janvier 2025. D\u2019un c\u00f4t\u00e9 s\u2019avance Roland, le chef d\u2019exploitation, poursuivi principalement pour homicide involontaire \u00e0 cause de n\u00e9gligences. Le dos courb\u00e9 par le poids de sa responsabilit\u00e9, il r\u00e9pond avec une voix f\u00e9brile aux questions de ses juges.<\/p>\n<p>Il fait face \u00e0 l\u2019\u00e9pouse et au fils du d\u00e9funt, pendant pr\u00e8s d\u2019une heure que dure l\u2019audience. Ce dernier tente de garder la t\u00eate haute malgr\u00e9 sa tristesse. La veuve n\u2019a pas assez de mouchoirs pour essuyer les larmes qui coulent sur ses joues. \u00ab\u00a0Ce proc\u00e8s est d\u2019autant plus difficile pour mes clients qu\u2019il se d\u00e9roule le jour de l\u2019anniversaire du d\u00e9funt\u00a0\u00bb, pointe l\u2019avocate de la famille de la victime, Me Godet. Tous deux ne prendront pas la parole malgr\u00e9 l\u2019invitation de la pr\u00e9sidente.<\/p>\n<h2 class=\"txt-int\">Une surcharge de nacelle de 235&nbsp;kg sur un terrain trop pentu<\/h2>\n<p>Roland, d\u00e9fendu par Me Rossi, sait qu\u2019il sera de toute fa\u00e7on condamn\u00e9. \u00ab\u00a0Les circonstances ne sont pas contest\u00e9es\u00a0\u00bb, explique l\u2019avocate en pr\u00e9ambule de sa plaidoirie. Une position livr\u00e9e d\u00e8s la&nbsp;garde \u00e0 vue et r\u00e9p\u00e9t\u00e9e une nouvelle fois tout au long de l\u2019interrogatoire men\u00e9 par la pr\u00e9sidente du tribunal, Emmanuelle Yvert.<\/p>\n<p>\u00ab\u00a0La nacelle a \u00e9t\u00e9 fabriqu\u00e9e en 2011, monte \u00e0 une hauteur de 2,5 m\u00e8tres, est pr\u00e9vue pour deux personnes et une charge maximale de 300&nbsp;kg sur une pente \u00e0 10&nbsp;%, r\u00e9capitule la magistrate qui m\u00e8ne les d\u00e9bats. Or, au moment de l\u2019accident, il y avait quatre personnes \u00e0 bord et deux&nbsp;sacs de ramassage de prunes dont l\u2019un rempli, sur un terrain en pente \u00e0 20&nbsp;%.\u00a0\u00bb<\/p>\n<h2 class=\"txt-int\">Des manquements dans l\u2019utilisation de la machine<\/h2>\n<p>L\u2019expertise technique de l\u2019outil r\u00e9v\u00e8le, outre \u00ab\u00a0l\u2019utilisation non conforme de la machine\u00a0\u00bb, \u00ab\u00a0une non-utilisation du frein automatique, une d\u00e9faillance de la plateforme d\u00fb \u00e0 de mauvaises r\u00e9parations et une surcharge de 235&nbsp;kg\u00a0\u00bb, indique la pr\u00e9sidente en lisant le rapport de l\u2019expert.<\/p>\n<p>Roland ne se d\u00e9bine donc pas. \u00ab\u00a0Ce n\u2019\u00e9tait pas la pi\u00e8ce d\u2019origine, c\u2019est moi qui ai fait les r\u00e9parations pour gagner du temps\u00a0\u00bb, indique-t-il pour la mauvaise r\u00e9fection. \u00ab\u00a0On bossait toujours \u00e0 quatre dessus\u00a0\u00bb, reconna\u00eet-il aussi, expliquant ne pas avoir \u00ab\u00a0port\u00e9 attention\u00a0\u00bb \u00e0 la plaque qui indique la charge maximale.<\/p>\n<h2 class=\"txt-int\">\u00ab\u00a0C\u2019est irr\u00e9parable\u00a0\u00bb<\/h2>\n<p>Il lui \u00e9tait aussi reproch\u00e9 de ne pas avoir form\u00e9 son fils et un autre employ\u00e9 \u00e0 conduire la nacelle, ce qu\u2019il ne conteste pas, argumentant que le processus est impossible puisqu\u2019il prend deux mois alors que l\u2019arboriculteur n\u2019emploie que des saisonniers. Quant au contr\u00f4le r\u00e9gulier de la machine, \u00ab\u00a0mon concessionnaire m\u2019avait dit que ce n\u2019\u00e9tait pas obligatoire\u00a0\u00bb, se d\u00e9fend Roland.<\/p>\n<p>Son avocate insiste d\u2019abord sur la forte \u00e9motion de celui-ci. \u00ab\u00a0C\u2019est un drame int\u00e9gral pour la famille de la victime et pour mon client. Le sentiment de culpabilit\u00e9, il le supporte, car c\u2019est irr\u00e9parable.\u00a0\u00bb<\/p>\n<h2 class=\"txt-int\">Douze mois de prison et 5&nbsp;000&nbsp;euros d\u2019amende avec sursis<\/h2>\n<p>Avant d\u2019envisager des arguments techniques&nbsp;: \u00ab\u00a0Il a choisi l\u2019engin pour ses coteaux en pente, puisqu\u2019il \u00e9tait pr\u00e9sent\u00e9 comme s\u00fbr. Il n\u2019a obtenu la notice technique que post\u00e9rieurement \u00e0 l\u2019accident. Il aurait pu avoir lieu bien avant, d\u00e9plore-t-elle. Les agriculteurs font souvent eux-m\u00eames l\u2019entretien de leurs machines, il avait le sentiment d\u2019\u00eatre en conformit\u00e9. Il ne l\u2019\u00e9tait pas. Il a pris conscience de ce qu\u2019il fallait faire\u00a0\u00bb, conclut Me Rossi.<\/p>\n<p>Apr\u00e8s dix minutes de d\u00e9lib\u00e9r\u00e9, le tribunal suit les r\u00e9quisitions du parquet, qui pointait \u00ab\u00a0une s\u00e9rie d\u2019imprudences et l\u2019accumulation de violations de r\u00e8gles de s\u00e9curit\u00e9\u00a0\u00bb. Roland \u00e9cope donc de douze mois de prison et d\u2019une amende de 5&nbsp;000&nbsp;euros, la totalit\u00e9 de la peine agr\u00e9ment\u00e9e du sursis. Il doit aussi r\u00e9gler 1&nbsp;000&nbsp;euros de frais d\u2019avocat \u00e0 la famille de la victime, qui s\u2019est constitu\u00e9e partie civile.<\/p>\n<\/p><\/div>\n<p>accidentdutravail-idf.net vous a pr\u00e9par\u00e9 ce post qui informe du sujet \u00ab\u00a0Association Sportive Huisson-Longueville Essonne\u00a0\u00bb. La chronique se veut g\u00e9n\u00e9r\u00e9e du mieux possible. Vous pouvez utiliser les coordonn\u00e9es indiqu\u00e9es sur le site dans le but d\u2019apporter des explications sur ce post qui parle du th\u00e8me \u00ab\u00a0Association Sportive Huisson-Longueville Essonne\u00a0\u00bb. Le site accidentdutravail-idf.net a pour but de fournir diverses publications sur la th\u00e9matique Association Sportive Huisson-Longueville Essonne diffus\u00e9es sur le net. Il y aura plusieurs articles autour du sujet \u00ab\u00a0Association Sportive Huisson-Longueville Essonne\u00a0\u00bb dans quelques jours, nous vous invitons \u00e0 naviguer sur notre site web \u00e0 plusieurs reprises.<\/p>\n","protected":false},"excerpt":{"rendered":"<p>l&rsquo;essentiel Roland, un arboriculteur install\u00e9 \u00e0 Durfort-Lacapelette, a \u00e9t\u00e9 reconnu coupable d\u2019homicide involontaire par n\u00e9gligences par le tribunal judiciaire de Montauban (Tarn-et-Garonne), mardi 14&nbsp;janvier 2025. Le 15&nbsp;ao\u00fbt 2023, l\u2019un de ses ouvriers agricoles \u00e9tait mort lors d\u2019un accident du travail, \u00e9cras\u00e9 par un chariot \u00e9l\u00e9vateur mal entretenu qui s\u2019\u00e9tait renvers\u00e9. Le drame a marqu\u00e9 le &hellip; <\/p>\n<p class=\"link-more\"><a href=\"https:\/\/www.accidentdutravail-idf.net\/blog\/louvrier-avait-ete-ecrase-par-un-chariot-elevateur-mal-entretenu-le-chef-dexploitation-fruitiere-reconnu-coupable\/\" class=\"more-link\">Continuer la lecture <span class=\"screen-reader-text\"> \u00ab\u00a0L\u2019ouvrier avait \u00e9t\u00e9 \u00e9cras\u00e9 par un chariot \u00e9l\u00e9vateur mal entretenu : le chef d\u2019exploitation fruiti\u00e8re reconnu coupable\u00a0\u00bb<\/span><\/a><\/p>\n","protected":false},"author":2,"featured_media":0,"comment_status":"closed","ping_status":"closed","sticky":false,"template":"","format":"standard","meta":{"footnotes":""},"categories":[5],"tags":[],"class_list":["post-1189","post","type-post","status-publish","format-standard","hentry","category-securite-du-travail-en-ile-de-france-et-divers","entry"],"yoast_head":"<!-- This site is optimized with the Yoast SEO plugin v27.5 - https:\/\/yoast.com\/product\/yoast-seo-wordpress\/ -->\n<title>L\u2019ouvrier avait \u00e9t\u00e9 \u00e9cras\u00e9 par un chariot \u00e9l\u00e9vateur mal entretenu : le chef d\u2019exploitation fruiti\u00e8re reconnu coupable - ACCIDENTDUTRAVAIL-IDF<\/title>\n<meta name=\"description\" content=\"L\u2019ouvrier avait \u00e9t\u00e9 \u00e9cras\u00e9 par un chariot \u00e9l\u00e9vateur mal entretenu : le chef d\u2019exploitation fruiti\u00e8re reconnu coupable article de ACCIDENTDUTRAVAIL-IDF\" \/>\n<meta name=\"robots\" content=\"index, follow, max-snippet:-1, max-image-preview:large, max-video-preview:-1\" \/>\n<link rel=\"canonical\" href=\"https:\/\/www.accidentdutravail-idf.net\/blog\/louvrier-avait-ete-ecrase-par-un-chariot-elevateur-mal-entretenu-le-chef-dexploitation-fruitiere-reconnu-coupable\/\" \/>\n<meta property=\"og:locale\" content=\"fr_FR\" \/>\n<meta property=\"og:type\" content=\"article\" \/>\n<meta property=\"og:title\" content=\"L\u2019ouvrier avait \u00e9t\u00e9 \u00e9cras\u00e9 par un chariot \u00e9l\u00e9vateur mal entretenu : le chef d\u2019exploitation fruiti\u00e8re reconnu coupable - ACCIDENTDUTRAVAIL-IDF\" \/>\n<meta property=\"og:description\" content=\"L\u2019ouvrier avait \u00e9t\u00e9 \u00e9cras\u00e9 par un chariot \u00e9l\u00e9vateur mal entretenu : le chef d\u2019exploitation fruiti\u00e8re reconnu coupable article de ACCIDENTDUTRAVAIL-IDF\" \/>\n<meta property=\"og:url\" content=\"https:\/\/www.accidentdutravail-idf.net\/blog\/louvrier-avait-ete-ecrase-par-un-chariot-elevateur-mal-entretenu-le-chef-dexploitation-fruitiere-reconnu-coupable\/\" \/>\n<meta property=\"og:site_name\" content=\"ACCIDENTDUTRAVAIL-IDF\" \/>\n<meta property=\"article:published_time\" content=\"2025-01-19T10:30:00+00:00\" \/>\n<meta property=\"og:image\" content=\"https:\/\/www.accidentdutravail-idf.net\/blog\/wp-content\/uploads\/2025\/01\/louvrier-avait-ete-ecrase-par-un-chariot-elevateur-mal-entretenu-le-chef-dexploitation-fruitiere-reconnu-coupable.jpg\" \/>\n<meta name=\"author\" content=\"Carlos Poulain\" \/>\n<meta name=\"twitter:card\" content=\"summary_large_image\" \/>\n<meta name=\"twitter:label1\" content=\"\u00c9crit par\" \/>\n\t<meta name=\"twitter:data1\" content=\"Carlos Poulain\" \/>\n\t<meta name=\"twitter:label2\" content=\"Dur\u00e9e de lecture estim\u00e9e\" \/>\n\t<meta name=\"twitter:data2\" content=\"5 minutes\" \/>\n<script type=\"application\/ld+json\" class=\"yoast-schema-graph\">{\"@context\":\"https:\\\/\\\/schema.org\",\"@graph\":[{\"@type\":\"Article\",\"@id\":\"https:\\\/\\\/www.accidentdutravail-idf.net\\\/blog\\\/louvrier-avait-ete-ecrase-par-un-chariot-elevateur-mal-entretenu-le-chef-dexploitation-fruitiere-reconnu-coupable\\\/#article\",\"isPartOf\":{\"@id\":\"https:\\\/\\\/www.accidentdutravail-idf.net\\\/blog\\\/louvrier-avait-ete-ecrase-par-un-chariot-elevateur-mal-entretenu-le-chef-dexploitation-fruitiere-reconnu-coupable\\\/\"},\"author\":{\"name\":\"Carlos Poulain\",\"@id\":\"https:\\\/\\\/www.accidentdutravail-idf.net\\\/blog\\\/#\\\/schema\\\/person\\\/3255d2f970de45e64bd9201f38e7b947\"},\"headline\":\"L\u2019ouvrier avait \u00e9t\u00e9 \u00e9cras\u00e9 par un chariot \u00e9l\u00e9vateur mal entretenu : le chef d\u2019exploitation fruiti\u00e8re reconnu coupable\",\"datePublished\":\"2025-01-19T10:30:00+00:00\",\"mainEntityOfPage\":{\"@id\":\"https:\\\/\\\/www.accidentdutravail-idf.net\\\/blog\\\/louvrier-avait-ete-ecrase-par-un-chariot-elevateur-mal-entretenu-le-chef-dexploitation-fruitiere-reconnu-coupable\\\/\"},\"wordCount\":1023,\"publisher\":{\"@id\":\"https:\\\/\\\/www.accidentdutravail-idf.net\\\/blog\\\/#organization\"},\"image\":{\"@id\":\"https:\\\/\\\/www.accidentdutravail-idf.net\\\/blog\\\/louvrier-avait-ete-ecrase-par-un-chariot-elevateur-mal-entretenu-le-chef-dexploitation-fruitiere-reconnu-coupable\\\/#primaryimage\"},\"thumbnailUrl\":\"https:\\\/\\\/www.accidentdutravail-idf.net\\\/blog\\\/wp-content\\\/uploads\\\/2025\\\/01\\\/louvrier-avait-ete-ecrase-par-un-chariot-elevateur-mal-entretenu-le-chef-dexploitation-fruitiere-reconnu-coupable.jpg\",\"articleSection\":[\"S\u00e9curit\u00e9 Du Travail En Ile-De-France Et Divers:\"],\"inLanguage\":\"fr-FR\"},{\"@type\":\"WebPage\",\"@id\":\"https:\\\/\\\/www.accidentdutravail-idf.net\\\/blog\\\/louvrier-avait-ete-ecrase-par-un-chariot-elevateur-mal-entretenu-le-chef-dexploitation-fruitiere-reconnu-coupable\\\/\",\"url\":\"https:\\\/\\\/www.accidentdutravail-idf.net\\\/blog\\\/louvrier-avait-ete-ecrase-par-un-chariot-elevateur-mal-entretenu-le-chef-dexploitation-fruitiere-reconnu-coupable\\\/\",\"name\":\"L\u2019ouvrier avait \u00e9t\u00e9 \u00e9cras\u00e9 par un chariot \u00e9l\u00e9vateur mal entretenu : le chef d\u2019exploitation fruiti\u00e8re reconnu coupable - ACCIDENTDUTRAVAIL-IDF\",\"isPartOf\":{\"@id\":\"https:\\\/\\\/www.accidentdutravail-idf.net\\\/blog\\\/#website\"},\"primaryImageOfPage\":{\"@id\":\"https:\\\/\\\/www.accidentdutravail-idf.net\\\/blog\\\/louvrier-avait-ete-ecrase-par-un-chariot-elevateur-mal-entretenu-le-chef-dexploitation-fruitiere-reconnu-coupable\\\/#primaryimage\"},\"image\":{\"@id\":\"https:\\\/\\\/www.accidentdutravail-idf.net\\\/blog\\\/louvrier-avait-ete-ecrase-par-un-chariot-elevateur-mal-entretenu-le-chef-dexploitation-fruitiere-reconnu-coupable\\\/#primaryimage\"},\"thumbnailUrl\":\"https:\\\/\\\/www.accidentdutravail-idf.net\\\/blog\\\/wp-content\\\/uploads\\\/2025\\\/01\\\/louvrier-avait-ete-ecrase-par-un-chariot-elevateur-mal-entretenu-le-chef-dexploitation-fruitiere-reconnu-coupable.jpg\",\"datePublished\":\"2025-01-19T10:30:00+00:00\",\"description\":\"L\u2019ouvrier avait \u00e9t\u00e9 \u00e9cras\u00e9 par un chariot \u00e9l\u00e9vateur mal entretenu : le chef d\u2019exploitation fruiti\u00e8re reconnu coupable article de ACCIDENTDUTRAVAIL-IDF\",\"breadcrumb\":{\"@id\":\"https:\\\/\\\/www.accidentdutravail-idf.net\\\/blog\\\/louvrier-avait-ete-ecrase-par-un-chariot-elevateur-mal-entretenu-le-chef-dexploitation-fruitiere-reconnu-coupable\\\/#breadcrumb\"},\"inLanguage\":\"fr-FR\",\"potentialAction\":[{\"@type\":\"ReadAction\",\"target\":[\"https:\\\/\\\/www.accidentdutravail-idf.net\\\/blog\\\/louvrier-avait-ete-ecrase-par-un-chariot-elevateur-mal-entretenu-le-chef-dexploitation-fruitiere-reconnu-coupable\\\/\"]}]},{\"@type\":\"ImageObject\",\"inLanguage\":\"fr-FR\",\"@id\":\"https:\\\/\\\/www.accidentdutravail-idf.net\\\/blog\\\/louvrier-avait-ete-ecrase-par-un-chariot-elevateur-mal-entretenu-le-chef-dexploitation-fruitiere-reconnu-coupable\\\/#primaryimage\",\"url\":\"https:\\\/\\\/www.accidentdutravail-idf.net\\\/blog\\\/wp-content\\\/uploads\\\/2025\\\/01\\\/louvrier-avait-ete-ecrase-par-un-chariot-elevateur-mal-entretenu-le-chef-dexploitation-fruitiere-reconnu-coupable.jpg\",\"contentUrl\":\"https:\\\/\\\/www.accidentdutravail-idf.net\\\/blog\\\/wp-content\\\/uploads\\\/2025\\\/01\\\/louvrier-avait-ete-ecrase-par-un-chariot-elevateur-mal-entretenu-le-chef-dexploitation-fruitiere-reconnu-coupable.jpg\"},{\"@type\":\"BreadcrumbList\",\"@id\":\"https:\\\/\\\/www.accidentdutravail-idf.net\\\/blog\\\/louvrier-avait-ete-ecrase-par-un-chariot-elevateur-mal-entretenu-le-chef-dexploitation-fruitiere-reconnu-coupable\\\/#breadcrumb\",\"itemListElement\":[{\"@type\":\"ListItem\",\"position\":1,\"name\":\"Accueil\",\"item\":\"https:\\\/\\\/www.accidentdutravail-idf.net\\\/blog\\\/\"},{\"@type\":\"ListItem\",\"position\":2,\"name\":\"L\u2019ouvrier avait \u00e9t\u00e9 \u00e9cras\u00e9 par un chariot \u00e9l\u00e9vateur mal entretenu : le chef d\u2019exploitation fruiti\u00e8re reconnu coupable\"}]},{\"@type\":\"WebSite\",\"@id\":\"https:\\\/\\\/www.accidentdutravail-idf.net\\\/blog\\\/#website\",\"url\":\"https:\\\/\\\/www.accidentdutravail-idf.net\\\/blog\\\/\",\"name\":\"ACCIDENTDUTRAVAIL-IDF\",\"description\":\"Portail accidents du travail-maladies professionnelles des entreprises d&#039;Ile-de-France\",\"publisher\":{\"@id\":\"https:\\\/\\\/www.accidentdutravail-idf.net\\\/blog\\\/#organization\"},\"potentialAction\":[{\"@type\":\"SearchAction\",\"target\":{\"@type\":\"EntryPoint\",\"urlTemplate\":\"https:\\\/\\\/www.accidentdutravail-idf.net\\\/blog\\\/?s={search_term_string}\"},\"query-input\":{\"@type\":\"PropertyValueSpecification\",\"valueRequired\":true,\"valueName\":\"search_term_string\"}}],\"inLanguage\":\"fr-FR\"},{\"@type\":\"Organization\",\"@id\":\"https:\\\/\\\/www.accidentdutravail-idf.net\\\/blog\\\/#organization\",\"name\":\"accidentdutravail-idf\",\"url\":\"https:\\\/\\\/www.accidentdutravail-idf.net\\\/blog\\\/\",\"logo\":{\"@type\":\"ImageObject\",\"inLanguage\":\"fr-FR\",\"@id\":\"https:\\\/\\\/www.accidentdutravail-idf.net\\\/blog\\\/#\\\/schema\\\/logo\\\/image\\\/\",\"url\":\"https:\\\/\\\/www.accidentdutravail-idf.net\\\/blog\\\/wp-content\\\/uploads\\\/2022\\\/09\\\/logo-2.png\",\"contentUrl\":\"https:\\\/\\\/www.accidentdutravail-idf.net\\\/blog\\\/wp-content\\\/uploads\\\/2022\\\/09\\\/logo-2.png\",\"width\":380,\"height\":291,\"caption\":\"accidentdutravail-idf\"},\"image\":{\"@id\":\"https:\\\/\\\/www.accidentdutravail-idf.net\\\/blog\\\/#\\\/schema\\\/logo\\\/image\\\/\"}},{\"@type\":\"Person\",\"@id\":\"https:\\\/\\\/www.accidentdutravail-idf.net\\\/blog\\\/#\\\/schema\\\/person\\\/3255d2f970de45e64bd9201f38e7b947\",\"name\":\"Carlos Poulain\",\"image\":{\"@type\":\"ImageObject\",\"inLanguage\":\"fr-FR\",\"@id\":\"https:\\\/\\\/secure.gravatar.com\\\/avatar\\\/b1c2f9d3588e34e91adb093635df64ef4b2381991216be7576466cfcdca4baf3?s=96&d=mm&r=g\",\"url\":\"https:\\\/\\\/secure.gravatar.com\\\/avatar\\\/b1c2f9d3588e34e91adb093635df64ef4b2381991216be7576466cfcdca4baf3?s=96&d=mm&r=g\",\"contentUrl\":\"https:\\\/\\\/secure.gravatar.com\\\/avatar\\\/b1c2f9d3588e34e91adb093635df64ef4b2381991216be7576466cfcdca4baf3?s=96&d=mm&r=g\",\"caption\":\"Carlos Poulain\"},\"url\":\"https:\\\/\\\/www.accidentdutravail-idf.net\\\/blog\\\/author\\\/idfcarlos\\\/\"}]}<\/script>\n<!-- \/ Yoast SEO plugin. -->","yoast_head_json":{"title":"L\u2019ouvrier avait \u00e9t\u00e9 \u00e9cras\u00e9 par un chariot \u00e9l\u00e9vateur mal entretenu : le chef d\u2019exploitation fruiti\u00e8re reconnu coupable - ACCIDENTDUTRAVAIL-IDF","description":"L\u2019ouvrier avait \u00e9t\u00e9 \u00e9cras\u00e9 par un chariot \u00e9l\u00e9vateur mal entretenu : le chef d\u2019exploitation fruiti\u00e8re reconnu coupable article de ACCIDENTDUTRAVAIL-IDF","robots":{"index":"index","follow":"follow","max-snippet":"max-snippet:-1","max-image-preview":"max-image-preview:large","max-video-preview":"max-video-preview:-1"},"canonical":"https:\/\/www.accidentdutravail-idf.net\/blog\/louvrier-avait-ete-ecrase-par-un-chariot-elevateur-mal-entretenu-le-chef-dexploitation-fruitiere-reconnu-coupable\/","og_locale":"fr_FR","og_type":"article","og_title":"L\u2019ouvrier avait \u00e9t\u00e9 \u00e9cras\u00e9 par un chariot \u00e9l\u00e9vateur mal entretenu : le chef d\u2019exploitation fruiti\u00e8re reconnu coupable - ACCIDENTDUTRAVAIL-IDF","og_description":"L\u2019ouvrier avait \u00e9t\u00e9 \u00e9cras\u00e9 par un chariot \u00e9l\u00e9vateur mal entretenu : le chef d\u2019exploitation fruiti\u00e8re reconnu coupable article de ACCIDENTDUTRAVAIL-IDF","og_url":"https:\/\/www.accidentdutravail-idf.net\/blog\/louvrier-avait-ete-ecrase-par-un-chariot-elevateur-mal-entretenu-le-chef-dexploitation-fruitiere-reconnu-coupable\/","og_site_name":"ACCIDENTDUTRAVAIL-IDF","article_published_time":"2025-01-19T10:30:00+00:00","og_image":[{"url":"https:\/\/www.accidentdutravail-idf.net\/blog\/wp-content\/uploads\/2025\/01\/louvrier-avait-ete-ecrase-par-un-chariot-elevateur-mal-entretenu-le-chef-dexploitation-fruitiere-reconnu-coupable.jpg","type":"","width":"","height":""}],"author":"Carlos Poulain","twitter_card":"summary_large_image","twitter_misc":{"\u00c9crit par":"Carlos Poulain","Dur\u00e9e de lecture estim\u00e9e":"5 minutes"},"schema":{"@context":"https:\/\/schema.org","@graph":[{"@type":"Article","@id":"https:\/\/www.accidentdutravail-idf.net\/blog\/louvrier-avait-ete-ecrase-par-un-chariot-elevateur-mal-entretenu-le-chef-dexploitation-fruitiere-reconnu-coupable\/#article","isPartOf":{"@id":"https:\/\/www.accidentdutravail-idf.net\/blog\/louvrier-avait-ete-ecrase-par-un-chariot-elevateur-mal-entretenu-le-chef-dexploitation-fruitiere-reconnu-coupable\/"},"author":{"name":"Carlos Poulain","@id":"https:\/\/www.accidentdutravail-idf.net\/blog\/#\/schema\/person\/3255d2f970de45e64bd9201f38e7b947"},"headline":"L\u2019ouvrier avait \u00e9t\u00e9 \u00e9cras\u00e9 par un chariot \u00e9l\u00e9vateur mal entretenu : le chef d\u2019exploitation fruiti\u00e8re reconnu coupable","datePublished":"2025-01-19T10:30:00+00:00","mainEntityOfPage":{"@id":"https:\/\/www.accidentdutravail-idf.net\/blog\/louvrier-avait-ete-ecrase-par-un-chariot-elevateur-mal-entretenu-le-chef-dexploitation-fruitiere-reconnu-coupable\/"},"wordCount":1023,"publisher":{"@id":"https:\/\/www.accidentdutravail-idf.net\/blog\/#organization"},"image":{"@id":"https:\/\/www.accidentdutravail-idf.net\/blog\/louvrier-avait-ete-ecrase-par-un-chariot-elevateur-mal-entretenu-le-chef-dexploitation-fruitiere-reconnu-coupable\/#primaryimage"},"thumbnailUrl":"https:\/\/www.accidentdutravail-idf.net\/blog\/wp-content\/uploads\/2025\/01\/louvrier-avait-ete-ecrase-par-un-chariot-elevateur-mal-entretenu-le-chef-dexploitation-fruitiere-reconnu-coupable.jpg","articleSection":["S\u00e9curit\u00e9 Du Travail En Ile-De-France Et Divers:"],"inLanguage":"fr-FR"},{"@type":"WebPage","@id":"https:\/\/www.accidentdutravail-idf.net\/blog\/louvrier-avait-ete-ecrase-par-un-chariot-elevateur-mal-entretenu-le-chef-dexploitation-fruitiere-reconnu-coupable\/","url":"https:\/\/www.accidentdutravail-idf.net\/blog\/louvrier-avait-ete-ecrase-par-un-chariot-elevateur-mal-entretenu-le-chef-dexploitation-fruitiere-reconnu-coupable\/","name":"L\u2019ouvrier avait \u00e9t\u00e9 \u00e9cras\u00e9 par un chariot \u00e9l\u00e9vateur mal entretenu : le chef d\u2019exploitation fruiti\u00e8re reconnu coupable - ACCIDENTDUTRAVAIL-IDF","isPartOf":{"@id":"https:\/\/www.accidentdutravail-idf.net\/blog\/#website"},"primaryImageOfPage":{"@id":"https:\/\/www.accidentdutravail-idf.net\/blog\/louvrier-avait-ete-ecrase-par-un-chariot-elevateur-mal-entretenu-le-chef-dexploitation-fruitiere-reconnu-coupable\/#primaryimage"},"image":{"@id":"https:\/\/www.accidentdutravail-idf.net\/blog\/louvrier-avait-ete-ecrase-par-un-chariot-elevateur-mal-entretenu-le-chef-dexploitation-fruitiere-reconnu-coupable\/#primaryimage"},"thumbnailUrl":"https:\/\/www.accidentdutravail-idf.net\/blog\/wp-content\/uploads\/2025\/01\/louvrier-avait-ete-ecrase-par-un-chariot-elevateur-mal-entretenu-le-chef-dexploitation-fruitiere-reconnu-coupable.jpg","datePublished":"2025-01-19T10:30:00+00:00","description":"L\u2019ouvrier avait \u00e9t\u00e9 \u00e9cras\u00e9 par un chariot \u00e9l\u00e9vateur mal entretenu : le chef d\u2019exploitation fruiti\u00e8re reconnu coupable article de ACCIDENTDUTRAVAIL-IDF","breadcrumb":{"@id":"https:\/\/www.accidentdutravail-idf.net\/blog\/louvrier-avait-ete-ecrase-par-un-chariot-elevateur-mal-entretenu-le-chef-dexploitation-fruitiere-reconnu-coupable\/#breadcrumb"},"inLanguage":"fr-FR","potentialAction":[{"@type":"ReadAction","target":["https:\/\/www.accidentdutravail-idf.net\/blog\/louvrier-avait-ete-ecrase-par-un-chariot-elevateur-mal-entretenu-le-chef-dexploitation-fruitiere-reconnu-coupable\/"]}]},{"@type":"ImageObject","inLanguage":"fr-FR","@id":"https:\/\/www.accidentdutravail-idf.net\/blog\/louvrier-avait-ete-ecrase-par-un-chariot-elevateur-mal-entretenu-le-chef-dexploitation-fruitiere-reconnu-coupable\/#primaryimage","url":"https:\/\/www.accidentdutravail-idf.net\/blog\/wp-content\/uploads\/2025\/01\/louvrier-avait-ete-ecrase-par-un-chariot-elevateur-mal-entretenu-le-chef-dexploitation-fruitiere-reconnu-coupable.jpg","contentUrl":"https:\/\/www.accidentdutravail-idf.net\/blog\/wp-content\/uploads\/2025\/01\/louvrier-avait-ete-ecrase-par-un-chariot-elevateur-mal-entretenu-le-chef-dexploitation-fruitiere-reconnu-coupable.jpg"},{"@type":"BreadcrumbList","@id":"https:\/\/www.accidentdutravail-idf.net\/blog\/louvrier-avait-ete-ecrase-par-un-chariot-elevateur-mal-entretenu-le-chef-dexploitation-fruitiere-reconnu-coupable\/#breadcrumb","itemListElement":[{"@type":"ListItem","position":1,"name":"Accueil","item":"https:\/\/www.accidentdutravail-idf.net\/blog\/"},{"@type":"ListItem","position":2,"name":"L\u2019ouvrier avait \u00e9t\u00e9 \u00e9cras\u00e9 par un chariot \u00e9l\u00e9vateur mal entretenu : le chef d\u2019exploitation fruiti\u00e8re reconnu coupable"}]},{"@type":"WebSite","@id":"https:\/\/www.accidentdutravail-idf.net\/blog\/#website","url":"https:\/\/www.accidentdutravail-idf.net\/blog\/","name":"ACCIDENTDUTRAVAIL-IDF","description":"Portail accidents du travail-maladies professionnelles des entreprises d&#039;Ile-de-France","publisher":{"@id":"https:\/\/www.accidentdutravail-idf.net\/blog\/#organization"},"potentialAction":[{"@type":"SearchAction","target":{"@type":"EntryPoint","urlTemplate":"https:\/\/www.accidentdutravail-idf.net\/blog\/?s={search_term_string}"},"query-input":{"@type":"PropertyValueSpecification","valueRequired":true,"valueName":"search_term_string"}}],"inLanguage":"fr-FR"},{"@type":"Organization","@id":"https:\/\/www.accidentdutravail-idf.net\/blog\/#organization","name":"accidentdutravail-idf","url":"https:\/\/www.accidentdutravail-idf.net\/blog\/","logo":{"@type":"ImageObject","inLanguage":"fr-FR","@id":"https:\/\/www.accidentdutravail-idf.net\/blog\/#\/schema\/logo\/image\/","url":"https:\/\/www.accidentdutravail-idf.net\/blog\/wp-content\/uploads\/2022\/09\/logo-2.png","contentUrl":"https:\/\/www.accidentdutravail-idf.net\/blog\/wp-content\/uploads\/2022\/09\/logo-2.png","width":380,"height":291,"caption":"accidentdutravail-idf"},"image":{"@id":"https:\/\/www.accidentdutravail-idf.net\/blog\/#\/schema\/logo\/image\/"}},{"@type":"Person","@id":"https:\/\/www.accidentdutravail-idf.net\/blog\/#\/schema\/person\/3255d2f970de45e64bd9201f38e7b947","name":"Carlos Poulain","image":{"@type":"ImageObject","inLanguage":"fr-FR","@id":"https:\/\/secure.gravatar.com\/avatar\/b1c2f9d3588e34e91adb093635df64ef4b2381991216be7576466cfcdca4baf3?s=96&d=mm&r=g","url":"https:\/\/secure.gravatar.com\/avatar\/b1c2f9d3588e34e91adb093635df64ef4b2381991216be7576466cfcdca4baf3?s=96&d=mm&r=g","contentUrl":"https:\/\/secure.gravatar.com\/avatar\/b1c2f9d3588e34e91adb093635df64ef4b2381991216be7576466cfcdca4baf3?s=96&d=mm&r=g","caption":"Carlos Poulain"},"url":"https:\/\/www.accidentdutravail-idf.net\/blog\/author\/idfcarlos\/"}]}},"_links":{"self":[{"href":"https:\/\/www.accidentdutravail-idf.net\/blog\/wp-json\/wp\/v2\/posts\/1189","targetHints":{"allow":["GET"]}}],"collection":[{"href":"https:\/\/www.accidentdutravail-idf.net\/blog\/wp-json\/wp\/v2\/posts"}],"about":[{"href":"https:\/\/www.accidentdutravail-idf.net\/blog\/wp-json\/wp\/v2\/types\/post"}],"author":[{"embeddable":true,"href":"https:\/\/www.accidentdutravail-idf.net\/blog\/wp-json\/wp\/v2\/users\/2"}],"replies":[{"embeddable":true,"href":"https:\/\/www.accidentdutravail-idf.net\/blog\/wp-json\/wp\/v2\/comments?post=1189"}],"version-history":[{"count":0,"href":"https:\/\/www.accidentdutravail-idf.net\/blog\/wp-json\/wp\/v2\/posts\/1189\/revisions"}],"wp:attachment":[{"href":"https:\/\/www.accidentdutravail-idf.net\/blog\/wp-json\/wp\/v2\/media?parent=1189"}],"wp:term":[{"taxonomy":"category","embeddable":true,"href":"https:\/\/www.accidentdutravail-idf.net\/blog\/wp-json\/wp\/v2\/categories?post=1189"},{"taxonomy":"post_tag","embeddable":true,"href":"https:\/\/www.accidentdutravail-idf.net\/blog\/wp-json\/wp\/v2\/tags?post=1189"}],"curies":[{"name":"wp","href":"https:\/\/api.w.org\/{rel}","templated":true}]}}