{"id":1186,"date":"2025-01-15T08:36:00","date_gmt":"2025-01-15T07:36:00","guid":{"rendered":"https:\/\/www.accidentdutravail-idf.net\/blog\/un-homme-a-eu-un-doigt-ecrase-lors-dun-accident-du-travail-a-bannalec\/"},"modified":"2025-01-15T08:36:00","modified_gmt":"2025-01-15T07:36:00","slug":"un-homme-a-eu-un-doigt-ecrase-lors-dun-accident-du-travail-a-bannalec","status":"publish","type":"post","link":"https:\/\/www.accidentdutravail-idf.net\/blog\/un-homme-a-eu-un-doigt-ecrase-lors-dun-accident-du-travail-a-bannalec\/","title":{"rendered":"Un homme a eu un doigt \u00e9cras\u00e9 lors d\u2019un accident du travail, \u00e0 Bannalec"},"content":{"rendered":"<header class=\"su-article \">\n<p class=\"su-standfirst chapeau\">Pompiers et gendarmes sont intervenus \u00e0 Kergouriou, en Bannalec (Finist\u00e8re), apr\u00e8s un accident du travail o\u00f9 un homme a eu un doigt \u00e9cras\u00e9.<\/p>\n<div class=\"photo su-relative \">\n<figure>\n<div class=\"su-ratio-16-9 su-main-picture\"> <img decoding=\"async\" class=\"su-media\" src=\"https:\/\/www.accidentdutravail-idf.net\/blog\/wp-content\/uploads\/2025\/01\/un-homme-a-eu-un-doigt-ecrase-lors-dun-accident-du-travail-a-bannalec.jpg\" alt=\"L\u2019homme a eu un doigt \u00e9cras\u00e9, malgr\u00e9 le gant qu\u2019il portait. Image d\u2019illustration\"> <\/div><figcaption><span>L\u2019homme a eu un doigt \u00e9cras\u00e9, malgr\u00e9 le gant qu\u2019il portait. Image d\u2019illustration | <\/span>OUEST-FRANCE<\/figcaption><\/figure>\n<\/p><\/div>\n<p>  <button class=\"btn btn-fermer\" title=\"Fermer le plein \u00e9cran\" data-ofmodal=\"carrousel-plein-ecran\"> <i class=\"su-icon ic-fermer\">fermer<\/i> <\/button> <\/p>\n<div class=\"carrousel snap-migrate\">\n<ul class=\"carrousel-conteneur su-not-list\" data-ofswipe=\"{&quot;rambo&quot;:2,&quot;sel&quot;:&quot;.photo&quot;, &quot;navSel&quot;:&quot;.carrousel-plein-ecran .carrousel-nav-bas .item&quot;}\">\n<li class=\"carrousel-contenu photo\" data-ofvwidth=\"{&quot;mobileOnly&quot;:false}\">\n<figure><img decoding=\"async\" data-ofmaxheight class=\"media lazyload\" alt=\"L\u2019homme a eu un doigt \u00e9cras\u00e9, malgr\u00e9 le gant qu\u2019il portait. Image d\u2019illustration\" src=\"https:\/\/www.accidentdutravail-idf.net\/blog\/wp-content\/uploads\/2025\/01\/un-homme-a-eu-un-doigt-ecrase-lors-dun-accident-du-travail-a-bannalec.png\" data-oflazyload=\"{&quot;srcset&quot;:&quot;https:\/\/media.ouest-france.fr\/v1\/pictures\/MjAyNTAxMWU0OTRkMmZlNDliZGQ4NGYyMGNmMWI2NmIyOWVmZTE?width=320&amp;focuspoint=50%2C25&amp;cropresize=1&amp;client_id=bpeditorial&amp;sign=92a6bab3668b8df247d21184d30f5e3014ef7860d18d645863e3c69662ed92cb 320w,https:\/\/media.ouest-france.fr\/v1\/pictures\/MjAyNTAxMWU0OTRkMmZlNDliZGQ4NGYyMGNmMWI2NmIyOWVmZTE?width=375&amp;focuspoint=50%2C25&amp;cropresize=1&amp;client_id=bpeditorial&amp;sign=a159824c63eb09f5459b65a374bfb75972cb02bc2bed3340d8d72a1860a299ae 360w,https:\/\/media.ouest-france.fr\/v1\/pictures\/MjAyNTAxMWU0OTRkMmZlNDliZGQ4NGYyMGNmMWI2NmIyOWVmZTE?width=480&amp;focuspoint=50%2C25&amp;cropresize=1&amp;client_id=bpeditorial&amp;sign=84674e82e877394348452c05e6c8e988a502817cf0d54300028eec453a2f8a46 480w,https:\/\/media.ouest-france.fr\/v1\/pictures\/MjAyNTAxMWU0OTRkMmZlNDliZGQ4NGYyMGNmMWI2NmIyOWVmZTE?width=630&amp;focuspoint=50%2C25&amp;cropresize=1&amp;client_id=bpeditorial&amp;sign=4b75efc8836b5c75f5f3bd8d4f6947b6d8183919421eb6a478c519328a12544f 630w,https:\/\/media.ouest-france.fr\/v1\/pictures\/MjAyNTAxMWU0OTRkMmZlNDliZGQ4NGYyMGNmMWI2NmIyOWVmZTE?width=940&amp;focuspoint=50%2C25&amp;cropresize=1&amp;client_id=bpeditorial&amp;sign=5c485f7ee3ce611e79821eb24b7dc64344b658858ffd4f713005d4a23bec30b3 940w,https:\/\/media.ouest-france.fr\/v1\/pictures\/MjAyNTAxMWU0OTRkMmZlNDliZGQ4NGYyMGNmMWI2NmIyOWVmZTE?width=1260&amp;focuspoint=50%2C25&amp;cropresize=1&amp;client_id=bpeditorial&amp;sign=a91f9cea131720f223b0a25cd8557140c089989ef756967e415cb972e8656c84 1260w&quot;}\"><figcaption><span>L\u2019homme a eu un doigt \u00e9cras\u00e9, malgr\u00e9 le gant qu\u2019il portait. Image d\u2019illustration | <\/span>OUEST-FRANCE<\/figcaption><\/figure>\n<\/li>\n<\/ul><\/div>\n<\/header>\n<div class=\"col-gauche\">\n<header class=\"metadata\"> <span class=\"dates\"> <span class=\"date su-date \">Publi\u00e9 le 15\/01\/2025 <span class=\"heure\"> \u00e0 18h36<\/span><\/span> <\/span> <\/header>\n<aside class=\"contenu-secondaire\" data-nosnippet>\n<p> <button class=\"action meta-readlater\"> <span data-trk-menuarticle=\"Lire plus tard\" role=\"button\" class=\"icon-signet\" title=\"Lire plus tard\" data-ofreadlater-id=\"b3efd746-d360-11ef-a472-523f8d5502d1\" data-ofreadlater-url=\"https:\/\/www.ouest-france.fr\/societe\/faits-divers\/un-homme-a-eu-un-doigt-ecrase-lors-dun-accident-du-travail-a-bannalec-b3efd746-d360-11ef-a472-523f8d5502d1\" data-ofreadlater-title=\"Un homme a eu un doigt \u00e9cras\u00e9 lors d\u2019un accident du travail, \u00e0 Bannalec\"><\/span> <span>Lire plus tard<\/span> <\/button> <\/p>\n<div class=\"su-visible-xl item su-clearfix\"> <button class=\"action su-row meta-btn su-vertical-center su-visible-xl\" data-sutoggleclass=\"[{&quot;sel&quot;:&quot;#partage-col-gauche&quot;,&quot;klass&quot;:&quot;su-hidden&quot;}]\"> <span data-trk-menuarticle=\"Partager\" class=\"icon icon-partage\"><\/span> <span class=\"su-text-left\">Partager<\/span> <\/button> <\/p>\n<ul id=\"partage-col-gauche\" class=\"su-not-list su-hidden su-margin-top-xs\">\n<li><button data-trksocialnetwork=\"Facebook\" data-ofshare-open=\"{&quot;target&quot;: &quot;facebook&quot;, &quot;url&quot;: &quot;https:\/\/www.ouest-france.fr\/societe\/faits-divers\/un-homme-a-eu-un-doigt-ecrase-lors-dun-accident-du-travail-a-bannalec-b3efd746-d360-11ef-a472-523f8d5502d1&quot;, &quot;source&quot;: &quot;ouestfrance&quot;}\" title=\"Partager sur Facebook\" class=\"su-social-button su-facebook\"><span class=\"su-icon\" aria-hidden=\"true\">Facebook<\/span><span>Facebook<\/span><\/button><\/li>\n<li><button data-trksocialnetwork=\"BlueSky\" data-ofshare-open=\"{&quot;target&quot;: &quot;bluesky&quot;, &quot;url&quot;: &quot;https:\/\/www.ouest-france.fr\/societe\/faits-divers\/un-homme-a-eu-un-doigt-ecrase-lors-dun-accident-du-travail-a-bannalec-b3efd746-d360-11ef-a472-523f8d5502d1&quot;, &quot;source&quot;: &quot;ouestfrance&quot;}\" title=\"Partager sur BlueSky\" class=\"su-social-button su-bluesky\"><span class=\"su-icon\" aria-hidden=\"true\">BlueSky<\/span><span>BlueSky<\/span><\/button><\/li>\n<li><button data-trksocialnetwork=\"Flipboard\" data-ofshare-open=\"{&quot;target&quot;: &quot;Flipboard&quot;, &quot;url&quot;: &quot;https:\/\/www.ouest-france.fr\/societe\/faits-divers\/un-homme-a-eu-un-doigt-ecrase-lors-dun-accident-du-travail-a-bannalec-b3efd746-d360-11ef-a472-523f8d5502d1&quot;, &quot;source&quot;: &quot;ouestfrance&quot;}\" title=\"Partager sur Flipboard\" class=\"su-social-button su-flipboard\"><span class=\"su-icon\" aria-hidden=\"true\">Flipboard<\/span><span>Flipboard<\/span><\/button><\/li>\n<li><button data-trksocialnetwork=\"LinkedIn\" data-ofshare-open=\"{&quot;target&quot;: &quot;LinkedIn&quot;, &quot;url&quot;: &quot;https:\/\/www.ouest-france.fr\/societe\/faits-divers\/un-homme-a-eu-un-doigt-ecrase-lors-dun-accident-du-travail-a-bannalec-b3efd746-d360-11ef-a472-523f8d5502d1&quot;, &quot;source&quot;: &quot;ouestfrance&quot;}\" title=\"Partager sur LinkedIn\" class=\"su-social-button su-linkedin\"><span class=\"su-icon\" aria-hidden=\"true\">linkedin<\/span><span>LinkedIn<\/span><\/button><\/li>\n<\/ul><\/div>\n<div data-trk=\"[{&amp;quot;n&amp;quot;:&amp;quot;platform-newsletters&amp;quot;,&amp;quot;o&amp;quot;:&amp;quot;Platform BP Newsletters&amp;quot;,&amp;quot;v&amp;quot;:&amp;quot;3.11.2&amp;quot;}]\" id=\"bloc_3quarts_1__parentOf__inscription_newsletter\" class=\"_b su-visible-xl item\">\n<section id=\"newsletter-col-gauche\" class=\"su-negative bp-newsletters nl-E2001A bloc-newsletter newsletter-gauche su-visible-xl su-margin-bottom-xl\"> <label for=\"subscription-mail\" title=\"S'inscrire \u00e0 la Newsletter\" class=\"toggle-nl-col-gauche\" data-sutoggleclass=\"[{&quot;sel&quot;:&quot;.bloc-newsletter.newsletter-gauche .texte-rgpd.su-hidden&quot;,&quot;klass&quot;:&quot;su-hidden&quot;},{&quot;klass&quot;:&quot;su-hidden&quot;}]\"><\/label> <\/p>\n<p class=\"su-h3 su-margin-bottom-xs titre-bloc\">Newsletter Justice et Faits Divers<\/p>\n<p>Chaque semaine, retrouvez les faits divers qui ont marqu\u00e9 l&rsquo;Ouest<\/p>\n<p class=\"su-text-xsmall texte-rgpd su-hidden\">Votre e-mail, avec votre consentement, est utilis\u00e9 par Ouest-France pour recevoir notre newsletter. <a class=\"su-link-light\" href=\"https:\/\/www.ouest-france.fr\/politique-de-protection-des-donnees-personnelles\/\" target=\"_blank\" rel=\"nofollow\">En&nbsp;savoir&nbsp;plus<\/a>.<\/p>\n<\/section>\n<\/div>\n<\/aside><\/div>\n<div id=\"article-detail\" class=\"contenu-principal p402_premium \">\n<div class=\"su-article\">\n<p>Un homme de 53&nbsp;ans et qui portait des gants de s\u00e9curit\u00e9 a n\u00e9anmoins eu un doigt \u00e9cras\u00e9 lors d\u2019un accident du travail \u00e0 Kergoriou, en Bannalec (Finist\u00e8re), ce mercredi 15&nbsp;janvier 2025, \u00e0 midi. Les pompiers et les gendarmes sont intervenus.<\/p>\n<footer class=\"liste-tags su-margin-bottom-m\" data-ofstats-scroll=\"tags pied article\">\n<div class=\"su-carrousel snap-migrate\"><button class=\"su-button-left su-inactif inactif\" data-suswipeprev><span class=\"su-icon\">gauche<\/span><\/button><button class=\"su-button-right\" data-suswipenext><span class=\"su-icon\">droite<\/span><\/button><\/div>\n<\/footer><\/div>\n<\/p><\/div>\n<p> accidentdutravail-idf.net vous a pr\u00e9par\u00e9 ce post qui informe du sujet \u00ab\u00a0Association Sportive Huisson-Longueville Essonne\u00a0\u00bb. La chronique se veut g\u00e9n\u00e9r\u00e9e du mieux possible. Vous pouvez utiliser les coordonn\u00e9es indiqu\u00e9es sur le site dans le but d\u2019apporter des explications sur ce post qui parle du th\u00e8me \u00ab\u00a0Association Sportive Huisson-Longueville Essonne\u00a0\u00bb. Le site accidentdutravail-idf.net a pour but de fournir diverses publications sur la th\u00e9matique Association Sportive Huisson-Longueville Essonne diffus\u00e9es sur le net. Il y aura plusieurs articles autour du sujet \u00ab\u00a0Association Sportive Huisson-Longueville Essonne\u00a0\u00bb dans quelques jours, nous vous invitons \u00e0 naviguer sur notre site web \u00e0 plusieurs reprises.<\/p>\n","protected":false},"excerpt":{"rendered":"<p>Pompiers et gendarmes sont intervenus \u00e0 Kergouriou, en Bannalec (Finist\u00e8re), apr\u00e8s un accident du travail o\u00f9 un homme a eu un doigt \u00e9cras\u00e9. L\u2019homme a eu un doigt \u00e9cras\u00e9, malgr\u00e9 le gant qu\u2019il portait. Image d\u2019illustration | OUEST-FRANCE fermer L\u2019homme a eu un doigt \u00e9cras\u00e9, malgr\u00e9 le gant qu\u2019il portait. Image d\u2019illustration | OUEST-FRANCE Publi\u00e9 &hellip; <\/p>\n<p class=\"link-more\"><a href=\"https:\/\/www.accidentdutravail-idf.net\/blog\/un-homme-a-eu-un-doigt-ecrase-lors-dun-accident-du-travail-a-bannalec\/\" class=\"more-link\">Continuer la lecture <span class=\"screen-reader-text\"> \u00ab\u00a0Un homme a eu un doigt \u00e9cras\u00e9 lors d\u2019un accident du travail, \u00e0 Bannalec\u00a0\u00bb<\/span><\/a><\/p>\n","protected":false},"author":2,"featured_media":0,"comment_status":"closed","ping_status":"closed","sticky":false,"template":"","format":"standard","meta":{"footnotes":""},"categories":[5],"tags":[],"class_list":["post-1186","post","type-post","status-publish","format-standard","hentry","category-securite-du-travail-en-ile-de-france-et-divers","entry"],"yoast_head":"<!-- This site is optimized with the Yoast SEO plugin v27.5 - https:\/\/yoast.com\/product\/yoast-seo-wordpress\/ -->\n<title>Un homme a eu un doigt \u00e9cras\u00e9 lors d\u2019un accident du travail, \u00e0 Bannalec - ACCIDENTDUTRAVAIL-IDF<\/title>\n<meta name=\"description\" content=\"Un homme a eu un doigt \u00e9cras\u00e9 lors d\u2019un accident du travail, \u00e0 Bannalec article de ACCIDENTDUTRAVAIL-IDF\" \/>\n<meta name=\"robots\" content=\"index, follow, max-snippet:-1, max-image-preview:large, max-video-preview:-1\" \/>\n<link rel=\"canonical\" href=\"https:\/\/www.accidentdutravail-idf.net\/blog\/un-homme-a-eu-un-doigt-ecrase-lors-dun-accident-du-travail-a-bannalec\/\" \/>\n<meta property=\"og:locale\" content=\"fr_FR\" \/>\n<meta property=\"og:type\" content=\"article\" \/>\n<meta property=\"og:title\" content=\"Un homme a eu un doigt \u00e9cras\u00e9 lors d\u2019un accident du travail, \u00e0 Bannalec - ACCIDENTDUTRAVAIL-IDF\" \/>\n<meta property=\"og:description\" content=\"Un homme a eu un doigt \u00e9cras\u00e9 lors d\u2019un accident du travail, \u00e0 Bannalec article de ACCIDENTDUTRAVAIL-IDF\" \/>\n<meta property=\"og:url\" content=\"https:\/\/www.accidentdutravail-idf.net\/blog\/un-homme-a-eu-un-doigt-ecrase-lors-dun-accident-du-travail-a-bannalec\/\" \/>\n<meta property=\"og:site_name\" content=\"ACCIDENTDUTRAVAIL-IDF\" \/>\n<meta property=\"article:published_time\" content=\"2025-01-15T07:36:00+00:00\" \/>\n<meta property=\"og:image\" content=\"https:\/\/www.accidentdutravail-idf.net\/blog\/wp-content\/uploads\/2025\/01\/un-homme-a-eu-un-doigt-ecrase-lors-dun-accident-du-travail-a-bannalec.jpg\" \/>\n<meta name=\"author\" content=\"Carlos Poulain\" \/>\n<meta name=\"twitter:card\" content=\"summary_large_image\" \/>\n<meta name=\"twitter:label1\" content=\"\u00c9crit par\" \/>\n\t<meta name=\"twitter:data1\" content=\"Carlos Poulain\" \/>\n\t<meta name=\"twitter:label2\" content=\"Dur\u00e9e de lecture estim\u00e9e\" \/>\n\t<meta name=\"twitter:data2\" content=\"1 minute\" \/>\n<script type=\"application\/ld+json\" class=\"yoast-schema-graph\">{\"@context\":\"https:\\\/\\\/schema.org\",\"@graph\":[{\"@type\":\"Article\",\"@id\":\"https:\\\/\\\/www.accidentdutravail-idf.net\\\/blog\\\/un-homme-a-eu-un-doigt-ecrase-lors-dun-accident-du-travail-a-bannalec\\\/#article\",\"isPartOf\":{\"@id\":\"https:\\\/\\\/www.accidentdutravail-idf.net\\\/blog\\\/un-homme-a-eu-un-doigt-ecrase-lors-dun-accident-du-travail-a-bannalec\\\/\"},\"author\":{\"name\":\"Carlos Poulain\",\"@id\":\"https:\\\/\\\/www.accidentdutravail-idf.net\\\/blog\\\/#\\\/schema\\\/person\\\/3255d2f970de45e64bd9201f38e7b947\"},\"headline\":\"Un homme a eu un doigt \u00e9cras\u00e9 lors d\u2019un accident du travail, \u00e0 Bannalec\",\"datePublished\":\"2025-01-15T07:36:00+00:00\",\"mainEntityOfPage\":{\"@id\":\"https:\\\/\\\/www.accidentdutravail-idf.net\\\/blog\\\/un-homme-a-eu-un-doigt-ecrase-lors-dun-accident-du-travail-a-bannalec\\\/\"},\"wordCount\":272,\"publisher\":{\"@id\":\"https:\\\/\\\/www.accidentdutravail-idf.net\\\/blog\\\/#organization\"},\"image\":{\"@id\":\"https:\\\/\\\/www.accidentdutravail-idf.net\\\/blog\\\/un-homme-a-eu-un-doigt-ecrase-lors-dun-accident-du-travail-a-bannalec\\\/#primaryimage\"},\"thumbnailUrl\":\"https:\\\/\\\/www.accidentdutravail-idf.net\\\/blog\\\/wp-content\\\/uploads\\\/2025\\\/01\\\/un-homme-a-eu-un-doigt-ecrase-lors-dun-accident-du-travail-a-bannalec.jpg\",\"articleSection\":[\"S\u00e9curit\u00e9 Du Travail En Ile-De-France Et Divers:\"],\"inLanguage\":\"fr-FR\"},{\"@type\":\"WebPage\",\"@id\":\"https:\\\/\\\/www.accidentdutravail-idf.net\\\/blog\\\/un-homme-a-eu-un-doigt-ecrase-lors-dun-accident-du-travail-a-bannalec\\\/\",\"url\":\"https:\\\/\\\/www.accidentdutravail-idf.net\\\/blog\\\/un-homme-a-eu-un-doigt-ecrase-lors-dun-accident-du-travail-a-bannalec\\\/\",\"name\":\"Un homme a eu un doigt \u00e9cras\u00e9 lors d\u2019un accident du travail, \u00e0 Bannalec - ACCIDENTDUTRAVAIL-IDF\",\"isPartOf\":{\"@id\":\"https:\\\/\\\/www.accidentdutravail-idf.net\\\/blog\\\/#website\"},\"primaryImageOfPage\":{\"@id\":\"https:\\\/\\\/www.accidentdutravail-idf.net\\\/blog\\\/un-homme-a-eu-un-doigt-ecrase-lors-dun-accident-du-travail-a-bannalec\\\/#primaryimage\"},\"image\":{\"@id\":\"https:\\\/\\\/www.accidentdutravail-idf.net\\\/blog\\\/un-homme-a-eu-un-doigt-ecrase-lors-dun-accident-du-travail-a-bannalec\\\/#primaryimage\"},\"thumbnailUrl\":\"https:\\\/\\\/www.accidentdutravail-idf.net\\\/blog\\\/wp-content\\\/uploads\\\/2025\\\/01\\\/un-homme-a-eu-un-doigt-ecrase-lors-dun-accident-du-travail-a-bannalec.jpg\",\"datePublished\":\"2025-01-15T07:36:00+00:00\",\"description\":\"Un homme a eu un doigt \u00e9cras\u00e9 lors d\u2019un accident du travail, \u00e0 Bannalec article de ACCIDENTDUTRAVAIL-IDF\",\"breadcrumb\":{\"@id\":\"https:\\\/\\\/www.accidentdutravail-idf.net\\\/blog\\\/un-homme-a-eu-un-doigt-ecrase-lors-dun-accident-du-travail-a-bannalec\\\/#breadcrumb\"},\"inLanguage\":\"fr-FR\",\"potentialAction\":[{\"@type\":\"ReadAction\",\"target\":[\"https:\\\/\\\/www.accidentdutravail-idf.net\\\/blog\\\/un-homme-a-eu-un-doigt-ecrase-lors-dun-accident-du-travail-a-bannalec\\\/\"]}]},{\"@type\":\"ImageObject\",\"inLanguage\":\"fr-FR\",\"@id\":\"https:\\\/\\\/www.accidentdutravail-idf.net\\\/blog\\\/un-homme-a-eu-un-doigt-ecrase-lors-dun-accident-du-travail-a-bannalec\\\/#primaryimage\",\"url\":\"https:\\\/\\\/www.accidentdutravail-idf.net\\\/blog\\\/wp-content\\\/uploads\\\/2025\\\/01\\\/un-homme-a-eu-un-doigt-ecrase-lors-dun-accident-du-travail-a-bannalec.jpg\",\"contentUrl\":\"https:\\\/\\\/www.accidentdutravail-idf.net\\\/blog\\\/wp-content\\\/uploads\\\/2025\\\/01\\\/un-homme-a-eu-un-doigt-ecrase-lors-dun-accident-du-travail-a-bannalec.jpg\"},{\"@type\":\"BreadcrumbList\",\"@id\":\"https:\\\/\\\/www.accidentdutravail-idf.net\\\/blog\\\/un-homme-a-eu-un-doigt-ecrase-lors-dun-accident-du-travail-a-bannalec\\\/#breadcrumb\",\"itemListElement\":[{\"@type\":\"ListItem\",\"position\":1,\"name\":\"Accueil\",\"item\":\"https:\\\/\\\/www.accidentdutravail-idf.net\\\/blog\\\/\"},{\"@type\":\"ListItem\",\"position\":2,\"name\":\"Un homme a eu un doigt \u00e9cras\u00e9 lors d\u2019un accident du travail, \u00e0 Bannalec\"}]},{\"@type\":\"WebSite\",\"@id\":\"https:\\\/\\\/www.accidentdutravail-idf.net\\\/blog\\\/#website\",\"url\":\"https:\\\/\\\/www.accidentdutravail-idf.net\\\/blog\\\/\",\"name\":\"ACCIDENTDUTRAVAIL-IDF\",\"description\":\"Portail accidents du travail-maladies professionnelles des entreprises d&#039;Ile-de-France\",\"publisher\":{\"@id\":\"https:\\\/\\\/www.accidentdutravail-idf.net\\\/blog\\\/#organization\"},\"potentialAction\":[{\"@type\":\"SearchAction\",\"target\":{\"@type\":\"EntryPoint\",\"urlTemplate\":\"https:\\\/\\\/www.accidentdutravail-idf.net\\\/blog\\\/?s={search_term_string}\"},\"query-input\":{\"@type\":\"PropertyValueSpecification\",\"valueRequired\":true,\"valueName\":\"search_term_string\"}}],\"inLanguage\":\"fr-FR\"},{\"@type\":\"Organization\",\"@id\":\"https:\\\/\\\/www.accidentdutravail-idf.net\\\/blog\\\/#organization\",\"name\":\"accidentdutravail-idf\",\"url\":\"https:\\\/\\\/www.accidentdutravail-idf.net\\\/blog\\\/\",\"logo\":{\"@type\":\"ImageObject\",\"inLanguage\":\"fr-FR\",\"@id\":\"https:\\\/\\\/www.accidentdutravail-idf.net\\\/blog\\\/#\\\/schema\\\/logo\\\/image\\\/\",\"url\":\"https:\\\/\\\/www.accidentdutravail-idf.net\\\/blog\\\/wp-content\\\/uploads\\\/2022\\\/09\\\/logo-2.png\",\"contentUrl\":\"https:\\\/\\\/www.accidentdutravail-idf.net\\\/blog\\\/wp-content\\\/uploads\\\/2022\\\/09\\\/logo-2.png\",\"width\":380,\"height\":291,\"caption\":\"accidentdutravail-idf\"},\"image\":{\"@id\":\"https:\\\/\\\/www.accidentdutravail-idf.net\\\/blog\\\/#\\\/schema\\\/logo\\\/image\\\/\"}},{\"@type\":\"Person\",\"@id\":\"https:\\\/\\\/www.accidentdutravail-idf.net\\\/blog\\\/#\\\/schema\\\/person\\\/3255d2f970de45e64bd9201f38e7b947\",\"name\":\"Carlos Poulain\",\"image\":{\"@type\":\"ImageObject\",\"inLanguage\":\"fr-FR\",\"@id\":\"https:\\\/\\\/secure.gravatar.com\\\/avatar\\\/b1c2f9d3588e34e91adb093635df64ef4b2381991216be7576466cfcdca4baf3?s=96&d=mm&r=g\",\"url\":\"https:\\\/\\\/secure.gravatar.com\\\/avatar\\\/b1c2f9d3588e34e91adb093635df64ef4b2381991216be7576466cfcdca4baf3?s=96&d=mm&r=g\",\"contentUrl\":\"https:\\\/\\\/secure.gravatar.com\\\/avatar\\\/b1c2f9d3588e34e91adb093635df64ef4b2381991216be7576466cfcdca4baf3?s=96&d=mm&r=g\",\"caption\":\"Carlos Poulain\"},\"url\":\"https:\\\/\\\/www.accidentdutravail-idf.net\\\/blog\\\/author\\\/idfcarlos\\\/\"}]}<\/script>\n<!-- \/ Yoast SEO plugin. -->","yoast_head_json":{"title":"Un homme a eu un doigt \u00e9cras\u00e9 lors d\u2019un accident du travail, \u00e0 Bannalec - ACCIDENTDUTRAVAIL-IDF","description":"Un homme a eu un doigt \u00e9cras\u00e9 lors d\u2019un accident du travail, \u00e0 Bannalec article de ACCIDENTDUTRAVAIL-IDF","robots":{"index":"index","follow":"follow","max-snippet":"max-snippet:-1","max-image-preview":"max-image-preview:large","max-video-preview":"max-video-preview:-1"},"canonical":"https:\/\/www.accidentdutravail-idf.net\/blog\/un-homme-a-eu-un-doigt-ecrase-lors-dun-accident-du-travail-a-bannalec\/","og_locale":"fr_FR","og_type":"article","og_title":"Un homme a eu un doigt \u00e9cras\u00e9 lors d\u2019un accident du travail, \u00e0 Bannalec - ACCIDENTDUTRAVAIL-IDF","og_description":"Un homme a eu un doigt \u00e9cras\u00e9 lors d\u2019un accident du travail, \u00e0 Bannalec article de ACCIDENTDUTRAVAIL-IDF","og_url":"https:\/\/www.accidentdutravail-idf.net\/blog\/un-homme-a-eu-un-doigt-ecrase-lors-dun-accident-du-travail-a-bannalec\/","og_site_name":"ACCIDENTDUTRAVAIL-IDF","article_published_time":"2025-01-15T07:36:00+00:00","og_image":[{"url":"https:\/\/www.accidentdutravail-idf.net\/blog\/wp-content\/uploads\/2025\/01\/un-homme-a-eu-un-doigt-ecrase-lors-dun-accident-du-travail-a-bannalec.jpg","type":"","width":"","height":""}],"author":"Carlos Poulain","twitter_card":"summary_large_image","twitter_misc":{"\u00c9crit par":"Carlos Poulain","Dur\u00e9e de lecture estim\u00e9e":"1 minute"},"schema":{"@context":"https:\/\/schema.org","@graph":[{"@type":"Article","@id":"https:\/\/www.accidentdutravail-idf.net\/blog\/un-homme-a-eu-un-doigt-ecrase-lors-dun-accident-du-travail-a-bannalec\/#article","isPartOf":{"@id":"https:\/\/www.accidentdutravail-idf.net\/blog\/un-homme-a-eu-un-doigt-ecrase-lors-dun-accident-du-travail-a-bannalec\/"},"author":{"name":"Carlos Poulain","@id":"https:\/\/www.accidentdutravail-idf.net\/blog\/#\/schema\/person\/3255d2f970de45e64bd9201f38e7b947"},"headline":"Un homme a eu un doigt \u00e9cras\u00e9 lors d\u2019un accident du travail, \u00e0 Bannalec","datePublished":"2025-01-15T07:36:00+00:00","mainEntityOfPage":{"@id":"https:\/\/www.accidentdutravail-idf.net\/blog\/un-homme-a-eu-un-doigt-ecrase-lors-dun-accident-du-travail-a-bannalec\/"},"wordCount":272,"publisher":{"@id":"https:\/\/www.accidentdutravail-idf.net\/blog\/#organization"},"image":{"@id":"https:\/\/www.accidentdutravail-idf.net\/blog\/un-homme-a-eu-un-doigt-ecrase-lors-dun-accident-du-travail-a-bannalec\/#primaryimage"},"thumbnailUrl":"https:\/\/www.accidentdutravail-idf.net\/blog\/wp-content\/uploads\/2025\/01\/un-homme-a-eu-un-doigt-ecrase-lors-dun-accident-du-travail-a-bannalec.jpg","articleSection":["S\u00e9curit\u00e9 Du Travail En Ile-De-France Et Divers:"],"inLanguage":"fr-FR"},{"@type":"WebPage","@id":"https:\/\/www.accidentdutravail-idf.net\/blog\/un-homme-a-eu-un-doigt-ecrase-lors-dun-accident-du-travail-a-bannalec\/","url":"https:\/\/www.accidentdutravail-idf.net\/blog\/un-homme-a-eu-un-doigt-ecrase-lors-dun-accident-du-travail-a-bannalec\/","name":"Un homme a eu un doigt \u00e9cras\u00e9 lors d\u2019un accident du travail, \u00e0 Bannalec - ACCIDENTDUTRAVAIL-IDF","isPartOf":{"@id":"https:\/\/www.accidentdutravail-idf.net\/blog\/#website"},"primaryImageOfPage":{"@id":"https:\/\/www.accidentdutravail-idf.net\/blog\/un-homme-a-eu-un-doigt-ecrase-lors-dun-accident-du-travail-a-bannalec\/#primaryimage"},"image":{"@id":"https:\/\/www.accidentdutravail-idf.net\/blog\/un-homme-a-eu-un-doigt-ecrase-lors-dun-accident-du-travail-a-bannalec\/#primaryimage"},"thumbnailUrl":"https:\/\/www.accidentdutravail-idf.net\/blog\/wp-content\/uploads\/2025\/01\/un-homme-a-eu-un-doigt-ecrase-lors-dun-accident-du-travail-a-bannalec.jpg","datePublished":"2025-01-15T07:36:00+00:00","description":"Un homme a eu un doigt \u00e9cras\u00e9 lors d\u2019un accident du travail, \u00e0 Bannalec article de ACCIDENTDUTRAVAIL-IDF","breadcrumb":{"@id":"https:\/\/www.accidentdutravail-idf.net\/blog\/un-homme-a-eu-un-doigt-ecrase-lors-dun-accident-du-travail-a-bannalec\/#breadcrumb"},"inLanguage":"fr-FR","potentialAction":[{"@type":"ReadAction","target":["https:\/\/www.accidentdutravail-idf.net\/blog\/un-homme-a-eu-un-doigt-ecrase-lors-dun-accident-du-travail-a-bannalec\/"]}]},{"@type":"ImageObject","inLanguage":"fr-FR","@id":"https:\/\/www.accidentdutravail-idf.net\/blog\/un-homme-a-eu-un-doigt-ecrase-lors-dun-accident-du-travail-a-bannalec\/#primaryimage","url":"https:\/\/www.accidentdutravail-idf.net\/blog\/wp-content\/uploads\/2025\/01\/un-homme-a-eu-un-doigt-ecrase-lors-dun-accident-du-travail-a-bannalec.jpg","contentUrl":"https:\/\/www.accidentdutravail-idf.net\/blog\/wp-content\/uploads\/2025\/01\/un-homme-a-eu-un-doigt-ecrase-lors-dun-accident-du-travail-a-bannalec.jpg"},{"@type":"BreadcrumbList","@id":"https:\/\/www.accidentdutravail-idf.net\/blog\/un-homme-a-eu-un-doigt-ecrase-lors-dun-accident-du-travail-a-bannalec\/#breadcrumb","itemListElement":[{"@type":"ListItem","position":1,"name":"Accueil","item":"https:\/\/www.accidentdutravail-idf.net\/blog\/"},{"@type":"ListItem","position":2,"name":"Un homme a eu un doigt \u00e9cras\u00e9 lors d\u2019un accident du travail, \u00e0 Bannalec"}]},{"@type":"WebSite","@id":"https:\/\/www.accidentdutravail-idf.net\/blog\/#website","url":"https:\/\/www.accidentdutravail-idf.net\/blog\/","name":"ACCIDENTDUTRAVAIL-IDF","description":"Portail accidents du travail-maladies professionnelles des entreprises d&#039;Ile-de-France","publisher":{"@id":"https:\/\/www.accidentdutravail-idf.net\/blog\/#organization"},"potentialAction":[{"@type":"SearchAction","target":{"@type":"EntryPoint","urlTemplate":"https:\/\/www.accidentdutravail-idf.net\/blog\/?s={search_term_string}"},"query-input":{"@type":"PropertyValueSpecification","valueRequired":true,"valueName":"search_term_string"}}],"inLanguage":"fr-FR"},{"@type":"Organization","@id":"https:\/\/www.accidentdutravail-idf.net\/blog\/#organization","name":"accidentdutravail-idf","url":"https:\/\/www.accidentdutravail-idf.net\/blog\/","logo":{"@type":"ImageObject","inLanguage":"fr-FR","@id":"https:\/\/www.accidentdutravail-idf.net\/blog\/#\/schema\/logo\/image\/","url":"https:\/\/www.accidentdutravail-idf.net\/blog\/wp-content\/uploads\/2022\/09\/logo-2.png","contentUrl":"https:\/\/www.accidentdutravail-idf.net\/blog\/wp-content\/uploads\/2022\/09\/logo-2.png","width":380,"height":291,"caption":"accidentdutravail-idf"},"image":{"@id":"https:\/\/www.accidentdutravail-idf.net\/blog\/#\/schema\/logo\/image\/"}},{"@type":"Person","@id":"https:\/\/www.accidentdutravail-idf.net\/blog\/#\/schema\/person\/3255d2f970de45e64bd9201f38e7b947","name":"Carlos Poulain","image":{"@type":"ImageObject","inLanguage":"fr-FR","@id":"https:\/\/secure.gravatar.com\/avatar\/b1c2f9d3588e34e91adb093635df64ef4b2381991216be7576466cfcdca4baf3?s=96&d=mm&r=g","url":"https:\/\/secure.gravatar.com\/avatar\/b1c2f9d3588e34e91adb093635df64ef4b2381991216be7576466cfcdca4baf3?s=96&d=mm&r=g","contentUrl":"https:\/\/secure.gravatar.com\/avatar\/b1c2f9d3588e34e91adb093635df64ef4b2381991216be7576466cfcdca4baf3?s=96&d=mm&r=g","caption":"Carlos Poulain"},"url":"https:\/\/www.accidentdutravail-idf.net\/blog\/author\/idfcarlos\/"}]}},"_links":{"self":[{"href":"https:\/\/www.accidentdutravail-idf.net\/blog\/wp-json\/wp\/v2\/posts\/1186","targetHints":{"allow":["GET"]}}],"collection":[{"href":"https:\/\/www.accidentdutravail-idf.net\/blog\/wp-json\/wp\/v2\/posts"}],"about":[{"href":"https:\/\/www.accidentdutravail-idf.net\/blog\/wp-json\/wp\/v2\/types\/post"}],"author":[{"embeddable":true,"href":"https:\/\/www.accidentdutravail-idf.net\/blog\/wp-json\/wp\/v2\/users\/2"}],"replies":[{"embeddable":true,"href":"https:\/\/www.accidentdutravail-idf.net\/blog\/wp-json\/wp\/v2\/comments?post=1186"}],"version-history":[{"count":0,"href":"https:\/\/www.accidentdutravail-idf.net\/blog\/wp-json\/wp\/v2\/posts\/1186\/revisions"}],"wp:attachment":[{"href":"https:\/\/www.accidentdutravail-idf.net\/blog\/wp-json\/wp\/v2\/media?parent=1186"}],"wp:term":[{"taxonomy":"category","embeddable":true,"href":"https:\/\/www.accidentdutravail-idf.net\/blog\/wp-json\/wp\/v2\/categories?post=1186"},{"taxonomy":"post_tag","embeddable":true,"href":"https:\/\/www.accidentdutravail-idf.net\/blog\/wp-json\/wp\/v2\/tags?post=1186"}],"curies":[{"name":"wp","href":"https:\/\/api.w.org\/{rel}","templated":true}]}}