{"id":1182,"date":"2025-01-14T10:02:00","date_gmt":"2025-01-14T09:02:00","guid":{"rendered":"https:\/\/www.accidentdutravail-idf.net\/blog\/vosges-deodatie-un-apprenti-de-17-ans-percute-par-une-grume-se-blesse-gravement-a-la-tete\/"},"modified":"2025-01-14T10:02:00","modified_gmt":"2025-01-14T09:02:00","slug":"vosges-deodatie-un-apprenti-de-17-ans-percute-par-une-grume-se-blesse-gravement-a-la-tete","status":"publish","type":"post","link":"https:\/\/www.accidentdutravail-idf.net\/blog\/vosges-deodatie-un-apprenti-de-17-ans-percute-par-une-grume-se-blesse-gravement-a-la-tete\/","title":{"rendered":"Vosges D\u00e9odatie : un apprenti de 17 ans percut\u00e9 par une grume se blesse gravement \u00e0 la t\u00eate"},"content":{"rendered":"<div><img decoding=\"async\" src=\"https:\/\/www.accidentdutravail-idf.net\/blog\/wp-content\/uploads\/2025\/01\/vosges-deodatie-un-apprenti-de-17-ans-percute-par-une-grume-se-blesse-gravement-a-la-tete.jpg\" class=\"ff-og-image-inserted\"><\/div>\n<p>Un accident du travail a eu lieu dans une entreprise de la D\u00e9odatie ce mardi. Un apprenti, \u00e2g\u00e9 de 17 ans, a \u00e9t\u00e9 percut\u00e9 par une grume de deux m\u00e8tres en d\u00e9but d\u2019apr\u00e8s-midi. D\u2019apr\u00e8s nos informations, c\u2019est alors que la jeune victime passait en dessous d\u2019une pince \u00e0 grumes qu\u2019il a \u00e9t\u00e9 bless\u00e9. Conscient \u00e0 l\u2019arriv\u00e9e des secours, il pr\u00e9sentait une blessure \u00e0 la t\u00eate, notamment une fracture du cr\u00e2ne. Le jeune homme, originaire du Haut-Rhin, a \u00e9t\u00e9 rapidement pris en charge dans un service de neurochirurgie. L\u2019inspection du travail a \u00e9t\u00e9 pr\u00e9venue.<\/p>\n<p>accidentdutravail-idf.net vous a pr\u00e9par\u00e9 ce post qui informe du sujet \u00ab\u00a0Association Sportive Huisson-Longueville Essonne\u00a0\u00bb. La chronique se veut g\u00e9n\u00e9r\u00e9e du mieux possible. Vous pouvez utiliser les coordonn\u00e9es indiqu\u00e9es sur le site dans le but d\u2019apporter des explications sur ce post qui parle du th\u00e8me \u00ab\u00a0Association Sportive Huisson-Longueville Essonne\u00a0\u00bb. Le site accidentdutravail-idf.net a pour but de fournir diverses publications sur la th\u00e9matique Association Sportive Huisson-Longueville Essonne diffus\u00e9es sur le net. Il y aura plusieurs articles autour du sujet \u00ab\u00a0Association Sportive Huisson-Longueville Essonne\u00a0\u00bb dans quelques jours, nous vous invitons \u00e0 naviguer sur notre site web \u00e0 plusieurs reprises.<\/p>\n","protected":false},"excerpt":{"rendered":"<p>Un accident du travail a eu lieu dans une entreprise de la D\u00e9odatie ce mardi. Un apprenti, \u00e2g\u00e9 de 17 ans, a \u00e9t\u00e9 percut\u00e9 par une grume de deux m\u00e8tres en d\u00e9but d\u2019apr\u00e8s-midi. D\u2019apr\u00e8s nos informations, c\u2019est alors que la jeune victime passait en dessous d\u2019une pince \u00e0 grumes qu\u2019il a \u00e9t\u00e9 bless\u00e9. Conscient \u00e0 &hellip; <\/p>\n<p class=\"link-more\"><a href=\"https:\/\/www.accidentdutravail-idf.net\/blog\/vosges-deodatie-un-apprenti-de-17-ans-percute-par-une-grume-se-blesse-gravement-a-la-tete\/\" class=\"more-link\">Continuer la lecture <span class=\"screen-reader-text\"> \u00ab\u00a0Vosges D\u00e9odatie : un apprenti de 17 ans percut\u00e9 par une grume se blesse gravement \u00e0 la t\u00eate\u00a0\u00bb<\/span><\/a><\/p>\n","protected":false},"author":2,"featured_media":0,"comment_status":"closed","ping_status":"closed","sticky":false,"template":"","format":"standard","meta":{"footnotes":""},"categories":[5],"tags":[],"class_list":["post-1182","post","type-post","status-publish","format-standard","hentry","category-securite-du-travail-en-ile-de-france-et-divers","entry"],"yoast_head":"<!-- This site is optimized with the Yoast SEO plugin v27.5 - https:\/\/yoast.com\/product\/yoast-seo-wordpress\/ -->\n<title>Vosges D\u00e9odatie : un apprenti de 17 ans percut\u00e9 par une grume se blesse gravement \u00e0 la t\u00eate - ACCIDENTDUTRAVAIL-IDF<\/title>\n<meta name=\"description\" content=\"Vosges D\u00e9odatie : un apprenti de 17 ans percut\u00e9 par une grume se blesse gravement \u00e0 la t\u00eate article de ACCIDENTDUTRAVAIL-IDF\" \/>\n<meta name=\"robots\" content=\"index, follow, max-snippet:-1, max-image-preview:large, max-video-preview:-1\" \/>\n<link rel=\"canonical\" href=\"https:\/\/www.accidentdutravail-idf.net\/blog\/vosges-deodatie-un-apprenti-de-17-ans-percute-par-une-grume-se-blesse-gravement-a-la-tete\/\" \/>\n<meta property=\"og:locale\" content=\"fr_FR\" \/>\n<meta property=\"og:type\" content=\"article\" \/>\n<meta property=\"og:title\" content=\"Vosges D\u00e9odatie : un apprenti de 17 ans percut\u00e9 par une grume se blesse gravement \u00e0 la t\u00eate - ACCIDENTDUTRAVAIL-IDF\" \/>\n<meta property=\"og:description\" content=\"Vosges D\u00e9odatie : un apprenti de 17 ans percut\u00e9 par une grume se blesse gravement \u00e0 la t\u00eate article de ACCIDENTDUTRAVAIL-IDF\" \/>\n<meta property=\"og:url\" content=\"https:\/\/www.accidentdutravail-idf.net\/blog\/vosges-deodatie-un-apprenti-de-17-ans-percute-par-une-grume-se-blesse-gravement-a-la-tete\/\" \/>\n<meta property=\"og:site_name\" content=\"ACCIDENTDUTRAVAIL-IDF\" \/>\n<meta property=\"article:published_time\" content=\"2025-01-14T09:02:00+00:00\" \/>\n<meta property=\"og:image\" content=\"https:\/\/www.accidentdutravail-idf.net\/blog\/wp-content\/uploads\/2025\/01\/vosges-deodatie-un-apprenti-de-17-ans-percute-par-une-grume-se-blesse-gravement-a-la-tete.jpg\" \/>\n<meta name=\"author\" content=\"Carlos Poulain\" \/>\n<meta name=\"twitter:card\" content=\"summary_large_image\" \/>\n<meta name=\"twitter:label1\" content=\"\u00c9crit par\" \/>\n\t<meta name=\"twitter:data1\" content=\"Carlos Poulain\" \/>\n\t<meta name=\"twitter:label2\" content=\"Dur\u00e9e de lecture estim\u00e9e\" \/>\n\t<meta name=\"twitter:data2\" content=\"1 minute\" \/>\n<script type=\"application\/ld+json\" class=\"yoast-schema-graph\">{\"@context\":\"https:\\\/\\\/schema.org\",\"@graph\":[{\"@type\":\"Article\",\"@id\":\"https:\\\/\\\/www.accidentdutravail-idf.net\\\/blog\\\/vosges-deodatie-un-apprenti-de-17-ans-percute-par-une-grume-se-blesse-gravement-a-la-tete\\\/#article\",\"isPartOf\":{\"@id\":\"https:\\\/\\\/www.accidentdutravail-idf.net\\\/blog\\\/vosges-deodatie-un-apprenti-de-17-ans-percute-par-une-grume-se-blesse-gravement-a-la-tete\\\/\"},\"author\":{\"name\":\"Carlos Poulain\",\"@id\":\"https:\\\/\\\/www.accidentdutravail-idf.net\\\/blog\\\/#\\\/schema\\\/person\\\/3255d2f970de45e64bd9201f38e7b947\"},\"headline\":\"Vosges D\u00e9odatie : un apprenti de 17 ans percut\u00e9 par une grume se blesse gravement \u00e0 la t\u00eate\",\"datePublished\":\"2025-01-14T09:02:00+00:00\",\"mainEntityOfPage\":{\"@id\":\"https:\\\/\\\/www.accidentdutravail-idf.net\\\/blog\\\/vosges-deodatie-un-apprenti-de-17-ans-percute-par-une-grume-se-blesse-gravement-a-la-tete\\\/\"},\"wordCount\":229,\"publisher\":{\"@id\":\"https:\\\/\\\/www.accidentdutravail-idf.net\\\/blog\\\/#organization\"},\"image\":{\"@id\":\"https:\\\/\\\/www.accidentdutravail-idf.net\\\/blog\\\/vosges-deodatie-un-apprenti-de-17-ans-percute-par-une-grume-se-blesse-gravement-a-la-tete\\\/#primaryimage\"},\"thumbnailUrl\":\"https:\\\/\\\/www.accidentdutravail-idf.net\\\/blog\\\/wp-content\\\/uploads\\\/2025\\\/01\\\/vosges-deodatie-un-apprenti-de-17-ans-percute-par-une-grume-se-blesse-gravement-a-la-tete.jpg\",\"articleSection\":[\"S\u00e9curit\u00e9 Du Travail En Ile-De-France Et Divers:\"],\"inLanguage\":\"fr-FR\"},{\"@type\":\"WebPage\",\"@id\":\"https:\\\/\\\/www.accidentdutravail-idf.net\\\/blog\\\/vosges-deodatie-un-apprenti-de-17-ans-percute-par-une-grume-se-blesse-gravement-a-la-tete\\\/\",\"url\":\"https:\\\/\\\/www.accidentdutravail-idf.net\\\/blog\\\/vosges-deodatie-un-apprenti-de-17-ans-percute-par-une-grume-se-blesse-gravement-a-la-tete\\\/\",\"name\":\"Vosges D\u00e9odatie : un apprenti de 17 ans percut\u00e9 par une grume se blesse gravement \u00e0 la t\u00eate - ACCIDENTDUTRAVAIL-IDF\",\"isPartOf\":{\"@id\":\"https:\\\/\\\/www.accidentdutravail-idf.net\\\/blog\\\/#website\"},\"primaryImageOfPage\":{\"@id\":\"https:\\\/\\\/www.accidentdutravail-idf.net\\\/blog\\\/vosges-deodatie-un-apprenti-de-17-ans-percute-par-une-grume-se-blesse-gravement-a-la-tete\\\/#primaryimage\"},\"image\":{\"@id\":\"https:\\\/\\\/www.accidentdutravail-idf.net\\\/blog\\\/vosges-deodatie-un-apprenti-de-17-ans-percute-par-une-grume-se-blesse-gravement-a-la-tete\\\/#primaryimage\"},\"thumbnailUrl\":\"https:\\\/\\\/www.accidentdutravail-idf.net\\\/blog\\\/wp-content\\\/uploads\\\/2025\\\/01\\\/vosges-deodatie-un-apprenti-de-17-ans-percute-par-une-grume-se-blesse-gravement-a-la-tete.jpg\",\"datePublished\":\"2025-01-14T09:02:00+00:00\",\"description\":\"Vosges D\u00e9odatie : un apprenti de 17 ans percut\u00e9 par une grume se blesse gravement \u00e0 la t\u00eate article de ACCIDENTDUTRAVAIL-IDF\",\"breadcrumb\":{\"@id\":\"https:\\\/\\\/www.accidentdutravail-idf.net\\\/blog\\\/vosges-deodatie-un-apprenti-de-17-ans-percute-par-une-grume-se-blesse-gravement-a-la-tete\\\/#breadcrumb\"},\"inLanguage\":\"fr-FR\",\"potentialAction\":[{\"@type\":\"ReadAction\",\"target\":[\"https:\\\/\\\/www.accidentdutravail-idf.net\\\/blog\\\/vosges-deodatie-un-apprenti-de-17-ans-percute-par-une-grume-se-blesse-gravement-a-la-tete\\\/\"]}]},{\"@type\":\"ImageObject\",\"inLanguage\":\"fr-FR\",\"@id\":\"https:\\\/\\\/www.accidentdutravail-idf.net\\\/blog\\\/vosges-deodatie-un-apprenti-de-17-ans-percute-par-une-grume-se-blesse-gravement-a-la-tete\\\/#primaryimage\",\"url\":\"https:\\\/\\\/www.accidentdutravail-idf.net\\\/blog\\\/wp-content\\\/uploads\\\/2025\\\/01\\\/vosges-deodatie-un-apprenti-de-17-ans-percute-par-une-grume-se-blesse-gravement-a-la-tete.jpg\",\"contentUrl\":\"https:\\\/\\\/www.accidentdutravail-idf.net\\\/blog\\\/wp-content\\\/uploads\\\/2025\\\/01\\\/vosges-deodatie-un-apprenti-de-17-ans-percute-par-une-grume-se-blesse-gravement-a-la-tete.jpg\"},{\"@type\":\"BreadcrumbList\",\"@id\":\"https:\\\/\\\/www.accidentdutravail-idf.net\\\/blog\\\/vosges-deodatie-un-apprenti-de-17-ans-percute-par-une-grume-se-blesse-gravement-a-la-tete\\\/#breadcrumb\",\"itemListElement\":[{\"@type\":\"ListItem\",\"position\":1,\"name\":\"Accueil\",\"item\":\"https:\\\/\\\/www.accidentdutravail-idf.net\\\/blog\\\/\"},{\"@type\":\"ListItem\",\"position\":2,\"name\":\"Vosges D\u00e9odatie : un apprenti de 17 ans percut\u00e9 par une grume se blesse gravement \u00e0 la t\u00eate\"}]},{\"@type\":\"WebSite\",\"@id\":\"https:\\\/\\\/www.accidentdutravail-idf.net\\\/blog\\\/#website\",\"url\":\"https:\\\/\\\/www.accidentdutravail-idf.net\\\/blog\\\/\",\"name\":\"ACCIDENTDUTRAVAIL-IDF\",\"description\":\"Portail accidents du travail-maladies professionnelles des entreprises d&#039;Ile-de-France\",\"publisher\":{\"@id\":\"https:\\\/\\\/www.accidentdutravail-idf.net\\\/blog\\\/#organization\"},\"potentialAction\":[{\"@type\":\"SearchAction\",\"target\":{\"@type\":\"EntryPoint\",\"urlTemplate\":\"https:\\\/\\\/www.accidentdutravail-idf.net\\\/blog\\\/?s={search_term_string}\"},\"query-input\":{\"@type\":\"PropertyValueSpecification\",\"valueRequired\":true,\"valueName\":\"search_term_string\"}}],\"inLanguage\":\"fr-FR\"},{\"@type\":\"Organization\",\"@id\":\"https:\\\/\\\/www.accidentdutravail-idf.net\\\/blog\\\/#organization\",\"name\":\"accidentdutravail-idf\",\"url\":\"https:\\\/\\\/www.accidentdutravail-idf.net\\\/blog\\\/\",\"logo\":{\"@type\":\"ImageObject\",\"inLanguage\":\"fr-FR\",\"@id\":\"https:\\\/\\\/www.accidentdutravail-idf.net\\\/blog\\\/#\\\/schema\\\/logo\\\/image\\\/\",\"url\":\"https:\\\/\\\/www.accidentdutravail-idf.net\\\/blog\\\/wp-content\\\/uploads\\\/2022\\\/09\\\/logo-2.png\",\"contentUrl\":\"https:\\\/\\\/www.accidentdutravail-idf.net\\\/blog\\\/wp-content\\\/uploads\\\/2022\\\/09\\\/logo-2.png\",\"width\":380,\"height\":291,\"caption\":\"accidentdutravail-idf\"},\"image\":{\"@id\":\"https:\\\/\\\/www.accidentdutravail-idf.net\\\/blog\\\/#\\\/schema\\\/logo\\\/image\\\/\"}},{\"@type\":\"Person\",\"@id\":\"https:\\\/\\\/www.accidentdutravail-idf.net\\\/blog\\\/#\\\/schema\\\/person\\\/3255d2f970de45e64bd9201f38e7b947\",\"name\":\"Carlos Poulain\",\"image\":{\"@type\":\"ImageObject\",\"inLanguage\":\"fr-FR\",\"@id\":\"https:\\\/\\\/secure.gravatar.com\\\/avatar\\\/b1c2f9d3588e34e91adb093635df64ef4b2381991216be7576466cfcdca4baf3?s=96&d=mm&r=g\",\"url\":\"https:\\\/\\\/secure.gravatar.com\\\/avatar\\\/b1c2f9d3588e34e91adb093635df64ef4b2381991216be7576466cfcdca4baf3?s=96&d=mm&r=g\",\"contentUrl\":\"https:\\\/\\\/secure.gravatar.com\\\/avatar\\\/b1c2f9d3588e34e91adb093635df64ef4b2381991216be7576466cfcdca4baf3?s=96&d=mm&r=g\",\"caption\":\"Carlos Poulain\"},\"url\":\"https:\\\/\\\/www.accidentdutravail-idf.net\\\/blog\\\/author\\\/idfcarlos\\\/\"}]}<\/script>\n<!-- \/ Yoast SEO plugin. -->","yoast_head_json":{"title":"Vosges D\u00e9odatie : un apprenti de 17 ans percut\u00e9 par une grume se blesse gravement \u00e0 la t\u00eate - ACCIDENTDUTRAVAIL-IDF","description":"Vosges D\u00e9odatie : un apprenti de 17 ans percut\u00e9 par une grume se blesse gravement \u00e0 la t\u00eate article de ACCIDENTDUTRAVAIL-IDF","robots":{"index":"index","follow":"follow","max-snippet":"max-snippet:-1","max-image-preview":"max-image-preview:large","max-video-preview":"max-video-preview:-1"},"canonical":"https:\/\/www.accidentdutravail-idf.net\/blog\/vosges-deodatie-un-apprenti-de-17-ans-percute-par-une-grume-se-blesse-gravement-a-la-tete\/","og_locale":"fr_FR","og_type":"article","og_title":"Vosges D\u00e9odatie : un apprenti de 17 ans percut\u00e9 par une grume se blesse gravement \u00e0 la t\u00eate - ACCIDENTDUTRAVAIL-IDF","og_description":"Vosges D\u00e9odatie : un apprenti de 17 ans percut\u00e9 par une grume se blesse gravement \u00e0 la t\u00eate article de ACCIDENTDUTRAVAIL-IDF","og_url":"https:\/\/www.accidentdutravail-idf.net\/blog\/vosges-deodatie-un-apprenti-de-17-ans-percute-par-une-grume-se-blesse-gravement-a-la-tete\/","og_site_name":"ACCIDENTDUTRAVAIL-IDF","article_published_time":"2025-01-14T09:02:00+00:00","og_image":[{"url":"https:\/\/www.accidentdutravail-idf.net\/blog\/wp-content\/uploads\/2025\/01\/vosges-deodatie-un-apprenti-de-17-ans-percute-par-une-grume-se-blesse-gravement-a-la-tete.jpg","type":"","width":"","height":""}],"author":"Carlos Poulain","twitter_card":"summary_large_image","twitter_misc":{"\u00c9crit par":"Carlos Poulain","Dur\u00e9e de lecture estim\u00e9e":"1 minute"},"schema":{"@context":"https:\/\/schema.org","@graph":[{"@type":"Article","@id":"https:\/\/www.accidentdutravail-idf.net\/blog\/vosges-deodatie-un-apprenti-de-17-ans-percute-par-une-grume-se-blesse-gravement-a-la-tete\/#article","isPartOf":{"@id":"https:\/\/www.accidentdutravail-idf.net\/blog\/vosges-deodatie-un-apprenti-de-17-ans-percute-par-une-grume-se-blesse-gravement-a-la-tete\/"},"author":{"name":"Carlos Poulain","@id":"https:\/\/www.accidentdutravail-idf.net\/blog\/#\/schema\/person\/3255d2f970de45e64bd9201f38e7b947"},"headline":"Vosges D\u00e9odatie : un apprenti de 17 ans percut\u00e9 par une grume se blesse gravement \u00e0 la t\u00eate","datePublished":"2025-01-14T09:02:00+00:00","mainEntityOfPage":{"@id":"https:\/\/www.accidentdutravail-idf.net\/blog\/vosges-deodatie-un-apprenti-de-17-ans-percute-par-une-grume-se-blesse-gravement-a-la-tete\/"},"wordCount":229,"publisher":{"@id":"https:\/\/www.accidentdutravail-idf.net\/blog\/#organization"},"image":{"@id":"https:\/\/www.accidentdutravail-idf.net\/blog\/vosges-deodatie-un-apprenti-de-17-ans-percute-par-une-grume-se-blesse-gravement-a-la-tete\/#primaryimage"},"thumbnailUrl":"https:\/\/www.accidentdutravail-idf.net\/blog\/wp-content\/uploads\/2025\/01\/vosges-deodatie-un-apprenti-de-17-ans-percute-par-une-grume-se-blesse-gravement-a-la-tete.jpg","articleSection":["S\u00e9curit\u00e9 Du Travail En Ile-De-France Et Divers:"],"inLanguage":"fr-FR"},{"@type":"WebPage","@id":"https:\/\/www.accidentdutravail-idf.net\/blog\/vosges-deodatie-un-apprenti-de-17-ans-percute-par-une-grume-se-blesse-gravement-a-la-tete\/","url":"https:\/\/www.accidentdutravail-idf.net\/blog\/vosges-deodatie-un-apprenti-de-17-ans-percute-par-une-grume-se-blesse-gravement-a-la-tete\/","name":"Vosges D\u00e9odatie : un apprenti de 17 ans percut\u00e9 par une grume se blesse gravement \u00e0 la t\u00eate - ACCIDENTDUTRAVAIL-IDF","isPartOf":{"@id":"https:\/\/www.accidentdutravail-idf.net\/blog\/#website"},"primaryImageOfPage":{"@id":"https:\/\/www.accidentdutravail-idf.net\/blog\/vosges-deodatie-un-apprenti-de-17-ans-percute-par-une-grume-se-blesse-gravement-a-la-tete\/#primaryimage"},"image":{"@id":"https:\/\/www.accidentdutravail-idf.net\/blog\/vosges-deodatie-un-apprenti-de-17-ans-percute-par-une-grume-se-blesse-gravement-a-la-tete\/#primaryimage"},"thumbnailUrl":"https:\/\/www.accidentdutravail-idf.net\/blog\/wp-content\/uploads\/2025\/01\/vosges-deodatie-un-apprenti-de-17-ans-percute-par-une-grume-se-blesse-gravement-a-la-tete.jpg","datePublished":"2025-01-14T09:02:00+00:00","description":"Vosges D\u00e9odatie : un apprenti de 17 ans percut\u00e9 par une grume se blesse gravement \u00e0 la t\u00eate article de ACCIDENTDUTRAVAIL-IDF","breadcrumb":{"@id":"https:\/\/www.accidentdutravail-idf.net\/blog\/vosges-deodatie-un-apprenti-de-17-ans-percute-par-une-grume-se-blesse-gravement-a-la-tete\/#breadcrumb"},"inLanguage":"fr-FR","potentialAction":[{"@type":"ReadAction","target":["https:\/\/www.accidentdutravail-idf.net\/blog\/vosges-deodatie-un-apprenti-de-17-ans-percute-par-une-grume-se-blesse-gravement-a-la-tete\/"]}]},{"@type":"ImageObject","inLanguage":"fr-FR","@id":"https:\/\/www.accidentdutravail-idf.net\/blog\/vosges-deodatie-un-apprenti-de-17-ans-percute-par-une-grume-se-blesse-gravement-a-la-tete\/#primaryimage","url":"https:\/\/www.accidentdutravail-idf.net\/blog\/wp-content\/uploads\/2025\/01\/vosges-deodatie-un-apprenti-de-17-ans-percute-par-une-grume-se-blesse-gravement-a-la-tete.jpg","contentUrl":"https:\/\/www.accidentdutravail-idf.net\/blog\/wp-content\/uploads\/2025\/01\/vosges-deodatie-un-apprenti-de-17-ans-percute-par-une-grume-se-blesse-gravement-a-la-tete.jpg"},{"@type":"BreadcrumbList","@id":"https:\/\/www.accidentdutravail-idf.net\/blog\/vosges-deodatie-un-apprenti-de-17-ans-percute-par-une-grume-se-blesse-gravement-a-la-tete\/#breadcrumb","itemListElement":[{"@type":"ListItem","position":1,"name":"Accueil","item":"https:\/\/www.accidentdutravail-idf.net\/blog\/"},{"@type":"ListItem","position":2,"name":"Vosges D\u00e9odatie : un apprenti de 17 ans percut\u00e9 par une grume se blesse gravement \u00e0 la t\u00eate"}]},{"@type":"WebSite","@id":"https:\/\/www.accidentdutravail-idf.net\/blog\/#website","url":"https:\/\/www.accidentdutravail-idf.net\/blog\/","name":"ACCIDENTDUTRAVAIL-IDF","description":"Portail accidents du travail-maladies professionnelles des entreprises d&#039;Ile-de-France","publisher":{"@id":"https:\/\/www.accidentdutravail-idf.net\/blog\/#organization"},"potentialAction":[{"@type":"SearchAction","target":{"@type":"EntryPoint","urlTemplate":"https:\/\/www.accidentdutravail-idf.net\/blog\/?s={search_term_string}"},"query-input":{"@type":"PropertyValueSpecification","valueRequired":true,"valueName":"search_term_string"}}],"inLanguage":"fr-FR"},{"@type":"Organization","@id":"https:\/\/www.accidentdutravail-idf.net\/blog\/#organization","name":"accidentdutravail-idf","url":"https:\/\/www.accidentdutravail-idf.net\/blog\/","logo":{"@type":"ImageObject","inLanguage":"fr-FR","@id":"https:\/\/www.accidentdutravail-idf.net\/blog\/#\/schema\/logo\/image\/","url":"https:\/\/www.accidentdutravail-idf.net\/blog\/wp-content\/uploads\/2022\/09\/logo-2.png","contentUrl":"https:\/\/www.accidentdutravail-idf.net\/blog\/wp-content\/uploads\/2022\/09\/logo-2.png","width":380,"height":291,"caption":"accidentdutravail-idf"},"image":{"@id":"https:\/\/www.accidentdutravail-idf.net\/blog\/#\/schema\/logo\/image\/"}},{"@type":"Person","@id":"https:\/\/www.accidentdutravail-idf.net\/blog\/#\/schema\/person\/3255d2f970de45e64bd9201f38e7b947","name":"Carlos Poulain","image":{"@type":"ImageObject","inLanguage":"fr-FR","@id":"https:\/\/secure.gravatar.com\/avatar\/b1c2f9d3588e34e91adb093635df64ef4b2381991216be7576466cfcdca4baf3?s=96&d=mm&r=g","url":"https:\/\/secure.gravatar.com\/avatar\/b1c2f9d3588e34e91adb093635df64ef4b2381991216be7576466cfcdca4baf3?s=96&d=mm&r=g","contentUrl":"https:\/\/secure.gravatar.com\/avatar\/b1c2f9d3588e34e91adb093635df64ef4b2381991216be7576466cfcdca4baf3?s=96&d=mm&r=g","caption":"Carlos Poulain"},"url":"https:\/\/www.accidentdutravail-idf.net\/blog\/author\/idfcarlos\/"}]}},"_links":{"self":[{"href":"https:\/\/www.accidentdutravail-idf.net\/blog\/wp-json\/wp\/v2\/posts\/1182","targetHints":{"allow":["GET"]}}],"collection":[{"href":"https:\/\/www.accidentdutravail-idf.net\/blog\/wp-json\/wp\/v2\/posts"}],"about":[{"href":"https:\/\/www.accidentdutravail-idf.net\/blog\/wp-json\/wp\/v2\/types\/post"}],"author":[{"embeddable":true,"href":"https:\/\/www.accidentdutravail-idf.net\/blog\/wp-json\/wp\/v2\/users\/2"}],"replies":[{"embeddable":true,"href":"https:\/\/www.accidentdutravail-idf.net\/blog\/wp-json\/wp\/v2\/comments?post=1182"}],"version-history":[{"count":0,"href":"https:\/\/www.accidentdutravail-idf.net\/blog\/wp-json\/wp\/v2\/posts\/1182\/revisions"}],"wp:attachment":[{"href":"https:\/\/www.accidentdutravail-idf.net\/blog\/wp-json\/wp\/v2\/media?parent=1182"}],"wp:term":[{"taxonomy":"category","embeddable":true,"href":"https:\/\/www.accidentdutravail-idf.net\/blog\/wp-json\/wp\/v2\/categories?post=1182"},{"taxonomy":"post_tag","embeddable":true,"href":"https:\/\/www.accidentdutravail-idf.net\/blog\/wp-json\/wp\/v2\/tags?post=1182"}],"curies":[{"name":"wp","href":"https:\/\/api.w.org\/{rel}","templated":true}]}}