{"id":1166,"date":"2025-01-10T07:59:00","date_gmt":"2025-01-10T06:59:00","guid":{"rendered":"https:\/\/www.accidentdutravail-idf.net\/blog\/invalidite-du-salarie-la-visite-de-reprise-peut-simposer-meme-si-le-salarie-est-encore-en-arret-maladie\/"},"modified":"2025-01-10T07:59:00","modified_gmt":"2025-01-10T06:59:00","slug":"invalidite-du-salarie-la-visite-de-reprise-peut-simposer-meme-si-le-salarie-est-encore-en-arret-maladie","status":"publish","type":"post","link":"https:\/\/www.accidentdutravail-idf.net\/blog\/invalidite-du-salarie-la-visite-de-reprise-peut-simposer-meme-si-le-salarie-est-encore-en-arret-maladie\/","title":{"rendered":"Invalidit\u00e9 du salari\u00e9 : la visite de reprise peut s&rsquo;imposer m\u00eame si le salari\u00e9 est encore en arr\u00eat maladie"},"content":{"rendered":"<div><img decoding=\"async\" src=\"https:\/\/www.accidentdutravail-idf.net\/blog\/wp-content\/uploads\/2025\/01\/invalidite-du-salarie-la-visite-de-reprise-peut-simposer-meme-si-le-salarie-est-encore-en-arret-maladie.jpg\" class=\"ff-og-image-inserted\"><\/div>\n<div>\n<p>L\u2019invalidit\u00e9 d\u2019un salari\u00e9 peut \u00eatre reconnue par le m\u00e9decin-conseil de sa caisse primaire d\u2019assurance maladie (CPAM) si&nbsp;celui-ci :&nbsp;<\/p>\n<ul>\n<li>en raison d\u2019un accident ou d\u2019une maladie, d\u2019origine professionnelle ou non&nbsp;;<\/li>\n<li>a perdu&nbsp;<i>a minima<\/i> 66 % de sa capacit\u00e9 de travail ou de revenus.<\/li>\n<\/ul>\n<p>Pour compenser la perte de revenus r\u00e9sultant de sa nouvelle situation, le salari\u00e9 peut se voir attribuer une&nbsp;<strong>pension d\u2019invalidit\u00e9<\/strong>. Pour autant, encore faut-il que sa situation r\u00e9ponde \u00e0 plusieurs conditions, notamment en termes de dur\u00e9e d\u2019affiliation, de cotisations ou d\u2019heures travaill\u00e9es.<\/p>\n<p>Ce faisant, il existe&nbsp;<strong>trois cat\u00e9gories d\u2019invalidit\u00e9<\/strong> qui, en d\u00e9finitive, conditionnent le calcul de cette pension. \u00c9tant entendu que le classement initial du salari\u00e9 peut, par la suite, \u00eatre amen\u00e9 \u00e0 \u00e9voluer en cas d\u2019aggravation ou d\u2019am\u00e9lioration de son \u00e9tat de sant\u00e9.&nbsp;<\/p>\n<\/div>\n<div>\n<p>A ce stade, il est important de rappeler que la notion d\u2019invalidit\u00e9 ne doit pas \u00eatre confondue avec la notion d\u2019inaptitude. D\u00e9cel\u00e9e par le m\u00e9decin du travail, l\u2019inaptitude suppose que l&rsquo;\u00e9tat de sant\u00e9 du salari\u00e9 impose un changement de poste de travail et qu&rsquo;aucune mesure d&rsquo;am\u00e9nagement, d&rsquo;adaptation ou de transformation ne peut \u00eatre adopt\u00e9e.<\/p>\n<p>Pour autant, et m\u00eame si cela n\u2019est pas syst\u00e9matique, il faut souligner que le salari\u00e9 d\u00e9clar\u00e9 invalide peut, dans un second temps, faire l\u2019objet d\u2019un avis d\u2019inaptitude. La visite de reprise, organis\u00e9e \u00e0 l\u2019issue de certaines absences, peut notamment d\u00e9boucher sur ce cas de figure.&nbsp;<\/p>\n<\/div>\n<div>\n<p>Pour m\u00e9moire, l\u2019organisation d\u2019une visite de reprise s\u2019impose notamment lorsque le salari\u00e9 s\u2019est absent\u00e9 en raison :<\/p>\n<ul>\n<li>d\u2019une maladie professionnelle&nbsp;;<\/li>\n<li>d\u2019un accident du travail&nbsp;pendant au moins 30 jours ;<\/li>\n<li>d\u2019un accident ou d\u2019une maladie d\u2019origine non professionnelle pendant au moins 60 jours.&nbsp;<\/li>\n<\/ul>\n<p>En pratique, il revient \u00e0 l&#8217;employeur, une fois au fait de la date de fin de l&rsquo;arr\u00eat de travail, de saisir son SPST pour que celui-ci organise cette rencontre. A d\u00e9faut, sa responsabilit\u00e9 contractuelle pourra \u00eatre engag\u00e9e et d\u00e9boucher sur une condamnation au versement de dommages-int\u00e9r\u00eats.<\/p>\n<\/div>\n<div>\n<p>Bien que le classement en invalidit\u00e9 ne constitue pas, en soi, un motif de r\u00e9alisation d\u2019un examen de reprise, il n\u2019est pas rare que le salari\u00e9 se trouve, \u00e0 cet instant, dans l\u2019une des hypoth\u00e8ses d\u2019absence cit\u00e9es.<\/p>\n<p>Or, alors que le Code du travail estime que la visite de reprise ne peut avoir lieu qu\u2019une fois la date de la fin de l&rsquo;arr\u00eat de travail connue, la jurisprudence consid\u00e8re, de son c\u00f4t\u00e9, que l\u2019employeur doit malgr\u00e9 tout prendre cette initiative si le salari\u00e9, encore en arr\u00eat de travail :&nbsp;<\/p>\n<ul>\n<li>l\u2019informe de son classement en invalidit\u00e9 de 2e cat\u00e9gorie&nbsp;;<\/li>\n<li>et ne manifeste pas la volont\u00e9 de ne pas reprendre le travail.<\/li>\n<\/ul>\n<p>Cette tendance a connu une nouvelle illustration dans un arr\u00eat rendu le 18 d\u00e9cembre 2024 par la Cour de cassation.<\/p>\n<p>En l\u2019occurrence, une salari\u00e9e class\u00e9e en invalidit\u00e9 de 2e cat\u00e9gorie reprochait \u00e0 son employeur de ne pas l\u2019avoir reclass\u00e9 sur un autre poste durant son arr\u00eat maladie.<\/p>\n<p>La cour d\u2019appel de Paris avait rejet\u00e9 l\u2019argumentaire de la salari\u00e9e en arguant que la mise en \u0153uvre d&rsquo;un reclassement supposait un avis d&rsquo;inaptitude et donc la tenue d\u2019une visite de reprise. N\u00e9anmoins, cette visite ne pouvait alors avoir lieu qu\u2019au terme de l&rsquo;arr\u00eat de travail. Ce qui n&rsquo;\u00e9tait pas le cas en l&rsquo;esp\u00e8ce, la salari\u00e9e \u00e9tant toujours plac\u00e9e en arr\u00eat maladie.<\/p>\n<p>Cependant, pour la Cour de cassation, cette solution ne pouvait \u00eatre retenue dans la mesure o\u00f9 la salari\u00e9e avait inform\u00e9 son employeur de son classement en invalidit\u00e9 de 2e cat\u00e9gorie sans manifester la volont\u00e9 de ne pas reprendre le travail.&nbsp;<\/p>\n<p>Pour en savoir davantage sur les conditions de r\u00e9alisation de la visite de reprise, les Editions Tissot vous conseillent leur documentation \u00ab&nbsp;<a href=\"https:\/\/cmp.editions-tissot.fr\/com\/landing\/lua\/?cact=redac\" target=\"_blank\" rel=\"nofollow\">Sant\u00e9 s\u00e9curit\u00e9 au travail ACTIV<\/a>&nbsp;\u00bb.&nbsp;<\/p>\n<p><i>Cour de cassation, chambre sociale, 18 d\u00e9cembre 2024, n\u00b0 23-16.280 (d\u00e8s lors que le salari\u00e9 informe son employeur de son classement en invalidit\u00e9 de deuxi\u00e8me cat\u00e9gorie sans manifester la volont\u00e9 de ne pas reprendre le travail, il appartient \u00e0 celui-ci de prendre l&rsquo;initiative de faire proc\u00e9der \u00e0 une visite de reprise, laquelle met fin \u00e0 la suspension du contrat de travail)<\/i><\/p>\n<\/div>\n<p>accidentdutravail-idf.net vous a pr\u00e9par\u00e9 ce post qui informe du sujet \u00ab\u00a0Association Sportive Huisson-Longueville Essonne\u00a0\u00bb. La chronique se veut g\u00e9n\u00e9r\u00e9e du mieux possible. Vous pouvez utiliser les coordonn\u00e9es indiqu\u00e9es sur le site dans le but d\u2019apporter des explications sur ce post qui parle du th\u00e8me \u00ab\u00a0Association Sportive Huisson-Longueville Essonne\u00a0\u00bb. Le site accidentdutravail-idf.net a pour but de fournir diverses publications sur la th\u00e9matique Association Sportive Huisson-Longueville Essonne diffus\u00e9es sur le net. Il y aura plusieurs articles autour du sujet \u00ab\u00a0Association Sportive Huisson-Longueville Essonne\u00a0\u00bb dans quelques jours, nous vous invitons \u00e0 naviguer sur notre site web \u00e0 plusieurs reprises.<\/p>\n","protected":false},"excerpt":{"rendered":"<p>L\u2019invalidit\u00e9 d\u2019un salari\u00e9 peut \u00eatre reconnue par le m\u00e9decin-conseil de sa caisse primaire d\u2019assurance maladie (CPAM) si&nbsp;celui-ci :&nbsp; en raison d\u2019un accident ou d\u2019une maladie, d\u2019origine professionnelle ou non&nbsp;; a perdu&nbsp;a minima 66 % de sa capacit\u00e9 de travail ou de revenus. Pour compenser la perte de revenus r\u00e9sultant de sa nouvelle situation, le salari\u00e9 &hellip; <\/p>\n<p class=\"link-more\"><a href=\"https:\/\/www.accidentdutravail-idf.net\/blog\/invalidite-du-salarie-la-visite-de-reprise-peut-simposer-meme-si-le-salarie-est-encore-en-arret-maladie\/\" class=\"more-link\">Continuer la lecture <span class=\"screen-reader-text\"> \u00ab\u00a0Invalidit\u00e9 du salari\u00e9 : la visite de reprise peut s&rsquo;imposer m\u00eame si le salari\u00e9 est encore en arr\u00eat maladie\u00a0\u00bb<\/span><\/a><\/p>\n","protected":false},"author":2,"featured_media":0,"comment_status":"closed","ping_status":"closed","sticky":false,"template":"","format":"standard","meta":{"footnotes":""},"categories":[5],"tags":[],"class_list":["post-1166","post","type-post","status-publish","format-standard","hentry","category-securite-du-travail-en-ile-de-france-et-divers","entry"],"yoast_head":"<!-- This site is optimized with the Yoast SEO plugin v27.5 - https:\/\/yoast.com\/product\/yoast-seo-wordpress\/ -->\n<title>Invalidit\u00e9 du salari\u00e9 : la visite de reprise peut s&#039;imposer m\u00eame si le salari\u00e9 est encore en arr\u00eat maladie - ACCIDENTDUTRAVAIL-IDF<\/title>\n<meta name=\"description\" content=\"Invalidit\u00e9 du salari\u00e9 : la visite de reprise peut s&#039;imposer m\u00eame si le salari\u00e9 est encore en arr\u00eat maladie article de ACCIDENTDUTRAVAIL-IDF\" \/>\n<meta name=\"robots\" content=\"index, follow, max-snippet:-1, max-image-preview:large, max-video-preview:-1\" \/>\n<link rel=\"canonical\" href=\"https:\/\/www.accidentdutravail-idf.net\/blog\/invalidite-du-salarie-la-visite-de-reprise-peut-simposer-meme-si-le-salarie-est-encore-en-arret-maladie\/\" \/>\n<meta property=\"og:locale\" content=\"fr_FR\" \/>\n<meta property=\"og:type\" content=\"article\" \/>\n<meta property=\"og:title\" content=\"Invalidit\u00e9 du salari\u00e9 : la visite de reprise peut s&#039;imposer m\u00eame si le salari\u00e9 est encore en arr\u00eat maladie - ACCIDENTDUTRAVAIL-IDF\" \/>\n<meta property=\"og:description\" content=\"Invalidit\u00e9 du salari\u00e9 : la visite de reprise peut s&#039;imposer m\u00eame si le salari\u00e9 est encore en arr\u00eat maladie article de ACCIDENTDUTRAVAIL-IDF\" \/>\n<meta property=\"og:url\" content=\"https:\/\/www.accidentdutravail-idf.net\/blog\/invalidite-du-salarie-la-visite-de-reprise-peut-simposer-meme-si-le-salarie-est-encore-en-arret-maladie\/\" \/>\n<meta property=\"og:site_name\" content=\"ACCIDENTDUTRAVAIL-IDF\" \/>\n<meta property=\"article:published_time\" content=\"2025-01-10T06:59:00+00:00\" \/>\n<meta property=\"og:image\" content=\"https:\/\/www.accidentdutravail-idf.net\/blog\/wp-content\/uploads\/2025\/01\/invalidite-du-salarie-la-visite-de-reprise-peut-simposer-meme-si-le-salarie-est-encore-en-arret-maladie.jpg\" \/>\n<meta name=\"author\" content=\"Carlos Poulain\" \/>\n<meta name=\"twitter:card\" content=\"summary_large_image\" \/>\n<meta name=\"twitter:label1\" content=\"\u00c9crit par\" \/>\n\t<meta name=\"twitter:data1\" content=\"Carlos Poulain\" \/>\n\t<meta name=\"twitter:label2\" content=\"Dur\u00e9e de lecture estim\u00e9e\" \/>\n\t<meta name=\"twitter:data2\" content=\"4 minutes\" \/>\n<script type=\"application\/ld+json\" class=\"yoast-schema-graph\">{\"@context\":\"https:\\\/\\\/schema.org\",\"@graph\":[{\"@type\":\"Article\",\"@id\":\"https:\\\/\\\/www.accidentdutravail-idf.net\\\/blog\\\/invalidite-du-salarie-la-visite-de-reprise-peut-simposer-meme-si-le-salarie-est-encore-en-arret-maladie\\\/#article\",\"isPartOf\":{\"@id\":\"https:\\\/\\\/www.accidentdutravail-idf.net\\\/blog\\\/invalidite-du-salarie-la-visite-de-reprise-peut-simposer-meme-si-le-salarie-est-encore-en-arret-maladie\\\/\"},\"author\":{\"name\":\"Carlos Poulain\",\"@id\":\"https:\\\/\\\/www.accidentdutravail-idf.net\\\/blog\\\/#\\\/schema\\\/person\\\/3255d2f970de45e64bd9201f38e7b947\"},\"headline\":\"Invalidit\u00e9 du salari\u00e9 : la visite de reprise peut s&rsquo;imposer m\u00eame si le salari\u00e9 est encore en arr\u00eat maladie\",\"datePublished\":\"2025-01-10T06:59:00+00:00\",\"mainEntityOfPage\":{\"@id\":\"https:\\\/\\\/www.accidentdutravail-idf.net\\\/blog\\\/invalidite-du-salarie-la-visite-de-reprise-peut-simposer-meme-si-le-salarie-est-encore-en-arret-maladie\\\/\"},\"wordCount\":883,\"publisher\":{\"@id\":\"https:\\\/\\\/www.accidentdutravail-idf.net\\\/blog\\\/#organization\"},\"image\":{\"@id\":\"https:\\\/\\\/www.accidentdutravail-idf.net\\\/blog\\\/invalidite-du-salarie-la-visite-de-reprise-peut-simposer-meme-si-le-salarie-est-encore-en-arret-maladie\\\/#primaryimage\"},\"thumbnailUrl\":\"https:\\\/\\\/www.accidentdutravail-idf.net\\\/blog\\\/wp-content\\\/uploads\\\/2025\\\/01\\\/invalidite-du-salarie-la-visite-de-reprise-peut-simposer-meme-si-le-salarie-est-encore-en-arret-maladie.jpg\",\"articleSection\":[\"S\u00e9curit\u00e9 Du Travail En Ile-De-France Et Divers:\"],\"inLanguage\":\"fr-FR\"},{\"@type\":\"WebPage\",\"@id\":\"https:\\\/\\\/www.accidentdutravail-idf.net\\\/blog\\\/invalidite-du-salarie-la-visite-de-reprise-peut-simposer-meme-si-le-salarie-est-encore-en-arret-maladie\\\/\",\"url\":\"https:\\\/\\\/www.accidentdutravail-idf.net\\\/blog\\\/invalidite-du-salarie-la-visite-de-reprise-peut-simposer-meme-si-le-salarie-est-encore-en-arret-maladie\\\/\",\"name\":\"Invalidit\u00e9 du salari\u00e9 : la visite de reprise peut s'imposer m\u00eame si le salari\u00e9 est encore en arr\u00eat maladie - ACCIDENTDUTRAVAIL-IDF\",\"isPartOf\":{\"@id\":\"https:\\\/\\\/www.accidentdutravail-idf.net\\\/blog\\\/#website\"},\"primaryImageOfPage\":{\"@id\":\"https:\\\/\\\/www.accidentdutravail-idf.net\\\/blog\\\/invalidite-du-salarie-la-visite-de-reprise-peut-simposer-meme-si-le-salarie-est-encore-en-arret-maladie\\\/#primaryimage\"},\"image\":{\"@id\":\"https:\\\/\\\/www.accidentdutravail-idf.net\\\/blog\\\/invalidite-du-salarie-la-visite-de-reprise-peut-simposer-meme-si-le-salarie-est-encore-en-arret-maladie\\\/#primaryimage\"},\"thumbnailUrl\":\"https:\\\/\\\/www.accidentdutravail-idf.net\\\/blog\\\/wp-content\\\/uploads\\\/2025\\\/01\\\/invalidite-du-salarie-la-visite-de-reprise-peut-simposer-meme-si-le-salarie-est-encore-en-arret-maladie.jpg\",\"datePublished\":\"2025-01-10T06:59:00+00:00\",\"description\":\"Invalidit\u00e9 du salari\u00e9 : la visite de reprise peut s'imposer m\u00eame si le salari\u00e9 est encore en arr\u00eat maladie article de ACCIDENTDUTRAVAIL-IDF\",\"breadcrumb\":{\"@id\":\"https:\\\/\\\/www.accidentdutravail-idf.net\\\/blog\\\/invalidite-du-salarie-la-visite-de-reprise-peut-simposer-meme-si-le-salarie-est-encore-en-arret-maladie\\\/#breadcrumb\"},\"inLanguage\":\"fr-FR\",\"potentialAction\":[{\"@type\":\"ReadAction\",\"target\":[\"https:\\\/\\\/www.accidentdutravail-idf.net\\\/blog\\\/invalidite-du-salarie-la-visite-de-reprise-peut-simposer-meme-si-le-salarie-est-encore-en-arret-maladie\\\/\"]}]},{\"@type\":\"ImageObject\",\"inLanguage\":\"fr-FR\",\"@id\":\"https:\\\/\\\/www.accidentdutravail-idf.net\\\/blog\\\/invalidite-du-salarie-la-visite-de-reprise-peut-simposer-meme-si-le-salarie-est-encore-en-arret-maladie\\\/#primaryimage\",\"url\":\"https:\\\/\\\/www.accidentdutravail-idf.net\\\/blog\\\/wp-content\\\/uploads\\\/2025\\\/01\\\/invalidite-du-salarie-la-visite-de-reprise-peut-simposer-meme-si-le-salarie-est-encore-en-arret-maladie.jpg\",\"contentUrl\":\"https:\\\/\\\/www.accidentdutravail-idf.net\\\/blog\\\/wp-content\\\/uploads\\\/2025\\\/01\\\/invalidite-du-salarie-la-visite-de-reprise-peut-simposer-meme-si-le-salarie-est-encore-en-arret-maladie.jpg\"},{\"@type\":\"BreadcrumbList\",\"@id\":\"https:\\\/\\\/www.accidentdutravail-idf.net\\\/blog\\\/invalidite-du-salarie-la-visite-de-reprise-peut-simposer-meme-si-le-salarie-est-encore-en-arret-maladie\\\/#breadcrumb\",\"itemListElement\":[{\"@type\":\"ListItem\",\"position\":1,\"name\":\"Accueil\",\"item\":\"https:\\\/\\\/www.accidentdutravail-idf.net\\\/blog\\\/\"},{\"@type\":\"ListItem\",\"position\":2,\"name\":\"Invalidit\u00e9 du salari\u00e9 : la visite de reprise peut s&rsquo;imposer m\u00eame si le salari\u00e9 est encore en arr\u00eat maladie\"}]},{\"@type\":\"WebSite\",\"@id\":\"https:\\\/\\\/www.accidentdutravail-idf.net\\\/blog\\\/#website\",\"url\":\"https:\\\/\\\/www.accidentdutravail-idf.net\\\/blog\\\/\",\"name\":\"ACCIDENTDUTRAVAIL-IDF\",\"description\":\"Portail accidents du travail-maladies professionnelles des entreprises d&#039;Ile-de-France\",\"publisher\":{\"@id\":\"https:\\\/\\\/www.accidentdutravail-idf.net\\\/blog\\\/#organization\"},\"potentialAction\":[{\"@type\":\"SearchAction\",\"target\":{\"@type\":\"EntryPoint\",\"urlTemplate\":\"https:\\\/\\\/www.accidentdutravail-idf.net\\\/blog\\\/?s={search_term_string}\"},\"query-input\":{\"@type\":\"PropertyValueSpecification\",\"valueRequired\":true,\"valueName\":\"search_term_string\"}}],\"inLanguage\":\"fr-FR\"},{\"@type\":\"Organization\",\"@id\":\"https:\\\/\\\/www.accidentdutravail-idf.net\\\/blog\\\/#organization\",\"name\":\"accidentdutravail-idf\",\"url\":\"https:\\\/\\\/www.accidentdutravail-idf.net\\\/blog\\\/\",\"logo\":{\"@type\":\"ImageObject\",\"inLanguage\":\"fr-FR\",\"@id\":\"https:\\\/\\\/www.accidentdutravail-idf.net\\\/blog\\\/#\\\/schema\\\/logo\\\/image\\\/\",\"url\":\"https:\\\/\\\/www.accidentdutravail-idf.net\\\/blog\\\/wp-content\\\/uploads\\\/2022\\\/09\\\/logo-2.png\",\"contentUrl\":\"https:\\\/\\\/www.accidentdutravail-idf.net\\\/blog\\\/wp-content\\\/uploads\\\/2022\\\/09\\\/logo-2.png\",\"width\":380,\"height\":291,\"caption\":\"accidentdutravail-idf\"},\"image\":{\"@id\":\"https:\\\/\\\/www.accidentdutravail-idf.net\\\/blog\\\/#\\\/schema\\\/logo\\\/image\\\/\"}},{\"@type\":\"Person\",\"@id\":\"https:\\\/\\\/www.accidentdutravail-idf.net\\\/blog\\\/#\\\/schema\\\/person\\\/3255d2f970de45e64bd9201f38e7b947\",\"name\":\"Carlos Poulain\",\"image\":{\"@type\":\"ImageObject\",\"inLanguage\":\"fr-FR\",\"@id\":\"https:\\\/\\\/secure.gravatar.com\\\/avatar\\\/b1c2f9d3588e34e91adb093635df64ef4b2381991216be7576466cfcdca4baf3?s=96&d=mm&r=g\",\"url\":\"https:\\\/\\\/secure.gravatar.com\\\/avatar\\\/b1c2f9d3588e34e91adb093635df64ef4b2381991216be7576466cfcdca4baf3?s=96&d=mm&r=g\",\"contentUrl\":\"https:\\\/\\\/secure.gravatar.com\\\/avatar\\\/b1c2f9d3588e34e91adb093635df64ef4b2381991216be7576466cfcdca4baf3?s=96&d=mm&r=g\",\"caption\":\"Carlos Poulain\"},\"url\":\"https:\\\/\\\/www.accidentdutravail-idf.net\\\/blog\\\/author\\\/idfcarlos\\\/\"}]}<\/script>\n<!-- \/ Yoast SEO plugin. -->","yoast_head_json":{"title":"Invalidit\u00e9 du salari\u00e9 : la visite de reprise peut s'imposer m\u00eame si le salari\u00e9 est encore en arr\u00eat maladie - ACCIDENTDUTRAVAIL-IDF","description":"Invalidit\u00e9 du salari\u00e9 : la visite de reprise peut s'imposer m\u00eame si le salari\u00e9 est encore en arr\u00eat maladie article de ACCIDENTDUTRAVAIL-IDF","robots":{"index":"index","follow":"follow","max-snippet":"max-snippet:-1","max-image-preview":"max-image-preview:large","max-video-preview":"max-video-preview:-1"},"canonical":"https:\/\/www.accidentdutravail-idf.net\/blog\/invalidite-du-salarie-la-visite-de-reprise-peut-simposer-meme-si-le-salarie-est-encore-en-arret-maladie\/","og_locale":"fr_FR","og_type":"article","og_title":"Invalidit\u00e9 du salari\u00e9 : la visite de reprise peut s'imposer m\u00eame si le salari\u00e9 est encore en arr\u00eat maladie - ACCIDENTDUTRAVAIL-IDF","og_description":"Invalidit\u00e9 du salari\u00e9 : la visite de reprise peut s'imposer m\u00eame si le salari\u00e9 est encore en arr\u00eat maladie article de ACCIDENTDUTRAVAIL-IDF","og_url":"https:\/\/www.accidentdutravail-idf.net\/blog\/invalidite-du-salarie-la-visite-de-reprise-peut-simposer-meme-si-le-salarie-est-encore-en-arret-maladie\/","og_site_name":"ACCIDENTDUTRAVAIL-IDF","article_published_time":"2025-01-10T06:59:00+00:00","og_image":[{"url":"https:\/\/www.accidentdutravail-idf.net\/blog\/wp-content\/uploads\/2025\/01\/invalidite-du-salarie-la-visite-de-reprise-peut-simposer-meme-si-le-salarie-est-encore-en-arret-maladie.jpg","type":"","width":"","height":""}],"author":"Carlos Poulain","twitter_card":"summary_large_image","twitter_misc":{"\u00c9crit par":"Carlos Poulain","Dur\u00e9e de lecture estim\u00e9e":"4 minutes"},"schema":{"@context":"https:\/\/schema.org","@graph":[{"@type":"Article","@id":"https:\/\/www.accidentdutravail-idf.net\/blog\/invalidite-du-salarie-la-visite-de-reprise-peut-simposer-meme-si-le-salarie-est-encore-en-arret-maladie\/#article","isPartOf":{"@id":"https:\/\/www.accidentdutravail-idf.net\/blog\/invalidite-du-salarie-la-visite-de-reprise-peut-simposer-meme-si-le-salarie-est-encore-en-arret-maladie\/"},"author":{"name":"Carlos Poulain","@id":"https:\/\/www.accidentdutravail-idf.net\/blog\/#\/schema\/person\/3255d2f970de45e64bd9201f38e7b947"},"headline":"Invalidit\u00e9 du salari\u00e9 : la visite de reprise peut s&rsquo;imposer m\u00eame si le salari\u00e9 est encore en arr\u00eat maladie","datePublished":"2025-01-10T06:59:00+00:00","mainEntityOfPage":{"@id":"https:\/\/www.accidentdutravail-idf.net\/blog\/invalidite-du-salarie-la-visite-de-reprise-peut-simposer-meme-si-le-salarie-est-encore-en-arret-maladie\/"},"wordCount":883,"publisher":{"@id":"https:\/\/www.accidentdutravail-idf.net\/blog\/#organization"},"image":{"@id":"https:\/\/www.accidentdutravail-idf.net\/blog\/invalidite-du-salarie-la-visite-de-reprise-peut-simposer-meme-si-le-salarie-est-encore-en-arret-maladie\/#primaryimage"},"thumbnailUrl":"https:\/\/www.accidentdutravail-idf.net\/blog\/wp-content\/uploads\/2025\/01\/invalidite-du-salarie-la-visite-de-reprise-peut-simposer-meme-si-le-salarie-est-encore-en-arret-maladie.jpg","articleSection":["S\u00e9curit\u00e9 Du Travail En Ile-De-France Et Divers:"],"inLanguage":"fr-FR"},{"@type":"WebPage","@id":"https:\/\/www.accidentdutravail-idf.net\/blog\/invalidite-du-salarie-la-visite-de-reprise-peut-simposer-meme-si-le-salarie-est-encore-en-arret-maladie\/","url":"https:\/\/www.accidentdutravail-idf.net\/blog\/invalidite-du-salarie-la-visite-de-reprise-peut-simposer-meme-si-le-salarie-est-encore-en-arret-maladie\/","name":"Invalidit\u00e9 du salari\u00e9 : la visite de reprise peut s'imposer m\u00eame si le salari\u00e9 est encore en arr\u00eat maladie - ACCIDENTDUTRAVAIL-IDF","isPartOf":{"@id":"https:\/\/www.accidentdutravail-idf.net\/blog\/#website"},"primaryImageOfPage":{"@id":"https:\/\/www.accidentdutravail-idf.net\/blog\/invalidite-du-salarie-la-visite-de-reprise-peut-simposer-meme-si-le-salarie-est-encore-en-arret-maladie\/#primaryimage"},"image":{"@id":"https:\/\/www.accidentdutravail-idf.net\/blog\/invalidite-du-salarie-la-visite-de-reprise-peut-simposer-meme-si-le-salarie-est-encore-en-arret-maladie\/#primaryimage"},"thumbnailUrl":"https:\/\/www.accidentdutravail-idf.net\/blog\/wp-content\/uploads\/2025\/01\/invalidite-du-salarie-la-visite-de-reprise-peut-simposer-meme-si-le-salarie-est-encore-en-arret-maladie.jpg","datePublished":"2025-01-10T06:59:00+00:00","description":"Invalidit\u00e9 du salari\u00e9 : la visite de reprise peut s'imposer m\u00eame si le salari\u00e9 est encore en arr\u00eat maladie article de ACCIDENTDUTRAVAIL-IDF","breadcrumb":{"@id":"https:\/\/www.accidentdutravail-idf.net\/blog\/invalidite-du-salarie-la-visite-de-reprise-peut-simposer-meme-si-le-salarie-est-encore-en-arret-maladie\/#breadcrumb"},"inLanguage":"fr-FR","potentialAction":[{"@type":"ReadAction","target":["https:\/\/www.accidentdutravail-idf.net\/blog\/invalidite-du-salarie-la-visite-de-reprise-peut-simposer-meme-si-le-salarie-est-encore-en-arret-maladie\/"]}]},{"@type":"ImageObject","inLanguage":"fr-FR","@id":"https:\/\/www.accidentdutravail-idf.net\/blog\/invalidite-du-salarie-la-visite-de-reprise-peut-simposer-meme-si-le-salarie-est-encore-en-arret-maladie\/#primaryimage","url":"https:\/\/www.accidentdutravail-idf.net\/blog\/wp-content\/uploads\/2025\/01\/invalidite-du-salarie-la-visite-de-reprise-peut-simposer-meme-si-le-salarie-est-encore-en-arret-maladie.jpg","contentUrl":"https:\/\/www.accidentdutravail-idf.net\/blog\/wp-content\/uploads\/2025\/01\/invalidite-du-salarie-la-visite-de-reprise-peut-simposer-meme-si-le-salarie-est-encore-en-arret-maladie.jpg"},{"@type":"BreadcrumbList","@id":"https:\/\/www.accidentdutravail-idf.net\/blog\/invalidite-du-salarie-la-visite-de-reprise-peut-simposer-meme-si-le-salarie-est-encore-en-arret-maladie\/#breadcrumb","itemListElement":[{"@type":"ListItem","position":1,"name":"Accueil","item":"https:\/\/www.accidentdutravail-idf.net\/blog\/"},{"@type":"ListItem","position":2,"name":"Invalidit\u00e9 du salari\u00e9 : la visite de reprise peut s&rsquo;imposer m\u00eame si le salari\u00e9 est encore en arr\u00eat maladie"}]},{"@type":"WebSite","@id":"https:\/\/www.accidentdutravail-idf.net\/blog\/#website","url":"https:\/\/www.accidentdutravail-idf.net\/blog\/","name":"ACCIDENTDUTRAVAIL-IDF","description":"Portail accidents du travail-maladies professionnelles des entreprises d&#039;Ile-de-France","publisher":{"@id":"https:\/\/www.accidentdutravail-idf.net\/blog\/#organization"},"potentialAction":[{"@type":"SearchAction","target":{"@type":"EntryPoint","urlTemplate":"https:\/\/www.accidentdutravail-idf.net\/blog\/?s={search_term_string}"},"query-input":{"@type":"PropertyValueSpecification","valueRequired":true,"valueName":"search_term_string"}}],"inLanguage":"fr-FR"},{"@type":"Organization","@id":"https:\/\/www.accidentdutravail-idf.net\/blog\/#organization","name":"accidentdutravail-idf","url":"https:\/\/www.accidentdutravail-idf.net\/blog\/","logo":{"@type":"ImageObject","inLanguage":"fr-FR","@id":"https:\/\/www.accidentdutravail-idf.net\/blog\/#\/schema\/logo\/image\/","url":"https:\/\/www.accidentdutravail-idf.net\/blog\/wp-content\/uploads\/2022\/09\/logo-2.png","contentUrl":"https:\/\/www.accidentdutravail-idf.net\/blog\/wp-content\/uploads\/2022\/09\/logo-2.png","width":380,"height":291,"caption":"accidentdutravail-idf"},"image":{"@id":"https:\/\/www.accidentdutravail-idf.net\/blog\/#\/schema\/logo\/image\/"}},{"@type":"Person","@id":"https:\/\/www.accidentdutravail-idf.net\/blog\/#\/schema\/person\/3255d2f970de45e64bd9201f38e7b947","name":"Carlos Poulain","image":{"@type":"ImageObject","inLanguage":"fr-FR","@id":"https:\/\/secure.gravatar.com\/avatar\/b1c2f9d3588e34e91adb093635df64ef4b2381991216be7576466cfcdca4baf3?s=96&d=mm&r=g","url":"https:\/\/secure.gravatar.com\/avatar\/b1c2f9d3588e34e91adb093635df64ef4b2381991216be7576466cfcdca4baf3?s=96&d=mm&r=g","contentUrl":"https:\/\/secure.gravatar.com\/avatar\/b1c2f9d3588e34e91adb093635df64ef4b2381991216be7576466cfcdca4baf3?s=96&d=mm&r=g","caption":"Carlos Poulain"},"url":"https:\/\/www.accidentdutravail-idf.net\/blog\/author\/idfcarlos\/"}]}},"_links":{"self":[{"href":"https:\/\/www.accidentdutravail-idf.net\/blog\/wp-json\/wp\/v2\/posts\/1166","targetHints":{"allow":["GET"]}}],"collection":[{"href":"https:\/\/www.accidentdutravail-idf.net\/blog\/wp-json\/wp\/v2\/posts"}],"about":[{"href":"https:\/\/www.accidentdutravail-idf.net\/blog\/wp-json\/wp\/v2\/types\/post"}],"author":[{"embeddable":true,"href":"https:\/\/www.accidentdutravail-idf.net\/blog\/wp-json\/wp\/v2\/users\/2"}],"replies":[{"embeddable":true,"href":"https:\/\/www.accidentdutravail-idf.net\/blog\/wp-json\/wp\/v2\/comments?post=1166"}],"version-history":[{"count":0,"href":"https:\/\/www.accidentdutravail-idf.net\/blog\/wp-json\/wp\/v2\/posts\/1166\/revisions"}],"wp:attachment":[{"href":"https:\/\/www.accidentdutravail-idf.net\/blog\/wp-json\/wp\/v2\/media?parent=1166"}],"wp:term":[{"taxonomy":"category","embeddable":true,"href":"https:\/\/www.accidentdutravail-idf.net\/blog\/wp-json\/wp\/v2\/categories?post=1166"},{"taxonomy":"post_tag","embeddable":true,"href":"https:\/\/www.accidentdutravail-idf.net\/blog\/wp-json\/wp\/v2\/tags?post=1166"}],"curies":[{"name":"wp","href":"https:\/\/api.w.org\/{rel}","templated":true}]}}