{"id":1162,"date":"2025-01-09T05:28:00","date_gmt":"2025-01-09T04:28:00","guid":{"rendered":"https:\/\/www.accidentdutravail-idf.net\/blog\/accident-mortel-sur-un-chantier-a-brest-lentreprise-condamnee-a-150-000-euros-damende\/"},"modified":"2025-01-09T05:28:00","modified_gmt":"2025-01-09T04:28:00","slug":"accident-mortel-sur-un-chantier-a-brest-lentreprise-condamnee-a-150-000-euros-damende","status":"publish","type":"post","link":"https:\/\/www.accidentdutravail-idf.net\/blog\/accident-mortel-sur-un-chantier-a-brest-lentreprise-condamnee-a-150-000-euros-damende\/","title":{"rendered":"Accident mortel sur un chantier \u00e0 Brest : l\u2019entreprise condamn\u00e9e \u00e0 150 000 euros d\u2019amende"},"content":{"rendered":"<div><img decoding=\"async\" src=\"https:\/\/www.accidentdutravail-idf.net\/blog\/wp-content\/uploads\/2025\/01\/accident-mortel-sur-un-chantier-a-brest-lentreprise-condamnee-a-150-000-euros-damende.jpg\" class=\"ff-og-image-inserted\"><\/div>\n<div>\n<p>Le tribunal judiciaire de Brest a rendu, ce jeudi 9 janvier 2025, son d\u00e9lib\u00e9r\u00e9 dans le dossier de l\u2019accident du travail mortel survenu sur un chantier situ\u00e9 zone de l\u2019Hermitage, \u00e0 Brest, le 15 avril 2022. Un <a href=\"https:\/\/www.letelegramme.fr\/faits-divers\/une-dalle-de-beton-s-effondre-a-brest-un-mort-et-quatre-blesses-video-237593.php\" target=\"_blank\" rel=\"nofollow\">ouvrier de 54 ans avait \u00e9t\u00e9 tu\u00e9<\/a> par la chute d\u2019une dalle de b\u00e9ton, et quatre ouvriers bless\u00e9s, sur un chantier dont les manquements en mati\u00e8re de s\u00e9curit\u00e9 avaient \u00e9t\u00e9 point\u00e9s par l\u2019Inspection du travail, une dizaine de jours avant le drame.<\/p>\n<\/div>\n<div aria-hidden=\"true\">\n<p>Le tribunal n\u2019a pas suivi <a href=\"https:\/\/www.letelegramme.fr\/finistere\/ouvrier-ecrase-sous-une-dalle-de-beton-a-brest-150-000-euros-damende-requis-contre-le-patron-de-lentreprise-6693617.phphttps:\/\/www.letelegramme.fr\/faits-divers\/une-dalle-de-beton-s-effondre-a-brest-un-mort-et-quatre-blesses-video-237593.php\" target=\"_blank\" rel=\"nofollow\">les r\u00e9quisitions du minist\u00e8re public<\/a>, qui demandait une peine d\u2019un an d\u2019emprisonnement avec sursis \u00e0 l\u2019encontre du g\u00e9rant de la soci\u00e9t\u00e9 Soares, l\u2019employeur de l\u2019ouvrier d\u00e9c\u00e9d\u00e9&nbsp;: reconnu coupable d\u2019homicide involontaire, il \u00e9cope d\u2019une simple amende de 1 000 euros avec sursis et de sept amendes contraventionnelles pour un montant total de 3&nbsp;500 euros.<\/p>\n<p>La soci\u00e9t\u00e9 SARL Soares est, elle, condamn\u00e9e \u00e0 200&nbsp;000 euros d\u2019amende, dont 50&nbsp;000 avec sursis, pour homicide involontaire, ainsi qu\u2019\u00e0 un total de 10&nbsp;000 euros d\u2019amendes contraventionnelles. Quant au chef de chantier, il est condamn\u00e9 \u00e0 une peine de six mois d\u2019emprisonnement avec sursis et 500 euros d\u2019amende.<\/p>\n<\/div>\n<p>accidentdutravail-idf.net vous a pr\u00e9par\u00e9 ce post qui informe du sujet \u00ab\u00a0Association Sportive Huisson-Longueville Essonne\u00a0\u00bb. La chronique se veut g\u00e9n\u00e9r\u00e9e du mieux possible. Vous pouvez utiliser les coordonn\u00e9es indiqu\u00e9es sur le site dans le but d\u2019apporter des explications sur ce post qui parle du th\u00e8me \u00ab\u00a0Association Sportive Huisson-Longueville Essonne\u00a0\u00bb. Le site accidentdutravail-idf.net a pour but de fournir diverses publications sur la th\u00e9matique Association Sportive Huisson-Longueville Essonne diffus\u00e9es sur le net. Il y aura plusieurs articles autour du sujet \u00ab\u00a0Association Sportive Huisson-Longueville Essonne\u00a0\u00bb dans quelques jours, nous vous invitons \u00e0 naviguer sur notre site web \u00e0 plusieurs reprises.<\/p>\n","protected":false},"excerpt":{"rendered":"<p>Le tribunal judiciaire de Brest a rendu, ce jeudi 9 janvier 2025, son d\u00e9lib\u00e9r\u00e9 dans le dossier de l\u2019accident du travail mortel survenu sur un chantier situ\u00e9 zone de l\u2019Hermitage, \u00e0 Brest, le 15 avril 2022. Un ouvrier de 54 ans avait \u00e9t\u00e9 tu\u00e9 par la chute d\u2019une dalle de b\u00e9ton, et quatre ouvriers bless\u00e9s, &hellip; <\/p>\n<p class=\"link-more\"><a href=\"https:\/\/www.accidentdutravail-idf.net\/blog\/accident-mortel-sur-un-chantier-a-brest-lentreprise-condamnee-a-150-000-euros-damende\/\" class=\"more-link\">Continuer la lecture <span class=\"screen-reader-text\"> \u00ab\u00a0Accident mortel sur un chantier \u00e0 Brest : l\u2019entreprise condamn\u00e9e \u00e0 150 000 euros d\u2019amende\u00a0\u00bb<\/span><\/a><\/p>\n","protected":false},"author":2,"featured_media":0,"comment_status":"closed","ping_status":"closed","sticky":false,"template":"","format":"standard","meta":{"footnotes":""},"categories":[5],"tags":[],"class_list":["post-1162","post","type-post","status-publish","format-standard","hentry","category-securite-du-travail-en-ile-de-france-et-divers","entry"],"yoast_head":"<!-- This site is optimized with the Yoast SEO plugin v27.5 - https:\/\/yoast.com\/product\/yoast-seo-wordpress\/ -->\n<title>Accident mortel sur un chantier \u00e0 Brest : l\u2019entreprise condamn\u00e9e \u00e0 150 000 euros d\u2019amende - ACCIDENTDUTRAVAIL-IDF<\/title>\n<meta name=\"description\" content=\"Accident mortel sur un chantier \u00e0 Brest : l\u2019entreprise condamn\u00e9e \u00e0 150 000 euros d\u2019amende article de ACCIDENTDUTRAVAIL-IDF\" \/>\n<meta name=\"robots\" content=\"index, follow, max-snippet:-1, max-image-preview:large, max-video-preview:-1\" \/>\n<link rel=\"canonical\" href=\"https:\/\/www.accidentdutravail-idf.net\/blog\/accident-mortel-sur-un-chantier-a-brest-lentreprise-condamnee-a-150-000-euros-damende\/\" \/>\n<meta property=\"og:locale\" content=\"fr_FR\" \/>\n<meta property=\"og:type\" content=\"article\" \/>\n<meta property=\"og:title\" content=\"Accident mortel sur un chantier \u00e0 Brest : l\u2019entreprise condamn\u00e9e \u00e0 150 000 euros d\u2019amende - ACCIDENTDUTRAVAIL-IDF\" \/>\n<meta property=\"og:description\" content=\"Accident mortel sur un chantier \u00e0 Brest : l\u2019entreprise condamn\u00e9e \u00e0 150 000 euros d\u2019amende article de ACCIDENTDUTRAVAIL-IDF\" \/>\n<meta property=\"og:url\" content=\"https:\/\/www.accidentdutravail-idf.net\/blog\/accident-mortel-sur-un-chantier-a-brest-lentreprise-condamnee-a-150-000-euros-damende\/\" \/>\n<meta property=\"og:site_name\" content=\"ACCIDENTDUTRAVAIL-IDF\" \/>\n<meta property=\"article:published_time\" content=\"2025-01-09T04:28:00+00:00\" \/>\n<meta property=\"og:image\" content=\"https:\/\/www.accidentdutravail-idf.net\/blog\/wp-content\/uploads\/2025\/01\/accident-mortel-sur-un-chantier-a-brest-lentreprise-condamnee-a-150-000-euros-damende.jpg\" \/>\n<meta name=\"author\" content=\"Carlos Poulain\" \/>\n<meta name=\"twitter:card\" content=\"summary_large_image\" \/>\n<meta name=\"twitter:label1\" content=\"\u00c9crit par\" \/>\n\t<meta name=\"twitter:data1\" content=\"Carlos Poulain\" \/>\n\t<meta name=\"twitter:label2\" content=\"Dur\u00e9e de lecture estim\u00e9e\" \/>\n\t<meta name=\"twitter:data2\" content=\"2 minutes\" \/>\n<script type=\"application\/ld+json\" class=\"yoast-schema-graph\">{\"@context\":\"https:\\\/\\\/schema.org\",\"@graph\":[{\"@type\":\"Article\",\"@id\":\"https:\\\/\\\/www.accidentdutravail-idf.net\\\/blog\\\/accident-mortel-sur-un-chantier-a-brest-lentreprise-condamnee-a-150-000-euros-damende\\\/#article\",\"isPartOf\":{\"@id\":\"https:\\\/\\\/www.accidentdutravail-idf.net\\\/blog\\\/accident-mortel-sur-un-chantier-a-brest-lentreprise-condamnee-a-150-000-euros-damende\\\/\"},\"author\":{\"name\":\"Carlos Poulain\",\"@id\":\"https:\\\/\\\/www.accidentdutravail-idf.net\\\/blog\\\/#\\\/schema\\\/person\\\/3255d2f970de45e64bd9201f38e7b947\"},\"headline\":\"Accident mortel sur un chantier \u00e0 Brest : l\u2019entreprise condamn\u00e9e \u00e0 150 000 euros d\u2019amende\",\"datePublished\":\"2025-01-09T04:28:00+00:00\",\"mainEntityOfPage\":{\"@id\":\"https:\\\/\\\/www.accidentdutravail-idf.net\\\/blog\\\/accident-mortel-sur-un-chantier-a-brest-lentreprise-condamnee-a-150-000-euros-damende\\\/\"},\"wordCount\":324,\"publisher\":{\"@id\":\"https:\\\/\\\/www.accidentdutravail-idf.net\\\/blog\\\/#organization\"},\"image\":{\"@id\":\"https:\\\/\\\/www.accidentdutravail-idf.net\\\/blog\\\/accident-mortel-sur-un-chantier-a-brest-lentreprise-condamnee-a-150-000-euros-damende\\\/#primaryimage\"},\"thumbnailUrl\":\"https:\\\/\\\/www.accidentdutravail-idf.net\\\/blog\\\/wp-content\\\/uploads\\\/2025\\\/01\\\/accident-mortel-sur-un-chantier-a-brest-lentreprise-condamnee-a-150-000-euros-damende.jpg\",\"articleSection\":[\"S\u00e9curit\u00e9 Du Travail En Ile-De-France Et Divers:\"],\"inLanguage\":\"fr-FR\"},{\"@type\":\"WebPage\",\"@id\":\"https:\\\/\\\/www.accidentdutravail-idf.net\\\/blog\\\/accident-mortel-sur-un-chantier-a-brest-lentreprise-condamnee-a-150-000-euros-damende\\\/\",\"url\":\"https:\\\/\\\/www.accidentdutravail-idf.net\\\/blog\\\/accident-mortel-sur-un-chantier-a-brest-lentreprise-condamnee-a-150-000-euros-damende\\\/\",\"name\":\"Accident mortel sur un chantier \u00e0 Brest : l\u2019entreprise condamn\u00e9e \u00e0 150 000 euros d\u2019amende - ACCIDENTDUTRAVAIL-IDF\",\"isPartOf\":{\"@id\":\"https:\\\/\\\/www.accidentdutravail-idf.net\\\/blog\\\/#website\"},\"primaryImageOfPage\":{\"@id\":\"https:\\\/\\\/www.accidentdutravail-idf.net\\\/blog\\\/accident-mortel-sur-un-chantier-a-brest-lentreprise-condamnee-a-150-000-euros-damende\\\/#primaryimage\"},\"image\":{\"@id\":\"https:\\\/\\\/www.accidentdutravail-idf.net\\\/blog\\\/accident-mortel-sur-un-chantier-a-brest-lentreprise-condamnee-a-150-000-euros-damende\\\/#primaryimage\"},\"thumbnailUrl\":\"https:\\\/\\\/www.accidentdutravail-idf.net\\\/blog\\\/wp-content\\\/uploads\\\/2025\\\/01\\\/accident-mortel-sur-un-chantier-a-brest-lentreprise-condamnee-a-150-000-euros-damende.jpg\",\"datePublished\":\"2025-01-09T04:28:00+00:00\",\"description\":\"Accident mortel sur un chantier \u00e0 Brest : l\u2019entreprise condamn\u00e9e \u00e0 150 000 euros d\u2019amende article de ACCIDENTDUTRAVAIL-IDF\",\"breadcrumb\":{\"@id\":\"https:\\\/\\\/www.accidentdutravail-idf.net\\\/blog\\\/accident-mortel-sur-un-chantier-a-brest-lentreprise-condamnee-a-150-000-euros-damende\\\/#breadcrumb\"},\"inLanguage\":\"fr-FR\",\"potentialAction\":[{\"@type\":\"ReadAction\",\"target\":[\"https:\\\/\\\/www.accidentdutravail-idf.net\\\/blog\\\/accident-mortel-sur-un-chantier-a-brest-lentreprise-condamnee-a-150-000-euros-damende\\\/\"]}]},{\"@type\":\"ImageObject\",\"inLanguage\":\"fr-FR\",\"@id\":\"https:\\\/\\\/www.accidentdutravail-idf.net\\\/blog\\\/accident-mortel-sur-un-chantier-a-brest-lentreprise-condamnee-a-150-000-euros-damende\\\/#primaryimage\",\"url\":\"https:\\\/\\\/www.accidentdutravail-idf.net\\\/blog\\\/wp-content\\\/uploads\\\/2025\\\/01\\\/accident-mortel-sur-un-chantier-a-brest-lentreprise-condamnee-a-150-000-euros-damende.jpg\",\"contentUrl\":\"https:\\\/\\\/www.accidentdutravail-idf.net\\\/blog\\\/wp-content\\\/uploads\\\/2025\\\/01\\\/accident-mortel-sur-un-chantier-a-brest-lentreprise-condamnee-a-150-000-euros-damende.jpg\"},{\"@type\":\"BreadcrumbList\",\"@id\":\"https:\\\/\\\/www.accidentdutravail-idf.net\\\/blog\\\/accident-mortel-sur-un-chantier-a-brest-lentreprise-condamnee-a-150-000-euros-damende\\\/#breadcrumb\",\"itemListElement\":[{\"@type\":\"ListItem\",\"position\":1,\"name\":\"Accueil\",\"item\":\"https:\\\/\\\/www.accidentdutravail-idf.net\\\/blog\\\/\"},{\"@type\":\"ListItem\",\"position\":2,\"name\":\"Accident mortel sur un chantier \u00e0 Brest : l\u2019entreprise condamn\u00e9e \u00e0 150 000 euros d\u2019amende\"}]},{\"@type\":\"WebSite\",\"@id\":\"https:\\\/\\\/www.accidentdutravail-idf.net\\\/blog\\\/#website\",\"url\":\"https:\\\/\\\/www.accidentdutravail-idf.net\\\/blog\\\/\",\"name\":\"ACCIDENTDUTRAVAIL-IDF\",\"description\":\"Portail accidents du travail-maladies professionnelles des entreprises d&#039;Ile-de-France\",\"publisher\":{\"@id\":\"https:\\\/\\\/www.accidentdutravail-idf.net\\\/blog\\\/#organization\"},\"potentialAction\":[{\"@type\":\"SearchAction\",\"target\":{\"@type\":\"EntryPoint\",\"urlTemplate\":\"https:\\\/\\\/www.accidentdutravail-idf.net\\\/blog\\\/?s={search_term_string}\"},\"query-input\":{\"@type\":\"PropertyValueSpecification\",\"valueRequired\":true,\"valueName\":\"search_term_string\"}}],\"inLanguage\":\"fr-FR\"},{\"@type\":\"Organization\",\"@id\":\"https:\\\/\\\/www.accidentdutravail-idf.net\\\/blog\\\/#organization\",\"name\":\"accidentdutravail-idf\",\"url\":\"https:\\\/\\\/www.accidentdutravail-idf.net\\\/blog\\\/\",\"logo\":{\"@type\":\"ImageObject\",\"inLanguage\":\"fr-FR\",\"@id\":\"https:\\\/\\\/www.accidentdutravail-idf.net\\\/blog\\\/#\\\/schema\\\/logo\\\/image\\\/\",\"url\":\"https:\\\/\\\/www.accidentdutravail-idf.net\\\/blog\\\/wp-content\\\/uploads\\\/2022\\\/09\\\/logo-2.png\",\"contentUrl\":\"https:\\\/\\\/www.accidentdutravail-idf.net\\\/blog\\\/wp-content\\\/uploads\\\/2022\\\/09\\\/logo-2.png\",\"width\":380,\"height\":291,\"caption\":\"accidentdutravail-idf\"},\"image\":{\"@id\":\"https:\\\/\\\/www.accidentdutravail-idf.net\\\/blog\\\/#\\\/schema\\\/logo\\\/image\\\/\"}},{\"@type\":\"Person\",\"@id\":\"https:\\\/\\\/www.accidentdutravail-idf.net\\\/blog\\\/#\\\/schema\\\/person\\\/3255d2f970de45e64bd9201f38e7b947\",\"name\":\"Carlos Poulain\",\"image\":{\"@type\":\"ImageObject\",\"inLanguage\":\"fr-FR\",\"@id\":\"https:\\\/\\\/secure.gravatar.com\\\/avatar\\\/b1c2f9d3588e34e91adb093635df64ef4b2381991216be7576466cfcdca4baf3?s=96&d=mm&r=g\",\"url\":\"https:\\\/\\\/secure.gravatar.com\\\/avatar\\\/b1c2f9d3588e34e91adb093635df64ef4b2381991216be7576466cfcdca4baf3?s=96&d=mm&r=g\",\"contentUrl\":\"https:\\\/\\\/secure.gravatar.com\\\/avatar\\\/b1c2f9d3588e34e91adb093635df64ef4b2381991216be7576466cfcdca4baf3?s=96&d=mm&r=g\",\"caption\":\"Carlos Poulain\"},\"url\":\"https:\\\/\\\/www.accidentdutravail-idf.net\\\/blog\\\/author\\\/idfcarlos\\\/\"}]}<\/script>\n<!-- \/ Yoast SEO plugin. -->","yoast_head_json":{"title":"Accident mortel sur un chantier \u00e0 Brest : l\u2019entreprise condamn\u00e9e \u00e0 150 000 euros d\u2019amende - ACCIDENTDUTRAVAIL-IDF","description":"Accident mortel sur un chantier \u00e0 Brest : l\u2019entreprise condamn\u00e9e \u00e0 150 000 euros d\u2019amende article de ACCIDENTDUTRAVAIL-IDF","robots":{"index":"index","follow":"follow","max-snippet":"max-snippet:-1","max-image-preview":"max-image-preview:large","max-video-preview":"max-video-preview:-1"},"canonical":"https:\/\/www.accidentdutravail-idf.net\/blog\/accident-mortel-sur-un-chantier-a-brest-lentreprise-condamnee-a-150-000-euros-damende\/","og_locale":"fr_FR","og_type":"article","og_title":"Accident mortel sur un chantier \u00e0 Brest : l\u2019entreprise condamn\u00e9e \u00e0 150 000 euros d\u2019amende - ACCIDENTDUTRAVAIL-IDF","og_description":"Accident mortel sur un chantier \u00e0 Brest : l\u2019entreprise condamn\u00e9e \u00e0 150 000 euros d\u2019amende article de ACCIDENTDUTRAVAIL-IDF","og_url":"https:\/\/www.accidentdutravail-idf.net\/blog\/accident-mortel-sur-un-chantier-a-brest-lentreprise-condamnee-a-150-000-euros-damende\/","og_site_name":"ACCIDENTDUTRAVAIL-IDF","article_published_time":"2025-01-09T04:28:00+00:00","og_image":[{"url":"https:\/\/www.accidentdutravail-idf.net\/blog\/wp-content\/uploads\/2025\/01\/accident-mortel-sur-un-chantier-a-brest-lentreprise-condamnee-a-150-000-euros-damende.jpg","type":"","width":"","height":""}],"author":"Carlos Poulain","twitter_card":"summary_large_image","twitter_misc":{"\u00c9crit par":"Carlos Poulain","Dur\u00e9e de lecture estim\u00e9e":"2 minutes"},"schema":{"@context":"https:\/\/schema.org","@graph":[{"@type":"Article","@id":"https:\/\/www.accidentdutravail-idf.net\/blog\/accident-mortel-sur-un-chantier-a-brest-lentreprise-condamnee-a-150-000-euros-damende\/#article","isPartOf":{"@id":"https:\/\/www.accidentdutravail-idf.net\/blog\/accident-mortel-sur-un-chantier-a-brest-lentreprise-condamnee-a-150-000-euros-damende\/"},"author":{"name":"Carlos Poulain","@id":"https:\/\/www.accidentdutravail-idf.net\/blog\/#\/schema\/person\/3255d2f970de45e64bd9201f38e7b947"},"headline":"Accident mortel sur un chantier \u00e0 Brest : l\u2019entreprise condamn\u00e9e \u00e0 150 000 euros d\u2019amende","datePublished":"2025-01-09T04:28:00+00:00","mainEntityOfPage":{"@id":"https:\/\/www.accidentdutravail-idf.net\/blog\/accident-mortel-sur-un-chantier-a-brest-lentreprise-condamnee-a-150-000-euros-damende\/"},"wordCount":324,"publisher":{"@id":"https:\/\/www.accidentdutravail-idf.net\/blog\/#organization"},"image":{"@id":"https:\/\/www.accidentdutravail-idf.net\/blog\/accident-mortel-sur-un-chantier-a-brest-lentreprise-condamnee-a-150-000-euros-damende\/#primaryimage"},"thumbnailUrl":"https:\/\/www.accidentdutravail-idf.net\/blog\/wp-content\/uploads\/2025\/01\/accident-mortel-sur-un-chantier-a-brest-lentreprise-condamnee-a-150-000-euros-damende.jpg","articleSection":["S\u00e9curit\u00e9 Du Travail En Ile-De-France Et Divers:"],"inLanguage":"fr-FR"},{"@type":"WebPage","@id":"https:\/\/www.accidentdutravail-idf.net\/blog\/accident-mortel-sur-un-chantier-a-brest-lentreprise-condamnee-a-150-000-euros-damende\/","url":"https:\/\/www.accidentdutravail-idf.net\/blog\/accident-mortel-sur-un-chantier-a-brest-lentreprise-condamnee-a-150-000-euros-damende\/","name":"Accident mortel sur un chantier \u00e0 Brest : l\u2019entreprise condamn\u00e9e \u00e0 150 000 euros d\u2019amende - ACCIDENTDUTRAVAIL-IDF","isPartOf":{"@id":"https:\/\/www.accidentdutravail-idf.net\/blog\/#website"},"primaryImageOfPage":{"@id":"https:\/\/www.accidentdutravail-idf.net\/blog\/accident-mortel-sur-un-chantier-a-brest-lentreprise-condamnee-a-150-000-euros-damende\/#primaryimage"},"image":{"@id":"https:\/\/www.accidentdutravail-idf.net\/blog\/accident-mortel-sur-un-chantier-a-brest-lentreprise-condamnee-a-150-000-euros-damende\/#primaryimage"},"thumbnailUrl":"https:\/\/www.accidentdutravail-idf.net\/blog\/wp-content\/uploads\/2025\/01\/accident-mortel-sur-un-chantier-a-brest-lentreprise-condamnee-a-150-000-euros-damende.jpg","datePublished":"2025-01-09T04:28:00+00:00","description":"Accident mortel sur un chantier \u00e0 Brest : l\u2019entreprise condamn\u00e9e \u00e0 150 000 euros d\u2019amende article de ACCIDENTDUTRAVAIL-IDF","breadcrumb":{"@id":"https:\/\/www.accidentdutravail-idf.net\/blog\/accident-mortel-sur-un-chantier-a-brest-lentreprise-condamnee-a-150-000-euros-damende\/#breadcrumb"},"inLanguage":"fr-FR","potentialAction":[{"@type":"ReadAction","target":["https:\/\/www.accidentdutravail-idf.net\/blog\/accident-mortel-sur-un-chantier-a-brest-lentreprise-condamnee-a-150-000-euros-damende\/"]}]},{"@type":"ImageObject","inLanguage":"fr-FR","@id":"https:\/\/www.accidentdutravail-idf.net\/blog\/accident-mortel-sur-un-chantier-a-brest-lentreprise-condamnee-a-150-000-euros-damende\/#primaryimage","url":"https:\/\/www.accidentdutravail-idf.net\/blog\/wp-content\/uploads\/2025\/01\/accident-mortel-sur-un-chantier-a-brest-lentreprise-condamnee-a-150-000-euros-damende.jpg","contentUrl":"https:\/\/www.accidentdutravail-idf.net\/blog\/wp-content\/uploads\/2025\/01\/accident-mortel-sur-un-chantier-a-brest-lentreprise-condamnee-a-150-000-euros-damende.jpg"},{"@type":"BreadcrumbList","@id":"https:\/\/www.accidentdutravail-idf.net\/blog\/accident-mortel-sur-un-chantier-a-brest-lentreprise-condamnee-a-150-000-euros-damende\/#breadcrumb","itemListElement":[{"@type":"ListItem","position":1,"name":"Accueil","item":"https:\/\/www.accidentdutravail-idf.net\/blog\/"},{"@type":"ListItem","position":2,"name":"Accident mortel sur un chantier \u00e0 Brest : l\u2019entreprise condamn\u00e9e \u00e0 150 000 euros d\u2019amende"}]},{"@type":"WebSite","@id":"https:\/\/www.accidentdutravail-idf.net\/blog\/#website","url":"https:\/\/www.accidentdutravail-idf.net\/blog\/","name":"ACCIDENTDUTRAVAIL-IDF","description":"Portail accidents du travail-maladies professionnelles des entreprises d&#039;Ile-de-France","publisher":{"@id":"https:\/\/www.accidentdutravail-idf.net\/blog\/#organization"},"potentialAction":[{"@type":"SearchAction","target":{"@type":"EntryPoint","urlTemplate":"https:\/\/www.accidentdutravail-idf.net\/blog\/?s={search_term_string}"},"query-input":{"@type":"PropertyValueSpecification","valueRequired":true,"valueName":"search_term_string"}}],"inLanguage":"fr-FR"},{"@type":"Organization","@id":"https:\/\/www.accidentdutravail-idf.net\/blog\/#organization","name":"accidentdutravail-idf","url":"https:\/\/www.accidentdutravail-idf.net\/blog\/","logo":{"@type":"ImageObject","inLanguage":"fr-FR","@id":"https:\/\/www.accidentdutravail-idf.net\/blog\/#\/schema\/logo\/image\/","url":"https:\/\/www.accidentdutravail-idf.net\/blog\/wp-content\/uploads\/2022\/09\/logo-2.png","contentUrl":"https:\/\/www.accidentdutravail-idf.net\/blog\/wp-content\/uploads\/2022\/09\/logo-2.png","width":380,"height":291,"caption":"accidentdutravail-idf"},"image":{"@id":"https:\/\/www.accidentdutravail-idf.net\/blog\/#\/schema\/logo\/image\/"}},{"@type":"Person","@id":"https:\/\/www.accidentdutravail-idf.net\/blog\/#\/schema\/person\/3255d2f970de45e64bd9201f38e7b947","name":"Carlos Poulain","image":{"@type":"ImageObject","inLanguage":"fr-FR","@id":"https:\/\/secure.gravatar.com\/avatar\/b1c2f9d3588e34e91adb093635df64ef4b2381991216be7576466cfcdca4baf3?s=96&d=mm&r=g","url":"https:\/\/secure.gravatar.com\/avatar\/b1c2f9d3588e34e91adb093635df64ef4b2381991216be7576466cfcdca4baf3?s=96&d=mm&r=g","contentUrl":"https:\/\/secure.gravatar.com\/avatar\/b1c2f9d3588e34e91adb093635df64ef4b2381991216be7576466cfcdca4baf3?s=96&d=mm&r=g","caption":"Carlos Poulain"},"url":"https:\/\/www.accidentdutravail-idf.net\/blog\/author\/idfcarlos\/"}]}},"_links":{"self":[{"href":"https:\/\/www.accidentdutravail-idf.net\/blog\/wp-json\/wp\/v2\/posts\/1162","targetHints":{"allow":["GET"]}}],"collection":[{"href":"https:\/\/www.accidentdutravail-idf.net\/blog\/wp-json\/wp\/v2\/posts"}],"about":[{"href":"https:\/\/www.accidentdutravail-idf.net\/blog\/wp-json\/wp\/v2\/types\/post"}],"author":[{"embeddable":true,"href":"https:\/\/www.accidentdutravail-idf.net\/blog\/wp-json\/wp\/v2\/users\/2"}],"replies":[{"embeddable":true,"href":"https:\/\/www.accidentdutravail-idf.net\/blog\/wp-json\/wp\/v2\/comments?post=1162"}],"version-history":[{"count":0,"href":"https:\/\/www.accidentdutravail-idf.net\/blog\/wp-json\/wp\/v2\/posts\/1162\/revisions"}],"wp:attachment":[{"href":"https:\/\/www.accidentdutravail-idf.net\/blog\/wp-json\/wp\/v2\/media?parent=1162"}],"wp:term":[{"taxonomy":"category","embeddable":true,"href":"https:\/\/www.accidentdutravail-idf.net\/blog\/wp-json\/wp\/v2\/categories?post=1162"},{"taxonomy":"post_tag","embeddable":true,"href":"https:\/\/www.accidentdutravail-idf.net\/blog\/wp-json\/wp\/v2\/tags?post=1162"}],"curies":[{"name":"wp","href":"https:\/\/api.w.org\/{rel}","templated":true}]}}