{"id":1161,"date":"2025-01-08T20:01:00","date_gmt":"2025-01-08T19:01:00","guid":{"rendered":"https:\/\/www.accidentdutravail-idf.net\/blog\/objectif-2025-diminution-drastique-des-accidents-du-travail-avec-un-meilleur-accompagnement-judiciaire-des-familles-endeuillees\/"},"modified":"2025-01-08T20:01:00","modified_gmt":"2025-01-08T19:01:00","slug":"objectif-2025-diminution-drastique-des-accidents-du-travail-avec-un-meilleur-accompagnement-judiciaire-des-familles-endeuillees","status":"publish","type":"post","link":"https:\/\/www.accidentdutravail-idf.net\/blog\/objectif-2025-diminution-drastique-des-accidents-du-travail-avec-un-meilleur-accompagnement-judiciaire-des-familles-endeuillees\/","title":{"rendered":"Objectif 2025 : diminution drastique des accidents du travail avec un meilleur accompagnement judiciaire des familles endeuill\u00e9es."},"content":{"rendered":"<div><img decoding=\"async\" src=\"https:\/\/www.accidentdutravail-idf.net\/blog\/wp-content\/uploads\/2025\/01\/objectif-2025-diminution-drastique-des-accidents-du-travail-avec-un-meilleur-accompagnement-judiciaire-des-familles-endeuillees.jpg\" class=\"ff-og-image-inserted\"><\/div>\n<p>\u00c0 ces nombres viennent s\u2019ajouter, en 2023, 332 d\u00e9c\u00e8s cons\u00e9cutifs \u00e0 des accidents de trajet (46 cas suppl\u00e9mentaires par rapport \u00e0 2022), dont 240 d\u2019origine routi\u00e8re, et, en prenant en compte 196 d\u00e9c\u00e8s en maladie professionnelle (7 cas de moins qu\u2019en 2022), on d\u00e9nombre 1&nbsp;287 d\u00e9c\u00e8s tous sinistres confondus en 2023 (60 d\u00e9c\u00e8s en plus par rapport \u00e0 2022).<\/p>\n<p>Ces statistiques ne prennent pas en compte les d\u00e9c\u00e8s de personnes qui ne rel\u00e8vent pas du r\u00e9gime g\u00e9n\u00e9ral de la S\u00e9curit\u00e9 sociale comme les agriculteurs.<\/p>\n<p>Ces chiffres donnent le tournis. Ces morts au travail en 2024 sont bien trop nombreux et ne doivent pas \u00eatre accept\u00e9s par les employeurs comme une fatalit\u00e9.<\/p>\n<p>Il faut absolument que la s\u00e9curit\u00e9 au travail et la pr\u00e9vention des risques professionnels deviennent <strong>la<\/strong> priorit\u00e9 des employeurs et du l\u00e9gislateur en France en 2025 afin que ce fl\u00e9au qui endeuille trop de familles diminue consid\u00e9rablement. L\u2019objectif devrait \u00eatre \u00ab&nbsp;<i>z\u00e9ro accident du travail<\/i>&nbsp;\u00bb. Pour ce faire, il faut la mise en place d\u2019une vraie politique de pr\u00e9vention et que les tribunaux aient les moyens de poursuivre et juger rapidement ces dossiers de morts au travail.<\/p>\n<p>L\u2019article L4121-1 du Code du travail dispose que&nbsp;:<\/p>\n<blockquote class=\"spip\">\n<p>\u00ab&nbsp;<i>l\u2019employeur prend les mesures n\u00e9cessaires pour assurer la s\u00e9curit\u00e9 et prot\u00e9ger la sant\u00e9 physique et morale des travailleurs<\/i>&nbsp;\u00bb.<\/p>\n<\/blockquote>\n<p>Cet article doit conduire les entreprises \u00e0 analyser les risques pr\u00e9sents sur le lieu de travail (comme par exemple les risques de travail en hauteur ou sur des machines dangereuses) et surtout prendre des mesures positives afin de prot\u00e9ger et former les salari\u00e9s contre ces risques. L\u2019attention des salari\u00e9s doit \u00eatre attir\u00e9e sur les risques encourus, ce qui est insuffisamment r\u00e9alis\u00e9 notamment sur les chantiers du BTP.<\/p>\n<p>Il faudrait en 2025 que les inspecteurs du travail -en nombre bien trop insuffisant- puissent r\u00e9ellement veiller au respect des normes de s\u00e9curit\u00e9 en op\u00e9rant des contr\u00f4les fr\u00e9quents et r\u00e9guliers afin de sanctionner les employeurs et chefs d\u2019entreprises qui ne respectent pas ces r\u00e8gles de s\u00e9curit\u00e9 notamment en d\u00e9cidant de fermer imm\u00e9diatement et apr\u00e8s constatations d\u2019infractions certaines entreprises ou chantiers, faute pour eux de ne pas respecter les prescriptions de l\u2019inspecteur du travail.<\/p>\n<p>Il faut \u00e9galement en 2025 que les acteurs judiciaires charg\u00e9s de ce contentieux civil et p\u00e9nal aient les moyens d\u2019agir vite et fort. En effet, il ressort des dossiers contentieux jug\u00e9s devant les Tribunaux en France qu\u2019un v\u00e9ritable combat judiciaire doit \u00eatre engag\u00e9 par les ayants droit des victimes d\u2019accidents mortels du travail pour que justice soit rendue.<\/p>\n<p>En effet, la complexit\u00e9 des proc\u00e9dures et leurs longueurs \u00e9puisent les familles de victimes qui ont un v\u00e9ritable sentiment d\u2019impuissance et d\u2019abandon apr\u00e8s le d\u00e9c\u00e8s au travail d\u2019un proche.<\/p>\n<p>Les familles sont souvent laiss\u00e9es dans l\u2019ignorance de l\u2019enqu\u00eate qui est co-diligent\u00e9e apr\u00e8s l\u2019accident par l\u2019inspection du travail et la police\/gendarmerie. Ces enqu\u00eates peuvent durer des mois, voire des ann\u00e9es. C\u2019est beaucoup, beaucoup trop long. Pourtant, sans la transmission du proc\u00e8s-verbal r\u00e9dig\u00e9 par l\u2019inspection du travail -obligatoirement saisi apr\u00e8s un accident mortel &#8211; au Procureur, aucune action judiciaire ne peut v\u00e9ritablement \u00eatre engag\u00e9e par les ayants droit.<\/p>\n<p>Une fois ce proc\u00e8s-verbal dress\u00e9, il est n\u00e9cessaire &#8211; pour que des poursuites p\u00e9nales soient engag\u00e9es &#8211; que le Parquet estime qu\u2019un ou plusieurs manquements ont \u00e9t\u00e9 commis par l\u2019employeur (manquements aux r\u00e8gles de s\u00e9curit\u00e9 comme par exemple absence de protection des tr\u00e9mies ou protections non conformes, \u00e9chafaudages non conformes, machines non entretenues, manquements aux obligations de formation renforc\u00e9e \u00e0 la s\u00e9curit\u00e9)&nbsp;; ce qui a entrain\u00e9 le d\u00e9c\u00e8s.<\/p>\n<p>Dans ces dossiers, le chef d\u2019entreprise, son d\u00e9l\u00e9gataire et\/ou la soci\u00e9t\u00e9 employeur sont poursuivis devant le tribunal correctionnel du lieu de l\u2019accident pour homicide involontaire. L\u2019article 221-6 du Code P\u00e9nal dispose que<\/p>\n<blockquote class=\"spip\">\n<p>\u00ab&nbsp;<i>le fait de causer&#8230; par maladresse, imprudence, inattention, n\u00e9gligence ou manquement \u00e0 une obligation de prudence ou de s\u00e9curit\u00e9 impos\u00e9e par la loi ou le r\u00e8glement, la mort d\u2019autrui constitue un homicide involontaire puni de trois ans d\u2019emprisonnement et de 45&nbsp;000 euros d\u2019amende.<br class=\"autobr\"><br \/>\nEn cas de violation manifestement d\u00e9lib\u00e9r\u00e9e d\u2019une obligation particuli\u00e8re de prudence ou de s\u00e9curit\u00e9 impos\u00e9e par la loi ou le r\u00e8glement, les peines encourues sont port\u00e9es \u00e0 cinq ans d\u2019emprisonnement et \u00e0 75&nbsp;000 euros d\u2019amende<\/i>&nbsp;\u00bb.<\/p>\n<\/blockquote>\n<p>Tr\u00e8s souvent les peines prononc\u00e9es par les tribunaux sont trop faibles&nbsp;: des amendes de 10&nbsp;000 \u00e0 20&nbsp;000 euros sont d\u00e9cid\u00e9es.<\/p>\n<p>La 14\u1d49 chambre de la Cour d\u2019Appel de Paris le 23 septembre 2024 vient de rendre une d\u00e9cision exemplaire, car tr\u00e8s s\u00e9v\u00e8re dans un dossier d\u2019accident mortel du Travail dans le BTP&nbsp;: l\u2019employeur a \u00e9t\u00e9 condamn\u00e9 \u00e0 payer 3 amendes dont une de 200&nbsp;000 euros pour homicide involontaire et deux amendes de 20&nbsp;000 euros chacune pour manquements \u00e0 des obligations de s\u00e9curit\u00e9 et emploi sur chantier de b\u00e2timent de personnes sans mesure de protection contre les chutes de hauteur. En outre, l\u2019ing\u00e9nieur responsable du chantier a \u00e9t\u00e9 condamn\u00e9 \u00e0 14 mois de prison avec sursis. L\u2019arr\u00eat a d\u00fb \u00eatre publi\u00e9 dans deux journaux grand public (\u00e9dition nationale) et \u00e0 la somme de 20&nbsp;000 euros au titre de l\u2019article 475-1 du Code de proc\u00e9dure p\u00e9nale pour les frais d\u2019avocat.<\/p>\n<p>En parall\u00e8le de ces proc\u00e9dures p\u00e9nales tr\u00e8s longues (il faut en moyenne minimum un an entre la transmission du dossier au Parquet et l\u2019audiencement du dossier en correctionnel sans compter les d\u00e9lais de l\u2019\u00e9ventuelle proc\u00e9dure d\u2019appel), les ayants droit des victimes au sens de la S\u00e9curit\u00e9 sociale, c\u2019est-\u00e0-dire les conjoints, les ascendants et les descendants doivent &#8211; pour \u00eatre indemnis\u00e9s de leurs diff\u00e9rents pr\u00e9judices &#8211; hors la rente allou\u00e9e par la CPAM &#8211; doivent obligatoirement saisir le tribunal judiciaire en faute inexcusable de l\u2019employeur pour que leurs pr\u00e9judices moraux, \u00e9conomiques, remboursement des frais d\u2019obs\u00e8ques, pr\u00e9judice de mort imminente en qualit\u00e9 d\u2019h\u00e9ritier &#8211; action successorale \u2026 soient indemnis\u00e9s. Cette proc\u00e9dure est \u00e9galement longue et complexe et son issue d\u00e9pend grandement de la d\u00e9cision du tribunal correctionnel notamment depuis les arr\u00eats de la Cour de Cassation du 1\u1d49\u02b3 d\u00e9cembre 2022.<\/p>\n<p>Il n\u2019est pas normal que dans certains cas des provisions ne soient pas allou\u00e9es aux ayants droit pour \u00e9viter que les employeurs retardent l\u2019issue de la proc\u00e9dure devant le P\u00f4le social notamment en faisant appel de la condamnation correctionnelle.<\/p>\n<p>Des am\u00e9liorations sont v\u00e9ritablement n\u00e9cessaires pour lutter contre les accidents du travail que cela soit en amont pour \u00e9viter les accidents et en mati\u00e8re de r\u00e9pression, ce qui incitera \u00e9galement les chefs d\u2019entreprise \u00e0 plus de vigilance pour les \u00e9viter.<\/p>\n<p>Les employeurs aid\u00e9s du l\u00e9gislateur doivent imp\u00e9rativement en 2025 s\u2019emparer de ces questions primordiales de la s\u00e9curit\u00e9 au travail et de la poursuite rapide et s\u00e9v\u00e8re des entreprises d\u00e9linquantes comme le sont les auteurs de violences conjugales ou d\u2019homicides au volant.<\/p>\n<p>accidentdutravail-idf.net vous a pr\u00e9par\u00e9 ce post qui informe du sujet \u00ab\u00a0Association Sportive Huisson-Longueville Essonne\u00a0\u00bb. La chronique se veut g\u00e9n\u00e9r\u00e9e du mieux possible. Vous pouvez utiliser les coordonn\u00e9es indiqu\u00e9es sur le site dans le but d\u2019apporter des explications sur ce post qui parle du th\u00e8me \u00ab\u00a0Association Sportive Huisson-Longueville Essonne\u00a0\u00bb. Le site accidentdutravail-idf.net a pour but de fournir diverses publications sur la th\u00e9matique Association Sportive Huisson-Longueville Essonne diffus\u00e9es sur le net. Il y aura plusieurs articles autour du sujet \u00ab\u00a0Association Sportive Huisson-Longueville Essonne\u00a0\u00bb dans quelques jours, nous vous invitons \u00e0 naviguer sur notre site web \u00e0 plusieurs reprises.<\/p>\n","protected":false},"excerpt":{"rendered":"<p>\u00c0 ces nombres viennent s\u2019ajouter, en 2023, 332 d\u00e9c\u00e8s cons\u00e9cutifs \u00e0 des accidents de trajet (46 cas suppl\u00e9mentaires par rapport \u00e0 2022), dont 240 d\u2019origine routi\u00e8re, et, en prenant en compte 196 d\u00e9c\u00e8s en maladie professionnelle (7 cas de moins qu\u2019en 2022), on d\u00e9nombre 1&nbsp;287 d\u00e9c\u00e8s tous sinistres confondus en 2023 (60 d\u00e9c\u00e8s en plus &hellip; <\/p>\n<p class=\"link-more\"><a href=\"https:\/\/www.accidentdutravail-idf.net\/blog\/objectif-2025-diminution-drastique-des-accidents-du-travail-avec-un-meilleur-accompagnement-judiciaire-des-familles-endeuillees\/\" class=\"more-link\">Continuer la lecture <span class=\"screen-reader-text\"> \u00ab\u00a0Objectif 2025 : diminution drastique des accidents du travail avec un meilleur accompagnement judiciaire des familles endeuill\u00e9es.\u00a0\u00bb<\/span><\/a><\/p>\n","protected":false},"author":2,"featured_media":0,"comment_status":"closed","ping_status":"closed","sticky":false,"template":"","format":"standard","meta":{"footnotes":""},"categories":[5],"tags":[],"class_list":["post-1161","post","type-post","status-publish","format-standard","hentry","category-securite-du-travail-en-ile-de-france-et-divers","entry"],"yoast_head":"<!-- This site is optimized with the Yoast SEO plugin v27.5 - https:\/\/yoast.com\/product\/yoast-seo-wordpress\/ -->\n<title>Objectif 2025 : diminution drastique des accidents du travail avec un meilleur accompagnement judiciaire des familles endeuill\u00e9es. - ACCIDENTDUTRAVAIL-IDF<\/title>\n<meta name=\"description\" content=\"Objectif 2025 : diminution drastique des accidents du travail avec un meilleur accompagnement judiciaire des familles endeuill\u00e9es. article de ACCIDENTDUTRAVAIL-IDF\" \/>\n<meta name=\"robots\" content=\"index, follow, max-snippet:-1, max-image-preview:large, max-video-preview:-1\" \/>\n<link rel=\"canonical\" href=\"https:\/\/www.accidentdutravail-idf.net\/blog\/objectif-2025-diminution-drastique-des-accidents-du-travail-avec-un-meilleur-accompagnement-judiciaire-des-familles-endeuillees\/\" \/>\n<meta property=\"og:locale\" content=\"fr_FR\" \/>\n<meta property=\"og:type\" content=\"article\" \/>\n<meta property=\"og:title\" content=\"Objectif 2025 : diminution drastique des accidents du travail avec un meilleur accompagnement judiciaire des familles endeuill\u00e9es. - ACCIDENTDUTRAVAIL-IDF\" \/>\n<meta property=\"og:description\" content=\"Objectif 2025 : diminution drastique des accidents du travail avec un meilleur accompagnement judiciaire des familles endeuill\u00e9es. article de ACCIDENTDUTRAVAIL-IDF\" \/>\n<meta property=\"og:url\" content=\"https:\/\/www.accidentdutravail-idf.net\/blog\/objectif-2025-diminution-drastique-des-accidents-du-travail-avec-un-meilleur-accompagnement-judiciaire-des-familles-endeuillees\/\" \/>\n<meta property=\"og:site_name\" content=\"ACCIDENTDUTRAVAIL-IDF\" \/>\n<meta property=\"article:published_time\" content=\"2025-01-08T19:01:00+00:00\" \/>\n<meta property=\"og:image\" content=\"https:\/\/www.accidentdutravail-idf.net\/blog\/wp-content\/uploads\/2025\/01\/objectif-2025-diminution-drastique-des-accidents-du-travail-avec-un-meilleur-accompagnement-judiciaire-des-familles-endeuillees.jpg\" \/>\n<meta name=\"author\" content=\"Carlos Poulain\" \/>\n<meta name=\"twitter:card\" content=\"summary_large_image\" \/>\n<meta name=\"twitter:label1\" content=\"\u00c9crit par\" \/>\n\t<meta name=\"twitter:data1\" content=\"Carlos Poulain\" \/>\n\t<meta name=\"twitter:label2\" content=\"Dur\u00e9e de lecture estim\u00e9e\" \/>\n\t<meta name=\"twitter:data2\" content=\"7 minutes\" \/>\n<script type=\"application\/ld+json\" class=\"yoast-schema-graph\">{\"@context\":\"https:\\\/\\\/schema.org\",\"@graph\":[{\"@type\":\"Article\",\"@id\":\"https:\\\/\\\/www.accidentdutravail-idf.net\\\/blog\\\/objectif-2025-diminution-drastique-des-accidents-du-travail-avec-un-meilleur-accompagnement-judiciaire-des-familles-endeuillees\\\/#article\",\"isPartOf\":{\"@id\":\"https:\\\/\\\/www.accidentdutravail-idf.net\\\/blog\\\/objectif-2025-diminution-drastique-des-accidents-du-travail-avec-un-meilleur-accompagnement-judiciaire-des-familles-endeuillees\\\/\"},\"author\":{\"name\":\"Carlos Poulain\",\"@id\":\"https:\\\/\\\/www.accidentdutravail-idf.net\\\/blog\\\/#\\\/schema\\\/person\\\/3255d2f970de45e64bd9201f38e7b947\"},\"headline\":\"Objectif 2025 : diminution drastique des accidents du travail avec un meilleur accompagnement judiciaire des familles endeuill\u00e9es.\",\"datePublished\":\"2025-01-08T19:01:00+00:00\",\"mainEntityOfPage\":{\"@id\":\"https:\\\/\\\/www.accidentdutravail-idf.net\\\/blog\\\/objectif-2025-diminution-drastique-des-accidents-du-travail-avec-un-meilleur-accompagnement-judiciaire-des-familles-endeuillees\\\/\"},\"wordCount\":1385,\"publisher\":{\"@id\":\"https:\\\/\\\/www.accidentdutravail-idf.net\\\/blog\\\/#organization\"},\"image\":{\"@id\":\"https:\\\/\\\/www.accidentdutravail-idf.net\\\/blog\\\/objectif-2025-diminution-drastique-des-accidents-du-travail-avec-un-meilleur-accompagnement-judiciaire-des-familles-endeuillees\\\/#primaryimage\"},\"thumbnailUrl\":\"https:\\\/\\\/www.accidentdutravail-idf.net\\\/blog\\\/wp-content\\\/uploads\\\/2025\\\/01\\\/objectif-2025-diminution-drastique-des-accidents-du-travail-avec-un-meilleur-accompagnement-judiciaire-des-familles-endeuillees.jpg\",\"articleSection\":[\"S\u00e9curit\u00e9 Du Travail En Ile-De-France Et Divers:\"],\"inLanguage\":\"fr-FR\"},{\"@type\":\"WebPage\",\"@id\":\"https:\\\/\\\/www.accidentdutravail-idf.net\\\/blog\\\/objectif-2025-diminution-drastique-des-accidents-du-travail-avec-un-meilleur-accompagnement-judiciaire-des-familles-endeuillees\\\/\",\"url\":\"https:\\\/\\\/www.accidentdutravail-idf.net\\\/blog\\\/objectif-2025-diminution-drastique-des-accidents-du-travail-avec-un-meilleur-accompagnement-judiciaire-des-familles-endeuillees\\\/\",\"name\":\"Objectif 2025 : diminution drastique des accidents du travail avec un meilleur accompagnement judiciaire des familles endeuill\u00e9es. - ACCIDENTDUTRAVAIL-IDF\",\"isPartOf\":{\"@id\":\"https:\\\/\\\/www.accidentdutravail-idf.net\\\/blog\\\/#website\"},\"primaryImageOfPage\":{\"@id\":\"https:\\\/\\\/www.accidentdutravail-idf.net\\\/blog\\\/objectif-2025-diminution-drastique-des-accidents-du-travail-avec-un-meilleur-accompagnement-judiciaire-des-familles-endeuillees\\\/#primaryimage\"},\"image\":{\"@id\":\"https:\\\/\\\/www.accidentdutravail-idf.net\\\/blog\\\/objectif-2025-diminution-drastique-des-accidents-du-travail-avec-un-meilleur-accompagnement-judiciaire-des-familles-endeuillees\\\/#primaryimage\"},\"thumbnailUrl\":\"https:\\\/\\\/www.accidentdutravail-idf.net\\\/blog\\\/wp-content\\\/uploads\\\/2025\\\/01\\\/objectif-2025-diminution-drastique-des-accidents-du-travail-avec-un-meilleur-accompagnement-judiciaire-des-familles-endeuillees.jpg\",\"datePublished\":\"2025-01-08T19:01:00+00:00\",\"description\":\"Objectif 2025 : diminution drastique des accidents du travail avec un meilleur accompagnement judiciaire des familles endeuill\u00e9es. article de ACCIDENTDUTRAVAIL-IDF\",\"breadcrumb\":{\"@id\":\"https:\\\/\\\/www.accidentdutravail-idf.net\\\/blog\\\/objectif-2025-diminution-drastique-des-accidents-du-travail-avec-un-meilleur-accompagnement-judiciaire-des-familles-endeuillees\\\/#breadcrumb\"},\"inLanguage\":\"fr-FR\",\"potentialAction\":[{\"@type\":\"ReadAction\",\"target\":[\"https:\\\/\\\/www.accidentdutravail-idf.net\\\/blog\\\/objectif-2025-diminution-drastique-des-accidents-du-travail-avec-un-meilleur-accompagnement-judiciaire-des-familles-endeuillees\\\/\"]}]},{\"@type\":\"ImageObject\",\"inLanguage\":\"fr-FR\",\"@id\":\"https:\\\/\\\/www.accidentdutravail-idf.net\\\/blog\\\/objectif-2025-diminution-drastique-des-accidents-du-travail-avec-un-meilleur-accompagnement-judiciaire-des-familles-endeuillees\\\/#primaryimage\",\"url\":\"https:\\\/\\\/www.accidentdutravail-idf.net\\\/blog\\\/wp-content\\\/uploads\\\/2025\\\/01\\\/objectif-2025-diminution-drastique-des-accidents-du-travail-avec-un-meilleur-accompagnement-judiciaire-des-familles-endeuillees.jpg\",\"contentUrl\":\"https:\\\/\\\/www.accidentdutravail-idf.net\\\/blog\\\/wp-content\\\/uploads\\\/2025\\\/01\\\/objectif-2025-diminution-drastique-des-accidents-du-travail-avec-un-meilleur-accompagnement-judiciaire-des-familles-endeuillees.jpg\"},{\"@type\":\"BreadcrumbList\",\"@id\":\"https:\\\/\\\/www.accidentdutravail-idf.net\\\/blog\\\/objectif-2025-diminution-drastique-des-accidents-du-travail-avec-un-meilleur-accompagnement-judiciaire-des-familles-endeuillees\\\/#breadcrumb\",\"itemListElement\":[{\"@type\":\"ListItem\",\"position\":1,\"name\":\"Accueil\",\"item\":\"https:\\\/\\\/www.accidentdutravail-idf.net\\\/blog\\\/\"},{\"@type\":\"ListItem\",\"position\":2,\"name\":\"Objectif 2025 : diminution drastique des accidents du travail avec un meilleur accompagnement judiciaire des familles endeuill\u00e9es.\"}]},{\"@type\":\"WebSite\",\"@id\":\"https:\\\/\\\/www.accidentdutravail-idf.net\\\/blog\\\/#website\",\"url\":\"https:\\\/\\\/www.accidentdutravail-idf.net\\\/blog\\\/\",\"name\":\"ACCIDENTDUTRAVAIL-IDF\",\"description\":\"Portail accidents du travail-maladies professionnelles des entreprises d&#039;Ile-de-France\",\"publisher\":{\"@id\":\"https:\\\/\\\/www.accidentdutravail-idf.net\\\/blog\\\/#organization\"},\"potentialAction\":[{\"@type\":\"SearchAction\",\"target\":{\"@type\":\"EntryPoint\",\"urlTemplate\":\"https:\\\/\\\/www.accidentdutravail-idf.net\\\/blog\\\/?s={search_term_string}\"},\"query-input\":{\"@type\":\"PropertyValueSpecification\",\"valueRequired\":true,\"valueName\":\"search_term_string\"}}],\"inLanguage\":\"fr-FR\"},{\"@type\":\"Organization\",\"@id\":\"https:\\\/\\\/www.accidentdutravail-idf.net\\\/blog\\\/#organization\",\"name\":\"accidentdutravail-idf\",\"url\":\"https:\\\/\\\/www.accidentdutravail-idf.net\\\/blog\\\/\",\"logo\":{\"@type\":\"ImageObject\",\"inLanguage\":\"fr-FR\",\"@id\":\"https:\\\/\\\/www.accidentdutravail-idf.net\\\/blog\\\/#\\\/schema\\\/logo\\\/image\\\/\",\"url\":\"https:\\\/\\\/www.accidentdutravail-idf.net\\\/blog\\\/wp-content\\\/uploads\\\/2022\\\/09\\\/logo-2.png\",\"contentUrl\":\"https:\\\/\\\/www.accidentdutravail-idf.net\\\/blog\\\/wp-content\\\/uploads\\\/2022\\\/09\\\/logo-2.png\",\"width\":380,\"height\":291,\"caption\":\"accidentdutravail-idf\"},\"image\":{\"@id\":\"https:\\\/\\\/www.accidentdutravail-idf.net\\\/blog\\\/#\\\/schema\\\/logo\\\/image\\\/\"}},{\"@type\":\"Person\",\"@id\":\"https:\\\/\\\/www.accidentdutravail-idf.net\\\/blog\\\/#\\\/schema\\\/person\\\/3255d2f970de45e64bd9201f38e7b947\",\"name\":\"Carlos Poulain\",\"image\":{\"@type\":\"ImageObject\",\"inLanguage\":\"fr-FR\",\"@id\":\"https:\\\/\\\/secure.gravatar.com\\\/avatar\\\/b1c2f9d3588e34e91adb093635df64ef4b2381991216be7576466cfcdca4baf3?s=96&d=mm&r=g\",\"url\":\"https:\\\/\\\/secure.gravatar.com\\\/avatar\\\/b1c2f9d3588e34e91adb093635df64ef4b2381991216be7576466cfcdca4baf3?s=96&d=mm&r=g\",\"contentUrl\":\"https:\\\/\\\/secure.gravatar.com\\\/avatar\\\/b1c2f9d3588e34e91adb093635df64ef4b2381991216be7576466cfcdca4baf3?s=96&d=mm&r=g\",\"caption\":\"Carlos Poulain\"},\"url\":\"https:\\\/\\\/www.accidentdutravail-idf.net\\\/blog\\\/author\\\/idfcarlos\\\/\"}]}<\/script>\n<!-- \/ Yoast SEO plugin. -->","yoast_head_json":{"title":"Objectif 2025 : diminution drastique des accidents du travail avec un meilleur accompagnement judiciaire des familles endeuill\u00e9es. - ACCIDENTDUTRAVAIL-IDF","description":"Objectif 2025 : diminution drastique des accidents du travail avec un meilleur accompagnement judiciaire des familles endeuill\u00e9es. article de ACCIDENTDUTRAVAIL-IDF","robots":{"index":"index","follow":"follow","max-snippet":"max-snippet:-1","max-image-preview":"max-image-preview:large","max-video-preview":"max-video-preview:-1"},"canonical":"https:\/\/www.accidentdutravail-idf.net\/blog\/objectif-2025-diminution-drastique-des-accidents-du-travail-avec-un-meilleur-accompagnement-judiciaire-des-familles-endeuillees\/","og_locale":"fr_FR","og_type":"article","og_title":"Objectif 2025 : diminution drastique des accidents du travail avec un meilleur accompagnement judiciaire des familles endeuill\u00e9es. - ACCIDENTDUTRAVAIL-IDF","og_description":"Objectif 2025 : diminution drastique des accidents du travail avec un meilleur accompagnement judiciaire des familles endeuill\u00e9es. article de ACCIDENTDUTRAVAIL-IDF","og_url":"https:\/\/www.accidentdutravail-idf.net\/blog\/objectif-2025-diminution-drastique-des-accidents-du-travail-avec-un-meilleur-accompagnement-judiciaire-des-familles-endeuillees\/","og_site_name":"ACCIDENTDUTRAVAIL-IDF","article_published_time":"2025-01-08T19:01:00+00:00","og_image":[{"url":"https:\/\/www.accidentdutravail-idf.net\/blog\/wp-content\/uploads\/2025\/01\/objectif-2025-diminution-drastique-des-accidents-du-travail-avec-un-meilleur-accompagnement-judiciaire-des-familles-endeuillees.jpg","type":"","width":"","height":""}],"author":"Carlos Poulain","twitter_card":"summary_large_image","twitter_misc":{"\u00c9crit par":"Carlos Poulain","Dur\u00e9e de lecture estim\u00e9e":"7 minutes"},"schema":{"@context":"https:\/\/schema.org","@graph":[{"@type":"Article","@id":"https:\/\/www.accidentdutravail-idf.net\/blog\/objectif-2025-diminution-drastique-des-accidents-du-travail-avec-un-meilleur-accompagnement-judiciaire-des-familles-endeuillees\/#article","isPartOf":{"@id":"https:\/\/www.accidentdutravail-idf.net\/blog\/objectif-2025-diminution-drastique-des-accidents-du-travail-avec-un-meilleur-accompagnement-judiciaire-des-familles-endeuillees\/"},"author":{"name":"Carlos Poulain","@id":"https:\/\/www.accidentdutravail-idf.net\/blog\/#\/schema\/person\/3255d2f970de45e64bd9201f38e7b947"},"headline":"Objectif 2025 : diminution drastique des accidents du travail avec un meilleur accompagnement judiciaire des familles endeuill\u00e9es.","datePublished":"2025-01-08T19:01:00+00:00","mainEntityOfPage":{"@id":"https:\/\/www.accidentdutravail-idf.net\/blog\/objectif-2025-diminution-drastique-des-accidents-du-travail-avec-un-meilleur-accompagnement-judiciaire-des-familles-endeuillees\/"},"wordCount":1385,"publisher":{"@id":"https:\/\/www.accidentdutravail-idf.net\/blog\/#organization"},"image":{"@id":"https:\/\/www.accidentdutravail-idf.net\/blog\/objectif-2025-diminution-drastique-des-accidents-du-travail-avec-un-meilleur-accompagnement-judiciaire-des-familles-endeuillees\/#primaryimage"},"thumbnailUrl":"https:\/\/www.accidentdutravail-idf.net\/blog\/wp-content\/uploads\/2025\/01\/objectif-2025-diminution-drastique-des-accidents-du-travail-avec-un-meilleur-accompagnement-judiciaire-des-familles-endeuillees.jpg","articleSection":["S\u00e9curit\u00e9 Du Travail En Ile-De-France Et Divers:"],"inLanguage":"fr-FR"},{"@type":"WebPage","@id":"https:\/\/www.accidentdutravail-idf.net\/blog\/objectif-2025-diminution-drastique-des-accidents-du-travail-avec-un-meilleur-accompagnement-judiciaire-des-familles-endeuillees\/","url":"https:\/\/www.accidentdutravail-idf.net\/blog\/objectif-2025-diminution-drastique-des-accidents-du-travail-avec-un-meilleur-accompagnement-judiciaire-des-familles-endeuillees\/","name":"Objectif 2025 : diminution drastique des accidents du travail avec un meilleur accompagnement judiciaire des familles endeuill\u00e9es. - ACCIDENTDUTRAVAIL-IDF","isPartOf":{"@id":"https:\/\/www.accidentdutravail-idf.net\/blog\/#website"},"primaryImageOfPage":{"@id":"https:\/\/www.accidentdutravail-idf.net\/blog\/objectif-2025-diminution-drastique-des-accidents-du-travail-avec-un-meilleur-accompagnement-judiciaire-des-familles-endeuillees\/#primaryimage"},"image":{"@id":"https:\/\/www.accidentdutravail-idf.net\/blog\/objectif-2025-diminution-drastique-des-accidents-du-travail-avec-un-meilleur-accompagnement-judiciaire-des-familles-endeuillees\/#primaryimage"},"thumbnailUrl":"https:\/\/www.accidentdutravail-idf.net\/blog\/wp-content\/uploads\/2025\/01\/objectif-2025-diminution-drastique-des-accidents-du-travail-avec-un-meilleur-accompagnement-judiciaire-des-familles-endeuillees.jpg","datePublished":"2025-01-08T19:01:00+00:00","description":"Objectif 2025 : diminution drastique des accidents du travail avec un meilleur accompagnement judiciaire des familles endeuill\u00e9es. article de ACCIDENTDUTRAVAIL-IDF","breadcrumb":{"@id":"https:\/\/www.accidentdutravail-idf.net\/blog\/objectif-2025-diminution-drastique-des-accidents-du-travail-avec-un-meilleur-accompagnement-judiciaire-des-familles-endeuillees\/#breadcrumb"},"inLanguage":"fr-FR","potentialAction":[{"@type":"ReadAction","target":["https:\/\/www.accidentdutravail-idf.net\/blog\/objectif-2025-diminution-drastique-des-accidents-du-travail-avec-un-meilleur-accompagnement-judiciaire-des-familles-endeuillees\/"]}]},{"@type":"ImageObject","inLanguage":"fr-FR","@id":"https:\/\/www.accidentdutravail-idf.net\/blog\/objectif-2025-diminution-drastique-des-accidents-du-travail-avec-un-meilleur-accompagnement-judiciaire-des-familles-endeuillees\/#primaryimage","url":"https:\/\/www.accidentdutravail-idf.net\/blog\/wp-content\/uploads\/2025\/01\/objectif-2025-diminution-drastique-des-accidents-du-travail-avec-un-meilleur-accompagnement-judiciaire-des-familles-endeuillees.jpg","contentUrl":"https:\/\/www.accidentdutravail-idf.net\/blog\/wp-content\/uploads\/2025\/01\/objectif-2025-diminution-drastique-des-accidents-du-travail-avec-un-meilleur-accompagnement-judiciaire-des-familles-endeuillees.jpg"},{"@type":"BreadcrumbList","@id":"https:\/\/www.accidentdutravail-idf.net\/blog\/objectif-2025-diminution-drastique-des-accidents-du-travail-avec-un-meilleur-accompagnement-judiciaire-des-familles-endeuillees\/#breadcrumb","itemListElement":[{"@type":"ListItem","position":1,"name":"Accueil","item":"https:\/\/www.accidentdutravail-idf.net\/blog\/"},{"@type":"ListItem","position":2,"name":"Objectif 2025 : diminution drastique des accidents du travail avec un meilleur accompagnement judiciaire des familles endeuill\u00e9es."}]},{"@type":"WebSite","@id":"https:\/\/www.accidentdutravail-idf.net\/blog\/#website","url":"https:\/\/www.accidentdutravail-idf.net\/blog\/","name":"ACCIDENTDUTRAVAIL-IDF","description":"Portail accidents du travail-maladies professionnelles des entreprises d&#039;Ile-de-France","publisher":{"@id":"https:\/\/www.accidentdutravail-idf.net\/blog\/#organization"},"potentialAction":[{"@type":"SearchAction","target":{"@type":"EntryPoint","urlTemplate":"https:\/\/www.accidentdutravail-idf.net\/blog\/?s={search_term_string}"},"query-input":{"@type":"PropertyValueSpecification","valueRequired":true,"valueName":"search_term_string"}}],"inLanguage":"fr-FR"},{"@type":"Organization","@id":"https:\/\/www.accidentdutravail-idf.net\/blog\/#organization","name":"accidentdutravail-idf","url":"https:\/\/www.accidentdutravail-idf.net\/blog\/","logo":{"@type":"ImageObject","inLanguage":"fr-FR","@id":"https:\/\/www.accidentdutravail-idf.net\/blog\/#\/schema\/logo\/image\/","url":"https:\/\/www.accidentdutravail-idf.net\/blog\/wp-content\/uploads\/2022\/09\/logo-2.png","contentUrl":"https:\/\/www.accidentdutravail-idf.net\/blog\/wp-content\/uploads\/2022\/09\/logo-2.png","width":380,"height":291,"caption":"accidentdutravail-idf"},"image":{"@id":"https:\/\/www.accidentdutravail-idf.net\/blog\/#\/schema\/logo\/image\/"}},{"@type":"Person","@id":"https:\/\/www.accidentdutravail-idf.net\/blog\/#\/schema\/person\/3255d2f970de45e64bd9201f38e7b947","name":"Carlos Poulain","image":{"@type":"ImageObject","inLanguage":"fr-FR","@id":"https:\/\/secure.gravatar.com\/avatar\/b1c2f9d3588e34e91adb093635df64ef4b2381991216be7576466cfcdca4baf3?s=96&d=mm&r=g","url":"https:\/\/secure.gravatar.com\/avatar\/b1c2f9d3588e34e91adb093635df64ef4b2381991216be7576466cfcdca4baf3?s=96&d=mm&r=g","contentUrl":"https:\/\/secure.gravatar.com\/avatar\/b1c2f9d3588e34e91adb093635df64ef4b2381991216be7576466cfcdca4baf3?s=96&d=mm&r=g","caption":"Carlos Poulain"},"url":"https:\/\/www.accidentdutravail-idf.net\/blog\/author\/idfcarlos\/"}]}},"_links":{"self":[{"href":"https:\/\/www.accidentdutravail-idf.net\/blog\/wp-json\/wp\/v2\/posts\/1161","targetHints":{"allow":["GET"]}}],"collection":[{"href":"https:\/\/www.accidentdutravail-idf.net\/blog\/wp-json\/wp\/v2\/posts"}],"about":[{"href":"https:\/\/www.accidentdutravail-idf.net\/blog\/wp-json\/wp\/v2\/types\/post"}],"author":[{"embeddable":true,"href":"https:\/\/www.accidentdutravail-idf.net\/blog\/wp-json\/wp\/v2\/users\/2"}],"replies":[{"embeddable":true,"href":"https:\/\/www.accidentdutravail-idf.net\/blog\/wp-json\/wp\/v2\/comments?post=1161"}],"version-history":[{"count":0,"href":"https:\/\/www.accidentdutravail-idf.net\/blog\/wp-json\/wp\/v2\/posts\/1161\/revisions"}],"wp:attachment":[{"href":"https:\/\/www.accidentdutravail-idf.net\/blog\/wp-json\/wp\/v2\/media?parent=1161"}],"wp:term":[{"taxonomy":"category","embeddable":true,"href":"https:\/\/www.accidentdutravail-idf.net\/blog\/wp-json\/wp\/v2\/categories?post=1161"},{"taxonomy":"post_tag","embeddable":true,"href":"https:\/\/www.accidentdutravail-idf.net\/blog\/wp-json\/wp\/v2\/tags?post=1161"}],"curies":[{"name":"wp","href":"https:\/\/api.w.org\/{rel}","templated":true}]}}