{"id":1160,"date":"2025-01-08T22:00:00","date_gmt":"2025-01-08T21:00:00","guid":{"rendered":"https:\/\/www.accidentdutravail-idf.net\/blog\/ai-je-le-droit-de-ne-pas-declarer-la-survenance-dun-accident-du-travail-mortel-a-linspection-du-travail\/"},"modified":"2025-01-08T22:00:00","modified_gmt":"2025-01-08T21:00:00","slug":"ai-je-le-droit-de-ne-pas-declarer-la-survenance-dun-accident-du-travail-mortel-a-linspection-du-travail","status":"publish","type":"post","link":"https:\/\/www.accidentdutravail-idf.net\/blog\/ai-je-le-droit-de-ne-pas-declarer-la-survenance-dun-accident-du-travail-mortel-a-linspection-du-travail\/","title":{"rendered":"Ai-je le droit de ne pas d\u00e9clarer la survenance d\u2019un accident du travail mortel \u00e0 l\u2019Inspection du travail"},"content":{"rendered":"<h2 data-id=\"accident-du-travail-mortel-linspection-du-travail-doit-etre-informee\" data-title=\"Accident du travail mortel : l\u2019Inspection du travail doit \u00eatre inform\u00e9e\" data-level=\"2\" class=\"font-bold text-color-default group text-lg sm:text-xl md:text-2xl lg:text-3xl leading-h4 lg:leading-h2 pt-0 mb-8\">Accident du travail mortel : l\u2019Inspection du travail doit \u00eatre inform\u00e9e<\/h2>\n<div class=\"prose max-w-max text-color-3 mb-8 prose-lg\">\n<p>759 accidents du travail mortels sont survenus en France au cours de l\u2019ann\u00e9e 2023.<\/p>\n<p>Si, en tant qu\u2019employeur, vous vous retrouvez confront\u00e9 \u00e0 cet \u00e9v\u00e8nement tragique, sachez que&nbsp;vous avez l\u2019obligation d\u2019en informer l\u2019Inspection du travail.<\/p>\n<p><strong>Non<\/strong>, il n\u2019existe aucun cas de dispense en la mati\u00e8re.<\/p>\n<\/div>\n<div class=\"relative z-[3] flex flex-col items-start px-2 pb-9 lg:px-9\">\n<div class=\"relative flex flex-row items-start overflow-hidden rounded-2xl shadow-custom-lg before:absolute before:left-0 before:top-0 before:h-full before:w-[3px] before:bg-mea-important bg-white\">\n<div class=\"flex w-full flex-col items-start p-6 lg:px-10 lg:py-6\">\n<h2 class=\"mb-2.5 flex flex-row items-center text-lg font-bold text-mea-important\">Important<\/h2>\n<div class=\"mea-content prose max-w-max text-lg text-color-3\">\n<p>Cette obligation de d\u00e9claration ne concerne pas les&nbsp;<a href=\"https:\/\/www.editions-tissot.fr\/guide\/definition\/accident-de-trajet\" target=\"_blank\" rel=\"nofollow\">accidents de trajet<\/a>, contrairement aux accidents de la route survenus \u00e0 l\u2019occasion du travail.<\/p>\n<\/div>\n<\/div>\n<\/div>\n<\/div>\n<h2 data-id=\"accident-du-travail-mortel-modalites-de-declaration\" data-title=\"Accident du travail mortel : modalit\u00e9s de d\u00e9claration\" data-level=\"2\" class=\"font-bold text-color-default group text-lg sm:text-xl md:text-2xl lg:text-3xl leading-h4 lg:leading-h2 pt-0 mb-8\">Accident du travail mortel : modalit\u00e9s de d\u00e9claration<\/h2>\n<div class=\"prose max-w-max text-color-3 mb-8 prose-lg\">\n<p>Conform\u00e9ment \u00e0 l\u2019article R. 4121-5 du Code du travail, vous devez, lorsque survient un accident du travail mortel, informer&nbsp;l&rsquo;agent de contr\u00f4le de l&rsquo;Inspection du travail du lieu de survenance de l&rsquo;accident.<\/p>\n<p>Cette d\u00e9claration doit intervenir imm\u00e9diatement et, au plus tard, dans les 12 heures qui suivent&nbsp;:<\/p>\n<ul>\n<li>le d\u00e9c\u00e8s du salari\u00e9&nbsp;;&nbsp;<\/li>\n<li>ou le jour o\u00f9 vous en avez eu connaissance si l\u2019information vous est parvenue apr\u00e8s les 12 premi\u00e8res heures.<\/li>\n<\/ul>\n<\/div>\n<div class=\"relative z-[3] flex flex-col items-start px-2 pb-9 lg:px-9\">\n<div class=\"relative flex flex-row items-start overflow-hidden rounded-2xl shadow-custom-lg before:absolute before:left-0 before:top-0 before:h-full before:w-[3px] before:bg-mea-reminder bg-white\">\n<div class=\"flex w-full flex-col items-start p-6 lg:px-10 lg:py-6\">\n<h2 class=\"mb-2.5 flex flex-row items-center text-lg font-bold text-mea-reminder\">Rappel<\/h2>\n<div class=\"mea-content prose max-w-max text-lg text-color-3\">\n<p>Lorsqu\u2019un accident du travail survient, vous avez \u00e9galement l\u2019obligation de le d\u00e9clarer aupr\u00e8s de la CPAM dans un d\u00e9lai de 48 heures.<\/p>\n<\/div>\n<\/div>\n<\/div>\n<\/div>\n<div class=\"prose max-w-max text-color-3 mb-8 prose-lg\">\n<p>Votre d\u00e9claration peut \u00eatre transmise par tout moyen conf\u00e9rant date certaine \u00e0 son envoi et devra comporter les informations suivantes&nbsp;:&nbsp;&nbsp;<\/p>\n<ul>\n<li>concernant l&rsquo;entreprise qui emploie le salari\u00e9 au moment de l&rsquo;accident&nbsp;: son nom ou sa raison sociale, ses adresses postale et \u00e9lectronique ainsi que ses coordonn\u00e9es t\u00e9l\u00e9phoniques&nbsp;;<\/li>\n<li>concernant, le cas \u00e9ch\u00e9ant, l&rsquo;entreprise dans laquelle l&rsquo;accident s&rsquo;est produit si celui-ci est diff\u00e9rent de l&rsquo;entreprise employeur&nbsp;: son nom ou sa raison sociale, ses adresses postale et \u00e9lectronique ainsi que ses coordonn\u00e9es t\u00e9l\u00e9phoniques&nbsp;;<\/li>\n<li>concernant la victime&nbsp;: ses nom, pr\u00e9nom et date de naissance ;<\/li>\n<li>concernant l\u2019accident&nbsp;: les date, heure, lieu et circonstances de sa survenance ;<\/li>\n<li>concernant, le cas \u00e9ch\u00e9ant, les t\u00e9moins&nbsp;: leur identit\u00e9 et leurs coordonn\u00e9es.<\/li>\n<\/ul>\n<\/div>\n<div class=\"relative z-[3] flex flex-col items-start px-2 pb-9 lg:px-9\">\n<div class=\"relative flex flex-row items-start overflow-hidden rounded-2xl shadow-custom-lg before:absolute before:left-0 before:top-0 before:h-full before:w-[3px] before:bg-mea-goodToKnow bg-white\">\n<div class=\"flex w-full flex-col items-start p-6 lg:px-10 lg:py-6\">\n<h2 class=\"mb-2.5 flex flex-row items-center text-lg font-bold text-mea-goodToKnow\">Bon \u00e0 savoir<\/h2>\n<div class=\"mea-content prose max-w-max text-lg text-color-3\">\n<p>Certaines DREETS vous offrent la possibilit\u00e9 de satisfaire \u00e0 votre obligation de d\u00e9claration en remplissant un formulaire en ligne. Il en va notamment ainsi de la DREETS Grand-Est, de la DREETS Bretagne ou encore de la DREETS Hauts-de-France.<\/p>\n<\/div>\n<\/div>\n<\/div>\n<\/div>\n<div class=\"prose max-w-max text-color-3 mb-8 prose-lg\">\n<p>A d\u00e9faut de vous conformer \u00e0 ces exigences, vous vous exposez \u00e0 une peine d\u2019amende de 1500 \u20ac qui, en cas de r\u00e9cidive, pourra \u00eatre port\u00e9e \u00e0 3000 \u20ac.&nbsp;&nbsp;<\/p>\n<p>Pour en savoir davantage sur la d\u00e9claration des accidents du travail, nous vous recommandons notre documentation \u00ab&nbsp;<a href=\"https:\/\/cmp.editions-tissot.fr\/com\/landing\/lta\/?cact=redac\" target=\"_blank\" rel=\"nofollow\">Tissot Social Entreprise ACTIV<\/a>&nbsp;\u00bb.&nbsp;<\/p>\n<\/div>\n<div class=\"align-middle flex flex-col gap-4 items-center mt-6 p-6 md:flex-row md:gap-12 lg:flex-col lg:gap-4 xl:flex-row xl:gap-12\">\n<div class=\"min-w-30 max-w-30 align-middle\" id=\"author-image\"><a class=\"align-middle\" href=\"https:\/\/www.editions-tissot.fr\/actualite\/auteur\/axel-wantz\" target=\"_blank\" rel=\"nofollow\"><img decoding=\"async\" alt=\"Portraits Tissot 046 2023 Gilles Piel 2\" loading=\"lazy\" width=\"240\" height=\"240\" data-nimg=\"1\" class=\"w-full max-w-full rounded-full\" src=\"https:\/\/www.editions-tissot.fr\/_next\/image?url=https%3A%2F%2Fwww.editions-tissot.fr%2Fotis%2Fmedia%2FPortraits-Tissot-046-2023_-Gilles-Piel-2.jpg&amp;w=750&amp;q=90\"><\/a><\/div>\n<div class=\"grow text-left align-middle text-color-default\">\n<p class=\"my-2 text-2xl font-bold\"><a href=\"https:\/\/www.editions-tissot.fr\/actualite\/auteur\/axel-wantz\" target=\"_blank\" rel=\"nofollow\">Axel Wantz<\/a><\/p>\n<p class=\"my-2 text-xl font-semibold\">Juriste en droit social et r\u00e9dacteur au sein des Editions Tissot<\/p>\n<\/div>\n<\/div>\n<p>accidentdutravail-idf.net vous a pr\u00e9par\u00e9 ce post qui informe du sujet \u00ab\u00a0Association Sportive Huisson-Longueville Essonne\u00a0\u00bb. La chronique se veut g\u00e9n\u00e9r\u00e9e du mieux possible. Vous pouvez utiliser les coordonn\u00e9es indiqu\u00e9es sur le site dans le but d\u2019apporter des explications sur ce post qui parle du th\u00e8me \u00ab\u00a0Association Sportive Huisson-Longueville Essonne\u00a0\u00bb. Le site accidentdutravail-idf.net a pour but de fournir diverses publications sur la th\u00e9matique Association Sportive Huisson-Longueville Essonne diffus\u00e9es sur le net. Il y aura plusieurs articles autour du sujet \u00ab\u00a0Association Sportive Huisson-Longueville Essonne\u00a0\u00bb dans quelques jours, nous vous invitons \u00e0 naviguer sur notre site web \u00e0 plusieurs reprises.<\/p>\n","protected":false},"excerpt":{"rendered":"<p>Accident du travail mortel : l\u2019Inspection du travail doit \u00eatre inform\u00e9e 759 accidents du travail mortels sont survenus en France au cours de l\u2019ann\u00e9e 2023. Si, en tant qu\u2019employeur, vous vous retrouvez confront\u00e9 \u00e0 cet \u00e9v\u00e8nement tragique, sachez que&nbsp;vous avez l\u2019obligation d\u2019en informer l\u2019Inspection du travail. Non, il n\u2019existe aucun cas de dispense en la &hellip; <\/p>\n<p class=\"link-more\"><a href=\"https:\/\/www.accidentdutravail-idf.net\/blog\/ai-je-le-droit-de-ne-pas-declarer-la-survenance-dun-accident-du-travail-mortel-a-linspection-du-travail\/\" class=\"more-link\">Continuer la lecture <span class=\"screen-reader-text\"> \u00ab\u00a0Ai-je le droit de ne pas d\u00e9clarer la survenance d\u2019un accident du travail mortel \u00e0 l\u2019Inspection du travail\u00a0\u00bb<\/span><\/a><\/p>\n","protected":false},"author":2,"featured_media":0,"comment_status":"closed","ping_status":"closed","sticky":false,"template":"","format":"standard","meta":{"footnotes":""},"categories":[5],"tags":[],"class_list":["post-1160","post","type-post","status-publish","format-standard","hentry","category-securite-du-travail-en-ile-de-france-et-divers","entry"],"yoast_head":"<!-- This site is optimized with the Yoast SEO plugin v27.5 - https:\/\/yoast.com\/product\/yoast-seo-wordpress\/ -->\n<title>Ai-je le droit de ne pas d\u00e9clarer la survenance d\u2019un accident du travail mortel \u00e0 l\u2019Inspection du travail - ACCIDENTDUTRAVAIL-IDF<\/title>\n<meta name=\"description\" content=\"Ai-je le droit de ne pas d\u00e9clarer la survenance d\u2019un accident du travail mortel \u00e0 l\u2019Inspection du travail article de ACCIDENTDUTRAVAIL-IDF\" \/>\n<meta name=\"robots\" content=\"index, follow, max-snippet:-1, max-image-preview:large, max-video-preview:-1\" \/>\n<link rel=\"canonical\" href=\"https:\/\/www.accidentdutravail-idf.net\/blog\/ai-je-le-droit-de-ne-pas-declarer-la-survenance-dun-accident-du-travail-mortel-a-linspection-du-travail\/\" \/>\n<meta property=\"og:locale\" content=\"fr_FR\" \/>\n<meta property=\"og:type\" content=\"article\" \/>\n<meta property=\"og:title\" content=\"Ai-je le droit de ne pas d\u00e9clarer la survenance d\u2019un accident du travail mortel \u00e0 l\u2019Inspection du travail - ACCIDENTDUTRAVAIL-IDF\" \/>\n<meta property=\"og:description\" content=\"Ai-je le droit de ne pas d\u00e9clarer la survenance d\u2019un accident du travail mortel \u00e0 l\u2019Inspection du travail article de ACCIDENTDUTRAVAIL-IDF\" \/>\n<meta property=\"og:url\" content=\"https:\/\/www.accidentdutravail-idf.net\/blog\/ai-je-le-droit-de-ne-pas-declarer-la-survenance-dun-accident-du-travail-mortel-a-linspection-du-travail\/\" \/>\n<meta property=\"og:site_name\" content=\"ACCIDENTDUTRAVAIL-IDF\" \/>\n<meta property=\"article:published_time\" content=\"2025-01-08T21:00:00+00:00\" \/>\n<meta property=\"og:image\" content=\"https:\/\/www.editions-tissot.fr\/_next\/image?url=https%3A%2F%2Fwww.editions-tissot.fr%2Fotis%2Fmedia%2FPortraits-Tissot-046-2023_-Gilles-Piel-2.jpg&amp;w=750&amp;q=90\" \/>\n<meta name=\"author\" content=\"Carlos Poulain\" \/>\n<meta name=\"twitter:card\" content=\"summary_large_image\" \/>\n<meta name=\"twitter:label1\" content=\"\u00c9crit par\" \/>\n\t<meta name=\"twitter:data1\" content=\"Carlos Poulain\" \/>\n\t<meta name=\"twitter:label2\" content=\"Dur\u00e9e de lecture estim\u00e9e\" \/>\n\t<meta name=\"twitter:data2\" content=\"3 minutes\" \/>\n<script type=\"application\/ld+json\" class=\"yoast-schema-graph\">{\"@context\":\"https:\\\/\\\/schema.org\",\"@graph\":[{\"@type\":\"Article\",\"@id\":\"https:\\\/\\\/www.accidentdutravail-idf.net\\\/blog\\\/ai-je-le-droit-de-ne-pas-declarer-la-survenance-dun-accident-du-travail-mortel-a-linspection-du-travail\\\/#article\",\"isPartOf\":{\"@id\":\"https:\\\/\\\/www.accidentdutravail-idf.net\\\/blog\\\/ai-je-le-droit-de-ne-pas-declarer-la-survenance-dun-accident-du-travail-mortel-a-linspection-du-travail\\\/\"},\"author\":{\"name\":\"Carlos Poulain\",\"@id\":\"https:\\\/\\\/www.accidentdutravail-idf.net\\\/blog\\\/#\\\/schema\\\/person\\\/3255d2f970de45e64bd9201f38e7b947\"},\"headline\":\"Ai-je le droit de ne pas d\u00e9clarer la survenance d\u2019un accident du travail mortel \u00e0 l\u2019Inspection du travail\",\"datePublished\":\"2025-01-08T21:00:00+00:00\",\"mainEntityOfPage\":{\"@id\":\"https:\\\/\\\/www.accidentdutravail-idf.net\\\/blog\\\/ai-je-le-droit-de-ne-pas-declarer-la-survenance-dun-accident-du-travail-mortel-a-linspection-du-travail\\\/\"},\"wordCount\":574,\"publisher\":{\"@id\":\"https:\\\/\\\/www.accidentdutravail-idf.net\\\/blog\\\/#organization\"},\"image\":{\"@id\":\"https:\\\/\\\/www.accidentdutravail-idf.net\\\/blog\\\/ai-je-le-droit-de-ne-pas-declarer-la-survenance-dun-accident-du-travail-mortel-a-linspection-du-travail\\\/#primaryimage\"},\"thumbnailUrl\":\"https:\\\/\\\/www.editions-tissot.fr\\\/_next\\\/image?url=https%3A%2F%2Fwww.editions-tissot.fr%2Fotis%2Fmedia%2FPortraits-Tissot-046-2023_-Gilles-Piel-2.jpg&amp;w=750&amp;q=90\",\"articleSection\":[\"S\u00e9curit\u00e9 Du Travail En Ile-De-France Et Divers:\"],\"inLanguage\":\"fr-FR\"},{\"@type\":\"WebPage\",\"@id\":\"https:\\\/\\\/www.accidentdutravail-idf.net\\\/blog\\\/ai-je-le-droit-de-ne-pas-declarer-la-survenance-dun-accident-du-travail-mortel-a-linspection-du-travail\\\/\",\"url\":\"https:\\\/\\\/www.accidentdutravail-idf.net\\\/blog\\\/ai-je-le-droit-de-ne-pas-declarer-la-survenance-dun-accident-du-travail-mortel-a-linspection-du-travail\\\/\",\"name\":\"Ai-je le droit de ne pas d\u00e9clarer la survenance d\u2019un accident du travail mortel \u00e0 l\u2019Inspection du travail - ACCIDENTDUTRAVAIL-IDF\",\"isPartOf\":{\"@id\":\"https:\\\/\\\/www.accidentdutravail-idf.net\\\/blog\\\/#website\"},\"primaryImageOfPage\":{\"@id\":\"https:\\\/\\\/www.accidentdutravail-idf.net\\\/blog\\\/ai-je-le-droit-de-ne-pas-declarer-la-survenance-dun-accident-du-travail-mortel-a-linspection-du-travail\\\/#primaryimage\"},\"image\":{\"@id\":\"https:\\\/\\\/www.accidentdutravail-idf.net\\\/blog\\\/ai-je-le-droit-de-ne-pas-declarer-la-survenance-dun-accident-du-travail-mortel-a-linspection-du-travail\\\/#primaryimage\"},\"thumbnailUrl\":\"https:\\\/\\\/www.editions-tissot.fr\\\/_next\\\/image?url=https%3A%2F%2Fwww.editions-tissot.fr%2Fotis%2Fmedia%2FPortraits-Tissot-046-2023_-Gilles-Piel-2.jpg&amp;w=750&amp;q=90\",\"datePublished\":\"2025-01-08T21:00:00+00:00\",\"description\":\"Ai-je le droit de ne pas d\u00e9clarer la survenance d\u2019un accident du travail mortel \u00e0 l\u2019Inspection du travail article de ACCIDENTDUTRAVAIL-IDF\",\"breadcrumb\":{\"@id\":\"https:\\\/\\\/www.accidentdutravail-idf.net\\\/blog\\\/ai-je-le-droit-de-ne-pas-declarer-la-survenance-dun-accident-du-travail-mortel-a-linspection-du-travail\\\/#breadcrumb\"},\"inLanguage\":\"fr-FR\",\"potentialAction\":[{\"@type\":\"ReadAction\",\"target\":[\"https:\\\/\\\/www.accidentdutravail-idf.net\\\/blog\\\/ai-je-le-droit-de-ne-pas-declarer-la-survenance-dun-accident-du-travail-mortel-a-linspection-du-travail\\\/\"]}]},{\"@type\":\"ImageObject\",\"inLanguage\":\"fr-FR\",\"@id\":\"https:\\\/\\\/www.accidentdutravail-idf.net\\\/blog\\\/ai-je-le-droit-de-ne-pas-declarer-la-survenance-dun-accident-du-travail-mortel-a-linspection-du-travail\\\/#primaryimage\",\"url\":\"https:\\\/\\\/www.editions-tissot.fr\\\/_next\\\/image?url=https%3A%2F%2Fwww.editions-tissot.fr%2Fotis%2Fmedia%2FPortraits-Tissot-046-2023_-Gilles-Piel-2.jpg&amp;w=750&amp;q=90\",\"contentUrl\":\"https:\\\/\\\/www.editions-tissot.fr\\\/_next\\\/image?url=https%3A%2F%2Fwww.editions-tissot.fr%2Fotis%2Fmedia%2FPortraits-Tissot-046-2023_-Gilles-Piel-2.jpg&amp;w=750&amp;q=90\"},{\"@type\":\"BreadcrumbList\",\"@id\":\"https:\\\/\\\/www.accidentdutravail-idf.net\\\/blog\\\/ai-je-le-droit-de-ne-pas-declarer-la-survenance-dun-accident-du-travail-mortel-a-linspection-du-travail\\\/#breadcrumb\",\"itemListElement\":[{\"@type\":\"ListItem\",\"position\":1,\"name\":\"Accueil\",\"item\":\"https:\\\/\\\/www.accidentdutravail-idf.net\\\/blog\\\/\"},{\"@type\":\"ListItem\",\"position\":2,\"name\":\"Ai-je le droit de ne pas d\u00e9clarer la survenance d\u2019un accident du travail mortel \u00e0 l\u2019Inspection du travail\"}]},{\"@type\":\"WebSite\",\"@id\":\"https:\\\/\\\/www.accidentdutravail-idf.net\\\/blog\\\/#website\",\"url\":\"https:\\\/\\\/www.accidentdutravail-idf.net\\\/blog\\\/\",\"name\":\"ACCIDENTDUTRAVAIL-IDF\",\"description\":\"Portail accidents du travail-maladies professionnelles des entreprises d&#039;Ile-de-France\",\"publisher\":{\"@id\":\"https:\\\/\\\/www.accidentdutravail-idf.net\\\/blog\\\/#organization\"},\"potentialAction\":[{\"@type\":\"SearchAction\",\"target\":{\"@type\":\"EntryPoint\",\"urlTemplate\":\"https:\\\/\\\/www.accidentdutravail-idf.net\\\/blog\\\/?s={search_term_string}\"},\"query-input\":{\"@type\":\"PropertyValueSpecification\",\"valueRequired\":true,\"valueName\":\"search_term_string\"}}],\"inLanguage\":\"fr-FR\"},{\"@type\":\"Organization\",\"@id\":\"https:\\\/\\\/www.accidentdutravail-idf.net\\\/blog\\\/#organization\",\"name\":\"accidentdutravail-idf\",\"url\":\"https:\\\/\\\/www.accidentdutravail-idf.net\\\/blog\\\/\",\"logo\":{\"@type\":\"ImageObject\",\"inLanguage\":\"fr-FR\",\"@id\":\"https:\\\/\\\/www.accidentdutravail-idf.net\\\/blog\\\/#\\\/schema\\\/logo\\\/image\\\/\",\"url\":\"https:\\\/\\\/www.accidentdutravail-idf.net\\\/blog\\\/wp-content\\\/uploads\\\/2022\\\/09\\\/logo-2.png\",\"contentUrl\":\"https:\\\/\\\/www.accidentdutravail-idf.net\\\/blog\\\/wp-content\\\/uploads\\\/2022\\\/09\\\/logo-2.png\",\"width\":380,\"height\":291,\"caption\":\"accidentdutravail-idf\"},\"image\":{\"@id\":\"https:\\\/\\\/www.accidentdutravail-idf.net\\\/blog\\\/#\\\/schema\\\/logo\\\/image\\\/\"}},{\"@type\":\"Person\",\"@id\":\"https:\\\/\\\/www.accidentdutravail-idf.net\\\/blog\\\/#\\\/schema\\\/person\\\/3255d2f970de45e64bd9201f38e7b947\",\"name\":\"Carlos Poulain\",\"image\":{\"@type\":\"ImageObject\",\"inLanguage\":\"fr-FR\",\"@id\":\"https:\\\/\\\/secure.gravatar.com\\\/avatar\\\/b1c2f9d3588e34e91adb093635df64ef4b2381991216be7576466cfcdca4baf3?s=96&d=mm&r=g\",\"url\":\"https:\\\/\\\/secure.gravatar.com\\\/avatar\\\/b1c2f9d3588e34e91adb093635df64ef4b2381991216be7576466cfcdca4baf3?s=96&d=mm&r=g\",\"contentUrl\":\"https:\\\/\\\/secure.gravatar.com\\\/avatar\\\/b1c2f9d3588e34e91adb093635df64ef4b2381991216be7576466cfcdca4baf3?s=96&d=mm&r=g\",\"caption\":\"Carlos Poulain\"},\"url\":\"https:\\\/\\\/www.accidentdutravail-idf.net\\\/blog\\\/author\\\/idfcarlos\\\/\"}]}<\/script>\n<!-- \/ Yoast SEO plugin. -->","yoast_head_json":{"title":"Ai-je le droit de ne pas d\u00e9clarer la survenance d\u2019un accident du travail mortel \u00e0 l\u2019Inspection du travail - ACCIDENTDUTRAVAIL-IDF","description":"Ai-je le droit de ne pas d\u00e9clarer la survenance d\u2019un accident du travail mortel \u00e0 l\u2019Inspection du travail article de ACCIDENTDUTRAVAIL-IDF","robots":{"index":"index","follow":"follow","max-snippet":"max-snippet:-1","max-image-preview":"max-image-preview:large","max-video-preview":"max-video-preview:-1"},"canonical":"https:\/\/www.accidentdutravail-idf.net\/blog\/ai-je-le-droit-de-ne-pas-declarer-la-survenance-dun-accident-du-travail-mortel-a-linspection-du-travail\/","og_locale":"fr_FR","og_type":"article","og_title":"Ai-je le droit de ne pas d\u00e9clarer la survenance d\u2019un accident du travail mortel \u00e0 l\u2019Inspection du travail - ACCIDENTDUTRAVAIL-IDF","og_description":"Ai-je le droit de ne pas d\u00e9clarer la survenance d\u2019un accident du travail mortel \u00e0 l\u2019Inspection du travail article de ACCIDENTDUTRAVAIL-IDF","og_url":"https:\/\/www.accidentdutravail-idf.net\/blog\/ai-je-le-droit-de-ne-pas-declarer-la-survenance-dun-accident-du-travail-mortel-a-linspection-du-travail\/","og_site_name":"ACCIDENTDUTRAVAIL-IDF","article_published_time":"2025-01-08T21:00:00+00:00","og_image":[{"url":"https:\/\/www.editions-tissot.fr\/_next\/image?url=https%3A%2F%2Fwww.editions-tissot.fr%2Fotis%2Fmedia%2FPortraits-Tissot-046-2023_-Gilles-Piel-2.jpg&amp;w=750&amp;q=90","type":"","width":"","height":""}],"author":"Carlos Poulain","twitter_card":"summary_large_image","twitter_misc":{"\u00c9crit par":"Carlos Poulain","Dur\u00e9e de lecture estim\u00e9e":"3 minutes"},"schema":{"@context":"https:\/\/schema.org","@graph":[{"@type":"Article","@id":"https:\/\/www.accidentdutravail-idf.net\/blog\/ai-je-le-droit-de-ne-pas-declarer-la-survenance-dun-accident-du-travail-mortel-a-linspection-du-travail\/#article","isPartOf":{"@id":"https:\/\/www.accidentdutravail-idf.net\/blog\/ai-je-le-droit-de-ne-pas-declarer-la-survenance-dun-accident-du-travail-mortel-a-linspection-du-travail\/"},"author":{"name":"Carlos Poulain","@id":"https:\/\/www.accidentdutravail-idf.net\/blog\/#\/schema\/person\/3255d2f970de45e64bd9201f38e7b947"},"headline":"Ai-je le droit de ne pas d\u00e9clarer la survenance d\u2019un accident du travail mortel \u00e0 l\u2019Inspection du travail","datePublished":"2025-01-08T21:00:00+00:00","mainEntityOfPage":{"@id":"https:\/\/www.accidentdutravail-idf.net\/blog\/ai-je-le-droit-de-ne-pas-declarer-la-survenance-dun-accident-du-travail-mortel-a-linspection-du-travail\/"},"wordCount":574,"publisher":{"@id":"https:\/\/www.accidentdutravail-idf.net\/blog\/#organization"},"image":{"@id":"https:\/\/www.accidentdutravail-idf.net\/blog\/ai-je-le-droit-de-ne-pas-declarer-la-survenance-dun-accident-du-travail-mortel-a-linspection-du-travail\/#primaryimage"},"thumbnailUrl":"https:\/\/www.editions-tissot.fr\/_next\/image?url=https%3A%2F%2Fwww.editions-tissot.fr%2Fotis%2Fmedia%2FPortraits-Tissot-046-2023_-Gilles-Piel-2.jpg&amp;w=750&amp;q=90","articleSection":["S\u00e9curit\u00e9 Du Travail En Ile-De-France Et Divers:"],"inLanguage":"fr-FR"},{"@type":"WebPage","@id":"https:\/\/www.accidentdutravail-idf.net\/blog\/ai-je-le-droit-de-ne-pas-declarer-la-survenance-dun-accident-du-travail-mortel-a-linspection-du-travail\/","url":"https:\/\/www.accidentdutravail-idf.net\/blog\/ai-je-le-droit-de-ne-pas-declarer-la-survenance-dun-accident-du-travail-mortel-a-linspection-du-travail\/","name":"Ai-je le droit de ne pas d\u00e9clarer la survenance d\u2019un accident du travail mortel \u00e0 l\u2019Inspection du travail - ACCIDENTDUTRAVAIL-IDF","isPartOf":{"@id":"https:\/\/www.accidentdutravail-idf.net\/blog\/#website"},"primaryImageOfPage":{"@id":"https:\/\/www.accidentdutravail-idf.net\/blog\/ai-je-le-droit-de-ne-pas-declarer-la-survenance-dun-accident-du-travail-mortel-a-linspection-du-travail\/#primaryimage"},"image":{"@id":"https:\/\/www.accidentdutravail-idf.net\/blog\/ai-je-le-droit-de-ne-pas-declarer-la-survenance-dun-accident-du-travail-mortel-a-linspection-du-travail\/#primaryimage"},"thumbnailUrl":"https:\/\/www.editions-tissot.fr\/_next\/image?url=https%3A%2F%2Fwww.editions-tissot.fr%2Fotis%2Fmedia%2FPortraits-Tissot-046-2023_-Gilles-Piel-2.jpg&amp;w=750&amp;q=90","datePublished":"2025-01-08T21:00:00+00:00","description":"Ai-je le droit de ne pas d\u00e9clarer la survenance d\u2019un accident du travail mortel \u00e0 l\u2019Inspection du travail article de ACCIDENTDUTRAVAIL-IDF","breadcrumb":{"@id":"https:\/\/www.accidentdutravail-idf.net\/blog\/ai-je-le-droit-de-ne-pas-declarer-la-survenance-dun-accident-du-travail-mortel-a-linspection-du-travail\/#breadcrumb"},"inLanguage":"fr-FR","potentialAction":[{"@type":"ReadAction","target":["https:\/\/www.accidentdutravail-idf.net\/blog\/ai-je-le-droit-de-ne-pas-declarer-la-survenance-dun-accident-du-travail-mortel-a-linspection-du-travail\/"]}]},{"@type":"ImageObject","inLanguage":"fr-FR","@id":"https:\/\/www.accidentdutravail-idf.net\/blog\/ai-je-le-droit-de-ne-pas-declarer-la-survenance-dun-accident-du-travail-mortel-a-linspection-du-travail\/#primaryimage","url":"https:\/\/www.editions-tissot.fr\/_next\/image?url=https%3A%2F%2Fwww.editions-tissot.fr%2Fotis%2Fmedia%2FPortraits-Tissot-046-2023_-Gilles-Piel-2.jpg&amp;w=750&amp;q=90","contentUrl":"https:\/\/www.editions-tissot.fr\/_next\/image?url=https%3A%2F%2Fwww.editions-tissot.fr%2Fotis%2Fmedia%2FPortraits-Tissot-046-2023_-Gilles-Piel-2.jpg&amp;w=750&amp;q=90"},{"@type":"BreadcrumbList","@id":"https:\/\/www.accidentdutravail-idf.net\/blog\/ai-je-le-droit-de-ne-pas-declarer-la-survenance-dun-accident-du-travail-mortel-a-linspection-du-travail\/#breadcrumb","itemListElement":[{"@type":"ListItem","position":1,"name":"Accueil","item":"https:\/\/www.accidentdutravail-idf.net\/blog\/"},{"@type":"ListItem","position":2,"name":"Ai-je le droit de ne pas d\u00e9clarer la survenance d\u2019un accident du travail mortel \u00e0 l\u2019Inspection du travail"}]},{"@type":"WebSite","@id":"https:\/\/www.accidentdutravail-idf.net\/blog\/#website","url":"https:\/\/www.accidentdutravail-idf.net\/blog\/","name":"ACCIDENTDUTRAVAIL-IDF","description":"Portail accidents du travail-maladies professionnelles des entreprises d&#039;Ile-de-France","publisher":{"@id":"https:\/\/www.accidentdutravail-idf.net\/blog\/#organization"},"potentialAction":[{"@type":"SearchAction","target":{"@type":"EntryPoint","urlTemplate":"https:\/\/www.accidentdutravail-idf.net\/blog\/?s={search_term_string}"},"query-input":{"@type":"PropertyValueSpecification","valueRequired":true,"valueName":"search_term_string"}}],"inLanguage":"fr-FR"},{"@type":"Organization","@id":"https:\/\/www.accidentdutravail-idf.net\/blog\/#organization","name":"accidentdutravail-idf","url":"https:\/\/www.accidentdutravail-idf.net\/blog\/","logo":{"@type":"ImageObject","inLanguage":"fr-FR","@id":"https:\/\/www.accidentdutravail-idf.net\/blog\/#\/schema\/logo\/image\/","url":"https:\/\/www.accidentdutravail-idf.net\/blog\/wp-content\/uploads\/2022\/09\/logo-2.png","contentUrl":"https:\/\/www.accidentdutravail-idf.net\/blog\/wp-content\/uploads\/2022\/09\/logo-2.png","width":380,"height":291,"caption":"accidentdutravail-idf"},"image":{"@id":"https:\/\/www.accidentdutravail-idf.net\/blog\/#\/schema\/logo\/image\/"}},{"@type":"Person","@id":"https:\/\/www.accidentdutravail-idf.net\/blog\/#\/schema\/person\/3255d2f970de45e64bd9201f38e7b947","name":"Carlos Poulain","image":{"@type":"ImageObject","inLanguage":"fr-FR","@id":"https:\/\/secure.gravatar.com\/avatar\/b1c2f9d3588e34e91adb093635df64ef4b2381991216be7576466cfcdca4baf3?s=96&d=mm&r=g","url":"https:\/\/secure.gravatar.com\/avatar\/b1c2f9d3588e34e91adb093635df64ef4b2381991216be7576466cfcdca4baf3?s=96&d=mm&r=g","contentUrl":"https:\/\/secure.gravatar.com\/avatar\/b1c2f9d3588e34e91adb093635df64ef4b2381991216be7576466cfcdca4baf3?s=96&d=mm&r=g","caption":"Carlos Poulain"},"url":"https:\/\/www.accidentdutravail-idf.net\/blog\/author\/idfcarlos\/"}]}},"_links":{"self":[{"href":"https:\/\/www.accidentdutravail-idf.net\/blog\/wp-json\/wp\/v2\/posts\/1160","targetHints":{"allow":["GET"]}}],"collection":[{"href":"https:\/\/www.accidentdutravail-idf.net\/blog\/wp-json\/wp\/v2\/posts"}],"about":[{"href":"https:\/\/www.accidentdutravail-idf.net\/blog\/wp-json\/wp\/v2\/types\/post"}],"author":[{"embeddable":true,"href":"https:\/\/www.accidentdutravail-idf.net\/blog\/wp-json\/wp\/v2\/users\/2"}],"replies":[{"embeddable":true,"href":"https:\/\/www.accidentdutravail-idf.net\/blog\/wp-json\/wp\/v2\/comments?post=1160"}],"version-history":[{"count":0,"href":"https:\/\/www.accidentdutravail-idf.net\/blog\/wp-json\/wp\/v2\/posts\/1160\/revisions"}],"wp:attachment":[{"href":"https:\/\/www.accidentdutravail-idf.net\/blog\/wp-json\/wp\/v2\/media?parent=1160"}],"wp:term":[{"taxonomy":"category","embeddable":true,"href":"https:\/\/www.accidentdutravail-idf.net\/blog\/wp-json\/wp\/v2\/categories?post=1160"},{"taxonomy":"post_tag","embeddable":true,"href":"https:\/\/www.accidentdutravail-idf.net\/blog\/wp-json\/wp\/v2\/tags?post=1160"}],"curies":[{"name":"wp","href":"https:\/\/api.w.org\/{rel}","templated":true}]}}