{"id":1157,"date":"2025-01-08T08:00:00","date_gmt":"2025-01-08T07:00:00","guid":{"rendered":"https:\/\/www.accidentdutravail-idf.net\/blog\/video-de-laccident-du-travail-a-la-prevention-du-suicide-la-msa-au-service-des-agriculteurs\/"},"modified":"2025-01-08T08:00:00","modified_gmt":"2025-01-08T07:00:00","slug":"video-de-laccident-du-travail-a-la-prevention-du-suicide-la-msa-au-service-des-agriculteurs","status":"publish","type":"post","link":"https:\/\/www.accidentdutravail-idf.net\/blog\/video-de-laccident-du-travail-a-la-prevention-du-suicide-la-msa-au-service-des-agriculteurs\/","title":{"rendered":"VID\u00c9O &#8211; De l&rsquo;accident du travail \u00e0 la pr\u00e9vention du suicide : la MSA au service des agriculteurs"},"content":{"rendered":"<p><!-- HTML_TAG_START -->Romain, paysan fabricant de farine, pain et fromage, ne s&rsquo;attendait pas \u00e0 recevoir autant de soutien apr\u00e8s son accident du travail. \u00ab\u00a0<em>En tant qu&rsquo;exploitant agricole \u00e0 notre compte, on n&rsquo;a pas forc\u00e9ment l&rsquo;id\u00e9e que la MSA puisse nous accompagner<\/em>\u00ab\u00a0, confie-t-il. Pourtant, gr\u00e2ce \u00e0 l&rsquo;intervention de Valentin, travailleur social de la MSA, Romain a pu b\u00e9n\u00e9ficier d&rsquo;indemnit\u00e9s lui permettant d&#8217;embaucher un rempla\u00e7ant pendant son arr\u00eat.<!-- HTML_TAG_END --><\/p>\n<div class=\"EmbedInread svelte-18lc864\">\n<div class=\"AdsSlot svelte-d523tf inread forceDisplay\"> <img decoding=\"async\" src=\"https:\/\/www.francebleu.fr\/client\/immutable\/assets\/logo-ici-sad.C8Ts0-h1.svg\" alt width=\"50\" height=\"41\" class=\"svelte-d523tf\"> <\/div>\n<\/p><\/div>\n<p> <a href=\"https:\/\/www.youtube.com\/watch?v=YEE5Bkq0RIY\" target=\"_blank\" rel=\"noopener noreferrer nofollow\" class=\"Youtube svelte-15adm43\"><\/p>\n<p>REPORTAGE DIX ANS DES SENTINELLES ACTIFS AGRICOLES EN DIFICULTE<\/p>\n<p> <button class=\"PlayButton svelte-9vfnbg\"><\/button> <\/a> <\/p>\n<h2><!-- HTML_TAG_START -->Des solutions concr\u00e8tes pour adapter le travail<!-- HTML_TAG_END --><\/h2>\n<p><!-- HTML_TAG_START -->La MSA ne se contente pas de fournir une aide financi\u00e8re. Valentin explique&nbsp;: \u00ab\u00a0<em>On explique les diff\u00e9rents droits mobilisables, notamment l&rsquo;arr\u00eat de travail et les indemnit\u00e9s journali\u00e8res qui y sont li\u00e9es. Et apr\u00e8s, toute la r\u00e9flexion peut \u00eatre sur des am\u00e9nagements qui pourraient \u00eatre r\u00e9fl\u00e9chis ou des changements au niveau de l&rsquo;exploitation<\/em>.\u00a0\u00bb Dans le cas de Romain, un ergonome a propos\u00e9 des adaptations de l&rsquo;outil de travail pour faire face \u00e0 ses probl\u00e8mes de dos.<!-- HTML_TAG_END --><\/p>\n<div class=\"Visual svelte-oc3dae\">\n<div class=\"svelte-1oajubz\">\n<figure class=\"Figure svelte-1qxh27b\">\n<div class=\"svelte-1qxh27b\"><img decoding=\"async\" class=\"VisualPreview svelte-1rldrkz\" src=\"https:\/\/www.accidentdutravail-idf.net\/blog\/wp-content\/uploads\/2025\/01\/video-de-laccident-du-travail-a-la-prevention-du-suicide-la-msa-au-service-des-agriculteurs.jpg\" alt=\"Ce r\u00e9seau de sentinelles, coupl\u00e9 \u00e0 une ligne d'\u00e9coute sp\u00e9cifique, vient compl\u00e9ter le dispositif national de pr\u00e9vention du suicide.\" width=\"600\" height=\"337\"> <\/div><figcaption class=\"FigCaption g-body-3 svelte-10ri9z3\"><span>Ce r\u00e9seau de sentinelles, coupl\u00e9 \u00e0 une ligne d&rsquo;\u00e9coute sp\u00e9cifique, vient compl\u00e9ter le dispositif national de pr\u00e9vention du suicide.<\/span> <span>\u00a9 France T\u00e9l\u00e9visions<\/span> <\/figcaption><\/figure>\n<\/p><\/div>\n<\/p><\/div>\n<h2><!-- HTML_TAG_START -->Au-del\u00e0 du physique&nbsp;: la sant\u00e9 mentale des agriculteurs<!-- HTML_TAG_END --><\/h2>\n<p> <a target=\"_blank\" rel=\"nofollow noopener noreferrer\" class=\"Link g-label-link svelte-13d32k1\" href=\"https:\/\/www.msa.fr\/lfp\/solidarite\/prevention-suicide\"><!-- HTML_TAG_START -->La MSA ne n\u00e9glige pas non plus la sant\u00e9 mentale des agriculteurs<!-- HTML_TAG_END --><\/a><!-- HTML_TAG_START -->, souvent mise \u00e0 rude \u00e9preuve. Depuis 2001, 1350 \u00ab\u00a0sentinelles\u00a0\u00bb ont \u00e9t\u00e9 form\u00e9es en Finist\u00e8re et C\u00f4tes-d&rsquo;Armor pour rep\u00e9rer les signes de d\u00e9tresse psychologique. Marie, agricultrice et sentinelle, t\u00e9moigne anonymement&nbsp;: \u00ab\u00a0<em>Le but est d&rsquo;\u00eatre \u00e0 l&rsquo;\u00e9coute des gens, de discuter, de voir si aujourd&rsquo;hui \u00e7a ne va pas bien. Et donc essayer de lui parler en t\u00eate-\u00e0-t\u00eate et de lui demander&nbsp;: je vois que tu ne vas pas bien, est-ce que tu as besoin d&rsquo;aide&nbsp;?<\/em>\u00ab\u00a0<!-- HTML_TAG_END --><\/p>\n<h2><!-- HTML_TAG_START -->Un dispositif qui sauve des vies<!-- HTML_TAG_END --><\/h2>\n<p><!-- HTML_TAG_START -->Ce r\u00e9seau de sentinelles, coupl\u00e9 \u00e0 une ligne d&rsquo;\u00e9coute sp\u00e9cifique, vient compl\u00e9ter le dispositif national de pr\u00e9vention du suicide. Selon la MSA, ces initiatives ont permis d&rsquo;\u00e9viter de nombreux drames, prouvant l&rsquo;importance cruciale de ce soutien multiforme pour la communaut\u00e9 agricole.<!-- HTML_TAG_END --><\/p>\n<p>accidentdutravail-idf.net vous a pr\u00e9par\u00e9 ce post qui informe du sujet \u00ab\u00a0Association Sportive Huisson-Longueville Essonne\u00a0\u00bb. La chronique se veut g\u00e9n\u00e9r\u00e9e du mieux possible. Vous pouvez utiliser les coordonn\u00e9es indiqu\u00e9es sur le site dans le but d\u2019apporter des explications sur ce post qui parle du th\u00e8me \u00ab\u00a0Association Sportive Huisson-Longueville Essonne\u00a0\u00bb. Le site accidentdutravail-idf.net a pour but de fournir diverses publications sur la th\u00e9matique Association Sportive Huisson-Longueville Essonne diffus\u00e9es sur le net. Il y aura plusieurs articles autour du sujet \u00ab\u00a0Association Sportive Huisson-Longueville Essonne\u00a0\u00bb dans quelques jours, nous vous invitons \u00e0 naviguer sur notre site web \u00e0 plusieurs reprises.<\/p>\n","protected":false},"excerpt":{"rendered":"<p>Romain, paysan fabricant de farine, pain et fromage, ne s&rsquo;attendait pas \u00e0 recevoir autant de soutien apr\u00e8s son accident du travail. \u00ab\u00a0En tant qu&rsquo;exploitant agricole \u00e0 notre compte, on n&rsquo;a pas forc\u00e9ment l&rsquo;id\u00e9e que la MSA puisse nous accompagner\u00ab\u00a0, confie-t-il. Pourtant, gr\u00e2ce \u00e0 l&rsquo;intervention de Valentin, travailleur social de la MSA, Romain a pu b\u00e9n\u00e9ficier &hellip; <\/p>\n<p class=\"link-more\"><a href=\"https:\/\/www.accidentdutravail-idf.net\/blog\/video-de-laccident-du-travail-a-la-prevention-du-suicide-la-msa-au-service-des-agriculteurs\/\" class=\"more-link\">Continuer la lecture <span class=\"screen-reader-text\"> \u00ab\u00a0VID\u00c9O &#8211; De l&rsquo;accident du travail \u00e0 la pr\u00e9vention du suicide : la MSA au service des agriculteurs\u00a0\u00bb<\/span><\/a><\/p>\n","protected":false},"author":2,"featured_media":0,"comment_status":"closed","ping_status":"closed","sticky":false,"template":"","format":"standard","meta":{"footnotes":""},"categories":[5],"tags":[],"class_list":["post-1157","post","type-post","status-publish","format-standard","hentry","category-securite-du-travail-en-ile-de-france-et-divers","entry"],"yoast_head":"<!-- This site is optimized with the Yoast SEO plugin v27.5 - https:\/\/yoast.com\/product\/yoast-seo-wordpress\/ -->\n<title>VID\u00c9O - De l&#039;accident du travail \u00e0 la pr\u00e9vention du suicide : la MSA au service des agriculteurs - ACCIDENTDUTRAVAIL-IDF<\/title>\n<meta name=\"description\" content=\"VID\u00c9O - De l&#039;accident du travail \u00e0 la pr\u00e9vention du suicide : la MSA au service des agriculteurs article de ACCIDENTDUTRAVAIL-IDF\" \/>\n<meta name=\"robots\" content=\"index, follow, max-snippet:-1, max-image-preview:large, max-video-preview:-1\" \/>\n<link rel=\"canonical\" href=\"https:\/\/www.accidentdutravail-idf.net\/blog\/video-de-laccident-du-travail-a-la-prevention-du-suicide-la-msa-au-service-des-agriculteurs\/\" \/>\n<meta property=\"og:locale\" content=\"fr_FR\" \/>\n<meta property=\"og:type\" content=\"article\" \/>\n<meta property=\"og:title\" content=\"VID\u00c9O - De l&#039;accident du travail \u00e0 la pr\u00e9vention du suicide : la MSA au service des agriculteurs - ACCIDENTDUTRAVAIL-IDF\" \/>\n<meta property=\"og:description\" content=\"VID\u00c9O - De l&#039;accident du travail \u00e0 la pr\u00e9vention du suicide : la MSA au service des agriculteurs article de ACCIDENTDUTRAVAIL-IDF\" \/>\n<meta property=\"og:url\" content=\"https:\/\/www.accidentdutravail-idf.net\/blog\/video-de-laccident-du-travail-a-la-prevention-du-suicide-la-msa-au-service-des-agriculteurs\/\" \/>\n<meta property=\"og:site_name\" content=\"ACCIDENTDUTRAVAIL-IDF\" \/>\n<meta property=\"article:published_time\" content=\"2025-01-08T07:00:00+00:00\" \/>\n<meta property=\"og:image\" content=\"https:\/\/www.francebleu.fr\/client\/immutable\/assets\/logo-ici-sad.C8Ts0-h1.svg\" \/>\n<meta name=\"author\" content=\"Carlos Poulain\" \/>\n<meta name=\"twitter:card\" content=\"summary_large_image\" \/>\n<meta name=\"twitter:label1\" content=\"\u00c9crit par\" \/>\n\t<meta name=\"twitter:data1\" content=\"Carlos Poulain\" \/>\n\t<meta name=\"twitter:label2\" content=\"Dur\u00e9e de lecture estim\u00e9e\" \/>\n\t<meta name=\"twitter:data2\" content=\"2 minutes\" \/>\n<script type=\"application\/ld+json\" class=\"yoast-schema-graph\">{\"@context\":\"https:\\\/\\\/schema.org\",\"@graph\":[{\"@type\":\"Article\",\"@id\":\"https:\\\/\\\/www.accidentdutravail-idf.net\\\/blog\\\/video-de-laccident-du-travail-a-la-prevention-du-suicide-la-msa-au-service-des-agriculteurs\\\/#article\",\"isPartOf\":{\"@id\":\"https:\\\/\\\/www.accidentdutravail-idf.net\\\/blog\\\/video-de-laccident-du-travail-a-la-prevention-du-suicide-la-msa-au-service-des-agriculteurs\\\/\"},\"author\":{\"name\":\"Carlos Poulain\",\"@id\":\"https:\\\/\\\/www.accidentdutravail-idf.net\\\/blog\\\/#\\\/schema\\\/person\\\/3255d2f970de45e64bd9201f38e7b947\"},\"headline\":\"VID\u00c9O &#8211; De l&rsquo;accident du travail \u00e0 la pr\u00e9vention du suicide : la MSA au service des agriculteurs\",\"datePublished\":\"2025-01-08T07:00:00+00:00\",\"mainEntityOfPage\":{\"@id\":\"https:\\\/\\\/www.accidentdutravail-idf.net\\\/blog\\\/video-de-laccident-du-travail-a-la-prevention-du-suicide-la-msa-au-service-des-agriculteurs\\\/\"},\"wordCount\":483,\"publisher\":{\"@id\":\"https:\\\/\\\/www.accidentdutravail-idf.net\\\/blog\\\/#organization\"},\"image\":{\"@id\":\"https:\\\/\\\/www.accidentdutravail-idf.net\\\/blog\\\/video-de-laccident-du-travail-a-la-prevention-du-suicide-la-msa-au-service-des-agriculteurs\\\/#primaryimage\"},\"thumbnailUrl\":\"https:\\\/\\\/www.francebleu.fr\\\/client\\\/immutable\\\/assets\\\/logo-ici-sad.C8Ts0-h1.svg\",\"articleSection\":[\"S\u00e9curit\u00e9 Du Travail En Ile-De-France Et Divers:\"],\"inLanguage\":\"fr-FR\"},{\"@type\":\"WebPage\",\"@id\":\"https:\\\/\\\/www.accidentdutravail-idf.net\\\/blog\\\/video-de-laccident-du-travail-a-la-prevention-du-suicide-la-msa-au-service-des-agriculteurs\\\/\",\"url\":\"https:\\\/\\\/www.accidentdutravail-idf.net\\\/blog\\\/video-de-laccident-du-travail-a-la-prevention-du-suicide-la-msa-au-service-des-agriculteurs\\\/\",\"name\":\"VID\u00c9O - De l'accident du travail \u00e0 la pr\u00e9vention du suicide : la MSA au service des agriculteurs - ACCIDENTDUTRAVAIL-IDF\",\"isPartOf\":{\"@id\":\"https:\\\/\\\/www.accidentdutravail-idf.net\\\/blog\\\/#website\"},\"primaryImageOfPage\":{\"@id\":\"https:\\\/\\\/www.accidentdutravail-idf.net\\\/blog\\\/video-de-laccident-du-travail-a-la-prevention-du-suicide-la-msa-au-service-des-agriculteurs\\\/#primaryimage\"},\"image\":{\"@id\":\"https:\\\/\\\/www.accidentdutravail-idf.net\\\/blog\\\/video-de-laccident-du-travail-a-la-prevention-du-suicide-la-msa-au-service-des-agriculteurs\\\/#primaryimage\"},\"thumbnailUrl\":\"https:\\\/\\\/www.francebleu.fr\\\/client\\\/immutable\\\/assets\\\/logo-ici-sad.C8Ts0-h1.svg\",\"datePublished\":\"2025-01-08T07:00:00+00:00\",\"description\":\"VID\u00c9O - De l'accident du travail \u00e0 la pr\u00e9vention du suicide : la MSA au service des agriculteurs article de ACCIDENTDUTRAVAIL-IDF\",\"breadcrumb\":{\"@id\":\"https:\\\/\\\/www.accidentdutravail-idf.net\\\/blog\\\/video-de-laccident-du-travail-a-la-prevention-du-suicide-la-msa-au-service-des-agriculteurs\\\/#breadcrumb\"},\"inLanguage\":\"fr-FR\",\"potentialAction\":[{\"@type\":\"ReadAction\",\"target\":[\"https:\\\/\\\/www.accidentdutravail-idf.net\\\/blog\\\/video-de-laccident-du-travail-a-la-prevention-du-suicide-la-msa-au-service-des-agriculteurs\\\/\"]}]},{\"@type\":\"ImageObject\",\"inLanguage\":\"fr-FR\",\"@id\":\"https:\\\/\\\/www.accidentdutravail-idf.net\\\/blog\\\/video-de-laccident-du-travail-a-la-prevention-du-suicide-la-msa-au-service-des-agriculteurs\\\/#primaryimage\",\"url\":\"https:\\\/\\\/www.francebleu.fr\\\/client\\\/immutable\\\/assets\\\/logo-ici-sad.C8Ts0-h1.svg\",\"contentUrl\":\"https:\\\/\\\/www.francebleu.fr\\\/client\\\/immutable\\\/assets\\\/logo-ici-sad.C8Ts0-h1.svg\"},{\"@type\":\"BreadcrumbList\",\"@id\":\"https:\\\/\\\/www.accidentdutravail-idf.net\\\/blog\\\/video-de-laccident-du-travail-a-la-prevention-du-suicide-la-msa-au-service-des-agriculteurs\\\/#breadcrumb\",\"itemListElement\":[{\"@type\":\"ListItem\",\"position\":1,\"name\":\"Accueil\",\"item\":\"https:\\\/\\\/www.accidentdutravail-idf.net\\\/blog\\\/\"},{\"@type\":\"ListItem\",\"position\":2,\"name\":\"VID\u00c9O &#8211; De l&rsquo;accident du travail \u00e0 la pr\u00e9vention du suicide : la MSA au service des agriculteurs\"}]},{\"@type\":\"WebSite\",\"@id\":\"https:\\\/\\\/www.accidentdutravail-idf.net\\\/blog\\\/#website\",\"url\":\"https:\\\/\\\/www.accidentdutravail-idf.net\\\/blog\\\/\",\"name\":\"ACCIDENTDUTRAVAIL-IDF\",\"description\":\"Portail accidents du travail-maladies professionnelles des entreprises d&#039;Ile-de-France\",\"publisher\":{\"@id\":\"https:\\\/\\\/www.accidentdutravail-idf.net\\\/blog\\\/#organization\"},\"potentialAction\":[{\"@type\":\"SearchAction\",\"target\":{\"@type\":\"EntryPoint\",\"urlTemplate\":\"https:\\\/\\\/www.accidentdutravail-idf.net\\\/blog\\\/?s={search_term_string}\"},\"query-input\":{\"@type\":\"PropertyValueSpecification\",\"valueRequired\":true,\"valueName\":\"search_term_string\"}}],\"inLanguage\":\"fr-FR\"},{\"@type\":\"Organization\",\"@id\":\"https:\\\/\\\/www.accidentdutravail-idf.net\\\/blog\\\/#organization\",\"name\":\"accidentdutravail-idf\",\"url\":\"https:\\\/\\\/www.accidentdutravail-idf.net\\\/blog\\\/\",\"logo\":{\"@type\":\"ImageObject\",\"inLanguage\":\"fr-FR\",\"@id\":\"https:\\\/\\\/www.accidentdutravail-idf.net\\\/blog\\\/#\\\/schema\\\/logo\\\/image\\\/\",\"url\":\"https:\\\/\\\/www.accidentdutravail-idf.net\\\/blog\\\/wp-content\\\/uploads\\\/2022\\\/09\\\/logo-2.png\",\"contentUrl\":\"https:\\\/\\\/www.accidentdutravail-idf.net\\\/blog\\\/wp-content\\\/uploads\\\/2022\\\/09\\\/logo-2.png\",\"width\":380,\"height\":291,\"caption\":\"accidentdutravail-idf\"},\"image\":{\"@id\":\"https:\\\/\\\/www.accidentdutravail-idf.net\\\/blog\\\/#\\\/schema\\\/logo\\\/image\\\/\"}},{\"@type\":\"Person\",\"@id\":\"https:\\\/\\\/www.accidentdutravail-idf.net\\\/blog\\\/#\\\/schema\\\/person\\\/3255d2f970de45e64bd9201f38e7b947\",\"name\":\"Carlos Poulain\",\"image\":{\"@type\":\"ImageObject\",\"inLanguage\":\"fr-FR\",\"@id\":\"https:\\\/\\\/secure.gravatar.com\\\/avatar\\\/b1c2f9d3588e34e91adb093635df64ef4b2381991216be7576466cfcdca4baf3?s=96&d=mm&r=g\",\"url\":\"https:\\\/\\\/secure.gravatar.com\\\/avatar\\\/b1c2f9d3588e34e91adb093635df64ef4b2381991216be7576466cfcdca4baf3?s=96&d=mm&r=g\",\"contentUrl\":\"https:\\\/\\\/secure.gravatar.com\\\/avatar\\\/b1c2f9d3588e34e91adb093635df64ef4b2381991216be7576466cfcdca4baf3?s=96&d=mm&r=g\",\"caption\":\"Carlos Poulain\"},\"url\":\"https:\\\/\\\/www.accidentdutravail-idf.net\\\/blog\\\/author\\\/idfcarlos\\\/\"}]}<\/script>\n<!-- \/ Yoast SEO plugin. -->","yoast_head_json":{"title":"VID\u00c9O - De l'accident du travail \u00e0 la pr\u00e9vention du suicide : la MSA au service des agriculteurs - ACCIDENTDUTRAVAIL-IDF","description":"VID\u00c9O - De l'accident du travail \u00e0 la pr\u00e9vention du suicide : la MSA au service des agriculteurs article de ACCIDENTDUTRAVAIL-IDF","robots":{"index":"index","follow":"follow","max-snippet":"max-snippet:-1","max-image-preview":"max-image-preview:large","max-video-preview":"max-video-preview:-1"},"canonical":"https:\/\/www.accidentdutravail-idf.net\/blog\/video-de-laccident-du-travail-a-la-prevention-du-suicide-la-msa-au-service-des-agriculteurs\/","og_locale":"fr_FR","og_type":"article","og_title":"VID\u00c9O - De l'accident du travail \u00e0 la pr\u00e9vention du suicide : la MSA au service des agriculteurs - ACCIDENTDUTRAVAIL-IDF","og_description":"VID\u00c9O - De l'accident du travail \u00e0 la pr\u00e9vention du suicide : la MSA au service des agriculteurs article de ACCIDENTDUTRAVAIL-IDF","og_url":"https:\/\/www.accidentdutravail-idf.net\/blog\/video-de-laccident-du-travail-a-la-prevention-du-suicide-la-msa-au-service-des-agriculteurs\/","og_site_name":"ACCIDENTDUTRAVAIL-IDF","article_published_time":"2025-01-08T07:00:00+00:00","og_image":[{"url":"https:\/\/www.francebleu.fr\/client\/immutable\/assets\/logo-ici-sad.C8Ts0-h1.svg","type":"","width":"","height":""}],"author":"Carlos Poulain","twitter_card":"summary_large_image","twitter_misc":{"\u00c9crit par":"Carlos Poulain","Dur\u00e9e de lecture estim\u00e9e":"2 minutes"},"schema":{"@context":"https:\/\/schema.org","@graph":[{"@type":"Article","@id":"https:\/\/www.accidentdutravail-idf.net\/blog\/video-de-laccident-du-travail-a-la-prevention-du-suicide-la-msa-au-service-des-agriculteurs\/#article","isPartOf":{"@id":"https:\/\/www.accidentdutravail-idf.net\/blog\/video-de-laccident-du-travail-a-la-prevention-du-suicide-la-msa-au-service-des-agriculteurs\/"},"author":{"name":"Carlos Poulain","@id":"https:\/\/www.accidentdutravail-idf.net\/blog\/#\/schema\/person\/3255d2f970de45e64bd9201f38e7b947"},"headline":"VID\u00c9O &#8211; De l&rsquo;accident du travail \u00e0 la pr\u00e9vention du suicide : la MSA au service des agriculteurs","datePublished":"2025-01-08T07:00:00+00:00","mainEntityOfPage":{"@id":"https:\/\/www.accidentdutravail-idf.net\/blog\/video-de-laccident-du-travail-a-la-prevention-du-suicide-la-msa-au-service-des-agriculteurs\/"},"wordCount":483,"publisher":{"@id":"https:\/\/www.accidentdutravail-idf.net\/blog\/#organization"},"image":{"@id":"https:\/\/www.accidentdutravail-idf.net\/blog\/video-de-laccident-du-travail-a-la-prevention-du-suicide-la-msa-au-service-des-agriculteurs\/#primaryimage"},"thumbnailUrl":"https:\/\/www.francebleu.fr\/client\/immutable\/assets\/logo-ici-sad.C8Ts0-h1.svg","articleSection":["S\u00e9curit\u00e9 Du Travail En Ile-De-France Et Divers:"],"inLanguage":"fr-FR"},{"@type":"WebPage","@id":"https:\/\/www.accidentdutravail-idf.net\/blog\/video-de-laccident-du-travail-a-la-prevention-du-suicide-la-msa-au-service-des-agriculteurs\/","url":"https:\/\/www.accidentdutravail-idf.net\/blog\/video-de-laccident-du-travail-a-la-prevention-du-suicide-la-msa-au-service-des-agriculteurs\/","name":"VID\u00c9O - De l'accident du travail \u00e0 la pr\u00e9vention du suicide : la MSA au service des agriculteurs - ACCIDENTDUTRAVAIL-IDF","isPartOf":{"@id":"https:\/\/www.accidentdutravail-idf.net\/blog\/#website"},"primaryImageOfPage":{"@id":"https:\/\/www.accidentdutravail-idf.net\/blog\/video-de-laccident-du-travail-a-la-prevention-du-suicide-la-msa-au-service-des-agriculteurs\/#primaryimage"},"image":{"@id":"https:\/\/www.accidentdutravail-idf.net\/blog\/video-de-laccident-du-travail-a-la-prevention-du-suicide-la-msa-au-service-des-agriculteurs\/#primaryimage"},"thumbnailUrl":"https:\/\/www.francebleu.fr\/client\/immutable\/assets\/logo-ici-sad.C8Ts0-h1.svg","datePublished":"2025-01-08T07:00:00+00:00","description":"VID\u00c9O - De l'accident du travail \u00e0 la pr\u00e9vention du suicide : la MSA au service des agriculteurs article de ACCIDENTDUTRAVAIL-IDF","breadcrumb":{"@id":"https:\/\/www.accidentdutravail-idf.net\/blog\/video-de-laccident-du-travail-a-la-prevention-du-suicide-la-msa-au-service-des-agriculteurs\/#breadcrumb"},"inLanguage":"fr-FR","potentialAction":[{"@type":"ReadAction","target":["https:\/\/www.accidentdutravail-idf.net\/blog\/video-de-laccident-du-travail-a-la-prevention-du-suicide-la-msa-au-service-des-agriculteurs\/"]}]},{"@type":"ImageObject","inLanguage":"fr-FR","@id":"https:\/\/www.accidentdutravail-idf.net\/blog\/video-de-laccident-du-travail-a-la-prevention-du-suicide-la-msa-au-service-des-agriculteurs\/#primaryimage","url":"https:\/\/www.francebleu.fr\/client\/immutable\/assets\/logo-ici-sad.C8Ts0-h1.svg","contentUrl":"https:\/\/www.francebleu.fr\/client\/immutable\/assets\/logo-ici-sad.C8Ts0-h1.svg"},{"@type":"BreadcrumbList","@id":"https:\/\/www.accidentdutravail-idf.net\/blog\/video-de-laccident-du-travail-a-la-prevention-du-suicide-la-msa-au-service-des-agriculteurs\/#breadcrumb","itemListElement":[{"@type":"ListItem","position":1,"name":"Accueil","item":"https:\/\/www.accidentdutravail-idf.net\/blog\/"},{"@type":"ListItem","position":2,"name":"VID\u00c9O &#8211; De l&rsquo;accident du travail \u00e0 la pr\u00e9vention du suicide : la MSA au service des agriculteurs"}]},{"@type":"WebSite","@id":"https:\/\/www.accidentdutravail-idf.net\/blog\/#website","url":"https:\/\/www.accidentdutravail-idf.net\/blog\/","name":"ACCIDENTDUTRAVAIL-IDF","description":"Portail accidents du travail-maladies professionnelles des entreprises d&#039;Ile-de-France","publisher":{"@id":"https:\/\/www.accidentdutravail-idf.net\/blog\/#organization"},"potentialAction":[{"@type":"SearchAction","target":{"@type":"EntryPoint","urlTemplate":"https:\/\/www.accidentdutravail-idf.net\/blog\/?s={search_term_string}"},"query-input":{"@type":"PropertyValueSpecification","valueRequired":true,"valueName":"search_term_string"}}],"inLanguage":"fr-FR"},{"@type":"Organization","@id":"https:\/\/www.accidentdutravail-idf.net\/blog\/#organization","name":"accidentdutravail-idf","url":"https:\/\/www.accidentdutravail-idf.net\/blog\/","logo":{"@type":"ImageObject","inLanguage":"fr-FR","@id":"https:\/\/www.accidentdutravail-idf.net\/blog\/#\/schema\/logo\/image\/","url":"https:\/\/www.accidentdutravail-idf.net\/blog\/wp-content\/uploads\/2022\/09\/logo-2.png","contentUrl":"https:\/\/www.accidentdutravail-idf.net\/blog\/wp-content\/uploads\/2022\/09\/logo-2.png","width":380,"height":291,"caption":"accidentdutravail-idf"},"image":{"@id":"https:\/\/www.accidentdutravail-idf.net\/blog\/#\/schema\/logo\/image\/"}},{"@type":"Person","@id":"https:\/\/www.accidentdutravail-idf.net\/blog\/#\/schema\/person\/3255d2f970de45e64bd9201f38e7b947","name":"Carlos Poulain","image":{"@type":"ImageObject","inLanguage":"fr-FR","@id":"https:\/\/secure.gravatar.com\/avatar\/b1c2f9d3588e34e91adb093635df64ef4b2381991216be7576466cfcdca4baf3?s=96&d=mm&r=g","url":"https:\/\/secure.gravatar.com\/avatar\/b1c2f9d3588e34e91adb093635df64ef4b2381991216be7576466cfcdca4baf3?s=96&d=mm&r=g","contentUrl":"https:\/\/secure.gravatar.com\/avatar\/b1c2f9d3588e34e91adb093635df64ef4b2381991216be7576466cfcdca4baf3?s=96&d=mm&r=g","caption":"Carlos Poulain"},"url":"https:\/\/www.accidentdutravail-idf.net\/blog\/author\/idfcarlos\/"}]}},"_links":{"self":[{"href":"https:\/\/www.accidentdutravail-idf.net\/blog\/wp-json\/wp\/v2\/posts\/1157","targetHints":{"allow":["GET"]}}],"collection":[{"href":"https:\/\/www.accidentdutravail-idf.net\/blog\/wp-json\/wp\/v2\/posts"}],"about":[{"href":"https:\/\/www.accidentdutravail-idf.net\/blog\/wp-json\/wp\/v2\/types\/post"}],"author":[{"embeddable":true,"href":"https:\/\/www.accidentdutravail-idf.net\/blog\/wp-json\/wp\/v2\/users\/2"}],"replies":[{"embeddable":true,"href":"https:\/\/www.accidentdutravail-idf.net\/blog\/wp-json\/wp\/v2\/comments?post=1157"}],"version-history":[{"count":0,"href":"https:\/\/www.accidentdutravail-idf.net\/blog\/wp-json\/wp\/v2\/posts\/1157\/revisions"}],"wp:attachment":[{"href":"https:\/\/www.accidentdutravail-idf.net\/blog\/wp-json\/wp\/v2\/media?parent=1157"}],"wp:term":[{"taxonomy":"category","embeddable":true,"href":"https:\/\/www.accidentdutravail-idf.net\/blog\/wp-json\/wp\/v2\/categories?post=1157"},{"taxonomy":"post_tag","embeddable":true,"href":"https:\/\/www.accidentdutravail-idf.net\/blog\/wp-json\/wp\/v2\/tags?post=1157"}],"curies":[{"name":"wp","href":"https:\/\/api.w.org\/{rel}","templated":true}]}}