{"id":1152,"date":"2025-01-07T00:00:00","date_gmt":"2025-01-06T23:00:00","guid":{"rendered":"https:\/\/www.accidentdutravail-idf.net\/blog\/cotisations-at-mp-les-taux-de-2024-provisoirement-reconduits-en-2025\/"},"modified":"2025-01-07T00:00:00","modified_gmt":"2025-01-06T23:00:00","slug":"cotisations-at-mp-les-taux-de-2024-provisoirement-reconduits-en-2025","status":"publish","type":"post","link":"https:\/\/www.accidentdutravail-idf.net\/blog\/cotisations-at-mp-les-taux-de-2024-provisoirement-reconduits-en-2025\/","title":{"rendered":"Cotisations AT\/MP : les taux de 2024 provisoirement reconduits en 2025"},"content":{"rendered":"<div class=\"font-bold max-w-max mb-8 prose prose-lg text-color-default relative z-[3]\">\n<p>Les taux de cotisation AT\/MP sont, par principe, notifi\u00e9s aux entreprises au d\u00e9but de chaque mois de janvier. Mais cette ann\u00e9e, cette \u00e9ch\u00e9ance ne sera pas respect\u00e9e. Retour sur une situation qui, a minima, perdurera jusqu&rsquo;\u00e0 la fin du premier trimestre de l&rsquo;ann\u00e9e 2025.<\/p>\n<\/div>\n<h2 data-id=\"reconduction-des-taux-atmp-2024-consequence-directe-de-labsence-de-lfss-pour-2025\" data-title=\"Reconduction des taux AT\/MP 2024 : cons\u00e9quence directe de l'absence de LFSS pour 2025\" data-level=\"2\" class=\"font-bold text-color-default group text-lg sm:text-xl md:text-2xl lg:text-3xl leading-h4 lg:leading-h2 pt-0 mb-8\">Reconduction des taux AT\/MP 2024 : cons\u00e9quence directe de l&rsquo;absence de LFSS pour 2025<\/h2>\n<div class=\"prose max-w-max text-color-3 mb-8 prose-lg\">\n<p>Les taux de cotisations AT\/MP sont, tous les ans, d\u00e9termin\u00e9s en vertu de diff\u00e9rents arr\u00eat\u00e9s pris en application de la loi de financement de la S\u00e9curit\u00e9 sociale (LFSS) pour l\u2019ann\u00e9e \u00e0 venir.<\/p>\n<\/div>\n<div class=\"relative z-[3] flex flex-col items-start px-2 pb-9 lg:px-9\">\n<div class=\"relative flex flex-row items-start overflow-hidden rounded-2xl shadow-custom-lg before:absolute before:left-0 before:top-0 before:h-full before:w-[3px] before:bg-mea-reminder bg-white\">\n<div class=\"flex w-full flex-col items-start p-6 lg:px-10 lg:py-6\">\n<h2 class=\"mb-2.5 flex flex-row items-center text-lg font-bold text-mea-reminder\">Rappel<\/h2>\n<div class=\"mea-content prose max-w-max text-lg text-color-3\">\n<p>Ces arr\u00eat\u00e9s ont pour objet&nbsp;:&nbsp;<\/p>\n<ul>\n<li>les majorations forfaitaires ;&nbsp;<\/li>\n<li>les taux nets collectifs&nbsp;;<\/li>\n<li>les co\u00fbts moyens d&rsquo;incapacit\u00e9 temporaire et d&rsquo;incapacit\u00e9 permanente.<\/li>\n<\/ul>\n<\/div>\n<\/div>\n<\/div>\n<\/div>\n<div class=\"prose max-w-max text-color-3 mb-8 prose-lg\">\n<p>Or, cela ne vous aura pas \u00e9chapp\u00e9, le 4 d\u00e9cembre 2024, le Gouvernement Barnier a \u00e9chou\u00e9 \u00e0 faire adopter, par 49.3, son projet de loi de financement de la S\u00e9curit\u00e9 sociale pour 2025. L\u2019ex\u00e9cutif ayant \u00e9t\u00e9 censur\u00e9, la LFSS pour 2025 n\u2019a donc pu \u00eatre vot\u00e9e avant la fin de l\u2019ann\u00e9e.<\/p>\n<p>La retomb\u00e9e de cette situation sur les taux de cotisation AT\/MP \u00e0 appliquer en 2025 a \u00e9t\u00e9 rapidement pr\u00e9cis\u00e9e par l\u2019Assurance maladie, le BOSS et Net-entreprises. En somme, les taux de 2024 continueront de s\u2019appliquer jusqu\u2019\u00e0 nouvel ordre.&nbsp;<\/p>\n<p>Ce qui, pour les entreprises, s\u2019est concr\u00e8tement traduit par l\u2019absence de notification d\u2019un nouveau taux par leur CARSAT.<\/p>\n<\/div>\n<h2 data-id=\"reconduction-des-taux-atmp-2024-une-situation-provisoire\" data-title=\"Reconduction des taux AT\/MP 2024 : une situation provisoire\" data-level=\"2\" class=\"font-bold text-color-default group text-lg sm:text-xl md:text-2xl lg:text-3xl leading-h4 lg:leading-h2 pt-0 mb-8\">Reconduction des taux AT\/MP 2024 : une situation provisoire<\/h2>\n<div class=\"prose max-w-max text-color-3 mb-8 prose-lg\">\n<p>Comme nous venons de l\u2019\u00e9voquer, ce&nbsp;<i>statut quo<\/i> ne pourra \u00e9voluer qu\u2019une fois la loi de financement de la S\u00e9curit\u00e9 sociale pour 2025 promulgu\u00e9e.&nbsp;<\/p>\n<p>Et bien que le Premier ministre Fran\u00e7ois Bayrou aspire \u00e0 adopter un budget d\u2019ici la mi-f\u00e9vrier, difficile de savoir si ce dernier parviendra effectivement \u00e0 ses fins. En effet, au vu du contexte politique, nombreux sont les sc\u00e9narios budg\u00e9taires envisageables.&nbsp;<\/p>\n<p>Notez cependant qu\u2019une fois la LFSS promulgu\u00e9e et les arr\u00eat\u00e9s d\u2019application publi\u00e9s, ces derniers n\u2019entreront en vigueur que le 1e jour du trimestre civil suivant.&nbsp;<\/p>\n<p>De ce fait, la situation \u00e9voluera, au plus t\u00f4t, au cours du second trimestre de cette ann\u00e9e.<\/p>\n<p>Si vous souhaitez en savoir davantage sur la tarification des AT\/MP, nous vous conseillons notre documentation \u00ab&nbsp;<a href=\"https:\/\/cmp.editions-tissot.fr\/com\/landing\/lua\/?cact=redac\" target=\"_blank\" rel=\"nofollow\">Sant\u00e9 s\u00e9curit\u00e9 au travail ACTIV<\/a>&nbsp;\u00bb.&nbsp;<\/p>\n<p><i>Boss, actualit\u00e9s, Prolongation en 2025 des taux de cotisation AT\/MP applicables en 2024<\/i><\/p>\n<\/div>\n<div class=\"align-middle flex flex-col gap-4 items-center mt-6 p-6 md:flex-row md:gap-12 lg:flex-col lg:gap-4 xl:flex-row xl:gap-12\">\n<div class=\"min-w-30 max-w-30 align-middle\" id=\"author-image\"><a class=\"align-middle\" href=\"https:\/\/www.editions-tissot.fr\/actualite\/auteur\/axel-wantz\" target=\"_blank\" rel=\"nofollow\"><img decoding=\"async\" alt=\"Portraits Tissot 046 2023 Gilles Piel 2\" loading=\"lazy\" width=\"240\" height=\"240\" data-nimg=\"1\" class=\"w-full max-w-full rounded-full\" src=\"https:\/\/www.editions-tissot.fr\/_next\/image?url=https%3A%2F%2Fwww.editions-tissot.fr%2Fotis%2Fmedia%2FPortraits-Tissot-046-2023_-Gilles-Piel-2.jpg&amp;w=750&amp;q=90\"><\/a><\/div>\n<div class=\"grow text-left align-middle text-color-default\">\n<p class=\"my-2 text-2xl font-bold\"><a href=\"https:\/\/www.editions-tissot.fr\/actualite\/auteur\/axel-wantz\" target=\"_blank\" rel=\"nofollow\">Axel Wantz<\/a><\/p>\n<p class=\"my-2 text-xl font-semibold\">Juriste en droit social et r\u00e9dacteur au sein des Editions Tissot<\/p>\n<\/div>\n<\/div>\n<p>accidentdutravail-idf.net vous a pr\u00e9par\u00e9 ce post qui informe du sujet \u00ab\u00a0Association Sportive Huisson-Longueville Essonne\u00a0\u00bb. La chronique se veut g\u00e9n\u00e9r\u00e9e du mieux possible. Vous pouvez utiliser les coordonn\u00e9es indiqu\u00e9es sur le site dans le but d\u2019apporter des explications sur ce post qui parle du th\u00e8me \u00ab\u00a0Association Sportive Huisson-Longueville Essonne\u00a0\u00bb. Le site accidentdutravail-idf.net a pour but de fournir diverses publications sur la th\u00e9matique Association Sportive Huisson-Longueville Essonne diffus\u00e9es sur le net. Il y aura plusieurs articles autour du sujet \u00ab\u00a0Association Sportive Huisson-Longueville Essonne\u00a0\u00bb dans quelques jours, nous vous invitons \u00e0 naviguer sur notre site web \u00e0 plusieurs reprises.<\/p>\n","protected":false},"excerpt":{"rendered":"<p>Les taux de cotisation AT\/MP sont, par principe, notifi\u00e9s aux entreprises au d\u00e9but de chaque mois de janvier. Mais cette ann\u00e9e, cette \u00e9ch\u00e9ance ne sera pas respect\u00e9e. Retour sur une situation qui, a minima, perdurera jusqu&rsquo;\u00e0 la fin du premier trimestre de l&rsquo;ann\u00e9e 2025. Reconduction des taux AT\/MP 2024 : cons\u00e9quence directe de l&rsquo;absence de &hellip; <\/p>\n<p class=\"link-more\"><a href=\"https:\/\/www.accidentdutravail-idf.net\/blog\/cotisations-at-mp-les-taux-de-2024-provisoirement-reconduits-en-2025\/\" class=\"more-link\">Continuer la lecture <span class=\"screen-reader-text\"> \u00ab\u00a0Cotisations AT\/MP : les taux de 2024 provisoirement reconduits en 2025\u00a0\u00bb<\/span><\/a><\/p>\n","protected":false},"author":2,"featured_media":0,"comment_status":"closed","ping_status":"closed","sticky":false,"template":"","format":"standard","meta":{"footnotes":""},"categories":[5],"tags":[],"class_list":["post-1152","post","type-post","status-publish","format-standard","hentry","category-securite-du-travail-en-ile-de-france-et-divers","entry"],"yoast_head":"<!-- This site is optimized with the Yoast SEO plugin v27.5 - https:\/\/yoast.com\/product\/yoast-seo-wordpress\/ -->\n<title>Cotisations AT\/MP : les taux de 2024 provisoirement reconduits en 2025 - ACCIDENTDUTRAVAIL-IDF<\/title>\n<meta name=\"description\" content=\"Cotisations AT\/MP : les taux de 2024 provisoirement reconduits en 2025 article de ACCIDENTDUTRAVAIL-IDF\" \/>\n<meta name=\"robots\" content=\"index, follow, max-snippet:-1, max-image-preview:large, max-video-preview:-1\" \/>\n<link rel=\"canonical\" href=\"https:\/\/www.accidentdutravail-idf.net\/blog\/cotisations-at-mp-les-taux-de-2024-provisoirement-reconduits-en-2025\/\" \/>\n<meta property=\"og:locale\" content=\"fr_FR\" \/>\n<meta property=\"og:type\" content=\"article\" \/>\n<meta property=\"og:title\" content=\"Cotisations AT\/MP : les taux de 2024 provisoirement reconduits en 2025 - ACCIDENTDUTRAVAIL-IDF\" \/>\n<meta property=\"og:description\" content=\"Cotisations AT\/MP : les taux de 2024 provisoirement reconduits en 2025 article de ACCIDENTDUTRAVAIL-IDF\" \/>\n<meta property=\"og:url\" content=\"https:\/\/www.accidentdutravail-idf.net\/blog\/cotisations-at-mp-les-taux-de-2024-provisoirement-reconduits-en-2025\/\" \/>\n<meta property=\"og:site_name\" content=\"ACCIDENTDUTRAVAIL-IDF\" \/>\n<meta property=\"article:published_time\" content=\"2025-01-06T23:00:00+00:00\" \/>\n<meta property=\"og:image\" content=\"https:\/\/www.editions-tissot.fr\/_next\/image?url=https%3A%2F%2Fwww.editions-tissot.fr%2Fotis%2Fmedia%2FPortraits-Tissot-046-2023_-Gilles-Piel-2.jpg&amp;w=750&amp;q=90\" \/>\n<meta name=\"author\" content=\"Carlos Poulain\" \/>\n<meta name=\"twitter:card\" content=\"summary_large_image\" \/>\n<meta name=\"twitter:label1\" content=\"\u00c9crit par\" \/>\n\t<meta name=\"twitter:data1\" content=\"Carlos Poulain\" \/>\n\t<meta name=\"twitter:label2\" content=\"Dur\u00e9e de lecture estim\u00e9e\" \/>\n\t<meta name=\"twitter:data2\" content=\"3 minutes\" \/>\n<script type=\"application\/ld+json\" class=\"yoast-schema-graph\">{\"@context\":\"https:\\\/\\\/schema.org\",\"@graph\":[{\"@type\":\"Article\",\"@id\":\"https:\\\/\\\/www.accidentdutravail-idf.net\\\/blog\\\/cotisations-at-mp-les-taux-de-2024-provisoirement-reconduits-en-2025\\\/#article\",\"isPartOf\":{\"@id\":\"https:\\\/\\\/www.accidentdutravail-idf.net\\\/blog\\\/cotisations-at-mp-les-taux-de-2024-provisoirement-reconduits-en-2025\\\/\"},\"author\":{\"name\":\"Carlos Poulain\",\"@id\":\"https:\\\/\\\/www.accidentdutravail-idf.net\\\/blog\\\/#\\\/schema\\\/person\\\/3255d2f970de45e64bd9201f38e7b947\"},\"headline\":\"Cotisations AT\\\/MP : les taux de 2024 provisoirement reconduits en 2025\",\"datePublished\":\"2025-01-06T23:00:00+00:00\",\"mainEntityOfPage\":{\"@id\":\"https:\\\/\\\/www.accidentdutravail-idf.net\\\/blog\\\/cotisations-at-mp-les-taux-de-2024-provisoirement-reconduits-en-2025\\\/\"},\"wordCount\":549,\"publisher\":{\"@id\":\"https:\\\/\\\/www.accidentdutravail-idf.net\\\/blog\\\/#organization\"},\"image\":{\"@id\":\"https:\\\/\\\/www.accidentdutravail-idf.net\\\/blog\\\/cotisations-at-mp-les-taux-de-2024-provisoirement-reconduits-en-2025\\\/#primaryimage\"},\"thumbnailUrl\":\"https:\\\/\\\/www.editions-tissot.fr\\\/_next\\\/image?url=https%3A%2F%2Fwww.editions-tissot.fr%2Fotis%2Fmedia%2FPortraits-Tissot-046-2023_-Gilles-Piel-2.jpg&amp;w=750&amp;q=90\",\"articleSection\":[\"S\u00e9curit\u00e9 Du Travail En Ile-De-France Et Divers:\"],\"inLanguage\":\"fr-FR\"},{\"@type\":\"WebPage\",\"@id\":\"https:\\\/\\\/www.accidentdutravail-idf.net\\\/blog\\\/cotisations-at-mp-les-taux-de-2024-provisoirement-reconduits-en-2025\\\/\",\"url\":\"https:\\\/\\\/www.accidentdutravail-idf.net\\\/blog\\\/cotisations-at-mp-les-taux-de-2024-provisoirement-reconduits-en-2025\\\/\",\"name\":\"Cotisations AT\\\/MP : les taux de 2024 provisoirement reconduits en 2025 - ACCIDENTDUTRAVAIL-IDF\",\"isPartOf\":{\"@id\":\"https:\\\/\\\/www.accidentdutravail-idf.net\\\/blog\\\/#website\"},\"primaryImageOfPage\":{\"@id\":\"https:\\\/\\\/www.accidentdutravail-idf.net\\\/blog\\\/cotisations-at-mp-les-taux-de-2024-provisoirement-reconduits-en-2025\\\/#primaryimage\"},\"image\":{\"@id\":\"https:\\\/\\\/www.accidentdutravail-idf.net\\\/blog\\\/cotisations-at-mp-les-taux-de-2024-provisoirement-reconduits-en-2025\\\/#primaryimage\"},\"thumbnailUrl\":\"https:\\\/\\\/www.editions-tissot.fr\\\/_next\\\/image?url=https%3A%2F%2Fwww.editions-tissot.fr%2Fotis%2Fmedia%2FPortraits-Tissot-046-2023_-Gilles-Piel-2.jpg&amp;w=750&amp;q=90\",\"datePublished\":\"2025-01-06T23:00:00+00:00\",\"description\":\"Cotisations AT\\\/MP : les taux de 2024 provisoirement reconduits en 2025 article de ACCIDENTDUTRAVAIL-IDF\",\"breadcrumb\":{\"@id\":\"https:\\\/\\\/www.accidentdutravail-idf.net\\\/blog\\\/cotisations-at-mp-les-taux-de-2024-provisoirement-reconduits-en-2025\\\/#breadcrumb\"},\"inLanguage\":\"fr-FR\",\"potentialAction\":[{\"@type\":\"ReadAction\",\"target\":[\"https:\\\/\\\/www.accidentdutravail-idf.net\\\/blog\\\/cotisations-at-mp-les-taux-de-2024-provisoirement-reconduits-en-2025\\\/\"]}]},{\"@type\":\"ImageObject\",\"inLanguage\":\"fr-FR\",\"@id\":\"https:\\\/\\\/www.accidentdutravail-idf.net\\\/blog\\\/cotisations-at-mp-les-taux-de-2024-provisoirement-reconduits-en-2025\\\/#primaryimage\",\"url\":\"https:\\\/\\\/www.editions-tissot.fr\\\/_next\\\/image?url=https%3A%2F%2Fwww.editions-tissot.fr%2Fotis%2Fmedia%2FPortraits-Tissot-046-2023_-Gilles-Piel-2.jpg&amp;w=750&amp;q=90\",\"contentUrl\":\"https:\\\/\\\/www.editions-tissot.fr\\\/_next\\\/image?url=https%3A%2F%2Fwww.editions-tissot.fr%2Fotis%2Fmedia%2FPortraits-Tissot-046-2023_-Gilles-Piel-2.jpg&amp;w=750&amp;q=90\"},{\"@type\":\"BreadcrumbList\",\"@id\":\"https:\\\/\\\/www.accidentdutravail-idf.net\\\/blog\\\/cotisations-at-mp-les-taux-de-2024-provisoirement-reconduits-en-2025\\\/#breadcrumb\",\"itemListElement\":[{\"@type\":\"ListItem\",\"position\":1,\"name\":\"Accueil\",\"item\":\"https:\\\/\\\/www.accidentdutravail-idf.net\\\/blog\\\/\"},{\"@type\":\"ListItem\",\"position\":2,\"name\":\"Cotisations AT\\\/MP : les taux de 2024 provisoirement reconduits en 2025\"}]},{\"@type\":\"WebSite\",\"@id\":\"https:\\\/\\\/www.accidentdutravail-idf.net\\\/blog\\\/#website\",\"url\":\"https:\\\/\\\/www.accidentdutravail-idf.net\\\/blog\\\/\",\"name\":\"ACCIDENTDUTRAVAIL-IDF\",\"description\":\"Portail accidents du travail-maladies professionnelles des entreprises d&#039;Ile-de-France\",\"publisher\":{\"@id\":\"https:\\\/\\\/www.accidentdutravail-idf.net\\\/blog\\\/#organization\"},\"potentialAction\":[{\"@type\":\"SearchAction\",\"target\":{\"@type\":\"EntryPoint\",\"urlTemplate\":\"https:\\\/\\\/www.accidentdutravail-idf.net\\\/blog\\\/?s={search_term_string}\"},\"query-input\":{\"@type\":\"PropertyValueSpecification\",\"valueRequired\":true,\"valueName\":\"search_term_string\"}}],\"inLanguage\":\"fr-FR\"},{\"@type\":\"Organization\",\"@id\":\"https:\\\/\\\/www.accidentdutravail-idf.net\\\/blog\\\/#organization\",\"name\":\"accidentdutravail-idf\",\"url\":\"https:\\\/\\\/www.accidentdutravail-idf.net\\\/blog\\\/\",\"logo\":{\"@type\":\"ImageObject\",\"inLanguage\":\"fr-FR\",\"@id\":\"https:\\\/\\\/www.accidentdutravail-idf.net\\\/blog\\\/#\\\/schema\\\/logo\\\/image\\\/\",\"url\":\"https:\\\/\\\/www.accidentdutravail-idf.net\\\/blog\\\/wp-content\\\/uploads\\\/2022\\\/09\\\/logo-2.png\",\"contentUrl\":\"https:\\\/\\\/www.accidentdutravail-idf.net\\\/blog\\\/wp-content\\\/uploads\\\/2022\\\/09\\\/logo-2.png\",\"width\":380,\"height\":291,\"caption\":\"accidentdutravail-idf\"},\"image\":{\"@id\":\"https:\\\/\\\/www.accidentdutravail-idf.net\\\/blog\\\/#\\\/schema\\\/logo\\\/image\\\/\"}},{\"@type\":\"Person\",\"@id\":\"https:\\\/\\\/www.accidentdutravail-idf.net\\\/blog\\\/#\\\/schema\\\/person\\\/3255d2f970de45e64bd9201f38e7b947\",\"name\":\"Carlos Poulain\",\"image\":{\"@type\":\"ImageObject\",\"inLanguage\":\"fr-FR\",\"@id\":\"https:\\\/\\\/secure.gravatar.com\\\/avatar\\\/b1c2f9d3588e34e91adb093635df64ef4b2381991216be7576466cfcdca4baf3?s=96&d=mm&r=g\",\"url\":\"https:\\\/\\\/secure.gravatar.com\\\/avatar\\\/b1c2f9d3588e34e91adb093635df64ef4b2381991216be7576466cfcdca4baf3?s=96&d=mm&r=g\",\"contentUrl\":\"https:\\\/\\\/secure.gravatar.com\\\/avatar\\\/b1c2f9d3588e34e91adb093635df64ef4b2381991216be7576466cfcdca4baf3?s=96&d=mm&r=g\",\"caption\":\"Carlos Poulain\"},\"url\":\"https:\\\/\\\/www.accidentdutravail-idf.net\\\/blog\\\/author\\\/idfcarlos\\\/\"}]}<\/script>\n<!-- \/ Yoast SEO plugin. -->","yoast_head_json":{"title":"Cotisations AT\/MP : les taux de 2024 provisoirement reconduits en 2025 - ACCIDENTDUTRAVAIL-IDF","description":"Cotisations AT\/MP : les taux de 2024 provisoirement reconduits en 2025 article de ACCIDENTDUTRAVAIL-IDF","robots":{"index":"index","follow":"follow","max-snippet":"max-snippet:-1","max-image-preview":"max-image-preview:large","max-video-preview":"max-video-preview:-1"},"canonical":"https:\/\/www.accidentdutravail-idf.net\/blog\/cotisations-at-mp-les-taux-de-2024-provisoirement-reconduits-en-2025\/","og_locale":"fr_FR","og_type":"article","og_title":"Cotisations AT\/MP : les taux de 2024 provisoirement reconduits en 2025 - ACCIDENTDUTRAVAIL-IDF","og_description":"Cotisations AT\/MP : les taux de 2024 provisoirement reconduits en 2025 article de ACCIDENTDUTRAVAIL-IDF","og_url":"https:\/\/www.accidentdutravail-idf.net\/blog\/cotisations-at-mp-les-taux-de-2024-provisoirement-reconduits-en-2025\/","og_site_name":"ACCIDENTDUTRAVAIL-IDF","article_published_time":"2025-01-06T23:00:00+00:00","og_image":[{"url":"https:\/\/www.editions-tissot.fr\/_next\/image?url=https%3A%2F%2Fwww.editions-tissot.fr%2Fotis%2Fmedia%2FPortraits-Tissot-046-2023_-Gilles-Piel-2.jpg&amp;w=750&amp;q=90","type":"","width":"","height":""}],"author":"Carlos Poulain","twitter_card":"summary_large_image","twitter_misc":{"\u00c9crit par":"Carlos Poulain","Dur\u00e9e de lecture estim\u00e9e":"3 minutes"},"schema":{"@context":"https:\/\/schema.org","@graph":[{"@type":"Article","@id":"https:\/\/www.accidentdutravail-idf.net\/blog\/cotisations-at-mp-les-taux-de-2024-provisoirement-reconduits-en-2025\/#article","isPartOf":{"@id":"https:\/\/www.accidentdutravail-idf.net\/blog\/cotisations-at-mp-les-taux-de-2024-provisoirement-reconduits-en-2025\/"},"author":{"name":"Carlos Poulain","@id":"https:\/\/www.accidentdutravail-idf.net\/blog\/#\/schema\/person\/3255d2f970de45e64bd9201f38e7b947"},"headline":"Cotisations AT\/MP : les taux de 2024 provisoirement reconduits en 2025","datePublished":"2025-01-06T23:00:00+00:00","mainEntityOfPage":{"@id":"https:\/\/www.accidentdutravail-idf.net\/blog\/cotisations-at-mp-les-taux-de-2024-provisoirement-reconduits-en-2025\/"},"wordCount":549,"publisher":{"@id":"https:\/\/www.accidentdutravail-idf.net\/blog\/#organization"},"image":{"@id":"https:\/\/www.accidentdutravail-idf.net\/blog\/cotisations-at-mp-les-taux-de-2024-provisoirement-reconduits-en-2025\/#primaryimage"},"thumbnailUrl":"https:\/\/www.editions-tissot.fr\/_next\/image?url=https%3A%2F%2Fwww.editions-tissot.fr%2Fotis%2Fmedia%2FPortraits-Tissot-046-2023_-Gilles-Piel-2.jpg&amp;w=750&amp;q=90","articleSection":["S\u00e9curit\u00e9 Du Travail En Ile-De-France Et Divers:"],"inLanguage":"fr-FR"},{"@type":"WebPage","@id":"https:\/\/www.accidentdutravail-idf.net\/blog\/cotisations-at-mp-les-taux-de-2024-provisoirement-reconduits-en-2025\/","url":"https:\/\/www.accidentdutravail-idf.net\/blog\/cotisations-at-mp-les-taux-de-2024-provisoirement-reconduits-en-2025\/","name":"Cotisations AT\/MP : les taux de 2024 provisoirement reconduits en 2025 - ACCIDENTDUTRAVAIL-IDF","isPartOf":{"@id":"https:\/\/www.accidentdutravail-idf.net\/blog\/#website"},"primaryImageOfPage":{"@id":"https:\/\/www.accidentdutravail-idf.net\/blog\/cotisations-at-mp-les-taux-de-2024-provisoirement-reconduits-en-2025\/#primaryimage"},"image":{"@id":"https:\/\/www.accidentdutravail-idf.net\/blog\/cotisations-at-mp-les-taux-de-2024-provisoirement-reconduits-en-2025\/#primaryimage"},"thumbnailUrl":"https:\/\/www.editions-tissot.fr\/_next\/image?url=https%3A%2F%2Fwww.editions-tissot.fr%2Fotis%2Fmedia%2FPortraits-Tissot-046-2023_-Gilles-Piel-2.jpg&amp;w=750&amp;q=90","datePublished":"2025-01-06T23:00:00+00:00","description":"Cotisations AT\/MP : les taux de 2024 provisoirement reconduits en 2025 article de ACCIDENTDUTRAVAIL-IDF","breadcrumb":{"@id":"https:\/\/www.accidentdutravail-idf.net\/blog\/cotisations-at-mp-les-taux-de-2024-provisoirement-reconduits-en-2025\/#breadcrumb"},"inLanguage":"fr-FR","potentialAction":[{"@type":"ReadAction","target":["https:\/\/www.accidentdutravail-idf.net\/blog\/cotisations-at-mp-les-taux-de-2024-provisoirement-reconduits-en-2025\/"]}]},{"@type":"ImageObject","inLanguage":"fr-FR","@id":"https:\/\/www.accidentdutravail-idf.net\/blog\/cotisations-at-mp-les-taux-de-2024-provisoirement-reconduits-en-2025\/#primaryimage","url":"https:\/\/www.editions-tissot.fr\/_next\/image?url=https%3A%2F%2Fwww.editions-tissot.fr%2Fotis%2Fmedia%2FPortraits-Tissot-046-2023_-Gilles-Piel-2.jpg&amp;w=750&amp;q=90","contentUrl":"https:\/\/www.editions-tissot.fr\/_next\/image?url=https%3A%2F%2Fwww.editions-tissot.fr%2Fotis%2Fmedia%2FPortraits-Tissot-046-2023_-Gilles-Piel-2.jpg&amp;w=750&amp;q=90"},{"@type":"BreadcrumbList","@id":"https:\/\/www.accidentdutravail-idf.net\/blog\/cotisations-at-mp-les-taux-de-2024-provisoirement-reconduits-en-2025\/#breadcrumb","itemListElement":[{"@type":"ListItem","position":1,"name":"Accueil","item":"https:\/\/www.accidentdutravail-idf.net\/blog\/"},{"@type":"ListItem","position":2,"name":"Cotisations AT\/MP : les taux de 2024 provisoirement reconduits en 2025"}]},{"@type":"WebSite","@id":"https:\/\/www.accidentdutravail-idf.net\/blog\/#website","url":"https:\/\/www.accidentdutravail-idf.net\/blog\/","name":"ACCIDENTDUTRAVAIL-IDF","description":"Portail accidents du travail-maladies professionnelles des entreprises d&#039;Ile-de-France","publisher":{"@id":"https:\/\/www.accidentdutravail-idf.net\/blog\/#organization"},"potentialAction":[{"@type":"SearchAction","target":{"@type":"EntryPoint","urlTemplate":"https:\/\/www.accidentdutravail-idf.net\/blog\/?s={search_term_string}"},"query-input":{"@type":"PropertyValueSpecification","valueRequired":true,"valueName":"search_term_string"}}],"inLanguage":"fr-FR"},{"@type":"Organization","@id":"https:\/\/www.accidentdutravail-idf.net\/blog\/#organization","name":"accidentdutravail-idf","url":"https:\/\/www.accidentdutravail-idf.net\/blog\/","logo":{"@type":"ImageObject","inLanguage":"fr-FR","@id":"https:\/\/www.accidentdutravail-idf.net\/blog\/#\/schema\/logo\/image\/","url":"https:\/\/www.accidentdutravail-idf.net\/blog\/wp-content\/uploads\/2022\/09\/logo-2.png","contentUrl":"https:\/\/www.accidentdutravail-idf.net\/blog\/wp-content\/uploads\/2022\/09\/logo-2.png","width":380,"height":291,"caption":"accidentdutravail-idf"},"image":{"@id":"https:\/\/www.accidentdutravail-idf.net\/blog\/#\/schema\/logo\/image\/"}},{"@type":"Person","@id":"https:\/\/www.accidentdutravail-idf.net\/blog\/#\/schema\/person\/3255d2f970de45e64bd9201f38e7b947","name":"Carlos Poulain","image":{"@type":"ImageObject","inLanguage":"fr-FR","@id":"https:\/\/secure.gravatar.com\/avatar\/b1c2f9d3588e34e91adb093635df64ef4b2381991216be7576466cfcdca4baf3?s=96&d=mm&r=g","url":"https:\/\/secure.gravatar.com\/avatar\/b1c2f9d3588e34e91adb093635df64ef4b2381991216be7576466cfcdca4baf3?s=96&d=mm&r=g","contentUrl":"https:\/\/secure.gravatar.com\/avatar\/b1c2f9d3588e34e91adb093635df64ef4b2381991216be7576466cfcdca4baf3?s=96&d=mm&r=g","caption":"Carlos Poulain"},"url":"https:\/\/www.accidentdutravail-idf.net\/blog\/author\/idfcarlos\/"}]}},"_links":{"self":[{"href":"https:\/\/www.accidentdutravail-idf.net\/blog\/wp-json\/wp\/v2\/posts\/1152","targetHints":{"allow":["GET"]}}],"collection":[{"href":"https:\/\/www.accidentdutravail-idf.net\/blog\/wp-json\/wp\/v2\/posts"}],"about":[{"href":"https:\/\/www.accidentdutravail-idf.net\/blog\/wp-json\/wp\/v2\/types\/post"}],"author":[{"embeddable":true,"href":"https:\/\/www.accidentdutravail-idf.net\/blog\/wp-json\/wp\/v2\/users\/2"}],"replies":[{"embeddable":true,"href":"https:\/\/www.accidentdutravail-idf.net\/blog\/wp-json\/wp\/v2\/comments?post=1152"}],"version-history":[{"count":0,"href":"https:\/\/www.accidentdutravail-idf.net\/blog\/wp-json\/wp\/v2\/posts\/1152\/revisions"}],"wp:attachment":[{"href":"https:\/\/www.accidentdutravail-idf.net\/blog\/wp-json\/wp\/v2\/media?parent=1152"}],"wp:term":[{"taxonomy":"category","embeddable":true,"href":"https:\/\/www.accidentdutravail-idf.net\/blog\/wp-json\/wp\/v2\/categories?post=1152"},{"taxonomy":"post_tag","embeddable":true,"href":"https:\/\/www.accidentdutravail-idf.net\/blog\/wp-json\/wp\/v2\/tags?post=1152"}],"curies":[{"name":"wp","href":"https:\/\/api.w.org\/{rel}","templated":true}]}}