{"id":1138,"date":"2024-12-29T21:15:00","date_gmt":"2024-12-29T20:15:00","guid":{"rendered":"https:\/\/www.accidentdutravail-idf.net\/blog\/sante-malaises-mortels-au-travail-quelles-sont-les-professions-les-plus-touchees\/"},"modified":"2024-12-29T21:15:00","modified_gmt":"2024-12-29T20:15:00","slug":"sante-malaises-mortels-au-travail-quelles-sont-les-professions-les-plus-touchees","status":"publish","type":"post","link":"https:\/\/www.accidentdutravail-idf.net\/blog\/sante-malaises-mortels-au-travail-quelles-sont-les-professions-les-plus-touchees\/","title":{"rendered":"Sant\u00e9 Malaises mortels au travail : quelles sont les professions les plus touch\u00e9es"},"content":{"rendered":"<div><img decoding=\"async\" src=\"https:\/\/www.accidentdutravail-idf.net\/blog\/wp-content\/uploads\/2024\/12\/sante-malaises-mortels-au-travail-quelles-sont-les-professions-les-plus-touchees.jpg\" class=\"ff-og-image-inserted\"><\/div>\n<p>En 2021 en France, 645 accidents du travail mortels ont \u00e9t\u00e9 enregistr\u00e9s. Parmi eux, 56% sont qualifi\u00e9s de \u00ab <i>malaises mortels survenus sur le lieu de travail ou \u00e0 l\u2019occasion du travail, sans cause externe identifi\u00e9e (chute, choc, intoxication ou \u00e9lectrocution\u2026).<\/i> \u00bb<\/p>\n<p>Le portrait-robot des victimes est sans \u00e9quivoque : il s\u2019agit majoritairement d\u2019hommes (93%), \u00e2g\u00e9s en moyenne de 51 ans. Ces drames surviennent principalement lorsque le salari\u00e9 travaille seul (75% des cas) et au cours d\u2019activit\u00e9s pourtant routini\u00e8res (82% des situations).<\/p>\n<h2><strong>Des m\u00e9tiers plus expos\u00e9s<\/strong><\/h2>\n<p>Trois corps de m\u00e9tiers semblent particuli\u00e8rement vuln\u00e9rables : les conducteurs de poids lourds sont les plus touch\u00e9s, repr\u00e9sentant pr\u00e8s d\u2019un cas sur cinq. Suivent les professionnels du b\u00e2timent, notamment dans le gros \u0153uvre. Les \u00e9lectriciens arrivent en troisi\u00e8me position.<\/p>\n<p>L\u2019analyse des cas recens\u00e9s entre 2012 et 2022 dans la base de donn\u00e9es EPICEA (\u00c9tude de pr\u00e9vention par l\u2019informatisation des comptes rendus d\u2019accidents) pointe l\u2019infarctus du myocarde comme principale cause de ces d\u00e9c\u00e8s.<\/p>\n<p>\u00ab L<i>\u2019exposition des salari\u00e9s \u00e0 de nombreux facteurs de risques professionnels (risques psychosociaux, horaires atypiques, postures s\u00e9dentaires, polyexposition froid-bruit, risque chimique\u2026) peut favoriser, \u00e0 court, moyen ou long terme, la survenue de maladies coronariennes<\/i> \u00bb, souligne l\u2019INRS.<\/p>\n<p>Face \u00e0 ce constat, l\u2019INRS propose trois axes de pr\u00e9vention :<\/p>\n<ul>\n<li>R\u00e9duire l\u2019exposition aux risques professionnels cit\u00e9s pr\u00e9c\u00e9demment ;<\/li>\n<li>Renforcer l\u2019organisation des secours en entreprise ;<\/li>\n<li>Am\u00e9liorer le suivi m\u00e9dical des salari\u00e9s.<\/li>\n<\/ul>\n<p>accidentdutravail-idf.net vous a pr\u00e9par\u00e9 ce post qui informe du sujet \u00ab\u00a0Association Sportive Huisson-Longueville Essonne\u00a0\u00bb. La chronique se veut g\u00e9n\u00e9r\u00e9e du mieux possible. Vous pouvez utiliser les coordonn\u00e9es indiqu\u00e9es sur le site dans le but d\u2019apporter des explications sur ce post qui parle du th\u00e8me \u00ab\u00a0Association Sportive Huisson-Longueville Essonne\u00a0\u00bb. Le site accidentdutravail-idf.net a pour but de fournir diverses publications sur la th\u00e9matique Association Sportive Huisson-Longueville Essonne diffus\u00e9es sur le net. Il y aura plusieurs articles autour du sujet \u00ab\u00a0Association Sportive Huisson-Longueville Essonne\u00a0\u00bb dans quelques jours, nous vous invitons \u00e0 naviguer sur notre site web \u00e0 plusieurs reprises.<\/p>\n","protected":false},"excerpt":{"rendered":"<p>En 2021 en France, 645 accidents du travail mortels ont \u00e9t\u00e9 enregistr\u00e9s. Parmi eux, 56% sont qualifi\u00e9s de \u00ab malaises mortels survenus sur le lieu de travail ou \u00e0 l\u2019occasion du travail, sans cause externe identifi\u00e9e (chute, choc, intoxication ou \u00e9lectrocution\u2026). \u00bb Le portrait-robot des victimes est sans \u00e9quivoque : il s\u2019agit majoritairement d\u2019hommes (93%), &hellip; <\/p>\n<p class=\"link-more\"><a href=\"https:\/\/www.accidentdutravail-idf.net\/blog\/sante-malaises-mortels-au-travail-quelles-sont-les-professions-les-plus-touchees\/\" class=\"more-link\">Continuer la lecture <span class=\"screen-reader-text\"> \u00ab\u00a0Sant\u00e9 Malaises mortels au travail : quelles sont les professions les plus touch\u00e9es\u00a0\u00bb<\/span><\/a><\/p>\n","protected":false},"author":2,"featured_media":0,"comment_status":"closed","ping_status":"closed","sticky":false,"template":"","format":"standard","meta":{"footnotes":""},"categories":[5],"tags":[],"class_list":["post-1138","post","type-post","status-publish","format-standard","hentry","category-securite-du-travail-en-ile-de-france-et-divers","entry"],"yoast_head":"<!-- This site is optimized with the Yoast SEO plugin v27.5 - https:\/\/yoast.com\/product\/yoast-seo-wordpress\/ -->\n<title>Sant\u00e9 Malaises mortels au travail : quelles sont les professions les plus touch\u00e9es - ACCIDENTDUTRAVAIL-IDF<\/title>\n<meta name=\"description\" content=\"Sant\u00e9 Malaises mortels au travail : quelles sont les professions les plus touch\u00e9es article de ACCIDENTDUTRAVAIL-IDF\" \/>\n<meta name=\"robots\" content=\"index, follow, max-snippet:-1, max-image-preview:large, max-video-preview:-1\" \/>\n<link rel=\"canonical\" href=\"https:\/\/www.accidentdutravail-idf.net\/blog\/sante-malaises-mortels-au-travail-quelles-sont-les-professions-les-plus-touchees\/\" \/>\n<meta property=\"og:locale\" content=\"fr_FR\" \/>\n<meta property=\"og:type\" content=\"article\" \/>\n<meta property=\"og:title\" content=\"Sant\u00e9 Malaises mortels au travail : quelles sont les professions les plus touch\u00e9es - ACCIDENTDUTRAVAIL-IDF\" \/>\n<meta property=\"og:description\" content=\"Sant\u00e9 Malaises mortels au travail : quelles sont les professions les plus touch\u00e9es article de ACCIDENTDUTRAVAIL-IDF\" \/>\n<meta property=\"og:url\" content=\"https:\/\/www.accidentdutravail-idf.net\/blog\/sante-malaises-mortels-au-travail-quelles-sont-les-professions-les-plus-touchees\/\" \/>\n<meta property=\"og:site_name\" content=\"ACCIDENTDUTRAVAIL-IDF\" \/>\n<meta property=\"article:published_time\" content=\"2024-12-29T20:15:00+00:00\" \/>\n<meta property=\"og:image\" content=\"https:\/\/www.accidentdutravail-idf.net\/blog\/wp-content\/uploads\/2024\/12\/sante-malaises-mortels-au-travail-quelles-sont-les-professions-les-plus-touchees.jpg\" \/>\n<meta name=\"author\" content=\"Carlos Poulain\" \/>\n<meta name=\"twitter:card\" content=\"summary_large_image\" \/>\n<meta name=\"twitter:label1\" content=\"\u00c9crit par\" \/>\n\t<meta name=\"twitter:data1\" content=\"Carlos Poulain\" \/>\n\t<meta name=\"twitter:label2\" content=\"Dur\u00e9e de lecture estim\u00e9e\" \/>\n\t<meta name=\"twitter:data2\" content=\"2 minutes\" \/>\n<script type=\"application\/ld+json\" class=\"yoast-schema-graph\">{\"@context\":\"https:\\\/\\\/schema.org\",\"@graph\":[{\"@type\":\"Article\",\"@id\":\"https:\\\/\\\/www.accidentdutravail-idf.net\\\/blog\\\/sante-malaises-mortels-au-travail-quelles-sont-les-professions-les-plus-touchees\\\/#article\",\"isPartOf\":{\"@id\":\"https:\\\/\\\/www.accidentdutravail-idf.net\\\/blog\\\/sante-malaises-mortels-au-travail-quelles-sont-les-professions-les-plus-touchees\\\/\"},\"author\":{\"name\":\"Carlos Poulain\",\"@id\":\"https:\\\/\\\/www.accidentdutravail-idf.net\\\/blog\\\/#\\\/schema\\\/person\\\/3255d2f970de45e64bd9201f38e7b947\"},\"headline\":\"Sant\u00e9 Malaises mortels au travail : quelles sont les professions les plus touch\u00e9es\",\"datePublished\":\"2024-12-29T20:15:00+00:00\",\"mainEntityOfPage\":{\"@id\":\"https:\\\/\\\/www.accidentdutravail-idf.net\\\/blog\\\/sante-malaises-mortels-au-travail-quelles-sont-les-professions-les-plus-touchees\\\/\"},\"wordCount\":369,\"publisher\":{\"@id\":\"https:\\\/\\\/www.accidentdutravail-idf.net\\\/blog\\\/#organization\"},\"image\":{\"@id\":\"https:\\\/\\\/www.accidentdutravail-idf.net\\\/blog\\\/sante-malaises-mortels-au-travail-quelles-sont-les-professions-les-plus-touchees\\\/#primaryimage\"},\"thumbnailUrl\":\"https:\\\/\\\/www.accidentdutravail-idf.net\\\/blog\\\/wp-content\\\/uploads\\\/2024\\\/12\\\/sante-malaises-mortels-au-travail-quelles-sont-les-professions-les-plus-touchees.jpg\",\"articleSection\":[\"S\u00e9curit\u00e9 Du Travail En Ile-De-France Et Divers:\"],\"inLanguage\":\"fr-FR\"},{\"@type\":\"WebPage\",\"@id\":\"https:\\\/\\\/www.accidentdutravail-idf.net\\\/blog\\\/sante-malaises-mortels-au-travail-quelles-sont-les-professions-les-plus-touchees\\\/\",\"url\":\"https:\\\/\\\/www.accidentdutravail-idf.net\\\/blog\\\/sante-malaises-mortels-au-travail-quelles-sont-les-professions-les-plus-touchees\\\/\",\"name\":\"Sant\u00e9 Malaises mortels au travail : quelles sont les professions les plus touch\u00e9es - ACCIDENTDUTRAVAIL-IDF\",\"isPartOf\":{\"@id\":\"https:\\\/\\\/www.accidentdutravail-idf.net\\\/blog\\\/#website\"},\"primaryImageOfPage\":{\"@id\":\"https:\\\/\\\/www.accidentdutravail-idf.net\\\/blog\\\/sante-malaises-mortels-au-travail-quelles-sont-les-professions-les-plus-touchees\\\/#primaryimage\"},\"image\":{\"@id\":\"https:\\\/\\\/www.accidentdutravail-idf.net\\\/blog\\\/sante-malaises-mortels-au-travail-quelles-sont-les-professions-les-plus-touchees\\\/#primaryimage\"},\"thumbnailUrl\":\"https:\\\/\\\/www.accidentdutravail-idf.net\\\/blog\\\/wp-content\\\/uploads\\\/2024\\\/12\\\/sante-malaises-mortels-au-travail-quelles-sont-les-professions-les-plus-touchees.jpg\",\"datePublished\":\"2024-12-29T20:15:00+00:00\",\"description\":\"Sant\u00e9 Malaises mortels au travail : quelles sont les professions les plus touch\u00e9es article de ACCIDENTDUTRAVAIL-IDF\",\"breadcrumb\":{\"@id\":\"https:\\\/\\\/www.accidentdutravail-idf.net\\\/blog\\\/sante-malaises-mortels-au-travail-quelles-sont-les-professions-les-plus-touchees\\\/#breadcrumb\"},\"inLanguage\":\"fr-FR\",\"potentialAction\":[{\"@type\":\"ReadAction\",\"target\":[\"https:\\\/\\\/www.accidentdutravail-idf.net\\\/blog\\\/sante-malaises-mortels-au-travail-quelles-sont-les-professions-les-plus-touchees\\\/\"]}]},{\"@type\":\"ImageObject\",\"inLanguage\":\"fr-FR\",\"@id\":\"https:\\\/\\\/www.accidentdutravail-idf.net\\\/blog\\\/sante-malaises-mortels-au-travail-quelles-sont-les-professions-les-plus-touchees\\\/#primaryimage\",\"url\":\"https:\\\/\\\/www.accidentdutravail-idf.net\\\/blog\\\/wp-content\\\/uploads\\\/2024\\\/12\\\/sante-malaises-mortels-au-travail-quelles-sont-les-professions-les-plus-touchees.jpg\",\"contentUrl\":\"https:\\\/\\\/www.accidentdutravail-idf.net\\\/blog\\\/wp-content\\\/uploads\\\/2024\\\/12\\\/sante-malaises-mortels-au-travail-quelles-sont-les-professions-les-plus-touchees.jpg\"},{\"@type\":\"BreadcrumbList\",\"@id\":\"https:\\\/\\\/www.accidentdutravail-idf.net\\\/blog\\\/sante-malaises-mortels-au-travail-quelles-sont-les-professions-les-plus-touchees\\\/#breadcrumb\",\"itemListElement\":[{\"@type\":\"ListItem\",\"position\":1,\"name\":\"Accueil\",\"item\":\"https:\\\/\\\/www.accidentdutravail-idf.net\\\/blog\\\/\"},{\"@type\":\"ListItem\",\"position\":2,\"name\":\"Sant\u00e9 Malaises mortels au travail : quelles sont les professions les plus touch\u00e9es\"}]},{\"@type\":\"WebSite\",\"@id\":\"https:\\\/\\\/www.accidentdutravail-idf.net\\\/blog\\\/#website\",\"url\":\"https:\\\/\\\/www.accidentdutravail-idf.net\\\/blog\\\/\",\"name\":\"ACCIDENTDUTRAVAIL-IDF\",\"description\":\"Portail accidents du travail-maladies professionnelles des entreprises d&#039;Ile-de-France\",\"publisher\":{\"@id\":\"https:\\\/\\\/www.accidentdutravail-idf.net\\\/blog\\\/#organization\"},\"potentialAction\":[{\"@type\":\"SearchAction\",\"target\":{\"@type\":\"EntryPoint\",\"urlTemplate\":\"https:\\\/\\\/www.accidentdutravail-idf.net\\\/blog\\\/?s={search_term_string}\"},\"query-input\":{\"@type\":\"PropertyValueSpecification\",\"valueRequired\":true,\"valueName\":\"search_term_string\"}}],\"inLanguage\":\"fr-FR\"},{\"@type\":\"Organization\",\"@id\":\"https:\\\/\\\/www.accidentdutravail-idf.net\\\/blog\\\/#organization\",\"name\":\"accidentdutravail-idf\",\"url\":\"https:\\\/\\\/www.accidentdutravail-idf.net\\\/blog\\\/\",\"logo\":{\"@type\":\"ImageObject\",\"inLanguage\":\"fr-FR\",\"@id\":\"https:\\\/\\\/www.accidentdutravail-idf.net\\\/blog\\\/#\\\/schema\\\/logo\\\/image\\\/\",\"url\":\"https:\\\/\\\/www.accidentdutravail-idf.net\\\/blog\\\/wp-content\\\/uploads\\\/2022\\\/09\\\/logo-2.png\",\"contentUrl\":\"https:\\\/\\\/www.accidentdutravail-idf.net\\\/blog\\\/wp-content\\\/uploads\\\/2022\\\/09\\\/logo-2.png\",\"width\":380,\"height\":291,\"caption\":\"accidentdutravail-idf\"},\"image\":{\"@id\":\"https:\\\/\\\/www.accidentdutravail-idf.net\\\/blog\\\/#\\\/schema\\\/logo\\\/image\\\/\"}},{\"@type\":\"Person\",\"@id\":\"https:\\\/\\\/www.accidentdutravail-idf.net\\\/blog\\\/#\\\/schema\\\/person\\\/3255d2f970de45e64bd9201f38e7b947\",\"name\":\"Carlos Poulain\",\"image\":{\"@type\":\"ImageObject\",\"inLanguage\":\"fr-FR\",\"@id\":\"https:\\\/\\\/secure.gravatar.com\\\/avatar\\\/b1c2f9d3588e34e91adb093635df64ef4b2381991216be7576466cfcdca4baf3?s=96&d=mm&r=g\",\"url\":\"https:\\\/\\\/secure.gravatar.com\\\/avatar\\\/b1c2f9d3588e34e91adb093635df64ef4b2381991216be7576466cfcdca4baf3?s=96&d=mm&r=g\",\"contentUrl\":\"https:\\\/\\\/secure.gravatar.com\\\/avatar\\\/b1c2f9d3588e34e91adb093635df64ef4b2381991216be7576466cfcdca4baf3?s=96&d=mm&r=g\",\"caption\":\"Carlos Poulain\"},\"url\":\"https:\\\/\\\/www.accidentdutravail-idf.net\\\/blog\\\/author\\\/idfcarlos\\\/\"}]}<\/script>\n<!-- \/ Yoast SEO plugin. -->","yoast_head_json":{"title":"Sant\u00e9 Malaises mortels au travail : quelles sont les professions les plus touch\u00e9es - ACCIDENTDUTRAVAIL-IDF","description":"Sant\u00e9 Malaises mortels au travail : quelles sont les professions les plus touch\u00e9es article de ACCIDENTDUTRAVAIL-IDF","robots":{"index":"index","follow":"follow","max-snippet":"max-snippet:-1","max-image-preview":"max-image-preview:large","max-video-preview":"max-video-preview:-1"},"canonical":"https:\/\/www.accidentdutravail-idf.net\/blog\/sante-malaises-mortels-au-travail-quelles-sont-les-professions-les-plus-touchees\/","og_locale":"fr_FR","og_type":"article","og_title":"Sant\u00e9 Malaises mortels au travail : quelles sont les professions les plus touch\u00e9es - ACCIDENTDUTRAVAIL-IDF","og_description":"Sant\u00e9 Malaises mortels au travail : quelles sont les professions les plus touch\u00e9es article de ACCIDENTDUTRAVAIL-IDF","og_url":"https:\/\/www.accidentdutravail-idf.net\/blog\/sante-malaises-mortels-au-travail-quelles-sont-les-professions-les-plus-touchees\/","og_site_name":"ACCIDENTDUTRAVAIL-IDF","article_published_time":"2024-12-29T20:15:00+00:00","og_image":[{"url":"https:\/\/www.accidentdutravail-idf.net\/blog\/wp-content\/uploads\/2024\/12\/sante-malaises-mortels-au-travail-quelles-sont-les-professions-les-plus-touchees.jpg","type":"","width":"","height":""}],"author":"Carlos Poulain","twitter_card":"summary_large_image","twitter_misc":{"\u00c9crit par":"Carlos Poulain","Dur\u00e9e de lecture estim\u00e9e":"2 minutes"},"schema":{"@context":"https:\/\/schema.org","@graph":[{"@type":"Article","@id":"https:\/\/www.accidentdutravail-idf.net\/blog\/sante-malaises-mortels-au-travail-quelles-sont-les-professions-les-plus-touchees\/#article","isPartOf":{"@id":"https:\/\/www.accidentdutravail-idf.net\/blog\/sante-malaises-mortels-au-travail-quelles-sont-les-professions-les-plus-touchees\/"},"author":{"name":"Carlos Poulain","@id":"https:\/\/www.accidentdutravail-idf.net\/blog\/#\/schema\/person\/3255d2f970de45e64bd9201f38e7b947"},"headline":"Sant\u00e9 Malaises mortels au travail : quelles sont les professions les plus touch\u00e9es","datePublished":"2024-12-29T20:15:00+00:00","mainEntityOfPage":{"@id":"https:\/\/www.accidentdutravail-idf.net\/blog\/sante-malaises-mortels-au-travail-quelles-sont-les-professions-les-plus-touchees\/"},"wordCount":369,"publisher":{"@id":"https:\/\/www.accidentdutravail-idf.net\/blog\/#organization"},"image":{"@id":"https:\/\/www.accidentdutravail-idf.net\/blog\/sante-malaises-mortels-au-travail-quelles-sont-les-professions-les-plus-touchees\/#primaryimage"},"thumbnailUrl":"https:\/\/www.accidentdutravail-idf.net\/blog\/wp-content\/uploads\/2024\/12\/sante-malaises-mortels-au-travail-quelles-sont-les-professions-les-plus-touchees.jpg","articleSection":["S\u00e9curit\u00e9 Du Travail En Ile-De-France Et Divers:"],"inLanguage":"fr-FR"},{"@type":"WebPage","@id":"https:\/\/www.accidentdutravail-idf.net\/blog\/sante-malaises-mortels-au-travail-quelles-sont-les-professions-les-plus-touchees\/","url":"https:\/\/www.accidentdutravail-idf.net\/blog\/sante-malaises-mortels-au-travail-quelles-sont-les-professions-les-plus-touchees\/","name":"Sant\u00e9 Malaises mortels au travail : quelles sont les professions les plus touch\u00e9es - ACCIDENTDUTRAVAIL-IDF","isPartOf":{"@id":"https:\/\/www.accidentdutravail-idf.net\/blog\/#website"},"primaryImageOfPage":{"@id":"https:\/\/www.accidentdutravail-idf.net\/blog\/sante-malaises-mortels-au-travail-quelles-sont-les-professions-les-plus-touchees\/#primaryimage"},"image":{"@id":"https:\/\/www.accidentdutravail-idf.net\/blog\/sante-malaises-mortels-au-travail-quelles-sont-les-professions-les-plus-touchees\/#primaryimage"},"thumbnailUrl":"https:\/\/www.accidentdutravail-idf.net\/blog\/wp-content\/uploads\/2024\/12\/sante-malaises-mortels-au-travail-quelles-sont-les-professions-les-plus-touchees.jpg","datePublished":"2024-12-29T20:15:00+00:00","description":"Sant\u00e9 Malaises mortels au travail : quelles sont les professions les plus touch\u00e9es article de ACCIDENTDUTRAVAIL-IDF","breadcrumb":{"@id":"https:\/\/www.accidentdutravail-idf.net\/blog\/sante-malaises-mortels-au-travail-quelles-sont-les-professions-les-plus-touchees\/#breadcrumb"},"inLanguage":"fr-FR","potentialAction":[{"@type":"ReadAction","target":["https:\/\/www.accidentdutravail-idf.net\/blog\/sante-malaises-mortels-au-travail-quelles-sont-les-professions-les-plus-touchees\/"]}]},{"@type":"ImageObject","inLanguage":"fr-FR","@id":"https:\/\/www.accidentdutravail-idf.net\/blog\/sante-malaises-mortels-au-travail-quelles-sont-les-professions-les-plus-touchees\/#primaryimage","url":"https:\/\/www.accidentdutravail-idf.net\/blog\/wp-content\/uploads\/2024\/12\/sante-malaises-mortels-au-travail-quelles-sont-les-professions-les-plus-touchees.jpg","contentUrl":"https:\/\/www.accidentdutravail-idf.net\/blog\/wp-content\/uploads\/2024\/12\/sante-malaises-mortels-au-travail-quelles-sont-les-professions-les-plus-touchees.jpg"},{"@type":"BreadcrumbList","@id":"https:\/\/www.accidentdutravail-idf.net\/blog\/sante-malaises-mortels-au-travail-quelles-sont-les-professions-les-plus-touchees\/#breadcrumb","itemListElement":[{"@type":"ListItem","position":1,"name":"Accueil","item":"https:\/\/www.accidentdutravail-idf.net\/blog\/"},{"@type":"ListItem","position":2,"name":"Sant\u00e9 Malaises mortels au travail : quelles sont les professions les plus touch\u00e9es"}]},{"@type":"WebSite","@id":"https:\/\/www.accidentdutravail-idf.net\/blog\/#website","url":"https:\/\/www.accidentdutravail-idf.net\/blog\/","name":"ACCIDENTDUTRAVAIL-IDF","description":"Portail accidents du travail-maladies professionnelles des entreprises d&#039;Ile-de-France","publisher":{"@id":"https:\/\/www.accidentdutravail-idf.net\/blog\/#organization"},"potentialAction":[{"@type":"SearchAction","target":{"@type":"EntryPoint","urlTemplate":"https:\/\/www.accidentdutravail-idf.net\/blog\/?s={search_term_string}"},"query-input":{"@type":"PropertyValueSpecification","valueRequired":true,"valueName":"search_term_string"}}],"inLanguage":"fr-FR"},{"@type":"Organization","@id":"https:\/\/www.accidentdutravail-idf.net\/blog\/#organization","name":"accidentdutravail-idf","url":"https:\/\/www.accidentdutravail-idf.net\/blog\/","logo":{"@type":"ImageObject","inLanguage":"fr-FR","@id":"https:\/\/www.accidentdutravail-idf.net\/blog\/#\/schema\/logo\/image\/","url":"https:\/\/www.accidentdutravail-idf.net\/blog\/wp-content\/uploads\/2022\/09\/logo-2.png","contentUrl":"https:\/\/www.accidentdutravail-idf.net\/blog\/wp-content\/uploads\/2022\/09\/logo-2.png","width":380,"height":291,"caption":"accidentdutravail-idf"},"image":{"@id":"https:\/\/www.accidentdutravail-idf.net\/blog\/#\/schema\/logo\/image\/"}},{"@type":"Person","@id":"https:\/\/www.accidentdutravail-idf.net\/blog\/#\/schema\/person\/3255d2f970de45e64bd9201f38e7b947","name":"Carlos Poulain","image":{"@type":"ImageObject","inLanguage":"fr-FR","@id":"https:\/\/secure.gravatar.com\/avatar\/b1c2f9d3588e34e91adb093635df64ef4b2381991216be7576466cfcdca4baf3?s=96&d=mm&r=g","url":"https:\/\/secure.gravatar.com\/avatar\/b1c2f9d3588e34e91adb093635df64ef4b2381991216be7576466cfcdca4baf3?s=96&d=mm&r=g","contentUrl":"https:\/\/secure.gravatar.com\/avatar\/b1c2f9d3588e34e91adb093635df64ef4b2381991216be7576466cfcdca4baf3?s=96&d=mm&r=g","caption":"Carlos Poulain"},"url":"https:\/\/www.accidentdutravail-idf.net\/blog\/author\/idfcarlos\/"}]}},"_links":{"self":[{"href":"https:\/\/www.accidentdutravail-idf.net\/blog\/wp-json\/wp\/v2\/posts\/1138","targetHints":{"allow":["GET"]}}],"collection":[{"href":"https:\/\/www.accidentdutravail-idf.net\/blog\/wp-json\/wp\/v2\/posts"}],"about":[{"href":"https:\/\/www.accidentdutravail-idf.net\/blog\/wp-json\/wp\/v2\/types\/post"}],"author":[{"embeddable":true,"href":"https:\/\/www.accidentdutravail-idf.net\/blog\/wp-json\/wp\/v2\/users\/2"}],"replies":[{"embeddable":true,"href":"https:\/\/www.accidentdutravail-idf.net\/blog\/wp-json\/wp\/v2\/comments?post=1138"}],"version-history":[{"count":0,"href":"https:\/\/www.accidentdutravail-idf.net\/blog\/wp-json\/wp\/v2\/posts\/1138\/revisions"}],"wp:attachment":[{"href":"https:\/\/www.accidentdutravail-idf.net\/blog\/wp-json\/wp\/v2\/media?parent=1138"}],"wp:term":[{"taxonomy":"category","embeddable":true,"href":"https:\/\/www.accidentdutravail-idf.net\/blog\/wp-json\/wp\/v2\/categories?post=1138"},{"taxonomy":"post_tag","embeddable":true,"href":"https:\/\/www.accidentdutravail-idf.net\/blog\/wp-json\/wp\/v2\/tags?post=1138"}],"curies":[{"name":"wp","href":"https:\/\/api.w.org\/{rel}","templated":true}]}}