{"id":1136,"date":"2024-12-27T17:00:00","date_gmt":"2024-12-27T16:00:00","guid":{"rendered":"https:\/\/www.accidentdutravail-idf.net\/blog\/accidents-du-travail-non-mortels-des-doutes-sur-la-fiabilite-des-donnees\/"},"modified":"2024-12-27T17:00:00","modified_gmt":"2024-12-27T16:00:00","slug":"accidents-du-travail-non-mortels-des-doutes-sur-la-fiabilite-des-donnees","status":"publish","type":"post","link":"https:\/\/www.accidentdutravail-idf.net\/blog\/accidents-du-travail-non-mortels-des-doutes-sur-la-fiabilite-des-donnees\/","title":{"rendered":"Accidents du travail non mortels : des doutes sur la fiabilit\u00e9 des donn\u00e9es"},"content":{"rendered":"<figure class=\"article__media\">   <img decoding=\"async\" src=\"https:\/\/www.accidentdutravail-idf.net\/blog\/wp-content\/uploads\/2024\/12\/accidents-du-travail-non-mortels-des-doutes-sur-la-fiabilite-des-donnees.jpg\" alt=\"La secr\u00e9taire g\u00e9n\u00e9rale de la CGT, Sophie Binet (au centre), entour\u00e9e de membres du syndicat, \u00e0 Cournon-d\u2019Auvergne, dans le Puy-de-D\u00f4me, le 31&nbsp;mars&nbsp;2023.\" width=\"664\" height=\"443\">   <img decoding=\"async\" src=\"https:\/\/www.accidentdutravail-idf.net\/blog\/wp-content\/uploads\/2024\/12\/accidents-du-travail-non-mortels-des-doutes-sur-la-fiabilite-des-donnees.jpg\" alt=\"La secr\u00e9taire g\u00e9n\u00e9rale de la CGT, Sophie Binet (au centre), entour\u00e9e de membres du syndicat, \u00e0 Cournon-d\u2019Auvergne, dans le Puy-de-D\u00f4me, le 31&nbsp;mars&nbsp;2023.\"><figcaption class=\"article__legend\" aria-hidden=\"true\">La secr\u00e9taire g\u00e9n\u00e9rale de la CGT, Sophie Binet (au centre), entour\u00e9e de membres du syndicat, \u00e0 Cournon-d\u2019Auvergne, dans le Puy-de-D\u00f4me, le 31&nbsp;mars&nbsp;2023. <span class=\"article__credit\" aria-hidden=\"true\">JEFF PACHOUD\/AFP<\/span> <\/figcaption><\/figure>\n<p class=\"article__paragraph \">Un bilan \u00e0 la fois sombre et d\u00e9concertant. En 2023, le nombre de morts li\u00e9s au travail a atteint 1&nbsp;287, soit 60 de plus qu\u2019en 2022. A la lecture de ces donn\u00e9es, d\u00e9voil\u00e9es le 13&nbsp;d\u00e9cembre, les syndicats ont, logiquement, exprim\u00e9 leur tr\u00e8s forte pr\u00e9occupation au sujet d\u2019un fl\u00e9au que les politiques publiques ne parviennent pas \u00e0 r\u00e9duire. Fait plus inattendu, ils ont \u00e9galement tenu \u00e0 manifester leur perplexit\u00e9 face \u00e0 des statistiques qui dessinent des courbes difficiles \u00e0 comprendre \u00e0 leurs yeux.<\/p>\n<section class=\"catcher catcher--favoris\">\n<div class=\"catcher__content\"><span class=\"catcher__title catcher__title--hide\">Lire aussi |<\/span><span class=\"catcher__desc\"> <span class=\"icon__premium\"><span class=\"sr-only\">Article r\u00e9serv\u00e9 \u00e0 nos abonn\u00e9s<\/span><\/span> <a href=\"https:\/\/www.lemonde.fr\/economie\/article\/2024\/12\/17\/morts-au-travail-un-niveau-record-en-2023_6454320_3234.html\" class=\"js-article-read-also catcher--favoris__link\" data-premium=\"1\" target=\"_blank\" rel=\"nofollow\">Morts au travail&nbsp;: un niveau record en&nbsp;2023<\/a> <\/span> <\/div>\n<p> <button class=\"lmd-btn-icon lmd-btn-icon--primary lmd-btn-icon--m js-lmd-dropdown-favorite-toggler\" aria-expanded=\"false\" aria-controls=\"lmd-dropdown-favorite\" aria-label=\"Lire plus tard\" data-article-id=\"3402879\" data-position=\"lire aussi\" data-url=\"https:\/\/www.lemonde.fr\/economie\/article\/2024\/12\/17\/morts-au-travail-un-niveau-record-en-2023_6454320_3234.html\" data-status> <span class=\"icon__favorites\"><\/span> <span class=\"js-btn-icon-tooltip\" aria-hidden=\"true\">Lire plus tard<\/span> <\/button> <\/p>\n<\/section>\n<p class=\"article__paragraph \">Les chiffres incrimin\u00e9s \u00e9manent de la direction de la branche accidents du travail-maladies professionnelles (AT-MP). Ils concernent, pour l\u2019essentiel, les <em>\u00ab&nbsp;sinistres&nbsp;\u00bb<\/em> touchant les salari\u00e9s du priv\u00e9 affili\u00e9s au r\u00e9gime g\u00e9n\u00e9ral de la S\u00e9curit\u00e9 sociale. Sont exclus du d\u00e9compte, par exemple, les fonctionnaires et les exploitants agricoles. M\u00eame si elles offrent une vision incompl\u00e8te du probl\u00e8me, ces informations, qui donnent lieu tous les ans \u00e0 un rapport, sont guett\u00e9es avec beaucoup d\u2019int\u00e9r\u00eat.<\/p>\n<p class=\"article__paragraph \">Le document publi\u00e9 le 13&nbsp;d\u00e9cembre montre que, en&nbsp;2023, les accidents du travail ont caus\u00e9 la mort de 759&nbsp;personnes. S\u2019y ajoutent ceux qui se sont produits lors d\u2019un trajet effectu\u00e9 dans le cadre professionnel&nbsp;: ils ont occasionn\u00e9 332&nbsp;d\u00e9c\u00e8s. Enfin, 196&nbsp;individus ont perdu la vie \u00e0 la suite d\u2019une maladie li\u00e9e \u00e0 leur m\u00e9tier. Ce qui donne donc un total de 1&nbsp;287, en progression de pr\u00e8s de 4,9&nbsp;% en un an. Une <em>\u00ab&nbsp;aggravation alarmante&nbsp;\u00bb<\/em>, s\u2019est indign\u00e9e la CGT, dans un communiqu\u00e9 diffus\u00e9 le 19&nbsp;d\u00e9cembre. <em>\u00ab&nbsp;Des d\u00e9fis importants restent \u00e0 relever&nbsp;\u00bb<\/em>, compl\u00e8te Fr\u00e9d\u00e9ric Fischbach, pr\u00e9sident de la CFTC Sant\u00e9 sociaux, qui d\u00e9plore que <em>\u00ab&nbsp;peu de choses<\/em> [aient]<em> \u00e9t\u00e9 entreprises, cette ann\u00e9e-l\u00e0, en faveur de la sant\u00e9 au travail&nbsp;\u00bb<\/em>.<\/p>\n<p class=\"reading-mode-only \"><strong>Il vous reste 64.34% de cet article \u00e0 lire. La suite est r\u00e9serv\u00e9e aux abonn\u00e9s.<\/strong><\/p>\n<p> accidentdutravail-idf.net vous a pr\u00e9par\u00e9 ce post qui informe du sujet \u00ab\u00a0Association Sportive Huisson-Longueville Essonne\u00a0\u00bb. La chronique se veut g\u00e9n\u00e9r\u00e9e du mieux possible. Vous pouvez utiliser les coordonn\u00e9es indiqu\u00e9es sur le site dans le but d\u2019apporter des explications sur ce post qui parle du th\u00e8me \u00ab\u00a0Association Sportive Huisson-Longueville Essonne\u00a0\u00bb. Le site accidentdutravail-idf.net a pour but de fournir diverses publications sur la th\u00e9matique Association Sportive Huisson-Longueville Essonne diffus\u00e9es sur le net. Il y aura plusieurs articles autour du sujet \u00ab\u00a0Association Sportive Huisson-Longueville Essonne\u00a0\u00bb dans quelques jours, nous vous invitons \u00e0 naviguer sur notre site web \u00e0 plusieurs reprises.<\/p>\n","protected":false},"excerpt":{"rendered":"<p>La secr\u00e9taire g\u00e9n\u00e9rale de la CGT, Sophie Binet (au centre), entour\u00e9e de membres du syndicat, \u00e0 Cournon-d\u2019Auvergne, dans le Puy-de-D\u00f4me, le 31&nbsp;mars&nbsp;2023. JEFF PACHOUD\/AFP Un bilan \u00e0 la fois sombre et d\u00e9concertant. En 2023, le nombre de morts li\u00e9s au travail a atteint 1&nbsp;287, soit 60 de plus qu\u2019en 2022. A la lecture de ces &hellip; <\/p>\n<p class=\"link-more\"><a href=\"https:\/\/www.accidentdutravail-idf.net\/blog\/accidents-du-travail-non-mortels-des-doutes-sur-la-fiabilite-des-donnees\/\" class=\"more-link\">Continuer la lecture <span class=\"screen-reader-text\"> \u00ab\u00a0Accidents du travail non mortels : des doutes sur la fiabilit\u00e9 des donn\u00e9es\u00a0\u00bb<\/span><\/a><\/p>\n","protected":false},"author":2,"featured_media":0,"comment_status":"closed","ping_status":"closed","sticky":false,"template":"","format":"standard","meta":{"footnotes":""},"categories":[5],"tags":[],"class_list":["post-1136","post","type-post","status-publish","format-standard","hentry","category-securite-du-travail-en-ile-de-france-et-divers","entry"],"yoast_head":"<!-- This site is optimized with the Yoast SEO plugin v27.5 - https:\/\/yoast.com\/product\/yoast-seo-wordpress\/ -->\n<title>Accidents du travail non mortels : des doutes sur la fiabilit\u00e9 des donn\u00e9es - ACCIDENTDUTRAVAIL-IDF<\/title>\n<meta name=\"description\" content=\"Accidents du travail non mortels : des doutes sur la fiabilit\u00e9 des donn\u00e9es article de ACCIDENTDUTRAVAIL-IDF\" \/>\n<meta name=\"robots\" content=\"index, follow, max-snippet:-1, max-image-preview:large, max-video-preview:-1\" \/>\n<link rel=\"canonical\" href=\"https:\/\/www.accidentdutravail-idf.net\/blog\/accidents-du-travail-non-mortels-des-doutes-sur-la-fiabilite-des-donnees\/\" \/>\n<meta property=\"og:locale\" content=\"fr_FR\" \/>\n<meta property=\"og:type\" content=\"article\" \/>\n<meta property=\"og:title\" content=\"Accidents du travail non mortels : des doutes sur la fiabilit\u00e9 des donn\u00e9es - ACCIDENTDUTRAVAIL-IDF\" \/>\n<meta property=\"og:description\" content=\"Accidents du travail non mortels : des doutes sur la fiabilit\u00e9 des donn\u00e9es article de ACCIDENTDUTRAVAIL-IDF\" \/>\n<meta property=\"og:url\" content=\"https:\/\/www.accidentdutravail-idf.net\/blog\/accidents-du-travail-non-mortels-des-doutes-sur-la-fiabilite-des-donnees\/\" \/>\n<meta property=\"og:site_name\" content=\"ACCIDENTDUTRAVAIL-IDF\" \/>\n<meta property=\"article:published_time\" content=\"2024-12-27T16:00:00+00:00\" \/>\n<meta property=\"og:image\" content=\"https:\/\/www.accidentdutravail-idf.net\/blog\/wp-content\/uploads\/2024\/12\/accidents-du-travail-non-mortels-des-doutes-sur-la-fiabilite-des-donnees.jpg\" \/>\n<meta name=\"author\" content=\"Carlos Poulain\" \/>\n<meta name=\"twitter:card\" content=\"summary_large_image\" \/>\n<meta name=\"twitter:label1\" content=\"\u00c9crit par\" \/>\n\t<meta name=\"twitter:data1\" content=\"Carlos Poulain\" \/>\n\t<meta name=\"twitter:label2\" content=\"Dur\u00e9e de lecture estim\u00e9e\" \/>\n\t<meta name=\"twitter:data2\" content=\"2 minutes\" \/>\n<script type=\"application\/ld+json\" class=\"yoast-schema-graph\">{\"@context\":\"https:\\\/\\\/schema.org\",\"@graph\":[{\"@type\":\"Article\",\"@id\":\"https:\\\/\\\/www.accidentdutravail-idf.net\\\/blog\\\/accidents-du-travail-non-mortels-des-doutes-sur-la-fiabilite-des-donnees\\\/#article\",\"isPartOf\":{\"@id\":\"https:\\\/\\\/www.accidentdutravail-idf.net\\\/blog\\\/accidents-du-travail-non-mortels-des-doutes-sur-la-fiabilite-des-donnees\\\/\"},\"author\":{\"name\":\"Carlos Poulain\",\"@id\":\"https:\\\/\\\/www.accidentdutravail-idf.net\\\/blog\\\/#\\\/schema\\\/person\\\/3255d2f970de45e64bd9201f38e7b947\"},\"headline\":\"Accidents du travail non mortels : des doutes sur la fiabilit\u00e9 des donn\u00e9es\",\"datePublished\":\"2024-12-27T16:00:00+00:00\",\"mainEntityOfPage\":{\"@id\":\"https:\\\/\\\/www.accidentdutravail-idf.net\\\/blog\\\/accidents-du-travail-non-mortels-des-doutes-sur-la-fiabilite-des-donnees\\\/\"},\"wordCount\":505,\"publisher\":{\"@id\":\"https:\\\/\\\/www.accidentdutravail-idf.net\\\/blog\\\/#organization\"},\"image\":{\"@id\":\"https:\\\/\\\/www.accidentdutravail-idf.net\\\/blog\\\/accidents-du-travail-non-mortels-des-doutes-sur-la-fiabilite-des-donnees\\\/#primaryimage\"},\"thumbnailUrl\":\"https:\\\/\\\/www.accidentdutravail-idf.net\\\/blog\\\/wp-content\\\/uploads\\\/2024\\\/12\\\/accidents-du-travail-non-mortels-des-doutes-sur-la-fiabilite-des-donnees.jpg\",\"articleSection\":[\"S\u00e9curit\u00e9 Du Travail En Ile-De-France Et Divers:\"],\"inLanguage\":\"fr-FR\"},{\"@type\":\"WebPage\",\"@id\":\"https:\\\/\\\/www.accidentdutravail-idf.net\\\/blog\\\/accidents-du-travail-non-mortels-des-doutes-sur-la-fiabilite-des-donnees\\\/\",\"url\":\"https:\\\/\\\/www.accidentdutravail-idf.net\\\/blog\\\/accidents-du-travail-non-mortels-des-doutes-sur-la-fiabilite-des-donnees\\\/\",\"name\":\"Accidents du travail non mortels : des doutes sur la fiabilit\u00e9 des donn\u00e9es - ACCIDENTDUTRAVAIL-IDF\",\"isPartOf\":{\"@id\":\"https:\\\/\\\/www.accidentdutravail-idf.net\\\/blog\\\/#website\"},\"primaryImageOfPage\":{\"@id\":\"https:\\\/\\\/www.accidentdutravail-idf.net\\\/blog\\\/accidents-du-travail-non-mortels-des-doutes-sur-la-fiabilite-des-donnees\\\/#primaryimage\"},\"image\":{\"@id\":\"https:\\\/\\\/www.accidentdutravail-idf.net\\\/blog\\\/accidents-du-travail-non-mortels-des-doutes-sur-la-fiabilite-des-donnees\\\/#primaryimage\"},\"thumbnailUrl\":\"https:\\\/\\\/www.accidentdutravail-idf.net\\\/blog\\\/wp-content\\\/uploads\\\/2024\\\/12\\\/accidents-du-travail-non-mortels-des-doutes-sur-la-fiabilite-des-donnees.jpg\",\"datePublished\":\"2024-12-27T16:00:00+00:00\",\"description\":\"Accidents du travail non mortels : des doutes sur la fiabilit\u00e9 des donn\u00e9es article de ACCIDENTDUTRAVAIL-IDF\",\"breadcrumb\":{\"@id\":\"https:\\\/\\\/www.accidentdutravail-idf.net\\\/blog\\\/accidents-du-travail-non-mortels-des-doutes-sur-la-fiabilite-des-donnees\\\/#breadcrumb\"},\"inLanguage\":\"fr-FR\",\"potentialAction\":[{\"@type\":\"ReadAction\",\"target\":[\"https:\\\/\\\/www.accidentdutravail-idf.net\\\/blog\\\/accidents-du-travail-non-mortels-des-doutes-sur-la-fiabilite-des-donnees\\\/\"]}]},{\"@type\":\"ImageObject\",\"inLanguage\":\"fr-FR\",\"@id\":\"https:\\\/\\\/www.accidentdutravail-idf.net\\\/blog\\\/accidents-du-travail-non-mortels-des-doutes-sur-la-fiabilite-des-donnees\\\/#primaryimage\",\"url\":\"https:\\\/\\\/www.accidentdutravail-idf.net\\\/blog\\\/wp-content\\\/uploads\\\/2024\\\/12\\\/accidents-du-travail-non-mortels-des-doutes-sur-la-fiabilite-des-donnees.jpg\",\"contentUrl\":\"https:\\\/\\\/www.accidentdutravail-idf.net\\\/blog\\\/wp-content\\\/uploads\\\/2024\\\/12\\\/accidents-du-travail-non-mortels-des-doutes-sur-la-fiabilite-des-donnees.jpg\"},{\"@type\":\"BreadcrumbList\",\"@id\":\"https:\\\/\\\/www.accidentdutravail-idf.net\\\/blog\\\/accidents-du-travail-non-mortels-des-doutes-sur-la-fiabilite-des-donnees\\\/#breadcrumb\",\"itemListElement\":[{\"@type\":\"ListItem\",\"position\":1,\"name\":\"Accueil\",\"item\":\"https:\\\/\\\/www.accidentdutravail-idf.net\\\/blog\\\/\"},{\"@type\":\"ListItem\",\"position\":2,\"name\":\"Accidents du travail non mortels : des doutes sur la fiabilit\u00e9 des donn\u00e9es\"}]},{\"@type\":\"WebSite\",\"@id\":\"https:\\\/\\\/www.accidentdutravail-idf.net\\\/blog\\\/#website\",\"url\":\"https:\\\/\\\/www.accidentdutravail-idf.net\\\/blog\\\/\",\"name\":\"ACCIDENTDUTRAVAIL-IDF\",\"description\":\"Portail accidents du travail-maladies professionnelles des entreprises d&#039;Ile-de-France\",\"publisher\":{\"@id\":\"https:\\\/\\\/www.accidentdutravail-idf.net\\\/blog\\\/#organization\"},\"potentialAction\":[{\"@type\":\"SearchAction\",\"target\":{\"@type\":\"EntryPoint\",\"urlTemplate\":\"https:\\\/\\\/www.accidentdutravail-idf.net\\\/blog\\\/?s={search_term_string}\"},\"query-input\":{\"@type\":\"PropertyValueSpecification\",\"valueRequired\":true,\"valueName\":\"search_term_string\"}}],\"inLanguage\":\"fr-FR\"},{\"@type\":\"Organization\",\"@id\":\"https:\\\/\\\/www.accidentdutravail-idf.net\\\/blog\\\/#organization\",\"name\":\"accidentdutravail-idf\",\"url\":\"https:\\\/\\\/www.accidentdutravail-idf.net\\\/blog\\\/\",\"logo\":{\"@type\":\"ImageObject\",\"inLanguage\":\"fr-FR\",\"@id\":\"https:\\\/\\\/www.accidentdutravail-idf.net\\\/blog\\\/#\\\/schema\\\/logo\\\/image\\\/\",\"url\":\"https:\\\/\\\/www.accidentdutravail-idf.net\\\/blog\\\/wp-content\\\/uploads\\\/2022\\\/09\\\/logo-2.png\",\"contentUrl\":\"https:\\\/\\\/www.accidentdutravail-idf.net\\\/blog\\\/wp-content\\\/uploads\\\/2022\\\/09\\\/logo-2.png\",\"width\":380,\"height\":291,\"caption\":\"accidentdutravail-idf\"},\"image\":{\"@id\":\"https:\\\/\\\/www.accidentdutravail-idf.net\\\/blog\\\/#\\\/schema\\\/logo\\\/image\\\/\"}},{\"@type\":\"Person\",\"@id\":\"https:\\\/\\\/www.accidentdutravail-idf.net\\\/blog\\\/#\\\/schema\\\/person\\\/3255d2f970de45e64bd9201f38e7b947\",\"name\":\"Carlos Poulain\",\"image\":{\"@type\":\"ImageObject\",\"inLanguage\":\"fr-FR\",\"@id\":\"https:\\\/\\\/secure.gravatar.com\\\/avatar\\\/b1c2f9d3588e34e91adb093635df64ef4b2381991216be7576466cfcdca4baf3?s=96&d=mm&r=g\",\"url\":\"https:\\\/\\\/secure.gravatar.com\\\/avatar\\\/b1c2f9d3588e34e91adb093635df64ef4b2381991216be7576466cfcdca4baf3?s=96&d=mm&r=g\",\"contentUrl\":\"https:\\\/\\\/secure.gravatar.com\\\/avatar\\\/b1c2f9d3588e34e91adb093635df64ef4b2381991216be7576466cfcdca4baf3?s=96&d=mm&r=g\",\"caption\":\"Carlos Poulain\"},\"url\":\"https:\\\/\\\/www.accidentdutravail-idf.net\\\/blog\\\/author\\\/idfcarlos\\\/\"}]}<\/script>\n<!-- \/ Yoast SEO plugin. -->","yoast_head_json":{"title":"Accidents du travail non mortels : des doutes sur la fiabilit\u00e9 des donn\u00e9es - ACCIDENTDUTRAVAIL-IDF","description":"Accidents du travail non mortels : des doutes sur la fiabilit\u00e9 des donn\u00e9es article de ACCIDENTDUTRAVAIL-IDF","robots":{"index":"index","follow":"follow","max-snippet":"max-snippet:-1","max-image-preview":"max-image-preview:large","max-video-preview":"max-video-preview:-1"},"canonical":"https:\/\/www.accidentdutravail-idf.net\/blog\/accidents-du-travail-non-mortels-des-doutes-sur-la-fiabilite-des-donnees\/","og_locale":"fr_FR","og_type":"article","og_title":"Accidents du travail non mortels : des doutes sur la fiabilit\u00e9 des donn\u00e9es - ACCIDENTDUTRAVAIL-IDF","og_description":"Accidents du travail non mortels : des doutes sur la fiabilit\u00e9 des donn\u00e9es article de ACCIDENTDUTRAVAIL-IDF","og_url":"https:\/\/www.accidentdutravail-idf.net\/blog\/accidents-du-travail-non-mortels-des-doutes-sur-la-fiabilite-des-donnees\/","og_site_name":"ACCIDENTDUTRAVAIL-IDF","article_published_time":"2024-12-27T16:00:00+00:00","og_image":[{"url":"https:\/\/www.accidentdutravail-idf.net\/blog\/wp-content\/uploads\/2024\/12\/accidents-du-travail-non-mortels-des-doutes-sur-la-fiabilite-des-donnees.jpg","type":"","width":"","height":""}],"author":"Carlos Poulain","twitter_card":"summary_large_image","twitter_misc":{"\u00c9crit par":"Carlos Poulain","Dur\u00e9e de lecture estim\u00e9e":"2 minutes"},"schema":{"@context":"https:\/\/schema.org","@graph":[{"@type":"Article","@id":"https:\/\/www.accidentdutravail-idf.net\/blog\/accidents-du-travail-non-mortels-des-doutes-sur-la-fiabilite-des-donnees\/#article","isPartOf":{"@id":"https:\/\/www.accidentdutravail-idf.net\/blog\/accidents-du-travail-non-mortels-des-doutes-sur-la-fiabilite-des-donnees\/"},"author":{"name":"Carlos Poulain","@id":"https:\/\/www.accidentdutravail-idf.net\/blog\/#\/schema\/person\/3255d2f970de45e64bd9201f38e7b947"},"headline":"Accidents du travail non mortels : des doutes sur la fiabilit\u00e9 des donn\u00e9es","datePublished":"2024-12-27T16:00:00+00:00","mainEntityOfPage":{"@id":"https:\/\/www.accidentdutravail-idf.net\/blog\/accidents-du-travail-non-mortels-des-doutes-sur-la-fiabilite-des-donnees\/"},"wordCount":505,"publisher":{"@id":"https:\/\/www.accidentdutravail-idf.net\/blog\/#organization"},"image":{"@id":"https:\/\/www.accidentdutravail-idf.net\/blog\/accidents-du-travail-non-mortels-des-doutes-sur-la-fiabilite-des-donnees\/#primaryimage"},"thumbnailUrl":"https:\/\/www.accidentdutravail-idf.net\/blog\/wp-content\/uploads\/2024\/12\/accidents-du-travail-non-mortels-des-doutes-sur-la-fiabilite-des-donnees.jpg","articleSection":["S\u00e9curit\u00e9 Du Travail En Ile-De-France Et Divers:"],"inLanguage":"fr-FR"},{"@type":"WebPage","@id":"https:\/\/www.accidentdutravail-idf.net\/blog\/accidents-du-travail-non-mortels-des-doutes-sur-la-fiabilite-des-donnees\/","url":"https:\/\/www.accidentdutravail-idf.net\/blog\/accidents-du-travail-non-mortels-des-doutes-sur-la-fiabilite-des-donnees\/","name":"Accidents du travail non mortels : des doutes sur la fiabilit\u00e9 des donn\u00e9es - ACCIDENTDUTRAVAIL-IDF","isPartOf":{"@id":"https:\/\/www.accidentdutravail-idf.net\/blog\/#website"},"primaryImageOfPage":{"@id":"https:\/\/www.accidentdutravail-idf.net\/blog\/accidents-du-travail-non-mortels-des-doutes-sur-la-fiabilite-des-donnees\/#primaryimage"},"image":{"@id":"https:\/\/www.accidentdutravail-idf.net\/blog\/accidents-du-travail-non-mortels-des-doutes-sur-la-fiabilite-des-donnees\/#primaryimage"},"thumbnailUrl":"https:\/\/www.accidentdutravail-idf.net\/blog\/wp-content\/uploads\/2024\/12\/accidents-du-travail-non-mortels-des-doutes-sur-la-fiabilite-des-donnees.jpg","datePublished":"2024-12-27T16:00:00+00:00","description":"Accidents du travail non mortels : des doutes sur la fiabilit\u00e9 des donn\u00e9es article de ACCIDENTDUTRAVAIL-IDF","breadcrumb":{"@id":"https:\/\/www.accidentdutravail-idf.net\/blog\/accidents-du-travail-non-mortels-des-doutes-sur-la-fiabilite-des-donnees\/#breadcrumb"},"inLanguage":"fr-FR","potentialAction":[{"@type":"ReadAction","target":["https:\/\/www.accidentdutravail-idf.net\/blog\/accidents-du-travail-non-mortels-des-doutes-sur-la-fiabilite-des-donnees\/"]}]},{"@type":"ImageObject","inLanguage":"fr-FR","@id":"https:\/\/www.accidentdutravail-idf.net\/blog\/accidents-du-travail-non-mortels-des-doutes-sur-la-fiabilite-des-donnees\/#primaryimage","url":"https:\/\/www.accidentdutravail-idf.net\/blog\/wp-content\/uploads\/2024\/12\/accidents-du-travail-non-mortels-des-doutes-sur-la-fiabilite-des-donnees.jpg","contentUrl":"https:\/\/www.accidentdutravail-idf.net\/blog\/wp-content\/uploads\/2024\/12\/accidents-du-travail-non-mortels-des-doutes-sur-la-fiabilite-des-donnees.jpg"},{"@type":"BreadcrumbList","@id":"https:\/\/www.accidentdutravail-idf.net\/blog\/accidents-du-travail-non-mortels-des-doutes-sur-la-fiabilite-des-donnees\/#breadcrumb","itemListElement":[{"@type":"ListItem","position":1,"name":"Accueil","item":"https:\/\/www.accidentdutravail-idf.net\/blog\/"},{"@type":"ListItem","position":2,"name":"Accidents du travail non mortels : des doutes sur la fiabilit\u00e9 des donn\u00e9es"}]},{"@type":"WebSite","@id":"https:\/\/www.accidentdutravail-idf.net\/blog\/#website","url":"https:\/\/www.accidentdutravail-idf.net\/blog\/","name":"ACCIDENTDUTRAVAIL-IDF","description":"Portail accidents du travail-maladies professionnelles des entreprises d&#039;Ile-de-France","publisher":{"@id":"https:\/\/www.accidentdutravail-idf.net\/blog\/#organization"},"potentialAction":[{"@type":"SearchAction","target":{"@type":"EntryPoint","urlTemplate":"https:\/\/www.accidentdutravail-idf.net\/blog\/?s={search_term_string}"},"query-input":{"@type":"PropertyValueSpecification","valueRequired":true,"valueName":"search_term_string"}}],"inLanguage":"fr-FR"},{"@type":"Organization","@id":"https:\/\/www.accidentdutravail-idf.net\/blog\/#organization","name":"accidentdutravail-idf","url":"https:\/\/www.accidentdutravail-idf.net\/blog\/","logo":{"@type":"ImageObject","inLanguage":"fr-FR","@id":"https:\/\/www.accidentdutravail-idf.net\/blog\/#\/schema\/logo\/image\/","url":"https:\/\/www.accidentdutravail-idf.net\/blog\/wp-content\/uploads\/2022\/09\/logo-2.png","contentUrl":"https:\/\/www.accidentdutravail-idf.net\/blog\/wp-content\/uploads\/2022\/09\/logo-2.png","width":380,"height":291,"caption":"accidentdutravail-idf"},"image":{"@id":"https:\/\/www.accidentdutravail-idf.net\/blog\/#\/schema\/logo\/image\/"}},{"@type":"Person","@id":"https:\/\/www.accidentdutravail-idf.net\/blog\/#\/schema\/person\/3255d2f970de45e64bd9201f38e7b947","name":"Carlos Poulain","image":{"@type":"ImageObject","inLanguage":"fr-FR","@id":"https:\/\/secure.gravatar.com\/avatar\/b1c2f9d3588e34e91adb093635df64ef4b2381991216be7576466cfcdca4baf3?s=96&d=mm&r=g","url":"https:\/\/secure.gravatar.com\/avatar\/b1c2f9d3588e34e91adb093635df64ef4b2381991216be7576466cfcdca4baf3?s=96&d=mm&r=g","contentUrl":"https:\/\/secure.gravatar.com\/avatar\/b1c2f9d3588e34e91adb093635df64ef4b2381991216be7576466cfcdca4baf3?s=96&d=mm&r=g","caption":"Carlos Poulain"},"url":"https:\/\/www.accidentdutravail-idf.net\/blog\/author\/idfcarlos\/"}]}},"_links":{"self":[{"href":"https:\/\/www.accidentdutravail-idf.net\/blog\/wp-json\/wp\/v2\/posts\/1136","targetHints":{"allow":["GET"]}}],"collection":[{"href":"https:\/\/www.accidentdutravail-idf.net\/blog\/wp-json\/wp\/v2\/posts"}],"about":[{"href":"https:\/\/www.accidentdutravail-idf.net\/blog\/wp-json\/wp\/v2\/types\/post"}],"author":[{"embeddable":true,"href":"https:\/\/www.accidentdutravail-idf.net\/blog\/wp-json\/wp\/v2\/users\/2"}],"replies":[{"embeddable":true,"href":"https:\/\/www.accidentdutravail-idf.net\/blog\/wp-json\/wp\/v2\/comments?post=1136"}],"version-history":[{"count":0,"href":"https:\/\/www.accidentdutravail-idf.net\/blog\/wp-json\/wp\/v2\/posts\/1136\/revisions"}],"wp:attachment":[{"href":"https:\/\/www.accidentdutravail-idf.net\/blog\/wp-json\/wp\/v2\/media?parent=1136"}],"wp:term":[{"taxonomy":"category","embeddable":true,"href":"https:\/\/www.accidentdutravail-idf.net\/blog\/wp-json\/wp\/v2\/categories?post=1136"},{"taxonomy":"post_tag","embeddable":true,"href":"https:\/\/www.accidentdutravail-idf.net\/blog\/wp-json\/wp\/v2\/tags?post=1136"}],"curies":[{"name":"wp","href":"https:\/\/api.w.org\/{rel}","templated":true}]}}