{"id":1133,"date":"2024-12-26T08:25:00","date_gmt":"2024-12-26T07:25:00","guid":{"rendered":"https:\/\/www.accidentdutravail-idf.net\/blog\/victime-dun-accident-de-travail-un-homme-de-18-ans-est-gravement-blesse-au-bras-dans-le-morbihan\/"},"modified":"2024-12-26T08:25:00","modified_gmt":"2024-12-26T07:25:00","slug":"victime-dun-accident-de-travail-un-homme-de-18-ans-est-gravement-blesse-au-bras-dans-le-morbihan","status":"publish","type":"post","link":"https:\/\/www.accidentdutravail-idf.net\/blog\/victime-dun-accident-de-travail-un-homme-de-18-ans-est-gravement-blesse-au-bras-dans-le-morbihan\/","title":{"rendered":"Victime d\u2019un accident de travail, un homme de 18 ans est gravement bless\u00e9 au bras dans le Morbihan"},"content":{"rendered":"<header class=\"su-article \">\n<p class=\"su-standfirst chapeau\">Un jeune homme de 18&nbsp;ans a \u00e9t\u00e9 victime d\u2019un grave accident de travail au sein d\u2019une usine Jean Floc\u2019h, \u00e0 Mor\u00e9ac (Morbihan), ce jeudi 26&nbsp;d\u00e9cembre 2024. Son bras aurait \u00e9t\u00e9 arrach\u00e9 par une machine. Il a \u00e9t\u00e9 transport\u00e9 en urgence au CHU de Rennes (Ille-et-Vilaine).<\/p>\n<div class=\"photo su-relative \">\n<figure>\n<div class=\"su-ratio-16-9 su-main-picture\"> <img decoding=\"async\" class=\"su-media\" src=\"https:\/\/www.accidentdutravail-idf.net\/blog\/wp-content\/uploads\/2024\/12\/victime-dun-accident-de-travail-un-homme-de-18-ans-est-gravement-blesse-au-bras-dans-le-morbihan.jpg\" alt=\"Un jeune homme de 18&nbsp;ans a \u00e9t\u00e9 gravement bless\u00e9 \u00e0 un bras alors qu\u2019il travaillait dans une usine \u00e0 Mor\u00e9ac (Morbihan), jeudi 26&nbsp;d\u00e9cembre 2024. Il a \u00e9t\u00e9 transport\u00e9 \u00e0 Rennes (Ille-et-Vilaine) par le Samu. (Photo d\u2019illustration)\"> <\/div><figcaption><span>Un jeune homme de 18&nbsp;ans a \u00e9t\u00e9 gravement bless\u00e9 \u00e0 un bras alors qu\u2019il travaillait dans une usine \u00e0 Mor\u00e9ac (Morbihan), jeudi 26&nbsp;d\u00e9cembre 2024. Il a \u00e9t\u00e9 transport\u00e9 \u00e0 Rennes (Ille-et-Vilaine) par le Samu. (Photo d\u2019illustration) | <\/span>ARCHIVES OUEST-FRANCE<\/figcaption><\/figure>\n<\/p><\/div>\n<p>  <button class=\"btn btn-fermer\" title=\"Fermer le plein \u00e9cran\" data-ofmodal=\"carrousel-plein-ecran\"> <i class=\"su-icon ic-fermer\">fermer<\/i> <\/button> <\/p>\n<div class=\"carrousel snap-migrate\">\n<ul class=\"carrousel-conteneur su-not-list\" data-ofswipe=\"{&quot;rambo&quot;:2,&quot;sel&quot;:&quot;.photo&quot;, &quot;navSel&quot;:&quot;.carrousel-plein-ecran .carrousel-nav-bas .item&quot;}\">\n<li class=\"carrousel-contenu photo\" data-ofvwidth=\"{&quot;mobileOnly&quot;:false}\">\n<figure><img decoding=\"async\" data-ofmaxheight class=\"media lazyload\" alt=\"Un jeune homme de 18&nbsp;ans a \u00e9t\u00e9 gravement bless\u00e9 \u00e0 un bras alors qu\u2019il travaillait dans une usine \u00e0 Mor\u00e9ac (Morbihan), jeudi 26&nbsp;d\u00e9cembre 2024. Il a \u00e9t\u00e9 transport\u00e9 \u00e0 Rennes (Ille-et-Vilaine) par le Samu. (Photo d\u2019illustration)\" src=\"https:\/\/www.accidentdutravail-idf.net\/blog\/wp-content\/uploads\/2024\/12\/victime-dun-accident-de-travail-un-homme-de-18-ans-est-gravement-blesse-au-bras-dans-le-morbihan.png\" data-oflazyload=\"{&quot;srcset&quot;:&quot;https:\/\/media.ouest-france.fr\/v1\/pictures\/MjAyNDEyNjZhNDlkNTRmYjQzODEzNmVkOGQwM2RmYTRhN2ZkYWE?width=320&amp;focuspoint=50%2C25&amp;cropresize=1&amp;client_id=bpeditorial&amp;sign=ed7bcb4743143f4560c101e6ac6dfe0cdf4408c658abe299ebd943ea7996d005 320w,https:\/\/media.ouest-france.fr\/v1\/pictures\/MjAyNDEyNjZhNDlkNTRmYjQzODEzNmVkOGQwM2RmYTRhN2ZkYWE?width=375&amp;focuspoint=50%2C25&amp;cropresize=1&amp;client_id=bpeditorial&amp;sign=ec96c56103c8d49a8875f91af2b0e36b6cb1484e26a26c483a57ad7072fb49e8 360w,https:\/\/media.ouest-france.fr\/v1\/pictures\/MjAyNDEyNjZhNDlkNTRmYjQzODEzNmVkOGQwM2RmYTRhN2ZkYWE?width=480&amp;focuspoint=50%2C25&amp;cropresize=1&amp;client_id=bpeditorial&amp;sign=eba1418f8921ef3ae1b75b5dc203a5510300128d710b75608916769193a25d10 480w,https:\/\/media.ouest-france.fr\/v1\/pictures\/MjAyNDEyNjZhNDlkNTRmYjQzODEzNmVkOGQwM2RmYTRhN2ZkYWE?width=630&amp;focuspoint=50%2C25&amp;cropresize=1&amp;client_id=bpeditorial&amp;sign=c0f2a422bd6f5f295a7f10ea66a97f3d83f8c3d26e5dd158fc1aeac684fec11a 630w,https:\/\/media.ouest-france.fr\/v1\/pictures\/MjAyNDEyNjZhNDlkNTRmYjQzODEzNmVkOGQwM2RmYTRhN2ZkYWE?width=940&amp;focuspoint=50%2C25&amp;cropresize=1&amp;client_id=bpeditorial&amp;sign=65dc2fd0b4ca9487f71e59168fb88c3c21e94eb238dc9fcd4cfa013d574cbe54 940w,https:\/\/media.ouest-france.fr\/v1\/pictures\/MjAyNDEyNjZhNDlkNTRmYjQzODEzNmVkOGQwM2RmYTRhN2ZkYWE?width=1260&amp;focuspoint=50%2C25&amp;cropresize=1&amp;client_id=bpeditorial&amp;sign=ea3f410257337ba17d9c35da0eec194584a463adc2185cdbfd6f376cd02e3c26 1260w&quot;}\"><figcaption><span>Un jeune homme de 18&nbsp;ans a \u00e9t\u00e9 gravement bless\u00e9 \u00e0 un bras alors qu\u2019il travaillait dans une usine \u00e0 Mor\u00e9ac (Morbihan), jeudi 26&nbsp;d\u00e9cembre 2024. Il a \u00e9t\u00e9 transport\u00e9 \u00e0 Rennes (Ille-et-Vilaine) par le Samu. (Photo d\u2019illustration) | <\/span>ARCHIVES OUEST-FRANCE<\/figcaption><\/figure>\n<\/li>\n<\/ul><\/div>\n<\/header>\n<div class=\"col-gauche\">\n<header class=\"metadata\"> <span class=\"dates\"> <span class=\"date su-date \">Publi\u00e9 le 26\/12\/2024 <span class=\"heure\"> \u00e0 18h25<\/span><\/span> <\/span> <\/header>\n<aside class=\"contenu-secondaire\" data-nosnippet>\n<p> <button class=\"action meta-readlater\"> <span data-trk-menuarticle=\"Lire plus tard\" role=\"button\" class=\"icon-signet\" title=\"Lire plus tard\" data-ofreadlater-id=\"1c0f8754-c3a8-11ef-bf48-293baccc1c42\" data-ofreadlater-url=\"https:\/\/www.ouest-france.fr\/faits-divers\/accidents\/victime-dun-accident-de-travail-un-homme-de-18-ans-est-gravement-blesse-au-bras-dans-le-morbihan-1c0f8754-c3a8-11ef-bf48-293baccc1c42\" data-ofreadlater-title=\"Victime d\u2019un accident de travail, un homme de 18&nbsp;ans est gravement bless\u00e9 au bras dans le Morbihan\"><\/span> <span>Lire plus tard<\/span> <\/button> <\/p>\n<div class=\"su-visible-xl item su-clearfix\"> <button class=\"action su-row meta-btn su-vertical-center su-visible-xl\" data-sutoggleclass=\"[{&quot;sel&quot;:&quot;#partage-col-gauche&quot;,&quot;klass&quot;:&quot;su-hidden&quot;}]\"> <span data-trk-menuarticle=\"Partager\" class=\"icon icon-partage\"><\/span> <span class=\"su-text-left\">Partager<\/span> <\/button> <\/p>\n<ul id=\"partage-col-gauche\" class=\"su-not-list su-hidden su-margin-top-xs\">\n<li><button data-trksocialnetwork=\"Facebook\" data-ofshare-open=\"{&quot;target&quot;: &quot;facebook&quot;, &quot;url&quot;: &quot;https:\/\/www.ouest-france.fr\/faits-divers\/accidents\/victime-dun-accident-de-travail-un-homme-de-18-ans-est-gravement-blesse-au-bras-dans-le-morbihan-1c0f8754-c3a8-11ef-bf48-293baccc1c42&quot;, &quot;source&quot;: &quot;ouestfrance&quot;}\" title=\"Partager sur Facebook\" class=\"su-social-button su-facebook\"><span class=\"su-icon\" aria-hidden=\"true\">Facebook<\/span><span>Facebook<\/span><\/button><\/li>\n<li><button data-trksocialnetwork=\"BlueSky\" data-ofshare-open=\"{&quot;target&quot;: &quot;bluesky&quot;, &quot;url&quot;: &quot;https:\/\/www.ouest-france.fr\/faits-divers\/accidents\/victime-dun-accident-de-travail-un-homme-de-18-ans-est-gravement-blesse-au-bras-dans-le-morbihan-1c0f8754-c3a8-11ef-bf48-293baccc1c42&quot;, &quot;source&quot;: &quot;ouestfrance&quot;}\" title=\"Partager sur BlueSky\" class=\"su-social-button su-bluesky\"><span class=\"su-icon\" aria-hidden=\"true\">BlueSky<\/span><span>BlueSky<\/span><\/button><\/li>\n<li><button data-trksocialnetwork=\"Flipboard\" data-ofshare-open=\"{&quot;target&quot;: &quot;Flipboard&quot;, &quot;url&quot;: &quot;https:\/\/www.ouest-france.fr\/faits-divers\/accidents\/victime-dun-accident-de-travail-un-homme-de-18-ans-est-gravement-blesse-au-bras-dans-le-morbihan-1c0f8754-c3a8-11ef-bf48-293baccc1c42&quot;, &quot;source&quot;: &quot;ouestfrance&quot;}\" title=\"Partager sur Flipboard\" class=\"su-social-button su-flipboard\"><span class=\"su-icon\" aria-hidden=\"true\">Flipboard<\/span><span>Flipboard<\/span><\/button><\/li>\n<li><button data-trksocialnetwork=\"LinkedIn\" data-ofshare-open=\"{&quot;target&quot;: &quot;LinkedIn&quot;, &quot;url&quot;: &quot;https:\/\/www.ouest-france.fr\/faits-divers\/accidents\/victime-dun-accident-de-travail-un-homme-de-18-ans-est-gravement-blesse-au-bras-dans-le-morbihan-1c0f8754-c3a8-11ef-bf48-293baccc1c42&quot;, &quot;source&quot;: &quot;ouestfrance&quot;}\" title=\"Partager sur LinkedIn\" class=\"su-social-button su-linkedin\"><span class=\"su-icon\" aria-hidden=\"true\">linkedin<\/span><span>LinkedIn<\/span><\/button><\/li>\n<\/ul><\/div>\n<div data-trk=\"[{&amp;quot;n&amp;quot;:&amp;quot;platform-newsletters&amp;quot;,&amp;quot;o&amp;quot;:&amp;quot;Platform BP Newsletters&amp;quot;,&amp;quot;v&amp;quot;:&amp;quot;3.11.2&amp;quot;}]\" id=\"bloc_3quarts_1__parentOf__inscription_newsletter\" class=\"_b item\">\n<section id=\"newsletter-col-gauche\" class=\"su-negative bp-newsletters nl-E2001A bloc-newsletter newsletter-gauche su-visible-xl su-margin-bottom-xl\"> <label for=\"subscription-mail\" title=\"S'inscrire \u00e0 la Newsletter\" class=\"toggle-nl-col-gauche\" data-sutoggleclass=\"[{&quot;sel&quot;:&quot;.bloc-newsletter.newsletter-gauche .texte-rgpd.su-hidden&quot;,&quot;klass&quot;:&quot;su-hidden&quot;},{&quot;klass&quot;:&quot;su-hidden&quot;}]\"><\/label> <\/p>\n<p class=\"su-h3 su-margin-bottom-xs titre-bloc\">Newsletter Justice et Faits Divers<\/p>\n<p>Chaque semaine, retrouvez les faits divers qui ont marqu\u00e9 l&rsquo;Ouest<\/p>\n<p class=\"su-text-xsmall texte-rgpd su-hidden\">Votre e-mail, avec votre consentement, est utilis\u00e9 par Ouest-France pour recevoir notre newsletter. <a class=\"su-link-light\" href=\"https:\/\/www.ouest-france.fr\/politique-de-protection-des-donnees-personnelles\/\" target=\"_blank\" rel=\"nofollow\">En&nbsp;savoir&nbsp;plus<\/a>.<\/p>\n<\/section>\n<\/div>\n<\/aside><\/div>\n<div id=\"article-detail\" class=\"contenu-principal p402_premium \">\n<div class=\"su-article\">\n<p>Un grave accident de travail s\u2019est produit ce jeudi 26&nbsp;d\u00e9cembre 2024, au sein de l\u2019usine Jean Floc\u2019h, \u00e0 Mor\u00e9ac (<a href=\"https:\/\/www.ouest-france.fr\/bretagne\/morbihan\/\" target=\"_blank\" rel=\"nofollow\">Morbihan<\/a>). Vers 14&nbsp;h&nbsp;15, le bras d\u2019un homme de 18&nbsp;ans aurait \u00e9t\u00e9 happ\u00e9 par le tapis d\u2019une machine.<\/p>\n<p><strong>Lire aussi&nbsp;: <\/strong> <a href=\"https:\/\/www.ouest-france.fr\/societe\/justice\/condamne-pour-laccident-qui-avait-coute-la-vie-a-une-femme-enceinte-dans-le-morbihan-il-fait-appel-0d458510-c37c-11ef-bc05-3ec985ecda5e\" target=\"_blank\" rel=\"nofollow\">Condamn\u00e9 pour l\u2019accident qui avait co\u00fbt\u00e9 la vie \u00e0 une femme enceinte dans le Morbihan, il fait appel<\/a><\/p>\n<h2 id=\"section-4-transporte-au-chu-de-rennes\">Transport\u00e9 au CHU de Rennes<\/h2>\n<p>Gravement bless\u00e9e, la victime a \u00e9t\u00e9 prise en charge par le Samu. Des gendarmes ont ouvert la route aux secours afin de conduire au plus vite le jeune homme au CHU de Rennes (Ille-et-Vilaine).<\/p>\n<footer class=\"liste-tags su-margin-bottom-m\" data-ofstats-scroll=\"tags pied article\">\n<div class=\"su-carrousel snap-migrate\"><button class=\"su-button-left su-inactif inactif\" data-suswipeprev><span class=\"su-icon\">gauche<\/span><\/button><button class=\"su-button-right\" data-suswipenext><span class=\"su-icon\">droite<\/span><\/button><\/div>\n<\/footer><\/div>\n<\/p><\/div>\n<p> accidentdutravail-idf.net vous a pr\u00e9par\u00e9 ce post qui informe du sujet \u00ab\u00a0Association Sportive Huisson-Longueville Essonne\u00a0\u00bb. La chronique se veut g\u00e9n\u00e9r\u00e9e du mieux possible. Vous pouvez utiliser les coordonn\u00e9es indiqu\u00e9es sur le site dans le but d\u2019apporter des explications sur ce post qui parle du th\u00e8me \u00ab\u00a0Association Sportive Huisson-Longueville Essonne\u00a0\u00bb. Le site accidentdutravail-idf.net a pour but de fournir diverses publications sur la th\u00e9matique Association Sportive Huisson-Longueville Essonne diffus\u00e9es sur le net. Il y aura plusieurs articles autour du sujet \u00ab\u00a0Association Sportive Huisson-Longueville Essonne\u00a0\u00bb dans quelques jours, nous vous invitons \u00e0 naviguer sur notre site web \u00e0 plusieurs reprises.<\/p>\n","protected":false},"excerpt":{"rendered":"<p>Un jeune homme de 18&nbsp;ans a \u00e9t\u00e9 victime d\u2019un grave accident de travail au sein d\u2019une usine Jean Floc\u2019h, \u00e0 Mor\u00e9ac (Morbihan), ce jeudi 26&nbsp;d\u00e9cembre 2024. Son bras aurait \u00e9t\u00e9 arrach\u00e9 par une machine. Il a \u00e9t\u00e9 transport\u00e9 en urgence au CHU de Rennes (Ille-et-Vilaine). Un jeune homme de 18&nbsp;ans a \u00e9t\u00e9 gravement bless\u00e9 \u00e0 &hellip; <\/p>\n<p class=\"link-more\"><a href=\"https:\/\/www.accidentdutravail-idf.net\/blog\/victime-dun-accident-de-travail-un-homme-de-18-ans-est-gravement-blesse-au-bras-dans-le-morbihan\/\" class=\"more-link\">Continuer la lecture <span class=\"screen-reader-text\"> \u00ab\u00a0Victime d\u2019un accident de travail, un homme de 18 ans est gravement bless\u00e9 au bras dans le Morbihan\u00a0\u00bb<\/span><\/a><\/p>\n","protected":false},"author":2,"featured_media":0,"comment_status":"closed","ping_status":"closed","sticky":false,"template":"","format":"standard","meta":{"footnotes":""},"categories":[5],"tags":[],"class_list":["post-1133","post","type-post","status-publish","format-standard","hentry","category-securite-du-travail-en-ile-de-france-et-divers","entry"],"yoast_head":"<!-- This site is optimized with the Yoast SEO plugin v27.5 - https:\/\/yoast.com\/product\/yoast-seo-wordpress\/ -->\n<title>Victime d\u2019un accident de travail, un homme de 18 ans est gravement bless\u00e9 au bras dans le Morbihan - ACCIDENTDUTRAVAIL-IDF<\/title>\n<meta name=\"description\" content=\"Victime d\u2019un accident de travail, un homme de 18 ans est gravement bless\u00e9 au bras dans le Morbihan article de ACCIDENTDUTRAVAIL-IDF\" \/>\n<meta name=\"robots\" content=\"index, follow, max-snippet:-1, max-image-preview:large, max-video-preview:-1\" \/>\n<link rel=\"canonical\" href=\"https:\/\/www.accidentdutravail-idf.net\/blog\/victime-dun-accident-de-travail-un-homme-de-18-ans-est-gravement-blesse-au-bras-dans-le-morbihan\/\" \/>\n<meta property=\"og:locale\" content=\"fr_FR\" \/>\n<meta property=\"og:type\" content=\"article\" \/>\n<meta property=\"og:title\" content=\"Victime d\u2019un accident de travail, un homme de 18 ans est gravement bless\u00e9 au bras dans le Morbihan - ACCIDENTDUTRAVAIL-IDF\" \/>\n<meta property=\"og:description\" content=\"Victime d\u2019un accident de travail, un homme de 18 ans est gravement bless\u00e9 au bras dans le Morbihan article de ACCIDENTDUTRAVAIL-IDF\" \/>\n<meta property=\"og:url\" content=\"https:\/\/www.accidentdutravail-idf.net\/blog\/victime-dun-accident-de-travail-un-homme-de-18-ans-est-gravement-blesse-au-bras-dans-le-morbihan\/\" \/>\n<meta property=\"og:site_name\" content=\"ACCIDENTDUTRAVAIL-IDF\" \/>\n<meta property=\"article:published_time\" content=\"2024-12-26T07:25:00+00:00\" \/>\n<meta property=\"og:image\" content=\"https:\/\/www.accidentdutravail-idf.net\/blog\/wp-content\/uploads\/2024\/12\/victime-dun-accident-de-travail-un-homme-de-18-ans-est-gravement-blesse-au-bras-dans-le-morbihan.jpg\" \/>\n<meta name=\"author\" content=\"Carlos Poulain\" \/>\n<meta name=\"twitter:card\" content=\"summary_large_image\" \/>\n<meta name=\"twitter:label1\" content=\"\u00c9crit par\" \/>\n\t<meta name=\"twitter:data1\" content=\"Carlos Poulain\" \/>\n\t<meta name=\"twitter:label2\" content=\"Dur\u00e9e de lecture estim\u00e9e\" \/>\n\t<meta name=\"twitter:data2\" content=\"2 minutes\" \/>\n<script type=\"application\/ld+json\" class=\"yoast-schema-graph\">{\"@context\":\"https:\\\/\\\/schema.org\",\"@graph\":[{\"@type\":\"Article\",\"@id\":\"https:\\\/\\\/www.accidentdutravail-idf.net\\\/blog\\\/victime-dun-accident-de-travail-un-homme-de-18-ans-est-gravement-blesse-au-bras-dans-le-morbihan\\\/#article\",\"isPartOf\":{\"@id\":\"https:\\\/\\\/www.accidentdutravail-idf.net\\\/blog\\\/victime-dun-accident-de-travail-un-homme-de-18-ans-est-gravement-blesse-au-bras-dans-le-morbihan\\\/\"},\"author\":{\"name\":\"Carlos Poulain\",\"@id\":\"https:\\\/\\\/www.accidentdutravail-idf.net\\\/blog\\\/#\\\/schema\\\/person\\\/3255d2f970de45e64bd9201f38e7b947\"},\"headline\":\"Victime d\u2019un accident de travail, un homme de 18 ans est gravement bless\u00e9 au bras dans le Morbihan\",\"datePublished\":\"2024-12-26T07:25:00+00:00\",\"mainEntityOfPage\":{\"@id\":\"https:\\\/\\\/www.accidentdutravail-idf.net\\\/blog\\\/victime-dun-accident-de-travail-un-homme-de-18-ans-est-gravement-blesse-au-bras-dans-le-morbihan\\\/\"},\"wordCount\":412,\"publisher\":{\"@id\":\"https:\\\/\\\/www.accidentdutravail-idf.net\\\/blog\\\/#organization\"},\"image\":{\"@id\":\"https:\\\/\\\/www.accidentdutravail-idf.net\\\/blog\\\/victime-dun-accident-de-travail-un-homme-de-18-ans-est-gravement-blesse-au-bras-dans-le-morbihan\\\/#primaryimage\"},\"thumbnailUrl\":\"https:\\\/\\\/www.accidentdutravail-idf.net\\\/blog\\\/wp-content\\\/uploads\\\/2024\\\/12\\\/victime-dun-accident-de-travail-un-homme-de-18-ans-est-gravement-blesse-au-bras-dans-le-morbihan.jpg\",\"articleSection\":[\"S\u00e9curit\u00e9 Du Travail En Ile-De-France Et Divers:\"],\"inLanguage\":\"fr-FR\"},{\"@type\":\"WebPage\",\"@id\":\"https:\\\/\\\/www.accidentdutravail-idf.net\\\/blog\\\/victime-dun-accident-de-travail-un-homme-de-18-ans-est-gravement-blesse-au-bras-dans-le-morbihan\\\/\",\"url\":\"https:\\\/\\\/www.accidentdutravail-idf.net\\\/blog\\\/victime-dun-accident-de-travail-un-homme-de-18-ans-est-gravement-blesse-au-bras-dans-le-morbihan\\\/\",\"name\":\"Victime d\u2019un accident de travail, un homme de 18 ans est gravement bless\u00e9 au bras dans le Morbihan - ACCIDENTDUTRAVAIL-IDF\",\"isPartOf\":{\"@id\":\"https:\\\/\\\/www.accidentdutravail-idf.net\\\/blog\\\/#website\"},\"primaryImageOfPage\":{\"@id\":\"https:\\\/\\\/www.accidentdutravail-idf.net\\\/blog\\\/victime-dun-accident-de-travail-un-homme-de-18-ans-est-gravement-blesse-au-bras-dans-le-morbihan\\\/#primaryimage\"},\"image\":{\"@id\":\"https:\\\/\\\/www.accidentdutravail-idf.net\\\/blog\\\/victime-dun-accident-de-travail-un-homme-de-18-ans-est-gravement-blesse-au-bras-dans-le-morbihan\\\/#primaryimage\"},\"thumbnailUrl\":\"https:\\\/\\\/www.accidentdutravail-idf.net\\\/blog\\\/wp-content\\\/uploads\\\/2024\\\/12\\\/victime-dun-accident-de-travail-un-homme-de-18-ans-est-gravement-blesse-au-bras-dans-le-morbihan.jpg\",\"datePublished\":\"2024-12-26T07:25:00+00:00\",\"description\":\"Victime d\u2019un accident de travail, un homme de 18 ans est gravement bless\u00e9 au bras dans le Morbihan article de ACCIDENTDUTRAVAIL-IDF\",\"breadcrumb\":{\"@id\":\"https:\\\/\\\/www.accidentdutravail-idf.net\\\/blog\\\/victime-dun-accident-de-travail-un-homme-de-18-ans-est-gravement-blesse-au-bras-dans-le-morbihan\\\/#breadcrumb\"},\"inLanguage\":\"fr-FR\",\"potentialAction\":[{\"@type\":\"ReadAction\",\"target\":[\"https:\\\/\\\/www.accidentdutravail-idf.net\\\/blog\\\/victime-dun-accident-de-travail-un-homme-de-18-ans-est-gravement-blesse-au-bras-dans-le-morbihan\\\/\"]}]},{\"@type\":\"ImageObject\",\"inLanguage\":\"fr-FR\",\"@id\":\"https:\\\/\\\/www.accidentdutravail-idf.net\\\/blog\\\/victime-dun-accident-de-travail-un-homme-de-18-ans-est-gravement-blesse-au-bras-dans-le-morbihan\\\/#primaryimage\",\"url\":\"https:\\\/\\\/www.accidentdutravail-idf.net\\\/blog\\\/wp-content\\\/uploads\\\/2024\\\/12\\\/victime-dun-accident-de-travail-un-homme-de-18-ans-est-gravement-blesse-au-bras-dans-le-morbihan.jpg\",\"contentUrl\":\"https:\\\/\\\/www.accidentdutravail-idf.net\\\/blog\\\/wp-content\\\/uploads\\\/2024\\\/12\\\/victime-dun-accident-de-travail-un-homme-de-18-ans-est-gravement-blesse-au-bras-dans-le-morbihan.jpg\"},{\"@type\":\"BreadcrumbList\",\"@id\":\"https:\\\/\\\/www.accidentdutravail-idf.net\\\/blog\\\/victime-dun-accident-de-travail-un-homme-de-18-ans-est-gravement-blesse-au-bras-dans-le-morbihan\\\/#breadcrumb\",\"itemListElement\":[{\"@type\":\"ListItem\",\"position\":1,\"name\":\"Accueil\",\"item\":\"https:\\\/\\\/www.accidentdutravail-idf.net\\\/blog\\\/\"},{\"@type\":\"ListItem\",\"position\":2,\"name\":\"Victime d\u2019un accident de travail, un homme de 18 ans est gravement bless\u00e9 au bras dans le Morbihan\"}]},{\"@type\":\"WebSite\",\"@id\":\"https:\\\/\\\/www.accidentdutravail-idf.net\\\/blog\\\/#website\",\"url\":\"https:\\\/\\\/www.accidentdutravail-idf.net\\\/blog\\\/\",\"name\":\"ACCIDENTDUTRAVAIL-IDF\",\"description\":\"Portail accidents du travail-maladies professionnelles des entreprises d&#039;Ile-de-France\",\"publisher\":{\"@id\":\"https:\\\/\\\/www.accidentdutravail-idf.net\\\/blog\\\/#organization\"},\"potentialAction\":[{\"@type\":\"SearchAction\",\"target\":{\"@type\":\"EntryPoint\",\"urlTemplate\":\"https:\\\/\\\/www.accidentdutravail-idf.net\\\/blog\\\/?s={search_term_string}\"},\"query-input\":{\"@type\":\"PropertyValueSpecification\",\"valueRequired\":true,\"valueName\":\"search_term_string\"}}],\"inLanguage\":\"fr-FR\"},{\"@type\":\"Organization\",\"@id\":\"https:\\\/\\\/www.accidentdutravail-idf.net\\\/blog\\\/#organization\",\"name\":\"accidentdutravail-idf\",\"url\":\"https:\\\/\\\/www.accidentdutravail-idf.net\\\/blog\\\/\",\"logo\":{\"@type\":\"ImageObject\",\"inLanguage\":\"fr-FR\",\"@id\":\"https:\\\/\\\/www.accidentdutravail-idf.net\\\/blog\\\/#\\\/schema\\\/logo\\\/image\\\/\",\"url\":\"https:\\\/\\\/www.accidentdutravail-idf.net\\\/blog\\\/wp-content\\\/uploads\\\/2022\\\/09\\\/logo-2.png\",\"contentUrl\":\"https:\\\/\\\/www.accidentdutravail-idf.net\\\/blog\\\/wp-content\\\/uploads\\\/2022\\\/09\\\/logo-2.png\",\"width\":380,\"height\":291,\"caption\":\"accidentdutravail-idf\"},\"image\":{\"@id\":\"https:\\\/\\\/www.accidentdutravail-idf.net\\\/blog\\\/#\\\/schema\\\/logo\\\/image\\\/\"}},{\"@type\":\"Person\",\"@id\":\"https:\\\/\\\/www.accidentdutravail-idf.net\\\/blog\\\/#\\\/schema\\\/person\\\/3255d2f970de45e64bd9201f38e7b947\",\"name\":\"Carlos Poulain\",\"image\":{\"@type\":\"ImageObject\",\"inLanguage\":\"fr-FR\",\"@id\":\"https:\\\/\\\/secure.gravatar.com\\\/avatar\\\/b1c2f9d3588e34e91adb093635df64ef4b2381991216be7576466cfcdca4baf3?s=96&d=mm&r=g\",\"url\":\"https:\\\/\\\/secure.gravatar.com\\\/avatar\\\/b1c2f9d3588e34e91adb093635df64ef4b2381991216be7576466cfcdca4baf3?s=96&d=mm&r=g\",\"contentUrl\":\"https:\\\/\\\/secure.gravatar.com\\\/avatar\\\/b1c2f9d3588e34e91adb093635df64ef4b2381991216be7576466cfcdca4baf3?s=96&d=mm&r=g\",\"caption\":\"Carlos Poulain\"},\"url\":\"https:\\\/\\\/www.accidentdutravail-idf.net\\\/blog\\\/author\\\/idfcarlos\\\/\"}]}<\/script>\n<!-- \/ Yoast SEO plugin. -->","yoast_head_json":{"title":"Victime d\u2019un accident de travail, un homme de 18 ans est gravement bless\u00e9 au bras dans le Morbihan - ACCIDENTDUTRAVAIL-IDF","description":"Victime d\u2019un accident de travail, un homme de 18 ans est gravement bless\u00e9 au bras dans le Morbihan article de ACCIDENTDUTRAVAIL-IDF","robots":{"index":"index","follow":"follow","max-snippet":"max-snippet:-1","max-image-preview":"max-image-preview:large","max-video-preview":"max-video-preview:-1"},"canonical":"https:\/\/www.accidentdutravail-idf.net\/blog\/victime-dun-accident-de-travail-un-homme-de-18-ans-est-gravement-blesse-au-bras-dans-le-morbihan\/","og_locale":"fr_FR","og_type":"article","og_title":"Victime d\u2019un accident de travail, un homme de 18 ans est gravement bless\u00e9 au bras dans le Morbihan - ACCIDENTDUTRAVAIL-IDF","og_description":"Victime d\u2019un accident de travail, un homme de 18 ans est gravement bless\u00e9 au bras dans le Morbihan article de ACCIDENTDUTRAVAIL-IDF","og_url":"https:\/\/www.accidentdutravail-idf.net\/blog\/victime-dun-accident-de-travail-un-homme-de-18-ans-est-gravement-blesse-au-bras-dans-le-morbihan\/","og_site_name":"ACCIDENTDUTRAVAIL-IDF","article_published_time":"2024-12-26T07:25:00+00:00","og_image":[{"url":"https:\/\/www.accidentdutravail-idf.net\/blog\/wp-content\/uploads\/2024\/12\/victime-dun-accident-de-travail-un-homme-de-18-ans-est-gravement-blesse-au-bras-dans-le-morbihan.jpg","type":"","width":"","height":""}],"author":"Carlos Poulain","twitter_card":"summary_large_image","twitter_misc":{"\u00c9crit par":"Carlos Poulain","Dur\u00e9e de lecture estim\u00e9e":"2 minutes"},"schema":{"@context":"https:\/\/schema.org","@graph":[{"@type":"Article","@id":"https:\/\/www.accidentdutravail-idf.net\/blog\/victime-dun-accident-de-travail-un-homme-de-18-ans-est-gravement-blesse-au-bras-dans-le-morbihan\/#article","isPartOf":{"@id":"https:\/\/www.accidentdutravail-idf.net\/blog\/victime-dun-accident-de-travail-un-homme-de-18-ans-est-gravement-blesse-au-bras-dans-le-morbihan\/"},"author":{"name":"Carlos Poulain","@id":"https:\/\/www.accidentdutravail-idf.net\/blog\/#\/schema\/person\/3255d2f970de45e64bd9201f38e7b947"},"headline":"Victime d\u2019un accident de travail, un homme de 18 ans est gravement bless\u00e9 au bras dans le Morbihan","datePublished":"2024-12-26T07:25:00+00:00","mainEntityOfPage":{"@id":"https:\/\/www.accidentdutravail-idf.net\/blog\/victime-dun-accident-de-travail-un-homme-de-18-ans-est-gravement-blesse-au-bras-dans-le-morbihan\/"},"wordCount":412,"publisher":{"@id":"https:\/\/www.accidentdutravail-idf.net\/blog\/#organization"},"image":{"@id":"https:\/\/www.accidentdutravail-idf.net\/blog\/victime-dun-accident-de-travail-un-homme-de-18-ans-est-gravement-blesse-au-bras-dans-le-morbihan\/#primaryimage"},"thumbnailUrl":"https:\/\/www.accidentdutravail-idf.net\/blog\/wp-content\/uploads\/2024\/12\/victime-dun-accident-de-travail-un-homme-de-18-ans-est-gravement-blesse-au-bras-dans-le-morbihan.jpg","articleSection":["S\u00e9curit\u00e9 Du Travail En Ile-De-France Et Divers:"],"inLanguage":"fr-FR"},{"@type":"WebPage","@id":"https:\/\/www.accidentdutravail-idf.net\/blog\/victime-dun-accident-de-travail-un-homme-de-18-ans-est-gravement-blesse-au-bras-dans-le-morbihan\/","url":"https:\/\/www.accidentdutravail-idf.net\/blog\/victime-dun-accident-de-travail-un-homme-de-18-ans-est-gravement-blesse-au-bras-dans-le-morbihan\/","name":"Victime d\u2019un accident de travail, un homme de 18 ans est gravement bless\u00e9 au bras dans le Morbihan - ACCIDENTDUTRAVAIL-IDF","isPartOf":{"@id":"https:\/\/www.accidentdutravail-idf.net\/blog\/#website"},"primaryImageOfPage":{"@id":"https:\/\/www.accidentdutravail-idf.net\/blog\/victime-dun-accident-de-travail-un-homme-de-18-ans-est-gravement-blesse-au-bras-dans-le-morbihan\/#primaryimage"},"image":{"@id":"https:\/\/www.accidentdutravail-idf.net\/blog\/victime-dun-accident-de-travail-un-homme-de-18-ans-est-gravement-blesse-au-bras-dans-le-morbihan\/#primaryimage"},"thumbnailUrl":"https:\/\/www.accidentdutravail-idf.net\/blog\/wp-content\/uploads\/2024\/12\/victime-dun-accident-de-travail-un-homme-de-18-ans-est-gravement-blesse-au-bras-dans-le-morbihan.jpg","datePublished":"2024-12-26T07:25:00+00:00","description":"Victime d\u2019un accident de travail, un homme de 18 ans est gravement bless\u00e9 au bras dans le Morbihan article de ACCIDENTDUTRAVAIL-IDF","breadcrumb":{"@id":"https:\/\/www.accidentdutravail-idf.net\/blog\/victime-dun-accident-de-travail-un-homme-de-18-ans-est-gravement-blesse-au-bras-dans-le-morbihan\/#breadcrumb"},"inLanguage":"fr-FR","potentialAction":[{"@type":"ReadAction","target":["https:\/\/www.accidentdutravail-idf.net\/blog\/victime-dun-accident-de-travail-un-homme-de-18-ans-est-gravement-blesse-au-bras-dans-le-morbihan\/"]}]},{"@type":"ImageObject","inLanguage":"fr-FR","@id":"https:\/\/www.accidentdutravail-idf.net\/blog\/victime-dun-accident-de-travail-un-homme-de-18-ans-est-gravement-blesse-au-bras-dans-le-morbihan\/#primaryimage","url":"https:\/\/www.accidentdutravail-idf.net\/blog\/wp-content\/uploads\/2024\/12\/victime-dun-accident-de-travail-un-homme-de-18-ans-est-gravement-blesse-au-bras-dans-le-morbihan.jpg","contentUrl":"https:\/\/www.accidentdutravail-idf.net\/blog\/wp-content\/uploads\/2024\/12\/victime-dun-accident-de-travail-un-homme-de-18-ans-est-gravement-blesse-au-bras-dans-le-morbihan.jpg"},{"@type":"BreadcrumbList","@id":"https:\/\/www.accidentdutravail-idf.net\/blog\/victime-dun-accident-de-travail-un-homme-de-18-ans-est-gravement-blesse-au-bras-dans-le-morbihan\/#breadcrumb","itemListElement":[{"@type":"ListItem","position":1,"name":"Accueil","item":"https:\/\/www.accidentdutravail-idf.net\/blog\/"},{"@type":"ListItem","position":2,"name":"Victime d\u2019un accident de travail, un homme de 18 ans est gravement bless\u00e9 au bras dans le Morbihan"}]},{"@type":"WebSite","@id":"https:\/\/www.accidentdutravail-idf.net\/blog\/#website","url":"https:\/\/www.accidentdutravail-idf.net\/blog\/","name":"ACCIDENTDUTRAVAIL-IDF","description":"Portail accidents du travail-maladies professionnelles des entreprises d&#039;Ile-de-France","publisher":{"@id":"https:\/\/www.accidentdutravail-idf.net\/blog\/#organization"},"potentialAction":[{"@type":"SearchAction","target":{"@type":"EntryPoint","urlTemplate":"https:\/\/www.accidentdutravail-idf.net\/blog\/?s={search_term_string}"},"query-input":{"@type":"PropertyValueSpecification","valueRequired":true,"valueName":"search_term_string"}}],"inLanguage":"fr-FR"},{"@type":"Organization","@id":"https:\/\/www.accidentdutravail-idf.net\/blog\/#organization","name":"accidentdutravail-idf","url":"https:\/\/www.accidentdutravail-idf.net\/blog\/","logo":{"@type":"ImageObject","inLanguage":"fr-FR","@id":"https:\/\/www.accidentdutravail-idf.net\/blog\/#\/schema\/logo\/image\/","url":"https:\/\/www.accidentdutravail-idf.net\/blog\/wp-content\/uploads\/2022\/09\/logo-2.png","contentUrl":"https:\/\/www.accidentdutravail-idf.net\/blog\/wp-content\/uploads\/2022\/09\/logo-2.png","width":380,"height":291,"caption":"accidentdutravail-idf"},"image":{"@id":"https:\/\/www.accidentdutravail-idf.net\/blog\/#\/schema\/logo\/image\/"}},{"@type":"Person","@id":"https:\/\/www.accidentdutravail-idf.net\/blog\/#\/schema\/person\/3255d2f970de45e64bd9201f38e7b947","name":"Carlos Poulain","image":{"@type":"ImageObject","inLanguage":"fr-FR","@id":"https:\/\/secure.gravatar.com\/avatar\/b1c2f9d3588e34e91adb093635df64ef4b2381991216be7576466cfcdca4baf3?s=96&d=mm&r=g","url":"https:\/\/secure.gravatar.com\/avatar\/b1c2f9d3588e34e91adb093635df64ef4b2381991216be7576466cfcdca4baf3?s=96&d=mm&r=g","contentUrl":"https:\/\/secure.gravatar.com\/avatar\/b1c2f9d3588e34e91adb093635df64ef4b2381991216be7576466cfcdca4baf3?s=96&d=mm&r=g","caption":"Carlos Poulain"},"url":"https:\/\/www.accidentdutravail-idf.net\/blog\/author\/idfcarlos\/"}]}},"_links":{"self":[{"href":"https:\/\/www.accidentdutravail-idf.net\/blog\/wp-json\/wp\/v2\/posts\/1133","targetHints":{"allow":["GET"]}}],"collection":[{"href":"https:\/\/www.accidentdutravail-idf.net\/blog\/wp-json\/wp\/v2\/posts"}],"about":[{"href":"https:\/\/www.accidentdutravail-idf.net\/blog\/wp-json\/wp\/v2\/types\/post"}],"author":[{"embeddable":true,"href":"https:\/\/www.accidentdutravail-idf.net\/blog\/wp-json\/wp\/v2\/users\/2"}],"replies":[{"embeddable":true,"href":"https:\/\/www.accidentdutravail-idf.net\/blog\/wp-json\/wp\/v2\/comments?post=1133"}],"version-history":[{"count":0,"href":"https:\/\/www.accidentdutravail-idf.net\/blog\/wp-json\/wp\/v2\/posts\/1133\/revisions"}],"wp:attachment":[{"href":"https:\/\/www.accidentdutravail-idf.net\/blog\/wp-json\/wp\/v2\/media?parent=1133"}],"wp:term":[{"taxonomy":"category","embeddable":true,"href":"https:\/\/www.accidentdutravail-idf.net\/blog\/wp-json\/wp\/v2\/categories?post=1133"},{"taxonomy":"post_tag","embeddable":true,"href":"https:\/\/www.accidentdutravail-idf.net\/blog\/wp-json\/wp\/v2\/tags?post=1133"}],"curies":[{"name":"wp","href":"https:\/\/api.w.org\/{rel}","templated":true}]}}