{"id":1132,"date":"2024-12-25T23:43:00","date_gmt":"2024-12-25T22:43:00","guid":{"rendered":"https:\/\/www.accidentdutravail-idf.net\/blog\/rouen-un-an-apres-laccident-de-la-grue-quen-est-il-des-travaux-du-pont-guillaume\/"},"modified":"2024-12-25T23:43:00","modified_gmt":"2024-12-25T22:43:00","slug":"rouen-un-an-apres-laccident-de-la-grue-quen-est-il-des-travaux-du-pont-guillaume","status":"publish","type":"post","link":"https:\/\/www.accidentdutravail-idf.net\/blog\/rouen-un-an-apres-laccident-de-la-grue-quen-est-il-des-travaux-du-pont-guillaume\/","title":{"rendered":"Rouen. Un an apr\u00e8s l&rsquo;accident de la grue, qu&rsquo;en est-il des travaux du pont Guillaume"},"content":{"rendered":"<div><img decoding=\"async\" src=\"https:\/\/www.accidentdutravail-idf.net\/blog\/wp-content\/uploads\/2024\/12\/rouen-un-an-apres-laccident-de-la-grue-quen-est-il-des-travaux-du-pont-guillaume.jpg\" class=\"ff-og-image-inserted\"><\/div>\n<div class=\"ac-article-date\"> Par <strong> <a href=\"https:\/\/actu.fr\/auteur\/jessie-leclerc\" title=\"Consulter tous les articles de Jessie Leclerc\" target=\"_blank\" rel=\"nofollow\">Jessie Leclerc<\/a> <\/strong> <span> Publi\u00e9 le  26 d\u00e9c. 2024 \u00e0 7h44  <\/span>\n<\/div>\n<p> <span class=\"ac-article-follow__link\" data-trk=\"{&quot;cta&quot;:{&quot;action&quot;:&quot;https:\\\/\\\/actu.fr\\\/mon-actu&quot;,&quot;category&quot;:&quot;mon compte&quot;,&quot;from&quot;:&quot;article header&quot;,&quot;name&quot;:&quot;Voir mon actu&quot;,&quot;type&quot;:&quot;cta&quot;}}\">Voir mon actu<\/span> <button type=\"button\" class=\"ac-btn ac-btn--mini ac-btn--blue ac-icon--star-empty\" data-follow=\"Suivre 76actu\" data-unfollow=\"Retirer\">Suivre 76actu<\/button>\n<\/p>\n<p>La grue d\u2019une p\u00e9niche s\u2019\u00e9tait encastr\u00e9e dans le <strong>pont Guillaume-le-Conqu\u00e9rant<\/strong> <a href=\"https:\/\/actu.fr\/normandie\/rouen_76540\" target=\"_blank\" rel=\"nofollow\">\u00e0 Rouen (Seine-Maritime)<\/a>, le 24 d\u00e9cembre 2023. Un an apr\u00e8s, jour pour jour, la circulation n\u2019est pas totalement r\u00e9tablie. Point sur la situation.<\/p>\n<h2 class=\" wall-content\">Un simple oubli, de lourdes cons\u00e9quences<\/h2>\n<p class=\" wall-content\">L\u2019incident \u00e9tait saisissant. Selon le maire de Rouen, Nicolas Mayer-Rossignol, \u00ab\u2009un bateau avait oubli\u00e9 de replier <a href=\"https:\/\/actu.fr\/normandie\/rouen_76540\/rouen-le-pont-guillaume-le-conquerant-est-ferme-apres-un-accident-rare-et-impressionnant_60495213.html\" target=\"_blank\" rel=\"nofollow\">sa grue qui a percut\u00e9 le pont<\/a>\u2009\u00bb. Le bras m\u00e9tallique s\u2019\u00e9tait donc enfonc\u00e9 dans la structure entra\u00eenant des troubles de la circulation. Des troubles qui sont encore d\u2019actualit\u00e9.<\/p>\n<p class=\" wall-content\">En effet, ce n\u2019est pas pour ravir les automobilistes, mais <strong>la r\u00e9ouverture de la voie de droite n\u2019est pas pour tout de suite<\/strong>.<\/p>\n<h2 class=\" wall-content\">Concr\u00e8tement, pourquoi c\u2019est en stand-by\u2009?<\/h2>\n<p class=\" wall-content\">Si les travaux de r\u00e9paration et de consolidation n\u2019ont pas encore commenc\u00e9, ce n\u2019est pas pour rien. \u00ab\u2009Depuis l\u2019accident, le M\u00e9tropole a d\u00fb \u00e9tablir l\u2019\u00e9tat des lieux des probl\u00e8mes engendr\u00e9s [\u2026] pour v\u00e9rifier qu\u2019il n\u2019y avait pas d\u2019\u00e9volution des d\u00e9formations\u2009\u00bb, explique Perrine Binet, charg\u00e9e de communication de la M\u00e9tropole de Rouen. Et ce n\u2019est ici que la premi\u00e8re phase.<\/p>\n<p class=\" wall-content\">La <strong>s\u00e9lection des prestataires<\/strong> est fastidieuse. \u00ab\u2009Il s\u2019agit d\u2019un march\u00e9 tr\u00e8s sp\u00e9cifique. Un march\u00e9 en conception-r\u00e9alisation avait \u00e9t\u00e9, dans un premier temps, envisag\u00e9, mais celui-ci pr\u00e9sentait des risques juridiques\u2009\u00bb ajoute Perrine Binet. La M\u00e9tropole est donc revenue sur un march\u00e9 de travaux.<\/p>\n<p class=\" wall-content\">Il y a quelques jours,<strong> un appel \u00e0 prestataires<\/strong> a \u00e9t\u00e9 lanc\u00e9. \u00ab\u2009Les candidats vont proposer leur m\u00e9thodologie avec leur offre\u2009\u00bb, pour la r\u00e9paration du pont.<\/p>\n<figure id=\"dailymotion-embed-x7dyep\" class=\"ac-embed ac-embed--dailymotion ac-embed--inread3\" data-provider=\"dailymotion\"><figcaption>Vid\u00e9os : en ce moment sur Actu<\/figcaption><\/figure>\n<div class=\"ac-article-to-read wall-content\">\n<p>\u00c0 lire aussi<\/p>\n<\/div>\n<p class=\" wall-content\">Actuellement, \u00ab\u2009contrairement \u00e0 un march\u00e9 classique\u2009\u00bb, il n\u2019est pas possible \u00ab\u2009de pr\u00e9sager de ce que les entreprises vont proposer\u2009\u00bb, estime la charg\u00e9e de communication.<\/p>\n<h2 class=\" wall-content\">\u00c0 quand la r\u00e9ouverture totale du pont\u2009?<\/h2>\n<p class=\" wall-content\">Le prestataire sera retenu en f\u00e9vrier. C\u2019est \u00e0 ce moment que la M\u00e9tropole pourra communiquer quant \u00e0 la dur\u00e9e estim\u00e9e <a href=\"https:\/\/actu.fr\/normandie\/rouen_76540\/voici-a-quoi-veut-ressembler-le-futur-quartier-de-saint-sever-nouvelle-gare-a-rouen_62026544.html\" target=\"_blank\" rel=\"nofollow\">des travaux<\/a> et, de ce fait, quant \u00e0 la r\u00e9ouverture de la derni\u00e8re voie. Patience donc. Affaire \u00e0 suivre.<\/p>\n<div class=\"ac-infospratiques wall-content\">Suivez l\u2019actualit\u00e9 de Rouen <a href=\"https:\/\/www.whatsapp.com\/channel\/0029VaKfnf99hXF2ddApFB1D\" target=\"_blank\" rel=\"nofollow\">sur notre cha\u00eene WhatsApp<\/a> et <a href=\"https:\/\/www.tiktok.com\/@76actu.fr?lang=fr\" target=\"_blank\" rel=\"nofollow\">sur notre compte TikTok<\/a><\/div>\n<p class=\" wall-content\"><i>Suivez toute l\u2019actualit\u00e9 de vos villes et m\u00e9dias favoris en vous inscrivant \u00e0 <a href=\"https:\/\/moncompte.actu.fr\" title=\"D\u00e9couvez Mon Actu\" rel=\"nofollow\" data-trk=\"{&quot;cta&quot;:{&quot;action&quot;:&quot;https:\\\/\\\/moncompte.actu.fr&quot;,&quot;category&quot;:&quot;mon compte&quot;,&quot;from&quot;:&quot;article footer&quot;,&quot;name&quot;:&quot;Mon actu&quot;,&quot;type&quot;:&quot;cta&quot;}}\" target=\"_blank\">Mon Actu<\/a>.<\/i><\/p>\n<p> accidentdutravail-idf.net vous a pr\u00e9par\u00e9 ce post qui informe du sujet \u00ab\u00a0Association Sportive Huisson-Longueville Essonne\u00a0\u00bb. La chronique se veut g\u00e9n\u00e9r\u00e9e du mieux possible. Vous pouvez utiliser les coordonn\u00e9es indiqu\u00e9es sur le site dans le but d\u2019apporter des explications sur ce post qui parle du th\u00e8me \u00ab\u00a0Association Sportive Huisson-Longueville Essonne\u00a0\u00bb. Le site accidentdutravail-idf.net a pour but de fournir diverses publications sur la th\u00e9matique Association Sportive Huisson-Longueville Essonne diffus\u00e9es sur le net. Il y aura plusieurs articles autour du sujet \u00ab\u00a0Association Sportive Huisson-Longueville Essonne\u00a0\u00bb dans quelques jours, nous vous invitons \u00e0 naviguer sur notre site web \u00e0 plusieurs reprises.<\/p>\n","protected":false},"excerpt":{"rendered":"<p>Par Jessie Leclerc Publi\u00e9 le 26 d\u00e9c. 2024 \u00e0 7h44 Voir mon actu Suivre 76actu La grue d\u2019une p\u00e9niche s\u2019\u00e9tait encastr\u00e9e dans le pont Guillaume-le-Conqu\u00e9rant \u00e0 Rouen (Seine-Maritime), le 24 d\u00e9cembre 2023. Un an apr\u00e8s, jour pour jour, la circulation n\u2019est pas totalement r\u00e9tablie. Point sur la situation. Un simple oubli, de lourdes cons\u00e9quences L\u2019incident &hellip; <\/p>\n<p class=\"link-more\"><a href=\"https:\/\/www.accidentdutravail-idf.net\/blog\/rouen-un-an-apres-laccident-de-la-grue-quen-est-il-des-travaux-du-pont-guillaume\/\" class=\"more-link\">Continuer la lecture <span class=\"screen-reader-text\"> \u00ab\u00a0Rouen. Un an apr\u00e8s l&rsquo;accident de la grue, qu&rsquo;en est-il des travaux du pont Guillaume\u00a0\u00bb<\/span><\/a><\/p>\n","protected":false},"author":2,"featured_media":0,"comment_status":"closed","ping_status":"closed","sticky":false,"template":"","format":"standard","meta":{"footnotes":""},"categories":[5],"tags":[],"class_list":["post-1132","post","type-post","status-publish","format-standard","hentry","category-securite-du-travail-en-ile-de-france-et-divers","entry"],"yoast_head":"<!-- This site is optimized with the Yoast SEO plugin v27.5 - https:\/\/yoast.com\/product\/yoast-seo-wordpress\/ -->\n<title>Rouen. Un an apr\u00e8s l&#039;accident de la grue, qu&#039;en est-il des travaux du pont Guillaume - ACCIDENTDUTRAVAIL-IDF<\/title>\n<meta name=\"description\" content=\"Rouen. Un an apr\u00e8s l&#039;accident de la grue, qu&#039;en est-il des travaux du pont Guillaume article de ACCIDENTDUTRAVAIL-IDF\" \/>\n<meta name=\"robots\" content=\"index, follow, max-snippet:-1, max-image-preview:large, max-video-preview:-1\" \/>\n<link rel=\"canonical\" href=\"https:\/\/www.accidentdutravail-idf.net\/blog\/rouen-un-an-apres-laccident-de-la-grue-quen-est-il-des-travaux-du-pont-guillaume\/\" \/>\n<meta property=\"og:locale\" content=\"fr_FR\" \/>\n<meta property=\"og:type\" content=\"article\" \/>\n<meta property=\"og:title\" content=\"Rouen. Un an apr\u00e8s l&#039;accident de la grue, qu&#039;en est-il des travaux du pont Guillaume - ACCIDENTDUTRAVAIL-IDF\" \/>\n<meta property=\"og:description\" content=\"Rouen. Un an apr\u00e8s l&#039;accident de la grue, qu&#039;en est-il des travaux du pont Guillaume article de ACCIDENTDUTRAVAIL-IDF\" \/>\n<meta property=\"og:url\" content=\"https:\/\/www.accidentdutravail-idf.net\/blog\/rouen-un-an-apres-laccident-de-la-grue-quen-est-il-des-travaux-du-pont-guillaume\/\" \/>\n<meta property=\"og:site_name\" content=\"ACCIDENTDUTRAVAIL-IDF\" \/>\n<meta property=\"article:published_time\" content=\"2024-12-25T22:43:00+00:00\" \/>\n<meta property=\"og:image\" content=\"https:\/\/www.accidentdutravail-idf.net\/blog\/wp-content\/uploads\/2024\/12\/rouen-un-an-apres-laccident-de-la-grue-quen-est-il-des-travaux-du-pont-guillaume.jpg\" \/>\n<meta name=\"author\" content=\"Carlos Poulain\" \/>\n<meta name=\"twitter:card\" content=\"summary_large_image\" \/>\n<meta name=\"twitter:label1\" content=\"\u00c9crit par\" \/>\n\t<meta name=\"twitter:data1\" content=\"Carlos Poulain\" \/>\n\t<meta name=\"twitter:label2\" content=\"Dur\u00e9e de lecture estim\u00e9e\" \/>\n\t<meta name=\"twitter:data2\" content=\"3 minutes\" \/>\n<script type=\"application\/ld+json\" class=\"yoast-schema-graph\">{\"@context\":\"https:\\\/\\\/schema.org\",\"@graph\":[{\"@type\":\"Article\",\"@id\":\"https:\\\/\\\/www.accidentdutravail-idf.net\\\/blog\\\/rouen-un-an-apres-laccident-de-la-grue-quen-est-il-des-travaux-du-pont-guillaume\\\/#article\",\"isPartOf\":{\"@id\":\"https:\\\/\\\/www.accidentdutravail-idf.net\\\/blog\\\/rouen-un-an-apres-laccident-de-la-grue-quen-est-il-des-travaux-du-pont-guillaume\\\/\"},\"author\":{\"name\":\"Carlos Poulain\",\"@id\":\"https:\\\/\\\/www.accidentdutravail-idf.net\\\/blog\\\/#\\\/schema\\\/person\\\/3255d2f970de45e64bd9201f38e7b947\"},\"headline\":\"Rouen. Un an apr\u00e8s l&rsquo;accident de la grue, qu&rsquo;en est-il des travaux du pont Guillaume\",\"datePublished\":\"2024-12-25T22:43:00+00:00\",\"mainEntityOfPage\":{\"@id\":\"https:\\\/\\\/www.accidentdutravail-idf.net\\\/blog\\\/rouen-un-an-apres-laccident-de-la-grue-quen-est-il-des-travaux-du-pont-guillaume\\\/\"},\"wordCount\":530,\"publisher\":{\"@id\":\"https:\\\/\\\/www.accidentdutravail-idf.net\\\/blog\\\/#organization\"},\"image\":{\"@id\":\"https:\\\/\\\/www.accidentdutravail-idf.net\\\/blog\\\/rouen-un-an-apres-laccident-de-la-grue-quen-est-il-des-travaux-du-pont-guillaume\\\/#primaryimage\"},\"thumbnailUrl\":\"https:\\\/\\\/www.accidentdutravail-idf.net\\\/blog\\\/wp-content\\\/uploads\\\/2024\\\/12\\\/rouen-un-an-apres-laccident-de-la-grue-quen-est-il-des-travaux-du-pont-guillaume.jpg\",\"articleSection\":[\"S\u00e9curit\u00e9 Du Travail En Ile-De-France Et Divers:\"],\"inLanguage\":\"fr-FR\"},{\"@type\":\"WebPage\",\"@id\":\"https:\\\/\\\/www.accidentdutravail-idf.net\\\/blog\\\/rouen-un-an-apres-laccident-de-la-grue-quen-est-il-des-travaux-du-pont-guillaume\\\/\",\"url\":\"https:\\\/\\\/www.accidentdutravail-idf.net\\\/blog\\\/rouen-un-an-apres-laccident-de-la-grue-quen-est-il-des-travaux-du-pont-guillaume\\\/\",\"name\":\"Rouen. Un an apr\u00e8s l'accident de la grue, qu'en est-il des travaux du pont Guillaume - ACCIDENTDUTRAVAIL-IDF\",\"isPartOf\":{\"@id\":\"https:\\\/\\\/www.accidentdutravail-idf.net\\\/blog\\\/#website\"},\"primaryImageOfPage\":{\"@id\":\"https:\\\/\\\/www.accidentdutravail-idf.net\\\/blog\\\/rouen-un-an-apres-laccident-de-la-grue-quen-est-il-des-travaux-du-pont-guillaume\\\/#primaryimage\"},\"image\":{\"@id\":\"https:\\\/\\\/www.accidentdutravail-idf.net\\\/blog\\\/rouen-un-an-apres-laccident-de-la-grue-quen-est-il-des-travaux-du-pont-guillaume\\\/#primaryimage\"},\"thumbnailUrl\":\"https:\\\/\\\/www.accidentdutravail-idf.net\\\/blog\\\/wp-content\\\/uploads\\\/2024\\\/12\\\/rouen-un-an-apres-laccident-de-la-grue-quen-est-il-des-travaux-du-pont-guillaume.jpg\",\"datePublished\":\"2024-12-25T22:43:00+00:00\",\"description\":\"Rouen. Un an apr\u00e8s l'accident de la grue, qu'en est-il des travaux du pont Guillaume article de ACCIDENTDUTRAVAIL-IDF\",\"breadcrumb\":{\"@id\":\"https:\\\/\\\/www.accidentdutravail-idf.net\\\/blog\\\/rouen-un-an-apres-laccident-de-la-grue-quen-est-il-des-travaux-du-pont-guillaume\\\/#breadcrumb\"},\"inLanguage\":\"fr-FR\",\"potentialAction\":[{\"@type\":\"ReadAction\",\"target\":[\"https:\\\/\\\/www.accidentdutravail-idf.net\\\/blog\\\/rouen-un-an-apres-laccident-de-la-grue-quen-est-il-des-travaux-du-pont-guillaume\\\/\"]}]},{\"@type\":\"ImageObject\",\"inLanguage\":\"fr-FR\",\"@id\":\"https:\\\/\\\/www.accidentdutravail-idf.net\\\/blog\\\/rouen-un-an-apres-laccident-de-la-grue-quen-est-il-des-travaux-du-pont-guillaume\\\/#primaryimage\",\"url\":\"https:\\\/\\\/www.accidentdutravail-idf.net\\\/blog\\\/wp-content\\\/uploads\\\/2024\\\/12\\\/rouen-un-an-apres-laccident-de-la-grue-quen-est-il-des-travaux-du-pont-guillaume.jpg\",\"contentUrl\":\"https:\\\/\\\/www.accidentdutravail-idf.net\\\/blog\\\/wp-content\\\/uploads\\\/2024\\\/12\\\/rouen-un-an-apres-laccident-de-la-grue-quen-est-il-des-travaux-du-pont-guillaume.jpg\"},{\"@type\":\"BreadcrumbList\",\"@id\":\"https:\\\/\\\/www.accidentdutravail-idf.net\\\/blog\\\/rouen-un-an-apres-laccident-de-la-grue-quen-est-il-des-travaux-du-pont-guillaume\\\/#breadcrumb\",\"itemListElement\":[{\"@type\":\"ListItem\",\"position\":1,\"name\":\"Accueil\",\"item\":\"https:\\\/\\\/www.accidentdutravail-idf.net\\\/blog\\\/\"},{\"@type\":\"ListItem\",\"position\":2,\"name\":\"Rouen. Un an apr\u00e8s l&rsquo;accident de la grue, qu&rsquo;en est-il des travaux du pont Guillaume\"}]},{\"@type\":\"WebSite\",\"@id\":\"https:\\\/\\\/www.accidentdutravail-idf.net\\\/blog\\\/#website\",\"url\":\"https:\\\/\\\/www.accidentdutravail-idf.net\\\/blog\\\/\",\"name\":\"ACCIDENTDUTRAVAIL-IDF\",\"description\":\"Portail accidents du travail-maladies professionnelles des entreprises d&#039;Ile-de-France\",\"publisher\":{\"@id\":\"https:\\\/\\\/www.accidentdutravail-idf.net\\\/blog\\\/#organization\"},\"potentialAction\":[{\"@type\":\"SearchAction\",\"target\":{\"@type\":\"EntryPoint\",\"urlTemplate\":\"https:\\\/\\\/www.accidentdutravail-idf.net\\\/blog\\\/?s={search_term_string}\"},\"query-input\":{\"@type\":\"PropertyValueSpecification\",\"valueRequired\":true,\"valueName\":\"search_term_string\"}}],\"inLanguage\":\"fr-FR\"},{\"@type\":\"Organization\",\"@id\":\"https:\\\/\\\/www.accidentdutravail-idf.net\\\/blog\\\/#organization\",\"name\":\"accidentdutravail-idf\",\"url\":\"https:\\\/\\\/www.accidentdutravail-idf.net\\\/blog\\\/\",\"logo\":{\"@type\":\"ImageObject\",\"inLanguage\":\"fr-FR\",\"@id\":\"https:\\\/\\\/www.accidentdutravail-idf.net\\\/blog\\\/#\\\/schema\\\/logo\\\/image\\\/\",\"url\":\"https:\\\/\\\/www.accidentdutravail-idf.net\\\/blog\\\/wp-content\\\/uploads\\\/2022\\\/09\\\/logo-2.png\",\"contentUrl\":\"https:\\\/\\\/www.accidentdutravail-idf.net\\\/blog\\\/wp-content\\\/uploads\\\/2022\\\/09\\\/logo-2.png\",\"width\":380,\"height\":291,\"caption\":\"accidentdutravail-idf\"},\"image\":{\"@id\":\"https:\\\/\\\/www.accidentdutravail-idf.net\\\/blog\\\/#\\\/schema\\\/logo\\\/image\\\/\"}},{\"@type\":\"Person\",\"@id\":\"https:\\\/\\\/www.accidentdutravail-idf.net\\\/blog\\\/#\\\/schema\\\/person\\\/3255d2f970de45e64bd9201f38e7b947\",\"name\":\"Carlos Poulain\",\"image\":{\"@type\":\"ImageObject\",\"inLanguage\":\"fr-FR\",\"@id\":\"https:\\\/\\\/secure.gravatar.com\\\/avatar\\\/b1c2f9d3588e34e91adb093635df64ef4b2381991216be7576466cfcdca4baf3?s=96&d=mm&r=g\",\"url\":\"https:\\\/\\\/secure.gravatar.com\\\/avatar\\\/b1c2f9d3588e34e91adb093635df64ef4b2381991216be7576466cfcdca4baf3?s=96&d=mm&r=g\",\"contentUrl\":\"https:\\\/\\\/secure.gravatar.com\\\/avatar\\\/b1c2f9d3588e34e91adb093635df64ef4b2381991216be7576466cfcdca4baf3?s=96&d=mm&r=g\",\"caption\":\"Carlos Poulain\"},\"url\":\"https:\\\/\\\/www.accidentdutravail-idf.net\\\/blog\\\/author\\\/idfcarlos\\\/\"}]}<\/script>\n<!-- \/ Yoast SEO plugin. -->","yoast_head_json":{"title":"Rouen. Un an apr\u00e8s l'accident de la grue, qu'en est-il des travaux du pont Guillaume - ACCIDENTDUTRAVAIL-IDF","description":"Rouen. Un an apr\u00e8s l'accident de la grue, qu'en est-il des travaux du pont Guillaume article de ACCIDENTDUTRAVAIL-IDF","robots":{"index":"index","follow":"follow","max-snippet":"max-snippet:-1","max-image-preview":"max-image-preview:large","max-video-preview":"max-video-preview:-1"},"canonical":"https:\/\/www.accidentdutravail-idf.net\/blog\/rouen-un-an-apres-laccident-de-la-grue-quen-est-il-des-travaux-du-pont-guillaume\/","og_locale":"fr_FR","og_type":"article","og_title":"Rouen. Un an apr\u00e8s l'accident de la grue, qu'en est-il des travaux du pont Guillaume - ACCIDENTDUTRAVAIL-IDF","og_description":"Rouen. Un an apr\u00e8s l'accident de la grue, qu'en est-il des travaux du pont Guillaume article de ACCIDENTDUTRAVAIL-IDF","og_url":"https:\/\/www.accidentdutravail-idf.net\/blog\/rouen-un-an-apres-laccident-de-la-grue-quen-est-il-des-travaux-du-pont-guillaume\/","og_site_name":"ACCIDENTDUTRAVAIL-IDF","article_published_time":"2024-12-25T22:43:00+00:00","og_image":[{"url":"https:\/\/www.accidentdutravail-idf.net\/blog\/wp-content\/uploads\/2024\/12\/rouen-un-an-apres-laccident-de-la-grue-quen-est-il-des-travaux-du-pont-guillaume.jpg","type":"","width":"","height":""}],"author":"Carlos Poulain","twitter_card":"summary_large_image","twitter_misc":{"\u00c9crit par":"Carlos Poulain","Dur\u00e9e de lecture estim\u00e9e":"3 minutes"},"schema":{"@context":"https:\/\/schema.org","@graph":[{"@type":"Article","@id":"https:\/\/www.accidentdutravail-idf.net\/blog\/rouen-un-an-apres-laccident-de-la-grue-quen-est-il-des-travaux-du-pont-guillaume\/#article","isPartOf":{"@id":"https:\/\/www.accidentdutravail-idf.net\/blog\/rouen-un-an-apres-laccident-de-la-grue-quen-est-il-des-travaux-du-pont-guillaume\/"},"author":{"name":"Carlos Poulain","@id":"https:\/\/www.accidentdutravail-idf.net\/blog\/#\/schema\/person\/3255d2f970de45e64bd9201f38e7b947"},"headline":"Rouen. Un an apr\u00e8s l&rsquo;accident de la grue, qu&rsquo;en est-il des travaux du pont Guillaume","datePublished":"2024-12-25T22:43:00+00:00","mainEntityOfPage":{"@id":"https:\/\/www.accidentdutravail-idf.net\/blog\/rouen-un-an-apres-laccident-de-la-grue-quen-est-il-des-travaux-du-pont-guillaume\/"},"wordCount":530,"publisher":{"@id":"https:\/\/www.accidentdutravail-idf.net\/blog\/#organization"},"image":{"@id":"https:\/\/www.accidentdutravail-idf.net\/blog\/rouen-un-an-apres-laccident-de-la-grue-quen-est-il-des-travaux-du-pont-guillaume\/#primaryimage"},"thumbnailUrl":"https:\/\/www.accidentdutravail-idf.net\/blog\/wp-content\/uploads\/2024\/12\/rouen-un-an-apres-laccident-de-la-grue-quen-est-il-des-travaux-du-pont-guillaume.jpg","articleSection":["S\u00e9curit\u00e9 Du Travail En Ile-De-France Et Divers:"],"inLanguage":"fr-FR"},{"@type":"WebPage","@id":"https:\/\/www.accidentdutravail-idf.net\/blog\/rouen-un-an-apres-laccident-de-la-grue-quen-est-il-des-travaux-du-pont-guillaume\/","url":"https:\/\/www.accidentdutravail-idf.net\/blog\/rouen-un-an-apres-laccident-de-la-grue-quen-est-il-des-travaux-du-pont-guillaume\/","name":"Rouen. Un an apr\u00e8s l'accident de la grue, qu'en est-il des travaux du pont Guillaume - ACCIDENTDUTRAVAIL-IDF","isPartOf":{"@id":"https:\/\/www.accidentdutravail-idf.net\/blog\/#website"},"primaryImageOfPage":{"@id":"https:\/\/www.accidentdutravail-idf.net\/blog\/rouen-un-an-apres-laccident-de-la-grue-quen-est-il-des-travaux-du-pont-guillaume\/#primaryimage"},"image":{"@id":"https:\/\/www.accidentdutravail-idf.net\/blog\/rouen-un-an-apres-laccident-de-la-grue-quen-est-il-des-travaux-du-pont-guillaume\/#primaryimage"},"thumbnailUrl":"https:\/\/www.accidentdutravail-idf.net\/blog\/wp-content\/uploads\/2024\/12\/rouen-un-an-apres-laccident-de-la-grue-quen-est-il-des-travaux-du-pont-guillaume.jpg","datePublished":"2024-12-25T22:43:00+00:00","description":"Rouen. Un an apr\u00e8s l'accident de la grue, qu'en est-il des travaux du pont Guillaume article de ACCIDENTDUTRAVAIL-IDF","breadcrumb":{"@id":"https:\/\/www.accidentdutravail-idf.net\/blog\/rouen-un-an-apres-laccident-de-la-grue-quen-est-il-des-travaux-du-pont-guillaume\/#breadcrumb"},"inLanguage":"fr-FR","potentialAction":[{"@type":"ReadAction","target":["https:\/\/www.accidentdutravail-idf.net\/blog\/rouen-un-an-apres-laccident-de-la-grue-quen-est-il-des-travaux-du-pont-guillaume\/"]}]},{"@type":"ImageObject","inLanguage":"fr-FR","@id":"https:\/\/www.accidentdutravail-idf.net\/blog\/rouen-un-an-apres-laccident-de-la-grue-quen-est-il-des-travaux-du-pont-guillaume\/#primaryimage","url":"https:\/\/www.accidentdutravail-idf.net\/blog\/wp-content\/uploads\/2024\/12\/rouen-un-an-apres-laccident-de-la-grue-quen-est-il-des-travaux-du-pont-guillaume.jpg","contentUrl":"https:\/\/www.accidentdutravail-idf.net\/blog\/wp-content\/uploads\/2024\/12\/rouen-un-an-apres-laccident-de-la-grue-quen-est-il-des-travaux-du-pont-guillaume.jpg"},{"@type":"BreadcrumbList","@id":"https:\/\/www.accidentdutravail-idf.net\/blog\/rouen-un-an-apres-laccident-de-la-grue-quen-est-il-des-travaux-du-pont-guillaume\/#breadcrumb","itemListElement":[{"@type":"ListItem","position":1,"name":"Accueil","item":"https:\/\/www.accidentdutravail-idf.net\/blog\/"},{"@type":"ListItem","position":2,"name":"Rouen. Un an apr\u00e8s l&rsquo;accident de la grue, qu&rsquo;en est-il des travaux du pont Guillaume"}]},{"@type":"WebSite","@id":"https:\/\/www.accidentdutravail-idf.net\/blog\/#website","url":"https:\/\/www.accidentdutravail-idf.net\/blog\/","name":"ACCIDENTDUTRAVAIL-IDF","description":"Portail accidents du travail-maladies professionnelles des entreprises d&#039;Ile-de-France","publisher":{"@id":"https:\/\/www.accidentdutravail-idf.net\/blog\/#organization"},"potentialAction":[{"@type":"SearchAction","target":{"@type":"EntryPoint","urlTemplate":"https:\/\/www.accidentdutravail-idf.net\/blog\/?s={search_term_string}"},"query-input":{"@type":"PropertyValueSpecification","valueRequired":true,"valueName":"search_term_string"}}],"inLanguage":"fr-FR"},{"@type":"Organization","@id":"https:\/\/www.accidentdutravail-idf.net\/blog\/#organization","name":"accidentdutravail-idf","url":"https:\/\/www.accidentdutravail-idf.net\/blog\/","logo":{"@type":"ImageObject","inLanguage":"fr-FR","@id":"https:\/\/www.accidentdutravail-idf.net\/blog\/#\/schema\/logo\/image\/","url":"https:\/\/www.accidentdutravail-idf.net\/blog\/wp-content\/uploads\/2022\/09\/logo-2.png","contentUrl":"https:\/\/www.accidentdutravail-idf.net\/blog\/wp-content\/uploads\/2022\/09\/logo-2.png","width":380,"height":291,"caption":"accidentdutravail-idf"},"image":{"@id":"https:\/\/www.accidentdutravail-idf.net\/blog\/#\/schema\/logo\/image\/"}},{"@type":"Person","@id":"https:\/\/www.accidentdutravail-idf.net\/blog\/#\/schema\/person\/3255d2f970de45e64bd9201f38e7b947","name":"Carlos Poulain","image":{"@type":"ImageObject","inLanguage":"fr-FR","@id":"https:\/\/secure.gravatar.com\/avatar\/b1c2f9d3588e34e91adb093635df64ef4b2381991216be7576466cfcdca4baf3?s=96&d=mm&r=g","url":"https:\/\/secure.gravatar.com\/avatar\/b1c2f9d3588e34e91adb093635df64ef4b2381991216be7576466cfcdca4baf3?s=96&d=mm&r=g","contentUrl":"https:\/\/secure.gravatar.com\/avatar\/b1c2f9d3588e34e91adb093635df64ef4b2381991216be7576466cfcdca4baf3?s=96&d=mm&r=g","caption":"Carlos Poulain"},"url":"https:\/\/www.accidentdutravail-idf.net\/blog\/author\/idfcarlos\/"}]}},"_links":{"self":[{"href":"https:\/\/www.accidentdutravail-idf.net\/blog\/wp-json\/wp\/v2\/posts\/1132","targetHints":{"allow":["GET"]}}],"collection":[{"href":"https:\/\/www.accidentdutravail-idf.net\/blog\/wp-json\/wp\/v2\/posts"}],"about":[{"href":"https:\/\/www.accidentdutravail-idf.net\/blog\/wp-json\/wp\/v2\/types\/post"}],"author":[{"embeddable":true,"href":"https:\/\/www.accidentdutravail-idf.net\/blog\/wp-json\/wp\/v2\/users\/2"}],"replies":[{"embeddable":true,"href":"https:\/\/www.accidentdutravail-idf.net\/blog\/wp-json\/wp\/v2\/comments?post=1132"}],"version-history":[{"count":0,"href":"https:\/\/www.accidentdutravail-idf.net\/blog\/wp-json\/wp\/v2\/posts\/1132\/revisions"}],"wp:attachment":[{"href":"https:\/\/www.accidentdutravail-idf.net\/blog\/wp-json\/wp\/v2\/media?parent=1132"}],"wp:term":[{"taxonomy":"category","embeddable":true,"href":"https:\/\/www.accidentdutravail-idf.net\/blog\/wp-json\/wp\/v2\/categories?post=1132"},{"taxonomy":"post_tag","embeddable":true,"href":"https:\/\/www.accidentdutravail-idf.net\/blog\/wp-json\/wp\/v2\/tags?post=1132"}],"curies":[{"name":"wp","href":"https:\/\/api.w.org\/{rel}","templated":true}]}}