{"id":1113,"date":"2024-12-18T17:00:00","date_gmt":"2024-12-18T16:00:00","guid":{"rendered":"https:\/\/www.accidentdutravail-idf.net\/blog\/accident-du-travail-sur-un-site-seveso-de-dinard-le-gerant-condamne-apres-un-accident-de-travail\/"},"modified":"2024-12-18T17:00:00","modified_gmt":"2024-12-18T16:00:00","slug":"accident-du-travail-sur-un-site-seveso-de-dinard-le-gerant-condamne-apres-un-accident-de-travail","status":"publish","type":"post","link":"https:\/\/www.accidentdutravail-idf.net\/blog\/accident-du-travail-sur-un-site-seveso-de-dinard-le-gerant-condamne-apres-un-accident-de-travail\/","title":{"rendered":"Accident du travail sur un site Seveso de Dinard : le g\u00e9rant condamn\u00e9 apr\u00e8s un accident de travail"},"content":{"rendered":"<div><img decoding=\"async\" src=\"https:\/\/www.accidentdutravail-idf.net\/blog\/wp-content\/uploads\/2024\/12\/accident-du-travail-sur-un-site-seveso-de-dinard-le-gerant-condamne-apres-un-accident-de-travail.jpg\" class=\"ff-og-image-inserted\"><\/div>\n<div>\n<p>Le 21 d\u00e9cembre 2021 un accident de travail se produisait au sein de la soci\u00e9t\u00e9 Hypred \u00e0 Dinard (35) un site class\u00e9 Seveso. Cette usine fabrique des produits d\u00e9tergents destin\u00e9s aux professionnels pour l\u2019hygi\u00e8ne agroalimentaire. Ce jour-l\u00e0, un cariste sur son chariot \u00e9l\u00e9vateur r\u00e9cup\u00e9rait un container stock\u00e9 sur une plateforme en hauteur lorsqu\u2019en reculant le container tombait sur un salari\u00e9 qui travaillait en contrebas.<\/p>\n<\/div>\n<div>\n<p>Le contenu liquide, non dangereux, se d\u00e9versait sur le sol et sur le salari\u00e9. Ce dernier \u00e9tait gri\u00e8vement bless\u00e9 (120 jours d\u2019ITT). L\u2019enqu\u00eate avait relev\u00e9 plusieurs irr\u00e9gularit\u00e9s : un manque de place dans le secteur concern\u00e9 par l\u2019accident, beaucoup de circulation avec le passage d\u2019environ 200 chariots par jour et plusieurs plaques de la plateforme \u00e9taient d\u00e9faillants.<\/p>\n<p>L\u2019inspection du travail reprochait \u00e0 l\u2019entreprise \u00ab une insuffisance d\u2019\u00e9valuation des risques \u00bb. Devant le tribunal correctionnel de Saint-Malo, le 14 novembre dernier, le pr\u00e9venu de 55 ans, directeur du site repr\u00e9sentant sa soci\u00e9t\u00e9 ne reconnaissait pas sa culpabilit\u00e9, l\u2019accident s\u2019\u00e9tant produit dans \u00ab une zone partag\u00e9e \u00bb, entre chariots et op\u00e9rateurs.<\/p>\n<\/div>\n<div>\n<p>Le parquet avait requis des amendes face \u00e0 la d\u00e9fense qui plaidait la relaxe. Jeudi 19 d\u00e9cembre le tribunal a condamn\u00e9 le g\u00e9rant \u00e0 deux amendes de 3 000 \u20ac avec sursis et de 500 \u20ac.<\/p>\n<\/div>\n<p>accidentdutravail-idf.net vous a pr\u00e9par\u00e9 ce post qui informe du sujet \u00ab\u00a0Association Sportive Huisson-Longueville Essonne\u00a0\u00bb. La chronique se veut g\u00e9n\u00e9r\u00e9e du mieux possible. Vous pouvez utiliser les coordonn\u00e9es indiqu\u00e9es sur le site dans le but d\u2019apporter des explications sur ce post qui parle du th\u00e8me \u00ab\u00a0Association Sportive Huisson-Longueville Essonne\u00a0\u00bb. Le site accidentdutravail-idf.net a pour but de fournir diverses publications sur la th\u00e9matique Association Sportive Huisson-Longueville Essonne diffus\u00e9es sur le net. Il y aura plusieurs articles autour du sujet \u00ab\u00a0Association Sportive Huisson-Longueville Essonne\u00a0\u00bb dans quelques jours, nous vous invitons \u00e0 naviguer sur notre site web \u00e0 plusieurs reprises.<\/p>\n","protected":false},"excerpt":{"rendered":"<p>Le 21 d\u00e9cembre 2021 un accident de travail se produisait au sein de la soci\u00e9t\u00e9 Hypred \u00e0 Dinard (35) un site class\u00e9 Seveso. Cette usine fabrique des produits d\u00e9tergents destin\u00e9s aux professionnels pour l\u2019hygi\u00e8ne agroalimentaire. Ce jour-l\u00e0, un cariste sur son chariot \u00e9l\u00e9vateur r\u00e9cup\u00e9rait un container stock\u00e9 sur une plateforme en hauteur lorsqu\u2019en reculant le &hellip; <\/p>\n<p class=\"link-more\"><a href=\"https:\/\/www.accidentdutravail-idf.net\/blog\/accident-du-travail-sur-un-site-seveso-de-dinard-le-gerant-condamne-apres-un-accident-de-travail\/\" class=\"more-link\">Continuer la lecture <span class=\"screen-reader-text\"> \u00ab\u00a0Accident du travail sur un site Seveso de Dinard : le g\u00e9rant condamn\u00e9 apr\u00e8s un accident de travail\u00a0\u00bb<\/span><\/a><\/p>\n","protected":false},"author":2,"featured_media":0,"comment_status":"closed","ping_status":"closed","sticky":false,"template":"","format":"standard","meta":{"footnotes":""},"categories":[5],"tags":[],"class_list":["post-1113","post","type-post","status-publish","format-standard","hentry","category-securite-du-travail-en-ile-de-france-et-divers","entry"],"yoast_head":"<!-- This site is optimized with the Yoast SEO plugin v27.5 - https:\/\/yoast.com\/product\/yoast-seo-wordpress\/ -->\n<title>Accident du travail sur un site Seveso de Dinard : le g\u00e9rant condamn\u00e9 apr\u00e8s un accident de travail - ACCIDENTDUTRAVAIL-IDF<\/title>\n<meta name=\"description\" content=\"Accident du travail sur un site Seveso de Dinard : le g\u00e9rant condamn\u00e9 apr\u00e8s un accident de travail article de ACCIDENTDUTRAVAIL-IDF\" \/>\n<meta name=\"robots\" content=\"index, follow, max-snippet:-1, max-image-preview:large, max-video-preview:-1\" \/>\n<link rel=\"canonical\" href=\"https:\/\/www.accidentdutravail-idf.net\/blog\/accident-du-travail-sur-un-site-seveso-de-dinard-le-gerant-condamne-apres-un-accident-de-travail\/\" \/>\n<meta property=\"og:locale\" content=\"fr_FR\" \/>\n<meta property=\"og:type\" content=\"article\" \/>\n<meta property=\"og:title\" content=\"Accident du travail sur un site Seveso de Dinard : le g\u00e9rant condamn\u00e9 apr\u00e8s un accident de travail - ACCIDENTDUTRAVAIL-IDF\" \/>\n<meta property=\"og:description\" content=\"Accident du travail sur un site Seveso de Dinard : le g\u00e9rant condamn\u00e9 apr\u00e8s un accident de travail article de ACCIDENTDUTRAVAIL-IDF\" \/>\n<meta property=\"og:url\" content=\"https:\/\/www.accidentdutravail-idf.net\/blog\/accident-du-travail-sur-un-site-seveso-de-dinard-le-gerant-condamne-apres-un-accident-de-travail\/\" \/>\n<meta property=\"og:site_name\" content=\"ACCIDENTDUTRAVAIL-IDF\" \/>\n<meta property=\"article:published_time\" content=\"2024-12-18T16:00:00+00:00\" \/>\n<meta property=\"og:image\" content=\"https:\/\/www.accidentdutravail-idf.net\/blog\/wp-content\/uploads\/2024\/12\/accident-du-travail-sur-un-site-seveso-de-dinard-le-gerant-condamne-apres-un-accident-de-travail.jpg\" \/>\n<meta name=\"author\" content=\"Carlos Poulain\" \/>\n<meta name=\"twitter:card\" content=\"summary_large_image\" \/>\n<meta name=\"twitter:label1\" content=\"\u00c9crit par\" \/>\n\t<meta name=\"twitter:data1\" content=\"Carlos Poulain\" \/>\n\t<meta name=\"twitter:label2\" content=\"Dur\u00e9e de lecture estim\u00e9e\" \/>\n\t<meta name=\"twitter:data2\" content=\"2 minutes\" \/>\n<script type=\"application\/ld+json\" class=\"yoast-schema-graph\">{\"@context\":\"https:\\\/\\\/schema.org\",\"@graph\":[{\"@type\":\"Article\",\"@id\":\"https:\\\/\\\/www.accidentdutravail-idf.net\\\/blog\\\/accident-du-travail-sur-un-site-seveso-de-dinard-le-gerant-condamne-apres-un-accident-de-travail\\\/#article\",\"isPartOf\":{\"@id\":\"https:\\\/\\\/www.accidentdutravail-idf.net\\\/blog\\\/accident-du-travail-sur-un-site-seveso-de-dinard-le-gerant-condamne-apres-un-accident-de-travail\\\/\"},\"author\":{\"name\":\"Carlos Poulain\",\"@id\":\"https:\\\/\\\/www.accidentdutravail-idf.net\\\/blog\\\/#\\\/schema\\\/person\\\/3255d2f970de45e64bd9201f38e7b947\"},\"headline\":\"Accident du travail sur un site Seveso de Dinard : le g\u00e9rant condamn\u00e9 apr\u00e8s un accident de travail\",\"datePublished\":\"2024-12-18T16:00:00+00:00\",\"mainEntityOfPage\":{\"@id\":\"https:\\\/\\\/www.accidentdutravail-idf.net\\\/blog\\\/accident-du-travail-sur-un-site-seveso-de-dinard-le-gerant-condamne-apres-un-accident-de-travail\\\/\"},\"wordCount\":345,\"publisher\":{\"@id\":\"https:\\\/\\\/www.accidentdutravail-idf.net\\\/blog\\\/#organization\"},\"image\":{\"@id\":\"https:\\\/\\\/www.accidentdutravail-idf.net\\\/blog\\\/accident-du-travail-sur-un-site-seveso-de-dinard-le-gerant-condamne-apres-un-accident-de-travail\\\/#primaryimage\"},\"thumbnailUrl\":\"https:\\\/\\\/www.accidentdutravail-idf.net\\\/blog\\\/wp-content\\\/uploads\\\/2024\\\/12\\\/accident-du-travail-sur-un-site-seveso-de-dinard-le-gerant-condamne-apres-un-accident-de-travail.jpg\",\"articleSection\":[\"S\u00e9curit\u00e9 Du Travail En Ile-De-France Et Divers:\"],\"inLanguage\":\"fr-FR\"},{\"@type\":\"WebPage\",\"@id\":\"https:\\\/\\\/www.accidentdutravail-idf.net\\\/blog\\\/accident-du-travail-sur-un-site-seveso-de-dinard-le-gerant-condamne-apres-un-accident-de-travail\\\/\",\"url\":\"https:\\\/\\\/www.accidentdutravail-idf.net\\\/blog\\\/accident-du-travail-sur-un-site-seveso-de-dinard-le-gerant-condamne-apres-un-accident-de-travail\\\/\",\"name\":\"Accident du travail sur un site Seveso de Dinard : le g\u00e9rant condamn\u00e9 apr\u00e8s un accident de travail - ACCIDENTDUTRAVAIL-IDF\",\"isPartOf\":{\"@id\":\"https:\\\/\\\/www.accidentdutravail-idf.net\\\/blog\\\/#website\"},\"primaryImageOfPage\":{\"@id\":\"https:\\\/\\\/www.accidentdutravail-idf.net\\\/blog\\\/accident-du-travail-sur-un-site-seveso-de-dinard-le-gerant-condamne-apres-un-accident-de-travail\\\/#primaryimage\"},\"image\":{\"@id\":\"https:\\\/\\\/www.accidentdutravail-idf.net\\\/blog\\\/accident-du-travail-sur-un-site-seveso-de-dinard-le-gerant-condamne-apres-un-accident-de-travail\\\/#primaryimage\"},\"thumbnailUrl\":\"https:\\\/\\\/www.accidentdutravail-idf.net\\\/blog\\\/wp-content\\\/uploads\\\/2024\\\/12\\\/accident-du-travail-sur-un-site-seveso-de-dinard-le-gerant-condamne-apres-un-accident-de-travail.jpg\",\"datePublished\":\"2024-12-18T16:00:00+00:00\",\"description\":\"Accident du travail sur un site Seveso de Dinard : le g\u00e9rant condamn\u00e9 apr\u00e8s un accident de travail article de ACCIDENTDUTRAVAIL-IDF\",\"breadcrumb\":{\"@id\":\"https:\\\/\\\/www.accidentdutravail-idf.net\\\/blog\\\/accident-du-travail-sur-un-site-seveso-de-dinard-le-gerant-condamne-apres-un-accident-de-travail\\\/#breadcrumb\"},\"inLanguage\":\"fr-FR\",\"potentialAction\":[{\"@type\":\"ReadAction\",\"target\":[\"https:\\\/\\\/www.accidentdutravail-idf.net\\\/blog\\\/accident-du-travail-sur-un-site-seveso-de-dinard-le-gerant-condamne-apres-un-accident-de-travail\\\/\"]}]},{\"@type\":\"ImageObject\",\"inLanguage\":\"fr-FR\",\"@id\":\"https:\\\/\\\/www.accidentdutravail-idf.net\\\/blog\\\/accident-du-travail-sur-un-site-seveso-de-dinard-le-gerant-condamne-apres-un-accident-de-travail\\\/#primaryimage\",\"url\":\"https:\\\/\\\/www.accidentdutravail-idf.net\\\/blog\\\/wp-content\\\/uploads\\\/2024\\\/12\\\/accident-du-travail-sur-un-site-seveso-de-dinard-le-gerant-condamne-apres-un-accident-de-travail.jpg\",\"contentUrl\":\"https:\\\/\\\/www.accidentdutravail-idf.net\\\/blog\\\/wp-content\\\/uploads\\\/2024\\\/12\\\/accident-du-travail-sur-un-site-seveso-de-dinard-le-gerant-condamne-apres-un-accident-de-travail.jpg\"},{\"@type\":\"BreadcrumbList\",\"@id\":\"https:\\\/\\\/www.accidentdutravail-idf.net\\\/blog\\\/accident-du-travail-sur-un-site-seveso-de-dinard-le-gerant-condamne-apres-un-accident-de-travail\\\/#breadcrumb\",\"itemListElement\":[{\"@type\":\"ListItem\",\"position\":1,\"name\":\"Accueil\",\"item\":\"https:\\\/\\\/www.accidentdutravail-idf.net\\\/blog\\\/\"},{\"@type\":\"ListItem\",\"position\":2,\"name\":\"Accident du travail sur un site Seveso de Dinard : le g\u00e9rant condamn\u00e9 apr\u00e8s un accident de travail\"}]},{\"@type\":\"WebSite\",\"@id\":\"https:\\\/\\\/www.accidentdutravail-idf.net\\\/blog\\\/#website\",\"url\":\"https:\\\/\\\/www.accidentdutravail-idf.net\\\/blog\\\/\",\"name\":\"ACCIDENTDUTRAVAIL-IDF\",\"description\":\"Portail accidents du travail-maladies professionnelles des entreprises d&#039;Ile-de-France\",\"publisher\":{\"@id\":\"https:\\\/\\\/www.accidentdutravail-idf.net\\\/blog\\\/#organization\"},\"potentialAction\":[{\"@type\":\"SearchAction\",\"target\":{\"@type\":\"EntryPoint\",\"urlTemplate\":\"https:\\\/\\\/www.accidentdutravail-idf.net\\\/blog\\\/?s={search_term_string}\"},\"query-input\":{\"@type\":\"PropertyValueSpecification\",\"valueRequired\":true,\"valueName\":\"search_term_string\"}}],\"inLanguage\":\"fr-FR\"},{\"@type\":\"Organization\",\"@id\":\"https:\\\/\\\/www.accidentdutravail-idf.net\\\/blog\\\/#organization\",\"name\":\"accidentdutravail-idf\",\"url\":\"https:\\\/\\\/www.accidentdutravail-idf.net\\\/blog\\\/\",\"logo\":{\"@type\":\"ImageObject\",\"inLanguage\":\"fr-FR\",\"@id\":\"https:\\\/\\\/www.accidentdutravail-idf.net\\\/blog\\\/#\\\/schema\\\/logo\\\/image\\\/\",\"url\":\"https:\\\/\\\/www.accidentdutravail-idf.net\\\/blog\\\/wp-content\\\/uploads\\\/2022\\\/09\\\/logo-2.png\",\"contentUrl\":\"https:\\\/\\\/www.accidentdutravail-idf.net\\\/blog\\\/wp-content\\\/uploads\\\/2022\\\/09\\\/logo-2.png\",\"width\":380,\"height\":291,\"caption\":\"accidentdutravail-idf\"},\"image\":{\"@id\":\"https:\\\/\\\/www.accidentdutravail-idf.net\\\/blog\\\/#\\\/schema\\\/logo\\\/image\\\/\"}},{\"@type\":\"Person\",\"@id\":\"https:\\\/\\\/www.accidentdutravail-idf.net\\\/blog\\\/#\\\/schema\\\/person\\\/3255d2f970de45e64bd9201f38e7b947\",\"name\":\"Carlos Poulain\",\"image\":{\"@type\":\"ImageObject\",\"inLanguage\":\"fr-FR\",\"@id\":\"https:\\\/\\\/secure.gravatar.com\\\/avatar\\\/b1c2f9d3588e34e91adb093635df64ef4b2381991216be7576466cfcdca4baf3?s=96&d=mm&r=g\",\"url\":\"https:\\\/\\\/secure.gravatar.com\\\/avatar\\\/b1c2f9d3588e34e91adb093635df64ef4b2381991216be7576466cfcdca4baf3?s=96&d=mm&r=g\",\"contentUrl\":\"https:\\\/\\\/secure.gravatar.com\\\/avatar\\\/b1c2f9d3588e34e91adb093635df64ef4b2381991216be7576466cfcdca4baf3?s=96&d=mm&r=g\",\"caption\":\"Carlos Poulain\"},\"url\":\"https:\\\/\\\/www.accidentdutravail-idf.net\\\/blog\\\/author\\\/idfcarlos\\\/\"}]}<\/script>\n<!-- \/ Yoast SEO plugin. -->","yoast_head_json":{"title":"Accident du travail sur un site Seveso de Dinard : le g\u00e9rant condamn\u00e9 apr\u00e8s un accident de travail - ACCIDENTDUTRAVAIL-IDF","description":"Accident du travail sur un site Seveso de Dinard : le g\u00e9rant condamn\u00e9 apr\u00e8s un accident de travail article de ACCIDENTDUTRAVAIL-IDF","robots":{"index":"index","follow":"follow","max-snippet":"max-snippet:-1","max-image-preview":"max-image-preview:large","max-video-preview":"max-video-preview:-1"},"canonical":"https:\/\/www.accidentdutravail-idf.net\/blog\/accident-du-travail-sur-un-site-seveso-de-dinard-le-gerant-condamne-apres-un-accident-de-travail\/","og_locale":"fr_FR","og_type":"article","og_title":"Accident du travail sur un site Seveso de Dinard : le g\u00e9rant condamn\u00e9 apr\u00e8s un accident de travail - ACCIDENTDUTRAVAIL-IDF","og_description":"Accident du travail sur un site Seveso de Dinard : le g\u00e9rant condamn\u00e9 apr\u00e8s un accident de travail article de ACCIDENTDUTRAVAIL-IDF","og_url":"https:\/\/www.accidentdutravail-idf.net\/blog\/accident-du-travail-sur-un-site-seveso-de-dinard-le-gerant-condamne-apres-un-accident-de-travail\/","og_site_name":"ACCIDENTDUTRAVAIL-IDF","article_published_time":"2024-12-18T16:00:00+00:00","og_image":[{"url":"https:\/\/www.accidentdutravail-idf.net\/blog\/wp-content\/uploads\/2024\/12\/accident-du-travail-sur-un-site-seveso-de-dinard-le-gerant-condamne-apres-un-accident-de-travail.jpg","type":"","width":"","height":""}],"author":"Carlos Poulain","twitter_card":"summary_large_image","twitter_misc":{"\u00c9crit par":"Carlos Poulain","Dur\u00e9e de lecture estim\u00e9e":"2 minutes"},"schema":{"@context":"https:\/\/schema.org","@graph":[{"@type":"Article","@id":"https:\/\/www.accidentdutravail-idf.net\/blog\/accident-du-travail-sur-un-site-seveso-de-dinard-le-gerant-condamne-apres-un-accident-de-travail\/#article","isPartOf":{"@id":"https:\/\/www.accidentdutravail-idf.net\/blog\/accident-du-travail-sur-un-site-seveso-de-dinard-le-gerant-condamne-apres-un-accident-de-travail\/"},"author":{"name":"Carlos Poulain","@id":"https:\/\/www.accidentdutravail-idf.net\/blog\/#\/schema\/person\/3255d2f970de45e64bd9201f38e7b947"},"headline":"Accident du travail sur un site Seveso de Dinard : le g\u00e9rant condamn\u00e9 apr\u00e8s un accident de travail","datePublished":"2024-12-18T16:00:00+00:00","mainEntityOfPage":{"@id":"https:\/\/www.accidentdutravail-idf.net\/blog\/accident-du-travail-sur-un-site-seveso-de-dinard-le-gerant-condamne-apres-un-accident-de-travail\/"},"wordCount":345,"publisher":{"@id":"https:\/\/www.accidentdutravail-idf.net\/blog\/#organization"},"image":{"@id":"https:\/\/www.accidentdutravail-idf.net\/blog\/accident-du-travail-sur-un-site-seveso-de-dinard-le-gerant-condamne-apres-un-accident-de-travail\/#primaryimage"},"thumbnailUrl":"https:\/\/www.accidentdutravail-idf.net\/blog\/wp-content\/uploads\/2024\/12\/accident-du-travail-sur-un-site-seveso-de-dinard-le-gerant-condamne-apres-un-accident-de-travail.jpg","articleSection":["S\u00e9curit\u00e9 Du Travail En Ile-De-France Et Divers:"],"inLanguage":"fr-FR"},{"@type":"WebPage","@id":"https:\/\/www.accidentdutravail-idf.net\/blog\/accident-du-travail-sur-un-site-seveso-de-dinard-le-gerant-condamne-apres-un-accident-de-travail\/","url":"https:\/\/www.accidentdutravail-idf.net\/blog\/accident-du-travail-sur-un-site-seveso-de-dinard-le-gerant-condamne-apres-un-accident-de-travail\/","name":"Accident du travail sur un site Seveso de Dinard : le g\u00e9rant condamn\u00e9 apr\u00e8s un accident de travail - ACCIDENTDUTRAVAIL-IDF","isPartOf":{"@id":"https:\/\/www.accidentdutravail-idf.net\/blog\/#website"},"primaryImageOfPage":{"@id":"https:\/\/www.accidentdutravail-idf.net\/blog\/accident-du-travail-sur-un-site-seveso-de-dinard-le-gerant-condamne-apres-un-accident-de-travail\/#primaryimage"},"image":{"@id":"https:\/\/www.accidentdutravail-idf.net\/blog\/accident-du-travail-sur-un-site-seveso-de-dinard-le-gerant-condamne-apres-un-accident-de-travail\/#primaryimage"},"thumbnailUrl":"https:\/\/www.accidentdutravail-idf.net\/blog\/wp-content\/uploads\/2024\/12\/accident-du-travail-sur-un-site-seveso-de-dinard-le-gerant-condamne-apres-un-accident-de-travail.jpg","datePublished":"2024-12-18T16:00:00+00:00","description":"Accident du travail sur un site Seveso de Dinard : le g\u00e9rant condamn\u00e9 apr\u00e8s un accident de travail article de ACCIDENTDUTRAVAIL-IDF","breadcrumb":{"@id":"https:\/\/www.accidentdutravail-idf.net\/blog\/accident-du-travail-sur-un-site-seveso-de-dinard-le-gerant-condamne-apres-un-accident-de-travail\/#breadcrumb"},"inLanguage":"fr-FR","potentialAction":[{"@type":"ReadAction","target":["https:\/\/www.accidentdutravail-idf.net\/blog\/accident-du-travail-sur-un-site-seveso-de-dinard-le-gerant-condamne-apres-un-accident-de-travail\/"]}]},{"@type":"ImageObject","inLanguage":"fr-FR","@id":"https:\/\/www.accidentdutravail-idf.net\/blog\/accident-du-travail-sur-un-site-seveso-de-dinard-le-gerant-condamne-apres-un-accident-de-travail\/#primaryimage","url":"https:\/\/www.accidentdutravail-idf.net\/blog\/wp-content\/uploads\/2024\/12\/accident-du-travail-sur-un-site-seveso-de-dinard-le-gerant-condamne-apres-un-accident-de-travail.jpg","contentUrl":"https:\/\/www.accidentdutravail-idf.net\/blog\/wp-content\/uploads\/2024\/12\/accident-du-travail-sur-un-site-seveso-de-dinard-le-gerant-condamne-apres-un-accident-de-travail.jpg"},{"@type":"BreadcrumbList","@id":"https:\/\/www.accidentdutravail-idf.net\/blog\/accident-du-travail-sur-un-site-seveso-de-dinard-le-gerant-condamne-apres-un-accident-de-travail\/#breadcrumb","itemListElement":[{"@type":"ListItem","position":1,"name":"Accueil","item":"https:\/\/www.accidentdutravail-idf.net\/blog\/"},{"@type":"ListItem","position":2,"name":"Accident du travail sur un site Seveso de Dinard : le g\u00e9rant condamn\u00e9 apr\u00e8s un accident de travail"}]},{"@type":"WebSite","@id":"https:\/\/www.accidentdutravail-idf.net\/blog\/#website","url":"https:\/\/www.accidentdutravail-idf.net\/blog\/","name":"ACCIDENTDUTRAVAIL-IDF","description":"Portail accidents du travail-maladies professionnelles des entreprises d&#039;Ile-de-France","publisher":{"@id":"https:\/\/www.accidentdutravail-idf.net\/blog\/#organization"},"potentialAction":[{"@type":"SearchAction","target":{"@type":"EntryPoint","urlTemplate":"https:\/\/www.accidentdutravail-idf.net\/blog\/?s={search_term_string}"},"query-input":{"@type":"PropertyValueSpecification","valueRequired":true,"valueName":"search_term_string"}}],"inLanguage":"fr-FR"},{"@type":"Organization","@id":"https:\/\/www.accidentdutravail-idf.net\/blog\/#organization","name":"accidentdutravail-idf","url":"https:\/\/www.accidentdutravail-idf.net\/blog\/","logo":{"@type":"ImageObject","inLanguage":"fr-FR","@id":"https:\/\/www.accidentdutravail-idf.net\/blog\/#\/schema\/logo\/image\/","url":"https:\/\/www.accidentdutravail-idf.net\/blog\/wp-content\/uploads\/2022\/09\/logo-2.png","contentUrl":"https:\/\/www.accidentdutravail-idf.net\/blog\/wp-content\/uploads\/2022\/09\/logo-2.png","width":380,"height":291,"caption":"accidentdutravail-idf"},"image":{"@id":"https:\/\/www.accidentdutravail-idf.net\/blog\/#\/schema\/logo\/image\/"}},{"@type":"Person","@id":"https:\/\/www.accidentdutravail-idf.net\/blog\/#\/schema\/person\/3255d2f970de45e64bd9201f38e7b947","name":"Carlos Poulain","image":{"@type":"ImageObject","inLanguage":"fr-FR","@id":"https:\/\/secure.gravatar.com\/avatar\/b1c2f9d3588e34e91adb093635df64ef4b2381991216be7576466cfcdca4baf3?s=96&d=mm&r=g","url":"https:\/\/secure.gravatar.com\/avatar\/b1c2f9d3588e34e91adb093635df64ef4b2381991216be7576466cfcdca4baf3?s=96&d=mm&r=g","contentUrl":"https:\/\/secure.gravatar.com\/avatar\/b1c2f9d3588e34e91adb093635df64ef4b2381991216be7576466cfcdca4baf3?s=96&d=mm&r=g","caption":"Carlos Poulain"},"url":"https:\/\/www.accidentdutravail-idf.net\/blog\/author\/idfcarlos\/"}]}},"_links":{"self":[{"href":"https:\/\/www.accidentdutravail-idf.net\/blog\/wp-json\/wp\/v2\/posts\/1113","targetHints":{"allow":["GET"]}}],"collection":[{"href":"https:\/\/www.accidentdutravail-idf.net\/blog\/wp-json\/wp\/v2\/posts"}],"about":[{"href":"https:\/\/www.accidentdutravail-idf.net\/blog\/wp-json\/wp\/v2\/types\/post"}],"author":[{"embeddable":true,"href":"https:\/\/www.accidentdutravail-idf.net\/blog\/wp-json\/wp\/v2\/users\/2"}],"replies":[{"embeddable":true,"href":"https:\/\/www.accidentdutravail-idf.net\/blog\/wp-json\/wp\/v2\/comments?post=1113"}],"version-history":[{"count":0,"href":"https:\/\/www.accidentdutravail-idf.net\/blog\/wp-json\/wp\/v2\/posts\/1113\/revisions"}],"wp:attachment":[{"href":"https:\/\/www.accidentdutravail-idf.net\/blog\/wp-json\/wp\/v2\/media?parent=1113"}],"wp:term":[{"taxonomy":"category","embeddable":true,"href":"https:\/\/www.accidentdutravail-idf.net\/blog\/wp-json\/wp\/v2\/categories?post=1113"},{"taxonomy":"post_tag","embeddable":true,"href":"https:\/\/www.accidentdutravail-idf.net\/blog\/wp-json\/wp\/v2\/tags?post=1113"}],"curies":[{"name":"wp","href":"https:\/\/api.w.org\/{rel}","templated":true}]}}