{"id":1110,"date":"2024-12-18T17:00:00","date_gmt":"2024-12-18T16:00:00","guid":{"rendered":"https:\/\/www.accidentdutravail-idf.net\/blog\/un-jeune-charpentier-chute-et-traverse-un-toit-pour-lequel-il-evaluait-des-travaux-en-lot-et-garonne\/"},"modified":"2024-12-18T17:00:00","modified_gmt":"2024-12-18T16:00:00","slug":"un-jeune-charpentier-chute-et-traverse-un-toit-pour-lequel-il-evaluait-des-travaux-en-lot-et-garonne","status":"publish","type":"post","link":"https:\/\/www.accidentdutravail-idf.net\/blog\/un-jeune-charpentier-chute-et-traverse-un-toit-pour-lequel-il-evaluait-des-travaux-en-lot-et-garonne\/","title":{"rendered":"Un jeune charpentier chute et traverse un toit pour lequel il \u00e9valuait des travaux en Lot-et-Garonne"},"content":{"rendered":"<div><img decoding=\"async\" src=\"https:\/\/www.accidentdutravail-idf.net\/blog\/wp-content\/uploads\/2024\/12\/un-jeune-charpentier-chute-et-traverse-un-toit-pour-lequel-il-evaluait-des-travaux-en-lot-et-garonne.jpg\" class=\"ff-og-image-inserted\"><\/div>\n<div class=\"ac-article-date\"> Par <strong> <a href=\"https:\/\/actu.fr\/auteur\/jeremy-colin-actu-fr\" title=\"Consulter tous les articles de Jeremy Colin\" target=\"_blank\" rel=\"nofollow\">Jeremy Colin<\/a> <\/strong> <span> Publi\u00e9 le  19 d\u00e9c. 2024 \u00e0 17h54  ; mis \u00e0 jour le 19 d\u00e9c. 2024 \u00e0 18h21 <\/span>\n<\/div>\n<p> <span class=\"ac-article-follow__link\" data-trk=\"{&quot;cta&quot;:{&quot;action&quot;:&quot;https:\\\/\\\/actu.fr\\\/mon-actu&quot;,&quot;category&quot;:&quot;mon compte&quot;,&quot;from&quot;:&quot;article header&quot;,&quot;name&quot;:&quot;Voir mon actu&quot;,&quot;type&quot;:&quot;cta&quot;}}\">Voir mon actu<\/span> <button type=\"button\" class=\"ac-btn ac-btn--mini ac-btn--blue ac-icon--star-empty\" data-follow=\"Suivre Le R\u00e9publicain Lot-et-Garonne\" data-unfollow=\"Retirer\">Suivre Le R\u00e9publicain Lot-et-Garonne<\/button>\n<\/p>\n<p><b>Un jeune homme de 21 ans<\/b> a \u00e9t\u00e9 victime ce jeudi 19 d\u00e9cembre 2024 d\u2019un <b>grave accident du travail<\/b>, dans une carrosserie situ\u00e9e sur la commune de Fauillet, \u00e0 c\u00f4t\u00e9 de Tonneins, <a href=\"https:\/\/actu.fr\/le-republicain-lot-et-garonne\/\" target=\"_blank\" rel=\"nofollow\">en Lot-et-Garonne.<\/a><\/p>\n<p class=\" wall-content\"><a href=\"https:\/\/actu.fr\/le-republicain-lot-et-garonne\/faits-divers\" target=\"_blank\" rel=\"nofollow\">L\u2019accident\u00e9<\/a> est <b>un charpentier<\/b> travaillant pour une entreprise du Marmandais. Il se serait rendu chez la carrosserie pour y \u00e9valuer <a href=\"https:\/\/actu.fr\/tag\/artisanat\" target=\"_blank\" rel=\"nofollow\">des travaux<\/a> devant \u00eatre faits <b>sur la toiture de l\u2019enseigne<\/b>.<\/p>\n<h2 class=\" wall-content\">Le toit s\u2019effondre sous le poids du charpentier<\/h2>\n<p class=\" wall-content\"><b>Le toit se serait alors effondr\u00e9<\/b> sous le poids de l\u2019ouvrier, faisant alors une chute de sept m\u00e8tres de haut.<\/p>\n<div class=\"ac-article-to-read wall-content\">\n<p>\u00c0 lire aussi<\/p>\n<\/div>\n<p class=\" wall-content\">Gravement bless\u00e9, il a \u00e9t\u00e9 pris en charge par <a href=\"https:\/\/actu.fr\/tag\/pompiers\" target=\"_blank\" rel=\"nofollow\">les sapeurs-pompiers<\/a>, il souffrirait d\u2019une luxation de l\u2019\u00e9paule et de <b>fractures aux vert\u00e8bres<\/b>. Dans un premier temps \u00e9vacu\u00e9 vers l\u2019h\u00f4pital de Marmande, il a ensuite \u00e9t\u00e9 <b>transport\u00e9 m\u00e9dicalis\u00e9 vers l\u2019h\u00f4pital de Bordeaux<\/b>, au regard de ses blessures.<\/p>\n<p class=\" wall-content\"><i>Suivez toute l\u2019actualit\u00e9 de vos villes et m\u00e9dias favoris en vous inscrivant \u00e0 <a href=\"https:\/\/moncompte.actu.fr\" title=\"D\u00e9couvez Mon Actu\" rel=\"nofollow\" data-trk=\"{&quot;cta&quot;:{&quot;action&quot;:&quot;https:\\\/\\\/moncompte.actu.fr&quot;,&quot;category&quot;:&quot;mon compte&quot;,&quot;from&quot;:&quot;article footer&quot;,&quot;name&quot;:&quot;Mon actu&quot;,&quot;type&quot;:&quot;cta&quot;}}\" target=\"_blank\">Mon Actu<\/a>.<\/i><\/p>\n<p> accidentdutravail-idf.net vous a pr\u00e9par\u00e9 ce post qui informe du sujet \u00ab\u00a0Association Sportive Huisson-Longueville Essonne\u00a0\u00bb. La chronique se veut g\u00e9n\u00e9r\u00e9e du mieux possible. Vous pouvez utiliser les coordonn\u00e9es indiqu\u00e9es sur le site dans le but d\u2019apporter des explications sur ce post qui parle du th\u00e8me \u00ab\u00a0Association Sportive Huisson-Longueville Essonne\u00a0\u00bb. Le site accidentdutravail-idf.net a pour but de fournir diverses publications sur la th\u00e9matique Association Sportive Huisson-Longueville Essonne diffus\u00e9es sur le net. Il y aura plusieurs articles autour du sujet \u00ab\u00a0Association Sportive Huisson-Longueville Essonne\u00a0\u00bb dans quelques jours, nous vous invitons \u00e0 naviguer sur notre site web \u00e0 plusieurs reprises.<\/p>\n","protected":false},"excerpt":{"rendered":"<p>Par Jeremy Colin Publi\u00e9 le 19 d\u00e9c. 2024 \u00e0 17h54 ; mis \u00e0 jour le 19 d\u00e9c. 2024 \u00e0 18h21 Voir mon actu Suivre Le R\u00e9publicain Lot-et-Garonne Un jeune homme de 21 ans a \u00e9t\u00e9 victime ce jeudi 19 d\u00e9cembre 2024 d\u2019un grave accident du travail, dans une carrosserie situ\u00e9e sur la commune de Fauillet, &hellip; <\/p>\n<p class=\"link-more\"><a href=\"https:\/\/www.accidentdutravail-idf.net\/blog\/un-jeune-charpentier-chute-et-traverse-un-toit-pour-lequel-il-evaluait-des-travaux-en-lot-et-garonne\/\" class=\"more-link\">Continuer la lecture <span class=\"screen-reader-text\"> \u00ab\u00a0Un jeune charpentier chute et traverse un toit pour lequel il \u00e9valuait des travaux en Lot-et-Garonne\u00a0\u00bb<\/span><\/a><\/p>\n","protected":false},"author":2,"featured_media":0,"comment_status":"closed","ping_status":"closed","sticky":false,"template":"","format":"standard","meta":{"footnotes":""},"categories":[5],"tags":[],"class_list":["post-1110","post","type-post","status-publish","format-standard","hentry","category-securite-du-travail-en-ile-de-france-et-divers","entry"],"yoast_head":"<!-- This site is optimized with the Yoast SEO plugin v27.5 - https:\/\/yoast.com\/product\/yoast-seo-wordpress\/ -->\n<title>Un jeune charpentier chute et traverse un toit pour lequel il \u00e9valuait des travaux en Lot-et-Garonne - ACCIDENTDUTRAVAIL-IDF<\/title>\n<meta name=\"description\" content=\"Un jeune charpentier chute et traverse un toit pour lequel il \u00e9valuait des travaux en Lot-et-Garonne article de ACCIDENTDUTRAVAIL-IDF\" \/>\n<meta name=\"robots\" content=\"index, follow, max-snippet:-1, max-image-preview:large, max-video-preview:-1\" \/>\n<link rel=\"canonical\" href=\"https:\/\/www.accidentdutravail-idf.net\/blog\/un-jeune-charpentier-chute-et-traverse-un-toit-pour-lequel-il-evaluait-des-travaux-en-lot-et-garonne\/\" \/>\n<meta property=\"og:locale\" content=\"fr_FR\" \/>\n<meta property=\"og:type\" content=\"article\" \/>\n<meta property=\"og:title\" content=\"Un jeune charpentier chute et traverse un toit pour lequel il \u00e9valuait des travaux en Lot-et-Garonne - ACCIDENTDUTRAVAIL-IDF\" \/>\n<meta property=\"og:description\" content=\"Un jeune charpentier chute et traverse un toit pour lequel il \u00e9valuait des travaux en Lot-et-Garonne article de ACCIDENTDUTRAVAIL-IDF\" \/>\n<meta property=\"og:url\" content=\"https:\/\/www.accidentdutravail-idf.net\/blog\/un-jeune-charpentier-chute-et-traverse-un-toit-pour-lequel-il-evaluait-des-travaux-en-lot-et-garonne\/\" \/>\n<meta property=\"og:site_name\" content=\"ACCIDENTDUTRAVAIL-IDF\" \/>\n<meta property=\"article:published_time\" content=\"2024-12-18T16:00:00+00:00\" \/>\n<meta property=\"og:image\" content=\"https:\/\/www.accidentdutravail-idf.net\/blog\/wp-content\/uploads\/2024\/12\/un-jeune-charpentier-chute-et-traverse-un-toit-pour-lequel-il-evaluait-des-travaux-en-lot-et-garonne.jpg\" \/>\n<meta name=\"author\" content=\"Carlos Poulain\" \/>\n<meta name=\"twitter:card\" content=\"summary_large_image\" \/>\n<meta name=\"twitter:label1\" content=\"\u00c9crit par\" \/>\n\t<meta name=\"twitter:data1\" content=\"Carlos Poulain\" \/>\n\t<meta name=\"twitter:label2\" content=\"Dur\u00e9e de lecture estim\u00e9e\" \/>\n\t<meta name=\"twitter:data2\" content=\"1 minute\" \/>\n<script type=\"application\/ld+json\" class=\"yoast-schema-graph\">{\"@context\":\"https:\\\/\\\/schema.org\",\"@graph\":[{\"@type\":\"Article\",\"@id\":\"https:\\\/\\\/www.accidentdutravail-idf.net\\\/blog\\\/un-jeune-charpentier-chute-et-traverse-un-toit-pour-lequel-il-evaluait-des-travaux-en-lot-et-garonne\\\/#article\",\"isPartOf\":{\"@id\":\"https:\\\/\\\/www.accidentdutravail-idf.net\\\/blog\\\/un-jeune-charpentier-chute-et-traverse-un-toit-pour-lequel-il-evaluait-des-travaux-en-lot-et-garonne\\\/\"},\"author\":{\"name\":\"Carlos Poulain\",\"@id\":\"https:\\\/\\\/www.accidentdutravail-idf.net\\\/blog\\\/#\\\/schema\\\/person\\\/3255d2f970de45e64bd9201f38e7b947\"},\"headline\":\"Un jeune charpentier chute et traverse un toit pour lequel il \u00e9valuait des travaux en Lot-et-Garonne\",\"datePublished\":\"2024-12-18T16:00:00+00:00\",\"mainEntityOfPage\":{\"@id\":\"https:\\\/\\\/www.accidentdutravail-idf.net\\\/blog\\\/un-jeune-charpentier-chute-et-traverse-un-toit-pour-lequel-il-evaluait-des-travaux-en-lot-et-garonne\\\/\"},\"wordCount\":313,\"publisher\":{\"@id\":\"https:\\\/\\\/www.accidentdutravail-idf.net\\\/blog\\\/#organization\"},\"image\":{\"@id\":\"https:\\\/\\\/www.accidentdutravail-idf.net\\\/blog\\\/un-jeune-charpentier-chute-et-traverse-un-toit-pour-lequel-il-evaluait-des-travaux-en-lot-et-garonne\\\/#primaryimage\"},\"thumbnailUrl\":\"https:\\\/\\\/www.accidentdutravail-idf.net\\\/blog\\\/wp-content\\\/uploads\\\/2024\\\/12\\\/un-jeune-charpentier-chute-et-traverse-un-toit-pour-lequel-il-evaluait-des-travaux-en-lot-et-garonne.jpg\",\"articleSection\":[\"S\u00e9curit\u00e9 Du Travail En Ile-De-France Et Divers:\"],\"inLanguage\":\"fr-FR\"},{\"@type\":\"WebPage\",\"@id\":\"https:\\\/\\\/www.accidentdutravail-idf.net\\\/blog\\\/un-jeune-charpentier-chute-et-traverse-un-toit-pour-lequel-il-evaluait-des-travaux-en-lot-et-garonne\\\/\",\"url\":\"https:\\\/\\\/www.accidentdutravail-idf.net\\\/blog\\\/un-jeune-charpentier-chute-et-traverse-un-toit-pour-lequel-il-evaluait-des-travaux-en-lot-et-garonne\\\/\",\"name\":\"Un jeune charpentier chute et traverse un toit pour lequel il \u00e9valuait des travaux en Lot-et-Garonne - ACCIDENTDUTRAVAIL-IDF\",\"isPartOf\":{\"@id\":\"https:\\\/\\\/www.accidentdutravail-idf.net\\\/blog\\\/#website\"},\"primaryImageOfPage\":{\"@id\":\"https:\\\/\\\/www.accidentdutravail-idf.net\\\/blog\\\/un-jeune-charpentier-chute-et-traverse-un-toit-pour-lequel-il-evaluait-des-travaux-en-lot-et-garonne\\\/#primaryimage\"},\"image\":{\"@id\":\"https:\\\/\\\/www.accidentdutravail-idf.net\\\/blog\\\/un-jeune-charpentier-chute-et-traverse-un-toit-pour-lequel-il-evaluait-des-travaux-en-lot-et-garonne\\\/#primaryimage\"},\"thumbnailUrl\":\"https:\\\/\\\/www.accidentdutravail-idf.net\\\/blog\\\/wp-content\\\/uploads\\\/2024\\\/12\\\/un-jeune-charpentier-chute-et-traverse-un-toit-pour-lequel-il-evaluait-des-travaux-en-lot-et-garonne.jpg\",\"datePublished\":\"2024-12-18T16:00:00+00:00\",\"description\":\"Un jeune charpentier chute et traverse un toit pour lequel il \u00e9valuait des travaux en Lot-et-Garonne article de ACCIDENTDUTRAVAIL-IDF\",\"breadcrumb\":{\"@id\":\"https:\\\/\\\/www.accidentdutravail-idf.net\\\/blog\\\/un-jeune-charpentier-chute-et-traverse-un-toit-pour-lequel-il-evaluait-des-travaux-en-lot-et-garonne\\\/#breadcrumb\"},\"inLanguage\":\"fr-FR\",\"potentialAction\":[{\"@type\":\"ReadAction\",\"target\":[\"https:\\\/\\\/www.accidentdutravail-idf.net\\\/blog\\\/un-jeune-charpentier-chute-et-traverse-un-toit-pour-lequel-il-evaluait-des-travaux-en-lot-et-garonne\\\/\"]}]},{\"@type\":\"ImageObject\",\"inLanguage\":\"fr-FR\",\"@id\":\"https:\\\/\\\/www.accidentdutravail-idf.net\\\/blog\\\/un-jeune-charpentier-chute-et-traverse-un-toit-pour-lequel-il-evaluait-des-travaux-en-lot-et-garonne\\\/#primaryimage\",\"url\":\"https:\\\/\\\/www.accidentdutravail-idf.net\\\/blog\\\/wp-content\\\/uploads\\\/2024\\\/12\\\/un-jeune-charpentier-chute-et-traverse-un-toit-pour-lequel-il-evaluait-des-travaux-en-lot-et-garonne.jpg\",\"contentUrl\":\"https:\\\/\\\/www.accidentdutravail-idf.net\\\/blog\\\/wp-content\\\/uploads\\\/2024\\\/12\\\/un-jeune-charpentier-chute-et-traverse-un-toit-pour-lequel-il-evaluait-des-travaux-en-lot-et-garonne.jpg\"},{\"@type\":\"BreadcrumbList\",\"@id\":\"https:\\\/\\\/www.accidentdutravail-idf.net\\\/blog\\\/un-jeune-charpentier-chute-et-traverse-un-toit-pour-lequel-il-evaluait-des-travaux-en-lot-et-garonne\\\/#breadcrumb\",\"itemListElement\":[{\"@type\":\"ListItem\",\"position\":1,\"name\":\"Accueil\",\"item\":\"https:\\\/\\\/www.accidentdutravail-idf.net\\\/blog\\\/\"},{\"@type\":\"ListItem\",\"position\":2,\"name\":\"Un jeune charpentier chute et traverse un toit pour lequel il \u00e9valuait des travaux en Lot-et-Garonne\"}]},{\"@type\":\"WebSite\",\"@id\":\"https:\\\/\\\/www.accidentdutravail-idf.net\\\/blog\\\/#website\",\"url\":\"https:\\\/\\\/www.accidentdutravail-idf.net\\\/blog\\\/\",\"name\":\"ACCIDENTDUTRAVAIL-IDF\",\"description\":\"Portail accidents du travail-maladies professionnelles des entreprises d&#039;Ile-de-France\",\"publisher\":{\"@id\":\"https:\\\/\\\/www.accidentdutravail-idf.net\\\/blog\\\/#organization\"},\"potentialAction\":[{\"@type\":\"SearchAction\",\"target\":{\"@type\":\"EntryPoint\",\"urlTemplate\":\"https:\\\/\\\/www.accidentdutravail-idf.net\\\/blog\\\/?s={search_term_string}\"},\"query-input\":{\"@type\":\"PropertyValueSpecification\",\"valueRequired\":true,\"valueName\":\"search_term_string\"}}],\"inLanguage\":\"fr-FR\"},{\"@type\":\"Organization\",\"@id\":\"https:\\\/\\\/www.accidentdutravail-idf.net\\\/blog\\\/#organization\",\"name\":\"accidentdutravail-idf\",\"url\":\"https:\\\/\\\/www.accidentdutravail-idf.net\\\/blog\\\/\",\"logo\":{\"@type\":\"ImageObject\",\"inLanguage\":\"fr-FR\",\"@id\":\"https:\\\/\\\/www.accidentdutravail-idf.net\\\/blog\\\/#\\\/schema\\\/logo\\\/image\\\/\",\"url\":\"https:\\\/\\\/www.accidentdutravail-idf.net\\\/blog\\\/wp-content\\\/uploads\\\/2022\\\/09\\\/logo-2.png\",\"contentUrl\":\"https:\\\/\\\/www.accidentdutravail-idf.net\\\/blog\\\/wp-content\\\/uploads\\\/2022\\\/09\\\/logo-2.png\",\"width\":380,\"height\":291,\"caption\":\"accidentdutravail-idf\"},\"image\":{\"@id\":\"https:\\\/\\\/www.accidentdutravail-idf.net\\\/blog\\\/#\\\/schema\\\/logo\\\/image\\\/\"}},{\"@type\":\"Person\",\"@id\":\"https:\\\/\\\/www.accidentdutravail-idf.net\\\/blog\\\/#\\\/schema\\\/person\\\/3255d2f970de45e64bd9201f38e7b947\",\"name\":\"Carlos Poulain\",\"image\":{\"@type\":\"ImageObject\",\"inLanguage\":\"fr-FR\",\"@id\":\"https:\\\/\\\/secure.gravatar.com\\\/avatar\\\/b1c2f9d3588e34e91adb093635df64ef4b2381991216be7576466cfcdca4baf3?s=96&d=mm&r=g\",\"url\":\"https:\\\/\\\/secure.gravatar.com\\\/avatar\\\/b1c2f9d3588e34e91adb093635df64ef4b2381991216be7576466cfcdca4baf3?s=96&d=mm&r=g\",\"contentUrl\":\"https:\\\/\\\/secure.gravatar.com\\\/avatar\\\/b1c2f9d3588e34e91adb093635df64ef4b2381991216be7576466cfcdca4baf3?s=96&d=mm&r=g\",\"caption\":\"Carlos Poulain\"},\"url\":\"https:\\\/\\\/www.accidentdutravail-idf.net\\\/blog\\\/author\\\/idfcarlos\\\/\"}]}<\/script>\n<!-- \/ Yoast SEO plugin. -->","yoast_head_json":{"title":"Un jeune charpentier chute et traverse un toit pour lequel il \u00e9valuait des travaux en Lot-et-Garonne - ACCIDENTDUTRAVAIL-IDF","description":"Un jeune charpentier chute et traverse un toit pour lequel il \u00e9valuait des travaux en Lot-et-Garonne article de ACCIDENTDUTRAVAIL-IDF","robots":{"index":"index","follow":"follow","max-snippet":"max-snippet:-1","max-image-preview":"max-image-preview:large","max-video-preview":"max-video-preview:-1"},"canonical":"https:\/\/www.accidentdutravail-idf.net\/blog\/un-jeune-charpentier-chute-et-traverse-un-toit-pour-lequel-il-evaluait-des-travaux-en-lot-et-garonne\/","og_locale":"fr_FR","og_type":"article","og_title":"Un jeune charpentier chute et traverse un toit pour lequel il \u00e9valuait des travaux en Lot-et-Garonne - ACCIDENTDUTRAVAIL-IDF","og_description":"Un jeune charpentier chute et traverse un toit pour lequel il \u00e9valuait des travaux en Lot-et-Garonne article de ACCIDENTDUTRAVAIL-IDF","og_url":"https:\/\/www.accidentdutravail-idf.net\/blog\/un-jeune-charpentier-chute-et-traverse-un-toit-pour-lequel-il-evaluait-des-travaux-en-lot-et-garonne\/","og_site_name":"ACCIDENTDUTRAVAIL-IDF","article_published_time":"2024-12-18T16:00:00+00:00","og_image":[{"url":"https:\/\/www.accidentdutravail-idf.net\/blog\/wp-content\/uploads\/2024\/12\/un-jeune-charpentier-chute-et-traverse-un-toit-pour-lequel-il-evaluait-des-travaux-en-lot-et-garonne.jpg","type":"","width":"","height":""}],"author":"Carlos Poulain","twitter_card":"summary_large_image","twitter_misc":{"\u00c9crit par":"Carlos Poulain","Dur\u00e9e de lecture estim\u00e9e":"1 minute"},"schema":{"@context":"https:\/\/schema.org","@graph":[{"@type":"Article","@id":"https:\/\/www.accidentdutravail-idf.net\/blog\/un-jeune-charpentier-chute-et-traverse-un-toit-pour-lequel-il-evaluait-des-travaux-en-lot-et-garonne\/#article","isPartOf":{"@id":"https:\/\/www.accidentdutravail-idf.net\/blog\/un-jeune-charpentier-chute-et-traverse-un-toit-pour-lequel-il-evaluait-des-travaux-en-lot-et-garonne\/"},"author":{"name":"Carlos Poulain","@id":"https:\/\/www.accidentdutravail-idf.net\/blog\/#\/schema\/person\/3255d2f970de45e64bd9201f38e7b947"},"headline":"Un jeune charpentier chute et traverse un toit pour lequel il \u00e9valuait des travaux en Lot-et-Garonne","datePublished":"2024-12-18T16:00:00+00:00","mainEntityOfPage":{"@id":"https:\/\/www.accidentdutravail-idf.net\/blog\/un-jeune-charpentier-chute-et-traverse-un-toit-pour-lequel-il-evaluait-des-travaux-en-lot-et-garonne\/"},"wordCount":313,"publisher":{"@id":"https:\/\/www.accidentdutravail-idf.net\/blog\/#organization"},"image":{"@id":"https:\/\/www.accidentdutravail-idf.net\/blog\/un-jeune-charpentier-chute-et-traverse-un-toit-pour-lequel-il-evaluait-des-travaux-en-lot-et-garonne\/#primaryimage"},"thumbnailUrl":"https:\/\/www.accidentdutravail-idf.net\/blog\/wp-content\/uploads\/2024\/12\/un-jeune-charpentier-chute-et-traverse-un-toit-pour-lequel-il-evaluait-des-travaux-en-lot-et-garonne.jpg","articleSection":["S\u00e9curit\u00e9 Du Travail En Ile-De-France Et Divers:"],"inLanguage":"fr-FR"},{"@type":"WebPage","@id":"https:\/\/www.accidentdutravail-idf.net\/blog\/un-jeune-charpentier-chute-et-traverse-un-toit-pour-lequel-il-evaluait-des-travaux-en-lot-et-garonne\/","url":"https:\/\/www.accidentdutravail-idf.net\/blog\/un-jeune-charpentier-chute-et-traverse-un-toit-pour-lequel-il-evaluait-des-travaux-en-lot-et-garonne\/","name":"Un jeune charpentier chute et traverse un toit pour lequel il \u00e9valuait des travaux en Lot-et-Garonne - ACCIDENTDUTRAVAIL-IDF","isPartOf":{"@id":"https:\/\/www.accidentdutravail-idf.net\/blog\/#website"},"primaryImageOfPage":{"@id":"https:\/\/www.accidentdutravail-idf.net\/blog\/un-jeune-charpentier-chute-et-traverse-un-toit-pour-lequel-il-evaluait-des-travaux-en-lot-et-garonne\/#primaryimage"},"image":{"@id":"https:\/\/www.accidentdutravail-idf.net\/blog\/un-jeune-charpentier-chute-et-traverse-un-toit-pour-lequel-il-evaluait-des-travaux-en-lot-et-garonne\/#primaryimage"},"thumbnailUrl":"https:\/\/www.accidentdutravail-idf.net\/blog\/wp-content\/uploads\/2024\/12\/un-jeune-charpentier-chute-et-traverse-un-toit-pour-lequel-il-evaluait-des-travaux-en-lot-et-garonne.jpg","datePublished":"2024-12-18T16:00:00+00:00","description":"Un jeune charpentier chute et traverse un toit pour lequel il \u00e9valuait des travaux en Lot-et-Garonne article de ACCIDENTDUTRAVAIL-IDF","breadcrumb":{"@id":"https:\/\/www.accidentdutravail-idf.net\/blog\/un-jeune-charpentier-chute-et-traverse-un-toit-pour-lequel-il-evaluait-des-travaux-en-lot-et-garonne\/#breadcrumb"},"inLanguage":"fr-FR","potentialAction":[{"@type":"ReadAction","target":["https:\/\/www.accidentdutravail-idf.net\/blog\/un-jeune-charpentier-chute-et-traverse-un-toit-pour-lequel-il-evaluait-des-travaux-en-lot-et-garonne\/"]}]},{"@type":"ImageObject","inLanguage":"fr-FR","@id":"https:\/\/www.accidentdutravail-idf.net\/blog\/un-jeune-charpentier-chute-et-traverse-un-toit-pour-lequel-il-evaluait-des-travaux-en-lot-et-garonne\/#primaryimage","url":"https:\/\/www.accidentdutravail-idf.net\/blog\/wp-content\/uploads\/2024\/12\/un-jeune-charpentier-chute-et-traverse-un-toit-pour-lequel-il-evaluait-des-travaux-en-lot-et-garonne.jpg","contentUrl":"https:\/\/www.accidentdutravail-idf.net\/blog\/wp-content\/uploads\/2024\/12\/un-jeune-charpentier-chute-et-traverse-un-toit-pour-lequel-il-evaluait-des-travaux-en-lot-et-garonne.jpg"},{"@type":"BreadcrumbList","@id":"https:\/\/www.accidentdutravail-idf.net\/blog\/un-jeune-charpentier-chute-et-traverse-un-toit-pour-lequel-il-evaluait-des-travaux-en-lot-et-garonne\/#breadcrumb","itemListElement":[{"@type":"ListItem","position":1,"name":"Accueil","item":"https:\/\/www.accidentdutravail-idf.net\/blog\/"},{"@type":"ListItem","position":2,"name":"Un jeune charpentier chute et traverse un toit pour lequel il \u00e9valuait des travaux en Lot-et-Garonne"}]},{"@type":"WebSite","@id":"https:\/\/www.accidentdutravail-idf.net\/blog\/#website","url":"https:\/\/www.accidentdutravail-idf.net\/blog\/","name":"ACCIDENTDUTRAVAIL-IDF","description":"Portail accidents du travail-maladies professionnelles des entreprises d&#039;Ile-de-France","publisher":{"@id":"https:\/\/www.accidentdutravail-idf.net\/blog\/#organization"},"potentialAction":[{"@type":"SearchAction","target":{"@type":"EntryPoint","urlTemplate":"https:\/\/www.accidentdutravail-idf.net\/blog\/?s={search_term_string}"},"query-input":{"@type":"PropertyValueSpecification","valueRequired":true,"valueName":"search_term_string"}}],"inLanguage":"fr-FR"},{"@type":"Organization","@id":"https:\/\/www.accidentdutravail-idf.net\/blog\/#organization","name":"accidentdutravail-idf","url":"https:\/\/www.accidentdutravail-idf.net\/blog\/","logo":{"@type":"ImageObject","inLanguage":"fr-FR","@id":"https:\/\/www.accidentdutravail-idf.net\/blog\/#\/schema\/logo\/image\/","url":"https:\/\/www.accidentdutravail-idf.net\/blog\/wp-content\/uploads\/2022\/09\/logo-2.png","contentUrl":"https:\/\/www.accidentdutravail-idf.net\/blog\/wp-content\/uploads\/2022\/09\/logo-2.png","width":380,"height":291,"caption":"accidentdutravail-idf"},"image":{"@id":"https:\/\/www.accidentdutravail-idf.net\/blog\/#\/schema\/logo\/image\/"}},{"@type":"Person","@id":"https:\/\/www.accidentdutravail-idf.net\/blog\/#\/schema\/person\/3255d2f970de45e64bd9201f38e7b947","name":"Carlos Poulain","image":{"@type":"ImageObject","inLanguage":"fr-FR","@id":"https:\/\/secure.gravatar.com\/avatar\/b1c2f9d3588e34e91adb093635df64ef4b2381991216be7576466cfcdca4baf3?s=96&d=mm&r=g","url":"https:\/\/secure.gravatar.com\/avatar\/b1c2f9d3588e34e91adb093635df64ef4b2381991216be7576466cfcdca4baf3?s=96&d=mm&r=g","contentUrl":"https:\/\/secure.gravatar.com\/avatar\/b1c2f9d3588e34e91adb093635df64ef4b2381991216be7576466cfcdca4baf3?s=96&d=mm&r=g","caption":"Carlos Poulain"},"url":"https:\/\/www.accidentdutravail-idf.net\/blog\/author\/idfcarlos\/"}]}},"_links":{"self":[{"href":"https:\/\/www.accidentdutravail-idf.net\/blog\/wp-json\/wp\/v2\/posts\/1110","targetHints":{"allow":["GET"]}}],"collection":[{"href":"https:\/\/www.accidentdutravail-idf.net\/blog\/wp-json\/wp\/v2\/posts"}],"about":[{"href":"https:\/\/www.accidentdutravail-idf.net\/blog\/wp-json\/wp\/v2\/types\/post"}],"author":[{"embeddable":true,"href":"https:\/\/www.accidentdutravail-idf.net\/blog\/wp-json\/wp\/v2\/users\/2"}],"replies":[{"embeddable":true,"href":"https:\/\/www.accidentdutravail-idf.net\/blog\/wp-json\/wp\/v2\/comments?post=1110"}],"version-history":[{"count":0,"href":"https:\/\/www.accidentdutravail-idf.net\/blog\/wp-json\/wp\/v2\/posts\/1110\/revisions"}],"wp:attachment":[{"href":"https:\/\/www.accidentdutravail-idf.net\/blog\/wp-json\/wp\/v2\/media?parent=1110"}],"wp:term":[{"taxonomy":"category","embeddable":true,"href":"https:\/\/www.accidentdutravail-idf.net\/blog\/wp-json\/wp\/v2\/categories?post=1110"},{"taxonomy":"post_tag","embeddable":true,"href":"https:\/\/www.accidentdutravail-idf.net\/blog\/wp-json\/wp\/v2\/tags?post=1110"}],"curies":[{"name":"wp","href":"https:\/\/api.w.org\/{rel}","templated":true}]}}