{"id":1103,"date":"2024-12-18T08:59:00","date_gmt":"2024-12-18T07:59:00","guid":{"rendered":"https:\/\/www.accidentdutravail-idf.net\/blog\/malaises-mortels-au-travail-linrs-appelle-a-la-vigilance-sur-les-facteurs-de-risque-cardiovasculaire\/"},"modified":"2024-12-18T08:59:00","modified_gmt":"2024-12-18T07:59:00","slug":"malaises-mortels-au-travail-linrs-appelle-a-la-vigilance-sur-les-facteurs-de-risque-cardiovasculaire","status":"publish","type":"post","link":"https:\/\/www.accidentdutravail-idf.net\/blog\/malaises-mortels-au-travail-linrs-appelle-a-la-vigilance-sur-les-facteurs-de-risque-cardiovasculaire\/","title":{"rendered":"Malaises mortels au travail : l\u2019INRS appelle \u00e0 la vigilance sur les facteurs de risque cardiovasculaire"},"content":{"rendered":"<div><img decoding=\"async\" src=\"https:\/\/www.accidentdutravail-idf.net\/blog\/wp-content\/uploads\/2024\/12\/malaises-mortels-au-travail-linrs-appelle-a-la-vigilance-sur-les-facteurs-de-risque-cardiovasculaire.jpg\" class=\"ff-og-image-inserted\"><\/div>\n<p class=\"component:body\">En 2021, plus de la moiti\u00e9 (56&nbsp;%) des accidents du travail mortels dans les entreprises relevant du r\u00e9gime g\u00e9n\u00e9ral, \u00e9tait des malaises sans cause externe identifi\u00e9e. Pour mieux comprendre le ph\u00e9nom\u00e8ne, l\u2019Institut national de recherche et de s\u00e9curit\u00e9 (INRS) pour la pr\u00e9vention des accidents du travail et des maladies professionnelles a r\u00e9alis\u00e9 une analyse qualitative des malaises mortels au travail survenus entre 2012&nbsp;et 2022&nbsp;renseign\u00e9s dans la base nationale Epicea (pour \u00e9tude de pr\u00e9vention par l\u2019informatisation des comptes rendus d\u2019accidents).<\/p>\n<p class=\"component:body\">Cette base, qui regroupe des donn\u00e9es des services pr\u00e9vention des caisses r\u00e9gionales de l\u2019Assurance-maladie, recense actuellement plus de 26&nbsp;000&nbsp;accidents du travail graves, mortels ou particuli\u00e8rement int\u00e9ressants pour la pr\u00e9vention, d\u00e9crits au moyen de 81&nbsp;variables ainsi que d\u2019un r\u00e9cit. Pour l\u2019INRS, de telles donn\u00e9es sont n\u00e9cessaires pour <i class>\u00ab&nbsp;une meilleure pr\u00e9vention de ces malaises mortels en entreprise&nbsp;\u00bb.<\/i><span class> <\/span><i class>\u00ab&nbsp;Cette m\u00e9thode permet d\u2019agir pour am\u00e9liorer la culture de pr\u00e9vention et ses diff\u00e9rentes composantes en milieu professionnel&nbsp;\u00bb<\/i>, pr\u00e9cise le Dr_Philippe Hache, expert d\u2019assistance m\u00e9dicale \u00e0 l\u2019INRS, et co-auteur de l\u2019\u00e9tude.<\/p>\n<h2 class=\"component:crosshead\">Une majorit\u00e9 vraisemblable d\u2019infarctus du myocarde<\/h2>\n<p class=\"component:body\">Les chercheurs ont suivi 25&nbsp;variables (entreprise, victimes, accidents\u2026) et cibl\u00e9 les dossiers contenant les termes \u00ab&nbsp;malaise&nbsp;\u00bb et degr\u00e9 de gravit\u00e9 \u00ab&nbsp;mortel&nbsp;\u00bb. Ainsi, sur les 1&nbsp;403&nbsp;accidents fatals recens\u00e9s entre 2012&nbsp;et 2022, 143&nbsp;s\u2019av\u00e8rent \u00eatre des malaises mortels, soit 4&nbsp;\u00e0 18&nbsp;par an.<\/p>\n<p class=\"component:body\">Ces cas de malaises mortels concernent \u00e0 93&nbsp;% des hommes, l\u2019\u00e2ge m\u00e9dian de survenue du d\u00e9c\u00e8s est de 51&nbsp;ans (les 40-59&nbsp;ans sont les plus touch\u00e9s). Les trois corps de m\u00e9tiers les plus repr\u00e9sent\u00e9s sont les conducteurs de poids lourds et de camions (pr\u00e8s de 18,2&nbsp;% des cas), les professionnels qualifi\u00e9s du b\u00e2timent (5,6&nbsp;%), et les \u00e9lectriciens du b\u00e2timent et assimil\u00e9s (2,8&nbsp;%). L\u2019activit\u00e9 du travailleur est d\u00e9crite comme habituelle dans 82&nbsp;% des cas, le salari\u00e9 \u00e9tait en CDI dans 69,2&nbsp;% des cas, et pour trois cas sur quatre la victime se trouvait seule au moment du malaise mortel (60,1&nbsp;%). La majorit\u00e9 des malaises mortels sont survenus entre 7&nbsp;et 19&nbsp;heures, surtout en matin\u00e9e.<\/p>\n<p class=\"component:body\">\u00c0 partir des r\u00e9cits, les auteurs ont identifi\u00e9 l\u2019infarctus du myocarde comme cause principale vraisemblable de ces malaises mortels. Et de souligner que les salari\u00e9s peuvent \u00eatre expos\u00e9s \u00e0 de nombreux facteurs de risque cardiovasculaire (risques psychosociaux, horaires, postures s\u00e9dentaires, produits chimiques\u2026).<\/p>\n<h2 class=\"component:crosshead\">Renforcer la culture de la pr\u00e9vention<\/h2>\n<p class=\"component:body\">Face \u00e0 ces r\u00e9sultats, l\u2019INRS rappelle l\u2019importance de renforcer la culture de la pr\u00e9vention au sein de l\u2019entreprise et propose trois pistes d\u2019actions. Premi\u00e8rement, il invite \u00e0 agir sur les facteurs de risque professionnel associ\u00e9s aux maladies coronariennes en les \u00e9valuant et en faisant de la pr\u00e9vention. Puis il pr\u00f4ne une meilleure organisation des secours dans l\u2019entreprise en sensibilisant aux gestes de premier secours, en formant des sauveteurs secouristes, et en se dotant de mat\u00e9riel ad hoc. Enfin, il insiste sur l\u2019importance du suivi individuel de l\u2019\u00e9tat de sant\u00e9 des travailleurs \u00e0 travers les visites m\u00e9dicales, en mettant l\u2019accent sur le risque cardiovasculaire des salari\u00e9s.<\/p>\n<p>accidentdutravail-idf.net vous a pr\u00e9par\u00e9 ce post qui informe du sujet \u00ab\u00a0Association Sportive Huisson-Longueville Essonne\u00a0\u00bb. La chronique se veut g\u00e9n\u00e9r\u00e9e du mieux possible. Vous pouvez utiliser les coordonn\u00e9es indiqu\u00e9es sur le site dans le but d\u2019apporter des explications sur ce post qui parle du th\u00e8me \u00ab\u00a0Association Sportive Huisson-Longueville Essonne\u00a0\u00bb. Le site accidentdutravail-idf.net a pour but de fournir diverses publications sur la th\u00e9matique Association Sportive Huisson-Longueville Essonne diffus\u00e9es sur le net. Il y aura plusieurs articles autour du sujet \u00ab\u00a0Association Sportive Huisson-Longueville Essonne\u00a0\u00bb dans quelques jours, nous vous invitons \u00e0 naviguer sur notre site web \u00e0 plusieurs reprises.<\/p>\n","protected":false},"excerpt":{"rendered":"<p>En 2021, plus de la moiti\u00e9 (56&nbsp;%) des accidents du travail mortels dans les entreprises relevant du r\u00e9gime g\u00e9n\u00e9ral, \u00e9tait des malaises sans cause externe identifi\u00e9e. Pour mieux comprendre le ph\u00e9nom\u00e8ne, l\u2019Institut national de recherche et de s\u00e9curit\u00e9 (INRS) pour la pr\u00e9vention des accidents du travail et des maladies professionnelles a r\u00e9alis\u00e9 une analyse qualitative &hellip; <\/p>\n<p class=\"link-more\"><a href=\"https:\/\/www.accidentdutravail-idf.net\/blog\/malaises-mortels-au-travail-linrs-appelle-a-la-vigilance-sur-les-facteurs-de-risque-cardiovasculaire\/\" class=\"more-link\">Continuer la lecture <span class=\"screen-reader-text\"> \u00ab\u00a0Malaises mortels au travail : l\u2019INRS appelle \u00e0 la vigilance sur les facteurs de risque cardiovasculaire\u00a0\u00bb<\/span><\/a><\/p>\n","protected":false},"author":2,"featured_media":0,"comment_status":"closed","ping_status":"closed","sticky":false,"template":"","format":"standard","meta":{"footnotes":""},"categories":[5],"tags":[],"class_list":["post-1103","post","type-post","status-publish","format-standard","hentry","category-securite-du-travail-en-ile-de-france-et-divers","entry"],"yoast_head":"<!-- This site is optimized with the Yoast SEO plugin v27.5 - https:\/\/yoast.com\/product\/yoast-seo-wordpress\/ -->\n<title>Malaises mortels au travail : l\u2019INRS appelle \u00e0 la vigilance sur les facteurs de risque cardiovasculaire - ACCIDENTDUTRAVAIL-IDF<\/title>\n<meta name=\"description\" content=\"Malaises mortels au travail : l\u2019INRS appelle \u00e0 la vigilance sur les facteurs de risque cardiovasculaire article de ACCIDENTDUTRAVAIL-IDF\" \/>\n<meta name=\"robots\" content=\"index, follow, max-snippet:-1, max-image-preview:large, max-video-preview:-1\" \/>\n<link rel=\"canonical\" href=\"https:\/\/www.accidentdutravail-idf.net\/blog\/malaises-mortels-au-travail-linrs-appelle-a-la-vigilance-sur-les-facteurs-de-risque-cardiovasculaire\/\" \/>\n<meta property=\"og:locale\" content=\"fr_FR\" \/>\n<meta property=\"og:type\" content=\"article\" \/>\n<meta property=\"og:title\" content=\"Malaises mortels au travail : l\u2019INRS appelle \u00e0 la vigilance sur les facteurs de risque cardiovasculaire - ACCIDENTDUTRAVAIL-IDF\" \/>\n<meta property=\"og:description\" content=\"Malaises mortels au travail : l\u2019INRS appelle \u00e0 la vigilance sur les facteurs de risque cardiovasculaire article de ACCIDENTDUTRAVAIL-IDF\" \/>\n<meta property=\"og:url\" content=\"https:\/\/www.accidentdutravail-idf.net\/blog\/malaises-mortels-au-travail-linrs-appelle-a-la-vigilance-sur-les-facteurs-de-risque-cardiovasculaire\/\" \/>\n<meta property=\"og:site_name\" content=\"ACCIDENTDUTRAVAIL-IDF\" \/>\n<meta property=\"article:published_time\" content=\"2024-12-18T07:59:00+00:00\" \/>\n<meta property=\"og:image\" content=\"https:\/\/www.accidentdutravail-idf.net\/blog\/wp-content\/uploads\/2024\/12\/malaises-mortels-au-travail-linrs-appelle-a-la-vigilance-sur-les-facteurs-de-risque-cardiovasculaire.jpg\" \/>\n<meta name=\"author\" content=\"Carlos Poulain\" \/>\n<meta name=\"twitter:card\" content=\"summary_large_image\" \/>\n<meta name=\"twitter:label1\" content=\"\u00c9crit par\" \/>\n\t<meta name=\"twitter:data1\" content=\"Carlos Poulain\" \/>\n\t<meta name=\"twitter:label2\" content=\"Dur\u00e9e de lecture estim\u00e9e\" \/>\n\t<meta name=\"twitter:data2\" content=\"3 minutes\" \/>\n<script type=\"application\/ld+json\" class=\"yoast-schema-graph\">{\"@context\":\"https:\\\/\\\/schema.org\",\"@graph\":[{\"@type\":\"Article\",\"@id\":\"https:\\\/\\\/www.accidentdutravail-idf.net\\\/blog\\\/malaises-mortels-au-travail-linrs-appelle-a-la-vigilance-sur-les-facteurs-de-risque-cardiovasculaire\\\/#article\",\"isPartOf\":{\"@id\":\"https:\\\/\\\/www.accidentdutravail-idf.net\\\/blog\\\/malaises-mortels-au-travail-linrs-appelle-a-la-vigilance-sur-les-facteurs-de-risque-cardiovasculaire\\\/\"},\"author\":{\"name\":\"Carlos Poulain\",\"@id\":\"https:\\\/\\\/www.accidentdutravail-idf.net\\\/blog\\\/#\\\/schema\\\/person\\\/3255d2f970de45e64bd9201f38e7b947\"},\"headline\":\"Malaises mortels au travail : l\u2019INRS appelle \u00e0 la vigilance sur les facteurs de risque cardiovasculaire\",\"datePublished\":\"2024-12-18T07:59:00+00:00\",\"mainEntityOfPage\":{\"@id\":\"https:\\\/\\\/www.accidentdutravail-idf.net\\\/blog\\\/malaises-mortels-au-travail-linrs-appelle-a-la-vigilance-sur-les-facteurs-de-risque-cardiovasculaire\\\/\"},\"wordCount\":691,\"publisher\":{\"@id\":\"https:\\\/\\\/www.accidentdutravail-idf.net\\\/blog\\\/#organization\"},\"image\":{\"@id\":\"https:\\\/\\\/www.accidentdutravail-idf.net\\\/blog\\\/malaises-mortels-au-travail-linrs-appelle-a-la-vigilance-sur-les-facteurs-de-risque-cardiovasculaire\\\/#primaryimage\"},\"thumbnailUrl\":\"https:\\\/\\\/www.accidentdutravail-idf.net\\\/blog\\\/wp-content\\\/uploads\\\/2024\\\/12\\\/malaises-mortels-au-travail-linrs-appelle-a-la-vigilance-sur-les-facteurs-de-risque-cardiovasculaire.jpg\",\"articleSection\":[\"S\u00e9curit\u00e9 Du Travail En Ile-De-France Et Divers:\"],\"inLanguage\":\"fr-FR\"},{\"@type\":\"WebPage\",\"@id\":\"https:\\\/\\\/www.accidentdutravail-idf.net\\\/blog\\\/malaises-mortels-au-travail-linrs-appelle-a-la-vigilance-sur-les-facteurs-de-risque-cardiovasculaire\\\/\",\"url\":\"https:\\\/\\\/www.accidentdutravail-idf.net\\\/blog\\\/malaises-mortels-au-travail-linrs-appelle-a-la-vigilance-sur-les-facteurs-de-risque-cardiovasculaire\\\/\",\"name\":\"Malaises mortels au travail : l\u2019INRS appelle \u00e0 la vigilance sur les facteurs de risque cardiovasculaire - ACCIDENTDUTRAVAIL-IDF\",\"isPartOf\":{\"@id\":\"https:\\\/\\\/www.accidentdutravail-idf.net\\\/blog\\\/#website\"},\"primaryImageOfPage\":{\"@id\":\"https:\\\/\\\/www.accidentdutravail-idf.net\\\/blog\\\/malaises-mortels-au-travail-linrs-appelle-a-la-vigilance-sur-les-facteurs-de-risque-cardiovasculaire\\\/#primaryimage\"},\"image\":{\"@id\":\"https:\\\/\\\/www.accidentdutravail-idf.net\\\/blog\\\/malaises-mortels-au-travail-linrs-appelle-a-la-vigilance-sur-les-facteurs-de-risque-cardiovasculaire\\\/#primaryimage\"},\"thumbnailUrl\":\"https:\\\/\\\/www.accidentdutravail-idf.net\\\/blog\\\/wp-content\\\/uploads\\\/2024\\\/12\\\/malaises-mortels-au-travail-linrs-appelle-a-la-vigilance-sur-les-facteurs-de-risque-cardiovasculaire.jpg\",\"datePublished\":\"2024-12-18T07:59:00+00:00\",\"description\":\"Malaises mortels au travail : l\u2019INRS appelle \u00e0 la vigilance sur les facteurs de risque cardiovasculaire article de ACCIDENTDUTRAVAIL-IDF\",\"breadcrumb\":{\"@id\":\"https:\\\/\\\/www.accidentdutravail-idf.net\\\/blog\\\/malaises-mortels-au-travail-linrs-appelle-a-la-vigilance-sur-les-facteurs-de-risque-cardiovasculaire\\\/#breadcrumb\"},\"inLanguage\":\"fr-FR\",\"potentialAction\":[{\"@type\":\"ReadAction\",\"target\":[\"https:\\\/\\\/www.accidentdutravail-idf.net\\\/blog\\\/malaises-mortels-au-travail-linrs-appelle-a-la-vigilance-sur-les-facteurs-de-risque-cardiovasculaire\\\/\"]}]},{\"@type\":\"ImageObject\",\"inLanguage\":\"fr-FR\",\"@id\":\"https:\\\/\\\/www.accidentdutravail-idf.net\\\/blog\\\/malaises-mortels-au-travail-linrs-appelle-a-la-vigilance-sur-les-facteurs-de-risque-cardiovasculaire\\\/#primaryimage\",\"url\":\"https:\\\/\\\/www.accidentdutravail-idf.net\\\/blog\\\/wp-content\\\/uploads\\\/2024\\\/12\\\/malaises-mortels-au-travail-linrs-appelle-a-la-vigilance-sur-les-facteurs-de-risque-cardiovasculaire.jpg\",\"contentUrl\":\"https:\\\/\\\/www.accidentdutravail-idf.net\\\/blog\\\/wp-content\\\/uploads\\\/2024\\\/12\\\/malaises-mortels-au-travail-linrs-appelle-a-la-vigilance-sur-les-facteurs-de-risque-cardiovasculaire.jpg\"},{\"@type\":\"BreadcrumbList\",\"@id\":\"https:\\\/\\\/www.accidentdutravail-idf.net\\\/blog\\\/malaises-mortels-au-travail-linrs-appelle-a-la-vigilance-sur-les-facteurs-de-risque-cardiovasculaire\\\/#breadcrumb\",\"itemListElement\":[{\"@type\":\"ListItem\",\"position\":1,\"name\":\"Accueil\",\"item\":\"https:\\\/\\\/www.accidentdutravail-idf.net\\\/blog\\\/\"},{\"@type\":\"ListItem\",\"position\":2,\"name\":\"Malaises mortels au travail : l\u2019INRS appelle \u00e0 la vigilance sur les facteurs de risque cardiovasculaire\"}]},{\"@type\":\"WebSite\",\"@id\":\"https:\\\/\\\/www.accidentdutravail-idf.net\\\/blog\\\/#website\",\"url\":\"https:\\\/\\\/www.accidentdutravail-idf.net\\\/blog\\\/\",\"name\":\"ACCIDENTDUTRAVAIL-IDF\",\"description\":\"Portail accidents du travail-maladies professionnelles des entreprises d&#039;Ile-de-France\",\"publisher\":{\"@id\":\"https:\\\/\\\/www.accidentdutravail-idf.net\\\/blog\\\/#organization\"},\"potentialAction\":[{\"@type\":\"SearchAction\",\"target\":{\"@type\":\"EntryPoint\",\"urlTemplate\":\"https:\\\/\\\/www.accidentdutravail-idf.net\\\/blog\\\/?s={search_term_string}\"},\"query-input\":{\"@type\":\"PropertyValueSpecification\",\"valueRequired\":true,\"valueName\":\"search_term_string\"}}],\"inLanguage\":\"fr-FR\"},{\"@type\":\"Organization\",\"@id\":\"https:\\\/\\\/www.accidentdutravail-idf.net\\\/blog\\\/#organization\",\"name\":\"accidentdutravail-idf\",\"url\":\"https:\\\/\\\/www.accidentdutravail-idf.net\\\/blog\\\/\",\"logo\":{\"@type\":\"ImageObject\",\"inLanguage\":\"fr-FR\",\"@id\":\"https:\\\/\\\/www.accidentdutravail-idf.net\\\/blog\\\/#\\\/schema\\\/logo\\\/image\\\/\",\"url\":\"https:\\\/\\\/www.accidentdutravail-idf.net\\\/blog\\\/wp-content\\\/uploads\\\/2022\\\/09\\\/logo-2.png\",\"contentUrl\":\"https:\\\/\\\/www.accidentdutravail-idf.net\\\/blog\\\/wp-content\\\/uploads\\\/2022\\\/09\\\/logo-2.png\",\"width\":380,\"height\":291,\"caption\":\"accidentdutravail-idf\"},\"image\":{\"@id\":\"https:\\\/\\\/www.accidentdutravail-idf.net\\\/blog\\\/#\\\/schema\\\/logo\\\/image\\\/\"}},{\"@type\":\"Person\",\"@id\":\"https:\\\/\\\/www.accidentdutravail-idf.net\\\/blog\\\/#\\\/schema\\\/person\\\/3255d2f970de45e64bd9201f38e7b947\",\"name\":\"Carlos Poulain\",\"image\":{\"@type\":\"ImageObject\",\"inLanguage\":\"fr-FR\",\"@id\":\"https:\\\/\\\/secure.gravatar.com\\\/avatar\\\/b1c2f9d3588e34e91adb093635df64ef4b2381991216be7576466cfcdca4baf3?s=96&d=mm&r=g\",\"url\":\"https:\\\/\\\/secure.gravatar.com\\\/avatar\\\/b1c2f9d3588e34e91adb093635df64ef4b2381991216be7576466cfcdca4baf3?s=96&d=mm&r=g\",\"contentUrl\":\"https:\\\/\\\/secure.gravatar.com\\\/avatar\\\/b1c2f9d3588e34e91adb093635df64ef4b2381991216be7576466cfcdca4baf3?s=96&d=mm&r=g\",\"caption\":\"Carlos Poulain\"},\"url\":\"https:\\\/\\\/www.accidentdutravail-idf.net\\\/blog\\\/author\\\/idfcarlos\\\/\"}]}<\/script>\n<!-- \/ Yoast SEO plugin. -->","yoast_head_json":{"title":"Malaises mortels au travail : l\u2019INRS appelle \u00e0 la vigilance sur les facteurs de risque cardiovasculaire - ACCIDENTDUTRAVAIL-IDF","description":"Malaises mortels au travail : l\u2019INRS appelle \u00e0 la vigilance sur les facteurs de risque cardiovasculaire article de ACCIDENTDUTRAVAIL-IDF","robots":{"index":"index","follow":"follow","max-snippet":"max-snippet:-1","max-image-preview":"max-image-preview:large","max-video-preview":"max-video-preview:-1"},"canonical":"https:\/\/www.accidentdutravail-idf.net\/blog\/malaises-mortels-au-travail-linrs-appelle-a-la-vigilance-sur-les-facteurs-de-risque-cardiovasculaire\/","og_locale":"fr_FR","og_type":"article","og_title":"Malaises mortels au travail : l\u2019INRS appelle \u00e0 la vigilance sur les facteurs de risque cardiovasculaire - ACCIDENTDUTRAVAIL-IDF","og_description":"Malaises mortels au travail : l\u2019INRS appelle \u00e0 la vigilance sur les facteurs de risque cardiovasculaire article de ACCIDENTDUTRAVAIL-IDF","og_url":"https:\/\/www.accidentdutravail-idf.net\/blog\/malaises-mortels-au-travail-linrs-appelle-a-la-vigilance-sur-les-facteurs-de-risque-cardiovasculaire\/","og_site_name":"ACCIDENTDUTRAVAIL-IDF","article_published_time":"2024-12-18T07:59:00+00:00","og_image":[{"url":"https:\/\/www.accidentdutravail-idf.net\/blog\/wp-content\/uploads\/2024\/12\/malaises-mortels-au-travail-linrs-appelle-a-la-vigilance-sur-les-facteurs-de-risque-cardiovasculaire.jpg","type":"","width":"","height":""}],"author":"Carlos Poulain","twitter_card":"summary_large_image","twitter_misc":{"\u00c9crit par":"Carlos Poulain","Dur\u00e9e de lecture estim\u00e9e":"3 minutes"},"schema":{"@context":"https:\/\/schema.org","@graph":[{"@type":"Article","@id":"https:\/\/www.accidentdutravail-idf.net\/blog\/malaises-mortels-au-travail-linrs-appelle-a-la-vigilance-sur-les-facteurs-de-risque-cardiovasculaire\/#article","isPartOf":{"@id":"https:\/\/www.accidentdutravail-idf.net\/blog\/malaises-mortels-au-travail-linrs-appelle-a-la-vigilance-sur-les-facteurs-de-risque-cardiovasculaire\/"},"author":{"name":"Carlos Poulain","@id":"https:\/\/www.accidentdutravail-idf.net\/blog\/#\/schema\/person\/3255d2f970de45e64bd9201f38e7b947"},"headline":"Malaises mortels au travail : l\u2019INRS appelle \u00e0 la vigilance sur les facteurs de risque cardiovasculaire","datePublished":"2024-12-18T07:59:00+00:00","mainEntityOfPage":{"@id":"https:\/\/www.accidentdutravail-idf.net\/blog\/malaises-mortels-au-travail-linrs-appelle-a-la-vigilance-sur-les-facteurs-de-risque-cardiovasculaire\/"},"wordCount":691,"publisher":{"@id":"https:\/\/www.accidentdutravail-idf.net\/blog\/#organization"},"image":{"@id":"https:\/\/www.accidentdutravail-idf.net\/blog\/malaises-mortels-au-travail-linrs-appelle-a-la-vigilance-sur-les-facteurs-de-risque-cardiovasculaire\/#primaryimage"},"thumbnailUrl":"https:\/\/www.accidentdutravail-idf.net\/blog\/wp-content\/uploads\/2024\/12\/malaises-mortels-au-travail-linrs-appelle-a-la-vigilance-sur-les-facteurs-de-risque-cardiovasculaire.jpg","articleSection":["S\u00e9curit\u00e9 Du Travail En Ile-De-France Et Divers:"],"inLanguage":"fr-FR"},{"@type":"WebPage","@id":"https:\/\/www.accidentdutravail-idf.net\/blog\/malaises-mortels-au-travail-linrs-appelle-a-la-vigilance-sur-les-facteurs-de-risque-cardiovasculaire\/","url":"https:\/\/www.accidentdutravail-idf.net\/blog\/malaises-mortels-au-travail-linrs-appelle-a-la-vigilance-sur-les-facteurs-de-risque-cardiovasculaire\/","name":"Malaises mortels au travail : l\u2019INRS appelle \u00e0 la vigilance sur les facteurs de risque cardiovasculaire - ACCIDENTDUTRAVAIL-IDF","isPartOf":{"@id":"https:\/\/www.accidentdutravail-idf.net\/blog\/#website"},"primaryImageOfPage":{"@id":"https:\/\/www.accidentdutravail-idf.net\/blog\/malaises-mortels-au-travail-linrs-appelle-a-la-vigilance-sur-les-facteurs-de-risque-cardiovasculaire\/#primaryimage"},"image":{"@id":"https:\/\/www.accidentdutravail-idf.net\/blog\/malaises-mortels-au-travail-linrs-appelle-a-la-vigilance-sur-les-facteurs-de-risque-cardiovasculaire\/#primaryimage"},"thumbnailUrl":"https:\/\/www.accidentdutravail-idf.net\/blog\/wp-content\/uploads\/2024\/12\/malaises-mortels-au-travail-linrs-appelle-a-la-vigilance-sur-les-facteurs-de-risque-cardiovasculaire.jpg","datePublished":"2024-12-18T07:59:00+00:00","description":"Malaises mortels au travail : l\u2019INRS appelle \u00e0 la vigilance sur les facteurs de risque cardiovasculaire article de ACCIDENTDUTRAVAIL-IDF","breadcrumb":{"@id":"https:\/\/www.accidentdutravail-idf.net\/blog\/malaises-mortels-au-travail-linrs-appelle-a-la-vigilance-sur-les-facteurs-de-risque-cardiovasculaire\/#breadcrumb"},"inLanguage":"fr-FR","potentialAction":[{"@type":"ReadAction","target":["https:\/\/www.accidentdutravail-idf.net\/blog\/malaises-mortels-au-travail-linrs-appelle-a-la-vigilance-sur-les-facteurs-de-risque-cardiovasculaire\/"]}]},{"@type":"ImageObject","inLanguage":"fr-FR","@id":"https:\/\/www.accidentdutravail-idf.net\/blog\/malaises-mortels-au-travail-linrs-appelle-a-la-vigilance-sur-les-facteurs-de-risque-cardiovasculaire\/#primaryimage","url":"https:\/\/www.accidentdutravail-idf.net\/blog\/wp-content\/uploads\/2024\/12\/malaises-mortels-au-travail-linrs-appelle-a-la-vigilance-sur-les-facteurs-de-risque-cardiovasculaire.jpg","contentUrl":"https:\/\/www.accidentdutravail-idf.net\/blog\/wp-content\/uploads\/2024\/12\/malaises-mortels-au-travail-linrs-appelle-a-la-vigilance-sur-les-facteurs-de-risque-cardiovasculaire.jpg"},{"@type":"BreadcrumbList","@id":"https:\/\/www.accidentdutravail-idf.net\/blog\/malaises-mortels-au-travail-linrs-appelle-a-la-vigilance-sur-les-facteurs-de-risque-cardiovasculaire\/#breadcrumb","itemListElement":[{"@type":"ListItem","position":1,"name":"Accueil","item":"https:\/\/www.accidentdutravail-idf.net\/blog\/"},{"@type":"ListItem","position":2,"name":"Malaises mortels au travail : l\u2019INRS appelle \u00e0 la vigilance sur les facteurs de risque cardiovasculaire"}]},{"@type":"WebSite","@id":"https:\/\/www.accidentdutravail-idf.net\/blog\/#website","url":"https:\/\/www.accidentdutravail-idf.net\/blog\/","name":"ACCIDENTDUTRAVAIL-IDF","description":"Portail accidents du travail-maladies professionnelles des entreprises d&#039;Ile-de-France","publisher":{"@id":"https:\/\/www.accidentdutravail-idf.net\/blog\/#organization"},"potentialAction":[{"@type":"SearchAction","target":{"@type":"EntryPoint","urlTemplate":"https:\/\/www.accidentdutravail-idf.net\/blog\/?s={search_term_string}"},"query-input":{"@type":"PropertyValueSpecification","valueRequired":true,"valueName":"search_term_string"}}],"inLanguage":"fr-FR"},{"@type":"Organization","@id":"https:\/\/www.accidentdutravail-idf.net\/blog\/#organization","name":"accidentdutravail-idf","url":"https:\/\/www.accidentdutravail-idf.net\/blog\/","logo":{"@type":"ImageObject","inLanguage":"fr-FR","@id":"https:\/\/www.accidentdutravail-idf.net\/blog\/#\/schema\/logo\/image\/","url":"https:\/\/www.accidentdutravail-idf.net\/blog\/wp-content\/uploads\/2022\/09\/logo-2.png","contentUrl":"https:\/\/www.accidentdutravail-idf.net\/blog\/wp-content\/uploads\/2022\/09\/logo-2.png","width":380,"height":291,"caption":"accidentdutravail-idf"},"image":{"@id":"https:\/\/www.accidentdutravail-idf.net\/blog\/#\/schema\/logo\/image\/"}},{"@type":"Person","@id":"https:\/\/www.accidentdutravail-idf.net\/blog\/#\/schema\/person\/3255d2f970de45e64bd9201f38e7b947","name":"Carlos Poulain","image":{"@type":"ImageObject","inLanguage":"fr-FR","@id":"https:\/\/secure.gravatar.com\/avatar\/b1c2f9d3588e34e91adb093635df64ef4b2381991216be7576466cfcdca4baf3?s=96&d=mm&r=g","url":"https:\/\/secure.gravatar.com\/avatar\/b1c2f9d3588e34e91adb093635df64ef4b2381991216be7576466cfcdca4baf3?s=96&d=mm&r=g","contentUrl":"https:\/\/secure.gravatar.com\/avatar\/b1c2f9d3588e34e91adb093635df64ef4b2381991216be7576466cfcdca4baf3?s=96&d=mm&r=g","caption":"Carlos Poulain"},"url":"https:\/\/www.accidentdutravail-idf.net\/blog\/author\/idfcarlos\/"}]}},"_links":{"self":[{"href":"https:\/\/www.accidentdutravail-idf.net\/blog\/wp-json\/wp\/v2\/posts\/1103","targetHints":{"allow":["GET"]}}],"collection":[{"href":"https:\/\/www.accidentdutravail-idf.net\/blog\/wp-json\/wp\/v2\/posts"}],"about":[{"href":"https:\/\/www.accidentdutravail-idf.net\/blog\/wp-json\/wp\/v2\/types\/post"}],"author":[{"embeddable":true,"href":"https:\/\/www.accidentdutravail-idf.net\/blog\/wp-json\/wp\/v2\/users\/2"}],"replies":[{"embeddable":true,"href":"https:\/\/www.accidentdutravail-idf.net\/blog\/wp-json\/wp\/v2\/comments?post=1103"}],"version-history":[{"count":0,"href":"https:\/\/www.accidentdutravail-idf.net\/blog\/wp-json\/wp\/v2\/posts\/1103\/revisions"}],"wp:attachment":[{"href":"https:\/\/www.accidentdutravail-idf.net\/blog\/wp-json\/wp\/v2\/media?parent=1103"}],"wp:term":[{"taxonomy":"category","embeddable":true,"href":"https:\/\/www.accidentdutravail-idf.net\/blog\/wp-json\/wp\/v2\/categories?post=1103"},{"taxonomy":"post_tag","embeddable":true,"href":"https:\/\/www.accidentdutravail-idf.net\/blog\/wp-json\/wp\/v2\/tags?post=1103"}],"curies":[{"name":"wp","href":"https:\/\/api.w.org\/{rel}","templated":true}]}}