{"id":1102,"date":"2024-12-17T19:57:00","date_gmt":"2024-12-17T18:57:00","guid":{"rendered":"https:\/\/www.accidentdutravail-idf.net\/blog\/malaises-mortels-au-travail-principalement-des-hommes-de-50-ans-et-plus\/"},"modified":"2024-12-17T19:57:00","modified_gmt":"2024-12-17T18:57:00","slug":"malaises-mortels-au-travail-principalement-des-hommes-de-50-ans-et-plus","status":"publish","type":"post","link":"https:\/\/www.accidentdutravail-idf.net\/blog\/malaises-mortels-au-travail-principalement-des-hommes-de-50-ans-et-plus\/","title":{"rendered":"Malaises mortels au travail : principalement des hommes de 50 ans et plus&#8230;"},"content":{"rendered":"<p><br id=\"sep_para_1\" class=\"sep_para access\"> <\/p>\n<div id=\"para_1\" class=\"para_60661961 resize\">\n<div class=\"photo shadow top\"> <a href=\"void(0)\" rel=\"https:\/\/www.senioractu.com\/photo\/art\/grande\/85019095-60661961.jpg?v=1734491841&amp;ibox\" title=\"Photo by Museums Victoria on Unsplash\" target=\"_blank\" rel=\"nofollow\"><br \/>\n<img decoding=\"async\" class=\"not-responsive\" src=\"https:\/\/www.accidentdutravail-idf.net\/blog\/wp-content\/uploads\/2024\/12\/malaises-mortels-au-travail-principalement-des-hommes-de-50-ans-et-plus.jpg\" alt=\"Photo by Museums Victoria on Unsplash\" title=\"Photo by Museums Victoria on Unsplash\" width=\"778\"><\/a> <\/div>\n<div class=\"texte\">\n<div class=\"access firstletter\"> En cette fin d\u2019ann\u00e9e 2024, l\u2019Institut national de recherche et de s\u00e9curit\u00e9 (INRS) pour la pr\u00e9vention de accidents du travail et des maladies professionnelles, d\u00e9livre une analyse de ces malaises survenus entre 2012 et 2022. <br \/>&nbsp; <br \/>Ainsi, en 2021, on r\u00e9f\u00e9ren\u00e7ait 645 accidents de travail mortels dans les entreprises relevant du r\u00e9gime g\u00e9n\u00e9ral de la S\u00e9curit\u00e9 sociale. Plus de la moiti\u00e9 d\u2019entre-eux (56%) d\u2019entre eux \u00e9taient \u00ab&nbsp;qualifi\u00e9s de malaises mortels&nbsp;\u00bb. <br \/>&nbsp; <br \/>De quoi s\u2019agit-il exactement&nbsp;? Ces derniers sont d\u00e9finis comme \u00e9tant des d\u00e9c\u00e8s survenus sur le lieu de travail ou \u00e0 l\u2019occasion du travail, sans cause externe identifi\u00e9e (chute, choc, intoxication ou \u00e9lectrocution\u2026). <br \/>&nbsp; <br \/>Dans le cadre de cette \u00e9tude, l\u2019INRS a souhait\u00e9 mieux qualifier ces malaises mortels et identifier leurs causes pour mieux les pr\u00e9venir. L\u2019Institut a donc d\u00e9cid\u00e9 d\u2019aborder la question sous un angle qualitatif, en exploitant les r\u00e9cits d\u2019accidents et recommandations de pr\u00e9vention associ\u00e9es.&nbsp; <br \/>&nbsp; <br \/>\u00ab Cette m\u00e9thode pr\u00e9sente aussi comme int\u00e9r\u00eat de permettre d\u2019agir pour am\u00e9liorer la culture de pr\u00e9vention et ses diff\u00e9rentes composantes en milieu professionnel \u00bb, pr\u00e9cise le Dr Philippe Hache, expert d\u2019assistance m\u00e9dicale \u00e0 l\u2019INRS, et l\u2019un des auteurs de l\u2019\u00e9tude.&nbsp; <br \/>&nbsp; <br \/>Sur les 1.403 accidents mortels recens\u00e9s de 2012 \u00e0 2022, 143 \u00e9taient dus \u00e0 des malaises mortels. Une tr\u00e8s large majorit\u00e9 (93%) \u00e9tait des hommes. Autre point&nbsp;: l\u2019\u00e2ge m\u00e9dian de ces d\u00e9c\u00e8s est de 51 ans. Parmi les tranches d\u2019\u00e2ge les plus concern\u00e9es, on retrouve notamment les 40-49 ans et les 50-59 ans. <br \/>&nbsp; <br \/>Si plusieurs dizaines de m\u00e9tiers sont recens\u00e9s dans l\u2019\u00e9tude, les trois m\u00e9tiers les plus repr\u00e9sent\u00e9s sont ceux de conducteurs de poids lourds et de camions (pr\u00e8s de 20% des cas), des professionnels du b\u00e2timent (gros \u0153uvre) et des \u00e9lectriciens du b\u00e2timent. <br \/>&nbsp; <br \/>Dans 3 cas sur quatre, la victime se trouve seule au moment de la survenue du malaise mortel au travail.&nbsp; Ces malaises mortels correspondent \u00e0 des morts subites de l\u2019adulte, dont le m\u00e9canisme principal est l\u2019infarctus du myocarde.&nbsp; <br \/>&nbsp; <br \/>Or, l\u2019exposition des salari\u00e9s \u00e0 de nombreux facteurs de risques professionnels (risques psychosociaux (RPS), horaires atypiques, postures s\u00e9dentaires, ambiances thermiques, polyexposition froid-bruit, risque chimique\u2026) peut favoriser, \u00e0 court, moyen ou long terme, la survenue de maladies coronariennes. <br \/>&nbsp; <br \/>Ces chiffres rendent n\u00e9cessaire une meilleure pr\u00e9vention de ces malaises mortels en entreprise.&nbsp; <br \/>&nbsp; <br \/><em>*Rapport annuel 2021 de l\u2019Assurance maladie \u2013 Risques professionnels : \u00c9l\u00e9ments statistiques et financiers. Assurance maladie \u2013 Risques professionnels, 2022<\/em> <\/div>\n<\/p><\/div>\n<\/p><\/div>\n<p> accidentdutravail-idf.net vous a pr\u00e9par\u00e9 ce post qui informe du sujet \u00ab\u00a0Association Sportive Huisson-Longueville Essonne\u00a0\u00bb. La chronique se veut g\u00e9n\u00e9r\u00e9e du mieux possible. Vous pouvez utiliser les coordonn\u00e9es indiqu\u00e9es sur le site dans le but d\u2019apporter des explications sur ce post qui parle du th\u00e8me \u00ab\u00a0Association Sportive Huisson-Longueville Essonne\u00a0\u00bb. Le site accidentdutravail-idf.net a pour but de fournir diverses publications sur la th\u00e9matique Association Sportive Huisson-Longueville Essonne diffus\u00e9es sur le net. Il y aura plusieurs articles autour du sujet \u00ab\u00a0Association Sportive Huisson-Longueville Essonne\u00a0\u00bb dans quelques jours, nous vous invitons \u00e0 naviguer sur notre site web \u00e0 plusieurs reprises.<\/p>\n","protected":false},"excerpt":{"rendered":"<p>En cette fin d\u2019ann\u00e9e 2024, l\u2019Institut national de recherche et de s\u00e9curit\u00e9 (INRS) pour la pr\u00e9vention de accidents du travail et des maladies professionnelles, d\u00e9livre une analyse de ces malaises survenus entre 2012 et 2022. &nbsp; Ainsi, en 2021, on r\u00e9f\u00e9ren\u00e7ait 645 accidents de travail mortels dans les entreprises relevant du r\u00e9gime g\u00e9n\u00e9ral de la &hellip; <\/p>\n<p class=\"link-more\"><a href=\"https:\/\/www.accidentdutravail-idf.net\/blog\/malaises-mortels-au-travail-principalement-des-hommes-de-50-ans-et-plus\/\" class=\"more-link\">Continuer la lecture <span class=\"screen-reader-text\"> \u00ab\u00a0Malaises mortels au travail : principalement des hommes de 50 ans et plus&#8230;\u00a0\u00bb<\/span><\/a><\/p>\n","protected":false},"author":2,"featured_media":0,"comment_status":"closed","ping_status":"closed","sticky":false,"template":"","format":"standard","meta":{"footnotes":""},"categories":[5],"tags":[],"class_list":["post-1102","post","type-post","status-publish","format-standard","hentry","category-securite-du-travail-en-ile-de-france-et-divers","entry"],"yoast_head":"<!-- This site is optimized with the Yoast SEO plugin v27.5 - https:\/\/yoast.com\/product\/yoast-seo-wordpress\/ -->\n<title>Malaises mortels au travail : principalement des hommes de 50 ans et plus... - ACCIDENTDUTRAVAIL-IDF<\/title>\n<meta name=\"description\" content=\"Malaises mortels au travail : principalement des hommes de 50 ans et plus... article de ACCIDENTDUTRAVAIL-IDF\" \/>\n<meta name=\"robots\" content=\"index, follow, max-snippet:-1, max-image-preview:large, max-video-preview:-1\" \/>\n<link rel=\"canonical\" href=\"https:\/\/www.accidentdutravail-idf.net\/blog\/malaises-mortels-au-travail-principalement-des-hommes-de-50-ans-et-plus\/\" \/>\n<meta property=\"og:locale\" content=\"fr_FR\" \/>\n<meta property=\"og:type\" content=\"article\" \/>\n<meta property=\"og:title\" content=\"Malaises mortels au travail : principalement des hommes de 50 ans et plus... - ACCIDENTDUTRAVAIL-IDF\" \/>\n<meta property=\"og:description\" content=\"Malaises mortels au travail : principalement des hommes de 50 ans et plus... article de ACCIDENTDUTRAVAIL-IDF\" \/>\n<meta property=\"og:url\" content=\"https:\/\/www.accidentdutravail-idf.net\/blog\/malaises-mortels-au-travail-principalement-des-hommes-de-50-ans-et-plus\/\" \/>\n<meta property=\"og:site_name\" content=\"ACCIDENTDUTRAVAIL-IDF\" \/>\n<meta property=\"article:published_time\" content=\"2024-12-17T18:57:00+00:00\" \/>\n<meta property=\"og:image\" content=\"https:\/\/www.accidentdutravail-idf.net\/blog\/wp-content\/uploads\/2024\/12\/malaises-mortels-au-travail-principalement-des-hommes-de-50-ans-et-plus.jpg\" \/>\n<meta name=\"author\" content=\"Carlos Poulain\" \/>\n<meta name=\"twitter:card\" content=\"summary_large_image\" \/>\n<meta name=\"twitter:label1\" content=\"\u00c9crit par\" \/>\n\t<meta name=\"twitter:data1\" content=\"Carlos Poulain\" \/>\n\t<meta name=\"twitter:label2\" content=\"Dur\u00e9e de lecture estim\u00e9e\" \/>\n\t<meta name=\"twitter:data2\" content=\"3 minutes\" \/>\n<script type=\"application\/ld+json\" class=\"yoast-schema-graph\">{\"@context\":\"https:\\\/\\\/schema.org\",\"@graph\":[{\"@type\":\"Article\",\"@id\":\"https:\\\/\\\/www.accidentdutravail-idf.net\\\/blog\\\/malaises-mortels-au-travail-principalement-des-hommes-de-50-ans-et-plus\\\/#article\",\"isPartOf\":{\"@id\":\"https:\\\/\\\/www.accidentdutravail-idf.net\\\/blog\\\/malaises-mortels-au-travail-principalement-des-hommes-de-50-ans-et-plus\\\/\"},\"author\":{\"name\":\"Carlos Poulain\",\"@id\":\"https:\\\/\\\/www.accidentdutravail-idf.net\\\/blog\\\/#\\\/schema\\\/person\\\/3255d2f970de45e64bd9201f38e7b947\"},\"headline\":\"Malaises mortels au travail : principalement des hommes de 50 ans et plus&#8230;\",\"datePublished\":\"2024-12-17T18:57:00+00:00\",\"mainEntityOfPage\":{\"@id\":\"https:\\\/\\\/www.accidentdutravail-idf.net\\\/blog\\\/malaises-mortels-au-travail-principalement-des-hommes-de-50-ans-et-plus\\\/\"},\"wordCount\":566,\"publisher\":{\"@id\":\"https:\\\/\\\/www.accidentdutravail-idf.net\\\/blog\\\/#organization\"},\"image\":{\"@id\":\"https:\\\/\\\/www.accidentdutravail-idf.net\\\/blog\\\/malaises-mortels-au-travail-principalement-des-hommes-de-50-ans-et-plus\\\/#primaryimage\"},\"thumbnailUrl\":\"https:\\\/\\\/www.accidentdutravail-idf.net\\\/blog\\\/wp-content\\\/uploads\\\/2024\\\/12\\\/malaises-mortels-au-travail-principalement-des-hommes-de-50-ans-et-plus.jpg\",\"articleSection\":[\"S\u00e9curit\u00e9 Du Travail En Ile-De-France Et Divers:\"],\"inLanguage\":\"fr-FR\"},{\"@type\":\"WebPage\",\"@id\":\"https:\\\/\\\/www.accidentdutravail-idf.net\\\/blog\\\/malaises-mortels-au-travail-principalement-des-hommes-de-50-ans-et-plus\\\/\",\"url\":\"https:\\\/\\\/www.accidentdutravail-idf.net\\\/blog\\\/malaises-mortels-au-travail-principalement-des-hommes-de-50-ans-et-plus\\\/\",\"name\":\"Malaises mortels au travail : principalement des hommes de 50 ans et plus... - ACCIDENTDUTRAVAIL-IDF\",\"isPartOf\":{\"@id\":\"https:\\\/\\\/www.accidentdutravail-idf.net\\\/blog\\\/#website\"},\"primaryImageOfPage\":{\"@id\":\"https:\\\/\\\/www.accidentdutravail-idf.net\\\/blog\\\/malaises-mortels-au-travail-principalement-des-hommes-de-50-ans-et-plus\\\/#primaryimage\"},\"image\":{\"@id\":\"https:\\\/\\\/www.accidentdutravail-idf.net\\\/blog\\\/malaises-mortels-au-travail-principalement-des-hommes-de-50-ans-et-plus\\\/#primaryimage\"},\"thumbnailUrl\":\"https:\\\/\\\/www.accidentdutravail-idf.net\\\/blog\\\/wp-content\\\/uploads\\\/2024\\\/12\\\/malaises-mortels-au-travail-principalement-des-hommes-de-50-ans-et-plus.jpg\",\"datePublished\":\"2024-12-17T18:57:00+00:00\",\"description\":\"Malaises mortels au travail : principalement des hommes de 50 ans et plus... article de ACCIDENTDUTRAVAIL-IDF\",\"breadcrumb\":{\"@id\":\"https:\\\/\\\/www.accidentdutravail-idf.net\\\/blog\\\/malaises-mortels-au-travail-principalement-des-hommes-de-50-ans-et-plus\\\/#breadcrumb\"},\"inLanguage\":\"fr-FR\",\"potentialAction\":[{\"@type\":\"ReadAction\",\"target\":[\"https:\\\/\\\/www.accidentdutravail-idf.net\\\/blog\\\/malaises-mortels-au-travail-principalement-des-hommes-de-50-ans-et-plus\\\/\"]}]},{\"@type\":\"ImageObject\",\"inLanguage\":\"fr-FR\",\"@id\":\"https:\\\/\\\/www.accidentdutravail-idf.net\\\/blog\\\/malaises-mortels-au-travail-principalement-des-hommes-de-50-ans-et-plus\\\/#primaryimage\",\"url\":\"https:\\\/\\\/www.accidentdutravail-idf.net\\\/blog\\\/wp-content\\\/uploads\\\/2024\\\/12\\\/malaises-mortels-au-travail-principalement-des-hommes-de-50-ans-et-plus.jpg\",\"contentUrl\":\"https:\\\/\\\/www.accidentdutravail-idf.net\\\/blog\\\/wp-content\\\/uploads\\\/2024\\\/12\\\/malaises-mortels-au-travail-principalement-des-hommes-de-50-ans-et-plus.jpg\"},{\"@type\":\"BreadcrumbList\",\"@id\":\"https:\\\/\\\/www.accidentdutravail-idf.net\\\/blog\\\/malaises-mortels-au-travail-principalement-des-hommes-de-50-ans-et-plus\\\/#breadcrumb\",\"itemListElement\":[{\"@type\":\"ListItem\",\"position\":1,\"name\":\"Accueil\",\"item\":\"https:\\\/\\\/www.accidentdutravail-idf.net\\\/blog\\\/\"},{\"@type\":\"ListItem\",\"position\":2,\"name\":\"Malaises mortels au travail : principalement des hommes de 50 ans et plus&#8230;\"}]},{\"@type\":\"WebSite\",\"@id\":\"https:\\\/\\\/www.accidentdutravail-idf.net\\\/blog\\\/#website\",\"url\":\"https:\\\/\\\/www.accidentdutravail-idf.net\\\/blog\\\/\",\"name\":\"ACCIDENTDUTRAVAIL-IDF\",\"description\":\"Portail accidents du travail-maladies professionnelles des entreprises d&#039;Ile-de-France\",\"publisher\":{\"@id\":\"https:\\\/\\\/www.accidentdutravail-idf.net\\\/blog\\\/#organization\"},\"potentialAction\":[{\"@type\":\"SearchAction\",\"target\":{\"@type\":\"EntryPoint\",\"urlTemplate\":\"https:\\\/\\\/www.accidentdutravail-idf.net\\\/blog\\\/?s={search_term_string}\"},\"query-input\":{\"@type\":\"PropertyValueSpecification\",\"valueRequired\":true,\"valueName\":\"search_term_string\"}}],\"inLanguage\":\"fr-FR\"},{\"@type\":\"Organization\",\"@id\":\"https:\\\/\\\/www.accidentdutravail-idf.net\\\/blog\\\/#organization\",\"name\":\"accidentdutravail-idf\",\"url\":\"https:\\\/\\\/www.accidentdutravail-idf.net\\\/blog\\\/\",\"logo\":{\"@type\":\"ImageObject\",\"inLanguage\":\"fr-FR\",\"@id\":\"https:\\\/\\\/www.accidentdutravail-idf.net\\\/blog\\\/#\\\/schema\\\/logo\\\/image\\\/\",\"url\":\"https:\\\/\\\/www.accidentdutravail-idf.net\\\/blog\\\/wp-content\\\/uploads\\\/2022\\\/09\\\/logo-2.png\",\"contentUrl\":\"https:\\\/\\\/www.accidentdutravail-idf.net\\\/blog\\\/wp-content\\\/uploads\\\/2022\\\/09\\\/logo-2.png\",\"width\":380,\"height\":291,\"caption\":\"accidentdutravail-idf\"},\"image\":{\"@id\":\"https:\\\/\\\/www.accidentdutravail-idf.net\\\/blog\\\/#\\\/schema\\\/logo\\\/image\\\/\"}},{\"@type\":\"Person\",\"@id\":\"https:\\\/\\\/www.accidentdutravail-idf.net\\\/blog\\\/#\\\/schema\\\/person\\\/3255d2f970de45e64bd9201f38e7b947\",\"name\":\"Carlos Poulain\",\"image\":{\"@type\":\"ImageObject\",\"inLanguage\":\"fr-FR\",\"@id\":\"https:\\\/\\\/secure.gravatar.com\\\/avatar\\\/b1c2f9d3588e34e91adb093635df64ef4b2381991216be7576466cfcdca4baf3?s=96&d=mm&r=g\",\"url\":\"https:\\\/\\\/secure.gravatar.com\\\/avatar\\\/b1c2f9d3588e34e91adb093635df64ef4b2381991216be7576466cfcdca4baf3?s=96&d=mm&r=g\",\"contentUrl\":\"https:\\\/\\\/secure.gravatar.com\\\/avatar\\\/b1c2f9d3588e34e91adb093635df64ef4b2381991216be7576466cfcdca4baf3?s=96&d=mm&r=g\",\"caption\":\"Carlos Poulain\"},\"url\":\"https:\\\/\\\/www.accidentdutravail-idf.net\\\/blog\\\/author\\\/idfcarlos\\\/\"}]}<\/script>\n<!-- \/ Yoast SEO plugin. -->","yoast_head_json":{"title":"Malaises mortels au travail : principalement des hommes de 50 ans et plus... - ACCIDENTDUTRAVAIL-IDF","description":"Malaises mortels au travail : principalement des hommes de 50 ans et plus... article de ACCIDENTDUTRAVAIL-IDF","robots":{"index":"index","follow":"follow","max-snippet":"max-snippet:-1","max-image-preview":"max-image-preview:large","max-video-preview":"max-video-preview:-1"},"canonical":"https:\/\/www.accidentdutravail-idf.net\/blog\/malaises-mortels-au-travail-principalement-des-hommes-de-50-ans-et-plus\/","og_locale":"fr_FR","og_type":"article","og_title":"Malaises mortels au travail : principalement des hommes de 50 ans et plus... - ACCIDENTDUTRAVAIL-IDF","og_description":"Malaises mortels au travail : principalement des hommes de 50 ans et plus... article de ACCIDENTDUTRAVAIL-IDF","og_url":"https:\/\/www.accidentdutravail-idf.net\/blog\/malaises-mortels-au-travail-principalement-des-hommes-de-50-ans-et-plus\/","og_site_name":"ACCIDENTDUTRAVAIL-IDF","article_published_time":"2024-12-17T18:57:00+00:00","og_image":[{"url":"https:\/\/www.accidentdutravail-idf.net\/blog\/wp-content\/uploads\/2024\/12\/malaises-mortels-au-travail-principalement-des-hommes-de-50-ans-et-plus.jpg","type":"","width":"","height":""}],"author":"Carlos Poulain","twitter_card":"summary_large_image","twitter_misc":{"\u00c9crit par":"Carlos Poulain","Dur\u00e9e de lecture estim\u00e9e":"3 minutes"},"schema":{"@context":"https:\/\/schema.org","@graph":[{"@type":"Article","@id":"https:\/\/www.accidentdutravail-idf.net\/blog\/malaises-mortels-au-travail-principalement-des-hommes-de-50-ans-et-plus\/#article","isPartOf":{"@id":"https:\/\/www.accidentdutravail-idf.net\/blog\/malaises-mortels-au-travail-principalement-des-hommes-de-50-ans-et-plus\/"},"author":{"name":"Carlos Poulain","@id":"https:\/\/www.accidentdutravail-idf.net\/blog\/#\/schema\/person\/3255d2f970de45e64bd9201f38e7b947"},"headline":"Malaises mortels au travail : principalement des hommes de 50 ans et plus&#8230;","datePublished":"2024-12-17T18:57:00+00:00","mainEntityOfPage":{"@id":"https:\/\/www.accidentdutravail-idf.net\/blog\/malaises-mortels-au-travail-principalement-des-hommes-de-50-ans-et-plus\/"},"wordCount":566,"publisher":{"@id":"https:\/\/www.accidentdutravail-idf.net\/blog\/#organization"},"image":{"@id":"https:\/\/www.accidentdutravail-idf.net\/blog\/malaises-mortels-au-travail-principalement-des-hommes-de-50-ans-et-plus\/#primaryimage"},"thumbnailUrl":"https:\/\/www.accidentdutravail-idf.net\/blog\/wp-content\/uploads\/2024\/12\/malaises-mortels-au-travail-principalement-des-hommes-de-50-ans-et-plus.jpg","articleSection":["S\u00e9curit\u00e9 Du Travail En Ile-De-France Et Divers:"],"inLanguage":"fr-FR"},{"@type":"WebPage","@id":"https:\/\/www.accidentdutravail-idf.net\/blog\/malaises-mortels-au-travail-principalement-des-hommes-de-50-ans-et-plus\/","url":"https:\/\/www.accidentdutravail-idf.net\/blog\/malaises-mortels-au-travail-principalement-des-hommes-de-50-ans-et-plus\/","name":"Malaises mortels au travail : principalement des hommes de 50 ans et plus... - ACCIDENTDUTRAVAIL-IDF","isPartOf":{"@id":"https:\/\/www.accidentdutravail-idf.net\/blog\/#website"},"primaryImageOfPage":{"@id":"https:\/\/www.accidentdutravail-idf.net\/blog\/malaises-mortels-au-travail-principalement-des-hommes-de-50-ans-et-plus\/#primaryimage"},"image":{"@id":"https:\/\/www.accidentdutravail-idf.net\/blog\/malaises-mortels-au-travail-principalement-des-hommes-de-50-ans-et-plus\/#primaryimage"},"thumbnailUrl":"https:\/\/www.accidentdutravail-idf.net\/blog\/wp-content\/uploads\/2024\/12\/malaises-mortels-au-travail-principalement-des-hommes-de-50-ans-et-plus.jpg","datePublished":"2024-12-17T18:57:00+00:00","description":"Malaises mortels au travail : principalement des hommes de 50 ans et plus... article de ACCIDENTDUTRAVAIL-IDF","breadcrumb":{"@id":"https:\/\/www.accidentdutravail-idf.net\/blog\/malaises-mortels-au-travail-principalement-des-hommes-de-50-ans-et-plus\/#breadcrumb"},"inLanguage":"fr-FR","potentialAction":[{"@type":"ReadAction","target":["https:\/\/www.accidentdutravail-idf.net\/blog\/malaises-mortels-au-travail-principalement-des-hommes-de-50-ans-et-plus\/"]}]},{"@type":"ImageObject","inLanguage":"fr-FR","@id":"https:\/\/www.accidentdutravail-idf.net\/blog\/malaises-mortels-au-travail-principalement-des-hommes-de-50-ans-et-plus\/#primaryimage","url":"https:\/\/www.accidentdutravail-idf.net\/blog\/wp-content\/uploads\/2024\/12\/malaises-mortels-au-travail-principalement-des-hommes-de-50-ans-et-plus.jpg","contentUrl":"https:\/\/www.accidentdutravail-idf.net\/blog\/wp-content\/uploads\/2024\/12\/malaises-mortels-au-travail-principalement-des-hommes-de-50-ans-et-plus.jpg"},{"@type":"BreadcrumbList","@id":"https:\/\/www.accidentdutravail-idf.net\/blog\/malaises-mortels-au-travail-principalement-des-hommes-de-50-ans-et-plus\/#breadcrumb","itemListElement":[{"@type":"ListItem","position":1,"name":"Accueil","item":"https:\/\/www.accidentdutravail-idf.net\/blog\/"},{"@type":"ListItem","position":2,"name":"Malaises mortels au travail : principalement des hommes de 50 ans et plus&#8230;"}]},{"@type":"WebSite","@id":"https:\/\/www.accidentdutravail-idf.net\/blog\/#website","url":"https:\/\/www.accidentdutravail-idf.net\/blog\/","name":"ACCIDENTDUTRAVAIL-IDF","description":"Portail accidents du travail-maladies professionnelles des entreprises d&#039;Ile-de-France","publisher":{"@id":"https:\/\/www.accidentdutravail-idf.net\/blog\/#organization"},"potentialAction":[{"@type":"SearchAction","target":{"@type":"EntryPoint","urlTemplate":"https:\/\/www.accidentdutravail-idf.net\/blog\/?s={search_term_string}"},"query-input":{"@type":"PropertyValueSpecification","valueRequired":true,"valueName":"search_term_string"}}],"inLanguage":"fr-FR"},{"@type":"Organization","@id":"https:\/\/www.accidentdutravail-idf.net\/blog\/#organization","name":"accidentdutravail-idf","url":"https:\/\/www.accidentdutravail-idf.net\/blog\/","logo":{"@type":"ImageObject","inLanguage":"fr-FR","@id":"https:\/\/www.accidentdutravail-idf.net\/blog\/#\/schema\/logo\/image\/","url":"https:\/\/www.accidentdutravail-idf.net\/blog\/wp-content\/uploads\/2022\/09\/logo-2.png","contentUrl":"https:\/\/www.accidentdutravail-idf.net\/blog\/wp-content\/uploads\/2022\/09\/logo-2.png","width":380,"height":291,"caption":"accidentdutravail-idf"},"image":{"@id":"https:\/\/www.accidentdutravail-idf.net\/blog\/#\/schema\/logo\/image\/"}},{"@type":"Person","@id":"https:\/\/www.accidentdutravail-idf.net\/blog\/#\/schema\/person\/3255d2f970de45e64bd9201f38e7b947","name":"Carlos Poulain","image":{"@type":"ImageObject","inLanguage":"fr-FR","@id":"https:\/\/secure.gravatar.com\/avatar\/b1c2f9d3588e34e91adb093635df64ef4b2381991216be7576466cfcdca4baf3?s=96&d=mm&r=g","url":"https:\/\/secure.gravatar.com\/avatar\/b1c2f9d3588e34e91adb093635df64ef4b2381991216be7576466cfcdca4baf3?s=96&d=mm&r=g","contentUrl":"https:\/\/secure.gravatar.com\/avatar\/b1c2f9d3588e34e91adb093635df64ef4b2381991216be7576466cfcdca4baf3?s=96&d=mm&r=g","caption":"Carlos Poulain"},"url":"https:\/\/www.accidentdutravail-idf.net\/blog\/author\/idfcarlos\/"}]}},"_links":{"self":[{"href":"https:\/\/www.accidentdutravail-idf.net\/blog\/wp-json\/wp\/v2\/posts\/1102","targetHints":{"allow":["GET"]}}],"collection":[{"href":"https:\/\/www.accidentdutravail-idf.net\/blog\/wp-json\/wp\/v2\/posts"}],"about":[{"href":"https:\/\/www.accidentdutravail-idf.net\/blog\/wp-json\/wp\/v2\/types\/post"}],"author":[{"embeddable":true,"href":"https:\/\/www.accidentdutravail-idf.net\/blog\/wp-json\/wp\/v2\/users\/2"}],"replies":[{"embeddable":true,"href":"https:\/\/www.accidentdutravail-idf.net\/blog\/wp-json\/wp\/v2\/comments?post=1102"}],"version-history":[{"count":0,"href":"https:\/\/www.accidentdutravail-idf.net\/blog\/wp-json\/wp\/v2\/posts\/1102\/revisions"}],"wp:attachment":[{"href":"https:\/\/www.accidentdutravail-idf.net\/blog\/wp-json\/wp\/v2\/media?parent=1102"}],"wp:term":[{"taxonomy":"category","embeddable":true,"href":"https:\/\/www.accidentdutravail-idf.net\/blog\/wp-json\/wp\/v2\/categories?post=1102"},{"taxonomy":"post_tag","embeddable":true,"href":"https:\/\/www.accidentdutravail-idf.net\/blog\/wp-json\/wp\/v2\/tags?post=1102"}],"curies":[{"name":"wp","href":"https:\/\/api.w.org\/{rel}","templated":true}]}}