{"id":1101,"date":"2024-12-17T06:22:00","date_gmt":"2024-12-17T05:22:00","guid":{"rendered":"https:\/\/www.accidentdutravail-idf.net\/blog\/ils-et-elles-etaient-759-encore-trop-de-salaries-sont-morts-au-travail-en-2023\/"},"modified":"2024-12-17T06:22:00","modified_gmt":"2024-12-17T05:22:00","slug":"ils-et-elles-etaient-759-encore-trop-de-salaries-sont-morts-au-travail-en-2023","status":"publish","type":"post","link":"https:\/\/www.accidentdutravail-idf.net\/blog\/ils-et-elles-etaient-759-encore-trop-de-salaries-sont-morts-au-travail-en-2023\/","title":{"rendered":"Ils et elles \u00e9taient 759 : encore trop de salari\u00e9s sont morts au travail en 2023"},"content":{"rendered":"<div><img decoding=\"async\" src=\"https:\/\/www.accidentdutravail-idf.net\/blog\/wp-content\/uploads\/2024\/12\/ils-et-elles-etaient-759-encore-trop-de-salaries-sont-morts-au-travail-en-2023.jpg\" class=\"ff-og-image-inserted\"><\/div>\n<div>\n<div>\n<p><span class=\"TypologyArticle__BlockLabel-sc-1vro4tp-14 cogqlc\">Billet<\/span><\/p>\n<p>Article r\u00e9serv\u00e9 aux abonn\u00e9s<\/p>\n<\/div>\n<p><span class=\"TypologyArticle__BlockSubHeadline-sc-1vro4tp-4 bHYlQv\">Les derni\u00e8res donn\u00e9es de l\u2019assurance maladie, publi\u00e9es vendredi 13 d\u00e9cembre, confirment que le nombre de victimes d\u2019accidents ne diminue pas. Au-del\u00e0 des campagnes de pr\u00e9vention, des mesures concr\u00e8tes, sur la sous-traitance par exemple, n\u2019attendent que d\u2019\u00eatre mises en \u0153uvre.<\/span><\/div>\n<div id>\n<p class=\"article_link\">Cinq en quatre ans et demi : c\u2019est le nombre de ministres du Travail que l\u2019on a vu d\u00e9filer depuis que l\u2019on suit la rubrique Social \u2013 l\u2019instabilit\u00e9 politique ayant, il est vrai, consid\u00e9rablement augment\u00e9 le turn-over depuis un an (trois ministres). Les accidents du travail, surtout les mortels ? Toutes et tous nous ont dit qu\u2019il y en avait toujours trop, que cela n\u2019\u00e9tait pas digne de la France, et qu\u2019ils allaient s\u2019emparer du sujet pour le traiter \u00e0 sa juste hauteur. Il y a un peu plus d\u2019un an, en septembre 2023, le ministre en poste, Olivier Dussopt, lan\u00e7ait ainsi une <i>\u00abcampagne d\u2019information et de sensibilisation sans pr\u00e9c\u00e9dent\u00bb, <\/i>avec publicit\u00e9s t\u00e9l\u00e9vis\u00e9es et radiodiffus\u00e9es sur le th\u00e8me \u00abS\u00e9curit\u00e9 au travail : responsabilit\u00e9 de l\u2019entreprise, vigilance de tous\u00bb.<\/p>\n<h2 class=\"heading__StyledHeading-sc-5jxglz-0 jztCkt\">Ph\u00e9nom\u00e8ne de sous-d\u00e9claration<\/h2>\n<p class=\"article_link\">Cette m\u00eame ann\u00e9e 2023, 1 287 personnes sont d\u00e9c\u00e9d\u00e9es dans le cadre ou des suites de leur travail, soit 60 de plus qu\u2019en 2022, selon les donn\u00e9es de la branche accidents du travail \/maladies professionnelles (AT\/MP) <a href=\"https:\/\/www.assurance-maladie.ameli.fr\/etudes-et-donnees\/2023-rapport-annuel-assurance-maladie-risques-professionnels\" target=\"_blank\" rel=\"nofollow\">publi\u00e9es vendredi 13 d\u00e9cembre<\/a> par l\u2019assurance maladie. Parmi elles, 759 sont mortes \u00e0 la suite d\u2019un accident ou d\u2019un malaise survenu sur le lieu de travail, 21 de plus qu\u2019en 2022. Les malaises, le plus souvent des infarctus du myocarde touchant des hommes autour de la cinquantaine, selon <\/p>\n<\/div>\n<p>accidentdutravail-idf.net vous a pr\u00e9par\u00e9 ce post qui informe du sujet \u00ab\u00a0Association Sportive Huisson-Longueville Essonne\u00a0\u00bb. La chronique se veut g\u00e9n\u00e9r\u00e9e du mieux possible. Vous pouvez utiliser les coordonn\u00e9es indiqu\u00e9es sur le site dans le but d\u2019apporter des explications sur ce post qui parle du th\u00e8me \u00ab\u00a0Association Sportive Huisson-Longueville Essonne\u00a0\u00bb. Le site accidentdutravail-idf.net a pour but de fournir diverses publications sur la th\u00e9matique Association Sportive Huisson-Longueville Essonne diffus\u00e9es sur le net. Il y aura plusieurs articles autour du sujet \u00ab\u00a0Association Sportive Huisson-Longueville Essonne\u00a0\u00bb dans quelques jours, nous vous invitons \u00e0 naviguer sur notre site web \u00e0 plusieurs reprises.<\/p>\n","protected":false},"excerpt":{"rendered":"<p>Billet Article r\u00e9serv\u00e9 aux abonn\u00e9s Les derni\u00e8res donn\u00e9es de l\u2019assurance maladie, publi\u00e9es vendredi 13 d\u00e9cembre, confirment que le nombre de victimes d\u2019accidents ne diminue pas. Au-del\u00e0 des campagnes de pr\u00e9vention, des mesures concr\u00e8tes, sur la sous-traitance par exemple, n\u2019attendent que d\u2019\u00eatre mises en \u0153uvre. Cinq en quatre ans et demi : c\u2019est le nombre de &hellip; <\/p>\n<p class=\"link-more\"><a href=\"https:\/\/www.accidentdutravail-idf.net\/blog\/ils-et-elles-etaient-759-encore-trop-de-salaries-sont-morts-au-travail-en-2023\/\" class=\"more-link\">Continuer la lecture <span class=\"screen-reader-text\"> \u00ab\u00a0Ils et elles \u00e9taient 759 : encore trop de salari\u00e9s sont morts au travail en 2023\u00a0\u00bb<\/span><\/a><\/p>\n","protected":false},"author":2,"featured_media":0,"comment_status":"closed","ping_status":"closed","sticky":false,"template":"","format":"standard","meta":{"footnotes":""},"categories":[5],"tags":[],"class_list":["post-1101","post","type-post","status-publish","format-standard","hentry","category-securite-du-travail-en-ile-de-france-et-divers","entry"],"yoast_head":"<!-- This site is optimized with the Yoast SEO plugin v27.5 - https:\/\/yoast.com\/product\/yoast-seo-wordpress\/ -->\n<title>Ils et elles \u00e9taient 759 : encore trop de salari\u00e9s sont morts au travail en 2023 - ACCIDENTDUTRAVAIL-IDF<\/title>\n<meta name=\"description\" content=\"Ils et elles \u00e9taient 759 : encore trop de salari\u00e9s sont morts au travail en 2023 article de ACCIDENTDUTRAVAIL-IDF\" \/>\n<meta name=\"robots\" content=\"index, follow, max-snippet:-1, max-image-preview:large, max-video-preview:-1\" \/>\n<link rel=\"canonical\" href=\"https:\/\/www.accidentdutravail-idf.net\/blog\/ils-et-elles-etaient-759-encore-trop-de-salaries-sont-morts-au-travail-en-2023\/\" \/>\n<meta property=\"og:locale\" content=\"fr_FR\" \/>\n<meta property=\"og:type\" content=\"article\" \/>\n<meta property=\"og:title\" content=\"Ils et elles \u00e9taient 759 : encore trop de salari\u00e9s sont morts au travail en 2023 - ACCIDENTDUTRAVAIL-IDF\" \/>\n<meta property=\"og:description\" content=\"Ils et elles \u00e9taient 759 : encore trop de salari\u00e9s sont morts au travail en 2023 article de ACCIDENTDUTRAVAIL-IDF\" \/>\n<meta property=\"og:url\" content=\"https:\/\/www.accidentdutravail-idf.net\/blog\/ils-et-elles-etaient-759-encore-trop-de-salaries-sont-morts-au-travail-en-2023\/\" \/>\n<meta property=\"og:site_name\" content=\"ACCIDENTDUTRAVAIL-IDF\" \/>\n<meta property=\"article:published_time\" content=\"2024-12-17T05:22:00+00:00\" \/>\n<meta property=\"og:image\" content=\"https:\/\/www.accidentdutravail-idf.net\/blog\/wp-content\/uploads\/2024\/12\/ils-et-elles-etaient-759-encore-trop-de-salaries-sont-morts-au-travail-en-2023.jpg\" \/>\n<meta name=\"author\" content=\"Carlos Poulain\" \/>\n<meta name=\"twitter:card\" content=\"summary_large_image\" \/>\n<meta name=\"twitter:label1\" content=\"\u00c9crit par\" \/>\n\t<meta name=\"twitter:data1\" content=\"Carlos Poulain\" \/>\n\t<meta name=\"twitter:label2\" content=\"Dur\u00e9e de lecture estim\u00e9e\" \/>\n\t<meta name=\"twitter:data2\" content=\"2 minutes\" \/>\n<script type=\"application\/ld+json\" class=\"yoast-schema-graph\">{\"@context\":\"https:\\\/\\\/schema.org\",\"@graph\":[{\"@type\":\"Article\",\"@id\":\"https:\\\/\\\/www.accidentdutravail-idf.net\\\/blog\\\/ils-et-elles-etaient-759-encore-trop-de-salaries-sont-morts-au-travail-en-2023\\\/#article\",\"isPartOf\":{\"@id\":\"https:\\\/\\\/www.accidentdutravail-idf.net\\\/blog\\\/ils-et-elles-etaient-759-encore-trop-de-salaries-sont-morts-au-travail-en-2023\\\/\"},\"author\":{\"name\":\"Carlos Poulain\",\"@id\":\"https:\\\/\\\/www.accidentdutravail-idf.net\\\/blog\\\/#\\\/schema\\\/person\\\/3255d2f970de45e64bd9201f38e7b947\"},\"headline\":\"Ils et elles \u00e9taient 759 : encore trop de salari\u00e9s sont morts au travail en 2023\",\"datePublished\":\"2024-12-17T05:22:00+00:00\",\"mainEntityOfPage\":{\"@id\":\"https:\\\/\\\/www.accidentdutravail-idf.net\\\/blog\\\/ils-et-elles-etaient-759-encore-trop-de-salaries-sont-morts-au-travail-en-2023\\\/\"},\"wordCount\":414,\"publisher\":{\"@id\":\"https:\\\/\\\/www.accidentdutravail-idf.net\\\/blog\\\/#organization\"},\"image\":{\"@id\":\"https:\\\/\\\/www.accidentdutravail-idf.net\\\/blog\\\/ils-et-elles-etaient-759-encore-trop-de-salaries-sont-morts-au-travail-en-2023\\\/#primaryimage\"},\"thumbnailUrl\":\"https:\\\/\\\/www.accidentdutravail-idf.net\\\/blog\\\/wp-content\\\/uploads\\\/2024\\\/12\\\/ils-et-elles-etaient-759-encore-trop-de-salaries-sont-morts-au-travail-en-2023.jpg\",\"articleSection\":[\"S\u00e9curit\u00e9 Du Travail En Ile-De-France Et Divers:\"],\"inLanguage\":\"fr-FR\"},{\"@type\":\"WebPage\",\"@id\":\"https:\\\/\\\/www.accidentdutravail-idf.net\\\/blog\\\/ils-et-elles-etaient-759-encore-trop-de-salaries-sont-morts-au-travail-en-2023\\\/\",\"url\":\"https:\\\/\\\/www.accidentdutravail-idf.net\\\/blog\\\/ils-et-elles-etaient-759-encore-trop-de-salaries-sont-morts-au-travail-en-2023\\\/\",\"name\":\"Ils et elles \u00e9taient 759 : encore trop de salari\u00e9s sont morts au travail en 2023 - ACCIDENTDUTRAVAIL-IDF\",\"isPartOf\":{\"@id\":\"https:\\\/\\\/www.accidentdutravail-idf.net\\\/blog\\\/#website\"},\"primaryImageOfPage\":{\"@id\":\"https:\\\/\\\/www.accidentdutravail-idf.net\\\/blog\\\/ils-et-elles-etaient-759-encore-trop-de-salaries-sont-morts-au-travail-en-2023\\\/#primaryimage\"},\"image\":{\"@id\":\"https:\\\/\\\/www.accidentdutravail-idf.net\\\/blog\\\/ils-et-elles-etaient-759-encore-trop-de-salaries-sont-morts-au-travail-en-2023\\\/#primaryimage\"},\"thumbnailUrl\":\"https:\\\/\\\/www.accidentdutravail-idf.net\\\/blog\\\/wp-content\\\/uploads\\\/2024\\\/12\\\/ils-et-elles-etaient-759-encore-trop-de-salaries-sont-morts-au-travail-en-2023.jpg\",\"datePublished\":\"2024-12-17T05:22:00+00:00\",\"description\":\"Ils et elles \u00e9taient 759 : encore trop de salari\u00e9s sont morts au travail en 2023 article de ACCIDENTDUTRAVAIL-IDF\",\"breadcrumb\":{\"@id\":\"https:\\\/\\\/www.accidentdutravail-idf.net\\\/blog\\\/ils-et-elles-etaient-759-encore-trop-de-salaries-sont-morts-au-travail-en-2023\\\/#breadcrumb\"},\"inLanguage\":\"fr-FR\",\"potentialAction\":[{\"@type\":\"ReadAction\",\"target\":[\"https:\\\/\\\/www.accidentdutravail-idf.net\\\/blog\\\/ils-et-elles-etaient-759-encore-trop-de-salaries-sont-morts-au-travail-en-2023\\\/\"]}]},{\"@type\":\"ImageObject\",\"inLanguage\":\"fr-FR\",\"@id\":\"https:\\\/\\\/www.accidentdutravail-idf.net\\\/blog\\\/ils-et-elles-etaient-759-encore-trop-de-salaries-sont-morts-au-travail-en-2023\\\/#primaryimage\",\"url\":\"https:\\\/\\\/www.accidentdutravail-idf.net\\\/blog\\\/wp-content\\\/uploads\\\/2024\\\/12\\\/ils-et-elles-etaient-759-encore-trop-de-salaries-sont-morts-au-travail-en-2023.jpg\",\"contentUrl\":\"https:\\\/\\\/www.accidentdutravail-idf.net\\\/blog\\\/wp-content\\\/uploads\\\/2024\\\/12\\\/ils-et-elles-etaient-759-encore-trop-de-salaries-sont-morts-au-travail-en-2023.jpg\"},{\"@type\":\"BreadcrumbList\",\"@id\":\"https:\\\/\\\/www.accidentdutravail-idf.net\\\/blog\\\/ils-et-elles-etaient-759-encore-trop-de-salaries-sont-morts-au-travail-en-2023\\\/#breadcrumb\",\"itemListElement\":[{\"@type\":\"ListItem\",\"position\":1,\"name\":\"Accueil\",\"item\":\"https:\\\/\\\/www.accidentdutravail-idf.net\\\/blog\\\/\"},{\"@type\":\"ListItem\",\"position\":2,\"name\":\"Ils et elles \u00e9taient 759 : encore trop de salari\u00e9s sont morts au travail en 2023\"}]},{\"@type\":\"WebSite\",\"@id\":\"https:\\\/\\\/www.accidentdutravail-idf.net\\\/blog\\\/#website\",\"url\":\"https:\\\/\\\/www.accidentdutravail-idf.net\\\/blog\\\/\",\"name\":\"ACCIDENTDUTRAVAIL-IDF\",\"description\":\"Portail accidents du travail-maladies professionnelles des entreprises d&#039;Ile-de-France\",\"publisher\":{\"@id\":\"https:\\\/\\\/www.accidentdutravail-idf.net\\\/blog\\\/#organization\"},\"potentialAction\":[{\"@type\":\"SearchAction\",\"target\":{\"@type\":\"EntryPoint\",\"urlTemplate\":\"https:\\\/\\\/www.accidentdutravail-idf.net\\\/blog\\\/?s={search_term_string}\"},\"query-input\":{\"@type\":\"PropertyValueSpecification\",\"valueRequired\":true,\"valueName\":\"search_term_string\"}}],\"inLanguage\":\"fr-FR\"},{\"@type\":\"Organization\",\"@id\":\"https:\\\/\\\/www.accidentdutravail-idf.net\\\/blog\\\/#organization\",\"name\":\"accidentdutravail-idf\",\"url\":\"https:\\\/\\\/www.accidentdutravail-idf.net\\\/blog\\\/\",\"logo\":{\"@type\":\"ImageObject\",\"inLanguage\":\"fr-FR\",\"@id\":\"https:\\\/\\\/www.accidentdutravail-idf.net\\\/blog\\\/#\\\/schema\\\/logo\\\/image\\\/\",\"url\":\"https:\\\/\\\/www.accidentdutravail-idf.net\\\/blog\\\/wp-content\\\/uploads\\\/2022\\\/09\\\/logo-2.png\",\"contentUrl\":\"https:\\\/\\\/www.accidentdutravail-idf.net\\\/blog\\\/wp-content\\\/uploads\\\/2022\\\/09\\\/logo-2.png\",\"width\":380,\"height\":291,\"caption\":\"accidentdutravail-idf\"},\"image\":{\"@id\":\"https:\\\/\\\/www.accidentdutravail-idf.net\\\/blog\\\/#\\\/schema\\\/logo\\\/image\\\/\"}},{\"@type\":\"Person\",\"@id\":\"https:\\\/\\\/www.accidentdutravail-idf.net\\\/blog\\\/#\\\/schema\\\/person\\\/3255d2f970de45e64bd9201f38e7b947\",\"name\":\"Carlos Poulain\",\"image\":{\"@type\":\"ImageObject\",\"inLanguage\":\"fr-FR\",\"@id\":\"https:\\\/\\\/secure.gravatar.com\\\/avatar\\\/b1c2f9d3588e34e91adb093635df64ef4b2381991216be7576466cfcdca4baf3?s=96&d=mm&r=g\",\"url\":\"https:\\\/\\\/secure.gravatar.com\\\/avatar\\\/b1c2f9d3588e34e91adb093635df64ef4b2381991216be7576466cfcdca4baf3?s=96&d=mm&r=g\",\"contentUrl\":\"https:\\\/\\\/secure.gravatar.com\\\/avatar\\\/b1c2f9d3588e34e91adb093635df64ef4b2381991216be7576466cfcdca4baf3?s=96&d=mm&r=g\",\"caption\":\"Carlos Poulain\"},\"url\":\"https:\\\/\\\/www.accidentdutravail-idf.net\\\/blog\\\/author\\\/idfcarlos\\\/\"}]}<\/script>\n<!-- \/ Yoast SEO plugin. -->","yoast_head_json":{"title":"Ils et elles \u00e9taient 759 : encore trop de salari\u00e9s sont morts au travail en 2023 - ACCIDENTDUTRAVAIL-IDF","description":"Ils et elles \u00e9taient 759 : encore trop de salari\u00e9s sont morts au travail en 2023 article de ACCIDENTDUTRAVAIL-IDF","robots":{"index":"index","follow":"follow","max-snippet":"max-snippet:-1","max-image-preview":"max-image-preview:large","max-video-preview":"max-video-preview:-1"},"canonical":"https:\/\/www.accidentdutravail-idf.net\/blog\/ils-et-elles-etaient-759-encore-trop-de-salaries-sont-morts-au-travail-en-2023\/","og_locale":"fr_FR","og_type":"article","og_title":"Ils et elles \u00e9taient 759 : encore trop de salari\u00e9s sont morts au travail en 2023 - ACCIDENTDUTRAVAIL-IDF","og_description":"Ils et elles \u00e9taient 759 : encore trop de salari\u00e9s sont morts au travail en 2023 article de ACCIDENTDUTRAVAIL-IDF","og_url":"https:\/\/www.accidentdutravail-idf.net\/blog\/ils-et-elles-etaient-759-encore-trop-de-salaries-sont-morts-au-travail-en-2023\/","og_site_name":"ACCIDENTDUTRAVAIL-IDF","article_published_time":"2024-12-17T05:22:00+00:00","og_image":[{"url":"https:\/\/www.accidentdutravail-idf.net\/blog\/wp-content\/uploads\/2024\/12\/ils-et-elles-etaient-759-encore-trop-de-salaries-sont-morts-au-travail-en-2023.jpg","type":"","width":"","height":""}],"author":"Carlos Poulain","twitter_card":"summary_large_image","twitter_misc":{"\u00c9crit par":"Carlos Poulain","Dur\u00e9e de lecture estim\u00e9e":"2 minutes"},"schema":{"@context":"https:\/\/schema.org","@graph":[{"@type":"Article","@id":"https:\/\/www.accidentdutravail-idf.net\/blog\/ils-et-elles-etaient-759-encore-trop-de-salaries-sont-morts-au-travail-en-2023\/#article","isPartOf":{"@id":"https:\/\/www.accidentdutravail-idf.net\/blog\/ils-et-elles-etaient-759-encore-trop-de-salaries-sont-morts-au-travail-en-2023\/"},"author":{"name":"Carlos Poulain","@id":"https:\/\/www.accidentdutravail-idf.net\/blog\/#\/schema\/person\/3255d2f970de45e64bd9201f38e7b947"},"headline":"Ils et elles \u00e9taient 759 : encore trop de salari\u00e9s sont morts au travail en 2023","datePublished":"2024-12-17T05:22:00+00:00","mainEntityOfPage":{"@id":"https:\/\/www.accidentdutravail-idf.net\/blog\/ils-et-elles-etaient-759-encore-trop-de-salaries-sont-morts-au-travail-en-2023\/"},"wordCount":414,"publisher":{"@id":"https:\/\/www.accidentdutravail-idf.net\/blog\/#organization"},"image":{"@id":"https:\/\/www.accidentdutravail-idf.net\/blog\/ils-et-elles-etaient-759-encore-trop-de-salaries-sont-morts-au-travail-en-2023\/#primaryimage"},"thumbnailUrl":"https:\/\/www.accidentdutravail-idf.net\/blog\/wp-content\/uploads\/2024\/12\/ils-et-elles-etaient-759-encore-trop-de-salaries-sont-morts-au-travail-en-2023.jpg","articleSection":["S\u00e9curit\u00e9 Du Travail En Ile-De-France Et Divers:"],"inLanguage":"fr-FR"},{"@type":"WebPage","@id":"https:\/\/www.accidentdutravail-idf.net\/blog\/ils-et-elles-etaient-759-encore-trop-de-salaries-sont-morts-au-travail-en-2023\/","url":"https:\/\/www.accidentdutravail-idf.net\/blog\/ils-et-elles-etaient-759-encore-trop-de-salaries-sont-morts-au-travail-en-2023\/","name":"Ils et elles \u00e9taient 759 : encore trop de salari\u00e9s sont morts au travail en 2023 - ACCIDENTDUTRAVAIL-IDF","isPartOf":{"@id":"https:\/\/www.accidentdutravail-idf.net\/blog\/#website"},"primaryImageOfPage":{"@id":"https:\/\/www.accidentdutravail-idf.net\/blog\/ils-et-elles-etaient-759-encore-trop-de-salaries-sont-morts-au-travail-en-2023\/#primaryimage"},"image":{"@id":"https:\/\/www.accidentdutravail-idf.net\/blog\/ils-et-elles-etaient-759-encore-trop-de-salaries-sont-morts-au-travail-en-2023\/#primaryimage"},"thumbnailUrl":"https:\/\/www.accidentdutravail-idf.net\/blog\/wp-content\/uploads\/2024\/12\/ils-et-elles-etaient-759-encore-trop-de-salaries-sont-morts-au-travail-en-2023.jpg","datePublished":"2024-12-17T05:22:00+00:00","description":"Ils et elles \u00e9taient 759 : encore trop de salari\u00e9s sont morts au travail en 2023 article de ACCIDENTDUTRAVAIL-IDF","breadcrumb":{"@id":"https:\/\/www.accidentdutravail-idf.net\/blog\/ils-et-elles-etaient-759-encore-trop-de-salaries-sont-morts-au-travail-en-2023\/#breadcrumb"},"inLanguage":"fr-FR","potentialAction":[{"@type":"ReadAction","target":["https:\/\/www.accidentdutravail-idf.net\/blog\/ils-et-elles-etaient-759-encore-trop-de-salaries-sont-morts-au-travail-en-2023\/"]}]},{"@type":"ImageObject","inLanguage":"fr-FR","@id":"https:\/\/www.accidentdutravail-idf.net\/blog\/ils-et-elles-etaient-759-encore-trop-de-salaries-sont-morts-au-travail-en-2023\/#primaryimage","url":"https:\/\/www.accidentdutravail-idf.net\/blog\/wp-content\/uploads\/2024\/12\/ils-et-elles-etaient-759-encore-trop-de-salaries-sont-morts-au-travail-en-2023.jpg","contentUrl":"https:\/\/www.accidentdutravail-idf.net\/blog\/wp-content\/uploads\/2024\/12\/ils-et-elles-etaient-759-encore-trop-de-salaries-sont-morts-au-travail-en-2023.jpg"},{"@type":"BreadcrumbList","@id":"https:\/\/www.accidentdutravail-idf.net\/blog\/ils-et-elles-etaient-759-encore-trop-de-salaries-sont-morts-au-travail-en-2023\/#breadcrumb","itemListElement":[{"@type":"ListItem","position":1,"name":"Accueil","item":"https:\/\/www.accidentdutravail-idf.net\/blog\/"},{"@type":"ListItem","position":2,"name":"Ils et elles \u00e9taient 759 : encore trop de salari\u00e9s sont morts au travail en 2023"}]},{"@type":"WebSite","@id":"https:\/\/www.accidentdutravail-idf.net\/blog\/#website","url":"https:\/\/www.accidentdutravail-idf.net\/blog\/","name":"ACCIDENTDUTRAVAIL-IDF","description":"Portail accidents du travail-maladies professionnelles des entreprises d&#039;Ile-de-France","publisher":{"@id":"https:\/\/www.accidentdutravail-idf.net\/blog\/#organization"},"potentialAction":[{"@type":"SearchAction","target":{"@type":"EntryPoint","urlTemplate":"https:\/\/www.accidentdutravail-idf.net\/blog\/?s={search_term_string}"},"query-input":{"@type":"PropertyValueSpecification","valueRequired":true,"valueName":"search_term_string"}}],"inLanguage":"fr-FR"},{"@type":"Organization","@id":"https:\/\/www.accidentdutravail-idf.net\/blog\/#organization","name":"accidentdutravail-idf","url":"https:\/\/www.accidentdutravail-idf.net\/blog\/","logo":{"@type":"ImageObject","inLanguage":"fr-FR","@id":"https:\/\/www.accidentdutravail-idf.net\/blog\/#\/schema\/logo\/image\/","url":"https:\/\/www.accidentdutravail-idf.net\/blog\/wp-content\/uploads\/2022\/09\/logo-2.png","contentUrl":"https:\/\/www.accidentdutravail-idf.net\/blog\/wp-content\/uploads\/2022\/09\/logo-2.png","width":380,"height":291,"caption":"accidentdutravail-idf"},"image":{"@id":"https:\/\/www.accidentdutravail-idf.net\/blog\/#\/schema\/logo\/image\/"}},{"@type":"Person","@id":"https:\/\/www.accidentdutravail-idf.net\/blog\/#\/schema\/person\/3255d2f970de45e64bd9201f38e7b947","name":"Carlos Poulain","image":{"@type":"ImageObject","inLanguage":"fr-FR","@id":"https:\/\/secure.gravatar.com\/avatar\/b1c2f9d3588e34e91adb093635df64ef4b2381991216be7576466cfcdca4baf3?s=96&d=mm&r=g","url":"https:\/\/secure.gravatar.com\/avatar\/b1c2f9d3588e34e91adb093635df64ef4b2381991216be7576466cfcdca4baf3?s=96&d=mm&r=g","contentUrl":"https:\/\/secure.gravatar.com\/avatar\/b1c2f9d3588e34e91adb093635df64ef4b2381991216be7576466cfcdca4baf3?s=96&d=mm&r=g","caption":"Carlos Poulain"},"url":"https:\/\/www.accidentdutravail-idf.net\/blog\/author\/idfcarlos\/"}]}},"_links":{"self":[{"href":"https:\/\/www.accidentdutravail-idf.net\/blog\/wp-json\/wp\/v2\/posts\/1101","targetHints":{"allow":["GET"]}}],"collection":[{"href":"https:\/\/www.accidentdutravail-idf.net\/blog\/wp-json\/wp\/v2\/posts"}],"about":[{"href":"https:\/\/www.accidentdutravail-idf.net\/blog\/wp-json\/wp\/v2\/types\/post"}],"author":[{"embeddable":true,"href":"https:\/\/www.accidentdutravail-idf.net\/blog\/wp-json\/wp\/v2\/users\/2"}],"replies":[{"embeddable":true,"href":"https:\/\/www.accidentdutravail-idf.net\/blog\/wp-json\/wp\/v2\/comments?post=1101"}],"version-history":[{"count":0,"href":"https:\/\/www.accidentdutravail-idf.net\/blog\/wp-json\/wp\/v2\/posts\/1101\/revisions"}],"wp:attachment":[{"href":"https:\/\/www.accidentdutravail-idf.net\/blog\/wp-json\/wp\/v2\/media?parent=1101"}],"wp:term":[{"taxonomy":"category","embeddable":true,"href":"https:\/\/www.accidentdutravail-idf.net\/blog\/wp-json\/wp\/v2\/categories?post=1101"},{"taxonomy":"post_tag","embeddable":true,"href":"https:\/\/www.accidentdutravail-idf.net\/blog\/wp-json\/wp\/v2\/tags?post=1101"}],"curies":[{"name":"wp","href":"https:\/\/api.w.org\/{rel}","templated":true}]}}