{"id":1100,"date":"2024-12-17T11:47:00","date_gmt":"2024-12-17T10:47:00","guid":{"rendered":"https:\/\/www.accidentdutravail-idf.net\/blog\/morts-au-travail-un-niveau-record-en-2023\/"},"modified":"2024-12-17T11:47:00","modified_gmt":"2024-12-17T10:47:00","slug":"morts-au-travail-un-niveau-record-en-2023","status":"publish","type":"post","link":"https:\/\/www.accidentdutravail-idf.net\/blog\/morts-au-travail-un-niveau-record-en-2023\/","title":{"rendered":"Morts au travail : un niveau record en 2023"},"content":{"rendered":"<div><img decoding=\"async\" src=\"https:\/\/www.accidentdutravail-idf.net\/blog\/wp-content\/uploads\/2024\/12\/morts-au-travail-un-niveau-record-en-2023.jpg\" class=\"ff-og-image-inserted\"><\/div>\n<p class=\"article__paragraph \">En&nbsp;2023, 759 personnes ont perdu la vie \u00e0 la suite d\u2019un accident du travail&nbsp;: ce sont les chiffres du rapport annuel de la Caisse nationale de l\u2019Assurance-maladie sur les risques professionnels, publi\u00e9 le vendredi 13&nbsp;d\u00e9cembre. C\u2019est 21 de plus qu\u2019en&nbsp;2022, ann\u00e9e qui avait pourtant d\u00e9j\u00e0 marqu\u00e9 un record.<\/p>\n<p class=\"article__paragraph \">Depuis dix ans, le nombre de morts au travail ne cesse d\u2019augmenter. Si les malaises demeurent la cause de plus de la moiti\u00e9 des cas, l\u2019Assurance-maladie note que <em>\u00ab&nbsp;les d\u00e9c\u00e8s dus \u00e0 une cause externe identifi\u00e9e poursuivent leur progression, passant de 176 cas en&nbsp;2022 \u00e0 193 cas en&nbsp;2023&nbsp;\u00bb<\/em>.<\/p>\n<p class=\"article__paragraph \">Le rapport ajoute que 332 d\u00e9c\u00e8s sont survenus apr\u00e8s un accident de trajet (entre le domicile et le lieu de travail) et 196 apr\u00e8s une maladie professionnelle, ce qui porte le total \u00e0 1&nbsp;287 d\u00e9c\u00e8s. Mais comme chaque ann\u00e9e, ces chiffres ne sont que partiels&nbsp;: ils ne concernent que les salari\u00e9s affili\u00e9s au r\u00e9gime g\u00e9n\u00e9ral, et excluent de fait la fonction publique, les agriculteurs, les chefs d\u2019entreprise et les microentrepreneurs.<\/p>\n<section class=\"catcher catcher--favoris\">\n<div class=\"catcher__content\"><span class=\"catcher__title catcher__title--hide\">Lire l\u2019enqu\u00eate |<\/span><span class=\"catcher__desc\"> <span class=\"icon__premium\"><span class=\"sr-only\">Article r\u00e9serv\u00e9 \u00e0 nos abonn\u00e9s<\/span><\/span> <a href=\"https:\/\/www.lemonde.fr\/economie\/article\/2024\/02\/06\/cadences-sous-traitance-pression-quand-le-travail-tue_6214988_3234.html\" class=\"js-article-read-also catcher--favoris__link\" data-premium=\"1\" target=\"_blank\" rel=\"nofollow\">Les morts au travail, une h\u00e9catombe silencieuse en France<\/a> <\/span> <\/div>\n<p> <button class=\"lmd-btn-icon lmd-btn-icon--primary lmd-btn-icon--m js-lmd-dropdown-favorite-toggler\" aria-expanded=\"false\" aria-controls=\"lmd-dropdown-favorite\" aria-label=\"Lire plus tard\" data-article-id=\"3358119\" data-position=\"lire aussi\" data-url=\"https:\/\/www.lemonde.fr\/economie\/article\/2024\/02\/06\/cadences-sous-traitance-pression-quand-le-travail-tue_6214988_3234.html\" data-status> <span class=\"icon__favorites\"><\/span> <span class=\"js-btn-icon-tooltip\" aria-hidden=\"true\">Lire plus tard<\/span> <\/button> <\/p>\n<\/section>\n<p class=\"article__paragraph \">Dans le m\u00eame temps, le rapport observe une l\u00e9g\u00e8re baisse (\u2013 1,5&nbsp;%) du nombre d\u2019accidents du travail en France. En revanche, les maladies professionnelles augmentent, elles, de 7&nbsp;% en un an. Le nombre de jours d\u2019incapacit\u00e9 temporaire, ainsi que les montants des indemnit\u00e9s journali\u00e8res et d\u2019indemnisation de l\u2019incapacit\u00e9 permanente sont au plus haut en&nbsp;2023. L\u2019inflation est la principale cause de cette hausse.<\/p>\n<h2 class=\"article__sub-title\">Les moins de 25&nbsp;ans touch\u00e9s<\/h2>\n<p class=\"article__paragraph \">Les transports et le BTP restent les secteurs d\u2019activit\u00e9 les plus touch\u00e9s par la mort au travail, mais deux cat\u00e9gories englobant l\u2019int\u00e9rim et les services (action sociale, sant\u00e9, nettoyage, banques, assurances, administrations\u2026) pr\u00e9sentent une hausse inqui\u00e9tante de 11&nbsp;%.<\/p>\n<section class=\"catcher catcher--favoris\">\n<div class=\"catcher__content\"><span class=\"catcher__title catcher__title--hide\">Lire aussi |<\/span><span class=\"catcher__desc\"> <span class=\"icon__premium\"><span class=\"sr-only\">Article r\u00e9serv\u00e9 \u00e0 nos abonn\u00e9s<\/span><\/span> <a href=\"https:\/\/www.lemonde.fr\/politique\/article\/2024\/10\/14\/accidents-du-travail-lancement-de-la-deuxieme-campagne-de-sensibilisation_6351551_823448.html\" class=\"js-article-read-also catcher--favoris__link\" data-premium=\"1\" target=\"_blank\" rel=\"nofollow\">Accidents du travail&nbsp;: lancement de la deuxi\u00e8me campagne de sensibilisation<\/a> <\/span> <\/div>\n<p> <button class=\"lmd-btn-icon lmd-btn-icon--primary lmd-btn-icon--m js-lmd-dropdown-favorite-toggler\" aria-expanded=\"false\" aria-controls=\"lmd-dropdown-favorite\" aria-label=\"Lire plus tard\" data-article-id=\"3393423\" data-position=\"lire aussi\" data-url=\"https:\/\/www.lemonde.fr\/politique\/article\/2024\/10\/14\/accidents-du-travail-lancement-de-la-deuxieme-campagne-de-sensibilisation_6351551_823448.html\" data-status> <span class=\"icon__favorites\"><\/span> <span class=\"js-btn-icon-tooltip\" aria-hidden=\"true\">Lire plus tard<\/span> <\/button> <\/p>\n<\/section>\n<p class=\"article__paragraph \">Concernant les causes, un quart des d\u00e9c\u00e8s sont imputables au risque routier, 17&nbsp;% \u00e0 19&nbsp;% \u00e0 des situations de manutention manuelle, 15&nbsp;% \u00e0 des chutes de hauteur. Les moins de 25&nbsp;ans sont aussi toujours touch\u00e9s, puisque 33 d\u2019entre eux ont perdu la vie au travail en&nbsp;2023.<\/p>\n<p class=\"reading-mode-only \"><strong>Il vous reste 20.4% de cet article \u00e0 lire. La suite est r\u00e9serv\u00e9e aux abonn\u00e9s.<\/strong><\/p>\n<p> accidentdutravail-idf.net vous a pr\u00e9par\u00e9 ce post qui informe du sujet \u00ab\u00a0Association Sportive Huisson-Longueville Essonne\u00a0\u00bb. La chronique se veut g\u00e9n\u00e9r\u00e9e du mieux possible. Vous pouvez utiliser les coordonn\u00e9es indiqu\u00e9es sur le site dans le but d\u2019apporter des explications sur ce post qui parle du th\u00e8me \u00ab\u00a0Association Sportive Huisson-Longueville Essonne\u00a0\u00bb. Le site accidentdutravail-idf.net a pour but de fournir diverses publications sur la th\u00e9matique Association Sportive Huisson-Longueville Essonne diffus\u00e9es sur le net. Il y aura plusieurs articles autour du sujet \u00ab\u00a0Association Sportive Huisson-Longueville Essonne\u00a0\u00bb dans quelques jours, nous vous invitons \u00e0 naviguer sur notre site web \u00e0 plusieurs reprises.<\/p>\n","protected":false},"excerpt":{"rendered":"<p>En&nbsp;2023, 759 personnes ont perdu la vie \u00e0 la suite d\u2019un accident du travail&nbsp;: ce sont les chiffres du rapport annuel de la Caisse nationale de l\u2019Assurance-maladie sur les risques professionnels, publi\u00e9 le vendredi 13&nbsp;d\u00e9cembre. C\u2019est 21 de plus qu\u2019en&nbsp;2022, ann\u00e9e qui avait pourtant d\u00e9j\u00e0 marqu\u00e9 un record. Depuis dix ans, le nombre de morts &hellip; <\/p>\n<p class=\"link-more\"><a href=\"https:\/\/www.accidentdutravail-idf.net\/blog\/morts-au-travail-un-niveau-record-en-2023\/\" class=\"more-link\">Continuer la lecture <span class=\"screen-reader-text\"> \u00ab\u00a0Morts au travail : un niveau record en 2023\u00a0\u00bb<\/span><\/a><\/p>\n","protected":false},"author":2,"featured_media":0,"comment_status":"closed","ping_status":"closed","sticky":false,"template":"","format":"standard","meta":{"footnotes":""},"categories":[5],"tags":[],"class_list":["post-1100","post","type-post","status-publish","format-standard","hentry","category-securite-du-travail-en-ile-de-france-et-divers","entry"],"yoast_head":"<!-- This site is optimized with the Yoast SEO plugin v27.5 - https:\/\/yoast.com\/product\/yoast-seo-wordpress\/ -->\n<title>Morts au travail : un niveau record en 2023 - ACCIDENTDUTRAVAIL-IDF<\/title>\n<meta name=\"description\" content=\"Morts au travail : un niveau record en 2023 article de ACCIDENTDUTRAVAIL-IDF\" \/>\n<meta name=\"robots\" content=\"index, follow, max-snippet:-1, max-image-preview:large, max-video-preview:-1\" \/>\n<link rel=\"canonical\" href=\"https:\/\/www.accidentdutravail-idf.net\/blog\/morts-au-travail-un-niveau-record-en-2023\/\" \/>\n<meta property=\"og:locale\" content=\"fr_FR\" \/>\n<meta property=\"og:type\" content=\"article\" \/>\n<meta property=\"og:title\" content=\"Morts au travail : un niveau record en 2023 - ACCIDENTDUTRAVAIL-IDF\" \/>\n<meta property=\"og:description\" content=\"Morts au travail : un niveau record en 2023 article de ACCIDENTDUTRAVAIL-IDF\" \/>\n<meta property=\"og:url\" content=\"https:\/\/www.accidentdutravail-idf.net\/blog\/morts-au-travail-un-niveau-record-en-2023\/\" \/>\n<meta property=\"og:site_name\" content=\"ACCIDENTDUTRAVAIL-IDF\" \/>\n<meta property=\"article:published_time\" content=\"2024-12-17T10:47:00+00:00\" \/>\n<meta property=\"og:image\" content=\"https:\/\/www.accidentdutravail-idf.net\/blog\/wp-content\/uploads\/2024\/12\/morts-au-travail-un-niveau-record-en-2023.jpg\" \/>\n<meta name=\"author\" content=\"Carlos Poulain\" \/>\n<meta name=\"twitter:card\" content=\"summary_large_image\" \/>\n<meta name=\"twitter:label1\" content=\"\u00c9crit par\" \/>\n\t<meta name=\"twitter:data1\" content=\"Carlos Poulain\" \/>\n\t<meta name=\"twitter:label2\" content=\"Dur\u00e9e de lecture estim\u00e9e\" \/>\n\t<meta name=\"twitter:data2\" content=\"3 minutes\" \/>\n<script type=\"application\/ld+json\" class=\"yoast-schema-graph\">{\"@context\":\"https:\\\/\\\/schema.org\",\"@graph\":[{\"@type\":\"Article\",\"@id\":\"https:\\\/\\\/www.accidentdutravail-idf.net\\\/blog\\\/morts-au-travail-un-niveau-record-en-2023\\\/#article\",\"isPartOf\":{\"@id\":\"https:\\\/\\\/www.accidentdutravail-idf.net\\\/blog\\\/morts-au-travail-un-niveau-record-en-2023\\\/\"},\"author\":{\"name\":\"Carlos Poulain\",\"@id\":\"https:\\\/\\\/www.accidentdutravail-idf.net\\\/blog\\\/#\\\/schema\\\/person\\\/3255d2f970de45e64bd9201f38e7b947\"},\"headline\":\"Morts au travail : un niveau record en 2023\",\"datePublished\":\"2024-12-17T10:47:00+00:00\",\"mainEntityOfPage\":{\"@id\":\"https:\\\/\\\/www.accidentdutravail-idf.net\\\/blog\\\/morts-au-travail-un-niveau-record-en-2023\\\/\"},\"wordCount\":537,\"publisher\":{\"@id\":\"https:\\\/\\\/www.accidentdutravail-idf.net\\\/blog\\\/#organization\"},\"image\":{\"@id\":\"https:\\\/\\\/www.accidentdutravail-idf.net\\\/blog\\\/morts-au-travail-un-niveau-record-en-2023\\\/#primaryimage\"},\"thumbnailUrl\":\"https:\\\/\\\/www.accidentdutravail-idf.net\\\/blog\\\/wp-content\\\/uploads\\\/2024\\\/12\\\/morts-au-travail-un-niveau-record-en-2023.jpg\",\"articleSection\":[\"S\u00e9curit\u00e9 Du Travail En Ile-De-France Et Divers:\"],\"inLanguage\":\"fr-FR\"},{\"@type\":\"WebPage\",\"@id\":\"https:\\\/\\\/www.accidentdutravail-idf.net\\\/blog\\\/morts-au-travail-un-niveau-record-en-2023\\\/\",\"url\":\"https:\\\/\\\/www.accidentdutravail-idf.net\\\/blog\\\/morts-au-travail-un-niveau-record-en-2023\\\/\",\"name\":\"Morts au travail : un niveau record en 2023 - ACCIDENTDUTRAVAIL-IDF\",\"isPartOf\":{\"@id\":\"https:\\\/\\\/www.accidentdutravail-idf.net\\\/blog\\\/#website\"},\"primaryImageOfPage\":{\"@id\":\"https:\\\/\\\/www.accidentdutravail-idf.net\\\/blog\\\/morts-au-travail-un-niveau-record-en-2023\\\/#primaryimage\"},\"image\":{\"@id\":\"https:\\\/\\\/www.accidentdutravail-idf.net\\\/blog\\\/morts-au-travail-un-niveau-record-en-2023\\\/#primaryimage\"},\"thumbnailUrl\":\"https:\\\/\\\/www.accidentdutravail-idf.net\\\/blog\\\/wp-content\\\/uploads\\\/2024\\\/12\\\/morts-au-travail-un-niveau-record-en-2023.jpg\",\"datePublished\":\"2024-12-17T10:47:00+00:00\",\"description\":\"Morts au travail : un niveau record en 2023 article de ACCIDENTDUTRAVAIL-IDF\",\"breadcrumb\":{\"@id\":\"https:\\\/\\\/www.accidentdutravail-idf.net\\\/blog\\\/morts-au-travail-un-niveau-record-en-2023\\\/#breadcrumb\"},\"inLanguage\":\"fr-FR\",\"potentialAction\":[{\"@type\":\"ReadAction\",\"target\":[\"https:\\\/\\\/www.accidentdutravail-idf.net\\\/blog\\\/morts-au-travail-un-niveau-record-en-2023\\\/\"]}]},{\"@type\":\"ImageObject\",\"inLanguage\":\"fr-FR\",\"@id\":\"https:\\\/\\\/www.accidentdutravail-idf.net\\\/blog\\\/morts-au-travail-un-niveau-record-en-2023\\\/#primaryimage\",\"url\":\"https:\\\/\\\/www.accidentdutravail-idf.net\\\/blog\\\/wp-content\\\/uploads\\\/2024\\\/12\\\/morts-au-travail-un-niveau-record-en-2023.jpg\",\"contentUrl\":\"https:\\\/\\\/www.accidentdutravail-idf.net\\\/blog\\\/wp-content\\\/uploads\\\/2024\\\/12\\\/morts-au-travail-un-niveau-record-en-2023.jpg\"},{\"@type\":\"BreadcrumbList\",\"@id\":\"https:\\\/\\\/www.accidentdutravail-idf.net\\\/blog\\\/morts-au-travail-un-niveau-record-en-2023\\\/#breadcrumb\",\"itemListElement\":[{\"@type\":\"ListItem\",\"position\":1,\"name\":\"Accueil\",\"item\":\"https:\\\/\\\/www.accidentdutravail-idf.net\\\/blog\\\/\"},{\"@type\":\"ListItem\",\"position\":2,\"name\":\"Morts au travail : un niveau record en 2023\"}]},{\"@type\":\"WebSite\",\"@id\":\"https:\\\/\\\/www.accidentdutravail-idf.net\\\/blog\\\/#website\",\"url\":\"https:\\\/\\\/www.accidentdutravail-idf.net\\\/blog\\\/\",\"name\":\"ACCIDENTDUTRAVAIL-IDF\",\"description\":\"Portail accidents du travail-maladies professionnelles des entreprises d&#039;Ile-de-France\",\"publisher\":{\"@id\":\"https:\\\/\\\/www.accidentdutravail-idf.net\\\/blog\\\/#organization\"},\"potentialAction\":[{\"@type\":\"SearchAction\",\"target\":{\"@type\":\"EntryPoint\",\"urlTemplate\":\"https:\\\/\\\/www.accidentdutravail-idf.net\\\/blog\\\/?s={search_term_string}\"},\"query-input\":{\"@type\":\"PropertyValueSpecification\",\"valueRequired\":true,\"valueName\":\"search_term_string\"}}],\"inLanguage\":\"fr-FR\"},{\"@type\":\"Organization\",\"@id\":\"https:\\\/\\\/www.accidentdutravail-idf.net\\\/blog\\\/#organization\",\"name\":\"accidentdutravail-idf\",\"url\":\"https:\\\/\\\/www.accidentdutravail-idf.net\\\/blog\\\/\",\"logo\":{\"@type\":\"ImageObject\",\"inLanguage\":\"fr-FR\",\"@id\":\"https:\\\/\\\/www.accidentdutravail-idf.net\\\/blog\\\/#\\\/schema\\\/logo\\\/image\\\/\",\"url\":\"https:\\\/\\\/www.accidentdutravail-idf.net\\\/blog\\\/wp-content\\\/uploads\\\/2022\\\/09\\\/logo-2.png\",\"contentUrl\":\"https:\\\/\\\/www.accidentdutravail-idf.net\\\/blog\\\/wp-content\\\/uploads\\\/2022\\\/09\\\/logo-2.png\",\"width\":380,\"height\":291,\"caption\":\"accidentdutravail-idf\"},\"image\":{\"@id\":\"https:\\\/\\\/www.accidentdutravail-idf.net\\\/blog\\\/#\\\/schema\\\/logo\\\/image\\\/\"}},{\"@type\":\"Person\",\"@id\":\"https:\\\/\\\/www.accidentdutravail-idf.net\\\/blog\\\/#\\\/schema\\\/person\\\/3255d2f970de45e64bd9201f38e7b947\",\"name\":\"Carlos Poulain\",\"image\":{\"@type\":\"ImageObject\",\"inLanguage\":\"fr-FR\",\"@id\":\"https:\\\/\\\/secure.gravatar.com\\\/avatar\\\/b1c2f9d3588e34e91adb093635df64ef4b2381991216be7576466cfcdca4baf3?s=96&d=mm&r=g\",\"url\":\"https:\\\/\\\/secure.gravatar.com\\\/avatar\\\/b1c2f9d3588e34e91adb093635df64ef4b2381991216be7576466cfcdca4baf3?s=96&d=mm&r=g\",\"contentUrl\":\"https:\\\/\\\/secure.gravatar.com\\\/avatar\\\/b1c2f9d3588e34e91adb093635df64ef4b2381991216be7576466cfcdca4baf3?s=96&d=mm&r=g\",\"caption\":\"Carlos Poulain\"},\"url\":\"https:\\\/\\\/www.accidentdutravail-idf.net\\\/blog\\\/author\\\/idfcarlos\\\/\"}]}<\/script>\n<!-- \/ Yoast SEO plugin. -->","yoast_head_json":{"title":"Morts au travail : un niveau record en 2023 - ACCIDENTDUTRAVAIL-IDF","description":"Morts au travail : un niveau record en 2023 article de ACCIDENTDUTRAVAIL-IDF","robots":{"index":"index","follow":"follow","max-snippet":"max-snippet:-1","max-image-preview":"max-image-preview:large","max-video-preview":"max-video-preview:-1"},"canonical":"https:\/\/www.accidentdutravail-idf.net\/blog\/morts-au-travail-un-niveau-record-en-2023\/","og_locale":"fr_FR","og_type":"article","og_title":"Morts au travail : un niveau record en 2023 - ACCIDENTDUTRAVAIL-IDF","og_description":"Morts au travail : un niveau record en 2023 article de ACCIDENTDUTRAVAIL-IDF","og_url":"https:\/\/www.accidentdutravail-idf.net\/blog\/morts-au-travail-un-niveau-record-en-2023\/","og_site_name":"ACCIDENTDUTRAVAIL-IDF","article_published_time":"2024-12-17T10:47:00+00:00","og_image":[{"url":"https:\/\/www.accidentdutravail-idf.net\/blog\/wp-content\/uploads\/2024\/12\/morts-au-travail-un-niveau-record-en-2023.jpg","type":"","width":"","height":""}],"author":"Carlos Poulain","twitter_card":"summary_large_image","twitter_misc":{"\u00c9crit par":"Carlos Poulain","Dur\u00e9e de lecture estim\u00e9e":"3 minutes"},"schema":{"@context":"https:\/\/schema.org","@graph":[{"@type":"Article","@id":"https:\/\/www.accidentdutravail-idf.net\/blog\/morts-au-travail-un-niveau-record-en-2023\/#article","isPartOf":{"@id":"https:\/\/www.accidentdutravail-idf.net\/blog\/morts-au-travail-un-niveau-record-en-2023\/"},"author":{"name":"Carlos Poulain","@id":"https:\/\/www.accidentdutravail-idf.net\/blog\/#\/schema\/person\/3255d2f970de45e64bd9201f38e7b947"},"headline":"Morts au travail : un niveau record en 2023","datePublished":"2024-12-17T10:47:00+00:00","mainEntityOfPage":{"@id":"https:\/\/www.accidentdutravail-idf.net\/blog\/morts-au-travail-un-niveau-record-en-2023\/"},"wordCount":537,"publisher":{"@id":"https:\/\/www.accidentdutravail-idf.net\/blog\/#organization"},"image":{"@id":"https:\/\/www.accidentdutravail-idf.net\/blog\/morts-au-travail-un-niveau-record-en-2023\/#primaryimage"},"thumbnailUrl":"https:\/\/www.accidentdutravail-idf.net\/blog\/wp-content\/uploads\/2024\/12\/morts-au-travail-un-niveau-record-en-2023.jpg","articleSection":["S\u00e9curit\u00e9 Du Travail En Ile-De-France Et Divers:"],"inLanguage":"fr-FR"},{"@type":"WebPage","@id":"https:\/\/www.accidentdutravail-idf.net\/blog\/morts-au-travail-un-niveau-record-en-2023\/","url":"https:\/\/www.accidentdutravail-idf.net\/blog\/morts-au-travail-un-niveau-record-en-2023\/","name":"Morts au travail : un niveau record en 2023 - ACCIDENTDUTRAVAIL-IDF","isPartOf":{"@id":"https:\/\/www.accidentdutravail-idf.net\/blog\/#website"},"primaryImageOfPage":{"@id":"https:\/\/www.accidentdutravail-idf.net\/blog\/morts-au-travail-un-niveau-record-en-2023\/#primaryimage"},"image":{"@id":"https:\/\/www.accidentdutravail-idf.net\/blog\/morts-au-travail-un-niveau-record-en-2023\/#primaryimage"},"thumbnailUrl":"https:\/\/www.accidentdutravail-idf.net\/blog\/wp-content\/uploads\/2024\/12\/morts-au-travail-un-niveau-record-en-2023.jpg","datePublished":"2024-12-17T10:47:00+00:00","description":"Morts au travail : un niveau record en 2023 article de ACCIDENTDUTRAVAIL-IDF","breadcrumb":{"@id":"https:\/\/www.accidentdutravail-idf.net\/blog\/morts-au-travail-un-niveau-record-en-2023\/#breadcrumb"},"inLanguage":"fr-FR","potentialAction":[{"@type":"ReadAction","target":["https:\/\/www.accidentdutravail-idf.net\/blog\/morts-au-travail-un-niveau-record-en-2023\/"]}]},{"@type":"ImageObject","inLanguage":"fr-FR","@id":"https:\/\/www.accidentdutravail-idf.net\/blog\/morts-au-travail-un-niveau-record-en-2023\/#primaryimage","url":"https:\/\/www.accidentdutravail-idf.net\/blog\/wp-content\/uploads\/2024\/12\/morts-au-travail-un-niveau-record-en-2023.jpg","contentUrl":"https:\/\/www.accidentdutravail-idf.net\/blog\/wp-content\/uploads\/2024\/12\/morts-au-travail-un-niveau-record-en-2023.jpg"},{"@type":"BreadcrumbList","@id":"https:\/\/www.accidentdutravail-idf.net\/blog\/morts-au-travail-un-niveau-record-en-2023\/#breadcrumb","itemListElement":[{"@type":"ListItem","position":1,"name":"Accueil","item":"https:\/\/www.accidentdutravail-idf.net\/blog\/"},{"@type":"ListItem","position":2,"name":"Morts au travail : un niveau record en 2023"}]},{"@type":"WebSite","@id":"https:\/\/www.accidentdutravail-idf.net\/blog\/#website","url":"https:\/\/www.accidentdutravail-idf.net\/blog\/","name":"ACCIDENTDUTRAVAIL-IDF","description":"Portail accidents du travail-maladies professionnelles des entreprises d&#039;Ile-de-France","publisher":{"@id":"https:\/\/www.accidentdutravail-idf.net\/blog\/#organization"},"potentialAction":[{"@type":"SearchAction","target":{"@type":"EntryPoint","urlTemplate":"https:\/\/www.accidentdutravail-idf.net\/blog\/?s={search_term_string}"},"query-input":{"@type":"PropertyValueSpecification","valueRequired":true,"valueName":"search_term_string"}}],"inLanguage":"fr-FR"},{"@type":"Organization","@id":"https:\/\/www.accidentdutravail-idf.net\/blog\/#organization","name":"accidentdutravail-idf","url":"https:\/\/www.accidentdutravail-idf.net\/blog\/","logo":{"@type":"ImageObject","inLanguage":"fr-FR","@id":"https:\/\/www.accidentdutravail-idf.net\/blog\/#\/schema\/logo\/image\/","url":"https:\/\/www.accidentdutravail-idf.net\/blog\/wp-content\/uploads\/2022\/09\/logo-2.png","contentUrl":"https:\/\/www.accidentdutravail-idf.net\/blog\/wp-content\/uploads\/2022\/09\/logo-2.png","width":380,"height":291,"caption":"accidentdutravail-idf"},"image":{"@id":"https:\/\/www.accidentdutravail-idf.net\/blog\/#\/schema\/logo\/image\/"}},{"@type":"Person","@id":"https:\/\/www.accidentdutravail-idf.net\/blog\/#\/schema\/person\/3255d2f970de45e64bd9201f38e7b947","name":"Carlos Poulain","image":{"@type":"ImageObject","inLanguage":"fr-FR","@id":"https:\/\/secure.gravatar.com\/avatar\/b1c2f9d3588e34e91adb093635df64ef4b2381991216be7576466cfcdca4baf3?s=96&d=mm&r=g","url":"https:\/\/secure.gravatar.com\/avatar\/b1c2f9d3588e34e91adb093635df64ef4b2381991216be7576466cfcdca4baf3?s=96&d=mm&r=g","contentUrl":"https:\/\/secure.gravatar.com\/avatar\/b1c2f9d3588e34e91adb093635df64ef4b2381991216be7576466cfcdca4baf3?s=96&d=mm&r=g","caption":"Carlos Poulain"},"url":"https:\/\/www.accidentdutravail-idf.net\/blog\/author\/idfcarlos\/"}]}},"_links":{"self":[{"href":"https:\/\/www.accidentdutravail-idf.net\/blog\/wp-json\/wp\/v2\/posts\/1100","targetHints":{"allow":["GET"]}}],"collection":[{"href":"https:\/\/www.accidentdutravail-idf.net\/blog\/wp-json\/wp\/v2\/posts"}],"about":[{"href":"https:\/\/www.accidentdutravail-idf.net\/blog\/wp-json\/wp\/v2\/types\/post"}],"author":[{"embeddable":true,"href":"https:\/\/www.accidentdutravail-idf.net\/blog\/wp-json\/wp\/v2\/users\/2"}],"replies":[{"embeddable":true,"href":"https:\/\/www.accidentdutravail-idf.net\/blog\/wp-json\/wp\/v2\/comments?post=1100"}],"version-history":[{"count":0,"href":"https:\/\/www.accidentdutravail-idf.net\/blog\/wp-json\/wp\/v2\/posts\/1100\/revisions"}],"wp:attachment":[{"href":"https:\/\/www.accidentdutravail-idf.net\/blog\/wp-json\/wp\/v2\/media?parent=1100"}],"wp:term":[{"taxonomy":"category","embeddable":true,"href":"https:\/\/www.accidentdutravail-idf.net\/blog\/wp-json\/wp\/v2\/categories?post=1100"},{"taxonomy":"post_tag","embeddable":true,"href":"https:\/\/www.accidentdutravail-idf.net\/blog\/wp-json\/wp\/v2\/tags?post=1100"}],"curies":[{"name":"wp","href":"https:\/\/api.w.org\/{rel}","templated":true}]}}