{"id":1098,"date":"2024-12-16T08:50:00","date_gmt":"2024-12-16T07:50:00","guid":{"rendered":"https:\/\/www.accidentdutravail-idf.net\/blog\/2023-funeste-annee-record-pour-les-morts-au-travail\/"},"modified":"2024-12-16T08:50:00","modified_gmt":"2024-12-16T07:50:00","slug":"2023-funeste-annee-record-pour-les-morts-au-travail","status":"publish","type":"post","link":"https:\/\/www.accidentdutravail-idf.net\/blog\/2023-funeste-annee-record-pour-les-morts-au-travail\/","title":{"rendered":"2023, funeste ann\u00e9e record pour les morts au travail"},"content":{"rendered":"<p>Les ann\u00e9es s\u2019encha\u00eenent. Et les chiffres augmentent, inexorablement. <a href=\"https:\/\/www.politis.fr\/articles\/2024\/01\/chiffres-politis-903-morts-au-travail-en-2022-triste-record\/\" target=\"_blank\" rel=\"noreferrer noopener nofollow\">Pour la deuxi\u00e8me ann\u00e9e cons\u00e9cutive<\/a>, le nombre d\u2019accidents du travail mortels d\u00e9passe des <strong>niveaux jamais atteints<\/strong> sur les derni\u00e8res ann\u00e9es. En effet, dans son <a href=\"https:\/\/www.assurance-maladie.ameli.fr\/etudes-et-donnees\/2023-rapport-annuel-assurance-maladie-risques-professionnels\" target=\"_blank\" rel=\"nofollow\">rapport annuel sur les risques professionnels et la sinistralit\u00e9<\/a>, la Caisse nationale d\u2019Assurance maladie (CNAM) a recens\u00e9 759 d\u00e9c\u00e8s suite \u00e0 un accident du travail en 2023.<\/p>\n<p>La publication de ce rapport ne fait pas \u2013 c\u2019est une habitude \u2013 la une des journaux en cette veille de No\u00ebl o\u00f9 l\u2019aspect social ne revient dans l\u2019actualit\u00e9 que pour \u00e9voquer la peur d\u2019une gr\u00e8ve \u00e0 la SNCF ou chez les transporteurs de colis. Pourtant, ce chiffre, tr\u00e8s important, repr\u00e9sente une <strong>hausse<\/strong> de 21 d\u00e9c\u00e8s par rapport \u00e0 2022 o\u00f9 738 personnes \u00e9taient mortes dans un accident de travail.<\/p>\n<p> <a href=\"https:\/\/www.politis.fr\/articles\/2024\/01\/chiffres-politis-903-morts-au-travail-en-2022-triste-record\/\" target class=\" gt_sujet\" target=\"_blank\" rel=\"nofollow\"> <\/p>\n<div class=\"list d-flex\"> <span class=\"svg\">    <\/span> <span class=\"text\"><strong>Sur le m\u00eame sujet :<\/strong> Chiffres Politis&nbsp;: 903 morts au travail en 2022, triste record<\/span> <\/div>\n<p> <\/a> <\/p>\n<p>Surtout, ce rapport vient conforter une tendance que les donn\u00e9es de 2022 avaient commenc\u00e9 \u00e0 dessiner. D\u2019ann\u00e9e en ann\u00e9e, le nombre de morts au travail augmente. En effet, il faut mettre de c\u00f4t\u00e9 les donn\u00e9es de&nbsp;2020 et&nbsp;2021 qui, du fait du covid-19 et de l\u2019arr\u00eat partiel de l\u2019\u00e9conomie, constitue des ann\u00e9es non repr\u00e9sentatives. Mais les chiffres de 2022 \u00e9taient d\u00e9j\u00e0 venus confirmer une forte hausse constat\u00e9e en 2019.<\/p>\n<div class=\"wp-block-image\">\n<figure class=\"aligncenter size-large is-resized\">\n<div class=\"cadre\"><a href=\"https:\/\/www.accidentdutravail-idf.net\/blog\/wp-content\/uploads\/2024\/12\/2023-funeste-annee-record-pour-les-morts-au-travail.jpg\" class=\"zoom\"><img decoding=\"async\" width=\"1024\" height=\"803\" src=\"https:\/\/www.accidentdutravail-idf.net\/blog\/wp-content\/uploads\/2024\/12\/2023-funeste-annee-record-pour-les-morts-au-travail.jpg\" alt class=\"wp-image-345180\"><\/a><\/div>\n<\/figure>\n<\/div>\n<p>\u00c0 l\u2019\u00e9poque, l\u2019augmentation de 2019 avait \u00e9t\u00e9 plac\u00e9e sur le compte d\u2019un changement de m\u00e9thodologie statistique prenant mieux en compte les malaises, sans pour autant que les cons\u00e9quences de ce changement ne soient pleinement <strong>quantifiables<\/strong>. \u00ab&nbsp;<em>J\u2019ai discut\u00e9 avec des statisticiens de la CNAM qui m\u2019ont assur\u00e9 que ce changement n\u2019expliquait qu\u2019en partie cette hausse<\/em>&nbsp;\u00bb, assurait l\u2019an pass\u00e9, \u00e0 <em>Politis,<\/em> <a href=\"https:\/\/www.politis.fr\/articles\/2024\/01\/la-precarisation-de-la-main-doeuvre-favorise-grandement-les-accidents-du-travail\/\" target=\"_blank\" rel=\"noreferrer noopener nofollow\">Matthieu L\u00e9pine<\/a>, auteur de <em>L\u2019H\u00e9catombe invisible, Enqu\u00eate sur les morts au travail<\/em>.<\/p>\n<p> <a href=\"https:\/\/www.politis.fr\/articles\/2024\/01\/la-precarisation-de-la-main-doeuvre-favorise-grandement-les-accidents-du-travail\/\" target class=\" gt_sujet\" target=\"_blank\" rel=\"nofollow\"> <\/p>\n<div class=\"list d-flex\"> <span class=\"svg\">    <\/span> <span class=\"text\"><strong>Sur le m\u00eame sujet :<\/strong> \u00ab La pr\u00e9carisation de la main-d\u2019\u0153uvre favorise grandement les accidents du travail&nbsp;\u00bb<\/span> <\/div>\n<p> <\/a> <\/p>\n<p>Sauf qu\u2019entre 2019 et 2023, aucun changement m\u00e9thodologique majeur n\u2019est \u00e0 noter. Et l\u2019augmentation, elle, se poursuit, atteignant des chiffres jusque-l\u00e0 jamais atteints au XXIe&nbsp;si\u00e8cle dans l\u2019Hexagone. Dans le d\u00e9tail, c\u2019est toujours les malaises qui repr\u00e9sentent le risque principal avec 57&nbsp;% des d\u00e9c\u00e8s constat\u00e9s. Une part stable par rapport \u00e0 2022. Le risque routier (12&nbsp;%) diminue l\u00e9g\u00e8rement, comme les suicides (4&nbsp;%). Le reste, qui sont donc les accidents du travail \u00ab&nbsp;classiques&nbsp;\u00bb (pour reprendre les termes de la CNAM), est la seule part qui augmente l\u00e9g\u00e8rement par rapport \u00e0 2022 (25&nbsp;%, +1 point).<\/p>\n<p>Une autre <strong>sp\u00e9cificit\u00e9<\/strong> de ce rapport saute aux yeux \u00e0 sa lecture&nbsp;: le nombre de morts au travail continue d\u2019augmenter, alors qu\u2019en parall\u00e8le, le nombre d\u2019accidents du travail continue de diminuer. En 2023, la Caisse a recens\u00e9 100&nbsp;000 accidents du travail de moins qu\u2019en 2019 \u2013 m\u00eame si elle invite dans le m\u00eame temps \u00e0 la prudence. <\/p>\n<h2 class=\"wp-block-heading\" id=\"h-decrochage\">D\u00e9crochage<\/h2>\n<p>En effet, en 2022, l\u2019Assurance maladie a remarqu\u00e9 que ses s\u00e9ries historiques sur les risques professionnels \u00ab&nbsp;d\u00e9crochaient&nbsp;\u00bb et que ce d\u00e9crochage ne peut <em>\u00ab&nbsp;\u00eatre expliqu\u00e9 par des \u00e9volutions favorables \u2018naturelles\u2019 de la sinistralit\u00e9&nbsp;\u00bb<\/em>. Dans ce nouveau rapport, elle n\u2019explique pas ce changement, constatant seulement que <em>\u00ab&nbsp;l\u2019ann\u00e9e 2023 confirme une rupture depuis la crise sanitaire des s\u00e9ries statistiques ant\u00e9rieures&nbsp;\u00bb<\/em>.<\/p>\n<p>M\u00eame constat sur les journ\u00e9es d\u2019incapacit\u00e9 temporaire (IT) qui sont, elles aussi, fortement en hausse. Leur nombre d\u00e9passe les 51&nbsp;millions, soit plus de cinq millions qu\u2019en 2019&nbsp;! Le tout, alors que la population salari\u00e9e du r\u00e9gime g\u00e9n\u00e9ral a augment\u00e9 de plus d\u2019un million entre ces deux bornes temporelles.<\/p>\n<p>Autrement dit, et m\u00eame s\u2019il faut \u00eatre prudent avec l\u2019analyse de ces donn\u00e9es, tout porte \u00e0 croire que la <strong>gravit\u00e9<\/strong> des accidents du travail est de plus en plus importante. Le BTP, les transports et les services (int\u00e9rim, sant\u00e9, nettoyage, etc.) restent, toujours, les secteurs d\u2019activit\u00e9 les plus mortels.<\/p>\n<p> <a href=\"https:\/\/www.politis.fr\/articles\/2024\/01\/la-precarisation-de-la-main-doeuvre-favorise-grandement-les-accidents-du-travail\/\" target class=\" gt_sujet\" target=\"_blank\" rel=\"nofollow\"> <\/p>\n<div class=\"list d-flex\"> <span class=\"svg\">    <\/span> <span class=\"text\"><strong>Sur le m\u00eame sujet :<\/strong> \u00ab La pr\u00e9carisation de la main-d\u2019\u0153uvre favorise grandement les accidents du travail&nbsp;\u00bb<\/span> <\/div>\n<p> <\/a> <\/p>\n<p>Des secteurs qui cumulent des facteurs accidentog\u00e8nes largement reconnus&nbsp;: sous-traitance en cascade, manque de formation, cadence \u00e9lev\u00e9e, pr\u00e9carisation des statuts, conditions de travail extr\u00eames, etc. Autant de raisons qui <strong>accroissent<\/strong> les risques, sans pour autant que ces sujets majeurs s\u2019imposent comme un probl\u00e8me public d\u2019ampleur.<\/p>\n<p>Enfin, ce chiffre de 759 d\u00e9c\u00e8s int\u00e8gre uniquement les salari\u00e9s du r\u00e9gime g\u00e9n\u00e9ral. Donc les secteurs agricoles ou de la fonction publique en sont, par exemple, absents. Ainsi, cet ouvrier agricole de 35 ans, mort \u00e9cras\u00e9 par son tracteur en mai&nbsp;2023 en Gironde, ne fait pas partie des 759 morts au travail d\u00e9compt\u00e9s par la Caisse.<\/p>\n<h2 class=\"wp-block-heading\" id=\"h-phenomene-de-societe\">Ph\u00e9nom\u00e8ne de soci\u00e9t\u00e9<\/h2>\n<p>L\u2019an pass\u00e9, <a href=\"https:\/\/www.politis.fr\/articles\/2024\/01\/chiffres-politis-903-morts-au-travail-en-2022-triste-record\/\" target=\"_blank\" rel=\"noreferrer noopener nofollow\"><em>Politis <\/em>avait compil\u00e9<\/a> les donn\u00e9es disponibles des diff\u00e9rents r\u00e9gimes. Ce recensement montrait que l\u2019augmentation du r\u00e9gime g\u00e9n\u00e9ral n\u2019\u00e9tait pas une exception, mais bien un ph\u00e9nom\u00e8ne de soci\u00e9t\u00e9 qui <strong>transcendait<\/strong> les secteurs d\u2019activit\u00e9. En 2022, nous recensions 903 morts, un funeste record au XXI<sup>e<\/sup>&nbsp;si\u00e8cle. Si, pour 2023, les autres r\u00e9gimes n\u2019ont pas encore publi\u00e9 leurs donn\u00e9es, la hausse significative du r\u00e9gime g\u00e9n\u00e9ral laisse pr\u00e9sager un nouveau record dramatique.<\/p>\n<p>Publi\u00e9 en fin de semaine derni\u00e8re, ce rapport n\u2019a retenu l\u2019attention d\u2019aucun m\u00e9dia g\u00e9n\u00e9raliste pour le moment. Lequel vient pourtant, une nouvelle fois, <strong>battre en br\u00e8che<\/strong> le discours gouvernemental qui, en pr\u00e9textant une \u00ab&nbsp;redoutable stabilit\u00e9&nbsp;\u00bb \u2013 dixit Olivier Dussopt en 2023 \u2013 , se d\u00e9sint\u00e9resse de ce sujet qui touche bien souvent les plus pr\u00e9caires de notre soci\u00e9t\u00e9.<\/p>\n<p> <a href=\"https:\/\/www.politis.fr\/boutique\/\" target=\"_blank\" class=\"gt_abonnement\" rel=\"nofollow\"> <\/p>\n<div class=\"list d-flex\"> <span class=\"text\">Recevez Politis chez vous chaque semaine !<\/span> <\/p>\n<div class=\"btn btn_blanc\" title=\"S\u2019abonner \u00e0 Politis\">    <span>Abonnez-vous<\/span> <\/div>\n<\/p><\/div>\n<p> <\/a> accidentdutravail-idf.net vous a pr\u00e9par\u00e9 ce post qui informe du sujet \u00ab\u00a0Association Sportive Huisson-Longueville Essonne\u00a0\u00bb. La chronique se veut g\u00e9n\u00e9r\u00e9e du mieux possible. Vous pouvez utiliser les coordonn\u00e9es indiqu\u00e9es sur le site dans le but d\u2019apporter des explications sur ce post qui parle du th\u00e8me \u00ab\u00a0Association Sportive Huisson-Longueville Essonne\u00a0\u00bb. Le site accidentdutravail-idf.net a pour but de fournir diverses publications sur la th\u00e9matique Association Sportive Huisson-Longueville Essonne diffus\u00e9es sur le net. Il y aura plusieurs articles autour du sujet \u00ab\u00a0Association Sportive Huisson-Longueville Essonne\u00a0\u00bb dans quelques jours, nous vous invitons \u00e0 naviguer sur notre site web \u00e0 plusieurs reprises.<\/p>\n","protected":false},"excerpt":{"rendered":"<p>Les ann\u00e9es s\u2019encha\u00eenent. Et les chiffres augmentent, inexorablement. Pour la deuxi\u00e8me ann\u00e9e cons\u00e9cutive, le nombre d\u2019accidents du travail mortels d\u00e9passe des niveaux jamais atteints sur les derni\u00e8res ann\u00e9es. En effet, dans son rapport annuel sur les risques professionnels et la sinistralit\u00e9, la Caisse nationale d\u2019Assurance maladie (CNAM) a recens\u00e9 759 d\u00e9c\u00e8s suite \u00e0 un accident &hellip; <\/p>\n<p class=\"link-more\"><a href=\"https:\/\/www.accidentdutravail-idf.net\/blog\/2023-funeste-annee-record-pour-les-morts-au-travail\/\" class=\"more-link\">Continuer la lecture <span class=\"screen-reader-text\"> \u00ab\u00a02023, funeste ann\u00e9e record pour les morts au travail\u00a0\u00bb<\/span><\/a><\/p>\n","protected":false},"author":2,"featured_media":0,"comment_status":"closed","ping_status":"closed","sticky":false,"template":"","format":"standard","meta":{"footnotes":""},"categories":[5],"tags":[],"class_list":["post-1098","post","type-post","status-publish","format-standard","hentry","category-securite-du-travail-en-ile-de-france-et-divers","entry"],"yoast_head":"<!-- This site is optimized with the Yoast SEO plugin v27.5 - https:\/\/yoast.com\/product\/yoast-seo-wordpress\/ -->\n<title>2023, funeste ann\u00e9e record pour les morts au travail - ACCIDENTDUTRAVAIL-IDF<\/title>\n<meta name=\"description\" content=\"2023, funeste ann\u00e9e record pour les morts au travail article de ACCIDENTDUTRAVAIL-IDF\" \/>\n<meta name=\"robots\" content=\"index, follow, max-snippet:-1, max-image-preview:large, max-video-preview:-1\" \/>\n<link rel=\"canonical\" href=\"https:\/\/www.accidentdutravail-idf.net\/blog\/2023-funeste-annee-record-pour-les-morts-au-travail\/\" \/>\n<meta property=\"og:locale\" content=\"fr_FR\" \/>\n<meta property=\"og:type\" content=\"article\" \/>\n<meta property=\"og:title\" content=\"2023, funeste ann\u00e9e record pour les morts au travail - ACCIDENTDUTRAVAIL-IDF\" \/>\n<meta property=\"og:description\" content=\"2023, funeste ann\u00e9e record pour les morts au travail article de ACCIDENTDUTRAVAIL-IDF\" \/>\n<meta property=\"og:url\" content=\"https:\/\/www.accidentdutravail-idf.net\/blog\/2023-funeste-annee-record-pour-les-morts-au-travail\/\" \/>\n<meta property=\"og:site_name\" content=\"ACCIDENTDUTRAVAIL-IDF\" \/>\n<meta property=\"article:published_time\" content=\"2024-12-16T07:50:00+00:00\" \/>\n<meta name=\"author\" content=\"Carlos Poulain\" \/>\n<meta name=\"twitter:card\" content=\"summary_large_image\" \/>\n<meta name=\"twitter:label1\" content=\"\u00c9crit par\" \/>\n\t<meta name=\"twitter:data1\" content=\"Carlos Poulain\" \/>\n\t<meta name=\"twitter:label2\" content=\"Dur\u00e9e de lecture estim\u00e9e\" \/>\n\t<meta name=\"twitter:data2\" content=\"6 minutes\" \/>\n<script type=\"application\/ld+json\" class=\"yoast-schema-graph\">{\"@context\":\"https:\\\/\\\/schema.org\",\"@graph\":[{\"@type\":\"Article\",\"@id\":\"https:\\\/\\\/www.accidentdutravail-idf.net\\\/blog\\\/2023-funeste-annee-record-pour-les-morts-au-travail\\\/#article\",\"isPartOf\":{\"@id\":\"https:\\\/\\\/www.accidentdutravail-idf.net\\\/blog\\\/2023-funeste-annee-record-pour-les-morts-au-travail\\\/\"},\"author\":{\"name\":\"Carlos Poulain\",\"@id\":\"https:\\\/\\\/www.accidentdutravail-idf.net\\\/blog\\\/#\\\/schema\\\/person\\\/3255d2f970de45e64bd9201f38e7b947\"},\"headline\":\"2023, funeste ann\u00e9e record pour les morts au travail\",\"datePublished\":\"2024-12-16T07:50:00+00:00\",\"mainEntityOfPage\":{\"@id\":\"https:\\\/\\\/www.accidentdutravail-idf.net\\\/blog\\\/2023-funeste-annee-record-pour-les-morts-au-travail\\\/\"},\"wordCount\":1111,\"publisher\":{\"@id\":\"https:\\\/\\\/www.accidentdutravail-idf.net\\\/blog\\\/#organization\"},\"image\":{\"@id\":\"https:\\\/\\\/www.accidentdutravail-idf.net\\\/blog\\\/2023-funeste-annee-record-pour-les-morts-au-travail\\\/#primaryimage\"},\"thumbnailUrl\":\"https:\\\/\\\/www.accidentdutravail-idf.net\\\/blog\\\/wp-content\\\/uploads\\\/2024\\\/12\\\/2023-funeste-annee-record-pour-les-morts-au-travail.jpg\",\"articleSection\":[\"S\u00e9curit\u00e9 Du Travail En Ile-De-France Et Divers:\"],\"inLanguage\":\"fr-FR\"},{\"@type\":\"WebPage\",\"@id\":\"https:\\\/\\\/www.accidentdutravail-idf.net\\\/blog\\\/2023-funeste-annee-record-pour-les-morts-au-travail\\\/\",\"url\":\"https:\\\/\\\/www.accidentdutravail-idf.net\\\/blog\\\/2023-funeste-annee-record-pour-les-morts-au-travail\\\/\",\"name\":\"2023, funeste ann\u00e9e record pour les morts au travail - ACCIDENTDUTRAVAIL-IDF\",\"isPartOf\":{\"@id\":\"https:\\\/\\\/www.accidentdutravail-idf.net\\\/blog\\\/#website\"},\"primaryImageOfPage\":{\"@id\":\"https:\\\/\\\/www.accidentdutravail-idf.net\\\/blog\\\/2023-funeste-annee-record-pour-les-morts-au-travail\\\/#primaryimage\"},\"image\":{\"@id\":\"https:\\\/\\\/www.accidentdutravail-idf.net\\\/blog\\\/2023-funeste-annee-record-pour-les-morts-au-travail\\\/#primaryimage\"},\"thumbnailUrl\":\"https:\\\/\\\/www.accidentdutravail-idf.net\\\/blog\\\/wp-content\\\/uploads\\\/2024\\\/12\\\/2023-funeste-annee-record-pour-les-morts-au-travail.jpg\",\"datePublished\":\"2024-12-16T07:50:00+00:00\",\"description\":\"2023, funeste ann\u00e9e record pour les morts au travail article de ACCIDENTDUTRAVAIL-IDF\",\"breadcrumb\":{\"@id\":\"https:\\\/\\\/www.accidentdutravail-idf.net\\\/blog\\\/2023-funeste-annee-record-pour-les-morts-au-travail\\\/#breadcrumb\"},\"inLanguage\":\"fr-FR\",\"potentialAction\":[{\"@type\":\"ReadAction\",\"target\":[\"https:\\\/\\\/www.accidentdutravail-idf.net\\\/blog\\\/2023-funeste-annee-record-pour-les-morts-au-travail\\\/\"]}]},{\"@type\":\"ImageObject\",\"inLanguage\":\"fr-FR\",\"@id\":\"https:\\\/\\\/www.accidentdutravail-idf.net\\\/blog\\\/2023-funeste-annee-record-pour-les-morts-au-travail\\\/#primaryimage\",\"url\":\"https:\\\/\\\/www.accidentdutravail-idf.net\\\/blog\\\/wp-content\\\/uploads\\\/2024\\\/12\\\/2023-funeste-annee-record-pour-les-morts-au-travail.jpg\",\"contentUrl\":\"https:\\\/\\\/www.accidentdutravail-idf.net\\\/blog\\\/wp-content\\\/uploads\\\/2024\\\/12\\\/2023-funeste-annee-record-pour-les-morts-au-travail.jpg\"},{\"@type\":\"BreadcrumbList\",\"@id\":\"https:\\\/\\\/www.accidentdutravail-idf.net\\\/blog\\\/2023-funeste-annee-record-pour-les-morts-au-travail\\\/#breadcrumb\",\"itemListElement\":[{\"@type\":\"ListItem\",\"position\":1,\"name\":\"Accueil\",\"item\":\"https:\\\/\\\/www.accidentdutravail-idf.net\\\/blog\\\/\"},{\"@type\":\"ListItem\",\"position\":2,\"name\":\"2023, funeste ann\u00e9e record pour les morts au travail\"}]},{\"@type\":\"WebSite\",\"@id\":\"https:\\\/\\\/www.accidentdutravail-idf.net\\\/blog\\\/#website\",\"url\":\"https:\\\/\\\/www.accidentdutravail-idf.net\\\/blog\\\/\",\"name\":\"ACCIDENTDUTRAVAIL-IDF\",\"description\":\"Portail accidents du travail-maladies professionnelles des entreprises d&#039;Ile-de-France\",\"publisher\":{\"@id\":\"https:\\\/\\\/www.accidentdutravail-idf.net\\\/blog\\\/#organization\"},\"potentialAction\":[{\"@type\":\"SearchAction\",\"target\":{\"@type\":\"EntryPoint\",\"urlTemplate\":\"https:\\\/\\\/www.accidentdutravail-idf.net\\\/blog\\\/?s={search_term_string}\"},\"query-input\":{\"@type\":\"PropertyValueSpecification\",\"valueRequired\":true,\"valueName\":\"search_term_string\"}}],\"inLanguage\":\"fr-FR\"},{\"@type\":\"Organization\",\"@id\":\"https:\\\/\\\/www.accidentdutravail-idf.net\\\/blog\\\/#organization\",\"name\":\"accidentdutravail-idf\",\"url\":\"https:\\\/\\\/www.accidentdutravail-idf.net\\\/blog\\\/\",\"logo\":{\"@type\":\"ImageObject\",\"inLanguage\":\"fr-FR\",\"@id\":\"https:\\\/\\\/www.accidentdutravail-idf.net\\\/blog\\\/#\\\/schema\\\/logo\\\/image\\\/\",\"url\":\"https:\\\/\\\/www.accidentdutravail-idf.net\\\/blog\\\/wp-content\\\/uploads\\\/2022\\\/09\\\/logo-2.png\",\"contentUrl\":\"https:\\\/\\\/www.accidentdutravail-idf.net\\\/blog\\\/wp-content\\\/uploads\\\/2022\\\/09\\\/logo-2.png\",\"width\":380,\"height\":291,\"caption\":\"accidentdutravail-idf\"},\"image\":{\"@id\":\"https:\\\/\\\/www.accidentdutravail-idf.net\\\/blog\\\/#\\\/schema\\\/logo\\\/image\\\/\"}},{\"@type\":\"Person\",\"@id\":\"https:\\\/\\\/www.accidentdutravail-idf.net\\\/blog\\\/#\\\/schema\\\/person\\\/3255d2f970de45e64bd9201f38e7b947\",\"name\":\"Carlos Poulain\",\"image\":{\"@type\":\"ImageObject\",\"inLanguage\":\"fr-FR\",\"@id\":\"https:\\\/\\\/secure.gravatar.com\\\/avatar\\\/b1c2f9d3588e34e91adb093635df64ef4b2381991216be7576466cfcdca4baf3?s=96&d=mm&r=g\",\"url\":\"https:\\\/\\\/secure.gravatar.com\\\/avatar\\\/b1c2f9d3588e34e91adb093635df64ef4b2381991216be7576466cfcdca4baf3?s=96&d=mm&r=g\",\"contentUrl\":\"https:\\\/\\\/secure.gravatar.com\\\/avatar\\\/b1c2f9d3588e34e91adb093635df64ef4b2381991216be7576466cfcdca4baf3?s=96&d=mm&r=g\",\"caption\":\"Carlos Poulain\"},\"url\":\"https:\\\/\\\/www.accidentdutravail-idf.net\\\/blog\\\/author\\\/idfcarlos\\\/\"}]}<\/script>\n<!-- \/ Yoast SEO plugin. -->","yoast_head_json":{"title":"2023, funeste ann\u00e9e record pour les morts au travail - ACCIDENTDUTRAVAIL-IDF","description":"2023, funeste ann\u00e9e record pour les morts au travail article de ACCIDENTDUTRAVAIL-IDF","robots":{"index":"index","follow":"follow","max-snippet":"max-snippet:-1","max-image-preview":"max-image-preview:large","max-video-preview":"max-video-preview:-1"},"canonical":"https:\/\/www.accidentdutravail-idf.net\/blog\/2023-funeste-annee-record-pour-les-morts-au-travail\/","og_locale":"fr_FR","og_type":"article","og_title":"2023, funeste ann\u00e9e record pour les morts au travail - ACCIDENTDUTRAVAIL-IDF","og_description":"2023, funeste ann\u00e9e record pour les morts au travail article de ACCIDENTDUTRAVAIL-IDF","og_url":"https:\/\/www.accidentdutravail-idf.net\/blog\/2023-funeste-annee-record-pour-les-morts-au-travail\/","og_site_name":"ACCIDENTDUTRAVAIL-IDF","article_published_time":"2024-12-16T07:50:00+00:00","author":"Carlos Poulain","twitter_card":"summary_large_image","twitter_misc":{"\u00c9crit par":"Carlos Poulain","Dur\u00e9e de lecture estim\u00e9e":"6 minutes"},"schema":{"@context":"https:\/\/schema.org","@graph":[{"@type":"Article","@id":"https:\/\/www.accidentdutravail-idf.net\/blog\/2023-funeste-annee-record-pour-les-morts-au-travail\/#article","isPartOf":{"@id":"https:\/\/www.accidentdutravail-idf.net\/blog\/2023-funeste-annee-record-pour-les-morts-au-travail\/"},"author":{"name":"Carlos Poulain","@id":"https:\/\/www.accidentdutravail-idf.net\/blog\/#\/schema\/person\/3255d2f970de45e64bd9201f38e7b947"},"headline":"2023, funeste ann\u00e9e record pour les morts au travail","datePublished":"2024-12-16T07:50:00+00:00","mainEntityOfPage":{"@id":"https:\/\/www.accidentdutravail-idf.net\/blog\/2023-funeste-annee-record-pour-les-morts-au-travail\/"},"wordCount":1111,"publisher":{"@id":"https:\/\/www.accidentdutravail-idf.net\/blog\/#organization"},"image":{"@id":"https:\/\/www.accidentdutravail-idf.net\/blog\/2023-funeste-annee-record-pour-les-morts-au-travail\/#primaryimage"},"thumbnailUrl":"https:\/\/www.accidentdutravail-idf.net\/blog\/wp-content\/uploads\/2024\/12\/2023-funeste-annee-record-pour-les-morts-au-travail.jpg","articleSection":["S\u00e9curit\u00e9 Du Travail En Ile-De-France Et Divers:"],"inLanguage":"fr-FR"},{"@type":"WebPage","@id":"https:\/\/www.accidentdutravail-idf.net\/blog\/2023-funeste-annee-record-pour-les-morts-au-travail\/","url":"https:\/\/www.accidentdutravail-idf.net\/blog\/2023-funeste-annee-record-pour-les-morts-au-travail\/","name":"2023, funeste ann\u00e9e record pour les morts au travail - ACCIDENTDUTRAVAIL-IDF","isPartOf":{"@id":"https:\/\/www.accidentdutravail-idf.net\/blog\/#website"},"primaryImageOfPage":{"@id":"https:\/\/www.accidentdutravail-idf.net\/blog\/2023-funeste-annee-record-pour-les-morts-au-travail\/#primaryimage"},"image":{"@id":"https:\/\/www.accidentdutravail-idf.net\/blog\/2023-funeste-annee-record-pour-les-morts-au-travail\/#primaryimage"},"thumbnailUrl":"https:\/\/www.accidentdutravail-idf.net\/blog\/wp-content\/uploads\/2024\/12\/2023-funeste-annee-record-pour-les-morts-au-travail.jpg","datePublished":"2024-12-16T07:50:00+00:00","description":"2023, funeste ann\u00e9e record pour les morts au travail article de ACCIDENTDUTRAVAIL-IDF","breadcrumb":{"@id":"https:\/\/www.accidentdutravail-idf.net\/blog\/2023-funeste-annee-record-pour-les-morts-au-travail\/#breadcrumb"},"inLanguage":"fr-FR","potentialAction":[{"@type":"ReadAction","target":["https:\/\/www.accidentdutravail-idf.net\/blog\/2023-funeste-annee-record-pour-les-morts-au-travail\/"]}]},{"@type":"ImageObject","inLanguage":"fr-FR","@id":"https:\/\/www.accidentdutravail-idf.net\/blog\/2023-funeste-annee-record-pour-les-morts-au-travail\/#primaryimage","url":"https:\/\/www.accidentdutravail-idf.net\/blog\/wp-content\/uploads\/2024\/12\/2023-funeste-annee-record-pour-les-morts-au-travail.jpg","contentUrl":"https:\/\/www.accidentdutravail-idf.net\/blog\/wp-content\/uploads\/2024\/12\/2023-funeste-annee-record-pour-les-morts-au-travail.jpg"},{"@type":"BreadcrumbList","@id":"https:\/\/www.accidentdutravail-idf.net\/blog\/2023-funeste-annee-record-pour-les-morts-au-travail\/#breadcrumb","itemListElement":[{"@type":"ListItem","position":1,"name":"Accueil","item":"https:\/\/www.accidentdutravail-idf.net\/blog\/"},{"@type":"ListItem","position":2,"name":"2023, funeste ann\u00e9e record pour les morts au travail"}]},{"@type":"WebSite","@id":"https:\/\/www.accidentdutravail-idf.net\/blog\/#website","url":"https:\/\/www.accidentdutravail-idf.net\/blog\/","name":"ACCIDENTDUTRAVAIL-IDF","description":"Portail accidents du travail-maladies professionnelles des entreprises d&#039;Ile-de-France","publisher":{"@id":"https:\/\/www.accidentdutravail-idf.net\/blog\/#organization"},"potentialAction":[{"@type":"SearchAction","target":{"@type":"EntryPoint","urlTemplate":"https:\/\/www.accidentdutravail-idf.net\/blog\/?s={search_term_string}"},"query-input":{"@type":"PropertyValueSpecification","valueRequired":true,"valueName":"search_term_string"}}],"inLanguage":"fr-FR"},{"@type":"Organization","@id":"https:\/\/www.accidentdutravail-idf.net\/blog\/#organization","name":"accidentdutravail-idf","url":"https:\/\/www.accidentdutravail-idf.net\/blog\/","logo":{"@type":"ImageObject","inLanguage":"fr-FR","@id":"https:\/\/www.accidentdutravail-idf.net\/blog\/#\/schema\/logo\/image\/","url":"https:\/\/www.accidentdutravail-idf.net\/blog\/wp-content\/uploads\/2022\/09\/logo-2.png","contentUrl":"https:\/\/www.accidentdutravail-idf.net\/blog\/wp-content\/uploads\/2022\/09\/logo-2.png","width":380,"height":291,"caption":"accidentdutravail-idf"},"image":{"@id":"https:\/\/www.accidentdutravail-idf.net\/blog\/#\/schema\/logo\/image\/"}},{"@type":"Person","@id":"https:\/\/www.accidentdutravail-idf.net\/blog\/#\/schema\/person\/3255d2f970de45e64bd9201f38e7b947","name":"Carlos Poulain","image":{"@type":"ImageObject","inLanguage":"fr-FR","@id":"https:\/\/secure.gravatar.com\/avatar\/b1c2f9d3588e34e91adb093635df64ef4b2381991216be7576466cfcdca4baf3?s=96&d=mm&r=g","url":"https:\/\/secure.gravatar.com\/avatar\/b1c2f9d3588e34e91adb093635df64ef4b2381991216be7576466cfcdca4baf3?s=96&d=mm&r=g","contentUrl":"https:\/\/secure.gravatar.com\/avatar\/b1c2f9d3588e34e91adb093635df64ef4b2381991216be7576466cfcdca4baf3?s=96&d=mm&r=g","caption":"Carlos Poulain"},"url":"https:\/\/www.accidentdutravail-idf.net\/blog\/author\/idfcarlos\/"}]}},"_links":{"self":[{"href":"https:\/\/www.accidentdutravail-idf.net\/blog\/wp-json\/wp\/v2\/posts\/1098","targetHints":{"allow":["GET"]}}],"collection":[{"href":"https:\/\/www.accidentdutravail-idf.net\/blog\/wp-json\/wp\/v2\/posts"}],"about":[{"href":"https:\/\/www.accidentdutravail-idf.net\/blog\/wp-json\/wp\/v2\/types\/post"}],"author":[{"embeddable":true,"href":"https:\/\/www.accidentdutravail-idf.net\/blog\/wp-json\/wp\/v2\/users\/2"}],"replies":[{"embeddable":true,"href":"https:\/\/www.accidentdutravail-idf.net\/blog\/wp-json\/wp\/v2\/comments?post=1098"}],"version-history":[{"count":0,"href":"https:\/\/www.accidentdutravail-idf.net\/blog\/wp-json\/wp\/v2\/posts\/1098\/revisions"}],"wp:attachment":[{"href":"https:\/\/www.accidentdutravail-idf.net\/blog\/wp-json\/wp\/v2\/media?parent=1098"}],"wp:term":[{"taxonomy":"category","embeddable":true,"href":"https:\/\/www.accidentdutravail-idf.net\/blog\/wp-json\/wp\/v2\/categories?post=1098"},{"taxonomy":"post_tag","embeddable":true,"href":"https:\/\/www.accidentdutravail-idf.net\/blog\/wp-json\/wp\/v2\/tags?post=1098"}],"curies":[{"name":"wp","href":"https:\/\/api.w.org\/{rel}","templated":true}]}}