{"id":1095,"date":"2024-12-13T21:31:00","date_gmt":"2024-12-13T20:31:00","guid":{"rendered":"https:\/\/www.accidentdutravail-idf.net\/blog\/arrets-de-travail-en-augmentation-qui-en-pose-le-plus-combien-ca-coute-un-rapport-devoile-les-chiffres-du-phenomene\/"},"modified":"2024-12-13T21:31:00","modified_gmt":"2024-12-13T20:31:00","slug":"arrets-de-travail-en-augmentation-qui-en-pose-le-plus-combien-ca-coute-un-rapport-devoile-les-chiffres-du-phenomene","status":"publish","type":"post","link":"https:\/\/www.accidentdutravail-idf.net\/blog\/arrets-de-travail-en-augmentation-qui-en-pose-le-plus-combien-ca-coute-un-rapport-devoile-les-chiffres-du-phenomene\/","title":{"rendered":"Arr\u00eats de travail en augmentation : qui en pose le plus ? Combien \u00e7a co\u00fbte ? Un rapport d\u00e9voile les chiffres du ph\u00e9nom\u00e8ne"},"content":{"rendered":"<div><img decoding=\"async\" src=\"https:\/\/www.accidentdutravail-idf.net\/blog\/wp-content\/uploads\/2024\/12\/arrets-de-travail-en-augmentation-qui-en-pose-le-plus-combien-ca-coute-un-rapport-devoile-les-chiffres-du-phenomene.jpg\" class=\"ff-og-image-inserted\"><\/div>\n<p> <span class=\"article-full__chapo-label hide-on-small-only\">l&rsquo;essentiel<\/span> Les arr\u00eats maladie sont en augmentation depuis 2019, d\u2019apr\u00e8s une \u00e9tude de la Direction de la recherche, des \u00e9tudes, de l\u2019\u00e9valuation et des statistiques (DREES) et la Caisse nationale de l\u2019Assurance Maladie (CNAM) parue le 13&nbsp;d\u00e9cembre 2024.<br \/>&nbsp; <\/p>\n<div> <!-- Pub DFP Position [outstream] --> <\/p>\n<p>Vieillissement de la population active, augmentation du SMIC\u2026 Depuis 2010, <a href=\"https:\/\/www.ladepeche.fr\/2024\/09\/12\/entretien-hausse-des-arrets-maladie-on-ne-va-pas-arreter-de-payer-les-gens-en-arret-parce-que-quelques-personnes-abusent-12190377.php\" target=\"_self\" rel=\"nofollow\">les arr\u00eats de travail sont en croissance constante.<\/a> Tel est le constat de l\u2019<a href=\"https:\/\/drees.solidarites-sante.gouv.fr\/publications-communique-de-presse\/etudes-et-resultats\/241211_ER_Arrets-Maladie\" target=\"_self\" rel=\"nofollow\">\u00e9tude <\/a>publi\u00e9e le 13 d\u00e9cembre 2024 par la Direction de la recherche, des \u00e9tudes, de l\u2019\u00e9valuation et des statistiques (DREES) et la Caisse nationale de l\u2019Assurance Maladie (CNAM). Entre 2010 et 2019, les arr\u00eats de travail ont connu une hausse de 2,3 % par an, qui s\u2019est hiss\u00e9e \u00e0 3,9 % entre 2019 et 2023. Par ailleurs, les arr\u00eats pour accidents du travail et maladies professionnelles (AT-MP) ont continu\u00e9 de cro\u00eetre l\u2019ann\u00e9e derni\u00e8re.<\/p>\n<p>Cons\u00e9quence, les d\u00e9penses li\u00e9es \u00e0 l\u2019indemnisation des salari\u00e9s ont augment\u00e9 de 6 \u00e0 10,2 milliards d\u2019euros depuis 2010. En cause, le recul de l\u2019\u00e2ge de la retraite, qui a maintenu les seniors en activit\u00e9 avec un risque accru d\u2019arr\u00eat maladie, mais \u00e9galement l\u2019augmentation du SMIC, sur lequel sont index\u00e9es les indemnit\u00e9s journali\u00e8res.<\/p>\n<p><!-- Pub DFP Position [article] --> <\/p>\n<h2 class=\"txt-int\">Une population active vieillissante<\/h2>\n<p>Dans 60 % des cas, les arr\u00eats de travail sont caus\u00e9s par la maladie. Et en la mati\u00e8re, les seniors sont les plus touch\u00e9s. \u00ab\u00a0Au cours des ann\u00e9es 2010, la hausse des arr\u00eats maladie a \u00e9t\u00e9 particuli\u00e8rement marqu\u00e9e pour les salari\u00e9s \u00e2g\u00e9s\u00a0\u00bb, rel\u00e8ve l\u2019\u00e9tude, qui pr\u00e9cise que les dur\u00e9es d\u2019arr\u00eat sont par ailleurs \u00ab\u00a0nettement plus \u00e9lev\u00e9es\u00a0\u00bb chez les seniors.<\/p>\n<p>Si les salari\u00e9s \u00e2g\u00e9s tombent plus souvent malades, c\u2019est en partie parce qu\u2019ils travaillent plus longtemps. \u00ab\u00a0La participation des seniors au march\u00e9 du travail n\u2019a cess\u00e9 de cro\u00eetre ces derni\u00e8res ann\u00e9es, notamment sous l\u2019effet des r\u00e9formes des retraites successives repoussant l\u2019\u00e2ge de d\u00e9part \u00e0 la retraite\u00a0\u00bb, rel\u00e8ve l\u2019INSEE dans une <a href=\"https:\/\/www.insee.fr\/fr\/statistiques\/7767123?sommaire=7767424\" target=\"_self\" rel=\"nofollow\">enqu\u00eate <\/a>de 2023. Et cette tendance va se poursuivre : en 2025, les personnes \u00e2g\u00e9es de 50 \u00e0 64 ans repr\u00e9senteront 35 % de la population active, selon les projections de l<a href=\"https:\/\/www.insee.fr\/fr\/statistiques\/7456937?sommaire=7456956\" target=\"_self\" rel=\"nofollow\">\u2019Insee.<\/a><\/p>\n<h2 class=\"txt-int\">Un SMIC revaloris\u00e9<\/h2>\n<p>Second facteur d\u2019augmentation de la d\u00e9pense en indemnit\u00e9s de travail, la revalorisation du smic. Depuis octobre 2021, le salaire minimum a \u00e9t\u00e9 augment\u00e9 plusieurs fois pour faire face \u00e0 l\u2019inflation. Or, les indemnit\u00e9s vers\u00e9es par l\u2019assurance maladie \u00e9tant proportionnelles au salaire, plus celui-ci est \u00e9lev\u00e9, plus les indemnit\u00e9s le sont. Et donc plus les arr\u00eats maladie co\u00fbtent cher.<\/p>\n<p>\u00c0 noter que ces revalorisations b\u00e9n\u00e9ficient surtout aux plus jeunes, dont les indemnit\u00e9s sont nettement plus faibles : 27 euros en moyenne par journ\u00e9e indemnis\u00e9e pour les moins de 25 ans et 34 euros pour les 25-29 ans, contre 36 \u00e0 37 euros pour le reste de la population.<\/p>\n<\/p><\/div>\n<p>accidentdutravail-idf.net vous a pr\u00e9par\u00e9 ce post qui informe du sujet \u00ab\u00a0Association Sportive Huisson-Longueville Essonne\u00a0\u00bb. La chronique se veut g\u00e9n\u00e9r\u00e9e du mieux possible. Vous pouvez utiliser les coordonn\u00e9es indiqu\u00e9es sur le site dans le but d\u2019apporter des explications sur ce post qui parle du th\u00e8me \u00ab\u00a0Association Sportive Huisson-Longueville Essonne\u00a0\u00bb. Le site accidentdutravail-idf.net a pour but de fournir diverses publications sur la th\u00e9matique Association Sportive Huisson-Longueville Essonne diffus\u00e9es sur le net. Il y aura plusieurs articles autour du sujet \u00ab\u00a0Association Sportive Huisson-Longueville Essonne\u00a0\u00bb dans quelques jours, nous vous invitons \u00e0 naviguer sur notre site web \u00e0 plusieurs reprises.<\/p>\n","protected":false},"excerpt":{"rendered":"<p>l&rsquo;essentiel Les arr\u00eats maladie sont en augmentation depuis 2019, d\u2019apr\u00e8s une \u00e9tude de la Direction de la recherche, des \u00e9tudes, de l\u2019\u00e9valuation et des statistiques (DREES) et la Caisse nationale de l\u2019Assurance Maladie (CNAM) parue le 13&nbsp;d\u00e9cembre 2024.&nbsp; Vieillissement de la population active, augmentation du SMIC\u2026 Depuis 2010, les arr\u00eats de travail sont en croissance &hellip; <\/p>\n<p class=\"link-more\"><a href=\"https:\/\/www.accidentdutravail-idf.net\/blog\/arrets-de-travail-en-augmentation-qui-en-pose-le-plus-combien-ca-coute-un-rapport-devoile-les-chiffres-du-phenomene\/\" class=\"more-link\">Continuer la lecture <span class=\"screen-reader-text\"> \u00ab\u00a0Arr\u00eats de travail en augmentation : qui en pose le plus ? Combien \u00e7a co\u00fbte ? Un rapport d\u00e9voile les chiffres du ph\u00e9nom\u00e8ne\u00a0\u00bb<\/span><\/a><\/p>\n","protected":false},"author":2,"featured_media":0,"comment_status":"closed","ping_status":"closed","sticky":false,"template":"","format":"standard","meta":{"footnotes":""},"categories":[5],"tags":[],"class_list":["post-1095","post","type-post","status-publish","format-standard","hentry","category-securite-du-travail-en-ile-de-france-et-divers","entry"],"yoast_head":"<!-- This site is optimized with the Yoast SEO plugin v27.5 - https:\/\/yoast.com\/product\/yoast-seo-wordpress\/ -->\n<title>Arr\u00eats de travail en augmentation : qui en pose le plus ? Combien \u00e7a co\u00fbte ? Un rapport d\u00e9voile les chiffres du ph\u00e9nom\u00e8ne - ACCIDENTDUTRAVAIL-IDF<\/title>\n<meta name=\"description\" content=\"Arr\u00eats de travail en augmentation : qui en pose le plus ? Combien \u00e7a co\u00fbte ? Un rapport d\u00e9voile les chiffres du ph\u00e9nom\u00e8ne article de ACCIDENTDUTRAVAIL-IDF\" \/>\n<meta name=\"robots\" content=\"index, follow, max-snippet:-1, max-image-preview:large, max-video-preview:-1\" \/>\n<link rel=\"canonical\" href=\"https:\/\/www.accidentdutravail-idf.net\/blog\/arrets-de-travail-en-augmentation-qui-en-pose-le-plus-combien-ca-coute-un-rapport-devoile-les-chiffres-du-phenomene\/\" \/>\n<meta property=\"og:locale\" content=\"fr_FR\" \/>\n<meta property=\"og:type\" content=\"article\" \/>\n<meta property=\"og:title\" content=\"Arr\u00eats de travail en augmentation : qui en pose le plus ? Combien \u00e7a co\u00fbte ? Un rapport d\u00e9voile les chiffres du ph\u00e9nom\u00e8ne - ACCIDENTDUTRAVAIL-IDF\" \/>\n<meta property=\"og:description\" content=\"Arr\u00eats de travail en augmentation : qui en pose le plus ? Combien \u00e7a co\u00fbte ? Un rapport d\u00e9voile les chiffres du ph\u00e9nom\u00e8ne article de ACCIDENTDUTRAVAIL-IDF\" \/>\n<meta property=\"og:url\" content=\"https:\/\/www.accidentdutravail-idf.net\/blog\/arrets-de-travail-en-augmentation-qui-en-pose-le-plus-combien-ca-coute-un-rapport-devoile-les-chiffres-du-phenomene\/\" \/>\n<meta property=\"og:site_name\" content=\"ACCIDENTDUTRAVAIL-IDF\" \/>\n<meta property=\"article:published_time\" content=\"2024-12-13T20:31:00+00:00\" \/>\n<meta property=\"og:image\" content=\"https:\/\/www.accidentdutravail-idf.net\/blog\/wp-content\/uploads\/2024\/12\/arrets-de-travail-en-augmentation-qui-en-pose-le-plus-combien-ca-coute-un-rapport-devoile-les-chiffres-du-phenomene.jpg\" \/>\n<meta name=\"author\" content=\"Carlos Poulain\" \/>\n<meta name=\"twitter:card\" content=\"summary_large_image\" \/>\n<meta name=\"twitter:label1\" content=\"\u00c9crit par\" \/>\n\t<meta name=\"twitter:data1\" content=\"Carlos Poulain\" \/>\n\t<meta name=\"twitter:label2\" content=\"Dur\u00e9e de lecture estim\u00e9e\" \/>\n\t<meta name=\"twitter:data2\" content=\"3 minutes\" \/>\n<script type=\"application\/ld+json\" class=\"yoast-schema-graph\">{\"@context\":\"https:\\\/\\\/schema.org\",\"@graph\":[{\"@type\":\"Article\",\"@id\":\"https:\\\/\\\/www.accidentdutravail-idf.net\\\/blog\\\/arrets-de-travail-en-augmentation-qui-en-pose-le-plus-combien-ca-coute-un-rapport-devoile-les-chiffres-du-phenomene\\\/#article\",\"isPartOf\":{\"@id\":\"https:\\\/\\\/www.accidentdutravail-idf.net\\\/blog\\\/arrets-de-travail-en-augmentation-qui-en-pose-le-plus-combien-ca-coute-un-rapport-devoile-les-chiffres-du-phenomene\\\/\"},\"author\":{\"name\":\"Carlos Poulain\",\"@id\":\"https:\\\/\\\/www.accidentdutravail-idf.net\\\/blog\\\/#\\\/schema\\\/person\\\/3255d2f970de45e64bd9201f38e7b947\"},\"headline\":\"Arr\u00eats de travail en augmentation : qui en pose le plus ? Combien \u00e7a co\u00fbte ? Un rapport d\u00e9voile les chiffres du ph\u00e9nom\u00e8ne\",\"datePublished\":\"2024-12-13T20:31:00+00:00\",\"mainEntityOfPage\":{\"@id\":\"https:\\\/\\\/www.accidentdutravail-idf.net\\\/blog\\\/arrets-de-travail-en-augmentation-qui-en-pose-le-plus-combien-ca-coute-un-rapport-devoile-les-chiffres-du-phenomene\\\/\"},\"wordCount\":616,\"publisher\":{\"@id\":\"https:\\\/\\\/www.accidentdutravail-idf.net\\\/blog\\\/#organization\"},\"image\":{\"@id\":\"https:\\\/\\\/www.accidentdutravail-idf.net\\\/blog\\\/arrets-de-travail-en-augmentation-qui-en-pose-le-plus-combien-ca-coute-un-rapport-devoile-les-chiffres-du-phenomene\\\/#primaryimage\"},\"thumbnailUrl\":\"https:\\\/\\\/www.accidentdutravail-idf.net\\\/blog\\\/wp-content\\\/uploads\\\/2024\\\/12\\\/arrets-de-travail-en-augmentation-qui-en-pose-le-plus-combien-ca-coute-un-rapport-devoile-les-chiffres-du-phenomene.jpg\",\"articleSection\":[\"S\u00e9curit\u00e9 Du Travail En Ile-De-France Et Divers:\"],\"inLanguage\":\"fr-FR\"},{\"@type\":\"WebPage\",\"@id\":\"https:\\\/\\\/www.accidentdutravail-idf.net\\\/blog\\\/arrets-de-travail-en-augmentation-qui-en-pose-le-plus-combien-ca-coute-un-rapport-devoile-les-chiffres-du-phenomene\\\/\",\"url\":\"https:\\\/\\\/www.accidentdutravail-idf.net\\\/blog\\\/arrets-de-travail-en-augmentation-qui-en-pose-le-plus-combien-ca-coute-un-rapport-devoile-les-chiffres-du-phenomene\\\/\",\"name\":\"Arr\u00eats de travail en augmentation : qui en pose le plus ? Combien \u00e7a co\u00fbte ? Un rapport d\u00e9voile les chiffres du ph\u00e9nom\u00e8ne - ACCIDENTDUTRAVAIL-IDF\",\"isPartOf\":{\"@id\":\"https:\\\/\\\/www.accidentdutravail-idf.net\\\/blog\\\/#website\"},\"primaryImageOfPage\":{\"@id\":\"https:\\\/\\\/www.accidentdutravail-idf.net\\\/blog\\\/arrets-de-travail-en-augmentation-qui-en-pose-le-plus-combien-ca-coute-un-rapport-devoile-les-chiffres-du-phenomene\\\/#primaryimage\"},\"image\":{\"@id\":\"https:\\\/\\\/www.accidentdutravail-idf.net\\\/blog\\\/arrets-de-travail-en-augmentation-qui-en-pose-le-plus-combien-ca-coute-un-rapport-devoile-les-chiffres-du-phenomene\\\/#primaryimage\"},\"thumbnailUrl\":\"https:\\\/\\\/www.accidentdutravail-idf.net\\\/blog\\\/wp-content\\\/uploads\\\/2024\\\/12\\\/arrets-de-travail-en-augmentation-qui-en-pose-le-plus-combien-ca-coute-un-rapport-devoile-les-chiffres-du-phenomene.jpg\",\"datePublished\":\"2024-12-13T20:31:00+00:00\",\"description\":\"Arr\u00eats de travail en augmentation : qui en pose le plus ? Combien \u00e7a co\u00fbte ? Un rapport d\u00e9voile les chiffres du ph\u00e9nom\u00e8ne article de ACCIDENTDUTRAVAIL-IDF\",\"breadcrumb\":{\"@id\":\"https:\\\/\\\/www.accidentdutravail-idf.net\\\/blog\\\/arrets-de-travail-en-augmentation-qui-en-pose-le-plus-combien-ca-coute-un-rapport-devoile-les-chiffres-du-phenomene\\\/#breadcrumb\"},\"inLanguage\":\"fr-FR\",\"potentialAction\":[{\"@type\":\"ReadAction\",\"target\":[\"https:\\\/\\\/www.accidentdutravail-idf.net\\\/blog\\\/arrets-de-travail-en-augmentation-qui-en-pose-le-plus-combien-ca-coute-un-rapport-devoile-les-chiffres-du-phenomene\\\/\"]}]},{\"@type\":\"ImageObject\",\"inLanguage\":\"fr-FR\",\"@id\":\"https:\\\/\\\/www.accidentdutravail-idf.net\\\/blog\\\/arrets-de-travail-en-augmentation-qui-en-pose-le-plus-combien-ca-coute-un-rapport-devoile-les-chiffres-du-phenomene\\\/#primaryimage\",\"url\":\"https:\\\/\\\/www.accidentdutravail-idf.net\\\/blog\\\/wp-content\\\/uploads\\\/2024\\\/12\\\/arrets-de-travail-en-augmentation-qui-en-pose-le-plus-combien-ca-coute-un-rapport-devoile-les-chiffres-du-phenomene.jpg\",\"contentUrl\":\"https:\\\/\\\/www.accidentdutravail-idf.net\\\/blog\\\/wp-content\\\/uploads\\\/2024\\\/12\\\/arrets-de-travail-en-augmentation-qui-en-pose-le-plus-combien-ca-coute-un-rapport-devoile-les-chiffres-du-phenomene.jpg\"},{\"@type\":\"BreadcrumbList\",\"@id\":\"https:\\\/\\\/www.accidentdutravail-idf.net\\\/blog\\\/arrets-de-travail-en-augmentation-qui-en-pose-le-plus-combien-ca-coute-un-rapport-devoile-les-chiffres-du-phenomene\\\/#breadcrumb\",\"itemListElement\":[{\"@type\":\"ListItem\",\"position\":1,\"name\":\"Accueil\",\"item\":\"https:\\\/\\\/www.accidentdutravail-idf.net\\\/blog\\\/\"},{\"@type\":\"ListItem\",\"position\":2,\"name\":\"Arr\u00eats de travail en augmentation : qui en pose le plus ? Combien \u00e7a co\u00fbte ? Un rapport d\u00e9voile les chiffres du ph\u00e9nom\u00e8ne\"}]},{\"@type\":\"WebSite\",\"@id\":\"https:\\\/\\\/www.accidentdutravail-idf.net\\\/blog\\\/#website\",\"url\":\"https:\\\/\\\/www.accidentdutravail-idf.net\\\/blog\\\/\",\"name\":\"ACCIDENTDUTRAVAIL-IDF\",\"description\":\"Portail accidents du travail-maladies professionnelles des entreprises d&#039;Ile-de-France\",\"publisher\":{\"@id\":\"https:\\\/\\\/www.accidentdutravail-idf.net\\\/blog\\\/#organization\"},\"potentialAction\":[{\"@type\":\"SearchAction\",\"target\":{\"@type\":\"EntryPoint\",\"urlTemplate\":\"https:\\\/\\\/www.accidentdutravail-idf.net\\\/blog\\\/?s={search_term_string}\"},\"query-input\":{\"@type\":\"PropertyValueSpecification\",\"valueRequired\":true,\"valueName\":\"search_term_string\"}}],\"inLanguage\":\"fr-FR\"},{\"@type\":\"Organization\",\"@id\":\"https:\\\/\\\/www.accidentdutravail-idf.net\\\/blog\\\/#organization\",\"name\":\"accidentdutravail-idf\",\"url\":\"https:\\\/\\\/www.accidentdutravail-idf.net\\\/blog\\\/\",\"logo\":{\"@type\":\"ImageObject\",\"inLanguage\":\"fr-FR\",\"@id\":\"https:\\\/\\\/www.accidentdutravail-idf.net\\\/blog\\\/#\\\/schema\\\/logo\\\/image\\\/\",\"url\":\"https:\\\/\\\/www.accidentdutravail-idf.net\\\/blog\\\/wp-content\\\/uploads\\\/2022\\\/09\\\/logo-2.png\",\"contentUrl\":\"https:\\\/\\\/www.accidentdutravail-idf.net\\\/blog\\\/wp-content\\\/uploads\\\/2022\\\/09\\\/logo-2.png\",\"width\":380,\"height\":291,\"caption\":\"accidentdutravail-idf\"},\"image\":{\"@id\":\"https:\\\/\\\/www.accidentdutravail-idf.net\\\/blog\\\/#\\\/schema\\\/logo\\\/image\\\/\"}},{\"@type\":\"Person\",\"@id\":\"https:\\\/\\\/www.accidentdutravail-idf.net\\\/blog\\\/#\\\/schema\\\/person\\\/3255d2f970de45e64bd9201f38e7b947\",\"name\":\"Carlos Poulain\",\"image\":{\"@type\":\"ImageObject\",\"inLanguage\":\"fr-FR\",\"@id\":\"https:\\\/\\\/secure.gravatar.com\\\/avatar\\\/b1c2f9d3588e34e91adb093635df64ef4b2381991216be7576466cfcdca4baf3?s=96&d=mm&r=g\",\"url\":\"https:\\\/\\\/secure.gravatar.com\\\/avatar\\\/b1c2f9d3588e34e91adb093635df64ef4b2381991216be7576466cfcdca4baf3?s=96&d=mm&r=g\",\"contentUrl\":\"https:\\\/\\\/secure.gravatar.com\\\/avatar\\\/b1c2f9d3588e34e91adb093635df64ef4b2381991216be7576466cfcdca4baf3?s=96&d=mm&r=g\",\"caption\":\"Carlos Poulain\"},\"url\":\"https:\\\/\\\/www.accidentdutravail-idf.net\\\/blog\\\/author\\\/idfcarlos\\\/\"}]}<\/script>\n<!-- \/ Yoast SEO plugin. -->","yoast_head_json":{"title":"Arr\u00eats de travail en augmentation : qui en pose le plus ? Combien \u00e7a co\u00fbte ? Un rapport d\u00e9voile les chiffres du ph\u00e9nom\u00e8ne - ACCIDENTDUTRAVAIL-IDF","description":"Arr\u00eats de travail en augmentation : qui en pose le plus ? Combien \u00e7a co\u00fbte ? Un rapport d\u00e9voile les chiffres du ph\u00e9nom\u00e8ne article de ACCIDENTDUTRAVAIL-IDF","robots":{"index":"index","follow":"follow","max-snippet":"max-snippet:-1","max-image-preview":"max-image-preview:large","max-video-preview":"max-video-preview:-1"},"canonical":"https:\/\/www.accidentdutravail-idf.net\/blog\/arrets-de-travail-en-augmentation-qui-en-pose-le-plus-combien-ca-coute-un-rapport-devoile-les-chiffres-du-phenomene\/","og_locale":"fr_FR","og_type":"article","og_title":"Arr\u00eats de travail en augmentation : qui en pose le plus ? Combien \u00e7a co\u00fbte ? Un rapport d\u00e9voile les chiffres du ph\u00e9nom\u00e8ne - ACCIDENTDUTRAVAIL-IDF","og_description":"Arr\u00eats de travail en augmentation : qui en pose le plus ? Combien \u00e7a co\u00fbte ? Un rapport d\u00e9voile les chiffres du ph\u00e9nom\u00e8ne article de ACCIDENTDUTRAVAIL-IDF","og_url":"https:\/\/www.accidentdutravail-idf.net\/blog\/arrets-de-travail-en-augmentation-qui-en-pose-le-plus-combien-ca-coute-un-rapport-devoile-les-chiffres-du-phenomene\/","og_site_name":"ACCIDENTDUTRAVAIL-IDF","article_published_time":"2024-12-13T20:31:00+00:00","og_image":[{"url":"https:\/\/www.accidentdutravail-idf.net\/blog\/wp-content\/uploads\/2024\/12\/arrets-de-travail-en-augmentation-qui-en-pose-le-plus-combien-ca-coute-un-rapport-devoile-les-chiffres-du-phenomene.jpg","type":"","width":"","height":""}],"author":"Carlos Poulain","twitter_card":"summary_large_image","twitter_misc":{"\u00c9crit par":"Carlos Poulain","Dur\u00e9e de lecture estim\u00e9e":"3 minutes"},"schema":{"@context":"https:\/\/schema.org","@graph":[{"@type":"Article","@id":"https:\/\/www.accidentdutravail-idf.net\/blog\/arrets-de-travail-en-augmentation-qui-en-pose-le-plus-combien-ca-coute-un-rapport-devoile-les-chiffres-du-phenomene\/#article","isPartOf":{"@id":"https:\/\/www.accidentdutravail-idf.net\/blog\/arrets-de-travail-en-augmentation-qui-en-pose-le-plus-combien-ca-coute-un-rapport-devoile-les-chiffres-du-phenomene\/"},"author":{"name":"Carlos Poulain","@id":"https:\/\/www.accidentdutravail-idf.net\/blog\/#\/schema\/person\/3255d2f970de45e64bd9201f38e7b947"},"headline":"Arr\u00eats de travail en augmentation : qui en pose le plus ? Combien \u00e7a co\u00fbte ? Un rapport d\u00e9voile les chiffres du ph\u00e9nom\u00e8ne","datePublished":"2024-12-13T20:31:00+00:00","mainEntityOfPage":{"@id":"https:\/\/www.accidentdutravail-idf.net\/blog\/arrets-de-travail-en-augmentation-qui-en-pose-le-plus-combien-ca-coute-un-rapport-devoile-les-chiffres-du-phenomene\/"},"wordCount":616,"publisher":{"@id":"https:\/\/www.accidentdutravail-idf.net\/blog\/#organization"},"image":{"@id":"https:\/\/www.accidentdutravail-idf.net\/blog\/arrets-de-travail-en-augmentation-qui-en-pose-le-plus-combien-ca-coute-un-rapport-devoile-les-chiffres-du-phenomene\/#primaryimage"},"thumbnailUrl":"https:\/\/www.accidentdutravail-idf.net\/blog\/wp-content\/uploads\/2024\/12\/arrets-de-travail-en-augmentation-qui-en-pose-le-plus-combien-ca-coute-un-rapport-devoile-les-chiffres-du-phenomene.jpg","articleSection":["S\u00e9curit\u00e9 Du Travail En Ile-De-France Et Divers:"],"inLanguage":"fr-FR"},{"@type":"WebPage","@id":"https:\/\/www.accidentdutravail-idf.net\/blog\/arrets-de-travail-en-augmentation-qui-en-pose-le-plus-combien-ca-coute-un-rapport-devoile-les-chiffres-du-phenomene\/","url":"https:\/\/www.accidentdutravail-idf.net\/blog\/arrets-de-travail-en-augmentation-qui-en-pose-le-plus-combien-ca-coute-un-rapport-devoile-les-chiffres-du-phenomene\/","name":"Arr\u00eats de travail en augmentation : qui en pose le plus ? Combien \u00e7a co\u00fbte ? Un rapport d\u00e9voile les chiffres du ph\u00e9nom\u00e8ne - ACCIDENTDUTRAVAIL-IDF","isPartOf":{"@id":"https:\/\/www.accidentdutravail-idf.net\/blog\/#website"},"primaryImageOfPage":{"@id":"https:\/\/www.accidentdutravail-idf.net\/blog\/arrets-de-travail-en-augmentation-qui-en-pose-le-plus-combien-ca-coute-un-rapport-devoile-les-chiffres-du-phenomene\/#primaryimage"},"image":{"@id":"https:\/\/www.accidentdutravail-idf.net\/blog\/arrets-de-travail-en-augmentation-qui-en-pose-le-plus-combien-ca-coute-un-rapport-devoile-les-chiffres-du-phenomene\/#primaryimage"},"thumbnailUrl":"https:\/\/www.accidentdutravail-idf.net\/blog\/wp-content\/uploads\/2024\/12\/arrets-de-travail-en-augmentation-qui-en-pose-le-plus-combien-ca-coute-un-rapport-devoile-les-chiffres-du-phenomene.jpg","datePublished":"2024-12-13T20:31:00+00:00","description":"Arr\u00eats de travail en augmentation : qui en pose le plus ? Combien \u00e7a co\u00fbte ? Un rapport d\u00e9voile les chiffres du ph\u00e9nom\u00e8ne article de ACCIDENTDUTRAVAIL-IDF","breadcrumb":{"@id":"https:\/\/www.accidentdutravail-idf.net\/blog\/arrets-de-travail-en-augmentation-qui-en-pose-le-plus-combien-ca-coute-un-rapport-devoile-les-chiffres-du-phenomene\/#breadcrumb"},"inLanguage":"fr-FR","potentialAction":[{"@type":"ReadAction","target":["https:\/\/www.accidentdutravail-idf.net\/blog\/arrets-de-travail-en-augmentation-qui-en-pose-le-plus-combien-ca-coute-un-rapport-devoile-les-chiffres-du-phenomene\/"]}]},{"@type":"ImageObject","inLanguage":"fr-FR","@id":"https:\/\/www.accidentdutravail-idf.net\/blog\/arrets-de-travail-en-augmentation-qui-en-pose-le-plus-combien-ca-coute-un-rapport-devoile-les-chiffres-du-phenomene\/#primaryimage","url":"https:\/\/www.accidentdutravail-idf.net\/blog\/wp-content\/uploads\/2024\/12\/arrets-de-travail-en-augmentation-qui-en-pose-le-plus-combien-ca-coute-un-rapport-devoile-les-chiffres-du-phenomene.jpg","contentUrl":"https:\/\/www.accidentdutravail-idf.net\/blog\/wp-content\/uploads\/2024\/12\/arrets-de-travail-en-augmentation-qui-en-pose-le-plus-combien-ca-coute-un-rapport-devoile-les-chiffres-du-phenomene.jpg"},{"@type":"BreadcrumbList","@id":"https:\/\/www.accidentdutravail-idf.net\/blog\/arrets-de-travail-en-augmentation-qui-en-pose-le-plus-combien-ca-coute-un-rapport-devoile-les-chiffres-du-phenomene\/#breadcrumb","itemListElement":[{"@type":"ListItem","position":1,"name":"Accueil","item":"https:\/\/www.accidentdutravail-idf.net\/blog\/"},{"@type":"ListItem","position":2,"name":"Arr\u00eats de travail en augmentation : qui en pose le plus ? Combien \u00e7a co\u00fbte ? Un rapport d\u00e9voile les chiffres du ph\u00e9nom\u00e8ne"}]},{"@type":"WebSite","@id":"https:\/\/www.accidentdutravail-idf.net\/blog\/#website","url":"https:\/\/www.accidentdutravail-idf.net\/blog\/","name":"ACCIDENTDUTRAVAIL-IDF","description":"Portail accidents du travail-maladies professionnelles des entreprises d&#039;Ile-de-France","publisher":{"@id":"https:\/\/www.accidentdutravail-idf.net\/blog\/#organization"},"potentialAction":[{"@type":"SearchAction","target":{"@type":"EntryPoint","urlTemplate":"https:\/\/www.accidentdutravail-idf.net\/blog\/?s={search_term_string}"},"query-input":{"@type":"PropertyValueSpecification","valueRequired":true,"valueName":"search_term_string"}}],"inLanguage":"fr-FR"},{"@type":"Organization","@id":"https:\/\/www.accidentdutravail-idf.net\/blog\/#organization","name":"accidentdutravail-idf","url":"https:\/\/www.accidentdutravail-idf.net\/blog\/","logo":{"@type":"ImageObject","inLanguage":"fr-FR","@id":"https:\/\/www.accidentdutravail-idf.net\/blog\/#\/schema\/logo\/image\/","url":"https:\/\/www.accidentdutravail-idf.net\/blog\/wp-content\/uploads\/2022\/09\/logo-2.png","contentUrl":"https:\/\/www.accidentdutravail-idf.net\/blog\/wp-content\/uploads\/2022\/09\/logo-2.png","width":380,"height":291,"caption":"accidentdutravail-idf"},"image":{"@id":"https:\/\/www.accidentdutravail-idf.net\/blog\/#\/schema\/logo\/image\/"}},{"@type":"Person","@id":"https:\/\/www.accidentdutravail-idf.net\/blog\/#\/schema\/person\/3255d2f970de45e64bd9201f38e7b947","name":"Carlos Poulain","image":{"@type":"ImageObject","inLanguage":"fr-FR","@id":"https:\/\/secure.gravatar.com\/avatar\/b1c2f9d3588e34e91adb093635df64ef4b2381991216be7576466cfcdca4baf3?s=96&d=mm&r=g","url":"https:\/\/secure.gravatar.com\/avatar\/b1c2f9d3588e34e91adb093635df64ef4b2381991216be7576466cfcdca4baf3?s=96&d=mm&r=g","contentUrl":"https:\/\/secure.gravatar.com\/avatar\/b1c2f9d3588e34e91adb093635df64ef4b2381991216be7576466cfcdca4baf3?s=96&d=mm&r=g","caption":"Carlos Poulain"},"url":"https:\/\/www.accidentdutravail-idf.net\/blog\/author\/idfcarlos\/"}]}},"_links":{"self":[{"href":"https:\/\/www.accidentdutravail-idf.net\/blog\/wp-json\/wp\/v2\/posts\/1095","targetHints":{"allow":["GET"]}}],"collection":[{"href":"https:\/\/www.accidentdutravail-idf.net\/blog\/wp-json\/wp\/v2\/posts"}],"about":[{"href":"https:\/\/www.accidentdutravail-idf.net\/blog\/wp-json\/wp\/v2\/types\/post"}],"author":[{"embeddable":true,"href":"https:\/\/www.accidentdutravail-idf.net\/blog\/wp-json\/wp\/v2\/users\/2"}],"replies":[{"embeddable":true,"href":"https:\/\/www.accidentdutravail-idf.net\/blog\/wp-json\/wp\/v2\/comments?post=1095"}],"version-history":[{"count":0,"href":"https:\/\/www.accidentdutravail-idf.net\/blog\/wp-json\/wp\/v2\/posts\/1095\/revisions"}],"wp:attachment":[{"href":"https:\/\/www.accidentdutravail-idf.net\/blog\/wp-json\/wp\/v2\/media?parent=1095"}],"wp:term":[{"taxonomy":"category","embeddable":true,"href":"https:\/\/www.accidentdutravail-idf.net\/blog\/wp-json\/wp\/v2\/categories?post=1095"},{"taxonomy":"post_tag","embeddable":true,"href":"https:\/\/www.accidentdutravail-idf.net\/blog\/wp-json\/wp\/v2\/tags?post=1095"}],"curies":[{"name":"wp","href":"https:\/\/api.w.org\/{rel}","templated":true}]}}