{"id":1088,"date":"2024-12-12T02:12:00","date_gmt":"2024-12-12T01:12:00","guid":{"rendered":"https:\/\/www.accidentdutravail-idf.net\/blog\/les-obligations-de-lemployeur-en-matiere-dinaptitude-de-mi-temps-therapeutique-et-de-visites-de-reprise\/"},"modified":"2024-12-12T02:12:00","modified_gmt":"2024-12-12T01:12:00","slug":"les-obligations-de-lemployeur-en-matiere-dinaptitude-de-mi-temps-therapeutique-et-de-visites-de-reprise","status":"publish","type":"post","link":"https:\/\/www.accidentdutravail-idf.net\/blog\/les-obligations-de-lemployeur-en-matiere-dinaptitude-de-mi-temps-therapeutique-et-de-visites-de-reprise\/","title":{"rendered":"Les obligations de l\u2019employeur en mati\u00e8re d\u2019inaptitude, de mi-temps th\u00e9rapeutique et de visites de reprise."},"content":{"rendered":"<div><img decoding=\"async\" src=\"https:\/\/www.accidentdutravail-idf.net\/blog\/wp-content\/uploads\/2024\/12\/les-obligations-de-lemployeur-en-matiere-dinaptitude-de-mi-temps-therapeutique-et-de-visites-de-reprise.jpg\" class=\"ff-og-image-inserted\"><\/div>\n<p>Le salari\u00e9 victime d\u2019un accident ou d\u2019une maladie, d\u2019origine professionnelle ou non, son inaptitude prononc\u00e9e par le m\u00e9decin du travail, implique, <i>de facto,<\/i> la suspension du contrat.<\/p>\n<p>En cons\u00e9quence, la relation contractuelle n\u2019est pas pour autant rompue&nbsp;:<\/p>\n<blockquote class=\"spip\">\n<p>\u00ab&nbsp;<i>Le contrat de travail du salari\u00e9 victime d\u2019un accident du travail, autre qu\u2019un accident de trajet, ou d\u2019une maladie professionnelle est suspendu pendant la dur\u00e9e de l\u2019arr\u00eat de travail provoqu\u00e9 par l\u2019accident ou la maladie<\/i>&nbsp;\u00bb<span class=\"spip_note_ref\">&nbsp;[<a href=\"https:\/\/www.village-justice.com\/articles\/obligations-employeur-matiere-inaptitude-temps-therapeutique-visites-reprise,51717.html#nb2-1\" class=\"spip_note\" rel=\"appendix nofollow\" title=\"Article L1226-7 Code du travail.\" id=\"nh2-1\" target=\"_blank\">1<\/a>]<\/span>.<\/p>\n<\/blockquote>\n<p>Substantiellement, l\u2019inaptitude est l\u2019impossibilit\u00e9, pour le salari\u00e9, de r\u00e9aliser ses missions en raison de sant\u00e9. Partant, plusieurs perspectives peuvent \u00eatre envisag\u00e9es \u00e0 l\u2019effet de permettre au travailleur d\u00e9clar\u00e9 inapte de conserver son poste de travail.<\/p>\n<p>En effet, conform\u00e9ment \u00e0 l\u2019article L1226-2 Code du travail, lorsque le salari\u00e9 victime d\u2019une maladie ou d\u2019un accident non professionnel est d\u00e9clar\u00e9 inapte par le m\u00e9decin du travail, \u00e0 reprendre l\u2019emploi qu\u2019il occupait pr\u00e9c\u00e9demment&nbsp;:<\/p>\n<blockquote class=\"spip\">\n<p>\u00ab&nbsp;<i>l\u2019employeur lui propose un autre emploi appropri\u00e9 \u00e0 ses capacit\u00e9s, au sein de l\u2019entreprise ou des entreprises du groupe auquel elle appartient le cas \u00e9ch\u00e9ant, situ\u00e9es sur le territoire national et dont l\u2019organisation, les activit\u00e9s ou le lieu d\u2019exploitation assurent la permutation de tout ou partie du personnel<\/i>&nbsp;\u00bb.<\/p>\n<\/blockquote>\n<p>Parmi les pr\u00e9conisations du m\u00e9decin, l\u2019on peut citer le mi-temps th\u00e9rapeutique pour inaptitude.<\/p>\n<h2 class=\"spip\">Cadre juridique du mi-temps th\u00e9rapeutique.<\/h2>\n<p>Possibilit\u00e9 parmi d\u2019autres, le mi-temps th\u00e9rapeutique permet, <i>d\u2019une part,<\/i> au salari\u00e9 inapte de poursuivre son activit\u00e9 professionnelle. Et, <i>d\u2019autre part<\/i>, de consolider son \u00e9tat de sant\u00e9 aux fins d\u2019un retour \u00e0 l\u2019emploi apais\u00e9.<\/p>\n<p>S\u2019agissant du r\u00e9gime juridique, le mi-temps th\u00e9rapeutique, ou temps partiel th\u00e9rapeutique, n\u2019est pas r\u00e9gi par le Code du travail, mais par le Code de la s\u00e9curit\u00e9 sociale<span class=\"spip_note_ref\">&nbsp;[<a href=\"https:\/\/www.village-justice.com\/articles\/obligations-employeur-matiere-inaptitude-temps-therapeutique-visites-reprise,51717.html#nb2-2\" class=\"spip_note\" rel=\"appendix nofollow\" title=\"Articles L323-3, L433-1, R. 433-15 Code de la s\u00e9curit\u00e9 sociale\" id=\"nh2-2\" target=\"_blank\">2<\/a>]<\/span>.<br class=\"autobr\"><br \/>\n\u00c0 ce titre, l\u2019article L323-3 du Code de la s\u00e9curit\u00e9 sociale pr\u00e9voit que&nbsp;:<\/p>\n<blockquote class=\"spip\">\n<p>\u00ab&nbsp;<i>L\u2019indemnit\u00e9 journali\u00e8re pr\u00e9vue \u00e0 l\u2019article L321-1 est servie, en cas de travail \u00e0 temps partiel pour motif th\u00e9rapeutique, dans les cas suivants&nbsp;:<\/i><\/p>\n<p>1\u00b0 Le maintien au travail ou la reprise du travail et le travail effectu\u00e9 sont reconnus comme \u00e9tant de nature \u00e0 favoriser l\u2019am\u00e9lioration de l\u2019\u00e9tat de sant\u00e9 de l\u2019assur\u00e9&nbsp;;<br class=\"autobr\"><br \/>\n2\u00b0 L\u2019assur\u00e9 doit faire l\u2019objet d\u2019une r\u00e9\u00e9ducation ou d\u2019une r\u00e9adaptation professionnelle pour recouvrer un emploi compatible avec son \u00e9tat de sant\u00e9&nbsp;\u00bb.<\/p>\n<\/blockquote>\n<p>En clair, le temps partiel th\u00e9rapeutique est une reprise progressive de l\u2019activit\u00e9 professionnelle si le salari\u00e9 a fait l\u2019objet d\u2019un arr\u00eat de travail relatif, notamment, \u00e0&nbsp;:<\/p>\n<ul class=\"spip\">\n<li> une maladie indemnis\u00e9e par la S\u00e9curit\u00e9 Sociale&nbsp;;<\/li>\n<li> une maladie professionnelle&nbsp;;<\/li>\n<li> un accident du travail.<\/li>\n<\/ul>\n<p>\u00c0 cet \u00e9gard, soulignons que la reprise moyennant un temps partiel th\u00e9rapeutique concerne les salari\u00e9s en arr\u00eat de travail. Celui-ci s\u2019inscrit dans le cadre du suivi incombant \u00e0 la m\u00e9decine du travail.<\/p>\n<p>En ce sens, s\u2019agissant du point de d\u00e9part de l\u2019indemnisation, il a \u00e9t\u00e9 jug\u00e9 que&nbsp;:<\/p>\n<p>\u00ab&nbsp;<i>Le versement des indemnit\u00e9s journali\u00e8res ne peut r\u00e9troagir \u00e0 une date ant\u00e9rieure \u00e0 la constatation m\u00e9dicale de l\u2019\u00e9tat du malade, peu importe la bonne foi ou l\u2019honn\u00eatet\u00e9 certaine de l\u2019assur\u00e9e<\/i>&nbsp;\u00bb<span class=\"spip_note_ref\">&nbsp;[<a href=\"https:\/\/www.village-justice.com\/articles\/obligations-employeur-matiere-inaptitude-temps-therapeutique-visites-reprise,51717.html#nb2-3\" class=\"spip_note\" rel=\"appendix nofollow\" title=\"Cass. Soc. 14 mars 199 n\u00b0 94-15.801\" id=\"nh2-3\" target=\"_blank\">3<\/a>]<\/span>.<\/p>\n<p>Concr\u00e8tement, le temps partiel th\u00e9rapeutique traduit un objectif de retour vers un \u00e9tat de sant\u00e9 optimal, impliquant, au besoin, des am\u00e9nagements du poste de travail.<\/p>\n<p>\u00c0 ce sujet, les modalit\u00e9s de calcul de l\u2019indemnit\u00e9 journali\u00e8re vers\u00e9e en cas de travail \u00e0 temps partiel pour motif th\u00e9rapeutique ainsi que sa dur\u00e9e de versement sont fix\u00e9es par les dispositions de l\u2019article R323-4 &amp; -5 Code de la s\u00e9curit\u00e9 sociale.<br class=\"autobr\"><br \/>\nDe plus, la loi n\u00b02018-1203 du 22 d\u00e9cembre 2018<span class=\"spip_note_ref\">&nbsp;[<a href=\"https:\/\/www.village-justice.com\/articles\/obligations-employeur-matiere-inaptitude-temps-therapeutique-visites-reprise,51717.html#nb2-4\" class=\"spip_note\" rel=\"appendix nofollow\" title=\"Loi n\u00b0 2018-1203 du 22 d\u00e9cembre 2018 de financement de la s\u00e9curit\u00e9 sociale&nbsp;(...)\" id=\"nh2-4\" target=\"_blank\">4<\/a>]<\/span> a modifi\u00e9 les modalit\u00e9s de calcul des indemnit\u00e9s journali\u00e8res vers\u00e9es au cours d\u2019un mi-temps th\u00e9rapeutique.<\/p>\n<p>Ici, en cas de reprise du travail, \u00ab&nbsp;<i>les indemnit\u00e9s journali\u00e8res pouvaient \u00eatre maintenues pendant une dur\u00e9e limit\u00e9e, et que cette d\u00e9cision relevaient du pouvoir de la caisse qui seule peut en fixer la dur\u00e9e et les modalit\u00e9s, le tribunal ne pouvant s\u2019y substituer<\/i>&nbsp;\u00bb<span class=\"spip_note_ref\">&nbsp;[<a href=\"https:\/\/www.village-justice.com\/articles\/obligations-employeur-matiere-inaptitude-temps-therapeutique-visites-reprise,51717.html#nb2-5\" class=\"spip_note\" rel=\"appendix nofollow\" title=\"Cass. Soc. 29 mars 2001 n\u00b099-17.831\" id=\"nh2-5\" target=\"_blank\">5<\/a>]<\/span>.<\/p>\n<p>Par ailleurs, formalit\u00e9 de taille, le mi-temps th\u00e9rapeutique pour inaptitude n\u00e9cessite une prescription du m\u00e9decin&nbsp;; impliquant, en outre, des obligations \u00e0 la charge de l\u2019employeur tout en prot\u00e9geant les droits du salari\u00e9. Toujours est-il que, du reste, une proc\u00e9dure de reclassement est envisageable.<\/p>\n<h2 class=\"spip\">Refus de l\u2019employeur.<\/h2>\n<p>L\u2019employeur est tenu de se conformer \u00e0 l\u2019avis et les indications ou les propositions \u00e9mis par le m\u00e9decin du travail, en application des articles L4624-2 \u00e0 L4624-4 du Code du travail.<\/p>\n<p>Ainsi, en cas de refus, l\u2019entreprise fait conna\u00eetre par \u00e9crit au travailleur et au m\u00e9decin du travail les motifs qui s\u2019opposent \u00e0 ce qu\u2019il y soit donn\u00e9 suite.<span class=\"spip_note_ref\">&nbsp;[<a href=\"https:\/\/www.village-justice.com\/articles\/obligations-employeur-matiere-inaptitude-temps-therapeutique-visites-reprise,51717.html#nb2-6\" class=\"spip_note\" rel=\"appendix nofollow\" title=\"Article L4624-6 du Code du travail.\" id=\"nh2-6\" target=\"_blank\">6<\/a>]<\/span>.<\/p>\n<p>Pour ce faire, il importe devra d\u2019\u00e9tayer un motif l\u00e9gitime, au regard des prescriptions de l\u2019article L4624-6 du Code du travail, de telle sorte que la r\u00e9int\u00e9gration \u00e0 temps partiel de nature, notamment, \u00e0 g\u00e9n\u00e9rer&nbsp;:<\/p>\n<ul class=\"spip\">\n<li> la d\u00e9sorganisation du service,<\/li>\n<li> l\u2019impossibilit\u00e9 d\u2019organiser une reprise am\u00e9nag\u00e9e sur le poste occup\u00e9,<\/li>\n<li> l\u2019absence de tout autre poste compatible avec l\u2019\u00e9tat de sant\u00e9 du salari\u00e9<\/li>\n<\/ul>\n<p>Formellement, l\u2019employeur opposant une fin de non-recevoir au mi-temps th\u00e9rapeutique, doit en informer le salari\u00e9 par lettre recommand\u00e9e avec accus\u00e9 de r\u00e9ception. Aussi doit-il porter ce refus \u00e0 la connaissance du m\u00e9decin du travail.<\/p>\n<p>En amont de toute reprise, ou post\u00e9rieurement \u00e0 celle-ci, nombre de visites m\u00e9dicales sont pr\u00e9vues aux fins de permettre au salari\u00e9 de reprendre son emploi, dans des conditions s\u00e9curis\u00e9es.<\/p>\n<h2 class=\"spip\">Droits du salari\u00e9 en temps partiel th\u00e9rapeutique.<\/h2>\n<p>Le salari\u00e9 conserve son contrat de travail et son salaire, calcul\u00e9 au prorata de sa nouvelle base horaire et compl\u00e9t\u00e9 par l\u2019indemnit\u00e9 journali\u00e8re pour incapacit\u00e9 de travail vers\u00e9e par la Caisse primaire d\u2019assurance maladie. Laquelle indemnit\u00e9 est limit\u00e9e \u00e0 trois ans<span class=\"spip_note_ref\">&nbsp;[<a href=\"https:\/\/www.village-justice.com\/articles\/obligations-employeur-matiere-inaptitude-temps-therapeutique-visites-reprise,51717.html#nb2-7\" class=\"spip_note\" rel=\"appendix nofollow\" title=\"Article R323-1 Code de la s\u00e9curit\u00e9 sociale.\" id=\"nh2-7\" target=\"_blank\">7<\/a>]<\/span>, renouvelable un an \u00e0 la reprise du travail du salari\u00e9, sans toutefois d\u00e9passer le salaire initial \u00e0 temps plein du salari\u00e9<span class=\"spip_note_ref\">&nbsp;[<a href=\"https:\/\/www.village-justice.com\/articles\/obligations-employeur-matiere-inaptitude-temps-therapeutique-visites-reprise,51717.html#nb2-8\" class=\"spip_note\" rel=\"appendix nofollow\" title=\"Article R323-3 Code de la s\u00e9curit\u00e9 sociale.\" id=\"nh2-8\" target=\"_blank\">8<\/a>]<\/span>.<\/p>\n<p>En outre, \u00e0 l\u2019instar d\u2019un salari\u00e9 \u00e0 plein temps, le travailleur en temps partiel th\u00e9rapeutique b\u00e9n\u00e9ficie des droits acquis au titre du contrat de travail<span class=\"spip_note_ref\">&nbsp;[<a href=\"https:\/\/www.village-justice.com\/articles\/obligations-employeur-matiere-inaptitude-temps-therapeutique-visites-reprise,51717.html#nb2-9\" class=\"spip_note\" rel=\"appendix nofollow\" title=\"Article L 3123-5 Code du travail\" id=\"nh2-9\" target=\"_blank\">9<\/a>]<\/span>. Cela concerne \u00e0 la fois, le calcul de l\u2019acquisition des cong\u00e9s pay\u00e9s et le partage des b\u00e9n\u00e9fices<span class=\"spip_note_ref\">&nbsp;[<a href=\"https:\/\/www.village-justice.com\/articles\/obligations-employeur-matiere-inaptitude-temps-therapeutique-visites-reprise,51717.html#nb2-10\" class=\"spip_note\" rel=\"appendix nofollow\" title=\"\u00c0 titre d\u2019illustration : Cass. Soc., 20 sept 2023, n\u00b022-12.293\" id=\"nh2-10\" target=\"_blank\">10<\/a>]<\/span><\/p>\n<p>Sur ce point, un arr\u00eat r\u00e9cent de la Cour de cassation rappelle l\u2019interdiction pour l\u2019employeur de modifier unilat\u00e9ralement le contrat de travail&nbsp;:<\/p>\n<p>\u00ab&nbsp;<i>Lorsque le salari\u00e9 d\u00e9clar\u00e9 apte avec r\u00e9serves refuse la modification de son contrat de travail r\u00e9sultant des pr\u00e9conisations du m\u00e9decin du travail, il peut pr\u00e9tendre au maintien de son salaire jusqu\u2019\u00e0 la rupture du contrat. L\u2019employeur ne peut pas en effet unilat\u00e9ralement imposer au salari\u00e9 une dur\u00e9e de travail \u00e0 temps partiel et proc\u00e9der en cons\u00e9quence \u00e0 la diminution de sa r\u00e9mun\u00e9ration sans son accord<\/i>&nbsp;\u00bb<span class=\"spip_note_ref\">&nbsp;[<a href=\"https:\/\/www.village-justice.com\/articles\/obligations-employeur-matiere-inaptitude-temps-therapeutique-visites-reprise,51717.html#nb2-11\" class=\"spip_note\" rel=\"appendix nofollow\" title=\"Cass. Soc. 19 juin 2024, n\u00b022-23.143\" id=\"nh2-11\" target=\"_blank\">11<\/a>]<\/span>.<\/p>\n<p>La Haute juridiction admet, en sus, l\u2019obligation d\u2019\u00e9galit\u00e9 de traitement en cas de licenciement&nbsp;:<\/p>\n<p>\u00ab&nbsp;<i>l\u2019absence de neutralisation du mi-temps th\u00e9rapeutique pour le calcul des indemnit\u00e9s de licenciement est constitutive d\u2019une discrimination au regard de l\u2019\u00e9tat de sant\u00e9<\/i>&nbsp;\u00bb<span class=\"spip_note_ref\">&nbsp;[<a href=\"https:\/\/www.village-justice.com\/articles\/obligations-employeur-matiere-inaptitude-temps-therapeutique-visites-reprise,51717.html#nb2-12\" class=\"spip_note\" rel=\"appendix nofollow\" title=\"Cass. Soc., 12 juin 2024, n\u00b023-13.975.\" id=\"nh2-12\" target=\"_blank\">12<\/a>]<\/span>.<\/p>\n<p>Enfin, l\u2019employeur ne peut exiger du salari\u00e9 qu\u2019il reprenne le travail avant la visite de reprise (qu\u2019il doit en outre organiser), ni lui refuser le paiement de son salaire au motif qu\u2019il n\u2019a fourni aucun travail durant cette p\u00e9riode<span class=\"spip_note_ref\">&nbsp;[<a href=\"https:\/\/www.village-justice.com\/articles\/obligations-employeur-matiere-inaptitude-temps-therapeutique-visites-reprise,51717.html#nb2-13\" class=\"spip_note\" rel=\"appendix nofollow\" title=\"Cass. Soc, 3 juillet 2024, n\u00b0 23-13.784.\" id=\"nh2-13\" target=\"_blank\">13<\/a>]<\/span>.<\/p>\n<h2 class=\"spip\">Mi-temps th\u00e9rapeutique et reclassement.<\/h2>\n<p>Il n\u2019est pas rare que le salari\u00e9 ne puisse revenir \u00e0 ses fonctions ant\u00e9rieures et dans les m\u00eames conditions. En ce sens, sur le fondement de l\u2019article L1226-2 du Code du travail, les formalit\u00e9s de reclassement sont prescrites en ces termes&nbsp;:<\/p>\n<ul class=\"spip\">\n<li> \u00ab&nbsp;Lorsque le salari\u00e9 victime d\u2019une maladie ou d\u2019un accident non professionnel est d\u00e9clar\u00e9 inapte par le m\u00e9decin du travail, en application de l\u2019article L. 4624-4, \u00e0 reprendre l\u2019emploi qu\u2019il occupait pr\u00e9c\u00e9demment, l\u2019employeur lui propose un autre emploi appropri\u00e9 \u00e0 ses capacit\u00e9s au sein de l\u2019entreprise ou des entreprises du groupe auquel elle appartient, situ\u00e9es sur le territoire national et dont l\u2019organisation, les activit\u00e9s ou le lieu d\u2019exploitation assurent la permutation du personnel. \u27e6\u2026\u27e7<\/li>\n<\/ul>\n<ul class=\"spip\">\n<li> Cette proposition prend en compte, apr\u00e8s avis du CSE lorsqu\u2019il existe, les conclusions \u00e9crites du m\u00e9decin du travail et les indications qu\u2019il formule sur les capacit\u00e9s du salari\u00e9 \u00e0 exercer l\u2019une des t\u00e2ches existantes dans l\u2019entreprise. Le m\u00e9decin du travail formule \u00e9galement des indications sur la capacit\u00e9 du salari\u00e9 \u00e0 b\u00e9n\u00e9ficier d\u2019une formation en le pr\u00e9parant \u00e0 occuper un poste adapt\u00e9.<\/li>\n<\/ul>\n<ul class=\"spip\">\n<li> L\u2019emploi propos\u00e9 est aussi comparable que possible \u00e0 l\u2019emploi pr\u00e9c\u00e9demment occup\u00e9, au besoin par la mise en \u0153uvre de mesures telles que mutations, am\u00e9nagements, adaptations ou transformation de postes existants ou am\u00e9nagement du temps de travail&nbsp;\u00bb.<span class=\"spip_note_ref\">&nbsp;[<a href=\"https:\/\/www.village-justice.com\/articles\/obligations-employeur-matiere-inaptitude-temps-therapeutique-visites-reprise,51717.html#nb2-14\" class=\"spip_note\" rel=\"appendix nofollow\" title=\"Article L1226-2 Code du travail\" id=\"nh2-14\" target=\"_blank\">14<\/a>]<\/span><\/li>\n<\/ul>\n<p>\u00c0 cet \u00e9gard, l\u2019avis du m\u00e9decin du travail doit \u00eatre motiv\u00e9<span class=\"spip_note_ref\">&nbsp;[<a href=\"https:\/\/www.village-justice.com\/articles\/obligations-employeur-matiere-inaptitude-temps-therapeutique-visites-reprise,51717.html#nb2-15\" class=\"spip_note\" rel=\"appendix nofollow\" title=\"CE, 3 d\u00e9cembre 2003, n\u00b0 254000.\" id=\"nh2-15\" target=\"_blank\">15<\/a>]<\/span>. Lequel marque le point de d\u00e9part de l\u2019obligation qui p\u00e8se sur l\u2019employeur de rechercher un reclassement<span class=\"spip_note_ref\">&nbsp;[<a href=\"https:\/\/www.village-justice.com\/articles\/obligations-employeur-matiere-inaptitude-temps-therapeutique-visites-reprise,51717.html#nb2-16\" class=\"spip_note\" rel=\"appendix nofollow\" title=\"Cass.Soc, 5 juillet 2023, n\u00b0 21-24.703.\" id=\"nh2-16\" target=\"_blank\">16<\/a>]<\/span>.<\/p>\n<p>En cela, l\u2019employeur, inform\u00e9 des troubles pathologiques de son employ\u00e9, ne peut le licencier sans avoir pr\u00e9alablement constat\u00e9 l\u2019inaptitude par le m\u00e9decin du travail<span class=\"spip_note_ref\">&nbsp;[<a href=\"https:\/\/www.village-justice.com\/articles\/obligations-employeur-matiere-inaptitude-temps-therapeutique-visites-reprise,51717.html#nb2-17\" class=\"spip_note\" rel=\"appendix nofollow\" title=\"Cass. Soc, 9 juillet 1997, n\u00b0 94-45.558.\" id=\"nh2-17\" target=\"_blank\">17<\/a>]<\/span>.<\/p>\n<p>Si le salari\u00e9 est apte, il doit \u00eatre r\u00e9int\u00e9gr\u00e9 dans son emploi ant\u00e9rieur ou un emploi similaire<span class=\"spip_note_ref\">&nbsp;[<a href=\"https:\/\/www.village-justice.com\/articles\/obligations-employeur-matiere-inaptitude-temps-therapeutique-visites-reprise,51717.html#nb2-18\" class=\"spip_note\" rel=\"appendix nofollow\" title=\"Cass. Soc, 22 octobre 1997, n\u00b094-44.706\" id=\"nh2-18\" target=\"_blank\">18<\/a>]<\/span>.<\/p>\n<p>Dans l\u2019hypoth\u00e8se o\u00f9 le salari\u00e9 conteste la compatibilit\u00e9 du poste auquel il est affect\u00e9 avec les recommandations du m\u00e9decin du travail, il appartient \u00e0 l\u2019employeur, soumis \u00e0 l\u2019obligation de s\u00e9curit\u00e9, de solliciter un nouvel avis de ce dernier<span class=\"spip_note_ref\">&nbsp;[<a href=\"https:\/\/www.village-justice.com\/articles\/obligations-employeur-matiere-inaptitude-temps-therapeutique-visites-reprise,51717.html#nb2-19\" class=\"spip_note\" rel=\"appendix nofollow\" title=\"Cass. Soc, 6 f\u00e9vrier 2008, n\u00b0 06-44.413.\" id=\"nh2-19\" target=\"_blank\">19<\/a>]<\/span>.<\/p>\n<p>Conform\u00e9ment \u00e0 l\u2019article L1226-2-1 Code du travail, en cas d\u2019impossibilit\u00e9 de proposer un autre emploi au salari\u00e9, l\u2019employeur doit lui faire conna\u00eetre ses motifs par \u00e9crit.<\/p>\n<p>D\u00e8s lors, au cas o\u00f9 le salari\u00e9 est d\u00e9clar\u00e9 inapte par le m\u00e9decin du travail, l\u2019employeur ne peut prononcer un licenciement pour un motif \u00e9tranger \u00e0 l\u2019inaptitude. Au visa des articles L1226-2 et L1226-2-1 du Code du travail, la Haute juridiction estime que&nbsp;:<\/p>\n<p>\u00ab&nbsp;<i>Ces dispositions d\u2019ordre public font obstacle \u00e0 ce que l\u2019employeur prononce un licenciement pour un motif autre que l\u2019inaptitude, peu important que l\u2019employeur ait engag\u00e9 ant\u00e9rieurement une proc\u00e9dure de licenciement pour une autre cause<\/i>&nbsp;\u00bb<span class=\"spip_note_ref\">&nbsp;[<a href=\"https:\/\/www.village-justice.com\/articles\/obligations-employeur-matiere-inaptitude-temps-therapeutique-visites-reprise,51717.html#nb2-20\" class=\"spip_note\" rel=\"appendix nofollow\" title=\"Cass. Soc, 8 f\u00e9vrier 2023, n\u00b0 21-16.258.\" id=\"nh2-20\" target=\"_blank\">20<\/a>]<\/span>.<\/p>\n<p>S\u2019agissant de la dur\u00e9e, il faut souligner que la dur\u00e9e maximale de perception des indemnit\u00e9s journali\u00e8res est de trois ans<span class=\"spip_note_ref\">&nbsp;[<a href=\"https:\/\/www.village-justice.com\/articles\/obligations-employeur-matiere-inaptitude-temps-therapeutique-visites-reprise,51717.html#nb2-21\" class=\"spip_note\" rel=\"appendix nofollow\" title=\"Article R. 323-1 du Code de de la S\u00e9curit\u00e9 Sociale\" id=\"nh2-21\" target=\"_blank\">21<\/a>]<\/span>. Ce d\u00e9lais, par prolongation, peut \u00eatre port\u00e9 \u00e0 une dur\u00e9e maximale d\u2019un an<span class=\"spip_note_ref\">&nbsp;[<a href=\"https:\/\/www.village-justice.com\/articles\/obligations-employeur-matiere-inaptitude-temps-therapeutique-visites-reprise,51717.html#nb2-22\" class=\"spip_note\" rel=\"appendix nofollow\" title=\"Article L. 323-3 du Code de la S\u00e9curit\u00e9 Sociale\" id=\"nh2-22\" target=\"_blank\">22<\/a>]<\/span>.<\/p>\n<p>Au terme de l\u2019arr\u00eat maladie, la reprise du travail emporte l\u2019observation de visites m\u00e9dicales pr\u00e9alables.<\/p>\n<h2 class=\"spip\">L\u2019examen de reprise.<\/h2>\n<p>D\u00e8s que l\u2019employeur a connaissance de la date de la fin de l\u2019arr\u00eat de travail, il saisit le service de pr\u00e9vention et de sant\u00e9 au travail qui organise l\u2019examen de reprise le jour de la reprise effective du travail par le travailleur, et au plus tard dans un d\u00e9lai de huit jours qui suivent cette reprise<span class=\"spip_note_ref\">&nbsp;[<a href=\"https:\/\/www.village-justice.com\/articles\/obligations-employeur-matiere-inaptitude-temps-therapeutique-visites-reprise,51717.html#nb2-23\" class=\"spip_note\" rel=\"appendix nofollow\" title=\"Article R4624-31 Code du travail\" id=\"nh2-23\" target=\"_blank\">23<\/a>]<\/span>.<\/p>\n<p>De plus, la visite (l\u2019examen) de reprise est possible apr\u00e8s, entre autres, une absence pour cause de maladie professionnelle, un accident du travail ayant caus\u00e9 30 jours d\u2019arr\u00eats, une maladie ou un accident non professionnel.<\/p>\n<p>En ce sens, eu \u00e9gard \u00e0 l\u2019\u00e9tat de sant\u00e9 du salari\u00e9 et les sp\u00e9cificit\u00e9s du poste, l\u2019examen de reprise a pour objet&nbsp;:<\/p>\n<p>\u00ab&nbsp;<i>1\u00b0 De v\u00e9rifier si le poste de travail que doit reprendre le travailleur ou le poste de reclassement auquel il doit \u00eatre affect\u00e9 est compatible avec son \u00e9tat de sant\u00e9&nbsp;;<\/i><\/p>\n<p>2\u00b0 D\u2019examiner les propositions d\u2019am\u00e9nagement ou d\u2019adaptation du poste repris par le travailleur ou de reclassement faites par l\u2019employeur \u00e0 la suite des pr\u00e9conisations \u00e9mises le cas \u00e9ch\u00e9ant par le m\u00e9decin du travail lors de la visite de pr\u00e9reprise&nbsp;;<\/p>\n<p>3\u00b0 De pr\u00e9coniser l\u2019am\u00e9nagement, l\u2019adaptation du poste ou le reclassement du travailleur&nbsp;;<\/p>\n<p>4\u00b0 D\u2019\u00e9mettre, le cas \u00e9ch\u00e9ant, un avis d\u2019inaptitude&nbsp;\u00bb<span class=\"spip_note_ref\">&nbsp;[<a href=\"https:\/\/www.village-justice.com\/articles\/obligations-employeur-matiere-inaptitude-temps-therapeutique-visites-reprise,51717.html#nb2-24\" class=\"spip_note\" rel=\"appendix nofollow\" title=\"Article R4624-32 Code du travail\" id=\"nh2-24\" target=\"_blank\">24<\/a>]<\/span>.<\/p>\n<p>Pr\u00e9cisons que l\u2019initiative de la saisine du m\u00e9decin du travail revient \u00e0 l\u2019employeur d\u00e8s que le salari\u00e9, qui remplit les conditions pour b\u00e9n\u00e9ficier de cet examen, en fait la demande et se tient \u00e0 sa disposition pour qu\u2019il y soit proc\u00e9d\u00e9, et l\u2019employeur ne peut exiger de l\u2019employ\u00e9 qu\u2019il reprenne au pr\u00e9alable son emploi<span class=\"spip_note_ref\">&nbsp;[<a href=\"https:\/\/www.village-justice.com\/articles\/obligations-employeur-matiere-inaptitude-temps-therapeutique-visites-reprise,51717.html#nb2-25\" class=\"spip_note\" rel=\"appendix nofollow\" title=\"Cass. Soc, 3 juillet 2024, n\u00b0 23-13.784\" id=\"nh2-25\" target=\"_blank\">25<\/a>]<\/span>.<\/p>\n<p>Sur ce point, il a \u00e9t\u00e9 jug\u00e9 que&nbsp;: <br class=\"autobr\"><br \/>\n\u00ab&nbsp;<i>L\u2019employeur, tenu d\u2019une obligation de s\u00e9curit\u00e9 de r\u00e9sultat en mati\u00e8re de protection de la sant\u00e9 et de la s\u00e9curit\u00e9 des travailleurs dans l\u2019entreprise, doit en assurer l\u2019effectivit\u00e9&nbsp;; qu\u2019il ne peut d\u00e8s lors laisser un salari\u00e9 reprendre son travail apr\u00e8s une p\u00e9riode d\u2019absence d\u2019au moins huit jours pour cause d\u2019accident du travail sans le faire b\u00e9n\u00e9ficier lors de la reprise du travail, ou au plus tard dans les huit jours de celle-ci, d\u2019un examen par le m\u00e9decin du travail destin\u00e9 \u00e0 appr\u00e9cier son aptitude \u00e0 reprendre son ancien emploi, la n\u00e9cessit\u00e9 d\u2019une adaptation des conditions de travail ou d\u2019une r\u00e9adaptation ou \u00e9ventuellement de l\u2019une et de l\u2019autre de ces mesures&nbsp;;<\/i><\/p>\n<p>qu\u2019\u00e0 d\u00e9faut l\u2019employeur ne peut r\u00e9silier le contrat de travail \u00e0 dur\u00e9e ind\u00e9termin\u00e9e du salari\u00e9, dont le droit \u00e0 la s\u00e9curit\u00e9 dans le travail a ainsi \u00e9t\u00e9 m\u00e9connu, que s\u2019il justifie soit d\u2019une faute grave de ce dernier, soit de l\u2019impossibilit\u00e9 o\u00f9 il se trouve, pour un motif non li\u00e9 \u00e0 l\u2019accident, de maintenir ledit contrat&nbsp;\u00bb<span class=\"spip_note_ref\">&nbsp;[<a href=\"https:\/\/www.village-justice.com\/articles\/obligations-employeur-matiere-inaptitude-temps-therapeutique-visites-reprise,51717.html#nb2-26\" class=\"spip_note\" rel=\"appendix nofollow\" title=\"Cass. Soc, 28 f\u00e9vrier 2006, n\u00b0 05-41.555\" id=\"nh2-26\" target=\"_blank\">26<\/a>]<\/span>.<\/p>\n<p>Dans un arr\u00eat r\u00e9cent, la Chambre sociale de la Cour de cassation rappelle qu\u2019en cas de non-respect par l\u2019employeur de ses obligations en mati\u00e8re de visites de reprise, il appartient au salari\u00e9 de d\u00e9montrer l\u2019existence d\u2019un pr\u00e9judice pour pr\u00e9tendre \u00e0 des dommages et int\u00e9r\u00eats. Or, en l\u2019esp\u00e8ce, le seul constat que l\u2019employeur a manqu\u00e9 \u00e0 son obligation de suspendre toute prestation de travail durant le cong\u00e9 maternit\u00e9 lui cause n\u00e9cessairement un pr\u00e9judice, lui ouvrant droit \u00e0 r\u00e9paration sans que la salari\u00e9 n\u2019ait \u00e0 prouver ce pr\u00e9judice&nbsp;:<\/p>\n<p>\u00ab&nbsp;<i>La salari\u00e9e a le droit de b\u00e9n\u00e9ficier d\u2019un cong\u00e9 de maternit\u00e9 pendant une p\u00e9riode qui commence six semaines avant la date pr\u00e9sum\u00e9e de l\u2019accouchement et se termine dix semaines apr\u00e8s la date de celui-ci et qu\u2019il est interdit d\u2019employer la salari\u00e9e pendant une p\u00e9riode de huit semaines au total avant et apr\u00e8s son accouchement, ainsi que dans les six semaines qui suivent son accouchement.<\/i><\/p>\n<p>Le seul constat de ce manquement ouvrait droit \u00e0 r\u00e9paration, la cour d\u2019appel a viol\u00e9 les textes susvis\u00e9s&nbsp;\u00bb<span class=\"spip_note_ref\">&nbsp;[<a href=\"https:\/\/www.village-justice.com\/articles\/obligations-employeur-matiere-inaptitude-temps-therapeutique-visites-reprise,51717.html#nb2-27\" class=\"spip_note\" rel=\"appendix nofollow\" title=\"Cass. Soc, 4 septembre 2024, n\u00b022-16.129\" id=\"nh2-27\" target=\"_blank\">27<\/a>]<\/span>.<\/p>\n<p>\u00c0 l\u2019issue de cet examen, le m\u00e9decin constate l\u2019inaptitude et peut pr\u00e9coniser un am\u00e9nagement ou une adaptation du poste, voire un reclassement.<\/p>\n<h2 class=\"spip\">L\u2019essai encadr\u00e9.<\/h2>\n<p>Depuis 2022<span class=\"spip_note_ref\">&nbsp;[<a href=\"https:\/\/www.village-justice.com\/articles\/obligations-employeur-matiere-inaptitude-temps-therapeutique-visites-reprise,51717.html#nb2-28\" class=\"spip_note\" rel=\"appendix nofollow\" title=\"Loi n\u00b0 2021-1018 du 2 ao\u00fbt 2021 pour renforcer la pr\u00e9vention en sant\u00e9 au&nbsp;(...)\" id=\"nh2-28\" target=\"_blank\">28<\/a>]<\/span>, il est \u00e9galement possible au salari\u00e9 de tester, avant la fin de son arr\u00eat maladie, sa capacit\u00e9 \u00e0 occuper son emploi, avec le dispositif de l\u2019essai encadr\u00e9<span class=\"spip_note_ref\">&nbsp;[<a href=\"https:\/\/www.village-justice.com\/articles\/obligations-employeur-matiere-inaptitude-temps-therapeutique-visites-reprise,51717.html#nb2-29\" class=\"spip_note\" rel=\"appendix nofollow\" title=\"Article D323-6 du Code de la s\u00e9curit\u00e9 sociale\" id=\"nh2-29\" target=\"_blank\">29<\/a>]<\/span>. Cela permet \u00e9galement d\u2019anticiper de futurs am\u00e9nagements ou adaptation du poste, voire d\u2019\u00e9voluer vers un autre poste<span class=\"spip_note_ref\">&nbsp;[<a href=\"https:\/\/www.village-justice.com\/articles\/obligations-employeur-matiere-inaptitude-temps-therapeutique-visites-reprise,51717.html#nb2-30\" class=\"spip_note\" rel=\"appendix nofollow\" title=\"Pour aller plus loin : https:\/\/www.village-justice.com\/art....\" id=\"nh2-30\" target=\"_blank\">30<\/a>]<\/span>.<\/p>\n<p>Sur ce dernier point, parmi les \u00e9volutions notables, le rendez-vous de liaison entre l\u2019employeur et le salari\u00e9 en arr\u00eat de travail d\u2019une dur\u00e9e d\u2019au moins 30 jours<span class=\"spip_note_ref\">&nbsp;[<a href=\"https:\/\/www.village-justice.com\/articles\/obligations-employeur-matiere-inaptitude-temps-therapeutique-visites-reprise,51717.html#nb2-31\" class=\"spip_note\" rel=\"appendix nofollow\" title=\"Article D 1226-8-1 Code du travail\" id=\"nh2-31\" target=\"_blank\">31<\/a>]<\/span>, consistant \u00e0 informer le salari\u00e9 qu\u2019il peut b\u00e9n\u00e9ficier d\u2019actions de pr\u00e9vention de la d\u00e9sinsertion professionnelle, de mesures d\u2019adaptation et d\u2019une visite de pr\u00e9-reprise<span class=\"spip_note_ref\">&nbsp;[<a href=\"https:\/\/www.village-justice.com\/articles\/obligations-employeur-matiere-inaptitude-temps-therapeutique-visites-reprise,51717.html#nb2-32\" class=\"spip_note\" rel=\"appendix nofollow\" title=\"Article L1226-1- du Code de travail\" id=\"nh2-32\" target=\"_blank\">32<\/a>]<\/span>.<br class=\"autobr\"><br \/>\nS\u2019ajoutent d\u2019autres visites aussi pr\u00e9cieuses qu\u2019utiles&nbsp;:<\/p>\n<ul class=\"spip\">\n<li> <strong>rendez-vous de liaison <\/strong> doit associer le service de sant\u00e9 au travail<span class=\"spip_note_ref\">&nbsp;[<a href=\"https:\/\/www.village-justice.com\/articles\/obligations-employeur-matiere-inaptitude-temps-therapeutique-visites-reprise,51717.html#nb2-33\" class=\"spip_note\" rel=\"appendix nofollow\" title=\"Article L1226-1-3 Code de travail\" id=\"nh2-33\" target=\"_blank\">33<\/a>]<\/span>.<\/li>\n<li> <strong>visite de pr\u00e9-reprise<\/strong>&nbsp;: le salari\u00e9 peut b\u00e9n\u00e9ficier d\u2019un examen de pr\u00e9-reprise par le m\u00e9decin du travail s\u2019 il poss\u00e8de un arr\u00eat de travail de plus de 30 jours( examen facultatif).<\/li>\n<li> <strong>visite de reprise<\/strong>&nbsp;: cet examen permet de mesurer l\u2019aptitude du salari\u00e9 \u00e0 reprendre son poste apr\u00e8s un arr\u00eat de travail. Sont concern\u00e9s les salari\u00e9s revenant de cong\u00e9 maternit\u00e9&nbsp;; en arr\u00eat de travail pour cause de maladie professionnelle&nbsp;; en arr\u00eat pour cause d\u2019accident du travail d\u2018une dur\u00e9e de 30 jours&nbsp;; en arr\u00eat maladie ordinaire d\u2019une dur\u00e9e d\u2019au moins 60 jours<\/li>\n<li> L\u2019<strong>essai encadr\u00e9<\/strong>&nbsp;: \u00e0 l\u2019initiative du salari\u00e9. Il peut lui \u00eatre propos\u00e9 par la CPAM.&nbsp;L\u2019objectif \u00e9tant de tester la compatibilit\u00e9 d\u2019un poste de travail avec les capacit\u00e9s du salari\u00e9<\/li>\n<\/ul>\n<p>\u00c0 cet \u00e9gard, il a \u00e9t\u00e9 jug\u00e9 que le d\u00e9faut d\u2019organisation de la visite de reprise ne fait pas obstacle \u00e0 la mise en \u0153uvre, par l\u2019employeur, d\u2019une proc\u00e9dure de licenciement pour faute dont les faits sont commis \u00e0 la reprise.<\/p>\n<p>En l\u2019esp\u00e8ce, lors du premier jour de reprise, une salari\u00e9e est mise \u00e0 pied conservatoire et convoqu\u00e9e \u00e0 un entretien pr\u00e9alable en vue d\u2019un licenciement pour faute. Les faits sont commis le jour de la reprise.<\/p>\n<p>La Cour d\u2019appel juge le licenciement sans cause r\u00e9elle et s\u00e9rieuse. Au visa des articles L1331-1 et R4624-31 code du travail, la Cour de cassation, censurant les premiers juges, consid\u00e8re que&nbsp;:<\/p>\n<p>\u00ab&nbsp;<i>Le salari\u00e9 dont le contrat de travail est suspendu pour maladie et qui reprend son travail avant d\u2019avoir fait l\u2019objet de la visite m\u00e9dicale de reprise est soumis au pouvoir disciplinaire de l\u2019employeur.<\/i><\/p>\n<p>En l\u2019esp\u00e8ce, \u00ab&nbsp;la reprise du travail par la salari\u00e9e avait \u00e9t\u00e9 effective le 12 septembre 2017, l\u2019employeur n\u2019avait pas organis\u00e9 la visite de reprise obligatoire,ce que n\u2019emp\u00eachait nullement la proc\u00e9dure de licenciement mise en \u0153uvre le jour de la reprise avec mise \u00e0 pied \u00e0 titre conservatoire&nbsp;\u00bb.<\/p>\n<p>Or, \u00ab&nbsp;il lui appartenait de statuer sur le motif de licenciement invoqu\u00e9, la cour d\u2019appel a viol\u00e9 les textes susvis\u00e9s&nbsp;\u00bb<span class=\"spip_note_ref\">&nbsp;[<a href=\"https:\/\/www.village-justice.com\/articles\/obligations-employeur-matiere-inaptitude-temps-therapeutique-visites-reprise,51717.html#nb2-34\" class=\"spip_note\" rel=\"appendix nofollow\" title=\"Cass. soc., 16 oct 2024 n\u00b023-14.892\" id=\"nh2-34\" target=\"_blank\">34<\/a>]<\/span>)<\/p>\n<p>En somme, accompagner le retour du salari\u00e9 renforce la pr\u00e9vention.<\/p>\n<h2 class=\"spip\">Obligations de l\u2019employeur.<\/h2>\n<p>En vertu des dispositions des articles L4121-1 et suivants du Code du travail, incombe \u00e0 l\u2019employeur une obligation de s\u00e9curit\u00e9 envers ses employ\u00e9s. Ce dont il r\u00e9sulte qu\u2019il doit proc\u00e9der \u00e0 tous les am\u00e9nagements n\u00e9cessaires pour garantir la s\u00e9curit\u00e9 du salari\u00e9 d\u00e9clar\u00e9 inapte.<\/p>\n<p>De ce fait, le licenciement est nul et la r\u00e9int\u00e9gration dans l\u2019entreprise est de droit, s\u2019agissant d\u2019un harc\u00e8lement moral commis \u00e0 la suite de l\u2019inaptitude, que l\u2019employeur doit faire cesser<span class=\"spip_note_ref\">&nbsp;[<a href=\"https:\/\/www.village-justice.com\/articles\/obligations-employeur-matiere-inaptitude-temps-therapeutique-visites-reprise,51717.html#nb2-35\" class=\"spip_note\" rel=\"appendix nofollow\" title=\"Cass. soc., 4 sept 2024, n 23-13.583\" id=\"nh2-35\" target=\"_blank\">35<\/a>]<\/span>.<\/p>\n<p>Pareillement, \u00e0 d\u00e9faut d\u2019aptitude du salari\u00e9 \u00e0 la suite d\u2019un accident de travail, l\u2019employeur ne peut rompre le contrat de travail que s\u2019il justifie d\u2019une faute grave ou de l\u2019impossibilit\u00e9, pour un motif non li\u00e9 \u00e0 l\u2019accident, de poursuivre le contrat<span class=\"spip_note_ref\">&nbsp;[<a href=\"https:\/\/www.village-justice.com\/articles\/obligations-employeur-matiere-inaptitude-temps-therapeutique-visites-reprise,51717.html#nb2-36\" class=\"spip_note\" rel=\"appendix nofollow\" title=\"Soc, 28 f\u00e9vrier 2006, n\u00b0 05-41.555\" id=\"nh2-36\" target=\"_blank\">36<\/a>]<\/span><\/p>\n<p>En derni\u00e8re analyse, encadr\u00e9es par des r\u00e8gles strictes, l\u2019inaptitude, le mi-temps th\u00e9rapeutique, les visites de reprise doivent \u00eatre g\u00e9r\u00e9es avec prudence, c\u00e9l\u00e9rit\u00e9, humanit\u00e9, dans un esprit empreint de loyaut\u00e9 et de dialogue f\u00e9cond. Garant des droits essentiels, le juge veille aux protections fondamentales dans son appr\u00e9ciation, rigoureuse, des ruptures de contrats cons\u00e9cutives \u00e0 l\u2019inaptitude.<\/p>\n<p>accidentdutravail-idf.net vous a pr\u00e9par\u00e9 ce post qui informe du sujet \u00ab\u00a0Association Sportive Huisson-Longueville Essonne\u00a0\u00bb. La chronique se veut g\u00e9n\u00e9r\u00e9e du mieux possible. Vous pouvez utiliser les coordonn\u00e9es indiqu\u00e9es sur le site dans le but d\u2019apporter des explications sur ce post qui parle du th\u00e8me \u00ab\u00a0Association Sportive Huisson-Longueville Essonne\u00a0\u00bb. Le site accidentdutravail-idf.net a pour but de fournir diverses publications sur la th\u00e9matique Association Sportive Huisson-Longueville Essonne diffus\u00e9es sur le net. Il y aura plusieurs articles autour du sujet \u00ab\u00a0Association Sportive Huisson-Longueville Essonne\u00a0\u00bb dans quelques jours, nous vous invitons \u00e0 naviguer sur notre site web \u00e0 plusieurs reprises.<\/p>\n","protected":false},"excerpt":{"rendered":"<p>Le salari\u00e9 victime d\u2019un accident ou d\u2019une maladie, d\u2019origine professionnelle ou non, son inaptitude prononc\u00e9e par le m\u00e9decin du travail, implique, de facto, la suspension du contrat. En cons\u00e9quence, la relation contractuelle n\u2019est pas pour autant rompue&nbsp;: \u00ab&nbsp;Le contrat de travail du salari\u00e9 victime d\u2019un accident du travail, autre qu\u2019un accident de trajet, ou d\u2019une &hellip; <\/p>\n<p class=\"link-more\"><a href=\"https:\/\/www.accidentdutravail-idf.net\/blog\/les-obligations-de-lemployeur-en-matiere-dinaptitude-de-mi-temps-therapeutique-et-de-visites-de-reprise\/\" class=\"more-link\">Continuer la lecture <span class=\"screen-reader-text\"> \u00ab\u00a0Les obligations de l\u2019employeur en mati\u00e8re d\u2019inaptitude, de mi-temps th\u00e9rapeutique et de visites de reprise.\u00a0\u00bb<\/span><\/a><\/p>\n","protected":false},"author":2,"featured_media":0,"comment_status":"closed","ping_status":"closed","sticky":false,"template":"","format":"standard","meta":{"footnotes":""},"categories":[5],"tags":[],"class_list":["post-1088","post","type-post","status-publish","format-standard","hentry","category-securite-du-travail-en-ile-de-france-et-divers","entry"],"yoast_head":"<!-- This site is optimized with the Yoast SEO plugin v27.5 - https:\/\/yoast.com\/product\/yoast-seo-wordpress\/ -->\n<title>Les obligations de l\u2019employeur en mati\u00e8re d\u2019inaptitude, de mi-temps th\u00e9rapeutique et de visites de reprise. - ACCIDENTDUTRAVAIL-IDF<\/title>\n<meta name=\"description\" content=\"Les obligations de l\u2019employeur en mati\u00e8re d\u2019inaptitude, de mi-temps th\u00e9rapeutique et de visites de reprise. article de ACCIDENTDUTRAVAIL-IDF\" \/>\n<meta name=\"robots\" content=\"index, follow, max-snippet:-1, max-image-preview:large, max-video-preview:-1\" \/>\n<link rel=\"canonical\" href=\"https:\/\/www.accidentdutravail-idf.net\/blog\/les-obligations-de-lemployeur-en-matiere-dinaptitude-de-mi-temps-therapeutique-et-de-visites-de-reprise\/\" \/>\n<meta property=\"og:locale\" content=\"fr_FR\" \/>\n<meta property=\"og:type\" content=\"article\" \/>\n<meta property=\"og:title\" content=\"Les obligations de l\u2019employeur en mati\u00e8re d\u2019inaptitude, de mi-temps th\u00e9rapeutique et de visites de reprise. - ACCIDENTDUTRAVAIL-IDF\" \/>\n<meta property=\"og:description\" content=\"Les obligations de l\u2019employeur en mati\u00e8re d\u2019inaptitude, de mi-temps th\u00e9rapeutique et de visites de reprise. article de ACCIDENTDUTRAVAIL-IDF\" \/>\n<meta property=\"og:url\" content=\"https:\/\/www.accidentdutravail-idf.net\/blog\/les-obligations-de-lemployeur-en-matiere-dinaptitude-de-mi-temps-therapeutique-et-de-visites-de-reprise\/\" \/>\n<meta property=\"og:site_name\" content=\"ACCIDENTDUTRAVAIL-IDF\" \/>\n<meta property=\"article:published_time\" content=\"2024-12-12T01:12:00+00:00\" \/>\n<meta property=\"og:image\" content=\"https:\/\/www.accidentdutravail-idf.net\/blog\/wp-content\/uploads\/2024\/12\/les-obligations-de-lemployeur-en-matiere-dinaptitude-de-mi-temps-therapeutique-et-de-visites-de-reprise.jpg\" \/>\n<meta name=\"author\" content=\"Carlos Poulain\" \/>\n<meta name=\"twitter:card\" content=\"summary_large_image\" \/>\n<meta name=\"twitter:label1\" content=\"\u00c9crit par\" \/>\n\t<meta name=\"twitter:data1\" content=\"Carlos Poulain\" \/>\n\t<meta name=\"twitter:label2\" content=\"Dur\u00e9e de lecture estim\u00e9e\" \/>\n\t<meta name=\"twitter:data2\" content=\"17 minutes\" \/>\n<script type=\"application\/ld+json\" class=\"yoast-schema-graph\">{\"@context\":\"https:\\\/\\\/schema.org\",\"@graph\":[{\"@type\":\"Article\",\"@id\":\"https:\\\/\\\/www.accidentdutravail-idf.net\\\/blog\\\/les-obligations-de-lemployeur-en-matiere-dinaptitude-de-mi-temps-therapeutique-et-de-visites-de-reprise\\\/#article\",\"isPartOf\":{\"@id\":\"https:\\\/\\\/www.accidentdutravail-idf.net\\\/blog\\\/les-obligations-de-lemployeur-en-matiere-dinaptitude-de-mi-temps-therapeutique-et-de-visites-de-reprise\\\/\"},\"author\":{\"name\":\"Carlos Poulain\",\"@id\":\"https:\\\/\\\/www.accidentdutravail-idf.net\\\/blog\\\/#\\\/schema\\\/person\\\/3255d2f970de45e64bd9201f38e7b947\"},\"headline\":\"Les obligations de l\u2019employeur en mati\u00e8re d\u2019inaptitude, de mi-temps th\u00e9rapeutique et de visites de reprise.\",\"datePublished\":\"2024-12-12T01:12:00+00:00\",\"mainEntityOfPage\":{\"@id\":\"https:\\\/\\\/www.accidentdutravail-idf.net\\\/blog\\\/les-obligations-de-lemployeur-en-matiere-dinaptitude-de-mi-temps-therapeutique-et-de-visites-de-reprise\\\/\"},\"wordCount\":3515,\"publisher\":{\"@id\":\"https:\\\/\\\/www.accidentdutravail-idf.net\\\/blog\\\/#organization\"},\"image\":{\"@id\":\"https:\\\/\\\/www.accidentdutravail-idf.net\\\/blog\\\/les-obligations-de-lemployeur-en-matiere-dinaptitude-de-mi-temps-therapeutique-et-de-visites-de-reprise\\\/#primaryimage\"},\"thumbnailUrl\":\"https:\\\/\\\/www.accidentdutravail-idf.net\\\/blog\\\/wp-content\\\/uploads\\\/2024\\\/12\\\/les-obligations-de-lemployeur-en-matiere-dinaptitude-de-mi-temps-therapeutique-et-de-visites-de-reprise.jpg\",\"articleSection\":[\"S\u00e9curit\u00e9 Du Travail En Ile-De-France Et Divers:\"],\"inLanguage\":\"fr-FR\"},{\"@type\":\"WebPage\",\"@id\":\"https:\\\/\\\/www.accidentdutravail-idf.net\\\/blog\\\/les-obligations-de-lemployeur-en-matiere-dinaptitude-de-mi-temps-therapeutique-et-de-visites-de-reprise\\\/\",\"url\":\"https:\\\/\\\/www.accidentdutravail-idf.net\\\/blog\\\/les-obligations-de-lemployeur-en-matiere-dinaptitude-de-mi-temps-therapeutique-et-de-visites-de-reprise\\\/\",\"name\":\"Les obligations de l\u2019employeur en mati\u00e8re d\u2019inaptitude, de mi-temps th\u00e9rapeutique et de visites de reprise. - ACCIDENTDUTRAVAIL-IDF\",\"isPartOf\":{\"@id\":\"https:\\\/\\\/www.accidentdutravail-idf.net\\\/blog\\\/#website\"},\"primaryImageOfPage\":{\"@id\":\"https:\\\/\\\/www.accidentdutravail-idf.net\\\/blog\\\/les-obligations-de-lemployeur-en-matiere-dinaptitude-de-mi-temps-therapeutique-et-de-visites-de-reprise\\\/#primaryimage\"},\"image\":{\"@id\":\"https:\\\/\\\/www.accidentdutravail-idf.net\\\/blog\\\/les-obligations-de-lemployeur-en-matiere-dinaptitude-de-mi-temps-therapeutique-et-de-visites-de-reprise\\\/#primaryimage\"},\"thumbnailUrl\":\"https:\\\/\\\/www.accidentdutravail-idf.net\\\/blog\\\/wp-content\\\/uploads\\\/2024\\\/12\\\/les-obligations-de-lemployeur-en-matiere-dinaptitude-de-mi-temps-therapeutique-et-de-visites-de-reprise.jpg\",\"datePublished\":\"2024-12-12T01:12:00+00:00\",\"description\":\"Les obligations de l\u2019employeur en mati\u00e8re d\u2019inaptitude, de mi-temps th\u00e9rapeutique et de visites de reprise. article de ACCIDENTDUTRAVAIL-IDF\",\"breadcrumb\":{\"@id\":\"https:\\\/\\\/www.accidentdutravail-idf.net\\\/blog\\\/les-obligations-de-lemployeur-en-matiere-dinaptitude-de-mi-temps-therapeutique-et-de-visites-de-reprise\\\/#breadcrumb\"},\"inLanguage\":\"fr-FR\",\"potentialAction\":[{\"@type\":\"ReadAction\",\"target\":[\"https:\\\/\\\/www.accidentdutravail-idf.net\\\/blog\\\/les-obligations-de-lemployeur-en-matiere-dinaptitude-de-mi-temps-therapeutique-et-de-visites-de-reprise\\\/\"]}]},{\"@type\":\"ImageObject\",\"inLanguage\":\"fr-FR\",\"@id\":\"https:\\\/\\\/www.accidentdutravail-idf.net\\\/blog\\\/les-obligations-de-lemployeur-en-matiere-dinaptitude-de-mi-temps-therapeutique-et-de-visites-de-reprise\\\/#primaryimage\",\"url\":\"https:\\\/\\\/www.accidentdutravail-idf.net\\\/blog\\\/wp-content\\\/uploads\\\/2024\\\/12\\\/les-obligations-de-lemployeur-en-matiere-dinaptitude-de-mi-temps-therapeutique-et-de-visites-de-reprise.jpg\",\"contentUrl\":\"https:\\\/\\\/www.accidentdutravail-idf.net\\\/blog\\\/wp-content\\\/uploads\\\/2024\\\/12\\\/les-obligations-de-lemployeur-en-matiere-dinaptitude-de-mi-temps-therapeutique-et-de-visites-de-reprise.jpg\"},{\"@type\":\"BreadcrumbList\",\"@id\":\"https:\\\/\\\/www.accidentdutravail-idf.net\\\/blog\\\/les-obligations-de-lemployeur-en-matiere-dinaptitude-de-mi-temps-therapeutique-et-de-visites-de-reprise\\\/#breadcrumb\",\"itemListElement\":[{\"@type\":\"ListItem\",\"position\":1,\"name\":\"Accueil\",\"item\":\"https:\\\/\\\/www.accidentdutravail-idf.net\\\/blog\\\/\"},{\"@type\":\"ListItem\",\"position\":2,\"name\":\"Les obligations de l\u2019employeur en mati\u00e8re d\u2019inaptitude, de mi-temps th\u00e9rapeutique et de visites de reprise.\"}]},{\"@type\":\"WebSite\",\"@id\":\"https:\\\/\\\/www.accidentdutravail-idf.net\\\/blog\\\/#website\",\"url\":\"https:\\\/\\\/www.accidentdutravail-idf.net\\\/blog\\\/\",\"name\":\"ACCIDENTDUTRAVAIL-IDF\",\"description\":\"Portail accidents du travail-maladies professionnelles des entreprises d&#039;Ile-de-France\",\"publisher\":{\"@id\":\"https:\\\/\\\/www.accidentdutravail-idf.net\\\/blog\\\/#organization\"},\"potentialAction\":[{\"@type\":\"SearchAction\",\"target\":{\"@type\":\"EntryPoint\",\"urlTemplate\":\"https:\\\/\\\/www.accidentdutravail-idf.net\\\/blog\\\/?s={search_term_string}\"},\"query-input\":{\"@type\":\"PropertyValueSpecification\",\"valueRequired\":true,\"valueName\":\"search_term_string\"}}],\"inLanguage\":\"fr-FR\"},{\"@type\":\"Organization\",\"@id\":\"https:\\\/\\\/www.accidentdutravail-idf.net\\\/blog\\\/#organization\",\"name\":\"accidentdutravail-idf\",\"url\":\"https:\\\/\\\/www.accidentdutravail-idf.net\\\/blog\\\/\",\"logo\":{\"@type\":\"ImageObject\",\"inLanguage\":\"fr-FR\",\"@id\":\"https:\\\/\\\/www.accidentdutravail-idf.net\\\/blog\\\/#\\\/schema\\\/logo\\\/image\\\/\",\"url\":\"https:\\\/\\\/www.accidentdutravail-idf.net\\\/blog\\\/wp-content\\\/uploads\\\/2022\\\/09\\\/logo-2.png\",\"contentUrl\":\"https:\\\/\\\/www.accidentdutravail-idf.net\\\/blog\\\/wp-content\\\/uploads\\\/2022\\\/09\\\/logo-2.png\",\"width\":380,\"height\":291,\"caption\":\"accidentdutravail-idf\"},\"image\":{\"@id\":\"https:\\\/\\\/www.accidentdutravail-idf.net\\\/blog\\\/#\\\/schema\\\/logo\\\/image\\\/\"}},{\"@type\":\"Person\",\"@id\":\"https:\\\/\\\/www.accidentdutravail-idf.net\\\/blog\\\/#\\\/schema\\\/person\\\/3255d2f970de45e64bd9201f38e7b947\",\"name\":\"Carlos Poulain\",\"image\":{\"@type\":\"ImageObject\",\"inLanguage\":\"fr-FR\",\"@id\":\"https:\\\/\\\/secure.gravatar.com\\\/avatar\\\/b1c2f9d3588e34e91adb093635df64ef4b2381991216be7576466cfcdca4baf3?s=96&d=mm&r=g\",\"url\":\"https:\\\/\\\/secure.gravatar.com\\\/avatar\\\/b1c2f9d3588e34e91adb093635df64ef4b2381991216be7576466cfcdca4baf3?s=96&d=mm&r=g\",\"contentUrl\":\"https:\\\/\\\/secure.gravatar.com\\\/avatar\\\/b1c2f9d3588e34e91adb093635df64ef4b2381991216be7576466cfcdca4baf3?s=96&d=mm&r=g\",\"caption\":\"Carlos Poulain\"},\"url\":\"https:\\\/\\\/www.accidentdutravail-idf.net\\\/blog\\\/author\\\/idfcarlos\\\/\"}]}<\/script>\n<!-- \/ Yoast SEO plugin. -->","yoast_head_json":{"title":"Les obligations de l\u2019employeur en mati\u00e8re d\u2019inaptitude, de mi-temps th\u00e9rapeutique et de visites de reprise. - ACCIDENTDUTRAVAIL-IDF","description":"Les obligations de l\u2019employeur en mati\u00e8re d\u2019inaptitude, de mi-temps th\u00e9rapeutique et de visites de reprise. article de ACCIDENTDUTRAVAIL-IDF","robots":{"index":"index","follow":"follow","max-snippet":"max-snippet:-1","max-image-preview":"max-image-preview:large","max-video-preview":"max-video-preview:-1"},"canonical":"https:\/\/www.accidentdutravail-idf.net\/blog\/les-obligations-de-lemployeur-en-matiere-dinaptitude-de-mi-temps-therapeutique-et-de-visites-de-reprise\/","og_locale":"fr_FR","og_type":"article","og_title":"Les obligations de l\u2019employeur en mati\u00e8re d\u2019inaptitude, de mi-temps th\u00e9rapeutique et de visites de reprise. - ACCIDENTDUTRAVAIL-IDF","og_description":"Les obligations de l\u2019employeur en mati\u00e8re d\u2019inaptitude, de mi-temps th\u00e9rapeutique et de visites de reprise. article de ACCIDENTDUTRAVAIL-IDF","og_url":"https:\/\/www.accidentdutravail-idf.net\/blog\/les-obligations-de-lemployeur-en-matiere-dinaptitude-de-mi-temps-therapeutique-et-de-visites-de-reprise\/","og_site_name":"ACCIDENTDUTRAVAIL-IDF","article_published_time":"2024-12-12T01:12:00+00:00","og_image":[{"url":"https:\/\/www.accidentdutravail-idf.net\/blog\/wp-content\/uploads\/2024\/12\/les-obligations-de-lemployeur-en-matiere-dinaptitude-de-mi-temps-therapeutique-et-de-visites-de-reprise.jpg","type":"","width":"","height":""}],"author":"Carlos Poulain","twitter_card":"summary_large_image","twitter_misc":{"\u00c9crit par":"Carlos Poulain","Dur\u00e9e de lecture estim\u00e9e":"17 minutes"},"schema":{"@context":"https:\/\/schema.org","@graph":[{"@type":"Article","@id":"https:\/\/www.accidentdutravail-idf.net\/blog\/les-obligations-de-lemployeur-en-matiere-dinaptitude-de-mi-temps-therapeutique-et-de-visites-de-reprise\/#article","isPartOf":{"@id":"https:\/\/www.accidentdutravail-idf.net\/blog\/les-obligations-de-lemployeur-en-matiere-dinaptitude-de-mi-temps-therapeutique-et-de-visites-de-reprise\/"},"author":{"name":"Carlos Poulain","@id":"https:\/\/www.accidentdutravail-idf.net\/blog\/#\/schema\/person\/3255d2f970de45e64bd9201f38e7b947"},"headline":"Les obligations de l\u2019employeur en mati\u00e8re d\u2019inaptitude, de mi-temps th\u00e9rapeutique et de visites de reprise.","datePublished":"2024-12-12T01:12:00+00:00","mainEntityOfPage":{"@id":"https:\/\/www.accidentdutravail-idf.net\/blog\/les-obligations-de-lemployeur-en-matiere-dinaptitude-de-mi-temps-therapeutique-et-de-visites-de-reprise\/"},"wordCount":3515,"publisher":{"@id":"https:\/\/www.accidentdutravail-idf.net\/blog\/#organization"},"image":{"@id":"https:\/\/www.accidentdutravail-idf.net\/blog\/les-obligations-de-lemployeur-en-matiere-dinaptitude-de-mi-temps-therapeutique-et-de-visites-de-reprise\/#primaryimage"},"thumbnailUrl":"https:\/\/www.accidentdutravail-idf.net\/blog\/wp-content\/uploads\/2024\/12\/les-obligations-de-lemployeur-en-matiere-dinaptitude-de-mi-temps-therapeutique-et-de-visites-de-reprise.jpg","articleSection":["S\u00e9curit\u00e9 Du Travail En Ile-De-France Et Divers:"],"inLanguage":"fr-FR"},{"@type":"WebPage","@id":"https:\/\/www.accidentdutravail-idf.net\/blog\/les-obligations-de-lemployeur-en-matiere-dinaptitude-de-mi-temps-therapeutique-et-de-visites-de-reprise\/","url":"https:\/\/www.accidentdutravail-idf.net\/blog\/les-obligations-de-lemployeur-en-matiere-dinaptitude-de-mi-temps-therapeutique-et-de-visites-de-reprise\/","name":"Les obligations de l\u2019employeur en mati\u00e8re d\u2019inaptitude, de mi-temps th\u00e9rapeutique et de visites de reprise. - ACCIDENTDUTRAVAIL-IDF","isPartOf":{"@id":"https:\/\/www.accidentdutravail-idf.net\/blog\/#website"},"primaryImageOfPage":{"@id":"https:\/\/www.accidentdutravail-idf.net\/blog\/les-obligations-de-lemployeur-en-matiere-dinaptitude-de-mi-temps-therapeutique-et-de-visites-de-reprise\/#primaryimage"},"image":{"@id":"https:\/\/www.accidentdutravail-idf.net\/blog\/les-obligations-de-lemployeur-en-matiere-dinaptitude-de-mi-temps-therapeutique-et-de-visites-de-reprise\/#primaryimage"},"thumbnailUrl":"https:\/\/www.accidentdutravail-idf.net\/blog\/wp-content\/uploads\/2024\/12\/les-obligations-de-lemployeur-en-matiere-dinaptitude-de-mi-temps-therapeutique-et-de-visites-de-reprise.jpg","datePublished":"2024-12-12T01:12:00+00:00","description":"Les obligations de l\u2019employeur en mati\u00e8re d\u2019inaptitude, de mi-temps th\u00e9rapeutique et de visites de reprise. article de ACCIDENTDUTRAVAIL-IDF","breadcrumb":{"@id":"https:\/\/www.accidentdutravail-idf.net\/blog\/les-obligations-de-lemployeur-en-matiere-dinaptitude-de-mi-temps-therapeutique-et-de-visites-de-reprise\/#breadcrumb"},"inLanguage":"fr-FR","potentialAction":[{"@type":"ReadAction","target":["https:\/\/www.accidentdutravail-idf.net\/blog\/les-obligations-de-lemployeur-en-matiere-dinaptitude-de-mi-temps-therapeutique-et-de-visites-de-reprise\/"]}]},{"@type":"ImageObject","inLanguage":"fr-FR","@id":"https:\/\/www.accidentdutravail-idf.net\/blog\/les-obligations-de-lemployeur-en-matiere-dinaptitude-de-mi-temps-therapeutique-et-de-visites-de-reprise\/#primaryimage","url":"https:\/\/www.accidentdutravail-idf.net\/blog\/wp-content\/uploads\/2024\/12\/les-obligations-de-lemployeur-en-matiere-dinaptitude-de-mi-temps-therapeutique-et-de-visites-de-reprise.jpg","contentUrl":"https:\/\/www.accidentdutravail-idf.net\/blog\/wp-content\/uploads\/2024\/12\/les-obligations-de-lemployeur-en-matiere-dinaptitude-de-mi-temps-therapeutique-et-de-visites-de-reprise.jpg"},{"@type":"BreadcrumbList","@id":"https:\/\/www.accidentdutravail-idf.net\/blog\/les-obligations-de-lemployeur-en-matiere-dinaptitude-de-mi-temps-therapeutique-et-de-visites-de-reprise\/#breadcrumb","itemListElement":[{"@type":"ListItem","position":1,"name":"Accueil","item":"https:\/\/www.accidentdutravail-idf.net\/blog\/"},{"@type":"ListItem","position":2,"name":"Les obligations de l\u2019employeur en mati\u00e8re d\u2019inaptitude, de mi-temps th\u00e9rapeutique et de visites de reprise."}]},{"@type":"WebSite","@id":"https:\/\/www.accidentdutravail-idf.net\/blog\/#website","url":"https:\/\/www.accidentdutravail-idf.net\/blog\/","name":"ACCIDENTDUTRAVAIL-IDF","description":"Portail accidents du travail-maladies professionnelles des entreprises d&#039;Ile-de-France","publisher":{"@id":"https:\/\/www.accidentdutravail-idf.net\/blog\/#organization"},"potentialAction":[{"@type":"SearchAction","target":{"@type":"EntryPoint","urlTemplate":"https:\/\/www.accidentdutravail-idf.net\/blog\/?s={search_term_string}"},"query-input":{"@type":"PropertyValueSpecification","valueRequired":true,"valueName":"search_term_string"}}],"inLanguage":"fr-FR"},{"@type":"Organization","@id":"https:\/\/www.accidentdutravail-idf.net\/blog\/#organization","name":"accidentdutravail-idf","url":"https:\/\/www.accidentdutravail-idf.net\/blog\/","logo":{"@type":"ImageObject","inLanguage":"fr-FR","@id":"https:\/\/www.accidentdutravail-idf.net\/blog\/#\/schema\/logo\/image\/","url":"https:\/\/www.accidentdutravail-idf.net\/blog\/wp-content\/uploads\/2022\/09\/logo-2.png","contentUrl":"https:\/\/www.accidentdutravail-idf.net\/blog\/wp-content\/uploads\/2022\/09\/logo-2.png","width":380,"height":291,"caption":"accidentdutravail-idf"},"image":{"@id":"https:\/\/www.accidentdutravail-idf.net\/blog\/#\/schema\/logo\/image\/"}},{"@type":"Person","@id":"https:\/\/www.accidentdutravail-idf.net\/blog\/#\/schema\/person\/3255d2f970de45e64bd9201f38e7b947","name":"Carlos Poulain","image":{"@type":"ImageObject","inLanguage":"fr-FR","@id":"https:\/\/secure.gravatar.com\/avatar\/b1c2f9d3588e34e91adb093635df64ef4b2381991216be7576466cfcdca4baf3?s=96&d=mm&r=g","url":"https:\/\/secure.gravatar.com\/avatar\/b1c2f9d3588e34e91adb093635df64ef4b2381991216be7576466cfcdca4baf3?s=96&d=mm&r=g","contentUrl":"https:\/\/secure.gravatar.com\/avatar\/b1c2f9d3588e34e91adb093635df64ef4b2381991216be7576466cfcdca4baf3?s=96&d=mm&r=g","caption":"Carlos Poulain"},"url":"https:\/\/www.accidentdutravail-idf.net\/blog\/author\/idfcarlos\/"}]}},"_links":{"self":[{"href":"https:\/\/www.accidentdutravail-idf.net\/blog\/wp-json\/wp\/v2\/posts\/1088","targetHints":{"allow":["GET"]}}],"collection":[{"href":"https:\/\/www.accidentdutravail-idf.net\/blog\/wp-json\/wp\/v2\/posts"}],"about":[{"href":"https:\/\/www.accidentdutravail-idf.net\/blog\/wp-json\/wp\/v2\/types\/post"}],"author":[{"embeddable":true,"href":"https:\/\/www.accidentdutravail-idf.net\/blog\/wp-json\/wp\/v2\/users\/2"}],"replies":[{"embeddable":true,"href":"https:\/\/www.accidentdutravail-idf.net\/blog\/wp-json\/wp\/v2\/comments?post=1088"}],"version-history":[{"count":0,"href":"https:\/\/www.accidentdutravail-idf.net\/blog\/wp-json\/wp\/v2\/posts\/1088\/revisions"}],"wp:attachment":[{"href":"https:\/\/www.accidentdutravail-idf.net\/blog\/wp-json\/wp\/v2\/media?parent=1088"}],"wp:term":[{"taxonomy":"category","embeddable":true,"href":"https:\/\/www.accidentdutravail-idf.net\/blog\/wp-json\/wp\/v2\/categories?post=1088"},{"taxonomy":"post_tag","embeddable":true,"href":"https:\/\/www.accidentdutravail-idf.net\/blog\/wp-json\/wp\/v2\/tags?post=1088"}],"curies":[{"name":"wp","href":"https:\/\/api.w.org\/{rel}","templated":true}]}}