{"id":1087,"date":"2024-12-13T06:30:00","date_gmt":"2024-12-13T05:30:00","guid":{"rendered":"https:\/\/www.accidentdutravail-idf.net\/blog\/accidents-et-maladies-professionnelles-vers-un-renforcement-de-la-prevention-en-milieu-de-travail\/"},"modified":"2024-12-13T06:30:00","modified_gmt":"2024-12-13T05:30:00","slug":"accidents-et-maladies-professionnelles-vers-un-renforcement-de-la-prevention-en-milieu-de-travail","status":"publish","type":"post","link":"https:\/\/www.accidentdutravail-idf.net\/blog\/accidents-et-maladies-professionnelles-vers-un-renforcement-de-la-prevention-en-milieu-de-travail\/","title":{"rendered":"Accidents et maladies professionnelles : Vers un renforcement de la pr\u00e9vention en milieu de travail"},"content":{"rendered":"<div><img decoding=\"async\" src=\"https:\/\/www.accidentdutravail-idf.net\/blog\/wp-content\/uploads\/2024\/12\/accidents-et-maladies-professionnelles-vers-un-renforcement-de-la-prevention-en-milieu-de-travail.jpg\" class=\"ff-og-image-inserted\"><\/div>\n<p>Le pr\u00e9sident de la soci\u00e9t\u00e9 tunisienne de m\u00e9decine du travail Nizar Laadhari a indiqu\u00e9 vendredi que les troubles musculo- squelettiques repr\u00e9sentent pr\u00e8s de 90 pc des maladies professionnelles d\u00e9clar\u00e9es en 2023, selon les donn\u00e9es de la caisse nationale d\u2019assurance maladie (CNAM)<\/p>\n<p>Laadhari a pr\u00e9cis\u00e9, lors de sa participation au 11e congr\u00e8s de la m\u00e9decine du travail, que les troubles musculo- squelettiques occupent le premier rang parmi les maladies professionnelles d\u00e9clar\u00e9es au cours de ces 10 derni\u00e8res ann\u00e9es. \u201cCe th\u00e8me a \u00e9t\u00e9 ins\u00e9r\u00e9 comme axe principal des travaux du congr\u00e8s en vue de d\u00e9battre des moyens permettant de renforcer la pr\u00e9vention et de r\u00e9duire l\u2019impact de cette maladie sur les travailleurs et l\u2019entreprise\u201d a-t-il ajout\u00e9.<\/p>\n<p>\u201cD\u2019apr\u00e8s les donn\u00e9es fournies par la CNAM 26 mille accidents de travail dans le secteur priv\u00e9 ont \u00e9t\u00e9 enregistr\u00e9s et environ 3600 accidents dans le secteur public en 2023\u201d a-t-il relev\u00e9, soulignant dans ce contexte la n\u00e9cessit\u00e9 de renforcer la pr\u00e9vention en mati\u00e8re d\u2019accidents de travail et de limiter leurs r\u00e9percussions n\u00e9gatives.<\/p>\n<p>Par ailleurs, Laadhari a indiqu\u00e9 que le congr\u00e8s de m\u00e9decine du travail qui se tient dans sa 11e \u00e9dition est en passe de devenir une rencontre scientifique internationale, notant que la participation de sp\u00e9cialistes de Tunisie, de pays du Maghreb, d\u2019Afrique et de France constitue une opportunit\u00e9 idoine \u00e0 m\u00eame de favoriser l\u2019\u00e9change d\u2019exp\u00e9riences et de consolider le r\u00f4le de la m\u00e9decine de travail qui consiste \u00e0 pr\u00e9venir les risques professionnels.<\/p>\n<p>Le pr\u00e9sident de la soci\u00e9t\u00e9 tunisienne de m\u00e9decine du travail a pr\u00e9cis\u00e9 que le th\u00e8me de \u201cla sant\u00e9 mentale au travail\u201d qui sera trait\u00e9 lors des travaux, vise essentiellement \u00e0 favoriser la prise en charge psychologique en milieu de travail, ajoutant que le m\u00e9decin de travail assume un r\u00f4le important dans la prise en charge th\u00e9rapeutique des cas d\u2019\u00e9puisement professionnel (Burn out).<\/p>\n<p>Dans ce contexte il a affirm\u00e9 que le \u201cBurn out\u201d est reconnu par l\u2019organisation mondiale de la sant\u00e9 (OMS) comme \u00e9tant un syndrome r\u00e9sultant d\u2019un stress chronique au travail, mais ne figure pas en Tunisie ni dans nombreux autres pays, dans le classement des maladies professionnelles, appelant \u00e0 ins\u00e9rer l\u2019\u00e9puisement professionnel dans le tableau des maladies professionnelles, qui est mis \u00e0 jour chaque 3 ans, si des conditions sp\u00e9cifiques sont r\u00e9unies notamment, le nombre des cas d\u00e9clar\u00e9s.<\/p>\n<p> accidentdutravail-idf.net vous a pr\u00e9par\u00e9 ce post qui informe du sujet \u00ab\u00a0Association Sportive Huisson-Longueville Essonne\u00a0\u00bb. La chronique se veut g\u00e9n\u00e9r\u00e9e du mieux possible. Vous pouvez utiliser les coordonn\u00e9es indiqu\u00e9es sur le site dans le but d\u2019apporter des explications sur ce post qui parle du th\u00e8me \u00ab\u00a0Association Sportive Huisson-Longueville Essonne\u00a0\u00bb. Le site accidentdutravail-idf.net a pour but de fournir diverses publications sur la th\u00e9matique Association Sportive Huisson-Longueville Essonne diffus\u00e9es sur le net. Il y aura plusieurs articles autour du sujet \u00ab\u00a0Association Sportive Huisson-Longueville Essonne\u00a0\u00bb dans quelques jours, nous vous invitons \u00e0 naviguer sur notre site web \u00e0 plusieurs reprises.<\/p>\n","protected":false},"excerpt":{"rendered":"<p>Le pr\u00e9sident de la soci\u00e9t\u00e9 tunisienne de m\u00e9decine du travail Nizar Laadhari a indiqu\u00e9 vendredi que les troubles musculo- squelettiques repr\u00e9sentent pr\u00e8s de 90 pc des maladies professionnelles d\u00e9clar\u00e9es en 2023, selon les donn\u00e9es de la caisse nationale d\u2019assurance maladie (CNAM) Laadhari a pr\u00e9cis\u00e9, lors de sa participation au 11e congr\u00e8s de la m\u00e9decine du &hellip; <\/p>\n<p class=\"link-more\"><a href=\"https:\/\/www.accidentdutravail-idf.net\/blog\/accidents-et-maladies-professionnelles-vers-un-renforcement-de-la-prevention-en-milieu-de-travail\/\" class=\"more-link\">Continuer la lecture <span class=\"screen-reader-text\"> \u00ab\u00a0Accidents et maladies professionnelles : Vers un renforcement de la pr\u00e9vention en milieu de travail\u00a0\u00bb<\/span><\/a><\/p>\n","protected":false},"author":2,"featured_media":0,"comment_status":"closed","ping_status":"closed","sticky":false,"template":"","format":"standard","meta":{"footnotes":""},"categories":[5],"tags":[],"class_list":["post-1087","post","type-post","status-publish","format-standard","hentry","category-securite-du-travail-en-ile-de-france-et-divers","entry"],"yoast_head":"<!-- This site is optimized with the Yoast SEO plugin v27.5 - https:\/\/yoast.com\/product\/yoast-seo-wordpress\/ -->\n<title>Accidents et maladies professionnelles : Vers un renforcement de la pr\u00e9vention en milieu de travail - ACCIDENTDUTRAVAIL-IDF<\/title>\n<meta name=\"description\" content=\"Accidents et maladies professionnelles : Vers un renforcement de la pr\u00e9vention en milieu de travail article de ACCIDENTDUTRAVAIL-IDF\" \/>\n<meta name=\"robots\" content=\"index, follow, max-snippet:-1, max-image-preview:large, max-video-preview:-1\" \/>\n<link rel=\"canonical\" href=\"https:\/\/www.accidentdutravail-idf.net\/blog\/accidents-et-maladies-professionnelles-vers-un-renforcement-de-la-prevention-en-milieu-de-travail\/\" \/>\n<meta property=\"og:locale\" content=\"fr_FR\" \/>\n<meta property=\"og:type\" content=\"article\" \/>\n<meta property=\"og:title\" content=\"Accidents et maladies professionnelles : Vers un renforcement de la pr\u00e9vention en milieu de travail - ACCIDENTDUTRAVAIL-IDF\" \/>\n<meta property=\"og:description\" content=\"Accidents et maladies professionnelles : Vers un renforcement de la pr\u00e9vention en milieu de travail article de ACCIDENTDUTRAVAIL-IDF\" \/>\n<meta property=\"og:url\" content=\"https:\/\/www.accidentdutravail-idf.net\/blog\/accidents-et-maladies-professionnelles-vers-un-renforcement-de-la-prevention-en-milieu-de-travail\/\" \/>\n<meta property=\"og:site_name\" content=\"ACCIDENTDUTRAVAIL-IDF\" \/>\n<meta property=\"article:published_time\" content=\"2024-12-13T05:30:00+00:00\" \/>\n<meta property=\"og:image\" content=\"https:\/\/www.accidentdutravail-idf.net\/blog\/wp-content\/uploads\/2024\/12\/accidents-et-maladies-professionnelles-vers-un-renforcement-de-la-prevention-en-milieu-de-travail.jpg\" \/>\n<meta name=\"author\" content=\"Carlos Poulain\" \/>\n<meta name=\"twitter:card\" content=\"summary_large_image\" \/>\n<meta name=\"twitter:label1\" content=\"\u00c9crit par\" \/>\n\t<meta name=\"twitter:data1\" content=\"Carlos Poulain\" \/>\n\t<meta name=\"twitter:label2\" content=\"Dur\u00e9e de lecture estim\u00e9e\" \/>\n\t<meta name=\"twitter:data2\" content=\"3 minutes\" \/>\n<script type=\"application\/ld+json\" class=\"yoast-schema-graph\">{\"@context\":\"https:\\\/\\\/schema.org\",\"@graph\":[{\"@type\":\"Article\",\"@id\":\"https:\\\/\\\/www.accidentdutravail-idf.net\\\/blog\\\/accidents-et-maladies-professionnelles-vers-un-renforcement-de-la-prevention-en-milieu-de-travail\\\/#article\",\"isPartOf\":{\"@id\":\"https:\\\/\\\/www.accidentdutravail-idf.net\\\/blog\\\/accidents-et-maladies-professionnelles-vers-un-renforcement-de-la-prevention-en-milieu-de-travail\\\/\"},\"author\":{\"name\":\"Carlos Poulain\",\"@id\":\"https:\\\/\\\/www.accidentdutravail-idf.net\\\/blog\\\/#\\\/schema\\\/person\\\/3255d2f970de45e64bd9201f38e7b947\"},\"headline\":\"Accidents et maladies professionnelles : Vers un renforcement de la pr\u00e9vention en milieu de travail\",\"datePublished\":\"2024-12-13T05:30:00+00:00\",\"mainEntityOfPage\":{\"@id\":\"https:\\\/\\\/www.accidentdutravail-idf.net\\\/blog\\\/accidents-et-maladies-professionnelles-vers-un-renforcement-de-la-prevention-en-milieu-de-travail\\\/\"},\"wordCount\":548,\"publisher\":{\"@id\":\"https:\\\/\\\/www.accidentdutravail-idf.net\\\/blog\\\/#organization\"},\"image\":{\"@id\":\"https:\\\/\\\/www.accidentdutravail-idf.net\\\/blog\\\/accidents-et-maladies-professionnelles-vers-un-renforcement-de-la-prevention-en-milieu-de-travail\\\/#primaryimage\"},\"thumbnailUrl\":\"https:\\\/\\\/www.accidentdutravail-idf.net\\\/blog\\\/wp-content\\\/uploads\\\/2024\\\/12\\\/accidents-et-maladies-professionnelles-vers-un-renforcement-de-la-prevention-en-milieu-de-travail.jpg\",\"articleSection\":[\"S\u00e9curit\u00e9 Du Travail En Ile-De-France Et Divers:\"],\"inLanguage\":\"fr-FR\"},{\"@type\":\"WebPage\",\"@id\":\"https:\\\/\\\/www.accidentdutravail-idf.net\\\/blog\\\/accidents-et-maladies-professionnelles-vers-un-renforcement-de-la-prevention-en-milieu-de-travail\\\/\",\"url\":\"https:\\\/\\\/www.accidentdutravail-idf.net\\\/blog\\\/accidents-et-maladies-professionnelles-vers-un-renforcement-de-la-prevention-en-milieu-de-travail\\\/\",\"name\":\"Accidents et maladies professionnelles : Vers un renforcement de la pr\u00e9vention en milieu de travail - ACCIDENTDUTRAVAIL-IDF\",\"isPartOf\":{\"@id\":\"https:\\\/\\\/www.accidentdutravail-idf.net\\\/blog\\\/#website\"},\"primaryImageOfPage\":{\"@id\":\"https:\\\/\\\/www.accidentdutravail-idf.net\\\/blog\\\/accidents-et-maladies-professionnelles-vers-un-renforcement-de-la-prevention-en-milieu-de-travail\\\/#primaryimage\"},\"image\":{\"@id\":\"https:\\\/\\\/www.accidentdutravail-idf.net\\\/blog\\\/accidents-et-maladies-professionnelles-vers-un-renforcement-de-la-prevention-en-milieu-de-travail\\\/#primaryimage\"},\"thumbnailUrl\":\"https:\\\/\\\/www.accidentdutravail-idf.net\\\/blog\\\/wp-content\\\/uploads\\\/2024\\\/12\\\/accidents-et-maladies-professionnelles-vers-un-renforcement-de-la-prevention-en-milieu-de-travail.jpg\",\"datePublished\":\"2024-12-13T05:30:00+00:00\",\"description\":\"Accidents et maladies professionnelles : Vers un renforcement de la pr\u00e9vention en milieu de travail article de ACCIDENTDUTRAVAIL-IDF\",\"breadcrumb\":{\"@id\":\"https:\\\/\\\/www.accidentdutravail-idf.net\\\/blog\\\/accidents-et-maladies-professionnelles-vers-un-renforcement-de-la-prevention-en-milieu-de-travail\\\/#breadcrumb\"},\"inLanguage\":\"fr-FR\",\"potentialAction\":[{\"@type\":\"ReadAction\",\"target\":[\"https:\\\/\\\/www.accidentdutravail-idf.net\\\/blog\\\/accidents-et-maladies-professionnelles-vers-un-renforcement-de-la-prevention-en-milieu-de-travail\\\/\"]}]},{\"@type\":\"ImageObject\",\"inLanguage\":\"fr-FR\",\"@id\":\"https:\\\/\\\/www.accidentdutravail-idf.net\\\/blog\\\/accidents-et-maladies-professionnelles-vers-un-renforcement-de-la-prevention-en-milieu-de-travail\\\/#primaryimage\",\"url\":\"https:\\\/\\\/www.accidentdutravail-idf.net\\\/blog\\\/wp-content\\\/uploads\\\/2024\\\/12\\\/accidents-et-maladies-professionnelles-vers-un-renforcement-de-la-prevention-en-milieu-de-travail.jpg\",\"contentUrl\":\"https:\\\/\\\/www.accidentdutravail-idf.net\\\/blog\\\/wp-content\\\/uploads\\\/2024\\\/12\\\/accidents-et-maladies-professionnelles-vers-un-renforcement-de-la-prevention-en-milieu-de-travail.jpg\"},{\"@type\":\"BreadcrumbList\",\"@id\":\"https:\\\/\\\/www.accidentdutravail-idf.net\\\/blog\\\/accidents-et-maladies-professionnelles-vers-un-renforcement-de-la-prevention-en-milieu-de-travail\\\/#breadcrumb\",\"itemListElement\":[{\"@type\":\"ListItem\",\"position\":1,\"name\":\"Accueil\",\"item\":\"https:\\\/\\\/www.accidentdutravail-idf.net\\\/blog\\\/\"},{\"@type\":\"ListItem\",\"position\":2,\"name\":\"Accidents et maladies professionnelles : Vers un renforcement de la pr\u00e9vention en milieu de travail\"}]},{\"@type\":\"WebSite\",\"@id\":\"https:\\\/\\\/www.accidentdutravail-idf.net\\\/blog\\\/#website\",\"url\":\"https:\\\/\\\/www.accidentdutravail-idf.net\\\/blog\\\/\",\"name\":\"ACCIDENTDUTRAVAIL-IDF\",\"description\":\"Portail accidents du travail-maladies professionnelles des entreprises d&#039;Ile-de-France\",\"publisher\":{\"@id\":\"https:\\\/\\\/www.accidentdutravail-idf.net\\\/blog\\\/#organization\"},\"potentialAction\":[{\"@type\":\"SearchAction\",\"target\":{\"@type\":\"EntryPoint\",\"urlTemplate\":\"https:\\\/\\\/www.accidentdutravail-idf.net\\\/blog\\\/?s={search_term_string}\"},\"query-input\":{\"@type\":\"PropertyValueSpecification\",\"valueRequired\":true,\"valueName\":\"search_term_string\"}}],\"inLanguage\":\"fr-FR\"},{\"@type\":\"Organization\",\"@id\":\"https:\\\/\\\/www.accidentdutravail-idf.net\\\/blog\\\/#organization\",\"name\":\"accidentdutravail-idf\",\"url\":\"https:\\\/\\\/www.accidentdutravail-idf.net\\\/blog\\\/\",\"logo\":{\"@type\":\"ImageObject\",\"inLanguage\":\"fr-FR\",\"@id\":\"https:\\\/\\\/www.accidentdutravail-idf.net\\\/blog\\\/#\\\/schema\\\/logo\\\/image\\\/\",\"url\":\"https:\\\/\\\/www.accidentdutravail-idf.net\\\/blog\\\/wp-content\\\/uploads\\\/2022\\\/09\\\/logo-2.png\",\"contentUrl\":\"https:\\\/\\\/www.accidentdutravail-idf.net\\\/blog\\\/wp-content\\\/uploads\\\/2022\\\/09\\\/logo-2.png\",\"width\":380,\"height\":291,\"caption\":\"accidentdutravail-idf\"},\"image\":{\"@id\":\"https:\\\/\\\/www.accidentdutravail-idf.net\\\/blog\\\/#\\\/schema\\\/logo\\\/image\\\/\"}},{\"@type\":\"Person\",\"@id\":\"https:\\\/\\\/www.accidentdutravail-idf.net\\\/blog\\\/#\\\/schema\\\/person\\\/3255d2f970de45e64bd9201f38e7b947\",\"name\":\"Carlos Poulain\",\"image\":{\"@type\":\"ImageObject\",\"inLanguage\":\"fr-FR\",\"@id\":\"https:\\\/\\\/secure.gravatar.com\\\/avatar\\\/b1c2f9d3588e34e91adb093635df64ef4b2381991216be7576466cfcdca4baf3?s=96&d=mm&r=g\",\"url\":\"https:\\\/\\\/secure.gravatar.com\\\/avatar\\\/b1c2f9d3588e34e91adb093635df64ef4b2381991216be7576466cfcdca4baf3?s=96&d=mm&r=g\",\"contentUrl\":\"https:\\\/\\\/secure.gravatar.com\\\/avatar\\\/b1c2f9d3588e34e91adb093635df64ef4b2381991216be7576466cfcdca4baf3?s=96&d=mm&r=g\",\"caption\":\"Carlos Poulain\"},\"url\":\"https:\\\/\\\/www.accidentdutravail-idf.net\\\/blog\\\/author\\\/idfcarlos\\\/\"}]}<\/script>\n<!-- \/ Yoast SEO plugin. -->","yoast_head_json":{"title":"Accidents et maladies professionnelles : Vers un renforcement de la pr\u00e9vention en milieu de travail - ACCIDENTDUTRAVAIL-IDF","description":"Accidents et maladies professionnelles : Vers un renforcement de la pr\u00e9vention en milieu de travail article de ACCIDENTDUTRAVAIL-IDF","robots":{"index":"index","follow":"follow","max-snippet":"max-snippet:-1","max-image-preview":"max-image-preview:large","max-video-preview":"max-video-preview:-1"},"canonical":"https:\/\/www.accidentdutravail-idf.net\/blog\/accidents-et-maladies-professionnelles-vers-un-renforcement-de-la-prevention-en-milieu-de-travail\/","og_locale":"fr_FR","og_type":"article","og_title":"Accidents et maladies professionnelles : Vers un renforcement de la pr\u00e9vention en milieu de travail - ACCIDENTDUTRAVAIL-IDF","og_description":"Accidents et maladies professionnelles : Vers un renforcement de la pr\u00e9vention en milieu de travail article de ACCIDENTDUTRAVAIL-IDF","og_url":"https:\/\/www.accidentdutravail-idf.net\/blog\/accidents-et-maladies-professionnelles-vers-un-renforcement-de-la-prevention-en-milieu-de-travail\/","og_site_name":"ACCIDENTDUTRAVAIL-IDF","article_published_time":"2024-12-13T05:30:00+00:00","og_image":[{"url":"https:\/\/www.accidentdutravail-idf.net\/blog\/wp-content\/uploads\/2024\/12\/accidents-et-maladies-professionnelles-vers-un-renforcement-de-la-prevention-en-milieu-de-travail.jpg","type":"","width":"","height":""}],"author":"Carlos Poulain","twitter_card":"summary_large_image","twitter_misc":{"\u00c9crit par":"Carlos Poulain","Dur\u00e9e de lecture estim\u00e9e":"3 minutes"},"schema":{"@context":"https:\/\/schema.org","@graph":[{"@type":"Article","@id":"https:\/\/www.accidentdutravail-idf.net\/blog\/accidents-et-maladies-professionnelles-vers-un-renforcement-de-la-prevention-en-milieu-de-travail\/#article","isPartOf":{"@id":"https:\/\/www.accidentdutravail-idf.net\/blog\/accidents-et-maladies-professionnelles-vers-un-renforcement-de-la-prevention-en-milieu-de-travail\/"},"author":{"name":"Carlos Poulain","@id":"https:\/\/www.accidentdutravail-idf.net\/blog\/#\/schema\/person\/3255d2f970de45e64bd9201f38e7b947"},"headline":"Accidents et maladies professionnelles : Vers un renforcement de la pr\u00e9vention en milieu de travail","datePublished":"2024-12-13T05:30:00+00:00","mainEntityOfPage":{"@id":"https:\/\/www.accidentdutravail-idf.net\/blog\/accidents-et-maladies-professionnelles-vers-un-renforcement-de-la-prevention-en-milieu-de-travail\/"},"wordCount":548,"publisher":{"@id":"https:\/\/www.accidentdutravail-idf.net\/blog\/#organization"},"image":{"@id":"https:\/\/www.accidentdutravail-idf.net\/blog\/accidents-et-maladies-professionnelles-vers-un-renforcement-de-la-prevention-en-milieu-de-travail\/#primaryimage"},"thumbnailUrl":"https:\/\/www.accidentdutravail-idf.net\/blog\/wp-content\/uploads\/2024\/12\/accidents-et-maladies-professionnelles-vers-un-renforcement-de-la-prevention-en-milieu-de-travail.jpg","articleSection":["S\u00e9curit\u00e9 Du Travail En Ile-De-France Et Divers:"],"inLanguage":"fr-FR"},{"@type":"WebPage","@id":"https:\/\/www.accidentdutravail-idf.net\/blog\/accidents-et-maladies-professionnelles-vers-un-renforcement-de-la-prevention-en-milieu-de-travail\/","url":"https:\/\/www.accidentdutravail-idf.net\/blog\/accidents-et-maladies-professionnelles-vers-un-renforcement-de-la-prevention-en-milieu-de-travail\/","name":"Accidents et maladies professionnelles : Vers un renforcement de la pr\u00e9vention en milieu de travail - ACCIDENTDUTRAVAIL-IDF","isPartOf":{"@id":"https:\/\/www.accidentdutravail-idf.net\/blog\/#website"},"primaryImageOfPage":{"@id":"https:\/\/www.accidentdutravail-idf.net\/blog\/accidents-et-maladies-professionnelles-vers-un-renforcement-de-la-prevention-en-milieu-de-travail\/#primaryimage"},"image":{"@id":"https:\/\/www.accidentdutravail-idf.net\/blog\/accidents-et-maladies-professionnelles-vers-un-renforcement-de-la-prevention-en-milieu-de-travail\/#primaryimage"},"thumbnailUrl":"https:\/\/www.accidentdutravail-idf.net\/blog\/wp-content\/uploads\/2024\/12\/accidents-et-maladies-professionnelles-vers-un-renforcement-de-la-prevention-en-milieu-de-travail.jpg","datePublished":"2024-12-13T05:30:00+00:00","description":"Accidents et maladies professionnelles : Vers un renforcement de la pr\u00e9vention en milieu de travail article de ACCIDENTDUTRAVAIL-IDF","breadcrumb":{"@id":"https:\/\/www.accidentdutravail-idf.net\/blog\/accidents-et-maladies-professionnelles-vers-un-renforcement-de-la-prevention-en-milieu-de-travail\/#breadcrumb"},"inLanguage":"fr-FR","potentialAction":[{"@type":"ReadAction","target":["https:\/\/www.accidentdutravail-idf.net\/blog\/accidents-et-maladies-professionnelles-vers-un-renforcement-de-la-prevention-en-milieu-de-travail\/"]}]},{"@type":"ImageObject","inLanguage":"fr-FR","@id":"https:\/\/www.accidentdutravail-idf.net\/blog\/accidents-et-maladies-professionnelles-vers-un-renforcement-de-la-prevention-en-milieu-de-travail\/#primaryimage","url":"https:\/\/www.accidentdutravail-idf.net\/blog\/wp-content\/uploads\/2024\/12\/accidents-et-maladies-professionnelles-vers-un-renforcement-de-la-prevention-en-milieu-de-travail.jpg","contentUrl":"https:\/\/www.accidentdutravail-idf.net\/blog\/wp-content\/uploads\/2024\/12\/accidents-et-maladies-professionnelles-vers-un-renforcement-de-la-prevention-en-milieu-de-travail.jpg"},{"@type":"BreadcrumbList","@id":"https:\/\/www.accidentdutravail-idf.net\/blog\/accidents-et-maladies-professionnelles-vers-un-renforcement-de-la-prevention-en-milieu-de-travail\/#breadcrumb","itemListElement":[{"@type":"ListItem","position":1,"name":"Accueil","item":"https:\/\/www.accidentdutravail-idf.net\/blog\/"},{"@type":"ListItem","position":2,"name":"Accidents et maladies professionnelles : Vers un renforcement de la pr\u00e9vention en milieu de travail"}]},{"@type":"WebSite","@id":"https:\/\/www.accidentdutravail-idf.net\/blog\/#website","url":"https:\/\/www.accidentdutravail-idf.net\/blog\/","name":"ACCIDENTDUTRAVAIL-IDF","description":"Portail accidents du travail-maladies professionnelles des entreprises d&#039;Ile-de-France","publisher":{"@id":"https:\/\/www.accidentdutravail-idf.net\/blog\/#organization"},"potentialAction":[{"@type":"SearchAction","target":{"@type":"EntryPoint","urlTemplate":"https:\/\/www.accidentdutravail-idf.net\/blog\/?s={search_term_string}"},"query-input":{"@type":"PropertyValueSpecification","valueRequired":true,"valueName":"search_term_string"}}],"inLanguage":"fr-FR"},{"@type":"Organization","@id":"https:\/\/www.accidentdutravail-idf.net\/blog\/#organization","name":"accidentdutravail-idf","url":"https:\/\/www.accidentdutravail-idf.net\/blog\/","logo":{"@type":"ImageObject","inLanguage":"fr-FR","@id":"https:\/\/www.accidentdutravail-idf.net\/blog\/#\/schema\/logo\/image\/","url":"https:\/\/www.accidentdutravail-idf.net\/blog\/wp-content\/uploads\/2022\/09\/logo-2.png","contentUrl":"https:\/\/www.accidentdutravail-idf.net\/blog\/wp-content\/uploads\/2022\/09\/logo-2.png","width":380,"height":291,"caption":"accidentdutravail-idf"},"image":{"@id":"https:\/\/www.accidentdutravail-idf.net\/blog\/#\/schema\/logo\/image\/"}},{"@type":"Person","@id":"https:\/\/www.accidentdutravail-idf.net\/blog\/#\/schema\/person\/3255d2f970de45e64bd9201f38e7b947","name":"Carlos Poulain","image":{"@type":"ImageObject","inLanguage":"fr-FR","@id":"https:\/\/secure.gravatar.com\/avatar\/b1c2f9d3588e34e91adb093635df64ef4b2381991216be7576466cfcdca4baf3?s=96&d=mm&r=g","url":"https:\/\/secure.gravatar.com\/avatar\/b1c2f9d3588e34e91adb093635df64ef4b2381991216be7576466cfcdca4baf3?s=96&d=mm&r=g","contentUrl":"https:\/\/secure.gravatar.com\/avatar\/b1c2f9d3588e34e91adb093635df64ef4b2381991216be7576466cfcdca4baf3?s=96&d=mm&r=g","caption":"Carlos Poulain"},"url":"https:\/\/www.accidentdutravail-idf.net\/blog\/author\/idfcarlos\/"}]}},"_links":{"self":[{"href":"https:\/\/www.accidentdutravail-idf.net\/blog\/wp-json\/wp\/v2\/posts\/1087","targetHints":{"allow":["GET"]}}],"collection":[{"href":"https:\/\/www.accidentdutravail-idf.net\/blog\/wp-json\/wp\/v2\/posts"}],"about":[{"href":"https:\/\/www.accidentdutravail-idf.net\/blog\/wp-json\/wp\/v2\/types\/post"}],"author":[{"embeddable":true,"href":"https:\/\/www.accidentdutravail-idf.net\/blog\/wp-json\/wp\/v2\/users\/2"}],"replies":[{"embeddable":true,"href":"https:\/\/www.accidentdutravail-idf.net\/blog\/wp-json\/wp\/v2\/comments?post=1087"}],"version-history":[{"count":0,"href":"https:\/\/www.accidentdutravail-idf.net\/blog\/wp-json\/wp\/v2\/posts\/1087\/revisions"}],"wp:attachment":[{"href":"https:\/\/www.accidentdutravail-idf.net\/blog\/wp-json\/wp\/v2\/media?parent=1087"}],"wp:term":[{"taxonomy":"category","embeddable":true,"href":"https:\/\/www.accidentdutravail-idf.net\/blog\/wp-json\/wp\/v2\/categories?post=1087"},{"taxonomy":"post_tag","embeddable":true,"href":"https:\/\/www.accidentdutravail-idf.net\/blog\/wp-json\/wp\/v2\/tags?post=1087"}],"curies":[{"name":"wp","href":"https:\/\/api.w.org\/{rel}","templated":true}]}}