{"id":1084,"date":"2024-12-12T03:56:00","date_gmt":"2024-12-12T02:56:00","guid":{"rendered":"https:\/\/www.accidentdutravail-idf.net\/blog\/une-charte-contre-le-travail-au-noir-dans-les-espaces-verts\/"},"modified":"2024-12-12T03:56:00","modified_gmt":"2024-12-12T02:56:00","slug":"une-charte-contre-le-travail-au-noir-dans-les-espaces-verts","status":"publish","type":"post","link":"https:\/\/www.accidentdutravail-idf.net\/blog\/une-charte-contre-le-travail-au-noir-dans-les-espaces-verts\/","title":{"rendered":"Une charte contre le travail au noir dans les espaces verts"},"content":{"rendered":"<div><img decoding=\"async\" src=\"https:\/\/www.accidentdutravail-idf.net\/blog\/wp-content\/uploads\/2024\/12\/une-charte-contre-le-travail-au-noir-dans-les-espaces-verts.jpg\" class=\"ff-og-image-inserted\"><\/div>\n<p>Tr\u00e8s vivace \u00e0 La R\u00e9union avec 75 millions de chiffre d&rsquo;affaires annuels, le secteur des travaux paysagers souffre du travail ill\u00e9gal. Aussi, l&rsquo;Etat, la S\u00e9curit\u00e9 sociale et les entreprises ont renouvel\u00e9 la convention de partenariat sign\u00e9e en 2021.<\/p>\n<div>\n<p>C&rsquo;est un secteur tr\u00e8s dynamique \u00e0 La R\u00e9union, o\u00f9 la v\u00e9g\u00e9tation aime \u00e0 prendre ses aises. Avec 180 entreprises, 1 400 salari\u00e9s et 75 millions de chiffre d&rsquo;affaires annuel, les travaux paysagers repr\u00e9sentent une activit\u00e9 porteuse, mais fragilis\u00e9e par le travail ill\u00e9gal.&nbsp;<\/p>\n<p>Concurrence d\u00e9loyale, mise en danger des travailleurs, manque \u00e0 gagner pour les organismes sociaux&#8230; Pour rem\u00e9dier \u00e0 tous ces maux, <a href=\"https:\/\/la1ere.francetvinfo.fr\/reunion\/travail-illegal-dans-le-secteur-paysager-signature-d-une-charte-pour-lutter-contre-la-fraude-930100.html\" target=\"_blank\" rel=\"noopener nofollow\">une convention de lutte contre le travail au noir avait \u00e9t\u00e9 sign\u00e9e en 2021 <\/a>pour trois ans par la direction de l&rsquo;\u00e9conomie, de l&#8217;emploi, du travail et des solidarit\u00e9s (Deets), la Caisse g\u00e9n\u00e9rale de s\u00e9curit\u00e9 sociale et l&rsquo;Union nationale des entreprises du paysage outre-mer.<\/p>\n<p>Charte que ces partenaires ont d\u00e9cid\u00e9 de reconduire mercredi 11 d\u00e9cembre pour une plus longue dur\u00e9e encore, soit jusqu&rsquo;en 2029, au vu des r\u00e9sultats des contr\u00f4les pratiqu\u00e9s sur la p\u00e9riode.&nbsp;<\/p>\n<p><strong>Regardez le reportage de R\u00e9union la 1\u00e8re :&nbsp;<\/strong><\/p>\n<p> <span class=\"o-video-credit_description\">Une convention pour lutter contre le travail au noir dans les espaces verts<\/span> <\/p>\n<p>Car si elles ont repr\u00e9sent\u00e9 &nbsp;20 % des contr\u00f4les, les entreprises du secteur ont \u00e9cop\u00e9 de 50 % des proc\u00e8s-verbaux dress\u00e9s par les 17 agents charg\u00e9s de contr\u00f4ler le respect des r\u00e8gles dans les cours, jardins et espaces verts.<\/p>\n<p>Sur 180 soci\u00e9t\u00e9s paysag\u00e8res recens\u00e9es, 56 ont \u00e9t\u00e9 pass\u00e9es au crible sur les trois derni\u00e8res ann\u00e9es. Soit pr\u00e8s d&rsquo;une sur trois.&nbsp;<\/p>\n<p><em>\u00ab\u00a0Sur l&rsquo;ensemble des contr\u00f4les men\u00e9s en trois ans, ce sont 6 millions d&rsquo;euros de manque \u00e0 gagner du point de vue du travail ill\u00e9gal\u00a0\u00bb<\/em> note Arnaud Pouly, directeur de l&rsquo;\u00e9conomie, de l&#8217;emploi, du travail et des solidarit\u00e9s.&nbsp;<\/p>\n<p>Sept soci\u00e9t\u00e9s ont fait l&rsquo;objet de poursuites devant un tribunal, ayant entra\u00een\u00e9 148 337 euros de redressement de cotisations sociales.<\/p>\n<p><em>\u00ab\u00a0Il y a des sanctions financi\u00e8res et parfois de la prison avec sursis, mais aussi la possibilit\u00e9 de mettre en \u0153uvre la solidarit\u00e9 financi\u00e8re\u00a0\u00bb<\/em>, rappelle Beno\u00eet S\u00e9rio, directeur de la CGSS de La R\u00e9union. <em>\u00ab\u00a0Si le sous-traitant ne d\u00e9clare pas ses salari\u00e9s, la CGSS peut se retourner vers le donneur d&rsquo;ordre.\u00a0\u00bb<\/em><em><\/em><\/p>\n<p>Un rappel des r\u00e8gles qui est vu d&rsquo;un bon \u0153il par les repr\u00e9sentants de la fili\u00e8re. <em>\u00ab\u00a0Le travail ill\u00e9gal discr\u00e9dite la profession, \u00e7a nous donne une mauvaise image de marque\u00a0\u00bb<\/em>, d\u00e9plore Florence Schupp, pr\u00e9sidente de l&rsquo;Union nationale des entreprises du paysage outre-mer.<em>\u00ab\u00a0On forme nos salari\u00e9s, il y a des \u00e9tudes d&rsquo;espaces verts, tout un savoir-faire&#8230; \u00e7a ne s&rsquo;improvise pas du tout.\u00a0\u00bb<\/em><\/p>\n<p>Sans compter les risques pour l&#8217;employ\u00e9 marron en cas d&rsquo;accident du travail ou de perte d&#8217;emploi.&nbsp;<\/p>\n<\/p><\/div>\n<p>accidentdutravail-idf.net vous a pr\u00e9par\u00e9 ce post qui informe du sujet \u00ab\u00a0Association Sportive Huisson-Longueville Essonne\u00a0\u00bb. La chronique se veut g\u00e9n\u00e9r\u00e9e du mieux possible. Vous pouvez utiliser les coordonn\u00e9es indiqu\u00e9es sur le site dans le but d\u2019apporter des explications sur ce post qui parle du th\u00e8me \u00ab\u00a0Association Sportive Huisson-Longueville Essonne\u00a0\u00bb. Le site accidentdutravail-idf.net a pour but de fournir diverses publications sur la th\u00e9matique Association Sportive Huisson-Longueville Essonne diffus\u00e9es sur le net. Il y aura plusieurs articles autour du sujet \u00ab\u00a0Association Sportive Huisson-Longueville Essonne\u00a0\u00bb dans quelques jours, nous vous invitons \u00e0 naviguer sur notre site web \u00e0 plusieurs reprises.<\/p>\n","protected":false},"excerpt":{"rendered":"<p>Tr\u00e8s vivace \u00e0 La R\u00e9union avec 75 millions de chiffre d&rsquo;affaires annuels, le secteur des travaux paysagers souffre du travail ill\u00e9gal. Aussi, l&rsquo;Etat, la S\u00e9curit\u00e9 sociale et les entreprises ont renouvel\u00e9 la convention de partenariat sign\u00e9e en 2021. C&rsquo;est un secteur tr\u00e8s dynamique \u00e0 La R\u00e9union, o\u00f9 la v\u00e9g\u00e9tation aime \u00e0 prendre ses aises. Avec &hellip; <\/p>\n<p class=\"link-more\"><a href=\"https:\/\/www.accidentdutravail-idf.net\/blog\/une-charte-contre-le-travail-au-noir-dans-les-espaces-verts\/\" class=\"more-link\">Continuer la lecture <span class=\"screen-reader-text\"> \u00ab\u00a0Une charte contre le travail au noir dans les espaces verts\u00a0\u00bb<\/span><\/a><\/p>\n","protected":false},"author":2,"featured_media":0,"comment_status":"closed","ping_status":"closed","sticky":false,"template":"","format":"standard","meta":{"footnotes":""},"categories":[5],"tags":[],"class_list":["post-1084","post","type-post","status-publish","format-standard","hentry","category-securite-du-travail-en-ile-de-france-et-divers","entry"],"yoast_head":"<!-- This site is optimized with the Yoast SEO plugin v27.5 - https:\/\/yoast.com\/product\/yoast-seo-wordpress\/ -->\n<title>Une charte contre le travail au noir dans les espaces verts - ACCIDENTDUTRAVAIL-IDF<\/title>\n<meta name=\"description\" content=\"Une charte contre le travail au noir dans les espaces verts article de ACCIDENTDUTRAVAIL-IDF\" \/>\n<meta name=\"robots\" content=\"index, follow, max-snippet:-1, max-image-preview:large, max-video-preview:-1\" \/>\n<link rel=\"canonical\" href=\"https:\/\/www.accidentdutravail-idf.net\/blog\/une-charte-contre-le-travail-au-noir-dans-les-espaces-verts\/\" \/>\n<meta property=\"og:locale\" content=\"fr_FR\" \/>\n<meta property=\"og:type\" content=\"article\" \/>\n<meta property=\"og:title\" content=\"Une charte contre le travail au noir dans les espaces verts - ACCIDENTDUTRAVAIL-IDF\" \/>\n<meta property=\"og:description\" content=\"Une charte contre le travail au noir dans les espaces verts article de ACCIDENTDUTRAVAIL-IDF\" \/>\n<meta property=\"og:url\" content=\"https:\/\/www.accidentdutravail-idf.net\/blog\/une-charte-contre-le-travail-au-noir-dans-les-espaces-verts\/\" \/>\n<meta property=\"og:site_name\" content=\"ACCIDENTDUTRAVAIL-IDF\" \/>\n<meta property=\"article:published_time\" content=\"2024-12-12T02:56:00+00:00\" \/>\n<meta property=\"og:image\" content=\"https:\/\/www.accidentdutravail-idf.net\/blog\/wp-content\/uploads\/2024\/12\/une-charte-contre-le-travail-au-noir-dans-les-espaces-verts.jpg\" \/>\n<meta name=\"author\" content=\"Carlos Poulain\" \/>\n<meta name=\"twitter:card\" content=\"summary_large_image\" \/>\n<meta name=\"twitter:label1\" content=\"\u00c9crit par\" \/>\n\t<meta name=\"twitter:data1\" content=\"Carlos Poulain\" \/>\n\t<meta name=\"twitter:label2\" content=\"Dur\u00e9e de lecture estim\u00e9e\" \/>\n\t<meta name=\"twitter:data2\" content=\"3 minutes\" \/>\n<script type=\"application\/ld+json\" class=\"yoast-schema-graph\">{\"@context\":\"https:\\\/\\\/schema.org\",\"@graph\":[{\"@type\":\"Article\",\"@id\":\"https:\\\/\\\/www.accidentdutravail-idf.net\\\/blog\\\/une-charte-contre-le-travail-au-noir-dans-les-espaces-verts\\\/#article\",\"isPartOf\":{\"@id\":\"https:\\\/\\\/www.accidentdutravail-idf.net\\\/blog\\\/une-charte-contre-le-travail-au-noir-dans-les-espaces-verts\\\/\"},\"author\":{\"name\":\"Carlos Poulain\",\"@id\":\"https:\\\/\\\/www.accidentdutravail-idf.net\\\/blog\\\/#\\\/schema\\\/person\\\/3255d2f970de45e64bd9201f38e7b947\"},\"headline\":\"Une charte contre le travail au noir dans les espaces verts\",\"datePublished\":\"2024-12-12T02:56:00+00:00\",\"mainEntityOfPage\":{\"@id\":\"https:\\\/\\\/www.accidentdutravail-idf.net\\\/blog\\\/une-charte-contre-le-travail-au-noir-dans-les-espaces-verts\\\/\"},\"wordCount\":606,\"publisher\":{\"@id\":\"https:\\\/\\\/www.accidentdutravail-idf.net\\\/blog\\\/#organization\"},\"image\":{\"@id\":\"https:\\\/\\\/www.accidentdutravail-idf.net\\\/blog\\\/une-charte-contre-le-travail-au-noir-dans-les-espaces-verts\\\/#primaryimage\"},\"thumbnailUrl\":\"https:\\\/\\\/www.accidentdutravail-idf.net\\\/blog\\\/wp-content\\\/uploads\\\/2024\\\/12\\\/une-charte-contre-le-travail-au-noir-dans-les-espaces-verts.jpg\",\"articleSection\":[\"S\u00e9curit\u00e9 Du Travail En Ile-De-France Et Divers:\"],\"inLanguage\":\"fr-FR\"},{\"@type\":\"WebPage\",\"@id\":\"https:\\\/\\\/www.accidentdutravail-idf.net\\\/blog\\\/une-charte-contre-le-travail-au-noir-dans-les-espaces-verts\\\/\",\"url\":\"https:\\\/\\\/www.accidentdutravail-idf.net\\\/blog\\\/une-charte-contre-le-travail-au-noir-dans-les-espaces-verts\\\/\",\"name\":\"Une charte contre le travail au noir dans les espaces verts - ACCIDENTDUTRAVAIL-IDF\",\"isPartOf\":{\"@id\":\"https:\\\/\\\/www.accidentdutravail-idf.net\\\/blog\\\/#website\"},\"primaryImageOfPage\":{\"@id\":\"https:\\\/\\\/www.accidentdutravail-idf.net\\\/blog\\\/une-charte-contre-le-travail-au-noir-dans-les-espaces-verts\\\/#primaryimage\"},\"image\":{\"@id\":\"https:\\\/\\\/www.accidentdutravail-idf.net\\\/blog\\\/une-charte-contre-le-travail-au-noir-dans-les-espaces-verts\\\/#primaryimage\"},\"thumbnailUrl\":\"https:\\\/\\\/www.accidentdutravail-idf.net\\\/blog\\\/wp-content\\\/uploads\\\/2024\\\/12\\\/une-charte-contre-le-travail-au-noir-dans-les-espaces-verts.jpg\",\"datePublished\":\"2024-12-12T02:56:00+00:00\",\"description\":\"Une charte contre le travail au noir dans les espaces verts article de ACCIDENTDUTRAVAIL-IDF\",\"breadcrumb\":{\"@id\":\"https:\\\/\\\/www.accidentdutravail-idf.net\\\/blog\\\/une-charte-contre-le-travail-au-noir-dans-les-espaces-verts\\\/#breadcrumb\"},\"inLanguage\":\"fr-FR\",\"potentialAction\":[{\"@type\":\"ReadAction\",\"target\":[\"https:\\\/\\\/www.accidentdutravail-idf.net\\\/blog\\\/une-charte-contre-le-travail-au-noir-dans-les-espaces-verts\\\/\"]}]},{\"@type\":\"ImageObject\",\"inLanguage\":\"fr-FR\",\"@id\":\"https:\\\/\\\/www.accidentdutravail-idf.net\\\/blog\\\/une-charte-contre-le-travail-au-noir-dans-les-espaces-verts\\\/#primaryimage\",\"url\":\"https:\\\/\\\/www.accidentdutravail-idf.net\\\/blog\\\/wp-content\\\/uploads\\\/2024\\\/12\\\/une-charte-contre-le-travail-au-noir-dans-les-espaces-verts.jpg\",\"contentUrl\":\"https:\\\/\\\/www.accidentdutravail-idf.net\\\/blog\\\/wp-content\\\/uploads\\\/2024\\\/12\\\/une-charte-contre-le-travail-au-noir-dans-les-espaces-verts.jpg\"},{\"@type\":\"BreadcrumbList\",\"@id\":\"https:\\\/\\\/www.accidentdutravail-idf.net\\\/blog\\\/une-charte-contre-le-travail-au-noir-dans-les-espaces-verts\\\/#breadcrumb\",\"itemListElement\":[{\"@type\":\"ListItem\",\"position\":1,\"name\":\"Accueil\",\"item\":\"https:\\\/\\\/www.accidentdutravail-idf.net\\\/blog\\\/\"},{\"@type\":\"ListItem\",\"position\":2,\"name\":\"Une charte contre le travail au noir dans les espaces verts\"}]},{\"@type\":\"WebSite\",\"@id\":\"https:\\\/\\\/www.accidentdutravail-idf.net\\\/blog\\\/#website\",\"url\":\"https:\\\/\\\/www.accidentdutravail-idf.net\\\/blog\\\/\",\"name\":\"ACCIDENTDUTRAVAIL-IDF\",\"description\":\"Portail accidents du travail-maladies professionnelles des entreprises d&#039;Ile-de-France\",\"publisher\":{\"@id\":\"https:\\\/\\\/www.accidentdutravail-idf.net\\\/blog\\\/#organization\"},\"potentialAction\":[{\"@type\":\"SearchAction\",\"target\":{\"@type\":\"EntryPoint\",\"urlTemplate\":\"https:\\\/\\\/www.accidentdutravail-idf.net\\\/blog\\\/?s={search_term_string}\"},\"query-input\":{\"@type\":\"PropertyValueSpecification\",\"valueRequired\":true,\"valueName\":\"search_term_string\"}}],\"inLanguage\":\"fr-FR\"},{\"@type\":\"Organization\",\"@id\":\"https:\\\/\\\/www.accidentdutravail-idf.net\\\/blog\\\/#organization\",\"name\":\"accidentdutravail-idf\",\"url\":\"https:\\\/\\\/www.accidentdutravail-idf.net\\\/blog\\\/\",\"logo\":{\"@type\":\"ImageObject\",\"inLanguage\":\"fr-FR\",\"@id\":\"https:\\\/\\\/www.accidentdutravail-idf.net\\\/blog\\\/#\\\/schema\\\/logo\\\/image\\\/\",\"url\":\"https:\\\/\\\/www.accidentdutravail-idf.net\\\/blog\\\/wp-content\\\/uploads\\\/2022\\\/09\\\/logo-2.png\",\"contentUrl\":\"https:\\\/\\\/www.accidentdutravail-idf.net\\\/blog\\\/wp-content\\\/uploads\\\/2022\\\/09\\\/logo-2.png\",\"width\":380,\"height\":291,\"caption\":\"accidentdutravail-idf\"},\"image\":{\"@id\":\"https:\\\/\\\/www.accidentdutravail-idf.net\\\/blog\\\/#\\\/schema\\\/logo\\\/image\\\/\"}},{\"@type\":\"Person\",\"@id\":\"https:\\\/\\\/www.accidentdutravail-idf.net\\\/blog\\\/#\\\/schema\\\/person\\\/3255d2f970de45e64bd9201f38e7b947\",\"name\":\"Carlos Poulain\",\"image\":{\"@type\":\"ImageObject\",\"inLanguage\":\"fr-FR\",\"@id\":\"https:\\\/\\\/secure.gravatar.com\\\/avatar\\\/b1c2f9d3588e34e91adb093635df64ef4b2381991216be7576466cfcdca4baf3?s=96&d=mm&r=g\",\"url\":\"https:\\\/\\\/secure.gravatar.com\\\/avatar\\\/b1c2f9d3588e34e91adb093635df64ef4b2381991216be7576466cfcdca4baf3?s=96&d=mm&r=g\",\"contentUrl\":\"https:\\\/\\\/secure.gravatar.com\\\/avatar\\\/b1c2f9d3588e34e91adb093635df64ef4b2381991216be7576466cfcdca4baf3?s=96&d=mm&r=g\",\"caption\":\"Carlos Poulain\"},\"url\":\"https:\\\/\\\/www.accidentdutravail-idf.net\\\/blog\\\/author\\\/idfcarlos\\\/\"}]}<\/script>\n<!-- \/ Yoast SEO plugin. -->","yoast_head_json":{"title":"Une charte contre le travail au noir dans les espaces verts - ACCIDENTDUTRAVAIL-IDF","description":"Une charte contre le travail au noir dans les espaces verts article de ACCIDENTDUTRAVAIL-IDF","robots":{"index":"index","follow":"follow","max-snippet":"max-snippet:-1","max-image-preview":"max-image-preview:large","max-video-preview":"max-video-preview:-1"},"canonical":"https:\/\/www.accidentdutravail-idf.net\/blog\/une-charte-contre-le-travail-au-noir-dans-les-espaces-verts\/","og_locale":"fr_FR","og_type":"article","og_title":"Une charte contre le travail au noir dans les espaces verts - ACCIDENTDUTRAVAIL-IDF","og_description":"Une charte contre le travail au noir dans les espaces verts article de ACCIDENTDUTRAVAIL-IDF","og_url":"https:\/\/www.accidentdutravail-idf.net\/blog\/une-charte-contre-le-travail-au-noir-dans-les-espaces-verts\/","og_site_name":"ACCIDENTDUTRAVAIL-IDF","article_published_time":"2024-12-12T02:56:00+00:00","og_image":[{"url":"https:\/\/www.accidentdutravail-idf.net\/blog\/wp-content\/uploads\/2024\/12\/une-charte-contre-le-travail-au-noir-dans-les-espaces-verts.jpg","type":"","width":"","height":""}],"author":"Carlos Poulain","twitter_card":"summary_large_image","twitter_misc":{"\u00c9crit par":"Carlos Poulain","Dur\u00e9e de lecture estim\u00e9e":"3 minutes"},"schema":{"@context":"https:\/\/schema.org","@graph":[{"@type":"Article","@id":"https:\/\/www.accidentdutravail-idf.net\/blog\/une-charte-contre-le-travail-au-noir-dans-les-espaces-verts\/#article","isPartOf":{"@id":"https:\/\/www.accidentdutravail-idf.net\/blog\/une-charte-contre-le-travail-au-noir-dans-les-espaces-verts\/"},"author":{"name":"Carlos Poulain","@id":"https:\/\/www.accidentdutravail-idf.net\/blog\/#\/schema\/person\/3255d2f970de45e64bd9201f38e7b947"},"headline":"Une charte contre le travail au noir dans les espaces verts","datePublished":"2024-12-12T02:56:00+00:00","mainEntityOfPage":{"@id":"https:\/\/www.accidentdutravail-idf.net\/blog\/une-charte-contre-le-travail-au-noir-dans-les-espaces-verts\/"},"wordCount":606,"publisher":{"@id":"https:\/\/www.accidentdutravail-idf.net\/blog\/#organization"},"image":{"@id":"https:\/\/www.accidentdutravail-idf.net\/blog\/une-charte-contre-le-travail-au-noir-dans-les-espaces-verts\/#primaryimage"},"thumbnailUrl":"https:\/\/www.accidentdutravail-idf.net\/blog\/wp-content\/uploads\/2024\/12\/une-charte-contre-le-travail-au-noir-dans-les-espaces-verts.jpg","articleSection":["S\u00e9curit\u00e9 Du Travail En Ile-De-France Et Divers:"],"inLanguage":"fr-FR"},{"@type":"WebPage","@id":"https:\/\/www.accidentdutravail-idf.net\/blog\/une-charte-contre-le-travail-au-noir-dans-les-espaces-verts\/","url":"https:\/\/www.accidentdutravail-idf.net\/blog\/une-charte-contre-le-travail-au-noir-dans-les-espaces-verts\/","name":"Une charte contre le travail au noir dans les espaces verts - ACCIDENTDUTRAVAIL-IDF","isPartOf":{"@id":"https:\/\/www.accidentdutravail-idf.net\/blog\/#website"},"primaryImageOfPage":{"@id":"https:\/\/www.accidentdutravail-idf.net\/blog\/une-charte-contre-le-travail-au-noir-dans-les-espaces-verts\/#primaryimage"},"image":{"@id":"https:\/\/www.accidentdutravail-idf.net\/blog\/une-charte-contre-le-travail-au-noir-dans-les-espaces-verts\/#primaryimage"},"thumbnailUrl":"https:\/\/www.accidentdutravail-idf.net\/blog\/wp-content\/uploads\/2024\/12\/une-charte-contre-le-travail-au-noir-dans-les-espaces-verts.jpg","datePublished":"2024-12-12T02:56:00+00:00","description":"Une charte contre le travail au noir dans les espaces verts article de ACCIDENTDUTRAVAIL-IDF","breadcrumb":{"@id":"https:\/\/www.accidentdutravail-idf.net\/blog\/une-charte-contre-le-travail-au-noir-dans-les-espaces-verts\/#breadcrumb"},"inLanguage":"fr-FR","potentialAction":[{"@type":"ReadAction","target":["https:\/\/www.accidentdutravail-idf.net\/blog\/une-charte-contre-le-travail-au-noir-dans-les-espaces-verts\/"]}]},{"@type":"ImageObject","inLanguage":"fr-FR","@id":"https:\/\/www.accidentdutravail-idf.net\/blog\/une-charte-contre-le-travail-au-noir-dans-les-espaces-verts\/#primaryimage","url":"https:\/\/www.accidentdutravail-idf.net\/blog\/wp-content\/uploads\/2024\/12\/une-charte-contre-le-travail-au-noir-dans-les-espaces-verts.jpg","contentUrl":"https:\/\/www.accidentdutravail-idf.net\/blog\/wp-content\/uploads\/2024\/12\/une-charte-contre-le-travail-au-noir-dans-les-espaces-verts.jpg"},{"@type":"BreadcrumbList","@id":"https:\/\/www.accidentdutravail-idf.net\/blog\/une-charte-contre-le-travail-au-noir-dans-les-espaces-verts\/#breadcrumb","itemListElement":[{"@type":"ListItem","position":1,"name":"Accueil","item":"https:\/\/www.accidentdutravail-idf.net\/blog\/"},{"@type":"ListItem","position":2,"name":"Une charte contre le travail au noir dans les espaces verts"}]},{"@type":"WebSite","@id":"https:\/\/www.accidentdutravail-idf.net\/blog\/#website","url":"https:\/\/www.accidentdutravail-idf.net\/blog\/","name":"ACCIDENTDUTRAVAIL-IDF","description":"Portail accidents du travail-maladies professionnelles des entreprises d&#039;Ile-de-France","publisher":{"@id":"https:\/\/www.accidentdutravail-idf.net\/blog\/#organization"},"potentialAction":[{"@type":"SearchAction","target":{"@type":"EntryPoint","urlTemplate":"https:\/\/www.accidentdutravail-idf.net\/blog\/?s={search_term_string}"},"query-input":{"@type":"PropertyValueSpecification","valueRequired":true,"valueName":"search_term_string"}}],"inLanguage":"fr-FR"},{"@type":"Organization","@id":"https:\/\/www.accidentdutravail-idf.net\/blog\/#organization","name":"accidentdutravail-idf","url":"https:\/\/www.accidentdutravail-idf.net\/blog\/","logo":{"@type":"ImageObject","inLanguage":"fr-FR","@id":"https:\/\/www.accidentdutravail-idf.net\/blog\/#\/schema\/logo\/image\/","url":"https:\/\/www.accidentdutravail-idf.net\/blog\/wp-content\/uploads\/2022\/09\/logo-2.png","contentUrl":"https:\/\/www.accidentdutravail-idf.net\/blog\/wp-content\/uploads\/2022\/09\/logo-2.png","width":380,"height":291,"caption":"accidentdutravail-idf"},"image":{"@id":"https:\/\/www.accidentdutravail-idf.net\/blog\/#\/schema\/logo\/image\/"}},{"@type":"Person","@id":"https:\/\/www.accidentdutravail-idf.net\/blog\/#\/schema\/person\/3255d2f970de45e64bd9201f38e7b947","name":"Carlos Poulain","image":{"@type":"ImageObject","inLanguage":"fr-FR","@id":"https:\/\/secure.gravatar.com\/avatar\/b1c2f9d3588e34e91adb093635df64ef4b2381991216be7576466cfcdca4baf3?s=96&d=mm&r=g","url":"https:\/\/secure.gravatar.com\/avatar\/b1c2f9d3588e34e91adb093635df64ef4b2381991216be7576466cfcdca4baf3?s=96&d=mm&r=g","contentUrl":"https:\/\/secure.gravatar.com\/avatar\/b1c2f9d3588e34e91adb093635df64ef4b2381991216be7576466cfcdca4baf3?s=96&d=mm&r=g","caption":"Carlos Poulain"},"url":"https:\/\/www.accidentdutravail-idf.net\/blog\/author\/idfcarlos\/"}]}},"_links":{"self":[{"href":"https:\/\/www.accidentdutravail-idf.net\/blog\/wp-json\/wp\/v2\/posts\/1084","targetHints":{"allow":["GET"]}}],"collection":[{"href":"https:\/\/www.accidentdutravail-idf.net\/blog\/wp-json\/wp\/v2\/posts"}],"about":[{"href":"https:\/\/www.accidentdutravail-idf.net\/blog\/wp-json\/wp\/v2\/types\/post"}],"author":[{"embeddable":true,"href":"https:\/\/www.accidentdutravail-idf.net\/blog\/wp-json\/wp\/v2\/users\/2"}],"replies":[{"embeddable":true,"href":"https:\/\/www.accidentdutravail-idf.net\/blog\/wp-json\/wp\/v2\/comments?post=1084"}],"version-history":[{"count":0,"href":"https:\/\/www.accidentdutravail-idf.net\/blog\/wp-json\/wp\/v2\/posts\/1084\/revisions"}],"wp:attachment":[{"href":"https:\/\/www.accidentdutravail-idf.net\/blog\/wp-json\/wp\/v2\/media?parent=1084"}],"wp:term":[{"taxonomy":"category","embeddable":true,"href":"https:\/\/www.accidentdutravail-idf.net\/blog\/wp-json\/wp\/v2\/categories?post=1084"},{"taxonomy":"post_tag","embeddable":true,"href":"https:\/\/www.accidentdutravail-idf.net\/blog\/wp-json\/wp\/v2\/tags?post=1084"}],"curies":[{"name":"wp","href":"https:\/\/api.w.org\/{rel}","templated":true}]}}