{"id":1083,"date":"2024-12-12T10:02:00","date_gmt":"2024-12-12T09:02:00","guid":{"rendered":"https:\/\/www.accidentdutravail-idf.net\/blog\/un-ouvrier-perd-la-vie-dans-un-accident-sur-un-chantier-en-banlieue-bruxelloise\/"},"modified":"2024-12-12T10:02:00","modified_gmt":"2024-12-12T09:02:00","slug":"un-ouvrier-perd-la-vie-dans-un-accident-sur-un-chantier-en-banlieue-bruxelloise","status":"publish","type":"post","link":"https:\/\/www.accidentdutravail-idf.net\/blog\/un-ouvrier-perd-la-vie-dans-un-accident-sur-un-chantier-en-banlieue-bruxelloise\/","title":{"rendered":"Un ouvrier perd la vie dans un accident sur un chantier en banlieue bruxelloise"},"content":{"rendered":"<figure class>\n<div class=\"ap-StoryList-media ap-StoryListCard-img ux-imgOpacityOnHover--target ap-StoryList-media--mb ap-StoryListCard-img--right ux-boxRounded\">\n<div class=\"relative ap-Print-bgImage ux-placeholderBg overflow-hidden\"><img decoding=\"async\" class=\"w-full lazyload lazyload--opacity object-contain\" alt=\"Wallonie: la chasse au cerf et au sanglier prolong\u00e9e d'un mois.\" width=\"480\" height=\"320\" src=\"https:\/\/www.accidentdutravail-idf.net\/blog\/wp-content\/uploads\/2024\/12\/un-ouvrier-perd-la-vie-dans-un-accident-sur-un-chantier-en-banlieue-bruxelloise.png\" data-src=\"\/resizer\/x-Moiomy0TRzPNG9g4N8SVd5WM0=\/arc-photo-ipmgroup\/eu-central-1-prod\/public\/S5VKD3X55FFF3BW6V4SEHXNP7I.png\" data-srcset=\"https:\/\/www.lavenir.net\/resizer\/v2\/QTMJV4SKINFX3PAVRNC47RD3XE.jpg?auth=44bc124de3c459c7a1a2650963652dffcbd087c48e2a4f3823027820902ed824&amp;width=480&amp;height=320&amp;quality=85&amp;focal=300%2C199 480w,https:\/\/www.lavenir.net\/resizer\/v2\/QTMJV4SKINFX3PAVRNC47RD3XE.jpg?auth=44bc124de3c459c7a1a2650963652dffcbd087c48e2a4f3823027820902ed824&amp;width=768&amp;height=512&amp;quality=85&amp;focal=300%2C199 768w,https:\/\/www.lavenir.net\/resizer\/v2\/QTMJV4SKINFX3PAVRNC47RD3XE.jpg?auth=44bc124de3c459c7a1a2650963652dffcbd087c48e2a4f3823027820902ed824&amp;width=1200&amp;height=800&amp;quality=85&amp;focal=300%2C199 1200w\" data-sizes=\"auto\" data-optimumx=\"1\"><img decoding=\"async\" src=\"https:\/\/www.lavenir.net\/resizer\/v2\/QTMJV4SKINFX3PAVRNC47RD3XE.jpg?auth=44bc124de3c459c7a1a2650963652dffcbd087c48e2a4f3823027820902ed824&amp;width=1200&amp;height=800&amp;quality=85&amp;focal=300%2C199\" width=\"480\" height=\"320\" alt=\"Wallonie: la chasse au cerf et au sanglier prolong\u00e9e d'un mois.\" class=\"absolute inset-0 w-full\"><\/div>\n<\/div>\n<\/figure>\n<p class=\"ap-Title mb-3 ap-StoryListCard-title\"><span>Wallonie: la chasse au cerf et au sanglier prolong\u00e9e d&rsquo;un mois<\/span><\/p>\n<p class=\"ap-StoryListCard-text mb-3 ux-hideMobile ux-hideTablet\">Le gouvernement wallon a d\u00e9cid\u00e9, ce jeudi 12 d\u00e9cembre 2024, de prolonger d&rsquo;un mois, soit jusqu&rsquo;au 31 janvier, la p\u00e9riode de chasse au cerf et au sanglier, fait-il savoir dans un communiqu\u00e9 publi\u00e9 \u00e0 l&rsquo;issue du conseil des ministres.<\/p>\n<p>accidentdutravail-idf.net vous a pr\u00e9par\u00e9 ce post qui informe du sujet \u00ab\u00a0Association Sportive Huisson-Longueville Essonne\u00a0\u00bb. La chronique se veut g\u00e9n\u00e9r\u00e9e du mieux possible. Vous pouvez utiliser les coordonn\u00e9es indiqu\u00e9es sur le site dans le but d\u2019apporter des explications sur ce post qui parle du th\u00e8me \u00ab\u00a0Association Sportive Huisson-Longueville Essonne\u00a0\u00bb. Le site accidentdutravail-idf.net a pour but de fournir diverses publications sur la th\u00e9matique Association Sportive Huisson-Longueville Essonne diffus\u00e9es sur le net. Il y aura plusieurs articles autour du sujet \u00ab\u00a0Association Sportive Huisson-Longueville Essonne\u00a0\u00bb dans quelques jours, nous vous invitons \u00e0 naviguer sur notre site web \u00e0 plusieurs reprises.<\/p>\n","protected":false},"excerpt":{"rendered":"<p>Wallonie: la chasse au cerf et au sanglier prolong\u00e9e d&rsquo;un mois Le gouvernement wallon a d\u00e9cid\u00e9, ce jeudi 12 d\u00e9cembre 2024, de prolonger d&rsquo;un mois, soit jusqu&rsquo;au 31 janvier, la p\u00e9riode de chasse au cerf et au sanglier, fait-il savoir dans un communiqu\u00e9 publi\u00e9 \u00e0 l&rsquo;issue du conseil des ministres. accidentdutravail-idf.net vous a pr\u00e9par\u00e9 ce &hellip; <\/p>\n<p class=\"link-more\"><a href=\"https:\/\/www.accidentdutravail-idf.net\/blog\/un-ouvrier-perd-la-vie-dans-un-accident-sur-un-chantier-en-banlieue-bruxelloise\/\" class=\"more-link\">Continuer la lecture <span class=\"screen-reader-text\"> \u00ab\u00a0Un ouvrier perd la vie dans un accident sur un chantier en banlieue bruxelloise\u00a0\u00bb<\/span><\/a><\/p>\n","protected":false},"author":2,"featured_media":0,"comment_status":"closed","ping_status":"closed","sticky":false,"template":"","format":"standard","meta":{"footnotes":""},"categories":[5],"tags":[],"class_list":["post-1083","post","type-post","status-publish","format-standard","hentry","category-securite-du-travail-en-ile-de-france-et-divers","entry"],"yoast_head":"<!-- This site is optimized with the Yoast SEO plugin v27.5 - https:\/\/yoast.com\/product\/yoast-seo-wordpress\/ -->\n<title>Un ouvrier perd la vie dans un accident sur un chantier en banlieue bruxelloise - ACCIDENTDUTRAVAIL-IDF<\/title>\n<meta name=\"description\" content=\"Un ouvrier perd la vie dans un accident sur un chantier en banlieue bruxelloise article de ACCIDENTDUTRAVAIL-IDF\" \/>\n<meta name=\"robots\" content=\"index, follow, max-snippet:-1, max-image-preview:large, max-video-preview:-1\" \/>\n<link rel=\"canonical\" href=\"https:\/\/www.accidentdutravail-idf.net\/blog\/un-ouvrier-perd-la-vie-dans-un-accident-sur-un-chantier-en-banlieue-bruxelloise\/\" \/>\n<meta property=\"og:locale\" content=\"fr_FR\" \/>\n<meta property=\"og:type\" content=\"article\" \/>\n<meta property=\"og:title\" content=\"Un ouvrier perd la vie dans un accident sur un chantier en banlieue bruxelloise - ACCIDENTDUTRAVAIL-IDF\" \/>\n<meta property=\"og:description\" content=\"Un ouvrier perd la vie dans un accident sur un chantier en banlieue bruxelloise article de ACCIDENTDUTRAVAIL-IDF\" \/>\n<meta property=\"og:url\" content=\"https:\/\/www.accidentdutravail-idf.net\/blog\/un-ouvrier-perd-la-vie-dans-un-accident-sur-un-chantier-en-banlieue-bruxelloise\/\" \/>\n<meta property=\"og:site_name\" content=\"ACCIDENTDUTRAVAIL-IDF\" \/>\n<meta property=\"article:published_time\" content=\"2024-12-12T09:02:00+00:00\" \/>\n<meta property=\"og:image\" content=\"https:\/\/www.accidentdutravail-idf.net\/blog\/wp-content\/uploads\/2024\/12\/un-ouvrier-perd-la-vie-dans-un-accident-sur-un-chantier-en-banlieue-bruxelloise.png\" \/>\n<meta name=\"author\" content=\"Carlos Poulain\" \/>\n<meta name=\"twitter:card\" content=\"summary_large_image\" \/>\n<meta name=\"twitter:label1\" content=\"\u00c9crit par\" \/>\n\t<meta name=\"twitter:data1\" content=\"Carlos Poulain\" \/>\n\t<meta name=\"twitter:label2\" content=\"Dur\u00e9e de lecture estim\u00e9e\" \/>\n\t<meta name=\"twitter:data2\" content=\"1 minute\" \/>\n<script type=\"application\/ld+json\" class=\"yoast-schema-graph\">{\"@context\":\"https:\\\/\\\/schema.org\",\"@graph\":[{\"@type\":\"Article\",\"@id\":\"https:\\\/\\\/www.accidentdutravail-idf.net\\\/blog\\\/un-ouvrier-perd-la-vie-dans-un-accident-sur-un-chantier-en-banlieue-bruxelloise\\\/#article\",\"isPartOf\":{\"@id\":\"https:\\\/\\\/www.accidentdutravail-idf.net\\\/blog\\\/un-ouvrier-perd-la-vie-dans-un-accident-sur-un-chantier-en-banlieue-bruxelloise\\\/\"},\"author\":{\"name\":\"Carlos Poulain\",\"@id\":\"https:\\\/\\\/www.accidentdutravail-idf.net\\\/blog\\\/#\\\/schema\\\/person\\\/3255d2f970de45e64bd9201f38e7b947\"},\"headline\":\"Un ouvrier perd la vie dans un accident sur un chantier en banlieue bruxelloise\",\"datePublished\":\"2024-12-12T09:02:00+00:00\",\"mainEntityOfPage\":{\"@id\":\"https:\\\/\\\/www.accidentdutravail-idf.net\\\/blog\\\/un-ouvrier-perd-la-vie-dans-un-accident-sur-un-chantier-en-banlieue-bruxelloise\\\/\"},\"wordCount\":170,\"publisher\":{\"@id\":\"https:\\\/\\\/www.accidentdutravail-idf.net\\\/blog\\\/#organization\"},\"image\":{\"@id\":\"https:\\\/\\\/www.accidentdutravail-idf.net\\\/blog\\\/un-ouvrier-perd-la-vie-dans-un-accident-sur-un-chantier-en-banlieue-bruxelloise\\\/#primaryimage\"},\"thumbnailUrl\":\"https:\\\/\\\/www.accidentdutravail-idf.net\\\/blog\\\/wp-content\\\/uploads\\\/2024\\\/12\\\/un-ouvrier-perd-la-vie-dans-un-accident-sur-un-chantier-en-banlieue-bruxelloise.png\",\"articleSection\":[\"S\u00e9curit\u00e9 Du Travail En Ile-De-France Et Divers:\"],\"inLanguage\":\"fr-FR\"},{\"@type\":\"WebPage\",\"@id\":\"https:\\\/\\\/www.accidentdutravail-idf.net\\\/blog\\\/un-ouvrier-perd-la-vie-dans-un-accident-sur-un-chantier-en-banlieue-bruxelloise\\\/\",\"url\":\"https:\\\/\\\/www.accidentdutravail-idf.net\\\/blog\\\/un-ouvrier-perd-la-vie-dans-un-accident-sur-un-chantier-en-banlieue-bruxelloise\\\/\",\"name\":\"Un ouvrier perd la vie dans un accident sur un chantier en banlieue bruxelloise - ACCIDENTDUTRAVAIL-IDF\",\"isPartOf\":{\"@id\":\"https:\\\/\\\/www.accidentdutravail-idf.net\\\/blog\\\/#website\"},\"primaryImageOfPage\":{\"@id\":\"https:\\\/\\\/www.accidentdutravail-idf.net\\\/blog\\\/un-ouvrier-perd-la-vie-dans-un-accident-sur-un-chantier-en-banlieue-bruxelloise\\\/#primaryimage\"},\"image\":{\"@id\":\"https:\\\/\\\/www.accidentdutravail-idf.net\\\/blog\\\/un-ouvrier-perd-la-vie-dans-un-accident-sur-un-chantier-en-banlieue-bruxelloise\\\/#primaryimage\"},\"thumbnailUrl\":\"https:\\\/\\\/www.accidentdutravail-idf.net\\\/blog\\\/wp-content\\\/uploads\\\/2024\\\/12\\\/un-ouvrier-perd-la-vie-dans-un-accident-sur-un-chantier-en-banlieue-bruxelloise.png\",\"datePublished\":\"2024-12-12T09:02:00+00:00\",\"description\":\"Un ouvrier perd la vie dans un accident sur un chantier en banlieue bruxelloise article de ACCIDENTDUTRAVAIL-IDF\",\"breadcrumb\":{\"@id\":\"https:\\\/\\\/www.accidentdutravail-idf.net\\\/blog\\\/un-ouvrier-perd-la-vie-dans-un-accident-sur-un-chantier-en-banlieue-bruxelloise\\\/#breadcrumb\"},\"inLanguage\":\"fr-FR\",\"potentialAction\":[{\"@type\":\"ReadAction\",\"target\":[\"https:\\\/\\\/www.accidentdutravail-idf.net\\\/blog\\\/un-ouvrier-perd-la-vie-dans-un-accident-sur-un-chantier-en-banlieue-bruxelloise\\\/\"]}]},{\"@type\":\"ImageObject\",\"inLanguage\":\"fr-FR\",\"@id\":\"https:\\\/\\\/www.accidentdutravail-idf.net\\\/blog\\\/un-ouvrier-perd-la-vie-dans-un-accident-sur-un-chantier-en-banlieue-bruxelloise\\\/#primaryimage\",\"url\":\"https:\\\/\\\/www.accidentdutravail-idf.net\\\/blog\\\/wp-content\\\/uploads\\\/2024\\\/12\\\/un-ouvrier-perd-la-vie-dans-un-accident-sur-un-chantier-en-banlieue-bruxelloise.png\",\"contentUrl\":\"https:\\\/\\\/www.accidentdutravail-idf.net\\\/blog\\\/wp-content\\\/uploads\\\/2024\\\/12\\\/un-ouvrier-perd-la-vie-dans-un-accident-sur-un-chantier-en-banlieue-bruxelloise.png\"},{\"@type\":\"BreadcrumbList\",\"@id\":\"https:\\\/\\\/www.accidentdutravail-idf.net\\\/blog\\\/un-ouvrier-perd-la-vie-dans-un-accident-sur-un-chantier-en-banlieue-bruxelloise\\\/#breadcrumb\",\"itemListElement\":[{\"@type\":\"ListItem\",\"position\":1,\"name\":\"Accueil\",\"item\":\"https:\\\/\\\/www.accidentdutravail-idf.net\\\/blog\\\/\"},{\"@type\":\"ListItem\",\"position\":2,\"name\":\"Un ouvrier perd la vie dans un accident sur un chantier en banlieue bruxelloise\"}]},{\"@type\":\"WebSite\",\"@id\":\"https:\\\/\\\/www.accidentdutravail-idf.net\\\/blog\\\/#website\",\"url\":\"https:\\\/\\\/www.accidentdutravail-idf.net\\\/blog\\\/\",\"name\":\"ACCIDENTDUTRAVAIL-IDF\",\"description\":\"Portail accidents du travail-maladies professionnelles des entreprises d&#039;Ile-de-France\",\"publisher\":{\"@id\":\"https:\\\/\\\/www.accidentdutravail-idf.net\\\/blog\\\/#organization\"},\"potentialAction\":[{\"@type\":\"SearchAction\",\"target\":{\"@type\":\"EntryPoint\",\"urlTemplate\":\"https:\\\/\\\/www.accidentdutravail-idf.net\\\/blog\\\/?s={search_term_string}\"},\"query-input\":{\"@type\":\"PropertyValueSpecification\",\"valueRequired\":true,\"valueName\":\"search_term_string\"}}],\"inLanguage\":\"fr-FR\"},{\"@type\":\"Organization\",\"@id\":\"https:\\\/\\\/www.accidentdutravail-idf.net\\\/blog\\\/#organization\",\"name\":\"accidentdutravail-idf\",\"url\":\"https:\\\/\\\/www.accidentdutravail-idf.net\\\/blog\\\/\",\"logo\":{\"@type\":\"ImageObject\",\"inLanguage\":\"fr-FR\",\"@id\":\"https:\\\/\\\/www.accidentdutravail-idf.net\\\/blog\\\/#\\\/schema\\\/logo\\\/image\\\/\",\"url\":\"https:\\\/\\\/www.accidentdutravail-idf.net\\\/blog\\\/wp-content\\\/uploads\\\/2022\\\/09\\\/logo-2.png\",\"contentUrl\":\"https:\\\/\\\/www.accidentdutravail-idf.net\\\/blog\\\/wp-content\\\/uploads\\\/2022\\\/09\\\/logo-2.png\",\"width\":380,\"height\":291,\"caption\":\"accidentdutravail-idf\"},\"image\":{\"@id\":\"https:\\\/\\\/www.accidentdutravail-idf.net\\\/blog\\\/#\\\/schema\\\/logo\\\/image\\\/\"}},{\"@type\":\"Person\",\"@id\":\"https:\\\/\\\/www.accidentdutravail-idf.net\\\/blog\\\/#\\\/schema\\\/person\\\/3255d2f970de45e64bd9201f38e7b947\",\"name\":\"Carlos Poulain\",\"image\":{\"@type\":\"ImageObject\",\"inLanguage\":\"fr-FR\",\"@id\":\"https:\\\/\\\/secure.gravatar.com\\\/avatar\\\/b1c2f9d3588e34e91adb093635df64ef4b2381991216be7576466cfcdca4baf3?s=96&d=mm&r=g\",\"url\":\"https:\\\/\\\/secure.gravatar.com\\\/avatar\\\/b1c2f9d3588e34e91adb093635df64ef4b2381991216be7576466cfcdca4baf3?s=96&d=mm&r=g\",\"contentUrl\":\"https:\\\/\\\/secure.gravatar.com\\\/avatar\\\/b1c2f9d3588e34e91adb093635df64ef4b2381991216be7576466cfcdca4baf3?s=96&d=mm&r=g\",\"caption\":\"Carlos Poulain\"},\"url\":\"https:\\\/\\\/www.accidentdutravail-idf.net\\\/blog\\\/author\\\/idfcarlos\\\/\"}]}<\/script>\n<!-- \/ Yoast SEO plugin. -->","yoast_head_json":{"title":"Un ouvrier perd la vie dans un accident sur un chantier en banlieue bruxelloise - ACCIDENTDUTRAVAIL-IDF","description":"Un ouvrier perd la vie dans un accident sur un chantier en banlieue bruxelloise article de ACCIDENTDUTRAVAIL-IDF","robots":{"index":"index","follow":"follow","max-snippet":"max-snippet:-1","max-image-preview":"max-image-preview:large","max-video-preview":"max-video-preview:-1"},"canonical":"https:\/\/www.accidentdutravail-idf.net\/blog\/un-ouvrier-perd-la-vie-dans-un-accident-sur-un-chantier-en-banlieue-bruxelloise\/","og_locale":"fr_FR","og_type":"article","og_title":"Un ouvrier perd la vie dans un accident sur un chantier en banlieue bruxelloise - ACCIDENTDUTRAVAIL-IDF","og_description":"Un ouvrier perd la vie dans un accident sur un chantier en banlieue bruxelloise article de ACCIDENTDUTRAVAIL-IDF","og_url":"https:\/\/www.accidentdutravail-idf.net\/blog\/un-ouvrier-perd-la-vie-dans-un-accident-sur-un-chantier-en-banlieue-bruxelloise\/","og_site_name":"ACCIDENTDUTRAVAIL-IDF","article_published_time":"2024-12-12T09:02:00+00:00","og_image":[{"url":"https:\/\/www.accidentdutravail-idf.net\/blog\/wp-content\/uploads\/2024\/12\/un-ouvrier-perd-la-vie-dans-un-accident-sur-un-chantier-en-banlieue-bruxelloise.png","type":"","width":"","height":""}],"author":"Carlos Poulain","twitter_card":"summary_large_image","twitter_misc":{"\u00c9crit par":"Carlos Poulain","Dur\u00e9e de lecture estim\u00e9e":"1 minute"},"schema":{"@context":"https:\/\/schema.org","@graph":[{"@type":"Article","@id":"https:\/\/www.accidentdutravail-idf.net\/blog\/un-ouvrier-perd-la-vie-dans-un-accident-sur-un-chantier-en-banlieue-bruxelloise\/#article","isPartOf":{"@id":"https:\/\/www.accidentdutravail-idf.net\/blog\/un-ouvrier-perd-la-vie-dans-un-accident-sur-un-chantier-en-banlieue-bruxelloise\/"},"author":{"name":"Carlos Poulain","@id":"https:\/\/www.accidentdutravail-idf.net\/blog\/#\/schema\/person\/3255d2f970de45e64bd9201f38e7b947"},"headline":"Un ouvrier perd la vie dans un accident sur un chantier en banlieue bruxelloise","datePublished":"2024-12-12T09:02:00+00:00","mainEntityOfPage":{"@id":"https:\/\/www.accidentdutravail-idf.net\/blog\/un-ouvrier-perd-la-vie-dans-un-accident-sur-un-chantier-en-banlieue-bruxelloise\/"},"wordCount":170,"publisher":{"@id":"https:\/\/www.accidentdutravail-idf.net\/blog\/#organization"},"image":{"@id":"https:\/\/www.accidentdutravail-idf.net\/blog\/un-ouvrier-perd-la-vie-dans-un-accident-sur-un-chantier-en-banlieue-bruxelloise\/#primaryimage"},"thumbnailUrl":"https:\/\/www.accidentdutravail-idf.net\/blog\/wp-content\/uploads\/2024\/12\/un-ouvrier-perd-la-vie-dans-un-accident-sur-un-chantier-en-banlieue-bruxelloise.png","articleSection":["S\u00e9curit\u00e9 Du Travail En Ile-De-France Et Divers:"],"inLanguage":"fr-FR"},{"@type":"WebPage","@id":"https:\/\/www.accidentdutravail-idf.net\/blog\/un-ouvrier-perd-la-vie-dans-un-accident-sur-un-chantier-en-banlieue-bruxelloise\/","url":"https:\/\/www.accidentdutravail-idf.net\/blog\/un-ouvrier-perd-la-vie-dans-un-accident-sur-un-chantier-en-banlieue-bruxelloise\/","name":"Un ouvrier perd la vie dans un accident sur un chantier en banlieue bruxelloise - ACCIDENTDUTRAVAIL-IDF","isPartOf":{"@id":"https:\/\/www.accidentdutravail-idf.net\/blog\/#website"},"primaryImageOfPage":{"@id":"https:\/\/www.accidentdutravail-idf.net\/blog\/un-ouvrier-perd-la-vie-dans-un-accident-sur-un-chantier-en-banlieue-bruxelloise\/#primaryimage"},"image":{"@id":"https:\/\/www.accidentdutravail-idf.net\/blog\/un-ouvrier-perd-la-vie-dans-un-accident-sur-un-chantier-en-banlieue-bruxelloise\/#primaryimage"},"thumbnailUrl":"https:\/\/www.accidentdutravail-idf.net\/blog\/wp-content\/uploads\/2024\/12\/un-ouvrier-perd-la-vie-dans-un-accident-sur-un-chantier-en-banlieue-bruxelloise.png","datePublished":"2024-12-12T09:02:00+00:00","description":"Un ouvrier perd la vie dans un accident sur un chantier en banlieue bruxelloise article de ACCIDENTDUTRAVAIL-IDF","breadcrumb":{"@id":"https:\/\/www.accidentdutravail-idf.net\/blog\/un-ouvrier-perd-la-vie-dans-un-accident-sur-un-chantier-en-banlieue-bruxelloise\/#breadcrumb"},"inLanguage":"fr-FR","potentialAction":[{"@type":"ReadAction","target":["https:\/\/www.accidentdutravail-idf.net\/blog\/un-ouvrier-perd-la-vie-dans-un-accident-sur-un-chantier-en-banlieue-bruxelloise\/"]}]},{"@type":"ImageObject","inLanguage":"fr-FR","@id":"https:\/\/www.accidentdutravail-idf.net\/blog\/un-ouvrier-perd-la-vie-dans-un-accident-sur-un-chantier-en-banlieue-bruxelloise\/#primaryimage","url":"https:\/\/www.accidentdutravail-idf.net\/blog\/wp-content\/uploads\/2024\/12\/un-ouvrier-perd-la-vie-dans-un-accident-sur-un-chantier-en-banlieue-bruxelloise.png","contentUrl":"https:\/\/www.accidentdutravail-idf.net\/blog\/wp-content\/uploads\/2024\/12\/un-ouvrier-perd-la-vie-dans-un-accident-sur-un-chantier-en-banlieue-bruxelloise.png"},{"@type":"BreadcrumbList","@id":"https:\/\/www.accidentdutravail-idf.net\/blog\/un-ouvrier-perd-la-vie-dans-un-accident-sur-un-chantier-en-banlieue-bruxelloise\/#breadcrumb","itemListElement":[{"@type":"ListItem","position":1,"name":"Accueil","item":"https:\/\/www.accidentdutravail-idf.net\/blog\/"},{"@type":"ListItem","position":2,"name":"Un ouvrier perd la vie dans un accident sur un chantier en banlieue bruxelloise"}]},{"@type":"WebSite","@id":"https:\/\/www.accidentdutravail-idf.net\/blog\/#website","url":"https:\/\/www.accidentdutravail-idf.net\/blog\/","name":"ACCIDENTDUTRAVAIL-IDF","description":"Portail accidents du travail-maladies professionnelles des entreprises d&#039;Ile-de-France","publisher":{"@id":"https:\/\/www.accidentdutravail-idf.net\/blog\/#organization"},"potentialAction":[{"@type":"SearchAction","target":{"@type":"EntryPoint","urlTemplate":"https:\/\/www.accidentdutravail-idf.net\/blog\/?s={search_term_string}"},"query-input":{"@type":"PropertyValueSpecification","valueRequired":true,"valueName":"search_term_string"}}],"inLanguage":"fr-FR"},{"@type":"Organization","@id":"https:\/\/www.accidentdutravail-idf.net\/blog\/#organization","name":"accidentdutravail-idf","url":"https:\/\/www.accidentdutravail-idf.net\/blog\/","logo":{"@type":"ImageObject","inLanguage":"fr-FR","@id":"https:\/\/www.accidentdutravail-idf.net\/blog\/#\/schema\/logo\/image\/","url":"https:\/\/www.accidentdutravail-idf.net\/blog\/wp-content\/uploads\/2022\/09\/logo-2.png","contentUrl":"https:\/\/www.accidentdutravail-idf.net\/blog\/wp-content\/uploads\/2022\/09\/logo-2.png","width":380,"height":291,"caption":"accidentdutravail-idf"},"image":{"@id":"https:\/\/www.accidentdutravail-idf.net\/blog\/#\/schema\/logo\/image\/"}},{"@type":"Person","@id":"https:\/\/www.accidentdutravail-idf.net\/blog\/#\/schema\/person\/3255d2f970de45e64bd9201f38e7b947","name":"Carlos Poulain","image":{"@type":"ImageObject","inLanguage":"fr-FR","@id":"https:\/\/secure.gravatar.com\/avatar\/b1c2f9d3588e34e91adb093635df64ef4b2381991216be7576466cfcdca4baf3?s=96&d=mm&r=g","url":"https:\/\/secure.gravatar.com\/avatar\/b1c2f9d3588e34e91adb093635df64ef4b2381991216be7576466cfcdca4baf3?s=96&d=mm&r=g","contentUrl":"https:\/\/secure.gravatar.com\/avatar\/b1c2f9d3588e34e91adb093635df64ef4b2381991216be7576466cfcdca4baf3?s=96&d=mm&r=g","caption":"Carlos Poulain"},"url":"https:\/\/www.accidentdutravail-idf.net\/blog\/author\/idfcarlos\/"}]}},"_links":{"self":[{"href":"https:\/\/www.accidentdutravail-idf.net\/blog\/wp-json\/wp\/v2\/posts\/1083","targetHints":{"allow":["GET"]}}],"collection":[{"href":"https:\/\/www.accidentdutravail-idf.net\/blog\/wp-json\/wp\/v2\/posts"}],"about":[{"href":"https:\/\/www.accidentdutravail-idf.net\/blog\/wp-json\/wp\/v2\/types\/post"}],"author":[{"embeddable":true,"href":"https:\/\/www.accidentdutravail-idf.net\/blog\/wp-json\/wp\/v2\/users\/2"}],"replies":[{"embeddable":true,"href":"https:\/\/www.accidentdutravail-idf.net\/blog\/wp-json\/wp\/v2\/comments?post=1083"}],"version-history":[{"count":0,"href":"https:\/\/www.accidentdutravail-idf.net\/blog\/wp-json\/wp\/v2\/posts\/1083\/revisions"}],"wp:attachment":[{"href":"https:\/\/www.accidentdutravail-idf.net\/blog\/wp-json\/wp\/v2\/media?parent=1083"}],"wp:term":[{"taxonomy":"category","embeddable":true,"href":"https:\/\/www.accidentdutravail-idf.net\/blog\/wp-json\/wp\/v2\/categories?post=1083"},{"taxonomy":"post_tag","embeddable":true,"href":"https:\/\/www.accidentdutravail-idf.net\/blog\/wp-json\/wp\/v2\/tags?post=1083"}],"curies":[{"name":"wp","href":"https:\/\/api.w.org\/{rel}","templated":true}]}}