{"id":1082,"date":"2024-12-12T01:15:00","date_gmt":"2024-12-12T00:15:00","guid":{"rendered":"https:\/\/www.accidentdutravail-idf.net\/blog\/cadences-turnover-accidents-du-travail-complement-denquete-revele-les-dessous-des-conditions-de-travail-dans-les-magasins-action\/"},"modified":"2024-12-12T01:15:00","modified_gmt":"2024-12-12T00:15:00","slug":"cadences-turnover-accidents-du-travail-complement-denquete-revele-les-dessous-des-conditions-de-travail-dans-les-magasins-action","status":"publish","type":"post","link":"https:\/\/www.accidentdutravail-idf.net\/blog\/cadences-turnover-accidents-du-travail-complement-denquete-revele-les-dessous-des-conditions-de-travail-dans-les-magasins-action\/","title":{"rendered":"Cadences, turnover, accidents du travail\u2026 \u00ab\u00a0Compl\u00e9ment d&rsquo;enqu\u00eate\u00a0\u00bb r\u00e9v\u00e8le les dessous des conditions de travail dans les magasins Action"},"content":{"rendered":"<div>\n<p> Le magazine d&rsquo;investigation de France 2, diffus\u00e9 jeudi \u00e0 22h55, r\u00e9v\u00e8le comment la qu\u00eate de productivit\u00e9 chez le g\u00e9ant du hard-discount, qui compte 800 magasins en France, p\u00e8se sur ses salari\u00e9s.\n<\/p>\n<div class=\"signature \">\n<div class=\"signature__images\">     <img decoding=\"async\" src=\"https:\/\/www.accidentdutravail-idf.net\/blog\/wp-content\/uploads\/2024\/12\/cadences-turnover-accidents-du-travail-complement-denquete-revele-les-dessous-des-conditions-de-travail-dans-les-magasins-action.png\" class=\"signature__image\" width=\"100\" height=\"100\" data-sizes=\"auto\" alt>  <img decoding=\"async\" class=\"signature__image lazyload\" width=\"100\" height=\"100\" data-sizes=\"auto\" alt src=\"https:\/\/www.accidentdutravail-idf.net\/blog\/wp-content\/uploads\/2024\/12\/cadences-turnover-accidents-du-travail-complement-denquete-revele-les-dessous-des-conditions-de-travail-dans-les-magasins-action.png\">  <\/div>\n<div class=\"signature__authors\">\n<p> <span class=\"signature__groups\"> France T\u00e9l\u00e9visions <\/span> <\/p>\n<\/p><\/div>\n<\/p><\/div>\n<div class=\"c-time\">\n<p> <span class=\"publication-date__published\"> Publi\u00e9 le 12\/12\/2024 10:15 <\/span> <span class=\"publication-date__metadatas-separator\"><\/span> <span class=\"publication-date__modified\"> Mis \u00e0 jour le 12\/12\/2024 10:38 <\/span> <\/p>\n<p> <span class=\"reading-time \">  Temps de lecture : 8min <\/span> <\/div>\n<div class=\"c-cover \">\n<figure>    <img decoding=\"async\" alt=\"Un magasin Action \u00e0 Autun (Sa\u00f4ne-et-Loire), le 27 octobre 2024. (STEPHANE MOUCHMOUCHE \/ HANS LUCAS \/ AFP)\" width=\"432\" height=\"243\" src=\"https:\/\/www.accidentdutravail-idf.net\/blog\/wp-content\/uploads\/2024\/12\/cadences-turnover-accidents-du-travail-complement-denquete-revele-les-dessous-des-conditions-de-travail-dans-les-magasins-action.jpg\"><figcaption aria-hidden=\"true\">Un magasin Action \u00e0 Autun (Sa\u00f4ne-et-Loire), le 27 octobre 2024. <span>(STEPHANE MOUCHMOUCHE \/ HANS LUCAS \/ AFP)<\/span><\/figcaption><\/figure>\n<\/p><\/div>\n<\/p><\/div>\n<div>\n<p>De nombreux magasins sur le territoire, une cote de popularit\u00e9 au plus haut, des prix cass\u00e9s : l&rsquo;enseigne de hard-discount n\u00e9erlandaise Action <a href=\"https:\/\/www.francetvinfo.fr\/economie\/consommation-enquete-sur-action-l-enseigne-aux-prix-toujours-plus-bas_6935786.html\" target=\"_blank\" rel=\"nofollow\">est devenue incontournable en France<\/a>. <span>En p\u00e9riode d\u2019inflation, ses prix tr\u00e8s serr\u00e9s attirent toujours plus de clients.<\/span> Mais que se cache-t-il derri\u00e8re ce succ\u00e8s incontestable&nbsp;?<\/p>\n<p>Pour un num\u00e9ro intitul\u00e9 <em>\u00ab\u00a0Action&nbsp;: toujours moins cher, mais \u00e0 quel prix&nbsp;?\u00a0\u00bb<\/em>, diffus\u00e9 jeudi 12&nbsp;d\u00e9cembre*, les journalistes de \u00ab\u00a0Compl\u00e9ment d&rsquo;enqu\u00eate\u00a0\u00bb d\u00e9cryptent les raisons du succ\u00e8s de l&rsquo;entreprise, qui poss\u00e8de pr\u00e8s de 2&nbsp;800&nbsp;magasins en Europe, <a href=\"https:\/\/www.francetvinfo.fr\/replay-radio\/l-interview-eco\/grande-distribution-on-va-continuer-notre-developpement-annonce-le-directeur-generale-d-action-france_6114036.html\" target=\"_blank\" rel=\"nofollow\">dont plus de 800 en France<\/a>.<\/p>\n<p>Pour ce faire, ils ont rencontr\u00e9 des salari\u00e9s et ex-salari\u00e9s et ont eu acc\u00e8s \u00e0 des documents internes et confidentiels. Leur enqu\u00eate met notamment en lumi\u00e8re la chasse aux d\u00e9penses et la qu\u00eate de productivit\u00e9, qui peuvent peser sur les conditions de travail des salari\u00e9s.&nbsp;<\/p>\n<p>Le magazine consacre une partie de son enqu\u00eate \u00e0 l&rsquo;optimisation du temps de travail des salari\u00e9s afin de gagner en productivit\u00e9. \u00ab\u00a0Compl\u00e9ment d&rsquo;enqu\u00eate\u00a0\u00bb d\u00e9taille comment les algorithmes aident l&rsquo;entreprise \u00e0 g\u00e9rer le temps de travail des employ\u00e9s, des entrep\u00f4ts de livraison comme des magasins.<\/p>\n<p>La mise en rayon des colis re\u00e7us quotidiennement par les enseignes est, par exemple, chronom\u00e9tr\u00e9e. Chaque salari\u00e9 doit entreposer dans les all\u00e9es des centaines d&rsquo;articles dans un temps pr\u00e9cis, avant l&rsquo;ouverture ou au milieu des clients, ce qui leur impose de devoir r\u00e9pondre \u00e0 leurs sollicitations, ou d&rsquo;effectuer d&rsquo;autres t\u00e2ches. Ces cadences sont d\u00e9nonc\u00e9es par les salari\u00e9s interrog\u00e9s par le magazine, qui rapporte aussi des t\u00e9moignages recueillis sur les sites de recherche d\u2019emploi de personnes qui disent avoir travaill\u00e9 chez Action.<\/p>\n<blockquote class=\"twitter-tweet\" data-media-max-width=\"560\">\n<p lang=\"fr\" dir=\"ltr\">\ud83d\udd34 Chez Action, le temps c\u2019est de l\u2019argent : un algorithme planifie certaines t\u00e2ches des salari\u00e9s \u00e0 la seconde pr\u00e8s.<\/p>\n<p>\ud83d\uded2 \u00ab Action : toujours moins cher mais \u00e0 quel prix ? \u00bb<\/p>\n<p>Jeudi \u00e0 22.55 sur France 2 et sur la plateforme <a href=\"https:\/\/twitter.com\/FranceTV?ref_src=twsrc%5Etfw\" target=\"_blank\" rel=\"nofollow\">@francetv<\/a> <a href=\"https:\/\/t.co\/z17tqpEFim\" target=\"_blank\" rel=\"nofollow\">pic.twitter.com\/z17tqpEFim<\/a><\/p>\n<p>\u2014 Compl\u00e9ment d&rsquo;enqu\u00eate (@Cdenquete) <a href=\"https:\/\/twitter.com\/Cdenquete\/status\/1866438150924460445?ref_src=twsrc%5Etfw\" target=\"_blank\" rel=\"nofollow\">December 10, 2024<\/a><\/p><\/blockquote>\n<p>De son c\u00f4t\u00e9, la direction d\u00e9fend une <em>\u00ab\u00a0ma\u00eetrise des co\u00fbts\u00a0\u00bb<\/em> ainsi que le besoin d&rsquo;\u00eatre <em>\u00ab\u00a0efficace\u00a0\u00bb<\/em>. Selon Elodie Voslion, directrice des ressources humaines d&rsquo;Action, les salari\u00e9s sont soumis \u00e0<em>&nbsp;\u00ab\u00a0un rythme normal\u00a0\u00bb<\/em>, mais elle assure que<em> \u00ab\u00a0le responsable magasin doit s&rsquo;assurer de pouvoir planifier suffisamment de collaborateurs pour avoir un rythme normal.\u00a0\u00bb<\/em><\/p>\n<p>\u00ab\u00a0Compl\u00e9ment d&rsquo;enqu\u00eate\u00a0\u00bb s&rsquo;appuie \u00e9galement sur un rapport d&rsquo;un cabinet ind\u00e9pendant Sextant remis au Comit\u00e9 social et \u00e9conomique (CSE) d&rsquo;Action France en f\u00e9vrier&nbsp;2023. Ce document, qui <span data-olk-copy-source=\"MessageBody\">pr\u00e9sente les r\u00e9sultats d&rsquo;une \u00e9tude men\u00e9e par le cabinet concernant la qualit\u00e9 de vie et les conditions de travail au sein d&rsquo;Action France, est la conclusion d&rsquo;une mission lanc\u00e9e en juillet&nbsp;2022 par le CSE, qui avait mandat\u00e9 ces experts.<\/span><\/p>\n<p><span data-olk-copy-source=\"MessageBody\">Ces derniers <\/span>s&rsquo;alarment notamment <a href=\"https:\/\/www.francetvinfo.fr\/economie\/action-plusieurs-employes-denoncent-des-conditions-de-travail-difficiles_6282603.html\" target=\"_blank\" rel=\"nofollow\">des conditions de travail<\/a> chez Action France. Il d\u00e9crivent <em>\u00ab\u00a0une vision arithm\u00e9tique du travail\u00a0\u00bb <\/em>et une standardisation des t\u00e2ches des salari\u00e9s. <em>\u00ab\u00a0Le mod\u00e8le Action est r\u00e9gi par un besoin de flexibilit\u00e9, n\u00e9cessitant de rendre polyvalents les employ\u00e9s tout en r\u00e9duisant les temps morts, et en compressant les effectifs.\u00a0\u00bb<\/em><\/p>\n<p>Des t\u00e9moignages recueillis par \u00ab\u00a0Compl\u00e9ment d&rsquo;enqu\u00eate\u00a0\u00bb d\u00e9noncent aussi <a href=\"https:\/\/www.francetvinfo.fr\/economie\/entreprises\/enquete-des-managers-d-action-denoncent-les-methodes-de-management-de-l-enseigne_6936197.html\" target=\"_blank\" rel=\"nofollow\">les m\u00e9thodes de management qui seraient utilis\u00e9es par certains au sein du groupe<\/a>. Une ancienne responsable \u00e9voque des humiliations, alors qu&rsquo;un ancien cadre ayant occup\u00e9 un poste de responsable r\u00e9gional d\u00e9crit des m\u00e9thodes harassantes, mais aussi des pratiques visant \u00e0 ne pas payer des heures suppl\u00e9mentaires. Des accusations que la direction r\u00e9fute.&nbsp;<\/p>\n<p>Le rapport command\u00e9 par le CSE alerte \u00e9galement sur la rotation du personnel au sein de l&rsquo;entreprise. Les chiffres qui datent de 2021 \u00e9voquent un turnover au niveau national qui<em> \u00ab\u00a0s&rsquo;acc\u00e9l\u00e8re fortement, atteignant 54%, c&rsquo;est-\u00e0-dire que plus de la moiti\u00e9 des effectifs des magasins a \u00e9t\u00e9 renouvel\u00e9e en un an\u00a0\u00bb.<\/em><\/p>\n<p>Un document interne dat\u00e9 de f\u00e9vrier, que s&rsquo;est procur\u00e9 \u00ab\u00a0Compl\u00e9ment d&rsquo;enqu\u00eate\u00a0\u00bb, montre qu&rsquo;en 2023, le taux de turnover dans la r\u00e9gion Centre \u00e9tait de 71,4%. Autrement dit, sept&nbsp;salari\u00e9s sur dix avaient quitt\u00e9 leur emploi dans l&rsquo;ann\u00e9e. Dans la r\u00e9gion Ouest, ce taux devrait atteindre environ 80% fin&nbsp;2024 selon ces projections.<\/p>\n<p>Interrog\u00e9e par le magazine d&rsquo;investigation, la directrice des ressources humaines d&rsquo;Action n&rsquo;a pas comment\u00e9 ces chiffres, pr\u00e9f\u00e9rant mettre en avant une enqu\u00eate de l&rsquo;entreprise \u00e9voquant un taux de satisfaction \u00e9lev\u00e9 chez ses salari\u00e9s. <em>\u00ab\u00a0La distribution, de mani\u00e8re inh\u00e9rente, est un secteur o\u00f9 il y a plus de turnover que dans une banque, par exemple\u00a0\u00bb<\/em>, a-t-elle n\u00e9anmoins conc\u00e9d\u00e9.<\/p>\n<p>Soumis \u00e0 un rythme de travail exigeant, parfois en sous-effectif, des salari\u00e9s rencontr\u00e9s par \u00ab\u00a0Compl\u00e9ment d&rsquo;enqu\u00eate\u00a0\u00bb d\u00e9crivent \u00e9galement une souffrance au travail. Certains font notamment \u00e9tat de douleurs physiques li\u00e9es aux charges \u00e0 porter ou aux cadences.<\/p>\n<p>Le rapport command\u00e9 par le CSE dresse le m\u00eame constat. En 2021, le taux d&rsquo;absent\u00e9isme pour maladie, accidents du travail et maladie professionnelle atteignait 11,6% chez Action France, contre 5,92% dans le secteur du commerce, selon ce rapport. Plus inqui\u00e9tant encore, ce m\u00eame rapport note que <em>\u00ab\u00a0les arr\u00eats maladie d&rsquo;une gravit\u00e9 importante (8-30&nbsp;jours) ont plus que doubl\u00e9 entre 2019 et 2021, pouvant traduire une usure plus importante de la sant\u00e9 des salari\u00e9s\u00a0\u00bb.&nbsp;<\/em><\/p>\n<p>Selon un autre document interne<strong> <\/strong>d\u00e9voil\u00e9 par \u00ab\u00a0Compl\u00e9ment d&rsquo;enqu\u00eate\u00a0\u00bb, la <span>cotisation d&rsquo;accidents du travail et maladies professionnelles (AT\/MP) \u00e0 la charge d&rsquo;Action<\/span> est pass\u00e9e de 2,37&nbsp;% \u00e0 3,60&nbsp;% entre 2021 et 2023, plus haut que le taux moyen pour les enseignes similaires \u00e0 Action (2,15&nbsp;%) en 2024, <a href=\"https:\/\/www.legifrance.gouv.fr\/jorf\/id\/JORFTEXT000048708740\" target=\"_blank\" rel=\"noopener nofollow\">selon L\u00e9gifrance<\/a>. Dans un courrier adress\u00e9 en septembre 2023 au directeur g\u00e9n\u00e9ral d&rsquo;Action France, Wouter de Backer, l&rsquo;inspection du travail s&rsquo;inqui\u00e9tait du nombre <em>\u00ab\u00a0d&rsquo;accidents du travail tr\u00e8s sup\u00e9rieur \u00e0 celui observ\u00e9 au sein de la branche du commerce non alimentaire\u00a0\u00bb. <\/em><\/p>\n<p>Lors de la pr\u00e9sentation du rapport Sextant aux \u00e9lus du CSE, en f\u00e9vrier 2023, la direction s&rsquo;est expliqu\u00e9e sur les accidents du travail. Elle affirmait alors que, contrairement \u00e0 ce que dit le rapport command\u00e9, <em>\u00ab\u00a0<\/em><em>le nombre de jours d&rsquo;arr\u00eat li\u00e9s \u00e0 des accidents du travail a baiss\u00e9 par rapport \u00e0 2019&Prime;<\/em> et jugeait que<em> \u00ab\u00a0l<\/em><em>e bilan relatif aux accidents du travail s&rsquo;am\u00e9liore, ce qui prouve que la culture de la pr\u00e9vention avance au sein de l\u2019entreprise\u00a0\u00bb<\/em>.<\/p>\n<p>Interrog\u00e9 par \u00ab\u00a0Compl\u00e9ment d&rsquo;enqu\u00eate\u00a0\u00bb, le directeur g\u00e9n\u00e9ral d\u2019Action France dit avoir mis en place des \u00e9quipements et des dispositifs pour pallier ce probl\u00e8me. Des genouill\u00e8res et des chaussures de s\u00e9curit\u00e9 ont, entre autres, \u00e9t\u00e9 distribu\u00e9es, et des formations de pr\u00e9vention des risques professionnels mises en place.<\/p>\n<hr>\n<p><em>* Le reportage \u00ab\u00a0Action&nbsp;: toujours moins cher, mais \u00e0 quel prix&nbsp;?\u00a0\u00bb de \u00ab\u00a0Compl\u00e9ment d&rsquo;enqu\u00eate\u00a0\u00bb est diffus\u00e9 jeudi 12&nbsp;d\u00e9cembre \u00e0 22h55 sur France 2. Il a \u00e9t\u00e9 r\u00e9alis\u00e9 par Nathalie Gros, Blanche Lacroix et Vincent Buchy pour Capa Presse. Les replays seront disponibles sur <a href=\"https:\/\/www.francetvinfo.fr\/replay-magazine\/france-2\/complement-d-enquete\/complement-d-enquete-action-toujours-moins-cher-mais-a-quel-prix_6937715.html\" target=\"_blank\" rel=\"nofollow\">le site de franceinfo<\/a> ainsi que sur <a href=\"https:\/\/www.france.tv\/france-2\/complement-d-enquete\/\" target=\"_blank\" rel=\"noopener nofollow\">france.tv<\/a>. <\/em><\/p>\n<\/div>\n<p>accidentdutravail-idf.net vous a pr\u00e9par\u00e9 ce post qui informe du sujet \u00ab\u00a0Association Sportive Huisson-Longueville Essonne\u00a0\u00bb. La chronique se veut g\u00e9n\u00e9r\u00e9e du mieux possible. Vous pouvez utiliser les coordonn\u00e9es indiqu\u00e9es sur le site dans le but d\u2019apporter des explications sur ce post qui parle du th\u00e8me \u00ab\u00a0Association Sportive Huisson-Longueville Essonne\u00a0\u00bb. Le site accidentdutravail-idf.net a pour but de fournir diverses publications sur la th\u00e9matique Association Sportive Huisson-Longueville Essonne diffus\u00e9es sur le net. Il y aura plusieurs articles autour du sujet \u00ab\u00a0Association Sportive Huisson-Longueville Essonne\u00a0\u00bb dans quelques jours, nous vous invitons \u00e0 naviguer sur notre site web \u00e0 plusieurs reprises.<\/p>\n","protected":false},"excerpt":{"rendered":"<p>Le magazine d&rsquo;investigation de France 2, diffus\u00e9 jeudi \u00e0 22h55, r\u00e9v\u00e8le comment la qu\u00eate de productivit\u00e9 chez le g\u00e9ant du hard-discount, qui compte 800 magasins en France, p\u00e8se sur ses salari\u00e9s. France T\u00e9l\u00e9visions Publi\u00e9 le 12\/12\/2024 10:15 Mis \u00e0 jour le 12\/12\/2024 10:38 Temps de lecture : 8min Un magasin Action \u00e0 Autun (Sa\u00f4ne-et-Loire), le &hellip; <\/p>\n<p class=\"link-more\"><a href=\"https:\/\/www.accidentdutravail-idf.net\/blog\/cadences-turnover-accidents-du-travail-complement-denquete-revele-les-dessous-des-conditions-de-travail-dans-les-magasins-action\/\" class=\"more-link\">Continuer la lecture <span class=\"screen-reader-text\"> \u00ab\u00a0Cadences, turnover, accidents du travail\u2026 \u00ab\u00a0Compl\u00e9ment d&rsquo;enqu\u00eate\u00a0\u00bb r\u00e9v\u00e8le les dessous des conditions de travail dans les magasins Action\u00a0\u00bb<\/span><\/a><\/p>\n","protected":false},"author":2,"featured_media":0,"comment_status":"closed","ping_status":"closed","sticky":false,"template":"","format":"standard","meta":{"footnotes":""},"categories":[5],"tags":[],"class_list":["post-1082","post","type-post","status-publish","format-standard","hentry","category-securite-du-travail-en-ile-de-france-et-divers","entry"],"yoast_head":"<!-- This site is optimized with the Yoast SEO plugin v27.5 - https:\/\/yoast.com\/product\/yoast-seo-wordpress\/ -->\n<title>Cadences, turnover, accidents du travail\u2026 &quot;Compl\u00e9ment d&#039;enqu\u00eate&quot; r\u00e9v\u00e8le les dessous des conditions de travail dans les magasins Action - ACCIDENTDUTRAVAIL-IDF<\/title>\n<meta name=\"description\" content=\"Cadences, turnover, accidents du travail\u2026 &quot;Compl\u00e9ment d&#039;enqu\u00eate&quot; r\u00e9v\u00e8le les dessous des conditions de travail dans les magasins Action article de ACCIDENTDUTRAVAIL-IDF\" \/>\n<meta name=\"robots\" content=\"index, follow, max-snippet:-1, max-image-preview:large, max-video-preview:-1\" \/>\n<link rel=\"canonical\" href=\"https:\/\/www.accidentdutravail-idf.net\/blog\/cadences-turnover-accidents-du-travail-complement-denquete-revele-les-dessous-des-conditions-de-travail-dans-les-magasins-action\/\" \/>\n<meta property=\"og:locale\" content=\"fr_FR\" \/>\n<meta property=\"og:type\" content=\"article\" \/>\n<meta property=\"og:title\" content=\"Cadences, turnover, accidents du travail\u2026 &quot;Compl\u00e9ment d&#039;enqu\u00eate&quot; r\u00e9v\u00e8le les dessous des conditions de travail dans les magasins Action - ACCIDENTDUTRAVAIL-IDF\" \/>\n<meta property=\"og:description\" content=\"Cadences, turnover, accidents du travail\u2026 &quot;Compl\u00e9ment d&#039;enqu\u00eate&quot; r\u00e9v\u00e8le les dessous des conditions de travail dans les magasins Action article de ACCIDENTDUTRAVAIL-IDF\" \/>\n<meta property=\"og:url\" content=\"https:\/\/www.accidentdutravail-idf.net\/blog\/cadences-turnover-accidents-du-travail-complement-denquete-revele-les-dessous-des-conditions-de-travail-dans-les-magasins-action\/\" \/>\n<meta property=\"og:site_name\" content=\"ACCIDENTDUTRAVAIL-IDF\" \/>\n<meta property=\"article:published_time\" content=\"2024-12-12T00:15:00+00:00\" \/>\n<meta property=\"og:image\" content=\"https:\/\/www.accidentdutravail-idf.net\/blog\/wp-content\/uploads\/2024\/12\/cadences-turnover-accidents-du-travail-complement-denquete-revele-les-dessous-des-conditions-de-travail-dans-les-magasins-action.png\" \/>\n<meta name=\"author\" content=\"Carlos Poulain\" \/>\n<meta name=\"twitter:card\" content=\"summary_large_image\" \/>\n<meta name=\"twitter:label1\" content=\"\u00c9crit par\" \/>\n\t<meta name=\"twitter:data1\" content=\"Carlos Poulain\" \/>\n\t<meta name=\"twitter:label2\" content=\"Dur\u00e9e de lecture estim\u00e9e\" \/>\n\t<meta name=\"twitter:data2\" content=\"7 minutes\" \/>\n<script type=\"application\/ld+json\" class=\"yoast-schema-graph\">{\"@context\":\"https:\\\/\\\/schema.org\",\"@graph\":[{\"@type\":\"Article\",\"@id\":\"https:\\\/\\\/www.accidentdutravail-idf.net\\\/blog\\\/cadences-turnover-accidents-du-travail-complement-denquete-revele-les-dessous-des-conditions-de-travail-dans-les-magasins-action\\\/#article\",\"isPartOf\":{\"@id\":\"https:\\\/\\\/www.accidentdutravail-idf.net\\\/blog\\\/cadences-turnover-accidents-du-travail-complement-denquete-revele-les-dessous-des-conditions-de-travail-dans-les-magasins-action\\\/\"},\"author\":{\"name\":\"Carlos Poulain\",\"@id\":\"https:\\\/\\\/www.accidentdutravail-idf.net\\\/blog\\\/#\\\/schema\\\/person\\\/3255d2f970de45e64bd9201f38e7b947\"},\"headline\":\"Cadences, turnover, accidents du travail\u2026 \u00ab\u00a0Compl\u00e9ment d&rsquo;enqu\u00eate\u00a0\u00bb r\u00e9v\u00e8le les dessous des conditions de travail dans les magasins Action\",\"datePublished\":\"2024-12-12T00:15:00+00:00\",\"mainEntityOfPage\":{\"@id\":\"https:\\\/\\\/www.accidentdutravail-idf.net\\\/blog\\\/cadences-turnover-accidents-du-travail-complement-denquete-revele-les-dessous-des-conditions-de-travail-dans-les-magasins-action\\\/\"},\"wordCount\":1376,\"publisher\":{\"@id\":\"https:\\\/\\\/www.accidentdutravail-idf.net\\\/blog\\\/#organization\"},\"image\":{\"@id\":\"https:\\\/\\\/www.accidentdutravail-idf.net\\\/blog\\\/cadences-turnover-accidents-du-travail-complement-denquete-revele-les-dessous-des-conditions-de-travail-dans-les-magasins-action\\\/#primaryimage\"},\"thumbnailUrl\":\"https:\\\/\\\/www.accidentdutravail-idf.net\\\/blog\\\/wp-content\\\/uploads\\\/2024\\\/12\\\/cadences-turnover-accidents-du-travail-complement-denquete-revele-les-dessous-des-conditions-de-travail-dans-les-magasins-action.png\",\"articleSection\":[\"S\u00e9curit\u00e9 Du Travail En Ile-De-France Et Divers:\"],\"inLanguage\":\"fr-FR\"},{\"@type\":\"WebPage\",\"@id\":\"https:\\\/\\\/www.accidentdutravail-idf.net\\\/blog\\\/cadences-turnover-accidents-du-travail-complement-denquete-revele-les-dessous-des-conditions-de-travail-dans-les-magasins-action\\\/\",\"url\":\"https:\\\/\\\/www.accidentdutravail-idf.net\\\/blog\\\/cadences-turnover-accidents-du-travail-complement-denquete-revele-les-dessous-des-conditions-de-travail-dans-les-magasins-action\\\/\",\"name\":\"Cadences, turnover, accidents du travail\u2026 \\\"Compl\u00e9ment d'enqu\u00eate\\\" r\u00e9v\u00e8le les dessous des conditions de travail dans les magasins Action - ACCIDENTDUTRAVAIL-IDF\",\"isPartOf\":{\"@id\":\"https:\\\/\\\/www.accidentdutravail-idf.net\\\/blog\\\/#website\"},\"primaryImageOfPage\":{\"@id\":\"https:\\\/\\\/www.accidentdutravail-idf.net\\\/blog\\\/cadences-turnover-accidents-du-travail-complement-denquete-revele-les-dessous-des-conditions-de-travail-dans-les-magasins-action\\\/#primaryimage\"},\"image\":{\"@id\":\"https:\\\/\\\/www.accidentdutravail-idf.net\\\/blog\\\/cadences-turnover-accidents-du-travail-complement-denquete-revele-les-dessous-des-conditions-de-travail-dans-les-magasins-action\\\/#primaryimage\"},\"thumbnailUrl\":\"https:\\\/\\\/www.accidentdutravail-idf.net\\\/blog\\\/wp-content\\\/uploads\\\/2024\\\/12\\\/cadences-turnover-accidents-du-travail-complement-denquete-revele-les-dessous-des-conditions-de-travail-dans-les-magasins-action.png\",\"datePublished\":\"2024-12-12T00:15:00+00:00\",\"description\":\"Cadences, turnover, accidents du travail\u2026 \\\"Compl\u00e9ment d'enqu\u00eate\\\" r\u00e9v\u00e8le les dessous des conditions de travail dans les magasins Action article de ACCIDENTDUTRAVAIL-IDF\",\"breadcrumb\":{\"@id\":\"https:\\\/\\\/www.accidentdutravail-idf.net\\\/blog\\\/cadences-turnover-accidents-du-travail-complement-denquete-revele-les-dessous-des-conditions-de-travail-dans-les-magasins-action\\\/#breadcrumb\"},\"inLanguage\":\"fr-FR\",\"potentialAction\":[{\"@type\":\"ReadAction\",\"target\":[\"https:\\\/\\\/www.accidentdutravail-idf.net\\\/blog\\\/cadences-turnover-accidents-du-travail-complement-denquete-revele-les-dessous-des-conditions-de-travail-dans-les-magasins-action\\\/\"]}]},{\"@type\":\"ImageObject\",\"inLanguage\":\"fr-FR\",\"@id\":\"https:\\\/\\\/www.accidentdutravail-idf.net\\\/blog\\\/cadences-turnover-accidents-du-travail-complement-denquete-revele-les-dessous-des-conditions-de-travail-dans-les-magasins-action\\\/#primaryimage\",\"url\":\"https:\\\/\\\/www.accidentdutravail-idf.net\\\/blog\\\/wp-content\\\/uploads\\\/2024\\\/12\\\/cadences-turnover-accidents-du-travail-complement-denquete-revele-les-dessous-des-conditions-de-travail-dans-les-magasins-action.png\",\"contentUrl\":\"https:\\\/\\\/www.accidentdutravail-idf.net\\\/blog\\\/wp-content\\\/uploads\\\/2024\\\/12\\\/cadences-turnover-accidents-du-travail-complement-denquete-revele-les-dessous-des-conditions-de-travail-dans-les-magasins-action.png\"},{\"@type\":\"BreadcrumbList\",\"@id\":\"https:\\\/\\\/www.accidentdutravail-idf.net\\\/blog\\\/cadences-turnover-accidents-du-travail-complement-denquete-revele-les-dessous-des-conditions-de-travail-dans-les-magasins-action\\\/#breadcrumb\",\"itemListElement\":[{\"@type\":\"ListItem\",\"position\":1,\"name\":\"Accueil\",\"item\":\"https:\\\/\\\/www.accidentdutravail-idf.net\\\/blog\\\/\"},{\"@type\":\"ListItem\",\"position\":2,\"name\":\"Cadences, turnover, accidents du travail\u2026 \u00ab\u00a0Compl\u00e9ment d&rsquo;enqu\u00eate\u00a0\u00bb r\u00e9v\u00e8le les dessous des conditions de travail dans les magasins Action\"}]},{\"@type\":\"WebSite\",\"@id\":\"https:\\\/\\\/www.accidentdutravail-idf.net\\\/blog\\\/#website\",\"url\":\"https:\\\/\\\/www.accidentdutravail-idf.net\\\/blog\\\/\",\"name\":\"ACCIDENTDUTRAVAIL-IDF\",\"description\":\"Portail accidents du travail-maladies professionnelles des entreprises d&#039;Ile-de-France\",\"publisher\":{\"@id\":\"https:\\\/\\\/www.accidentdutravail-idf.net\\\/blog\\\/#organization\"},\"potentialAction\":[{\"@type\":\"SearchAction\",\"target\":{\"@type\":\"EntryPoint\",\"urlTemplate\":\"https:\\\/\\\/www.accidentdutravail-idf.net\\\/blog\\\/?s={search_term_string}\"},\"query-input\":{\"@type\":\"PropertyValueSpecification\",\"valueRequired\":true,\"valueName\":\"search_term_string\"}}],\"inLanguage\":\"fr-FR\"},{\"@type\":\"Organization\",\"@id\":\"https:\\\/\\\/www.accidentdutravail-idf.net\\\/blog\\\/#organization\",\"name\":\"accidentdutravail-idf\",\"url\":\"https:\\\/\\\/www.accidentdutravail-idf.net\\\/blog\\\/\",\"logo\":{\"@type\":\"ImageObject\",\"inLanguage\":\"fr-FR\",\"@id\":\"https:\\\/\\\/www.accidentdutravail-idf.net\\\/blog\\\/#\\\/schema\\\/logo\\\/image\\\/\",\"url\":\"https:\\\/\\\/www.accidentdutravail-idf.net\\\/blog\\\/wp-content\\\/uploads\\\/2022\\\/09\\\/logo-2.png\",\"contentUrl\":\"https:\\\/\\\/www.accidentdutravail-idf.net\\\/blog\\\/wp-content\\\/uploads\\\/2022\\\/09\\\/logo-2.png\",\"width\":380,\"height\":291,\"caption\":\"accidentdutravail-idf\"},\"image\":{\"@id\":\"https:\\\/\\\/www.accidentdutravail-idf.net\\\/blog\\\/#\\\/schema\\\/logo\\\/image\\\/\"}},{\"@type\":\"Person\",\"@id\":\"https:\\\/\\\/www.accidentdutravail-idf.net\\\/blog\\\/#\\\/schema\\\/person\\\/3255d2f970de45e64bd9201f38e7b947\",\"name\":\"Carlos Poulain\",\"image\":{\"@type\":\"ImageObject\",\"inLanguage\":\"fr-FR\",\"@id\":\"https:\\\/\\\/secure.gravatar.com\\\/avatar\\\/b1c2f9d3588e34e91adb093635df64ef4b2381991216be7576466cfcdca4baf3?s=96&d=mm&r=g\",\"url\":\"https:\\\/\\\/secure.gravatar.com\\\/avatar\\\/b1c2f9d3588e34e91adb093635df64ef4b2381991216be7576466cfcdca4baf3?s=96&d=mm&r=g\",\"contentUrl\":\"https:\\\/\\\/secure.gravatar.com\\\/avatar\\\/b1c2f9d3588e34e91adb093635df64ef4b2381991216be7576466cfcdca4baf3?s=96&d=mm&r=g\",\"caption\":\"Carlos Poulain\"},\"url\":\"https:\\\/\\\/www.accidentdutravail-idf.net\\\/blog\\\/author\\\/idfcarlos\\\/\"}]}<\/script>\n<!-- \/ Yoast SEO plugin. -->","yoast_head_json":{"title":"Cadences, turnover, accidents du travail\u2026 \"Compl\u00e9ment d'enqu\u00eate\" r\u00e9v\u00e8le les dessous des conditions de travail dans les magasins Action - ACCIDENTDUTRAVAIL-IDF","description":"Cadences, turnover, accidents du travail\u2026 \"Compl\u00e9ment d'enqu\u00eate\" r\u00e9v\u00e8le les dessous des conditions de travail dans les magasins Action article de ACCIDENTDUTRAVAIL-IDF","robots":{"index":"index","follow":"follow","max-snippet":"max-snippet:-1","max-image-preview":"max-image-preview:large","max-video-preview":"max-video-preview:-1"},"canonical":"https:\/\/www.accidentdutravail-idf.net\/blog\/cadences-turnover-accidents-du-travail-complement-denquete-revele-les-dessous-des-conditions-de-travail-dans-les-magasins-action\/","og_locale":"fr_FR","og_type":"article","og_title":"Cadences, turnover, accidents du travail\u2026 \"Compl\u00e9ment d'enqu\u00eate\" r\u00e9v\u00e8le les dessous des conditions de travail dans les magasins Action - ACCIDENTDUTRAVAIL-IDF","og_description":"Cadences, turnover, accidents du travail\u2026 \"Compl\u00e9ment d'enqu\u00eate\" r\u00e9v\u00e8le les dessous des conditions de travail dans les magasins Action article de ACCIDENTDUTRAVAIL-IDF","og_url":"https:\/\/www.accidentdutravail-idf.net\/blog\/cadences-turnover-accidents-du-travail-complement-denquete-revele-les-dessous-des-conditions-de-travail-dans-les-magasins-action\/","og_site_name":"ACCIDENTDUTRAVAIL-IDF","article_published_time":"2024-12-12T00:15:00+00:00","og_image":[{"url":"https:\/\/www.accidentdutravail-idf.net\/blog\/wp-content\/uploads\/2024\/12\/cadences-turnover-accidents-du-travail-complement-denquete-revele-les-dessous-des-conditions-de-travail-dans-les-magasins-action.png","type":"","width":"","height":""}],"author":"Carlos Poulain","twitter_card":"summary_large_image","twitter_misc":{"\u00c9crit par":"Carlos Poulain","Dur\u00e9e de lecture estim\u00e9e":"7 minutes"},"schema":{"@context":"https:\/\/schema.org","@graph":[{"@type":"Article","@id":"https:\/\/www.accidentdutravail-idf.net\/blog\/cadences-turnover-accidents-du-travail-complement-denquete-revele-les-dessous-des-conditions-de-travail-dans-les-magasins-action\/#article","isPartOf":{"@id":"https:\/\/www.accidentdutravail-idf.net\/blog\/cadences-turnover-accidents-du-travail-complement-denquete-revele-les-dessous-des-conditions-de-travail-dans-les-magasins-action\/"},"author":{"name":"Carlos Poulain","@id":"https:\/\/www.accidentdutravail-idf.net\/blog\/#\/schema\/person\/3255d2f970de45e64bd9201f38e7b947"},"headline":"Cadences, turnover, accidents du travail\u2026 \u00ab\u00a0Compl\u00e9ment d&rsquo;enqu\u00eate\u00a0\u00bb r\u00e9v\u00e8le les dessous des conditions de travail dans les magasins Action","datePublished":"2024-12-12T00:15:00+00:00","mainEntityOfPage":{"@id":"https:\/\/www.accidentdutravail-idf.net\/blog\/cadences-turnover-accidents-du-travail-complement-denquete-revele-les-dessous-des-conditions-de-travail-dans-les-magasins-action\/"},"wordCount":1376,"publisher":{"@id":"https:\/\/www.accidentdutravail-idf.net\/blog\/#organization"},"image":{"@id":"https:\/\/www.accidentdutravail-idf.net\/blog\/cadences-turnover-accidents-du-travail-complement-denquete-revele-les-dessous-des-conditions-de-travail-dans-les-magasins-action\/#primaryimage"},"thumbnailUrl":"https:\/\/www.accidentdutravail-idf.net\/blog\/wp-content\/uploads\/2024\/12\/cadences-turnover-accidents-du-travail-complement-denquete-revele-les-dessous-des-conditions-de-travail-dans-les-magasins-action.png","articleSection":["S\u00e9curit\u00e9 Du Travail En Ile-De-France Et Divers:"],"inLanguage":"fr-FR"},{"@type":"WebPage","@id":"https:\/\/www.accidentdutravail-idf.net\/blog\/cadences-turnover-accidents-du-travail-complement-denquete-revele-les-dessous-des-conditions-de-travail-dans-les-magasins-action\/","url":"https:\/\/www.accidentdutravail-idf.net\/blog\/cadences-turnover-accidents-du-travail-complement-denquete-revele-les-dessous-des-conditions-de-travail-dans-les-magasins-action\/","name":"Cadences, turnover, accidents du travail\u2026 \"Compl\u00e9ment d'enqu\u00eate\" r\u00e9v\u00e8le les dessous des conditions de travail dans les magasins Action - ACCIDENTDUTRAVAIL-IDF","isPartOf":{"@id":"https:\/\/www.accidentdutravail-idf.net\/blog\/#website"},"primaryImageOfPage":{"@id":"https:\/\/www.accidentdutravail-idf.net\/blog\/cadences-turnover-accidents-du-travail-complement-denquete-revele-les-dessous-des-conditions-de-travail-dans-les-magasins-action\/#primaryimage"},"image":{"@id":"https:\/\/www.accidentdutravail-idf.net\/blog\/cadences-turnover-accidents-du-travail-complement-denquete-revele-les-dessous-des-conditions-de-travail-dans-les-magasins-action\/#primaryimage"},"thumbnailUrl":"https:\/\/www.accidentdutravail-idf.net\/blog\/wp-content\/uploads\/2024\/12\/cadences-turnover-accidents-du-travail-complement-denquete-revele-les-dessous-des-conditions-de-travail-dans-les-magasins-action.png","datePublished":"2024-12-12T00:15:00+00:00","description":"Cadences, turnover, accidents du travail\u2026 \"Compl\u00e9ment d'enqu\u00eate\" r\u00e9v\u00e8le les dessous des conditions de travail dans les magasins Action article de ACCIDENTDUTRAVAIL-IDF","breadcrumb":{"@id":"https:\/\/www.accidentdutravail-idf.net\/blog\/cadences-turnover-accidents-du-travail-complement-denquete-revele-les-dessous-des-conditions-de-travail-dans-les-magasins-action\/#breadcrumb"},"inLanguage":"fr-FR","potentialAction":[{"@type":"ReadAction","target":["https:\/\/www.accidentdutravail-idf.net\/blog\/cadences-turnover-accidents-du-travail-complement-denquete-revele-les-dessous-des-conditions-de-travail-dans-les-magasins-action\/"]}]},{"@type":"ImageObject","inLanguage":"fr-FR","@id":"https:\/\/www.accidentdutravail-idf.net\/blog\/cadences-turnover-accidents-du-travail-complement-denquete-revele-les-dessous-des-conditions-de-travail-dans-les-magasins-action\/#primaryimage","url":"https:\/\/www.accidentdutravail-idf.net\/blog\/wp-content\/uploads\/2024\/12\/cadences-turnover-accidents-du-travail-complement-denquete-revele-les-dessous-des-conditions-de-travail-dans-les-magasins-action.png","contentUrl":"https:\/\/www.accidentdutravail-idf.net\/blog\/wp-content\/uploads\/2024\/12\/cadences-turnover-accidents-du-travail-complement-denquete-revele-les-dessous-des-conditions-de-travail-dans-les-magasins-action.png"},{"@type":"BreadcrumbList","@id":"https:\/\/www.accidentdutravail-idf.net\/blog\/cadences-turnover-accidents-du-travail-complement-denquete-revele-les-dessous-des-conditions-de-travail-dans-les-magasins-action\/#breadcrumb","itemListElement":[{"@type":"ListItem","position":1,"name":"Accueil","item":"https:\/\/www.accidentdutravail-idf.net\/blog\/"},{"@type":"ListItem","position":2,"name":"Cadences, turnover, accidents du travail\u2026 \u00ab\u00a0Compl\u00e9ment d&rsquo;enqu\u00eate\u00a0\u00bb r\u00e9v\u00e8le les dessous des conditions de travail dans les magasins Action"}]},{"@type":"WebSite","@id":"https:\/\/www.accidentdutravail-idf.net\/blog\/#website","url":"https:\/\/www.accidentdutravail-idf.net\/blog\/","name":"ACCIDENTDUTRAVAIL-IDF","description":"Portail accidents du travail-maladies professionnelles des entreprises d&#039;Ile-de-France","publisher":{"@id":"https:\/\/www.accidentdutravail-idf.net\/blog\/#organization"},"potentialAction":[{"@type":"SearchAction","target":{"@type":"EntryPoint","urlTemplate":"https:\/\/www.accidentdutravail-idf.net\/blog\/?s={search_term_string}"},"query-input":{"@type":"PropertyValueSpecification","valueRequired":true,"valueName":"search_term_string"}}],"inLanguage":"fr-FR"},{"@type":"Organization","@id":"https:\/\/www.accidentdutravail-idf.net\/blog\/#organization","name":"accidentdutravail-idf","url":"https:\/\/www.accidentdutravail-idf.net\/blog\/","logo":{"@type":"ImageObject","inLanguage":"fr-FR","@id":"https:\/\/www.accidentdutravail-idf.net\/blog\/#\/schema\/logo\/image\/","url":"https:\/\/www.accidentdutravail-idf.net\/blog\/wp-content\/uploads\/2022\/09\/logo-2.png","contentUrl":"https:\/\/www.accidentdutravail-idf.net\/blog\/wp-content\/uploads\/2022\/09\/logo-2.png","width":380,"height":291,"caption":"accidentdutravail-idf"},"image":{"@id":"https:\/\/www.accidentdutravail-idf.net\/blog\/#\/schema\/logo\/image\/"}},{"@type":"Person","@id":"https:\/\/www.accidentdutravail-idf.net\/blog\/#\/schema\/person\/3255d2f970de45e64bd9201f38e7b947","name":"Carlos Poulain","image":{"@type":"ImageObject","inLanguage":"fr-FR","@id":"https:\/\/secure.gravatar.com\/avatar\/b1c2f9d3588e34e91adb093635df64ef4b2381991216be7576466cfcdca4baf3?s=96&d=mm&r=g","url":"https:\/\/secure.gravatar.com\/avatar\/b1c2f9d3588e34e91adb093635df64ef4b2381991216be7576466cfcdca4baf3?s=96&d=mm&r=g","contentUrl":"https:\/\/secure.gravatar.com\/avatar\/b1c2f9d3588e34e91adb093635df64ef4b2381991216be7576466cfcdca4baf3?s=96&d=mm&r=g","caption":"Carlos Poulain"},"url":"https:\/\/www.accidentdutravail-idf.net\/blog\/author\/idfcarlos\/"}]}},"_links":{"self":[{"href":"https:\/\/www.accidentdutravail-idf.net\/blog\/wp-json\/wp\/v2\/posts\/1082","targetHints":{"allow":["GET"]}}],"collection":[{"href":"https:\/\/www.accidentdutravail-idf.net\/blog\/wp-json\/wp\/v2\/posts"}],"about":[{"href":"https:\/\/www.accidentdutravail-idf.net\/blog\/wp-json\/wp\/v2\/types\/post"}],"author":[{"embeddable":true,"href":"https:\/\/www.accidentdutravail-idf.net\/blog\/wp-json\/wp\/v2\/users\/2"}],"replies":[{"embeddable":true,"href":"https:\/\/www.accidentdutravail-idf.net\/blog\/wp-json\/wp\/v2\/comments?post=1082"}],"version-history":[{"count":0,"href":"https:\/\/www.accidentdutravail-idf.net\/blog\/wp-json\/wp\/v2\/posts\/1082\/revisions"}],"wp:attachment":[{"href":"https:\/\/www.accidentdutravail-idf.net\/blog\/wp-json\/wp\/v2\/media?parent=1082"}],"wp:term":[{"taxonomy":"category","embeddable":true,"href":"https:\/\/www.accidentdutravail-idf.net\/blog\/wp-json\/wp\/v2\/categories?post=1082"},{"taxonomy":"post_tag","embeddable":true,"href":"https:\/\/www.accidentdutravail-idf.net\/blog\/wp-json\/wp\/v2\/tags?post=1082"}],"curies":[{"name":"wp","href":"https:\/\/api.w.org\/{rel}","templated":true}]}}