{"id":1075,"date":"2024-12-10T06:30:00","date_gmt":"2024-12-10T05:30:00","guid":{"rendered":"https:\/\/www.accidentdutravail-idf.net\/blog\/dix-ans-apres-des-preuves-contestees-par-air-mauritius-maintenues-au-proces\/"},"modified":"2024-12-10T06:30:00","modified_gmt":"2024-12-10T05:30:00","slug":"dix-ans-apres-des-preuves-contestees-par-air-mauritius-maintenues-au-proces","status":"publish","type":"post","link":"https:\/\/www.accidentdutravail-idf.net\/blog\/dix-ans-apres-des-preuves-contestees-par-air-mauritius-maintenues-au-proces\/","title":{"rendered":"Dix ans apr\u00e8s : des preuves contest\u00e9es par Air Mauritius maintenues au proc\u00e8s"},"content":{"rendered":"<div><img decoding=\"async\" src=\"https:\/\/www.accidentdutravail-idf.net\/blog\/wp-content\/uploads\/2024\/12\/dix-ans-apres-des-preuves-contestees-par-air-mauritius-maintenues-au-proces.jpg\" class=\"ff-og-image-inserted\"><\/div>\n<p>Anand Seerkissoon s\u2019\u00e9tait fractur\u00e9 l\u2019avant-bras droit apr\u00e8s une chute dans les toilettes de l\u2019ancien terminal.<\/p>\n<div>\n<p>Dans une affaire qui remonte au 17 juin 2015, Air Mauritius (MK) est accus\u00e9e de plusieurs infractions \u00e0 l\u2019<em>Occupational Safety and Health Act<\/em> 2005. Ces accusations font suite \u00e0 un accident survenu dans le b\u00e2timent de l\u2019ancien terminal de l\u2019a\u00e9roport, o\u00f9 un employ\u00e9, Anand Seerkissoon, s\u2019\u00e9tait fractur\u00e9 l\u2019avant-bras droit apr\u00e8s avoir gliss\u00e9 et heurt\u00e9 une structure en b\u00e9ton dans les toilettes. L\u2019audience a r\u00e9v\u00e9l\u00e9 des \u00e9changes complexes entre la d\u00e9fense et l\u2019accusation concernant la recevabilit\u00e9 de certaines preuves, notamment des courriels dat\u00e9s de 2013 qui, selon la compagnie, constituent des ou\u00ef-dire et ne sont pas pertinents pour l\u2019affaire en question. La magistrate Sheila Bonomally, si\u00e9geant en cour industrielle, a rejet\u00e9 la motion de la d\u00e9fense visant \u00e0 supprimer ces \u00e9l\u00e9ments, estimant qu\u2019il \u00e9tait pr\u00e9matur\u00e9 de juger de leur pertinence avant le contre-interrogatoire de l\u2019enqu\u00eateur principal. Elle a soulign\u00e9 que la possibilit\u00e9 d\u2019ajouter de nouveaux t\u00e9moins demeurait ouverte pour l\u2019accusation. L\u2019affaire reprendra le 16 d\u00e9cembre pour fixer les dates du proc\u00e8s.<\/p>\n<p>Air Mauritius est accus\u00e9e de ne pas avoir assur\u00e9, dans la mesure du raisonnable, la s\u00e9curit\u00e9 et la sant\u00e9 de ses employ\u00e9s, de ne pas avoir notifi\u00e9 rapidement le directeur de la s\u00e9curit\u00e9 et de la sant\u00e9 au travail de l\u2019accident, et de ne pas avoir soumis le rapport requis dans un d\u00e9lai de sept jours, comme l\u2019exige la loi. Repr\u00e9sent\u00e9e par son <em>Health and Safety Officer<\/em>, Jackdeep Jhurry, la compagnie a plaid\u00e9 non coupable \u00e0 toutes les accusations. Les avocats de MK ont contest\u00e9 la recevabilit\u00e9 de certaines preuves, notamment des courriels dat\u00e9s de 2013 qui, selon eux, constituaient des ou\u00ef-dire et n\u2019\u00e9taient pas pertinents pour l\u2019affaire en question. Les avocats de MK ont argu\u00e9 que l\u2019inclusion de ces courriels dans le dossier porterait atteinte \u00e0 l\u2019\u00e9quit\u00e9 du proc\u00e8s, car ils ne provenaient pas de t\u00e9moins appel\u00e9s \u00e0 t\u00e9moigner. Toutefois, les avocats de la poursuite ont soutenu que ces \u00e9l\u00e9ments, bien que pr\u00e9judiciables, avaient \u00e9t\u00e9 volontairement fournis par le repr\u00e9sentant de la compagnie lors de l\u2019enqu\u00eate m\u00eame.<\/p>\n<p>La magistrate Bonomally a rejet\u00e9 la motion de la d\u00e9fense visant \u00e0 supprimer ces \u00e9l\u00e9ments, estimant qu\u2019il \u00e9tait pr\u00e9matur\u00e9 de juger de leur pertinence avant le contre-interrogatoire de l\u2019enqu\u00eateur principal. <em>\u00abThe present case is not one where there is a trial with a jury and it will be only at the level of crossexamination of the enquiring officer that it will become apparent whether those aforesaid names purporting to alleged contracts can be linked to the accused thereby having a bearing on the charges for which the accused is facing trial. Then only, the prosecution will be able to take a decision as to whether to amend the list of witnesses in order to add those names, given that the prosecution has the carriage of proceedings, so that it would be misconceived to invoke at face value the fact that those persons not appearing on the list of witnesses of the prosecution would mean that the latter intends to rely on hearsay evidence\u00bb<\/em>, a soulign\u00e9 la magistrate Bonomally dans le jugement.<\/p>\n<p> <!-- Taboola --> <!-- Taboola ends --> <!-- Disqus --> <!-- Disqus ends --> <\/div>\n<p>accidentdutravail-idf.net vous a pr\u00e9par\u00e9 ce post qui informe du sujet \u00ab\u00a0Association Sportive Huisson-Longueville Essonne\u00a0\u00bb. La chronique se veut g\u00e9n\u00e9r\u00e9e du mieux possible. Vous pouvez utiliser les coordonn\u00e9es indiqu\u00e9es sur le site dans le but d\u2019apporter des explications sur ce post qui parle du th\u00e8me \u00ab\u00a0Association Sportive Huisson-Longueville Essonne\u00a0\u00bb. Le site accidentdutravail-idf.net a pour but de fournir diverses publications sur la th\u00e9matique Association Sportive Huisson-Longueville Essonne diffus\u00e9es sur le net. Il y aura plusieurs articles autour du sujet \u00ab\u00a0Association Sportive Huisson-Longueville Essonne\u00a0\u00bb dans quelques jours, nous vous invitons \u00e0 naviguer sur notre site web \u00e0 plusieurs reprises.<\/p>\n","protected":false},"excerpt":{"rendered":"<p>Anand Seerkissoon s\u2019\u00e9tait fractur\u00e9 l\u2019avant-bras droit apr\u00e8s une chute dans les toilettes de l\u2019ancien terminal. Dans une affaire qui remonte au 17 juin 2015, Air Mauritius (MK) est accus\u00e9e de plusieurs infractions \u00e0 l\u2019Occupational Safety and Health Act 2005. Ces accusations font suite \u00e0 un accident survenu dans le b\u00e2timent de l\u2019ancien terminal de l\u2019a\u00e9roport, &hellip; <\/p>\n<p class=\"link-more\"><a href=\"https:\/\/www.accidentdutravail-idf.net\/blog\/dix-ans-apres-des-preuves-contestees-par-air-mauritius-maintenues-au-proces\/\" class=\"more-link\">Continuer la lecture <span class=\"screen-reader-text\"> \u00ab\u00a0Dix ans apr\u00e8s : des preuves contest\u00e9es par Air Mauritius maintenues au proc\u00e8s\u00a0\u00bb<\/span><\/a><\/p>\n","protected":false},"author":2,"featured_media":0,"comment_status":"closed","ping_status":"closed","sticky":false,"template":"","format":"standard","meta":{"footnotes":""},"categories":[5],"tags":[],"class_list":["post-1075","post","type-post","status-publish","format-standard","hentry","category-securite-du-travail-en-ile-de-france-et-divers","entry"],"yoast_head":"<!-- This site is optimized with the Yoast SEO plugin v27.5 - https:\/\/yoast.com\/product\/yoast-seo-wordpress\/ -->\n<title>Dix ans apr\u00e8s : des preuves contest\u00e9es par Air Mauritius maintenues au proc\u00e8s - ACCIDENTDUTRAVAIL-IDF<\/title>\n<meta name=\"description\" content=\"Dix ans apr\u00e8s : des preuves contest\u00e9es par Air Mauritius maintenues au proc\u00e8s article de ACCIDENTDUTRAVAIL-IDF\" \/>\n<meta name=\"robots\" content=\"index, follow, max-snippet:-1, max-image-preview:large, max-video-preview:-1\" \/>\n<link rel=\"canonical\" href=\"https:\/\/www.accidentdutravail-idf.net\/blog\/dix-ans-apres-des-preuves-contestees-par-air-mauritius-maintenues-au-proces\/\" \/>\n<meta property=\"og:locale\" content=\"fr_FR\" \/>\n<meta property=\"og:type\" content=\"article\" \/>\n<meta property=\"og:title\" content=\"Dix ans apr\u00e8s : des preuves contest\u00e9es par Air Mauritius maintenues au proc\u00e8s - ACCIDENTDUTRAVAIL-IDF\" \/>\n<meta property=\"og:description\" content=\"Dix ans apr\u00e8s : des preuves contest\u00e9es par Air Mauritius maintenues au proc\u00e8s article de ACCIDENTDUTRAVAIL-IDF\" \/>\n<meta property=\"og:url\" content=\"https:\/\/www.accidentdutravail-idf.net\/blog\/dix-ans-apres-des-preuves-contestees-par-air-mauritius-maintenues-au-proces\/\" \/>\n<meta property=\"og:site_name\" content=\"ACCIDENTDUTRAVAIL-IDF\" \/>\n<meta property=\"article:published_time\" content=\"2024-12-10T05:30:00+00:00\" \/>\n<meta property=\"og:image\" content=\"https:\/\/www.accidentdutravail-idf.net\/blog\/wp-content\/uploads\/2024\/12\/dix-ans-apres-des-preuves-contestees-par-air-mauritius-maintenues-au-proces.jpg\" \/>\n<meta name=\"author\" content=\"Carlos Poulain\" \/>\n<meta name=\"twitter:card\" content=\"summary_large_image\" \/>\n<meta name=\"twitter:label1\" content=\"\u00c9crit par\" \/>\n\t<meta name=\"twitter:data1\" content=\"Carlos Poulain\" \/>\n\t<meta name=\"twitter:label2\" content=\"Dur\u00e9e de lecture estim\u00e9e\" \/>\n\t<meta name=\"twitter:data2\" content=\"3 minutes\" \/>\n<script type=\"application\/ld+json\" class=\"yoast-schema-graph\">{\"@context\":\"https:\\\/\\\/schema.org\",\"@graph\":[{\"@type\":\"Article\",\"@id\":\"https:\\\/\\\/www.accidentdutravail-idf.net\\\/blog\\\/dix-ans-apres-des-preuves-contestees-par-air-mauritius-maintenues-au-proces\\\/#article\",\"isPartOf\":{\"@id\":\"https:\\\/\\\/www.accidentdutravail-idf.net\\\/blog\\\/dix-ans-apres-des-preuves-contestees-par-air-mauritius-maintenues-au-proces\\\/\"},\"author\":{\"name\":\"Carlos Poulain\",\"@id\":\"https:\\\/\\\/www.accidentdutravail-idf.net\\\/blog\\\/#\\\/schema\\\/person\\\/3255d2f970de45e64bd9201f38e7b947\"},\"headline\":\"Dix ans apr\u00e8s : des preuves contest\u00e9es par Air Mauritius maintenues au proc\u00e8s\",\"datePublished\":\"2024-12-10T05:30:00+00:00\",\"mainEntityOfPage\":{\"@id\":\"https:\\\/\\\/www.accidentdutravail-idf.net\\\/blog\\\/dix-ans-apres-des-preuves-contestees-par-air-mauritius-maintenues-au-proces\\\/\"},\"wordCount\":688,\"publisher\":{\"@id\":\"https:\\\/\\\/www.accidentdutravail-idf.net\\\/blog\\\/#organization\"},\"image\":{\"@id\":\"https:\\\/\\\/www.accidentdutravail-idf.net\\\/blog\\\/dix-ans-apres-des-preuves-contestees-par-air-mauritius-maintenues-au-proces\\\/#primaryimage\"},\"thumbnailUrl\":\"https:\\\/\\\/www.accidentdutravail-idf.net\\\/blog\\\/wp-content\\\/uploads\\\/2024\\\/12\\\/dix-ans-apres-des-preuves-contestees-par-air-mauritius-maintenues-au-proces.jpg\",\"articleSection\":[\"S\u00e9curit\u00e9 Du Travail En Ile-De-France Et Divers:\"],\"inLanguage\":\"fr-FR\"},{\"@type\":\"WebPage\",\"@id\":\"https:\\\/\\\/www.accidentdutravail-idf.net\\\/blog\\\/dix-ans-apres-des-preuves-contestees-par-air-mauritius-maintenues-au-proces\\\/\",\"url\":\"https:\\\/\\\/www.accidentdutravail-idf.net\\\/blog\\\/dix-ans-apres-des-preuves-contestees-par-air-mauritius-maintenues-au-proces\\\/\",\"name\":\"Dix ans apr\u00e8s : des preuves contest\u00e9es par Air Mauritius maintenues au proc\u00e8s - ACCIDENTDUTRAVAIL-IDF\",\"isPartOf\":{\"@id\":\"https:\\\/\\\/www.accidentdutravail-idf.net\\\/blog\\\/#website\"},\"primaryImageOfPage\":{\"@id\":\"https:\\\/\\\/www.accidentdutravail-idf.net\\\/blog\\\/dix-ans-apres-des-preuves-contestees-par-air-mauritius-maintenues-au-proces\\\/#primaryimage\"},\"image\":{\"@id\":\"https:\\\/\\\/www.accidentdutravail-idf.net\\\/blog\\\/dix-ans-apres-des-preuves-contestees-par-air-mauritius-maintenues-au-proces\\\/#primaryimage\"},\"thumbnailUrl\":\"https:\\\/\\\/www.accidentdutravail-idf.net\\\/blog\\\/wp-content\\\/uploads\\\/2024\\\/12\\\/dix-ans-apres-des-preuves-contestees-par-air-mauritius-maintenues-au-proces.jpg\",\"datePublished\":\"2024-12-10T05:30:00+00:00\",\"description\":\"Dix ans apr\u00e8s : des preuves contest\u00e9es par Air Mauritius maintenues au proc\u00e8s article de ACCIDENTDUTRAVAIL-IDF\",\"breadcrumb\":{\"@id\":\"https:\\\/\\\/www.accidentdutravail-idf.net\\\/blog\\\/dix-ans-apres-des-preuves-contestees-par-air-mauritius-maintenues-au-proces\\\/#breadcrumb\"},\"inLanguage\":\"fr-FR\",\"potentialAction\":[{\"@type\":\"ReadAction\",\"target\":[\"https:\\\/\\\/www.accidentdutravail-idf.net\\\/blog\\\/dix-ans-apres-des-preuves-contestees-par-air-mauritius-maintenues-au-proces\\\/\"]}]},{\"@type\":\"ImageObject\",\"inLanguage\":\"fr-FR\",\"@id\":\"https:\\\/\\\/www.accidentdutravail-idf.net\\\/blog\\\/dix-ans-apres-des-preuves-contestees-par-air-mauritius-maintenues-au-proces\\\/#primaryimage\",\"url\":\"https:\\\/\\\/www.accidentdutravail-idf.net\\\/blog\\\/wp-content\\\/uploads\\\/2024\\\/12\\\/dix-ans-apres-des-preuves-contestees-par-air-mauritius-maintenues-au-proces.jpg\",\"contentUrl\":\"https:\\\/\\\/www.accidentdutravail-idf.net\\\/blog\\\/wp-content\\\/uploads\\\/2024\\\/12\\\/dix-ans-apres-des-preuves-contestees-par-air-mauritius-maintenues-au-proces.jpg\"},{\"@type\":\"BreadcrumbList\",\"@id\":\"https:\\\/\\\/www.accidentdutravail-idf.net\\\/blog\\\/dix-ans-apres-des-preuves-contestees-par-air-mauritius-maintenues-au-proces\\\/#breadcrumb\",\"itemListElement\":[{\"@type\":\"ListItem\",\"position\":1,\"name\":\"Accueil\",\"item\":\"https:\\\/\\\/www.accidentdutravail-idf.net\\\/blog\\\/\"},{\"@type\":\"ListItem\",\"position\":2,\"name\":\"Dix ans apr\u00e8s : des preuves contest\u00e9es par Air Mauritius maintenues au proc\u00e8s\"}]},{\"@type\":\"WebSite\",\"@id\":\"https:\\\/\\\/www.accidentdutravail-idf.net\\\/blog\\\/#website\",\"url\":\"https:\\\/\\\/www.accidentdutravail-idf.net\\\/blog\\\/\",\"name\":\"ACCIDENTDUTRAVAIL-IDF\",\"description\":\"Portail accidents du travail-maladies professionnelles des entreprises d&#039;Ile-de-France\",\"publisher\":{\"@id\":\"https:\\\/\\\/www.accidentdutravail-idf.net\\\/blog\\\/#organization\"},\"potentialAction\":[{\"@type\":\"SearchAction\",\"target\":{\"@type\":\"EntryPoint\",\"urlTemplate\":\"https:\\\/\\\/www.accidentdutravail-idf.net\\\/blog\\\/?s={search_term_string}\"},\"query-input\":{\"@type\":\"PropertyValueSpecification\",\"valueRequired\":true,\"valueName\":\"search_term_string\"}}],\"inLanguage\":\"fr-FR\"},{\"@type\":\"Organization\",\"@id\":\"https:\\\/\\\/www.accidentdutravail-idf.net\\\/blog\\\/#organization\",\"name\":\"accidentdutravail-idf\",\"url\":\"https:\\\/\\\/www.accidentdutravail-idf.net\\\/blog\\\/\",\"logo\":{\"@type\":\"ImageObject\",\"inLanguage\":\"fr-FR\",\"@id\":\"https:\\\/\\\/www.accidentdutravail-idf.net\\\/blog\\\/#\\\/schema\\\/logo\\\/image\\\/\",\"url\":\"https:\\\/\\\/www.accidentdutravail-idf.net\\\/blog\\\/wp-content\\\/uploads\\\/2022\\\/09\\\/logo-2.png\",\"contentUrl\":\"https:\\\/\\\/www.accidentdutravail-idf.net\\\/blog\\\/wp-content\\\/uploads\\\/2022\\\/09\\\/logo-2.png\",\"width\":380,\"height\":291,\"caption\":\"accidentdutravail-idf\"},\"image\":{\"@id\":\"https:\\\/\\\/www.accidentdutravail-idf.net\\\/blog\\\/#\\\/schema\\\/logo\\\/image\\\/\"}},{\"@type\":\"Person\",\"@id\":\"https:\\\/\\\/www.accidentdutravail-idf.net\\\/blog\\\/#\\\/schema\\\/person\\\/3255d2f970de45e64bd9201f38e7b947\",\"name\":\"Carlos Poulain\",\"image\":{\"@type\":\"ImageObject\",\"inLanguage\":\"fr-FR\",\"@id\":\"https:\\\/\\\/secure.gravatar.com\\\/avatar\\\/b1c2f9d3588e34e91adb093635df64ef4b2381991216be7576466cfcdca4baf3?s=96&d=mm&r=g\",\"url\":\"https:\\\/\\\/secure.gravatar.com\\\/avatar\\\/b1c2f9d3588e34e91adb093635df64ef4b2381991216be7576466cfcdca4baf3?s=96&d=mm&r=g\",\"contentUrl\":\"https:\\\/\\\/secure.gravatar.com\\\/avatar\\\/b1c2f9d3588e34e91adb093635df64ef4b2381991216be7576466cfcdca4baf3?s=96&d=mm&r=g\",\"caption\":\"Carlos Poulain\"},\"url\":\"https:\\\/\\\/www.accidentdutravail-idf.net\\\/blog\\\/author\\\/idfcarlos\\\/\"}]}<\/script>\n<!-- \/ Yoast SEO plugin. -->","yoast_head_json":{"title":"Dix ans apr\u00e8s : des preuves contest\u00e9es par Air Mauritius maintenues au proc\u00e8s - ACCIDENTDUTRAVAIL-IDF","description":"Dix ans apr\u00e8s : des preuves contest\u00e9es par Air Mauritius maintenues au proc\u00e8s article de ACCIDENTDUTRAVAIL-IDF","robots":{"index":"index","follow":"follow","max-snippet":"max-snippet:-1","max-image-preview":"max-image-preview:large","max-video-preview":"max-video-preview:-1"},"canonical":"https:\/\/www.accidentdutravail-idf.net\/blog\/dix-ans-apres-des-preuves-contestees-par-air-mauritius-maintenues-au-proces\/","og_locale":"fr_FR","og_type":"article","og_title":"Dix ans apr\u00e8s : des preuves contest\u00e9es par Air Mauritius maintenues au proc\u00e8s - ACCIDENTDUTRAVAIL-IDF","og_description":"Dix ans apr\u00e8s : des preuves contest\u00e9es par Air Mauritius maintenues au proc\u00e8s article de ACCIDENTDUTRAVAIL-IDF","og_url":"https:\/\/www.accidentdutravail-idf.net\/blog\/dix-ans-apres-des-preuves-contestees-par-air-mauritius-maintenues-au-proces\/","og_site_name":"ACCIDENTDUTRAVAIL-IDF","article_published_time":"2024-12-10T05:30:00+00:00","og_image":[{"url":"https:\/\/www.accidentdutravail-idf.net\/blog\/wp-content\/uploads\/2024\/12\/dix-ans-apres-des-preuves-contestees-par-air-mauritius-maintenues-au-proces.jpg","type":"","width":"","height":""}],"author":"Carlos Poulain","twitter_card":"summary_large_image","twitter_misc":{"\u00c9crit par":"Carlos Poulain","Dur\u00e9e de lecture estim\u00e9e":"3 minutes"},"schema":{"@context":"https:\/\/schema.org","@graph":[{"@type":"Article","@id":"https:\/\/www.accidentdutravail-idf.net\/blog\/dix-ans-apres-des-preuves-contestees-par-air-mauritius-maintenues-au-proces\/#article","isPartOf":{"@id":"https:\/\/www.accidentdutravail-idf.net\/blog\/dix-ans-apres-des-preuves-contestees-par-air-mauritius-maintenues-au-proces\/"},"author":{"name":"Carlos Poulain","@id":"https:\/\/www.accidentdutravail-idf.net\/blog\/#\/schema\/person\/3255d2f970de45e64bd9201f38e7b947"},"headline":"Dix ans apr\u00e8s : des preuves contest\u00e9es par Air Mauritius maintenues au proc\u00e8s","datePublished":"2024-12-10T05:30:00+00:00","mainEntityOfPage":{"@id":"https:\/\/www.accidentdutravail-idf.net\/blog\/dix-ans-apres-des-preuves-contestees-par-air-mauritius-maintenues-au-proces\/"},"wordCount":688,"publisher":{"@id":"https:\/\/www.accidentdutravail-idf.net\/blog\/#organization"},"image":{"@id":"https:\/\/www.accidentdutravail-idf.net\/blog\/dix-ans-apres-des-preuves-contestees-par-air-mauritius-maintenues-au-proces\/#primaryimage"},"thumbnailUrl":"https:\/\/www.accidentdutravail-idf.net\/blog\/wp-content\/uploads\/2024\/12\/dix-ans-apres-des-preuves-contestees-par-air-mauritius-maintenues-au-proces.jpg","articleSection":["S\u00e9curit\u00e9 Du Travail En Ile-De-France Et Divers:"],"inLanguage":"fr-FR"},{"@type":"WebPage","@id":"https:\/\/www.accidentdutravail-idf.net\/blog\/dix-ans-apres-des-preuves-contestees-par-air-mauritius-maintenues-au-proces\/","url":"https:\/\/www.accidentdutravail-idf.net\/blog\/dix-ans-apres-des-preuves-contestees-par-air-mauritius-maintenues-au-proces\/","name":"Dix ans apr\u00e8s : des preuves contest\u00e9es par Air Mauritius maintenues au proc\u00e8s - ACCIDENTDUTRAVAIL-IDF","isPartOf":{"@id":"https:\/\/www.accidentdutravail-idf.net\/blog\/#website"},"primaryImageOfPage":{"@id":"https:\/\/www.accidentdutravail-idf.net\/blog\/dix-ans-apres-des-preuves-contestees-par-air-mauritius-maintenues-au-proces\/#primaryimage"},"image":{"@id":"https:\/\/www.accidentdutravail-idf.net\/blog\/dix-ans-apres-des-preuves-contestees-par-air-mauritius-maintenues-au-proces\/#primaryimage"},"thumbnailUrl":"https:\/\/www.accidentdutravail-idf.net\/blog\/wp-content\/uploads\/2024\/12\/dix-ans-apres-des-preuves-contestees-par-air-mauritius-maintenues-au-proces.jpg","datePublished":"2024-12-10T05:30:00+00:00","description":"Dix ans apr\u00e8s : des preuves contest\u00e9es par Air Mauritius maintenues au proc\u00e8s article de ACCIDENTDUTRAVAIL-IDF","breadcrumb":{"@id":"https:\/\/www.accidentdutravail-idf.net\/blog\/dix-ans-apres-des-preuves-contestees-par-air-mauritius-maintenues-au-proces\/#breadcrumb"},"inLanguage":"fr-FR","potentialAction":[{"@type":"ReadAction","target":["https:\/\/www.accidentdutravail-idf.net\/blog\/dix-ans-apres-des-preuves-contestees-par-air-mauritius-maintenues-au-proces\/"]}]},{"@type":"ImageObject","inLanguage":"fr-FR","@id":"https:\/\/www.accidentdutravail-idf.net\/blog\/dix-ans-apres-des-preuves-contestees-par-air-mauritius-maintenues-au-proces\/#primaryimage","url":"https:\/\/www.accidentdutravail-idf.net\/blog\/wp-content\/uploads\/2024\/12\/dix-ans-apres-des-preuves-contestees-par-air-mauritius-maintenues-au-proces.jpg","contentUrl":"https:\/\/www.accidentdutravail-idf.net\/blog\/wp-content\/uploads\/2024\/12\/dix-ans-apres-des-preuves-contestees-par-air-mauritius-maintenues-au-proces.jpg"},{"@type":"BreadcrumbList","@id":"https:\/\/www.accidentdutravail-idf.net\/blog\/dix-ans-apres-des-preuves-contestees-par-air-mauritius-maintenues-au-proces\/#breadcrumb","itemListElement":[{"@type":"ListItem","position":1,"name":"Accueil","item":"https:\/\/www.accidentdutravail-idf.net\/blog\/"},{"@type":"ListItem","position":2,"name":"Dix ans apr\u00e8s : des preuves contest\u00e9es par Air Mauritius maintenues au proc\u00e8s"}]},{"@type":"WebSite","@id":"https:\/\/www.accidentdutravail-idf.net\/blog\/#website","url":"https:\/\/www.accidentdutravail-idf.net\/blog\/","name":"ACCIDENTDUTRAVAIL-IDF","description":"Portail accidents du travail-maladies professionnelles des entreprises d&#039;Ile-de-France","publisher":{"@id":"https:\/\/www.accidentdutravail-idf.net\/blog\/#organization"},"potentialAction":[{"@type":"SearchAction","target":{"@type":"EntryPoint","urlTemplate":"https:\/\/www.accidentdutravail-idf.net\/blog\/?s={search_term_string}"},"query-input":{"@type":"PropertyValueSpecification","valueRequired":true,"valueName":"search_term_string"}}],"inLanguage":"fr-FR"},{"@type":"Organization","@id":"https:\/\/www.accidentdutravail-idf.net\/blog\/#organization","name":"accidentdutravail-idf","url":"https:\/\/www.accidentdutravail-idf.net\/blog\/","logo":{"@type":"ImageObject","inLanguage":"fr-FR","@id":"https:\/\/www.accidentdutravail-idf.net\/blog\/#\/schema\/logo\/image\/","url":"https:\/\/www.accidentdutravail-idf.net\/blog\/wp-content\/uploads\/2022\/09\/logo-2.png","contentUrl":"https:\/\/www.accidentdutravail-idf.net\/blog\/wp-content\/uploads\/2022\/09\/logo-2.png","width":380,"height":291,"caption":"accidentdutravail-idf"},"image":{"@id":"https:\/\/www.accidentdutravail-idf.net\/blog\/#\/schema\/logo\/image\/"}},{"@type":"Person","@id":"https:\/\/www.accidentdutravail-idf.net\/blog\/#\/schema\/person\/3255d2f970de45e64bd9201f38e7b947","name":"Carlos Poulain","image":{"@type":"ImageObject","inLanguage":"fr-FR","@id":"https:\/\/secure.gravatar.com\/avatar\/b1c2f9d3588e34e91adb093635df64ef4b2381991216be7576466cfcdca4baf3?s=96&d=mm&r=g","url":"https:\/\/secure.gravatar.com\/avatar\/b1c2f9d3588e34e91adb093635df64ef4b2381991216be7576466cfcdca4baf3?s=96&d=mm&r=g","contentUrl":"https:\/\/secure.gravatar.com\/avatar\/b1c2f9d3588e34e91adb093635df64ef4b2381991216be7576466cfcdca4baf3?s=96&d=mm&r=g","caption":"Carlos Poulain"},"url":"https:\/\/www.accidentdutravail-idf.net\/blog\/author\/idfcarlos\/"}]}},"_links":{"self":[{"href":"https:\/\/www.accidentdutravail-idf.net\/blog\/wp-json\/wp\/v2\/posts\/1075","targetHints":{"allow":["GET"]}}],"collection":[{"href":"https:\/\/www.accidentdutravail-idf.net\/blog\/wp-json\/wp\/v2\/posts"}],"about":[{"href":"https:\/\/www.accidentdutravail-idf.net\/blog\/wp-json\/wp\/v2\/types\/post"}],"author":[{"embeddable":true,"href":"https:\/\/www.accidentdutravail-idf.net\/blog\/wp-json\/wp\/v2\/users\/2"}],"replies":[{"embeddable":true,"href":"https:\/\/www.accidentdutravail-idf.net\/blog\/wp-json\/wp\/v2\/comments?post=1075"}],"version-history":[{"count":0,"href":"https:\/\/www.accidentdutravail-idf.net\/blog\/wp-json\/wp\/v2\/posts\/1075\/revisions"}],"wp:attachment":[{"href":"https:\/\/www.accidentdutravail-idf.net\/blog\/wp-json\/wp\/v2\/media?parent=1075"}],"wp:term":[{"taxonomy":"category","embeddable":true,"href":"https:\/\/www.accidentdutravail-idf.net\/blog\/wp-json\/wp\/v2\/categories?post=1075"},{"taxonomy":"post_tag","embeddable":true,"href":"https:\/\/www.accidentdutravail-idf.net\/blog\/wp-json\/wp\/v2\/tags?post=1075"}],"curies":[{"name":"wp","href":"https:\/\/api.w.org\/{rel}","templated":true}]}}